{"id":44338,"date":"2019-11-11T09:58:16","date_gmt":"2019-11-11T11:58:16","guid":{"rendered":"https:\/\/www.suno.com.br\/noticias\/?p=44338"},"modified":"2019-11-11T10:00:04","modified_gmt":"2019-11-11T12:00:04","slug":"boletim-focus-eleva-previsao-do-ipca-para-2019","status":"publish","type":"post","link":"https:\/\/www.suno.com.br\/noticias\/boletim-focus-eleva-previsao-do-ipca-para-2019\/","title":{"rendered":"Boletim Focus eleva previs\u00e3o do IPCA para 2019"},"content":{"rendered":"<p>Os especialistas das 100 principais institui\u00e7\u00f5es financeiras do mercado brasileiro, que fazem parte da elabora\u00e7\u00e3o do <a href=\"https:\/\/www.suno.com.br\/artigos\/relatorio-focus\/\">Boletim Focus<\/a>, alteraram a previs\u00e3o para o <a href=\"https:\/\/www.suno.com.br\/artigos\/ipca\/\">\u00cdndice de Pre\u00e7os ao Consumidor Amplo (IPCA)<\/a> deste ano.<\/p>\t<div class=\"wrapper-featured-image\">\n\t\t<figure class=\"spotlightImg\">\n\n\t\t\t<picture>\n\t\t\t\t<source media=\"(max-width: 768px)\" srcset=\"https:\/\/files.sunoresearch.com.br\/n\/uploads\/2018\/10\/61b25aa1-boletim-focus-1-400x200.webp\">\n\t\t\t\t<img loading=\"lazy\" decoding=\"async\" class=\"newsContent__article__imgCapa lazyloadDisabled newsContent__article__imgCapa--noCaption\" src=\"https:\/\/files.sunoresearch.com.br\/n\/uploads\/2018\/10\/61b25aa1-boletim-focus-1-800x450.webp\" width=\"800\" height=\"450\" alt=\"Boletim Focus eleva previs\u00e3o do IPCA para 2019\" fetchpriority=high \/>\n\t\t\t<\/picture>\n\n\t\t\t<figcaption class=\"wp-caption-text wp-caption-text--hide\">O Boletim Focus, divulgado nesta segunda-feira (26), voltou a elevar a expectativa pela infla\u00e7\u00e3o deste ano. <\/figcaption>\n\t\t<\/figure>\n\t<\/div>\n\n\n\n<p>De acordo com o <strong>Boletim Focus<\/strong> divulgado nesta segunda-feira (11), a <a href=\"https:\/\/www.suno.com.br\/artigos\/inflacao\/\">infla\u00e7\u00e3o<\/a> dever\u00e1 ser de 3,31%, frente a 3,29% divulgado na semana passada. H\u00e1 quatro semanas, a estimativa era de 3,28%, mostrando certa estabilidade.<\/p>\n<p>Quanto \u00e0 previs\u00e3o da <a href=\"https:\/\/www.suno.com.br\/artigos\/taxa-selic\/\">taxa b\u00e1sica de juros (Selic)<\/a>, os economistas ouvidos pelo <a href=\"https:\/\/www.suno.com.br\/artigos\/bacen\/\"><strong>Banco Central (BC)<\/strong><\/a> mantiveram sua estimativa da semana passada. A taxa esperada \u00e9 de 4,50% ao fim de 2019. H\u00e1 quatro semanas, a previs\u00e3o era de 4,75%. Vale ressaltar que atualmente a taxa se encontra em 5%.<\/p>\n<p>Sobre o <a href=\"https:\/\/www.suno.com.br\/artigos\/pib-produto-interno-bruto\/\"><strong>Produto Interno Bruto (PIB)<\/strong><\/a>, o Boletim Focus desta segunda-feira mant\u00e9m a previs\u00e3o de crescimento da economia de 0,92% ao final deste ano, assim como na semana passada. Quatro semanas atr\u00e1s, a previs\u00e3o era um pouco menor, de 0,87%.<\/p>\n<p><a href=\"https:\/\/www.suno.com.br\/noticias\/crescimento-lento-diz-neto\/\">Confira: Crescimento do PIB ser\u00e1 mais lento e sadio, diz Campos Neto<\/a><\/p>\n<p>No in\u00edcio deste ano, os analistas indicavam um crescimento de 2,6% da economia brasileira em 2019. J\u00e1 a previs\u00e3o de crescimento da economia brasileira para 2020 foi elevada para 2,08%.<\/p>\n<p>Para 2021 e 2022 as previs\u00f5es do Produto Interno Bruto foram mantidas em 2,50%.<\/p>\n<h2>Taxa de juros em 2019<\/h2>\n<p>Os analistas permaneceram com a indica\u00e7\u00e3o de que a Selic pode cair para 4,50% neste ano. Atualmente, a taxa b\u00e1sica de juros do Brasil est\u00e1 em 5%.<\/p>\n<p>Para o ano que vem, os analistas n\u00e3o mudaram, pela segunda semana seguida, a previs\u00e3o da taxa em rela\u00e7\u00e3o a \u00faltima semana, de 4,50% ao ano. Al\u00e9m disso, segundo os especialistas, em 2021 a taxa deve ser de 6,0%.<\/p>\n<h2>Infla\u00e7\u00e3o levemente elevada<\/h2>\n<p>Mesmo com o aumento da previs\u00e3o inflacion\u00e1ria para o Pa\u00eds, o IPCA continua abaixo da meta fixada pelo <strong><a href=\"https:\/\/www.suno.com.br\/artigos\/cmn-conselho-monetario-nacional\/\">Conselho Monet\u00e1rio Nacional<\/a> (CMN)<\/strong> para este ano, de 4,25%. A meta tem uma toler\u00e2ncia de 1,5 ponto percentual, podendo ir de 2,75% at\u00e9 5,75%.<\/p>\n\t<p>\n\t\t<a href=\"https:\/\/www.seculus.com.br\/blackfriday\" target=\"_blank\" data-element=\"shortcode-suno-banner\" title=\"Banner SUNO, clique e saiba mais\">\n\t\t\t<picture>\n\t\t\t\t<source media=\"(max-width: 500px)\" srcset=\"https:\/\/files.sunoresearch.com.br\/n\/uploads\/2023\/11\/seculus_suno_mobile_1.jpg\">\n\t\t\t\t<img class=\"newsContent__article__imgCapa newsContent__article__imgCapa--banner\"\n\t\t\t\t\tsrc=\"https:\/\/files.sunoresearch.com.br\/n\/uploads\/2023\/11\/seculus_suno_desktop_1.jpg\"\n\t\t\t\t\tdata-promo-id=\"474122\"\t\t\t\t\t\t\t\t\t\twidth='1420' height='240'\t\t\t\t\talt=\"https:\/\/files.sunoresearch.com.br\/n\/uploads\/2023\/11\/seculus_suno_desktop_1.jpg\"\n\t\t\t\t>\n\t\t\t<\/picture>\n\t\t<\/a>\n\t<\/p>\n\n\n<p>Para 2020, a previs\u00e3o do mercado financeiro para o IPCA permaneceu em 3,60%. H\u00e1 quatro semanas, a expectativa era de uma infla\u00e7\u00e3o de 3,73% no ano que vem. O resultado fica abaixo da meta fixada pelo BC, de 4%.<\/p>\n<p>O <a href=\"https:\/\/www.suno.com.br\/artigos\/ipca\/\">IPCA<\/a> \u00e9 o indicador oficial da infla\u00e7\u00e3o no Brasil, e \u00e9 divulgado pelo <strong>Instituto Brasileiro de Geografia e Estat\u00edstica (IBGE)<\/strong> mensalmente. H\u00e1 ainda o <strong>IPCA-15<\/strong>, a pr\u00e9via mensal do indicador.<\/p>\n<p><a href=\"https:\/\/www.suno.com.br\/noticias\/inflacao-outubro-menor-taxa-para-o-mes-desde-1998\/\">Saiba mais: Infla\u00e7\u00e3o de outubro tem a menor taxa para o m\u00eas desde 1998, segundo IBGE<\/a><\/p>\n<p>Confira as previs\u00f5es do <strong>mercado financeiro<\/strong> para os indicadores de 2019 e 2020:<\/p>\n<h2>2019<\/h2>\n<ul>\n<li><strong><a href=\"https:\/\/www.suno.com.br\/artigos\/pib-produto-interno-bruto\/\">Produto Interno Bruto<\/a> (PIB):<\/strong> previs\u00e3o de crescimento mantida em 0,92%.<\/li>\n<li><a href=\"https:\/\/www.suno.com.br\/artigos\/ipca\/\"><strong>\u00cdndice Nacional de Pre\u00e7os ao Consumidor Amplo (IPCA)<\/strong><\/a>: a previs\u00e3o agora \u00e9 de 3,31%. A meta central para 2019 \u00e9 de 4,25%, com intervalo de toler\u00e2ncia entre 2,75% e 5,75%.<\/li>\n<li><strong><a href=\"https:\/\/www.suno.com.br\/artigos\/taxa-selic\/\">Taxa Selic<\/a>:<\/strong> mercado manteve a previs\u00e3o para 4,50%.<\/li>\n<li><strong><a href=\"https:\/\/www.suno.com.br\/artigos\/dolar\/\">D\u00f3lar<\/a>:<\/strong> a previs\u00e3o permaneceu em R$ 4,00.<\/li>\n<li><strong><a href=\"https:\/\/www.suno.com.br\/artigos\/balanca-comercial\/\">Balan\u00e7a Comercial<\/a>:<\/strong> a previs\u00e3o caiu de US$ 47,50 bilh\u00f5es para US$ 47 bilh\u00f5es.<\/li>\n<li><strong>Investimento estrangeiro direto:\u00a0<\/strong>as expectativas foram mantidas em US$ 80 bilh\u00f5es.<\/li>\n<\/ul>\n<h2>2020<\/h2>\n<ul>\n<li><strong>PIB:<\/strong> a proje\u00e7\u00e3o do crescimento da economia foi elevada para 2,08%.<\/li>\n<li><strong>IPCA: <\/strong>o mercado manteve a proje\u00e7\u00e3o em 3,60%. A meta central para 2020 ser\u00e1 de 4%, com intervalo de toler\u00e2ncia entre 2,5% e 5,5%.<\/li>\n<li><strong>Taxa Selic:<\/strong> a previs\u00e3o permaneceu em 4,50%.<\/li>\n<li><strong>D\u00f3lar:<\/strong> os <a href=\"https:\/\/www.youtube.com\/watch?v=1npgrRjO7iE\">investidores<\/a> mantiveram a previs\u00e3o de c\u00e2mbio em R$ 4,00.<\/li>\n<li><strong>Balan\u00e7a Comercial:<\/strong> a expectativa para o super\u00e1vit caiu para US$ 42,95 bilh\u00f5es.<\/li>\n<li><strong>Investimento estrangeiro direto: <\/strong>os economistas indicaram novamente US$ 80 bilh\u00f5es.<\/li>\n<\/ul>\n<p>O <strong>Boletim Focus<\/strong> \u00e9 elaborado semanalmente pelo Banco Central na base das previs\u00f5es dos analistas de\u00a0mais de 100 institui\u00e7\u00f5es financeiras.<\/p>\n","protected":false},"excerpt":{"rendered":"<p>Os especialistas das 100 principais institui\u00e7\u00f5es financeiras do mercado brasileiro, que fazem parte da elabora\u00e7\u00e3o do Boletim Focus, alteraram a previs\u00e3o para o \u00cdndice de Pre\u00e7os ao Consumidor Amplo (IPCA) deste ano. O Boletim Focus, divulgado nesta segunda-feira (26), voltou a elevar a expectativa pela infla\u00e7\u00e3o deste ano. De acordo com o Boletim Focus divulgado [&hellip;]<\/p>\n","protected":false},"author":24,"featured_media":5296,"comment_status":"closed","ping_status":"closed","sticky":false,"template":"","format":"standard","meta":[],"categories":[62],"tags":[834,850,807],"suno_strategy":[],"class_list":["post-44338","post","type-post","status-publish","format-standard","has-post-thumbnail","hentry","category-economia","tag-boletim-focus","tag-inflacao","tag-produto-interno-bruto-pib"],"yoast_head":"<!-- This site is optimized with the Yoast SEO plugin v24.4 - https:\/\/yoast.com\/wordpress\/plugins\/seo\/ -->\n<title>Boletim Focus eleva previs\u00e3o da infla\u00e7\u00e3o para 2019<\/title>\n<meta name=\"description\" content=\"Os economistas que fazem parte da elabora\u00e7\u00e3o do Boletim Focus, alteraram a previs\u00e3o do IPCA para 2019. Clique aqui e saiba mais.\" \/>\n<meta name=\"robots\" content=\"index, follow, max-snippet:-1, max-image-preview:large, max-video-preview:-1\" \/>\n<link rel=\"canonical\" href=\"https:\/\/www.suno.com.br\/noticias\/boletim-focus-eleva-previsao-do-ipca-para-2019\/\" \/>\n<meta property=\"og:locale\" content=\"pt_BR\" \/>\n<meta property=\"og:type\" content=\"article\" \/>\n<meta property=\"og:title\" content=\"Boletim Focus eleva previs\u00e3o da infla\u00e7\u00e3o para 2019\" \/>\n<meta property=\"og:description\" content=\"Os economistas que fazem parte da elabora\u00e7\u00e3o do Boletim Focus, alteraram a previs\u00e3o do IPCA para 2019. Clique aqui e saiba mais.\" \/>\n<meta property=\"og:url\" content=\"https:\/\/www.suno.com.br\/noticias\/boletim-focus-eleva-previsao-do-ipca-para-2019\/\" \/>\n<meta property=\"og:site_name\" content=\"Suno Not\u00edcias\" \/>\n<meta property=\"article:publisher\" content=\"https:\/\/facebook.com\/sunoresearch\" \/>\n<meta property=\"og:image\" content=\"https:\/\/files.sunoresearch.com.br\/n\/uploads\/2018\/10\/61b25aa1-boletim-focus-1.jpg\" \/>\n\t<meta property=\"og:image:width\" content=\"1920\" \/>\n\t<meta property=\"og:image:height\" content=\"1440\" \/>\n\t<meta property=\"og:image:type\" content=\"image\/jpeg\" \/>\n<meta name=\"author\" content=\"Jader Lazarini\" \/>\n<meta name=\"twitter:card\" content=\"summary_large_image\" \/>\n<meta name=\"twitter:creator\" content=\"@sunoresearch\" \/>\n<meta name=\"twitter:site\" content=\"@sunoresearch\" \/>\n<meta name=\"twitter:label1\" content=\"Escrito por\" \/>\n\t<meta name=\"twitter:data1\" content=\"Jader Lazarini\" \/>\n\t<meta name=\"twitter:label2\" content=\"Est. tempo de leitura\" \/>\n\t<meta name=\"twitter:data2\" content=\"3 minutos\" \/>\n<script type=\"application\/ld+json\" class=\"yoast-schema-graph\">{\"@context\":\"https:\/\/schema.org\",\"@graph\":[{\"@type\":\"NewsArticle\",\"@id\":\"https:\/\/www.suno.com.br\/noticias\/boletim-focus-eleva-previsao-do-ipca-para-2019\/#article\",\"isPartOf\":{\"@id\":\"https:\/\/www.suno.com.br\/noticias\/boletim-focus-eleva-previsao-do-ipca-para-2019\/\"},\"author\":{\"name\":\"Jader Lazarini\",\"@id\":\"https:\/\/www.suno.com.br\/noticias\/#\/schema\/person\/918d79de1f0281f01599b93f9ea6e23f\"},\"headline\":\"Boletim Focus eleva previs\u00e3o do IPCA para 2019\",\"datePublished\":\"2019-11-11T11:58:16+00:00\",\"dateModified\":\"2019-11-11T12:00:04+00:00\",\"mainEntityOfPage\":{\"@id\":\"https:\/\/www.suno.com.br\/noticias\/boletim-focus-eleva-previsao-do-ipca-para-2019\/\"},\"wordCount\":611,\"publisher\":{\"@id\":\"https:\/\/www.suno.com.br\/noticias\/#organization\"},\"image\":{\"@id\":\"https:\/\/www.suno.com.br\/noticias\/boletim-focus-eleva-previsao-do-ipca-para-2019\/#primaryimage\"},\"thumbnailUrl\":\"https:\/\/files.sunoresearch.com.br\/n\/uploads\/2018\/10\/61b25aa1-boletim-focus-1-jpg.webp\",\"keywords\":[\"Boletim Focus\",\"infla\u00e7\u00e3o\",\"Produto Interno Bruto (PIB)\"],\"articleSection\":[\"Economia\"],\"inLanguage\":\"pt-BR\"},{\"@type\":\"WebPage\",\"@id\":\"https:\/\/www.suno.com.br\/noticias\/boletim-focus-eleva-previsao-do-ipca-para-2019\/\",\"url\":\"https:\/\/www.suno.com.br\/noticias\/boletim-focus-eleva-previsao-do-ipca-para-2019\/\",\"name\":\"Boletim Focus eleva previs\u00e3o da infla\u00e7\u00e3o para 2019\",\"isPartOf\":{\"@id\":\"https:\/\/www.suno.com.br\/noticias\/#website\"},\"primaryImageOfPage\":{\"@id\":\"https:\/\/www.suno.com.br\/noticias\/boletim-focus-eleva-previsao-do-ipca-para-2019\/#primaryimage\"},\"image\":{\"@id\":\"https:\/\/www.suno.com.br\/noticias\/boletim-focus-eleva-previsao-do-ipca-para-2019\/#primaryimage\"},\"thumbnailUrl\":\"https:\/\/files.sunoresearch.com.br\/n\/uploads\/2018\/10\/61b25aa1-boletim-focus-1-jpg.webp\",\"datePublished\":\"2019-11-11T11:58:16+00:00\",\"dateModified\":\"2019-11-11T12:00:04+00:00\",\"description\":\"Os economistas que fazem parte da elabora\u00e7\u00e3o do Boletim Focus, alteraram a previs\u00e3o do IPCA para 2019. Clique aqui e saiba mais.\",\"breadcrumb\":{\"@id\":\"https:\/\/www.suno.com.br\/noticias\/boletim-focus-eleva-previsao-do-ipca-para-2019\/#breadcrumb\"},\"inLanguage\":\"pt-BR\",\"potentialAction\":[{\"@type\":\"ReadAction\",\"target\":[\"https:\/\/www.suno.com.br\/noticias\/boletim-focus-eleva-previsao-do-ipca-para-2019\/\"]}]},{\"@type\":\"ImageObject\",\"inLanguage\":\"pt-BR\",\"@id\":\"https:\/\/www.suno.com.br\/noticias\/boletim-focus-eleva-previsao-do-ipca-para-2019\/#primaryimage\",\"url\":\"https:\/\/files.sunoresearch.com.br\/n\/uploads\/2018\/10\/61b25aa1-boletim-focus-1-jpg.webp\",\"contentUrl\":\"https:\/\/files.sunoresearch.com.br\/n\/uploads\/2018\/10\/61b25aa1-boletim-focus-1-jpg.webp\",\"width\":1920,\"height\":1440,\"caption\":\"O Boletim Focus, divulgado nesta segunda-feira (26), voltou a elevar a expectativa pela infla\u00e7\u00e3o deste ano.\"},{\"@type\":\"BreadcrumbList\",\"@id\":\"https:\/\/www.suno.com.br\/noticias\/boletim-focus-eleva-previsao-do-ipca-para-2019\/#breadcrumb\",\"itemListElement\":[{\"@type\":\"ListItem\",\"position\":1,\"name\":\"Not\u00edcias\",\"item\":\"https:\/\/www.suno.com.br\/noticias\/\"},{\"@type\":\"ListItem\",\"position\":2,\"name\":\"Economia\",\"item\":\"https:\/\/www.suno.com.br\/noticias\/economia\/\"},{\"@type\":\"ListItem\",\"position\":3,\"name\":\"Boletim Focus eleva previs\u00e3o do IPCA para 2019\"}]},{\"@type\":\"WebSite\",\"@id\":\"https:\/\/www.suno.com.br\/noticias\/#website\",\"url\":\"https:\/\/www.suno.com.br\/noticias\/\",\"name\":\"Suno Not\u00edcias\",\"description\":\"Seu portal de informa\u00e7\u00e3o sobre o mundo dos investimentos\",\"publisher\":{\"@id\":\"https:\/\/www.suno.com.br\/noticias\/#organization\"},\"potentialAction\":[{\"@type\":\"SearchAction\",\"target\":{\"@type\":\"EntryPoint\",\"urlTemplate\":\"https:\/\/www.suno.com.br\/noticias\/?s={search_term_string}\"},\"query-input\":{\"@type\":\"PropertyValueSpecification\",\"valueRequired\":true,\"valueName\":\"search_term_string\"}}],\"inLanguage\":\"pt-BR\"},{\"@type\":\"Organization\",\"@id\":\"https:\/\/www.suno.com.br\/noticias\/#organization\",\"name\":\"Suno Not\u00edcias\",\"url\":\"https:\/\/www.suno.com.br\/noticias\/\",\"logo\":{\"@type\":\"ImageObject\",\"inLanguage\":\"pt-BR\",\"@id\":\"https:\/\/www.suno.com.br\/noticias\/#\/schema\/logo\/image\/\",\"url\":\"https:\/\/files.sunoresearch.com.br\/n\/uploads\/2021\/09\/suno-logo.png\",\"contentUrl\":\"https:\/\/files.sunoresearch.com.br\/n\/uploads\/2021\/09\/suno-logo.png\",\"width\":180,\"height\":180,\"caption\":\"Suno Not\u00edcias\"},\"image\":{\"@id\":\"https:\/\/www.suno.com.br\/noticias\/#\/schema\/logo\/image\/\"},\"sameAs\":[\"https:\/\/facebook.com\/sunoresearch\",\"https:\/\/x.com\/sunoresearch\",\"https:\/\/www.instagram.com\/suno\",\"https:\/\/www.linkedin.com\/company\/suno-research\/\",\"https:\/\/www.youtube.com\/c\/sunoresearch\"]},{\"@type\":\"Person\",\"@id\":\"https:\/\/www.suno.com.br\/noticias\/#\/schema\/person\/918d79de1f0281f01599b93f9ea6e23f\",\"name\":\"Jader Lazarini\",\"image\":{\"@type\":\"ImageObject\",\"inLanguage\":\"pt-BR\",\"@id\":\"https:\/\/www.suno.com.br\/noticias\/#\/schema\/person\/image\/\",\"url\":\"https:\/\/secure.gravatar.com\/avatar\/3c1ad8caa51589841baeb923fcddea97?s=96&r=g\",\"contentUrl\":\"https:\/\/secure.gravatar.com\/avatar\/3c1ad8caa51589841baeb923fcddea97?s=96&r=g\",\"caption\":\"Jader Lazarini\"},\"description\":\"Jader Lazarini escreve sobre investimentos, finan\u00e7as, economia e neg\u00f3cios. \u00c9 bacharel em Rela\u00e7\u00f5es Internacionais e analista CNPI (2619).\",\"url\":\"https:\/\/www.suno.com.br\/noticias\/author\/jader-lazarini\/\"}]}<\/script>\n<!-- \/ Yoast SEO plugin. -->","yoast_head_json":{"title":"Boletim Focus eleva previs\u00e3o da infla\u00e7\u00e3o para 2019","description":"Os economistas que fazem parte da elabora\u00e7\u00e3o do Boletim Focus, alteraram a previs\u00e3o do IPCA para 2019. Clique aqui e saiba mais.","robots":{"index":"index","follow":"follow","max-snippet":"max-snippet:-1","max-image-preview":"max-image-preview:large","max-video-preview":"max-video-preview:-1"},"canonical":"https:\/\/www.suno.com.br\/noticias\/boletim-focus-eleva-previsao-do-ipca-para-2019\/","og_locale":"pt_BR","og_type":"article","og_title":"Boletim Focus eleva previs\u00e3o da infla\u00e7\u00e3o para 2019","og_description":"Os economistas que fazem parte da elabora\u00e7\u00e3o do Boletim Focus, alteraram a previs\u00e3o do IPCA para 2019. Clique aqui e saiba mais.","og_url":"https:\/\/www.suno.com.br\/noticias\/boletim-focus-eleva-previsao-do-ipca-para-2019\/","og_site_name":"Suno Not\u00edcias","article_publisher":"https:\/\/facebook.com\/sunoresearch","og_image":[{"width":1920,"height":1440,"url":"https:\/\/files.sunoresearch.com.br\/n\/uploads\/2018\/10\/61b25aa1-boletim-focus-1.jpg","type":"image\/jpeg"}],"author":"Jader Lazarini","twitter_card":"summary_large_image","twitter_creator":"@sunoresearch","twitter_site":"@sunoresearch","twitter_misc":{"Escrito por":"Jader Lazarini","Est. tempo de leitura":"3 minutos"},"schema":{"@context":"https:\/\/schema.org","@graph":[{"@type":"NewsArticle","@id":"https:\/\/www.suno.com.br\/noticias\/boletim-focus-eleva-previsao-do-ipca-para-2019\/#article","isPartOf":{"@id":"https:\/\/www.suno.com.br\/noticias\/boletim-focus-eleva-previsao-do-ipca-para-2019\/"},"author":{"name":"Jader Lazarini","@id":"https:\/\/www.suno.com.br\/noticias\/#\/schema\/person\/918d79de1f0281f01599b93f9ea6e23f"},"headline":"Boletim Focus eleva previs\u00e3o do IPCA para 2019","datePublished":"2019-11-11T11:58:16+00:00","dateModified":"2019-11-11T12:00:04+00:00","mainEntityOfPage":{"@id":"https:\/\/www.suno.com.br\/noticias\/boletim-focus-eleva-previsao-do-ipca-para-2019\/"},"wordCount":611,"publisher":{"@id":"https:\/\/www.suno.com.br\/noticias\/#organization"},"image":{"@id":"https:\/\/www.suno.com.br\/noticias\/boletim-focus-eleva-previsao-do-ipca-para-2019\/#primaryimage"},"thumbnailUrl":"https:\/\/files.sunoresearch.com.br\/n\/uploads\/2018\/10\/61b25aa1-boletim-focus-1-jpg.webp","keywords":["Boletim Focus","infla\u00e7\u00e3o","Produto Interno Bruto (PIB)"],"articleSection":["Economia"],"inLanguage":"pt-BR"},{"@type":"WebPage","@id":"https:\/\/www.suno.com.br\/noticias\/boletim-focus-eleva-previsao-do-ipca-para-2019\/","url":"https:\/\/www.suno.com.br\/noticias\/boletim-focus-eleva-previsao-do-ipca-para-2019\/","name":"Boletim Focus eleva previs\u00e3o da infla\u00e7\u00e3o para 2019","isPartOf":{"@id":"https:\/\/www.suno.com.br\/noticias\/#website"},"primaryImageOfPage":{"@id":"https:\/\/www.suno.com.br\/noticias\/boletim-focus-eleva-previsao-do-ipca-para-2019\/#primaryimage"},"image":{"@id":"https:\/\/www.suno.com.br\/noticias\/boletim-focus-eleva-previsao-do-ipca-para-2019\/#primaryimage"},"thumbnailUrl":"https:\/\/files.sunoresearch.com.br\/n\/uploads\/2018\/10\/61b25aa1-boletim-focus-1-jpg.webp","datePublished":"2019-11-11T11:58:16+00:00","dateModified":"2019-11-11T12:00:04+00:00","description":"Os economistas que fazem parte da elabora\u00e7\u00e3o do Boletim Focus, alteraram a previs\u00e3o do IPCA para 2019. Clique aqui e saiba mais.","breadcrumb":{"@id":"https:\/\/www.suno.com.br\/noticias\/boletim-focus-eleva-previsao-do-ipca-para-2019\/#breadcrumb"},"inLanguage":"pt-BR","potentialAction":[{"@type":"ReadAction","target":["https:\/\/www.suno.com.br\/noticias\/boletim-focus-eleva-previsao-do-ipca-para-2019\/"]}]},{"@type":"ImageObject","inLanguage":"pt-BR","@id":"https:\/\/www.suno.com.br\/noticias\/boletim-focus-eleva-previsao-do-ipca-para-2019\/#primaryimage","url":"https:\/\/files.sunoresearch.com.br\/n\/uploads\/2018\/10\/61b25aa1-boletim-focus-1-jpg.webp","contentUrl":"https:\/\/files.sunoresearch.com.br\/n\/uploads\/2018\/10\/61b25aa1-boletim-focus-1-jpg.webp","width":1920,"height":1440,"caption":"O Boletim Focus, divulgado nesta segunda-feira (26), voltou a elevar a expectativa pela infla\u00e7\u00e3o deste ano."},{"@type":"BreadcrumbList","@id":"https:\/\/www.suno.com.br\/noticias\/boletim-focus-eleva-previsao-do-ipca-para-2019\/#breadcrumb","itemListElement":[{"@type":"ListItem","position":1,"name":"Not\u00edcias","item":"https:\/\/www.suno.com.br\/noticias\/"},{"@type":"ListItem","position":2,"name":"Economia","item":"https:\/\/www.suno.com.br\/noticias\/economia\/"},{"@type":"ListItem","position":3,"name":"Boletim Focus eleva previs\u00e3o do IPCA para 2019"}]},{"@type":"WebSite","@id":"https:\/\/www.suno.com.br\/noticias\/#website","url":"https:\/\/www.suno.com.br\/noticias\/","name":"Suno Not\u00edcias","description":"Seu portal de informa\u00e7\u00e3o sobre o mundo dos investimentos","publisher":{"@id":"https:\/\/www.suno.com.br\/noticias\/#organization"},"potentialAction":[{"@type":"SearchAction","target":{"@type":"EntryPoint","urlTemplate":"https:\/\/www.suno.com.br\/noticias\/?s={search_term_string}"},"query-input":{"@type":"PropertyValueSpecification","valueRequired":true,"valueName":"search_term_string"}}],"inLanguage":"pt-BR"},{"@type":"Organization","@id":"https:\/\/www.suno.com.br\/noticias\/#organization","name":"Suno Not\u00edcias","url":"https:\/\/www.suno.com.br\/noticias\/","logo":{"@type":"ImageObject","inLanguage":"pt-BR","@id":"https:\/\/www.suno.com.br\/noticias\/#\/schema\/logo\/image\/","url":"https:\/\/files.sunoresearch.com.br\/n\/uploads\/2021\/09\/suno-logo.png","contentUrl":"https:\/\/files.sunoresearch.com.br\/n\/uploads\/2021\/09\/suno-logo.png","width":180,"height":180,"caption":"Suno Not\u00edcias"},"image":{"@id":"https:\/\/www.suno.com.br\/noticias\/#\/schema\/logo\/image\/"},"sameAs":["https:\/\/facebook.com\/sunoresearch","https:\/\/x.com\/sunoresearch","https:\/\/www.instagram.com\/suno","https:\/\/www.linkedin.com\/company\/suno-research\/","https:\/\/www.youtube.com\/c\/sunoresearch"]},{"@type":"Person","@id":"https:\/\/www.suno.com.br\/noticias\/#\/schema\/person\/918d79de1f0281f01599b93f9ea6e23f","name":"Jader Lazarini","image":{"@type":"ImageObject","inLanguage":"pt-BR","@id":"https:\/\/www.suno.com.br\/noticias\/#\/schema\/person\/image\/","url":"https:\/\/secure.gravatar.com\/avatar\/3c1ad8caa51589841baeb923fcddea97?s=96&r=g","contentUrl":"https:\/\/secure.gravatar.com\/avatar\/3c1ad8caa51589841baeb923fcddea97?s=96&r=g","caption":"Jader Lazarini"},"description":"Jader Lazarini escreve sobre investimentos, finan\u00e7as, economia e neg\u00f3cios. \u00c9 bacharel em Rela\u00e7\u00f5es Internacionais e analista CNPI (2619).","url":"https:\/\/www.suno.com.br\/noticias\/author\/jader-lazarini\/"}]}},"default_loop_html":"<div class=\"cardsPage__listCard__boxs\"><div class=\"cardsPage__listCard__boxs__img\"><a href=\"https:\/\/www.suno.com.br\/noticias\/boletim-focus-eleva-previsao-do-ipca-para-2019\/\"><img class=\"mask\" src=\"https:\/\/www.suno.com.br\/noticias\/wp-content\/themes\/suno\/resources\/images\/spotlight\/spotlight1img\/bg-mask.png\" alt=\"Image Mask\"\/><img src=\"https:\/\/files.sunoresearch.com.br\/n\/uploads\/2018\/10\/61b25aa1-boletim-focus-1-400x200.webp\" alt=\"Boletim Focus eleva previs\u00e3o do IPCA para 2019\"\/><\/a><span class=\"spotlightCategory\"><a href=\"https:\/\/www.suno.com.br\/noticias\/economia\/\">Economia<\/a><\/span><\/div><div class=\"cardsPage__listCard__boxs__content\"><a href=\"https:\/\/www.suno.com.br\/noticias\/boletim-focus-eleva-previsao-do-ipca-para-2019\/\"><h2 class=\"content__title\">Boletim Focus eleva previs\u00e3o do IPCA para 2019<\/h2><\/a><div class=\"newsContent__article__meta\"><div class=\"newsContent__article__meta__authorBox\"><a href=\"https:\/\/www.suno.com.br\/noticias\/author\/jader-lazarini\/\" class=\"authorBox__avatar noMobi\"><img src=\"https:\/\/files.sunoresearch.com.br\/n\/uploads\/2021\/01\/178e6598-foto-perfil-2-150x150.jpg\" alt=\"Jader Lazarini\"><\/a><div class=\"authorBox__name\"><span>por\n\t\t\t<a href=\"https:\/\/www.suno.com.br\/noticias\/author\/jader-lazarini\/\"><span itemprop=\"author\">Jader Lazarini<\/span><\/a><\/span><time datetime=\"2019-11-11T09:58:16-03:00\" itemprop=\"datePublished\">11\/11\/2019 09:58<\/time><\/div><\/div><\/div><\/div><\/div>","single_layout":"posts","amp_enabled":true,"_links":{"self":[{"href":"https:\/\/www.suno.com.br\/noticias\/wp-json\/wp\/v2\/posts\/44338"}],"collection":[{"href":"https:\/\/www.suno.com.br\/noticias\/wp-json\/wp\/v2\/posts"}],"about":[{"href":"https:\/\/www.suno.com.br\/noticias\/wp-json\/wp\/v2\/types\/post"}],"author":[{"embeddable":true,"href":"https:\/\/www.suno.com.br\/noticias\/wp-json\/wp\/v2\/users\/24"}],"replies":[{"embeddable":true,"href":"https:\/\/www.suno.com.br\/noticias\/wp-json\/wp\/v2\/comments?post=44338"}],"version-history":[{"count":0,"href":"https:\/\/www.suno.com.br\/noticias\/wp-json\/wp\/v2\/posts\/44338\/revisions"}],"wp:featuredmedia":[{"embeddable":true,"href":"https:\/\/www.suno.com.br\/noticias\/wp-json\/wp\/v2\/media\/5296"}],"wp:attachment":[{"href":"https:\/\/www.suno.com.br\/noticias\/wp-json\/wp\/v2\/media?parent=44338"}],"wp:term":[{"taxonomy":"category","embeddable":true,"href":"https:\/\/www.suno.com.br\/noticias\/wp-json\/wp\/v2\/categories?post=44338"},{"taxonomy":"post_tag","embeddable":true,"href":"https:\/\/www.suno.com.br\/noticias\/wp-json\/wp\/v2\/tags?post=44338"},{"taxonomy":"suno_strategy","embeddable":true,"href":"https:\/\/www.suno.com.br\/noticias\/wp-json\/wp\/v2\/suno_strategy?post=44338"}],"curies":[{"name":"wp","href":"https:\/\/api.w.org\/{rel}","templated":true}]}}