{"id":443321,"date":"2023-08-15T21:52:48","date_gmt":"2023-08-16T00:52:48","guid":{"rendered":"https:\/\/www.suno.com.br\/noticias\/?p=443321"},"modified":"2023-08-15T21:53:03","modified_gmt":"2023-08-16T00:53:03","slug":"radar-telefonica-vivt3-nubank-roxo34-via-viia3","status":"publish","type":"post","link":"https:\/\/www.suno.com.br\/noticias\/radar-telefonica-vivt3-nubank-roxo34-via-viia3\/","title":{"rendered":"Radar: Telef\u00f4nica (VIVT3)\u00a0anuncia JCP milion\u00e1rio, Nubank (ROXO34) reverte preju\u00edzo no 2T23 e a\u00e7\u00f5es da Via (VIIA3) acumulam perdas de 53%"},"content":{"rendered":"<p>O&nbsp;<a href=\"https:\/\/www.suno.com.br\/artigos\/conselho-administracao\/\" target=\"_blank\" rel=\"noreferrer noopener\">conselho de administra\u00e7\u00e3o<\/a>&nbsp;da&nbsp;<a href=\"https:\/\/www.suno.com.br\/acoes\/VIVT3\/\" target=\"_blank\" rel=\"noreferrer noopener\"><strong>Telef\u00f4nica<\/strong>&nbsp;(VIVT3)<\/a>&nbsp;aprovou a declara\u00e7\u00e3o de&nbsp;<a href=\"https:\/\/www.suno.com.br\/artigos\/entenda-o-jcp\/\" target=\"_blank\" rel=\"noreferrer noopener\">juros sobre capital pr\u00f3prio<\/a>&nbsp;(JCP) no valor de R$ 265 milh\u00f5es, conforme comunicado pela empresa nesta ter\u00e7a-feira (15).<\/p>\t<div class=\"wrapper-featured-image\">\n\t\t<figure class=\"spotlightImg\">\n\n\t\t\t<picture>\n\t\t\t\t<source media=\"(max-width: 768px)\" srcset=\"https:\/\/files.sunoresearch.com.br\/n\/uploads\/2022\/12\/orelhoes-aparelhos-telefonicos-foto-reproducao-tvbrasil-400x200.jpg\">\n\t\t\t\t<img loading=\"lazy\" decoding=\"async\" class=\"newsContent__article__imgCapa lazyloadDisabled \" src=\"https:\/\/files.sunoresearch.com.br\/n\/uploads\/2022\/12\/orelhoes-aparelhos-telefonicos-foto-reproducao-tvbrasil-800x450.jpg\" width=\"800\" height=\"450\" alt=\"Radar: Telef\u00f4nica (VIVT3)\u00a0anuncia JCP milion\u00e1rio, Nubank (ROXO34) reverte preju\u00edzo no 2T23 e a\u00e7\u00f5es da Via (VIIA3) acumulam perdas de 53%\" fetchpriority=high \/>\n\t\t\t<\/picture>\n\n\t\t\t<figcaption class=\"wp-caption-text wp-caption-text--show\">Orelh\u00f5es, telefones p\u00fablicos. Foto: Reprodu\u00e7\u00e3o\/TV Brasil<\/figcaption>\n\t\t<\/figure>\n\t<\/div>\n\n\n\n\n\n\t<p>\n\t\t<a href=\"https:\/\/lp.suno.com.br\/planilha-da-vida-financeira\/\" target=\"_blank\" data-element=\"shortcode-suno-banner\" title=\"Banner SUNO, clique e saiba mais\">\n\t\t\t<picture>\n\t\t\t\t<source media=\"(max-width: 500px)\" srcset=\"https:\/\/files.sunoresearch.com.br\/n\/uploads\/2023\/04\/400x300-Planilha-vida-financeira-true.png\">\n\t\t\t\t<img class=\"newsContent__article__imgCapa newsContent__article__imgCapa--banner\"\n\t\t\t\t\tsrc=\"https:\/\/files.sunoresearch.com.br\/n\/uploads\/2023\/04\/1420x240-Planilha-vida-financeira-true.png\"\n\t\t\t\t\tdata-promo-id=\"106682\"\t\t\t\t\t\t\t\t\t\twidth='1420' height='240'\t\t\t\t\talt=\"https:\/\/files.sunoresearch.com.br\/n\/uploads\/2023\/04\/1420x240-Planilha-vida-financeira-true.png\"\n\t\t\t\t>\n\t\t\t<\/picture>\n\t\t<\/a>\n\t<\/p>\n\n\n\n\n\n\n\n<p>Considerando a reten\u00e7\u00e3o do imposto de renda na fonte, com al\u00edquota de 15%, o&nbsp;<strong>JCP da Telef\u00f4nica<\/strong>&nbsp;tem o valor l\u00edquido de R$ 225,25 milh\u00f5es, conforme balan\u00e7o patrimonial de 31 de julho de 2023.<\/p>\n\n\n\n<p>Assim, o valor bruto por a\u00e7\u00e3o ser\u00e1 de R$ 0,15982. Descontado o valor referente ao imposto de renda de R$ 0,02397, o valor l\u00edquido \u00e9 de aproximadamente R$ 0,13585 por a\u00e7\u00e3o.<\/p>\n\n\n\n<p>Os&nbsp;<strong>juros sobre capital pr\u00f3prio da Telef\u00f4nica<\/strong>&nbsp;ser\u00e3o distribu\u00eddos aos investidores que detiverem a\u00e7\u00f5es da empresa ao final da sess\u00e3o de 31 de agosto de 2023. Assim, a partir do dia 1\u00ba de setembro, os pap\u00e9is da companhia ser\u00e3o negociados sem direito aos JCP.<\/p>\n\n\n\n<p>O pagamento dos juros vai ser realizado at\u00e9 30 de abril de 2024, mas a data precisa ainda ser\u00e1 definida pela companhia. Esses proventos foram declarados hoje (15) e ser\u00e3o imputados ao dividendo obrigat\u00f3rio referente ao&nbsp;<a target=\"_blank\" href=\"https:\/\/www.suno.com.br\/artigos\/exercicio-social\/\" rel=\"noreferrer noopener\">exerc\u00edcio social<\/a>&nbsp;de 2023.<\/p>\n\n\n\n<p>O valor por a\u00e7\u00e3o dos&nbsp;<strong>proventos da Telef\u00f4nica<\/strong>&nbsp;ainda poder\u00e1 ter reajustes no futuro, conforme apura\u00e7\u00e3o da base acion\u00e1ria em 31 de agosto de 2023, em meio a aquisi\u00e7\u00e3o de a\u00e7\u00f5es da empresa no programa de&nbsp;<a target=\"_blank\" href=\"https:\/\/www.suno.com.br\/artigos\/recompra-de-acoes\/\" rel=\"noreferrer noopener\">recompra de a\u00e7\u00f5es<\/a>&nbsp;para continuarem em tesouraria, ou para posterior venda ou cancelamento.<\/p>\n\n\n\n<p>Para n\u00e3o precisar pagar o imposto de renda referente ao valor, os investidores precisar\u00e3o comprovar serem isentos ou imunes da tributa\u00e7\u00e3o at\u00e9 o dia 5 de setembro de 2023, juntamente ao banco&nbsp;<a href=\"https:\/\/www.suno.com.br\/acoes\/BBDC4\/\" target=\"_blank\" rel=\"noreferrer noopener\">Bradesco (BBDC4)<\/a>, que \u00e9 a institui\u00e7\u00e3o deposit\u00e1ria de&nbsp;<a href=\"https:\/\/www.suno.com.br\/artigos\/acoes-escriturais\/\" target=\"_blank\" rel=\"noreferrer noopener\">a\u00e7\u00f5es escriturais<\/a>.<\/p>\n\n\n\n<h2 class=\"wp-block-heading\">JCP da Telef\u00f4nica<\/h2>\n\n\n\n<ul class=\"wp-block-list\">\n<li>Valor total: R$ 265.000.000,00<\/li>\n\n\n\n<li>Valor bruto por a\u00e7\u00e3o: R$ 0,15982350352<\/li>\n\n\n\n<li>Valor l\u00edquido por a\u00e7\u00e3o: R$ 0,13584997799<\/li>\n\n\n\n<li>Data de corte: 31 de agosto de 2023<\/li>\n\n\n\n<li>Data de pagamento: 30 de abril de 2024<\/li>\n<\/ul>\n\n\n\n<p>As&nbsp;<strong>a\u00e7\u00f5es da Telef\u00f4nica<\/strong>, negociadas sob o ticker&nbsp;<strong>VIVT3<\/strong>, terminaram a sess\u00e3o de hoje (15) na Bolsa de Valores em queda de 0,85%, cotadas a R$ 42,12, acumulando avan\u00e7o de 0,52% em agosto at\u00e9 o momento.<\/p>\n\n\n\n<p>Considerando a cota\u00e7\u00e3o de fechamento de 2022 em R$ 36,41, o desempenho dos pap\u00e9is da empresa na B3 em 2023 \u00e9 de +15,68%.<\/p>\n\n\n\n<p>Al\u00e9m de Telef\u00f4nica, confira outros destaques desta ter\u00e7a-feira:<\/p>\n\n\n\n<h2 class=\"wp-block-heading\">Nubank (ROXO34) reverte preju\u00edzo e tem lucro de US$ 224,9 mi no 2T23, acima das estimativas<\/h2>\n\n\n\n<ul class=\"wp-block-list\">\n<li>O&nbsp;<strong>Nubank (ROXO34)<\/strong>&nbsp;divulgou nesta ter\u00e7a-feira (15) que obteve lucro l\u00edquido de US$ 224,9 milh\u00f5es no segundo trimestre de 2023, revertendo preju\u00edzo de US$ 29,9 milh\u00f5es no mesmo intervalo do ano passado, considerando o resultado da holding, que inclui tamb\u00e9m as opera\u00e7\u00f5es no M\u00e9xico e Col\u00f4mbia.<\/li>\n<\/ul>\n\n\n\n<ul class=\"wp-block-list\">\n<li>O&nbsp;<strong>lucro ajustado do Nubank<\/strong>&nbsp;somou US$ 262,7 milh\u00f5es, bem acima do resultado ajustado de US$ 17 milh\u00f5es de um ano antes. O retorno do banco digital (ROE, em ingl\u00eas) foi de 19% no segundo trimestre.<\/li>\n<\/ul>\n\n\n\n<ul class=\"wp-block-list\">\n<li>O resultado do lucro do&nbsp;<strong>Nubank no 2T23<\/strong>&nbsp;superou m\u00e9dia das estimativas dos analistas consultados pelo Broadcast (US$ 170,4 milh\u00f5es). A expectativa da XP era de US$ 191 milh\u00f5es de lucro para o&nbsp;<strong><a href=\"https:\/\/www.suno.com.br\/noticias\/nubank-nubr33-xp-inadimplencia-roe-2t23-xp-evm\/\">resultado do Nubank no 2T23<\/a><\/strong>.<\/li>\n<\/ul>\n\n\n\n<ul class=\"wp-block-list\">\n<li>\u201cO&nbsp;<strong>segundo trimestre do Nubank<\/strong>&nbsp;teve um sucesso operacional significativo\u201d, disse ao&nbsp;<em>Broadcast<\/em>&nbsp;(sistema de not\u00edcias em tempo real do Grupo Estado) o fundador e presidente do Nubank, David V\u00e9lez. O resultado foi impulsionado pelo aumento dos clientes e tamb\u00e9m pelas pessoas usando mais produtos do banco digital.<\/li>\n<\/ul>\n\n\n\n<ul class=\"wp-block-list\">\n<li>Entre abril e junho, foram adicionados 4,6 milh\u00f5es de clientes. Ao final de julho, ou seja, ap\u00f3s o segundo trimestre, a&nbsp;<strong>fintech<\/strong>&nbsp;ultrapassou a marca de 85 milh\u00f5es de clientes globalmente e 80 milh\u00f5es no Brasil. Segundo V\u00e9lez, s\u00e3o 1,5 milh\u00e3o de novos clientes a cada m\u00eas, em m\u00e9dia.<\/li>\n<\/ul>\n\n\n\n<ul class=\"wp-block-list\">\n<li>Com mais clientes e novos produtos, o Nubank registrou receitas de US$ 1,9 bilh\u00e3o no segundo trimestre, um novo recorde hist\u00f3rico, o que representa um aumento de 60% em rela\u00e7\u00e3o ao segundo trimestre de 2022, em base neutra de c\u00e2mbio.<\/li>\n<\/ul>\n\n\n\n<ul class=\"wp-block-list\">\n<li>A receita m\u00e9dia mensal por cliente ativo (ARPAC, na sigla em ingl\u00eas), indicador monitorado de perto em bancos digitais, atingiu US$ 9,30, superando pela primeira vez a marca de US$ 9,00 e tamb\u00e9m acima da previs\u00e3o dos analistas. O&nbsp;<strong>crescimento do Nubank<\/strong>&nbsp;nesse indicador foi de 18% em 12 meses.<\/li>\n<\/ul>\n\n\n\n<h2 class=\"wp-block-heading\">Via (VIIA3) soma queda de 53% nas suas a\u00e7\u00f5es<\/h2>\n\n\n\n<ul class=\"wp-block-list\">\n<li>As a\u00e7\u00f5es da&nbsp;<strong>Via<\/strong>&nbsp;(<a href=\"https:\/\/www.suno.com.br\/acoes\/viia3\/\" target=\"_blank\" rel=\"noreferrer noopener\">VIIA3<\/a>) ca\u00edram 1,7% no preg\u00e3o desta ter\u00e7a-feira (15), somando 7,6% de desvaloriza\u00e7\u00e3o nos \u00faltimos cinco preg\u00f5es, a uma cota\u00e7\u00e3o atual de R$ 1,69.<\/li>\n<\/ul>\n\n\n\n<ul class=\"wp-block-list\">\n<li>Com isso, as&nbsp;<strong>a\u00e7\u00f5es da Via<\/strong>&nbsp;caem 53% de retra\u00e7\u00e3o nos \u00faltimos 12 meses.<\/li>\n<\/ul>\n\n\n\n<ul class=\"wp-block-list\">\n<li>Os catalisadores recentes incluem realiza\u00e7\u00e3o de lucros \u2013 j\u00e1 que os pap\u00e9is&nbsp;<strong><a href=\"https:\/\/statusinvest.com.br\/acoes\/viia3?__hstc=189907700.57003753d8805be60d3d8f1693f0228c.1666093829288.1692069477362.1692141237537.224&amp;__hssc=189907700.20.1692141237537&amp;__hsfp=1636132229\" target=\"_blank\" rel=\"noreferrer noopener\">VIIA3<\/a><\/strong>&nbsp;subiram no preg\u00e3o que sucedeu o balan\u00e7o da empresa \u2013 al\u00e9m de uma fatia do mercado que segue cautelosa com o&nbsp;<a href=\"https:\/\/www.suno.com.br\/artigos\/longo-prazo\/\" target=\"_blank\" rel=\"noreferrer noopener\">longo prazo<\/a>&nbsp;da empresa.<\/li>\n<\/ul>\n\n\n\n<ul class=\"wp-block-list\">\n<li>No seu \u00faltimo resultado trimestral, a companhia mostrou R$ 492 milh\u00f5es de preju\u00edzo l\u00edquido. O resultado da Via no 2T23 reverte o lucro de R$ 6 milh\u00f5es apresentado no mesmo per\u00edodo de 2022.<\/li>\n<\/ul>\n\n\n\n<ul class=\"wp-block-list\">\n<li>J\u00e1 o&nbsp;<a href=\"https:\/\/www.suno.com.br\/artigos\/ebitda-ajustado\/\" target=\"_blank\" rel=\"noreferrer noopener\">Ebitda ajustado<\/a>&nbsp;da Via (lucro antes de juros, impostos, deprecia\u00e7\u00f5es e amortiza\u00e7\u00f5es) foi de R$ 469 milh\u00f5es, com queda de 32% frente ao reportado entre abril e junho de 2022, com margem de 9%, 2,7 pontos porcentuais (p.p.) menor do que um ano atr\u00e1s.<\/li>\n<\/ul>\n\n\n\n<ul class=\"wp-block-list\">\n<li>\u201cA Via reportou resultados fracos mas em linha no segundo trimestre, com crescimento moderado de receita e rentabilidade pressionada em uma perspectiva macro ainda desafiadora para a demanda. Mantemos nossa recomenda\u00e7\u00e3o neutra e pre\u00e7o-alvo de R$3 por a\u00e7\u00e3o\u201d, disse a XP.<\/li>\n<\/ul>\n\n\n\n<ul class=\"wp-block-list\">\n<li>Apesar disso, a companhia divulgou um&nbsp;<strong>plano de transforma\u00e7\u00e3o<\/strong>&nbsp;em um&nbsp;<a href=\"https:\/\/www.suno.com.br\/artigos\/fato-relevante\/\" target=\"_blank\" rel=\"noreferrer noopener\">fato relevante<\/a>&nbsp;no mesmo dia do balan\u00e7o \u2013 justamente o que animou o mercado e causou alta das a\u00e7\u00f5es.<\/li>\n<\/ul>\n\n\n\n<ul class=\"wp-block-list\">\n<li>Renato Franklin, que \u00e9&nbsp;<strong>CEO da Via<\/strong>&nbsp;desde o dia 1\u00ba de maio \u00faltimo, concedeu entrevista exclusiva ao Suno Not\u00edcias e destacou que a companhia n\u00e3o tem um sinal vermelho dentre seus n\u00fameros financeiros, mas compreende que precisa deixar seu balan\u00e7o menos fr\u00e1gil e \u2018mais limpo\u2019 para que a companhia ganhe tra\u00e7\u00e3o.<\/li>\n<\/ul>\n\n\n\n<ul class=\"wp-block-list\">\n<li>\u201cA ideia, com o plano de transforma\u00e7\u00e3o, \u00e9 simplesmente focar naquilo que d\u00e1 dinheiro. O plano \u00e9 focar no \u2018back to the basics\u2019. Consideramos que \u00e9 uma estrat\u00e9gia assertiva, mas n\u00e3o agressiva\u201d, disse Franklin.<\/li>\n<\/ul>\n\n\n\n<ul class=\"wp-block-list\">\n<li>Dentre os&nbsp;<strong>planos da Via<\/strong>&nbsp;est\u00e3o o fechamento de 50 a 100 lojas, renegocia\u00e7\u00e3o de aluguel, revis\u00e3o de sortimento ideal e subloca\u00e7\u00e3o de espa\u00e7o ocioso e a estrutura\u00e7\u00e3o de um FIDC para facilitar a opera\u00e7\u00e3o de credi\u00e1rio da empresa \u2013 com potencial de liberar R$ 5 bilh\u00f5es de limite de cr\u00e9dito banc\u00e1rio.<\/li>\n<\/ul>\n\n\n\n<ul class=\"wp-block-list\">\n<li>\u201cTemos muito potencial de mercado para capturar, mas a premissa de um plano de crescimento \u00e9 um balan\u00e7o forte. Da\u00ed a quest\u00e3o. O \u2018time to market\u2019 no&nbsp;<strong>varejo&nbsp;<\/strong>\u00e9 importante, e queremos arrumar a casa o mais r\u00e1pido poss\u00edvel para acelerar r\u00e1pido l\u00e1 na frente\u201d, relata o CEO da varejista.<\/li>\n<\/ul>\n\n\n\t<p>\n\t\t<a href=\"https:\/\/lp.suno.com.br\/ebook-como-analisar-uma-acao\/\" target=\"_blank\" data-element=\"shortcode-suno-banner\" title=\"Banner SUNO, clique e saiba mais\">\n\t\t\t<picture>\n\t\t\t\t<source media=\"(max-width: 500px)\" srcset=\"https:\/\/files.sunoresearch.com.br\/n\/uploads\/2023\/03\/Ebook-Acoes-Mobile.jpg\">\n\t\t\t\t<img class=\"newsContent__article__imgCapa newsContent__article__imgCapa--banner\"\n\t\t\t\t\tsrc=\"https:\/\/files.sunoresearch.com.br\/n\/uploads\/2023\/03\/Ebook-Acoes-Desktop.jpg\"\n\t\t\t\t\tdata-promo-id=\"378302\"\t\t\t\t\t\t\t\t\t\twidth='1420' height='286'\t\t\t\t\talt=\"https:\/\/files.sunoresearch.com.br\/n\/uploads\/2023\/03\/Ebook-Acoes-Desktop.jpg\"\n\t\t\t\t>\n\t\t\t<\/picture>\n\t\t<\/a>\n\t<\/p>\n\n\n\n\n\n<h2 class=\"wp-block-heading\">Vibra (VBBR3): banco recomenda a\u00e7\u00f5es e chama aten\u00e7\u00e3o para um indicador positivo no \u201cdif\u00edcil 2T23\u201d; empresa lidera altas no Ibovespa<\/h2>\n\n\n\n<ul class=\"wp-block-list\">\n<li>A<strong>&nbsp;Vibra&nbsp;<\/strong>(VBBR3) reportou um Ebitda (Lucros antes de juros, impostos,&nbsp;<a href=\"https:\/\/www.suno.com.br\/artigos\/depreciacao-amortizacao\/\" target=\"_blank\" rel=\"noreferrer noopener\">deprecia\u00e7\u00e3o e amortiza\u00e7\u00e3o<\/a>) ligeiramente positivo. No segundo trimestre de 2023 (2T23), a companhia reportou um Ebitda de R$ 910 milh\u00f5es, queda anual de 43,1%. Foi um trimestre \u201cdif\u00edcil\u201d, disseram os analistas do Ita\u00fa BBA, que ainda assim recomendaram as a\u00e7\u00f5es. Hoje, os ativos da Vibra, no entanto, lideram as altas no Ibovespa, subindo 7,7%.<\/li>\n<\/ul>\n\n\n\n<ul class=\"wp-block-list\">\n<li>A Vibra reportou um&nbsp;<a href=\"https:\/\/www.suno.com.br\/artigos\/lucro-liquido\/\" target=\"_blank\" rel=\"noreferrer noopener\">lucro l\u00edquido<\/a>&nbsp;de R$ 133 milh\u00f5es no segundo trimestre de 2023, valor 81,2% abaixo do registrado no mesmo per\u00edodo do ano passado<\/li>\n<\/ul>\n\n\n\n<ul class=\"wp-block-list\">\n<li>O trimestre, segundo o BBA, foi marcado por perdas significativas de estoque com a grande redu\u00e7\u00e3o de pre\u00e7os pela&nbsp;<a href=\"https:\/\/www.suno.com.br\/acoes\/PETR4\/\" target=\"_blank\" rel=\"noreferrer noopener\">Petrobras (PETR4)<\/a>&nbsp;e tamb\u00e9m pela press\u00e3o negativa sobre as margens, especialmente no segmento B2B.<\/li>\n<\/ul>\n\n\n\n<ul class=\"wp-block-list\">\n<li>Outro ponto desfavor\u00e1vel foi o excesso de oferta causado pelo consider\u00e1vel volume de diesel importado da R\u00fassia.<\/li>\n<\/ul>\n\n\n\n<ul class=\"wp-block-list\">\n<li>\u201cPara enfrentar esse contexto, a Vibra decidiu focar em sua rede de marcas pr\u00f3prias e substituir o suprimento importado por fontes nacionais, aumentando assim as margens ao longo do caminho\u201d, diz o BBA.<\/li>\n<\/ul>\n\n\n\n<ul class=\"wp-block-list\">\n<li>Mesmo diante dificuldades, o BBA avalia que a companhia se saiu bem, mantendo recomenda\u00e7\u00e3o outperform, equivalente a compra, para as a\u00e7\u00f5es. Al\u00e9m disso, definiram o pre\u00e7o-alvo em R$ 28.<\/li>\n<\/ul>\n\n\n\n<h2 class=\"wp-block-heading\">BRF (BRFS3) dispara 7% na bolsa com \u2018surpresa positiva\u2019<\/h2>\n\n\n\n<ul class=\"wp-block-list\">\n<li>As a\u00e7\u00f5es da&nbsp;<a href=\"https:\/\/www.suno.com.br\/acoes\/BRFS3\/\" target=\"_blank\" rel=\"noreferrer noopener\"><strong>BRF<\/strong>&nbsp;(BRFS3)<\/a>&nbsp;chegaram a subir 7,3% por volta das 12h30 desta ter\u00e7a-feira (15), ap\u00f3s a companhia divulgar seu resultado trimestral na v\u00e9spera. Fecharam em alta de 6,9%, cotadas a R$ 10,53.<\/li>\n<\/ul>\n\n\n\n<ul class=\"wp-block-list\">\n<li>A alta ocorre mesmo depois de a companhia ter apurado um preju\u00edzo 196% maior \u2013&nbsp;<a href=\"https:\/\/www.suno.com.br\/noticias\/brf-brfs3-prejuizo-2t23-resultado-evm\/\" target=\"_blank\" rel=\"noreferrer noopener\">j\u00e1 que a BRF reportou R$ 1,33 bilh\u00e3o de preju\u00edzo l\u00edquido no 2T23<\/a>.<\/li>\n<\/ul>\n\n\n\n<ul class=\"wp-block-list\">\n<li>Segundo analistas da XP, a companhia teve um \u201ctrimestre melhor do que o esperado\u201d e com uma \u201cnost\u00e1lgica surpresa positiva\u201d.<\/li>\n<\/ul>\n\n\n\n<ul class=\"wp-block-list\">\n<li>Os n\u00fameros internacionais foram mistos, segundo a XP, com:<\/li>\n<\/ul>\n\n\n\n<ul class=\"wp-block-list\">\n<li>Melhores pre\u00e7os em d\u00f3lar<\/li>\n\n\n\n<li>Taxa de c\u00e2mbio (BRL\/USD) mais baixa<\/li>\n\n\n\n<li>Menores volumes Halal devido ao efeito sazonal do Ramad\u00e3<\/li>\n<\/ul>\n\n\n\n<ul class=\"wp-block-list\">\n<li>\u201cNo geral, a&nbsp;<a href=\"https:\/\/www.suno.com.br\/artigos\/o-que-receita-liquida\/\" target=\"_blank\" rel=\"noreferrer noopener\">receita l\u00edquida<\/a>&nbsp;diminuiu ligeiramente na base trimestral para R$ 6,0 bilh\u00f5es e ficou 7% acima de nossas estimativas. O&nbsp;<a href=\"https:\/\/www.suno.com.br\/artigos\/ebitda-ajustado\/\" target=\"_blank\" rel=\"noreferrer noopener\">EBITDA ajustado<\/a>&nbsp;foi uma surpresa positiva, atingindo R$ 241 milh\u00f5es, resultando em uma margem de 4,0% \u2013 melhor sequencialmente, mas ainda fraca\u201d, diz a casa.<\/li>\n<\/ul>\n\n\n\n<ul class=\"wp-block-list\">\n<li>A XP ainda destaca margens em queda em outros segmentos.<\/li>\n<\/ul>\n\n\n\n<ul class=\"wp-block-list\">\n<li>\u201cA evolu\u00e7\u00e3o do indicador de desempenho no programa de efici\u00eancia da BRF, embora beneficie o portf\u00f3lio principal, reduz a oferta de produtos dispon\u00edveis para o segmento de Ingredientes\u201d, diz a casa.<\/li>\n<\/ul>\n\n\n\n<ul class=\"wp-block-list\">\n<li>A XP aponta que o programa BRF+ continua surpreendendo com a capta\u00e7\u00e3o de R$ 540 milh\u00f5es no&nbsp;<strong>2T23<\/strong>, somando R$ 1,2 bilh\u00e3o desde sua implanta\u00e7\u00e3o.<\/li>\n<\/ul>\n\n\n\n<ul class=\"wp-block-list\">\n<li>\u201cAl\u00e9m disso, Ingredientes foram afetados negativamente por pre\u00e7os e volumes mais baixos. Isso levou a&nbsp;<a href=\"https:\/\/www.suno.com.br\/artigos\/o-que-receita-liquida\/\" target=\"_blank\" rel=\"noreferrer noopener\">receita l\u00edquida<\/a>&nbsp;a diminuir 3% na base trimestral para R$ 609 milh\u00f5es e a margem do&nbsp;<a href=\"https:\/\/www.suno.com.br\/artigos\/ebitda-ajustado\/\" target=\"_blank\" rel=\"noreferrer noopener\">EBITDA ajustado<\/a>&nbsp;a diminuir 220bps na base trimestral, resultando em um EBITDA ajustado de R$ 101 milh\u00f5es\u201d, completa.<\/li>\n<\/ul>\n\n\n\n<ul class=\"wp-block-list\">\n<li>Atualmente a XP n\u00e3o tem recomenda\u00e7\u00e3o de compra ou venda para as a\u00e7\u00f5es&nbsp;<strong><a href=\"https:\/\/statusinvest.com.br\/acoes\/brfs3?__hstc=189907700.57003753d8805be60d3d8f1693f0228c.1666093829288.1692069477362.1692141237537.224&amp;__hssc=189907700.22.1692141237537&amp;__hsfp=1636132229\" target=\"_blank\" rel=\"noreferrer noopener\">BRFS3<\/a><\/strong>.<\/li>\n<\/ul>\n\n\n\n<ul class=\"wp-block-list\">\n<li>\u201cA empresa est\u00e1 restrita para cobertura por determina\u00e7\u00e3o da nossa \u00e1rea de Compliance\u201d, diz a XP sobre sua recomenda\u00e7\u00e3o para as&nbsp;<strong>a\u00e7\u00f5es da BRF<\/strong>.<\/li>\n<\/ul>\n\n\n\n<h2 class=\"wp-block-heading\">Eletrobras (ELET3): analistas mant\u00eam recomenda\u00e7\u00e3o de compra, mesmo ap\u00f3s sa\u00edda de Wilson Ferreira; mas a\u00e7\u00f5es desabam<\/h2>\n\n\n\n<ul class=\"wp-block-list\">\n<li>A ren\u00fancia de Wilson Ferreira Jr. ao cargo de presidente da<strong>&nbsp;Eletrobras<\/strong>&nbsp;(ELET3) \u00e9 surpreendente, avalia o Ita\u00fa BBA. Na vis\u00e3o de alguns investidores, a ren\u00fancia de Ferreira est\u00e1 relacionada \u00e0 press\u00e3o do governo federal contestando a privatiza\u00e7\u00e3o da companhia. Hoje as a\u00e7\u00f5es da empresa despencam no Ibovespa. No entanto, o cen\u00e1rio n\u00e3o \u00e9 suficiente para o BBA mudar a posi\u00e7\u00e3o sobre sua recomenda\u00e7\u00e3o.<\/li>\n<\/ul>\n\n\n\n<ul class=\"wp-block-list\">\n<li>\u201cO an\u00fancio sobre a&nbsp;<strong>ren\u00fancia do<\/strong>&nbsp;<strong>CEO da Eletrobras<\/strong>&nbsp;foi uma surpresa especialmente depois de participarmos do recente evento Eletrobras Investor Day, durante o qual o Ferreira apresentou a estrat\u00e9gia da empresa a ser implementada nos pr\u00f3ximos anos\u201d, comentam os analistas do Ita\u00fa BBA.<\/li>\n<\/ul>\n\n\n\n<ul class=\"wp-block-list\">\n<li>Entre as suspeitas que motivaram a ren\u00fancia de Ferreira, analistas apontam as contesta\u00e7\u00f5es que o governo federal fez na Justi\u00e7a referente \u00e0&nbsp;<strong>privatiza\u00e7\u00e3o da Eletrobras<\/strong>. Atualmente, o Supremo Tribunal Federal (STF) analisar\u00e1 cinco a\u00e7\u00f5es diretas (ADI) contestando a privatiza\u00e7\u00e3o.<\/li>\n<\/ul>\n\n\n\n<ul class=\"wp-block-list\">\n<li>Segundo o BBA, houve not\u00edcias sobre uma poss\u00edvel negocia\u00e7\u00e3o entre a Eletrobras e o governo federal para resolver essa disputa. \u201cAlguns rumores mencionaram a possibilidade de o governo federal indicar alguns membros para o&nbsp;<strong>conselho da Eletrobras<\/strong>, o que vemos como muito improv\u00e1vel.\u201d<\/li>\n<\/ul>\n\n\n\n<ul class=\"wp-block-list\">\n<li>Para o banco, o cen\u00e1rio mais fact\u00edvel seria antecipar os pagamentos da CDE (Conta de Desenvolvimento Energ\u00e9tico) para reduzir as tarifas de energia nos pr\u00f3ximos anos.<\/li>\n<\/ul>\n\n\n\n<p>Da Telef\u00f4nica \u00e0 Eletrobras, essas foram as empresas que se destacaram hoje. Para ler todas as mat\u00e9rias\u00a0<strong><a href=\"https:\/\/www.suno.com.br\/noticias\/todos\/?utm_content=XYOE2ItQuUY.20201113&amp;utm_campaign=Track%2B&amp;utm_medium=video&amp;utm_source=telegram.sunoresearch\" target=\"_blank\" rel=\"noreferrer noopener\">clique aqui<\/a><\/strong>.<a href=\"https:\/\/lp.suno.com.br\/planilha-da-vida-financeira\/?_fs=16412753060-15131594205\" target=\"_blank\" rel=\"noreferrer noopener\"><\/a><a href=\"https:\/\/lp.suno.com.br\/planilha-da-vida-financeira\/?_fs=16412753060-15131594205\" target=\"_blank\" rel=\"noreferrer noopener\"><\/a><a href=\"https:\/\/lp.suno.com.br\/planilha-da-vida-financeira\/?_fs=16412753060-15131594205\" target=\"_blank\" rel=\"noreferrer noopener\"><\/a><a href=\"https:\/\/lp.suno.com.br\/planilha-da-vida-financeira\/?_fs=16412753060-15131594205\" target=\"_blank\" rel=\"noreferrer noopener\"><\/a><a href=\"https:\/\/lp.suno.com.br\/planilha-da-vida-financeira\/?_fs=16412753060-15131594205\" target=\"_blank\" rel=\"noreferrer noopener\"><\/a><a href=\"https:\/\/lp.suno.com.br\/planilha-da-vida-financeira\/?_fs=16412753060-15131594205\" target=\"_blank\" rel=\"noreferrer noopener\"><\/a><\/p>\n\n\n\t<p>\n\t\t<a href=\"https:\/\/lp.suno.com.br\/planilha-da-vida-financeira\/\" target=\"_blank\" data-element=\"shortcode-suno-banner\" title=\"Banner SUNO, clique e saiba mais\">\n\t\t\t<picture>\n\t\t\t\t<source media=\"(max-width: 500px)\" srcset=\"https:\/\/files.sunoresearch.com.br\/n\/uploads\/2023\/04\/400x300-Planilha-vida-financeira-true.png\">\n\t\t\t\t<img class=\"newsContent__article__imgCapa newsContent__article__imgCapa--banner\"\n\t\t\t\t\tsrc=\"https:\/\/files.sunoresearch.com.br\/n\/uploads\/2023\/04\/1420x240-Planilha-vida-financeira-true.png\"\n\t\t\t\t\tdata-promo-id=\"383123\"\t\t\t\t\t\t\t\t\t\twidth='1420' height='240'\t\t\t\t\talt=\"https:\/\/files.sunoresearch.com.br\/n\/uploads\/2023\/04\/1420x240-Planilha-vida-financeira-true.png\"\n\t\t\t\t>\n\t\t\t<\/picture>\n\t\t<\/a>\n\t<\/p>\n\n\n","protected":false},"excerpt":{"rendered":"<p>O&nbsp;conselho de administra\u00e7\u00e3o&nbsp;da&nbsp;Telef\u00f4nica&nbsp;(VIVT3)&nbsp;aprovou a declara\u00e7\u00e3o de&nbsp;juros sobre capital pr\u00f3prio&nbsp;(JCP) no valor de R$ 265 milh\u00f5es, conforme comunicado pela empresa nesta ter\u00e7a-feira (15). Orelh\u00f5es, telefones p\u00fablicos. Foto: Reprodu\u00e7\u00e3o\/TV Brasil Considerando a reten\u00e7\u00e3o do imposto de renda na fonte, com al\u00edquota de 15%, o&nbsp;JCP da Telef\u00f4nica&nbsp;tem o valor l\u00edquido de R$ 225,25 milh\u00f5es, conforme balan\u00e7o patrimonial de [&hellip;]<\/p>\n","protected":false},"author":227,"featured_media":330473,"comment_status":"closed","ping_status":"closed","sticky":false,"template":"","format":"standard","meta":[],"categories":[64],"tags":[397,455,659,106935,596],"suno_strategy":[],"class_list":["post-443321","post","type-post","status-publish","format-standard","has-post-thumbnail","hentry","category-negocios","tag-brf-brfs3","tag-eletrobras-elet3-elet5-elet6","tag-telefonica-vivt3","tag-via-viia3","tag-vibra-energia-vbbr3"],"yoast_head":"<!-- This site is optimized with the Yoast SEO plugin v24.4 - https:\/\/yoast.com\/wordpress\/plugins\/seo\/ -->\n<title>Radar: Telef\u00f4nica (VIVT3)\u00a0anuncia JCP milion\u00e1rio, Nubank (ROXO34) reverte preju\u00edzo no 2T23 e a\u00e7\u00f5es da Via (VIIA3) acumulam perdas de 53%<\/title>\n<meta name=\"description\" content=\"Radar: Telef\u00f4nica (VIVT3)\u00a0anuncia JCP milion\u00e1rio, Nubank (ROXO34) reverte preju\u00edzo no 2T23 e a\u00e7\u00f5es de Via (VIIA3) \u00e9 desvalorizada\" \/>\n<meta name=\"robots\" content=\"index, follow, max-snippet:-1, max-image-preview:large, max-video-preview:-1\" \/>\n<link rel=\"canonical\" href=\"https:\/\/www.suno.com.br\/noticias\/radar-telefonica-vivt3-nubank-roxo34-via-viia3\/\" \/>\n<meta property=\"og:locale\" content=\"pt_BR\" \/>\n<meta property=\"og:type\" content=\"article\" \/>\n<meta property=\"og:title\" content=\"Radar: Telef\u00f4nica (VIVT3)\u00a0anuncia JCP milion\u00e1rio, Nubank (ROXO34) reverte preju\u00edzo no 2T23 e a\u00e7\u00f5es da Via (VIIA3) acumulam perdas de 53%\" \/>\n<meta property=\"og:description\" content=\"Radar: Telef\u00f4nica (VIVT3)\u00a0anuncia JCP milion\u00e1rio, Nubank (ROXO34) reverte preju\u00edzo no 2T23 e a\u00e7\u00f5es de Via (VIIA3) \u00e9 desvalorizada\" \/>\n<meta property=\"og:url\" content=\"https:\/\/www.suno.com.br\/noticias\/radar-telefonica-vivt3-nubank-roxo34-via-viia3\/\" \/>\n<meta property=\"og:site_name\" content=\"Suno Not\u00edcias\" \/>\n<meta property=\"article:publisher\" content=\"https:\/\/facebook.com\/sunoresearch\" \/>\n<meta property=\"og:image\" content=\"https:\/\/files.sunoresearch.com.br\/n\/uploads\/2022\/12\/orelhoes-aparelhos-telefonicos-foto-reproducao-tvbrasil.jpg\" \/>\n\t<meta property=\"og:image:width\" content=\"1200\" \/>\n\t<meta property=\"og:image:height\" content=\"675\" \/>\n\t<meta property=\"og:image:type\" content=\"image\/jpeg\" \/>\n<meta name=\"author\" content=\"Vanessa Loiola\" \/>\n<meta name=\"twitter:card\" content=\"summary_large_image\" \/>\n<meta name=\"twitter:creator\" content=\"@sunoresearch\" \/>\n<meta name=\"twitter:site\" content=\"@sunoresearch\" \/>\n<meta name=\"twitter:label1\" content=\"Escrito por\" \/>\n\t<meta name=\"twitter:data1\" content=\"Vanessa Loiola\" \/>\n\t<meta name=\"twitter:label2\" content=\"Est. tempo de leitura\" \/>\n\t<meta name=\"twitter:data2\" content=\"11 minutos\" \/>\n<script type=\"application\/ld+json\" class=\"yoast-schema-graph\">{\"@context\":\"https:\/\/schema.org\",\"@graph\":[{\"@type\":\"NewsArticle\",\"@id\":\"https:\/\/www.suno.com.br\/noticias\/radar-telefonica-vivt3-nubank-roxo34-via-viia3\/#article\",\"isPartOf\":{\"@id\":\"https:\/\/www.suno.com.br\/noticias\/radar-telefonica-vivt3-nubank-roxo34-via-viia3\/\"},\"author\":{\"name\":\"Vanessa Loiola\",\"@id\":\"https:\/\/www.suno.com.br\/noticias\/#\/schema\/person\/450c455ecff319bab1f1a0e643451479\"},\"headline\":\"Radar: Telef\u00f4nica (VIVT3)\u00a0anuncia JCP milion\u00e1rio, Nubank (ROXO34) reverte preju\u00edzo no 2T23 e a\u00e7\u00f5es da Via (VIIA3) acumulam perdas de 53%\",\"datePublished\":\"2023-08-16T00:52:48+00:00\",\"dateModified\":\"2023-08-16T00:53:03+00:00\",\"mainEntityOfPage\":{\"@id\":\"https:\/\/www.suno.com.br\/noticias\/radar-telefonica-vivt3-nubank-roxo34-via-viia3\/\"},\"wordCount\":2151,\"publisher\":{\"@id\":\"https:\/\/www.suno.com.br\/noticias\/#organization\"},\"image\":{\"@id\":\"https:\/\/www.suno.com.br\/noticias\/radar-telefonica-vivt3-nubank-roxo34-via-viia3\/#primaryimage\"},\"thumbnailUrl\":\"https:\/\/files.sunoresearch.com.br\/n\/uploads\/2022\/12\/orelhoes-aparelhos-telefonicos-foto-reproducao-tvbrasil.jpg\",\"keywords\":[\"BRF (BRFS3)\",\"Eletrobras (ELET3\/ELET5\/ELET6)\",\"Telef\u00f4nica (VIVT3)\",\"Via (VIIA3)\",\"Vibra Energia (VBBR3)\"],\"articleSection\":[\"Neg\u00f3cios\"],\"inLanguage\":\"pt-BR\"},{\"@type\":\"WebPage\",\"@id\":\"https:\/\/www.suno.com.br\/noticias\/radar-telefonica-vivt3-nubank-roxo34-via-viia3\/\",\"url\":\"https:\/\/www.suno.com.br\/noticias\/radar-telefonica-vivt3-nubank-roxo34-via-viia3\/\",\"name\":\"Radar: Telef\u00f4nica (VIVT3)\u00a0anuncia JCP milion\u00e1rio, Nubank (ROXO34) reverte preju\u00edzo no 2T23 e a\u00e7\u00f5es da Via (VIIA3) acumulam perdas de 53%\",\"isPartOf\":{\"@id\":\"https:\/\/www.suno.com.br\/noticias\/#website\"},\"primaryImageOfPage\":{\"@id\":\"https:\/\/www.suno.com.br\/noticias\/radar-telefonica-vivt3-nubank-roxo34-via-viia3\/#primaryimage\"},\"image\":{\"@id\":\"https:\/\/www.suno.com.br\/noticias\/radar-telefonica-vivt3-nubank-roxo34-via-viia3\/#primaryimage\"},\"thumbnailUrl\":\"https:\/\/files.sunoresearch.com.br\/n\/uploads\/2022\/12\/orelhoes-aparelhos-telefonicos-foto-reproducao-tvbrasil.jpg\",\"datePublished\":\"2023-08-16T00:52:48+00:00\",\"dateModified\":\"2023-08-16T00:53:03+00:00\",\"description\":\"Radar: Telef\u00f4nica (VIVT3)\u00a0anuncia JCP milion\u00e1rio, Nubank (ROXO34) reverte preju\u00edzo no 2T23 e a\u00e7\u00f5es de Via (VIIA3) \u00e9 desvalorizada\",\"breadcrumb\":{\"@id\":\"https:\/\/www.suno.com.br\/noticias\/radar-telefonica-vivt3-nubank-roxo34-via-viia3\/#breadcrumb\"},\"inLanguage\":\"pt-BR\",\"potentialAction\":[{\"@type\":\"ReadAction\",\"target\":[\"https:\/\/www.suno.com.br\/noticias\/radar-telefonica-vivt3-nubank-roxo34-via-viia3\/\"]}]},{\"@type\":\"ImageObject\",\"inLanguage\":\"pt-BR\",\"@id\":\"https:\/\/www.suno.com.br\/noticias\/radar-telefonica-vivt3-nubank-roxo34-via-viia3\/#primaryimage\",\"url\":\"https:\/\/files.sunoresearch.com.br\/n\/uploads\/2022\/12\/orelhoes-aparelhos-telefonicos-foto-reproducao-tvbrasil.jpg\",\"contentUrl\":\"https:\/\/files.sunoresearch.com.br\/n\/uploads\/2022\/12\/orelhoes-aparelhos-telefonicos-foto-reproducao-tvbrasil.jpg\",\"width\":1200,\"height\":675,\"caption\":\"Orelh\u00f5es, telefones p\u00fablicos. Foto: Reprodu\u00e7\u00e3o\/TV Brasil\"},{\"@type\":\"BreadcrumbList\",\"@id\":\"https:\/\/www.suno.com.br\/noticias\/radar-telefonica-vivt3-nubank-roxo34-via-viia3\/#breadcrumb\",\"itemListElement\":[{\"@type\":\"ListItem\",\"position\":1,\"name\":\"Not\u00edcias\",\"item\":\"https:\/\/www.suno.com.br\/noticias\/\"},{\"@type\":\"ListItem\",\"position\":2,\"name\":\"Neg\u00f3cios\",\"item\":\"https:\/\/www.suno.com.br\/noticias\/negocios\/\"},{\"@type\":\"ListItem\",\"position\":3,\"name\":\"Radar: Telef\u00f4nica (VIVT3)\u00a0anuncia JCP milion\u00e1rio, Nubank (ROXO34) reverte preju\u00edzo no 2T23 e a\u00e7\u00f5es da Via (VIIA3) acumulam perdas de 53%\"}]},{\"@type\":\"WebSite\",\"@id\":\"https:\/\/www.suno.com.br\/noticias\/#website\",\"url\":\"https:\/\/www.suno.com.br\/noticias\/\",\"name\":\"Suno Not\u00edcias\",\"description\":\"Seu portal de informa\u00e7\u00e3o sobre o mundo dos investimentos\",\"publisher\":{\"@id\":\"https:\/\/www.suno.com.br\/noticias\/#organization\"},\"potentialAction\":[{\"@type\":\"SearchAction\",\"target\":{\"@type\":\"EntryPoint\",\"urlTemplate\":\"https:\/\/www.suno.com.br\/noticias\/?s={search_term_string}\"},\"query-input\":{\"@type\":\"PropertyValueSpecification\",\"valueRequired\":true,\"valueName\":\"search_term_string\"}}],\"inLanguage\":\"pt-BR\"},{\"@type\":\"Organization\",\"@id\":\"https:\/\/www.suno.com.br\/noticias\/#organization\",\"name\":\"Suno Not\u00edcias\",\"url\":\"https:\/\/www.suno.com.br\/noticias\/\",\"logo\":{\"@type\":\"ImageObject\",\"inLanguage\":\"pt-BR\",\"@id\":\"https:\/\/www.suno.com.br\/noticias\/#\/schema\/logo\/image\/\",\"url\":\"https:\/\/files.sunoresearch.com.br\/n\/uploads\/2021\/09\/suno-logo.png\",\"contentUrl\":\"https:\/\/files.sunoresearch.com.br\/n\/uploads\/2021\/09\/suno-logo.png\",\"width\":180,\"height\":180,\"caption\":\"Suno Not\u00edcias\"},\"image\":{\"@id\":\"https:\/\/www.suno.com.br\/noticias\/#\/schema\/logo\/image\/\"},\"sameAs\":[\"https:\/\/facebook.com\/sunoresearch\",\"https:\/\/x.com\/sunoresearch\",\"https:\/\/www.instagram.com\/suno\",\"https:\/\/www.linkedin.com\/company\/suno-research\/\",\"https:\/\/www.youtube.com\/c\/sunoresearch\"]},{\"@type\":\"Person\",\"@id\":\"https:\/\/www.suno.com.br\/noticias\/#\/schema\/person\/450c455ecff319bab1f1a0e643451479\",\"name\":\"Vanessa Loiola\",\"image\":{\"@type\":\"ImageObject\",\"inLanguage\":\"pt-BR\",\"@id\":\"https:\/\/www.suno.com.br\/noticias\/#\/schema\/person\/image\/\",\"url\":\"https:\/\/secure.gravatar.com\/avatar\/8b41117f9780831919eb38da349c3f20?s=96&r=g\",\"contentUrl\":\"https:\/\/secure.gravatar.com\/avatar\/8b41117f9780831919eb38da349c3f20?s=96&r=g\",\"caption\":\"Vanessa Loiola\"},\"description\":\"Jornalista formada pela PUC-SP, com experi\u00eancia na cobertura das editorias de economia, finan\u00e7as, bolsa de valores, pol\u00edtica, energia solar e entretenimento. Com passagem pela BM&amp;C News e RedeTV!\",\"url\":\"https:\/\/www.suno.com.br\/noticias\/author\/vanessal-loiolagmail-com\/\"}]}<\/script>\n<!-- \/ Yoast SEO plugin. -->","yoast_head_json":{"title":"Radar: Telef\u00f4nica (VIVT3)\u00a0anuncia JCP milion\u00e1rio, Nubank (ROXO34) reverte preju\u00edzo no 2T23 e a\u00e7\u00f5es da Via (VIIA3) acumulam perdas de 53%","description":"Radar: Telef\u00f4nica (VIVT3)\u00a0anuncia JCP milion\u00e1rio, Nubank (ROXO34) reverte preju\u00edzo no 2T23 e a\u00e7\u00f5es de Via (VIIA3) \u00e9 desvalorizada","robots":{"index":"index","follow":"follow","max-snippet":"max-snippet:-1","max-image-preview":"max-image-preview:large","max-video-preview":"max-video-preview:-1"},"canonical":"https:\/\/www.suno.com.br\/noticias\/radar-telefonica-vivt3-nubank-roxo34-via-viia3\/","og_locale":"pt_BR","og_type":"article","og_title":"Radar: Telef\u00f4nica (VIVT3)\u00a0anuncia JCP milion\u00e1rio, Nubank (ROXO34) reverte preju\u00edzo no 2T23 e a\u00e7\u00f5es da Via (VIIA3) acumulam perdas de 53%","og_description":"Radar: Telef\u00f4nica (VIVT3)\u00a0anuncia JCP milion\u00e1rio, Nubank (ROXO34) reverte preju\u00edzo no 2T23 e a\u00e7\u00f5es de Via (VIIA3) \u00e9 desvalorizada","og_url":"https:\/\/www.suno.com.br\/noticias\/radar-telefonica-vivt3-nubank-roxo34-via-viia3\/","og_site_name":"Suno Not\u00edcias","article_publisher":"https:\/\/facebook.com\/sunoresearch","og_image":[{"width":1200,"height":675,"url":"https:\/\/files.sunoresearch.com.br\/n\/uploads\/2022\/12\/orelhoes-aparelhos-telefonicos-foto-reproducao-tvbrasil.jpg","type":"image\/jpeg"}],"author":"Vanessa Loiola","twitter_card":"summary_large_image","twitter_creator":"@sunoresearch","twitter_site":"@sunoresearch","twitter_misc":{"Escrito por":"Vanessa Loiola","Est. tempo de leitura":"11 minutos"},"schema":{"@context":"https:\/\/schema.org","@graph":[{"@type":"NewsArticle","@id":"https:\/\/www.suno.com.br\/noticias\/radar-telefonica-vivt3-nubank-roxo34-via-viia3\/#article","isPartOf":{"@id":"https:\/\/www.suno.com.br\/noticias\/radar-telefonica-vivt3-nubank-roxo34-via-viia3\/"},"author":{"name":"Vanessa Loiola","@id":"https:\/\/www.suno.com.br\/noticias\/#\/schema\/person\/450c455ecff319bab1f1a0e643451479"},"headline":"Radar: Telef\u00f4nica (VIVT3)\u00a0anuncia JCP milion\u00e1rio, Nubank (ROXO34) reverte preju\u00edzo no 2T23 e a\u00e7\u00f5es da Via (VIIA3) acumulam perdas de 53%","datePublished":"2023-08-16T00:52:48+00:00","dateModified":"2023-08-16T00:53:03+00:00","mainEntityOfPage":{"@id":"https:\/\/www.suno.com.br\/noticias\/radar-telefonica-vivt3-nubank-roxo34-via-viia3\/"},"wordCount":2151,"publisher":{"@id":"https:\/\/www.suno.com.br\/noticias\/#organization"},"image":{"@id":"https:\/\/www.suno.com.br\/noticias\/radar-telefonica-vivt3-nubank-roxo34-via-viia3\/#primaryimage"},"thumbnailUrl":"https:\/\/files.sunoresearch.com.br\/n\/uploads\/2022\/12\/orelhoes-aparelhos-telefonicos-foto-reproducao-tvbrasil.jpg","keywords":["BRF (BRFS3)","Eletrobras (ELET3\/ELET5\/ELET6)","Telef\u00f4nica (VIVT3)","Via (VIIA3)","Vibra Energia (VBBR3)"],"articleSection":["Neg\u00f3cios"],"inLanguage":"pt-BR"},{"@type":"WebPage","@id":"https:\/\/www.suno.com.br\/noticias\/radar-telefonica-vivt3-nubank-roxo34-via-viia3\/","url":"https:\/\/www.suno.com.br\/noticias\/radar-telefonica-vivt3-nubank-roxo34-via-viia3\/","name":"Radar: Telef\u00f4nica (VIVT3)\u00a0anuncia JCP milion\u00e1rio, Nubank (ROXO34) reverte preju\u00edzo no 2T23 e a\u00e7\u00f5es da Via (VIIA3) acumulam perdas de 53%","isPartOf":{"@id":"https:\/\/www.suno.com.br\/noticias\/#website"},"primaryImageOfPage":{"@id":"https:\/\/www.suno.com.br\/noticias\/radar-telefonica-vivt3-nubank-roxo34-via-viia3\/#primaryimage"},"image":{"@id":"https:\/\/www.suno.com.br\/noticias\/radar-telefonica-vivt3-nubank-roxo34-via-viia3\/#primaryimage"},"thumbnailUrl":"https:\/\/files.sunoresearch.com.br\/n\/uploads\/2022\/12\/orelhoes-aparelhos-telefonicos-foto-reproducao-tvbrasil.jpg","datePublished":"2023-08-16T00:52:48+00:00","dateModified":"2023-08-16T00:53:03+00:00","description":"Radar: Telef\u00f4nica (VIVT3)\u00a0anuncia JCP milion\u00e1rio, Nubank (ROXO34) reverte preju\u00edzo no 2T23 e a\u00e7\u00f5es de Via (VIIA3) \u00e9 desvalorizada","breadcrumb":{"@id":"https:\/\/www.suno.com.br\/noticias\/radar-telefonica-vivt3-nubank-roxo34-via-viia3\/#breadcrumb"},"inLanguage":"pt-BR","potentialAction":[{"@type":"ReadAction","target":["https:\/\/www.suno.com.br\/noticias\/radar-telefonica-vivt3-nubank-roxo34-via-viia3\/"]}]},{"@type":"ImageObject","inLanguage":"pt-BR","@id":"https:\/\/www.suno.com.br\/noticias\/radar-telefonica-vivt3-nubank-roxo34-via-viia3\/#primaryimage","url":"https:\/\/files.sunoresearch.com.br\/n\/uploads\/2022\/12\/orelhoes-aparelhos-telefonicos-foto-reproducao-tvbrasil.jpg","contentUrl":"https:\/\/files.sunoresearch.com.br\/n\/uploads\/2022\/12\/orelhoes-aparelhos-telefonicos-foto-reproducao-tvbrasil.jpg","width":1200,"height":675,"caption":"Orelh\u00f5es, telefones p\u00fablicos. Foto: Reprodu\u00e7\u00e3o\/TV Brasil"},{"@type":"BreadcrumbList","@id":"https:\/\/www.suno.com.br\/noticias\/radar-telefonica-vivt3-nubank-roxo34-via-viia3\/#breadcrumb","itemListElement":[{"@type":"ListItem","position":1,"name":"Not\u00edcias","item":"https:\/\/www.suno.com.br\/noticias\/"},{"@type":"ListItem","position":2,"name":"Neg\u00f3cios","item":"https:\/\/www.suno.com.br\/noticias\/negocios\/"},{"@type":"ListItem","position":3,"name":"Radar: Telef\u00f4nica (VIVT3)\u00a0anuncia JCP milion\u00e1rio, Nubank (ROXO34) reverte preju\u00edzo no 2T23 e a\u00e7\u00f5es da Via (VIIA3) acumulam perdas de 53%"}]},{"@type":"WebSite","@id":"https:\/\/www.suno.com.br\/noticias\/#website","url":"https:\/\/www.suno.com.br\/noticias\/","name":"Suno Not\u00edcias","description":"Seu portal de informa\u00e7\u00e3o sobre o mundo dos investimentos","publisher":{"@id":"https:\/\/www.suno.com.br\/noticias\/#organization"},"potentialAction":[{"@type":"SearchAction","target":{"@type":"EntryPoint","urlTemplate":"https:\/\/www.suno.com.br\/noticias\/?s={search_term_string}"},"query-input":{"@type":"PropertyValueSpecification","valueRequired":true,"valueName":"search_term_string"}}],"inLanguage":"pt-BR"},{"@type":"Organization","@id":"https:\/\/www.suno.com.br\/noticias\/#organization","name":"Suno Not\u00edcias","url":"https:\/\/www.suno.com.br\/noticias\/","logo":{"@type":"ImageObject","inLanguage":"pt-BR","@id":"https:\/\/www.suno.com.br\/noticias\/#\/schema\/logo\/image\/","url":"https:\/\/files.sunoresearch.com.br\/n\/uploads\/2021\/09\/suno-logo.png","contentUrl":"https:\/\/files.sunoresearch.com.br\/n\/uploads\/2021\/09\/suno-logo.png","width":180,"height":180,"caption":"Suno Not\u00edcias"},"image":{"@id":"https:\/\/www.suno.com.br\/noticias\/#\/schema\/logo\/image\/"},"sameAs":["https:\/\/facebook.com\/sunoresearch","https:\/\/x.com\/sunoresearch","https:\/\/www.instagram.com\/suno","https:\/\/www.linkedin.com\/company\/suno-research\/","https:\/\/www.youtube.com\/c\/sunoresearch"]},{"@type":"Person","@id":"https:\/\/www.suno.com.br\/noticias\/#\/schema\/person\/450c455ecff319bab1f1a0e643451479","name":"Vanessa Loiola","image":{"@type":"ImageObject","inLanguage":"pt-BR","@id":"https:\/\/www.suno.com.br\/noticias\/#\/schema\/person\/image\/","url":"https:\/\/secure.gravatar.com\/avatar\/8b41117f9780831919eb38da349c3f20?s=96&r=g","contentUrl":"https:\/\/secure.gravatar.com\/avatar\/8b41117f9780831919eb38da349c3f20?s=96&r=g","caption":"Vanessa Loiola"},"description":"Jornalista formada pela PUC-SP, com experi\u00eancia na cobertura das editorias de economia, finan\u00e7as, bolsa de valores, pol\u00edtica, energia solar e entretenimento. Com passagem pela BM&amp;C News e RedeTV!","url":"https:\/\/www.suno.com.br\/noticias\/author\/vanessal-loiolagmail-com\/"}]}},"default_loop_html":"<div class=\"cardsPage__listCard__boxs\"><div class=\"cardsPage__listCard__boxs__img\"><a href=\"https:\/\/www.suno.com.br\/noticias\/radar-telefonica-vivt3-nubank-roxo34-via-viia3\/\"><img class=\"mask\" src=\"https:\/\/www.suno.com.br\/noticias\/wp-content\/themes\/suno\/resources\/images\/spotlight\/spotlight1img\/bg-mask.png\" alt=\"Image Mask\"\/><img src=\"https:\/\/files.sunoresearch.com.br\/n\/uploads\/2022\/12\/orelhoes-aparelhos-telefonicos-foto-reproducao-tvbrasil-400x200.jpg\" alt=\"Radar: Telef\u00f4nica (VIVT3)\u00a0anuncia JCP milion\u00e1rio, Nubank (ROXO34) reverte preju\u00edzo no 2T23 e a\u00e7\u00f5es da Via (VIIA3) acumulam perdas de 53%\"\/><\/a><span class=\"spotlightCategory\"><a href=\"https:\/\/www.suno.com.br\/noticias\/negocios\/\">Neg\u00f3cios<\/a><\/span><\/div><div class=\"cardsPage__listCard__boxs__content\"><a href=\"https:\/\/www.suno.com.br\/noticias\/radar-telefonica-vivt3-nubank-roxo34-via-viia3\/\"><h2 class=\"content__title\">Radar: Telef\u00f4nica (VIVT3)\u00a0anuncia JCP milion\u00e1rio, Nubank (ROXO34) reverte preju\u00edzo no 2T23 e a\u00e7\u00f5es da Via (VIIA3) acumulam perdas de 53%<\/h2><\/a><div class=\"newsContent__article__meta\"><div class=\"newsContent__article__meta__authorBox\"><a href=\"https:\/\/www.suno.com.br\/noticias\/author\/vanessal-loiolagmail-com\/\" class=\"authorBox__avatar noMobi\"><img src=\"https:\/\/secure.gravatar.com\/avatar\/8b41117f9780831919eb38da349c3f20?s=96&#038;r=g\" alt=\"Vanessa Loiola\"><\/a><div class=\"authorBox__name\"><span>por\n\t\t\t<a href=\"https:\/\/www.suno.com.br\/noticias\/author\/vanessal-loiolagmail-com\/\"><span itemprop=\"author\">Vanessa Loiola<\/span><\/a><\/span><time datetime=\"2023-08-15T21:52:48-03:00\" itemprop=\"datePublished\">15\/08\/2023 21:52<\/time><\/div><\/div><\/div><\/div><\/div>","single_layout":"posts","amp_enabled":true,"_links":{"self":[{"href":"https:\/\/www.suno.com.br\/noticias\/wp-json\/wp\/v2\/posts\/443321"}],"collection":[{"href":"https:\/\/www.suno.com.br\/noticias\/wp-json\/wp\/v2\/posts"}],"about":[{"href":"https:\/\/www.suno.com.br\/noticias\/wp-json\/wp\/v2\/types\/post"}],"author":[{"embeddable":true,"href":"https:\/\/www.suno.com.br\/noticias\/wp-json\/wp\/v2\/users\/227"}],"replies":[{"embeddable":true,"href":"https:\/\/www.suno.com.br\/noticias\/wp-json\/wp\/v2\/comments?post=443321"}],"version-history":[{"count":2,"href":"https:\/\/www.suno.com.br\/noticias\/wp-json\/wp\/v2\/posts\/443321\/revisions"}],"predecessor-version":[{"id":443347,"href":"https:\/\/www.suno.com.br\/noticias\/wp-json\/wp\/v2\/posts\/443321\/revisions\/443347"}],"wp:featuredmedia":[{"embeddable":true,"href":"https:\/\/www.suno.com.br\/noticias\/wp-json\/wp\/v2\/media\/330473"}],"wp:attachment":[{"href":"https:\/\/www.suno.com.br\/noticias\/wp-json\/wp\/v2\/media?parent=443321"}],"wp:term":[{"taxonomy":"category","embeddable":true,"href":"https:\/\/www.suno.com.br\/noticias\/wp-json\/wp\/v2\/categories?post=443321"},{"taxonomy":"post_tag","embeddable":true,"href":"https:\/\/www.suno.com.br\/noticias\/wp-json\/wp\/v2\/tags?post=443321"},{"taxonomy":"suno_strategy","embeddable":true,"href":"https:\/\/www.suno.com.br\/noticias\/wp-json\/wp\/v2\/suno_strategy?post=443321"}],"curies":[{"name":"wp","href":"https:\/\/api.w.org\/{rel}","templated":true}]}}