{"id":443192,"date":"2023-08-16T13:14:49","date_gmt":"2023-08-16T16:14:49","guid":{"rendered":"https:\/\/www.suno.com.br\/noticias\/?p=443192"},"modified":"2023-08-16T13:14:57","modified_gmt":"2023-08-16T16:14:57","slug":"americanas-amer3-negociacoes-delacao-premiada-gpj","status":"publish","type":"post","link":"https:\/\/www.suno.com.br\/noticias\/americanas-amer3-negociacoes-delacao-premiada-gpj\/","title":{"rendered":"Americanas (AMER3): negocia\u00e7\u00f5es de dela\u00e7\u00e3o premiada est\u00e3o em curso, diz procurador"},"content":{"rendered":"<p>O procurador do Minist\u00e9rio P\u00fablico Federal (MPF) Jos\u00e9 Maria Panoeiro, respons\u00e1vel pela investiga\u00e7\u00e3o da fraude cont\u00e1bil que levou ao rombo de mais de R$ 20 bilh\u00f5es da <strong>Americanas<\/strong> (AMER3), disse nesta ter\u00e7a-feira (15) que existem negocia\u00e7\u00f5es em curso para acordos de dela\u00e7\u00e3o premiada na condu\u00e7\u00e3o das investiga\u00e7\u00f5es.<\/p>\t<div class=\"wrapper-featured-image\">\n\t\t<figure class=\"spotlightImg\">\n\n\t\t\t<picture>\n\t\t\t\t<source media=\"(max-width: 768px)\" srcset=\"https:\/\/files.sunoresearch.com.br\/n\/uploads\/2023\/01\/Americanas-divulgacao-400x200.jpg\">\n\t\t\t\t<img loading=\"lazy\" decoding=\"async\" class=\"newsContent__article__imgCapa lazyloadDisabled \" src=\"https:\/\/files.sunoresearch.com.br\/n\/uploads\/2023\/01\/Americanas-divulgacao-800x450.jpg\" width=\"800\" height=\"450\" alt=\"Americanas (AMER3): negocia\u00e7\u00f5es de dela\u00e7\u00e3o premiada est\u00e3o em curso, diz procurador\" fetchpriority=high \/>\n\t\t\t<\/picture>\n\n\t\t\t<figcaption class=\"wp-caption-text wp-caption-text--show\">MAXR11, Americanas (AMER3). Foto: Divulga\u00e7\u00e3o<\/figcaption>\n\t\t<\/figure>\n\t<\/div>\n\n\n\n\n\n\n\n\t<p>\n\t\t<a href=\"\" target=\"_blank\" data-element=\"shortcode-suno-banner\" title=\"Banner SUNO, clique e saiba mais\">\n\t\t\t<picture>\n\t\t\t\t<source media=\"(max-width: 500px)\" srcset=\"\">\n\t\t\t\t<img class=\"newsContent__article__imgCapa newsContent__article__imgCapa--banner\"\n\t\t\t\t\tsrc=\"\"\n\t\t\t\t\tdata-promo-id=\"265277\"\t\t\t\t\t\t\t\t\t\t\t\t\t\t\talt=\"\"\n\t\t\t\t>\n\t\t\t<\/picture>\n\t\t<\/a>\n\t<\/p>\n\n\n\n\n\n<p>Em audi\u00eancia p\u00fablica da <strong>Comiss\u00e3o de Inqu\u00e9rito Parlamentar (CPI)<\/strong> da C\u00e2mara dos Deputados que investiga o caso, Panoeiro disse que, no caso da <strong>varejista<\/strong>, as apura\u00e7\u00f5es mostram possibilidade de delito de a\u00e7\u00e3o criminosa, associa\u00e7\u00e3o criminosa, falsidade ideol\u00f3gica e <a href=\"https:\/\/www.suno.com.br\/artigos\/insider-trading\/\">insider trading<\/a>.<\/p>\n\n\n\n<p>&#8220;Costumo dizer que, em delitos de empresas, a cadeia decis\u00f3ria da companhia normalmente \u00e9 envolvida&#8221;, disse ele aos parlamentares.<\/p>\n\n\n\n<p>Para ele, cargos como os de CEO, diretor presidente, diretor financeiro, diretor de controladoria e de rela\u00e7\u00f5es com o mercado s\u00e3o exemplos de executivos que, pela sua experi\u00eancia, teriam conhecimento de uma fraude da magnitude da Americanas.<\/p>\n\n\n\n<p>&#8220;Ficam perguntas sobre o conhecimento e participa\u00e7\u00e3o a acionistas de refer\u00eancia&#8221;, afirmou Panoeiro.<\/p>\n\n\n\n<p>Ele disse que, no entanto, as investiga\u00e7\u00f5es est\u00e3o em curso e que ainda n\u00e3o houve indiciamentos. &#8220;Mais cedo ou mais tarde algumas medidas cautelares devem ser necess\u00e1rias&#8221;, afirmou.<\/p>\n\n\n\n<p>Acrescentou ainda que acredita que o acesso a mensagens que envolvem a diretoria da companhia e o <a href=\"https:\/\/www.suno.com.br\/artigos\/conselho-administracao\/\">conselho de administra\u00e7\u00e3o<\/a> e processos que envolvem bancos t\u00eam, at\u00e9 agora, per\u00edodo de tempo limitado. A seu ver, por\u00e9m, \u00e9 preciso haver investiga\u00e7\u00f5es anteriores. &#8220;Uni\u00e3o de B2W com Americanas precisa ser investigada&#8221;, disse.<\/p>\n\n\n\n<p>Ele entende que, quando o rombo veio \u00e0 tona, a companhia j\u00e1 se preparava para trazer as informa\u00e7\u00f5es ao p\u00fablico. &#8220;J\u00e1 havia um c\u00e1lculo&#8221;, diz. A seu ver, \u00e9 preciso saber se as pr\u00e1ticas datam de antes da fus\u00e3o das duas empresas.<\/p>\n\n\n\n\t<div data-element=\"shortcode-read-more\" class=\"readToo\">\n\t\t\t\t<span class=\"readToo__title\">Leia mais<\/span>\n\t\t\t\t<ul class=\"readToo__list\">\n\t\t\t<li><a href=\"https:\/\/www.suno.com.br\/noticias\/americanas-amer3-demite-pessoas-meses-cpf\/\">Americanas (AMER3): Com mais 754 cortes, varejista chega a 8 mil demiss\u00f5es em 7 meses<\/a><\/li><li><a href=\"https:\/\/www.suno.com.br\/noticias\/americanas-amer3-fraude-credores-empaca-evm\/\">Com fraude, Americanas (AMER3) empaca em acordo com credores<\/a><\/li><li><a href=\"https:\/\/www.suno.com.br\/noticias\/americanas-amer3-encerra-junho-com-caixa-disponivel-final-de-r-14-bi-gpj\/\">Americanas (AMER3) encerra junho com caixa dispon\u00edvel final de R$ 1,4 bi; Entenda<\/a><\/li>\t\t<\/ul>\n\t<\/div>\n\n\n\n\n<h2 class=\"wp-block-heading\">Em CPI, ex-diretor diz que n\u00e3o foi respons\u00e1vel pela \u00e1rea cont\u00e1bil e financeira da Americanas<\/h2>\n\n\n\n<p>Ex-diretor da Americanas, Marcio Cruz prestou depoimento \u00e0 Comiss\u00e3o de Inqu\u00e9rito Parlamentar (CPI) da C\u00e2mara dos Deputados que investiga a fraude na companhia. Ele afirmou que, nos 28 anos em que trabalhou na companhia, n\u00e3o foi respons\u00e1vel pela \u00e1rea cont\u00e1bil e financeira da varejista.<\/p>\n\n\n\n<p>Ele disse que v\u00ea com estranheza o fato de que o Comit\u00ea Independente de Investiga\u00e7\u00e3o da empresa tenha fornecido, antes da conclus\u00e3o de seus trabalhos, documentos para que o Conselho de Administra\u00e7\u00e3o da companhia elaborasse o material apresentado pelo atual CEO da Americanas \u00e0 CPI.<\/p>\n\n\n\n<p>Afirmando n\u00e3o ter tido acesso aos documentos em quest\u00e3o, o ex-executivo, que compareceu \u00e0 audi\u00eancia p\u00fablica com habeas corpus que garantia o seu sil\u00eancio, n\u00e3o respondeu \u00e0s perguntas dos parlamentares.<\/p>\n\n\n\n<p>&#8220;Tenho contribu\u00eddo para todas as frentes de investiga\u00e7\u00e3o e autorizo desde j\u00e1 o compartilhamento de meus depoimentos&#8221;, afirmou Cruz.<\/p>\n\n\n\n<p>Ele disse ainda que entregou seu aparelho de celular e computador \u00e0 companhia no momento de sua sa\u00edda.<\/p>\n\n\n\t<p>\n\t\t<a href=\"https:\/\/lp.suno.com.br\/planilha-da-vida-financeira\/\" target=\"_blank\" data-element=\"shortcode-suno-banner\" title=\"Banner SUNO, clique e saiba mais\">\n\t\t\t<picture>\n\t\t\t\t<source media=\"(max-width: 500px)\" srcset=\"https:\/\/files.sunoresearch.com.br\/n\/uploads\/2023\/04\/400x300-Planilha-vida-financeira-true.png\">\n\t\t\t\t<img class=\"newsContent__article__imgCapa newsContent__article__imgCapa--banner\"\n\t\t\t\t\tsrc=\"https:\/\/files.sunoresearch.com.br\/n\/uploads\/2023\/04\/1420x240-Planilha-vida-financeira-true.png\"\n\t\t\t\t\tdata-promo-id=\"383123\"\t\t\t\t\t\t\t\t\t\twidth='1420' height='240'\t\t\t\t\talt=\"https:\/\/files.sunoresearch.com.br\/n\/uploads\/2023\/04\/1420x240-Planilha-vida-financeira-true.png\"\n\t\t\t\t>\n\t\t\t<\/picture>\n\t\t<\/a>\n\t<\/p>\n\n\n\n\n\n<h2 class=\"wp-block-heading\">Americanas: material apresentado na CPI foi baseado em documentos do Comit\u00ea Independente<\/h2>\n\n\n\n<p>Ap\u00f3s a audi\u00eancia p\u00fablica na tarde desta ter\u00e7a-feira (15) na Comiss\u00e3o de Inqu\u00e9rito Parlamentar (CPI), a varejista reiterou, em nota, que o relat\u00f3rio apresentado na CPI em 13 de junho foi baseado em documentos levantados pelo Comit\u00ea de Investiga\u00e7\u00e3o Independente, al\u00e9m de documentos complementares identificados pela Administra\u00e7\u00e3o e seus assessores jur\u00eddicos.<\/p>\n\n\n\n<p>&#8220;O material pr\u00e9vio indica que as <a href=\"https:\/\/www.suno.com.br\/artigos\/demonstracoes-financeiras\/\">demonstra\u00e7\u00f5es financeiras<\/a> da companhia vinham sendo fraudadas pela diretoria anterior da Americanas. A companhia refor\u00e7a que as investiga\u00e7\u00f5es do Comit\u00ea Independente ainda est\u00e3o em curso. A Americanas segue colaborando com todas as apura\u00e7\u00f5es e investiga\u00e7\u00f5es, tanto pela Comiss\u00e3o de Valores Mobili\u00e1rios, como outras autoridades e \u00f3rg\u00e3os competentes, como o Minist\u00e9rio P\u00fablico, a Pol\u00edcia Federal e a C\u00e2mara dos Deputados, sendo a maior interessada no esclarecimento dos fatos&#8221;, diz ainda a Americanas.<\/p>\n\n\n\n<p>Nesta ter\u00e7a-feira, em depoimento \u00e0 CPI, Marcio Cruz, ex-diretor da Americanas, disse que n\u00e3o foi respons\u00e1vel pela \u00e1rea cont\u00e1bil e financeira da varejista. E afirmou &#8220;ver com estranheza&#8221; o fato de que o Comit\u00ea Independente de Investiga\u00e7\u00e3o tenha fornecido, antes da conclus\u00e3o de seus trabalhos, documentos para que o conselho de administra\u00e7\u00e3o da companhia elaborasse o material apresentado pelo atual CEO da Americanas \u00e0 CPI.<\/p>\n\n\n\n<p>Alegando n\u00e3o ter tido acesso aos documentos em quest\u00e3o, o ex-executivo da <strong>Americanas<\/strong>, que compareceu \u00e0 audi\u00eancia p\u00fablica com habeas corpus que garantia o seu sil\u00eancio, n\u00e3o respondeu \u00e0s perguntas dos parlamentares.<\/p>\n\n\n\n<p><em>Com informa\u00e7\u00f5es de Estad\u00e3o Conte\u00fado<\/em><\/p>\n\n\n\t<p>\n\t\t<a href=\"https:\/\/lp.suno.com.br\/ebook-como-analisar-uma-acao\/\" target=\"_blank\" data-element=\"shortcode-suno-banner\" title=\"Banner SUNO, clique e saiba mais\">\n\t\t\t<picture>\n\t\t\t\t<source media=\"(max-width: 500px)\" srcset=\"https:\/\/files.sunoresearch.com.br\/n\/uploads\/2023\/03\/Ebook-Acoes-Mobile-1.jpg\">\n\t\t\t\t<img class=\"newsContent__article__imgCapa newsContent__article__imgCapa--banner\"\n\t\t\t\t\tsrc=\"https:\/\/files.sunoresearch.com.br\/n\/uploads\/2023\/03\/Ebook-Acoes-Desktop-1.jpg\"\n\t\t\t\t\tdata-promo-id=\"171998\"\t\t\t\t\t\t\t\t\t\twidth='1420' height='286'\t\t\t\t\talt=\"https:\/\/files.sunoresearch.com.br\/n\/uploads\/2023\/03\/Ebook-Acoes-Desktop-1.jpg\"\n\t\t\t\t>\n\t\t\t<\/picture>\n\t\t<\/a>\n\t<\/p>\n\n\n","protected":false},"excerpt":{"rendered":"<p>O procurador do Minist\u00e9rio P\u00fablico Federal (MPF) Jos\u00e9 Maria Panoeiro, respons\u00e1vel pela investiga\u00e7\u00e3o da fraude cont\u00e1bil que levou ao rombo de mais de R$ 20 bilh\u00f5es da Americanas (AMER3), disse nesta ter\u00e7a-feira (15) que existem negocia\u00e7\u00f5es em curso para acordos de dela\u00e7\u00e3o premiada na condu\u00e7\u00e3o das investiga\u00e7\u00f5es. MAXR11, Americanas (AMER3). Foto: Divulga\u00e7\u00e3o Em audi\u00eancia p\u00fablica [&hellip;]<\/p>\n","protected":false},"author":43,"featured_media":350274,"comment_status":"closed","ping_status":"closed","sticky":false,"template":"","format":"standard","meta":[],"categories":[64],"tags":[106605],"suno_strategy":[],"class_list":["post-443192","post","type-post","status-publish","format-standard","has-post-thumbnail","hentry","category-negocios","tag-americanas-s-a-amer3"],"yoast_head":"<!-- This site is optimized with the Yoast SEO plugin v24.4 - https:\/\/yoast.com\/wordpress\/plugins\/seo\/ -->\n<title>Americanas (AMER3): negocia\u00e7\u00f5es de dela\u00e7\u00e3o premiada est\u00e3o em curso<\/title>\n<meta name=\"description\" content=\"O procurador do MPF respons\u00e1vel por investigar a fraude na Americanas disse que h\u00e1 negocia\u00e7\u00f5es em curso para acordos de dela\u00e7\u00e3o premiada.\" \/>\n<meta name=\"robots\" content=\"index, follow, max-snippet:-1, max-image-preview:large, max-video-preview:-1\" \/>\n<link rel=\"canonical\" href=\"https:\/\/www.suno.com.br\/noticias\/americanas-amer3-negociacoes-delacao-premiada-gpj\/\" \/>\n<meta property=\"og:locale\" content=\"pt_BR\" \/>\n<meta property=\"og:type\" content=\"article\" \/>\n<meta property=\"og:title\" content=\"Americanas (AMER3): negocia\u00e7\u00f5es de dela\u00e7\u00e3o premiada est\u00e3o em curso\" \/>\n<meta property=\"og:description\" content=\"O procurador do MPF respons\u00e1vel por investigar a fraude na Americanas disse que h\u00e1 negocia\u00e7\u00f5es em curso para acordos de dela\u00e7\u00e3o premiada.\" \/>\n<meta property=\"og:url\" content=\"https:\/\/www.suno.com.br\/noticias\/americanas-amer3-negociacoes-delacao-premiada-gpj\/\" \/>\n<meta property=\"og:site_name\" content=\"Suno Not\u00edcias\" \/>\n<meta property=\"article:publisher\" content=\"https:\/\/facebook.com\/sunoresearch\" \/>\n<meta property=\"article:author\" content=\"https:\/\/www.facebook.com\/sunonoticias\/\" \/>\n<meta property=\"og:image\" content=\"https:\/\/files.sunoresearch.com.br\/n\/uploads\/2023\/01\/Americanas-divulgacao.jpg\" \/>\n\t<meta property=\"og:image:width\" content=\"1200\" \/>\n\t<meta property=\"og:image:height\" content=\"800\" \/>\n\t<meta property=\"og:image:type\" content=\"image\/jpeg\" \/>\n<meta name=\"author\" content=\"Reda\u00e7\u00e3o Suno Not\u00edcias\" \/>\n<meta name=\"twitter:card\" content=\"summary_large_image\" \/>\n<meta name=\"twitter:creator\" content=\"@https:\/\/twitter.com\/sunoresearch\" \/>\n<meta name=\"twitter:site\" content=\"@sunoresearch\" \/>\n<meta name=\"twitter:label1\" content=\"Escrito por\" \/>\n\t<meta name=\"twitter:data1\" content=\"Reda\u00e7\u00e3o Suno Not\u00edcias\" \/>\n\t<meta name=\"twitter:label2\" content=\"Est. tempo de leitura\" \/>\n\t<meta name=\"twitter:data2\" content=\"4 minutos\" \/>\n<script type=\"application\/ld+json\" class=\"yoast-schema-graph\">{\"@context\":\"https:\/\/schema.org\",\"@graph\":[{\"@type\":\"NewsArticle\",\"@id\":\"https:\/\/www.suno.com.br\/noticias\/americanas-amer3-negociacoes-delacao-premiada-gpj\/#article\",\"isPartOf\":{\"@id\":\"https:\/\/www.suno.com.br\/noticias\/americanas-amer3-negociacoes-delacao-premiada-gpj\/\"},\"author\":{\"name\":\"Reda\u00e7\u00e3o Suno Not\u00edcias\",\"@id\":\"https:\/\/www.suno.com.br\/noticias\/#\/schema\/person\/c1b1bd3727fa852bd045e9dbff3673ea\"},\"headline\":\"Americanas (AMER3): negocia\u00e7\u00f5es de dela\u00e7\u00e3o premiada est\u00e3o em curso, diz procurador\",\"datePublished\":\"2023-08-16T16:14:49+00:00\",\"dateModified\":\"2023-08-16T16:14:57+00:00\",\"mainEntityOfPage\":{\"@id\":\"https:\/\/www.suno.com.br\/noticias\/americanas-amer3-negociacoes-delacao-premiada-gpj\/\"},\"wordCount\":800,\"publisher\":{\"@id\":\"https:\/\/www.suno.com.br\/noticias\/#organization\"},\"image\":{\"@id\":\"https:\/\/www.suno.com.br\/noticias\/americanas-amer3-negociacoes-delacao-premiada-gpj\/#primaryimage\"},\"thumbnailUrl\":\"https:\/\/files.sunoresearch.com.br\/n\/uploads\/2023\/01\/Americanas-divulgacao.jpg\",\"keywords\":[\"Americanas (AMER3)\"],\"articleSection\":[\"Neg\u00f3cios\"],\"inLanguage\":\"pt-BR\"},{\"@type\":\"WebPage\",\"@id\":\"https:\/\/www.suno.com.br\/noticias\/americanas-amer3-negociacoes-delacao-premiada-gpj\/\",\"url\":\"https:\/\/www.suno.com.br\/noticias\/americanas-amer3-negociacoes-delacao-premiada-gpj\/\",\"name\":\"Americanas (AMER3): negocia\u00e7\u00f5es de dela\u00e7\u00e3o premiada est\u00e3o em curso\",\"isPartOf\":{\"@id\":\"https:\/\/www.suno.com.br\/noticias\/#website\"},\"primaryImageOfPage\":{\"@id\":\"https:\/\/www.suno.com.br\/noticias\/americanas-amer3-negociacoes-delacao-premiada-gpj\/#primaryimage\"},\"image\":{\"@id\":\"https:\/\/www.suno.com.br\/noticias\/americanas-amer3-negociacoes-delacao-premiada-gpj\/#primaryimage\"},\"thumbnailUrl\":\"https:\/\/files.sunoresearch.com.br\/n\/uploads\/2023\/01\/Americanas-divulgacao.jpg\",\"datePublished\":\"2023-08-16T16:14:49+00:00\",\"dateModified\":\"2023-08-16T16:14:57+00:00\",\"description\":\"O procurador do MPF respons\u00e1vel por investigar a fraude na Americanas disse que h\u00e1 negocia\u00e7\u00f5es em curso para acordos de dela\u00e7\u00e3o premiada.\",\"breadcrumb\":{\"@id\":\"https:\/\/www.suno.com.br\/noticias\/americanas-amer3-negociacoes-delacao-premiada-gpj\/#breadcrumb\"},\"inLanguage\":\"pt-BR\",\"potentialAction\":[{\"@type\":\"ReadAction\",\"target\":[\"https:\/\/www.suno.com.br\/noticias\/americanas-amer3-negociacoes-delacao-premiada-gpj\/\"]}]},{\"@type\":\"ImageObject\",\"inLanguage\":\"pt-BR\",\"@id\":\"https:\/\/www.suno.com.br\/noticias\/americanas-amer3-negociacoes-delacao-premiada-gpj\/#primaryimage\",\"url\":\"https:\/\/files.sunoresearch.com.br\/n\/uploads\/2023\/01\/Americanas-divulgacao.jpg\",\"contentUrl\":\"https:\/\/files.sunoresearch.com.br\/n\/uploads\/2023\/01\/Americanas-divulgacao.jpg\",\"width\":1200,\"height\":800,\"caption\":\"MAXR11, Americanas (AMER3). Foto: Divulga\u00e7\u00e3o\"},{\"@type\":\"BreadcrumbList\",\"@id\":\"https:\/\/www.suno.com.br\/noticias\/americanas-amer3-negociacoes-delacao-premiada-gpj\/#breadcrumb\",\"itemListElement\":[{\"@type\":\"ListItem\",\"position\":1,\"name\":\"Not\u00edcias\",\"item\":\"https:\/\/www.suno.com.br\/noticias\/\"},{\"@type\":\"ListItem\",\"position\":2,\"name\":\"Neg\u00f3cios\",\"item\":\"https:\/\/www.suno.com.br\/noticias\/negocios\/\"},{\"@type\":\"ListItem\",\"position\":3,\"name\":\"Americanas (AMER3): negocia\u00e7\u00f5es de dela\u00e7\u00e3o premiada est\u00e3o em curso, diz procurador\"}]},{\"@type\":\"WebSite\",\"@id\":\"https:\/\/www.suno.com.br\/noticias\/#website\",\"url\":\"https:\/\/www.suno.com.br\/noticias\/\",\"name\":\"Suno Not\u00edcias\",\"description\":\"Seu portal de informa\u00e7\u00e3o sobre o mundo dos investimentos\",\"publisher\":{\"@id\":\"https:\/\/www.suno.com.br\/noticias\/#organization\"},\"potentialAction\":[{\"@type\":\"SearchAction\",\"target\":{\"@type\":\"EntryPoint\",\"urlTemplate\":\"https:\/\/www.suno.com.br\/noticias\/?s={search_term_string}\"},\"query-input\":{\"@type\":\"PropertyValueSpecification\",\"valueRequired\":true,\"valueName\":\"search_term_string\"}}],\"inLanguage\":\"pt-BR\"},{\"@type\":\"Organization\",\"@id\":\"https:\/\/www.suno.com.br\/noticias\/#organization\",\"name\":\"Suno Not\u00edcias\",\"url\":\"https:\/\/www.suno.com.br\/noticias\/\",\"logo\":{\"@type\":\"ImageObject\",\"inLanguage\":\"pt-BR\",\"@id\":\"https:\/\/www.suno.com.br\/noticias\/#\/schema\/logo\/image\/\",\"url\":\"https:\/\/files.sunoresearch.com.br\/n\/uploads\/2021\/09\/suno-logo.png\",\"contentUrl\":\"https:\/\/files.sunoresearch.com.br\/n\/uploads\/2021\/09\/suno-logo.png\",\"width\":180,\"height\":180,\"caption\":\"Suno Not\u00edcias\"},\"image\":{\"@id\":\"https:\/\/www.suno.com.br\/noticias\/#\/schema\/logo\/image\/\"},\"sameAs\":[\"https:\/\/facebook.com\/sunoresearch\",\"https:\/\/x.com\/sunoresearch\",\"https:\/\/www.instagram.com\/suno\",\"https:\/\/www.linkedin.com\/company\/suno-research\/\",\"https:\/\/www.youtube.com\/c\/sunoresearch\"]},{\"@type\":\"Person\",\"@id\":\"https:\/\/www.suno.com.br\/noticias\/#\/schema\/person\/c1b1bd3727fa852bd045e9dbff3673ea\",\"name\":\"Reda\u00e7\u00e3o Suno Not\u00edcias\",\"image\":{\"@type\":\"ImageObject\",\"inLanguage\":\"pt-BR\",\"@id\":\"https:\/\/www.suno.com.br\/noticias\/#\/schema\/person\/image\/\",\"url\":\"https:\/\/secure.gravatar.com\/avatar\/b8104b9b5a71985d5238ee59fbe418af?s=96&r=g\",\"contentUrl\":\"https:\/\/secure.gravatar.com\/avatar\/b8104b9b5a71985d5238ee59fbe418af?s=96&r=g\",\"caption\":\"Reda\u00e7\u00e3o Suno Not\u00edcias\"},\"description\":\"O Suno Not\u00edcias \u00e9 um portal de informa\u00e7\u00f5es sobre Mercado Financeiro, Pol\u00edtica, Neg\u00f3cios, Economia e Finan\u00e7as Pessoais.\",\"sameAs\":[\"https:\/\/www.suno.com.br\/noticias\",\"https:\/\/www.facebook.com\/sunonoticias\/\",\"https:\/\/www.instagram.com\/sunonoticias\/\",\"https:\/\/x.com\/https:\/\/twitter.com\/sunoresearch\",\"https:\/\/www.youtube.com\/sunonoticias\"],\"url\":\"https:\/\/www.suno.com.br\/noticias\/author\/redacao-suno\/\"}]}<\/script>\n<!-- \/ Yoast SEO plugin. -->","yoast_head_json":{"title":"Americanas (AMER3): negocia\u00e7\u00f5es de dela\u00e7\u00e3o premiada est\u00e3o em curso","description":"O procurador do MPF respons\u00e1vel por investigar a fraude na Americanas disse que h\u00e1 negocia\u00e7\u00f5es em curso para acordos de dela\u00e7\u00e3o premiada.","robots":{"index":"index","follow":"follow","max-snippet":"max-snippet:-1","max-image-preview":"max-image-preview:large","max-video-preview":"max-video-preview:-1"},"canonical":"https:\/\/www.suno.com.br\/noticias\/americanas-amer3-negociacoes-delacao-premiada-gpj\/","og_locale":"pt_BR","og_type":"article","og_title":"Americanas (AMER3): negocia\u00e7\u00f5es de dela\u00e7\u00e3o premiada est\u00e3o em curso","og_description":"O procurador do MPF respons\u00e1vel por investigar a fraude na Americanas disse que h\u00e1 negocia\u00e7\u00f5es em curso para acordos de dela\u00e7\u00e3o premiada.","og_url":"https:\/\/www.suno.com.br\/noticias\/americanas-amer3-negociacoes-delacao-premiada-gpj\/","og_site_name":"Suno Not\u00edcias","article_publisher":"https:\/\/facebook.com\/sunoresearch","article_author":"https:\/\/www.facebook.com\/sunonoticias\/","og_image":[{"width":1200,"height":800,"url":"https:\/\/files.sunoresearch.com.br\/n\/uploads\/2023\/01\/Americanas-divulgacao.jpg","type":"image\/jpeg"}],"author":"Reda\u00e7\u00e3o Suno Not\u00edcias","twitter_card":"summary_large_image","twitter_creator":"@https:\/\/twitter.com\/sunoresearch","twitter_site":"@sunoresearch","twitter_misc":{"Escrito por":"Reda\u00e7\u00e3o Suno Not\u00edcias","Est. tempo de leitura":"4 minutos"},"schema":{"@context":"https:\/\/schema.org","@graph":[{"@type":"NewsArticle","@id":"https:\/\/www.suno.com.br\/noticias\/americanas-amer3-negociacoes-delacao-premiada-gpj\/#article","isPartOf":{"@id":"https:\/\/www.suno.com.br\/noticias\/americanas-amer3-negociacoes-delacao-premiada-gpj\/"},"author":{"name":"Reda\u00e7\u00e3o Suno Not\u00edcias","@id":"https:\/\/www.suno.com.br\/noticias\/#\/schema\/person\/c1b1bd3727fa852bd045e9dbff3673ea"},"headline":"Americanas (AMER3): negocia\u00e7\u00f5es de dela\u00e7\u00e3o premiada est\u00e3o em curso, diz procurador","datePublished":"2023-08-16T16:14:49+00:00","dateModified":"2023-08-16T16:14:57+00:00","mainEntityOfPage":{"@id":"https:\/\/www.suno.com.br\/noticias\/americanas-amer3-negociacoes-delacao-premiada-gpj\/"},"wordCount":800,"publisher":{"@id":"https:\/\/www.suno.com.br\/noticias\/#organization"},"image":{"@id":"https:\/\/www.suno.com.br\/noticias\/americanas-amer3-negociacoes-delacao-premiada-gpj\/#primaryimage"},"thumbnailUrl":"https:\/\/files.sunoresearch.com.br\/n\/uploads\/2023\/01\/Americanas-divulgacao.jpg","keywords":["Americanas (AMER3)"],"articleSection":["Neg\u00f3cios"],"inLanguage":"pt-BR"},{"@type":"WebPage","@id":"https:\/\/www.suno.com.br\/noticias\/americanas-amer3-negociacoes-delacao-premiada-gpj\/","url":"https:\/\/www.suno.com.br\/noticias\/americanas-amer3-negociacoes-delacao-premiada-gpj\/","name":"Americanas (AMER3): negocia\u00e7\u00f5es de dela\u00e7\u00e3o premiada est\u00e3o em curso","isPartOf":{"@id":"https:\/\/www.suno.com.br\/noticias\/#website"},"primaryImageOfPage":{"@id":"https:\/\/www.suno.com.br\/noticias\/americanas-amer3-negociacoes-delacao-premiada-gpj\/#primaryimage"},"image":{"@id":"https:\/\/www.suno.com.br\/noticias\/americanas-amer3-negociacoes-delacao-premiada-gpj\/#primaryimage"},"thumbnailUrl":"https:\/\/files.sunoresearch.com.br\/n\/uploads\/2023\/01\/Americanas-divulgacao.jpg","datePublished":"2023-08-16T16:14:49+00:00","dateModified":"2023-08-16T16:14:57+00:00","description":"O procurador do MPF respons\u00e1vel por investigar a fraude na Americanas disse que h\u00e1 negocia\u00e7\u00f5es em curso para acordos de dela\u00e7\u00e3o premiada.","breadcrumb":{"@id":"https:\/\/www.suno.com.br\/noticias\/americanas-amer3-negociacoes-delacao-premiada-gpj\/#breadcrumb"},"inLanguage":"pt-BR","potentialAction":[{"@type":"ReadAction","target":["https:\/\/www.suno.com.br\/noticias\/americanas-amer3-negociacoes-delacao-premiada-gpj\/"]}]},{"@type":"ImageObject","inLanguage":"pt-BR","@id":"https:\/\/www.suno.com.br\/noticias\/americanas-amer3-negociacoes-delacao-premiada-gpj\/#primaryimage","url":"https:\/\/files.sunoresearch.com.br\/n\/uploads\/2023\/01\/Americanas-divulgacao.jpg","contentUrl":"https:\/\/files.sunoresearch.com.br\/n\/uploads\/2023\/01\/Americanas-divulgacao.jpg","width":1200,"height":800,"caption":"MAXR11, Americanas (AMER3). Foto: Divulga\u00e7\u00e3o"},{"@type":"BreadcrumbList","@id":"https:\/\/www.suno.com.br\/noticias\/americanas-amer3-negociacoes-delacao-premiada-gpj\/#breadcrumb","itemListElement":[{"@type":"ListItem","position":1,"name":"Not\u00edcias","item":"https:\/\/www.suno.com.br\/noticias\/"},{"@type":"ListItem","position":2,"name":"Neg\u00f3cios","item":"https:\/\/www.suno.com.br\/noticias\/negocios\/"},{"@type":"ListItem","position":3,"name":"Americanas (AMER3): negocia\u00e7\u00f5es de dela\u00e7\u00e3o premiada est\u00e3o em curso, diz procurador"}]},{"@type":"WebSite","@id":"https:\/\/www.suno.com.br\/noticias\/#website","url":"https:\/\/www.suno.com.br\/noticias\/","name":"Suno Not\u00edcias","description":"Seu portal de informa\u00e7\u00e3o sobre o mundo dos investimentos","publisher":{"@id":"https:\/\/www.suno.com.br\/noticias\/#organization"},"potentialAction":[{"@type":"SearchAction","target":{"@type":"EntryPoint","urlTemplate":"https:\/\/www.suno.com.br\/noticias\/?s={search_term_string}"},"query-input":{"@type":"PropertyValueSpecification","valueRequired":true,"valueName":"search_term_string"}}],"inLanguage":"pt-BR"},{"@type":"Organization","@id":"https:\/\/www.suno.com.br\/noticias\/#organization","name":"Suno Not\u00edcias","url":"https:\/\/www.suno.com.br\/noticias\/","logo":{"@type":"ImageObject","inLanguage":"pt-BR","@id":"https:\/\/www.suno.com.br\/noticias\/#\/schema\/logo\/image\/","url":"https:\/\/files.sunoresearch.com.br\/n\/uploads\/2021\/09\/suno-logo.png","contentUrl":"https:\/\/files.sunoresearch.com.br\/n\/uploads\/2021\/09\/suno-logo.png","width":180,"height":180,"caption":"Suno Not\u00edcias"},"image":{"@id":"https:\/\/www.suno.com.br\/noticias\/#\/schema\/logo\/image\/"},"sameAs":["https:\/\/facebook.com\/sunoresearch","https:\/\/x.com\/sunoresearch","https:\/\/www.instagram.com\/suno","https:\/\/www.linkedin.com\/company\/suno-research\/","https:\/\/www.youtube.com\/c\/sunoresearch"]},{"@type":"Person","@id":"https:\/\/www.suno.com.br\/noticias\/#\/schema\/person\/c1b1bd3727fa852bd045e9dbff3673ea","name":"Reda\u00e7\u00e3o Suno Not\u00edcias","image":{"@type":"ImageObject","inLanguage":"pt-BR","@id":"https:\/\/www.suno.com.br\/noticias\/#\/schema\/person\/image\/","url":"https:\/\/secure.gravatar.com\/avatar\/b8104b9b5a71985d5238ee59fbe418af?s=96&r=g","contentUrl":"https:\/\/secure.gravatar.com\/avatar\/b8104b9b5a71985d5238ee59fbe418af?s=96&r=g","caption":"Reda\u00e7\u00e3o Suno Not\u00edcias"},"description":"O Suno Not\u00edcias \u00e9 um portal de informa\u00e7\u00f5es sobre Mercado Financeiro, Pol\u00edtica, Neg\u00f3cios, Economia e Finan\u00e7as Pessoais.","sameAs":["https:\/\/www.suno.com.br\/noticias","https:\/\/www.facebook.com\/sunonoticias\/","https:\/\/www.instagram.com\/sunonoticias\/","https:\/\/x.com\/https:\/\/twitter.com\/sunoresearch","https:\/\/www.youtube.com\/sunonoticias"],"url":"https:\/\/www.suno.com.br\/noticias\/author\/redacao-suno\/"}]}},"default_loop_html":"<div class=\"cardsPage__listCard__boxs\"><div class=\"cardsPage__listCard__boxs__img\"><a href=\"https:\/\/www.suno.com.br\/noticias\/americanas-amer3-negociacoes-delacao-premiada-gpj\/\"><img class=\"mask\" src=\"https:\/\/www.suno.com.br\/noticias\/wp-content\/themes\/suno\/resources\/images\/spotlight\/spotlight1img\/bg-mask.png\" alt=\"Image Mask\"\/><img src=\"https:\/\/files.sunoresearch.com.br\/n\/uploads\/2023\/01\/Americanas-divulgacao-400x200.jpg\" alt=\"Americanas (AMER3): negocia\u00e7\u00f5es de dela\u00e7\u00e3o premiada est\u00e3o em curso, diz procurador\"\/><\/a><span class=\"spotlightCategory\"><a href=\"https:\/\/www.suno.com.br\/noticias\/negocios\/\">Neg\u00f3cios<\/a><\/span><\/div><div class=\"cardsPage__listCard__boxs__content\"><a href=\"https:\/\/www.suno.com.br\/noticias\/americanas-amer3-negociacoes-delacao-premiada-gpj\/\"><h2 class=\"content__title\">Americanas (AMER3): negocia\u00e7\u00f5es de dela\u00e7\u00e3o premiada est\u00e3o em curso, diz procurador<\/h2><\/a><div class=\"newsContent__article__meta\"><div class=\"newsContent__article__meta__authorBox\"><a href=\"https:\/\/www.suno.com.br\/noticias\/author\/redacao-suno\/\" class=\"authorBox__avatar noMobi\"><img src=\"https:\/\/files.sunoresearch.com.br\/n\/uploads\/2020\/08\/0ace682d-redacao-1-150x150.webp\" alt=\"Reda\u00e7\u00e3o Suno Not\u00edcias\"><\/a><div class=\"authorBox__name\"><span>por\n\t\t\t<a href=\"https:\/\/www.suno.com.br\/noticias\/author\/redacao-suno\/\"><span itemprop=\"author\">Reda\u00e7\u00e3o Suno Not\u00edcias<\/span><\/a><\/span><time datetime=\"2023-08-16T13:14:49-03:00\" itemprop=\"datePublished\">16\/08\/2023 13:14<\/time><\/div><\/div><\/div><\/div><\/div>","single_layout":"posts","amp_enabled":true,"_links":{"self":[{"href":"https:\/\/www.suno.com.br\/noticias\/wp-json\/wp\/v2\/posts\/443192"}],"collection":[{"href":"https:\/\/www.suno.com.br\/noticias\/wp-json\/wp\/v2\/posts"}],"about":[{"href":"https:\/\/www.suno.com.br\/noticias\/wp-json\/wp\/v2\/types\/post"}],"author":[{"embeddable":true,"href":"https:\/\/www.suno.com.br\/noticias\/wp-json\/wp\/v2\/users\/43"}],"replies":[{"embeddable":true,"href":"https:\/\/www.suno.com.br\/noticias\/wp-json\/wp\/v2\/comments?post=443192"}],"version-history":[{"count":2,"href":"https:\/\/www.suno.com.br\/noticias\/wp-json\/wp\/v2\/posts\/443192\/revisions"}],"predecessor-version":[{"id":443674,"href":"https:\/\/www.suno.com.br\/noticias\/wp-json\/wp\/v2\/posts\/443192\/revisions\/443674"}],"wp:featuredmedia":[{"embeddable":true,"href":"https:\/\/www.suno.com.br\/noticias\/wp-json\/wp\/v2\/media\/350274"}],"wp:attachment":[{"href":"https:\/\/www.suno.com.br\/noticias\/wp-json\/wp\/v2\/media?parent=443192"}],"wp:term":[{"taxonomy":"category","embeddable":true,"href":"https:\/\/www.suno.com.br\/noticias\/wp-json\/wp\/v2\/categories?post=443192"},{"taxonomy":"post_tag","embeddable":true,"href":"https:\/\/www.suno.com.br\/noticias\/wp-json\/wp\/v2\/tags?post=443192"},{"taxonomy":"suno_strategy","embeddable":true,"href":"https:\/\/www.suno.com.br\/noticias\/wp-json\/wp\/v2\/suno_strategy?post=443192"}],"curies":[{"name":"wp","href":"https:\/\/api.w.org\/{rel}","templated":true}]}}