{"id":442948,"date":"2023-08-15T12:37:52","date_gmt":"2023-08-15T15:37:52","guid":{"rendered":"https:\/\/www.suno.com.br\/noticias\/?p=442948"},"modified":"2023-08-15T16:21:17","modified_gmt":"2023-08-15T19:21:17","slug":"apagao-atinge-estados-brasil-df-cpf","status":"publish","type":"post","link":"https:\/\/www.suno.com.br\/noticias\/apagao-atinge-estados-brasil-df-cpf\/","title":{"rendered":"Apag\u00e3o atinge 25 estados do Brasil e Distrito Federal; Aneel investiga causas"},"content":{"rendered":"<p>Nesta manh\u00e3 de ter\u00e7a-feira (15), um <strong>apag\u00e3o <\/strong>generalizado atingiu o Distrito Federal e os 25 estados brasileiros, com exce\u00e7\u00e3o de Roraima, na Regi\u00e3o Norte. A falta de energia foi ocasionada por uma ocorr\u00eancia de grande porte no <a class=\"suno-keyword\" target=\"_blank\" data-force=\"no\" data-priority=\"1\" href=\"https:\/\/www.suno.com.br\/artigos\/sistema-interligado-nacional\/\" rel=\"noopener\">Sistema Interligado Nacional<\/a>, por volta das 8h31, segundo o Operador Nacional do Sistema (ONS) e o Minist\u00e9rio de Minas e Energia (MME).<\/p>\t<div class=\"wrapper-featured-image\">\n\t\t<figure class=\"spotlightImg\">\n\n\t\t\t<picture>\n\t\t\t\t<source media=\"(max-width: 768px)\" srcset=\"https:\/\/files.sunoresearch.com.br\/n\/uploads\/2023\/08\/apagao-falta-energia-brasil-400x200.jpg\">\n\t\t\t\t<img loading=\"lazy\" decoding=\"async\" class=\"newsContent__article__imgCapa lazyloadDisabled \" src=\"https:\/\/files.sunoresearch.com.br\/n\/uploads\/2023\/08\/apagao-falta-energia-brasil-800x450.jpg\" width=\"800\" height=\"450\" alt=\"Apag\u00e3o atinge 25 estados do Brasil e Distrito Federal; Aneel investiga causas\" fetchpriority=high \/>\n\t\t\t<\/picture>\n\n\t\t\t<figcaption class=\"wp-caption-text wp-caption-text--show\">Apag\u00e3o atinge 25 estados do Brasil e Distrito Federal - Foto: Unsplash<\/figcaption>\n\t\t<\/figure>\n\t<\/div>\n\n\n\n\n\n\t<p>\n\t\t<a href=\"\" target=\"_blank\" data-element=\"shortcode-suno-banner\" title=\"Banner SUNO, clique e saiba mais\">\n\t\t\t<picture>\n\t\t\t\t<source media=\"(max-width: 500px)\" srcset=\"\">\n\t\t\t\t<img class=\"newsContent__article__imgCapa newsContent__article__imgCapa--banner\"\n\t\t\t\t\tsrc=\"\"\n\t\t\t\t\tdata-promo-id=\"240038\"\t\t\t\t\t\t\t\t\t\t\t\t\t\t\talt=\"\"\n\t\t\t\t>\n\t\t\t<\/picture>\n\t\t<\/a>\n\t<\/p>\n\n\n\n\n\n<p>O <strong>ONS <\/strong>informou que a ocorr\u00eancia causou uma separa\u00e7\u00e3o el\u00e9trica entre as regi\u00f5es Norte e Nordeste das regi\u00f5es Sul e Sudeste, com abertura das interliga\u00e7\u00f5es. <\/p>\n\n\n\n<p>As regi\u00f5es Sul e Sudeste ficaram sem energia \u201cpara evitar a propaga\u00e7\u00e3o da ocorr\u00eancia\u201d, sob uma a\u00e7\u00e3o coordenada, afirmou a ONS. <\/p>\n\n\n\n\t<div data-element=\"shortcode-read-more\" class=\"readToo\">\n\t\t\t\t<span class=\"readToo__title\">Leia mais<\/span>\n\t\t\t\t<ul class=\"readToo__list\">\n\t\t\t<li><a href=\"https:\/\/www.suno.com.br\/noticias\/dolar-sobe-futuro-china-fraca-cpf\/\">D\u00f3lar sobe e futuro volta para R$ 5,00 em meio a dados fracos da China<\/a><\/li><li><a href=\"https:\/\/www.suno.com.br\/noticias\/petrobras-petr4-lidera-altas-do-ibovespa-gpj\/\">Petrobras (PETR4) fica entre maiores altas do Ibovespa hoje ap\u00f3s novo reajuste de pre\u00e7os da gasolina e diesel<\/a><\/li><li><a href=\"https:\/\/www.suno.com.br\/noticias\/destaques-itausa-itsa4-eletrobras-e-mais-va\/\">Ita\u00fasa (ITSA4), Eletrobras (ELET3) e Magazine Luiza (MGLU3) aquecem o mercado nesta ter\u00e7a-feira; veja destaques<\/a><\/li>\t\t<\/ul>\n\t<\/div>\n\n\n\n\n<h2 class=\"wp-block-heading\">Minist\u00e9rio de Minas e Energia se pronuncia sobre o apag\u00e3o<\/h2>\n\n\n\n<p>Conforme publicado em nota oficial pelo <strong>MME<\/strong>, por volta das 9 horas da manh\u00e3, a partir de dados do ONS, houve uma &#8220;ocorr\u00eancia na rede de opera\u00e7\u00e3o do Sistema Interligado Nacional (SIN) interrompeu 16 mil MW de carga em estados do Norte e Nordeste do Brasil, nesta ter\u00e7a-feira (15). Estados do Sudeste tamb\u00e9m foram afetados.&#8221;<\/p>\n\n\n\n<p>Segundo o Minist\u00e9rio, a interrup\u00e7\u00e3o ocorreu devido a abertura, \u00e0s 8h31, da interliga\u00e7\u00e3o Norte \/ Sudeste e as causas da ocorr\u00eancia ainda est\u00e3o sendo apuradas. A recomposi\u00e7\u00e3o j\u00e1 foi iniciada em todas as regi\u00f5es e at\u00e9 \u00e0s 9h16, 6 mil MW j\u00e1 foram recompostos.<\/p>\n\n\n\n<p>\u00c0s 10h51,  em atualiza\u00e7\u00e3o \u00e0 situa\u00e7\u00e3o de atendimento el\u00e9trico brasileiro, o MME comunicou que j\u00e1 houve retomada das cargas afetadas nas regi\u00f5es Sul, Sudeste e Centro-Oeste. No momento, as equipes atuam para restabelecer as cargas ainda afetadas nas regi\u00f5es Norte e Nordeste. <\/p>\n\n\n\n<p>At\u00e9 \u00e0s 10h22, 27% da carga da regi\u00e3o Norte e 68% da regi\u00e3o Nordeste j\u00e1 estavam restabelecidos. <\/p>\n\n\n\n<p>O Ministro Alexandre Silveira tamb\u00e9m determinou a cria\u00e7\u00e3o de uma sala de situa\u00e7\u00e3o e lidera todo processo de retomada, bem como determinou a rigorosa apura\u00e7\u00e3o das causas do incidente do <strong>apag\u00e3o<\/strong>.<\/p>\n\n\n\n<h2 class=\"wp-block-heading\">Ainda n\u00e3o h\u00e1 informa\u00e7\u00f5es sobre a causa do apag\u00e3o em alguns Estados, diz diretor da Aneel<\/h2>\n\n\n\n<p>O diretor-geral da Ag\u00eancia Nacional de Energia El\u00e9trica (Aneel), Sandoval Feitosa, afirmou que ainda n\u00e3o h\u00e1 informa\u00e7\u00f5es sobre a<strong> causa do apag\u00e3o<\/strong> que afetou as regi\u00f5es Norte e Nordeste, al\u00e9m de localidades nas demais regi\u00f5es do Pa\u00eds. Feitosa explicou que todas as ocorr\u00eancias de grande porte no sistema de transmiss\u00e3o t\u00eam uma regulamenta\u00e7\u00e3o para avalia\u00e7\u00e3o das causas.<\/p>\n\n\n\n<p>&#8220;O sistema de transmiss\u00e3o brasileiro \u00e9 sofisticado, com diversos agentes de transmiss\u00e3o, distribui\u00e7\u00e3o e gera\u00e7\u00e3o. Um evento dessas propor\u00e7\u00f5es precisa ser avaliado com crit\u00e9rios para que possamos depois atribuir alguma causa espec\u00edfica. Nesse momento, n\u00e3o temos nenhuma causa repassada&#8221;, afirmou o diretor.<\/p>\n\n\n\n<p>Feitosa refor\u00e7ou que a prioridade das autoridades e \u00f3rg\u00e3os do setor el\u00e9trico \u00e9 retomar o suprimento de energia el\u00e9trica em todas as localidades que foram afetadas pelo apag\u00e3o ao longo do per\u00edodo da manh\u00e3.<\/p>\n\n\n\n<p>Segundo ele, eventual instaura\u00e7\u00e3o de processos para aplica\u00e7\u00e3o de san\u00e7\u00f5es s\u00f3 ser\u00e1 analisada ap\u00f3s a normaliza\u00e7\u00e3o no Sistema Interligado Nacional (SIN).<\/p>\n\n\n\n<p>De acordo com o ONS, 55% da carga foi retomada na regi\u00e3o Norte e 81% no Nordeste. Ao todo, 13,5 mil megawatts (MW) foram recompostos diante dos 16 mil MW afetados pelo apag\u00e3o desta ter\u00e7a-feira, 15.<\/p>\n\n\n\n<p>&#8220;Primeira preocupa\u00e7\u00e3o que temos em um evento desse \u00e9 restaurar o servi\u00e7o e \u00e9 exatamente isso que, nesse momento, o Minist\u00e9rio est\u00e1 envolvido, o Operador Nacional do Sistema El\u00e9trico, as empresas e a Aneel. Eventuais repercuss\u00f5es, depois que o problema est\u00e1 resolvido, \u00e9 que n\u00f3s vamos passar para essa etapa&#8221;, afirmou ap\u00f3s reuni\u00e3o da diretoria da Aneel.<\/p>\n\n\n\n<p>O MME convocou  uma reuni\u00e3o para tratar sobre o tema. Al\u00e9m de diretores e t\u00e9cnicos da ag\u00eancia reguladora, devem participar representantes do ONS e da Empresa de Pesquisa Energ\u00e9tica (EPE).<\/p>\n\n\n\n<p>Mais cedo, o ministro de Minas e Energia, Alexandre Silveira, determinou a cria\u00e7\u00e3o de um grupo para acompanhar as causas do <strong>apag\u00e3o<\/strong>.<\/p>\n\n\n\n<p><em>Com Estad\u00e3o Conte\u00fado<\/em><\/p>\n\n\n\n\n\t<p>\n\t\t<a href=\"https:\/\/lp.suno.com.br\/planilha-da-vida-financeira\/\" target=\"_blank\" data-element=\"shortcode-suno-banner\" title=\"Banner SUNO, clique e saiba mais\">\n\t\t\t<picture>\n\t\t\t\t<source media=\"(max-width: 500px)\" srcset=\"https:\/\/files.sunoresearch.com.br\/n\/uploads\/2023\/04\/400x300-Planilha-vida-financeira-true.png\">\n\t\t\t\t<img class=\"newsContent__article__imgCapa newsContent__article__imgCapa--banner\"\n\t\t\t\t\tsrc=\"https:\/\/files.sunoresearch.com.br\/n\/uploads\/2023\/04\/1420x240-Planilha-vida-financeira-true.png\"\n\t\t\t\t\tdata-promo-id=\"383123\"\t\t\t\t\t\t\t\t\t\twidth='1420' height='240'\t\t\t\t\talt=\"https:\/\/files.sunoresearch.com.br\/n\/uploads\/2023\/04\/1420x240-Planilha-vida-financeira-true.png\"\n\t\t\t\t>\n\t\t\t<\/picture>\n\t\t<\/a>\n\t<\/p>\n\n\n","protected":false},"excerpt":{"rendered":"<p>Nesta manh\u00e3 de ter\u00e7a-feira (15), um apag\u00e3o generalizado atingiu o Distrito Federal e os 25 estados brasileiros, com exce\u00e7\u00e3o de Roraima, na Regi\u00e3o Norte. A falta de energia foi ocasionada por uma ocorr\u00eancia de grande porte no Sistema Interligado Nacional, por volta das 8h31, segundo o Operador Nacional do Sistema (ONS) e o Minist\u00e9rio de [&hellip;]<\/p>\n","protected":false},"author":283,"featured_media":442959,"comment_status":"closed","ping_status":"closed","sticky":false,"template":"","format":"standard","meta":[],"categories":[62],"tags":[1227],"suno_strategy":[],"class_list":["post-442948","post","type-post","status-publish","format-standard","has-post-thumbnail","hentry","category-economia","tag-ministerio-de-minas-e-energia"],"yoast_head":"<!-- This site is optimized with the Yoast SEO plugin v24.4 - https:\/\/yoast.com\/wordpress\/plugins\/seo\/ -->\n<title>Apag\u00e3o atinge 25 estados do Brasil e Distrito Federal<\/title>\n<meta name=\"description\" content=\"Segundo MME, Sul e Sudeste j\u00e1 est\u00e3o com energia regular, enquanto restabelecem as cargas nas regi\u00f5es Norte e Nordeste. Veja causa do apag\u00e3o.\" \/>\n<meta name=\"robots\" content=\"index, follow, max-snippet:-1, max-image-preview:large, max-video-preview:-1\" \/>\n<link rel=\"canonical\" href=\"https:\/\/www.suno.com.br\/noticias\/apagao-atinge-estados-brasil-df-cpf\/\" \/>\n<meta property=\"og:locale\" content=\"pt_BR\" \/>\n<meta property=\"og:type\" content=\"article\" \/>\n<meta property=\"og:title\" content=\"Apag\u00e3o atinge 25 estados do Brasil e Distrito Federal\" \/>\n<meta property=\"og:description\" content=\"Segundo MME, Sul e Sudeste j\u00e1 est\u00e3o com energia regular, enquanto restabelecem as cargas nas regi\u00f5es Norte e Nordeste. Veja causa do apag\u00e3o.\" \/>\n<meta property=\"og:url\" content=\"https:\/\/www.suno.com.br\/noticias\/apagao-atinge-estados-brasil-df-cpf\/\" \/>\n<meta property=\"og:site_name\" content=\"Suno Not\u00edcias\" \/>\n<meta property=\"article:publisher\" content=\"https:\/\/facebook.com\/sunoresearch\" \/>\n<meta property=\"og:image\" content=\"https:\/\/files.sunoresearch.com.br\/n\/uploads\/2023\/08\/apagao-falta-energia-brasil.jpg\" \/>\n\t<meta property=\"og:image:width\" content=\"1200\" \/>\n\t<meta property=\"og:image:height\" content=\"800\" \/>\n\t<meta property=\"og:image:type\" content=\"image\/jpeg\" \/>\n<meta name=\"author\" content=\"Camila Paim\" \/>\n<meta name=\"twitter:card\" content=\"summary_large_image\" \/>\n<meta name=\"twitter:creator\" content=\"@sunoresearch\" \/>\n<meta name=\"twitter:site\" content=\"@sunoresearch\" \/>\n<meta name=\"twitter:label1\" content=\"Escrito por\" \/>\n\t<meta name=\"twitter:data1\" content=\"Camila Paim\" \/>\n\t<meta name=\"twitter:label2\" content=\"Est. tempo de leitura\" \/>\n\t<meta name=\"twitter:data2\" content=\"4 minutos\" \/>\n<script type=\"application\/ld+json\" class=\"yoast-schema-graph\">{\"@context\":\"https:\/\/schema.org\",\"@graph\":[{\"@type\":\"NewsArticle\",\"@id\":\"https:\/\/www.suno.com.br\/noticias\/apagao-atinge-estados-brasil-df-cpf\/#article\",\"isPartOf\":{\"@id\":\"https:\/\/www.suno.com.br\/noticias\/apagao-atinge-estados-brasil-df-cpf\/\"},\"author\":{\"name\":\"Camila Paim\",\"@id\":\"https:\/\/www.suno.com.br\/noticias\/#\/schema\/person\/f341d3ae5d1cc685176c9a5327cdfdbb\"},\"headline\":\"Apag\u00e3o atinge 25 estados do Brasil e Distrito Federal; Aneel investiga causas\",\"datePublished\":\"2023-08-15T15:37:52+00:00\",\"dateModified\":\"2023-08-15T19:21:17+00:00\",\"mainEntityOfPage\":{\"@id\":\"https:\/\/www.suno.com.br\/noticias\/apagao-atinge-estados-brasil-df-cpf\/\"},\"wordCount\":717,\"publisher\":{\"@id\":\"https:\/\/www.suno.com.br\/noticias\/#organization\"},\"image\":{\"@id\":\"https:\/\/www.suno.com.br\/noticias\/apagao-atinge-estados-brasil-df-cpf\/#primaryimage\"},\"thumbnailUrl\":\"https:\/\/files.sunoresearch.com.br\/n\/uploads\/2023\/08\/apagao-falta-energia-brasil.jpg\",\"keywords\":[\"Minist\u00e9rio de Minas e Energia\"],\"articleSection\":[\"Economia\"],\"inLanguage\":\"pt-BR\"},{\"@type\":\"WebPage\",\"@id\":\"https:\/\/www.suno.com.br\/noticias\/apagao-atinge-estados-brasil-df-cpf\/\",\"url\":\"https:\/\/www.suno.com.br\/noticias\/apagao-atinge-estados-brasil-df-cpf\/\",\"name\":\"Apag\u00e3o atinge 25 estados do Brasil e Distrito Federal\",\"isPartOf\":{\"@id\":\"https:\/\/www.suno.com.br\/noticias\/#website\"},\"primaryImageOfPage\":{\"@id\":\"https:\/\/www.suno.com.br\/noticias\/apagao-atinge-estados-brasil-df-cpf\/#primaryimage\"},\"image\":{\"@id\":\"https:\/\/www.suno.com.br\/noticias\/apagao-atinge-estados-brasil-df-cpf\/#primaryimage\"},\"thumbnailUrl\":\"https:\/\/files.sunoresearch.com.br\/n\/uploads\/2023\/08\/apagao-falta-energia-brasil.jpg\",\"datePublished\":\"2023-08-15T15:37:52+00:00\",\"dateModified\":\"2023-08-15T19:21:17+00:00\",\"description\":\"Segundo MME, Sul e Sudeste j\u00e1 est\u00e3o com energia regular, enquanto restabelecem as cargas nas regi\u00f5es Norte e Nordeste. Veja causa do apag\u00e3o.\",\"breadcrumb\":{\"@id\":\"https:\/\/www.suno.com.br\/noticias\/apagao-atinge-estados-brasil-df-cpf\/#breadcrumb\"},\"inLanguage\":\"pt-BR\",\"potentialAction\":[{\"@type\":\"ReadAction\",\"target\":[\"https:\/\/www.suno.com.br\/noticias\/apagao-atinge-estados-brasil-df-cpf\/\"]}]},{\"@type\":\"ImageObject\",\"inLanguage\":\"pt-BR\",\"@id\":\"https:\/\/www.suno.com.br\/noticias\/apagao-atinge-estados-brasil-df-cpf\/#primaryimage\",\"url\":\"https:\/\/files.sunoresearch.com.br\/n\/uploads\/2023\/08\/apagao-falta-energia-brasil.jpg\",\"contentUrl\":\"https:\/\/files.sunoresearch.com.br\/n\/uploads\/2023\/08\/apagao-falta-energia-brasil.jpg\",\"width\":1200,\"height\":800,\"caption\":\"Apag\u00e3o atinge 25 estados do Brasil e Distrito Federal - Foto: Unsplash\"},{\"@type\":\"BreadcrumbList\",\"@id\":\"https:\/\/www.suno.com.br\/noticias\/apagao-atinge-estados-brasil-df-cpf\/#breadcrumb\",\"itemListElement\":[{\"@type\":\"ListItem\",\"position\":1,\"name\":\"Not\u00edcias\",\"item\":\"https:\/\/www.suno.com.br\/noticias\/\"},{\"@type\":\"ListItem\",\"position\":2,\"name\":\"Economia\",\"item\":\"https:\/\/www.suno.com.br\/noticias\/economia\/\"},{\"@type\":\"ListItem\",\"position\":3,\"name\":\"Apag\u00e3o atinge 25 estados do Brasil e Distrito Federal; Aneel investiga causas\"}]},{\"@type\":\"WebSite\",\"@id\":\"https:\/\/www.suno.com.br\/noticias\/#website\",\"url\":\"https:\/\/www.suno.com.br\/noticias\/\",\"name\":\"Suno Not\u00edcias\",\"description\":\"Seu portal de informa\u00e7\u00e3o sobre o mundo dos investimentos\",\"publisher\":{\"@id\":\"https:\/\/www.suno.com.br\/noticias\/#organization\"},\"potentialAction\":[{\"@type\":\"SearchAction\",\"target\":{\"@type\":\"EntryPoint\",\"urlTemplate\":\"https:\/\/www.suno.com.br\/noticias\/?s={search_term_string}\"},\"query-input\":{\"@type\":\"PropertyValueSpecification\",\"valueRequired\":true,\"valueName\":\"search_term_string\"}}],\"inLanguage\":\"pt-BR\"},{\"@type\":\"Organization\",\"@id\":\"https:\/\/www.suno.com.br\/noticias\/#organization\",\"name\":\"Suno Not\u00edcias\",\"url\":\"https:\/\/www.suno.com.br\/noticias\/\",\"logo\":{\"@type\":\"ImageObject\",\"inLanguage\":\"pt-BR\",\"@id\":\"https:\/\/www.suno.com.br\/noticias\/#\/schema\/logo\/image\/\",\"url\":\"https:\/\/files.sunoresearch.com.br\/n\/uploads\/2021\/09\/suno-logo.png\",\"contentUrl\":\"https:\/\/files.sunoresearch.com.br\/n\/uploads\/2021\/09\/suno-logo.png\",\"width\":180,\"height\":180,\"caption\":\"Suno Not\u00edcias\"},\"image\":{\"@id\":\"https:\/\/www.suno.com.br\/noticias\/#\/schema\/logo\/image\/\"},\"sameAs\":[\"https:\/\/facebook.com\/sunoresearch\",\"https:\/\/x.com\/sunoresearch\",\"https:\/\/www.instagram.com\/suno\",\"https:\/\/www.linkedin.com\/company\/suno-research\/\",\"https:\/\/www.youtube.com\/c\/sunoresearch\"]},{\"@type\":\"Person\",\"@id\":\"https:\/\/www.suno.com.br\/noticias\/#\/schema\/person\/f341d3ae5d1cc685176c9a5327cdfdbb\",\"name\":\"Camila Paim\",\"image\":{\"@type\":\"ImageObject\",\"inLanguage\":\"pt-BR\",\"@id\":\"https:\/\/www.suno.com.br\/noticias\/#\/schema\/person\/image\/\",\"url\":\"https:\/\/secure.gravatar.com\/avatar\/f33728e65febb1aa7ecf6792956f9b20?s=96&r=g\",\"contentUrl\":\"https:\/\/secure.gravatar.com\/avatar\/f33728e65febb1aa7ecf6792956f9b20?s=96&r=g\",\"caption\":\"Camila Paim\"},\"description\":\"Jornalista formada pela USP, tem experi\u00eancia em reda\u00e7\u00f5es, SEO, Branded Content e Webdesign. Com passagem pelo Jornal da USP, Empiricus e C6 Bank, hoje \u00e9 rep\u00f3rter no Suno Not\u00edcias cobrindo macroeconomia, finan\u00e7as pessoais e startups.\",\"url\":\"https:\/\/www.suno.com.br\/noticias\/author\/camila-figueiredosuno-com-br\/\"}]}<\/script>\n<!-- \/ Yoast SEO plugin. -->","yoast_head_json":{"title":"Apag\u00e3o atinge 25 estados do Brasil e Distrito Federal","description":"Segundo MME, Sul e Sudeste j\u00e1 est\u00e3o com energia regular, enquanto restabelecem as cargas nas regi\u00f5es Norte e Nordeste. Veja causa do apag\u00e3o.","robots":{"index":"index","follow":"follow","max-snippet":"max-snippet:-1","max-image-preview":"max-image-preview:large","max-video-preview":"max-video-preview:-1"},"canonical":"https:\/\/www.suno.com.br\/noticias\/apagao-atinge-estados-brasil-df-cpf\/","og_locale":"pt_BR","og_type":"article","og_title":"Apag\u00e3o atinge 25 estados do Brasil e Distrito Federal","og_description":"Segundo MME, Sul e Sudeste j\u00e1 est\u00e3o com energia regular, enquanto restabelecem as cargas nas regi\u00f5es Norte e Nordeste. Veja causa do apag\u00e3o.","og_url":"https:\/\/www.suno.com.br\/noticias\/apagao-atinge-estados-brasil-df-cpf\/","og_site_name":"Suno Not\u00edcias","article_publisher":"https:\/\/facebook.com\/sunoresearch","og_image":[{"width":1200,"height":800,"url":"https:\/\/files.sunoresearch.com.br\/n\/uploads\/2023\/08\/apagao-falta-energia-brasil.jpg","type":"image\/jpeg"}],"author":"Camila Paim","twitter_card":"summary_large_image","twitter_creator":"@sunoresearch","twitter_site":"@sunoresearch","twitter_misc":{"Escrito por":"Camila Paim","Est. tempo de leitura":"4 minutos"},"schema":{"@context":"https:\/\/schema.org","@graph":[{"@type":"NewsArticle","@id":"https:\/\/www.suno.com.br\/noticias\/apagao-atinge-estados-brasil-df-cpf\/#article","isPartOf":{"@id":"https:\/\/www.suno.com.br\/noticias\/apagao-atinge-estados-brasil-df-cpf\/"},"author":{"name":"Camila Paim","@id":"https:\/\/www.suno.com.br\/noticias\/#\/schema\/person\/f341d3ae5d1cc685176c9a5327cdfdbb"},"headline":"Apag\u00e3o atinge 25 estados do Brasil e Distrito Federal; Aneel investiga causas","datePublished":"2023-08-15T15:37:52+00:00","dateModified":"2023-08-15T19:21:17+00:00","mainEntityOfPage":{"@id":"https:\/\/www.suno.com.br\/noticias\/apagao-atinge-estados-brasil-df-cpf\/"},"wordCount":717,"publisher":{"@id":"https:\/\/www.suno.com.br\/noticias\/#organization"},"image":{"@id":"https:\/\/www.suno.com.br\/noticias\/apagao-atinge-estados-brasil-df-cpf\/#primaryimage"},"thumbnailUrl":"https:\/\/files.sunoresearch.com.br\/n\/uploads\/2023\/08\/apagao-falta-energia-brasil.jpg","keywords":["Minist\u00e9rio de Minas e Energia"],"articleSection":["Economia"],"inLanguage":"pt-BR"},{"@type":"WebPage","@id":"https:\/\/www.suno.com.br\/noticias\/apagao-atinge-estados-brasil-df-cpf\/","url":"https:\/\/www.suno.com.br\/noticias\/apagao-atinge-estados-brasil-df-cpf\/","name":"Apag\u00e3o atinge 25 estados do Brasil e Distrito Federal","isPartOf":{"@id":"https:\/\/www.suno.com.br\/noticias\/#website"},"primaryImageOfPage":{"@id":"https:\/\/www.suno.com.br\/noticias\/apagao-atinge-estados-brasil-df-cpf\/#primaryimage"},"image":{"@id":"https:\/\/www.suno.com.br\/noticias\/apagao-atinge-estados-brasil-df-cpf\/#primaryimage"},"thumbnailUrl":"https:\/\/files.sunoresearch.com.br\/n\/uploads\/2023\/08\/apagao-falta-energia-brasil.jpg","datePublished":"2023-08-15T15:37:52+00:00","dateModified":"2023-08-15T19:21:17+00:00","description":"Segundo MME, Sul e Sudeste j\u00e1 est\u00e3o com energia regular, enquanto restabelecem as cargas nas regi\u00f5es Norte e Nordeste. Veja causa do apag\u00e3o.","breadcrumb":{"@id":"https:\/\/www.suno.com.br\/noticias\/apagao-atinge-estados-brasil-df-cpf\/#breadcrumb"},"inLanguage":"pt-BR","potentialAction":[{"@type":"ReadAction","target":["https:\/\/www.suno.com.br\/noticias\/apagao-atinge-estados-brasil-df-cpf\/"]}]},{"@type":"ImageObject","inLanguage":"pt-BR","@id":"https:\/\/www.suno.com.br\/noticias\/apagao-atinge-estados-brasil-df-cpf\/#primaryimage","url":"https:\/\/files.sunoresearch.com.br\/n\/uploads\/2023\/08\/apagao-falta-energia-brasil.jpg","contentUrl":"https:\/\/files.sunoresearch.com.br\/n\/uploads\/2023\/08\/apagao-falta-energia-brasil.jpg","width":1200,"height":800,"caption":"Apag\u00e3o atinge 25 estados do Brasil e Distrito Federal - Foto: Unsplash"},{"@type":"BreadcrumbList","@id":"https:\/\/www.suno.com.br\/noticias\/apagao-atinge-estados-brasil-df-cpf\/#breadcrumb","itemListElement":[{"@type":"ListItem","position":1,"name":"Not\u00edcias","item":"https:\/\/www.suno.com.br\/noticias\/"},{"@type":"ListItem","position":2,"name":"Economia","item":"https:\/\/www.suno.com.br\/noticias\/economia\/"},{"@type":"ListItem","position":3,"name":"Apag\u00e3o atinge 25 estados do Brasil e Distrito Federal; Aneel investiga causas"}]},{"@type":"WebSite","@id":"https:\/\/www.suno.com.br\/noticias\/#website","url":"https:\/\/www.suno.com.br\/noticias\/","name":"Suno Not\u00edcias","description":"Seu portal de informa\u00e7\u00e3o sobre o mundo dos investimentos","publisher":{"@id":"https:\/\/www.suno.com.br\/noticias\/#organization"},"potentialAction":[{"@type":"SearchAction","target":{"@type":"EntryPoint","urlTemplate":"https:\/\/www.suno.com.br\/noticias\/?s={search_term_string}"},"query-input":{"@type":"PropertyValueSpecification","valueRequired":true,"valueName":"search_term_string"}}],"inLanguage":"pt-BR"},{"@type":"Organization","@id":"https:\/\/www.suno.com.br\/noticias\/#organization","name":"Suno Not\u00edcias","url":"https:\/\/www.suno.com.br\/noticias\/","logo":{"@type":"ImageObject","inLanguage":"pt-BR","@id":"https:\/\/www.suno.com.br\/noticias\/#\/schema\/logo\/image\/","url":"https:\/\/files.sunoresearch.com.br\/n\/uploads\/2021\/09\/suno-logo.png","contentUrl":"https:\/\/files.sunoresearch.com.br\/n\/uploads\/2021\/09\/suno-logo.png","width":180,"height":180,"caption":"Suno Not\u00edcias"},"image":{"@id":"https:\/\/www.suno.com.br\/noticias\/#\/schema\/logo\/image\/"},"sameAs":["https:\/\/facebook.com\/sunoresearch","https:\/\/x.com\/sunoresearch","https:\/\/www.instagram.com\/suno","https:\/\/www.linkedin.com\/company\/suno-research\/","https:\/\/www.youtube.com\/c\/sunoresearch"]},{"@type":"Person","@id":"https:\/\/www.suno.com.br\/noticias\/#\/schema\/person\/f341d3ae5d1cc685176c9a5327cdfdbb","name":"Camila Paim","image":{"@type":"ImageObject","inLanguage":"pt-BR","@id":"https:\/\/www.suno.com.br\/noticias\/#\/schema\/person\/image\/","url":"https:\/\/secure.gravatar.com\/avatar\/f33728e65febb1aa7ecf6792956f9b20?s=96&r=g","contentUrl":"https:\/\/secure.gravatar.com\/avatar\/f33728e65febb1aa7ecf6792956f9b20?s=96&r=g","caption":"Camila Paim"},"description":"Jornalista formada pela USP, tem experi\u00eancia em reda\u00e7\u00f5es, SEO, Branded Content e Webdesign. Com passagem pelo Jornal da USP, Empiricus e C6 Bank, hoje \u00e9 rep\u00f3rter no Suno Not\u00edcias cobrindo macroeconomia, finan\u00e7as pessoais e startups.","url":"https:\/\/www.suno.com.br\/noticias\/author\/camila-figueiredosuno-com-br\/"}]}},"default_loop_html":"<div class=\"cardsPage__listCard__boxs\"><div class=\"cardsPage__listCard__boxs__img\"><a href=\"https:\/\/www.suno.com.br\/noticias\/apagao-atinge-estados-brasil-df-cpf\/\"><img class=\"mask\" src=\"https:\/\/www.suno.com.br\/noticias\/wp-content\/themes\/suno\/resources\/images\/spotlight\/spotlight1img\/bg-mask.png\" alt=\"Image Mask\"\/><img src=\"https:\/\/files.sunoresearch.com.br\/n\/uploads\/2023\/08\/apagao-falta-energia-brasil-400x200.jpg\" alt=\"Apag\u00e3o atinge 25 estados do Brasil e Distrito Federal; Aneel investiga causas\"\/><\/a><span class=\"spotlightCategory\"><a href=\"https:\/\/www.suno.com.br\/noticias\/economia\/\">Economia<\/a><\/span><\/div><div class=\"cardsPage__listCard__boxs__content\"><a href=\"https:\/\/www.suno.com.br\/noticias\/apagao-atinge-estados-brasil-df-cpf\/\"><h2 class=\"content__title\">Apag\u00e3o atinge 25 estados do Brasil e Distrito Federal; Aneel investiga causas<\/h2><\/a><div class=\"newsContent__article__meta\"><div class=\"newsContent__article__meta__authorBox\"><a href=\"https:\/\/www.suno.com.br\/noticias\/author\/vini08correiagmail-com\/\" class=\"authorBox__avatar noMobi\"><img src=\"https:\/\/files.sunoresearch.com.br\/n\/uploads\/2026\/04\/WhatsApp-Image-2026-04-20-at-19.35.48-150x150.webp\" alt=\"Vin\u00edcius Alves\"><\/a><div class=\"authorBox__name\"><span>por\n\t\t\t<a href=\"https:\/\/www.suno.com.br\/noticias\/author\/vini08correiagmail-com\/\"><span itemprop=\"author\">Vin\u00edcius Alves<\/span><\/a><\/span><time datetime=\"2023-08-15T12:37:52-03:00\" itemprop=\"datePublished\">15\/08\/2023 12:37<\/time><\/div><\/div><\/div><\/div><\/div>","single_layout":"posts","amp_enabled":true,"_links":{"self":[{"href":"https:\/\/www.suno.com.br\/noticias\/wp-json\/wp\/v2\/posts\/442948"}],"collection":[{"href":"https:\/\/www.suno.com.br\/noticias\/wp-json\/wp\/v2\/posts"}],"about":[{"href":"https:\/\/www.suno.com.br\/noticias\/wp-json\/wp\/v2\/types\/post"}],"author":[{"embeddable":true,"href":"https:\/\/www.suno.com.br\/noticias\/wp-json\/wp\/v2\/users\/283"}],"replies":[{"embeddable":true,"href":"https:\/\/www.suno.com.br\/noticias\/wp-json\/wp\/v2\/comments?post=442948"}],"version-history":[{"count":2,"href":"https:\/\/www.suno.com.br\/noticias\/wp-json\/wp\/v2\/posts\/442948\/revisions"}],"predecessor-version":[{"id":443132,"href":"https:\/\/www.suno.com.br\/noticias\/wp-json\/wp\/v2\/posts\/442948\/revisions\/443132"}],"wp:featuredmedia":[{"embeddable":true,"href":"https:\/\/www.suno.com.br\/noticias\/wp-json\/wp\/v2\/media\/442959"}],"wp:attachment":[{"href":"https:\/\/www.suno.com.br\/noticias\/wp-json\/wp\/v2\/media?parent=442948"}],"wp:term":[{"taxonomy":"category","embeddable":true,"href":"https:\/\/www.suno.com.br\/noticias\/wp-json\/wp\/v2\/categories?post=442948"},{"taxonomy":"post_tag","embeddable":true,"href":"https:\/\/www.suno.com.br\/noticias\/wp-json\/wp\/v2\/tags?post=442948"},{"taxonomy":"suno_strategy","embeddable":true,"href":"https:\/\/www.suno.com.br\/noticias\/wp-json\/wp\/v2\/suno_strategy?post=442948"}],"curies":[{"name":"wp","href":"https:\/\/api.w.org\/{rel}","templated":true}]}}