{"id":442869,"date":"2023-08-15T11:12:06","date_gmt":"2023-08-15T14:12:06","guid":{"rendered":"https:\/\/www.suno.com.br\/noticias\/?p=442869"},"modified":"2023-08-15T12:53:59","modified_gmt":"2023-08-15T15:53:59","slug":"petrobras-petr4-lidera-altas-do-ibovespa-gpj","status":"publish","type":"post","link":"https:\/\/www.suno.com.br\/noticias\/petrobras-petr4-lidera-altas-do-ibovespa-gpj\/","title":{"rendered":"Petrobras (PETR4) fica entre maiores altas do Ibovespa hoje ap\u00f3s novo reajuste de pre\u00e7os da gasolina e diesel"},"content":{"rendered":"<p>As <a href=\"https:\/\/www.suno.com.br\/artigos\/acoes-preferenciais\/\">a\u00e7\u00f5es preferenciais<\/a> da <a href=\"https:\/\/www.suno.com.br\/acoes\/PETR4\/\"><strong>Petrobras<\/strong> (PETR4)<\/a> disparam na manh\u00e3 desta ter\u00e7a-feira (15) no Ibovespa, liderando as altas do \u00edndice, com o mercado repercutindo o novo reajuste de pre\u00e7os da gasolina e do diesel, anunciado pela empresa mais cedo, e que come\u00e7a a valer a partir de amanh\u00e3 (16).<\/p>\t<div class=\"wrapper-featured-image\">\n\t\t<figure class=\"spotlightImg\">\n\n\t\t\t<picture>\n\t\t\t\t<source media=\"(max-width: 768px)\" srcset=\"https:\/\/files.sunoresearch.com.br\/n\/uploads\/2022\/12\/petrobras-petr4-edificio-sede-rj-foto-fernando-frazao-agenciabrasil-400x200.jpg\">\n\t\t\t\t<img loading=\"lazy\" decoding=\"async\" class=\"newsContent__article__imgCapa lazyloadDisabled \" src=\"https:\/\/files.sunoresearch.com.br\/n\/uploads\/2022\/12\/petrobras-petr4-edificio-sede-rj-foto-fernando-frazao-agenciabrasil-800x450.jpg\" width=\"800\" height=\"450\" alt=\"Petrobras (PETR4) fica entre maiores altas do Ibovespa hoje ap\u00f3s novo reajuste de pre\u00e7os da gasolina e diesel\" fetchpriority=high \/>\n\t\t\t<\/picture>\n\n\t\t\t<figcaption class=\"wp-caption-text wp-caption-text--show\">Petrobras (PETR4): Comit\u00ea rejeita duas indica\u00e7\u00f5es do governo ao Conselho. Foto: Fernando Fraz\u00e3o\/Ag\u00eancia Brasil<\/figcaption>\n\t\t<\/figure>\n\t<\/div>\n\n\n\n\n\n\n\n\t<p>\n\t\t<a href=\"\" target=\"_blank\" data-element=\"shortcode-suno-banner\" title=\"Banner SUNO, clique e saiba mais\">\n\t\t\t<picture>\n\t\t\t\t<source media=\"(max-width: 500px)\" srcset=\"\">\n\t\t\t\t<img class=\"newsContent__article__imgCapa newsContent__article__imgCapa--banner\"\n\t\t\t\t\tsrc=\"\"\n\t\t\t\t\tdata-promo-id=\"254218\"\t\t\t\t\t\t\t\t\t\t\t\t\t\t\talt=\"\"\n\t\t\t\t>\n\t\t\t<\/picture>\n\t\t<\/a>\n\t<\/p>\n\n\n\n\n\n<p>Perto das 12h50, as a\u00e7\u00f5es preferenciais da Petrobras (PETR4) subiam 3,46%, cotadas a R$ 31,70, enquanto as ordin\u00e1rias (PETR3) avan\u00e7avam 2,94%, a R$ 34,62.<\/p>\n\n\n\n<div class=\"pluginQuotation\">\n  <p class=\"ticker\">\n    Cota\u00e7\u00e3o <span>PETR4<\/span>\n  <\/p>\n  <div class=\"info\">\n    <div class=\"leftSide\">\n      Gr\u00e1fico gerado em: 15\/08\/2023    <\/div>\n\t\t\t\t\t<div class=\"rightSide\">\n\t\t\t\t\t<span class=\"period\">\n\t\t\t\t\t\t1 Dia\t\t\t\t\t<\/span>\n\t\t\t<\/div>\n\t\t  <\/div>\n\n  <div id=\"chart-e67856ad192021e39152a543668e0656\" data-block-hash=\"e67856ad192021e39152a543668e0656\"  class=\"chart\" style=\"width:100%;height:400px;\"><\/div>\n\n  <div class=\"pluginQuotation__footer\">\n    <div class=\"dataChart\">\n\n      <div class=\"dataChart__div1 variation\">\n        <div class=\"value-negative\">\n          -1,03 (-0,33%)        <\/div>\n        <div class=\"text\">\n          Varia\u00e7\u00e3o do per\u00edodo\n        <\/div>\n      <\/div>\n\n      <div class=\"dataChart__div2 minMax\">\n        <div class=\"value\">\n          R$\u00a031,59        <\/div>\n        <div class=\"text\">\n          M\u00ednima\n        <\/div>\n      <\/div>\n\n      <div class=\"dataChart__div3 minMax\">\n        <div class=\"value\">\n          R$\u00a032,12        <\/div>\n        <div class=\"text\">\n          M\u00e1xima\n        <\/div>\n      <\/div>\n\n\t\t\t<div class=\"dataChart__div4 rightSide\">\n\t\t\t\t<div class=\"analiticaSource\">\n\t\t\t\t\t<span>\n\t\t\t\t\t\tFonte:\n\t\t\t\t\t<\/span>\n\t\t\t\t\t<img decoding=\"async\" class=\"analiticaLogo\" src=\"https:\/\/www.suno.com.br\/noticias\/wp-content\/plugins\/suno-block-ticker-quotation\/src\/suno-analitica-logo.png\" alt=\"Logo Suno Anal\u00edtica\" \/>\n\t\t\t\t<\/div>\n\n\t\t\t\t<a href=\"https:\/\/www.suno.com.br\/analitica\/acoes\/PETR4\" target=\"_blank\">\n\t\t\t\t\t<span>\n\t\t\t\t\t\tVer mais cota\u00e7\u00f5es\n\t\t\t\t\t<\/span>\n\t\t\t\t\t<svg xmlns=\"http:\/\/www.w3.org\/2000\/svg\" width=\"9\" height=\"8\" viewBox=\"0 0 9 8\" fill=\"none\">\n\t\t\t\t\t\t<path d=\"M4.20996 0L3.50496 0.705L6.29496 3.5H0.209961V4.5H6.29496L3.50496 7.295L4.20996 8L8.20996 4L4.20996 0Z\" fill=\"#D42126\" \/>\n\t\t\t\t\t<\/svg>\n\t\t\t\t<\/a>\n    <\/div>\n\n    <\/div>\n  <\/div>\n<\/div>\n\n\n<script type=\"text\/javascript\">\n  let chart_e67856ad192021e39152a543668e0656 = document.getElementById('chart-e67856ad192021e39152a543668e0656');\n  let data_json_e67856ad192021e39152a543668e0656 = \"[{\\\"date\\\":\\\"15\\\\\\\/08\\\\\\\/23 10:06\\\",\\\"value\\\":31.92},{\\\"date\\\":\\\"15\\\\\\\/08\\\\\\\/23 10:08\\\",\\\"value\\\":32.02},{\\\"date\\\":\\\"15\\\\\\\/08\\\\\\\/23 10:10\\\",\\\"value\\\":31.59},{\\\"date\\\":\\\"15\\\\\\\/08\\\\\\\/23 10:12\\\",\\\"value\\\":32.08},{\\\"date\\\":\\\"15\\\\\\\/08\\\\\\\/23 10:14\\\",\\\"value\\\":32.12},{\\\"date\\\":\\\"15\\\\\\\/08\\\\\\\/23 10:16\\\",\\\"value\\\":31.59}]\";\n  let isPositive_e67856ad192021e39152a543668e0656 = \"\";\n\n  let color_e67856ad192021e39152a543668e0656 = isPositive_e67856ad192021e39152a543668e0656 ? '#3AB53A' : '#D92C2D';\n\n  let data_e67856ad192021e39152a543668e0656 = JSON.parse(data_json_e67856ad192021e39152a543668e0656);\n\n  const result_e67856ad192021e39152a543668e0656 = {\n    date: [],\n    value: [],\n  };\n\n  data_e67856ad192021e39152a543668e0656.forEach((item) => {\n    result_e67856ad192021e39152a543668e0656.date.push(item.date);\n    result_e67856ad192021e39152a543668e0656.value.push(Number(item.value));\n  });\n\n  let option_e67856ad192021e39152a543668e0656 = {\n    \/\/ variavel de cor global\n    color: [color_e67856ad192021e39152a543668e0656],\n    title: {\n      text: '',\n    },\n    tooltip: {\n      trigger: 'axis',\n      axisPointer: {\n        type: 'cross',\n        label: {\n          \/\/ cor dos valores em X e Y\n          backgroundColor: color_e67856ad192021e39152a543668e0656,\n          formatter: (value) => {\n            if (typeof value.value === 'number') {\n              return Number(value.value).toLocaleString('pt-br', {\n                style: 'currency',\n                currency: 'BRL'\n              });\n            }\n            return value.value;\n          },\n        },\n      },\n      valueFormatter: (value) => Number(value).toLocaleString('pt-br', {\n        style: 'currency',\n        currency: 'BRL'\n      }),\n    },\n    legend: {\n      \/\/ data: ['Valor de Fechamento'],\n      show: false,\n    },\n    toolbox: {\n      feature: {\n        saveAsImage: {\n          show: false,\n        },\n      },\n    },\n    grid: {\n      left: '0px',\n      right: '0px',\n      bottom: '0px',\n      containLabel: true,\n    },\n    xAxis: [{\n      type: 'category',\n      data: result_e67856ad192021e39152a543668e0656.date,\n      boundaryGap: true,\n    }],\n    yAxis: [{\n      type: 'value',\n      min: Math.min(...result_e67856ad192021e39152a543668e0656.value),\n      max: Math.max(...result_e67856ad192021e39152a543668e0656.value),\n      axisLabel: {\n        formatter: (value) => value.toLocaleString('pt-br', {\n          style: 'currency',\n          currency: 'BRL'\n        }),\n      },\n    }],\n    series: [{\n      name: 'Valor de Fechamento',\n      type: 'line',\n      stack: 'Total',\n      \/\/ cor do grafico\n      areaStyle: {},\n      emphasis: {\n        focus: 'series',\n      },\n      data: result_e67856ad192021e39152a543668e0656.value,\n      \/\/ cor da linha\n      lineStyle: {\n        color: color_e67856ad192021e39152a543668e0656,\n      },\n    }, ],\n  };\n\n\twindow.chart_e67856ad192021e39152a543668e0656 = {\n\t\tel: chart_e67856ad192021e39152a543668e0656,\n\t\toption: option_e67856ad192021e39152a543668e0656\t};\n\n\n<\/script>\n\n\n\n<p>A Petrobras informou um aumento de R$ 0,41 por litro no&nbsp;<a href=\"https:\/\/www.suno.com.br\/artigos\/preco-medio\/\" target=\"_blank\" rel=\"noreferrer noopener\">pre\u00e7o m\u00e9dio<\/a>&nbsp;da gasolina tipo A para as distribuidoras a partir de amanh\u00e3 (16). Com o reajuste, o pre\u00e7o m\u00e9dio passar\u00e1 a ser de R$ 2,93 por litro.<\/p>\n\n\n\n<p>No ano, a varia\u00e7\u00e3o acumulada do pre\u00e7o de&nbsp;<strong>venda de gasolina A<\/strong>&nbsp;da Petrobras para as distribuidoras \u00e9 uma redu\u00e7\u00e3o de R$ 0,15 por litro.<\/p>\n\n\n\n<p>Para o&nbsp;<strong>diesel do tipo A<\/strong>, o aumento ser\u00e1 de R$ 0,78, para o&nbsp;<a target=\"_blank\" href=\"https:\/\/www.suno.com.br\/artigos\/preco-medio\/\" rel=\"noreferrer noopener\">pre\u00e7o m\u00e9dio<\/a>&nbsp;de R$ 3,80 por litro tamb\u00e9m para as distribuidoras.<\/p>\n\n\n\n<p>No ano, a varia\u00e7\u00e3o acumulada do pre\u00e7o de venda de diesel A da Petrobras para as distribuidoras \u00e9 uma redu\u00e7\u00e3o de R$ 0,69 por litro.<\/p>\n\n\n\t<p>\n\t\t<a href=\"https:\/\/lp.suno.com.br\/ebook-como-analisar-uma-acao\/\" target=\"_blank\" data-element=\"shortcode-suno-banner\" title=\"Banner SUNO, clique e saiba mais\">\n\t\t\t<picture>\n\t\t\t\t<source media=\"(max-width: 500px)\" srcset=\"https:\/\/files.sunoresearch.com.br\/n\/uploads\/2023\/03\/Ebook-Acoes-Mobile.jpg\">\n\t\t\t\t<img class=\"newsContent__article__imgCapa newsContent__article__imgCapa--banner\"\n\t\t\t\t\tsrc=\"https:\/\/files.sunoresearch.com.br\/n\/uploads\/2023\/03\/Ebook-Acoes-Desktop.jpg\"\n\t\t\t\t\tdata-promo-id=\"378302\"\t\t\t\t\t\t\t\t\t\twidth='1420' height='286'\t\t\t\t\talt=\"https:\/\/files.sunoresearch.com.br\/n\/uploads\/2023\/03\/Ebook-Acoes-Desktop.jpg\"\n\t\t\t\t>\n\t\t\t<\/picture>\n\t\t<\/a>\n\t<\/p>\n\n\n\n\n\n<p>A Petrobras esclarece ainda que \u201co valor efetivamente cobrado ao consumidor final no posto \u00e9 afetado tamb\u00e9m por outros fatores como impostos, mistura de biocombust\u00edveis e margens de lucro da distribui\u00e7\u00e3o e da revenda\u201d.<\/p>\n\n\n\n<p>&#8220;Essa not\u00edcia foi vista com vi\u00e9s positivo para as a\u00e7\u00f5es, pois desde quando houve a reformula\u00e7\u00e3o na cota\u00e7\u00e3o do combust\u00edvel, correlacionando com a cota\u00e7\u00e3o do petr\u00f3leo internacional, os pre\u00e7os acabaram ficando defasados aqui no Brasil, uma vez que o petr\u00f3leo voltou a subir nas \u00faltimas semanas&#8221;, disse Heitor De Nicola, especialista de renda vari\u00e1vel da Acqua Vero.<\/p>\n\n\n\n<p>&#8220;Em uma base anualizada, trazendo esse incremento, desse valor, j\u00e1 para a base de resultados da Petrobras, deve significar algo em torno de 6%, 7% dentro de um fluxo de caixa livre para o acionista&#8221;, completou.<\/p>\n\n\n\n<p>Para Ricardo Jorge, especialista em mercado de capitais e s\u00f3cio da Quantzed, n\u00e3o h\u00e1 d\u00favidas de que a alta da gasolina ir\u00e1 provocar um impacto no IPCA. &#8220;A alta estimada \u00e9 entre 35 e 45 pontos-base no IPCA no ano. O estimado para o ano \u00e9 algo em torno de 4,70 e agora vai para 5. Quase 10% a mais do estava sendo previsto. Uma alta bem importante&#8221;, pontuou.<\/p>\n\n\n\n<h2 class=\"wp-block-heading\">Conversas com a ANP<\/h2>\n\n\n\n<p>De acordo com coluna de Lauro Jardim, do o Globo, o presidente da Petrobras,&nbsp;<strong>Jean Paul Prates<\/strong>&nbsp;havia sido procurado pela Ag\u00eancia Nacional de Petr\u00f3leo (ANP) para falar sobre os reajustes nos pre\u00e7os dos combust\u00edveis. Prates teria dito, ainda na semana passada, que sua diretoria est\u00e1 discutindo essa possibilidade para breve. Mas a expectativa \u00e9 de um reajuste mais contido.<\/p>\n\n\n\t<div data-element=\"shortcode-read-more\" class=\"knowMore\">\n\t\t\t\t<span class=\"knowMore__title\">Leia mais<\/span>\n\t\t\t\t<a class=\"knowMore__link\" href=\"https:\/\/www.suno.com.br\/noticias\/petrobras-petr4-braskem-brkm5-decisao-cpf\/\">\n\t\t\tPetrobras (PETR4) afirma n\u00e3o ter decis\u00e3o executiva sobre a Braskem (BRKM5)\t\t<\/a>\n\t<\/div>\n\n\n\n\n<p>Mesmo o&nbsp;<strong>presidente da Petrobras<\/strong>&nbsp;afirmando que a queda do lucro da companhia na compara\u00e7\u00e3o entre o primeiro e o segundo trimestre deste ano n\u00e3o deve ser atribu\u00edda \u00e0 mudan\u00e7a na pol\u00edtica de pre\u00e7os, a varia\u00e7\u00e3o da&nbsp;<strong>cota\u00e7\u00e3o do barril de petr\u00f3leo<\/strong>&nbsp;tipo&nbsp;<em>brent<\/em>, refer\u00eancia do mercado internacional afetou o resultado trimestral da estatal.<\/p>\n\n\n\n<p>Os resultados do segundo trimestre de 2023 foram divulgados pela&nbsp;<strong>Petrobras<\/strong>&nbsp;na noite do \u00faltimo dia 3. Conforme os dados, foi registrado um&nbsp;<a href=\"https:\/\/www.suno.com.br\/artigos\/lucro-liquido\/\" target=\"_blank\" rel=\"noreferrer noopener\">lucro l\u00edquido<\/a>&nbsp;de R$ 28,8 bilh\u00f5es no per\u00edodo. Trata-se do d\u00e9cimo maior lucro trimestral da hist\u00f3ria da empresa. Ainda assim, na compara\u00e7\u00e3o com o primeiro trimestre do ano, houve uma queda de 24,6%.<\/p>\n\n\n\t<p>\n\t\t<a href=\"https:\/\/lp.suno.com.br\/plataforma-de-controle-de-investimentos\/\" target=\"_blank\" data-element=\"shortcode-suno-banner\" title=\"Banner SUNO, clique e saiba mais\">\n\t\t\t<picture>\n\t\t\t\t<source media=\"(max-width: 500px)\" srcset=\"https:\/\/files.sunoresearch.com.br\/n\/uploads\/2023\/03\/400x300-Controle-de-Investimentos.png\">\n\t\t\t\t<img class=\"newsContent__article__imgCapa newsContent__article__imgCapa--banner\"\n\t\t\t\t\tsrc=\"https:\/\/files.sunoresearch.com.br\/n\/uploads\/2023\/03\/1420x240-Controle-de-Investimentos.png\"\n\t\t\t\t\tdata-promo-id=\"383162\"\t\t\t\t\t\t\t\t\t\twidth='1420' height='240'\t\t\t\t\talt=\"https:\/\/files.sunoresearch.com.br\/n\/uploads\/2023\/03\/1420x240-Controle-de-Investimentos.png\"\n\t\t\t\t>\n\t\t\t<\/picture>\n\t\t<\/a>\n\t<\/p>\n\n\n","protected":false},"excerpt":{"rendered":"<p>As a\u00e7\u00f5es preferenciais da Petrobras (PETR4) disparam na manh\u00e3 desta ter\u00e7a-feira (15) no Ibovespa, liderando as altas do \u00edndice, com o mercado repercutindo o novo reajuste de pre\u00e7os da gasolina e do diesel, anunciado pela empresa mais cedo, e que come\u00e7a a valer a partir de amanh\u00e3 (16). Petrobras (PETR4): Comit\u00ea rejeita duas indica\u00e7\u00f5es do [&hellip;]<\/p>\n","protected":false},"author":313,"featured_media":337466,"comment_status":"closed","ping_status":"closed","sticky":false,"template":"","format":"standard","meta":[],"categories":[64],"tags":[1437,595],"suno_strategy":[],"class_list":["post-442869","post","type-post","status-publish","format-standard","has-post-thumbnail","hentry","category-negocios","tag-combustiveis","tag-petrobras-petr4"],"yoast_head":"<!-- This site is optimized with the Yoast SEO plugin v24.4 - https:\/\/yoast.com\/wordpress\/plugins\/seo\/ -->\n<title>Petrobras (PETR4) dispara ap\u00f3s reajuste de pre\u00e7os da gasolina e diesel<\/title>\n<meta name=\"description\" content=\"As a\u00e7\u00f5es da Petrobras (PETR4) disparam no Ibovespa com o mercado repercutindo o novo reajuste de pre\u00e7os da gasolina e do diesel.\" \/>\n<meta name=\"robots\" content=\"index, follow, max-snippet:-1, max-image-preview:large, max-video-preview:-1\" \/>\n<link rel=\"canonical\" href=\"https:\/\/www.suno.com.br\/noticias\/petrobras-petr4-lidera-altas-do-ibovespa-gpj\/\" \/>\n<meta property=\"og:locale\" content=\"pt_BR\" \/>\n<meta property=\"og:type\" content=\"article\" \/>\n<meta property=\"og:title\" content=\"Petrobras (PETR4) dispara ap\u00f3s reajuste de pre\u00e7os da gasolina e diesel\" \/>\n<meta property=\"og:description\" content=\"As a\u00e7\u00f5es da Petrobras (PETR4) disparam no Ibovespa com o mercado repercutindo o novo reajuste de pre\u00e7os da gasolina e do diesel.\" \/>\n<meta property=\"og:url\" content=\"https:\/\/www.suno.com.br\/noticias\/petrobras-petr4-lidera-altas-do-ibovespa-gpj\/\" \/>\n<meta property=\"og:site_name\" content=\"Suno Not\u00edcias\" \/>\n<meta property=\"article:publisher\" content=\"https:\/\/facebook.com\/sunoresearch\" \/>\n<meta property=\"og:image\" content=\"https:\/\/files.sunoresearch.com.br\/n\/uploads\/2022\/12\/petrobras-petr4-edificio-sede-rj-foto-fernando-frazao-agenciabrasil.jpg\" \/>\n\t<meta property=\"og:image:width\" content=\"1200\" \/>\n\t<meta property=\"og:image:height\" content=\"675\" \/>\n\t<meta property=\"og:image:type\" content=\"image\/jpeg\" \/>\n<meta name=\"author\" content=\"Giovanni Porf\u00edrio Jacomino\" \/>\n<meta name=\"twitter:card\" content=\"summary_large_image\" \/>\n<meta name=\"twitter:creator\" content=\"@sunoresearch\" \/>\n<meta name=\"twitter:site\" content=\"@sunoresearch\" \/>\n<meta name=\"twitter:label1\" content=\"Escrito por\" \/>\n\t<meta name=\"twitter:data1\" content=\"Giovanni Porf\u00edrio Jacomino\" \/>\n\t<meta name=\"twitter:label2\" content=\"Est. tempo de leitura\" \/>\n\t<meta name=\"twitter:data2\" content=\"4 minutos\" \/>\n<script type=\"application\/ld+json\" class=\"yoast-schema-graph\">{\"@context\":\"https:\/\/schema.org\",\"@graph\":[{\"@type\":\"NewsArticle\",\"@id\":\"https:\/\/www.suno.com.br\/noticias\/petrobras-petr4-lidera-altas-do-ibovespa-gpj\/#article\",\"isPartOf\":{\"@id\":\"https:\/\/www.suno.com.br\/noticias\/petrobras-petr4-lidera-altas-do-ibovespa-gpj\/\"},\"author\":{\"name\":\"Giovanni Porf\u00edrio Jacomino\",\"@id\":\"https:\/\/www.suno.com.br\/noticias\/#\/schema\/person\/d0f32748bbca4bee871fa191ee4e2d40\"},\"headline\":\"Petrobras (PETR4) fica entre maiores altas do Ibovespa hoje ap\u00f3s novo reajuste de pre\u00e7os da gasolina e diesel\",\"datePublished\":\"2023-08-15T14:12:06+00:00\",\"dateModified\":\"2023-08-15T15:53:59+00:00\",\"mainEntityOfPage\":{\"@id\":\"https:\/\/www.suno.com.br\/noticias\/petrobras-petr4-lidera-altas-do-ibovespa-gpj\/\"},\"wordCount\":629,\"publisher\":{\"@id\":\"https:\/\/www.suno.com.br\/noticias\/#organization\"},\"image\":{\"@id\":\"https:\/\/www.suno.com.br\/noticias\/petrobras-petr4-lidera-altas-do-ibovespa-gpj\/#primaryimage\"},\"thumbnailUrl\":\"https:\/\/files.sunoresearch.com.br\/n\/uploads\/2022\/12\/petrobras-petr4-edificio-sede-rj-foto-fernando-frazao-agenciabrasil.jpg\",\"keywords\":[\"combust\u00edveis\",\"Petrobras (PETR4)\"],\"articleSection\":[\"Neg\u00f3cios\"],\"inLanguage\":\"pt-BR\"},{\"@type\":\"WebPage\",\"@id\":\"https:\/\/www.suno.com.br\/noticias\/petrobras-petr4-lidera-altas-do-ibovespa-gpj\/\",\"url\":\"https:\/\/www.suno.com.br\/noticias\/petrobras-petr4-lidera-altas-do-ibovespa-gpj\/\",\"name\":\"Petrobras (PETR4) dispara ap\u00f3s reajuste de pre\u00e7os da gasolina e diesel\",\"isPartOf\":{\"@id\":\"https:\/\/www.suno.com.br\/noticias\/#website\"},\"primaryImageOfPage\":{\"@id\":\"https:\/\/www.suno.com.br\/noticias\/petrobras-petr4-lidera-altas-do-ibovespa-gpj\/#primaryimage\"},\"image\":{\"@id\":\"https:\/\/www.suno.com.br\/noticias\/petrobras-petr4-lidera-altas-do-ibovespa-gpj\/#primaryimage\"},\"thumbnailUrl\":\"https:\/\/files.sunoresearch.com.br\/n\/uploads\/2022\/12\/petrobras-petr4-edificio-sede-rj-foto-fernando-frazao-agenciabrasil.jpg\",\"datePublished\":\"2023-08-15T14:12:06+00:00\",\"dateModified\":\"2023-08-15T15:53:59+00:00\",\"description\":\"As a\u00e7\u00f5es da Petrobras (PETR4) disparam no Ibovespa com o mercado repercutindo o novo reajuste de pre\u00e7os da gasolina e do diesel.\",\"breadcrumb\":{\"@id\":\"https:\/\/www.suno.com.br\/noticias\/petrobras-petr4-lidera-altas-do-ibovespa-gpj\/#breadcrumb\"},\"inLanguage\":\"pt-BR\",\"potentialAction\":[{\"@type\":\"ReadAction\",\"target\":[\"https:\/\/www.suno.com.br\/noticias\/petrobras-petr4-lidera-altas-do-ibovespa-gpj\/\"]}]},{\"@type\":\"ImageObject\",\"inLanguage\":\"pt-BR\",\"@id\":\"https:\/\/www.suno.com.br\/noticias\/petrobras-petr4-lidera-altas-do-ibovespa-gpj\/#primaryimage\",\"url\":\"https:\/\/files.sunoresearch.com.br\/n\/uploads\/2022\/12\/petrobras-petr4-edificio-sede-rj-foto-fernando-frazao-agenciabrasil.jpg\",\"contentUrl\":\"https:\/\/files.sunoresearch.com.br\/n\/uploads\/2022\/12\/petrobras-petr4-edificio-sede-rj-foto-fernando-frazao-agenciabrasil.jpg\",\"width\":1200,\"height\":675,\"caption\":\"Petrobras (PETR4): Comit\u00ea rejeita duas indica\u00e7\u00f5es do governo ao Conselho. Foto: Fernando Fraz\u00e3o\/Ag\u00eancia Brasil\"},{\"@type\":\"BreadcrumbList\",\"@id\":\"https:\/\/www.suno.com.br\/noticias\/petrobras-petr4-lidera-altas-do-ibovespa-gpj\/#breadcrumb\",\"itemListElement\":[{\"@type\":\"ListItem\",\"position\":1,\"name\":\"Not\u00edcias\",\"item\":\"https:\/\/www.suno.com.br\/noticias\/\"},{\"@type\":\"ListItem\",\"position\":2,\"name\":\"Neg\u00f3cios\",\"item\":\"https:\/\/www.suno.com.br\/noticias\/negocios\/\"},{\"@type\":\"ListItem\",\"position\":3,\"name\":\"Petrobras (PETR4) fica entre maiores altas do Ibovespa hoje ap\u00f3s novo reajuste de pre\u00e7os da gasolina e diesel\"}]},{\"@type\":\"WebSite\",\"@id\":\"https:\/\/www.suno.com.br\/noticias\/#website\",\"url\":\"https:\/\/www.suno.com.br\/noticias\/\",\"name\":\"Suno Not\u00edcias\",\"description\":\"Seu portal de informa\u00e7\u00e3o sobre o mundo dos investimentos\",\"publisher\":{\"@id\":\"https:\/\/www.suno.com.br\/noticias\/#organization\"},\"potentialAction\":[{\"@type\":\"SearchAction\",\"target\":{\"@type\":\"EntryPoint\",\"urlTemplate\":\"https:\/\/www.suno.com.br\/noticias\/?s={search_term_string}\"},\"query-input\":{\"@type\":\"PropertyValueSpecification\",\"valueRequired\":true,\"valueName\":\"search_term_string\"}}],\"inLanguage\":\"pt-BR\"},{\"@type\":\"Organization\",\"@id\":\"https:\/\/www.suno.com.br\/noticias\/#organization\",\"name\":\"Suno Not\u00edcias\",\"url\":\"https:\/\/www.suno.com.br\/noticias\/\",\"logo\":{\"@type\":\"ImageObject\",\"inLanguage\":\"pt-BR\",\"@id\":\"https:\/\/www.suno.com.br\/noticias\/#\/schema\/logo\/image\/\",\"url\":\"https:\/\/files.sunoresearch.com.br\/n\/uploads\/2021\/09\/suno-logo.png\",\"contentUrl\":\"https:\/\/files.sunoresearch.com.br\/n\/uploads\/2021\/09\/suno-logo.png\",\"width\":180,\"height\":180,\"caption\":\"Suno Not\u00edcias\"},\"image\":{\"@id\":\"https:\/\/www.suno.com.br\/noticias\/#\/schema\/logo\/image\/\"},\"sameAs\":[\"https:\/\/facebook.com\/sunoresearch\",\"https:\/\/x.com\/sunoresearch\",\"https:\/\/www.instagram.com\/suno\",\"https:\/\/www.linkedin.com\/company\/suno-research\/\",\"https:\/\/www.youtube.com\/c\/sunoresearch\"]},{\"@type\":\"Person\",\"@id\":\"https:\/\/www.suno.com.br\/noticias\/#\/schema\/person\/d0f32748bbca4bee871fa191ee4e2d40\",\"name\":\"Giovanni Porf\u00edrio Jacomino\",\"image\":{\"@type\":\"ImageObject\",\"inLanguage\":\"pt-BR\",\"@id\":\"https:\/\/www.suno.com.br\/noticias\/#\/schema\/person\/image\/\",\"url\":\"https:\/\/secure.gravatar.com\/avatar\/efb32e19b730a121cb7a80f41ffec01a?s=96&r=g\",\"contentUrl\":\"https:\/\/secure.gravatar.com\/avatar\/efb32e19b730a121cb7a80f41ffec01a?s=96&r=g\",\"caption\":\"Giovanni Porf\u00edrio Jacomino\"},\"description\":\"Giovanni Porf\u00edrio Jacomino \u00e9 jornalista formado pela Universidade Estadual de Londrina (UEL) e p\u00f3s-graduado em Produ\u00e7\u00e3o e Pr\u00e1ticas Jornal\u00edsticas na Contemporaneidade na Faculdade C\u00e1sper L\u00edbero (FCL). Foi editor web no Startupi e no Finsiders, atuando ainda como editor no TC Mover, portal de not\u00edcias da TradersClub, fazendo a cobertura de assuntos relacionados ao mercado financeiro interno e externo. Atualmente, \u00e9 Rep\u00f3rter do Suno Not\u00edcias.\",\"url\":\"https:\/\/www.suno.com.br\/noticias\/author\/giovanni-porfiriosuno-com-br\/\"}]}<\/script>\n<!-- \/ Yoast SEO plugin. -->","yoast_head_json":{"title":"Petrobras (PETR4) dispara ap\u00f3s reajuste de pre\u00e7os da gasolina e diesel","description":"As a\u00e7\u00f5es da Petrobras (PETR4) disparam no Ibovespa com o mercado repercutindo o novo reajuste de pre\u00e7os da gasolina e do diesel.","robots":{"index":"index","follow":"follow","max-snippet":"max-snippet:-1","max-image-preview":"max-image-preview:large","max-video-preview":"max-video-preview:-1"},"canonical":"https:\/\/www.suno.com.br\/noticias\/petrobras-petr4-lidera-altas-do-ibovespa-gpj\/","og_locale":"pt_BR","og_type":"article","og_title":"Petrobras (PETR4) dispara ap\u00f3s reajuste de pre\u00e7os da gasolina e diesel","og_description":"As a\u00e7\u00f5es da Petrobras (PETR4) disparam no Ibovespa com o mercado repercutindo o novo reajuste de pre\u00e7os da gasolina e do diesel.","og_url":"https:\/\/www.suno.com.br\/noticias\/petrobras-petr4-lidera-altas-do-ibovespa-gpj\/","og_site_name":"Suno Not\u00edcias","article_publisher":"https:\/\/facebook.com\/sunoresearch","og_image":[{"width":1200,"height":675,"url":"https:\/\/files.sunoresearch.com.br\/n\/uploads\/2022\/12\/petrobras-petr4-edificio-sede-rj-foto-fernando-frazao-agenciabrasil.jpg","type":"image\/jpeg"}],"author":"Giovanni Porf\u00edrio Jacomino","twitter_card":"summary_large_image","twitter_creator":"@sunoresearch","twitter_site":"@sunoresearch","twitter_misc":{"Escrito por":"Giovanni Porf\u00edrio Jacomino","Est. tempo de leitura":"4 minutos"},"schema":{"@context":"https:\/\/schema.org","@graph":[{"@type":"NewsArticle","@id":"https:\/\/www.suno.com.br\/noticias\/petrobras-petr4-lidera-altas-do-ibovespa-gpj\/#article","isPartOf":{"@id":"https:\/\/www.suno.com.br\/noticias\/petrobras-petr4-lidera-altas-do-ibovespa-gpj\/"},"author":{"name":"Giovanni Porf\u00edrio Jacomino","@id":"https:\/\/www.suno.com.br\/noticias\/#\/schema\/person\/d0f32748bbca4bee871fa191ee4e2d40"},"headline":"Petrobras (PETR4) fica entre maiores altas do Ibovespa hoje ap\u00f3s novo reajuste de pre\u00e7os da gasolina e diesel","datePublished":"2023-08-15T14:12:06+00:00","dateModified":"2023-08-15T15:53:59+00:00","mainEntityOfPage":{"@id":"https:\/\/www.suno.com.br\/noticias\/petrobras-petr4-lidera-altas-do-ibovespa-gpj\/"},"wordCount":629,"publisher":{"@id":"https:\/\/www.suno.com.br\/noticias\/#organization"},"image":{"@id":"https:\/\/www.suno.com.br\/noticias\/petrobras-petr4-lidera-altas-do-ibovespa-gpj\/#primaryimage"},"thumbnailUrl":"https:\/\/files.sunoresearch.com.br\/n\/uploads\/2022\/12\/petrobras-petr4-edificio-sede-rj-foto-fernando-frazao-agenciabrasil.jpg","keywords":["combust\u00edveis","Petrobras (PETR4)"],"articleSection":["Neg\u00f3cios"],"inLanguage":"pt-BR"},{"@type":"WebPage","@id":"https:\/\/www.suno.com.br\/noticias\/petrobras-petr4-lidera-altas-do-ibovespa-gpj\/","url":"https:\/\/www.suno.com.br\/noticias\/petrobras-petr4-lidera-altas-do-ibovespa-gpj\/","name":"Petrobras (PETR4) dispara ap\u00f3s reajuste de pre\u00e7os da gasolina e diesel","isPartOf":{"@id":"https:\/\/www.suno.com.br\/noticias\/#website"},"primaryImageOfPage":{"@id":"https:\/\/www.suno.com.br\/noticias\/petrobras-petr4-lidera-altas-do-ibovespa-gpj\/#primaryimage"},"image":{"@id":"https:\/\/www.suno.com.br\/noticias\/petrobras-petr4-lidera-altas-do-ibovespa-gpj\/#primaryimage"},"thumbnailUrl":"https:\/\/files.sunoresearch.com.br\/n\/uploads\/2022\/12\/petrobras-petr4-edificio-sede-rj-foto-fernando-frazao-agenciabrasil.jpg","datePublished":"2023-08-15T14:12:06+00:00","dateModified":"2023-08-15T15:53:59+00:00","description":"As a\u00e7\u00f5es da Petrobras (PETR4) disparam no Ibovespa com o mercado repercutindo o novo reajuste de pre\u00e7os da gasolina e do diesel.","breadcrumb":{"@id":"https:\/\/www.suno.com.br\/noticias\/petrobras-petr4-lidera-altas-do-ibovespa-gpj\/#breadcrumb"},"inLanguage":"pt-BR","potentialAction":[{"@type":"ReadAction","target":["https:\/\/www.suno.com.br\/noticias\/petrobras-petr4-lidera-altas-do-ibovespa-gpj\/"]}]},{"@type":"ImageObject","inLanguage":"pt-BR","@id":"https:\/\/www.suno.com.br\/noticias\/petrobras-petr4-lidera-altas-do-ibovespa-gpj\/#primaryimage","url":"https:\/\/files.sunoresearch.com.br\/n\/uploads\/2022\/12\/petrobras-petr4-edificio-sede-rj-foto-fernando-frazao-agenciabrasil.jpg","contentUrl":"https:\/\/files.sunoresearch.com.br\/n\/uploads\/2022\/12\/petrobras-petr4-edificio-sede-rj-foto-fernando-frazao-agenciabrasil.jpg","width":1200,"height":675,"caption":"Petrobras (PETR4): Comit\u00ea rejeita duas indica\u00e7\u00f5es do governo ao Conselho. Foto: Fernando Fraz\u00e3o\/Ag\u00eancia Brasil"},{"@type":"BreadcrumbList","@id":"https:\/\/www.suno.com.br\/noticias\/petrobras-petr4-lidera-altas-do-ibovespa-gpj\/#breadcrumb","itemListElement":[{"@type":"ListItem","position":1,"name":"Not\u00edcias","item":"https:\/\/www.suno.com.br\/noticias\/"},{"@type":"ListItem","position":2,"name":"Neg\u00f3cios","item":"https:\/\/www.suno.com.br\/noticias\/negocios\/"},{"@type":"ListItem","position":3,"name":"Petrobras (PETR4) fica entre maiores altas do Ibovespa hoje ap\u00f3s novo reajuste de pre\u00e7os da gasolina e diesel"}]},{"@type":"WebSite","@id":"https:\/\/www.suno.com.br\/noticias\/#website","url":"https:\/\/www.suno.com.br\/noticias\/","name":"Suno Not\u00edcias","description":"Seu portal de informa\u00e7\u00e3o sobre o mundo dos investimentos","publisher":{"@id":"https:\/\/www.suno.com.br\/noticias\/#organization"},"potentialAction":[{"@type":"SearchAction","target":{"@type":"EntryPoint","urlTemplate":"https:\/\/www.suno.com.br\/noticias\/?s={search_term_string}"},"query-input":{"@type":"PropertyValueSpecification","valueRequired":true,"valueName":"search_term_string"}}],"inLanguage":"pt-BR"},{"@type":"Organization","@id":"https:\/\/www.suno.com.br\/noticias\/#organization","name":"Suno Not\u00edcias","url":"https:\/\/www.suno.com.br\/noticias\/","logo":{"@type":"ImageObject","inLanguage":"pt-BR","@id":"https:\/\/www.suno.com.br\/noticias\/#\/schema\/logo\/image\/","url":"https:\/\/files.sunoresearch.com.br\/n\/uploads\/2021\/09\/suno-logo.png","contentUrl":"https:\/\/files.sunoresearch.com.br\/n\/uploads\/2021\/09\/suno-logo.png","width":180,"height":180,"caption":"Suno Not\u00edcias"},"image":{"@id":"https:\/\/www.suno.com.br\/noticias\/#\/schema\/logo\/image\/"},"sameAs":["https:\/\/facebook.com\/sunoresearch","https:\/\/x.com\/sunoresearch","https:\/\/www.instagram.com\/suno","https:\/\/www.linkedin.com\/company\/suno-research\/","https:\/\/www.youtube.com\/c\/sunoresearch"]},{"@type":"Person","@id":"https:\/\/www.suno.com.br\/noticias\/#\/schema\/person\/d0f32748bbca4bee871fa191ee4e2d40","name":"Giovanni Porf\u00edrio Jacomino","image":{"@type":"ImageObject","inLanguage":"pt-BR","@id":"https:\/\/www.suno.com.br\/noticias\/#\/schema\/person\/image\/","url":"https:\/\/secure.gravatar.com\/avatar\/efb32e19b730a121cb7a80f41ffec01a?s=96&r=g","contentUrl":"https:\/\/secure.gravatar.com\/avatar\/efb32e19b730a121cb7a80f41ffec01a?s=96&r=g","caption":"Giovanni Porf\u00edrio Jacomino"},"description":"Giovanni Porf\u00edrio Jacomino \u00e9 jornalista formado pela Universidade Estadual de Londrina (UEL) e p\u00f3s-graduado em Produ\u00e7\u00e3o e Pr\u00e1ticas Jornal\u00edsticas na Contemporaneidade na Faculdade C\u00e1sper L\u00edbero (FCL). Foi editor web no Startupi e no Finsiders, atuando ainda como editor no TC Mover, portal de not\u00edcias da TradersClub, fazendo a cobertura de assuntos relacionados ao mercado financeiro interno e externo. Atualmente, \u00e9 Rep\u00f3rter do Suno Not\u00edcias.","url":"https:\/\/www.suno.com.br\/noticias\/author\/giovanni-porfiriosuno-com-br\/"}]}},"default_loop_html":"<div class=\"cardsPage__listCard__boxs\"><div class=\"cardsPage__listCard__boxs__img\"><a href=\"https:\/\/www.suno.com.br\/noticias\/petrobras-petr4-lidera-altas-do-ibovespa-gpj\/\"><img class=\"mask\" src=\"https:\/\/www.suno.com.br\/noticias\/wp-content\/themes\/suno\/resources\/images\/spotlight\/spotlight1img\/bg-mask.png\" alt=\"Image Mask\"\/><img src=\"https:\/\/files.sunoresearch.com.br\/n\/uploads\/2022\/12\/petrobras-petr4-edificio-sede-rj-foto-fernando-frazao-agenciabrasil-400x200.jpg\" alt=\"Petrobras (PETR4) fica entre maiores altas do Ibovespa hoje ap\u00f3s novo reajuste de pre\u00e7os da gasolina e diesel\"\/><\/a><span class=\"spotlightCategory\"><a href=\"https:\/\/www.suno.com.br\/noticias\/negocios\/\">Neg\u00f3cios<\/a><\/span><\/div><div class=\"cardsPage__listCard__boxs__content\"><a href=\"https:\/\/www.suno.com.br\/noticias\/petrobras-petr4-lidera-altas-do-ibovespa-gpj\/\"><h2 class=\"content__title\">Petrobras (PETR4) fica entre maiores altas do Ibovespa hoje ap\u00f3s novo reajuste de pre\u00e7os da gasolina e diesel<\/h2><\/a><div class=\"newsContent__article__meta\"><div class=\"newsContent__article__meta__authorBox\"><a href=\"https:\/\/www.suno.com.br\/noticias\/author\/giovanni-porfiriosuno-com-br\/\" class=\"authorBox__avatar noMobi\"><img src=\"https:\/\/files.sunoresearch.com.br\/n\/uploads\/2024\/05\/DSCF4115-1-1-150x150.webp\" alt=\"Giovanni Porf\u00edrio Jacomino\"><\/a><div class=\"authorBox__name\"><span>por\n\t\t\t<a href=\"https:\/\/www.suno.com.br\/noticias\/author\/giovanni-porfiriosuno-com-br\/\"><span itemprop=\"author\">Giovanni Porf\u00edrio Jacomino<\/span><\/a><\/span><time datetime=\"2023-08-15T11:12:06-03:00\" itemprop=\"datePublished\">15\/08\/2023 11:12<\/time><\/div><\/div><\/div><\/div><\/div>","single_layout":"posts","amp_enabled":true,"_links":{"self":[{"href":"https:\/\/www.suno.com.br\/noticias\/wp-json\/wp\/v2\/posts\/442869"}],"collection":[{"href":"https:\/\/www.suno.com.br\/noticias\/wp-json\/wp\/v2\/posts"}],"about":[{"href":"https:\/\/www.suno.com.br\/noticias\/wp-json\/wp\/v2\/types\/post"}],"author":[{"embeddable":true,"href":"https:\/\/www.suno.com.br\/noticias\/wp-json\/wp\/v2\/users\/313"}],"replies":[{"embeddable":true,"href":"https:\/\/www.suno.com.br\/noticias\/wp-json\/wp\/v2\/comments?post=442869"}],"version-history":[{"count":3,"href":"https:\/\/www.suno.com.br\/noticias\/wp-json\/wp\/v2\/posts\/442869\/revisions"}],"predecessor-version":[{"id":442978,"href":"https:\/\/www.suno.com.br\/noticias\/wp-json\/wp\/v2\/posts\/442869\/revisions\/442978"}],"wp:featuredmedia":[{"embeddable":true,"href":"https:\/\/www.suno.com.br\/noticias\/wp-json\/wp\/v2\/media\/337466"}],"wp:attachment":[{"href":"https:\/\/www.suno.com.br\/noticias\/wp-json\/wp\/v2\/media?parent=442869"}],"wp:term":[{"taxonomy":"category","embeddable":true,"href":"https:\/\/www.suno.com.br\/noticias\/wp-json\/wp\/v2\/categories?post=442869"},{"taxonomy":"post_tag","embeddable":true,"href":"https:\/\/www.suno.com.br\/noticias\/wp-json\/wp\/v2\/tags?post=442869"},{"taxonomy":"suno_strategy","embeddable":true,"href":"https:\/\/www.suno.com.br\/noticias\/wp-json\/wp\/v2\/suno_strategy?post=442869"}],"curies":[{"name":"wp","href":"https:\/\/api.w.org\/{rel}","templated":true}]}}