{"id":442758,"date":"2023-08-15T09:36:25","date_gmt":"2023-08-15T12:36:25","guid":{"rendered":"https:\/\/www.suno.com.br\/noticias\/?p=442758"},"modified":"2023-08-15T09:50:17","modified_gmt":"2023-08-15T12:50:17","slug":"petrobras-petr4-novo-reajuste-preco-gasolina-fb","status":"publish","type":"post","link":"https:\/\/www.suno.com.br\/noticias\/petrobras-petr4-novo-reajuste-preco-gasolina-fb\/","title":{"rendered":"Petrobras (PETR4) anuncia novo reajuste de pre\u00e7os da gasolina e diesel; valores come\u00e7am a partir de amanh\u00e3 (16)"},"content":{"rendered":"<p>A <strong>Petrobras<\/strong> (<a href=\"https:\/\/www.suno.com.br\/acoes\/petr4\/\" target=\"_blank\" rel=\"noreferrer noopener\">PETR4<\/a>) comunicou na manh\u00e3 desta ter\u00e7a-feira (15) um aumento de R$ 0,41 por litro no <a class=\"suno-keyword\" data-force=\"no\" data-priority=\"1\" href=\"https:\/\/www.suno.com.br\/artigos\/preco-medio\/\" target=\"_blank\" rel=\"noopener\">pre\u00e7o m\u00e9dio<\/a> da gasolina tipo A para as distribuidoras a partir de amanh\u00e3 (16). Com o reajuste, o pre\u00e7o m\u00e9dio passar\u00e1 a ser de R$ 2,93 por litro.<\/p>\t<div class=\"wrapper-featured-image\">\n\t\t<figure class=\"spotlightImg\">\n\n\t\t\t<picture>\n\t\t\t\t<source media=\"(max-width: 768px)\" srcset=\"https:\/\/files.sunoresearch.com.br\/n\/uploads\/2023\/05\/petrobras-posto-400x200.jpg\">\n\t\t\t\t<img loading=\"lazy\" decoding=\"async\" class=\"newsContent__article__imgCapa lazyloadDisabled \" src=\"https:\/\/files.sunoresearch.com.br\/n\/uploads\/2023\/05\/petrobras-posto-800x450.jpg\" width=\"800\" height=\"450\" alt=\"Petrobras (PETR4) anuncia novo reajuste de pre\u00e7os da gasolina e diesel; valores come\u00e7am a partir de amanh\u00e3 (16)\" fetchpriority=high \/>\n\t\t\t<\/picture>\n\n\t\t\t<figcaption class=\"wp-caption-text wp-caption-text--show\">Petrobras (PETR4). Foto: iStock<\/figcaption>\n\t\t<\/figure>\n\t<\/div>\n\n\n\n\n\n\t<p>\n\t\t<a href=\"\" target=\"_blank\" data-element=\"shortcode-suno-banner\" title=\"Banner SUNO, clique e saiba mais\">\n\t\t\t<picture>\n\t\t\t\t<source media=\"(max-width: 500px)\" srcset=\"\">\n\t\t\t\t<img class=\"newsContent__article__imgCapa newsContent__article__imgCapa--banner\"\n\t\t\t\t\tsrc=\"\"\n\t\t\t\t\tdata-promo-id=\"254218\"\t\t\t\t\t\t\t\t\t\t\t\t\t\t\talt=\"\"\n\t\t\t\t>\n\t\t\t<\/picture>\n\t\t<\/a>\n\t<\/p>\n\n\n\n\n\n\n\n<p>No ano, a varia\u00e7\u00e3o acumulada do pre\u00e7o de <strong>venda de gasolina A<\/strong> da Petrobras para as distribuidoras \u00e9 uma redu\u00e7\u00e3o de R$ 0,15 por litro.<\/p>\n\n\n\n<p>Para o <strong>diesel do tipo A<\/strong>, o aumento ser\u00e1 de R$ 0,78, para o <a class=\"suno-keyword\" target=\"_blank\" data-force=\"no\" data-priority=\"1\" href=\"https:\/\/www.suno.com.br\/artigos\/preco-medio\/\" rel=\"noopener\">pre\u00e7o m\u00e9dio<\/a> de R$ 3,80 por litro tamb\u00e9m para as distribuidoras.<\/p>\n\n\n\n<p>No ano, a varia\u00e7\u00e3o acumulada do pre\u00e7o de venda de diesel A da Petrobras para as distribuidoras \u00e9 uma redu\u00e7\u00e3o de R$ 0,69 por litro.<\/p>\n\n\n\t<p>\n\t\t<a href=\"https:\/\/lp.suno.com.br\/ebook-como-analisar-uma-acao\/\" target=\"_blank\" data-element=\"shortcode-suno-banner\" title=\"Banner SUNO, clique e saiba mais\">\n\t\t\t<picture>\n\t\t\t\t<source media=\"(max-width: 500px)\" srcset=\"https:\/\/files.sunoresearch.com.br\/n\/uploads\/2023\/03\/Ebook-Acoes-Mobile.jpg\">\n\t\t\t\t<img class=\"newsContent__article__imgCapa newsContent__article__imgCapa--banner\"\n\t\t\t\t\tsrc=\"https:\/\/files.sunoresearch.com.br\/n\/uploads\/2023\/03\/Ebook-Acoes-Desktop.jpg\"\n\t\t\t\t\tdata-promo-id=\"378302\"\t\t\t\t\t\t\t\t\t\twidth='1420' height='286'\t\t\t\t\talt=\"https:\/\/files.sunoresearch.com.br\/n\/uploads\/2023\/03\/Ebook-Acoes-Desktop.jpg\"\n\t\t\t\t>\n\t\t\t<\/picture>\n\t\t<\/a>\n\t<\/p>\n\n\n\n\n\n<p>A Petrobras esclarece ainda que &#8220;o valor efetivamente cobrado ao consumidor final no posto \u00e9 afetado tamb\u00e9m por outros fatores como impostos, mistura de biocombust\u00edveis e margens de lucro da distribui\u00e7\u00e3o e da revenda&#8221;.<\/p>\n\n\n\n<h2 class=\"wp-block-heading\">Conversas com a ANP<\/h2>\n\n\n\n<p>De acordo com  coluna de Lauro Jardim, do o Globo, o presidente da Petrobras,&nbsp;<strong>Jean Paul Prates<\/strong> havia sido procurado pela Ag\u00eancia Nacional de Petr\u00f3leo (ANP) para falar sobre os reajustes nos pre\u00e7os dos combust\u00edveis. Prates teria dito, ainda na semana passada, que sua diretoria est\u00e1 discutindo essa possibilidade para breve. Mas a expectativa \u00e9 de um reajuste mais contido.<\/p>\n\n\n\t<div data-element=\"shortcode-read-more\" class=\"knowMore\">\n\t\t\t\t<span class=\"knowMore__title\">Leia mais<\/span>\n\t\t\t\t<a class=\"knowMore__link\" href=\"https:\/\/www.suno.com.br\/noticias\/petrobras-petr4-braskem-brkm5-decisao-cpf\/\">\n\t\t\tPetrobras (PETR4) afirma n\u00e3o ter decis\u00e3o executiva sobre a Braskem (BRKM5)\t\t<\/a>\n\t<\/div>\n\n\n\n\n<p>Mesmo o&nbsp;<strong>presidente da Petrobras<\/strong>&nbsp;afirmando que a queda do lucro da companhia na compara\u00e7\u00e3o entre o primeiro e o segundo trimestre deste ano n\u00e3o deve ser atribu\u00edda \u00e0 mudan\u00e7a na pol\u00edtica de pre\u00e7os, a varia\u00e7\u00e3o da&nbsp;<strong>cota\u00e7\u00e3o do barril de petr\u00f3leo<\/strong>&nbsp;tipo&nbsp;<em>brent<\/em>, refer\u00eancia do mercado internacional afetou o resultado trimestral da estatal.<\/p>\n\n\n\n<p>Os resultados do segundo trimestre de 2023 foram divulgados pela <strong>Petrobras<\/strong> na noite do \u00faltimo dia 3. Conforme os dados, foi registrado um&nbsp;<a href=\"https:\/\/www.suno.com.br\/artigos\/lucro-liquido\/\" target=\"_blank\" rel=\"noreferrer noopener\">lucro l\u00edquido<\/a>&nbsp;de R$ 28,8 bilh\u00f5es no per\u00edodo. Trata-se do d\u00e9cimo maior lucro trimestral da hist\u00f3ria da empresa. Ainda assim, na compara\u00e7\u00e3o com o primeiro trimestre do ano, houve uma queda de 24,6%.<\/p>\n\n\n\t<p>\n\t\t<a href=\"https:\/\/lp.suno.com.br\/plataforma-de-controle-de-investimentos\/\" target=\"_blank\" data-element=\"shortcode-suno-banner\" title=\"Banner SUNO, clique e saiba mais\">\n\t\t\t<picture>\n\t\t\t\t<source media=\"(max-width: 500px)\" srcset=\"https:\/\/files.sunoresearch.com.br\/n\/uploads\/2023\/03\/400x300-Controle-de-Investimentos.png\">\n\t\t\t\t<img class=\"newsContent__article__imgCapa newsContent__article__imgCapa--banner\"\n\t\t\t\t\tsrc=\"https:\/\/files.sunoresearch.com.br\/n\/uploads\/2023\/03\/1420x240-Controle-de-Investimentos.png\"\n\t\t\t\t\tdata-promo-id=\"383162\"\t\t\t\t\t\t\t\t\t\twidth='1420' height='240'\t\t\t\t\talt=\"https:\/\/files.sunoresearch.com.br\/n\/uploads\/2023\/03\/1420x240-Controle-de-Investimentos.png\"\n\t\t\t\t>\n\t\t\t<\/picture>\n\t\t<\/a>\n\t<\/p>\n\n\n","protected":false},"excerpt":{"rendered":"<p>A Petrobras (PETR4) comunicou na manh\u00e3 desta ter\u00e7a-feira (15) um aumento de R$ 0,41 por litro no pre\u00e7o m\u00e9dio da gasolina tipo A para as distribuidoras a partir de amanh\u00e3 (16). Com o reajuste, o pre\u00e7o m\u00e9dio passar\u00e1 a ser de R$ 2,93 por litro. Petrobras (PETR4). Foto: iStock No ano, a varia\u00e7\u00e3o acumulada do [&hellip;]<\/p>\n","protected":false},"author":266,"featured_media":405228,"comment_status":"closed","ping_status":"closed","sticky":false,"template":"","format":"standard","meta":[],"categories":[64],"tags":[1437,595],"suno_strategy":[],"class_list":["post-442758","post","type-post","status-publish","format-standard","has-post-thumbnail","hentry","category-negocios","tag-combustiveis","tag-petrobras-petr4"],"yoast_head":"<!-- This site is optimized with the Yoast SEO plugin v24.4 - https:\/\/yoast.com\/wordpress\/plugins\/seo\/ -->\n<title>Petrobras (PETR4) anuncia reajuste dos pre\u00e7os da gasolina<\/title>\n<meta name=\"description\" content=\"A Petrobras (PETR4) comunicou aumento de R$ 0,41 por litro no pre\u00e7o m\u00e9dio da gasolina tipo A para as distribuidoras a partir de amanh\u00e3 (16).\" \/>\n<meta name=\"robots\" content=\"index, follow, max-snippet:-1, max-image-preview:large, max-video-preview:-1\" \/>\n<link rel=\"canonical\" href=\"https:\/\/www.suno.com.br\/noticias\/petrobras-petr4-novo-reajuste-preco-gasolina-fb\/\" \/>\n<meta property=\"og:locale\" content=\"pt_BR\" \/>\n<meta property=\"og:type\" content=\"article\" \/>\n<meta property=\"og:title\" content=\"Petrobras (PETR4) anuncia reajuste dos pre\u00e7os da gasolina\" \/>\n<meta property=\"og:description\" content=\"A Petrobras (PETR4) comunicou aumento de R$ 0,41 por litro no pre\u00e7o m\u00e9dio da gasolina tipo A para as distribuidoras a partir de amanh\u00e3 (16).\" \/>\n<meta property=\"og:url\" content=\"https:\/\/www.suno.com.br\/noticias\/petrobras-petr4-novo-reajuste-preco-gasolina-fb\/\" \/>\n<meta property=\"og:site_name\" content=\"Suno Not\u00edcias\" \/>\n<meta property=\"article:publisher\" content=\"https:\/\/facebook.com\/sunoresearch\" \/>\n<meta property=\"og:image\" content=\"https:\/\/files.sunoresearch.com.br\/n\/uploads\/2023\/05\/petrobras-posto.jpg\" \/>\n\t<meta property=\"og:image:width\" content=\"1254\" \/>\n\t<meta property=\"og:image:height\" content=\"836\" \/>\n\t<meta property=\"og:image:type\" content=\"image\/jpeg\" \/>\n<meta name=\"author\" content=\"Fernanda Bompan\" \/>\n<meta name=\"twitter:card\" content=\"summary_large_image\" \/>\n<meta name=\"twitter:creator\" content=\"@sunoresearch\" \/>\n<meta name=\"twitter:site\" content=\"@sunoresearch\" \/>\n<meta name=\"twitter:label1\" content=\"Escrito por\" \/>\n\t<meta name=\"twitter:data1\" content=\"Fernanda Bompan\" \/>\n\t<meta name=\"twitter:label2\" content=\"Est. tempo de leitura\" \/>\n\t<meta name=\"twitter:data2\" content=\"2 minutos\" \/>\n<script type=\"application\/ld+json\" class=\"yoast-schema-graph\">{\"@context\":\"https:\/\/schema.org\",\"@graph\":[{\"@type\":\"NewsArticle\",\"@id\":\"https:\/\/www.suno.com.br\/noticias\/petrobras-petr4-novo-reajuste-preco-gasolina-fb\/#article\",\"isPartOf\":{\"@id\":\"https:\/\/www.suno.com.br\/noticias\/petrobras-petr4-novo-reajuste-preco-gasolina-fb\/\"},\"author\":{\"name\":\"Fernanda Bompan\",\"@id\":\"https:\/\/www.suno.com.br\/noticias\/#\/schema\/person\/1f832c1c0e64406f37dbc20563c01a26\"},\"headline\":\"Petrobras (PETR4) anuncia novo reajuste de pre\u00e7os da gasolina e diesel; valores come\u00e7am a partir de amanh\u00e3 (16)\",\"datePublished\":\"2023-08-15T12:36:25+00:00\",\"dateModified\":\"2023-08-15T12:50:17+00:00\",\"mainEntityOfPage\":{\"@id\":\"https:\/\/www.suno.com.br\/noticias\/petrobras-petr4-novo-reajuste-preco-gasolina-fb\/\"},\"wordCount\":384,\"publisher\":{\"@id\":\"https:\/\/www.suno.com.br\/noticias\/#organization\"},\"image\":{\"@id\":\"https:\/\/www.suno.com.br\/noticias\/petrobras-petr4-novo-reajuste-preco-gasolina-fb\/#primaryimage\"},\"thumbnailUrl\":\"https:\/\/files.sunoresearch.com.br\/n\/uploads\/2023\/05\/petrobras-posto.jpg\",\"keywords\":[\"combust\u00edveis\",\"Petrobras (PETR4)\"],\"articleSection\":[\"Neg\u00f3cios\"],\"inLanguage\":\"pt-BR\"},{\"@type\":\"WebPage\",\"@id\":\"https:\/\/www.suno.com.br\/noticias\/petrobras-petr4-novo-reajuste-preco-gasolina-fb\/\",\"url\":\"https:\/\/www.suno.com.br\/noticias\/petrobras-petr4-novo-reajuste-preco-gasolina-fb\/\",\"name\":\"Petrobras (PETR4) anuncia reajuste dos pre\u00e7os da gasolina\",\"isPartOf\":{\"@id\":\"https:\/\/www.suno.com.br\/noticias\/#website\"},\"primaryImageOfPage\":{\"@id\":\"https:\/\/www.suno.com.br\/noticias\/petrobras-petr4-novo-reajuste-preco-gasolina-fb\/#primaryimage\"},\"image\":{\"@id\":\"https:\/\/www.suno.com.br\/noticias\/petrobras-petr4-novo-reajuste-preco-gasolina-fb\/#primaryimage\"},\"thumbnailUrl\":\"https:\/\/files.sunoresearch.com.br\/n\/uploads\/2023\/05\/petrobras-posto.jpg\",\"datePublished\":\"2023-08-15T12:36:25+00:00\",\"dateModified\":\"2023-08-15T12:50:17+00:00\",\"description\":\"A Petrobras (PETR4) comunicou aumento de R$ 0,41 por litro no pre\u00e7o m\u00e9dio da gasolina tipo A para as distribuidoras a partir de amanh\u00e3 (16).\",\"breadcrumb\":{\"@id\":\"https:\/\/www.suno.com.br\/noticias\/petrobras-petr4-novo-reajuste-preco-gasolina-fb\/#breadcrumb\"},\"inLanguage\":\"pt-BR\",\"potentialAction\":[{\"@type\":\"ReadAction\",\"target\":[\"https:\/\/www.suno.com.br\/noticias\/petrobras-petr4-novo-reajuste-preco-gasolina-fb\/\"]}]},{\"@type\":\"ImageObject\",\"inLanguage\":\"pt-BR\",\"@id\":\"https:\/\/www.suno.com.br\/noticias\/petrobras-petr4-novo-reajuste-preco-gasolina-fb\/#primaryimage\",\"url\":\"https:\/\/files.sunoresearch.com.br\/n\/uploads\/2023\/05\/petrobras-posto.jpg\",\"contentUrl\":\"https:\/\/files.sunoresearch.com.br\/n\/uploads\/2023\/05\/petrobras-posto.jpg\",\"width\":1254,\"height\":836,\"caption\":\"Petrobras (PETR4). Foto: iStock\"},{\"@type\":\"BreadcrumbList\",\"@id\":\"https:\/\/www.suno.com.br\/noticias\/petrobras-petr4-novo-reajuste-preco-gasolina-fb\/#breadcrumb\",\"itemListElement\":[{\"@type\":\"ListItem\",\"position\":1,\"name\":\"Not\u00edcias\",\"item\":\"https:\/\/www.suno.com.br\/noticias\/\"},{\"@type\":\"ListItem\",\"position\":2,\"name\":\"Neg\u00f3cios\",\"item\":\"https:\/\/www.suno.com.br\/noticias\/negocios\/\"},{\"@type\":\"ListItem\",\"position\":3,\"name\":\"Petrobras (PETR4) anuncia novo reajuste de pre\u00e7os da gasolina e diesel; valores come\u00e7am a partir de amanh\u00e3 (16)\"}]},{\"@type\":\"WebSite\",\"@id\":\"https:\/\/www.suno.com.br\/noticias\/#website\",\"url\":\"https:\/\/www.suno.com.br\/noticias\/\",\"name\":\"Suno Not\u00edcias\",\"description\":\"Seu portal de informa\u00e7\u00e3o sobre o mundo dos investimentos\",\"publisher\":{\"@id\":\"https:\/\/www.suno.com.br\/noticias\/#organization\"},\"potentialAction\":[{\"@type\":\"SearchAction\",\"target\":{\"@type\":\"EntryPoint\",\"urlTemplate\":\"https:\/\/www.suno.com.br\/noticias\/?s={search_term_string}\"},\"query-input\":{\"@type\":\"PropertyValueSpecification\",\"valueRequired\":true,\"valueName\":\"search_term_string\"}}],\"inLanguage\":\"pt-BR\"},{\"@type\":\"Organization\",\"@id\":\"https:\/\/www.suno.com.br\/noticias\/#organization\",\"name\":\"Suno Not\u00edcias\",\"url\":\"https:\/\/www.suno.com.br\/noticias\/\",\"logo\":{\"@type\":\"ImageObject\",\"inLanguage\":\"pt-BR\",\"@id\":\"https:\/\/www.suno.com.br\/noticias\/#\/schema\/logo\/image\/\",\"url\":\"https:\/\/files.sunoresearch.com.br\/n\/uploads\/2021\/09\/suno-logo.png\",\"contentUrl\":\"https:\/\/files.sunoresearch.com.br\/n\/uploads\/2021\/09\/suno-logo.png\",\"width\":180,\"height\":180,\"caption\":\"Suno Not\u00edcias\"},\"image\":{\"@id\":\"https:\/\/www.suno.com.br\/noticias\/#\/schema\/logo\/image\/\"},\"sameAs\":[\"https:\/\/facebook.com\/sunoresearch\",\"https:\/\/x.com\/sunoresearch\",\"https:\/\/www.instagram.com\/suno\",\"https:\/\/www.linkedin.com\/company\/suno-research\/\",\"https:\/\/www.youtube.com\/c\/sunoresearch\"]},{\"@type\":\"Person\",\"@id\":\"https:\/\/www.suno.com.br\/noticias\/#\/schema\/person\/1f832c1c0e64406f37dbc20563c01a26\",\"name\":\"Fernanda Bompan\",\"image\":{\"@type\":\"ImageObject\",\"inLanguage\":\"pt-BR\",\"@id\":\"https:\/\/www.suno.com.br\/noticias\/#\/schema\/person\/image\/\",\"url\":\"https:\/\/secure.gravatar.com\/avatar\/963efa2e75b13e4118442129692cb5cb?s=96&r=g\",\"contentUrl\":\"https:\/\/secure.gravatar.com\/avatar\/963efa2e75b13e4118442129692cb5cb?s=96&r=g\",\"caption\":\"Fernanda Bompan\"},\"description\":\"Fernanda Bompan \u00e9 jornalista e acumula 15 anos de experi\u00eancia na cobertura das editorias de economia, finan\u00e7as e neg\u00f3cios, com passagens por Gazeta Mercantil, DCI, Valor Econ\u00f4mico e Finsiders. Ainda\u00a0atuou em assessorias de imprensa e na cria\u00e7\u00e3o de conte\u00fado para redes sociais de fundos de investimento.\",\"url\":\"https:\/\/www.suno.com.br\/noticias\/author\/fernanda-bompansuno-com-br\/\"}]}<\/script>\n<!-- \/ Yoast SEO plugin. -->","yoast_head_json":{"title":"Petrobras (PETR4) anuncia reajuste dos pre\u00e7os da gasolina","description":"A Petrobras (PETR4) comunicou aumento de R$ 0,41 por litro no pre\u00e7o m\u00e9dio da gasolina tipo A para as distribuidoras a partir de amanh\u00e3 (16).","robots":{"index":"index","follow":"follow","max-snippet":"max-snippet:-1","max-image-preview":"max-image-preview:large","max-video-preview":"max-video-preview:-1"},"canonical":"https:\/\/www.suno.com.br\/noticias\/petrobras-petr4-novo-reajuste-preco-gasolina-fb\/","og_locale":"pt_BR","og_type":"article","og_title":"Petrobras (PETR4) anuncia reajuste dos pre\u00e7os da gasolina","og_description":"A Petrobras (PETR4) comunicou aumento de R$ 0,41 por litro no pre\u00e7o m\u00e9dio da gasolina tipo A para as distribuidoras a partir de amanh\u00e3 (16).","og_url":"https:\/\/www.suno.com.br\/noticias\/petrobras-petr4-novo-reajuste-preco-gasolina-fb\/","og_site_name":"Suno Not\u00edcias","article_publisher":"https:\/\/facebook.com\/sunoresearch","og_image":[{"width":1254,"height":836,"url":"https:\/\/files.sunoresearch.com.br\/n\/uploads\/2023\/05\/petrobras-posto.jpg","type":"image\/jpeg"}],"author":"Fernanda Bompan","twitter_card":"summary_large_image","twitter_creator":"@sunoresearch","twitter_site":"@sunoresearch","twitter_misc":{"Escrito por":"Fernanda Bompan","Est. tempo de leitura":"2 minutos"},"schema":{"@context":"https:\/\/schema.org","@graph":[{"@type":"NewsArticle","@id":"https:\/\/www.suno.com.br\/noticias\/petrobras-petr4-novo-reajuste-preco-gasolina-fb\/#article","isPartOf":{"@id":"https:\/\/www.suno.com.br\/noticias\/petrobras-petr4-novo-reajuste-preco-gasolina-fb\/"},"author":{"name":"Fernanda Bompan","@id":"https:\/\/www.suno.com.br\/noticias\/#\/schema\/person\/1f832c1c0e64406f37dbc20563c01a26"},"headline":"Petrobras (PETR4) anuncia novo reajuste de pre\u00e7os da gasolina e diesel; valores come\u00e7am a partir de amanh\u00e3 (16)","datePublished":"2023-08-15T12:36:25+00:00","dateModified":"2023-08-15T12:50:17+00:00","mainEntityOfPage":{"@id":"https:\/\/www.suno.com.br\/noticias\/petrobras-petr4-novo-reajuste-preco-gasolina-fb\/"},"wordCount":384,"publisher":{"@id":"https:\/\/www.suno.com.br\/noticias\/#organization"},"image":{"@id":"https:\/\/www.suno.com.br\/noticias\/petrobras-petr4-novo-reajuste-preco-gasolina-fb\/#primaryimage"},"thumbnailUrl":"https:\/\/files.sunoresearch.com.br\/n\/uploads\/2023\/05\/petrobras-posto.jpg","keywords":["combust\u00edveis","Petrobras (PETR4)"],"articleSection":["Neg\u00f3cios"],"inLanguage":"pt-BR"},{"@type":"WebPage","@id":"https:\/\/www.suno.com.br\/noticias\/petrobras-petr4-novo-reajuste-preco-gasolina-fb\/","url":"https:\/\/www.suno.com.br\/noticias\/petrobras-petr4-novo-reajuste-preco-gasolina-fb\/","name":"Petrobras (PETR4) anuncia reajuste dos pre\u00e7os da gasolina","isPartOf":{"@id":"https:\/\/www.suno.com.br\/noticias\/#website"},"primaryImageOfPage":{"@id":"https:\/\/www.suno.com.br\/noticias\/petrobras-petr4-novo-reajuste-preco-gasolina-fb\/#primaryimage"},"image":{"@id":"https:\/\/www.suno.com.br\/noticias\/petrobras-petr4-novo-reajuste-preco-gasolina-fb\/#primaryimage"},"thumbnailUrl":"https:\/\/files.sunoresearch.com.br\/n\/uploads\/2023\/05\/petrobras-posto.jpg","datePublished":"2023-08-15T12:36:25+00:00","dateModified":"2023-08-15T12:50:17+00:00","description":"A Petrobras (PETR4) comunicou aumento de R$ 0,41 por litro no pre\u00e7o m\u00e9dio da gasolina tipo A para as distribuidoras a partir de amanh\u00e3 (16).","breadcrumb":{"@id":"https:\/\/www.suno.com.br\/noticias\/petrobras-petr4-novo-reajuste-preco-gasolina-fb\/#breadcrumb"},"inLanguage":"pt-BR","potentialAction":[{"@type":"ReadAction","target":["https:\/\/www.suno.com.br\/noticias\/petrobras-petr4-novo-reajuste-preco-gasolina-fb\/"]}]},{"@type":"ImageObject","inLanguage":"pt-BR","@id":"https:\/\/www.suno.com.br\/noticias\/petrobras-petr4-novo-reajuste-preco-gasolina-fb\/#primaryimage","url":"https:\/\/files.sunoresearch.com.br\/n\/uploads\/2023\/05\/petrobras-posto.jpg","contentUrl":"https:\/\/files.sunoresearch.com.br\/n\/uploads\/2023\/05\/petrobras-posto.jpg","width":1254,"height":836,"caption":"Petrobras (PETR4). Foto: iStock"},{"@type":"BreadcrumbList","@id":"https:\/\/www.suno.com.br\/noticias\/petrobras-petr4-novo-reajuste-preco-gasolina-fb\/#breadcrumb","itemListElement":[{"@type":"ListItem","position":1,"name":"Not\u00edcias","item":"https:\/\/www.suno.com.br\/noticias\/"},{"@type":"ListItem","position":2,"name":"Neg\u00f3cios","item":"https:\/\/www.suno.com.br\/noticias\/negocios\/"},{"@type":"ListItem","position":3,"name":"Petrobras (PETR4) anuncia novo reajuste de pre\u00e7os da gasolina e diesel; valores come\u00e7am a partir de amanh\u00e3 (16)"}]},{"@type":"WebSite","@id":"https:\/\/www.suno.com.br\/noticias\/#website","url":"https:\/\/www.suno.com.br\/noticias\/","name":"Suno Not\u00edcias","description":"Seu portal de informa\u00e7\u00e3o sobre o mundo dos investimentos","publisher":{"@id":"https:\/\/www.suno.com.br\/noticias\/#organization"},"potentialAction":[{"@type":"SearchAction","target":{"@type":"EntryPoint","urlTemplate":"https:\/\/www.suno.com.br\/noticias\/?s={search_term_string}"},"query-input":{"@type":"PropertyValueSpecification","valueRequired":true,"valueName":"search_term_string"}}],"inLanguage":"pt-BR"},{"@type":"Organization","@id":"https:\/\/www.suno.com.br\/noticias\/#organization","name":"Suno Not\u00edcias","url":"https:\/\/www.suno.com.br\/noticias\/","logo":{"@type":"ImageObject","inLanguage":"pt-BR","@id":"https:\/\/www.suno.com.br\/noticias\/#\/schema\/logo\/image\/","url":"https:\/\/files.sunoresearch.com.br\/n\/uploads\/2021\/09\/suno-logo.png","contentUrl":"https:\/\/files.sunoresearch.com.br\/n\/uploads\/2021\/09\/suno-logo.png","width":180,"height":180,"caption":"Suno Not\u00edcias"},"image":{"@id":"https:\/\/www.suno.com.br\/noticias\/#\/schema\/logo\/image\/"},"sameAs":["https:\/\/facebook.com\/sunoresearch","https:\/\/x.com\/sunoresearch","https:\/\/www.instagram.com\/suno","https:\/\/www.linkedin.com\/company\/suno-research\/","https:\/\/www.youtube.com\/c\/sunoresearch"]},{"@type":"Person","@id":"https:\/\/www.suno.com.br\/noticias\/#\/schema\/person\/1f832c1c0e64406f37dbc20563c01a26","name":"Fernanda Bompan","image":{"@type":"ImageObject","inLanguage":"pt-BR","@id":"https:\/\/www.suno.com.br\/noticias\/#\/schema\/person\/image\/","url":"https:\/\/secure.gravatar.com\/avatar\/963efa2e75b13e4118442129692cb5cb?s=96&r=g","contentUrl":"https:\/\/secure.gravatar.com\/avatar\/963efa2e75b13e4118442129692cb5cb?s=96&r=g","caption":"Fernanda Bompan"},"description":"Fernanda Bompan \u00e9 jornalista e acumula 15 anos de experi\u00eancia na cobertura das editorias de economia, finan\u00e7as e neg\u00f3cios, com passagens por Gazeta Mercantil, DCI, Valor Econ\u00f4mico e Finsiders. Ainda\u00a0atuou em assessorias de imprensa e na cria\u00e7\u00e3o de conte\u00fado para redes sociais de fundos de investimento.","url":"https:\/\/www.suno.com.br\/noticias\/author\/fernanda-bompansuno-com-br\/"}]}},"default_loop_html":"<div class=\"cardsPage__listCard__boxs\"><div class=\"cardsPage__listCard__boxs__img\"><a href=\"https:\/\/www.suno.com.br\/noticias\/petrobras-petr4-novo-reajuste-preco-gasolina-fb\/\"><img class=\"mask\" src=\"https:\/\/www.suno.com.br\/noticias\/wp-content\/themes\/suno\/resources\/images\/spotlight\/spotlight1img\/bg-mask.png\" alt=\"Image Mask\"\/><img src=\"https:\/\/files.sunoresearch.com.br\/n\/uploads\/2023\/05\/petrobras-posto-400x200.jpg\" alt=\"Petrobras (PETR4) anuncia novo reajuste de pre\u00e7os da gasolina e diesel; valores come\u00e7am a partir de amanh\u00e3 (16)\"\/><\/a><span class=\"spotlightCategory\"><a href=\"https:\/\/www.suno.com.br\/noticias\/negocios\/\">Neg\u00f3cios<\/a><\/span><\/div><div class=\"cardsPage__listCard__boxs__content\"><a href=\"https:\/\/www.suno.com.br\/noticias\/petrobras-petr4-novo-reajuste-preco-gasolina-fb\/\"><h2 class=\"content__title\">Petrobras (PETR4) anuncia novo reajuste de pre\u00e7os da gasolina e diesel; valores come\u00e7am a partir de amanh\u00e3 (16)<\/h2><\/a><div class=\"newsContent__article__meta\"><div class=\"newsContent__article__meta__authorBox\"><a href=\"https:\/\/www.suno.com.br\/noticias\/author\/fernanda-bompansuno-com-br\/\" class=\"authorBox__avatar noMobi\"><img src=\"https:\/\/secure.gravatar.com\/avatar\/963efa2e75b13e4118442129692cb5cb?s=96&#038;r=g\" alt=\"Fernanda Bompan\"><\/a><div class=\"authorBox__name\"><span>por\n\t\t\t<a href=\"https:\/\/www.suno.com.br\/noticias\/author\/fernanda-bompansuno-com-br\/\"><span itemprop=\"author\">Fernanda Bompan<\/span><\/a><\/span><time datetime=\"2023-08-15T09:36:25-03:00\" itemprop=\"datePublished\">15\/08\/2023 09:36<\/time><\/div><\/div><\/div><\/div><\/div>","single_layout":"posts","amp_enabled":true,"_links":{"self":[{"href":"https:\/\/www.suno.com.br\/noticias\/wp-json\/wp\/v2\/posts\/442758"}],"collection":[{"href":"https:\/\/www.suno.com.br\/noticias\/wp-json\/wp\/v2\/posts"}],"about":[{"href":"https:\/\/www.suno.com.br\/noticias\/wp-json\/wp\/v2\/types\/post"}],"author":[{"embeddable":true,"href":"https:\/\/www.suno.com.br\/noticias\/wp-json\/wp\/v2\/users\/266"}],"replies":[{"embeddable":true,"href":"https:\/\/www.suno.com.br\/noticias\/wp-json\/wp\/v2\/comments?post=442758"}],"version-history":[{"count":3,"href":"https:\/\/www.suno.com.br\/noticias\/wp-json\/wp\/v2\/posts\/442758\/revisions"}],"predecessor-version":[{"id":442786,"href":"https:\/\/www.suno.com.br\/noticias\/wp-json\/wp\/v2\/posts\/442758\/revisions\/442786"}],"wp:featuredmedia":[{"embeddable":true,"href":"https:\/\/www.suno.com.br\/noticias\/wp-json\/wp\/v2\/media\/405228"}],"wp:attachment":[{"href":"https:\/\/www.suno.com.br\/noticias\/wp-json\/wp\/v2\/media?parent=442758"}],"wp:term":[{"taxonomy":"category","embeddable":true,"href":"https:\/\/www.suno.com.br\/noticias\/wp-json\/wp\/v2\/categories?post=442758"},{"taxonomy":"post_tag","embeddable":true,"href":"https:\/\/www.suno.com.br\/noticias\/wp-json\/wp\/v2\/tags?post=442758"},{"taxonomy":"suno_strategy","embeddable":true,"href":"https:\/\/www.suno.com.br\/noticias\/wp-json\/wp\/v2\/suno_strategy?post=442758"}],"curies":[{"name":"wp","href":"https:\/\/api.w.org\/{rel}","templated":true}]}}