{"id":442713,"date":"2023-08-15T09:45:17","date_gmt":"2023-08-15T12:45:17","guid":{"rendered":"https:\/\/www.suno.com.br\/noticias\/?p=442713"},"modified":"2023-08-15T09:45:24","modified_gmt":"2023-08-15T12:45:24","slug":"marfrig-mrfg3-afunda-prejuizo-segundo-tri-cpf","status":"publish","type":"post","link":"https:\/\/www.suno.com.br\/noticias\/marfrig-mrfg3-afunda-prejuizo-segundo-tri-cpf\/","title":{"rendered":"Marfrig (MRFG3) aprofunda preju\u00edzo no segundo trimestre para R$ 784 milh\u00f5es"},"content":{"rendered":"<p>A <strong>Marfrig (MRFG3)<\/strong> anotou um preju\u00edzo l\u00edquido de R$ 784 milh\u00f5es no segundo trimestre de 2023 (2T23), contra um lucro l\u00edquido de R$ 4,2 bilh\u00f5es um ano antes (2T22). <\/p>\t<div class=\"wrapper-featured-image\">\n\t\t<figure class=\"spotlightImg\">\n\n\t\t\t<picture>\n\t\t\t\t<source media=\"(max-width: 768px)\" srcset=\"https:\/\/files.sunoresearch.com.br\/n\/uploads\/2022\/08\/Marfrig_Bataguassu-1-400x200.jpg\">\n\t\t\t\t<img loading=\"lazy\" decoding=\"async\" class=\"newsContent__article__imgCapa lazyloadDisabled \" src=\"https:\/\/files.sunoresearch.com.br\/n\/uploads\/2022\/08\/Marfrig_Bataguassu-1-800x450.jpg\" width=\"800\" height=\"450\" alt=\"Marfrig (MRFG3) aprofunda preju\u00edzo no segundo trimestre para R$ 784 milh\u00f5es\" fetchpriority=high \/>\n\t\t\t<\/picture>\n\n\t\t\t<figcaption class=\"wp-caption-text wp-caption-text--show\">Marfrig (MRFG3). Foto: Divulga\u00e7\u00e3o.<\/figcaption>\n\t\t<\/figure>\n\t<\/div>\n\n\n\n\n\n\n\n\t<p>\n\t\t<a href=\"https:\/\/lp.suno.com.br\/planilha-da-vida-financeira\/\" target=\"_blank\" data-element=\"shortcode-suno-banner\" title=\"Banner SUNO, clique e saiba mais\">\n\t\t\t<picture>\n\t\t\t\t<source media=\"(max-width: 500px)\" srcset=\"https:\/\/files.sunoresearch.com.br\/n\/uploads\/2023\/04\/400x300-Planilha-vida-financeira-true.png\">\n\t\t\t\t<img class=\"newsContent__article__imgCapa newsContent__article__imgCapa--banner\"\n\t\t\t\t\tsrc=\"https:\/\/files.sunoresearch.com.br\/n\/uploads\/2023\/04\/1420x240-Planilha-vida-financeira-true.png\"\n\t\t\t\t\tdata-promo-id=\"106682\"\t\t\t\t\t\t\t\t\t\twidth='1420' height='240'\t\t\t\t\talt=\"https:\/\/files.sunoresearch.com.br\/n\/uploads\/2023\/04\/1420x240-Planilha-vida-financeira-true.png\"\n\t\t\t\t>\n\t\t\t<\/picture>\n\t\t<\/a>\n\t<\/p>\n\n\n\n\n\n<p>Al\u00e9m disso, a companhia aumentou sua d\u00edvida em mais de R$ 2 bilh\u00f5es ano a ano, passando de R$ 37,699 bilh\u00f5es para R$ 39,779 bilh\u00f5es (+5,5%). Na compara\u00e7\u00e3o trimestral, a d\u00edvida reduziu em 1,1% em rela\u00e7\u00e3o ao primeiro trimestre de 2023 (1T23).<\/p>\n\n\n\n<p>Os resultados foram divulgados pela companhia <strong>Marfrig (MRFG3)<\/strong> na segunda-feira (14), e outros n\u00fameros relevantes foram:<\/p>\n\n\n\n<ul class=\"wp-block-list\">\n<li>Uma receita l\u00edquida de R$ 32,5 bilh\u00f5es, +2,4% em rela\u00e7\u00e3o ao trimestre, mas ainda em queda de -5,7% aos R$ 34,4 bilh\u00f5es do per\u00edodo em 2022;<\/li>\n\n\n\n<li>A receita l\u00edquida das opera\u00e7\u00f5es na Am\u00e9rica do Norte representaram 45% do total (R$ 14,5 bilh\u00f5es), na Am\u00e9rica do Sul, 18% (R$ 5,7 bilh\u00f5es) e a BRF (BRFS3), 37% (R$ 12,1 bilh\u00f5es);<\/li>\n\n\n\n<li>O Ebitda consolidade despencou em 42,3%, de R$ 3,9 bilh\u00f5es no segundo trimestre de 2022 para R$ 2,2 bilh\u00f5es no 2T23;<\/li>\n\n\n\n<li>O Fluxo de Caixa Operacional Consolidado foi de R$ 2,4 bilh\u00f5es.<\/li>\n<\/ul>\n\n\n\n<p>Em volumes, as <strong>opera\u00e7\u00f5es da Marfrig<\/strong> na Am\u00e9rica do Norte diminu\u00edram em 6,4%, de 516 mil toneladas para 483 mil toneladas na compara\u00e7\u00e3o dos 2T22 e 2T23. No trimestre, 86% do volume foi vendido no mercado dom\u00e9stico. Al\u00e9m disso, os produtos vendidos tiveram um aumento no custo, de 9,6% comparado ao 2T22. Isso explica-se pelo maior custo de mat\u00e9ria prima e compensado pela pr\u00f3pria redu\u00e7\u00e3o de 6,4% no volume total de vendas.<\/p>\n\n\n\n\t<div data-element=\"shortcode-read-more\" class=\"readToo\">\n\t\t\t\t<span class=\"readToo__title\">Leia mais<\/span>\n\t\t\t\t<ul class=\"readToo__list\">\n\t\t\t<li><a href=\"https:\/\/www.suno.com.br\/noticias\/snag11-fiagro-suno-paga-dividendos-veja-valores-gpj\/\">SNAG11, fiagro da Suno, mant\u00e9m dividendos com rendimento de 15% ao ano<\/a><\/li><li><a href=\"https:\/\/www.suno.com.br\/noticias\/agenda-dividendos-klabin-klbn11-smto3-agosto-cpf\/\">Klabin (KLBN11) e S\u00e3o Martinho (SMTO3) distribuir\u00e3o dividendos hoje<\/a><\/li><li><a href=\"https:\/\/www.suno.com.br\/noticias\/irb-irbr3-reverte-prejuizo-lucro-gpj\/\">IRB (IRBR3) registra lucro l\u00edquido de R$ 20,1 milh\u00f5es no segundo trimestre, contra preju\u00edzo registrado um ano antes<\/a><\/li>\t\t<\/ul>\n\t<\/div>\n\n\n\n\n<p>Na Am\u00e9rica do Sul, o volume apresentou uma redu\u00e7\u00e3o similar, de -6,6%, indo de 357 mil toneladas para 333 mil toneladas em rela\u00e7\u00e3o ao mesmo trimestre de 2022. O <a class=\"suno-keyword\" data-force=\"no\" data-priority=\"1\" href=\"https:\/\/www.suno.com.br\/artigos\/custo-de-produtos-vendidos\/\" target=\"_blank\" rel=\"noopener\">custo de produtos vendidos<\/a> (CPV) foi de R$ 4,8 bilh\u00f5es, uma redu\u00e7\u00e3o de 21,2% em compara\u00e7\u00e3o ao mesmo per\u00edodo de 2022, explicado pelo menor custo do gado, principalmente no Brasil e pelo menor volume de vendas no per\u00edodo. O custo de mat\u00e9ria-prima representou 83% da composi\u00e7\u00e3o total do CPV. Al\u00e9m do Brasil, as opera\u00e7\u00f5es da Marfrig no Uruguai e Argentina tamb\u00e9m tiveram uma queda no pre\u00e7o da mat\u00e9ria-prima.<\/p>\n\n\n\t<p>\n\t\t<a href=\"https:\/\/lp.suno.com.br\/ebook-como-analisar-uma-acao\/\" target=\"_blank\" data-element=\"shortcode-suno-banner\" title=\"Banner SUNO, clique e saiba mais\">\n\t\t\t<picture>\n\t\t\t\t<source media=\"(max-width: 500px)\" srcset=\"https:\/\/files.sunoresearch.com.br\/n\/uploads\/2023\/03\/Ebook-Acoes-Mobile.jpg\">\n\t\t\t\t<img class=\"newsContent__article__imgCapa newsContent__article__imgCapa--banner\"\n\t\t\t\t\tsrc=\"https:\/\/files.sunoresearch.com.br\/n\/uploads\/2023\/03\/Ebook-Acoes-Desktop.jpg\"\n\t\t\t\t\tdata-promo-id=\"378302\"\t\t\t\t\t\t\t\t\t\twidth='1420' height='286'\t\t\t\t\talt=\"https:\/\/files.sunoresearch.com.br\/n\/uploads\/2023\/03\/Ebook-Acoes-Desktop.jpg\"\n\t\t\t\t>\n\t\t\t<\/picture>\n\t\t<\/a>\n\t<\/p>\n\n\n\n\n\n<h2 class=\"wp-block-heading\">Emiss\u00e3o de a\u00e7\u00f5es bilion\u00e1rios da BRF (BRFS3)<\/h2>\n\n\n\n<p>Em seu relat\u00f3rio \u00e0 Comiss\u00e3o de Valores Mobili\u00e1rios (CVM), a <strong>Marfrig <\/strong>ainda destacou o &#8220;anivers\u00e1rio&#8221; de um ano \u00e0 frente do <a class=\"suno-keyword\" data-force=\"no\" data-priority=\"1\" href=\"https:\/\/www.suno.com.br\/artigos\/conselho-administracao\/\" target=\"_blank\" rel=\"noopener\">Conselho de Administra\u00e7\u00e3o<\/a> da <strong>BRF (BRFS3)<\/strong> e algumas das a\u00e7\u00f5es realizadas no per\u00edodo. Entre eles, a simplifica\u00e7\u00e3o da estrutura corporativa e da implanta\u00e7\u00e3o do programa BRF+, que visa obter capturas por meio da melhora dos indicadores como rendimento, convers\u00e3o alimentar, execu\u00e7\u00e3o comercial, mortalidade de animais, perdas com produtos vencidos ou descontos concedidos a itens pr\u00f3ximos ao vencimento entre outros.<\/p>\n\n\n\n<p>Al\u00e9m disso, a <a class=\"suno-keyword\" data-force=\"no\" data-priority=\"1\" href=\"https:\/\/www.suno.com.br\/artigos\/indicadores-estrutura-capital\/\" target=\"_blank\" rel=\"noopener\">estrutura de capital<\/a> recebeu um importante aporte, por meio do maior follow-on realizado na Am\u00e9rica Latina neste ano, englobando todos os setores da economia. A oferta p\u00fablica prim\u00e1ria,  encerrada em julho, contemplou a emiss\u00e3o de 600 milh\u00f5es de novas a\u00e7\u00f5es e resultou no aumento de<br>capital de R$ 5,4 bilh\u00f5es para a companhia. <\/p>\n\n\n\n<p>O maior destaque da opera\u00e7\u00e3o foi a compra de 10,7% do capital social da <strong>BRF <\/strong>pela Salic (The Saudi Agricultural and Livestock Investment Company), um investidor estrat\u00e9gico, de <a class=\"suno-keyword\" data-force=\"no\" data-priority=\"1\" href=\"https:\/\/www.suno.com.br\/artigos\/longo-prazo\/\" target=\"_blank\" rel=\"noopener\">longo prazo<\/a> e proveniente de uma regi\u00e3o igualmente importante para a BRF, o Oriente M\u00e9dio.<\/p>\n\n\n\n<p>Na segunda-feira de manh\u00e3, as a\u00e7\u00f5es da <strong>Marfrig (MRFG3) <\/strong>fecharam o mercado cotadas a R$ 7,72 com uma queda de 2,28% no dia. <\/p>\n\n\n\t<p>\n\t\t<a href=\"https:\/\/lp.suno.com.br\/planilha-da-vida-financeira\/\" target=\"_blank\" data-element=\"shortcode-suno-banner\" title=\"Banner SUNO, clique e saiba mais\">\n\t\t\t<picture>\n\t\t\t\t<source media=\"(max-width: 500px)\" srcset=\"https:\/\/files.sunoresearch.com.br\/n\/uploads\/2023\/04\/400x300-Planilha-vida-financeira-true.png\">\n\t\t\t\t<img class=\"newsContent__article__imgCapa newsContent__article__imgCapa--banner\"\n\t\t\t\t\tsrc=\"https:\/\/files.sunoresearch.com.br\/n\/uploads\/2023\/04\/1420x240-Planilha-vida-financeira-true.png\"\n\t\t\t\t\tdata-promo-id=\"383123\"\t\t\t\t\t\t\t\t\t\twidth='1420' height='240'\t\t\t\t\talt=\"https:\/\/files.sunoresearch.com.br\/n\/uploads\/2023\/04\/1420x240-Planilha-vida-financeira-true.png\"\n\t\t\t\t>\n\t\t\t<\/picture>\n\t\t<\/a>\n\t<\/p>\n\n\n","protected":false},"excerpt":{"rendered":"<p>A Marfrig (MRFG3) anotou um preju\u00edzo l\u00edquido de R$ 784 milh\u00f5es no segundo trimestre de 2023 (2T23), contra um lucro l\u00edquido de R$ 4,2 bilh\u00f5es um ano antes (2T22). Marfrig (MRFG3). Foto: Divulga\u00e7\u00e3o. Al\u00e9m disso, a companhia aumentou sua d\u00edvida em mais de R$ 2 bilh\u00f5es ano a ano, passando de R$ 37,699 bilh\u00f5es para [&hellip;]<\/p>\n","protected":false},"author":283,"featured_media":290248,"comment_status":"closed","ping_status":"closed","sticky":false,"template":"","format":"standard","meta":[],"categories":[64],"tags":[1029,397,552,1607],"suno_strategy":[],"class_list":["post-442713","post","type-post","status-publish","format-standard","has-post-thumbnail","hentry","category-negocios","tag-balancos-trimestrais","tag-brf-brfs3","tag-marfrig-mrfg3","tag-resultado-das-empresas"],"yoast_head":"<!-- This site is optimized with the Yoast SEO plugin v24.4 - https:\/\/yoast.com\/wordpress\/plugins\/seo\/ -->\n<title>Marfrig (MRFG3) afunda preju\u00edzo em R$ 784 milh\u00f5es no segundo tri<\/title>\n<meta name=\"description\" content=\"A Marfrig (MRFG3) anotou um preju\u00edzo l\u00edquido de R$ 784 milh\u00f5es no segundo trimestre de 2023; veja os resultados trimestrais da companhia.\" \/>\n<meta name=\"robots\" content=\"index, follow, max-snippet:-1, max-image-preview:large, max-video-preview:-1\" \/>\n<link rel=\"canonical\" href=\"https:\/\/www.suno.com.br\/noticias\/marfrig-mrfg3-afunda-prejuizo-segundo-tri-cpf\/\" \/>\n<meta property=\"og:locale\" content=\"pt_BR\" \/>\n<meta property=\"og:type\" content=\"article\" \/>\n<meta property=\"og:title\" content=\"Marfrig (MRFG3) afunda preju\u00edzo em R$ 784 milh\u00f5es no segundo tri\" \/>\n<meta property=\"og:description\" content=\"A Marfrig (MRFG3) anotou um preju\u00edzo l\u00edquido de R$ 784 milh\u00f5es no segundo trimestre de 2023; veja os resultados trimestrais da companhia.\" \/>\n<meta property=\"og:url\" content=\"https:\/\/www.suno.com.br\/noticias\/marfrig-mrfg3-afunda-prejuizo-segundo-tri-cpf\/\" \/>\n<meta property=\"og:site_name\" content=\"Suno Not\u00edcias\" \/>\n<meta property=\"article:publisher\" content=\"https:\/\/facebook.com\/sunoresearch\" \/>\n<meta property=\"og:image\" content=\"https:\/\/files.sunoresearch.com.br\/n\/uploads\/2022\/08\/Marfrig_Bataguassu-1-scaled.jpg\" \/>\n\t<meta property=\"og:image:width\" content=\"2560\" \/>\n\t<meta property=\"og:image:height\" content=\"1707\" \/>\n\t<meta property=\"og:image:type\" content=\"image\/jpeg\" \/>\n<meta name=\"author\" content=\"Camila Paim\" \/>\n<meta name=\"twitter:card\" content=\"summary_large_image\" \/>\n<meta name=\"twitter:creator\" content=\"@sunoresearch\" \/>\n<meta name=\"twitter:site\" content=\"@sunoresearch\" \/>\n<meta name=\"twitter:label1\" content=\"Escrito por\" \/>\n\t<meta name=\"twitter:data1\" content=\"Camila Paim\" \/>\n\t<meta name=\"twitter:label2\" content=\"Est. tempo de leitura\" \/>\n\t<meta name=\"twitter:data2\" content=\"4 minutos\" \/>\n<script type=\"application\/ld+json\" class=\"yoast-schema-graph\">{\"@context\":\"https:\/\/schema.org\",\"@graph\":[{\"@type\":\"NewsArticle\",\"@id\":\"https:\/\/www.suno.com.br\/noticias\/marfrig-mrfg3-afunda-prejuizo-segundo-tri-cpf\/#article\",\"isPartOf\":{\"@id\":\"https:\/\/www.suno.com.br\/noticias\/marfrig-mrfg3-afunda-prejuizo-segundo-tri-cpf\/\"},\"author\":{\"name\":\"Camila Paim\",\"@id\":\"https:\/\/www.suno.com.br\/noticias\/#\/schema\/person\/f341d3ae5d1cc685176c9a5327cdfdbb\"},\"headline\":\"Marfrig (MRFG3) aprofunda preju\u00edzo no segundo trimestre para R$ 784 milh\u00f5es\",\"datePublished\":\"2023-08-15T12:45:17+00:00\",\"dateModified\":\"2023-08-15T12:45:24+00:00\",\"mainEntityOfPage\":{\"@id\":\"https:\/\/www.suno.com.br\/noticias\/marfrig-mrfg3-afunda-prejuizo-segundo-tri-cpf\/\"},\"wordCount\":611,\"publisher\":{\"@id\":\"https:\/\/www.suno.com.br\/noticias\/#organization\"},\"image\":{\"@id\":\"https:\/\/www.suno.com.br\/noticias\/marfrig-mrfg3-afunda-prejuizo-segundo-tri-cpf\/#primaryimage\"},\"thumbnailUrl\":\"https:\/\/files.sunoresearch.com.br\/n\/uploads\/2022\/08\/Marfrig_Bataguassu-1-scaled.jpg\",\"keywords\":[\"balan\u00e7os trimestrais\",\"BRF (BRFS3)\",\"Marfrig (MRFG3)\",\"Resultado das empresas\"],\"articleSection\":[\"Neg\u00f3cios\"],\"inLanguage\":\"pt-BR\"},{\"@type\":\"WebPage\",\"@id\":\"https:\/\/www.suno.com.br\/noticias\/marfrig-mrfg3-afunda-prejuizo-segundo-tri-cpf\/\",\"url\":\"https:\/\/www.suno.com.br\/noticias\/marfrig-mrfg3-afunda-prejuizo-segundo-tri-cpf\/\",\"name\":\"Marfrig (MRFG3) afunda preju\u00edzo em R$ 784 milh\u00f5es no segundo tri\",\"isPartOf\":{\"@id\":\"https:\/\/www.suno.com.br\/noticias\/#website\"},\"primaryImageOfPage\":{\"@id\":\"https:\/\/www.suno.com.br\/noticias\/marfrig-mrfg3-afunda-prejuizo-segundo-tri-cpf\/#primaryimage\"},\"image\":{\"@id\":\"https:\/\/www.suno.com.br\/noticias\/marfrig-mrfg3-afunda-prejuizo-segundo-tri-cpf\/#primaryimage\"},\"thumbnailUrl\":\"https:\/\/files.sunoresearch.com.br\/n\/uploads\/2022\/08\/Marfrig_Bataguassu-1-scaled.jpg\",\"datePublished\":\"2023-08-15T12:45:17+00:00\",\"dateModified\":\"2023-08-15T12:45:24+00:00\",\"description\":\"A Marfrig (MRFG3) anotou um preju\u00edzo l\u00edquido de R$ 784 milh\u00f5es no segundo trimestre de 2023; veja os resultados trimestrais da companhia.\",\"breadcrumb\":{\"@id\":\"https:\/\/www.suno.com.br\/noticias\/marfrig-mrfg3-afunda-prejuizo-segundo-tri-cpf\/#breadcrumb\"},\"inLanguage\":\"pt-BR\",\"potentialAction\":[{\"@type\":\"ReadAction\",\"target\":[\"https:\/\/www.suno.com.br\/noticias\/marfrig-mrfg3-afunda-prejuizo-segundo-tri-cpf\/\"]}]},{\"@type\":\"ImageObject\",\"inLanguage\":\"pt-BR\",\"@id\":\"https:\/\/www.suno.com.br\/noticias\/marfrig-mrfg3-afunda-prejuizo-segundo-tri-cpf\/#primaryimage\",\"url\":\"https:\/\/files.sunoresearch.com.br\/n\/uploads\/2022\/08\/Marfrig_Bataguassu-1-scaled.jpg\",\"contentUrl\":\"https:\/\/files.sunoresearch.com.br\/n\/uploads\/2022\/08\/Marfrig_Bataguassu-1-scaled.jpg\",\"width\":2560,\"height\":1707,\"caption\":\"Marfrig (MRFG3). Foto: Divulga\u00e7\u00e3o.\"},{\"@type\":\"BreadcrumbList\",\"@id\":\"https:\/\/www.suno.com.br\/noticias\/marfrig-mrfg3-afunda-prejuizo-segundo-tri-cpf\/#breadcrumb\",\"itemListElement\":[{\"@type\":\"ListItem\",\"position\":1,\"name\":\"Not\u00edcias\",\"item\":\"https:\/\/www.suno.com.br\/noticias\/\"},{\"@type\":\"ListItem\",\"position\":2,\"name\":\"Neg\u00f3cios\",\"item\":\"https:\/\/www.suno.com.br\/noticias\/negocios\/\"},{\"@type\":\"ListItem\",\"position\":3,\"name\":\"Marfrig (MRFG3) aprofunda preju\u00edzo no segundo trimestre para R$ 784 milh\u00f5es\"}]},{\"@type\":\"WebSite\",\"@id\":\"https:\/\/www.suno.com.br\/noticias\/#website\",\"url\":\"https:\/\/www.suno.com.br\/noticias\/\",\"name\":\"Suno Not\u00edcias\",\"description\":\"Seu portal de informa\u00e7\u00e3o sobre o mundo dos investimentos\",\"publisher\":{\"@id\":\"https:\/\/www.suno.com.br\/noticias\/#organization\"},\"potentialAction\":[{\"@type\":\"SearchAction\",\"target\":{\"@type\":\"EntryPoint\",\"urlTemplate\":\"https:\/\/www.suno.com.br\/noticias\/?s={search_term_string}\"},\"query-input\":{\"@type\":\"PropertyValueSpecification\",\"valueRequired\":true,\"valueName\":\"search_term_string\"}}],\"inLanguage\":\"pt-BR\"},{\"@type\":\"Organization\",\"@id\":\"https:\/\/www.suno.com.br\/noticias\/#organization\",\"name\":\"Suno Not\u00edcias\",\"url\":\"https:\/\/www.suno.com.br\/noticias\/\",\"logo\":{\"@type\":\"ImageObject\",\"inLanguage\":\"pt-BR\",\"@id\":\"https:\/\/www.suno.com.br\/noticias\/#\/schema\/logo\/image\/\",\"url\":\"https:\/\/files.sunoresearch.com.br\/n\/uploads\/2021\/09\/suno-logo.png\",\"contentUrl\":\"https:\/\/files.sunoresearch.com.br\/n\/uploads\/2021\/09\/suno-logo.png\",\"width\":180,\"height\":180,\"caption\":\"Suno Not\u00edcias\"},\"image\":{\"@id\":\"https:\/\/www.suno.com.br\/noticias\/#\/schema\/logo\/image\/\"},\"sameAs\":[\"https:\/\/facebook.com\/sunoresearch\",\"https:\/\/x.com\/sunoresearch\",\"https:\/\/www.instagram.com\/suno\",\"https:\/\/www.linkedin.com\/company\/suno-research\/\",\"https:\/\/www.youtube.com\/c\/sunoresearch\"]},{\"@type\":\"Person\",\"@id\":\"https:\/\/www.suno.com.br\/noticias\/#\/schema\/person\/f341d3ae5d1cc685176c9a5327cdfdbb\",\"name\":\"Camila Paim\",\"image\":{\"@type\":\"ImageObject\",\"inLanguage\":\"pt-BR\",\"@id\":\"https:\/\/www.suno.com.br\/noticias\/#\/schema\/person\/image\/\",\"url\":\"https:\/\/secure.gravatar.com\/avatar\/f33728e65febb1aa7ecf6792956f9b20?s=96&r=g\",\"contentUrl\":\"https:\/\/secure.gravatar.com\/avatar\/f33728e65febb1aa7ecf6792956f9b20?s=96&r=g\",\"caption\":\"Camila Paim\"},\"description\":\"Jornalista formada pela USP, tem experi\u00eancia em reda\u00e7\u00f5es, SEO, Branded Content e Webdesign. Com passagem pelo Jornal da USP, Empiricus e C6 Bank, hoje \u00e9 rep\u00f3rter no Suno Not\u00edcias cobrindo macroeconomia, finan\u00e7as pessoais e startups.\",\"url\":\"https:\/\/www.suno.com.br\/noticias\/author\/camila-figueiredosuno-com-br\/\"}]}<\/script>\n<!-- \/ Yoast SEO plugin. -->","yoast_head_json":{"title":"Marfrig (MRFG3) afunda preju\u00edzo em R$ 784 milh\u00f5es no segundo tri","description":"A Marfrig (MRFG3) anotou um preju\u00edzo l\u00edquido de R$ 784 milh\u00f5es no segundo trimestre de 2023; veja os resultados trimestrais da companhia.","robots":{"index":"index","follow":"follow","max-snippet":"max-snippet:-1","max-image-preview":"max-image-preview:large","max-video-preview":"max-video-preview:-1"},"canonical":"https:\/\/www.suno.com.br\/noticias\/marfrig-mrfg3-afunda-prejuizo-segundo-tri-cpf\/","og_locale":"pt_BR","og_type":"article","og_title":"Marfrig (MRFG3) afunda preju\u00edzo em R$ 784 milh\u00f5es no segundo tri","og_description":"A Marfrig (MRFG3) anotou um preju\u00edzo l\u00edquido de R$ 784 milh\u00f5es no segundo trimestre de 2023; veja os resultados trimestrais da companhia.","og_url":"https:\/\/www.suno.com.br\/noticias\/marfrig-mrfg3-afunda-prejuizo-segundo-tri-cpf\/","og_site_name":"Suno Not\u00edcias","article_publisher":"https:\/\/facebook.com\/sunoresearch","og_image":[{"width":2560,"height":1707,"url":"https:\/\/files.sunoresearch.com.br\/n\/uploads\/2022\/08\/Marfrig_Bataguassu-1-scaled.jpg","type":"image\/jpeg"}],"author":"Camila Paim","twitter_card":"summary_large_image","twitter_creator":"@sunoresearch","twitter_site":"@sunoresearch","twitter_misc":{"Escrito por":"Camila Paim","Est. tempo de leitura":"4 minutos"},"schema":{"@context":"https:\/\/schema.org","@graph":[{"@type":"NewsArticle","@id":"https:\/\/www.suno.com.br\/noticias\/marfrig-mrfg3-afunda-prejuizo-segundo-tri-cpf\/#article","isPartOf":{"@id":"https:\/\/www.suno.com.br\/noticias\/marfrig-mrfg3-afunda-prejuizo-segundo-tri-cpf\/"},"author":{"name":"Camila Paim","@id":"https:\/\/www.suno.com.br\/noticias\/#\/schema\/person\/f341d3ae5d1cc685176c9a5327cdfdbb"},"headline":"Marfrig (MRFG3) aprofunda preju\u00edzo no segundo trimestre para R$ 784 milh\u00f5es","datePublished":"2023-08-15T12:45:17+00:00","dateModified":"2023-08-15T12:45:24+00:00","mainEntityOfPage":{"@id":"https:\/\/www.suno.com.br\/noticias\/marfrig-mrfg3-afunda-prejuizo-segundo-tri-cpf\/"},"wordCount":611,"publisher":{"@id":"https:\/\/www.suno.com.br\/noticias\/#organization"},"image":{"@id":"https:\/\/www.suno.com.br\/noticias\/marfrig-mrfg3-afunda-prejuizo-segundo-tri-cpf\/#primaryimage"},"thumbnailUrl":"https:\/\/files.sunoresearch.com.br\/n\/uploads\/2022\/08\/Marfrig_Bataguassu-1-scaled.jpg","keywords":["balan\u00e7os trimestrais","BRF (BRFS3)","Marfrig (MRFG3)","Resultado das empresas"],"articleSection":["Neg\u00f3cios"],"inLanguage":"pt-BR"},{"@type":"WebPage","@id":"https:\/\/www.suno.com.br\/noticias\/marfrig-mrfg3-afunda-prejuizo-segundo-tri-cpf\/","url":"https:\/\/www.suno.com.br\/noticias\/marfrig-mrfg3-afunda-prejuizo-segundo-tri-cpf\/","name":"Marfrig (MRFG3) afunda preju\u00edzo em R$ 784 milh\u00f5es no segundo tri","isPartOf":{"@id":"https:\/\/www.suno.com.br\/noticias\/#website"},"primaryImageOfPage":{"@id":"https:\/\/www.suno.com.br\/noticias\/marfrig-mrfg3-afunda-prejuizo-segundo-tri-cpf\/#primaryimage"},"image":{"@id":"https:\/\/www.suno.com.br\/noticias\/marfrig-mrfg3-afunda-prejuizo-segundo-tri-cpf\/#primaryimage"},"thumbnailUrl":"https:\/\/files.sunoresearch.com.br\/n\/uploads\/2022\/08\/Marfrig_Bataguassu-1-scaled.jpg","datePublished":"2023-08-15T12:45:17+00:00","dateModified":"2023-08-15T12:45:24+00:00","description":"A Marfrig (MRFG3) anotou um preju\u00edzo l\u00edquido de R$ 784 milh\u00f5es no segundo trimestre de 2023; veja os resultados trimestrais da companhia.","breadcrumb":{"@id":"https:\/\/www.suno.com.br\/noticias\/marfrig-mrfg3-afunda-prejuizo-segundo-tri-cpf\/#breadcrumb"},"inLanguage":"pt-BR","potentialAction":[{"@type":"ReadAction","target":["https:\/\/www.suno.com.br\/noticias\/marfrig-mrfg3-afunda-prejuizo-segundo-tri-cpf\/"]}]},{"@type":"ImageObject","inLanguage":"pt-BR","@id":"https:\/\/www.suno.com.br\/noticias\/marfrig-mrfg3-afunda-prejuizo-segundo-tri-cpf\/#primaryimage","url":"https:\/\/files.sunoresearch.com.br\/n\/uploads\/2022\/08\/Marfrig_Bataguassu-1-scaled.jpg","contentUrl":"https:\/\/files.sunoresearch.com.br\/n\/uploads\/2022\/08\/Marfrig_Bataguassu-1-scaled.jpg","width":2560,"height":1707,"caption":"Marfrig (MRFG3). Foto: Divulga\u00e7\u00e3o."},{"@type":"BreadcrumbList","@id":"https:\/\/www.suno.com.br\/noticias\/marfrig-mrfg3-afunda-prejuizo-segundo-tri-cpf\/#breadcrumb","itemListElement":[{"@type":"ListItem","position":1,"name":"Not\u00edcias","item":"https:\/\/www.suno.com.br\/noticias\/"},{"@type":"ListItem","position":2,"name":"Neg\u00f3cios","item":"https:\/\/www.suno.com.br\/noticias\/negocios\/"},{"@type":"ListItem","position":3,"name":"Marfrig (MRFG3) aprofunda preju\u00edzo no segundo trimestre para R$ 784 milh\u00f5es"}]},{"@type":"WebSite","@id":"https:\/\/www.suno.com.br\/noticias\/#website","url":"https:\/\/www.suno.com.br\/noticias\/","name":"Suno Not\u00edcias","description":"Seu portal de informa\u00e7\u00e3o sobre o mundo dos investimentos","publisher":{"@id":"https:\/\/www.suno.com.br\/noticias\/#organization"},"potentialAction":[{"@type":"SearchAction","target":{"@type":"EntryPoint","urlTemplate":"https:\/\/www.suno.com.br\/noticias\/?s={search_term_string}"},"query-input":{"@type":"PropertyValueSpecification","valueRequired":true,"valueName":"search_term_string"}}],"inLanguage":"pt-BR"},{"@type":"Organization","@id":"https:\/\/www.suno.com.br\/noticias\/#organization","name":"Suno Not\u00edcias","url":"https:\/\/www.suno.com.br\/noticias\/","logo":{"@type":"ImageObject","inLanguage":"pt-BR","@id":"https:\/\/www.suno.com.br\/noticias\/#\/schema\/logo\/image\/","url":"https:\/\/files.sunoresearch.com.br\/n\/uploads\/2021\/09\/suno-logo.png","contentUrl":"https:\/\/files.sunoresearch.com.br\/n\/uploads\/2021\/09\/suno-logo.png","width":180,"height":180,"caption":"Suno Not\u00edcias"},"image":{"@id":"https:\/\/www.suno.com.br\/noticias\/#\/schema\/logo\/image\/"},"sameAs":["https:\/\/facebook.com\/sunoresearch","https:\/\/x.com\/sunoresearch","https:\/\/www.instagram.com\/suno","https:\/\/www.linkedin.com\/company\/suno-research\/","https:\/\/www.youtube.com\/c\/sunoresearch"]},{"@type":"Person","@id":"https:\/\/www.suno.com.br\/noticias\/#\/schema\/person\/f341d3ae5d1cc685176c9a5327cdfdbb","name":"Camila Paim","image":{"@type":"ImageObject","inLanguage":"pt-BR","@id":"https:\/\/www.suno.com.br\/noticias\/#\/schema\/person\/image\/","url":"https:\/\/secure.gravatar.com\/avatar\/f33728e65febb1aa7ecf6792956f9b20?s=96&r=g","contentUrl":"https:\/\/secure.gravatar.com\/avatar\/f33728e65febb1aa7ecf6792956f9b20?s=96&r=g","caption":"Camila Paim"},"description":"Jornalista formada pela USP, tem experi\u00eancia em reda\u00e7\u00f5es, SEO, Branded Content e Webdesign. Com passagem pelo Jornal da USP, Empiricus e C6 Bank, hoje \u00e9 rep\u00f3rter no Suno Not\u00edcias cobrindo macroeconomia, finan\u00e7as pessoais e startups.","url":"https:\/\/www.suno.com.br\/noticias\/author\/camila-figueiredosuno-com-br\/"}]}},"default_loop_html":"<div class=\"cardsPage__listCard__boxs\"><div class=\"cardsPage__listCard__boxs__img\"><a href=\"https:\/\/www.suno.com.br\/noticias\/marfrig-mrfg3-afunda-prejuizo-segundo-tri-cpf\/\"><img class=\"mask\" src=\"https:\/\/www.suno.com.br\/noticias\/wp-content\/themes\/suno\/resources\/images\/spotlight\/spotlight1img\/bg-mask.png\" alt=\"Image Mask\"\/><img src=\"https:\/\/files.sunoresearch.com.br\/n\/uploads\/2022\/08\/Marfrig_Bataguassu-1-400x200.jpg\" alt=\"Marfrig (MRFG3) aprofunda preju\u00edzo no segundo trimestre para R$ 784 milh\u00f5es\"\/><\/a><span class=\"spotlightCategory\"><a href=\"https:\/\/www.suno.com.br\/noticias\/negocios\/\">Neg\u00f3cios<\/a><\/span><\/div><div class=\"cardsPage__listCard__boxs__content\"><a href=\"https:\/\/www.suno.com.br\/noticias\/marfrig-mrfg3-afunda-prejuizo-segundo-tri-cpf\/\"><h2 class=\"content__title\">Marfrig (MRFG3) aprofunda preju\u00edzo no segundo trimestre para R$ 784 milh\u00f5es<\/h2><\/a><div class=\"newsContent__article__meta\"><div class=\"newsContent__article__meta__authorBox\"><a href=\"https:\/\/www.suno.com.br\/noticias\/author\/giovanni-porfiriosuno-com-br\/\" class=\"authorBox__avatar noMobi\"><img src=\"https:\/\/files.sunoresearch.com.br\/n\/uploads\/2024\/05\/DSCF4115-1-1-150x150.webp\" alt=\"Giovanni Porf\u00edrio Jacomino\"><\/a><div class=\"authorBox__name\"><span>por\n\t\t\t<a href=\"https:\/\/www.suno.com.br\/noticias\/author\/giovanni-porfiriosuno-com-br\/\"><span itemprop=\"author\">Giovanni Porf\u00edrio Jacomino<\/span><\/a><\/span><time datetime=\"2023-08-15T09:45:17-03:00\" itemprop=\"datePublished\">15\/08\/2023 09:45<\/time><\/div><\/div><\/div><\/div><\/div>","single_layout":"posts","amp_enabled":true,"_links":{"self":[{"href":"https:\/\/www.suno.com.br\/noticias\/wp-json\/wp\/v2\/posts\/442713"}],"collection":[{"href":"https:\/\/www.suno.com.br\/noticias\/wp-json\/wp\/v2\/posts"}],"about":[{"href":"https:\/\/www.suno.com.br\/noticias\/wp-json\/wp\/v2\/types\/post"}],"author":[{"embeddable":true,"href":"https:\/\/www.suno.com.br\/noticias\/wp-json\/wp\/v2\/users\/283"}],"replies":[{"embeddable":true,"href":"https:\/\/www.suno.com.br\/noticias\/wp-json\/wp\/v2\/comments?post=442713"}],"version-history":[{"count":3,"href":"https:\/\/www.suno.com.br\/noticias\/wp-json\/wp\/v2\/posts\/442713\/revisions"}],"predecessor-version":[{"id":442778,"href":"https:\/\/www.suno.com.br\/noticias\/wp-json\/wp\/v2\/posts\/442713\/revisions\/442778"}],"wp:featuredmedia":[{"embeddable":true,"href":"https:\/\/www.suno.com.br\/noticias\/wp-json\/wp\/v2\/media\/290248"}],"wp:attachment":[{"href":"https:\/\/www.suno.com.br\/noticias\/wp-json\/wp\/v2\/media?parent=442713"}],"wp:term":[{"taxonomy":"category","embeddable":true,"href":"https:\/\/www.suno.com.br\/noticias\/wp-json\/wp\/v2\/categories?post=442713"},{"taxonomy":"post_tag","embeddable":true,"href":"https:\/\/www.suno.com.br\/noticias\/wp-json\/wp\/v2\/tags?post=442713"},{"taxonomy":"suno_strategy","embeddable":true,"href":"https:\/\/www.suno.com.br\/noticias\/wp-json\/wp\/v2\/suno_strategy?post=442713"}],"curies":[{"name":"wp","href":"https:\/\/api.w.org\/{rel}","templated":true}]}}