{"id":442605,"date":"2023-08-14T21:52:47","date_gmt":"2023-08-15T00:52:47","guid":{"rendered":"https:\/\/www.suno.com.br\/noticias\/?p=442605"},"modified":"2023-08-14T22:11:14","modified_gmt":"2023-08-15T01:11:14","slug":"eletrobras-elet3-renuncia-presidencia-cargo-mal","status":"publish","type":"post","link":"https:\/\/www.suno.com.br\/noticias\/eletrobras-elet3-renuncia-presidencia-cargo-mal\/","title":{"rendered":"Presidente da Eletrobras (ELET3), Wilson Ferreira Jr. renuncia ao cargo; veja quem vai comandar a empresa"},"content":{"rendered":"<p>O presidente da <strong><a href=\"https:\/\/www.suno.com.br\/acoes\/elet3\/\">Eletrobras (ELET3)<\/a><\/strong> <a href=\"https:\/\/www.suno.com.br\/tudo-sobre\/wilson-ferreira-junior\/\">Wilson Ferreira Jr.<\/a> renunciou ao cargo nesta segunda (14), informou a empresa em <a class=\"suno-keyword\" data-force=\"no\" data-priority=\"1\" href=\"https:\/\/www.suno.com.br\/artigos\/fato-relevante\/\" target=\"_blank\" rel=\"noopener\">fato relevante<\/a>.<\/p>\t<div class=\"wrapper-featured-image\">\n\t\t<figure class=\"spotlightImg\">\n\n\t\t\t<picture>\n\t\t\t\t<source media=\"(max-width: 768px)\" srcset=\"https:\/\/files.sunoresearch.com.br\/n\/uploads\/2022\/07\/presidente-vibra-vbbr3-400x200.jpg\">\n\t\t\t\t<img loading=\"lazy\" decoding=\"async\" class=\"newsContent__article__imgCapa lazyloadDisabled \" src=\"https:\/\/files.sunoresearch.com.br\/n\/uploads\/2022\/07\/presidente-vibra-vbbr3-800x450.jpg\" width=\"800\" height=\"450\" alt=\"Presidente da Eletrobras (ELET3), Wilson Ferreira Jr. renuncia ao cargo; veja quem vai comandar a empresa\" fetchpriority=high \/>\n\t\t\t<\/picture>\n\n\t\t\t<figcaption class=\"wp-caption-text wp-caption-text--show\">Wilson Ferreira, Eletrobras. Foto: Ag\u00eancia Brasil<\/figcaption>\n\t\t<\/figure>\n\t<\/div>\n\n\n\n\n\n\t<p>\n\t\t<a href=\"\" target=\"_blank\" data-element=\"shortcode-suno-banner\" title=\"Banner SUNO, clique e saiba mais\">\n\t\t\t<picture>\n\t\t\t\t<source media=\"(max-width: 500px)\" srcset=\"\">\n\t\t\t\t<img class=\"newsContent__article__imgCapa newsContent__article__imgCapa--banner\"\n\t\t\t\t\tsrc=\"\"\n\t\t\t\t\tdata-promo-id=\"265372\"\t\t\t\t\t\t\t\t\t\t\t\t\t\t\talt=\"\"\n\t\t\t\t>\n\t\t\t<\/picture>\n\t\t<\/a>\n\t<\/p>\n\n\n\n\n\n\n\n<p>O presidente do <strong>Conselho de Administra\u00e7\u00e3o da Eletrobras<\/strong>, <strong>Ivan Monteiro<\/strong>, foi eleito para substituir Wilson na cadeira de comando da empresa.<\/p>\n\n\n\n<p>Monteiro ser\u00e1 substitu\u00eddo por Vicente Falconi na presid\u00eancia do Conselho. <\/p>\n\n\n\n<p>Wilson pediu demiss\u00e3o um ano depois de assumir o cargo de <strong>CEO da Eletrobras<\/strong>, ap\u00f3s a privatiza\u00e7\u00e3o da Eletrobras.<\/p>\n\n\n\n<p>Ferreira J\u00fanior foi ex-presidente da&nbsp;<a href=\"https:\/\/www.suno.com.br\/acoes\/vbbr3\/\" target=\"_blank\" rel=\"noreferrer noopener\">Vibra (VBBR3)<\/a>.<\/p>\n\n\n\n<p>Ferreira Jr. havia comandado a Eletrobras ainda como estatal entre 2018 e 2021. Ele \u00e9 tido como a cabe\u00e7a por tr\u00e1s da reestrutura\u00e7\u00e3o da el\u00e9trica e sua prepara\u00e7\u00e3o para a privatiza\u00e7\u00e3o, pautada em aumento de efici\u00eancia, enxugamento e redu\u00e7\u00e3o de alavancagem.<\/p>\n\n\n\n<p>Wilson Ferreira Jr. deixou a presid\u00eancia da Vibra em meados de julho. Seu retorno \u00e0 Eletrobras foi visto como um desfecho da transi\u00e7\u00e3o da companhia para uma \u201ccorporation\u201d, ap\u00f3s a confirma\u00e7\u00e3o de um conselho com nomes alinhados \u00e0 l\u00f3gica de mercado e especificamente \u00e0 vis\u00e3o de Ferreira Jr. sobre a empresa.<\/p>\n\n\n\n<p>Segundo o jornal O Globo, Wilson disse que renunciou ao cargo de presidente da Eletrobras por &#8220;quest\u00f5es pessoais&#8221;.<\/p>\n\n\n\n<p>A <strong>sa\u00edda de Ferreira Jr.<\/strong> coincide com um per\u00edodo de press\u00e3o do governo contra o <a class=\"suno-keyword\" data-force=\"no\" data-priority=\"2\" href=\"https:\/\/www.suno.com.br\/artigos\/privatizacao\/\" target=\"_blank\" rel=\"noopener\">processo de <\/a><strong><a class=\"suno-keyword\" data-force=\"no\" data-priority=\"2\" href=\"https:\/\/www.suno.com.br\/artigos\/privatizacao\/\" target=\"_blank\" rel=\"noopener\">privatiza\u00e7\u00e3o<\/a> da Eletrobras<\/strong>. <\/p>\n\n\n\n\t<div data-element=\"shortcode-read-more\" class=\"readToo\">\n\t\t\t\t<span class=\"readToo__title\">Leia mais<\/span>\n\t\t\t\t<ul class=\"readToo__list\">\n\t\t\t<li><a href=\"https:\/\/www.suno.com.br\/noticias\/eletrobras-elet3-analistas-recomendam-compra-upside-va\/\">Eletrobras (ELET3): analistas recomendam  compra e veem upside de 43%; a\u00e7\u00f5es sobem<\/a><\/li><li><a href=\"https:\/\/www.suno.com.br\/noticias\/eletrobras-elet3-planeja-emissao-debentures-gpj\/\">Eletrobras (ELET3) planeja emiss\u00e3o bilion\u00e1ria de deb\u00eantures; veja valores<\/a><\/li><li><a href=\"https:\/\/www.suno.com.br\/noticias\/eletrobras-elet3-lucro-aumento-gpj\/\">Lucro bilion\u00e1rio da Eletrobras (ELET3) aumenta 16% no segundo trimestre de 2023; Saiba mais<\/a><\/li>\t\t<\/ul>\n\t<\/div>\n\n\n\n\t<p>\n\t\t<a href=\"https:\/\/lp.suno.com.br\/ebook-como-analisar-uma-acao\/\" target=\"_blank\" data-element=\"shortcode-suno-banner\" title=\"Banner SUNO, clique e saiba mais\">\n\t\t\t<picture>\n\t\t\t\t<source media=\"(max-width: 500px)\" srcset=\"https:\/\/files.sunoresearch.com.br\/n\/uploads\/2023\/03\/Ebook-Acoes-Mobile.jpg\">\n\t\t\t\t<img class=\"newsContent__article__imgCapa newsContent__article__imgCapa--banner\"\n\t\t\t\t\tsrc=\"https:\/\/files.sunoresearch.com.br\/n\/uploads\/2023\/03\/Ebook-Acoes-Desktop.jpg\"\n\t\t\t\t\tdata-promo-id=\"378302\"\t\t\t\t\t\t\t\t\t\twidth='1420' height='286'\t\t\t\t\talt=\"https:\/\/files.sunoresearch.com.br\/n\/uploads\/2023\/03\/Ebook-Acoes-Desktop.jpg\"\n\t\t\t\t>\n\t\t\t<\/picture>\n\t\t<\/a>\n\t<\/p>\n\n\n\n\n\n<h2 class=\"wp-block-heading\">AGU contestou participa\u00e7\u00e3o acion\u00e1ria da Uni\u00e3o na Eletrobras<\/h2>\n\n\n\n<p>Em junho a Advocacia-Geral da Uni\u00e3o (AGU) encaminhou manifesta\u00e7\u00e3o ao Supremo Tribunal Federal (STF) para defender a suspens\u00e3o de dispositivos da Lei 14.182 de 2021, norma que autorizou a privatiza\u00e7\u00e3o da Eletrobras, aprovada pelo Congresso Nacional e sancionada pelo ent\u00e3o presidente Jair Bolsonaro.<\/p>\n\n\n\n<p>No documento enviado nesta quinta-feira (15) ao Supremo, o \u00f3rg\u00e3o diz que um grupo minorit\u00e1rio, que det\u00e9m 0,05% das a\u00e7\u00f5es da Eletrobras, indicou tr\u00eas representantes para o <a class=\"suno-keyword\" target=\"_blank\" data-force=\"no\" data-priority=\"1\" href=\"https:\/\/www.suno.com.br\/artigos\/conselho-administracao\/\" rel=\"noopener\">Conselho de Administra\u00e7\u00e3o<\/a>, enquanto a Uni\u00e3o, dona de 42% das a\u00e7\u00f5es, n\u00e3o fez nenhuma indica\u00e7\u00e3o.<\/p>\n\n\n\n<p>Com base nas argumenta\u00e7\u00f5es, a AGU voltou a defender a concess\u00e3o de liminar para suspender o modelo criado pela privatiza\u00e7\u00e3o da companhia, que reduziu participa\u00e7\u00e3o da Uni\u00e3o nas vota\u00e7\u00f5es do conselho da empresa. A lei proibiu que acionista ou grupo de acionistas exer\u00e7am poder de voto maior que 10% da quantidade de a\u00e7\u00f5es.<\/p>\n\n\n\n<p>&#8220;O risco e a urg\u00eancia necess\u00e1rios ao deferimento da medida cautelar foram devidamente demonstrados, seja em raz\u00e3o dos graves obst\u00e1culos que a Uni\u00e3o vem sofrendo na gest\u00e3o da empresa, seja devido ao elevado investimento p\u00fablico ainda existente na Eletrobras, empresa que possui atua\u00e7\u00e3o imprescind\u00edvel e estrat\u00e9gica no setor energ\u00e9tico nacional&#8221;, diz a manifesta\u00e7\u00e3o.<\/p>\n\n\n\n<p>O modelo de participa\u00e7\u00e3o acion\u00e1ria \u00e9 contestado por a\u00e7\u00e3o direta de inconstitucionalidade protocolada no in\u00edcio do m\u00eas passado.<\/p>\n\n\n\n<p>A AGU ressalta que o objetivo da a\u00e7\u00e3o n\u00e3o \u00e9 reestatizar a Eletrobras, mas resguardar o interesse p\u00fablico e os direitos de propriedade da Uni\u00e3o.<\/p>\n\n\n\n<p>Segundo O Globo, Ferreira Jr. n\u00e3o tem tr\u00e2nsito entre integrantes do governo e n\u00e3o se dava bem com os membros do Conselho de Administra\u00e7\u00e3o da <strong>Eletrobras<\/strong>. Monteiro, de acordo com o jornal, tem liga\u00e7\u00e3o com o Executivo: no <a class=\"suno-keyword\" target=\"_blank\" data-force=\"yes\" data-priority=\"2\" href=\"https:\/\/www.suno.com.br\/acoes\/BBAS3\/\" rel=\"noopener\">Banco do Brasil (BBAS3)<\/a>, ele foi vice-presidente de Finan\u00e7as, <a class=\"suno-keyword\" target=\"_blank\" data-force=\"no\" data-priority=\"1\" href=\"https:\/\/www.suno.com.br\/artigos\/mercado-de-capitais-conceito\/\" rel=\"noopener\">Mercado de Capitais<\/a> e <a class=\"suno-keyword\" target=\"_blank\" data-force=\"no\" data-priority=\"1\" href=\"https:\/\/www.suno.com.br\/artigos\/relacoes-com-investidores\/\" rel=\"noopener\">Rela\u00e7\u00f5es com Investidores<\/a> em 2009, durante o segundo governo Lula. Ocupou ainda o cargo de presidente da <a class=\"suno-keyword\" target=\"_blank\" data-force=\"yes\" data-priority=\"2\" href=\"https:\/\/www.suno.com.br\/acoes\/PETR4\/\" rel=\"noopener\">Petrobras (PETR4)<\/a>, quando Michel Temer assumiu a presid\u00eancia, e j\u00e1 trabalhou como presidente do conselho de Administra\u00e7\u00e3o do Credit Suisse no Brasil.<\/p>\n\n\n\n<p><em> Com Ag\u00eancia Brasil<\/em><\/p>\n\n\n\t<p>\n\t\t<a href=\"https:\/\/lp.suno.com.br\/plataforma-de-controle-de-investimentos\/\" target=\"_blank\" data-element=\"shortcode-suno-banner\" title=\"Banner SUNO, clique e saiba mais\">\n\t\t\t<picture>\n\t\t\t\t<source media=\"(max-width: 500px)\" srcset=\"https:\/\/files.sunoresearch.com.br\/n\/uploads\/2023\/03\/400x300-Controle-de-Investimentos.png\">\n\t\t\t\t<img class=\"newsContent__article__imgCapa newsContent__article__imgCapa--banner\"\n\t\t\t\t\tsrc=\"https:\/\/files.sunoresearch.com.br\/n\/uploads\/2023\/03\/1420x240-Controle-de-Investimentos.png\"\n\t\t\t\t\tdata-promo-id=\"383162\"\t\t\t\t\t\t\t\t\t\twidth='1420' height='240'\t\t\t\t\talt=\"https:\/\/files.sunoresearch.com.br\/n\/uploads\/2023\/03\/1420x240-Controle-de-Investimentos.png\"\n\t\t\t\t>\n\t\t\t<\/picture>\n\t\t<\/a>\n\t<\/p>\n\n\n","protected":false},"excerpt":{"rendered":"<p>O presidente da Eletrobras (ELET3) Wilson Ferreira Jr. renunciou ao cargo nesta segunda (14), informou a empresa em fato relevante. Wilson Ferreira, Eletrobras. Foto: Ag\u00eancia Brasil O presidente do Conselho de Administra\u00e7\u00e3o da Eletrobras, Ivan Monteiro, foi eleito para substituir Wilson na cadeira de comando da empresa. Monteiro ser\u00e1 substitu\u00eddo por Vicente Falconi na presid\u00eancia [&hellip;]<\/p>\n","protected":false},"author":98,"featured_media":277178,"comment_status":"closed","ping_status":"closed","sticky":false,"template":"","format":"standard","meta":[],"categories":[61],"tags":[286,455,50986],"suno_strategy":[],"class_list":["post-442605","post","type-post","status-publish","format-standard","has-post-thumbnail","hentry","category-politica","tag-acoes","tag-eletrobras-elet3-elet5-elet6","tag-wilson-ferreira-junior"],"yoast_head":"<!-- This site is optimized with the Yoast SEO plugin v24.4 - https:\/\/yoast.com\/wordpress\/plugins\/seo\/ -->\n<title>Presidente da Eletrobras (ELET3), Wilson Ferreira Jr. renuncia ao cargo<\/title>\n<meta name=\"description\" content=\"O presidente da Eletrobras (ELET3) Wilson Ferreira Jr. renunciou ao cargo nesta segunda (14), informou a empresa em fato relevante.\" \/>\n<meta name=\"robots\" content=\"index, follow, max-snippet:-1, max-image-preview:large, max-video-preview:-1\" \/>\n<link rel=\"canonical\" href=\"https:\/\/www.suno.com.br\/noticias\/eletrobras-elet3-renuncia-presidencia-cargo-mal\/\" \/>\n<meta property=\"og:locale\" content=\"pt_BR\" \/>\n<meta property=\"og:type\" content=\"article\" \/>\n<meta property=\"og:title\" content=\"Presidente da Eletrobras (ELET3), Wilson Ferreira Jr. renuncia ao cargo\" \/>\n<meta property=\"og:description\" content=\"O presidente da Eletrobras (ELET3) Wilson Ferreira Jr. renunciou ao cargo nesta segunda (14), informou a empresa em fato relevante.\" \/>\n<meta property=\"og:url\" content=\"https:\/\/www.suno.com.br\/noticias\/eletrobras-elet3-renuncia-presidencia-cargo-mal\/\" \/>\n<meta property=\"og:site_name\" content=\"Suno Not\u00edcias\" \/>\n<meta property=\"article:publisher\" content=\"https:\/\/facebook.com\/sunoresearch\" \/>\n<meta property=\"og:image\" content=\"https:\/\/files.sunoresearch.com.br\/n\/uploads\/2022\/07\/presidente-vibra-vbbr3-scaled.jpg\" \/>\n\t<meta property=\"og:image:width\" content=\"2560\" \/>\n\t<meta property=\"og:image:height\" content=\"1707\" \/>\n\t<meta property=\"og:image:type\" content=\"image\/jpeg\" \/>\n<meta name=\"author\" content=\"Marco Ant\u00f4nio Lopes\" \/>\n<meta name=\"twitter:card\" content=\"summary_large_image\" \/>\n<meta name=\"twitter:creator\" content=\"@sunoresearch\" \/>\n<meta name=\"twitter:site\" content=\"@sunoresearch\" \/>\n<meta name=\"twitter:label1\" content=\"Escrito por\" \/>\n\t<meta name=\"twitter:data1\" content=\"Marco Ant\u00f4nio Lopes\" \/>\n\t<meta name=\"twitter:label2\" content=\"Est. tempo de leitura\" \/>\n\t<meta name=\"twitter:data2\" content=\"4 minutos\" \/>\n<script type=\"application\/ld+json\" class=\"yoast-schema-graph\">{\"@context\":\"https:\/\/schema.org\",\"@graph\":[{\"@type\":\"NewsArticle\",\"@id\":\"https:\/\/www.suno.com.br\/noticias\/eletrobras-elet3-renuncia-presidencia-cargo-mal\/#article\",\"isPartOf\":{\"@id\":\"https:\/\/www.suno.com.br\/noticias\/eletrobras-elet3-renuncia-presidencia-cargo-mal\/\"},\"author\":{\"name\":\"Marco Ant\u00f4nio Lopes\",\"@id\":\"https:\/\/www.suno.com.br\/noticias\/#\/schema\/person\/829bbe8d57f84333b966b96229c6bf5f\"},\"headline\":\"Presidente da Eletrobras (ELET3), Wilson Ferreira Jr. renuncia ao cargo; veja quem vai comandar a empresa\",\"datePublished\":\"2023-08-15T00:52:47+00:00\",\"dateModified\":\"2023-08-15T01:11:14+00:00\",\"mainEntityOfPage\":{\"@id\":\"https:\/\/www.suno.com.br\/noticias\/eletrobras-elet3-renuncia-presidencia-cargo-mal\/\"},\"wordCount\":635,\"publisher\":{\"@id\":\"https:\/\/www.suno.com.br\/noticias\/#organization\"},\"image\":{\"@id\":\"https:\/\/www.suno.com.br\/noticias\/eletrobras-elet3-renuncia-presidencia-cargo-mal\/#primaryimage\"},\"thumbnailUrl\":\"https:\/\/files.sunoresearch.com.br\/n\/uploads\/2022\/07\/presidente-vibra-vbbr3-scaled.jpg\",\"keywords\":[\"A\u00e7\u00f5es\",\"Eletrobras (ELET3\/ELET5\/ELET6)\",\"Wilson Ferreira Junior\"],\"articleSection\":[\"Pol\u00edtica\"],\"inLanguage\":\"pt-BR\"},{\"@type\":\"WebPage\",\"@id\":\"https:\/\/www.suno.com.br\/noticias\/eletrobras-elet3-renuncia-presidencia-cargo-mal\/\",\"url\":\"https:\/\/www.suno.com.br\/noticias\/eletrobras-elet3-renuncia-presidencia-cargo-mal\/\",\"name\":\"Presidente da Eletrobras (ELET3), Wilson Ferreira Jr. renuncia ao cargo\",\"isPartOf\":{\"@id\":\"https:\/\/www.suno.com.br\/noticias\/#website\"},\"primaryImageOfPage\":{\"@id\":\"https:\/\/www.suno.com.br\/noticias\/eletrobras-elet3-renuncia-presidencia-cargo-mal\/#primaryimage\"},\"image\":{\"@id\":\"https:\/\/www.suno.com.br\/noticias\/eletrobras-elet3-renuncia-presidencia-cargo-mal\/#primaryimage\"},\"thumbnailUrl\":\"https:\/\/files.sunoresearch.com.br\/n\/uploads\/2022\/07\/presidente-vibra-vbbr3-scaled.jpg\",\"datePublished\":\"2023-08-15T00:52:47+00:00\",\"dateModified\":\"2023-08-15T01:11:14+00:00\",\"description\":\"O presidente da Eletrobras (ELET3) Wilson Ferreira Jr. renunciou ao cargo nesta segunda (14), informou a empresa em fato relevante.\",\"breadcrumb\":{\"@id\":\"https:\/\/www.suno.com.br\/noticias\/eletrobras-elet3-renuncia-presidencia-cargo-mal\/#breadcrumb\"},\"inLanguage\":\"pt-BR\",\"potentialAction\":[{\"@type\":\"ReadAction\",\"target\":[\"https:\/\/www.suno.com.br\/noticias\/eletrobras-elet3-renuncia-presidencia-cargo-mal\/\"]}]},{\"@type\":\"ImageObject\",\"inLanguage\":\"pt-BR\",\"@id\":\"https:\/\/www.suno.com.br\/noticias\/eletrobras-elet3-renuncia-presidencia-cargo-mal\/#primaryimage\",\"url\":\"https:\/\/files.sunoresearch.com.br\/n\/uploads\/2022\/07\/presidente-vibra-vbbr3-scaled.jpg\",\"contentUrl\":\"https:\/\/files.sunoresearch.com.br\/n\/uploads\/2022\/07\/presidente-vibra-vbbr3-scaled.jpg\",\"width\":2560,\"height\":1707,\"caption\":\"Wilson Ferreira, Eletrobras. Foto: Ag\u00eancia Brasil\"},{\"@type\":\"BreadcrumbList\",\"@id\":\"https:\/\/www.suno.com.br\/noticias\/eletrobras-elet3-renuncia-presidencia-cargo-mal\/#breadcrumb\",\"itemListElement\":[{\"@type\":\"ListItem\",\"position\":1,\"name\":\"Not\u00edcias\",\"item\":\"https:\/\/www.suno.com.br\/noticias\/\"},{\"@type\":\"ListItem\",\"position\":2,\"name\":\"Pol\u00edtica\",\"item\":\"https:\/\/www.suno.com.br\/noticias\/politica\/\"},{\"@type\":\"ListItem\",\"position\":3,\"name\":\"Presidente da Eletrobras (ELET3), Wilson Ferreira Jr. renuncia ao cargo; veja quem vai comandar a empresa\"}]},{\"@type\":\"WebSite\",\"@id\":\"https:\/\/www.suno.com.br\/noticias\/#website\",\"url\":\"https:\/\/www.suno.com.br\/noticias\/\",\"name\":\"Suno Not\u00edcias\",\"description\":\"Seu portal de informa\u00e7\u00e3o sobre o mundo dos investimentos\",\"publisher\":{\"@id\":\"https:\/\/www.suno.com.br\/noticias\/#organization\"},\"potentialAction\":[{\"@type\":\"SearchAction\",\"target\":{\"@type\":\"EntryPoint\",\"urlTemplate\":\"https:\/\/www.suno.com.br\/noticias\/?s={search_term_string}\"},\"query-input\":{\"@type\":\"PropertyValueSpecification\",\"valueRequired\":true,\"valueName\":\"search_term_string\"}}],\"inLanguage\":\"pt-BR\"},{\"@type\":\"Organization\",\"@id\":\"https:\/\/www.suno.com.br\/noticias\/#organization\",\"name\":\"Suno Not\u00edcias\",\"url\":\"https:\/\/www.suno.com.br\/noticias\/\",\"logo\":{\"@type\":\"ImageObject\",\"inLanguage\":\"pt-BR\",\"@id\":\"https:\/\/www.suno.com.br\/noticias\/#\/schema\/logo\/image\/\",\"url\":\"https:\/\/files.sunoresearch.com.br\/n\/uploads\/2021\/09\/suno-logo.png\",\"contentUrl\":\"https:\/\/files.sunoresearch.com.br\/n\/uploads\/2021\/09\/suno-logo.png\",\"width\":180,\"height\":180,\"caption\":\"Suno Not\u00edcias\"},\"image\":{\"@id\":\"https:\/\/www.suno.com.br\/noticias\/#\/schema\/logo\/image\/\"},\"sameAs\":[\"https:\/\/facebook.com\/sunoresearch\",\"https:\/\/x.com\/sunoresearch\",\"https:\/\/www.instagram.com\/suno\",\"https:\/\/www.linkedin.com\/company\/suno-research\/\",\"https:\/\/www.youtube.com\/c\/sunoresearch\"]},{\"@type\":\"Person\",\"@id\":\"https:\/\/www.suno.com.br\/noticias\/#\/schema\/person\/829bbe8d57f84333b966b96229c6bf5f\",\"name\":\"Marco Ant\u00f4nio Lopes\",\"image\":{\"@type\":\"ImageObject\",\"inLanguage\":\"pt-BR\",\"@id\":\"https:\/\/www.suno.com.br\/noticias\/#\/schema\/person\/image\/\",\"url\":\"https:\/\/secure.gravatar.com\/avatar\/385167b012fbc1cde32c5446ee253313?s=96&r=g\",\"contentUrl\":\"https:\/\/secure.gravatar.com\/avatar\/385167b012fbc1cde32c5446ee253313?s=96&r=g\",\"caption\":\"Marco Ant\u00f4nio Lopes\"},\"description\":\"Jornalista, \u00e9 editor no Suno Not\u00edcias. Trabalhou nas revistas Playboy, Super, Veja Comer &amp; Beber, Homem Vogue e Universo Masculino, al\u00e9m dos portais Abril.com, R7, nas editorias de Home, Esportes, Hora 7, Entretenimento e Geral, e Eu Quero Investir. Autor do livro Bruce Lee: Definitivo (Editora Conrad). Colaborou nas revistas Nova, Veja SP, Grandes Guerras, Placar, Bizz, Casa Claudia e Quatro Rodas.\",\"url\":\"https:\/\/www.suno.com.br\/noticias\/author\/marco-lopes\/\"}]}<\/script>\n<!-- \/ Yoast SEO plugin. -->","yoast_head_json":{"title":"Presidente da Eletrobras (ELET3), Wilson Ferreira Jr. renuncia ao cargo","description":"O presidente da Eletrobras (ELET3) Wilson Ferreira Jr. renunciou ao cargo nesta segunda (14), informou a empresa em fato relevante.","robots":{"index":"index","follow":"follow","max-snippet":"max-snippet:-1","max-image-preview":"max-image-preview:large","max-video-preview":"max-video-preview:-1"},"canonical":"https:\/\/www.suno.com.br\/noticias\/eletrobras-elet3-renuncia-presidencia-cargo-mal\/","og_locale":"pt_BR","og_type":"article","og_title":"Presidente da Eletrobras (ELET3), Wilson Ferreira Jr. renuncia ao cargo","og_description":"O presidente da Eletrobras (ELET3) Wilson Ferreira Jr. renunciou ao cargo nesta segunda (14), informou a empresa em fato relevante.","og_url":"https:\/\/www.suno.com.br\/noticias\/eletrobras-elet3-renuncia-presidencia-cargo-mal\/","og_site_name":"Suno Not\u00edcias","article_publisher":"https:\/\/facebook.com\/sunoresearch","og_image":[{"width":2560,"height":1707,"url":"https:\/\/files.sunoresearch.com.br\/n\/uploads\/2022\/07\/presidente-vibra-vbbr3-scaled.jpg","type":"image\/jpeg"}],"author":"Marco Ant\u00f4nio Lopes","twitter_card":"summary_large_image","twitter_creator":"@sunoresearch","twitter_site":"@sunoresearch","twitter_misc":{"Escrito por":"Marco Ant\u00f4nio Lopes","Est. tempo de leitura":"4 minutos"},"schema":{"@context":"https:\/\/schema.org","@graph":[{"@type":"NewsArticle","@id":"https:\/\/www.suno.com.br\/noticias\/eletrobras-elet3-renuncia-presidencia-cargo-mal\/#article","isPartOf":{"@id":"https:\/\/www.suno.com.br\/noticias\/eletrobras-elet3-renuncia-presidencia-cargo-mal\/"},"author":{"name":"Marco Ant\u00f4nio Lopes","@id":"https:\/\/www.suno.com.br\/noticias\/#\/schema\/person\/829bbe8d57f84333b966b96229c6bf5f"},"headline":"Presidente da Eletrobras (ELET3), Wilson Ferreira Jr. renuncia ao cargo; veja quem vai comandar a empresa","datePublished":"2023-08-15T00:52:47+00:00","dateModified":"2023-08-15T01:11:14+00:00","mainEntityOfPage":{"@id":"https:\/\/www.suno.com.br\/noticias\/eletrobras-elet3-renuncia-presidencia-cargo-mal\/"},"wordCount":635,"publisher":{"@id":"https:\/\/www.suno.com.br\/noticias\/#organization"},"image":{"@id":"https:\/\/www.suno.com.br\/noticias\/eletrobras-elet3-renuncia-presidencia-cargo-mal\/#primaryimage"},"thumbnailUrl":"https:\/\/files.sunoresearch.com.br\/n\/uploads\/2022\/07\/presidente-vibra-vbbr3-scaled.jpg","keywords":["A\u00e7\u00f5es","Eletrobras (ELET3\/ELET5\/ELET6)","Wilson Ferreira Junior"],"articleSection":["Pol\u00edtica"],"inLanguage":"pt-BR"},{"@type":"WebPage","@id":"https:\/\/www.suno.com.br\/noticias\/eletrobras-elet3-renuncia-presidencia-cargo-mal\/","url":"https:\/\/www.suno.com.br\/noticias\/eletrobras-elet3-renuncia-presidencia-cargo-mal\/","name":"Presidente da Eletrobras (ELET3), Wilson Ferreira Jr. renuncia ao cargo","isPartOf":{"@id":"https:\/\/www.suno.com.br\/noticias\/#website"},"primaryImageOfPage":{"@id":"https:\/\/www.suno.com.br\/noticias\/eletrobras-elet3-renuncia-presidencia-cargo-mal\/#primaryimage"},"image":{"@id":"https:\/\/www.suno.com.br\/noticias\/eletrobras-elet3-renuncia-presidencia-cargo-mal\/#primaryimage"},"thumbnailUrl":"https:\/\/files.sunoresearch.com.br\/n\/uploads\/2022\/07\/presidente-vibra-vbbr3-scaled.jpg","datePublished":"2023-08-15T00:52:47+00:00","dateModified":"2023-08-15T01:11:14+00:00","description":"O presidente da Eletrobras (ELET3) Wilson Ferreira Jr. renunciou ao cargo nesta segunda (14), informou a empresa em fato relevante.","breadcrumb":{"@id":"https:\/\/www.suno.com.br\/noticias\/eletrobras-elet3-renuncia-presidencia-cargo-mal\/#breadcrumb"},"inLanguage":"pt-BR","potentialAction":[{"@type":"ReadAction","target":["https:\/\/www.suno.com.br\/noticias\/eletrobras-elet3-renuncia-presidencia-cargo-mal\/"]}]},{"@type":"ImageObject","inLanguage":"pt-BR","@id":"https:\/\/www.suno.com.br\/noticias\/eletrobras-elet3-renuncia-presidencia-cargo-mal\/#primaryimage","url":"https:\/\/files.sunoresearch.com.br\/n\/uploads\/2022\/07\/presidente-vibra-vbbr3-scaled.jpg","contentUrl":"https:\/\/files.sunoresearch.com.br\/n\/uploads\/2022\/07\/presidente-vibra-vbbr3-scaled.jpg","width":2560,"height":1707,"caption":"Wilson Ferreira, Eletrobras. Foto: Ag\u00eancia Brasil"},{"@type":"BreadcrumbList","@id":"https:\/\/www.suno.com.br\/noticias\/eletrobras-elet3-renuncia-presidencia-cargo-mal\/#breadcrumb","itemListElement":[{"@type":"ListItem","position":1,"name":"Not\u00edcias","item":"https:\/\/www.suno.com.br\/noticias\/"},{"@type":"ListItem","position":2,"name":"Pol\u00edtica","item":"https:\/\/www.suno.com.br\/noticias\/politica\/"},{"@type":"ListItem","position":3,"name":"Presidente da Eletrobras (ELET3), Wilson Ferreira Jr. renuncia ao cargo; veja quem vai comandar a empresa"}]},{"@type":"WebSite","@id":"https:\/\/www.suno.com.br\/noticias\/#website","url":"https:\/\/www.suno.com.br\/noticias\/","name":"Suno Not\u00edcias","description":"Seu portal de informa\u00e7\u00e3o sobre o mundo dos investimentos","publisher":{"@id":"https:\/\/www.suno.com.br\/noticias\/#organization"},"potentialAction":[{"@type":"SearchAction","target":{"@type":"EntryPoint","urlTemplate":"https:\/\/www.suno.com.br\/noticias\/?s={search_term_string}"},"query-input":{"@type":"PropertyValueSpecification","valueRequired":true,"valueName":"search_term_string"}}],"inLanguage":"pt-BR"},{"@type":"Organization","@id":"https:\/\/www.suno.com.br\/noticias\/#organization","name":"Suno Not\u00edcias","url":"https:\/\/www.suno.com.br\/noticias\/","logo":{"@type":"ImageObject","inLanguage":"pt-BR","@id":"https:\/\/www.suno.com.br\/noticias\/#\/schema\/logo\/image\/","url":"https:\/\/files.sunoresearch.com.br\/n\/uploads\/2021\/09\/suno-logo.png","contentUrl":"https:\/\/files.sunoresearch.com.br\/n\/uploads\/2021\/09\/suno-logo.png","width":180,"height":180,"caption":"Suno Not\u00edcias"},"image":{"@id":"https:\/\/www.suno.com.br\/noticias\/#\/schema\/logo\/image\/"},"sameAs":["https:\/\/facebook.com\/sunoresearch","https:\/\/x.com\/sunoresearch","https:\/\/www.instagram.com\/suno","https:\/\/www.linkedin.com\/company\/suno-research\/","https:\/\/www.youtube.com\/c\/sunoresearch"]},{"@type":"Person","@id":"https:\/\/www.suno.com.br\/noticias\/#\/schema\/person\/829bbe8d57f84333b966b96229c6bf5f","name":"Marco Ant\u00f4nio Lopes","image":{"@type":"ImageObject","inLanguage":"pt-BR","@id":"https:\/\/www.suno.com.br\/noticias\/#\/schema\/person\/image\/","url":"https:\/\/secure.gravatar.com\/avatar\/385167b012fbc1cde32c5446ee253313?s=96&r=g","contentUrl":"https:\/\/secure.gravatar.com\/avatar\/385167b012fbc1cde32c5446ee253313?s=96&r=g","caption":"Marco Ant\u00f4nio Lopes"},"description":"Jornalista, \u00e9 editor no Suno Not\u00edcias. Trabalhou nas revistas Playboy, Super, Veja Comer &amp; Beber, Homem Vogue e Universo Masculino, al\u00e9m dos portais Abril.com, R7, nas editorias de Home, Esportes, Hora 7, Entretenimento e Geral, e Eu Quero Investir. Autor do livro Bruce Lee: Definitivo (Editora Conrad). Colaborou nas revistas Nova, Veja SP, Grandes Guerras, Placar, Bizz, Casa Claudia e Quatro Rodas.","url":"https:\/\/www.suno.com.br\/noticias\/author\/marco-lopes\/"}]}},"default_loop_html":"<div class=\"cardsPage__listCard__boxs\"><div class=\"cardsPage__listCard__boxs__img\"><a href=\"https:\/\/www.suno.com.br\/noticias\/eletrobras-elet3-renuncia-presidencia-cargo-mal\/\"><img class=\"mask\" src=\"https:\/\/www.suno.com.br\/noticias\/wp-content\/themes\/suno\/resources\/images\/spotlight\/spotlight1img\/bg-mask.png\" alt=\"Image Mask\"\/><img src=\"https:\/\/files.sunoresearch.com.br\/n\/uploads\/2022\/07\/presidente-vibra-vbbr3-400x200.jpg\" alt=\"Presidente da Eletrobras (ELET3), Wilson Ferreira Jr. renuncia ao cargo; veja quem vai comandar a empresa\"\/><\/a><span class=\"spotlightCategory\"><a href=\"https:\/\/www.suno.com.br\/noticias\/politica\/\">Pol\u00edtica<\/a><\/span><\/div><div class=\"cardsPage__listCard__boxs__content\"><a href=\"https:\/\/www.suno.com.br\/noticias\/eletrobras-elet3-renuncia-presidencia-cargo-mal\/\"><h2 class=\"content__title\">Presidente da Eletrobras (ELET3), Wilson Ferreira Jr. renuncia ao cargo; veja quem vai comandar a empresa<\/h2><\/a><div class=\"newsContent__article__meta\"><div class=\"newsContent__article__meta__authorBox\"><a href=\"https:\/\/www.suno.com.br\/noticias\/author\/giovanni-porfiriosuno-com-br\/\" class=\"authorBox__avatar noMobi\"><img src=\"https:\/\/files.sunoresearch.com.br\/n\/uploads\/2024\/05\/DSCF4115-1-1-150x150.webp\" alt=\"Giovanni Porf\u00edrio Jacomino\"><\/a><div class=\"authorBox__name\"><span>por\n\t\t\t<a href=\"https:\/\/www.suno.com.br\/noticias\/author\/giovanni-porfiriosuno-com-br\/\"><span itemprop=\"author\">Giovanni Porf\u00edrio Jacomino<\/span><\/a><\/span><time datetime=\"2023-08-14T21:52:47-03:00\" itemprop=\"datePublished\">14\/08\/2023 21:52<\/time><\/div><\/div><\/div><\/div><\/div>","single_layout":"posts","amp_enabled":true,"_links":{"self":[{"href":"https:\/\/www.suno.com.br\/noticias\/wp-json\/wp\/v2\/posts\/442605"}],"collection":[{"href":"https:\/\/www.suno.com.br\/noticias\/wp-json\/wp\/v2\/posts"}],"about":[{"href":"https:\/\/www.suno.com.br\/noticias\/wp-json\/wp\/v2\/types\/post"}],"author":[{"embeddable":true,"href":"https:\/\/www.suno.com.br\/noticias\/wp-json\/wp\/v2\/users\/98"}],"replies":[{"embeddable":true,"href":"https:\/\/www.suno.com.br\/noticias\/wp-json\/wp\/v2\/comments?post=442605"}],"version-history":[{"count":2,"href":"https:\/\/www.suno.com.br\/noticias\/wp-json\/wp\/v2\/posts\/442605\/revisions"}],"predecessor-version":[{"id":442625,"href":"https:\/\/www.suno.com.br\/noticias\/wp-json\/wp\/v2\/posts\/442605\/revisions\/442625"}],"wp:featuredmedia":[{"embeddable":true,"href":"https:\/\/www.suno.com.br\/noticias\/wp-json\/wp\/v2\/media\/277178"}],"wp:attachment":[{"href":"https:\/\/www.suno.com.br\/noticias\/wp-json\/wp\/v2\/media?parent=442605"}],"wp:term":[{"taxonomy":"category","embeddable":true,"href":"https:\/\/www.suno.com.br\/noticias\/wp-json\/wp\/v2\/categories?post=442605"},{"taxonomy":"post_tag","embeddable":true,"href":"https:\/\/www.suno.com.br\/noticias\/wp-json\/wp\/v2\/tags?post=442605"},{"taxonomy":"suno_strategy","embeddable":true,"href":"https:\/\/www.suno.com.br\/noticias\/wp-json\/wp\/v2\/suno_strategy?post=442605"}],"curies":[{"name":"wp","href":"https:\/\/api.w.org\/{rel}","templated":true}]}}