{"id":44242,"date":"2019-11-08T17:24:46","date_gmt":"2019-11-08T19:24:46","guid":{"rendered":"https:\/\/www.suno.com.br\/noticias\/?p=44242"},"modified":"2019-11-30T16:21:21","modified_gmt":"2019-11-30T18:21:21","slug":"ambev-usinas-eolicas-budweiser-brasil","status":"publish","type":"post","link":"https:\/\/www.suno.com.br\/noticias\/ambev-usinas-eolicas-budweiser-brasil\/","title":{"rendered":"Ambev investir\u00e1 R$ 600 mi em usinas e\u00f3licas para a Budweiser no Brasil"},"content":{"rendered":"<p>A Ambev (<strong>ABEV3<\/strong>) anunciou, nesta sexta-feira (08), que concluiu um acordo com um grupo de <a href=\"https:\/\/www.suno.com.br\/artigos\/private-equity\/\"><strong>private<\/strong> <strong>equity<\/strong><\/a> para constru\u00e7\u00e3o de uma usina e\u00f3lica que ir\u00e1 abastecer todas as suas f\u00e1bricas na regi\u00e3o Nordeste, al\u00e9m das cinco cervejarias da <strong>Budweiser<\/strong> no Brasil.<\/p>\t<div class=\"wrapper-featured-image\">\n\t\t<figure class=\"spotlightImg\">\n\n\t\t\t<picture>\n\t\t\t\t<source media=\"(max-width: 768px)\" srcset=\"https:\/\/files.sunoresearch.com.br\/n\/uploads\/2019\/02\/71c9ec56-ambev-400x200.webp\">\n\t\t\t\t<img loading=\"lazy\" decoding=\"async\" class=\"newsContent__article__imgCapa lazyloadDisabled newsContent__article__imgCapa--noCaption\" src=\"https:\/\/files.sunoresearch.com.br\/n\/uploads\/2019\/02\/71c9ec56-ambev-jpg.webp\" width=\"800\" height=\"450\" alt=\"Ambev investir\u00e1 R$ 600 mi em usinas e\u00f3licas para a Budweiser no Brasil\" fetchpriority=high \/>\n\t\t\t<\/picture>\n\n\t\t\t<figcaption class=\"wp-caption-text wp-caption-text--hide\">A Ambev (ABEV3) obteve um lucro l\u00edquido de R$ 2,359 bilh\u00f5es no terceiro trimestre, queda de 9,4% na rela\u00e7\u00e3o anual.<\/figcaption>\n\t\t<\/figure>\n\t<\/div>\n\n\n\n<p>De acordo com o acordo firmado, a <strong>Ambev<\/strong> ir\u00e1 desembolsar aproximadamente R$ 600 milh\u00f5es em um per\u00edodo de 15 anos para a <strong>Casaforte Investimentos<\/strong>. Em troca, o grupo construir\u00e1 uma usina e\u00f3lica de 1.600 hectares com pot\u00eancia acima a 80 megawatts na <strong>Bahia<\/strong>.<\/p>\n<p>O vice-presidente de sustentabilidade e suprimentos da <strong>Ambev<\/strong>, <strong>Rodrigo<\/strong> <strong>Figueiredo<\/strong>, afirmou em entrevista \u00e0 &#8220;Reuters&#8221; nesta sexta que: \u201cCom esse acordo de compra de energia, 20 mil toneladas de di\u00f3xido de carbono deixar\u00e3o de ser emitidas por ano, o equivalente \u00e0 retirada de 35 mil carros das ruas por ano\u201d.<\/p>\n<p>Ainda segundo com o <strong>vice-presidente <\/strong>da gigante das bebidas, as licen\u00e7as de constru\u00e7\u00e3o j\u00e1 foram concedidas e as obras devem come\u00e7ar no in\u00edcio de 2020, com a usina e\u00f3lica iniciando as opera\u00e7\u00f5es no come\u00e7o de 2022.<\/p>\n<h2>Complexo e\u00f3lico da Ambev<\/h2>\n<p>De acordo com <strong>Figueiredo<\/strong>, o <strong>complexo e\u00f3lico<\/strong> gerar\u00e1 energia limpa suficiente para abastecer 30% do total de f\u00e1bricas de bebidas da <strong>Ambev<\/strong> no Brasil, o que incluiria as cinco cervejarias da <strong>Budweiser<\/strong> presentes no Pa\u00eds:<\/p>\n<ul>\n<li><strong>Itapissuma<\/strong> (<strong>PE<\/strong>);<\/li>\n<li><strong>Jacare\u00ed<\/strong> (<strong>SP<\/strong>);<\/li>\n<li><strong>Uberl\u00e2ndia<\/strong> (<strong>MG<\/strong>);<\/li>\n<li><strong>Barra de Pira\u00ed<\/strong> (<strong>RJ<\/strong>);<\/li>\n<li><strong>Ponta Grossa<\/strong> (<strong>PR<\/strong>).<\/li>\n<\/ul>\n<p>A matriz <strong>Anheuser Busch InBev<\/strong> vem se esfor\u00e7ando globalmente para ter 100% da eletricidade utilizada em todas as opera\u00e7\u00f5es no mundo provenientes de fontes limpas at\u00e9 2025.<\/p>\n<p>Apenas no <strong>Brasil<\/strong>, a <strong>Ambev<\/strong> investiu cerca de R$ 17,5 bilh\u00f5es desde 2014, o que inclui projetos para ado\u00e7\u00e3o de pr\u00e1ticas de neg\u00f3cios mais sustent\u00e1veis, segundo a empresa.<\/p>\n\t<p>\n\t\t<a href=\"https:\/\/www.seculus.com.br\/blackfriday\" target=\"_blank\" data-element=\"shortcode-suno-banner\" title=\"Banner SUNO, clique e saiba mais\">\n\t\t\t<picture>\n\t\t\t\t<source media=\"(max-width: 500px)\" srcset=\"https:\/\/files.sunoresearch.com.br\/n\/uploads\/2023\/11\/seculus_suno_mobile_1.jpg\">\n\t\t\t\t<img class=\"newsContent__article__imgCapa newsContent__article__imgCapa--banner\"\n\t\t\t\t\tsrc=\"https:\/\/files.sunoresearch.com.br\/n\/uploads\/2023\/11\/seculus_suno_desktop_1.jpg\"\n\t\t\t\t\tdata-promo-id=\"474122\"\t\t\t\t\t\t\t\t\t\twidth='1420' height='240'\t\t\t\t\talt=\"https:\/\/files.sunoresearch.com.br\/n\/uploads\/2023\/11\/seculus_suno_desktop_1.jpg\"\n\t\t\t\t>\n\t\t\t<\/picture>\n\t\t<\/a>\n\t<\/p>\n\n\n<p>Em junho, a empresa havia firmado um acordo de R$ 140 milh\u00f5es com quatro parceiros para constru\u00e7\u00e3o de 31 <strong>usinas<\/strong> <strong>solares<\/strong> que abastecer\u00e3o todos os 94 centros de distribui\u00e7\u00e3o no Pa\u00eds.<\/p>\n<p>Em 2018, a <strong>Ambev<\/strong> havia anunciado planos para ado\u00e7\u00e3o de 1.600 caminh\u00f5es el\u00e9tricos da <strong>Volkswagen<\/strong> por todos os 20 operadores de log\u00edstica que trabalham com a companhia at\u00e9 2023.<\/p>\n<p><a href=\"https:\/\/www.suno.com.br\/noticias\/ambev-vendas-fracas-brasil-lucro-liquido-97\/\">Leia tamb\u00e9m: Ambev registra lucro de R$ 2,6 bi no terceiro trimestre; queda de 9,7%<\/a><\/p>\n<p><strong>Figueiredo<\/strong> tamb\u00e9m declarou que todas as usinas solares ser\u00e3o entregues na primeira metade de 2020. Al\u00e9m disso, o executivo da <strong>Ambev<\/strong> afirmou: \u201cDesta vez optamos por uma <strong>usina<\/strong> <strong>e\u00f3lica<\/strong> por ser mais vi\u00e1vel para alta tens\u00e3o, mas estamos conduzindo estudos para outras regi\u00f5es e a <strong>tecnologia<\/strong> depender\u00e1 das <strong>condi\u00e7\u00f5es<\/strong> <strong>de vento<\/strong>, <strong>irradia\u00e7\u00e3o<\/strong> <strong>solar<\/strong> etc\u201d.<\/p>\n","protected":false},"excerpt":{"rendered":"<p>A Ambev (ABEV3) anunciou, nesta sexta-feira (08), que concluiu um acordo com um grupo de private equity para constru\u00e7\u00e3o de uma usina e\u00f3lica que ir\u00e1 abastecer todas as suas f\u00e1bricas na regi\u00e3o Nordeste, al\u00e9m das cinco cervejarias da Budweiser no Brasil. A Ambev (ABEV3) obteve um lucro l\u00edquido de R$ 2,359 bilh\u00f5es no terceiro trimestre, [&hellip;]<\/p>\n","protected":false},"author":23,"featured_media":16681,"comment_status":"closed","ping_status":"closed","sticky":false,"template":"","format":"standard","meta":[],"categories":[64],"tags":[359],"suno_strategy":[],"class_list":["post-44242","post","type-post","status-publish","format-standard","has-post-thumbnail","hentry","category-negocios","tag-ambev-abev3"],"yoast_head":"<!-- This site is optimized with the Yoast SEO plugin v24.4 - https:\/\/yoast.com\/wordpress\/plugins\/seo\/ -->\n<title>Ambev investir\u00e1 R$ 600 mi em usinas e\u00f3licas para a Budweiser no Brasil<\/title>\n<meta name=\"description\" content=\"A Ambev concluiu um acordo para constru\u00e7\u00e3o de uma usina e\u00f3lica que ir\u00e1 abastecer as f\u00e1bricas da Budweiser no Nordeste. Clique para mais.\" \/>\n<meta name=\"robots\" content=\"index, follow, max-snippet:-1, max-image-preview:large, max-video-preview:-1\" \/>\n<link rel=\"canonical\" href=\"https:\/\/www.suno.com.br\/noticias\/ambev-usinas-eolicas-budweiser-brasil\/\" \/>\n<meta property=\"og:locale\" content=\"pt_BR\" \/>\n<meta property=\"og:type\" content=\"article\" \/>\n<meta property=\"og:title\" content=\"Ambev investir\u00e1 R$ 600 mi em usinas e\u00f3licas para a Budweiser no Brasil\" \/>\n<meta property=\"og:description\" content=\"A Ambev concluiu um acordo para constru\u00e7\u00e3o de uma usina e\u00f3lica que ir\u00e1 abastecer as f\u00e1bricas da Budweiser no Nordeste. Clique para mais.\" \/>\n<meta property=\"og:url\" content=\"https:\/\/www.suno.com.br\/noticias\/ambev-usinas-eolicas-budweiser-brasil\/\" \/>\n<meta property=\"og:site_name\" content=\"Suno Not\u00edcias\" \/>\n<meta property=\"article:publisher\" content=\"https:\/\/facebook.com\/sunoresearch\" \/>\n<meta property=\"og:image\" content=\"https:\/\/files.sunoresearch.com.br\/n\/uploads\/2019\/02\/71c9ec56-ambev.jpg\" \/>\n\t<meta property=\"og:image:width\" content=\"800\" \/>\n\t<meta property=\"og:image:height\" content=\"450\" \/>\n\t<meta property=\"og:image:type\" content=\"image\/jpeg\" \/>\n<meta name=\"author\" content=\"Rafael Lara\" \/>\n<meta name=\"twitter:card\" content=\"summary_large_image\" \/>\n<meta name=\"twitter:creator\" content=\"@sunoresearch\" \/>\n<meta name=\"twitter:site\" content=\"@sunoresearch\" \/>\n<meta name=\"twitter:label1\" content=\"Escrito por\" \/>\n\t<meta name=\"twitter:data1\" content=\"Rafael Lara\" \/>\n\t<meta name=\"twitter:label2\" content=\"Est. tempo de leitura\" \/>\n\t<meta name=\"twitter:data2\" content=\"2 minutos\" \/>\n<script type=\"application\/ld+json\" class=\"yoast-schema-graph\">{\"@context\":\"https:\/\/schema.org\",\"@graph\":[{\"@type\":\"NewsArticle\",\"@id\":\"https:\/\/www.suno.com.br\/noticias\/ambev-usinas-eolicas-budweiser-brasil\/#article\",\"isPartOf\":{\"@id\":\"https:\/\/www.suno.com.br\/noticias\/ambev-usinas-eolicas-budweiser-brasil\/\"},\"author\":{\"name\":\"Rafael Lara\",\"@id\":\"https:\/\/www.suno.com.br\/noticias\/#\/schema\/person\/098743caeed97b37f51315c9576c4078\"},\"headline\":\"Ambev investir\u00e1 R$ 600 mi em usinas e\u00f3licas para a Budweiser no Brasil\",\"datePublished\":\"2019-11-08T19:24:46+00:00\",\"dateModified\":\"2019-11-30T18:21:21+00:00\",\"mainEntityOfPage\":{\"@id\":\"https:\/\/www.suno.com.br\/noticias\/ambev-usinas-eolicas-budweiser-brasil\/\"},\"wordCount\":447,\"publisher\":{\"@id\":\"https:\/\/www.suno.com.br\/noticias\/#organization\"},\"image\":{\"@id\":\"https:\/\/www.suno.com.br\/noticias\/ambev-usinas-eolicas-budweiser-brasil\/#primaryimage\"},\"thumbnailUrl\":\"https:\/\/files.sunoresearch.com.br\/n\/uploads\/2019\/02\/71c9ec56-ambev-jpg.webp\",\"keywords\":[\"AMBEV (ABEV3)\"],\"articleSection\":[\"Neg\u00f3cios\"],\"inLanguage\":\"pt-BR\"},{\"@type\":\"WebPage\",\"@id\":\"https:\/\/www.suno.com.br\/noticias\/ambev-usinas-eolicas-budweiser-brasil\/\",\"url\":\"https:\/\/www.suno.com.br\/noticias\/ambev-usinas-eolicas-budweiser-brasil\/\",\"name\":\"Ambev investir\u00e1 R$ 600 mi em usinas e\u00f3licas para a Budweiser no Brasil\",\"isPartOf\":{\"@id\":\"https:\/\/www.suno.com.br\/noticias\/#website\"},\"primaryImageOfPage\":{\"@id\":\"https:\/\/www.suno.com.br\/noticias\/ambev-usinas-eolicas-budweiser-brasil\/#primaryimage\"},\"image\":{\"@id\":\"https:\/\/www.suno.com.br\/noticias\/ambev-usinas-eolicas-budweiser-brasil\/#primaryimage\"},\"thumbnailUrl\":\"https:\/\/files.sunoresearch.com.br\/n\/uploads\/2019\/02\/71c9ec56-ambev-jpg.webp\",\"datePublished\":\"2019-11-08T19:24:46+00:00\",\"dateModified\":\"2019-11-30T18:21:21+00:00\",\"description\":\"A Ambev concluiu um acordo para constru\u00e7\u00e3o de uma usina e\u00f3lica que ir\u00e1 abastecer as f\u00e1bricas da Budweiser no Nordeste. Clique para mais.\",\"breadcrumb\":{\"@id\":\"https:\/\/www.suno.com.br\/noticias\/ambev-usinas-eolicas-budweiser-brasil\/#breadcrumb\"},\"inLanguage\":\"pt-BR\",\"potentialAction\":[{\"@type\":\"ReadAction\",\"target\":[\"https:\/\/www.suno.com.br\/noticias\/ambev-usinas-eolicas-budweiser-brasil\/\"]}]},{\"@type\":\"ImageObject\",\"inLanguage\":\"pt-BR\",\"@id\":\"https:\/\/www.suno.com.br\/noticias\/ambev-usinas-eolicas-budweiser-brasil\/#primaryimage\",\"url\":\"https:\/\/files.sunoresearch.com.br\/n\/uploads\/2019\/02\/71c9ec56-ambev-jpg.webp\",\"contentUrl\":\"https:\/\/files.sunoresearch.com.br\/n\/uploads\/2019\/02\/71c9ec56-ambev-jpg.webp\",\"width\":800,\"height\":450,\"caption\":\"A Ambev (ABEV3) obteve um lucro l\u00edquido de R$ 2,359 bilh\u00f5es no terceiro trimestre, queda de 9,4% na rela\u00e7\u00e3o anual.\"},{\"@type\":\"BreadcrumbList\",\"@id\":\"https:\/\/www.suno.com.br\/noticias\/ambev-usinas-eolicas-budweiser-brasil\/#breadcrumb\",\"itemListElement\":[{\"@type\":\"ListItem\",\"position\":1,\"name\":\"Not\u00edcias\",\"item\":\"https:\/\/www.suno.com.br\/noticias\/\"},{\"@type\":\"ListItem\",\"position\":2,\"name\":\"Neg\u00f3cios\",\"item\":\"https:\/\/www.suno.com.br\/noticias\/negocios\/\"},{\"@type\":\"ListItem\",\"position\":3,\"name\":\"Ambev investir\u00e1 R$ 600 mi em usinas e\u00f3licas para a Budweiser no Brasil\"}]},{\"@type\":\"WebSite\",\"@id\":\"https:\/\/www.suno.com.br\/noticias\/#website\",\"url\":\"https:\/\/www.suno.com.br\/noticias\/\",\"name\":\"Suno Not\u00edcias\",\"description\":\"Seu portal de informa\u00e7\u00e3o sobre o mundo dos investimentos\",\"publisher\":{\"@id\":\"https:\/\/www.suno.com.br\/noticias\/#organization\"},\"potentialAction\":[{\"@type\":\"SearchAction\",\"target\":{\"@type\":\"EntryPoint\",\"urlTemplate\":\"https:\/\/www.suno.com.br\/noticias\/?s={search_term_string}\"},\"query-input\":{\"@type\":\"PropertyValueSpecification\",\"valueRequired\":true,\"valueName\":\"search_term_string\"}}],\"inLanguage\":\"pt-BR\"},{\"@type\":\"Organization\",\"@id\":\"https:\/\/www.suno.com.br\/noticias\/#organization\",\"name\":\"Suno Not\u00edcias\",\"url\":\"https:\/\/www.suno.com.br\/noticias\/\",\"logo\":{\"@type\":\"ImageObject\",\"inLanguage\":\"pt-BR\",\"@id\":\"https:\/\/www.suno.com.br\/noticias\/#\/schema\/logo\/image\/\",\"url\":\"https:\/\/files.sunoresearch.com.br\/n\/uploads\/2021\/09\/suno-logo.png\",\"contentUrl\":\"https:\/\/files.sunoresearch.com.br\/n\/uploads\/2021\/09\/suno-logo.png\",\"width\":180,\"height\":180,\"caption\":\"Suno Not\u00edcias\"},\"image\":{\"@id\":\"https:\/\/www.suno.com.br\/noticias\/#\/schema\/logo\/image\/\"},\"sameAs\":[\"https:\/\/facebook.com\/sunoresearch\",\"https:\/\/x.com\/sunoresearch\",\"https:\/\/www.instagram.com\/suno\",\"https:\/\/www.linkedin.com\/company\/suno-research\/\",\"https:\/\/www.youtube.com\/c\/sunoresearch\"]},{\"@type\":\"Person\",\"@id\":\"https:\/\/www.suno.com.br\/noticias\/#\/schema\/person\/098743caeed97b37f51315c9576c4078\",\"name\":\"Rafael Lara\",\"image\":{\"@type\":\"ImageObject\",\"inLanguage\":\"pt-BR\",\"@id\":\"https:\/\/www.suno.com.br\/noticias\/#\/schema\/person\/image\/\",\"url\":\"https:\/\/secure.gravatar.com\/avatar\/dfc254ab9bb2ea1895d98b9e9dae4bdd?s=96&r=g\",\"contentUrl\":\"https:\/\/secure.gravatar.com\/avatar\/dfc254ab9bb2ea1895d98b9e9dae4bdd?s=96&r=g\",\"caption\":\"Rafael Lara\"},\"description\":\"Rafael Lara cursa jornalismo na Faculdade C\u00e1sper L\u00edbero. Escreve sobre pol\u00edtica, economia e neg\u00f3cios para o portal Suno Not\u00edcias. Antes, colaborou na TV Gazeta na produ\u00e7\u00e3o do programa Edi\u00e7\u00e3o Extra.\",\"url\":\"https:\/\/www.suno.com.br\/noticias\/author\/rafael\/\"}]}<\/script>\n<!-- \/ Yoast SEO plugin. -->","yoast_head_json":{"title":"Ambev investir\u00e1 R$ 600 mi em usinas e\u00f3licas para a Budweiser no Brasil","description":"A Ambev concluiu um acordo para constru\u00e7\u00e3o de uma usina e\u00f3lica que ir\u00e1 abastecer as f\u00e1bricas da Budweiser no Nordeste. Clique para mais.","robots":{"index":"index","follow":"follow","max-snippet":"max-snippet:-1","max-image-preview":"max-image-preview:large","max-video-preview":"max-video-preview:-1"},"canonical":"https:\/\/www.suno.com.br\/noticias\/ambev-usinas-eolicas-budweiser-brasil\/","og_locale":"pt_BR","og_type":"article","og_title":"Ambev investir\u00e1 R$ 600 mi em usinas e\u00f3licas para a Budweiser no Brasil","og_description":"A Ambev concluiu um acordo para constru\u00e7\u00e3o de uma usina e\u00f3lica que ir\u00e1 abastecer as f\u00e1bricas da Budweiser no Nordeste. Clique para mais.","og_url":"https:\/\/www.suno.com.br\/noticias\/ambev-usinas-eolicas-budweiser-brasil\/","og_site_name":"Suno Not\u00edcias","article_publisher":"https:\/\/facebook.com\/sunoresearch","og_image":[{"width":800,"height":450,"url":"https:\/\/files.sunoresearch.com.br\/n\/uploads\/2019\/02\/71c9ec56-ambev.jpg","type":"image\/jpeg"}],"author":"Rafael Lara","twitter_card":"summary_large_image","twitter_creator":"@sunoresearch","twitter_site":"@sunoresearch","twitter_misc":{"Escrito por":"Rafael Lara","Est. tempo de leitura":"2 minutos"},"schema":{"@context":"https:\/\/schema.org","@graph":[{"@type":"NewsArticle","@id":"https:\/\/www.suno.com.br\/noticias\/ambev-usinas-eolicas-budweiser-brasil\/#article","isPartOf":{"@id":"https:\/\/www.suno.com.br\/noticias\/ambev-usinas-eolicas-budweiser-brasil\/"},"author":{"name":"Rafael Lara","@id":"https:\/\/www.suno.com.br\/noticias\/#\/schema\/person\/098743caeed97b37f51315c9576c4078"},"headline":"Ambev investir\u00e1 R$ 600 mi em usinas e\u00f3licas para a Budweiser no Brasil","datePublished":"2019-11-08T19:24:46+00:00","dateModified":"2019-11-30T18:21:21+00:00","mainEntityOfPage":{"@id":"https:\/\/www.suno.com.br\/noticias\/ambev-usinas-eolicas-budweiser-brasil\/"},"wordCount":447,"publisher":{"@id":"https:\/\/www.suno.com.br\/noticias\/#organization"},"image":{"@id":"https:\/\/www.suno.com.br\/noticias\/ambev-usinas-eolicas-budweiser-brasil\/#primaryimage"},"thumbnailUrl":"https:\/\/files.sunoresearch.com.br\/n\/uploads\/2019\/02\/71c9ec56-ambev-jpg.webp","keywords":["AMBEV (ABEV3)"],"articleSection":["Neg\u00f3cios"],"inLanguage":"pt-BR"},{"@type":"WebPage","@id":"https:\/\/www.suno.com.br\/noticias\/ambev-usinas-eolicas-budweiser-brasil\/","url":"https:\/\/www.suno.com.br\/noticias\/ambev-usinas-eolicas-budweiser-brasil\/","name":"Ambev investir\u00e1 R$ 600 mi em usinas e\u00f3licas para a Budweiser no Brasil","isPartOf":{"@id":"https:\/\/www.suno.com.br\/noticias\/#website"},"primaryImageOfPage":{"@id":"https:\/\/www.suno.com.br\/noticias\/ambev-usinas-eolicas-budweiser-brasil\/#primaryimage"},"image":{"@id":"https:\/\/www.suno.com.br\/noticias\/ambev-usinas-eolicas-budweiser-brasil\/#primaryimage"},"thumbnailUrl":"https:\/\/files.sunoresearch.com.br\/n\/uploads\/2019\/02\/71c9ec56-ambev-jpg.webp","datePublished":"2019-11-08T19:24:46+00:00","dateModified":"2019-11-30T18:21:21+00:00","description":"A Ambev concluiu um acordo para constru\u00e7\u00e3o de uma usina e\u00f3lica que ir\u00e1 abastecer as f\u00e1bricas da Budweiser no Nordeste. Clique para mais.","breadcrumb":{"@id":"https:\/\/www.suno.com.br\/noticias\/ambev-usinas-eolicas-budweiser-brasil\/#breadcrumb"},"inLanguage":"pt-BR","potentialAction":[{"@type":"ReadAction","target":["https:\/\/www.suno.com.br\/noticias\/ambev-usinas-eolicas-budweiser-brasil\/"]}]},{"@type":"ImageObject","inLanguage":"pt-BR","@id":"https:\/\/www.suno.com.br\/noticias\/ambev-usinas-eolicas-budweiser-brasil\/#primaryimage","url":"https:\/\/files.sunoresearch.com.br\/n\/uploads\/2019\/02\/71c9ec56-ambev-jpg.webp","contentUrl":"https:\/\/files.sunoresearch.com.br\/n\/uploads\/2019\/02\/71c9ec56-ambev-jpg.webp","width":800,"height":450,"caption":"A Ambev (ABEV3) obteve um lucro l\u00edquido de R$ 2,359 bilh\u00f5es no terceiro trimestre, queda de 9,4% na rela\u00e7\u00e3o anual."},{"@type":"BreadcrumbList","@id":"https:\/\/www.suno.com.br\/noticias\/ambev-usinas-eolicas-budweiser-brasil\/#breadcrumb","itemListElement":[{"@type":"ListItem","position":1,"name":"Not\u00edcias","item":"https:\/\/www.suno.com.br\/noticias\/"},{"@type":"ListItem","position":2,"name":"Neg\u00f3cios","item":"https:\/\/www.suno.com.br\/noticias\/negocios\/"},{"@type":"ListItem","position":3,"name":"Ambev investir\u00e1 R$ 600 mi em usinas e\u00f3licas para a Budweiser no Brasil"}]},{"@type":"WebSite","@id":"https:\/\/www.suno.com.br\/noticias\/#website","url":"https:\/\/www.suno.com.br\/noticias\/","name":"Suno Not\u00edcias","description":"Seu portal de informa\u00e7\u00e3o sobre o mundo dos investimentos","publisher":{"@id":"https:\/\/www.suno.com.br\/noticias\/#organization"},"potentialAction":[{"@type":"SearchAction","target":{"@type":"EntryPoint","urlTemplate":"https:\/\/www.suno.com.br\/noticias\/?s={search_term_string}"},"query-input":{"@type":"PropertyValueSpecification","valueRequired":true,"valueName":"search_term_string"}}],"inLanguage":"pt-BR"},{"@type":"Organization","@id":"https:\/\/www.suno.com.br\/noticias\/#organization","name":"Suno Not\u00edcias","url":"https:\/\/www.suno.com.br\/noticias\/","logo":{"@type":"ImageObject","inLanguage":"pt-BR","@id":"https:\/\/www.suno.com.br\/noticias\/#\/schema\/logo\/image\/","url":"https:\/\/files.sunoresearch.com.br\/n\/uploads\/2021\/09\/suno-logo.png","contentUrl":"https:\/\/files.sunoresearch.com.br\/n\/uploads\/2021\/09\/suno-logo.png","width":180,"height":180,"caption":"Suno Not\u00edcias"},"image":{"@id":"https:\/\/www.suno.com.br\/noticias\/#\/schema\/logo\/image\/"},"sameAs":["https:\/\/facebook.com\/sunoresearch","https:\/\/x.com\/sunoresearch","https:\/\/www.instagram.com\/suno","https:\/\/www.linkedin.com\/company\/suno-research\/","https:\/\/www.youtube.com\/c\/sunoresearch"]},{"@type":"Person","@id":"https:\/\/www.suno.com.br\/noticias\/#\/schema\/person\/098743caeed97b37f51315c9576c4078","name":"Rafael Lara","image":{"@type":"ImageObject","inLanguage":"pt-BR","@id":"https:\/\/www.suno.com.br\/noticias\/#\/schema\/person\/image\/","url":"https:\/\/secure.gravatar.com\/avatar\/dfc254ab9bb2ea1895d98b9e9dae4bdd?s=96&r=g","contentUrl":"https:\/\/secure.gravatar.com\/avatar\/dfc254ab9bb2ea1895d98b9e9dae4bdd?s=96&r=g","caption":"Rafael Lara"},"description":"Rafael Lara cursa jornalismo na Faculdade C\u00e1sper L\u00edbero. Escreve sobre pol\u00edtica, economia e neg\u00f3cios para o portal Suno Not\u00edcias. Antes, colaborou na TV Gazeta na produ\u00e7\u00e3o do programa Edi\u00e7\u00e3o Extra.","url":"https:\/\/www.suno.com.br\/noticias\/author\/rafael\/"}]}},"default_loop_html":"<div class=\"cardsPage__listCard__boxs\"><div class=\"cardsPage__listCard__boxs__img\"><a href=\"https:\/\/www.suno.com.br\/noticias\/ambev-usinas-eolicas-budweiser-brasil\/\"><img class=\"mask\" src=\"https:\/\/www.suno.com.br\/noticias\/wp-content\/themes\/suno\/resources\/images\/spotlight\/spotlight1img\/bg-mask.png\" alt=\"Image Mask\"\/><img src=\"https:\/\/files.sunoresearch.com.br\/n\/uploads\/2019\/02\/71c9ec56-ambev-400x200.webp\" alt=\"Ambev investir\u00e1 R$ 600 mi em usinas e\u00f3licas para a Budweiser no Brasil\"\/><\/a><span class=\"spotlightCategory\"><a href=\"https:\/\/www.suno.com.br\/noticias\/negocios\/\">Neg\u00f3cios<\/a><\/span><\/div><div class=\"cardsPage__listCard__boxs__content\"><a href=\"https:\/\/www.suno.com.br\/noticias\/ambev-usinas-eolicas-budweiser-brasil\/\"><h2 class=\"content__title\">Ambev investir\u00e1 R$ 600 mi em usinas e\u00f3licas para a Budweiser no Brasil<\/h2><\/a><div class=\"newsContent__article__meta\"><div class=\"newsContent__article__meta__authorBox\"><a href=\"https:\/\/www.suno.com.br\/noticias\/author\/rafael\/\" class=\"authorBox__avatar noMobi\"><img src=\"https:\/\/secure.gravatar.com\/avatar\/dfc254ab9bb2ea1895d98b9e9dae4bdd?s=96&#038;r=g\" alt=\"Rafael Lara\"><\/a><div class=\"authorBox__name\"><span>por\n\t\t\t<a href=\"https:\/\/www.suno.com.br\/noticias\/author\/rafael\/\"><span itemprop=\"author\">Rafael Lara<\/span><\/a><\/span><time datetime=\"2019-11-08T17:24:46-03:00\" itemprop=\"datePublished\">08\/11\/2019 17:24<\/time><\/div><\/div><\/div><\/div><\/div>","single_layout":"posts","amp_enabled":true,"_links":{"self":[{"href":"https:\/\/www.suno.com.br\/noticias\/wp-json\/wp\/v2\/posts\/44242"}],"collection":[{"href":"https:\/\/www.suno.com.br\/noticias\/wp-json\/wp\/v2\/posts"}],"about":[{"href":"https:\/\/www.suno.com.br\/noticias\/wp-json\/wp\/v2\/types\/post"}],"author":[{"embeddable":true,"href":"https:\/\/www.suno.com.br\/noticias\/wp-json\/wp\/v2\/users\/23"}],"replies":[{"embeddable":true,"href":"https:\/\/www.suno.com.br\/noticias\/wp-json\/wp\/v2\/comments?post=44242"}],"version-history":[{"count":0,"href":"https:\/\/www.suno.com.br\/noticias\/wp-json\/wp\/v2\/posts\/44242\/revisions"}],"wp:featuredmedia":[{"embeddable":true,"href":"https:\/\/www.suno.com.br\/noticias\/wp-json\/wp\/v2\/media\/16681"}],"wp:attachment":[{"href":"https:\/\/www.suno.com.br\/noticias\/wp-json\/wp\/v2\/media?parent=44242"}],"wp:term":[{"taxonomy":"category","embeddable":true,"href":"https:\/\/www.suno.com.br\/noticias\/wp-json\/wp\/v2\/categories?post=44242"},{"taxonomy":"post_tag","embeddable":true,"href":"https:\/\/www.suno.com.br\/noticias\/wp-json\/wp\/v2\/tags?post=44242"},{"taxonomy":"suno_strategy","embeddable":true,"href":"https:\/\/www.suno.com.br\/noticias\/wp-json\/wp\/v2\/suno_strategy?post=44242"}],"curies":[{"name":"wp","href":"https:\/\/api.w.org\/{rel}","templated":true}]}}