{"id":442187,"date":"2023-08-14T10:46:21","date_gmt":"2023-08-14T13:46:21","guid":{"rendered":"https:\/\/www.suno.com.br\/noticias\/?p=442187"},"modified":"2023-08-14T10:46:29","modified_gmt":"2023-08-14T13:46:29","slug":"destaques-petrobras-petr4-eletrobras-elet3-copel-cple6-va","status":"publish","type":"post","link":"https:\/\/www.suno.com.br\/noticias\/destaques-petrobras-petr4-eletrobras-elet3-copel-cple6-va\/","title":{"rendered":"Petrobras (PETR4), Eletrobras (ELET3) e Copel (CPLE6) est\u00e3o no foco do mercado nesta segunda; veja destaques"},"content":{"rendered":"<p>A confirma\u00e7\u00e3o da <strong>Petrobras (PETR4)<\/strong> sobre realizar <a class=\"suno-keyword\" data-force=\"no\" data-priority=\"2\" href=\"https:\/\/www.suno.com.br\/artigos\/due-diligence\/\" target=\"_blank\" rel=\"noopener\">due diligence<\/a> na <a class=\"suno-keyword\" data-force=\"yes\" data-priority=\"2\" href=\"https:\/\/www.suno.com.br\/acoes\/BRKM5\/\" target=\"_blank\" rel=\"noopener\">Braskem (BRKM5)<\/a> para eventual direito de prefer\u00eancia \u00e9 um dos destaque do mercado desta segunda-feira (14).<\/p>\t<div class=\"wrapper-featured-image\">\n\t\t<figure class=\"spotlightImg\">\n\n\t\t\t<picture>\n\t\t\t\t<source media=\"(max-width: 768px)\" srcset=\"https:\/\/files.sunoresearch.com.br\/n\/uploads\/2023\/05\/cotacoes-sobe-400x200.jpg\">\n\t\t\t\t<img loading=\"lazy\" decoding=\"async\" class=\"newsContent__article__imgCapa lazyloadDisabled \" src=\"https:\/\/files.sunoresearch.com.br\/n\/uploads\/2023\/05\/cotacoes-sobe-800x450.jpg\" width=\"800\" height=\"450\" alt=\"Petrobras (PETR4), Eletrobras (ELET3) e Copel (CPLE6) est\u00e3o no foco do mercado nesta segunda; veja destaques\" fetchpriority=high \/>\n\t\t\t<\/picture>\n\n\t\t\t<figcaption class=\"wp-caption-text wp-caption-text--show\">SNAG11: Fiagro paga novos dividendos com retorno de 1,2%. Foto: iStock<\/figcaption>\n\t\t<\/figure>\n\t<\/div>\n\n\n\n\n\n\t<p>\n\t\t<a href=\"https:\/\/lp.suno.com.br\/planilha-da-vida-financeira\/\" target=\"_blank\" data-element=\"shortcode-suno-banner\" title=\"Banner SUNO, clique e saiba mais\">\n\t\t\t<picture>\n\t\t\t\t<source media=\"(max-width: 500px)\" srcset=\"https:\/\/files.sunoresearch.com.br\/n\/uploads\/2023\/04\/400x300-Planilha-vida-financeira-true.png\">\n\t\t\t\t<img class=\"newsContent__article__imgCapa newsContent__article__imgCapa--banner\"\n\t\t\t\t\tsrc=\"https:\/\/files.sunoresearch.com.br\/n\/uploads\/2023\/04\/1420x240-Planilha-vida-financeira-true.png\"\n\t\t\t\t\tdata-promo-id=\"106682\"\t\t\t\t\t\t\t\t\t\twidth='1420' height='240'\t\t\t\t\talt=\"https:\/\/files.sunoresearch.com.br\/n\/uploads\/2023\/04\/1420x240-Planilha-vida-financeira-true.png\"\n\t\t\t\t>\n\t\t\t<\/picture>\n\t\t<\/a>\n\t<\/p>\n\n\n\n\n\n<p>Tamb\u00e9m est\u00e1 entre os <strong>destaques do mercado financeiro<\/strong> a <a class=\"suno-keyword\" data-force=\"yes\" data-priority=\"2\" href=\"https:\/\/www.suno.com.br\/acoes\/ELET3\/\" target=\"_blank\" rel=\"noopener\">Eletrobras (ELET3)<\/a>, que anunciou os in\u00edcio dos trabalhos para a avalia\u00e7\u00e3o da possibilidade de incorpora\u00e7\u00e3o da Eletropar.<\/p>\n\n\n\n\n\n<p>A <a class=\"suno-keyword\" target=\"_blank\" data-force=\"yes\" data-priority=\"2\" href=\"https:\/\/www.suno.com.br\/acoes\/CPLE6\/\" rel=\"noopener\">Copel (CPLE6)<\/a> tamb\u00e9m \u00e9 destaque hoje, depois de concluir seu processo de desestatiza\u00e7\u00e3o.<\/p>\n\n\n\n<p>Veja os <strong>destaques do mercado financeiro<\/strong> desta segunda-feira:<\/p>\n\n\n\n<h2 class=\"wp-block-heading\">Petrobras<\/h2>\n\n\n\n<p>Em comunicado, a <a class=\"suno-keyword\" data-force=\"yes\" data-priority=\"2\" href=\"https:\/\/www.suno.com.br\/acoes\/PETR4\/\" target=\"_blank\" rel=\"noopener\">Petrobras (PETR4)<\/a> reafirmou que est\u00e1 realizando <a class=\"suno-keyword\" data-force=\"no\" data-priority=\"2\" href=\"https:\/\/www.suno.com.br\/artigos\/due-diligence\/\" target=\"_blank\" rel=\"noopener\">due diligence<\/a> na <a class=\"suno-keyword\" data-force=\"yes\" data-priority=\"2\" href=\"https:\/\/www.suno.com.br\/acoes\/BRKM5\/\" target=\"_blank\" rel=\"noopener\"><strong>Braskem (BRKM5)<\/strong><\/a> para eventual exerc\u00edcio de <a class=\"suno-keyword\" data-force=\"no\" data-priority=\"1\" href=\"https:\/\/www.suno.com.br\/artigos\/tag-along\/\" target=\"_blank\" rel=\"noopener\">tag along<\/a> ou direito de prefer\u00eancia, na hip\u00f3tese de aliena\u00e7\u00e3o das a\u00e7\u00f5es detidas pela Novonor S.A. (Novonor) na companhia.<\/p>\n\n\n\n<p>A estatal ainda destaca que n\u00e3o houve decis\u00e3o da Diretoria Executiva ou do <a class=\"suno-keyword\" target=\"_blank\" data-force=\"no\" data-priority=\"1\" href=\"https:\/\/www.suno.com.br\/artigos\/conselho-administracao\/\" rel=\"noopener\">Conselho de Administra\u00e7\u00e3o<\/a> em rela\u00e7\u00e3o ao desinvestimento ou ao aumento de participa\u00e7\u00e3o na Braskem.<\/p>\n\n\n\n<p>O comunicado \u00e9 uma resposta \u00e0s not\u00edcias veiculadas na m\u00eddia sobre sua participa\u00e7\u00e3o na Braskem.<\/p>\n\n\n\t<div data-element=\"shortcode-read-more\" class=\"knowMore\">\n\t\t\t\t<span class=\"knowMore__title\">Leia mais<\/span>\n\t\t\t\t<a class=\"knowMore__link\" href=\"https:\/\/www.suno.com.br\/noticias\/petrobras-petr4-braskem-brkm5-decisao-cpf\/\">\n\t\t\tPetrobras (PETR4) afirma n\u00e3o ter decis\u00e3o executiva sobre a Braskem (BRKM5)\t\t<\/a>\n\t<\/div>\n\n\n\n\n<h2 class=\"wp-block-heading\">Eletrobras<\/h2>\n\n\n\n<p>Em <a class=\"suno-keyword\" data-force=\"no\" data-priority=\"1\" href=\"https:\/\/www.suno.com.br\/artigos\/fato-relevante\/\" target=\"_blank\" rel=\"noopener\">fato relevante<\/a>, a <strong>Eletrobras (ELET3)<\/strong> anunciou que o <a class=\"suno-keyword\" target=\"_blank\" data-force=\"no\" data-priority=\"1\" href=\"https:\/\/www.suno.com.br\/artigos\/conselho-administracao\/\" rel=\"noopener\">conselho de administra\u00e7\u00e3o<\/a> da Eletropar aprovou in\u00edcio dos trabalhos para a avalia\u00e7\u00e3o da possibilidade da incorpora\u00e7\u00e3o com a companhia, incluindo a contrata\u00e7\u00e3o de empresas para a realiza\u00e7\u00e3o dos estudos de avalia\u00e7\u00e3o econ\u00f4mico-financeira.<\/p>\n\n\n\n<p>Segundo a ex-estatal, a incorpora\u00e7\u00e3o da Eletropar faz parte do escopo da iniciativa de simplifica\u00e7\u00e3o da estrutura societ\u00e1ria e de governan\u00e7a prevista no Planejamento Estrat\u00e9gico.<\/p>\n\n\n\n<h2 class=\"wp-block-heading\">Copel<\/h2>\n\n\n\n<p>A <a class=\"suno-keyword\" data-force=\"yes\" data-priority=\"2\" href=\"https:\/\/www.suno.com.br\/acoes\/CPLE6\/\" target=\"_blank\" rel=\"noopener\"><strong>Copel (CPLE6)<\/strong><\/a> concluiu o processo de transforma\u00e7\u00e3o da companhia em uma corpora\u00e7\u00e3o e sem <a class=\"suno-keyword\" data-force=\"no\" data-priority=\"1\" href=\"https:\/\/www.suno.com.br\/artigos\/acionista-controlador\/\" target=\"_blank\" rel=\"noopener\">acionista controlador<\/a>.<\/p>\n\n\n\n<p>Segundo informe da empresa, a conclus\u00e3o ocorreu diante da <a class=\"suno-keyword\" target=\"_blank\" data-force=\"no\" data-priority=\"1\" href=\"https:\/\/www.suno.com.br\/artigos\/liquidacao-financeira\/\" rel=\"noopener\">liquida\u00e7\u00e3o financeira<\/a> de <a class=\"suno-keyword\" target=\"_blank\" data-force=\"no\" data-priority=\"1\" href=\"https:\/\/www.suno.com.br\/artigos\/oferta-secundaria\/\" rel=\"noopener\">oferta secund\u00e1ria<\/a> de a\u00e7\u00f5es de titularidade do Estado do Paran\u00e1 e da oferta prim\u00e1ria de novas a\u00e7\u00f5es da Copel.<\/p>\n\n\n\n<p>Com isso, o Estado do Paran\u00e1 reduziu participa\u00e7\u00e3o nas a\u00e7\u00f5es com direito de voto de 69,66% para cerca de 32,32%.<\/p>\n\n\n\t<div data-element=\"shortcode-read-more\" class=\"knowMore\">\n\t\t\t\t<span class=\"knowMore__title\">Leia mais<\/span>\n\t\t\t\t<a class=\"knowMore__link\" href=\"https:\/\/www.suno.com.br\/noticias\/copel-cple6-concluir-transformacao-corporacap-fb\/\">\n\t\t\tCopel (CPLE6) conclui processo para se tornar corpora\u00e7\u00e3o; evento desta segunda (14) comemora desestatiza\u00e7\u00e3o da empresa\t\t<\/a>\n\t<\/div>\n\n\n\n\n<h2 class=\"wp-block-heading\">Embraer<\/h2>\n\n\n\n<p>A <a class=\"suno-keyword\" data-force=\"yes\" data-priority=\"2\" href=\"https:\/\/www.suno.com.br\/acoes\/EMBR3\/\" target=\"_blank\" rel=\"noopener\"><strong>Embraer (EMBR3)<\/strong><\/a> reportou <a class=\"suno-keyword\" data-force=\"no\" data-priority=\"1\" href=\"https:\/\/www.suno.com.br\/artigos\/lucro-liquido\/\" target=\"_blank\" rel=\"noopener\">lucro l\u00edquido<\/a> ajustado de R$ 279,3 milh\u00f5es no segundo trimestre de 2023 (2T23), aumento de 20% frente ao lucro de R$ 232,8 milh\u00f5es registrado no mesmo per\u00edodo do ano passado.<\/p>\n\n\n\n<p>J\u00e1 o <a class=\"suno-keyword\" data-force=\"no\" data-priority=\"1\" href=\"https:\/\/www.suno.com.br\/artigos\/ebitda-ajustado\/\" target=\"_blank\" rel=\"noopener\">Ebitda ajustado<\/a> da Embraer foi de R$ 724,1 milh\u00f5es no trimestre, alta de 12,3% na base anual.<\/p>\n\n\n\t<div data-element=\"shortcode-read-more\" class=\"knowMore\">\n\t\t\t\t<span class=\"knowMore__title\">Leia mais<\/span>\n\t\t\t\t<a class=\"knowMore__link\" href=\"https:\/\/www.suno.com.br\/noticias\/embraer-embr3-lucro-liquido-ajustado-aumenta-gpj\/\">\n\t\t\tEmbraer (EMBR3): lucro l\u00edquido ajustado aumenta 20% no 2T23, para R$ 279 milh\u00f5es\t\t<\/a>\n\t<\/div>\n\n\n\n\t<p>\n\t\t<a href=\"https:\/\/lp.suno.com.br\/ebook-como-analisar-uma-acao\/\" target=\"_blank\" data-element=\"shortcode-suno-banner\" title=\"Banner SUNO, clique e saiba mais\">\n\t\t\t<picture>\n\t\t\t\t<source media=\"(max-width: 500px)\" srcset=\"https:\/\/files.sunoresearch.com.br\/n\/uploads\/2023\/03\/Ebook-Acoes-Mobile.jpg\">\n\t\t\t\t<img class=\"newsContent__article__imgCapa newsContent__article__imgCapa--banner\"\n\t\t\t\t\tsrc=\"https:\/\/files.sunoresearch.com.br\/n\/uploads\/2023\/03\/Ebook-Acoes-Desktop.jpg\"\n\t\t\t\t\tdata-promo-id=\"378302\"\t\t\t\t\t\t\t\t\t\twidth='1420' height='286'\t\t\t\t\talt=\"https:\/\/files.sunoresearch.com.br\/n\/uploads\/2023\/03\/Ebook-Acoes-Desktop.jpg\"\n\t\t\t\t>\n\t\t\t<\/picture>\n\t\t<\/a>\n\t<\/p>\n\n\n\n\n\n<h2 class=\"wp-block-heading\">Sabesp<\/h2>\n\n\n\n<p>A <a class=\"suno-keyword\" data-force=\"yes\" data-priority=\"2\" href=\"https:\/\/www.suno.com.br\/acoes\/SBSP3\/\" target=\"_blank\" rel=\"noopener\"><strong>Sabesp (SBSP3)<\/strong><\/a> informou ao mercado que o seu <a class=\"suno-keyword\" target=\"_blank\" data-force=\"no\" data-priority=\"1\" href=\"https:\/\/www.suno.com.br\/artigos\/conselho-administracao\/\" rel=\"noopener\">conselho de administra\u00e7\u00e3o<\/a> em reuni\u00e3o<br>realizada em 10 de agosto de 2023, elegeu o Caio Marcelo de Medeiros Melo para exercer o cargo de Diretor de Clientes at\u00e9 o t\u00e9rmino do mandato em junho\/2025.<\/p>\n\n\n\n<h2 class=\"wp-block-heading\">Yduqs<\/h2>\n\n\n\n<p>A <a class=\"suno-keyword\" data-force=\"yes\" data-priority=\"2\" href=\"https:\/\/www.suno.com.br\/acoes\/yduq3\/\" target=\"_blank\" rel=\"noopener\">Yduqs (YDUQ3)<\/a> vai pagar R$ 80 milh\u00f5es em <a class=\"suno-keyword\" data-force=\"no\" data-priority=\"1\" href=\"https:\/\/www.suno.com.br\/guias\/dividendos\/\" target=\"_blank\" rel=\"noopener\"><strong>dividendos<\/strong><\/a> aos seus acionistas, segundo <a class=\"suno-keyword\" target=\"_blank\" data-force=\"no\" data-priority=\"1\" href=\"https:\/\/www.suno.com.br\/artigos\/fato-relevante\/\" rel=\"noopener\">fato relevante<\/a> divulgado nesta sexta. O valor dos proventos por a\u00e7\u00e3o ser\u00e1 de R$ 0,275425, que ser\u00e3o pagos, segundo a empresa, at\u00e9 o final do <a class=\"suno-keyword\" data-force=\"no\" data-priority=\"1\" href=\"https:\/\/www.suno.com.br\/artigos\/exercicio-social\/\" target=\"_blank\" rel=\"noopener\">exerc\u00edcio social<\/a> de 2023.<\/p>\n\n\n\t<div data-element=\"shortcode-read-more\" class=\"knowMore\">\n\t\t\t\t<span class=\"knowMore__title\">Leia mais<\/span>\n\t\t\t\t<a class=\"knowMore__link\" href=\"https:\/\/www.suno.com.br\/noticias\/yduqs-yduq3-anuncia-dividendos-2t23\/\">\n\t\t\tYduqs (YDUQ3) vai pagar R$ 80 milh\u00f5es em dividendos; veja valor por a\u00e7\u00e3o\t\t<\/a>\n\t<\/div>\n\n\n\n\n<h2 class=\"wp-block-heading\">\u00c2nima<\/h2>\n\n\n\n<p><strong>\u00c2nima Educa\u00e7\u00e3o (ANIM3)<\/strong> apresentou, no segundo trimestre de 2023, preju\u00edzo l\u00edquido de R$ 50,2 milh\u00f5es, superando as perdas de R$ 24,0 milh\u00f5es reportadas no mesmo per\u00edodo de 2022. Assim, a companhia aumentou o resultado negativo em 109,5%.<\/p>\n\n\n\n<p>O <a class=\"suno-keyword\" data-force=\"no\" data-priority=\"1\" href=\"https:\/\/www.suno.com.br\/artigos\/ebitda-ajustado\/\" target=\"_blank\" rel=\"noopener\">Ebitda ajustado<\/a> da \u00c2nima veio em R$ 278,7 milh\u00f5es, 2,2% superior ao segundo trimestre de 2022.<\/p>\n\n\n\t<div data-element=\"shortcode-read-more\" class=\"knowMore\">\n\t\t\t\t<span class=\"knowMore__title\">Leia mais<\/span>\n\t\t\t\t<a class=\"knowMore__link\" href=\"https:\/\/www.suno.com.br\/noticias\/anima-anim3-aumenta-prejuizo-segundo-trimestre-gpj\/\">\n\t\t\t\u00c2nima (ANIM3) aumenta preju\u00edzo no segundo trimestre, para R$ 50,2 milh\u00f5es\t\t<\/a>\n\t<\/div>\n\n\n\n\n<h2 class=\"wp-block-heading\">Banco Inter<\/h2>\n\n\n\n<p>O Inter &amp; CO, controladora do <strong>Banco Inter (INBR32)<\/strong>, reportou um <a class=\"suno-keyword\" data-force=\"no\" data-priority=\"1\" href=\"https:\/\/www.suno.com.br\/artigos\/lucro-liquido\/\" target=\"_blank\" rel=\"noopener\">lucro l\u00edquido<\/a> de R$ 64 milh\u00f5es no segundo trimestre de 2023, alta de 313% na compara\u00e7\u00e3o anual e 165% na trimestral.<\/p>\n\n\n\t<div data-element=\"shortcode-read-more\" class=\"knowMore\">\n\t\t\t\t<span class=\"knowMore__title\">Leia mais<\/span>\n\t\t\t\t<a class=\"knowMore__link\" href=\"https:\/\/www.suno.com.br\/noticias\/banco-inter-inbr32-lucro-segundo-trimestre-gpj\/\">\n\t\t\tInter &amp; Co, controladora do Banco Inter (INBR32), tem lucro recorde de R$ 64 milh\u00f5es no segundo trimestre de 2023\t\t<\/a>\n\t<\/div>\n\n\n\n\n<h2 class=\"wp-block-heading\">Paranapanema<\/h2>\n\n\n\n<p>Em recupera\u00e7\u00e3o judicial, a <a class=\"suno-keyword\" data-force=\"yes\" data-priority=\"2\" href=\"https:\/\/www.suno.com.br\/acoes\/PMAM3\/\" target=\"_blank\" rel=\"noopener\"><strong>Paranapanema (PMAM3)<\/strong><\/a> teve um preju\u00edzo l\u00edquido de R$ 613,3 milh\u00f5es no segundo trimestre, expandindo em 9,1% o preju\u00edzo de R$ 562,3 milh\u00f5es em rela\u00e7\u00e3o ao mesmo per\u00edodo do ano anterior.<\/p>\n\n\n\n<p>O Ebitda ficou negativo em R$ 363,4 milh\u00f5es, avan\u00e7o de 93% em rela\u00e7\u00e3o ao resultado negativo de 2022.<\/p>\n\n\n\n<h2 class=\"wp-block-heading\">M. Dias Branco<\/h2>\n\n\n\n<p>A<strong> M. Dias Branco (MDIA3)<\/strong> registrou um <a class=\"suno-keyword\" data-force=\"no\" data-priority=\"1\" href=\"https:\/\/www.suno.com.br\/artigos\/lucro-liquido\/\" target=\"_blank\" rel=\"noopener\">lucro l\u00edquido<\/a> de R$ 217,9 milh\u00f5es no segundo trimestre de 2023, uma queda de 6,70% em compara\u00e7\u00e3o ao mesmo per\u00edodo do ano anterior.<\/p>\n\n\n\n<p>O Ebitda da empresa foi de R$ 376,8 milh\u00f5es, avan\u00e7o de 5,5% na base anual.<\/p>\n\n\n\n<p>Os destaques do mercado financeiro do Suno Not\u00edcias mostram os principais acontecimentos que prometem movimentar o mercado durante o dia, como a<strong> Petrobras <\/strong>(PETR4), que deve estar no foco dos investidores ao longo do dia.<\/p>\n\n\n\t<p>\n\t\t<a href=\"https:\/\/lp.suno.com.br\/planilha-da-vida-financeira\/\" target=\"_blank\" data-element=\"shortcode-suno-banner\" title=\"Banner SUNO, clique e saiba mais\">\n\t\t\t<picture>\n\t\t\t\t<source media=\"(max-width: 500px)\" srcset=\"https:\/\/files.sunoresearch.com.br\/n\/uploads\/2023\/04\/400x300-Planilha-vida-financeira-true.png\">\n\t\t\t\t<img class=\"newsContent__article__imgCapa newsContent__article__imgCapa--banner\"\n\t\t\t\t\tsrc=\"https:\/\/files.sunoresearch.com.br\/n\/uploads\/2023\/04\/1420x240-Planilha-vida-financeira-true.png\"\n\t\t\t\t\tdata-promo-id=\"383123\"\t\t\t\t\t\t\t\t\t\twidth='1420' height='240'\t\t\t\t\talt=\"https:\/\/files.sunoresearch.com.br\/n\/uploads\/2023\/04\/1420x240-Planilha-vida-financeira-true.png\"\n\t\t\t\t>\n\t\t\t<\/picture>\n\t\t<\/a>\n\t<\/p>\n\n\n","protected":false},"excerpt":{"rendered":"<p>A confirma\u00e7\u00e3o da Petrobras (PETR4) sobre realizar due diligence na Braskem (BRKM5) para eventual direito de prefer\u00eancia \u00e9 um dos destaque do mercado desta segunda-feira (14). SNAG11: Fiagro paga novos dividendos com retorno de 1,2%. Foto: iStock Tamb\u00e9m est\u00e1 entre os destaques do mercado financeiro a Eletrobras (ELET3), que anunciou os in\u00edcio dos trabalhos para [&hellip;]<\/p>\n","protected":false},"author":301,"featured_media":408630,"comment_status":"closed","ping_status":"closed","sticky":false,"template":"","format":"standard","meta":[],"categories":[60],"tags":[106764,431,455,460,546,104860,595,106765,2363],"suno_strategy":[],"class_list":["post-442187","post","type-post","status-publish","format-standard","has-post-thumbnail","hentry","category-mercado","tag-banco-inter-bidi11","tag-copel-cple3-cple5-cple6","tag-eletrobras-elet3-elet5-elet6","tag-embraer-embr3","tag-m-dias-branco-mdia3","tag-paranapanema-pmam3","tag-petrobras-petr4","tag-sabesp-sbsp3","tag-yduqs-yduq3"],"yoast_head":"<!-- This site is optimized with the Yoast SEO plugin v24.4 - https:\/\/yoast.com\/wordpress\/plugins\/seo\/ -->\n<title>Petrobras (PETR4), Eletrobras (ELET3) e Copel (CPLE6); veja destaques<\/title>\n<meta name=\"description\" content=\"A confirma\u00e7\u00e3o da Petrobras sobre realizar due diligence na Braskem para eventual direito de prefer\u00eancia \u00e9 um dos destaque do mercado.\" \/>\n<meta name=\"robots\" content=\"index, follow, max-snippet:-1, max-image-preview:large, max-video-preview:-1\" \/>\n<link rel=\"canonical\" href=\"https:\/\/www.suno.com.br\/noticias\/destaques-petrobras-petr4-eletrobras-elet3-copel-cple6-va\/\" \/>\n<meta property=\"og:locale\" content=\"pt_BR\" \/>\n<meta property=\"og:type\" content=\"article\" \/>\n<meta property=\"og:title\" content=\"Petrobras (PETR4), Eletrobras (ELET3) e Copel (CPLE6); veja destaques\" \/>\n<meta property=\"og:description\" content=\"A confirma\u00e7\u00e3o da Petrobras sobre realizar due diligence na Braskem para eventual direito de prefer\u00eancia \u00e9 um dos destaque do mercado.\" \/>\n<meta property=\"og:url\" content=\"https:\/\/www.suno.com.br\/noticias\/destaques-petrobras-petr4-eletrobras-elet3-copel-cple6-va\/\" \/>\n<meta property=\"og:site_name\" content=\"Suno Not\u00edcias\" \/>\n<meta property=\"article:publisher\" content=\"https:\/\/facebook.com\/sunoresearch\" \/>\n<meta property=\"og:image\" content=\"https:\/\/files.sunoresearch.com.br\/n\/uploads\/2023\/05\/cotacoes-sobe.jpg\" \/>\n\t<meta property=\"og:image:width\" content=\"1200\" \/>\n\t<meta property=\"og:image:height\" content=\"800\" \/>\n\t<meta property=\"og:image:type\" content=\"image\/jpeg\" \/>\n<meta name=\"author\" content=\"Vin\u00edcius Alves\" \/>\n<meta name=\"twitter:card\" content=\"summary_large_image\" \/>\n<meta name=\"twitter:creator\" content=\"@sunoresearch\" \/>\n<meta name=\"twitter:site\" content=\"@sunoresearch\" \/>\n<meta name=\"twitter:label1\" content=\"Escrito por\" \/>\n\t<meta name=\"twitter:data1\" content=\"Vin\u00edcius Alves\" \/>\n\t<meta name=\"twitter:label2\" content=\"Est. tempo de leitura\" \/>\n\t<meta name=\"twitter:data2\" content=\"4 minutos\" \/>\n<script type=\"application\/ld+json\" class=\"yoast-schema-graph\">{\"@context\":\"https:\/\/schema.org\",\"@graph\":[{\"@type\":\"NewsArticle\",\"@id\":\"https:\/\/www.suno.com.br\/noticias\/destaques-petrobras-petr4-eletrobras-elet3-copel-cple6-va\/#article\",\"isPartOf\":{\"@id\":\"https:\/\/www.suno.com.br\/noticias\/destaques-petrobras-petr4-eletrobras-elet3-copel-cple6-va\/\"},\"author\":{\"name\":\"Vin\u00edcius Alves\",\"@id\":\"https:\/\/www.suno.com.br\/noticias\/#\/schema\/person\/4a180549702d0e236b3e420862bcded3\"},\"headline\":\"Petrobras (PETR4), Eletrobras (ELET3) e Copel (CPLE6) est\u00e3o no foco do mercado nesta segunda; veja destaques\",\"datePublished\":\"2023-08-14T13:46:21+00:00\",\"dateModified\":\"2023-08-14T13:46:29+00:00\",\"mainEntityOfPage\":{\"@id\":\"https:\/\/www.suno.com.br\/noticias\/destaques-petrobras-petr4-eletrobras-elet3-copel-cple6-va\/\"},\"wordCount\":727,\"publisher\":{\"@id\":\"https:\/\/www.suno.com.br\/noticias\/#organization\"},\"image\":{\"@id\":\"https:\/\/www.suno.com.br\/noticias\/destaques-petrobras-petr4-eletrobras-elet3-copel-cple6-va\/#primaryimage\"},\"thumbnailUrl\":\"https:\/\/files.sunoresearch.com.br\/n\/uploads\/2023\/05\/cotacoes-sobe.jpg\",\"keywords\":[\"Banco Inter (BIDI11)\",\"Copel (CPLE3\/CPLE5\/CPLE6)\",\"Eletrobras (ELET3\/ELET5\/ELET6)\",\"Embraer (EMBR3)\",\"M.Dias Branco (MDIA3)\",\"Paranapanema (PMAM3)\",\"Petrobras (PETR4)\",\"Sabesp (SBSP3)\",\"Yduqs (YDUQ3)\"],\"articleSection\":[\"Mercado\"],\"inLanguage\":\"pt-BR\"},{\"@type\":\"WebPage\",\"@id\":\"https:\/\/www.suno.com.br\/noticias\/destaques-petrobras-petr4-eletrobras-elet3-copel-cple6-va\/\",\"url\":\"https:\/\/www.suno.com.br\/noticias\/destaques-petrobras-petr4-eletrobras-elet3-copel-cple6-va\/\",\"name\":\"Petrobras (PETR4), Eletrobras (ELET3) e Copel (CPLE6); veja destaques\",\"isPartOf\":{\"@id\":\"https:\/\/www.suno.com.br\/noticias\/#website\"},\"primaryImageOfPage\":{\"@id\":\"https:\/\/www.suno.com.br\/noticias\/destaques-petrobras-petr4-eletrobras-elet3-copel-cple6-va\/#primaryimage\"},\"image\":{\"@id\":\"https:\/\/www.suno.com.br\/noticias\/destaques-petrobras-petr4-eletrobras-elet3-copel-cple6-va\/#primaryimage\"},\"thumbnailUrl\":\"https:\/\/files.sunoresearch.com.br\/n\/uploads\/2023\/05\/cotacoes-sobe.jpg\",\"datePublished\":\"2023-08-14T13:46:21+00:00\",\"dateModified\":\"2023-08-14T13:46:29+00:00\",\"description\":\"A confirma\u00e7\u00e3o da Petrobras sobre realizar due diligence na Braskem para eventual direito de prefer\u00eancia \u00e9 um dos destaque do mercado.\",\"breadcrumb\":{\"@id\":\"https:\/\/www.suno.com.br\/noticias\/destaques-petrobras-petr4-eletrobras-elet3-copel-cple6-va\/#breadcrumb\"},\"inLanguage\":\"pt-BR\",\"potentialAction\":[{\"@type\":\"ReadAction\",\"target\":[\"https:\/\/www.suno.com.br\/noticias\/destaques-petrobras-petr4-eletrobras-elet3-copel-cple6-va\/\"]}]},{\"@type\":\"ImageObject\",\"inLanguage\":\"pt-BR\",\"@id\":\"https:\/\/www.suno.com.br\/noticias\/destaques-petrobras-petr4-eletrobras-elet3-copel-cple6-va\/#primaryimage\",\"url\":\"https:\/\/files.sunoresearch.com.br\/n\/uploads\/2023\/05\/cotacoes-sobe.jpg\",\"contentUrl\":\"https:\/\/files.sunoresearch.com.br\/n\/uploads\/2023\/05\/cotacoes-sobe.jpg\",\"width\":1200,\"height\":800,\"caption\":\"SNAG11: Fiagro paga novos dividendos com retorno de 1,2%. Foto: iStock\"},{\"@type\":\"BreadcrumbList\",\"@id\":\"https:\/\/www.suno.com.br\/noticias\/destaques-petrobras-petr4-eletrobras-elet3-copel-cple6-va\/#breadcrumb\",\"itemListElement\":[{\"@type\":\"ListItem\",\"position\":1,\"name\":\"Not\u00edcias\",\"item\":\"https:\/\/www.suno.com.br\/noticias\/\"},{\"@type\":\"ListItem\",\"position\":2,\"name\":\"Mercado\",\"item\":\"https:\/\/www.suno.com.br\/noticias\/mercado\/\"},{\"@type\":\"ListItem\",\"position\":3,\"name\":\"Petrobras (PETR4), Eletrobras (ELET3) e Copel (CPLE6) est\u00e3o no foco do mercado nesta segunda; veja destaques\"}]},{\"@type\":\"WebSite\",\"@id\":\"https:\/\/www.suno.com.br\/noticias\/#website\",\"url\":\"https:\/\/www.suno.com.br\/noticias\/\",\"name\":\"Suno Not\u00edcias\",\"description\":\"Seu portal de informa\u00e7\u00e3o sobre o mundo dos investimentos\",\"publisher\":{\"@id\":\"https:\/\/www.suno.com.br\/noticias\/#organization\"},\"potentialAction\":[{\"@type\":\"SearchAction\",\"target\":{\"@type\":\"EntryPoint\",\"urlTemplate\":\"https:\/\/www.suno.com.br\/noticias\/?s={search_term_string}\"},\"query-input\":{\"@type\":\"PropertyValueSpecification\",\"valueRequired\":true,\"valueName\":\"search_term_string\"}}],\"inLanguage\":\"pt-BR\"},{\"@type\":\"Organization\",\"@id\":\"https:\/\/www.suno.com.br\/noticias\/#organization\",\"name\":\"Suno Not\u00edcias\",\"url\":\"https:\/\/www.suno.com.br\/noticias\/\",\"logo\":{\"@type\":\"ImageObject\",\"inLanguage\":\"pt-BR\",\"@id\":\"https:\/\/www.suno.com.br\/noticias\/#\/schema\/logo\/image\/\",\"url\":\"https:\/\/files.sunoresearch.com.br\/n\/uploads\/2021\/09\/suno-logo.png\",\"contentUrl\":\"https:\/\/files.sunoresearch.com.br\/n\/uploads\/2021\/09\/suno-logo.png\",\"width\":180,\"height\":180,\"caption\":\"Suno Not\u00edcias\"},\"image\":{\"@id\":\"https:\/\/www.suno.com.br\/noticias\/#\/schema\/logo\/image\/\"},\"sameAs\":[\"https:\/\/facebook.com\/sunoresearch\",\"https:\/\/x.com\/sunoresearch\",\"https:\/\/www.instagram.com\/suno\",\"https:\/\/www.linkedin.com\/company\/suno-research\/\",\"https:\/\/www.youtube.com\/c\/sunoresearch\"]},{\"@type\":\"Person\",\"@id\":\"https:\/\/www.suno.com.br\/noticias\/#\/schema\/person\/4a180549702d0e236b3e420862bcded3\",\"name\":\"Vin\u00edcius Alves\",\"image\":{\"@type\":\"ImageObject\",\"inLanguage\":\"pt-BR\",\"@id\":\"https:\/\/www.suno.com.br\/noticias\/#\/schema\/person\/image\/\",\"url\":\"https:\/\/secure.gravatar.com\/avatar\/a95b7fe6d1b813f7907d4f476d5a39e1?s=96&r=g\",\"contentUrl\":\"https:\/\/secure.gravatar.com\/avatar\/a95b7fe6d1b813f7907d4f476d5a39e1?s=96&r=g\",\"caption\":\"Vin\u00edcius Alves\"},\"description\":\"Jornalista formado na Faculdade C\u00e1sper L\u00edbero. Com passagens pela Ag\u00eancia Estado, InfoMoney e Editora Globo.\",\"url\":\"https:\/\/www.suno.com.br\/noticias\/author\/vini08correiagmail-com\/\"}]}<\/script>\n<!-- \/ Yoast SEO plugin. -->","yoast_head_json":{"title":"Petrobras (PETR4), Eletrobras (ELET3) e Copel (CPLE6); veja destaques","description":"A confirma\u00e7\u00e3o da Petrobras sobre realizar due diligence na Braskem para eventual direito de prefer\u00eancia \u00e9 um dos destaque do mercado.","robots":{"index":"index","follow":"follow","max-snippet":"max-snippet:-1","max-image-preview":"max-image-preview:large","max-video-preview":"max-video-preview:-1"},"canonical":"https:\/\/www.suno.com.br\/noticias\/destaques-petrobras-petr4-eletrobras-elet3-copel-cple6-va\/","og_locale":"pt_BR","og_type":"article","og_title":"Petrobras (PETR4), Eletrobras (ELET3) e Copel (CPLE6); veja destaques","og_description":"A confirma\u00e7\u00e3o da Petrobras sobre realizar due diligence na Braskem para eventual direito de prefer\u00eancia \u00e9 um dos destaque do mercado.","og_url":"https:\/\/www.suno.com.br\/noticias\/destaques-petrobras-petr4-eletrobras-elet3-copel-cple6-va\/","og_site_name":"Suno Not\u00edcias","article_publisher":"https:\/\/facebook.com\/sunoresearch","og_image":[{"width":1200,"height":800,"url":"https:\/\/files.sunoresearch.com.br\/n\/uploads\/2023\/05\/cotacoes-sobe.jpg","type":"image\/jpeg"}],"author":"Vin\u00edcius Alves","twitter_card":"summary_large_image","twitter_creator":"@sunoresearch","twitter_site":"@sunoresearch","twitter_misc":{"Escrito por":"Vin\u00edcius Alves","Est. tempo de leitura":"4 minutos"},"schema":{"@context":"https:\/\/schema.org","@graph":[{"@type":"NewsArticle","@id":"https:\/\/www.suno.com.br\/noticias\/destaques-petrobras-petr4-eletrobras-elet3-copel-cple6-va\/#article","isPartOf":{"@id":"https:\/\/www.suno.com.br\/noticias\/destaques-petrobras-petr4-eletrobras-elet3-copel-cple6-va\/"},"author":{"name":"Vin\u00edcius Alves","@id":"https:\/\/www.suno.com.br\/noticias\/#\/schema\/person\/4a180549702d0e236b3e420862bcded3"},"headline":"Petrobras (PETR4), Eletrobras (ELET3) e Copel (CPLE6) est\u00e3o no foco do mercado nesta segunda; veja destaques","datePublished":"2023-08-14T13:46:21+00:00","dateModified":"2023-08-14T13:46:29+00:00","mainEntityOfPage":{"@id":"https:\/\/www.suno.com.br\/noticias\/destaques-petrobras-petr4-eletrobras-elet3-copel-cple6-va\/"},"wordCount":727,"publisher":{"@id":"https:\/\/www.suno.com.br\/noticias\/#organization"},"image":{"@id":"https:\/\/www.suno.com.br\/noticias\/destaques-petrobras-petr4-eletrobras-elet3-copel-cple6-va\/#primaryimage"},"thumbnailUrl":"https:\/\/files.sunoresearch.com.br\/n\/uploads\/2023\/05\/cotacoes-sobe.jpg","keywords":["Banco Inter (BIDI11)","Copel (CPLE3\/CPLE5\/CPLE6)","Eletrobras (ELET3\/ELET5\/ELET6)","Embraer (EMBR3)","M.Dias Branco (MDIA3)","Paranapanema (PMAM3)","Petrobras (PETR4)","Sabesp (SBSP3)","Yduqs (YDUQ3)"],"articleSection":["Mercado"],"inLanguage":"pt-BR"},{"@type":"WebPage","@id":"https:\/\/www.suno.com.br\/noticias\/destaques-petrobras-petr4-eletrobras-elet3-copel-cple6-va\/","url":"https:\/\/www.suno.com.br\/noticias\/destaques-petrobras-petr4-eletrobras-elet3-copel-cple6-va\/","name":"Petrobras (PETR4), Eletrobras (ELET3) e Copel (CPLE6); veja destaques","isPartOf":{"@id":"https:\/\/www.suno.com.br\/noticias\/#website"},"primaryImageOfPage":{"@id":"https:\/\/www.suno.com.br\/noticias\/destaques-petrobras-petr4-eletrobras-elet3-copel-cple6-va\/#primaryimage"},"image":{"@id":"https:\/\/www.suno.com.br\/noticias\/destaques-petrobras-petr4-eletrobras-elet3-copel-cple6-va\/#primaryimage"},"thumbnailUrl":"https:\/\/files.sunoresearch.com.br\/n\/uploads\/2023\/05\/cotacoes-sobe.jpg","datePublished":"2023-08-14T13:46:21+00:00","dateModified":"2023-08-14T13:46:29+00:00","description":"A confirma\u00e7\u00e3o da Petrobras sobre realizar due diligence na Braskem para eventual direito de prefer\u00eancia \u00e9 um dos destaque do mercado.","breadcrumb":{"@id":"https:\/\/www.suno.com.br\/noticias\/destaques-petrobras-petr4-eletrobras-elet3-copel-cple6-va\/#breadcrumb"},"inLanguage":"pt-BR","potentialAction":[{"@type":"ReadAction","target":["https:\/\/www.suno.com.br\/noticias\/destaques-petrobras-petr4-eletrobras-elet3-copel-cple6-va\/"]}]},{"@type":"ImageObject","inLanguage":"pt-BR","@id":"https:\/\/www.suno.com.br\/noticias\/destaques-petrobras-petr4-eletrobras-elet3-copel-cple6-va\/#primaryimage","url":"https:\/\/files.sunoresearch.com.br\/n\/uploads\/2023\/05\/cotacoes-sobe.jpg","contentUrl":"https:\/\/files.sunoresearch.com.br\/n\/uploads\/2023\/05\/cotacoes-sobe.jpg","width":1200,"height":800,"caption":"SNAG11: Fiagro paga novos dividendos com retorno de 1,2%. Foto: iStock"},{"@type":"BreadcrumbList","@id":"https:\/\/www.suno.com.br\/noticias\/destaques-petrobras-petr4-eletrobras-elet3-copel-cple6-va\/#breadcrumb","itemListElement":[{"@type":"ListItem","position":1,"name":"Not\u00edcias","item":"https:\/\/www.suno.com.br\/noticias\/"},{"@type":"ListItem","position":2,"name":"Mercado","item":"https:\/\/www.suno.com.br\/noticias\/mercado\/"},{"@type":"ListItem","position":3,"name":"Petrobras (PETR4), Eletrobras (ELET3) e Copel (CPLE6) est\u00e3o no foco do mercado nesta segunda; veja destaques"}]},{"@type":"WebSite","@id":"https:\/\/www.suno.com.br\/noticias\/#website","url":"https:\/\/www.suno.com.br\/noticias\/","name":"Suno Not\u00edcias","description":"Seu portal de informa\u00e7\u00e3o sobre o mundo dos investimentos","publisher":{"@id":"https:\/\/www.suno.com.br\/noticias\/#organization"},"potentialAction":[{"@type":"SearchAction","target":{"@type":"EntryPoint","urlTemplate":"https:\/\/www.suno.com.br\/noticias\/?s={search_term_string}"},"query-input":{"@type":"PropertyValueSpecification","valueRequired":true,"valueName":"search_term_string"}}],"inLanguage":"pt-BR"},{"@type":"Organization","@id":"https:\/\/www.suno.com.br\/noticias\/#organization","name":"Suno Not\u00edcias","url":"https:\/\/www.suno.com.br\/noticias\/","logo":{"@type":"ImageObject","inLanguage":"pt-BR","@id":"https:\/\/www.suno.com.br\/noticias\/#\/schema\/logo\/image\/","url":"https:\/\/files.sunoresearch.com.br\/n\/uploads\/2021\/09\/suno-logo.png","contentUrl":"https:\/\/files.sunoresearch.com.br\/n\/uploads\/2021\/09\/suno-logo.png","width":180,"height":180,"caption":"Suno Not\u00edcias"},"image":{"@id":"https:\/\/www.suno.com.br\/noticias\/#\/schema\/logo\/image\/"},"sameAs":["https:\/\/facebook.com\/sunoresearch","https:\/\/x.com\/sunoresearch","https:\/\/www.instagram.com\/suno","https:\/\/www.linkedin.com\/company\/suno-research\/","https:\/\/www.youtube.com\/c\/sunoresearch"]},{"@type":"Person","@id":"https:\/\/www.suno.com.br\/noticias\/#\/schema\/person\/4a180549702d0e236b3e420862bcded3","name":"Vin\u00edcius Alves","image":{"@type":"ImageObject","inLanguage":"pt-BR","@id":"https:\/\/www.suno.com.br\/noticias\/#\/schema\/person\/image\/","url":"https:\/\/secure.gravatar.com\/avatar\/a95b7fe6d1b813f7907d4f476d5a39e1?s=96&r=g","contentUrl":"https:\/\/secure.gravatar.com\/avatar\/a95b7fe6d1b813f7907d4f476d5a39e1?s=96&r=g","caption":"Vin\u00edcius Alves"},"description":"Jornalista formado na Faculdade C\u00e1sper L\u00edbero. Com passagens pela Ag\u00eancia Estado, InfoMoney e Editora Globo.","url":"https:\/\/www.suno.com.br\/noticias\/author\/vini08correiagmail-com\/"}]}},"default_loop_html":"<div class=\"cardsPage__listCard__boxs\"><div class=\"cardsPage__listCard__boxs__img\"><a href=\"https:\/\/www.suno.com.br\/noticias\/destaques-petrobras-petr4-eletrobras-elet3-copel-cple6-va\/\"><img class=\"mask\" src=\"https:\/\/www.suno.com.br\/noticias\/wp-content\/themes\/suno\/resources\/images\/spotlight\/spotlight1img\/bg-mask.png\" alt=\"Image Mask\"\/><img src=\"https:\/\/files.sunoresearch.com.br\/n\/uploads\/2023\/05\/cotacoes-sobe-400x200.jpg\" alt=\"Petrobras (PETR4), Eletrobras (ELET3) e Copel (CPLE6) est\u00e3o no foco do mercado nesta segunda; veja destaques\"\/><\/a><span class=\"spotlightCategory\"><a href=\"https:\/\/www.suno.com.br\/noticias\/mercado\/\">Mercado<\/a><\/span><\/div><div class=\"cardsPage__listCard__boxs__content\"><a href=\"https:\/\/www.suno.com.br\/noticias\/destaques-petrobras-petr4-eletrobras-elet3-copel-cple6-va\/\"><h2 class=\"content__title\">Petrobras (PETR4), Eletrobras (ELET3) e Copel (CPLE6) est\u00e3o no foco do mercado nesta segunda; veja destaques<\/h2><\/a><div class=\"newsContent__article__meta\"><div class=\"newsContent__article__meta__authorBox\"><a href=\"https:\/\/www.suno.com.br\/noticias\/author\/vini08correiagmail-com\/\" class=\"authorBox__avatar noMobi\"><img src=\"https:\/\/files.sunoresearch.com.br\/n\/uploads\/2026\/04\/WhatsApp-Image-2026-04-20-at-19.35.48-150x150.webp\" alt=\"Vin\u00edcius Alves\"><\/a><div class=\"authorBox__name\"><span>por\n\t\t\t<a href=\"https:\/\/www.suno.com.br\/noticias\/author\/vini08correiagmail-com\/\"><span itemprop=\"author\">Vin\u00edcius Alves<\/span><\/a><\/span><time datetime=\"2023-08-14T10:46:21-03:00\" itemprop=\"datePublished\">14\/08\/2023 10:46<\/time><\/div><\/div><\/div><\/div><\/div>","single_layout":"posts","amp_enabled":true,"_links":{"self":[{"href":"https:\/\/www.suno.com.br\/noticias\/wp-json\/wp\/v2\/posts\/442187"}],"collection":[{"href":"https:\/\/www.suno.com.br\/noticias\/wp-json\/wp\/v2\/posts"}],"about":[{"href":"https:\/\/www.suno.com.br\/noticias\/wp-json\/wp\/v2\/types\/post"}],"author":[{"embeddable":true,"href":"https:\/\/www.suno.com.br\/noticias\/wp-json\/wp\/v2\/users\/301"}],"replies":[{"embeddable":true,"href":"https:\/\/www.suno.com.br\/noticias\/wp-json\/wp\/v2\/comments?post=442187"}],"version-history":[{"count":3,"href":"https:\/\/www.suno.com.br\/noticias\/wp-json\/wp\/v2\/posts\/442187\/revisions"}],"predecessor-version":[{"id":442243,"href":"https:\/\/www.suno.com.br\/noticias\/wp-json\/wp\/v2\/posts\/442187\/revisions\/442243"}],"wp:featuredmedia":[{"embeddable":true,"href":"https:\/\/www.suno.com.br\/noticias\/wp-json\/wp\/v2\/media\/408630"}],"wp:attachment":[{"href":"https:\/\/www.suno.com.br\/noticias\/wp-json\/wp\/v2\/media?parent=442187"}],"wp:term":[{"taxonomy":"category","embeddable":true,"href":"https:\/\/www.suno.com.br\/noticias\/wp-json\/wp\/v2\/categories?post=442187"},{"taxonomy":"post_tag","embeddable":true,"href":"https:\/\/www.suno.com.br\/noticias\/wp-json\/wp\/v2\/tags?post=442187"},{"taxonomy":"suno_strategy","embeddable":true,"href":"https:\/\/www.suno.com.br\/noticias\/wp-json\/wp\/v2\/suno_strategy?post=442187"}],"curies":[{"name":"wp","href":"https:\/\/api.w.org\/{rel}","templated":true}]}}