{"id":442134,"date":"2023-08-14T09:16:17","date_gmt":"2023-08-14T12:16:17","guid":{"rendered":"https:\/\/www.suno.com.br\/noticias\/?p=442134"},"modified":"2023-08-14T09:59:28","modified_gmt":"2023-08-14T12:59:28","slug":"petrobras-petr4-braskem-brkm5-decisao-cpf","status":"publish","type":"post","link":"https:\/\/www.suno.com.br\/noticias\/petrobras-petr4-braskem-brkm5-decisao-cpf\/","title":{"rendered":"Petrobras (PETR4) afirma n\u00e3o ter decis\u00e3o executiva sobre a Braskem (BRKM5)"},"content":{"rendered":"<p>A <strong>Petrobras (PETR4)<\/strong> comunicou nesta segunda-feira (14) pela manh\u00e3 que tanto a Diretoria Executiva como o <a class=\"suno-keyword\" data-force=\"no\" data-priority=\"1\" href=\"https:\/\/www.suno.com.br\/artigos\/conselho-administracao\/\" target=\"_blank\" rel=\"noopener\">Conselho de Administra\u00e7\u00e3o<\/a> n\u00e3o chegaram a uma decis\u00e3o final sobre o desinvestimento ou crescimento de participa\u00e7\u00e3o na <a class=\"suno-keyword\" data-force=\"yes\" data-priority=\"2\" href=\"https:\/\/www.suno.com.br\/acoes\/BRKM5\/\" target=\"_blank\" rel=\"noopener\">Braskem (BRKM5)<\/a>. <\/p>\t<div class=\"wrapper-featured-image\">\n\t\t<figure class=\"spotlightImg\">\n\n\t\t\t<picture>\n\t\t\t\t<source media=\"(max-width: 768px)\" srcset=\"https:\/\/files.sunoresearch.com.br\/n\/uploads\/2022\/12\/braskem-brkm5-petroquimica-feirak2022-foto-divulgacao-400x200.jpg\">\n\t\t\t\t<img loading=\"lazy\" decoding=\"async\" class=\"newsContent__article__imgCapa lazyloadDisabled \" src=\"https:\/\/files.sunoresearch.com.br\/n\/uploads\/2022\/12\/braskem-brkm5-petroquimica-feirak2022-foto-divulgacao-800x450.jpg\" width=\"800\" height=\"450\" alt=\"Petrobras (PETR4) afirma n\u00e3o ter decis\u00e3o executiva sobre a Braskem (BRKM5)\" fetchpriority=high \/>\n\t\t\t<\/picture>\n\n\t\t\t<figcaption class=\"wp-caption-text wp-caption-text--show\">Braskem (BRKM5). Divulga\u00e7\u00e3o<\/figcaption>\n\t\t<\/figure>\n\t<\/div>\n\n\n\n\n\n\n\n\t<p>\n\t\t<a href=\"https:\/\/lp.suno.com.br\/planilha-da-vida-financeira\/\" target=\"_blank\" data-element=\"shortcode-suno-banner\" title=\"Banner SUNO, clique e saiba mais\">\n\t\t\t<picture>\n\t\t\t\t<source media=\"(max-width: 500px)\" srcset=\"https:\/\/files.sunoresearch.com.br\/n\/uploads\/2023\/04\/400x300-Planilha-vida-financeira-true.png\">\n\t\t\t\t<img class=\"newsContent__article__imgCapa newsContent__article__imgCapa--banner\"\n\t\t\t\t\tsrc=\"https:\/\/files.sunoresearch.com.br\/n\/uploads\/2023\/04\/1420x240-Planilha-vida-financeira-true.png\"\n\t\t\t\t\tdata-promo-id=\"106682\"\t\t\t\t\t\t\t\t\t\twidth='1420' height='240'\t\t\t\t\talt=\"https:\/\/files.sunoresearch.com.br\/n\/uploads\/2023\/04\/1420x240-Planilha-vida-financeira-true.png\"\n\t\t\t\t>\n\t\t\t<\/picture>\n\t\t<\/a>\n\t<\/p>\n\n\n\n\n\n<p>Segundo a estatal, o processo de <i>due diligence<\/i> &#8211; que est\u00e1 sendo realizado &#8211; \u00e9 apenas uma etapa necess\u00e1ria para an\u00e1lise e eventual exerc\u00edcio de <i>tag along<\/i> ou direito de prefer\u00eancia, na hip\u00f3tese de aliena\u00e7\u00e3o das a\u00e7\u00f5es da <strong>Braskem (BRKM5)<\/strong> detidas pela <strong>Novonor <\/strong>(ex-Odebrecht) na companhia, conforme regras previstas no <a class=\"suno-keyword\" data-force=\"no\" data-priority=\"1\" href=\"https:\/\/www.suno.com.br\/artigos\/acordo-de-acionistas\/\" target=\"_blank\" rel=\"noopener\">acordo de acionistas<\/a> assinado entre <strong>Petrobras <\/strong>e Novonor.<\/p>\n\n\n\n<blockquote class=\"wp-block-quote is-layout-flow wp-block-quote-is-layout-flow\">\n<p>&#8220;Nesse sentido, a companhia esclarece que decis\u00f5es sobre aquisi\u00e7\u00f5es e desinvestimentos s\u00e3o pautadas em an\u00e1lises criteriosas e estudos t\u00e9cnicos, em observ\u00e2ncia \u00e0s pr\u00e1ticas de governan\u00e7a e os procedimentos internos aplic\u00e1veis&#8221;, afirmou a Petrobras, em comunicado ao mercado.<\/p>\n<\/blockquote>\n\n\n\n<p>Em comunicado \u00e0 Comiss\u00e3o de Valores Mobili\u00e1rios (CVM), a Braskem  (BRKM5) refor\u00e7ou que havia solicitado os esclarecimentos sobre a participa\u00e7\u00e3o societ\u00e1ria da petrol\u00edfera e ap\u00f3s a nota da PETR4, afirmou que ir\u00e1 continuar apoiando os acionistas e mantendo o mercado atualizado de novos desdobramentos relevantes.<\/p>\n\n\n\n\t<div data-element=\"shortcode-read-more\" class=\"readToo\">\n\t\t\t\t<span class=\"readToo__title\">Leia mais<\/span>\n\t\t\t\t<ul class=\"readToo__list\">\n\t\t\t<li><a href=\"https:\/\/www.suno.com.br\/noticias\/boletim-focus-ipca-abaixo-de-5-selic-matida-gpj\/\">IPCA abaixo de 5% e Selic mantida a 11,75% ao ano: veja proje\u00e7\u00f5es do Boletim Focus<\/a><\/li><li><a href=\"https:\/\/www.suno.com.br\/noticias\/embraer-embr3-lucro-liquido-ajustado-aumenta-gpj\/\">Embraer (EMBR3): lucro l\u00edquido ajustado aumenta 20% no 2T23, para R$ 279 milh\u00f5es<\/a><\/li><li><a href=\"https:\/\/www.suno.com.br\/noticias\/agenda-balancos-itausa-itsa4-nubank-nubr33-2t23-cpf\/\">Nubank (NUBR33), Ita\u00fasa (ITSA4), Caixa Seguridade (CXSE3): 19 empresas est\u00e3o na agenda de resultados da semana<\/a><\/li>\t\t<\/ul>\n\t<\/div>\n\n\n\n\n<h2 class=\"wp-block-heading\">Braskem reduz preju\u00edzo no segundo trimestre em 45%<\/h2>\n\n\n\n<p>Conforme divulgado na \u00faltima quinta-feira (10), a <strong>Braskem <\/strong>obteve um preju\u00edzo l\u00edquido de R$ 771 milh\u00f5es no segundo trimestre de de 2023 (2T23). O valor representa uma baixa de 45% contra igual etapa do ano anterior, quando registrou perdas de R$ 1,406 bilh\u00e3o.<\/p>\n\n\n\n<p>O <strong>lucro <\/strong>antes dos juros, impostos, <a class=\"suno-keyword\" data-force=\"no\" data-priority=\"1\" href=\"https:\/\/www.suno.com.br\/artigos\/depreciacao-amortizacao\/\" target=\"_blank\" rel=\"noopener\">deprecia\u00e7\u00e3o e amortiza\u00e7\u00e3o<\/a> (Ebitda) recorrente totalizou R$ 703 milh\u00f5es no 2T23, baixa de 82% na base anual.<\/p>\n\n\n\n<p>A <a class=\"suno-keyword\" data-force=\"no\" data-priority=\"1\" href=\"https:\/\/www.suno.com.br\/artigos\/o-que-receita-liquida\/\" target=\"_blank\" rel=\"noopener\">receita l\u00edquida<\/a> de vendas, por sua vez, caiu 30% ante igual etapa no ano anterior, para atuais R$ 17,7 bilh\u00f5es.<\/p>\n\n\n\n<p>O <strong>resultado da Braskem<\/strong> mostrou tamb\u00e9m que o <a class=\"suno-keyword\" data-force=\"no\" data-priority=\"1\" href=\"https:\/\/www.suno.com.br\/artigos\/resultado-financeiro\/\" target=\"_blank\" rel=\"noopener\">resultado financeiro<\/a> ficou positivo em R$ 161 milh\u00f5es, ante resultado negativo de R$ 3,39 bilh\u00f5es apurado em igual per\u00edodo de 2022.<\/p>\n\n\n\n<p>O saldo da <a class=\"suno-keyword\" target=\"_blank\" data-force=\"no\" data-priority=\"1\" href=\"https:\/\/www.suno.com.br\/artigos\/divida-bruta\/\" rel=\"noopener\">d\u00edvida bruta<\/a> da Braskem no 2T23 fechou em US$ 8,9 bilh\u00f5es, com 95% dos vencimentos sendo de <a class=\"suno-keyword\" target=\"_blank\" data-force=\"no\" data-priority=\"1\" href=\"https:\/\/www.suno.com.br\/artigos\/longo-prazo\/\" rel=\"noopener\">longo prazo<\/a> e 5% de <a class=\"suno-keyword\" target=\"_blank\" data-force=\"no\" data-priority=\"1\" href=\"https:\/\/www.suno.com.br\/artigos\/longo-prazo\/\" rel=\"noopener\">longo prazo<\/a>.<\/p>\n\n\n\n<p>A <a class=\"suno-keyword\" target=\"_blank\" data-force=\"no\" data-priority=\"1\" href=\"https:\/\/www.suno.com.br\/artigos\/divida-liquida\/\" rel=\"noopener\">d\u00edvida l\u00edquida<\/a> ajustada, por sua vez, foi de US$ 4,6 bilh\u00f5es, est\u00e1vel em rela\u00e7\u00e3o ao trimestre imediatamente anterior.<\/p>\n\n\n\n<p>Al\u00e9m disso, a <strong>Braskem <\/strong>investiu cerca de US$ 344 milh\u00f5es (R$ 1,7 bilh\u00e3o) no primeiro semestre deste ano. Para o total deste ano, a proje\u00e7\u00e3o \u00e9 de que a empresa invista US$ 724 milh\u00f5es (R$ 4,0 bilh\u00f5es).<\/p>\n\n\n\n<p>No pr\u00e9-mercado da segunda-feira, as a\u00e7\u00f5es da <strong>Petrobras (PETR4)<\/strong> eram cotadas a R$ 30,56 ap\u00f3s o fechamento da sexta-feira (12) e os papeis da <a class=\"suno-keyword\" target=\"_blank\" data-force=\"yes\" data-priority=\"2\" href=\"https:\/\/www.suno.com.br\/acoes\/BRKM5\/\" rel=\"noopener\">Braskem (BRKM5)<\/a>, a R$ 24,13.<\/p>\n\n\n\n<p><em>Com informa\u00e7\u00f5es de Estad\u00e3o Conte\u00fado.<\/em><\/p>\n\n\n\t<p>\n\t\t<a href=\"https:\/\/lp.suno.com.br\/planilha-da-vida-financeira\/\" target=\"_blank\" data-element=\"shortcode-suno-banner\" title=\"Banner SUNO, clique e saiba mais\">\n\t\t\t<picture>\n\t\t\t\t<source media=\"(max-width: 500px)\" srcset=\"https:\/\/files.sunoresearch.com.br\/n\/uploads\/2023\/04\/400x300-Planilha-vida-financeira-true.png\">\n\t\t\t\t<img class=\"newsContent__article__imgCapa newsContent__article__imgCapa--banner\"\n\t\t\t\t\tsrc=\"https:\/\/files.sunoresearch.com.br\/n\/uploads\/2023\/04\/1420x240-Planilha-vida-financeira-true.png\"\n\t\t\t\t\tdata-promo-id=\"383123\"\t\t\t\t\t\t\t\t\t\twidth='1420' height='240'\t\t\t\t\talt=\"https:\/\/files.sunoresearch.com.br\/n\/uploads\/2023\/04\/1420x240-Planilha-vida-financeira-true.png\"\n\t\t\t\t>\n\t\t\t<\/picture>\n\t\t<\/a>\n\t<\/p>\n\n\n\n\n\t\t<div class=\"wp-shortcode-web-stories-embed web-stories-embed aligncenter\">\n\t\t\t<div class=\"wp-block-embed__wrapper\" style=\"--aspect-ratio: 1.666667; --width: 600px; --height: 360px\">\n\t\t\t\t<amp-story-player>\n\t\t\t\t\t<a href=\"https:\/\/www.suno.com.br\/noticias\/web-stories\/copacabana-palace-cem-anos-hotel-custa-hospedagem\/\">\n\t\t\t\t\t\tWeb Story\t\t\t\t\t<\/a>\n\t\t\t\t<\/amp-story-player>\n\t\t\t<\/div>\n\t\t<\/div>\n\t\t\n","protected":false},"excerpt":{"rendered":"<p>A Petrobras (PETR4) comunicou nesta segunda-feira (14) pela manh\u00e3 que tanto a Diretoria Executiva como o Conselho de Administra\u00e7\u00e3o n\u00e3o chegaram a uma decis\u00e3o final sobre o desinvestimento ou crescimento de participa\u00e7\u00e3o na Braskem (BRKM5). Braskem (BRKM5). Divulga\u00e7\u00e3o Segundo a estatal, o processo de due diligence &#8211; que est\u00e1 sendo realizado &#8211; \u00e9 apenas uma [&hellip;]<\/p>\n","protected":false},"author":283,"featured_media":335803,"comment_status":"closed","ping_status":"closed","sticky":false,"template":"","format":"standard","meta":[],"categories":[64],"tags":[395,595],"suno_strategy":[],"class_list":["post-442134","post","type-post","status-publish","format-standard","has-post-thumbnail","hentry","category-negocios","tag-braskem-brkm3-brkm5-brkm6","tag-petrobras-petr4"],"yoast_head":"<!-- This site is optimized with the Yoast SEO plugin v24.4 - https:\/\/yoast.com\/wordpress\/plugins\/seo\/ -->\n<title>Petrobras (PETR4) diz n\u00e3o ter decis\u00e3o executiva sobre Braskem (BRKM5)<\/title>\n<meta name=\"description\" content=\"A Petrobras (PETR4) comunicou que tanto a Diretoria Executiva como o Conselho de Administra\u00e7\u00e3o n\u00e3o t\u00eam uma conclus\u00e3o sobre a Braskem (BRKM5).\" \/>\n<meta name=\"robots\" content=\"index, follow, max-snippet:-1, max-image-preview:large, max-video-preview:-1\" \/>\n<link rel=\"canonical\" href=\"https:\/\/www.suno.com.br\/noticias\/petrobras-petr4-braskem-brkm5-decisao-cpf\/\" \/>\n<meta property=\"og:locale\" content=\"pt_BR\" \/>\n<meta property=\"og:type\" content=\"article\" \/>\n<meta property=\"og:title\" content=\"Petrobras (PETR4) diz n\u00e3o ter decis\u00e3o executiva sobre Braskem (BRKM5)\" \/>\n<meta property=\"og:description\" content=\"A Petrobras (PETR4) comunicou que tanto a Diretoria Executiva como o Conselho de Administra\u00e7\u00e3o n\u00e3o t\u00eam uma conclus\u00e3o sobre a Braskem (BRKM5).\" \/>\n<meta property=\"og:url\" content=\"https:\/\/www.suno.com.br\/noticias\/petrobras-petr4-braskem-brkm5-decisao-cpf\/\" \/>\n<meta property=\"og:site_name\" content=\"Suno Not\u00edcias\" \/>\n<meta property=\"article:publisher\" content=\"https:\/\/facebook.com\/sunoresearch\" \/>\n<meta property=\"og:image\" content=\"https:\/\/files.sunoresearch.com.br\/n\/uploads\/2022\/12\/braskem-brkm5-petroquimica-feirak2022-foto-divulgacao.jpg\" \/>\n\t<meta property=\"og:image:width\" content=\"1200\" \/>\n\t<meta property=\"og:image:height\" content=\"675\" \/>\n\t<meta property=\"og:image:type\" content=\"image\/jpeg\" \/>\n<meta name=\"author\" content=\"Camila Paim\" \/>\n<meta name=\"twitter:card\" content=\"summary_large_image\" \/>\n<meta name=\"twitter:creator\" content=\"@sunoresearch\" \/>\n<meta name=\"twitter:site\" content=\"@sunoresearch\" \/>\n<meta name=\"twitter:label1\" content=\"Escrito por\" \/>\n\t<meta name=\"twitter:data1\" content=\"Camila Paim\" \/>\n\t<meta name=\"twitter:label2\" content=\"Est. tempo de leitura\" \/>\n\t<meta name=\"twitter:data2\" content=\"3 minutos\" \/>\n<script type=\"application\/ld+json\" class=\"yoast-schema-graph\">{\"@context\":\"https:\/\/schema.org\",\"@graph\":[{\"@type\":\"NewsArticle\",\"@id\":\"https:\/\/www.suno.com.br\/noticias\/petrobras-petr4-braskem-brkm5-decisao-cpf\/#article\",\"isPartOf\":{\"@id\":\"https:\/\/www.suno.com.br\/noticias\/petrobras-petr4-braskem-brkm5-decisao-cpf\/\"},\"author\":{\"name\":\"Camila Paim\",\"@id\":\"https:\/\/www.suno.com.br\/noticias\/#\/schema\/person\/f341d3ae5d1cc685176c9a5327cdfdbb\"},\"headline\":\"Petrobras (PETR4) afirma n\u00e3o ter decis\u00e3o executiva sobre a Braskem (BRKM5)\",\"datePublished\":\"2023-08-14T12:16:17+00:00\",\"dateModified\":\"2023-08-14T12:59:28+00:00\",\"mainEntityOfPage\":{\"@id\":\"https:\/\/www.suno.com.br\/noticias\/petrobras-petr4-braskem-brkm5-decisao-cpf\/\"},\"wordCount\":483,\"publisher\":{\"@id\":\"https:\/\/www.suno.com.br\/noticias\/#organization\"},\"image\":{\"@id\":\"https:\/\/www.suno.com.br\/noticias\/petrobras-petr4-braskem-brkm5-decisao-cpf\/#primaryimage\"},\"thumbnailUrl\":\"https:\/\/files.sunoresearch.com.br\/n\/uploads\/2022\/12\/braskem-brkm5-petroquimica-feirak2022-foto-divulgacao.jpg\",\"keywords\":[\"Braskem (BRKM3\/BRKM5\/BRKM6)\",\"Petrobras (PETR4)\"],\"articleSection\":[\"Neg\u00f3cios\"],\"inLanguage\":\"pt-BR\"},{\"@type\":\"WebPage\",\"@id\":\"https:\/\/www.suno.com.br\/noticias\/petrobras-petr4-braskem-brkm5-decisao-cpf\/\",\"url\":\"https:\/\/www.suno.com.br\/noticias\/petrobras-petr4-braskem-brkm5-decisao-cpf\/\",\"name\":\"Petrobras (PETR4) diz n\u00e3o ter decis\u00e3o executiva sobre Braskem (BRKM5)\",\"isPartOf\":{\"@id\":\"https:\/\/www.suno.com.br\/noticias\/#website\"},\"primaryImageOfPage\":{\"@id\":\"https:\/\/www.suno.com.br\/noticias\/petrobras-petr4-braskem-brkm5-decisao-cpf\/#primaryimage\"},\"image\":{\"@id\":\"https:\/\/www.suno.com.br\/noticias\/petrobras-petr4-braskem-brkm5-decisao-cpf\/#primaryimage\"},\"thumbnailUrl\":\"https:\/\/files.sunoresearch.com.br\/n\/uploads\/2022\/12\/braskem-brkm5-petroquimica-feirak2022-foto-divulgacao.jpg\",\"datePublished\":\"2023-08-14T12:16:17+00:00\",\"dateModified\":\"2023-08-14T12:59:28+00:00\",\"description\":\"A Petrobras (PETR4) comunicou que tanto a Diretoria Executiva como o Conselho de Administra\u00e7\u00e3o n\u00e3o t\u00eam uma conclus\u00e3o sobre a Braskem (BRKM5).\",\"breadcrumb\":{\"@id\":\"https:\/\/www.suno.com.br\/noticias\/petrobras-petr4-braskem-brkm5-decisao-cpf\/#breadcrumb\"},\"inLanguage\":\"pt-BR\",\"potentialAction\":[{\"@type\":\"ReadAction\",\"target\":[\"https:\/\/www.suno.com.br\/noticias\/petrobras-petr4-braskem-brkm5-decisao-cpf\/\"]}]},{\"@type\":\"ImageObject\",\"inLanguage\":\"pt-BR\",\"@id\":\"https:\/\/www.suno.com.br\/noticias\/petrobras-petr4-braskem-brkm5-decisao-cpf\/#primaryimage\",\"url\":\"https:\/\/files.sunoresearch.com.br\/n\/uploads\/2022\/12\/braskem-brkm5-petroquimica-feirak2022-foto-divulgacao.jpg\",\"contentUrl\":\"https:\/\/files.sunoresearch.com.br\/n\/uploads\/2022\/12\/braskem-brkm5-petroquimica-feirak2022-foto-divulgacao.jpg\",\"width\":1200,\"height\":675,\"caption\":\"Braskem (BRKM5). Divulga\u00e7\u00e3o\"},{\"@type\":\"BreadcrumbList\",\"@id\":\"https:\/\/www.suno.com.br\/noticias\/petrobras-petr4-braskem-brkm5-decisao-cpf\/#breadcrumb\",\"itemListElement\":[{\"@type\":\"ListItem\",\"position\":1,\"name\":\"Not\u00edcias\",\"item\":\"https:\/\/www.suno.com.br\/noticias\/\"},{\"@type\":\"ListItem\",\"position\":2,\"name\":\"Neg\u00f3cios\",\"item\":\"https:\/\/www.suno.com.br\/noticias\/negocios\/\"},{\"@type\":\"ListItem\",\"position\":3,\"name\":\"Petrobras (PETR4) afirma n\u00e3o ter decis\u00e3o executiva sobre a Braskem (BRKM5)\"}]},{\"@type\":\"WebSite\",\"@id\":\"https:\/\/www.suno.com.br\/noticias\/#website\",\"url\":\"https:\/\/www.suno.com.br\/noticias\/\",\"name\":\"Suno Not\u00edcias\",\"description\":\"Seu portal de informa\u00e7\u00e3o sobre o mundo dos investimentos\",\"publisher\":{\"@id\":\"https:\/\/www.suno.com.br\/noticias\/#organization\"},\"potentialAction\":[{\"@type\":\"SearchAction\",\"target\":{\"@type\":\"EntryPoint\",\"urlTemplate\":\"https:\/\/www.suno.com.br\/noticias\/?s={search_term_string}\"},\"query-input\":{\"@type\":\"PropertyValueSpecification\",\"valueRequired\":true,\"valueName\":\"search_term_string\"}}],\"inLanguage\":\"pt-BR\"},{\"@type\":\"Organization\",\"@id\":\"https:\/\/www.suno.com.br\/noticias\/#organization\",\"name\":\"Suno Not\u00edcias\",\"url\":\"https:\/\/www.suno.com.br\/noticias\/\",\"logo\":{\"@type\":\"ImageObject\",\"inLanguage\":\"pt-BR\",\"@id\":\"https:\/\/www.suno.com.br\/noticias\/#\/schema\/logo\/image\/\",\"url\":\"https:\/\/files.sunoresearch.com.br\/n\/uploads\/2021\/09\/suno-logo.png\",\"contentUrl\":\"https:\/\/files.sunoresearch.com.br\/n\/uploads\/2021\/09\/suno-logo.png\",\"width\":180,\"height\":180,\"caption\":\"Suno Not\u00edcias\"},\"image\":{\"@id\":\"https:\/\/www.suno.com.br\/noticias\/#\/schema\/logo\/image\/\"},\"sameAs\":[\"https:\/\/facebook.com\/sunoresearch\",\"https:\/\/x.com\/sunoresearch\",\"https:\/\/www.instagram.com\/suno\",\"https:\/\/www.linkedin.com\/company\/suno-research\/\",\"https:\/\/www.youtube.com\/c\/sunoresearch\"]},{\"@type\":\"Person\",\"@id\":\"https:\/\/www.suno.com.br\/noticias\/#\/schema\/person\/f341d3ae5d1cc685176c9a5327cdfdbb\",\"name\":\"Camila Paim\",\"image\":{\"@type\":\"ImageObject\",\"inLanguage\":\"pt-BR\",\"@id\":\"https:\/\/www.suno.com.br\/noticias\/#\/schema\/person\/image\/\",\"url\":\"https:\/\/secure.gravatar.com\/avatar\/f33728e65febb1aa7ecf6792956f9b20?s=96&r=g\",\"contentUrl\":\"https:\/\/secure.gravatar.com\/avatar\/f33728e65febb1aa7ecf6792956f9b20?s=96&r=g\",\"caption\":\"Camila Paim\"},\"description\":\"Jornalista formada pela USP, tem experi\u00eancia em reda\u00e7\u00f5es, SEO, Branded Content e Webdesign. Com passagem pelo Jornal da USP, Empiricus e C6 Bank, hoje \u00e9 rep\u00f3rter no Suno Not\u00edcias cobrindo macroeconomia, finan\u00e7as pessoais e startups.\",\"url\":\"https:\/\/www.suno.com.br\/noticias\/author\/camila-figueiredosuno-com-br\/\"}]}<\/script>\n<!-- \/ Yoast SEO plugin. -->","yoast_head_json":{"title":"Petrobras (PETR4) diz n\u00e3o ter decis\u00e3o executiva sobre Braskem (BRKM5)","description":"A Petrobras (PETR4) comunicou que tanto a Diretoria Executiva como o Conselho de Administra\u00e7\u00e3o n\u00e3o t\u00eam uma conclus\u00e3o sobre a Braskem (BRKM5).","robots":{"index":"index","follow":"follow","max-snippet":"max-snippet:-1","max-image-preview":"max-image-preview:large","max-video-preview":"max-video-preview:-1"},"canonical":"https:\/\/www.suno.com.br\/noticias\/petrobras-petr4-braskem-brkm5-decisao-cpf\/","og_locale":"pt_BR","og_type":"article","og_title":"Petrobras (PETR4) diz n\u00e3o ter decis\u00e3o executiva sobre Braskem (BRKM5)","og_description":"A Petrobras (PETR4) comunicou que tanto a Diretoria Executiva como o Conselho de Administra\u00e7\u00e3o n\u00e3o t\u00eam uma conclus\u00e3o sobre a Braskem (BRKM5).","og_url":"https:\/\/www.suno.com.br\/noticias\/petrobras-petr4-braskem-brkm5-decisao-cpf\/","og_site_name":"Suno Not\u00edcias","article_publisher":"https:\/\/facebook.com\/sunoresearch","og_image":[{"width":1200,"height":675,"url":"https:\/\/files.sunoresearch.com.br\/n\/uploads\/2022\/12\/braskem-brkm5-petroquimica-feirak2022-foto-divulgacao.jpg","type":"image\/jpeg"}],"author":"Camila Paim","twitter_card":"summary_large_image","twitter_creator":"@sunoresearch","twitter_site":"@sunoresearch","twitter_misc":{"Escrito por":"Camila Paim","Est. tempo de leitura":"3 minutos"},"schema":{"@context":"https:\/\/schema.org","@graph":[{"@type":"NewsArticle","@id":"https:\/\/www.suno.com.br\/noticias\/petrobras-petr4-braskem-brkm5-decisao-cpf\/#article","isPartOf":{"@id":"https:\/\/www.suno.com.br\/noticias\/petrobras-petr4-braskem-brkm5-decisao-cpf\/"},"author":{"name":"Camila Paim","@id":"https:\/\/www.suno.com.br\/noticias\/#\/schema\/person\/f341d3ae5d1cc685176c9a5327cdfdbb"},"headline":"Petrobras (PETR4) afirma n\u00e3o ter decis\u00e3o executiva sobre a Braskem (BRKM5)","datePublished":"2023-08-14T12:16:17+00:00","dateModified":"2023-08-14T12:59:28+00:00","mainEntityOfPage":{"@id":"https:\/\/www.suno.com.br\/noticias\/petrobras-petr4-braskem-brkm5-decisao-cpf\/"},"wordCount":483,"publisher":{"@id":"https:\/\/www.suno.com.br\/noticias\/#organization"},"image":{"@id":"https:\/\/www.suno.com.br\/noticias\/petrobras-petr4-braskem-brkm5-decisao-cpf\/#primaryimage"},"thumbnailUrl":"https:\/\/files.sunoresearch.com.br\/n\/uploads\/2022\/12\/braskem-brkm5-petroquimica-feirak2022-foto-divulgacao.jpg","keywords":["Braskem (BRKM3\/BRKM5\/BRKM6)","Petrobras (PETR4)"],"articleSection":["Neg\u00f3cios"],"inLanguage":"pt-BR"},{"@type":"WebPage","@id":"https:\/\/www.suno.com.br\/noticias\/petrobras-petr4-braskem-brkm5-decisao-cpf\/","url":"https:\/\/www.suno.com.br\/noticias\/petrobras-petr4-braskem-brkm5-decisao-cpf\/","name":"Petrobras (PETR4) diz n\u00e3o ter decis\u00e3o executiva sobre Braskem (BRKM5)","isPartOf":{"@id":"https:\/\/www.suno.com.br\/noticias\/#website"},"primaryImageOfPage":{"@id":"https:\/\/www.suno.com.br\/noticias\/petrobras-petr4-braskem-brkm5-decisao-cpf\/#primaryimage"},"image":{"@id":"https:\/\/www.suno.com.br\/noticias\/petrobras-petr4-braskem-brkm5-decisao-cpf\/#primaryimage"},"thumbnailUrl":"https:\/\/files.sunoresearch.com.br\/n\/uploads\/2022\/12\/braskem-brkm5-petroquimica-feirak2022-foto-divulgacao.jpg","datePublished":"2023-08-14T12:16:17+00:00","dateModified":"2023-08-14T12:59:28+00:00","description":"A Petrobras (PETR4) comunicou que tanto a Diretoria Executiva como o Conselho de Administra\u00e7\u00e3o n\u00e3o t\u00eam uma conclus\u00e3o sobre a Braskem (BRKM5).","breadcrumb":{"@id":"https:\/\/www.suno.com.br\/noticias\/petrobras-petr4-braskem-brkm5-decisao-cpf\/#breadcrumb"},"inLanguage":"pt-BR","potentialAction":[{"@type":"ReadAction","target":["https:\/\/www.suno.com.br\/noticias\/petrobras-petr4-braskem-brkm5-decisao-cpf\/"]}]},{"@type":"ImageObject","inLanguage":"pt-BR","@id":"https:\/\/www.suno.com.br\/noticias\/petrobras-petr4-braskem-brkm5-decisao-cpf\/#primaryimage","url":"https:\/\/files.sunoresearch.com.br\/n\/uploads\/2022\/12\/braskem-brkm5-petroquimica-feirak2022-foto-divulgacao.jpg","contentUrl":"https:\/\/files.sunoresearch.com.br\/n\/uploads\/2022\/12\/braskem-brkm5-petroquimica-feirak2022-foto-divulgacao.jpg","width":1200,"height":675,"caption":"Braskem (BRKM5). Divulga\u00e7\u00e3o"},{"@type":"BreadcrumbList","@id":"https:\/\/www.suno.com.br\/noticias\/petrobras-petr4-braskem-brkm5-decisao-cpf\/#breadcrumb","itemListElement":[{"@type":"ListItem","position":1,"name":"Not\u00edcias","item":"https:\/\/www.suno.com.br\/noticias\/"},{"@type":"ListItem","position":2,"name":"Neg\u00f3cios","item":"https:\/\/www.suno.com.br\/noticias\/negocios\/"},{"@type":"ListItem","position":3,"name":"Petrobras (PETR4) afirma n\u00e3o ter decis\u00e3o executiva sobre a Braskem (BRKM5)"}]},{"@type":"WebSite","@id":"https:\/\/www.suno.com.br\/noticias\/#website","url":"https:\/\/www.suno.com.br\/noticias\/","name":"Suno Not\u00edcias","description":"Seu portal de informa\u00e7\u00e3o sobre o mundo dos investimentos","publisher":{"@id":"https:\/\/www.suno.com.br\/noticias\/#organization"},"potentialAction":[{"@type":"SearchAction","target":{"@type":"EntryPoint","urlTemplate":"https:\/\/www.suno.com.br\/noticias\/?s={search_term_string}"},"query-input":{"@type":"PropertyValueSpecification","valueRequired":true,"valueName":"search_term_string"}}],"inLanguage":"pt-BR"},{"@type":"Organization","@id":"https:\/\/www.suno.com.br\/noticias\/#organization","name":"Suno Not\u00edcias","url":"https:\/\/www.suno.com.br\/noticias\/","logo":{"@type":"ImageObject","inLanguage":"pt-BR","@id":"https:\/\/www.suno.com.br\/noticias\/#\/schema\/logo\/image\/","url":"https:\/\/files.sunoresearch.com.br\/n\/uploads\/2021\/09\/suno-logo.png","contentUrl":"https:\/\/files.sunoresearch.com.br\/n\/uploads\/2021\/09\/suno-logo.png","width":180,"height":180,"caption":"Suno Not\u00edcias"},"image":{"@id":"https:\/\/www.suno.com.br\/noticias\/#\/schema\/logo\/image\/"},"sameAs":["https:\/\/facebook.com\/sunoresearch","https:\/\/x.com\/sunoresearch","https:\/\/www.instagram.com\/suno","https:\/\/www.linkedin.com\/company\/suno-research\/","https:\/\/www.youtube.com\/c\/sunoresearch"]},{"@type":"Person","@id":"https:\/\/www.suno.com.br\/noticias\/#\/schema\/person\/f341d3ae5d1cc685176c9a5327cdfdbb","name":"Camila Paim","image":{"@type":"ImageObject","inLanguage":"pt-BR","@id":"https:\/\/www.suno.com.br\/noticias\/#\/schema\/person\/image\/","url":"https:\/\/secure.gravatar.com\/avatar\/f33728e65febb1aa7ecf6792956f9b20?s=96&r=g","contentUrl":"https:\/\/secure.gravatar.com\/avatar\/f33728e65febb1aa7ecf6792956f9b20?s=96&r=g","caption":"Camila Paim"},"description":"Jornalista formada pela USP, tem experi\u00eancia em reda\u00e7\u00f5es, SEO, Branded Content e Webdesign. Com passagem pelo Jornal da USP, Empiricus e C6 Bank, hoje \u00e9 rep\u00f3rter no Suno Not\u00edcias cobrindo macroeconomia, finan\u00e7as pessoais e startups.","url":"https:\/\/www.suno.com.br\/noticias\/author\/camila-figueiredosuno-com-br\/"}]}},"default_loop_html":"<div class=\"cardsPage__listCard__boxs\"><div class=\"cardsPage__listCard__boxs__img\"><a href=\"https:\/\/www.suno.com.br\/noticias\/petrobras-petr4-braskem-brkm5-decisao-cpf\/\"><img class=\"mask\" src=\"https:\/\/www.suno.com.br\/noticias\/wp-content\/themes\/suno\/resources\/images\/spotlight\/spotlight1img\/bg-mask.png\" alt=\"Image Mask\"\/><img src=\"https:\/\/files.sunoresearch.com.br\/n\/uploads\/2022\/12\/braskem-brkm5-petroquimica-feirak2022-foto-divulgacao-400x200.jpg\" alt=\"Petrobras (PETR4) afirma n\u00e3o ter decis\u00e3o executiva sobre a Braskem (BRKM5)\"\/><\/a><span class=\"spotlightCategory\"><a href=\"https:\/\/www.suno.com.br\/noticias\/negocios\/\">Neg\u00f3cios<\/a><\/span><\/div><div class=\"cardsPage__listCard__boxs__content\"><a href=\"https:\/\/www.suno.com.br\/noticias\/petrobras-petr4-braskem-brkm5-decisao-cpf\/\"><h2 class=\"content__title\">Petrobras (PETR4) afirma n\u00e3o ter decis\u00e3o executiva sobre a Braskem (BRKM5)<\/h2><\/a><div class=\"newsContent__article__meta\"><div class=\"newsContent__article__meta__authorBox\"><a href=\"https:\/\/www.suno.com.br\/noticias\/author\/camila-figueiredosuno-com-br\/\" class=\"authorBox__avatar noMobi\"><img src=\"https:\/\/files.sunoresearch.com.br\/n\/uploads\/2024\/05\/camila-paim-square-150x150.jpg\" alt=\"Camila Paim\"><\/a><div class=\"authorBox__name\"><span>por\n\t\t\t<a href=\"https:\/\/www.suno.com.br\/noticias\/author\/camila-figueiredosuno-com-br\/\"><span itemprop=\"author\">Camila Paim<\/span><\/a><\/span><time datetime=\"2023-08-14T09:16:17-03:00\" itemprop=\"datePublished\">14\/08\/2023 09:16<\/time><\/div><\/div><\/div><\/div><\/div>","single_layout":"posts","amp_enabled":true,"_links":{"self":[{"href":"https:\/\/www.suno.com.br\/noticias\/wp-json\/wp\/v2\/posts\/442134"}],"collection":[{"href":"https:\/\/www.suno.com.br\/noticias\/wp-json\/wp\/v2\/posts"}],"about":[{"href":"https:\/\/www.suno.com.br\/noticias\/wp-json\/wp\/v2\/types\/post"}],"author":[{"embeddable":true,"href":"https:\/\/www.suno.com.br\/noticias\/wp-json\/wp\/v2\/users\/283"}],"replies":[{"embeddable":true,"href":"https:\/\/www.suno.com.br\/noticias\/wp-json\/wp\/v2\/comments?post=442134"}],"version-history":[{"count":2,"href":"https:\/\/www.suno.com.br\/noticias\/wp-json\/wp\/v2\/posts\/442134\/revisions"}],"predecessor-version":[{"id":442193,"href":"https:\/\/www.suno.com.br\/noticias\/wp-json\/wp\/v2\/posts\/442134\/revisions\/442193"}],"wp:featuredmedia":[{"embeddable":true,"href":"https:\/\/www.suno.com.br\/noticias\/wp-json\/wp\/v2\/media\/335803"}],"wp:attachment":[{"href":"https:\/\/www.suno.com.br\/noticias\/wp-json\/wp\/v2\/media?parent=442134"}],"wp:term":[{"taxonomy":"category","embeddable":true,"href":"https:\/\/www.suno.com.br\/noticias\/wp-json\/wp\/v2\/categories?post=442134"},{"taxonomy":"post_tag","embeddable":true,"href":"https:\/\/www.suno.com.br\/noticias\/wp-json\/wp\/v2\/tags?post=442134"},{"taxonomy":"suno_strategy","embeddable":true,"href":"https:\/\/www.suno.com.br\/noticias\/wp-json\/wp\/v2\/suno_strategy?post=442134"}],"curies":[{"name":"wp","href":"https:\/\/api.w.org\/{rel}","templated":true}]}}