{"id":442110,"date":"2023-08-14T08:23:19","date_gmt":"2023-08-14T11:23:19","guid":{"rendered":"https:\/\/www.suno.com.br\/noticias\/?p=442110"},"modified":"2023-08-14T08:24:45","modified_gmt":"2023-08-14T11:24:45","slug":"embraer-embr3-lucro-liquido-ajustado-aumenta-gpj","status":"publish","type":"post","link":"https:\/\/www.suno.com.br\/noticias\/embraer-embr3-lucro-liquido-ajustado-aumenta-gpj\/","title":{"rendered":"Embraer (EMBR3): lucro l\u00edquido ajustado aumenta 20% no 2T23, para R$ 279 milh\u00f5es"},"content":{"rendered":"<p>A\u00a0<a href=\"https:\/\/www.suno.com.br\/acoes\/EMBR3\/\" target=\"_blank\" rel=\"noreferrer noopener\"><strong>Embraer\u00a0<\/strong>(EMBR3)<\/a>\u00a0reportou lucro l\u00edquido ajustado de R$ 279,3 milh\u00f5es no segundo trimestre de 2023 (2T23), aumento de 20% frente ao lucro de R$ 232,8 milh\u00f5es registrado no mesmo per\u00edodo do ano passado. <\/p>\t<div class=\"wrapper-featured-image\">\n\t\t<figure class=\"spotlightImg\">\n\n\t\t\t<picture>\n\t\t\t\t<source media=\"(max-width: 768px)\" srcset=\"https:\/\/files.sunoresearch.com.br\/n\/uploads\/2021\/03\/8031a286-embraer1-400x200.webp\">\n\t\t\t\t<img loading=\"lazy\" decoding=\"async\" class=\"newsContent__article__imgCapa lazyloadDisabled \" src=\"https:\/\/files.sunoresearch.com.br\/n\/uploads\/2021\/03\/8031a286-embraer1-800x450.webp\" width=\"800\" height=\"450\" alt=\"Embraer (EMBR3): lucro l\u00edquido ajustado aumenta 20% no 2T23, para R$ 279 milh\u00f5es\" fetchpriority=high \/>\n\t\t\t<\/picture>\n\n\t\t\t<figcaption class=\"wp-caption-text wp-caption-text--show\">Embraer (EMBR3)  - Foto: Divulga\u00e7\u00e3o<\/figcaption>\n\t\t<\/figure>\n\t<\/div>\n\n\n\n\n\n\n\n\t<p>\n\t\t<a href=\"https:\/\/lp.suno.com.br\/planilha-da-vida-financeira\/\" target=\"_blank\" data-element=\"shortcode-suno-banner\" title=\"Banner SUNO, clique e saiba mais\">\n\t\t\t<picture>\n\t\t\t\t<source media=\"(max-width: 500px)\" srcset=\"https:\/\/files.sunoresearch.com.br\/n\/uploads\/2023\/04\/400x300-Planilha-vida-financeira-true.png\">\n\t\t\t\t<img class=\"newsContent__article__imgCapa newsContent__article__imgCapa--banner\"\n\t\t\t\t\tsrc=\"https:\/\/files.sunoresearch.com.br\/n\/uploads\/2023\/04\/1420x240-Planilha-vida-financeira-true.png\"\n\t\t\t\t\tdata-promo-id=\"106682\"\t\t\t\t\t\t\t\t\t\twidth='1420' height='240'\t\t\t\t\talt=\"https:\/\/files.sunoresearch.com.br\/n\/uploads\/2023\/04\/1420x240-Planilha-vida-financeira-true.png\"\n\t\t\t\t>\n\t\t\t<\/picture>\n\t\t<\/a>\n\t<\/p>\n\n\n\n\n\n<p>De abril a junho, considerando o resultado atribu\u00eddo aos acionistas, a Embraer registrou um preju\u00edzo de R$ 96,2 milh\u00f5es, melhora em compara\u00e7\u00e3o aos R$ 741,7 milh\u00f5es reportados no segundo trimestre de 2022.<\/p>\n\n\n\n<p>O Ebitda (lucro antes de juros, impostos,\u00a0<a href=\"https:\/\/www.suno.com.br\/artigos\/depreciacao-amortizacao\/\" target=\"_blank\" rel=\"noreferrer noopener\">deprecia\u00e7\u00e3o e amortiza\u00e7\u00e3o<\/a>) da Embraer ficou positivo em R$ 592,2 milh\u00f5es no segundo trimestre, representando alta ante a perda de R$ 933,0 milh\u00f5es de abril a junho do ano passado.<\/p>\n\n\n\n<p>Com isso, a <a href=\"https:\/\/www.suno.com.br\/artigos\/margem-ebitda\/\" target=\"_blank\" rel=\"noreferrer noopener\">margem Ebitda<\/a> ficou positiva em 9,3% no per\u00edodo, ante resultado negativo de 18,5% um ano antes.<\/p>\n\n\n\n<p>J\u00e1 o\u00a0<strong><a href=\"https:\/\/www.suno.com.br\/artigos\/ebitda-ajustado\/\" target=\"_blank\" rel=\"noreferrer noopener\">Ebitda ajustado<\/a>\u00a0da Embraer <\/strong>foi de R$ 724,1 milh\u00f5es no trimestre, crescendo em rela\u00e7\u00e3o aos R$ 621,4 milh\u00f5es no mesmo per\u00edodo de 2022. Assim, a margem Ebitda ajustada foi positiva em 11,4%, ante resultado positivo de 12,3% no segundo trimestre do ano anterior.<\/p>\n\n\n\n<p>A Embraer entregou 47 jatos no segundo trimestre, sendo 17 comerciais e 30 executivos (19 leves e 11 m\u00e9dios), com aumento de 47% nas entregas totais em rela\u00e7\u00e3o ao 2T22.<\/p>\n\n\n\n\t<div data-element=\"shortcode-read-more\" class=\"readToo\">\n\t\t\t\t<span class=\"readToo__title\">Leia mais<\/span>\n\t\t\t\t<ul class=\"readToo__list\">\n\t\t\t<li><a href=\"https:\/\/www.suno.com.br\/noticias\/anima-anim3-aumenta-prejuizo-segundo-trimestre-gpj\/\">\u00c2nima (ANIM3) aumenta preju\u00edzo no segundo trimestre, para R$ 50,2 milh\u00f5es<\/a><\/li><li><a href=\"https:\/\/www.suno.com.br\/noticias\/oi-oibr3-2t23-analistas-analisam-perido-turbulento\/\">Per\u00edodo turbulento na Oi (OIBR3): ap\u00f3s o 2T23, h\u00e1 sinais de melhora para a tele? Analistas respondem<\/a><\/li><li><a href=\"https:\/\/www.suno.com.br\/noticias\/porto-pssa3-oportunidade-bilionaria-bancos\/\">Ap\u00f3s resultados no 2T23, Porto (PSSA3) v\u00ea outra oportunidade bilion\u00e1ria entre bancos<\/a><\/li>\t\t<\/ul>\n\t<\/div>\n\n\n\n\t<p>\n\t\t<a href=\"https:\/\/lp.suno.com.br\/ebook-como-analisar-uma-acao\/\" target=\"_blank\" data-element=\"shortcode-suno-banner\" title=\"Banner SUNO, clique e saiba mais\">\n\t\t\t<picture>\n\t\t\t\t<source media=\"(max-width: 500px)\" srcset=\"https:\/\/files.sunoresearch.com.br\/n\/uploads\/2023\/03\/Ebook-Acoes-Mobile.jpg\">\n\t\t\t\t<img class=\"newsContent__article__imgCapa newsContent__article__imgCapa--banner\"\n\t\t\t\t\tsrc=\"https:\/\/files.sunoresearch.com.br\/n\/uploads\/2023\/03\/Ebook-Acoes-Desktop.jpg\"\n\t\t\t\t\tdata-promo-id=\"378302\"\t\t\t\t\t\t\t\t\t\twidth='1420' height='286'\t\t\t\t\talt=\"https:\/\/files.sunoresearch.com.br\/n\/uploads\/2023\/03\/Ebook-Acoes-Desktop.jpg\"\n\t\t\t\t>\n\t\t\t<\/picture>\n\t\t<\/a>\n\t<\/p>\n\n\n\n\n\n<p>A\u00a0<strong><a href=\"https:\/\/www.suno.com.br\/artigos\/o-que-receita-liquida\/\" target=\"_blank\" rel=\"noreferrer noopener\">receita l\u00edquida<\/a>\u00a0da Embraer <\/strong>foi de R$ 6,359 bilh\u00f5es no per\u00edodo de abril a junho de 2023, expandindo 26% ante os R$ 5,044 bilh\u00f5es do segundo trimestre do ano passado. No per\u00edodo, a avia\u00e7\u00e3o comercial cresceu 56%, devido ao maior n\u00famero de entregas, enquanto a avia\u00e7\u00e3o executiva avan\u00e7ou 39%, puxado pelo aumento de volumes e do mix de entregas.<\/p>\n\n\n\n<p>Por outro lado, a receita de defesa e seguran\u00e7a recuou 28% no per\u00edodo devido ao atraso no reconhecimento de receita no primeiro semestre de 2023, informou a companhia. <\/p>\n\n\n\n<p>A <strong>carteira de pedidos firmes da Embraer<\/strong> encerrou o 2T23 est\u00e1vel em US$ 17,3 bilh\u00f5es, com destaque para a avia\u00e7\u00e3o executiva, que apresentou forte desempenho de vendas no segmento.<\/p>\n\n\n\n<p>&#8220;A companhia foi bem sucedida em seus esfor\u00e7os na gest\u00e3o de d\u00edvidas, com redu\u00e7\u00e3o da d\u00edvida bruta em R$ 500 milh\u00f5es e aumento do vencimento. N\u00e3o h\u00e1 altera\u00e7\u00e3o no guidance para 2023 para entregas e resultados financeiros&#8221;, informou a <strong>Embraer<\/strong>.<\/p>\n\n\n\n<h2 class=\"wp-block-heading\">Desempenho das a\u00e7\u00f5es da Embraer<\/h2>\n\n\n\n<div class=\"pluginQuotation\">\n  <p class=\"ticker\">\n    Cota\u00e7\u00e3o <span>EMBR3<\/span>\n  <\/p>\n  <div class=\"info\">\n    <div class=\"leftSide\">\n      Gr\u00e1fico gerado em: 14\/08\/2023    <\/div>\n\t\t\t\t\t<div class=\"rightSide\">\n\t\t\t\t\t<span class=\"period\">\n\t\t\t\t\t\t6 Meses\t\t\t\t\t<\/span>\n\t\t\t<\/div>\n\t\t  <\/div>\n\n  <div id=\"chart-91e88f7c16507560ef36f44ea2787504\" data-block-hash=\"91e88f7c16507560ef36f44ea2787504\"  class=\"chart\" style=\"width:100%;height:400px;\"><\/div>\n\n  <div class=\"pluginQuotation__footer\">\n    <div class=\"dataChart\">\n\n      <div class=\"dataChart__div1 variation\">\n        <div class=\"value-positive\">\n          13,67 (+2,22%)        <\/div>\n        <div class=\"text\">\n          Varia\u00e7\u00e3o do per\u00edodo\n        <\/div>\n      <\/div>\n\n      <div class=\"dataChart__div2 minMax\">\n        <div class=\"value\">\n          R$\u00a016,07        <\/div>\n        <div class=\"text\">\n          M\u00ednima\n        <\/div>\n      <\/div>\n\n      <div class=\"dataChart__div3 minMax\">\n        <div class=\"value\">\n          R$\u00a021,05        <\/div>\n        <div class=\"text\">\n          M\u00e1xima\n        <\/div>\n      <\/div>\n\n\t\t\t<div class=\"dataChart__div4 rightSide\">\n\t\t\t\t<div class=\"analiticaSource\">\n\t\t\t\t\t<span>\n\t\t\t\t\t\tFonte:\n\t\t\t\t\t<\/span>\n\t\t\t\t\t<img decoding=\"async\" class=\"analiticaLogo\" src=\"https:\/\/www.suno.com.br\/noticias\/wp-content\/plugins\/suno-block-ticker-quotation\/src\/suno-analitica-logo.png\" alt=\"Logo Suno Anal\u00edtica\" \/>\n\t\t\t\t<\/div>\n\n\t\t\t\t<a href=\"https:\/\/www.suno.com.br\/analitica\/acoes\/EMBR3\" target=\"_blank\">\n\t\t\t\t\t<span>\n\t\t\t\t\t\tVer mais cota\u00e7\u00f5es\n\t\t\t\t\t<\/span>\n\t\t\t\t\t<svg xmlns=\"http:\/\/www.w3.org\/2000\/svg\" width=\"9\" height=\"8\" viewBox=\"0 0 9 8\" fill=\"none\">\n\t\t\t\t\t\t<path d=\"M4.20996 0L3.50496 0.705L6.29496 3.5H0.209961V4.5H6.29496L3.50496 7.295L4.20996 8L8.20996 4L4.20996 0Z\" fill=\"#D42126\" \/>\n\t\t\t\t\t<\/svg>\n\t\t\t\t<\/a>\n    <\/div>\n\n    <\/div>\n  <\/div>\n<\/div>\n\n\n<script type=\"text\/javascript\">\n  let chart_91e88f7c16507560ef36f44ea2787504 = document.getElementById('chart-91e88f7c16507560ef36f44ea2787504');\n  let data_json_91e88f7c16507560ef36f44ea2787504 = \"[{\\\"date\\\":\\\"14\\\\\\\/02\\\\\\\/23 \\\",\\\"value\\\":16.24},{\\\"date\\\":\\\"15\\\\\\\/02\\\\\\\/23 \\\",\\\"value\\\":16.42},{\\\"date\\\":\\\"16\\\\\\\/02\\\\\\\/23 \\\",\\\"value\\\":16.24},{\\\"date\\\":\\\"17\\\\\\\/02\\\\\\\/23 \\\",\\\"value\\\":16.39},{\\\"date\\\":\\\"22\\\\\\\/02\\\\\\\/23 \\\",\\\"value\\\":16.1},{\\\"date\\\":\\\"23\\\\\\\/02\\\\\\\/23 \\\",\\\"value\\\":16.07},{\\\"date\\\":\\\"24\\\\\\\/02\\\\\\\/23 \\\",\\\"value\\\":16.08},{\\\"date\\\":\\\"27\\\\\\\/02\\\\\\\/23 \\\",\\\"value\\\":16.08},{\\\"date\\\":\\\"28\\\\\\\/02\\\\\\\/23 \\\",\\\"value\\\":16.59},{\\\"date\\\":\\\"01\\\\\\\/03\\\\\\\/23 \\\",\\\"value\\\":16.89},{\\\"date\\\":\\\"02\\\\\\\/03\\\\\\\/23 \\\",\\\"value\\\":17.38},{\\\"date\\\":\\\"03\\\\\\\/03\\\\\\\/23 \\\",\\\"value\\\":17.95},{\\\"date\\\":\\\"06\\\\\\\/03\\\\\\\/23 \\\",\\\"value\\\":18},{\\\"date\\\":\\\"07\\\\\\\/03\\\\\\\/23 \\\",\\\"value\\\":18.23},{\\\"date\\\":\\\"08\\\\\\\/03\\\\\\\/23 \\\",\\\"value\\\":18.15},{\\\"date\\\":\\\"09\\\\\\\/03\\\\\\\/23 \\\",\\\"value\\\":17.98},{\\\"date\\\":\\\"10\\\\\\\/03\\\\\\\/23 \\\",\\\"value\\\":19},{\\\"date\\\":\\\"13\\\\\\\/03\\\\\\\/23 \\\",\\\"value\\\":18.8},{\\\"date\\\":\\\"14\\\\\\\/03\\\\\\\/23 \\\",\\\"value\\\":19.53},{\\\"date\\\":\\\"15\\\\\\\/03\\\\\\\/23 \\\",\\\"value\\\":19.51},{\\\"date\\\":\\\"16\\\\\\\/03\\\\\\\/23 \\\",\\\"value\\\":19.99},{\\\"date\\\":\\\"17\\\\\\\/03\\\\\\\/23 \\\",\\\"value\\\":20.17},{\\\"date\\\":\\\"20\\\\\\\/03\\\\\\\/23 \\\",\\\"value\\\":19.95},{\\\"date\\\":\\\"21\\\\\\\/03\\\\\\\/23 \\\",\\\"value\\\":20.28},{\\\"date\\\":\\\"22\\\\\\\/03\\\\\\\/23 \\\",\\\"value\\\":20.18},{\\\"date\\\":\\\"23\\\\\\\/03\\\\\\\/23 \\\",\\\"value\\\":20.54},{\\\"date\\\":\\\"24\\\\\\\/03\\\\\\\/23 \\\",\\\"value\\\":20.5},{\\\"date\\\":\\\"27\\\\\\\/03\\\\\\\/23 \\\",\\\"value\\\":20.45},{\\\"date\\\":\\\"28\\\\\\\/03\\\\\\\/23 \\\",\\\"value\\\":20.59},{\\\"date\\\":\\\"29\\\\\\\/03\\\\\\\/23 \\\",\\\"value\\\":21.05},{\\\"date\\\":\\\"30\\\\\\\/03\\\\\\\/23 \\\",\\\"value\\\":20.98},{\\\"date\\\":\\\"31\\\\\\\/03\\\\\\\/23 \\\",\\\"value\\\":20.79},{\\\"date\\\":\\\"03\\\\\\\/04\\\\\\\/23 \\\",\\\"value\\\":20.66},{\\\"date\\\":\\\"04\\\\\\\/04\\\\\\\/23 \\\",\\\"value\\\":20.81},{\\\"date\\\":\\\"05\\\\\\\/04\\\\\\\/23 \\\",\\\"value\\\":19.72},{\\\"date\\\":\\\"06\\\\\\\/04\\\\\\\/23 \\\",\\\"value\\\":19.65},{\\\"date\\\":\\\"10\\\\\\\/04\\\\\\\/23 \\\",\\\"value\\\":19.88},{\\\"date\\\":\\\"11\\\\\\\/04\\\\\\\/23 \\\",\\\"value\\\":20.5},{\\\"date\\\":\\\"12\\\\\\\/04\\\\\\\/23 \\\",\\\"value\\\":20.21},{\\\"date\\\":\\\"13\\\\\\\/04\\\\\\\/23 \\\",\\\"value\\\":20.27},{\\\"date\\\":\\\"14\\\\\\\/04\\\\\\\/23 \\\",\\\"value\\\":20.47},{\\\"date\\\":\\\"17\\\\\\\/04\\\\\\\/23 \\\",\\\"value\\\":20.43},{\\\"date\\\":\\\"18\\\\\\\/04\\\\\\\/23 \\\",\\\"value\\\":20.59},{\\\"date\\\":\\\"19\\\\\\\/04\\\\\\\/23 \\\",\\\"value\\\":20.76},{\\\"date\\\":\\\"20\\\\\\\/04\\\\\\\/23 \\\",\\\"value\\\":20.25},{\\\"date\\\":\\\"24\\\\\\\/04\\\\\\\/23 \\\",\\\"value\\\":20.19},{\\\"date\\\":\\\"25\\\\\\\/04\\\\\\\/23 \\\",\\\"value\\\":19.82},{\\\"date\\\":\\\"26\\\\\\\/04\\\\\\\/23 \\\",\\\"value\\\":19.66},{\\\"date\\\":\\\"27\\\\\\\/04\\\\\\\/23 \\\",\\\"value\\\":19.19},{\\\"date\\\":\\\"28\\\\\\\/04\\\\\\\/23 \\\",\\\"value\\\":19.42},{\\\"date\\\":\\\"02\\\\\\\/05\\\\\\\/23 \\\",\\\"value\\\":19.22},{\\\"date\\\":\\\"03\\\\\\\/05\\\\\\\/23 \\\",\\\"value\\\":18.74},{\\\"date\\\":\\\"04\\\\\\\/05\\\\\\\/23 \\\",\\\"value\\\":16.92},{\\\"date\\\":\\\"05\\\\\\\/05\\\\\\\/23 \\\",\\\"value\\\":16.5},{\\\"date\\\":\\\"08\\\\\\\/05\\\\\\\/23 \\\",\\\"value\\\":16.4},{\\\"date\\\":\\\"09\\\\\\\/05\\\\\\\/23 \\\",\\\"value\\\":16.45},{\\\"date\\\":\\\"10\\\\\\\/05\\\\\\\/23 \\\",\\\"value\\\":16.81},{\\\"date\\\":\\\"11\\\\\\\/05\\\\\\\/23 \\\",\\\"value\\\":17.08},{\\\"date\\\":\\\"12\\\\\\\/05\\\\\\\/23 \\\",\\\"value\\\":17.55},{\\\"date\\\":\\\"15\\\\\\\/05\\\\\\\/23 \\\",\\\"value\\\":17.65},{\\\"date\\\":\\\"16\\\\\\\/05\\\\\\\/23 \\\",\\\"value\\\":17.85},{\\\"date\\\":\\\"17\\\\\\\/05\\\\\\\/23 \\\",\\\"value\\\":18.1},{\\\"date\\\":\\\"18\\\\\\\/05\\\\\\\/23 \\\",\\\"value\\\":18.08},{\\\"date\\\":\\\"19\\\\\\\/05\\\\\\\/23 \\\",\\\"value\\\":18.02},{\\\"date\\\":\\\"22\\\\\\\/05\\\\\\\/23 \\\",\\\"value\\\":18.03},{\\\"date\\\":\\\"23\\\\\\\/05\\\\\\\/23 \\\",\\\"value\\\":17.76},{\\\"date\\\":\\\"24\\\\\\\/05\\\\\\\/23 \\\",\\\"value\\\":17.39},{\\\"date\\\":\\\"25\\\\\\\/05\\\\\\\/23 \\\",\\\"value\\\":18.08},{\\\"date\\\":\\\"26\\\\\\\/05\\\\\\\/23 \\\",\\\"value\\\":18.48},{\\\"date\\\":\\\"29\\\\\\\/05\\\\\\\/23 \\\",\\\"value\\\":18.81},{\\\"date\\\":\\\"30\\\\\\\/05\\\\\\\/23 \\\",\\\"value\\\":18.88},{\\\"date\\\":\\\"31\\\\\\\/05\\\\\\\/23 \\\",\\\"value\\\":19.02},{\\\"date\\\":\\\"01\\\\\\\/06\\\\\\\/23 \\\",\\\"value\\\":19.46},{\\\"date\\\":\\\"02\\\\\\\/06\\\\\\\/23 \\\",\\\"value\\\":19.49},{\\\"date\\\":\\\"05\\\\\\\/06\\\\\\\/23 \\\",\\\"value\\\":19.45},{\\\"date\\\":\\\"06\\\\\\\/06\\\\\\\/23 \\\",\\\"value\\\":19.55},{\\\"date\\\":\\\"07\\\\\\\/06\\\\\\\/23 \\\",\\\"value\\\":19.24},{\\\"date\\\":\\\"09\\\\\\\/06\\\\\\\/23 \\\",\\\"value\\\":19.51},{\\\"date\\\":\\\"12\\\\\\\/06\\\\\\\/23 \\\",\\\"value\\\":19.67},{\\\"date\\\":\\\"13\\\\\\\/06\\\\\\\/23 \\\",\\\"value\\\":20.08},{\\\"date\\\":\\\"14\\\\\\\/06\\\\\\\/23 \\\",\\\"value\\\":20.4},{\\\"date\\\":\\\"15\\\\\\\/06\\\\\\\/23 \\\",\\\"value\\\":20.55},{\\\"date\\\":\\\"16\\\\\\\/06\\\\\\\/23 \\\",\\\"value\\\":20.13},{\\\"date\\\":\\\"19\\\\\\\/06\\\\\\\/23 \\\",\\\"value\\\":20.2},{\\\"date\\\":\\\"20\\\\\\\/06\\\\\\\/23 \\\",\\\"value\\\":19.26},{\\\"date\\\":\\\"21\\\\\\\/06\\\\\\\/23 \\\",\\\"value\\\":17.83},{\\\"date\\\":\\\"22\\\\\\\/06\\\\\\\/23 \\\",\\\"value\\\":17.27},{\\\"date\\\":\\\"23\\\\\\\/06\\\\\\\/23 \\\",\\\"value\\\":17.31},{\\\"date\\\":\\\"26\\\\\\\/06\\\\\\\/23 \\\",\\\"value\\\":17.06},{\\\"date\\\":\\\"27\\\\\\\/06\\\\\\\/23 \\\",\\\"value\\\":17.43},{\\\"date\\\":\\\"28\\\\\\\/06\\\\\\\/23 \\\",\\\"value\\\":18.18},{\\\"date\\\":\\\"29\\\\\\\/06\\\\\\\/23 \\\",\\\"value\\\":18.43},{\\\"date\\\":\\\"30\\\\\\\/06\\\\\\\/23 \\\",\\\"value\\\":18.54},{\\\"date\\\":\\\"03\\\\\\\/07\\\\\\\/23 \\\",\\\"value\\\":18.4},{\\\"date\\\":\\\"04\\\\\\\/07\\\\\\\/23 \\\",\\\"value\\\":18.3},{\\\"date\\\":\\\"05\\\\\\\/07\\\\\\\/23 \\\",\\\"value\\\":18.75},{\\\"date\\\":\\\"06\\\\\\\/07\\\\\\\/23 \\\",\\\"value\\\":18.6},{\\\"date\\\":\\\"07\\\\\\\/07\\\\\\\/23 \\\",\\\"value\\\":18.23},{\\\"date\\\":\\\"10\\\\\\\/07\\\\\\\/23 \\\",\\\"value\\\":18.13},{\\\"date\\\":\\\"11\\\\\\\/07\\\\\\\/23 \\\",\\\"value\\\":17.98},{\\\"date\\\":\\\"12\\\\\\\/07\\\\\\\/23 \\\",\\\"value\\\":17.72},{\\\"date\\\":\\\"13\\\\\\\/07\\\\\\\/23 \\\",\\\"value\\\":17.96},{\\\"date\\\":\\\"14\\\\\\\/07\\\\\\\/23 \\\",\\\"value\\\":17.45},{\\\"date\\\":\\\"17\\\\\\\/07\\\\\\\/23 \\\",\\\"value\\\":17.5},{\\\"date\\\":\\\"18\\\\\\\/07\\\\\\\/23 \\\",\\\"value\\\":17.32},{\\\"date\\\":\\\"19\\\\\\\/07\\\\\\\/23 \\\",\\\"value\\\":17.39},{\\\"date\\\":\\\"20\\\\\\\/07\\\\\\\/23 \\\",\\\"value\\\":17.18},{\\\"date\\\":\\\"21\\\\\\\/07\\\\\\\/23 \\\",\\\"value\\\":17.61},{\\\"date\\\":\\\"24\\\\\\\/07\\\\\\\/23 \\\",\\\"value\\\":18.38},{\\\"date\\\":\\\"25\\\\\\\/07\\\\\\\/23 \\\",\\\"value\\\":18.22},{\\\"date\\\":\\\"26\\\\\\\/07\\\\\\\/23 \\\",\\\"value\\\":18.2},{\\\"date\\\":\\\"27\\\\\\\/07\\\\\\\/23 \\\",\\\"value\\\":18.13},{\\\"date\\\":\\\"28\\\\\\\/07\\\\\\\/23 \\\",\\\"value\\\":18.37},{\\\"date\\\":\\\"31\\\\\\\/07\\\\\\\/23 \\\",\\\"value\\\":18.51},{\\\"date\\\":\\\"01\\\\\\\/08\\\\\\\/23 \\\",\\\"value\\\":18.75},{\\\"date\\\":\\\"02\\\\\\\/08\\\\\\\/23 \\\",\\\"value\\\":18.67},{\\\"date\\\":\\\"03\\\\\\\/08\\\\\\\/23 \\\",\\\"value\\\":18.42},{\\\"date\\\":\\\"04\\\\\\\/08\\\\\\\/23 \\\",\\\"value\\\":17.5},{\\\"date\\\":\\\"07\\\\\\\/08\\\\\\\/23 \\\",\\\"value\\\":17.88},{\\\"date\\\":\\\"08\\\\\\\/08\\\\\\\/23 \\\",\\\"value\\\":18.03},{\\\"date\\\":\\\"09\\\\\\\/08\\\\\\\/23 \\\",\\\"value\\\":18.03},{\\\"date\\\":\\\"10\\\\\\\/08\\\\\\\/23 \\\",\\\"value\\\":18.03},{\\\"date\\\":\\\"11\\\\\\\/08\\\\\\\/23 \\\",\\\"value\\\":18.46}]\";\n  let isPositive_91e88f7c16507560ef36f44ea2787504 = true;\n\n  let color_91e88f7c16507560ef36f44ea2787504 = isPositive_91e88f7c16507560ef36f44ea2787504 ? '#3AB53A' : '#D92C2D';\n\n  let data_91e88f7c16507560ef36f44ea2787504 = JSON.parse(data_json_91e88f7c16507560ef36f44ea2787504);\n\n  const result_91e88f7c16507560ef36f44ea2787504 = {\n    date: [],\n    value: [],\n  };\n\n  data_91e88f7c16507560ef36f44ea2787504.forEach((item) => {\n    result_91e88f7c16507560ef36f44ea2787504.date.push(item.date);\n    result_91e88f7c16507560ef36f44ea2787504.value.push(Number(item.value));\n  });\n\n  let option_91e88f7c16507560ef36f44ea2787504 = {\n    \/\/ variavel de cor global\n    color: [color_91e88f7c16507560ef36f44ea2787504],\n    title: {\n      text: '',\n    },\n    tooltip: {\n      trigger: 'axis',\n      axisPointer: {\n        type: 'cross',\n        label: {\n          \/\/ cor dos valores em X e Y\n          backgroundColor: color_91e88f7c16507560ef36f44ea2787504,\n          formatter: (value) => {\n            if (typeof value.value === 'number') {\n              return Number(value.value).toLocaleString('pt-br', {\n                style: 'currency',\n                currency: 'BRL'\n              });\n            }\n            return value.value;\n          },\n        },\n      },\n      valueFormatter: (value) => Number(value).toLocaleString('pt-br', {\n        style: 'currency',\n        currency: 'BRL'\n      }),\n    },\n    legend: {\n      \/\/ data: ['Valor de Fechamento'],\n      show: false,\n    },\n    toolbox: {\n      feature: {\n        saveAsImage: {\n          show: false,\n        },\n      },\n    },\n    grid: {\n      left: '0px',\n      right: '0px',\n      bottom: '0px',\n      containLabel: true,\n    },\n    xAxis: [{\n      type: 'category',\n      data: result_91e88f7c16507560ef36f44ea2787504.date,\n      boundaryGap: true,\n    }],\n    yAxis: [{\n      type: 'value',\n      min: Math.min(...result_91e88f7c16507560ef36f44ea2787504.value),\n      max: Math.max(...result_91e88f7c16507560ef36f44ea2787504.value),\n      axisLabel: {\n        formatter: (value) => value.toLocaleString('pt-br', {\n          style: 'currency',\n          currency: 'BRL'\n        }),\n      },\n    }],\n    series: [{\n      name: 'Valor de Fechamento',\n      type: 'line',\n      stack: 'Total',\n      \/\/ cor do grafico\n      areaStyle: {},\n      emphasis: {\n        focus: 'series',\n      },\n      data: result_91e88f7c16507560ef36f44ea2787504.value,\n      \/\/ cor da linha\n      lineStyle: {\n        color: color_91e88f7c16507560ef36f44ea2787504,\n      },\n    }, ],\n  };\n\n\twindow.chart_91e88f7c16507560ef36f44ea2787504 = {\n\t\tel: chart_91e88f7c16507560ef36f44ea2787504,\n\t\toption: option_91e88f7c16507560ef36f44ea2787504\t};\n\n\n<\/script>\n\n\n\t<p>\n\t\t<a href=\"https:\/\/lp.suno.com.br\/planilha-da-vida-financeira\/\" target=\"_blank\" data-element=\"shortcode-suno-banner\" title=\"Banner SUNO, clique e saiba mais\">\n\t\t\t<picture>\n\t\t\t\t<source media=\"(max-width: 500px)\" srcset=\"https:\/\/files.sunoresearch.com.br\/n\/uploads\/2023\/04\/400x300-Planilha-vida-financeira-true.png\">\n\t\t\t\t<img class=\"newsContent__article__imgCapa newsContent__article__imgCapa--banner\"\n\t\t\t\t\tsrc=\"https:\/\/files.sunoresearch.com.br\/n\/uploads\/2023\/04\/1420x240-Planilha-vida-financeira-true.png\"\n\t\t\t\t\tdata-promo-id=\"383123\"\t\t\t\t\t\t\t\t\t\twidth='1420' height='240'\t\t\t\t\talt=\"https:\/\/files.sunoresearch.com.br\/n\/uploads\/2023\/04\/1420x240-Planilha-vida-financeira-true.png\"\n\t\t\t\t>\n\t\t\t<\/picture>\n\t\t<\/a>\n\t<\/p>\n\n\n","protected":false},"excerpt":{"rendered":"<p>A\u00a0Embraer\u00a0(EMBR3)\u00a0reportou lucro l\u00edquido ajustado de R$ 279,3 milh\u00f5es no segundo trimestre de 2023 (2T23), aumento de 20% frente ao lucro de R$ 232,8 milh\u00f5es registrado no mesmo per\u00edodo do ano passado. Embraer (EMBR3) &#8211; Foto: Divulga\u00e7\u00e3o De abril a junho, considerando o resultado atribu\u00eddo aos acionistas, a Embraer registrou um preju\u00edzo de R$ 96,2 milh\u00f5es, [&hellip;]<\/p>\n","protected":false},"author":313,"featured_media":130238,"comment_status":"closed","ping_status":"closed","sticky":false,"template":"","format":"standard","meta":[],"categories":[64],"tags":[1029,460,1607],"suno_strategy":[],"class_list":["post-442110","post","type-post","status-publish","format-standard","has-post-thumbnail","hentry","category-negocios","tag-balancos-trimestrais","tag-embraer-embr3","tag-resultado-das-empresas"],"yoast_head":"<!-- This site is optimized with the Yoast SEO plugin v24.4 - https:\/\/yoast.com\/wordpress\/plugins\/seo\/ -->\n<title>Embraer (EMBR3): lucro l\u00edquido ajustado sobe 20% no 2T23, a R$ 279 mi<\/title>\n<meta name=\"description\" content=\"A\u00a0Embraer\u00a0reportou lucro l\u00edquido ajustado de R$ 279,3 milh\u00f5es no 2T23, aumento de 20% frente ao lucro de R$ 232,8 milh\u00f5es registrado no 2T22.\" \/>\n<meta name=\"robots\" content=\"index, follow, max-snippet:-1, max-image-preview:large, max-video-preview:-1\" \/>\n<link rel=\"canonical\" href=\"https:\/\/www.suno.com.br\/noticias\/embraer-embr3-lucro-liquido-ajustado-aumenta-gpj\/\" \/>\n<meta property=\"og:locale\" content=\"pt_BR\" \/>\n<meta property=\"og:type\" content=\"article\" \/>\n<meta property=\"og:title\" content=\"Embraer (EMBR3): lucro l\u00edquido ajustado sobe 20% no 2T23, a R$ 279 mi\" \/>\n<meta property=\"og:description\" content=\"A\u00a0Embraer\u00a0reportou lucro l\u00edquido ajustado de R$ 279,3 milh\u00f5es no 2T23, aumento de 20% frente ao lucro de R$ 232,8 milh\u00f5es registrado no 2T22.\" \/>\n<meta property=\"og:url\" content=\"https:\/\/www.suno.com.br\/noticias\/embraer-embr3-lucro-liquido-ajustado-aumenta-gpj\/\" \/>\n<meta property=\"og:site_name\" content=\"Suno Not\u00edcias\" \/>\n<meta property=\"article:publisher\" content=\"https:\/\/facebook.com\/sunoresearch\" \/>\n<meta property=\"og:image\" content=\"https:\/\/files.sunoresearch.com.br\/n\/uploads\/2021\/03\/8031a286-embraer1.jpg\" \/>\n\t<meta property=\"og:image:width\" content=\"1200\" \/>\n\t<meta property=\"og:image:height\" content=\"800\" \/>\n\t<meta property=\"og:image:type\" content=\"image\/jpeg\" \/>\n<meta name=\"author\" content=\"Giovanni Porf\u00edrio Jacomino\" \/>\n<meta name=\"twitter:card\" content=\"summary_large_image\" \/>\n<meta name=\"twitter:creator\" content=\"@sunoresearch\" \/>\n<meta name=\"twitter:site\" content=\"@sunoresearch\" \/>\n<meta name=\"twitter:label1\" content=\"Escrito por\" \/>\n\t<meta name=\"twitter:data1\" content=\"Giovanni Porf\u00edrio Jacomino\" \/>\n\t<meta name=\"twitter:label2\" content=\"Est. tempo de leitura\" \/>\n\t<meta name=\"twitter:data2\" content=\"3 minutos\" \/>\n<script type=\"application\/ld+json\" class=\"yoast-schema-graph\">{\"@context\":\"https:\/\/schema.org\",\"@graph\":[{\"@type\":\"NewsArticle\",\"@id\":\"https:\/\/www.suno.com.br\/noticias\/embraer-embr3-lucro-liquido-ajustado-aumenta-gpj\/#article\",\"isPartOf\":{\"@id\":\"https:\/\/www.suno.com.br\/noticias\/embraer-embr3-lucro-liquido-ajustado-aumenta-gpj\/\"},\"author\":{\"name\":\"Giovanni Porf\u00edrio Jacomino\",\"@id\":\"https:\/\/www.suno.com.br\/noticias\/#\/schema\/person\/d0f32748bbca4bee871fa191ee4e2d40\"},\"headline\":\"Embraer (EMBR3): lucro l\u00edquido ajustado aumenta 20% no 2T23, para R$ 279 milh\u00f5es\",\"datePublished\":\"2023-08-14T11:23:19+00:00\",\"dateModified\":\"2023-08-14T11:24:45+00:00\",\"mainEntityOfPage\":{\"@id\":\"https:\/\/www.suno.com.br\/noticias\/embraer-embr3-lucro-liquido-ajustado-aumenta-gpj\/\"},\"wordCount\":391,\"publisher\":{\"@id\":\"https:\/\/www.suno.com.br\/noticias\/#organization\"},\"image\":{\"@id\":\"https:\/\/www.suno.com.br\/noticias\/embraer-embr3-lucro-liquido-ajustado-aumenta-gpj\/#primaryimage\"},\"thumbnailUrl\":\"https:\/\/files.sunoresearch.com.br\/n\/uploads\/2021\/03\/8031a286-embraer1-jpg.webp\",\"keywords\":[\"balan\u00e7os trimestrais\",\"Embraer (EMBR3)\",\"Resultado das empresas\"],\"articleSection\":[\"Neg\u00f3cios\"],\"inLanguage\":\"pt-BR\"},{\"@type\":\"WebPage\",\"@id\":\"https:\/\/www.suno.com.br\/noticias\/embraer-embr3-lucro-liquido-ajustado-aumenta-gpj\/\",\"url\":\"https:\/\/www.suno.com.br\/noticias\/embraer-embr3-lucro-liquido-ajustado-aumenta-gpj\/\",\"name\":\"Embraer (EMBR3): lucro l\u00edquido ajustado sobe 20% no 2T23, a R$ 279 mi\",\"isPartOf\":{\"@id\":\"https:\/\/www.suno.com.br\/noticias\/#website\"},\"primaryImageOfPage\":{\"@id\":\"https:\/\/www.suno.com.br\/noticias\/embraer-embr3-lucro-liquido-ajustado-aumenta-gpj\/#primaryimage\"},\"image\":{\"@id\":\"https:\/\/www.suno.com.br\/noticias\/embraer-embr3-lucro-liquido-ajustado-aumenta-gpj\/#primaryimage\"},\"thumbnailUrl\":\"https:\/\/files.sunoresearch.com.br\/n\/uploads\/2021\/03\/8031a286-embraer1-jpg.webp\",\"datePublished\":\"2023-08-14T11:23:19+00:00\",\"dateModified\":\"2023-08-14T11:24:45+00:00\",\"description\":\"A\u00a0Embraer\u00a0reportou lucro l\u00edquido ajustado de R$ 279,3 milh\u00f5es no 2T23, aumento de 20% frente ao lucro de R$ 232,8 milh\u00f5es registrado no 2T22.\",\"breadcrumb\":{\"@id\":\"https:\/\/www.suno.com.br\/noticias\/embraer-embr3-lucro-liquido-ajustado-aumenta-gpj\/#breadcrumb\"},\"inLanguage\":\"pt-BR\",\"potentialAction\":[{\"@type\":\"ReadAction\",\"target\":[\"https:\/\/www.suno.com.br\/noticias\/embraer-embr3-lucro-liquido-ajustado-aumenta-gpj\/\"]}]},{\"@type\":\"ImageObject\",\"inLanguage\":\"pt-BR\",\"@id\":\"https:\/\/www.suno.com.br\/noticias\/embraer-embr3-lucro-liquido-ajustado-aumenta-gpj\/#primaryimage\",\"url\":\"https:\/\/files.sunoresearch.com.br\/n\/uploads\/2021\/03\/8031a286-embraer1-jpg.webp\",\"contentUrl\":\"https:\/\/files.sunoresearch.com.br\/n\/uploads\/2021\/03\/8031a286-embraer1-jpg.webp\",\"width\":1200,\"height\":800,\"caption\":\"Embraer (EMBR3) - Foto: Divulga\u00e7\u00e3o\"},{\"@type\":\"BreadcrumbList\",\"@id\":\"https:\/\/www.suno.com.br\/noticias\/embraer-embr3-lucro-liquido-ajustado-aumenta-gpj\/#breadcrumb\",\"itemListElement\":[{\"@type\":\"ListItem\",\"position\":1,\"name\":\"Not\u00edcias\",\"item\":\"https:\/\/www.suno.com.br\/noticias\/\"},{\"@type\":\"ListItem\",\"position\":2,\"name\":\"Neg\u00f3cios\",\"item\":\"https:\/\/www.suno.com.br\/noticias\/negocios\/\"},{\"@type\":\"ListItem\",\"position\":3,\"name\":\"Embraer (EMBR3): lucro l\u00edquido ajustado aumenta 20% no 2T23, para R$ 279 milh\u00f5es\"}]},{\"@type\":\"WebSite\",\"@id\":\"https:\/\/www.suno.com.br\/noticias\/#website\",\"url\":\"https:\/\/www.suno.com.br\/noticias\/\",\"name\":\"Suno Not\u00edcias\",\"description\":\"Seu portal de informa\u00e7\u00e3o sobre o mundo dos investimentos\",\"publisher\":{\"@id\":\"https:\/\/www.suno.com.br\/noticias\/#organization\"},\"potentialAction\":[{\"@type\":\"SearchAction\",\"target\":{\"@type\":\"EntryPoint\",\"urlTemplate\":\"https:\/\/www.suno.com.br\/noticias\/?s={search_term_string}\"},\"query-input\":{\"@type\":\"PropertyValueSpecification\",\"valueRequired\":true,\"valueName\":\"search_term_string\"}}],\"inLanguage\":\"pt-BR\"},{\"@type\":\"Organization\",\"@id\":\"https:\/\/www.suno.com.br\/noticias\/#organization\",\"name\":\"Suno Not\u00edcias\",\"url\":\"https:\/\/www.suno.com.br\/noticias\/\",\"logo\":{\"@type\":\"ImageObject\",\"inLanguage\":\"pt-BR\",\"@id\":\"https:\/\/www.suno.com.br\/noticias\/#\/schema\/logo\/image\/\",\"url\":\"https:\/\/files.sunoresearch.com.br\/n\/uploads\/2021\/09\/suno-logo.png\",\"contentUrl\":\"https:\/\/files.sunoresearch.com.br\/n\/uploads\/2021\/09\/suno-logo.png\",\"width\":180,\"height\":180,\"caption\":\"Suno Not\u00edcias\"},\"image\":{\"@id\":\"https:\/\/www.suno.com.br\/noticias\/#\/schema\/logo\/image\/\"},\"sameAs\":[\"https:\/\/facebook.com\/sunoresearch\",\"https:\/\/x.com\/sunoresearch\",\"https:\/\/www.instagram.com\/suno\",\"https:\/\/www.linkedin.com\/company\/suno-research\/\",\"https:\/\/www.youtube.com\/c\/sunoresearch\"]},{\"@type\":\"Person\",\"@id\":\"https:\/\/www.suno.com.br\/noticias\/#\/schema\/person\/d0f32748bbca4bee871fa191ee4e2d40\",\"name\":\"Giovanni Porf\u00edrio Jacomino\",\"image\":{\"@type\":\"ImageObject\",\"inLanguage\":\"pt-BR\",\"@id\":\"https:\/\/www.suno.com.br\/noticias\/#\/schema\/person\/image\/\",\"url\":\"https:\/\/secure.gravatar.com\/avatar\/efb32e19b730a121cb7a80f41ffec01a?s=96&r=g\",\"contentUrl\":\"https:\/\/secure.gravatar.com\/avatar\/efb32e19b730a121cb7a80f41ffec01a?s=96&r=g\",\"caption\":\"Giovanni Porf\u00edrio Jacomino\"},\"description\":\"Giovanni Porf\u00edrio Jacomino \u00e9 jornalista formado pela Universidade Estadual de Londrina (UEL) e p\u00f3s-graduado em Produ\u00e7\u00e3o e Pr\u00e1ticas Jornal\u00edsticas na Contemporaneidade na Faculdade C\u00e1sper L\u00edbero (FCL). Foi editor web no Startupi e no Finsiders, atuando ainda como editor no TC Mover, portal de not\u00edcias da TradersClub, fazendo a cobertura de assuntos relacionados ao mercado financeiro interno e externo. Atualmente, \u00e9 Rep\u00f3rter do Suno Not\u00edcias.\",\"url\":\"https:\/\/www.suno.com.br\/noticias\/author\/giovanni-porfiriosuno-com-br\/\"}]}<\/script>\n<!-- \/ Yoast SEO plugin. -->","yoast_head_json":{"title":"Embraer (EMBR3): lucro l\u00edquido ajustado sobe 20% no 2T23, a R$ 279 mi","description":"A\u00a0Embraer\u00a0reportou lucro l\u00edquido ajustado de R$ 279,3 milh\u00f5es no 2T23, aumento de 20% frente ao lucro de R$ 232,8 milh\u00f5es registrado no 2T22.","robots":{"index":"index","follow":"follow","max-snippet":"max-snippet:-1","max-image-preview":"max-image-preview:large","max-video-preview":"max-video-preview:-1"},"canonical":"https:\/\/www.suno.com.br\/noticias\/embraer-embr3-lucro-liquido-ajustado-aumenta-gpj\/","og_locale":"pt_BR","og_type":"article","og_title":"Embraer (EMBR3): lucro l\u00edquido ajustado sobe 20% no 2T23, a R$ 279 mi","og_description":"A\u00a0Embraer\u00a0reportou lucro l\u00edquido ajustado de R$ 279,3 milh\u00f5es no 2T23, aumento de 20% frente ao lucro de R$ 232,8 milh\u00f5es registrado no 2T22.","og_url":"https:\/\/www.suno.com.br\/noticias\/embraer-embr3-lucro-liquido-ajustado-aumenta-gpj\/","og_site_name":"Suno Not\u00edcias","article_publisher":"https:\/\/facebook.com\/sunoresearch","og_image":[{"width":1200,"height":800,"url":"https:\/\/files.sunoresearch.com.br\/n\/uploads\/2021\/03\/8031a286-embraer1.jpg","type":"image\/jpeg"}],"author":"Giovanni Porf\u00edrio Jacomino","twitter_card":"summary_large_image","twitter_creator":"@sunoresearch","twitter_site":"@sunoresearch","twitter_misc":{"Escrito por":"Giovanni Porf\u00edrio Jacomino","Est. tempo de leitura":"3 minutos"},"schema":{"@context":"https:\/\/schema.org","@graph":[{"@type":"NewsArticle","@id":"https:\/\/www.suno.com.br\/noticias\/embraer-embr3-lucro-liquido-ajustado-aumenta-gpj\/#article","isPartOf":{"@id":"https:\/\/www.suno.com.br\/noticias\/embraer-embr3-lucro-liquido-ajustado-aumenta-gpj\/"},"author":{"name":"Giovanni Porf\u00edrio Jacomino","@id":"https:\/\/www.suno.com.br\/noticias\/#\/schema\/person\/d0f32748bbca4bee871fa191ee4e2d40"},"headline":"Embraer (EMBR3): lucro l\u00edquido ajustado aumenta 20% no 2T23, para R$ 279 milh\u00f5es","datePublished":"2023-08-14T11:23:19+00:00","dateModified":"2023-08-14T11:24:45+00:00","mainEntityOfPage":{"@id":"https:\/\/www.suno.com.br\/noticias\/embraer-embr3-lucro-liquido-ajustado-aumenta-gpj\/"},"wordCount":391,"publisher":{"@id":"https:\/\/www.suno.com.br\/noticias\/#organization"},"image":{"@id":"https:\/\/www.suno.com.br\/noticias\/embraer-embr3-lucro-liquido-ajustado-aumenta-gpj\/#primaryimage"},"thumbnailUrl":"https:\/\/files.sunoresearch.com.br\/n\/uploads\/2021\/03\/8031a286-embraer1-jpg.webp","keywords":["balan\u00e7os trimestrais","Embraer (EMBR3)","Resultado das empresas"],"articleSection":["Neg\u00f3cios"],"inLanguage":"pt-BR"},{"@type":"WebPage","@id":"https:\/\/www.suno.com.br\/noticias\/embraer-embr3-lucro-liquido-ajustado-aumenta-gpj\/","url":"https:\/\/www.suno.com.br\/noticias\/embraer-embr3-lucro-liquido-ajustado-aumenta-gpj\/","name":"Embraer (EMBR3): lucro l\u00edquido ajustado sobe 20% no 2T23, a R$ 279 mi","isPartOf":{"@id":"https:\/\/www.suno.com.br\/noticias\/#website"},"primaryImageOfPage":{"@id":"https:\/\/www.suno.com.br\/noticias\/embraer-embr3-lucro-liquido-ajustado-aumenta-gpj\/#primaryimage"},"image":{"@id":"https:\/\/www.suno.com.br\/noticias\/embraer-embr3-lucro-liquido-ajustado-aumenta-gpj\/#primaryimage"},"thumbnailUrl":"https:\/\/files.sunoresearch.com.br\/n\/uploads\/2021\/03\/8031a286-embraer1-jpg.webp","datePublished":"2023-08-14T11:23:19+00:00","dateModified":"2023-08-14T11:24:45+00:00","description":"A\u00a0Embraer\u00a0reportou lucro l\u00edquido ajustado de R$ 279,3 milh\u00f5es no 2T23, aumento de 20% frente ao lucro de R$ 232,8 milh\u00f5es registrado no 2T22.","breadcrumb":{"@id":"https:\/\/www.suno.com.br\/noticias\/embraer-embr3-lucro-liquido-ajustado-aumenta-gpj\/#breadcrumb"},"inLanguage":"pt-BR","potentialAction":[{"@type":"ReadAction","target":["https:\/\/www.suno.com.br\/noticias\/embraer-embr3-lucro-liquido-ajustado-aumenta-gpj\/"]}]},{"@type":"ImageObject","inLanguage":"pt-BR","@id":"https:\/\/www.suno.com.br\/noticias\/embraer-embr3-lucro-liquido-ajustado-aumenta-gpj\/#primaryimage","url":"https:\/\/files.sunoresearch.com.br\/n\/uploads\/2021\/03\/8031a286-embraer1-jpg.webp","contentUrl":"https:\/\/files.sunoresearch.com.br\/n\/uploads\/2021\/03\/8031a286-embraer1-jpg.webp","width":1200,"height":800,"caption":"Embraer (EMBR3) - Foto: Divulga\u00e7\u00e3o"},{"@type":"BreadcrumbList","@id":"https:\/\/www.suno.com.br\/noticias\/embraer-embr3-lucro-liquido-ajustado-aumenta-gpj\/#breadcrumb","itemListElement":[{"@type":"ListItem","position":1,"name":"Not\u00edcias","item":"https:\/\/www.suno.com.br\/noticias\/"},{"@type":"ListItem","position":2,"name":"Neg\u00f3cios","item":"https:\/\/www.suno.com.br\/noticias\/negocios\/"},{"@type":"ListItem","position":3,"name":"Embraer (EMBR3): lucro l\u00edquido ajustado aumenta 20% no 2T23, para R$ 279 milh\u00f5es"}]},{"@type":"WebSite","@id":"https:\/\/www.suno.com.br\/noticias\/#website","url":"https:\/\/www.suno.com.br\/noticias\/","name":"Suno Not\u00edcias","description":"Seu portal de informa\u00e7\u00e3o sobre o mundo dos investimentos","publisher":{"@id":"https:\/\/www.suno.com.br\/noticias\/#organization"},"potentialAction":[{"@type":"SearchAction","target":{"@type":"EntryPoint","urlTemplate":"https:\/\/www.suno.com.br\/noticias\/?s={search_term_string}"},"query-input":{"@type":"PropertyValueSpecification","valueRequired":true,"valueName":"search_term_string"}}],"inLanguage":"pt-BR"},{"@type":"Organization","@id":"https:\/\/www.suno.com.br\/noticias\/#organization","name":"Suno Not\u00edcias","url":"https:\/\/www.suno.com.br\/noticias\/","logo":{"@type":"ImageObject","inLanguage":"pt-BR","@id":"https:\/\/www.suno.com.br\/noticias\/#\/schema\/logo\/image\/","url":"https:\/\/files.sunoresearch.com.br\/n\/uploads\/2021\/09\/suno-logo.png","contentUrl":"https:\/\/files.sunoresearch.com.br\/n\/uploads\/2021\/09\/suno-logo.png","width":180,"height":180,"caption":"Suno Not\u00edcias"},"image":{"@id":"https:\/\/www.suno.com.br\/noticias\/#\/schema\/logo\/image\/"},"sameAs":["https:\/\/facebook.com\/sunoresearch","https:\/\/x.com\/sunoresearch","https:\/\/www.instagram.com\/suno","https:\/\/www.linkedin.com\/company\/suno-research\/","https:\/\/www.youtube.com\/c\/sunoresearch"]},{"@type":"Person","@id":"https:\/\/www.suno.com.br\/noticias\/#\/schema\/person\/d0f32748bbca4bee871fa191ee4e2d40","name":"Giovanni Porf\u00edrio Jacomino","image":{"@type":"ImageObject","inLanguage":"pt-BR","@id":"https:\/\/www.suno.com.br\/noticias\/#\/schema\/person\/image\/","url":"https:\/\/secure.gravatar.com\/avatar\/efb32e19b730a121cb7a80f41ffec01a?s=96&r=g","contentUrl":"https:\/\/secure.gravatar.com\/avatar\/efb32e19b730a121cb7a80f41ffec01a?s=96&r=g","caption":"Giovanni Porf\u00edrio Jacomino"},"description":"Giovanni Porf\u00edrio Jacomino \u00e9 jornalista formado pela Universidade Estadual de Londrina (UEL) e p\u00f3s-graduado em Produ\u00e7\u00e3o e Pr\u00e1ticas Jornal\u00edsticas na Contemporaneidade na Faculdade C\u00e1sper L\u00edbero (FCL). Foi editor web no Startupi e no Finsiders, atuando ainda como editor no TC Mover, portal de not\u00edcias da TradersClub, fazendo a cobertura de assuntos relacionados ao mercado financeiro interno e externo. Atualmente, \u00e9 Rep\u00f3rter do Suno Not\u00edcias.","url":"https:\/\/www.suno.com.br\/noticias\/author\/giovanni-porfiriosuno-com-br\/"}]}},"default_loop_html":"<div class=\"cardsPage__listCard__boxs\"><div class=\"cardsPage__listCard__boxs__img\"><a href=\"https:\/\/www.suno.com.br\/noticias\/embraer-embr3-lucro-liquido-ajustado-aumenta-gpj\/\"><img class=\"mask\" src=\"https:\/\/www.suno.com.br\/noticias\/wp-content\/themes\/suno\/resources\/images\/spotlight\/spotlight1img\/bg-mask.png\" alt=\"Image Mask\"\/><img src=\"https:\/\/files.sunoresearch.com.br\/n\/uploads\/2021\/03\/8031a286-embraer1-400x200.webp\" alt=\"Embraer (EMBR3): lucro l\u00edquido ajustado aumenta 20% no 2T23, para R$ 279 milh\u00f5es\"\/><\/a><span class=\"spotlightCategory\"><a href=\"https:\/\/www.suno.com.br\/noticias\/negocios\/\">Neg\u00f3cios<\/a><\/span><\/div><div class=\"cardsPage__listCard__boxs__content\"><a href=\"https:\/\/www.suno.com.br\/noticias\/embraer-embr3-lucro-liquido-ajustado-aumenta-gpj\/\"><h2 class=\"content__title\">Embraer (EMBR3): lucro l\u00edquido ajustado aumenta 20% no 2T23, para R$ 279 milh\u00f5es<\/h2><\/a><div class=\"newsContent__article__meta\"><div class=\"newsContent__article__meta__authorBox\"><a href=\"https:\/\/www.suno.com.br\/noticias\/author\/redacao-suno\/\" class=\"authorBox__avatar noMobi\"><img src=\"https:\/\/files.sunoresearch.com.br\/n\/uploads\/2020\/08\/0ace682d-redacao-1-150x150.webp\" alt=\"Reda\u00e7\u00e3o Suno Not\u00edcias\"><\/a><div class=\"authorBox__name\"><span>por\n\t\t\t<a href=\"https:\/\/www.suno.com.br\/noticias\/author\/redacao-suno\/\"><span itemprop=\"author\">Reda\u00e7\u00e3o Suno Not\u00edcias<\/span><\/a><\/span><time datetime=\"2023-08-14T08:23:19-03:00\" itemprop=\"datePublished\">14\/08\/2023 08:23<\/time><\/div><\/div><\/div><\/div><\/div>","single_layout":"posts","amp_enabled":true,"_links":{"self":[{"href":"https:\/\/www.suno.com.br\/noticias\/wp-json\/wp\/v2\/posts\/442110"}],"collection":[{"href":"https:\/\/www.suno.com.br\/noticias\/wp-json\/wp\/v2\/posts"}],"about":[{"href":"https:\/\/www.suno.com.br\/noticias\/wp-json\/wp\/v2\/types\/post"}],"author":[{"embeddable":true,"href":"https:\/\/www.suno.com.br\/noticias\/wp-json\/wp\/v2\/users\/313"}],"replies":[{"embeddable":true,"href":"https:\/\/www.suno.com.br\/noticias\/wp-json\/wp\/v2\/comments?post=442110"}],"version-history":[{"count":3,"href":"https:\/\/www.suno.com.br\/noticias\/wp-json\/wp\/v2\/posts\/442110\/revisions"}],"predecessor-version":[{"id":442127,"href":"https:\/\/www.suno.com.br\/noticias\/wp-json\/wp\/v2\/posts\/442110\/revisions\/442127"}],"wp:featuredmedia":[{"embeddable":true,"href":"https:\/\/www.suno.com.br\/noticias\/wp-json\/wp\/v2\/media\/130238"}],"wp:attachment":[{"href":"https:\/\/www.suno.com.br\/noticias\/wp-json\/wp\/v2\/media?parent=442110"}],"wp:term":[{"taxonomy":"category","embeddable":true,"href":"https:\/\/www.suno.com.br\/noticias\/wp-json\/wp\/v2\/categories?post=442110"},{"taxonomy":"post_tag","embeddable":true,"href":"https:\/\/www.suno.com.br\/noticias\/wp-json\/wp\/v2\/tags?post=442110"},{"taxonomy":"suno_strategy","embeddable":true,"href":"https:\/\/www.suno.com.br\/noticias\/wp-json\/wp\/v2\/suno_strategy?post=442110"}],"curies":[{"name":"wp","href":"https:\/\/api.w.org\/{rel}","templated":true}]}}