{"id":44166,"date":"2019-11-08T12:15:41","date_gmt":"2019-11-08T14:15:41","guid":{"rendered":"https:\/\/www.suno.com.br\/noticias\/?p=44166"},"modified":"2021-02-17T19:05:55","modified_gmt":"2021-02-17T22:05:55","slug":"br-distribuidora-divulga-demissa-voluntaria","status":"publish","type":"post","link":"https:\/\/www.suno.com.br\/noticias\/br-distribuidora-divulga-demissa-voluntaria\/","title":{"rendered":"BR Distribuidora divulga programa de demiss\u00e3o volunt\u00e1ria e reestrutura\u00e7\u00e3o organizacional"},"content":{"rendered":"<p>A BR Distribuidora (<strong>BRDT3<\/strong>) anunciou, nesta sexta-feira (8), o seu lan\u00e7amento de transforma\u00e7\u00e3o organizacional. O processo inclui um <strong>programa de demiss\u00e3o volunt\u00e1ria (PDV)<\/strong>, que pode ser aderida entre 12 e 19 de novembro.<\/p>\t<div class=\"wrapper-featured-image\">\n\t\t<figure class=\"spotlightImg\">\n\n\t\t\t<picture>\n\t\t\t\t<source media=\"(max-width: 768px)\" srcset=\"https:\/\/files.sunoresearch.com.br\/n\/uploads\/2019\/11\/9261ecfd-br-distribuidora-400x200.webp\">\n\t\t\t\t<img loading=\"lazy\" decoding=\"async\" class=\"newsContent__article__imgCapa lazyloadDisabled newsContent__article__imgCapa--noCaption\" src=\"https:\/\/files.sunoresearch.com.br\/n\/uploads\/2019\/11\/9261ecfd-br-distribuidora-800x450.webp\" width=\"800\" height=\"450\" alt=\"BR Distribuidora divulga programa de demiss\u00e3o volunt\u00e1ria e reestrutura\u00e7\u00e3o organizacional\" fetchpriority=high \/>\n\t\t\t<\/picture>\n\n\t\t\t<figcaption class=\"wp-caption-text wp-caption-text--hide\"> Vibra (VBBR3)<\/figcaption>\n\t\t<\/figure>\n\t<\/div>\n\n\n\n<p>Al\u00e9m disso, o projeto da <strong>BR Distribuidora<\/strong> prev\u00ea a cria\u00e7\u00e3o de tr\u00eas novas diretorias e o corte do n\u00famero de colaboradores.<\/p>\n<p>No comunicado que veio \u00e0 p\u00fablico nesta sexta, a companhia n\u00e3o detalhou quantos funcion\u00e1rios det\u00e9m em sua for\u00e7a de trabalho, mas estima que o programa de demiss\u00e3o volunt\u00e1ria pode custar R$ 780 milh\u00f5es e reduzir em R$ 650 milh\u00f5es os custos anuais.<\/p>\n<p><a href=\"https:\/\/www.suno.com.br\/noticias\/eletrobras-paga-38-1-milhoes-a-br-distribuidora\/\">Saiba mais: Eletrobras paga R$ 38,1 milh\u00f5es \u00e0 BR Distribuidora<\/a><\/p>\n<p>Segundo a BR Distribuidora, o plano vem &#8220;direcionar o foco da companhia para o conjunto de dez iniciativas que v\u00eam sendo implementadas desde o <a href=\"https:\/\/www.suno.com.br\/artigos\/follow-on\/\">follow on<\/a>\u201d.<\/p>\n<h2>BR Distribuidora reorganiza estrutura<\/h2>\n<p>Segundo o \u00faltimo formul\u00e1rio de refer\u00eancia ativo da companhia, eram 3.095 funcion\u00e1rios ativos at\u00e9 o final de abril deste ano, desconsiderando os 5.478 colaboradores terceirizados. Os desligamentos ser\u00e3o realizados no dia 10 de dezembro.<\/p>\n\t<p>\n\t\t<a href=\"https:\/\/lp.suno.com.br\/ao\/servico-especializado-suno-tf\/?utm_source=adwords&#038;utm_medium=search&#038;utm_campaign=search.servico.funilconsultoria&#038;utm_content=1147_responsivo-a&#038;hsa_acc=2326072784&#038;hsa_cam=18022897917&#038;hsa_grp=141470255993&#038;hsa_ad=616145467912&#038;hsa_src=g&#038;hsa_tgt=kwd-303658942458&#038;hsa_kw=gestora+de+investimentos&#038;hsa_mt=b&#038;hsa_net=adwords&#038;hsa_ver=3&#038;gad_source=1&#038;gclid=CjwKCAjw1emzBhB8EiwAHwZZxQMvA3xJVRzLGZ70LmuSzR55X-KvxijSay8c5Hm88Sznnq97j8XbORoC-sMQAvD_BwE\" target=\"_blank\" data-element=\"shortcode-suno-banner\" title=\"Banner SUNO, clique e saiba mais\">\n\t\t\t<picture>\n\t\t\t\t<source media=\"(max-width: 500px)\" srcset=\"https:\/\/files.sunoresearch.com.br\/n\/uploads\/2024\/06\/400x300-Mobile-Artigos-5.png\">\n\t\t\t\t<img class=\"newsContent__article__imgCapa newsContent__article__imgCapa--banner\"\n\t\t\t\t\tsrc=\"https:\/\/files.sunoresearch.com.br\/n\/uploads\/2024\/06\/1420x240-Banner-Artigos-1-_-Banner-Materias-3.png\"\n\t\t\t\t\tdata-promo-id=\"563605\"\t\t\t\t\t\t\t\t\t\twidth='1420' height='240'\t\t\t\t\talt=\"https:\/\/files.sunoresearch.com.br\/n\/uploads\/2024\/06\/1420x240-Banner-Artigos-1-_-Banner-Materias-3.png\"\n\t\t\t\t>\n\t\t\t<\/picture>\n\t\t<\/a>\n\t<\/p>\n\n\n<p>Ainda de acordo com a companhia, as novas diretorias passar\u00e3o a integrar a nova estrutura em 1\u00ba de janeiro de 2020. Os postos ser\u00e3o ocupados por executivos que j\u00e1 exerciam fun\u00e7\u00f5es similares. Henry Hadid ser\u00e1 o diretor jur\u00eddico, auditoria e compliance, Leonardo Burgos ser\u00e1 o diretor de desenvolvimento de neg\u00f3cios e marketing e Aspen Andersen ser\u00e1 o diretor de TI e digital.<\/p>\n<p>\u201cImportante ressaltar que referidos valores s\u00e3o preliminares e os ganhos estimados dever\u00e3o se concretizar gradualmente ao longo de 2020 conforme a implementa\u00e7\u00e3o das a\u00e7\u00f5es do plano\u201d, afirma o comunicado.<\/p>\n<p><a href=\"https:\/\/www.suno.com.br\/noticias\/amazonas-energia-creditos-itau-pagar-br-distribuidora\/\">Confira: Amazonas Energia cede cr\u00e9ditos ao Ita\u00fa para pagar BR Distribuidora<\/a><\/p>\n<p>\u201cO Plano de Transforma\u00e7\u00e3o Organizacional constitui etapa fundamental do processo de transforma\u00e7\u00e3o da Companhia e de sua agenda de cria\u00e7\u00e3o de valor e contribui para o alinhamento \u00e0s melhores pr\u00e1ticas de mercado com foco em rentabilidade e sustentabilidade&#8221;, informou a <strong>BR Distribuidora<\/strong>.<\/p>\n","protected":false},"excerpt":{"rendered":"<p>A BR Distribuidora (BRDT3) anunciou, nesta sexta-feira (8), o seu lan\u00e7amento de transforma\u00e7\u00e3o organizacional. O processo inclui um programa de demiss\u00e3o volunt\u00e1ria (PDV), que pode ser aderida entre 12 e 19 de novembro. Vibra (VBBR3) Al\u00e9m disso, o projeto da BR Distribuidora prev\u00ea a cria\u00e7\u00e3o de tr\u00eas novas diretorias e o corte do n\u00famero de [&hellip;]<\/p>\n","protected":false},"author":24,"featured_media":44170,"comment_status":"closed","ping_status":"closed","sticky":false,"template":"","format":"standard","meta":[],"categories":[64],"tags":[2059,596],"suno_strategy":[],"class_list":["post-44166","post","type-post","status-publish","format-standard","has-post-thumbnail","hentry","category-negocios","tag-programa-de-demissao-voluntaria-pdv","tag-vibra-energia-vbbr3"],"yoast_head":"<!-- This site is optimized with the Yoast SEO plugin v24.4 - https:\/\/yoast.com\/wordpress\/plugins\/seo\/ -->\n<title>BR Distribuidora divulga programa de demiss\u00e3o volunt\u00e1ria<\/title>\n<meta name=\"description\" content=\"A BR Distribuidora anunciou seu lan\u00e7amento de transforma\u00e7\u00e3o organizacional. O processo inclui um programa de demiss\u00e3o volunt\u00e1ria. Saiba mais.\" \/>\n<meta name=\"robots\" content=\"index, follow, max-snippet:-1, max-image-preview:large, max-video-preview:-1\" \/>\n<link rel=\"canonical\" href=\"https:\/\/www.suno.com.br\/noticias\/br-distribuidora-divulga-demissa-voluntaria\/\" \/>\n<meta property=\"og:locale\" content=\"pt_BR\" \/>\n<meta property=\"og:type\" content=\"article\" \/>\n<meta property=\"og:title\" content=\"BR Distribuidora divulga programa de demiss\u00e3o volunt\u00e1ria\" \/>\n<meta property=\"og:description\" content=\"A BR Distribuidora anunciou seu lan\u00e7amento de transforma\u00e7\u00e3o organizacional. O processo inclui um programa de demiss\u00e3o volunt\u00e1ria. Saiba mais.\" \/>\n<meta property=\"og:url\" content=\"https:\/\/www.suno.com.br\/noticias\/br-distribuidora-divulga-demissa-voluntaria\/\" \/>\n<meta property=\"og:site_name\" content=\"Suno Not\u00edcias\" \/>\n<meta property=\"article:publisher\" content=\"https:\/\/facebook.com\/sunoresearch\" \/>\n<meta property=\"og:image\" content=\"https:\/\/files.sunoresearch.com.br\/n\/uploads\/2019\/11\/9261ecfd-br-distribuidora-1024x683.jpg\" \/>\n\t<meta property=\"og:image:width\" content=\"1024\" \/>\n\t<meta property=\"og:image:height\" content=\"683\" \/>\n\t<meta property=\"og:image:type\" content=\"image\/jpeg\" \/>\n<meta name=\"author\" content=\"Jader Lazarini\" \/>\n<meta name=\"twitter:card\" content=\"summary_large_image\" \/>\n<meta name=\"twitter:creator\" content=\"@sunoresearch\" \/>\n<meta name=\"twitter:site\" content=\"@sunoresearch\" \/>\n<meta name=\"twitter:label1\" content=\"Escrito por\" \/>\n\t<meta name=\"twitter:data1\" content=\"Jader Lazarini\" \/>\n\t<meta name=\"twitter:label2\" content=\"Est. tempo de leitura\" \/>\n\t<meta name=\"twitter:data2\" content=\"2 minutos\" \/>\n<script type=\"application\/ld+json\" class=\"yoast-schema-graph\">{\"@context\":\"https:\/\/schema.org\",\"@graph\":[{\"@type\":\"NewsArticle\",\"@id\":\"https:\/\/www.suno.com.br\/noticias\/br-distribuidora-divulga-demissa-voluntaria\/#article\",\"isPartOf\":{\"@id\":\"https:\/\/www.suno.com.br\/noticias\/br-distribuidora-divulga-demissa-voluntaria\/\"},\"author\":{\"name\":\"Jader Lazarini\",\"@id\":\"https:\/\/www.suno.com.br\/noticias\/#\/schema\/person\/918d79de1f0281f01599b93f9ea6e23f\"},\"headline\":\"BR Distribuidora divulga programa de demiss\u00e3o volunt\u00e1ria e reestrutura\u00e7\u00e3o organizacional\",\"datePublished\":\"2019-11-08T14:15:41+00:00\",\"dateModified\":\"2021-02-17T22:05:55+00:00\",\"mainEntityOfPage\":{\"@id\":\"https:\/\/www.suno.com.br\/noticias\/br-distribuidora-divulga-demissa-voluntaria\/\"},\"wordCount\":355,\"publisher\":{\"@id\":\"https:\/\/www.suno.com.br\/noticias\/#organization\"},\"image\":{\"@id\":\"https:\/\/www.suno.com.br\/noticias\/br-distribuidora-divulga-demissa-voluntaria\/#primaryimage\"},\"thumbnailUrl\":\"https:\/\/files.sunoresearch.com.br\/n\/uploads\/2019\/11\/9261ecfd-br-distribuidora-scaled.webp\",\"keywords\":[\"Programa de demiss\u00e3o volunt\u00e1ria (PDV)\",\"Vibra Energia (VBBR3)\"],\"articleSection\":[\"Neg\u00f3cios\"],\"inLanguage\":\"pt-BR\"},{\"@type\":\"WebPage\",\"@id\":\"https:\/\/www.suno.com.br\/noticias\/br-distribuidora-divulga-demissa-voluntaria\/\",\"url\":\"https:\/\/www.suno.com.br\/noticias\/br-distribuidora-divulga-demissa-voluntaria\/\",\"name\":\"BR Distribuidora divulga programa de demiss\u00e3o volunt\u00e1ria\",\"isPartOf\":{\"@id\":\"https:\/\/www.suno.com.br\/noticias\/#website\"},\"primaryImageOfPage\":{\"@id\":\"https:\/\/www.suno.com.br\/noticias\/br-distribuidora-divulga-demissa-voluntaria\/#primaryimage\"},\"image\":{\"@id\":\"https:\/\/www.suno.com.br\/noticias\/br-distribuidora-divulga-demissa-voluntaria\/#primaryimage\"},\"thumbnailUrl\":\"https:\/\/files.sunoresearch.com.br\/n\/uploads\/2019\/11\/9261ecfd-br-distribuidora-scaled.webp\",\"datePublished\":\"2019-11-08T14:15:41+00:00\",\"dateModified\":\"2021-02-17T22:05:55+00:00\",\"description\":\"A BR Distribuidora anunciou seu lan\u00e7amento de transforma\u00e7\u00e3o organizacional. O processo inclui um programa de demiss\u00e3o volunt\u00e1ria. Saiba mais.\",\"breadcrumb\":{\"@id\":\"https:\/\/www.suno.com.br\/noticias\/br-distribuidora-divulga-demissa-voluntaria\/#breadcrumb\"},\"inLanguage\":\"pt-BR\",\"potentialAction\":[{\"@type\":\"ReadAction\",\"target\":[\"https:\/\/www.suno.com.br\/noticias\/br-distribuidora-divulga-demissa-voluntaria\/\"]}]},{\"@type\":\"ImageObject\",\"inLanguage\":\"pt-BR\",\"@id\":\"https:\/\/www.suno.com.br\/noticias\/br-distribuidora-divulga-demissa-voluntaria\/#primaryimage\",\"url\":\"https:\/\/files.sunoresearch.com.br\/n\/uploads\/2019\/11\/9261ecfd-br-distribuidora-scaled.webp\",\"contentUrl\":\"https:\/\/files.sunoresearch.com.br\/n\/uploads\/2019\/11\/9261ecfd-br-distribuidora-scaled.webp\",\"width\":2560,\"height\":1707,\"caption\":\"Vibra (VBBR3)\"},{\"@type\":\"BreadcrumbList\",\"@id\":\"https:\/\/www.suno.com.br\/noticias\/br-distribuidora-divulga-demissa-voluntaria\/#breadcrumb\",\"itemListElement\":[{\"@type\":\"ListItem\",\"position\":1,\"name\":\"Not\u00edcias\",\"item\":\"https:\/\/www.suno.com.br\/noticias\/\"},{\"@type\":\"ListItem\",\"position\":2,\"name\":\"Neg\u00f3cios\",\"item\":\"https:\/\/www.suno.com.br\/noticias\/negocios\/\"},{\"@type\":\"ListItem\",\"position\":3,\"name\":\"BR Distribuidora divulga programa de demiss\u00e3o volunt\u00e1ria e reestrutura\u00e7\u00e3o organizacional\"}]},{\"@type\":\"WebSite\",\"@id\":\"https:\/\/www.suno.com.br\/noticias\/#website\",\"url\":\"https:\/\/www.suno.com.br\/noticias\/\",\"name\":\"Suno Not\u00edcias\",\"description\":\"Seu portal de informa\u00e7\u00e3o sobre o mundo dos investimentos\",\"publisher\":{\"@id\":\"https:\/\/www.suno.com.br\/noticias\/#organization\"},\"potentialAction\":[{\"@type\":\"SearchAction\",\"target\":{\"@type\":\"EntryPoint\",\"urlTemplate\":\"https:\/\/www.suno.com.br\/noticias\/?s={search_term_string}\"},\"query-input\":{\"@type\":\"PropertyValueSpecification\",\"valueRequired\":true,\"valueName\":\"search_term_string\"}}],\"inLanguage\":\"pt-BR\"},{\"@type\":\"Organization\",\"@id\":\"https:\/\/www.suno.com.br\/noticias\/#organization\",\"name\":\"Suno Not\u00edcias\",\"url\":\"https:\/\/www.suno.com.br\/noticias\/\",\"logo\":{\"@type\":\"ImageObject\",\"inLanguage\":\"pt-BR\",\"@id\":\"https:\/\/www.suno.com.br\/noticias\/#\/schema\/logo\/image\/\",\"url\":\"https:\/\/files.sunoresearch.com.br\/n\/uploads\/2021\/09\/suno-logo.png\",\"contentUrl\":\"https:\/\/files.sunoresearch.com.br\/n\/uploads\/2021\/09\/suno-logo.png\",\"width\":180,\"height\":180,\"caption\":\"Suno Not\u00edcias\"},\"image\":{\"@id\":\"https:\/\/www.suno.com.br\/noticias\/#\/schema\/logo\/image\/\"},\"sameAs\":[\"https:\/\/facebook.com\/sunoresearch\",\"https:\/\/x.com\/sunoresearch\",\"https:\/\/www.instagram.com\/suno\",\"https:\/\/www.linkedin.com\/company\/suno-research\/\",\"https:\/\/www.youtube.com\/c\/sunoresearch\"]},{\"@type\":\"Person\",\"@id\":\"https:\/\/www.suno.com.br\/noticias\/#\/schema\/person\/918d79de1f0281f01599b93f9ea6e23f\",\"name\":\"Jader Lazarini\",\"image\":{\"@type\":\"ImageObject\",\"inLanguage\":\"pt-BR\",\"@id\":\"https:\/\/www.suno.com.br\/noticias\/#\/schema\/person\/image\/\",\"url\":\"https:\/\/secure.gravatar.com\/avatar\/3c1ad8caa51589841baeb923fcddea97?s=96&r=g\",\"contentUrl\":\"https:\/\/secure.gravatar.com\/avatar\/3c1ad8caa51589841baeb923fcddea97?s=96&r=g\",\"caption\":\"Jader Lazarini\"},\"description\":\"Jader Lazarini escreve sobre investimentos, finan\u00e7as, economia e neg\u00f3cios. \u00c9 bacharel em Rela\u00e7\u00f5es Internacionais e analista CNPI (2619).\",\"url\":\"https:\/\/www.suno.com.br\/noticias\/author\/jader-lazarini\/\"}]}<\/script>\n<!-- \/ Yoast SEO plugin. -->","yoast_head_json":{"title":"BR Distribuidora divulga programa de demiss\u00e3o volunt\u00e1ria","description":"A BR Distribuidora anunciou seu lan\u00e7amento de transforma\u00e7\u00e3o organizacional. O processo inclui um programa de demiss\u00e3o volunt\u00e1ria. Saiba mais.","robots":{"index":"index","follow":"follow","max-snippet":"max-snippet:-1","max-image-preview":"max-image-preview:large","max-video-preview":"max-video-preview:-1"},"canonical":"https:\/\/www.suno.com.br\/noticias\/br-distribuidora-divulga-demissa-voluntaria\/","og_locale":"pt_BR","og_type":"article","og_title":"BR Distribuidora divulga programa de demiss\u00e3o volunt\u00e1ria","og_description":"A BR Distribuidora anunciou seu lan\u00e7amento de transforma\u00e7\u00e3o organizacional. O processo inclui um programa de demiss\u00e3o volunt\u00e1ria. Saiba mais.","og_url":"https:\/\/www.suno.com.br\/noticias\/br-distribuidora-divulga-demissa-voluntaria\/","og_site_name":"Suno Not\u00edcias","article_publisher":"https:\/\/facebook.com\/sunoresearch","og_image":[{"width":1024,"height":683,"url":"https:\/\/files.sunoresearch.com.br\/n\/uploads\/2019\/11\/9261ecfd-br-distribuidora-1024x683.jpg","type":"image\/jpeg"}],"author":"Jader Lazarini","twitter_card":"summary_large_image","twitter_creator":"@sunoresearch","twitter_site":"@sunoresearch","twitter_misc":{"Escrito por":"Jader Lazarini","Est. tempo de leitura":"2 minutos"},"schema":{"@context":"https:\/\/schema.org","@graph":[{"@type":"NewsArticle","@id":"https:\/\/www.suno.com.br\/noticias\/br-distribuidora-divulga-demissa-voluntaria\/#article","isPartOf":{"@id":"https:\/\/www.suno.com.br\/noticias\/br-distribuidora-divulga-demissa-voluntaria\/"},"author":{"name":"Jader Lazarini","@id":"https:\/\/www.suno.com.br\/noticias\/#\/schema\/person\/918d79de1f0281f01599b93f9ea6e23f"},"headline":"BR Distribuidora divulga programa de demiss\u00e3o volunt\u00e1ria e reestrutura\u00e7\u00e3o organizacional","datePublished":"2019-11-08T14:15:41+00:00","dateModified":"2021-02-17T22:05:55+00:00","mainEntityOfPage":{"@id":"https:\/\/www.suno.com.br\/noticias\/br-distribuidora-divulga-demissa-voluntaria\/"},"wordCount":355,"publisher":{"@id":"https:\/\/www.suno.com.br\/noticias\/#organization"},"image":{"@id":"https:\/\/www.suno.com.br\/noticias\/br-distribuidora-divulga-demissa-voluntaria\/#primaryimage"},"thumbnailUrl":"https:\/\/files.sunoresearch.com.br\/n\/uploads\/2019\/11\/9261ecfd-br-distribuidora-scaled.webp","keywords":["Programa de demiss\u00e3o volunt\u00e1ria (PDV)","Vibra Energia (VBBR3)"],"articleSection":["Neg\u00f3cios"],"inLanguage":"pt-BR"},{"@type":"WebPage","@id":"https:\/\/www.suno.com.br\/noticias\/br-distribuidora-divulga-demissa-voluntaria\/","url":"https:\/\/www.suno.com.br\/noticias\/br-distribuidora-divulga-demissa-voluntaria\/","name":"BR Distribuidora divulga programa de demiss\u00e3o volunt\u00e1ria","isPartOf":{"@id":"https:\/\/www.suno.com.br\/noticias\/#website"},"primaryImageOfPage":{"@id":"https:\/\/www.suno.com.br\/noticias\/br-distribuidora-divulga-demissa-voluntaria\/#primaryimage"},"image":{"@id":"https:\/\/www.suno.com.br\/noticias\/br-distribuidora-divulga-demissa-voluntaria\/#primaryimage"},"thumbnailUrl":"https:\/\/files.sunoresearch.com.br\/n\/uploads\/2019\/11\/9261ecfd-br-distribuidora-scaled.webp","datePublished":"2019-11-08T14:15:41+00:00","dateModified":"2021-02-17T22:05:55+00:00","description":"A BR Distribuidora anunciou seu lan\u00e7amento de transforma\u00e7\u00e3o organizacional. O processo inclui um programa de demiss\u00e3o volunt\u00e1ria. Saiba mais.","breadcrumb":{"@id":"https:\/\/www.suno.com.br\/noticias\/br-distribuidora-divulga-demissa-voluntaria\/#breadcrumb"},"inLanguage":"pt-BR","potentialAction":[{"@type":"ReadAction","target":["https:\/\/www.suno.com.br\/noticias\/br-distribuidora-divulga-demissa-voluntaria\/"]}]},{"@type":"ImageObject","inLanguage":"pt-BR","@id":"https:\/\/www.suno.com.br\/noticias\/br-distribuidora-divulga-demissa-voluntaria\/#primaryimage","url":"https:\/\/files.sunoresearch.com.br\/n\/uploads\/2019\/11\/9261ecfd-br-distribuidora-scaled.webp","contentUrl":"https:\/\/files.sunoresearch.com.br\/n\/uploads\/2019\/11\/9261ecfd-br-distribuidora-scaled.webp","width":2560,"height":1707,"caption":"Vibra (VBBR3)"},{"@type":"BreadcrumbList","@id":"https:\/\/www.suno.com.br\/noticias\/br-distribuidora-divulga-demissa-voluntaria\/#breadcrumb","itemListElement":[{"@type":"ListItem","position":1,"name":"Not\u00edcias","item":"https:\/\/www.suno.com.br\/noticias\/"},{"@type":"ListItem","position":2,"name":"Neg\u00f3cios","item":"https:\/\/www.suno.com.br\/noticias\/negocios\/"},{"@type":"ListItem","position":3,"name":"BR Distribuidora divulga programa de demiss\u00e3o volunt\u00e1ria e reestrutura\u00e7\u00e3o organizacional"}]},{"@type":"WebSite","@id":"https:\/\/www.suno.com.br\/noticias\/#website","url":"https:\/\/www.suno.com.br\/noticias\/","name":"Suno Not\u00edcias","description":"Seu portal de informa\u00e7\u00e3o sobre o mundo dos investimentos","publisher":{"@id":"https:\/\/www.suno.com.br\/noticias\/#organization"},"potentialAction":[{"@type":"SearchAction","target":{"@type":"EntryPoint","urlTemplate":"https:\/\/www.suno.com.br\/noticias\/?s={search_term_string}"},"query-input":{"@type":"PropertyValueSpecification","valueRequired":true,"valueName":"search_term_string"}}],"inLanguage":"pt-BR"},{"@type":"Organization","@id":"https:\/\/www.suno.com.br\/noticias\/#organization","name":"Suno Not\u00edcias","url":"https:\/\/www.suno.com.br\/noticias\/","logo":{"@type":"ImageObject","inLanguage":"pt-BR","@id":"https:\/\/www.suno.com.br\/noticias\/#\/schema\/logo\/image\/","url":"https:\/\/files.sunoresearch.com.br\/n\/uploads\/2021\/09\/suno-logo.png","contentUrl":"https:\/\/files.sunoresearch.com.br\/n\/uploads\/2021\/09\/suno-logo.png","width":180,"height":180,"caption":"Suno Not\u00edcias"},"image":{"@id":"https:\/\/www.suno.com.br\/noticias\/#\/schema\/logo\/image\/"},"sameAs":["https:\/\/facebook.com\/sunoresearch","https:\/\/x.com\/sunoresearch","https:\/\/www.instagram.com\/suno","https:\/\/www.linkedin.com\/company\/suno-research\/","https:\/\/www.youtube.com\/c\/sunoresearch"]},{"@type":"Person","@id":"https:\/\/www.suno.com.br\/noticias\/#\/schema\/person\/918d79de1f0281f01599b93f9ea6e23f","name":"Jader Lazarini","image":{"@type":"ImageObject","inLanguage":"pt-BR","@id":"https:\/\/www.suno.com.br\/noticias\/#\/schema\/person\/image\/","url":"https:\/\/secure.gravatar.com\/avatar\/3c1ad8caa51589841baeb923fcddea97?s=96&r=g","contentUrl":"https:\/\/secure.gravatar.com\/avatar\/3c1ad8caa51589841baeb923fcddea97?s=96&r=g","caption":"Jader Lazarini"},"description":"Jader Lazarini escreve sobre investimentos, finan\u00e7as, economia e neg\u00f3cios. \u00c9 bacharel em Rela\u00e7\u00f5es Internacionais e analista CNPI (2619).","url":"https:\/\/www.suno.com.br\/noticias\/author\/jader-lazarini\/"}]}},"default_loop_html":"<div class=\"cardsPage__listCard__boxs\"><div class=\"cardsPage__listCard__boxs__img\"><a href=\"https:\/\/www.suno.com.br\/noticias\/br-distribuidora-divulga-demissa-voluntaria\/\"><img class=\"mask\" src=\"https:\/\/www.suno.com.br\/noticias\/wp-content\/themes\/suno\/resources\/images\/spotlight\/spotlight1img\/bg-mask.png\" alt=\"Image Mask\"\/><img src=\"https:\/\/files.sunoresearch.com.br\/n\/uploads\/2019\/11\/9261ecfd-br-distribuidora-400x200.webp\" alt=\"BR Distribuidora divulga programa de demiss\u00e3o volunt\u00e1ria e reestrutura\u00e7\u00e3o organizacional\"\/><\/a><span class=\"spotlightCategory\"><a href=\"https:\/\/www.suno.com.br\/noticias\/negocios\/\">Neg\u00f3cios<\/a><\/span><\/div><div class=\"cardsPage__listCard__boxs__content\"><a href=\"https:\/\/www.suno.com.br\/noticias\/br-distribuidora-divulga-demissa-voluntaria\/\"><h2 class=\"content__title\">BR Distribuidora divulga programa de demiss\u00e3o volunt\u00e1ria e reestrutura\u00e7\u00e3o organizacional<\/h2><\/a><div class=\"newsContent__article__meta\"><div class=\"newsContent__article__meta__authorBox\"><a href=\"https:\/\/www.suno.com.br\/noticias\/author\/jader-lazarini\/\" class=\"authorBox__avatar noMobi\"><img src=\"https:\/\/files.sunoresearch.com.br\/n\/uploads\/2021\/01\/178e6598-foto-perfil-2-150x150.jpg\" alt=\"Jader Lazarini\"><\/a><div class=\"authorBox__name\"><span>por\n\t\t\t<a href=\"https:\/\/www.suno.com.br\/noticias\/author\/jader-lazarini\/\"><span itemprop=\"author\">Jader Lazarini<\/span><\/a><\/span><time datetime=\"2019-11-08T12:15:41-03:00\" itemprop=\"datePublished\">08\/11\/2019 12:15<\/time><\/div><\/div><\/div><\/div><\/div>","single_layout":"posts","amp_enabled":true,"_links":{"self":[{"href":"https:\/\/www.suno.com.br\/noticias\/wp-json\/wp\/v2\/posts\/44166"}],"collection":[{"href":"https:\/\/www.suno.com.br\/noticias\/wp-json\/wp\/v2\/posts"}],"about":[{"href":"https:\/\/www.suno.com.br\/noticias\/wp-json\/wp\/v2\/types\/post"}],"author":[{"embeddable":true,"href":"https:\/\/www.suno.com.br\/noticias\/wp-json\/wp\/v2\/users\/24"}],"replies":[{"embeddable":true,"href":"https:\/\/www.suno.com.br\/noticias\/wp-json\/wp\/v2\/comments?post=44166"}],"version-history":[{"count":0,"href":"https:\/\/www.suno.com.br\/noticias\/wp-json\/wp\/v2\/posts\/44166\/revisions"}],"wp:featuredmedia":[{"embeddable":true,"href":"https:\/\/www.suno.com.br\/noticias\/wp-json\/wp\/v2\/media\/44170"}],"wp:attachment":[{"href":"https:\/\/www.suno.com.br\/noticias\/wp-json\/wp\/v2\/media?parent=44166"}],"wp:term":[{"taxonomy":"category","embeddable":true,"href":"https:\/\/www.suno.com.br\/noticias\/wp-json\/wp\/v2\/categories?post=44166"},{"taxonomy":"post_tag","embeddable":true,"href":"https:\/\/www.suno.com.br\/noticias\/wp-json\/wp\/v2\/tags?post=44166"},{"taxonomy":"suno_strategy","embeddable":true,"href":"https:\/\/www.suno.com.br\/noticias\/wp-json\/wp\/v2\/suno_strategy?post=44166"}],"curies":[{"name":"wp","href":"https:\/\/api.w.org\/{rel}","templated":true}]}}