{"id":4415,"date":"2018-09-26T09:18:41","date_gmt":"2018-09-26T12:18:41","guid":{"rendered":"https:\/\/www.suno.com.br\/noticias\/?p=4415"},"modified":"2018-09-26T09:18:41","modified_gmt":"2018-09-26T12:18:41","slug":"resumo-politica-negocios-quarta","status":"publish","type":"post","link":"https:\/\/www.suno.com.br\/noticias\/resumo-politica-negocios-quarta\/","title":{"rendered":"O que saber em pol\u00edtica e neg\u00f3cios nesta quarta-feira"},"content":{"rendered":"<p>Depois de cair na segunda com a not\u00edcia de que Fernando Haddad (PT) estaria \u00e0 frente de Jair Bolsonaro (PSL) no segundo turno, segundo o Ibope, o mercado cresceu novamente ontem com alta de 0,83%. Saiba de algumas not\u00edcias que devem movimentar o mercado hoje:<\/p>\t<div class=\"wrapper-featured-image\">\n\t\t<figure class=\"spotlightImg\">\n\n\t\t\t<picture>\n\t\t\t\t<source media=\"(max-width: 768px)\" srcset=\"https:\/\/files.sunoresearch.com.br\/n\/uploads\/2018\/09\/eb981a37-ciro-gomes-400x200.webp\">\n\t\t\t\t<img loading=\"lazy\" decoding=\"async\" class=\"newsContent__article__imgCapa lazyloadDisabled newsContent__article__imgCapa--noCaption\" src=\"https:\/\/files.sunoresearch.com.br\/n\/uploads\/2018\/09\/eb981a37-ciro-gomes-800x450.webp\" width=\"800\" height=\"450\" alt=\"O que saber em pol\u00edtica e neg\u00f3cios nesta quarta-feira\" fetchpriority=high \/>\n\t\t\t<\/picture>\n\n\t\t\t<figcaption class=\"wp-caption-text wp-caption-text--hide\"><\/figcaption>\n\t\t<\/figure>\n\t<\/div>\n\n\n<p>No campo pol\u00edtico, aten\u00e7\u00e3o especial para nova pesquisa do Ibope, que deve ser divulgada ainda durante o preg\u00e3o de hoje, \u00e0s 14h. O instituto est\u00e1 entre os mais respeitados no campo dos levantamentos eleitorais e, dependendo do resultado, pode causar grandes movimentos.<\/p>\n<p>Agora pela manh\u00e3, haver\u00e1 tamb\u00e9m divulga\u00e7\u00e3o de pesquisa pelo Instituto Paran\u00e1, que deve ser lan\u00e7ada aos assinantes da revista Cruso\u00e9 \u00e0s 10h. \u00c0s 18h, os presidenci\u00e1veis participar\u00e3o de debate na SBT, que n\u00e3o contar\u00e1 com a presen\u00e7a de Bolsonaro, que ainda est\u00e1 no hospital.<\/p>\n<p>Ciro Gomes tamb\u00e9m foi ao hospital, na noite de ontem, com desconforto na bexiga. O candidato do PDT passou por um procedimento de cauteriza\u00e7\u00e3o de veias na pr\u00f3stata e deve estar apto a participar do debate sem grandes problemas.<\/p>\n<p>Nos EUA, o banco central americano, o Fed, deve anunciar o aumento na taxa de juros do pa\u00eds, a primeira em setembro na hist\u00f3ria da institui\u00e7\u00e3o. Isso deve encarecer o d\u00f3lar e trazer volatilidade aos mercados financeiros globais, e sinaliza a mudan\u00e7a de pol\u00edtica financeira apontada por Donald Trump na Assembleia Geral da ONU, ontem.<\/p>\n<p>No campo dos neg\u00f3cios, a Bradespar e a Litel devem pagar R$ 2,8 bilh\u00f5es \u00e0 Eletron em acordo entre as tr\u00eas partes para encerrar disputa judicial, noticiou O Globo. A Suzano reduziu seu compromisso com bancos para US$2,2 bilh\u00f5es para realizar a fus\u00e3o com a Fibria.<\/p>\n<p>A JBS e a Embraer tiveram suas a\u00e7\u00f5es indicadas como &#8220;outperform&#8221; pelo Bradesco BBI, sinalizando compra. A Petrobras decidiu manter inalterados os pre\u00e7os da gasolina ap\u00f3s revis\u00e3o.<\/p>\n<p>A Cemig anunciou que far\u00e1 um leil\u00e3o de compra de energia de novos empreendimentos de gera\u00e7\u00e3o e\u00f3lica e solar no dia 4 de outubro. O movimento vem ap\u00f3s a perda de concess\u00f5es de diversas hidrel\u00e9tricas e visa suprir o pr\u00f3prio portf\u00f3lio energ\u00e9tico e atender contratos de suprimento j\u00e1 estabelecidos.<\/p>\n","protected":false},"excerpt":{"rendered":"<p>Depois de cair na segunda com a not\u00edcia de que Fernando Haddad (PT) estaria \u00e0 frente de Jair Bolsonaro (PSL) no segundo turno, segundo o Ibope, o mercado cresceu novamente ontem com alta de 0,83%. Saiba de algumas not\u00edcias que devem movimentar o mercado hoje: No campo pol\u00edtico, aten\u00e7\u00e3o especial para nova pesquisa do Ibope, [&hellip;]<\/p>\n","protected":false},"author":5,"featured_media":4416,"comment_status":"closed","ping_status":"closed","sticky":false,"template":"","format":"standard","meta":[],"categories":[61],"tags":[393,420,697,460,477,521,535,595,648],"suno_strategy":[],"class_list":["post-4415","post","type-post","status-publish","format-standard","has-post-thumbnail","hentry","category-politica","tag-bradespar-brap3-brap4","tag-cemig-cmig3-cmig4","tag-eleicoes","tag-embraer-embr3","tag-fibria","tag-jbs-jbss3","tag-litel","tag-petrobras-petr4","tag-suzano-suzb3"],"yoast_head":"<!-- This site is optimized with the Yoast SEO plugin v24.4 - https:\/\/yoast.com\/wordpress\/plugins\/seo\/ -->\n<title>O que saber em pol\u00edtica e neg\u00f3cios nesta quarta-feira<\/title>\n<meta name=\"description\" content=\"Ciro Gomes foi ao hospital na noite de ontem mas deve participar de debate no SBT. Novas pesquisas ser\u00e3o lan\u00e7adas. Clique para saber mais.\" \/>\n<meta name=\"robots\" content=\"index, follow, max-snippet:-1, max-image-preview:large, max-video-preview:-1\" \/>\n<link rel=\"canonical\" href=\"https:\/\/www.suno.com.br\/noticias\/resumo-politica-negocios-quarta\/\" \/>\n<meta property=\"og:locale\" content=\"pt_BR\" \/>\n<meta property=\"og:type\" content=\"article\" \/>\n<meta property=\"og:title\" content=\"O que saber em pol\u00edtica e neg\u00f3cios nesta quarta-feira\" \/>\n<meta property=\"og:description\" content=\"Ciro Gomes foi ao hospital na noite de ontem mas deve participar de debate no SBT. Novas pesquisas ser\u00e3o lan\u00e7adas. Clique para saber mais.\" \/>\n<meta property=\"og:url\" content=\"https:\/\/www.suno.com.br\/noticias\/resumo-politica-negocios-quarta\/\" \/>\n<meta property=\"og:site_name\" content=\"Suno Not\u00edcias\" \/>\n<meta property=\"article:publisher\" content=\"https:\/\/facebook.com\/sunoresearch\" \/>\n<meta property=\"article:author\" content=\"https:\/\/www.linkedin.com\/in\/daniel-quandt-a49985110\/\" \/>\n<meta property=\"og:image\" content=\"https:\/\/files.sunoresearch.com.br\/n\/uploads\/2018\/09\/eb981a37-ciro-gomes.jpg\" \/>\n\t<meta property=\"og:image:width\" content=\"866\" \/>\n\t<meta property=\"og:image:height\" content=\"487\" \/>\n\t<meta property=\"og:image:type\" content=\"image\/jpeg\" \/>\n<meta name=\"author\" content=\"Daniel Quandt\" \/>\n<meta name=\"twitter:card\" content=\"summary_large_image\" \/>\n<meta name=\"twitter:creator\" content=\"@sunoresearch\" \/>\n<meta name=\"twitter:site\" content=\"@sunoresearch\" \/>\n<meta name=\"twitter:label1\" content=\"Escrito por\" \/>\n\t<meta name=\"twitter:data1\" content=\"Daniel Quandt\" \/>\n\t<meta name=\"twitter:label2\" content=\"Est. tempo de leitura\" \/>\n\t<meta name=\"twitter:data2\" content=\"2 minutos\" \/>\n<script type=\"application\/ld+json\" class=\"yoast-schema-graph\">{\"@context\":\"https:\/\/schema.org\",\"@graph\":[{\"@type\":\"NewsArticle\",\"@id\":\"https:\/\/www.suno.com.br\/noticias\/resumo-politica-negocios-quarta\/#article\",\"isPartOf\":{\"@id\":\"https:\/\/www.suno.com.br\/noticias\/resumo-politica-negocios-quarta\/\"},\"author\":{\"name\":\"Daniel Quandt\",\"@id\":\"https:\/\/www.suno.com.br\/noticias\/#\/schema\/person\/eca2bab82984722db00d1e6facd8bb26\"},\"headline\":\"O que saber em pol\u00edtica e neg\u00f3cios nesta quarta-feira\",\"datePublished\":\"2018-09-26T12:18:41+00:00\",\"mainEntityOfPage\":{\"@id\":\"https:\/\/www.suno.com.br\/noticias\/resumo-politica-negocios-quarta\/\"},\"wordCount\":392,\"publisher\":{\"@id\":\"https:\/\/www.suno.com.br\/noticias\/#organization\"},\"image\":{\"@id\":\"https:\/\/www.suno.com.br\/noticias\/resumo-politica-negocios-quarta\/#primaryimage\"},\"thumbnailUrl\":\"https:\/\/files.sunoresearch.com.br\/n\/uploads\/2018\/09\/eb981a37-ciro-gomes-jpg.webp\",\"keywords\":[\"Bradespar (BRAP3\/BRAP4)\",\"Cemig (CMIG3\/CMIG4)\",\"Elei\u00e7\u00f5es\",\"Embraer (EMBR3)\",\"Fibria\",\"JBS (JBSS3)\",\"Litel\",\"Petrobras (PETR4)\",\"Suzano (SUZB3)\"],\"articleSection\":[\"Pol\u00edtica\"],\"inLanguage\":\"pt-BR\"},{\"@type\":\"WebPage\",\"@id\":\"https:\/\/www.suno.com.br\/noticias\/resumo-politica-negocios-quarta\/\",\"url\":\"https:\/\/www.suno.com.br\/noticias\/resumo-politica-negocios-quarta\/\",\"name\":\"O que saber em pol\u00edtica e neg\u00f3cios nesta quarta-feira\",\"isPartOf\":{\"@id\":\"https:\/\/www.suno.com.br\/noticias\/#website\"},\"primaryImageOfPage\":{\"@id\":\"https:\/\/www.suno.com.br\/noticias\/resumo-politica-negocios-quarta\/#primaryimage\"},\"image\":{\"@id\":\"https:\/\/www.suno.com.br\/noticias\/resumo-politica-negocios-quarta\/#primaryimage\"},\"thumbnailUrl\":\"https:\/\/files.sunoresearch.com.br\/n\/uploads\/2018\/09\/eb981a37-ciro-gomes-jpg.webp\",\"datePublished\":\"2018-09-26T12:18:41+00:00\",\"description\":\"Ciro Gomes foi ao hospital na noite de ontem mas deve participar de debate no SBT. Novas pesquisas ser\u00e3o lan\u00e7adas. Clique para saber mais.\",\"breadcrumb\":{\"@id\":\"https:\/\/www.suno.com.br\/noticias\/resumo-politica-negocios-quarta\/#breadcrumb\"},\"inLanguage\":\"pt-BR\",\"potentialAction\":[{\"@type\":\"ReadAction\",\"target\":[\"https:\/\/www.suno.com.br\/noticias\/resumo-politica-negocios-quarta\/\"]}]},{\"@type\":\"ImageObject\",\"inLanguage\":\"pt-BR\",\"@id\":\"https:\/\/www.suno.com.br\/noticias\/resumo-politica-negocios-quarta\/#primaryimage\",\"url\":\"https:\/\/files.sunoresearch.com.br\/n\/uploads\/2018\/09\/eb981a37-ciro-gomes-jpg.webp\",\"contentUrl\":\"https:\/\/files.sunoresearch.com.br\/n\/uploads\/2018\/09\/eb981a37-ciro-gomes-jpg.webp\",\"width\":866,\"height\":487},{\"@type\":\"BreadcrumbList\",\"@id\":\"https:\/\/www.suno.com.br\/noticias\/resumo-politica-negocios-quarta\/#breadcrumb\",\"itemListElement\":[{\"@type\":\"ListItem\",\"position\":1,\"name\":\"Not\u00edcias\",\"item\":\"https:\/\/www.suno.com.br\/noticias\/\"},{\"@type\":\"ListItem\",\"position\":2,\"name\":\"Pol\u00edtica\",\"item\":\"https:\/\/www.suno.com.br\/noticias\/politica\/\"},{\"@type\":\"ListItem\",\"position\":3,\"name\":\"O que saber em pol\u00edtica e neg\u00f3cios nesta quarta-feira\"}]},{\"@type\":\"WebSite\",\"@id\":\"https:\/\/www.suno.com.br\/noticias\/#website\",\"url\":\"https:\/\/www.suno.com.br\/noticias\/\",\"name\":\"Suno Not\u00edcias\",\"description\":\"Seu portal de informa\u00e7\u00e3o sobre o mundo dos investimentos\",\"publisher\":{\"@id\":\"https:\/\/www.suno.com.br\/noticias\/#organization\"},\"potentialAction\":[{\"@type\":\"SearchAction\",\"target\":{\"@type\":\"EntryPoint\",\"urlTemplate\":\"https:\/\/www.suno.com.br\/noticias\/?s={search_term_string}\"},\"query-input\":{\"@type\":\"PropertyValueSpecification\",\"valueRequired\":true,\"valueName\":\"search_term_string\"}}],\"inLanguage\":\"pt-BR\"},{\"@type\":\"Organization\",\"@id\":\"https:\/\/www.suno.com.br\/noticias\/#organization\",\"name\":\"Suno Not\u00edcias\",\"url\":\"https:\/\/www.suno.com.br\/noticias\/\",\"logo\":{\"@type\":\"ImageObject\",\"inLanguage\":\"pt-BR\",\"@id\":\"https:\/\/www.suno.com.br\/noticias\/#\/schema\/logo\/image\/\",\"url\":\"https:\/\/files.sunoresearch.com.br\/n\/uploads\/2021\/09\/suno-logo.png\",\"contentUrl\":\"https:\/\/files.sunoresearch.com.br\/n\/uploads\/2021\/09\/suno-logo.png\",\"width\":180,\"height\":180,\"caption\":\"Suno Not\u00edcias\"},\"image\":{\"@id\":\"https:\/\/www.suno.com.br\/noticias\/#\/schema\/logo\/image\/\"},\"sameAs\":[\"https:\/\/facebook.com\/sunoresearch\",\"https:\/\/x.com\/sunoresearch\",\"https:\/\/www.instagram.com\/suno\",\"https:\/\/www.linkedin.com\/company\/suno-research\/\",\"https:\/\/www.youtube.com\/c\/sunoresearch\"]},{\"@type\":\"Person\",\"@id\":\"https:\/\/www.suno.com.br\/noticias\/#\/schema\/person\/eca2bab82984722db00d1e6facd8bb26\",\"name\":\"Daniel Quandt\",\"image\":{\"@type\":\"ImageObject\",\"inLanguage\":\"pt-BR\",\"@id\":\"https:\/\/www.suno.com.br\/noticias\/#\/schema\/person\/image\/\",\"url\":\"https:\/\/secure.gravatar.com\/avatar\/5faf4378f9fbf4557a5836a88d66f99a?s=96&r=g\",\"contentUrl\":\"https:\/\/secure.gravatar.com\/avatar\/5faf4378f9fbf4557a5836a88d66f99a?s=96&r=g\",\"caption\":\"Daniel Quandt\"},\"description\":\"Aluno da Universidade de S\u00e3o Paulo, Daniel Quandt escreve sobre economia, mercado financeiro e pol\u00edtica no portal da Suno Research. J\u00e1 passou pela Ag\u00eancia USP de Inova\u00e7\u00e3o e pela startup de v\u00eddeo em blockchain Paratii, desenvolvendo seu conhecimento da aplica\u00e7\u00e3o de tecnologia de ponta ao mercado.\",\"sameAs\":[\"https:\/\/www.suno.com.br\/\",\"https:\/\/www.linkedin.com\/in\/daniel-quandt-a49985110\/\"],\"url\":\"https:\/\/www.suno.com.br\/noticias\/author\/daniel-quandt\/\"}]}<\/script>\n<!-- \/ Yoast SEO plugin. -->","yoast_head_json":{"title":"O que saber em pol\u00edtica e neg\u00f3cios nesta quarta-feira","description":"Ciro Gomes foi ao hospital na noite de ontem mas deve participar de debate no SBT. Novas pesquisas ser\u00e3o lan\u00e7adas. Clique para saber mais.","robots":{"index":"index","follow":"follow","max-snippet":"max-snippet:-1","max-image-preview":"max-image-preview:large","max-video-preview":"max-video-preview:-1"},"canonical":"https:\/\/www.suno.com.br\/noticias\/resumo-politica-negocios-quarta\/","og_locale":"pt_BR","og_type":"article","og_title":"O que saber em pol\u00edtica e neg\u00f3cios nesta quarta-feira","og_description":"Ciro Gomes foi ao hospital na noite de ontem mas deve participar de debate no SBT. Novas pesquisas ser\u00e3o lan\u00e7adas. Clique para saber mais.","og_url":"https:\/\/www.suno.com.br\/noticias\/resumo-politica-negocios-quarta\/","og_site_name":"Suno Not\u00edcias","article_publisher":"https:\/\/facebook.com\/sunoresearch","article_author":"https:\/\/www.linkedin.com\/in\/daniel-quandt-a49985110\/","og_image":[{"width":866,"height":487,"url":"https:\/\/files.sunoresearch.com.br\/n\/uploads\/2018\/09\/eb981a37-ciro-gomes.jpg","type":"image\/jpeg"}],"author":"Daniel Quandt","twitter_card":"summary_large_image","twitter_creator":"@sunoresearch","twitter_site":"@sunoresearch","twitter_misc":{"Escrito por":"Daniel Quandt","Est. tempo de leitura":"2 minutos"},"schema":{"@context":"https:\/\/schema.org","@graph":[{"@type":"NewsArticle","@id":"https:\/\/www.suno.com.br\/noticias\/resumo-politica-negocios-quarta\/#article","isPartOf":{"@id":"https:\/\/www.suno.com.br\/noticias\/resumo-politica-negocios-quarta\/"},"author":{"name":"Daniel Quandt","@id":"https:\/\/www.suno.com.br\/noticias\/#\/schema\/person\/eca2bab82984722db00d1e6facd8bb26"},"headline":"O que saber em pol\u00edtica e neg\u00f3cios nesta quarta-feira","datePublished":"2018-09-26T12:18:41+00:00","mainEntityOfPage":{"@id":"https:\/\/www.suno.com.br\/noticias\/resumo-politica-negocios-quarta\/"},"wordCount":392,"publisher":{"@id":"https:\/\/www.suno.com.br\/noticias\/#organization"},"image":{"@id":"https:\/\/www.suno.com.br\/noticias\/resumo-politica-negocios-quarta\/#primaryimage"},"thumbnailUrl":"https:\/\/files.sunoresearch.com.br\/n\/uploads\/2018\/09\/eb981a37-ciro-gomes-jpg.webp","keywords":["Bradespar (BRAP3\/BRAP4)","Cemig (CMIG3\/CMIG4)","Elei\u00e7\u00f5es","Embraer (EMBR3)","Fibria","JBS (JBSS3)","Litel","Petrobras (PETR4)","Suzano (SUZB3)"],"articleSection":["Pol\u00edtica"],"inLanguage":"pt-BR"},{"@type":"WebPage","@id":"https:\/\/www.suno.com.br\/noticias\/resumo-politica-negocios-quarta\/","url":"https:\/\/www.suno.com.br\/noticias\/resumo-politica-negocios-quarta\/","name":"O que saber em pol\u00edtica e neg\u00f3cios nesta quarta-feira","isPartOf":{"@id":"https:\/\/www.suno.com.br\/noticias\/#website"},"primaryImageOfPage":{"@id":"https:\/\/www.suno.com.br\/noticias\/resumo-politica-negocios-quarta\/#primaryimage"},"image":{"@id":"https:\/\/www.suno.com.br\/noticias\/resumo-politica-negocios-quarta\/#primaryimage"},"thumbnailUrl":"https:\/\/files.sunoresearch.com.br\/n\/uploads\/2018\/09\/eb981a37-ciro-gomes-jpg.webp","datePublished":"2018-09-26T12:18:41+00:00","description":"Ciro Gomes foi ao hospital na noite de ontem mas deve participar de debate no SBT. Novas pesquisas ser\u00e3o lan\u00e7adas. Clique para saber mais.","breadcrumb":{"@id":"https:\/\/www.suno.com.br\/noticias\/resumo-politica-negocios-quarta\/#breadcrumb"},"inLanguage":"pt-BR","potentialAction":[{"@type":"ReadAction","target":["https:\/\/www.suno.com.br\/noticias\/resumo-politica-negocios-quarta\/"]}]},{"@type":"ImageObject","inLanguage":"pt-BR","@id":"https:\/\/www.suno.com.br\/noticias\/resumo-politica-negocios-quarta\/#primaryimage","url":"https:\/\/files.sunoresearch.com.br\/n\/uploads\/2018\/09\/eb981a37-ciro-gomes-jpg.webp","contentUrl":"https:\/\/files.sunoresearch.com.br\/n\/uploads\/2018\/09\/eb981a37-ciro-gomes-jpg.webp","width":866,"height":487},{"@type":"BreadcrumbList","@id":"https:\/\/www.suno.com.br\/noticias\/resumo-politica-negocios-quarta\/#breadcrumb","itemListElement":[{"@type":"ListItem","position":1,"name":"Not\u00edcias","item":"https:\/\/www.suno.com.br\/noticias\/"},{"@type":"ListItem","position":2,"name":"Pol\u00edtica","item":"https:\/\/www.suno.com.br\/noticias\/politica\/"},{"@type":"ListItem","position":3,"name":"O que saber em pol\u00edtica e neg\u00f3cios nesta quarta-feira"}]},{"@type":"WebSite","@id":"https:\/\/www.suno.com.br\/noticias\/#website","url":"https:\/\/www.suno.com.br\/noticias\/","name":"Suno Not\u00edcias","description":"Seu portal de informa\u00e7\u00e3o sobre o mundo dos investimentos","publisher":{"@id":"https:\/\/www.suno.com.br\/noticias\/#organization"},"potentialAction":[{"@type":"SearchAction","target":{"@type":"EntryPoint","urlTemplate":"https:\/\/www.suno.com.br\/noticias\/?s={search_term_string}"},"query-input":{"@type":"PropertyValueSpecification","valueRequired":true,"valueName":"search_term_string"}}],"inLanguage":"pt-BR"},{"@type":"Organization","@id":"https:\/\/www.suno.com.br\/noticias\/#organization","name":"Suno Not\u00edcias","url":"https:\/\/www.suno.com.br\/noticias\/","logo":{"@type":"ImageObject","inLanguage":"pt-BR","@id":"https:\/\/www.suno.com.br\/noticias\/#\/schema\/logo\/image\/","url":"https:\/\/files.sunoresearch.com.br\/n\/uploads\/2021\/09\/suno-logo.png","contentUrl":"https:\/\/files.sunoresearch.com.br\/n\/uploads\/2021\/09\/suno-logo.png","width":180,"height":180,"caption":"Suno Not\u00edcias"},"image":{"@id":"https:\/\/www.suno.com.br\/noticias\/#\/schema\/logo\/image\/"},"sameAs":["https:\/\/facebook.com\/sunoresearch","https:\/\/x.com\/sunoresearch","https:\/\/www.instagram.com\/suno","https:\/\/www.linkedin.com\/company\/suno-research\/","https:\/\/www.youtube.com\/c\/sunoresearch"]},{"@type":"Person","@id":"https:\/\/www.suno.com.br\/noticias\/#\/schema\/person\/eca2bab82984722db00d1e6facd8bb26","name":"Daniel Quandt","image":{"@type":"ImageObject","inLanguage":"pt-BR","@id":"https:\/\/www.suno.com.br\/noticias\/#\/schema\/person\/image\/","url":"https:\/\/secure.gravatar.com\/avatar\/5faf4378f9fbf4557a5836a88d66f99a?s=96&r=g","contentUrl":"https:\/\/secure.gravatar.com\/avatar\/5faf4378f9fbf4557a5836a88d66f99a?s=96&r=g","caption":"Daniel Quandt"},"description":"Aluno da Universidade de S\u00e3o Paulo, Daniel Quandt escreve sobre economia, mercado financeiro e pol\u00edtica no portal da Suno Research. J\u00e1 passou pela Ag\u00eancia USP de Inova\u00e7\u00e3o e pela startup de v\u00eddeo em blockchain Paratii, desenvolvendo seu conhecimento da aplica\u00e7\u00e3o de tecnologia de ponta ao mercado.","sameAs":["https:\/\/www.suno.com.br\/","https:\/\/www.linkedin.com\/in\/daniel-quandt-a49985110\/"],"url":"https:\/\/www.suno.com.br\/noticias\/author\/daniel-quandt\/"}]}},"default_loop_html":"<div class=\"cardsPage__listCard__boxs\"><div class=\"cardsPage__listCard__boxs__img\"><a href=\"https:\/\/www.suno.com.br\/noticias\/resumo-politica-negocios-quarta\/\"><img class=\"mask\" src=\"https:\/\/www.suno.com.br\/noticias\/wp-content\/themes\/suno\/resources\/images\/spotlight\/spotlight1img\/bg-mask.png\" alt=\"Image Mask\"\/><img src=\"https:\/\/files.sunoresearch.com.br\/n\/uploads\/2018\/09\/eb981a37-ciro-gomes-400x200.webp\" alt=\"O que saber em pol\u00edtica e neg\u00f3cios nesta quarta-feira\"\/><\/a><span class=\"spotlightCategory\"><a href=\"https:\/\/www.suno.com.br\/noticias\/politica\/\">Pol\u00edtica<\/a><\/span><\/div><div class=\"cardsPage__listCard__boxs__content\"><a href=\"https:\/\/www.suno.com.br\/noticias\/resumo-politica-negocios-quarta\/\"><h2 class=\"content__title\">O que saber em pol\u00edtica e neg\u00f3cios nesta quarta-feira<\/h2><\/a><div class=\"newsContent__article__meta\"><div class=\"newsContent__article__meta__authorBox\"><a href=\"https:\/\/www.suno.com.br\/noticias\/author\/daniel-quandt\/\" class=\"authorBox__avatar noMobi\"><img src=\"https:\/\/secure.gravatar.com\/avatar\/5faf4378f9fbf4557a5836a88d66f99a?s=96&#038;r=g\" alt=\"Daniel Quandt\"><\/a><div class=\"authorBox__name\"><span>por\n\t\t\t<a href=\"https:\/\/www.suno.com.br\/noticias\/author\/daniel-quandt\/\"><span itemprop=\"author\">Daniel Quandt<\/span><\/a><\/span><time datetime=\"2018-09-26T09:18:41-03:00\" itemprop=\"datePublished\">26\/09\/2018 09:18<\/time><\/div><\/div><\/div><\/div><\/div>","single_layout":"posts","amp_enabled":true,"_links":{"self":[{"href":"https:\/\/www.suno.com.br\/noticias\/wp-json\/wp\/v2\/posts\/4415"}],"collection":[{"href":"https:\/\/www.suno.com.br\/noticias\/wp-json\/wp\/v2\/posts"}],"about":[{"href":"https:\/\/www.suno.com.br\/noticias\/wp-json\/wp\/v2\/types\/post"}],"author":[{"embeddable":true,"href":"https:\/\/www.suno.com.br\/noticias\/wp-json\/wp\/v2\/users\/5"}],"replies":[{"embeddable":true,"href":"https:\/\/www.suno.com.br\/noticias\/wp-json\/wp\/v2\/comments?post=4415"}],"version-history":[{"count":0,"href":"https:\/\/www.suno.com.br\/noticias\/wp-json\/wp\/v2\/posts\/4415\/revisions"}],"wp:featuredmedia":[{"embeddable":true,"href":"https:\/\/www.suno.com.br\/noticias\/wp-json\/wp\/v2\/media\/4416"}],"wp:attachment":[{"href":"https:\/\/www.suno.com.br\/noticias\/wp-json\/wp\/v2\/media?parent=4415"}],"wp:term":[{"taxonomy":"category","embeddable":true,"href":"https:\/\/www.suno.com.br\/noticias\/wp-json\/wp\/v2\/categories?post=4415"},{"taxonomy":"post_tag","embeddable":true,"href":"https:\/\/www.suno.com.br\/noticias\/wp-json\/wp\/v2\/tags?post=4415"},{"taxonomy":"suno_strategy","embeddable":true,"href":"https:\/\/www.suno.com.br\/noticias\/wp-json\/wp\/v2\/suno_strategy?post=4415"}],"curies":[{"name":"wp","href":"https:\/\/api.w.org\/{rel}","templated":true}]}}