{"id":441288,"date":"2023-08-10T22:31:41","date_gmt":"2023-08-11T01:31:41","guid":{"rendered":"https:\/\/www.suno.com.br\/noticias\/?p=441288"},"modified":"2023-08-10T22:31:55","modified_gmt":"2023-08-11T01:31:55","slug":"radar-via-viia3-oi-oibr3-cpfl-cpfe3","status":"publish","type":"post","link":"https:\/\/www.suno.com.br\/noticias\/radar-via-viia3-oi-oibr3-cpfl-cpfe3\/","title":{"rendered":"Radar: Via (VIIA3) reporta preju\u00edzo milion\u00e1rio no 2T23, Oi (OIBR3) aumenta perdas no trimestre e CPFL (CPFE3) anuncia dividendos de R$ 902,6 mi"},"content":{"rendered":"<p>Dona da Casas Bahia e do Ponto, a&nbsp;<strong>Via (VIIA3)<\/strong>&nbsp;divulgou nesta quinta-feira, 10, o seus resultados do segundo trimestre de 2023. A varejista apurou um preju\u00edzo l\u00edquido de R$ 492 milh\u00f5es.<\/p>\t<div class=\"wrapper-featured-image\">\n\t\t<figure class=\"spotlightImg\">\n\n\t\t\t<picture>\n\t\t\t\t<source media=\"(max-width: 768px)\" srcset=\"https:\/\/files.sunoresearch.com.br\/n\/uploads\/2023\/02\/Via-400x200.jpg\">\n\t\t\t\t<img loading=\"lazy\" decoding=\"async\" class=\"newsContent__article__imgCapa lazyloadDisabled \" src=\"https:\/\/files.sunoresearch.com.br\/n\/uploads\/2023\/02\/Via-800x450.jpg\" width=\"800\" height=\"450\" alt=\"Radar: Via (VIIA3) reporta preju\u00edzo milion\u00e1rio no 2T23, Oi (OIBR3) aumenta perdas no trimestre e CPFL (CPFE3) anuncia dividendos de R$ 902,6 mi\" fetchpriority=high \/>\n\t\t\t<\/picture>\n\n\t\t\t<figcaption class=\"wp-caption-text wp-caption-text--show\">Via (VIIA3). Foto: Divulga\u00e7\u00e3o<\/figcaption>\n\t\t<\/figure>\n\t<\/div>\n\n\n\n\n\n\t<p>\n\t\t<a href=\"https:\/\/lp.suno.com.br\/planilha-da-vida-financeira\/\" target=\"_blank\" data-element=\"shortcode-suno-banner\" title=\"Banner SUNO, clique e saiba mais\">\n\t\t\t<picture>\n\t\t\t\t<source media=\"(max-width: 500px)\" srcset=\"https:\/\/files.sunoresearch.com.br\/n\/uploads\/2023\/04\/400x300-Planilha-vida-financeira-true.png\">\n\t\t\t\t<img class=\"newsContent__article__imgCapa newsContent__article__imgCapa--banner\"\n\t\t\t\t\tsrc=\"https:\/\/files.sunoresearch.com.br\/n\/uploads\/2023\/04\/1420x240-Planilha-vida-financeira-true.png\"\n\t\t\t\t\tdata-promo-id=\"106682\"\t\t\t\t\t\t\t\t\t\twidth='1420' height='240'\t\t\t\t\talt=\"https:\/\/files.sunoresearch.com.br\/n\/uploads\/2023\/04\/1420x240-Planilha-vida-financeira-true.png\"\n\t\t\t\t>\n\t\t\t<\/picture>\n\t\t<\/a>\n\t<\/p>\n\n\n\n\n\n\n\n<p>O resultado da&nbsp;<strong>Via no 2T23<\/strong>&nbsp;reverte o lucro de R$ 6 milh\u00f5es apresentado no mesmo per\u00edodo de 2022. A empresa garante, por\u00e9m, que um novo ciclo est\u00e1 por vir e aproveitou o momento para divulgar o plano de a\u00e7\u00e3o da nova gest\u00e3o da companhia.<\/p>\n\n\n\n<p>\u201cNo segundo trimestre, ainda n\u00e3o tivemos impactos das mudan\u00e7as que come\u00e7amos a implementar. Ele ficou dentro das expectativas do mercado. Com a companhia do tamanho que estava, o resultado \u00e9 de preju\u00edzo\u201d, disse o CEO da empresa,&nbsp;<a target=\"_blank\" href=\"https:\/\/www.suno.com.br\/tudo-sobre\/renato-franklin\/?utm_content=XYOE2ItQuUY.20201113&amp;utm_campaign=Track%2B&amp;utm_medium=video&amp;utm_source=GoogleAds\" rel=\"noreferrer noopener\">Renato Franklin<\/a>, ao&nbsp;<em>Broadcast<\/em>, sistema de not\u00edcias em tempo real do Grupo Estado.<\/p>\n\n\n\n<p>O&nbsp;<strong>Ebitda ajustado da Via<\/strong>&nbsp;(lucro antes de juros, impostos, deprecia\u00e7\u00f5es e amortiza\u00e7\u00f5es) foi de R$ 469 milh\u00f5es, com queda de 32% frente ao reportado entre abril e junho de 2022, com margem de 9%, 2,7 pontos porcentuais (p.p.) menor do que um ano atr\u00e1s. A&nbsp;<strong>receita l\u00edquida da Via<\/strong>, por sua vez, caiu 2%, chegando a R$ 7,5 bilh\u00f5es.<\/p>\n\n\n\n<p>Franklin diz que o per\u00edodo foi prejudicado pela menor demanda por itens de maior valor agregado, que sofrem em momentos de restri\u00e7\u00e3o de cr\u00e9dito ao consumo, dado que a popula\u00e7\u00e3o estava altamente endividada. Al\u00e9m disso, a&nbsp;<a target=\"_blank\" href=\"https:\/\/www.suno.com.br\/artigos\/margem-bruta-entenda-sua-importancia\/?utm_content=XYOE2ItQuUY.20201113&amp;utm_campaign=Track%2B&amp;utm_medium=video&amp;utm_source=GoogleAds\" rel=\"noreferrer noopener\">margem bruta<\/a>&nbsp;da empresa \u2013 que caiu 2,9 pontos porcentuais (p.p.), para 31,4% \u2013 teve impactos marginais do in\u00edcio da venda de estoque em promo\u00e7\u00e3o que a nova gest\u00e3o come\u00e7ou a fazer.<\/p>\n\n\n\n<p>\u201cPassamos por uma mudan\u00e7a de mentalidade. Antes o foco estava em ganho de GMV (vendas brutas) e aumento de canais de vendas, em crescer o neg\u00f3cio. Agora, o foco muda para gerar resultados\u201d, afirma o novo CEO, \u00e0 frente da companhia desde a \u00faltima divulga\u00e7\u00e3o de resultados. Para ele, a escolha que a empresa tinha era de investir mais para crescer, ou usar o que j\u00e1 se tinha \u00e0 m\u00e3o para, em suas palavras, \u201cganhar dinheiro\u201d.<\/p>\n\n\n\n<p>Nesse sentido, nos \u00faltimos meses, a companhia demitiu 6 mil pessoas, o que, nas contas da empresa, gerou uma economia de R$ 370 milh\u00f5es para a Via. Al\u00e9m disso, a empresa agora deve trabalhar com estoques menores. \u201cO intuito agora \u00e9 comprar aquilo que vendemos mais rapidamente\u201d, afirma Franklin.<\/p>\n\n\n\n<p>Al\u00e9m de Via, confira outros destaques desta quinta-feira:<\/p>\n\n\n\n<h2 class=\"wp-block-heading\">Preju\u00edzo da Oi (OIBR3) aumenta 70% no 2T23 e chega a R$ 845 milh\u00f5es<\/h2>\n\n\n\n<ul class=\"wp-block-list\">\n<li>A&nbsp;<a href=\"https:\/\/www.suno.com.br\/acoes\/OIBR3\/?utm_content=XYOE2ItQuUY.20201113&amp;utm_campaign=Track%2B&amp;utm_medium=video&amp;utm_source=GoogleAds\" target=\"_blank\" rel=\"noreferrer noopener\"><strong>Oi<\/strong>&nbsp;(OIBR3)<\/a>&nbsp;divulgou os resultados do segundo trimestre de 2023 nesta quinta-feira (10), reportando um preju\u00edzo de R$ 845 milh\u00f5es. No mesmo per\u00edodo de 2022 (2T22), o preju\u00edzo auferido pela empresa tinha sido de R$ 497 milh\u00f5es \u2013 aumento de 70% no 2T23.<\/li>\n<\/ul>\n\n\n\n<ul class=\"wp-block-list\">\n<li>No primeiro trimestre deste ano, o&nbsp;<strong>preju\u00edzo da Oi&nbsp;<\/strong>tinha sido de R$ 1,267 bilh\u00e3o. O preju\u00edzo teve uma redu\u00e7\u00e3o de 33,4% no 2T23, quando comparado ao trimestre imediatamente anterior.<\/li>\n<\/ul>\n\n\n\n<ul class=\"wp-block-list\">\n<li>A&nbsp;<strong><a href=\"https:\/\/www.suno.com.br\/artigos\/o-que-receita-liquida\/?utm_content=XYOE2ItQuUY.20201113&amp;utm_campaign=Track%2B&amp;utm_medium=video&amp;utm_source=GoogleAds\" target=\"_blank\" rel=\"noreferrer noopener\">receita l\u00edquida<\/a>&nbsp;consolidada da Oi<\/strong>&nbsp;foi de R$ 2,434 bilh\u00f5es, considerando apenas as opera\u00e7\u00f5es no Brasil. Esse valor corresponde a uma baixa de 11,2% em rela\u00e7\u00e3o ao mesmo trimestre do ano passado.<\/li>\n<\/ul>\n\n\n\n<ul class=\"wp-block-list\">\n<li>Conforme explicado no relat\u00f3rio de&nbsp;<strong>resultados da Oi<\/strong>, essa queda se deu com a \u201ccompara\u00e7\u00e3o assim\u00e9trica entre os per\u00edodos, visto que os resultados da InfraCo foram consolidados at\u00e9 a aliena\u00e7\u00e3o desta UPI em 9 de junho de 2022\u201d.<\/li>\n<\/ul>\n\n\n\n<h2 class=\"wp-block-heading\">CPFL (CPFE3) lucra R$ 1,25 bi no 2T23, recuo de 1,2%; empresa anuncia dividendos de R$ 902,6 milh\u00f5es<\/h2>\n\n\n\n<ul class=\"wp-block-list\">\n<li>A CPFL anunciou que vai pagar R$ R$ 902.627.837,13 em&nbsp;<strong>dividendos<\/strong>&nbsp;complementares aos seus acionistas, segundo&nbsp;<a href=\"https:\/\/www.suno.com.br\/artigos\/fato-relevante\/?utm_content=XYOE2ItQuUY.20201113&amp;utm_campaign=Track%2B&amp;utm_medium=video&amp;utm_source=GoogleAds\" target=\"_blank\" rel=\"noreferrer noopener\">fato relevante<\/a>&nbsp;divulgado hoje.<\/li>\n<\/ul>\n\n\n\n<ul class=\"wp-block-list\">\n<li>O&nbsp;<strong>valor dos proventos<\/strong>&nbsp;por a\u00e7\u00e3o ser\u00e1 de R$ 0,783358090, que ser\u00e3o pagos at\u00e9 31 de dezembro de 2023, \u201cem data espec\u00edfica a ser oportunamente informada aos acionistas e ao mercado, sem a aplica\u00e7\u00e3o de atualiza\u00e7\u00e3o monet\u00e1ria ou incid\u00eancia de juros entre a data de declara\u00e7\u00e3o e a data do efetivo pagamento\u201d.<\/li>\n<\/ul>\n\n\n\n<ul class=\"wp-block-list\">\n<li>Apenas os investidores com&nbsp;<strong>a\u00e7\u00f5es da CPFL&nbsp;<\/strong>no dia 17 de agosto ter\u00e3o direito de receber os rendimentos. A partir do dia 18 de agosto, as a\u00e7\u00f5es ser\u00e3o negociadas sem direito aos dividendos.<\/li>\n<\/ul>\n\n\n\n<p>Dividendos da CPFL<br>Valor total: R$ R$ 902.627.837,13<br>Valor por a\u00e7\u00e3o: R$ 0,783358090<br>Data de corte: 17 de agosto<br>Data do pagamento: at\u00e9 31 de dezembro de 2023<br>Rendimento (<a target=\"_blank\" href=\"https:\/\/www.suno.com.br\/artigos\/dividend-yield-como-calcular\/?utm_content=XYOE2ItQuUY.20201113&amp;utm_campaign=Track%2B&amp;utm_medium=video&amp;utm_source=GoogleAds\" rel=\"noreferrer noopener\">dividend yield<\/a>): 6,04%<\/p>\n\n\n\n<ul class=\"wp-block-list\">\n<li>No preg\u00e3o de hoje, a cota\u00e7\u00e3o das a\u00e7\u00f5es da CPFL subiu 0,14%, cotada a R$ 34,81.<\/li>\n<\/ul>\n\n\n\t<p>\n\t\t<a href=\"https:\/\/lp.suno.com.br\/ebook-como-analisar-uma-acao\/\" target=\"_blank\" data-element=\"shortcode-suno-banner\" title=\"Banner SUNO, clique e saiba mais\">\n\t\t\t<picture>\n\t\t\t\t<source media=\"(max-width: 500px)\" srcset=\"https:\/\/files.sunoresearch.com.br\/n\/uploads\/2023\/03\/Ebook-Acoes-Mobile.jpg\">\n\t\t\t\t<img class=\"newsContent__article__imgCapa newsContent__article__imgCapa--banner\"\n\t\t\t\t\tsrc=\"https:\/\/files.sunoresearch.com.br\/n\/uploads\/2023\/03\/Ebook-Acoes-Desktop.jpg\"\n\t\t\t\t\tdata-promo-id=\"378302\"\t\t\t\t\t\t\t\t\t\twidth='1420' height='286'\t\t\t\t\talt=\"https:\/\/files.sunoresearch.com.br\/n\/uploads\/2023\/03\/Ebook-Acoes-Desktop.jpg\"\n\t\t\t\t>\n\t\t\t<\/picture>\n\t\t<\/a>\n\t<\/p>\n\n\n\n\n\n<h2 class=\"wp-block-heading\">Alupar (ALUP11): banco recomenda compra das a\u00e7\u00f5es, ap\u00f3s n\u00fameros do 2T23, e destaca pol\u00edtica de dividendos<\/h2>\n\n\n\n<ul class=\"wp-block-list\">\n<li>A<strong>&nbsp;Alupar<\/strong>&nbsp;(ALUP11) continua sendo uma das preferidas do Ita\u00fa BBA no setor. Segundo analistas do banco, os resultados operacionais foram em linha com as estimativas e sua avalia\u00e7\u00e3o, mais atraente, faz o banco manter recomenda\u00e7\u00e3o de compra das a\u00e7\u00f5es.<\/li>\n<\/ul>\n\n\n\n<ul class=\"wp-block-list\">\n<li>\u201cO&nbsp;<strong>Ebitda recorrente da Alupar<\/strong>&nbsp;para o 2\u00ba trimestre de 2023 atendeu \u00e0s nossas expectativas, apresentando um aumento de 14% em rela\u00e7\u00e3o ao mesmo per\u00edodo do ano anterior, impulsionado tanto pelo segmento de transmiss\u00e3o quanto pelo de gera\u00e7\u00e3o\u201d, diz o BBA.<\/li>\n<\/ul>\n\n\n\n<ul class=\"wp-block-list\">\n<li>Outro ponto destacado foi a&nbsp;<strong>alavancagem da Alupa<\/strong>r, que se manteve em 3,5x&nbsp;<a href=\"https:\/\/www.suno.com.br\/artigos\/divida-liquida\/?utm_content=XYOE2ItQuUY.20201113&amp;utm_campaign=Track%2B&amp;utm_medium=video&amp;utm_source=GoogleAds\" target=\"_blank\" rel=\"noreferrer noopener\">d\u00edvida l\u00edquida<\/a>\/Ebitda no segundo trimestre de 2023. \u201cEsperamos uma desalavancagem acelerada nos pr\u00f3ximos trimestres, ap\u00f3s o in\u00edcio dos projetos em constru\u00e7\u00e3o\u201d, projetam os analistas.<\/li>\n<\/ul>\n\n\n\n<ul class=\"wp-block-list\">\n<li>Al\u00e9m disso, em relat\u00f3rio, o BBA cita a nova pol\u00edtica de&nbsp;<strong><a href=\"https:\/\/www.suno.com.br\/guias\/dividendos\/?utm_content=XYOE2ItQuUY.20201113&amp;utm_campaign=Track%2B&amp;utm_medium=video&amp;utm_source=GoogleAds\" target=\"_blank\" rel=\"noreferrer noopener\">dividendos<\/a>&nbsp;da Alupar<\/strong>, que estabelece distribui\u00e7\u00f5es trimestrais. Segundo analistas, a expectativa \u00e9 de um rendimento total de dividendos de 4,6% ao ano, considerando o pagamento obrigat\u00f3rio de dividendos de 50%.<\/li>\n<\/ul>\n\n\n\n<ul class=\"wp-block-list\">\n<li>A Alupar anunciou a distribui\u00e7\u00e3o de&nbsp;<a href=\"https:\/\/www.suno.com.br\/guias\/dividendos\/?utm_content=XYOE2ItQuUY.20201113&amp;utm_campaign=Track%2B&amp;utm_medium=video&amp;utm_source=GoogleAds\" target=\"_blank\" rel=\"noreferrer noopener\">dividendos<\/a>&nbsp;no valor de R$ 36,57 milh\u00f5es, representando um rendimento de 0,42%.<\/li>\n<\/ul>\n\n\n\n<h2 class=\"wp-block-heading\">Localiza (RENT3) pagar\u00e1 mais de R$ 360 milh\u00f5es em JCP em agosto<\/h2>\n\n\n\n<ul class=\"wp-block-list\">\n<li>A&nbsp;<a href=\"https:\/\/www.suno.com.br\/acoes\/RENT3\/?utm_content=XYOE2ItQuUY.20201113&amp;utm_campaign=Track%2B&amp;utm_medium=video&amp;utm_source=GoogleAds\" target=\"_blank\" rel=\"noreferrer noopener\"><strong>Localiza<\/strong>&nbsp;(RENT3)<\/a>&nbsp;vai pagar R$ 368 milh\u00f5es em&nbsp;<a href=\"https:\/\/www.suno.com.br\/artigos\/entenda-o-jcp\/?utm_content=XYOE2ItQuUY.20201113&amp;utm_campaign=Track%2B&amp;utm_medium=video&amp;utm_source=GoogleAds\" target=\"_blank\" rel=\"noreferrer noopener\">Juros Sobre Capital Pr\u00f3prio<\/a>&nbsp;(JCP) os seus acionistas,&nbsp;<a href=\"https:\/\/www.rad.cvm.gov.br\/ENET\/frmExibirArquivoIPEExterno.aspx?NumeroProtocoloEntrega=1132462\" target=\"_blank\" rel=\"noreferrer noopener\">segundo aviso aos acionistas<\/a>&nbsp;publicado nesta quinta-feira (10).<\/li>\n<\/ul>\n\n\n\n<ul class=\"wp-block-list\">\n<li>O valor dos<strong>&nbsp;proventos<\/strong>&nbsp;por a\u00e7\u00e3o da Localiza ser\u00e1 de R$ 0,34, que ser\u00e3o pagos no dia 14 de agosto.<\/li>\n<\/ul>\n\n\n\n<ul class=\"wp-block-list\">\n<li>Apenas os investidores que detinham&nbsp;<strong>a\u00e7\u00f5es da Localiza<\/strong>&nbsp;no dia 30 de junho ter\u00e3o direito de receber os&nbsp;<strong>rendimentos<\/strong>.<\/li>\n<\/ul>\n\n\n\n<ul class=\"wp-block-list\">\n<li>Desde o dia 3 de julho os pap\u00e9is&nbsp;<strong><a href=\"https:\/\/statusinvest.com.br\/acoes\/rent3?__hstc=189907700.57003753d8805be60d3d8f1693f0228c.1666093829288.1691655115355.1691709882707.220&amp;__hssc=189907700.35.1691709882707&amp;__hsfp=1636132229\" target=\"_blank\" rel=\"noreferrer noopener\">RENT3<\/a><\/strong>&nbsp;s\u00e3o negociados sem direito ao JCP.<\/li>\n<\/ul>\n\n\n\n<ul class=\"wp-block-list\">\n<li>Segundo documento arquivado na Comiss\u00e3o de Valores Mobili\u00e1rios (CVM), esses provento s\u00e3o frutos de delibera\u00e7\u00e3o do&nbsp;<a href=\"https:\/\/www.suno.com.br\/artigos\/conselho-administracao\/?utm_content=XYOE2ItQuUY.20201113&amp;utm_campaign=Track%2B&amp;utm_medium=video&amp;utm_source=GoogleAds\" target=\"_blank\" rel=\"noreferrer noopener\">Conselho de Administra\u00e7\u00e3o<\/a>&nbsp;em reuni\u00e3o realizada em 16 de junho de 2023.<\/li>\n<\/ul>\n\n\n\n<h2 class=\"wp-block-heading\">JCP da Localiza<\/h2>\n\n\n\n<ul class=\"wp-block-list\">\n<li><strong>Valor total:<\/strong>&nbsp;R$368.384.854,03<\/li>\n\n\n\n<li><strong>Valor por a\u00e7\u00e3o:<\/strong>&nbsp;R$ 0,349173632<\/li>\n\n\n\n<li><strong>Data de corte:<\/strong>&nbsp;30 de junho<\/li>\n\n\n\n<li><strong>Data do pagamento:<\/strong>&nbsp;14 de agosto<\/li>\n\n\n\n<li><strong>Rendimento (dividend yield):<\/strong>&nbsp;0,52%<\/li>\n<\/ul>\n\n\n\n<ul class=\"wp-block-list\">\n<li>No preg\u00e3o de hoje, a cota\u00e7\u00e3o das a\u00e7\u00f5es da Localiza subiu 0,50% a um pre\u00e7o de R$ 66,55. No ano, o papel acumula uma alta de 30%.<\/li>\n<\/ul>\n\n\n\n<h2 class=\"wp-block-heading\">B3 (B3SA3) encolhe lucro para R$ 1,052 bilh\u00e3o no 2T23<\/h2>\n\n\n\n<ul class=\"wp-block-list\">\n<li>A&nbsp;<a href=\"https:\/\/www.suno.com.br\/acoes\/B3SA3\/?utm_content=XYOE2ItQuUY.20201113&amp;utm_campaign=Track%2B&amp;utm_medium=video&amp;utm_source=GoogleAds\" target=\"_blank\" rel=\"noreferrer noopener\"><strong>B3<\/strong>&nbsp;(B3SA3)<\/a>, empresa controladora da Bolsa de Valores do Brasil, divulgou seus resultados financeiros, apresentando um&nbsp;<a href=\"https:\/\/www.suno.com.br\/artigos\/lucro-liquido\/?utm_content=XYOE2ItQuUY.20201113&amp;utm_campaign=Track%2B&amp;utm_medium=video&amp;utm_source=GoogleAds\" target=\"_blank\" rel=\"noreferrer noopener\">lucro l\u00edquido<\/a>&nbsp;atribu\u00eddo aos acionistas de R$ 1,052 bilh\u00e3o, indicando uma queda de 3,6% em rela\u00e7\u00e3o ao per\u00edodo anterior.<\/li>\n<\/ul>\n\n\n\n<ul class=\"wp-block-list\">\n<li>Se forem exclu\u00eddos itens n\u00e3o recorrentes, como despesas de M&amp;A, outras receitas n\u00e3o recorrentes, impactos fiscais e amortiza\u00e7\u00e3o de intang\u00edvel, o&nbsp;<a href=\"https:\/\/www.suno.com.br\/artigos\/lucro-liquido\/?utm_content=XYOE2ItQuUY.20201113&amp;utm_campaign=Track%2B&amp;utm_medium=video&amp;utm_source=GoogleAds\" target=\"_blank\" rel=\"noreferrer noopener\"><strong>lucro&nbsp;<\/strong>l\u00edquido<\/a>&nbsp;da B3 teria alcan\u00e7ado R$ 1,168 bilh\u00e3o, registrando uma diminui\u00e7\u00e3o de 4,3%.<\/li>\n<\/ul>\n\n\n\n<ul class=\"wp-block-list\">\n<li>Enquanto isso, o&nbsp;<a href=\"https:\/\/www.suno.com.br\/artigos\/lucro-liquido\/?utm_content=XYOE2ItQuUY.20201113&amp;utm_campaign=Track%2B&amp;utm_medium=video&amp;utm_source=GoogleAds\" target=\"_blank\" rel=\"noreferrer noopener\">lucro l\u00edquido<\/a>&nbsp;recorrente ajustado apresentou uma queda de 12,9%, influenciada pelo t\u00e9rmino da amortiza\u00e7\u00e3o fiscal do \u00e1gio da combina\u00e7\u00e3o de neg\u00f3cios com a Cetip.<\/li>\n<\/ul>\n\n\n\n<ul class=\"wp-block-list\">\n<li>O&nbsp;<strong>Ebitda&nbsp;<\/strong>recorrente (lucro antes de juros, impostos,&nbsp;<a href=\"https:\/\/www.suno.com.br\/artigos\/depreciacao-amortizacao\/?utm_content=XYOE2ItQuUY.20201113&amp;utm_campaign=Track%2B&amp;utm_medium=video&amp;utm_source=GoogleAds\" target=\"_blank\" rel=\"noreferrer noopener\">deprecia\u00e7\u00e3o e amortiza\u00e7\u00e3o<\/a>) atingiu o total de R$ 1,632 bilh\u00e3o, indicando uma diminui\u00e7\u00e3o de 2,2%. A margem correspondente foi de 73,6%, em compara\u00e7\u00e3o aos 74,4% registrados um ano antes.<\/li>\n<\/ul>\n\n\n\n<ul class=\"wp-block-list\">\n<li>A&nbsp;<a href=\"https:\/\/www.suno.com.br\/artigos\/o-que-receita-liquida\/?utm_content=XYOE2ItQuUY.20201113&amp;utm_campaign=Track%2B&amp;utm_medium=video&amp;utm_source=GoogleAds\" target=\"_blank\" rel=\"noreferrer noopener\"><strong>receita&nbsp;<\/strong>l\u00edquida<\/a>&nbsp;da empresa totalizou R$ 2,230 bilh\u00f5es, exibindo um decr\u00e9scimo de 0,5%, enquanto as despesas apresentaram um aumento de 2%, somando R$ 859 milh\u00f5es.<\/li>\n<\/ul>\n\n\n\n<ul class=\"wp-block-list\">\n<li>O&nbsp;<a href=\"https:\/\/www.suno.com.br\/artigos\/resultado-financeiro\/?utm_content=XYOE2ItQuUY.20201113&amp;utm_campaign=Track%2B&amp;utm_medium=video&amp;utm_source=GoogleAds\" target=\"_blank\" rel=\"noreferrer noopener\"><strong>resultado&nbsp;<\/strong>financeiro<\/a>, por sua vez, apresentou uma virada, ficando positivo em R$ 102,8 milh\u00f5es, em contraste com uma cifra negativa de R$ 15,3 milh\u00f5es registrada no mesmo per\u00edodo do ano anterior.<\/li>\n<\/ul>\n\n\n\n<h2 class=\"wp-block-heading\">Arezzo (ARZZ3): lucro tem queda de 7% no 2T23, com alta de despesa financeira<\/h2>\n\n\n\n<ul class=\"wp-block-list\">\n<li>A&nbsp;<strong><a href=\"https:\/\/www.suno.com.br\/acoes\/arzz3\/?utm_content=XYOE2ItQuUY.20201113&amp;utm_campaign=Track%2B&amp;utm_medium=video&amp;utm_source=GoogleAds\">Arezzo (ARZZ3)<\/a><\/strong>&nbsp;viu o seu lucro do segundo trimestre cair em 7% em rela\u00e7\u00e3o ao mesmo per\u00edodo do ano passado, para quase R$ 114 milh\u00f5es, mas continuou tendo resultados operacionais fortes.<\/li>\n<\/ul>\n\n\n\n<ul class=\"wp-block-list\">\n<li>A&nbsp;<a href=\"https:\/\/www.suno.com.br\/artigos\/geracao-de-caixa\/?utm_content=XYOE2ItQuUY.20201113&amp;utm_campaign=Track%2B&amp;utm_medium=video&amp;utm_source=GoogleAds\" target=\"_blank\" rel=\"noreferrer noopener\">gera\u00e7\u00e3o de caixa<\/a>&nbsp;medida pelo&nbsp;<strong>Ebitda da Arezzo<\/strong>&nbsp;(lucro antes de impostos, deprecia\u00e7\u00e3o e amortiza\u00e7\u00f5es) cresceu 22,1% e foi a R$ 198 milh\u00f5es.<\/li>\n<\/ul>\n\n\n\n<ul class=\"wp-block-list\">\n<li>J\u00e1 a&nbsp;<strong>receita l\u00edquida da Arezzo<\/strong>&nbsp;teve alta de 19,7%, sempre em rela\u00e7\u00e3o ao segundo trimestre de 2022, e fechou o per\u00edodo em R$ 1,1 bilh\u00e3o.<\/li>\n<\/ul>\n\n\n\n<ul class=\"wp-block-list\">\n<li>O motivo pela queda no&nbsp;<strong>lucro da Arezzo<\/strong>&nbsp;j\u00e1 era esperado pelos analistas: o aumento da&nbsp;<strong>despesa financeira<\/strong>. Entre abril e junho de 2022, a empresa tinha no caixa R$ 360 milh\u00f5es, parte do que havia captado por meio de um follow-on (emiss\u00e3o secund\u00e1ria) de R$ 830 milh\u00f5es em fevereiro. J\u00e1 no segundo trimestre deste ano, a companhia tinha uma&nbsp;<a href=\"https:\/\/www.suno.com.br\/artigos\/divida-liquida\/?utm_content=XYOE2ItQuUY.20201113&amp;utm_campaign=Track%2B&amp;utm_medium=video&amp;utm_source=GoogleAds\" target=\"_blank\" rel=\"noreferrer noopener\">d\u00edvida l\u00edquida<\/a>&nbsp;no caixa de R$ 346 milh\u00f5es.<\/li>\n<\/ul>\n\n\n\n<ul class=\"wp-block-list\">\n<li>Segundo Rafael Sachete, diretor Financeiro da Arezzo, de l\u00e1 para c\u00e1, os recursos foram usados em aquisi\u00e7\u00f5es, investimentos, abertura de novas lojas e capital de giro, com os juros mais caros dos \u00faltimos 12 meses. \u201cS\u00f3 em aquisi\u00e7\u00f5es, foram cerca de R$ 400 milh\u00f5es\u201d, disse. \u201cMas temos uma situa\u00e7\u00e3o de endividamento bastante confort\u00e1vel, somos fortes geradores de caixa e, at\u00e9 o fim do ano, devemos reduzir essa percep\u00e7\u00e3o de endividamento e alavancagem.\u201d<\/li>\n<\/ul>\n\n\n\n<ul class=\"wp-block-list\">\n<li>Hoje, a&nbsp;<strong>d\u00edvida da Arezzo<\/strong>&nbsp;est\u00e1 em 0,5 vez a&nbsp;<a href=\"https:\/\/www.suno.com.br\/artigos\/geracao-de-caixa\/?utm_content=XYOE2ItQuUY.20201113&amp;utm_campaign=Track%2B&amp;utm_medium=video&amp;utm_source=GoogleAds\" target=\"_blank\" rel=\"noreferrer noopener\">gera\u00e7\u00e3o de caixa<\/a>&nbsp;medida pelo Ebitda e a tend\u00eancia \u00e9 de melhoria a partir do segundo semestre porque as bases de compara\u00e7\u00e3o de despesas v\u00e3o ser reduzidas, segundo Sachete.<\/li>\n<\/ul>\n\n\n\n<ul class=\"wp-block-list\">\n<li>Outro ponto destacado em relat\u00f3rio recente de casas de an\u00e1lise, o da opera\u00e7\u00e3o internacional, que estava sendo ajustada, teve melhoria nas vendas no varejo, com a inaugura\u00e7\u00e3o de uma loja Schutz na Broadway, na cidade de Nova York, e nos pre\u00e7os cheios cobrados no com\u00e9rcio eletr\u00f4nico. Mas as vendas como um todo sofreram, bem como o Ebitda no exterior, em fun\u00e7\u00e3o da retra\u00e7\u00e3o das lojas de departamentos. \u201cOs Estados Unidos s\u00e3o o maior mercado do mundo e nosso posicionamento \u00e9 de&nbsp;<a href=\"https:\/\/www.suno.com.br\/artigos\/longo-prazo\/?utm_content=XYOE2ItQuUY.20201113&amp;utm_campaign=Track%2B&amp;utm_medium=video&amp;utm_source=GoogleAds\" target=\"_blank\" rel=\"noreferrer noopener\">longo prazo<\/a>\u201c, afirma Sachete. \u201cEstamos construindo marcas, posicionamento e branding.\u201d<\/li>\n<\/ul>\n\n\n\n<h2 class=\"wp-block-heading\">Sem respiro: Magazine Luiza (MGLU3) deve apresentar preju\u00edzo de R$ 160 milh\u00f5es no 2T23, segundo analistas&nbsp;<\/h2>\n\n\n\n<ul class=\"wp-block-list\">\n<li>Previsto para ser divulgado na pr\u00f3xima segunda-feira (14), depois do&nbsp;<a href=\"https:\/\/www.suno.com.br\/artigos\/fechamento-do-mercado\/?utm_content=XYOE2ItQuUY.20201113&amp;utm_campaign=Track%2B&amp;utm_medium=video&amp;utm_source=GoogleAds\">fechamento do mercado<\/a>, o resultado do segundo trimestre da&nbsp;<a href=\"https:\/\/www.suno.com.br\/acoes\/MGLU3\/?utm_content=XYOE2ItQuUY.20201113&amp;utm_campaign=Track%2B&amp;utm_medium=video&amp;utm_source=GoogleAds\"><strong>Magazine Luiza<\/strong>&nbsp;(MGLU3)<\/a>&nbsp;deve ser negativo, ainda refletindo um cen\u00e1rio macroecon\u00f4mico adverso \u2013 embora menos nebuloso do que o registrado nos tr\u00eas primeiros meses do ano, de acordo com analistas.<\/li>\n<\/ul>\n\n\n\n<ul class=\"wp-block-list\">\n<li>Em relat\u00f3rio, analistas do&nbsp;<strong>BTG Pactual<\/strong>&nbsp;pontuaram que a rela\u00e7\u00e3o das&nbsp;<strong>varejistas<\/strong>&nbsp;com o cen\u00e1rio macroecon\u00f4mico foi particularmente forte no primeiro semestre deste ano, levando inicialmente a grandes press\u00f5es de venda sobre a\u00e7\u00f5es do setor, \u00e0 medida em que as empresas lidavam com press\u00f5es de&nbsp;<a href=\"https:\/\/www.suno.com.br\/artigos\/alavancagem-financeira\/?utm_content=XYOE2ItQuUY.20201113&amp;utm_campaign=Track%2B&amp;utm_medium=video&amp;utm_source=GoogleAds\">alavancagem financeira<\/a>&nbsp;e desacelera\u00e7\u00e3o da demanda.<\/li>\n<\/ul>\n\n\n\n<ul class=\"wp-block-list\">\n<li>Assim, de acordo com o banco, o&nbsp;<strong>2T23 do Magazine Luiza<\/strong>&nbsp;deve se parecer muito com os anteriores, mas com n\u00fameros piores, j\u00e1 que o mercado espera (e precifica parcialmente) melhorias somente no segundo semestre.<\/li>\n<\/ul>\n\n\n\n<ul class=\"wp-block-list\">\n<li>Para o BTG, a Magazine Luiza deve apresentar um&nbsp;<strong>preju\u00edzo l\u00edquido&nbsp;<\/strong>de R$ 160 milh\u00f5es no segundo trimestre, acima do consenso Bloomberg de perdas de R$ 141 milh\u00f5es. No mesmo per\u00edodo de 2022, a empresa havia apresentado um preju\u00edzo de R$ 135 milh\u00f5es e, no 1T23, preju\u00edzo de R$ 391,2 milh\u00f5es.<\/li>\n<\/ul>\n\n\n\n<ul class=\"wp-block-list\">\n<li>Para o segundo trimestre deste ano, o&nbsp;<strong>BTG<\/strong>&nbsp;projeta que a&nbsp;<strong>receita l\u00edquida da Magazine Luiza<\/strong>&nbsp;se mantenha est\u00e1vel na base anual, para R$ 8,581 bilh\u00f5es, abaixo do consenso de receita de R$ 8,954 bilh\u00f5es. No mesmo per\u00edodo do ano passado, a varejista registrou R$ 8,546 bilh\u00f5es no indicador.&nbsp;<\/li>\n<\/ul>\n\n\n\n<ul class=\"wp-block-list\">\n<li>J\u00e1 em rela\u00e7\u00e3o ao lucro antes de juros, impostos,&nbsp;<a href=\"https:\/\/www.suno.com.br\/artigos\/depreciacao-amortizacao\/?utm_content=XYOE2ItQuUY.20201113&amp;utm_campaign=Track%2B&amp;utm_medium=video&amp;utm_source=GoogleAds\">deprecia\u00e7\u00e3o e amortiza\u00e7\u00e3o<\/a>, o&nbsp;<strong>Ebitda da Magazine Luiza<\/strong>, o BTG espera que o indicador chegue a R$ 491 milh\u00f5es, abaixo do consenso de R$ 592 milh\u00f5es. No mesmo per\u00edodo de 2022, o Ebitda da Magazine Luiza havia chegado a R$ 477 milh\u00f5es.<\/li>\n<\/ul>\n\n\n\n<p>Da Via \u00e0 CPFL, essas foram as empresas que se destacaram hoje. Para ler todas as mat\u00e9rias&nbsp;<strong><a href=\"https:\/\/www.suno.com.br\/noticias\/todos\/?utm_content=XYOE2ItQuUY.20201113&amp;utm_campaign=Track%2B&amp;utm_medium=video&amp;utm_source=telegram.sunoresearch\" target=\"_blank\" rel=\"noreferrer noopener\">clique aqui<\/a><\/strong>.<a href=\"https:\/\/lp.suno.com.br\/planilha-da-vida-financeira\/?_fs=16412753060-15131594205\" target=\"_blank\" rel=\"noreferrer noopener\"><\/a><a href=\"https:\/\/lp.suno.com.br\/planilha-da-vida-financeira\/?_fs=16412753060-15131594205\" target=\"_blank\" rel=\"noreferrer noopener\"><\/a><a href=\"https:\/\/lp.suno.com.br\/planilha-da-vida-financeira\/?_fs=16412753060-15131594205\" target=\"_blank\" rel=\"noreferrer noopener\"><\/a><a href=\"https:\/\/lp.suno.com.br\/planilha-da-vida-financeira\/?_fs=16412753060-15131594205\" target=\"_blank\" rel=\"noreferrer noopener\"><\/a><\/p>\n\n\n\t<p>\n\t\t<a href=\"https:\/\/lp.suno.com.br\/planilha-da-vida-financeira\/\" target=\"_blank\" data-element=\"shortcode-suno-banner\" title=\"Banner SUNO, clique e saiba mais\">\n\t\t\t<picture>\n\t\t\t\t<source media=\"(max-width: 500px)\" srcset=\"https:\/\/files.sunoresearch.com.br\/n\/uploads\/2023\/04\/400x300-Planilha-vida-financeira-true.png\">\n\t\t\t\t<img class=\"newsContent__article__imgCapa newsContent__article__imgCapa--banner\"\n\t\t\t\t\tsrc=\"https:\/\/files.sunoresearch.com.br\/n\/uploads\/2023\/04\/1420x240-Planilha-vida-financeira-true.png\"\n\t\t\t\t\tdata-promo-id=\"383123\"\t\t\t\t\t\t\t\t\t\twidth='1420' height='240'\t\t\t\t\talt=\"https:\/\/files.sunoresearch.com.br\/n\/uploads\/2023\/04\/1420x240-Planilha-vida-financeira-true.png\"\n\t\t\t\t>\n\t\t\t<\/picture>\n\t\t<\/a>\n\t<\/p>\n\n\n","protected":false},"excerpt":{"rendered":"<p>Dona da Casas Bahia e do Ponto, a&nbsp;Via (VIIA3)&nbsp;divulgou nesta quinta-feira, 10, o seus resultados do segundo trimestre de 2023. A varejista apurou um preju\u00edzo l\u00edquido de R$ 492 milh\u00f5es. Via (VIIA3). Foto: Divulga\u00e7\u00e3o O resultado da&nbsp;Via no 2T23&nbsp;reverte o lucro de R$ 6 milh\u00f5es apresentado no mesmo per\u00edodo de 2022. A empresa garante, por\u00e9m, [&hellip;]<\/p>\n","protected":false},"author":227,"featured_media":362723,"comment_status":"closed","ping_status":"closed","sticky":false,"template":"","format":"standard","meta":[],"categories":[64],"tags":[357,362,367,436,4065,548,584,106935],"suno_strategy":[],"class_list":["post-441288","post","type-post","status-publish","format-standard","has-post-thumbnail","hentry","category-negocios","tag-alupar-alup11-alup3-alup4","tag-arezzo-arzz3","tag-b3-b3sa3","tag-cpfl-cpfe3","tag-localiza-rent3","tag-magazine-luiza-mglu3","tag-oi-oibr3-oibr4","tag-via-viia3"],"yoast_head":"<!-- This site is optimized with the Yoast SEO plugin v24.4 - https:\/\/yoast.com\/wordpress\/plugins\/seo\/ -->\n<title>Radar: Via (VIIA3) reporta preju\u00edzo milion\u00e1rio no 2T23, Oi (OIBR3) aumenta perdas no trimestre e CPFL (CPFE3) anuncia dividendos de R$ 902,6 mi<\/title>\n<meta name=\"description\" content=\"Radar: Via (VIIA3) reporta preju\u00edzo milion\u00e1rio no 2T23, Oi (OIBR3) tem queda de 70% nos lucros e CPFL (CPFE3) anuncia valor de dividendos\" \/>\n<meta name=\"robots\" content=\"index, follow, max-snippet:-1, max-image-preview:large, max-video-preview:-1\" \/>\n<link rel=\"canonical\" href=\"https:\/\/www.suno.com.br\/noticias\/radar-via-viia3-oi-oibr3-cpfl-cpfe3\/\" \/>\n<meta property=\"og:locale\" content=\"pt_BR\" \/>\n<meta property=\"og:type\" content=\"article\" \/>\n<meta property=\"og:title\" content=\"Radar: Via (VIIA3) reporta preju\u00edzo milion\u00e1rio no 2T23, Oi (OIBR3) aumenta perdas no trimestre e CPFL (CPFE3) anuncia dividendos de R$ 902,6 mi\" \/>\n<meta property=\"og:description\" content=\"Radar: Via (VIIA3) reporta preju\u00edzo milion\u00e1rio no 2T23, Oi (OIBR3) tem queda de 70% nos lucros e CPFL (CPFE3) anuncia valor de dividendos\" \/>\n<meta property=\"og:url\" content=\"https:\/\/www.suno.com.br\/noticias\/radar-via-viia3-oi-oibr3-cpfl-cpfe3\/\" \/>\n<meta property=\"og:site_name\" content=\"Suno Not\u00edcias\" \/>\n<meta property=\"article:publisher\" content=\"https:\/\/facebook.com\/sunoresearch\" \/>\n<meta property=\"og:image\" content=\"https:\/\/files.sunoresearch.com.br\/n\/uploads\/2023\/02\/Via.jpg\" \/>\n\t<meta property=\"og:image:width\" content=\"1450\" \/>\n\t<meta property=\"og:image:height\" content=\"801\" \/>\n\t<meta property=\"og:image:type\" content=\"image\/jpeg\" \/>\n<meta name=\"author\" content=\"Vanessa Loiola\" \/>\n<meta name=\"twitter:card\" content=\"summary_large_image\" \/>\n<meta name=\"twitter:creator\" content=\"@sunoresearch\" \/>\n<meta name=\"twitter:site\" content=\"@sunoresearch\" \/>\n<meta name=\"twitter:label1\" content=\"Escrito por\" \/>\n\t<meta name=\"twitter:data1\" content=\"Vanessa Loiola\" \/>\n\t<meta name=\"twitter:label2\" content=\"Est. tempo de leitura\" \/>\n\t<meta name=\"twitter:data2\" content=\"11 minutos\" \/>\n<script type=\"application\/ld+json\" class=\"yoast-schema-graph\">{\"@context\":\"https:\/\/schema.org\",\"@graph\":[{\"@type\":\"NewsArticle\",\"@id\":\"https:\/\/www.suno.com.br\/noticias\/radar-via-viia3-oi-oibr3-cpfl-cpfe3\/#article\",\"isPartOf\":{\"@id\":\"https:\/\/www.suno.com.br\/noticias\/radar-via-viia3-oi-oibr3-cpfl-cpfe3\/\"},\"author\":{\"name\":\"Vanessa Loiola\",\"@id\":\"https:\/\/www.suno.com.br\/noticias\/#\/schema\/person\/450c455ecff319bab1f1a0e643451479\"},\"headline\":\"Radar: Via (VIIA3) reporta preju\u00edzo milion\u00e1rio no 2T23, Oi (OIBR3) aumenta perdas no trimestre e CPFL (CPFE3) anuncia dividendos de R$ 902,6 mi\",\"datePublished\":\"2023-08-11T01:31:41+00:00\",\"dateModified\":\"2023-08-11T01:31:55+00:00\",\"mainEntityOfPage\":{\"@id\":\"https:\/\/www.suno.com.br\/noticias\/radar-via-viia3-oi-oibr3-cpfl-cpfe3\/\"},\"wordCount\":2225,\"publisher\":{\"@id\":\"https:\/\/www.suno.com.br\/noticias\/#organization\"},\"image\":{\"@id\":\"https:\/\/www.suno.com.br\/noticias\/radar-via-viia3-oi-oibr3-cpfl-cpfe3\/#primaryimage\"},\"thumbnailUrl\":\"https:\/\/files.sunoresearch.com.br\/n\/uploads\/2023\/02\/Via.jpg\",\"keywords\":[\"Alupar (ALUP11\/ALUP3\/ALUP4)\",\"Arezzo (ARZZ3)\",\"B3 (B3SA3)\",\"CPFL (CPFE3)\",\"Localiza (RENT3)\",\"Magazine Luiza (MGLU3)\",\"Oi (OIBR3\/OIBR4)\",\"Via (VIIA3)\"],\"articleSection\":[\"Neg\u00f3cios\"],\"inLanguage\":\"pt-BR\"},{\"@type\":\"WebPage\",\"@id\":\"https:\/\/www.suno.com.br\/noticias\/radar-via-viia3-oi-oibr3-cpfl-cpfe3\/\",\"url\":\"https:\/\/www.suno.com.br\/noticias\/radar-via-viia3-oi-oibr3-cpfl-cpfe3\/\",\"name\":\"Radar: Via (VIIA3) reporta preju\u00edzo milion\u00e1rio no 2T23, Oi (OIBR3) aumenta perdas no trimestre e CPFL (CPFE3) anuncia dividendos de R$ 902,6 mi\",\"isPartOf\":{\"@id\":\"https:\/\/www.suno.com.br\/noticias\/#website\"},\"primaryImageOfPage\":{\"@id\":\"https:\/\/www.suno.com.br\/noticias\/radar-via-viia3-oi-oibr3-cpfl-cpfe3\/#primaryimage\"},\"image\":{\"@id\":\"https:\/\/www.suno.com.br\/noticias\/radar-via-viia3-oi-oibr3-cpfl-cpfe3\/#primaryimage\"},\"thumbnailUrl\":\"https:\/\/files.sunoresearch.com.br\/n\/uploads\/2023\/02\/Via.jpg\",\"datePublished\":\"2023-08-11T01:31:41+00:00\",\"dateModified\":\"2023-08-11T01:31:55+00:00\",\"description\":\"Radar: Via (VIIA3) reporta preju\u00edzo milion\u00e1rio no 2T23, Oi (OIBR3) tem queda de 70% nos lucros e CPFL (CPFE3) anuncia valor de dividendos\",\"breadcrumb\":{\"@id\":\"https:\/\/www.suno.com.br\/noticias\/radar-via-viia3-oi-oibr3-cpfl-cpfe3\/#breadcrumb\"},\"inLanguage\":\"pt-BR\",\"potentialAction\":[{\"@type\":\"ReadAction\",\"target\":[\"https:\/\/www.suno.com.br\/noticias\/radar-via-viia3-oi-oibr3-cpfl-cpfe3\/\"]}]},{\"@type\":\"ImageObject\",\"inLanguage\":\"pt-BR\",\"@id\":\"https:\/\/www.suno.com.br\/noticias\/radar-via-viia3-oi-oibr3-cpfl-cpfe3\/#primaryimage\",\"url\":\"https:\/\/files.sunoresearch.com.br\/n\/uploads\/2023\/02\/Via.jpg\",\"contentUrl\":\"https:\/\/files.sunoresearch.com.br\/n\/uploads\/2023\/02\/Via.jpg\",\"width\":1450,\"height\":801,\"caption\":\"Via (VIIA3). Foto: Divulga\u00e7\u00e3o\"},{\"@type\":\"BreadcrumbList\",\"@id\":\"https:\/\/www.suno.com.br\/noticias\/radar-via-viia3-oi-oibr3-cpfl-cpfe3\/#breadcrumb\",\"itemListElement\":[{\"@type\":\"ListItem\",\"position\":1,\"name\":\"Not\u00edcias\",\"item\":\"https:\/\/www.suno.com.br\/noticias\/\"},{\"@type\":\"ListItem\",\"position\":2,\"name\":\"Neg\u00f3cios\",\"item\":\"https:\/\/www.suno.com.br\/noticias\/negocios\/\"},{\"@type\":\"ListItem\",\"position\":3,\"name\":\"Radar: Via (VIIA3) reporta preju\u00edzo milion\u00e1rio no 2T23, Oi (OIBR3) aumenta perdas no trimestre e CPFL (CPFE3) anuncia dividendos de R$ 902,6 mi\"}]},{\"@type\":\"WebSite\",\"@id\":\"https:\/\/www.suno.com.br\/noticias\/#website\",\"url\":\"https:\/\/www.suno.com.br\/noticias\/\",\"name\":\"Suno Not\u00edcias\",\"description\":\"Seu portal de informa\u00e7\u00e3o sobre o mundo dos investimentos\",\"publisher\":{\"@id\":\"https:\/\/www.suno.com.br\/noticias\/#organization\"},\"potentialAction\":[{\"@type\":\"SearchAction\",\"target\":{\"@type\":\"EntryPoint\",\"urlTemplate\":\"https:\/\/www.suno.com.br\/noticias\/?s={search_term_string}\"},\"query-input\":{\"@type\":\"PropertyValueSpecification\",\"valueRequired\":true,\"valueName\":\"search_term_string\"}}],\"inLanguage\":\"pt-BR\"},{\"@type\":\"Organization\",\"@id\":\"https:\/\/www.suno.com.br\/noticias\/#organization\",\"name\":\"Suno Not\u00edcias\",\"url\":\"https:\/\/www.suno.com.br\/noticias\/\",\"logo\":{\"@type\":\"ImageObject\",\"inLanguage\":\"pt-BR\",\"@id\":\"https:\/\/www.suno.com.br\/noticias\/#\/schema\/logo\/image\/\",\"url\":\"https:\/\/files.sunoresearch.com.br\/n\/uploads\/2021\/09\/suno-logo.png\",\"contentUrl\":\"https:\/\/files.sunoresearch.com.br\/n\/uploads\/2021\/09\/suno-logo.png\",\"width\":180,\"height\":180,\"caption\":\"Suno Not\u00edcias\"},\"image\":{\"@id\":\"https:\/\/www.suno.com.br\/noticias\/#\/schema\/logo\/image\/\"},\"sameAs\":[\"https:\/\/facebook.com\/sunoresearch\",\"https:\/\/x.com\/sunoresearch\",\"https:\/\/www.instagram.com\/suno\",\"https:\/\/www.linkedin.com\/company\/suno-research\/\",\"https:\/\/www.youtube.com\/c\/sunoresearch\"]},{\"@type\":\"Person\",\"@id\":\"https:\/\/www.suno.com.br\/noticias\/#\/schema\/person\/450c455ecff319bab1f1a0e643451479\",\"name\":\"Vanessa Loiola\",\"image\":{\"@type\":\"ImageObject\",\"inLanguage\":\"pt-BR\",\"@id\":\"https:\/\/www.suno.com.br\/noticias\/#\/schema\/person\/image\/\",\"url\":\"https:\/\/secure.gravatar.com\/avatar\/8b41117f9780831919eb38da349c3f20?s=96&r=g\",\"contentUrl\":\"https:\/\/secure.gravatar.com\/avatar\/8b41117f9780831919eb38da349c3f20?s=96&r=g\",\"caption\":\"Vanessa Loiola\"},\"description\":\"Jornalista formada pela PUC-SP, com experi\u00eancia na cobertura das editorias de economia, finan\u00e7as, bolsa de valores, pol\u00edtica, energia solar e entretenimento. Com passagem pela BM&amp;C News e RedeTV!\",\"url\":\"https:\/\/www.suno.com.br\/noticias\/author\/vanessal-loiolagmail-com\/\"}]}<\/script>\n<!-- \/ Yoast SEO plugin. -->","yoast_head_json":{"title":"Radar: Via (VIIA3) reporta preju\u00edzo milion\u00e1rio no 2T23, Oi (OIBR3) aumenta perdas no trimestre e CPFL (CPFE3) anuncia dividendos de R$ 902,6 mi","description":"Radar: Via (VIIA3) reporta preju\u00edzo milion\u00e1rio no 2T23, Oi (OIBR3) tem queda de 70% nos lucros e CPFL (CPFE3) anuncia valor de dividendos","robots":{"index":"index","follow":"follow","max-snippet":"max-snippet:-1","max-image-preview":"max-image-preview:large","max-video-preview":"max-video-preview:-1"},"canonical":"https:\/\/www.suno.com.br\/noticias\/radar-via-viia3-oi-oibr3-cpfl-cpfe3\/","og_locale":"pt_BR","og_type":"article","og_title":"Radar: Via (VIIA3) reporta preju\u00edzo milion\u00e1rio no 2T23, Oi (OIBR3) aumenta perdas no trimestre e CPFL (CPFE3) anuncia dividendos de R$ 902,6 mi","og_description":"Radar: Via (VIIA3) reporta preju\u00edzo milion\u00e1rio no 2T23, Oi (OIBR3) tem queda de 70% nos lucros e CPFL (CPFE3) anuncia valor de dividendos","og_url":"https:\/\/www.suno.com.br\/noticias\/radar-via-viia3-oi-oibr3-cpfl-cpfe3\/","og_site_name":"Suno Not\u00edcias","article_publisher":"https:\/\/facebook.com\/sunoresearch","og_image":[{"width":1450,"height":801,"url":"https:\/\/files.sunoresearch.com.br\/n\/uploads\/2023\/02\/Via.jpg","type":"image\/jpeg"}],"author":"Vanessa Loiola","twitter_card":"summary_large_image","twitter_creator":"@sunoresearch","twitter_site":"@sunoresearch","twitter_misc":{"Escrito por":"Vanessa Loiola","Est. tempo de leitura":"11 minutos"},"schema":{"@context":"https:\/\/schema.org","@graph":[{"@type":"NewsArticle","@id":"https:\/\/www.suno.com.br\/noticias\/radar-via-viia3-oi-oibr3-cpfl-cpfe3\/#article","isPartOf":{"@id":"https:\/\/www.suno.com.br\/noticias\/radar-via-viia3-oi-oibr3-cpfl-cpfe3\/"},"author":{"name":"Vanessa Loiola","@id":"https:\/\/www.suno.com.br\/noticias\/#\/schema\/person\/450c455ecff319bab1f1a0e643451479"},"headline":"Radar: Via (VIIA3) reporta preju\u00edzo milion\u00e1rio no 2T23, Oi (OIBR3) aumenta perdas no trimestre e CPFL (CPFE3) anuncia dividendos de R$ 902,6 mi","datePublished":"2023-08-11T01:31:41+00:00","dateModified":"2023-08-11T01:31:55+00:00","mainEntityOfPage":{"@id":"https:\/\/www.suno.com.br\/noticias\/radar-via-viia3-oi-oibr3-cpfl-cpfe3\/"},"wordCount":2225,"publisher":{"@id":"https:\/\/www.suno.com.br\/noticias\/#organization"},"image":{"@id":"https:\/\/www.suno.com.br\/noticias\/radar-via-viia3-oi-oibr3-cpfl-cpfe3\/#primaryimage"},"thumbnailUrl":"https:\/\/files.sunoresearch.com.br\/n\/uploads\/2023\/02\/Via.jpg","keywords":["Alupar (ALUP11\/ALUP3\/ALUP4)","Arezzo (ARZZ3)","B3 (B3SA3)","CPFL (CPFE3)","Localiza (RENT3)","Magazine Luiza (MGLU3)","Oi (OIBR3\/OIBR4)","Via (VIIA3)"],"articleSection":["Neg\u00f3cios"],"inLanguage":"pt-BR"},{"@type":"WebPage","@id":"https:\/\/www.suno.com.br\/noticias\/radar-via-viia3-oi-oibr3-cpfl-cpfe3\/","url":"https:\/\/www.suno.com.br\/noticias\/radar-via-viia3-oi-oibr3-cpfl-cpfe3\/","name":"Radar: Via (VIIA3) reporta preju\u00edzo milion\u00e1rio no 2T23, Oi (OIBR3) aumenta perdas no trimestre e CPFL (CPFE3) anuncia dividendos de R$ 902,6 mi","isPartOf":{"@id":"https:\/\/www.suno.com.br\/noticias\/#website"},"primaryImageOfPage":{"@id":"https:\/\/www.suno.com.br\/noticias\/radar-via-viia3-oi-oibr3-cpfl-cpfe3\/#primaryimage"},"image":{"@id":"https:\/\/www.suno.com.br\/noticias\/radar-via-viia3-oi-oibr3-cpfl-cpfe3\/#primaryimage"},"thumbnailUrl":"https:\/\/files.sunoresearch.com.br\/n\/uploads\/2023\/02\/Via.jpg","datePublished":"2023-08-11T01:31:41+00:00","dateModified":"2023-08-11T01:31:55+00:00","description":"Radar: Via (VIIA3) reporta preju\u00edzo milion\u00e1rio no 2T23, Oi (OIBR3) tem queda de 70% nos lucros e CPFL (CPFE3) anuncia valor de dividendos","breadcrumb":{"@id":"https:\/\/www.suno.com.br\/noticias\/radar-via-viia3-oi-oibr3-cpfl-cpfe3\/#breadcrumb"},"inLanguage":"pt-BR","potentialAction":[{"@type":"ReadAction","target":["https:\/\/www.suno.com.br\/noticias\/radar-via-viia3-oi-oibr3-cpfl-cpfe3\/"]}]},{"@type":"ImageObject","inLanguage":"pt-BR","@id":"https:\/\/www.suno.com.br\/noticias\/radar-via-viia3-oi-oibr3-cpfl-cpfe3\/#primaryimage","url":"https:\/\/files.sunoresearch.com.br\/n\/uploads\/2023\/02\/Via.jpg","contentUrl":"https:\/\/files.sunoresearch.com.br\/n\/uploads\/2023\/02\/Via.jpg","width":1450,"height":801,"caption":"Via (VIIA3). Foto: Divulga\u00e7\u00e3o"},{"@type":"BreadcrumbList","@id":"https:\/\/www.suno.com.br\/noticias\/radar-via-viia3-oi-oibr3-cpfl-cpfe3\/#breadcrumb","itemListElement":[{"@type":"ListItem","position":1,"name":"Not\u00edcias","item":"https:\/\/www.suno.com.br\/noticias\/"},{"@type":"ListItem","position":2,"name":"Neg\u00f3cios","item":"https:\/\/www.suno.com.br\/noticias\/negocios\/"},{"@type":"ListItem","position":3,"name":"Radar: Via (VIIA3) reporta preju\u00edzo milion\u00e1rio no 2T23, Oi (OIBR3) aumenta perdas no trimestre e CPFL (CPFE3) anuncia dividendos de R$ 902,6 mi"}]},{"@type":"WebSite","@id":"https:\/\/www.suno.com.br\/noticias\/#website","url":"https:\/\/www.suno.com.br\/noticias\/","name":"Suno Not\u00edcias","description":"Seu portal de informa\u00e7\u00e3o sobre o mundo dos investimentos","publisher":{"@id":"https:\/\/www.suno.com.br\/noticias\/#organization"},"potentialAction":[{"@type":"SearchAction","target":{"@type":"EntryPoint","urlTemplate":"https:\/\/www.suno.com.br\/noticias\/?s={search_term_string}"},"query-input":{"@type":"PropertyValueSpecification","valueRequired":true,"valueName":"search_term_string"}}],"inLanguage":"pt-BR"},{"@type":"Organization","@id":"https:\/\/www.suno.com.br\/noticias\/#organization","name":"Suno Not\u00edcias","url":"https:\/\/www.suno.com.br\/noticias\/","logo":{"@type":"ImageObject","inLanguage":"pt-BR","@id":"https:\/\/www.suno.com.br\/noticias\/#\/schema\/logo\/image\/","url":"https:\/\/files.sunoresearch.com.br\/n\/uploads\/2021\/09\/suno-logo.png","contentUrl":"https:\/\/files.sunoresearch.com.br\/n\/uploads\/2021\/09\/suno-logo.png","width":180,"height":180,"caption":"Suno Not\u00edcias"},"image":{"@id":"https:\/\/www.suno.com.br\/noticias\/#\/schema\/logo\/image\/"},"sameAs":["https:\/\/facebook.com\/sunoresearch","https:\/\/x.com\/sunoresearch","https:\/\/www.instagram.com\/suno","https:\/\/www.linkedin.com\/company\/suno-research\/","https:\/\/www.youtube.com\/c\/sunoresearch"]},{"@type":"Person","@id":"https:\/\/www.suno.com.br\/noticias\/#\/schema\/person\/450c455ecff319bab1f1a0e643451479","name":"Vanessa Loiola","image":{"@type":"ImageObject","inLanguage":"pt-BR","@id":"https:\/\/www.suno.com.br\/noticias\/#\/schema\/person\/image\/","url":"https:\/\/secure.gravatar.com\/avatar\/8b41117f9780831919eb38da349c3f20?s=96&r=g","contentUrl":"https:\/\/secure.gravatar.com\/avatar\/8b41117f9780831919eb38da349c3f20?s=96&r=g","caption":"Vanessa Loiola"},"description":"Jornalista formada pela PUC-SP, com experi\u00eancia na cobertura das editorias de economia, finan\u00e7as, bolsa de valores, pol\u00edtica, energia solar e entretenimento. Com passagem pela BM&amp;C News e RedeTV!","url":"https:\/\/www.suno.com.br\/noticias\/author\/vanessal-loiolagmail-com\/"}]}},"default_loop_html":"<div class=\"cardsPage__listCard__boxs\"><div class=\"cardsPage__listCard__boxs__img\"><a href=\"https:\/\/www.suno.com.br\/noticias\/radar-via-viia3-oi-oibr3-cpfl-cpfe3\/\"><img class=\"mask\" src=\"https:\/\/www.suno.com.br\/noticias\/wp-content\/themes\/suno\/resources\/images\/spotlight\/spotlight1img\/bg-mask.png\" alt=\"Image Mask\"\/><img src=\"https:\/\/files.sunoresearch.com.br\/n\/uploads\/2023\/02\/Via-400x200.jpg\" alt=\"Radar: Via (VIIA3) reporta preju\u00edzo milion\u00e1rio no 2T23, Oi (OIBR3) aumenta perdas no trimestre e CPFL (CPFE3) anuncia dividendos de R$ 902,6 mi\"\/><\/a><span class=\"spotlightCategory\"><a href=\"https:\/\/www.suno.com.br\/noticias\/negocios\/\">Neg\u00f3cios<\/a><\/span><\/div><div class=\"cardsPage__listCard__boxs__content\"><a href=\"https:\/\/www.suno.com.br\/noticias\/radar-via-viia3-oi-oibr3-cpfl-cpfe3\/\"><h2 class=\"content__title\">Radar: Via (VIIA3) reporta preju\u00edzo milion\u00e1rio no 2T23, Oi (OIBR3) aumenta perdas no trimestre e CPFL (CPFE3) anuncia dividendos de R$ 902,6 mi<\/h2><\/a><div class=\"newsContent__article__meta\"><div class=\"newsContent__article__meta__authorBox\"><a href=\"https:\/\/www.suno.com.br\/noticias\/author\/vanessal-loiolagmail-com\/\" class=\"authorBox__avatar noMobi\"><img src=\"https:\/\/secure.gravatar.com\/avatar\/8b41117f9780831919eb38da349c3f20?s=96&#038;r=g\" alt=\"Vanessa Loiola\"><\/a><div class=\"authorBox__name\"><span>por\n\t\t\t<a href=\"https:\/\/www.suno.com.br\/noticias\/author\/vanessal-loiolagmail-com\/\"><span itemprop=\"author\">Vanessa Loiola<\/span><\/a><\/span><time datetime=\"2023-08-10T22:31:41-03:00\" itemprop=\"datePublished\">10\/08\/2023 22:31<\/time><\/div><\/div><\/div><\/div><\/div>","single_layout":"posts","amp_enabled":true,"_links":{"self":[{"href":"https:\/\/www.suno.com.br\/noticias\/wp-json\/wp\/v2\/posts\/441288"}],"collection":[{"href":"https:\/\/www.suno.com.br\/noticias\/wp-json\/wp\/v2\/posts"}],"about":[{"href":"https:\/\/www.suno.com.br\/noticias\/wp-json\/wp\/v2\/types\/post"}],"author":[{"embeddable":true,"href":"https:\/\/www.suno.com.br\/noticias\/wp-json\/wp\/v2\/users\/227"}],"replies":[{"embeddable":true,"href":"https:\/\/www.suno.com.br\/noticias\/wp-json\/wp\/v2\/comments?post=441288"}],"version-history":[{"count":2,"href":"https:\/\/www.suno.com.br\/noticias\/wp-json\/wp\/v2\/posts\/441288\/revisions"}],"predecessor-version":[{"id":441324,"href":"https:\/\/www.suno.com.br\/noticias\/wp-json\/wp\/v2\/posts\/441288\/revisions\/441324"}],"wp:featuredmedia":[{"embeddable":true,"href":"https:\/\/www.suno.com.br\/noticias\/wp-json\/wp\/v2\/media\/362723"}],"wp:attachment":[{"href":"https:\/\/www.suno.com.br\/noticias\/wp-json\/wp\/v2\/media?parent=441288"}],"wp:term":[{"taxonomy":"category","embeddable":true,"href":"https:\/\/www.suno.com.br\/noticias\/wp-json\/wp\/v2\/categories?post=441288"},{"taxonomy":"post_tag","embeddable":true,"href":"https:\/\/www.suno.com.br\/noticias\/wp-json\/wp\/v2\/tags?post=441288"},{"taxonomy":"suno_strategy","embeddable":true,"href":"https:\/\/www.suno.com.br\/noticias\/wp-json\/wp\/v2\/suno_strategy?post=441288"}],"curies":[{"name":"wp","href":"https:\/\/api.w.org\/{rel}","templated":true}]}}