{"id":441269,"date":"2023-08-10T21:23:08","date_gmt":"2023-08-11T00:23:08","guid":{"rendered":"https:\/\/www.suno.com.br\/noticias\/?p=441269"},"modified":"2023-08-10T22:14:59","modified_gmt":"2023-08-11T01:14:59","slug":"via-viia3-prejuizo-resultado-2t23","status":"publish","type":"post","link":"https:\/\/www.suno.com.br\/noticias\/via-viia3-prejuizo-resultado-2t23\/","title":{"rendered":"Preju\u00edzo da Via (VIIA3) chega a R$ 492 mi no 2T23; empresa anuncia &#8216;plano de transforma\u00e7\u00e3o&#8217; e pode fechar at\u00e9 100 lojas"},"content":{"rendered":"<p>Dona da Casas Bahia e do Ponto, a <strong>Via (VIIA3)<\/strong> divulgou nesta quinta-feira, 10, o seus resultados do segundo trimestre de 2023. A varejista apurou um preju\u00edzo l\u00edquido de R$ 492 milh\u00f5es.<\/p>\t<div class=\"wrapper-featured-image\">\n\t\t<figure class=\"spotlightImg\">\n\n\t\t\t<picture>\n\t\t\t\t<source media=\"(max-width: 768px)\" srcset=\"https:\/\/files.sunoresearch.com.br\/n\/uploads\/2023\/07\/via-viia3-casas-bahia-400x200.jpg\">\n\t\t\t\t<img loading=\"lazy\" decoding=\"async\" class=\"newsContent__article__imgCapa lazyloadDisabled \" src=\"https:\/\/files.sunoresearch.com.br\/n\/uploads\/2023\/07\/via-viia3-casas-bahia-800x450.jpg\" width=\"800\" height=\"450\" alt=\"Preju\u00edzo da Via (VIIA3) chega a R$ 492 mi no 2T23; empresa anuncia &#8216;plano de transforma\u00e7\u00e3o&#8217; e pode fechar at\u00e9 100 lojas\" fetchpriority=high \/>\n\t\t\t<\/picture>\n\n\t\t\t<figcaption class=\"wp-caption-text wp-caption-text--show\">Casas Bahia (BHIA3). Foto: Divulga\u00e7\u00e3o\/ Casas Bahia.<\/figcaption>\n\t\t<\/figure>\n\t<\/div>\n\n\n\n\n\n\t<p>\n\t\t<a href=\"https:\/\/lp.suno.com.br\/planilha-da-vida-financeira\/\" target=\"_blank\" data-element=\"shortcode-suno-banner\" title=\"Banner SUNO, clique e saiba mais\">\n\t\t\t<picture>\n\t\t\t\t<source media=\"(max-width: 500px)\" srcset=\"https:\/\/files.sunoresearch.com.br\/n\/uploads\/2023\/04\/400x300-Planilha-vida-financeira-true.png\">\n\t\t\t\t<img class=\"newsContent__article__imgCapa newsContent__article__imgCapa--banner\"\n\t\t\t\t\tsrc=\"https:\/\/files.sunoresearch.com.br\/n\/uploads\/2023\/04\/1420x240-Planilha-vida-financeira-true.png\"\n\t\t\t\t\tdata-promo-id=\"106682\"\t\t\t\t\t\t\t\t\t\twidth='1420' height='240'\t\t\t\t\talt=\"https:\/\/files.sunoresearch.com.br\/n\/uploads\/2023\/04\/1420x240-Planilha-vida-financeira-true.png\"\n\t\t\t\t>\n\t\t\t<\/picture>\n\t\t<\/a>\n\t<\/p>\n\n\n\n\n\n\n\n<p>O resultado da <strong>Via no 2T23<\/strong> reverte o lucro de R$ 6 milh\u00f5es apresentado no mesmo per\u00edodo de 2022. A empresa garante, por\u00e9m, que um novo ciclo est\u00e1 por vir e aproveitou o momento para divulgar o plano de a\u00e7\u00e3o da nova gest\u00e3o da companhia. <\/p>\n\n\n\n<p>&#8220;No segundo trimestre, ainda n\u00e3o tivemos impactos das mudan\u00e7as que come\u00e7amos a implementar. Ele ficou dentro das expectativas do mercado. Com a companhia do tamanho que estava, o resultado \u00e9 de preju\u00edzo&#8221;, disse o CEO da empresa, <a class=\"suno-keyword\" target=\"_blank\" data-force=\"no\" data-priority=\"2\" href=\"https:\/\/www.suno.com.br\/tudo-sobre\/renato-franklin\/\" rel=\"noopener\">Renato Franklin<\/a>, ao <i>Broadcast<\/i>, sistema de not\u00edcias em tempo real do Grupo Estado.<\/p>\n\n\n\n<p>O <strong>Ebitda ajustado da Via<\/strong> (lucro antes de juros, impostos, deprecia\u00e7\u00f5es e amortiza\u00e7\u00f5es) foi de R$ 469 milh\u00f5es, com queda de 32% frente ao reportado entre abril e junho de 2022, com margem de 9%, 2,7 pontos porcentuais (p.p.) menor do que um ano atr\u00e1s. A <strong>receita l\u00edquida da Via<\/strong>, por sua vez, caiu 2%, chegando a R$ 7,5 bilh\u00f5es.<\/p>\n\n\n\n<p>Franklin diz que o per\u00edodo foi prejudicado pela menor demanda por itens de maior valor agregado, que sofrem em momentos de restri\u00e7\u00e3o de cr\u00e9dito ao consumo, dado que a popula\u00e7\u00e3o estava altamente endividada. Al\u00e9m disso, a <a class=\"suno-keyword\" target=\"_blank\" data-force=\"no\" data-priority=\"1\" href=\"https:\/\/www.suno.com.br\/artigos\/margem-bruta-entenda-sua-importancia\/\" rel=\"noopener\">margem bruta<\/a> da empresa &#8211; que caiu 2,9 pontos porcentuais (p.p.), para 31,4% &#8211; teve impactos marginais do in\u00edcio da venda de estoque em promo\u00e7\u00e3o que a nova gest\u00e3o come\u00e7ou a fazer.<\/p>\n\n\n\n<p>&#8220;Passamos por uma mudan\u00e7a de mentalidade. Antes o foco estava em ganho de GMV (vendas brutas) e aumento de canais de vendas, em crescer o neg\u00f3cio. Agora, o foco muda para gerar resultados&#8221;, afirma o novo CEO, \u00e0 frente da companhia desde a \u00faltima divulga\u00e7\u00e3o de resultados. Para ele, a escolha que a empresa tinha era de investir mais para crescer, ou usar o que j\u00e1 se tinha \u00e0 m\u00e3o para, em suas palavras, &#8220;ganhar dinheiro&#8221;.<\/p>\n\n\n\n<p>Nesse sentido, nos \u00faltimos meses, a companhia demitiu 6 mil pessoas, o que, nas contas da empresa, gerou uma economia de R$ 370 milh\u00f5es para a Via. Al\u00e9m disso, a empresa agora deve trabalhar com estoques menores. &#8220;O intuito agora \u00e9 comprar aquilo que vendemos mais rapidamente&#8221;, afirma Franklin.<\/p>\n\n\n\n\t<div data-element=\"shortcode-read-more\" class=\"readToo\">\n\t\t\t\t<span class=\"readToo__title\">Leia mais<\/span>\n\t\t\t\t<ul class=\"readToo__list\">\n\t\t\t<li><a href=\"https:\/\/www.suno.com.br\/noticias\/via-viia3-magazine-luiza-mglu3-ibovespa-altas-quedas-motivos-mal\/\">Por que a Via (VIIA3) liderou altas no Ibovespa, enquanto Magazine Luiza (MGLU3) amargou queda?<\/a><\/li><li><a href=\"https:\/\/www.suno.com.br\/noticias\/via-viia3-balanco-prejuizo-projecoes-gpj\/\">Cen\u00e1rio nebuloso: Via (VIIA3) deve apresentar preju\u00edzo de R$ 469 milh\u00f5es no 2T23, dizem analistas<\/a><\/li><li><a href=\"https:\/\/www.suno.com.br\/noticias\/via-viia3-sofre-corte-analistas-cautela-evm\/\">Via (VIIA3) sofre corte de analistas, que preferem &#8216;cautela&#8217; com a empresa; entenda<\/a><\/li>\t\t<\/ul>\n\t<\/div>\n\n\n\n\t<p>\n\t\t<a href=\"https:\/\/lp.suno.com.br\/ebook-como-analisar-uma-acao\/\" target=\"_blank\" data-element=\"shortcode-suno-banner\" title=\"Banner SUNO, clique e saiba mais\">\n\t\t\t<picture>\n\t\t\t\t<source media=\"(max-width: 500px)\" srcset=\"https:\/\/files.sunoresearch.com.br\/n\/uploads\/2023\/03\/Ebook-Acoes-Mobile.jpg\">\n\t\t\t\t<img class=\"newsContent__article__imgCapa newsContent__article__imgCapa--banner\"\n\t\t\t\t\tsrc=\"https:\/\/files.sunoresearch.com.br\/n\/uploads\/2023\/03\/Ebook-Acoes-Desktop.jpg\"\n\t\t\t\t\tdata-promo-id=\"378302\"\t\t\t\t\t\t\t\t\t\twidth='1420' height='286'\t\t\t\t\talt=\"https:\/\/files.sunoresearch.com.br\/n\/uploads\/2023\/03\/Ebook-Acoes-Desktop.jpg\"\n\t\t\t\t>\n\t\t\t<\/picture>\n\t\t<\/a>\n\t<\/p>\n\n\n\n\n\n<h2 class=\"wp-block-heading\">Via descontinua guidances para 2025 apresentados em abril de 2021<\/h2>\n\n\n\n<p>A Via comunicou ao mercado por meio de fato relevante que descontinuou as proje\u00e7\u00f5es futuras para 2025, apresentadas em abril de 2021. As metas da companhia envolviam a base de clientes ativos; ganho de fatia de mercado online, mix de volume bruto de vendas; volume total de pagamentos; <em>break-even<\/em> (empate entre perdas e ganhos) do <strong>banQi<\/strong> (bra\u00e7o financeiro digital da companhia); e carteira de cr\u00e9dito.<\/p>\n\n\n\n<p>No lugar disso, a companhia divulgou no documento um novo <strong>plano de transforma\u00e7\u00e3o<\/strong> e <strong>proje\u00e7\u00f5es da Via<\/strong>, no qual detalha informa\u00e7\u00f5es tamb\u00e9m presentes em sua divulga\u00e7\u00e3o de resultados.<\/p>\n\n\n\n<p>A companhia prev\u00ea, por exemplo, a redu\u00e7\u00e3o de Gross Merchandise Value (volume bruto de mercadorias, GMV) entre 2% e 3%, com impacto potencial positivo no Lucro Antes do Imposto de Renda (LAIR) entre R$ 80 milh\u00f5es e R$ 150 milh\u00f5es anuais e potencial redu\u00e7\u00e3o de estoques entre R$ 100 milh\u00f5es e R$ 200 milh\u00f5es at\u00e9 2025.<\/p>\n\n\n\n<p>H\u00e1 ainda a previs\u00e3o de readequa\u00e7\u00e3o do parque de centros de distribui\u00e7\u00e3o, conforme redu\u00e7\u00e3o de estoques, com impacto potencial no LAIR de R$ 90 milh\u00f5es anuais at\u00e9 2025.<\/p>\n\n\n\n<p>Na parte de migra\u00e7\u00e3o de categorias com margens negativas do com\u00e9rcio eletr\u00f4nico pr\u00f3prio da companhia para o marketplace a empresa afirma que 23 categorias j\u00e1 foram migradas e 3 categorias foram migradas parcialmente.<\/p>\n\n\n\n<p>Na frente de otimiza\u00e7\u00e3o de estoque, a Via ainda prev\u00ea sald\u00e3o para produtos no e-commerce, com potencial redu\u00e7\u00e3o de R$ 100 milh\u00f5es de estoque at\u00e9 2025; sald\u00e3o para produtos nas lojas f\u00edsicas, com potencial redu\u00e7\u00e3o de R$ 420 milh\u00f5es de estoque at\u00e9 2025; e a\u00e7\u00f5es de abastecimento com log\u00edstica reversa para destravar vendas, com potencial redu\u00e7\u00e3o de R$ 100 milh\u00f5es de estoque.<\/p>\n\n\n\n<p>A Via cita ainda no documento a meta de acesso a novas fontes de liquidez para diversifica\u00e7\u00e3o de seu financiamento. Nesse ponto, destaca o mercado de capitais internacional; ag\u00eancias de fomento e bancos de desenvolvimento; e diversifica\u00e7\u00e3o banc\u00e1ria, com acesso a um maior n\u00famero de institui\u00e7\u00f5es financeiras.<\/p>\n\n\n\n<p>A <strong>Via<\/strong> deve tamb\u00e9m proporcionar redu\u00e7\u00e3o e prioriza\u00e7\u00e3o do capex, com estimativa de alcan\u00e7ar um <a href=\"https:\/\/www.suno.com.br\/artigos\/capex\/\">capex<\/a> at\u00e9 40% menor em rela\u00e7\u00e3o a 2022.<\/p>\n\n\n\n<h2 class=\"wp-block-heading\">Via: plano para liberar mais or\u00e7amento, com fechamento de lojas<\/h2>\n\n\n\n<p>Para frente, os planos de liberar mais or\u00e7amento continuam. A empresa deve fechar de 50 a 100 lojas que n\u00e3o t\u00eam apresentado bons resultados, al\u00e9m de migrar categorias de produtos que n\u00e3o geravam vendas rent\u00e1veis para o shoppings virtual da companhia, quando lojistas parceiros vendem seus produtos na plataforma da companhia. Nesse caso, a empresa s\u00f3 fica com uma porcentagem da venda, sem ter o custo de arcar com o estoque.<\/p>\n\n\n\n<p>Com essas mudan\u00e7as, a empresa deve acrescentar ao lucro antes do <a class=\"suno-keyword\" target=\"_blank\" data-force=\"no\" data-priority=\"2\" href=\"https:\/\/www.suno.com.br\/guias\/imposto-de-renda-guia\/\" rel=\"noopener\">imposto de renda<\/a> (LAIR), mais de R$ 1 bilh\u00e3o. A redu\u00e7\u00e3o de estoques tem ainda o potencial de liberar R$ 1 bilh\u00e3o em caixa para a empresa.<\/p>\n\n\n\n<p>Na <a class=\"suno-keyword\" target=\"_blank\" data-force=\"no\" data-priority=\"1\" href=\"https:\/\/www.suno.com.br\/artigos\/indicadores-estrutura-capital\/\" rel=\"noopener\">estrutura de capital<\/a>, como adiantado pela coluna Broadcast, <em>Coluna do Broadcast, <\/em>a companhia se programa para mudar a forma como financia seu credi\u00e1rio. Em vez de financiar as compras dos clientes por meio do carn\u00ea e adiantar esses valores com os bancos, a companhia vai passar a buscar recursos em Fundos de Investimento em Direitos Credit\u00f3rios (Fidcs) para custear o parcelamento das compras de seus clientes. Assim, a empresa pretende liberar R$ 5 bilh\u00f5es de limite de cr\u00e9dito com os bancos<i>.<\/i><\/p>\n\n\n\n<p>Ao todo ainda se espera a monetiza\u00e7\u00e3o de ativos da<strong> Via<\/strong> de at\u00e9 R$ 4 bilh\u00f5es em 2023. Ser\u00e3o mais R$ 2,5 bilh\u00f5es de cr\u00e9ditos fiscais que, se o plano correr como o esperado, se tornar\u00e3o dinheiro para a empresa. Soma-se a isso o R$ 1 bilh\u00e3o pretendido com a libera\u00e7\u00e3o de estoques e mais R$ 500 milh\u00f5es em vendas de im\u00f3veis e outros ativos.<\/p>\n\n\n\n<p><em>Com Estad\u00e3o Conte\u00fado<\/em><\/p>\n\n\n\n\n\t<p>\n\t\t<a href=\"https:\/\/lp.suno.com.br\/planilha-da-vida-financeira\/\" target=\"_blank\" data-element=\"shortcode-suno-banner\" title=\"Banner SUNO, clique e saiba mais\">\n\t\t\t<picture>\n\t\t\t\t<source media=\"(max-width: 500px)\" srcset=\"https:\/\/files.sunoresearch.com.br\/n\/uploads\/2023\/04\/400x300-Planilha-vida-financeira-true.png\">\n\t\t\t\t<img class=\"newsContent__article__imgCapa newsContent__article__imgCapa--banner\"\n\t\t\t\t\tsrc=\"https:\/\/files.sunoresearch.com.br\/n\/uploads\/2023\/04\/1420x240-Planilha-vida-financeira-true.png\"\n\t\t\t\t\tdata-promo-id=\"383123\"\t\t\t\t\t\t\t\t\t\twidth='1420' height='240'\t\t\t\t\talt=\"https:\/\/files.sunoresearch.com.br\/n\/uploads\/2023\/04\/1420x240-Planilha-vida-financeira-true.png\"\n\t\t\t\t>\n\t\t\t<\/picture>\n\t\t<\/a>\n\t<\/p>\n\n\n\n\n\t\t<div class=\"wp-shortcode-web-stories-embed web-stories-embed aligncenter\">\n\t\t\t<div class=\"wp-block-embed__wrapper\" style=\"--aspect-ratio: 1.666667; --width: 600px; --height: 360px\">\n\t\t\t\t<amp-story-player>\n\t\t\t\t\t<a href=\"https:\/\/www.suno.com.br\/noticias\/web-stories\/snag11-dividendos-pagamento-agosto-desdobramento-evm\/\">\n\t\t\t\t\t\tWeb Story\t\t\t\t\t<\/a>\n\t\t\t\t<\/amp-story-player>\n\t\t\t<\/div>\n\t\t<\/div>\n\t\t\n","protected":false},"excerpt":{"rendered":"<p>Dona da Casas Bahia e do Ponto, a Via (VIIA3) divulgou nesta quinta-feira, 10, o seus resultados do segundo trimestre de 2023. A varejista apurou um preju\u00edzo l\u00edquido de R$ 492 milh\u00f5es. Casas Bahia (BHIA3). Foto: Divulga\u00e7\u00e3o\/ Casas Bahia. O resultado da Via no 2T23 reverte o lucro de R$ 6 milh\u00f5es apresentado no mesmo [&hellip;]<\/p>\n","protected":false},"author":43,"featured_media":429977,"comment_status":"closed","ping_status":"closed","sticky":false,"template":"","format":"standard","meta":[],"categories":[64],"tags":[286,1029,1607,106935],"suno_strategy":[],"class_list":["post-441269","post","type-post","status-publish","format-standard","has-post-thumbnail","hentry","category-negocios","tag-acoes","tag-balancos-trimestrais","tag-resultado-das-empresas","tag-via-viia3"],"yoast_head":"<!-- This site is optimized with the Yoast SEO plugin v24.4 - https:\/\/yoast.com\/wordpress\/plugins\/seo\/ -->\n<title>Via (VIIA3) reverte lucro e tem preju\u00edzo l\u00edquido de R$ 492 mi no 2T23<\/title>\n<meta name=\"description\" content=\"A Via divulgou nesta quinta (10) os resultados do segundo trimestre de 2023. A varejista apurou um preju\u00edzo l\u00edquido de R$ 492 milh\u00f5es\" \/>\n<meta name=\"robots\" content=\"index, follow, max-snippet:-1, max-image-preview:large, max-video-preview:-1\" \/>\n<link rel=\"canonical\" href=\"https:\/\/www.suno.com.br\/noticias\/via-viia3-prejuizo-resultado-2t23\/\" \/>\n<meta property=\"og:locale\" content=\"pt_BR\" \/>\n<meta property=\"og:type\" content=\"article\" \/>\n<meta property=\"og:title\" content=\"Via (VIIA3) reverte lucro e tem preju\u00edzo l\u00edquido de R$ 492 mi no 2T23\" \/>\n<meta property=\"og:description\" content=\"A Via divulgou nesta quinta (10) os resultados do segundo trimestre de 2023. A varejista apurou um preju\u00edzo l\u00edquido de R$ 492 milh\u00f5es\" \/>\n<meta property=\"og:url\" content=\"https:\/\/www.suno.com.br\/noticias\/via-viia3-prejuizo-resultado-2t23\/\" \/>\n<meta property=\"og:site_name\" content=\"Suno Not\u00edcias\" \/>\n<meta property=\"article:publisher\" content=\"https:\/\/facebook.com\/sunoresearch\" \/>\n<meta property=\"article:author\" content=\"https:\/\/www.facebook.com\/sunonoticias\/\" \/>\n<meta property=\"og:image\" content=\"https:\/\/files.sunoresearch.com.br\/n\/uploads\/2023\/07\/via-viia3-casas-bahia.jpg\" \/>\n\t<meta property=\"og:image:width\" content=\"1200\" \/>\n\t<meta property=\"og:image:height\" content=\"800\" \/>\n\t<meta property=\"og:image:type\" content=\"image\/jpeg\" \/>\n<meta name=\"author\" content=\"Reda\u00e7\u00e3o Suno Not\u00edcias\" \/>\n<meta name=\"twitter:card\" content=\"summary_large_image\" \/>\n<meta name=\"twitter:creator\" content=\"@https:\/\/twitter.com\/sunoresearch\" \/>\n<meta name=\"twitter:site\" content=\"@sunoresearch\" \/>\n<meta name=\"twitter:label1\" content=\"Escrito por\" \/>\n\t<meta name=\"twitter:data1\" content=\"Reda\u00e7\u00e3o Suno Not\u00edcias\" \/>\n\t<meta name=\"twitter:label2\" content=\"Est. tempo de leitura\" \/>\n\t<meta name=\"twitter:data2\" content=\"6 minutos\" \/>\n<script type=\"application\/ld+json\" class=\"yoast-schema-graph\">{\"@context\":\"https:\/\/schema.org\",\"@graph\":[{\"@type\":\"NewsArticle\",\"@id\":\"https:\/\/www.suno.com.br\/noticias\/via-viia3-prejuizo-resultado-2t23\/#article\",\"isPartOf\":{\"@id\":\"https:\/\/www.suno.com.br\/noticias\/via-viia3-prejuizo-resultado-2t23\/\"},\"author\":{\"name\":\"Reda\u00e7\u00e3o Suno Not\u00edcias\",\"@id\":\"https:\/\/www.suno.com.br\/noticias\/#\/schema\/person\/c1b1bd3727fa852bd045e9dbff3673ea\"},\"headline\":\"Preju\u00edzo da Via (VIIA3) chega a R$ 492 mi no 2T23; empresa anuncia &#8216;plano de transforma\u00e7\u00e3o&#8217; e pode fechar at\u00e9 100 lojas\",\"datePublished\":\"2023-08-11T00:23:08+00:00\",\"dateModified\":\"2023-08-11T01:14:59+00:00\",\"mainEntityOfPage\":{\"@id\":\"https:\/\/www.suno.com.br\/noticias\/via-viia3-prejuizo-resultado-2t23\/\"},\"wordCount\":1106,\"publisher\":{\"@id\":\"https:\/\/www.suno.com.br\/noticias\/#organization\"},\"image\":{\"@id\":\"https:\/\/www.suno.com.br\/noticias\/via-viia3-prejuizo-resultado-2t23\/#primaryimage\"},\"thumbnailUrl\":\"https:\/\/files.sunoresearch.com.br\/n\/uploads\/2023\/07\/via-viia3-casas-bahia.jpg\",\"keywords\":[\"A\u00e7\u00f5es\",\"balan\u00e7os trimestrais\",\"Resultado das empresas\",\"Via (VIIA3)\"],\"articleSection\":[\"Neg\u00f3cios\"],\"inLanguage\":\"pt-BR\"},{\"@type\":\"WebPage\",\"@id\":\"https:\/\/www.suno.com.br\/noticias\/via-viia3-prejuizo-resultado-2t23\/\",\"url\":\"https:\/\/www.suno.com.br\/noticias\/via-viia3-prejuizo-resultado-2t23\/\",\"name\":\"Via (VIIA3) reverte lucro e tem preju\u00edzo l\u00edquido de R$ 492 mi no 2T23\",\"isPartOf\":{\"@id\":\"https:\/\/www.suno.com.br\/noticias\/#website\"},\"primaryImageOfPage\":{\"@id\":\"https:\/\/www.suno.com.br\/noticias\/via-viia3-prejuizo-resultado-2t23\/#primaryimage\"},\"image\":{\"@id\":\"https:\/\/www.suno.com.br\/noticias\/via-viia3-prejuizo-resultado-2t23\/#primaryimage\"},\"thumbnailUrl\":\"https:\/\/files.sunoresearch.com.br\/n\/uploads\/2023\/07\/via-viia3-casas-bahia.jpg\",\"datePublished\":\"2023-08-11T00:23:08+00:00\",\"dateModified\":\"2023-08-11T01:14:59+00:00\",\"description\":\"A Via divulgou nesta quinta (10) os resultados do segundo trimestre de 2023. A varejista apurou um preju\u00edzo l\u00edquido de R$ 492 milh\u00f5es\",\"breadcrumb\":{\"@id\":\"https:\/\/www.suno.com.br\/noticias\/via-viia3-prejuizo-resultado-2t23\/#breadcrumb\"},\"inLanguage\":\"pt-BR\",\"potentialAction\":[{\"@type\":\"ReadAction\",\"target\":[\"https:\/\/www.suno.com.br\/noticias\/via-viia3-prejuizo-resultado-2t23\/\"]}]},{\"@type\":\"ImageObject\",\"inLanguage\":\"pt-BR\",\"@id\":\"https:\/\/www.suno.com.br\/noticias\/via-viia3-prejuizo-resultado-2t23\/#primaryimage\",\"url\":\"https:\/\/files.sunoresearch.com.br\/n\/uploads\/2023\/07\/via-viia3-casas-bahia.jpg\",\"contentUrl\":\"https:\/\/files.sunoresearch.com.br\/n\/uploads\/2023\/07\/via-viia3-casas-bahia.jpg\",\"width\":1200,\"height\":800,\"caption\":\"Casas Bahia (BHIA3). Foto: Divulga\u00e7\u00e3o\/ Casas Bahia.\"},{\"@type\":\"BreadcrumbList\",\"@id\":\"https:\/\/www.suno.com.br\/noticias\/via-viia3-prejuizo-resultado-2t23\/#breadcrumb\",\"itemListElement\":[{\"@type\":\"ListItem\",\"position\":1,\"name\":\"Not\u00edcias\",\"item\":\"https:\/\/www.suno.com.br\/noticias\/\"},{\"@type\":\"ListItem\",\"position\":2,\"name\":\"Neg\u00f3cios\",\"item\":\"https:\/\/www.suno.com.br\/noticias\/negocios\/\"},{\"@type\":\"ListItem\",\"position\":3,\"name\":\"Preju\u00edzo da Via (VIIA3) chega a R$ 492 mi no 2T23; empresa anuncia &#8216;plano de transforma\u00e7\u00e3o&#8217; e pode fechar at\u00e9 100 lojas\"}]},{\"@type\":\"WebSite\",\"@id\":\"https:\/\/www.suno.com.br\/noticias\/#website\",\"url\":\"https:\/\/www.suno.com.br\/noticias\/\",\"name\":\"Suno Not\u00edcias\",\"description\":\"Seu portal de informa\u00e7\u00e3o sobre o mundo dos investimentos\",\"publisher\":{\"@id\":\"https:\/\/www.suno.com.br\/noticias\/#organization\"},\"potentialAction\":[{\"@type\":\"SearchAction\",\"target\":{\"@type\":\"EntryPoint\",\"urlTemplate\":\"https:\/\/www.suno.com.br\/noticias\/?s={search_term_string}\"},\"query-input\":{\"@type\":\"PropertyValueSpecification\",\"valueRequired\":true,\"valueName\":\"search_term_string\"}}],\"inLanguage\":\"pt-BR\"},{\"@type\":\"Organization\",\"@id\":\"https:\/\/www.suno.com.br\/noticias\/#organization\",\"name\":\"Suno Not\u00edcias\",\"url\":\"https:\/\/www.suno.com.br\/noticias\/\",\"logo\":{\"@type\":\"ImageObject\",\"inLanguage\":\"pt-BR\",\"@id\":\"https:\/\/www.suno.com.br\/noticias\/#\/schema\/logo\/image\/\",\"url\":\"https:\/\/files.sunoresearch.com.br\/n\/uploads\/2021\/09\/suno-logo.png\",\"contentUrl\":\"https:\/\/files.sunoresearch.com.br\/n\/uploads\/2021\/09\/suno-logo.png\",\"width\":180,\"height\":180,\"caption\":\"Suno Not\u00edcias\"},\"image\":{\"@id\":\"https:\/\/www.suno.com.br\/noticias\/#\/schema\/logo\/image\/\"},\"sameAs\":[\"https:\/\/facebook.com\/sunoresearch\",\"https:\/\/x.com\/sunoresearch\",\"https:\/\/www.instagram.com\/suno\",\"https:\/\/www.linkedin.com\/company\/suno-research\/\",\"https:\/\/www.youtube.com\/c\/sunoresearch\"]},{\"@type\":\"Person\",\"@id\":\"https:\/\/www.suno.com.br\/noticias\/#\/schema\/person\/c1b1bd3727fa852bd045e9dbff3673ea\",\"name\":\"Reda\u00e7\u00e3o Suno Not\u00edcias\",\"image\":{\"@type\":\"ImageObject\",\"inLanguage\":\"pt-BR\",\"@id\":\"https:\/\/www.suno.com.br\/noticias\/#\/schema\/person\/image\/\",\"url\":\"https:\/\/secure.gravatar.com\/avatar\/b8104b9b5a71985d5238ee59fbe418af?s=96&r=g\",\"contentUrl\":\"https:\/\/secure.gravatar.com\/avatar\/b8104b9b5a71985d5238ee59fbe418af?s=96&r=g\",\"caption\":\"Reda\u00e7\u00e3o Suno Not\u00edcias\"},\"description\":\"O Suno Not\u00edcias \u00e9 um portal de informa\u00e7\u00f5es sobre Mercado Financeiro, Pol\u00edtica, Neg\u00f3cios, Economia e Finan\u00e7as Pessoais.\",\"sameAs\":[\"https:\/\/www.suno.com.br\/noticias\",\"https:\/\/www.facebook.com\/sunonoticias\/\",\"https:\/\/www.instagram.com\/sunonoticias\/\",\"https:\/\/x.com\/https:\/\/twitter.com\/sunoresearch\",\"https:\/\/www.youtube.com\/sunonoticias\"],\"url\":\"https:\/\/www.suno.com.br\/noticias\/author\/redacao-suno\/\"}]}<\/script>\n<!-- \/ Yoast SEO plugin. -->","yoast_head_json":{"title":"Via (VIIA3) reverte lucro e tem preju\u00edzo l\u00edquido de R$ 492 mi no 2T23","description":"A Via divulgou nesta quinta (10) os resultados do segundo trimestre de 2023. A varejista apurou um preju\u00edzo l\u00edquido de R$ 492 milh\u00f5es","robots":{"index":"index","follow":"follow","max-snippet":"max-snippet:-1","max-image-preview":"max-image-preview:large","max-video-preview":"max-video-preview:-1"},"canonical":"https:\/\/www.suno.com.br\/noticias\/via-viia3-prejuizo-resultado-2t23\/","og_locale":"pt_BR","og_type":"article","og_title":"Via (VIIA3) reverte lucro e tem preju\u00edzo l\u00edquido de R$ 492 mi no 2T23","og_description":"A Via divulgou nesta quinta (10) os resultados do segundo trimestre de 2023. A varejista apurou um preju\u00edzo l\u00edquido de R$ 492 milh\u00f5es","og_url":"https:\/\/www.suno.com.br\/noticias\/via-viia3-prejuizo-resultado-2t23\/","og_site_name":"Suno Not\u00edcias","article_publisher":"https:\/\/facebook.com\/sunoresearch","article_author":"https:\/\/www.facebook.com\/sunonoticias\/","og_image":[{"width":1200,"height":800,"url":"https:\/\/files.sunoresearch.com.br\/n\/uploads\/2023\/07\/via-viia3-casas-bahia.jpg","type":"image\/jpeg"}],"author":"Reda\u00e7\u00e3o Suno Not\u00edcias","twitter_card":"summary_large_image","twitter_creator":"@https:\/\/twitter.com\/sunoresearch","twitter_site":"@sunoresearch","twitter_misc":{"Escrito por":"Reda\u00e7\u00e3o Suno Not\u00edcias","Est. tempo de leitura":"6 minutos"},"schema":{"@context":"https:\/\/schema.org","@graph":[{"@type":"NewsArticle","@id":"https:\/\/www.suno.com.br\/noticias\/via-viia3-prejuizo-resultado-2t23\/#article","isPartOf":{"@id":"https:\/\/www.suno.com.br\/noticias\/via-viia3-prejuizo-resultado-2t23\/"},"author":{"name":"Reda\u00e7\u00e3o Suno Not\u00edcias","@id":"https:\/\/www.suno.com.br\/noticias\/#\/schema\/person\/c1b1bd3727fa852bd045e9dbff3673ea"},"headline":"Preju\u00edzo da Via (VIIA3) chega a R$ 492 mi no 2T23; empresa anuncia &#8216;plano de transforma\u00e7\u00e3o&#8217; e pode fechar at\u00e9 100 lojas","datePublished":"2023-08-11T00:23:08+00:00","dateModified":"2023-08-11T01:14:59+00:00","mainEntityOfPage":{"@id":"https:\/\/www.suno.com.br\/noticias\/via-viia3-prejuizo-resultado-2t23\/"},"wordCount":1106,"publisher":{"@id":"https:\/\/www.suno.com.br\/noticias\/#organization"},"image":{"@id":"https:\/\/www.suno.com.br\/noticias\/via-viia3-prejuizo-resultado-2t23\/#primaryimage"},"thumbnailUrl":"https:\/\/files.sunoresearch.com.br\/n\/uploads\/2023\/07\/via-viia3-casas-bahia.jpg","keywords":["A\u00e7\u00f5es","balan\u00e7os trimestrais","Resultado das empresas","Via (VIIA3)"],"articleSection":["Neg\u00f3cios"],"inLanguage":"pt-BR"},{"@type":"WebPage","@id":"https:\/\/www.suno.com.br\/noticias\/via-viia3-prejuizo-resultado-2t23\/","url":"https:\/\/www.suno.com.br\/noticias\/via-viia3-prejuizo-resultado-2t23\/","name":"Via (VIIA3) reverte lucro e tem preju\u00edzo l\u00edquido de R$ 492 mi no 2T23","isPartOf":{"@id":"https:\/\/www.suno.com.br\/noticias\/#website"},"primaryImageOfPage":{"@id":"https:\/\/www.suno.com.br\/noticias\/via-viia3-prejuizo-resultado-2t23\/#primaryimage"},"image":{"@id":"https:\/\/www.suno.com.br\/noticias\/via-viia3-prejuizo-resultado-2t23\/#primaryimage"},"thumbnailUrl":"https:\/\/files.sunoresearch.com.br\/n\/uploads\/2023\/07\/via-viia3-casas-bahia.jpg","datePublished":"2023-08-11T00:23:08+00:00","dateModified":"2023-08-11T01:14:59+00:00","description":"A Via divulgou nesta quinta (10) os resultados do segundo trimestre de 2023. A varejista apurou um preju\u00edzo l\u00edquido de R$ 492 milh\u00f5es","breadcrumb":{"@id":"https:\/\/www.suno.com.br\/noticias\/via-viia3-prejuizo-resultado-2t23\/#breadcrumb"},"inLanguage":"pt-BR","potentialAction":[{"@type":"ReadAction","target":["https:\/\/www.suno.com.br\/noticias\/via-viia3-prejuizo-resultado-2t23\/"]}]},{"@type":"ImageObject","inLanguage":"pt-BR","@id":"https:\/\/www.suno.com.br\/noticias\/via-viia3-prejuizo-resultado-2t23\/#primaryimage","url":"https:\/\/files.sunoresearch.com.br\/n\/uploads\/2023\/07\/via-viia3-casas-bahia.jpg","contentUrl":"https:\/\/files.sunoresearch.com.br\/n\/uploads\/2023\/07\/via-viia3-casas-bahia.jpg","width":1200,"height":800,"caption":"Casas Bahia (BHIA3). Foto: Divulga\u00e7\u00e3o\/ Casas Bahia."},{"@type":"BreadcrumbList","@id":"https:\/\/www.suno.com.br\/noticias\/via-viia3-prejuizo-resultado-2t23\/#breadcrumb","itemListElement":[{"@type":"ListItem","position":1,"name":"Not\u00edcias","item":"https:\/\/www.suno.com.br\/noticias\/"},{"@type":"ListItem","position":2,"name":"Neg\u00f3cios","item":"https:\/\/www.suno.com.br\/noticias\/negocios\/"},{"@type":"ListItem","position":3,"name":"Preju\u00edzo da Via (VIIA3) chega a R$ 492 mi no 2T23; empresa anuncia &#8216;plano de transforma\u00e7\u00e3o&#8217; e pode fechar at\u00e9 100 lojas"}]},{"@type":"WebSite","@id":"https:\/\/www.suno.com.br\/noticias\/#website","url":"https:\/\/www.suno.com.br\/noticias\/","name":"Suno Not\u00edcias","description":"Seu portal de informa\u00e7\u00e3o sobre o mundo dos investimentos","publisher":{"@id":"https:\/\/www.suno.com.br\/noticias\/#organization"},"potentialAction":[{"@type":"SearchAction","target":{"@type":"EntryPoint","urlTemplate":"https:\/\/www.suno.com.br\/noticias\/?s={search_term_string}"},"query-input":{"@type":"PropertyValueSpecification","valueRequired":true,"valueName":"search_term_string"}}],"inLanguage":"pt-BR"},{"@type":"Organization","@id":"https:\/\/www.suno.com.br\/noticias\/#organization","name":"Suno Not\u00edcias","url":"https:\/\/www.suno.com.br\/noticias\/","logo":{"@type":"ImageObject","inLanguage":"pt-BR","@id":"https:\/\/www.suno.com.br\/noticias\/#\/schema\/logo\/image\/","url":"https:\/\/files.sunoresearch.com.br\/n\/uploads\/2021\/09\/suno-logo.png","contentUrl":"https:\/\/files.sunoresearch.com.br\/n\/uploads\/2021\/09\/suno-logo.png","width":180,"height":180,"caption":"Suno Not\u00edcias"},"image":{"@id":"https:\/\/www.suno.com.br\/noticias\/#\/schema\/logo\/image\/"},"sameAs":["https:\/\/facebook.com\/sunoresearch","https:\/\/x.com\/sunoresearch","https:\/\/www.instagram.com\/suno","https:\/\/www.linkedin.com\/company\/suno-research\/","https:\/\/www.youtube.com\/c\/sunoresearch"]},{"@type":"Person","@id":"https:\/\/www.suno.com.br\/noticias\/#\/schema\/person\/c1b1bd3727fa852bd045e9dbff3673ea","name":"Reda\u00e7\u00e3o Suno Not\u00edcias","image":{"@type":"ImageObject","inLanguage":"pt-BR","@id":"https:\/\/www.suno.com.br\/noticias\/#\/schema\/person\/image\/","url":"https:\/\/secure.gravatar.com\/avatar\/b8104b9b5a71985d5238ee59fbe418af?s=96&r=g","contentUrl":"https:\/\/secure.gravatar.com\/avatar\/b8104b9b5a71985d5238ee59fbe418af?s=96&r=g","caption":"Reda\u00e7\u00e3o Suno Not\u00edcias"},"description":"O Suno Not\u00edcias \u00e9 um portal de informa\u00e7\u00f5es sobre Mercado Financeiro, Pol\u00edtica, Neg\u00f3cios, Economia e Finan\u00e7as Pessoais.","sameAs":["https:\/\/www.suno.com.br\/noticias","https:\/\/www.facebook.com\/sunonoticias\/","https:\/\/www.instagram.com\/sunonoticias\/","https:\/\/x.com\/https:\/\/twitter.com\/sunoresearch","https:\/\/www.youtube.com\/sunonoticias"],"url":"https:\/\/www.suno.com.br\/noticias\/author\/redacao-suno\/"}]}},"default_loop_html":"<div class=\"cardsPage__listCard__boxs\"><div class=\"cardsPage__listCard__boxs__img\"><a href=\"https:\/\/www.suno.com.br\/noticias\/via-viia3-prejuizo-resultado-2t23\/\"><img class=\"mask\" src=\"https:\/\/www.suno.com.br\/noticias\/wp-content\/themes\/suno\/resources\/images\/spotlight\/spotlight1img\/bg-mask.png\" alt=\"Image Mask\"\/><img src=\"https:\/\/files.sunoresearch.com.br\/n\/uploads\/2023\/07\/via-viia3-casas-bahia-400x200.jpg\" alt=\"Preju\u00edzo da Via (VIIA3) chega a R$ 492 mi no 2T23; empresa anuncia &#8216;plano de transforma\u00e7\u00e3o&#8217; e pode fechar at\u00e9 100 lojas\"\/><\/a><span class=\"spotlightCategory\"><a href=\"https:\/\/www.suno.com.br\/noticias\/negocios\/\">Neg\u00f3cios<\/a><\/span><\/div><div class=\"cardsPage__listCard__boxs__content\"><a href=\"https:\/\/www.suno.com.br\/noticias\/via-viia3-prejuizo-resultado-2t23\/\"><h2 class=\"content__title\">Preju\u00edzo da Via (VIIA3) chega a R$ 492 mi no 2T23; empresa anuncia &#8216;plano de transforma\u00e7\u00e3o&#8217; e pode fechar at\u00e9 100 lojas<\/h2><\/a><div class=\"newsContent__article__meta\"><div class=\"newsContent__article__meta__authorBox\"><a href=\"https:\/\/www.suno.com.br\/noticias\/author\/eduardo-vargas\/\" class=\"authorBox__avatar noMobi\"><img src=\"https:\/\/secure.gravatar.com\/avatar\/dac340933427a22924c9f99d1eb2e3f2?s=96&#038;r=g\" alt=\"Eduardo Vargas\"><\/a><div class=\"authorBox__name\"><span>por\n\t\t\t<a href=\"https:\/\/www.suno.com.br\/noticias\/author\/eduardo-vargas\/\"><span itemprop=\"author\">Eduardo Vargas<\/span><\/a><\/span><time datetime=\"2023-08-10T21:23:08-03:00\" itemprop=\"datePublished\">10\/08\/2023 21:23<\/time><\/div><\/div><\/div><\/div><\/div>","single_layout":"posts","amp_enabled":true,"_links":{"self":[{"href":"https:\/\/www.suno.com.br\/noticias\/wp-json\/wp\/v2\/posts\/441269"}],"collection":[{"href":"https:\/\/www.suno.com.br\/noticias\/wp-json\/wp\/v2\/posts"}],"about":[{"href":"https:\/\/www.suno.com.br\/noticias\/wp-json\/wp\/v2\/types\/post"}],"author":[{"embeddable":true,"href":"https:\/\/www.suno.com.br\/noticias\/wp-json\/wp\/v2\/users\/43"}],"replies":[{"embeddable":true,"href":"https:\/\/www.suno.com.br\/noticias\/wp-json\/wp\/v2\/comments?post=441269"}],"version-history":[{"count":2,"href":"https:\/\/www.suno.com.br\/noticias\/wp-json\/wp\/v2\/posts\/441269\/revisions"}],"predecessor-version":[{"id":441316,"href":"https:\/\/www.suno.com.br\/noticias\/wp-json\/wp\/v2\/posts\/441269\/revisions\/441316"}],"wp:featuredmedia":[{"embeddable":true,"href":"https:\/\/www.suno.com.br\/noticias\/wp-json\/wp\/v2\/media\/429977"}],"wp:attachment":[{"href":"https:\/\/www.suno.com.br\/noticias\/wp-json\/wp\/v2\/media?parent=441269"}],"wp:term":[{"taxonomy":"category","embeddable":true,"href":"https:\/\/www.suno.com.br\/noticias\/wp-json\/wp\/v2\/categories?post=441269"},{"taxonomy":"post_tag","embeddable":true,"href":"https:\/\/www.suno.com.br\/noticias\/wp-json\/wp\/v2\/tags?post=441269"},{"taxonomy":"suno_strategy","embeddable":true,"href":"https:\/\/www.suno.com.br\/noticias\/wp-json\/wp\/v2\/suno_strategy?post=441269"}],"curies":[{"name":"wp","href":"https:\/\/api.w.org\/{rel}","templated":true}]}}