{"id":440852,"date":"2023-08-10T13:26:57","date_gmt":"2023-08-10T16:26:57","guid":{"rendered":"https:\/\/www.suno.com.br\/noticias\/?p=440852"},"modified":"2023-08-10T13:26:57","modified_gmt":"2023-08-10T16:26:57","slug":"brasil-safra-recorde-milhoes-de-toneladas-conab-evm","status":"publish","type":"post","link":"https:\/\/www.suno.com.br\/noticias\/brasil-safra-recorde-milhoes-de-toneladas-conab-evm\/","title":{"rendered":"Brasil ter\u00e1 safra recorde de 320,06 milh\u00f5es de toneladas, diz Conab"},"content":{"rendered":"<p>Em uma <strong><a href=\"https:\/\/www.suno.com.br\/noticias\/colunas\/lucca-mendes\/plano-safra-estado-forca-esg\/\" target=\"_blank\" rel=\"noreferrer noopener\">safra recorde<\/a><\/strong>, o Brasil teve ter uma produ\u00e7\u00e3o de gr\u00e3os entre 2022 e 2023 de 320,06 milh\u00f5es de toneladas, um incremento de 17,4% em compara\u00e7\u00e3o com o ciclo anterior. Os dados constam do 11\u00ba Levantamento da Safra de Gr\u00e3os da Companhia Nacional de Abastecimento (Conab), divulgado nesta quinta (10).<\/p>\t<div class=\"wrapper-featured-image\">\n\t\t<figure class=\"spotlightImg\">\n\n\t\t\t<picture>\n\t\t\t\t<source media=\"(max-width: 768px)\" srcset=\"https:\/\/files.sunoresearch.com.br\/n\/uploads\/2022\/02\/pexels-todd-trapani-1382102-400x200.jpg\">\n\t\t\t\t<img loading=\"lazy\" decoding=\"async\" class=\"newsContent__article__imgCapa lazyloadDisabled \" src=\"https:\/\/files.sunoresearch.com.br\/n\/uploads\/2022\/02\/pexels-todd-trapani-1382102-800x450.jpg\" width=\"800\" height=\"450\" alt=\"Brasil ter\u00e1 safra recorde de 320,06 milh\u00f5es de toneladas, diz Conab\" fetchpriority=high \/>\n\t\t\t<\/picture>\n\n\t\t\t<figcaption class=\"wp-caption-text wp-caption-text--show\">Conab prev\u00ea recorde de gr\u00e3os. Foto: Pexels.<\/figcaption>\n\t\t<\/figure>\n\t<\/div>\n\n\n\n\n\n\t<p>\n\t\t<a href=\"\" target=\"_blank\" data-element=\"shortcode-suno-banner\" title=\"Banner SUNO, clique e saiba mais\">\n\t\t\t<picture>\n\t\t\t\t<source media=\"(max-width: 500px)\" srcset=\"\">\n\t\t\t\t<img class=\"newsContent__article__imgCapa newsContent__article__imgCapa--banner\"\n\t\t\t\t\tsrc=\"\"\n\t\t\t\t\tdata-promo-id=\"240038\"\t\t\t\t\t\t\t\t\t\t\t\t\t\t\talt=\"\"\n\t\t\t\t>\n\t\t\t<\/picture>\n\t\t<\/a>\n\t<\/p>\n\n\n\n\n\n\n\n<p>Conforme comunicado da estatal, esse resultado esperado para safra \u00e9 reflexo da combina\u00e7\u00e3o dos ganhos de \u00e1rea e de produtividade das lavouras. <\/p>\n\n\n\n<p>Enquanto a \u00e1rea apresenta uma alta de 5% em rela\u00e7\u00e3o \u00e0 safra 2021\/22, alcan\u00e7ando 78,3 milh\u00f5es de hectares, a produtividade m\u00e9dia registra uma eleva\u00e7\u00e3o de 11,8%, saindo de 3.656 quilos por hectare para 4.086 kg\/ha.<\/p>\n\n\n\n<p>O presidente da Conab, Edegar Pretto, disse na nota que o <strong>volume de 320,1 milh\u00f5es de toneladas<\/strong> se deve, principalmente, &#8220;ao avan\u00e7o da colheita do milho segunda safra que vem apresentando produtividades superiores \u00e0s inicialmente previstas, aliado ao melhor desempenho das culturas ainda em campo. Portanto, refor\u00e7a o recorde da safra brasileira de gr\u00e3os&#8221;.<\/p>\n\n\n\n<p>A colheita do milho segunda safra continua avan\u00e7ando e ultrapassa 64,3% da \u00e1rea plantada. Se confirmado, o volume estimado para a segunda safra de milho ultrapassa 100 milh\u00f5es de toneladas, a maior produ\u00e7\u00e3o j\u00e1 registrada na s\u00e9rie hist\u00f3rica, disse a <a href=\"https:\/\/www.suno.com.br\/noticias\/safra-brasileira-de-graos-2022-23-pode-bater-recorde-diz-conab\/\" target=\"_blank\" rel=\"noreferrer noopener\">Conab<\/a>.<\/p>\n\n\n\n<p>Para a terceira safra, embora existam registros de pontos de estiagem em <a href=\"https:\/\/www.suno.com.br\/noticias\/braskem-brkm5-governador-alagoas-pede-tcu-suspensao-venda\/\" target=\"_blank\" rel=\"noreferrer noopener\">Alagoas<\/a> e no nordeste da Bahia, as chuvas regulares, de modo geral, favorecem o bom desenvolvimento das lavouras. Com o bom desempenho, a colheita total do cereal est\u00e1 projetada em aproximadamente 130 milh\u00f5es de toneladas, 16,8 milh\u00f5es de toneladas a mais do que na temporada passada.<\/p>\n\n\n\n<p>Para o algod\u00e3o, a Conab prev\u00ea uma produ\u00e7\u00e3o de 7,4 milh\u00f5es de t para o produto em caro\u00e7o, o equivalente a 3 milh\u00f5es de toneladas de pluma. <\/p>\n\n\n\n<p>A <a href=\"https:\/\/www.suno.com.br\/noticias\/china-criar-chuva-proteger-colheita-seca\/\" target=\"_blank\" rel=\"noreferrer noopener\">colheita<\/a>, iniciada em junho, fechou em julho com cerca de 30%, um atraso em rela\u00e7\u00e3o \u00e0 safra anterior, quando no mesmo per\u00edodo atingia 49,3%. As condi\u00e7\u00f5es clim\u00e1ticas v\u00eam favorecendo as lavouras, que apresentam um bom desenvolvimento.<\/p>\n\n\n\n<p>J\u00e1 o feij\u00e3o deve ter uma colheita 2,6% superior ao resultado obtido no ciclo 2021\/22, estimada em 3,07 milh\u00f5es de toneladas. Na terceira safra, as condi\u00e7\u00f5es clim\u00e1ticas v\u00eam favorecendo o desenvolvimento das lavouras, onde prevalecem os est\u00e1dios de flora\u00e7\u00e3o, enchimento de gr\u00e3os e matura\u00e7\u00e3o.<\/p>\n\n\n\t<p>\n\t\t<a href=\"https:\/\/lp.suno.com.br\/ebook-gratuito-investindo-no-exterior\/\" target=\"_blank\" data-element=\"shortcode-suno-banner\" title=\"Banner SUNO, clique e saiba mais\">\n\t\t\t<picture>\n\t\t\t\t<source media=\"(max-width: 500px)\" srcset=\"https:\/\/files.sunoresearch.com.br\/n\/uploads\/2023\/03\/400x300-Investindo-no-exterior.png\">\n\t\t\t\t<img class=\"newsContent__article__imgCapa newsContent__article__imgCapa--banner\"\n\t\t\t\t\tsrc=\"https:\/\/files.sunoresearch.com.br\/n\/uploads\/2023\/03\/1420x240-Investindo-no-exterior.png\"\n\t\t\t\t\tdata-promo-id=\"383161\"\t\t\t\t\t\t\t\t\t\twidth='1420' height='240'\t\t\t\t\talt=\"https:\/\/files.sunoresearch.com.br\/n\/uploads\/2023\/03\/1420x240-Investindo-no-exterior.png\"\n\t\t\t\t>\n\t\t\t<\/picture>\n\t\t<\/a>\n\t<\/p>\n\n\n\n\n\n<h2 class=\"wp-block-heading\">Safra de ver\u00e3o, soja e arroz<\/h2>\n\n\n\n<p>Produtos da <strong>safra de ver\u00e3o<\/strong>, soja e arroz t\u00eam produ\u00e7\u00e3o estimada em 154,6 milh\u00f5es de toneladas e 10,03 milh\u00f5es de toneladas, respectivamente. <\/p>\n\n\n\n<p>No caso da oleaginosa, destaques para Mato Grosso, maior produtor do gr\u00e3o no Pa\u00eds, com 45,6 milh\u00f5es de toneladas, e para a Bahia, Estado com a com a maior produtividade com 4.020 kg\/ha, resultado do bom pacote tecnol\u00f3gico e condi\u00e7\u00f5es clim\u00e1ticas extremamente favor\u00e1veis. Para o arroz, mesmo com o clima mais favor\u00e1vel, a redu\u00e7\u00e3o observada na produ\u00e7\u00e3o se deve ao plantio de uma \u00e1rea 8,5% inferior.<\/p>\n\n\n\n<p>Dentre os produtos de inverno, a semeadura das culturas foi praticamente finalizada em julho, informa a estatal. <\/p>\n\n\n\n<p>Principal cultura cultivada, o trigo registra um crescimento na \u00e1rea plantada de 11,2%, chegando a 3,4 milh\u00f5es de hectares. Com isso, a produ\u00e7\u00e3o est\u00e1 estimada em 10,4 milh\u00f5es de toneladas, volume semelhante ao obtido na <strong>safra<\/strong> anterior.<\/p>\n\n\n\n<p>Com Estad\u00e3o Conte\u00fado<\/p>\n\n\n\n\n\t\t<div class=\"wp-shortcode-web-stories-embed web-stories-embed aligncenter\">\n\t\t\t<div class=\"wp-block-embed__wrapper\" style=\"--aspect-ratio: 1.666667; --width: 600px; --height: 360px\">\n\t\t\t\t<amp-story-player>\n\t\t\t\t\t<a href=\"https:\/\/www.suno.com.br\/noticias\/web-stories\/vinhos-mais-caros-do-mundo-ranking-evm\/\">\n\t\t\t\t\t\tWeb Story\t\t\t\t\t<\/a>\n\t\t\t\t<\/amp-story-player>\n\t\t\t<\/div>\n\t\t<\/div>\n\t\t\n\n\n\t<p>\n\t\t<a href=\"https:\/\/lp.suno.com.br\/planilha-da-vida-financeira\/\" target=\"_blank\" data-element=\"shortcode-suno-banner\" title=\"Banner SUNO, clique e saiba mais\">\n\t\t\t<picture>\n\t\t\t\t<source media=\"(max-width: 500px)\" srcset=\"https:\/\/files.sunoresearch.com.br\/n\/uploads\/2023\/04\/400x300-Planilha-vida-financeira-true.png\">\n\t\t\t\t<img class=\"newsContent__article__imgCapa newsContent__article__imgCapa--banner\"\n\t\t\t\t\tsrc=\"https:\/\/files.sunoresearch.com.br\/n\/uploads\/2023\/04\/1420x240-Planilha-vida-financeira-true.png\"\n\t\t\t\t\tdata-promo-id=\"383123\"\t\t\t\t\t\t\t\t\t\twidth='1420' height='240'\t\t\t\t\talt=\"https:\/\/files.sunoresearch.com.br\/n\/uploads\/2023\/04\/1420x240-Planilha-vida-financeira-true.png\"\n\t\t\t\t>\n\t\t\t<\/picture>\n\t\t<\/a>\n\t<\/p>\n\n\n","protected":false},"excerpt":{"rendered":"<p>Em uma safra recorde, o Brasil teve ter uma produ\u00e7\u00e3o de gr\u00e3os entre 2022 e 2023 de 320,06 milh\u00f5es de toneladas, um incremento de 17,4% em compara\u00e7\u00e3o com o ciclo anterior. Os dados constam do 11\u00ba Levantamento da Safra de Gr\u00e3os da Companhia Nacional de Abastecimento (Conab), divulgado nesta quinta (10). Conab prev\u00ea recorde de [&hellip;]<\/p>\n","protected":false},"author":73,"featured_media":235458,"comment_status":"closed","ping_status":"closed","sticky":false,"template":"","format":"standard","meta":[],"categories":[62],"tags":[],"suno_strategy":[],"class_list":["post-440852","post","type-post","status-publish","format-standard","has-post-thumbnail","hentry","category-economia"],"yoast_head":"<!-- This site is optimized with the Yoast SEO plugin v24.4 - https:\/\/yoast.com\/wordpress\/plugins\/seo\/ -->\n<title>Brasil ter\u00e1 safra recorde de 320,06 milh\u00f5es de toneladas, diz Conab<\/title>\n<meta name=\"robots\" content=\"index, follow, max-snippet:-1, max-image-preview:large, max-video-preview:-1\" \/>\n<link rel=\"canonical\" href=\"https:\/\/www.suno.com.br\/noticias\/brasil-safra-recorde-milhoes-de-toneladas-conab-evm\/\" \/>\n<meta property=\"og:locale\" content=\"pt_BR\" \/>\n<meta property=\"og:type\" content=\"article\" \/>\n<meta property=\"og:title\" content=\"Brasil ter\u00e1 safra recorde de 320,06 milh\u00f5es de toneladas, diz Conab\" \/>\n<meta property=\"og:description\" content=\"Em uma safra recorde, o Brasil teve ter uma produ\u00e7\u00e3o de gr\u00e3os entre 2022 e 2023 de 320,06 milh\u00f5es de toneladas, um incremento de 17,4% em compara\u00e7\u00e3o com o ciclo anterior. Os dados constam do 11\u00ba Levantamento da Safra de Gr\u00e3os da Companhia Nacional de Abastecimento (Conab), divulgado nesta quinta (10). Conab prev\u00ea recorde de [&hellip;]\" \/>\n<meta property=\"og:url\" content=\"https:\/\/www.suno.com.br\/noticias\/brasil-safra-recorde-milhoes-de-toneladas-conab-evm\/\" \/>\n<meta property=\"og:site_name\" content=\"Suno Not\u00edcias\" \/>\n<meta property=\"article:publisher\" content=\"https:\/\/facebook.com\/sunoresearch\" \/>\n<meta property=\"og:image\" content=\"https:\/\/files.sunoresearch.com.br\/n\/uploads\/2022\/02\/pexels-todd-trapani-1382102-scaled.jpg\" \/>\n\t<meta property=\"og:image:width\" content=\"2560\" \/>\n\t<meta property=\"og:image:height\" content=\"1707\" \/>\n\t<meta property=\"og:image:type\" content=\"image\/jpeg\" \/>\n<meta name=\"author\" content=\"Eduardo Vargas\" \/>\n<meta name=\"twitter:card\" content=\"summary_large_image\" \/>\n<meta name=\"twitter:creator\" content=\"@sunoresearch\" \/>\n<meta name=\"twitter:site\" content=\"@sunoresearch\" \/>\n<meta name=\"twitter:label1\" content=\"Escrito por\" \/>\n\t<meta name=\"twitter:data1\" content=\"Eduardo Vargas\" \/>\n\t<meta name=\"twitter:label2\" content=\"Est. tempo de leitura\" \/>\n\t<meta name=\"twitter:data2\" content=\"3 minutos\" \/>\n<script type=\"application\/ld+json\" class=\"yoast-schema-graph\">{\"@context\":\"https:\/\/schema.org\",\"@graph\":[{\"@type\":\"NewsArticle\",\"@id\":\"https:\/\/www.suno.com.br\/noticias\/brasil-safra-recorde-milhoes-de-toneladas-conab-evm\/#article\",\"isPartOf\":{\"@id\":\"https:\/\/www.suno.com.br\/noticias\/brasil-safra-recorde-milhoes-de-toneladas-conab-evm\/\"},\"author\":{\"name\":\"Eduardo Vargas\",\"@id\":\"https:\/\/www.suno.com.br\/noticias\/#\/schema\/person\/7f4d362bf3518e76090143ae77bb49a5\"},\"headline\":\"Brasil ter\u00e1 safra recorde de 320,06 milh\u00f5es de toneladas, diz Conab\",\"datePublished\":\"2023-08-10T16:26:57+00:00\",\"mainEntityOfPage\":{\"@id\":\"https:\/\/www.suno.com.br\/noticias\/brasil-safra-recorde-milhoes-de-toneladas-conab-evm\/\"},\"wordCount\":585,\"publisher\":{\"@id\":\"https:\/\/www.suno.com.br\/noticias\/#organization\"},\"image\":{\"@id\":\"https:\/\/www.suno.com.br\/noticias\/brasil-safra-recorde-milhoes-de-toneladas-conab-evm\/#primaryimage\"},\"thumbnailUrl\":\"https:\/\/files.sunoresearch.com.br\/n\/uploads\/2022\/02\/pexels-todd-trapani-1382102-scaled.jpg\",\"articleSection\":[\"Economia\"],\"inLanguage\":\"pt-BR\"},{\"@type\":\"WebPage\",\"@id\":\"https:\/\/www.suno.com.br\/noticias\/brasil-safra-recorde-milhoes-de-toneladas-conab-evm\/\",\"url\":\"https:\/\/www.suno.com.br\/noticias\/brasil-safra-recorde-milhoes-de-toneladas-conab-evm\/\",\"name\":\"Brasil ter\u00e1 safra recorde de 320,06 milh\u00f5es de toneladas, diz Conab\",\"isPartOf\":{\"@id\":\"https:\/\/www.suno.com.br\/noticias\/#website\"},\"primaryImageOfPage\":{\"@id\":\"https:\/\/www.suno.com.br\/noticias\/brasil-safra-recorde-milhoes-de-toneladas-conab-evm\/#primaryimage\"},\"image\":{\"@id\":\"https:\/\/www.suno.com.br\/noticias\/brasil-safra-recorde-milhoes-de-toneladas-conab-evm\/#primaryimage\"},\"thumbnailUrl\":\"https:\/\/files.sunoresearch.com.br\/n\/uploads\/2022\/02\/pexels-todd-trapani-1382102-scaled.jpg\",\"datePublished\":\"2023-08-10T16:26:57+00:00\",\"breadcrumb\":{\"@id\":\"https:\/\/www.suno.com.br\/noticias\/brasil-safra-recorde-milhoes-de-toneladas-conab-evm\/#breadcrumb\"},\"inLanguage\":\"pt-BR\",\"potentialAction\":[{\"@type\":\"ReadAction\",\"target\":[\"https:\/\/www.suno.com.br\/noticias\/brasil-safra-recorde-milhoes-de-toneladas-conab-evm\/\"]}]},{\"@type\":\"ImageObject\",\"inLanguage\":\"pt-BR\",\"@id\":\"https:\/\/www.suno.com.br\/noticias\/brasil-safra-recorde-milhoes-de-toneladas-conab-evm\/#primaryimage\",\"url\":\"https:\/\/files.sunoresearch.com.br\/n\/uploads\/2022\/02\/pexels-todd-trapani-1382102-scaled.jpg\",\"contentUrl\":\"https:\/\/files.sunoresearch.com.br\/n\/uploads\/2022\/02\/pexels-todd-trapani-1382102-scaled.jpg\",\"width\":2560,\"height\":1707,\"caption\":\"Conab prev\u00ea recorde de gr\u00e3os. Foto: Pexels.\"},{\"@type\":\"BreadcrumbList\",\"@id\":\"https:\/\/www.suno.com.br\/noticias\/brasil-safra-recorde-milhoes-de-toneladas-conab-evm\/#breadcrumb\",\"itemListElement\":[{\"@type\":\"ListItem\",\"position\":1,\"name\":\"Not\u00edcias\",\"item\":\"https:\/\/www.suno.com.br\/noticias\/\"},{\"@type\":\"ListItem\",\"position\":2,\"name\":\"Economia\",\"item\":\"https:\/\/www.suno.com.br\/noticias\/economia\/\"},{\"@type\":\"ListItem\",\"position\":3,\"name\":\"Brasil ter\u00e1 safra recorde de 320,06 milh\u00f5es de toneladas, diz Conab\"}]},{\"@type\":\"WebSite\",\"@id\":\"https:\/\/www.suno.com.br\/noticias\/#website\",\"url\":\"https:\/\/www.suno.com.br\/noticias\/\",\"name\":\"Suno Not\u00edcias\",\"description\":\"Seu portal de informa\u00e7\u00e3o sobre o mundo dos investimentos\",\"publisher\":{\"@id\":\"https:\/\/www.suno.com.br\/noticias\/#organization\"},\"potentialAction\":[{\"@type\":\"SearchAction\",\"target\":{\"@type\":\"EntryPoint\",\"urlTemplate\":\"https:\/\/www.suno.com.br\/noticias\/?s={search_term_string}\"},\"query-input\":{\"@type\":\"PropertyValueSpecification\",\"valueRequired\":true,\"valueName\":\"search_term_string\"}}],\"inLanguage\":\"pt-BR\"},{\"@type\":\"Organization\",\"@id\":\"https:\/\/www.suno.com.br\/noticias\/#organization\",\"name\":\"Suno Not\u00edcias\",\"url\":\"https:\/\/www.suno.com.br\/noticias\/\",\"logo\":{\"@type\":\"ImageObject\",\"inLanguage\":\"pt-BR\",\"@id\":\"https:\/\/www.suno.com.br\/noticias\/#\/schema\/logo\/image\/\",\"url\":\"https:\/\/files.sunoresearch.com.br\/n\/uploads\/2021\/09\/suno-logo.png\",\"contentUrl\":\"https:\/\/files.sunoresearch.com.br\/n\/uploads\/2021\/09\/suno-logo.png\",\"width\":180,\"height\":180,\"caption\":\"Suno Not\u00edcias\"},\"image\":{\"@id\":\"https:\/\/www.suno.com.br\/noticias\/#\/schema\/logo\/image\/\"},\"sameAs\":[\"https:\/\/facebook.com\/sunoresearch\",\"https:\/\/x.com\/sunoresearch\",\"https:\/\/www.instagram.com\/suno\",\"https:\/\/www.linkedin.com\/company\/suno-research\/\",\"https:\/\/www.youtube.com\/c\/sunoresearch\"]},{\"@type\":\"Person\",\"@id\":\"https:\/\/www.suno.com.br\/noticias\/#\/schema\/person\/7f4d362bf3518e76090143ae77bb49a5\",\"name\":\"Eduardo Vargas\",\"image\":{\"@type\":\"ImageObject\",\"inLanguage\":\"pt-BR\",\"@id\":\"https:\/\/www.suno.com.br\/noticias\/#\/schema\/person\/image\/\",\"url\":\"https:\/\/secure.gravatar.com\/avatar\/dac340933427a22924c9f99d1eb2e3f2?s=96&r=g\",\"contentUrl\":\"https:\/\/secure.gravatar.com\/avatar\/dac340933427a22924c9f99d1eb2e3f2?s=96&r=g\",\"caption\":\"Eduardo Vargas\"},\"description\":\"Jornalista formado pela UFSC, cobre macroeconomia, neg\u00f3cios e startups para o Suno Not\u00edcias, escrevendo principalmente not\u00edcias sobre o mercado financeiro e a bolsa de valores. No YouTube e no Instagram, \u00e9 respons\u00e1vel pela produ\u00e7\u00e3o de Reels e Shorts do Suno Not\u00edcias. Anteriormente, trabalhou cobrindo economia e cotidiano no ND+ e para o ND, maior jornal impresso de Santa Catarina. Cursou um semestre letivo de Estudos de M\u00eddia na Universidad de Buenos Aires.\",\"url\":\"https:\/\/www.suno.com.br\/noticias\/author\/eduardo-vargas\/\"}]}<\/script>\n<!-- \/ Yoast SEO plugin. -->","yoast_head_json":{"title":"Brasil ter\u00e1 safra recorde de 320,06 milh\u00f5es de toneladas, diz Conab","robots":{"index":"index","follow":"follow","max-snippet":"max-snippet:-1","max-image-preview":"max-image-preview:large","max-video-preview":"max-video-preview:-1"},"canonical":"https:\/\/www.suno.com.br\/noticias\/brasil-safra-recorde-milhoes-de-toneladas-conab-evm\/","og_locale":"pt_BR","og_type":"article","og_title":"Brasil ter\u00e1 safra recorde de 320,06 milh\u00f5es de toneladas, diz Conab","og_description":"Em uma safra recorde, o Brasil teve ter uma produ\u00e7\u00e3o de gr\u00e3os entre 2022 e 2023 de 320,06 milh\u00f5es de toneladas, um incremento de 17,4% em compara\u00e7\u00e3o com o ciclo anterior. Os dados constam do 11\u00ba Levantamento da Safra de Gr\u00e3os da Companhia Nacional de Abastecimento (Conab), divulgado nesta quinta (10). Conab prev\u00ea recorde de [&hellip;]","og_url":"https:\/\/www.suno.com.br\/noticias\/brasil-safra-recorde-milhoes-de-toneladas-conab-evm\/","og_site_name":"Suno Not\u00edcias","article_publisher":"https:\/\/facebook.com\/sunoresearch","og_image":[{"width":2560,"height":1707,"url":"https:\/\/files.sunoresearch.com.br\/n\/uploads\/2022\/02\/pexels-todd-trapani-1382102-scaled.jpg","type":"image\/jpeg"}],"author":"Eduardo Vargas","twitter_card":"summary_large_image","twitter_creator":"@sunoresearch","twitter_site":"@sunoresearch","twitter_misc":{"Escrito por":"Eduardo Vargas","Est. tempo de leitura":"3 minutos"},"schema":{"@context":"https:\/\/schema.org","@graph":[{"@type":"NewsArticle","@id":"https:\/\/www.suno.com.br\/noticias\/brasil-safra-recorde-milhoes-de-toneladas-conab-evm\/#article","isPartOf":{"@id":"https:\/\/www.suno.com.br\/noticias\/brasil-safra-recorde-milhoes-de-toneladas-conab-evm\/"},"author":{"name":"Eduardo Vargas","@id":"https:\/\/www.suno.com.br\/noticias\/#\/schema\/person\/7f4d362bf3518e76090143ae77bb49a5"},"headline":"Brasil ter\u00e1 safra recorde de 320,06 milh\u00f5es de toneladas, diz Conab","datePublished":"2023-08-10T16:26:57+00:00","mainEntityOfPage":{"@id":"https:\/\/www.suno.com.br\/noticias\/brasil-safra-recorde-milhoes-de-toneladas-conab-evm\/"},"wordCount":585,"publisher":{"@id":"https:\/\/www.suno.com.br\/noticias\/#organization"},"image":{"@id":"https:\/\/www.suno.com.br\/noticias\/brasil-safra-recorde-milhoes-de-toneladas-conab-evm\/#primaryimage"},"thumbnailUrl":"https:\/\/files.sunoresearch.com.br\/n\/uploads\/2022\/02\/pexels-todd-trapani-1382102-scaled.jpg","articleSection":["Economia"],"inLanguage":"pt-BR"},{"@type":"WebPage","@id":"https:\/\/www.suno.com.br\/noticias\/brasil-safra-recorde-milhoes-de-toneladas-conab-evm\/","url":"https:\/\/www.suno.com.br\/noticias\/brasil-safra-recorde-milhoes-de-toneladas-conab-evm\/","name":"Brasil ter\u00e1 safra recorde de 320,06 milh\u00f5es de toneladas, diz Conab","isPartOf":{"@id":"https:\/\/www.suno.com.br\/noticias\/#website"},"primaryImageOfPage":{"@id":"https:\/\/www.suno.com.br\/noticias\/brasil-safra-recorde-milhoes-de-toneladas-conab-evm\/#primaryimage"},"image":{"@id":"https:\/\/www.suno.com.br\/noticias\/brasil-safra-recorde-milhoes-de-toneladas-conab-evm\/#primaryimage"},"thumbnailUrl":"https:\/\/files.sunoresearch.com.br\/n\/uploads\/2022\/02\/pexels-todd-trapani-1382102-scaled.jpg","datePublished":"2023-08-10T16:26:57+00:00","breadcrumb":{"@id":"https:\/\/www.suno.com.br\/noticias\/brasil-safra-recorde-milhoes-de-toneladas-conab-evm\/#breadcrumb"},"inLanguage":"pt-BR","potentialAction":[{"@type":"ReadAction","target":["https:\/\/www.suno.com.br\/noticias\/brasil-safra-recorde-milhoes-de-toneladas-conab-evm\/"]}]},{"@type":"ImageObject","inLanguage":"pt-BR","@id":"https:\/\/www.suno.com.br\/noticias\/brasil-safra-recorde-milhoes-de-toneladas-conab-evm\/#primaryimage","url":"https:\/\/files.sunoresearch.com.br\/n\/uploads\/2022\/02\/pexels-todd-trapani-1382102-scaled.jpg","contentUrl":"https:\/\/files.sunoresearch.com.br\/n\/uploads\/2022\/02\/pexels-todd-trapani-1382102-scaled.jpg","width":2560,"height":1707,"caption":"Conab prev\u00ea recorde de gr\u00e3os. Foto: Pexels."},{"@type":"BreadcrumbList","@id":"https:\/\/www.suno.com.br\/noticias\/brasil-safra-recorde-milhoes-de-toneladas-conab-evm\/#breadcrumb","itemListElement":[{"@type":"ListItem","position":1,"name":"Not\u00edcias","item":"https:\/\/www.suno.com.br\/noticias\/"},{"@type":"ListItem","position":2,"name":"Economia","item":"https:\/\/www.suno.com.br\/noticias\/economia\/"},{"@type":"ListItem","position":3,"name":"Brasil ter\u00e1 safra recorde de 320,06 milh\u00f5es de toneladas, diz Conab"}]},{"@type":"WebSite","@id":"https:\/\/www.suno.com.br\/noticias\/#website","url":"https:\/\/www.suno.com.br\/noticias\/","name":"Suno Not\u00edcias","description":"Seu portal de informa\u00e7\u00e3o sobre o mundo dos investimentos","publisher":{"@id":"https:\/\/www.suno.com.br\/noticias\/#organization"},"potentialAction":[{"@type":"SearchAction","target":{"@type":"EntryPoint","urlTemplate":"https:\/\/www.suno.com.br\/noticias\/?s={search_term_string}"},"query-input":{"@type":"PropertyValueSpecification","valueRequired":true,"valueName":"search_term_string"}}],"inLanguage":"pt-BR"},{"@type":"Organization","@id":"https:\/\/www.suno.com.br\/noticias\/#organization","name":"Suno Not\u00edcias","url":"https:\/\/www.suno.com.br\/noticias\/","logo":{"@type":"ImageObject","inLanguage":"pt-BR","@id":"https:\/\/www.suno.com.br\/noticias\/#\/schema\/logo\/image\/","url":"https:\/\/files.sunoresearch.com.br\/n\/uploads\/2021\/09\/suno-logo.png","contentUrl":"https:\/\/files.sunoresearch.com.br\/n\/uploads\/2021\/09\/suno-logo.png","width":180,"height":180,"caption":"Suno Not\u00edcias"},"image":{"@id":"https:\/\/www.suno.com.br\/noticias\/#\/schema\/logo\/image\/"},"sameAs":["https:\/\/facebook.com\/sunoresearch","https:\/\/x.com\/sunoresearch","https:\/\/www.instagram.com\/suno","https:\/\/www.linkedin.com\/company\/suno-research\/","https:\/\/www.youtube.com\/c\/sunoresearch"]},{"@type":"Person","@id":"https:\/\/www.suno.com.br\/noticias\/#\/schema\/person\/7f4d362bf3518e76090143ae77bb49a5","name":"Eduardo Vargas","image":{"@type":"ImageObject","inLanguage":"pt-BR","@id":"https:\/\/www.suno.com.br\/noticias\/#\/schema\/person\/image\/","url":"https:\/\/secure.gravatar.com\/avatar\/dac340933427a22924c9f99d1eb2e3f2?s=96&r=g","contentUrl":"https:\/\/secure.gravatar.com\/avatar\/dac340933427a22924c9f99d1eb2e3f2?s=96&r=g","caption":"Eduardo Vargas"},"description":"Jornalista formado pela UFSC, cobre macroeconomia, neg\u00f3cios e startups para o Suno Not\u00edcias, escrevendo principalmente not\u00edcias sobre o mercado financeiro e a bolsa de valores. No YouTube e no Instagram, \u00e9 respons\u00e1vel pela produ\u00e7\u00e3o de Reels e Shorts do Suno Not\u00edcias. Anteriormente, trabalhou cobrindo economia e cotidiano no ND+ e para o ND, maior jornal impresso de Santa Catarina. Cursou um semestre letivo de Estudos de M\u00eddia na Universidad de Buenos Aires.","url":"https:\/\/www.suno.com.br\/noticias\/author\/eduardo-vargas\/"}]}},"default_loop_html":"<div class=\"cardsPage__listCard__boxs\"><div class=\"cardsPage__listCard__boxs__img\"><a href=\"https:\/\/www.suno.com.br\/noticias\/brasil-safra-recorde-milhoes-de-toneladas-conab-evm\/\"><img class=\"mask\" src=\"https:\/\/www.suno.com.br\/noticias\/wp-content\/themes\/suno\/resources\/images\/spotlight\/spotlight1img\/bg-mask.png\" alt=\"Image Mask\"\/><img src=\"https:\/\/files.sunoresearch.com.br\/n\/uploads\/2022\/02\/pexels-todd-trapani-1382102-400x200.jpg\" alt=\"Brasil ter\u00e1 safra recorde de 320,06 milh\u00f5es de toneladas, diz Conab\"\/><\/a><span class=\"spotlightCategory\"><a href=\"https:\/\/www.suno.com.br\/noticias\/economia\/\">Economia<\/a><\/span><\/div><div class=\"cardsPage__listCard__boxs__content\"><a href=\"https:\/\/www.suno.com.br\/noticias\/brasil-safra-recorde-milhoes-de-toneladas-conab-evm\/\"><h2 class=\"content__title\">Brasil ter\u00e1 safra recorde de 320,06 milh\u00f5es de toneladas, diz Conab<\/h2><\/a><div class=\"newsContent__article__meta\"><div class=\"newsContent__article__meta__authorBox\"><a href=\"https:\/\/www.suno.com.br\/noticias\/author\/eduardo-vargas\/\" class=\"authorBox__avatar noMobi\"><img src=\"https:\/\/secure.gravatar.com\/avatar\/dac340933427a22924c9f99d1eb2e3f2?s=96&#038;r=g\" alt=\"Eduardo Vargas\"><\/a><div class=\"authorBox__name\"><span>por\n\t\t\t<a href=\"https:\/\/www.suno.com.br\/noticias\/author\/eduardo-vargas\/\"><span itemprop=\"author\">Eduardo Vargas<\/span><\/a><\/span><time datetime=\"2023-08-10T13:26:57-03:00\" itemprop=\"datePublished\">10\/08\/2023 13:26<\/time><\/div><\/div><\/div><\/div><\/div>","single_layout":"posts","amp_enabled":true,"_links":{"self":[{"href":"https:\/\/www.suno.com.br\/noticias\/wp-json\/wp\/v2\/posts\/440852"}],"collection":[{"href":"https:\/\/www.suno.com.br\/noticias\/wp-json\/wp\/v2\/posts"}],"about":[{"href":"https:\/\/www.suno.com.br\/noticias\/wp-json\/wp\/v2\/types\/post"}],"author":[{"embeddable":true,"href":"https:\/\/www.suno.com.br\/noticias\/wp-json\/wp\/v2\/users\/73"}],"replies":[{"embeddable":true,"href":"https:\/\/www.suno.com.br\/noticias\/wp-json\/wp\/v2\/comments?post=440852"}],"version-history":[{"count":2,"href":"https:\/\/www.suno.com.br\/noticias\/wp-json\/wp\/v2\/posts\/440852\/revisions"}],"predecessor-version":[{"id":441006,"href":"https:\/\/www.suno.com.br\/noticias\/wp-json\/wp\/v2\/posts\/440852\/revisions\/441006"}],"wp:featuredmedia":[{"embeddable":true,"href":"https:\/\/www.suno.com.br\/noticias\/wp-json\/wp\/v2\/media\/235458"}],"wp:attachment":[{"href":"https:\/\/www.suno.com.br\/noticias\/wp-json\/wp\/v2\/media?parent=440852"}],"wp:term":[{"taxonomy":"category","embeddable":true,"href":"https:\/\/www.suno.com.br\/noticias\/wp-json\/wp\/v2\/categories?post=440852"},{"taxonomy":"post_tag","embeddable":true,"href":"https:\/\/www.suno.com.br\/noticias\/wp-json\/wp\/v2\/tags?post=440852"},{"taxonomy":"suno_strategy","embeddable":true,"href":"https:\/\/www.suno.com.br\/noticias\/wp-json\/wp\/v2\/suno_strategy?post=440852"}],"curies":[{"name":"wp","href":"https:\/\/api.w.org\/{rel}","templated":true}]}}