{"id":44085,"date":"2019-11-07T18:47:00","date_gmt":"2019-11-07T20:47:00","guid":{"rendered":"https:\/\/www.suno.com.br\/noticias\/?p=44085"},"modified":"2019-11-07T18:47:00","modified_gmt":"2019-11-07T20:47:00","slug":"dolar-alta-acordo-guerra-comercial","status":"publish","type":"post","link":"https:\/\/www.suno.com.br\/noticias\/dolar-alta-acordo-guerra-comercial\/","title":{"rendered":"D\u00f3lar fecha em alta ap\u00f3s acordo provis\u00f3rio na guerra comercial"},"content":{"rendered":"<p>O <a href=\"https:\/\/www.suno.com.br\/artigos\/investir-em-dolar\/\">d\u00f3lar<\/a> encerrou, nesta quinta-feira (7), em alta de +0,287% sendo vendido a R$ 4,0935.<\/p>\t<div class=\"wrapper-featured-image\">\n\t\t<figure class=\"spotlightImg\">\n\n\t\t\t<picture>\n\t\t\t\t<source media=\"(max-width: 768px)\" srcset=\"https:\/\/files.sunoresearch.com.br\/n\/uploads\/2019\/04\/0c912b7d-d\u00f3lar-400x200.webp\">\n\t\t\t\t<img loading=\"lazy\" decoding=\"async\" class=\"newsContent__article__imgCapa lazyloadDisabled newsContent__article__imgCapa--noCaption\" src=\"https:\/\/files.sunoresearch.com.br\/n\/uploads\/2019\/04\/0c912b7d-d\u00f3lar-jpg.webp\" width=\"800\" height=\"450\" alt=\"D\u00f3lar fecha em alta ap\u00f3s acordo provis\u00f3rio na guerra comercial\" fetchpriority=high \/>\n\t\t\t<\/picture>\n\n\t\t\t<figcaption class=\"wp-caption-text wp-caption-text--hide\">D\u00f3lar fecha em alta de 0,374% a R$ 5,32 com incertezas sobre covid-19<\/figcaption>\n\t\t<\/figure>\n\t<\/div>\n\n\n\n<p>O <strong>d\u00f3lar <\/strong>subiu devido a v\u00e1rios fatores. O principal deles, o <strong>Minist\u00e9rio do<\/strong>\u00a0<strong>Com\u00e9rcio<\/strong> da <strong>China<\/strong> comunicou que o pa\u00eds asi\u00e1tico e os <strong>EUA<\/strong> concordaram em cancelar em fases as tarifas adotadas durante sua <strong>guerra<\/strong> <strong>comercial<\/strong>.<\/p>\n<p>Al\u00e9m disso, contribu\u00edram para o resultado desta <strong>quinta<\/strong> do <strong>d\u00f3lar<\/strong>:<\/p>\n<ul>\n<li><strong>Petrobras<\/strong> protagoniza novo <strong>leil\u00e3o<\/strong> do <strong>pr\u00e9-sal<\/strong> realizado nesta quinta;<\/li>\n<li><strong>Petrobras<\/strong> diz que desenvolver\u00e1 <strong>B\u00fazios<\/strong> e <strong>Itapu<\/strong> sem comprometer capital.<\/li>\n<\/ul>\n<h2>Guerra comercial<\/h2>\n<p>O <strong>Minist\u00e9rio do<\/strong>\u00a0<strong>Com\u00e9rcio<\/strong> da <strong>China<\/strong> comunicou, nesta quinta-feira (7), que o pa\u00eds asi\u00e1tico e os <strong>EUA<\/strong> concordaram em cancelar em fases as tarifas adotadas durante sua guerra comercial. Apesar do comunicado, o Minist\u00e9rio n\u00e3o especificou um cronograma.<\/p>\n<p><a href=\"https:\/\/www.suno.com.br\/noticias\/guerra-comercial-china-eua-acordo\/\">Saiba mais: Guerra comercial: China e EUA concordam em acordo pr\u00f3vis\u00f3rio<\/a><\/p>\n<p>O planejamento \u00e9 de que um acordo provis\u00f3rio sobre a <strong>guerra comercial<\/strong> entre <strong>EUA<\/strong> e <strong>China<\/strong> possa incluir uma promessa dos norte-americanos de retirar as tarifas que devem entrar em vigor em 15 de dezembro em cerca de US$ 156 bilh\u00f5es em importa\u00e7\u00f5es chinesas, que incluem :<\/p>\n<ul>\n<li><strong>celulares;<\/strong><\/li>\n<li><strong>laptops;<\/strong><\/li>\n<li><strong>brinquedos.<\/strong><\/li>\n<\/ul>\n<p>De acordo com o <strong>porta-voz<\/strong> do minist\u00e9rio chin\u00eas, <strong>Gao<\/strong> <strong>Feng<\/strong>, o cancelamento das tarifas era uma condi\u00e7\u00e3o importante para qualquer acordo. Al\u00e9m disso, Gao afirmou que ambos deveriam cancelar simultaneamente algumas tarifas para que se alcance a &#8220;fase um&#8221; de um acordo comercial.<\/p>\n<h2>Leil\u00e3o do pr\u00e9-sal<\/h2>\n<p>Ap\u00f3s o leil\u00e3o da \u00faltima quarta (6), em que apenas a Petrobras fez arremates, a <strong>Ag\u00eancia Nacional do Petr\u00f3leo, G\u00e1s Natural e Biocombust\u00edveis (ANP)<\/strong> realizou uma nova licita\u00e7\u00e3o de blocos do pr\u00e9-sal na <strong>Bacia de Santos<\/strong>. Cinco \u00e1reas foram ofertadas, por\u00e9m apenas uma foi vendida. Mais uma vez a Petrobras foi a respons\u00e1vel pelo arremate. O bloco adquirido foi o de Aram. O neg\u00f3cio foi feito junto a chinesa CNODC, com lance \u00fanico. O Governo Federal esperava arrecadar R$ 7,85 bilh\u00f5es, entretanto apenas R$ 5,05 bilh\u00f5es foram arrecadados no leil\u00e3o desta quinta.<\/p>\n<p><a href=\"https:\/\/www.suno.com.br\/noticias\/petrobras-leilao-pre-sal-quinta\/\">Saiba mais: Petrobras protagoniza novo leil\u00e3o do pr\u00e9-sal realizado nesta quinta<\/a><\/p>\n<p>O ministro de Minas e Energia, Bento Albuquerque, afirmou que &#8220;as \u00e1reas que n\u00e3o foram arrematadas continuam a\u00ed, eu acredito que em um futuro, que n\u00f3s esperamos que seja pr\u00f3ximo, essas \u00e1reas voltem a ser licitadas&#8221;. Membros do governo anunciaram que ir\u00e3o afrouxar as regras dos leil\u00f5es para poder atrair as empresas estrangeiras para que n\u00e3o ocorra leil\u00f5es sem concorr\u00eancia, como os que aconteceram recentemente, em que apenas a <strong>Petrobras<\/strong> se destacou. Exemplos de empresas que o governo busca atrair s\u00e3o:<\/p>\n<ul>\n<li><strong>ExxonMobil<\/strong><\/li>\n<li><strong>Shell<\/strong><\/li>\n<li><strong> BP <\/strong><\/li>\n<li><strong>Chevron<\/strong><\/li>\n<\/ul>\n<p>&#8220;N\u00f3s inclusive j\u00e1 apresentamos ao <strong>Congresso<\/strong> <strong>Nacional<\/strong> algumas informa\u00e7\u00f5es de que \u00e9 o nosso entendimento de que a gente pode melhorar esse regime de explora\u00e7\u00e3o do petr\u00f3leo no <strong>Brasil<\/strong>&#8220;, disse <strong>Albuquerque<\/strong>.<\/p>\n<h2>Petrobras<\/h2>\n<p>O presidente da Petrobras <strong>(PETR4)<\/strong>, <strong>Roberto Castello Branco<\/strong>, afirmou nesta quinta que a empresa possui condi\u00e7\u00f5es para pagar R$ 62 bilh\u00f5es do b\u00f4nus de assinatura do leil\u00e3o da cess\u00e3o onerosa e desenvolver os campos de <strong>B\u00fazios<\/strong> e <strong>Itapu<\/strong> &#8220;sem comprometer sua disciplina de capital a curto e longo prazo&#8221;. Al\u00e9m disso, o executivo afirmou que a companhia ir\u00e1 usar sobra de caixa e o cr\u00e9dito de R$ 34,1 bilh\u00f5es, que tem para receber do governo, para pagar os blocos no dia 27 de dezembro.<\/p>\n<p><a href=\"https:\/\/www.suno.com.br\/noticias\/petrobras-buzios-itapu-capital-castello-branco\/\">Saiba mais: Petrobras diz que desenvolver\u00e1 B\u00fazios e Itapu sem comprometer capital<\/a><\/p>\n<p>A <strong>Petrobras<\/strong> protagonizou os leil\u00f5es de <strong>petr\u00f3leo<\/strong> realizados em dois dias dessa semana. A empresa arrematou dois blocos no leil\u00e3o da \u00faltima quarta-feira (7), al\u00e9m de um nesta quinta. Nos dois dias, a presen\u00e7a de empresas estrangeiras foi menor do que o esperado.<\/p>\n<p>Entretanto, o presidente da petroleira brasileira afirmou que, na \u00faltima semana, a diretora financeira da estatal, <strong>Andrea<\/strong> <strong>Almeida<\/strong>, j\u00e1 havia autorizado a empresa a seguir sozinha no leil\u00e3o da cess\u00e3o onerosa. &#8220;N\u00f3s n\u00e3o desistimos de nenhum parceiro, eles que desistiram de n\u00f3s&#8221;, disse <strong>Castello<\/strong> <strong>Branco<\/strong>.<\/p>\n<h2>\u00daltima cota\u00e7\u00e3o do d\u00f3lar<\/h2>\n<p>Na \u00faltima sess\u00e3o, quarta-feira (6), o <strong>d\u00f3la<\/strong>r encerrou o preg\u00e3o em alta de 2,219%, vendido a R$ 4,0818.<\/p>\n","protected":false},"excerpt":{"rendered":"<p>O d\u00f3lar encerrou, nesta quinta-feira (7), em alta de +0,287% sendo vendido a R$ 4,0935. D\u00f3lar fecha em alta de 0,374% a R$ 5,32 com incertezas sobre covid-19 O d\u00f3lar subiu devido a v\u00e1rios fatores. O principal deles, o Minist\u00e9rio do\u00a0Com\u00e9rcio da China comunicou que o pa\u00eds asi\u00e1tico e os EUA concordaram em cancelar em [&hellip;]<\/p>\n","protected":false},"author":23,"featured_media":20712,"comment_status":"closed","ping_status":"closed","sticky":false,"template":"","format":"standard","meta":[],"categories":[60],"tags":[326,980,595],"suno_strategy":[],"class_list":["post-44085","post","type-post","status-publish","format-standard","has-post-thumbnail","hentry","category-mercado","tag-dolar","tag-guerra-comercial","tag-petrobras-petr4"],"yoast_head":"<!-- This site is optimized with the Yoast SEO plugin v24.4 - https:\/\/yoast.com\/wordpress\/plugins\/seo\/ -->\n<title>D\u00f3lar fecha em alta ap\u00f3s acordo provis\u00f3rio na guerra comercial<\/title>\n<meta name=\"description\" content=\"O d\u00f3lar encerrou em alta de +0,287% sendo vendido a R$ 4,0935 ap\u00f3s acordo provis\u00f3rio na guerra comercial. Clique para mais.\" \/>\n<meta name=\"robots\" content=\"index, follow, max-snippet:-1, max-image-preview:large, max-video-preview:-1\" \/>\n<link rel=\"canonical\" href=\"https:\/\/www.suno.com.br\/noticias\/dolar-alta-acordo-guerra-comercial\/\" \/>\n<meta property=\"og:locale\" content=\"pt_BR\" \/>\n<meta property=\"og:type\" content=\"article\" \/>\n<meta property=\"og:title\" content=\"D\u00f3lar fecha em alta ap\u00f3s acordo provis\u00f3rio na guerra comercial\" \/>\n<meta property=\"og:description\" content=\"O d\u00f3lar encerrou em alta de +0,287% sendo vendido a R$ 4,0935 ap\u00f3s acordo provis\u00f3rio na guerra comercial. Clique para mais.\" \/>\n<meta property=\"og:url\" content=\"https:\/\/www.suno.com.br\/noticias\/dolar-alta-acordo-guerra-comercial\/\" \/>\n<meta property=\"og:site_name\" content=\"Suno Not\u00edcias\" \/>\n<meta property=\"article:publisher\" content=\"https:\/\/facebook.com\/sunoresearch\" \/>\n<meta property=\"og:image\" content=\"https:\/\/files.sunoresearch.com.br\/n\/uploads\/2019\/04\/0c912b7d-d\u00f3lar.jpg\" \/>\n\t<meta property=\"og:image:width\" content=\"960\" \/>\n\t<meta property=\"og:image:height\" content=\"376\" \/>\n\t<meta property=\"og:image:type\" content=\"image\/jpeg\" \/>\n<meta name=\"author\" content=\"Rafael Lara\" \/>\n<meta name=\"twitter:card\" content=\"summary_large_image\" \/>\n<meta name=\"twitter:creator\" content=\"@sunoresearch\" \/>\n<meta name=\"twitter:site\" content=\"@sunoresearch\" \/>\n<meta name=\"twitter:label1\" content=\"Escrito por\" \/>\n\t<meta name=\"twitter:data1\" content=\"Rafael Lara\" \/>\n\t<meta name=\"twitter:label2\" content=\"Est. tempo de leitura\" \/>\n\t<meta name=\"twitter:data2\" content=\"4 minutos\" \/>\n<script type=\"application\/ld+json\" class=\"yoast-schema-graph\">{\"@context\":\"https:\/\/schema.org\",\"@graph\":[{\"@type\":\"NewsArticle\",\"@id\":\"https:\/\/www.suno.com.br\/noticias\/dolar-alta-acordo-guerra-comercial\/#article\",\"isPartOf\":{\"@id\":\"https:\/\/www.suno.com.br\/noticias\/dolar-alta-acordo-guerra-comercial\/\"},\"author\":{\"name\":\"Rafael Lara\",\"@id\":\"https:\/\/www.suno.com.br\/noticias\/#\/schema\/person\/098743caeed97b37f51315c9576c4078\"},\"headline\":\"D\u00f3lar fecha em alta ap\u00f3s acordo provis\u00f3rio na guerra comercial\",\"datePublished\":\"2019-11-07T20:47:00+00:00\",\"mainEntityOfPage\":{\"@id\":\"https:\/\/www.suno.com.br\/noticias\/dolar-alta-acordo-guerra-comercial\/\"},\"wordCount\":733,\"publisher\":{\"@id\":\"https:\/\/www.suno.com.br\/noticias\/#organization\"},\"image\":{\"@id\":\"https:\/\/www.suno.com.br\/noticias\/dolar-alta-acordo-guerra-comercial\/#primaryimage\"},\"thumbnailUrl\":\"https:\/\/files.sunoresearch.com.br\/n\/uploads\/2019\/04\/0c912b7d-d\u00f3lar-jpg.webp\",\"keywords\":[\"d\u00f3lar\",\"guerra comercial\",\"Petrobras (PETR4)\"],\"articleSection\":[\"Mercado\"],\"inLanguage\":\"pt-BR\"},{\"@type\":\"WebPage\",\"@id\":\"https:\/\/www.suno.com.br\/noticias\/dolar-alta-acordo-guerra-comercial\/\",\"url\":\"https:\/\/www.suno.com.br\/noticias\/dolar-alta-acordo-guerra-comercial\/\",\"name\":\"D\u00f3lar fecha em alta ap\u00f3s acordo provis\u00f3rio na guerra comercial\",\"isPartOf\":{\"@id\":\"https:\/\/www.suno.com.br\/noticias\/#website\"},\"primaryImageOfPage\":{\"@id\":\"https:\/\/www.suno.com.br\/noticias\/dolar-alta-acordo-guerra-comercial\/#primaryimage\"},\"image\":{\"@id\":\"https:\/\/www.suno.com.br\/noticias\/dolar-alta-acordo-guerra-comercial\/#primaryimage\"},\"thumbnailUrl\":\"https:\/\/files.sunoresearch.com.br\/n\/uploads\/2019\/04\/0c912b7d-d\u00f3lar-jpg.webp\",\"datePublished\":\"2019-11-07T20:47:00+00:00\",\"description\":\"O d\u00f3lar encerrou em alta de +0,287% sendo vendido a R$ 4,0935 ap\u00f3s acordo provis\u00f3rio na guerra comercial. Clique para mais.\",\"breadcrumb\":{\"@id\":\"https:\/\/www.suno.com.br\/noticias\/dolar-alta-acordo-guerra-comercial\/#breadcrumb\"},\"inLanguage\":\"pt-BR\",\"potentialAction\":[{\"@type\":\"ReadAction\",\"target\":[\"https:\/\/www.suno.com.br\/noticias\/dolar-alta-acordo-guerra-comercial\/\"]}]},{\"@type\":\"ImageObject\",\"inLanguage\":\"pt-BR\",\"@id\":\"https:\/\/www.suno.com.br\/noticias\/dolar-alta-acordo-guerra-comercial\/#primaryimage\",\"url\":\"https:\/\/files.sunoresearch.com.br\/n\/uploads\/2019\/04\/0c912b7d-d\u00f3lar-jpg.webp\",\"contentUrl\":\"https:\/\/files.sunoresearch.com.br\/n\/uploads\/2019\/04\/0c912b7d-d\u00f3lar-jpg.webp\",\"width\":960,\"height\":376,\"caption\":\"D\u00f3lar fecha em alta de 0,374% a R$ 5,32 com incertezas sobre covid-19\"},{\"@type\":\"BreadcrumbList\",\"@id\":\"https:\/\/www.suno.com.br\/noticias\/dolar-alta-acordo-guerra-comercial\/#breadcrumb\",\"itemListElement\":[{\"@type\":\"ListItem\",\"position\":1,\"name\":\"Not\u00edcias\",\"item\":\"https:\/\/www.suno.com.br\/noticias\/\"},{\"@type\":\"ListItem\",\"position\":2,\"name\":\"Mercado\",\"item\":\"https:\/\/www.suno.com.br\/noticias\/mercado\/\"},{\"@type\":\"ListItem\",\"position\":3,\"name\":\"D\u00f3lar fecha em alta ap\u00f3s acordo provis\u00f3rio na guerra comercial\"}]},{\"@type\":\"WebSite\",\"@id\":\"https:\/\/www.suno.com.br\/noticias\/#website\",\"url\":\"https:\/\/www.suno.com.br\/noticias\/\",\"name\":\"Suno Not\u00edcias\",\"description\":\"Seu portal de informa\u00e7\u00e3o sobre o mundo dos investimentos\",\"publisher\":{\"@id\":\"https:\/\/www.suno.com.br\/noticias\/#organization\"},\"potentialAction\":[{\"@type\":\"SearchAction\",\"target\":{\"@type\":\"EntryPoint\",\"urlTemplate\":\"https:\/\/www.suno.com.br\/noticias\/?s={search_term_string}\"},\"query-input\":{\"@type\":\"PropertyValueSpecification\",\"valueRequired\":true,\"valueName\":\"search_term_string\"}}],\"inLanguage\":\"pt-BR\"},{\"@type\":\"Organization\",\"@id\":\"https:\/\/www.suno.com.br\/noticias\/#organization\",\"name\":\"Suno Not\u00edcias\",\"url\":\"https:\/\/www.suno.com.br\/noticias\/\",\"logo\":{\"@type\":\"ImageObject\",\"inLanguage\":\"pt-BR\",\"@id\":\"https:\/\/www.suno.com.br\/noticias\/#\/schema\/logo\/image\/\",\"url\":\"https:\/\/files.sunoresearch.com.br\/n\/uploads\/2021\/09\/suno-logo.png\",\"contentUrl\":\"https:\/\/files.sunoresearch.com.br\/n\/uploads\/2021\/09\/suno-logo.png\",\"width\":180,\"height\":180,\"caption\":\"Suno Not\u00edcias\"},\"image\":{\"@id\":\"https:\/\/www.suno.com.br\/noticias\/#\/schema\/logo\/image\/\"},\"sameAs\":[\"https:\/\/facebook.com\/sunoresearch\",\"https:\/\/x.com\/sunoresearch\",\"https:\/\/www.instagram.com\/suno\",\"https:\/\/www.linkedin.com\/company\/suno-research\/\",\"https:\/\/www.youtube.com\/c\/sunoresearch\"]},{\"@type\":\"Person\",\"@id\":\"https:\/\/www.suno.com.br\/noticias\/#\/schema\/person\/098743caeed97b37f51315c9576c4078\",\"name\":\"Rafael Lara\",\"image\":{\"@type\":\"ImageObject\",\"inLanguage\":\"pt-BR\",\"@id\":\"https:\/\/www.suno.com.br\/noticias\/#\/schema\/person\/image\/\",\"url\":\"https:\/\/secure.gravatar.com\/avatar\/dfc254ab9bb2ea1895d98b9e9dae4bdd?s=96&r=g\",\"contentUrl\":\"https:\/\/secure.gravatar.com\/avatar\/dfc254ab9bb2ea1895d98b9e9dae4bdd?s=96&r=g\",\"caption\":\"Rafael Lara\"},\"description\":\"Rafael Lara cursa jornalismo na Faculdade C\u00e1sper L\u00edbero. Escreve sobre pol\u00edtica, economia e neg\u00f3cios para o portal Suno Not\u00edcias. Antes, colaborou na TV Gazeta na produ\u00e7\u00e3o do programa Edi\u00e7\u00e3o Extra.\",\"url\":\"https:\/\/www.suno.com.br\/noticias\/author\/rafael\/\"}]}<\/script>\n<!-- \/ Yoast SEO plugin. -->","yoast_head_json":{"title":"D\u00f3lar fecha em alta ap\u00f3s acordo provis\u00f3rio na guerra comercial","description":"O d\u00f3lar encerrou em alta de +0,287% sendo vendido a R$ 4,0935 ap\u00f3s acordo provis\u00f3rio na guerra comercial. Clique para mais.","robots":{"index":"index","follow":"follow","max-snippet":"max-snippet:-1","max-image-preview":"max-image-preview:large","max-video-preview":"max-video-preview:-1"},"canonical":"https:\/\/www.suno.com.br\/noticias\/dolar-alta-acordo-guerra-comercial\/","og_locale":"pt_BR","og_type":"article","og_title":"D\u00f3lar fecha em alta ap\u00f3s acordo provis\u00f3rio na guerra comercial","og_description":"O d\u00f3lar encerrou em alta de +0,287% sendo vendido a R$ 4,0935 ap\u00f3s acordo provis\u00f3rio na guerra comercial. Clique para mais.","og_url":"https:\/\/www.suno.com.br\/noticias\/dolar-alta-acordo-guerra-comercial\/","og_site_name":"Suno Not\u00edcias","article_publisher":"https:\/\/facebook.com\/sunoresearch","og_image":[{"width":960,"height":376,"url":"https:\/\/files.sunoresearch.com.br\/n\/uploads\/2019\/04\/0c912b7d-d\u00f3lar.jpg","type":"image\/jpeg"}],"author":"Rafael Lara","twitter_card":"summary_large_image","twitter_creator":"@sunoresearch","twitter_site":"@sunoresearch","twitter_misc":{"Escrito por":"Rafael Lara","Est. tempo de leitura":"4 minutos"},"schema":{"@context":"https:\/\/schema.org","@graph":[{"@type":"NewsArticle","@id":"https:\/\/www.suno.com.br\/noticias\/dolar-alta-acordo-guerra-comercial\/#article","isPartOf":{"@id":"https:\/\/www.suno.com.br\/noticias\/dolar-alta-acordo-guerra-comercial\/"},"author":{"name":"Rafael Lara","@id":"https:\/\/www.suno.com.br\/noticias\/#\/schema\/person\/098743caeed97b37f51315c9576c4078"},"headline":"D\u00f3lar fecha em alta ap\u00f3s acordo provis\u00f3rio na guerra comercial","datePublished":"2019-11-07T20:47:00+00:00","mainEntityOfPage":{"@id":"https:\/\/www.suno.com.br\/noticias\/dolar-alta-acordo-guerra-comercial\/"},"wordCount":733,"publisher":{"@id":"https:\/\/www.suno.com.br\/noticias\/#organization"},"image":{"@id":"https:\/\/www.suno.com.br\/noticias\/dolar-alta-acordo-guerra-comercial\/#primaryimage"},"thumbnailUrl":"https:\/\/files.sunoresearch.com.br\/n\/uploads\/2019\/04\/0c912b7d-d\u00f3lar-jpg.webp","keywords":["d\u00f3lar","guerra comercial","Petrobras (PETR4)"],"articleSection":["Mercado"],"inLanguage":"pt-BR"},{"@type":"WebPage","@id":"https:\/\/www.suno.com.br\/noticias\/dolar-alta-acordo-guerra-comercial\/","url":"https:\/\/www.suno.com.br\/noticias\/dolar-alta-acordo-guerra-comercial\/","name":"D\u00f3lar fecha em alta ap\u00f3s acordo provis\u00f3rio na guerra comercial","isPartOf":{"@id":"https:\/\/www.suno.com.br\/noticias\/#website"},"primaryImageOfPage":{"@id":"https:\/\/www.suno.com.br\/noticias\/dolar-alta-acordo-guerra-comercial\/#primaryimage"},"image":{"@id":"https:\/\/www.suno.com.br\/noticias\/dolar-alta-acordo-guerra-comercial\/#primaryimage"},"thumbnailUrl":"https:\/\/files.sunoresearch.com.br\/n\/uploads\/2019\/04\/0c912b7d-d\u00f3lar-jpg.webp","datePublished":"2019-11-07T20:47:00+00:00","description":"O d\u00f3lar encerrou em alta de +0,287% sendo vendido a R$ 4,0935 ap\u00f3s acordo provis\u00f3rio na guerra comercial. Clique para mais.","breadcrumb":{"@id":"https:\/\/www.suno.com.br\/noticias\/dolar-alta-acordo-guerra-comercial\/#breadcrumb"},"inLanguage":"pt-BR","potentialAction":[{"@type":"ReadAction","target":["https:\/\/www.suno.com.br\/noticias\/dolar-alta-acordo-guerra-comercial\/"]}]},{"@type":"ImageObject","inLanguage":"pt-BR","@id":"https:\/\/www.suno.com.br\/noticias\/dolar-alta-acordo-guerra-comercial\/#primaryimage","url":"https:\/\/files.sunoresearch.com.br\/n\/uploads\/2019\/04\/0c912b7d-d\u00f3lar-jpg.webp","contentUrl":"https:\/\/files.sunoresearch.com.br\/n\/uploads\/2019\/04\/0c912b7d-d\u00f3lar-jpg.webp","width":960,"height":376,"caption":"D\u00f3lar fecha em alta de 0,374% a R$ 5,32 com incertezas sobre covid-19"},{"@type":"BreadcrumbList","@id":"https:\/\/www.suno.com.br\/noticias\/dolar-alta-acordo-guerra-comercial\/#breadcrumb","itemListElement":[{"@type":"ListItem","position":1,"name":"Not\u00edcias","item":"https:\/\/www.suno.com.br\/noticias\/"},{"@type":"ListItem","position":2,"name":"Mercado","item":"https:\/\/www.suno.com.br\/noticias\/mercado\/"},{"@type":"ListItem","position":3,"name":"D\u00f3lar fecha em alta ap\u00f3s acordo provis\u00f3rio na guerra comercial"}]},{"@type":"WebSite","@id":"https:\/\/www.suno.com.br\/noticias\/#website","url":"https:\/\/www.suno.com.br\/noticias\/","name":"Suno Not\u00edcias","description":"Seu portal de informa\u00e7\u00e3o sobre o mundo dos investimentos","publisher":{"@id":"https:\/\/www.suno.com.br\/noticias\/#organization"},"potentialAction":[{"@type":"SearchAction","target":{"@type":"EntryPoint","urlTemplate":"https:\/\/www.suno.com.br\/noticias\/?s={search_term_string}"},"query-input":{"@type":"PropertyValueSpecification","valueRequired":true,"valueName":"search_term_string"}}],"inLanguage":"pt-BR"},{"@type":"Organization","@id":"https:\/\/www.suno.com.br\/noticias\/#organization","name":"Suno Not\u00edcias","url":"https:\/\/www.suno.com.br\/noticias\/","logo":{"@type":"ImageObject","inLanguage":"pt-BR","@id":"https:\/\/www.suno.com.br\/noticias\/#\/schema\/logo\/image\/","url":"https:\/\/files.sunoresearch.com.br\/n\/uploads\/2021\/09\/suno-logo.png","contentUrl":"https:\/\/files.sunoresearch.com.br\/n\/uploads\/2021\/09\/suno-logo.png","width":180,"height":180,"caption":"Suno Not\u00edcias"},"image":{"@id":"https:\/\/www.suno.com.br\/noticias\/#\/schema\/logo\/image\/"},"sameAs":["https:\/\/facebook.com\/sunoresearch","https:\/\/x.com\/sunoresearch","https:\/\/www.instagram.com\/suno","https:\/\/www.linkedin.com\/company\/suno-research\/","https:\/\/www.youtube.com\/c\/sunoresearch"]},{"@type":"Person","@id":"https:\/\/www.suno.com.br\/noticias\/#\/schema\/person\/098743caeed97b37f51315c9576c4078","name":"Rafael Lara","image":{"@type":"ImageObject","inLanguage":"pt-BR","@id":"https:\/\/www.suno.com.br\/noticias\/#\/schema\/person\/image\/","url":"https:\/\/secure.gravatar.com\/avatar\/dfc254ab9bb2ea1895d98b9e9dae4bdd?s=96&r=g","contentUrl":"https:\/\/secure.gravatar.com\/avatar\/dfc254ab9bb2ea1895d98b9e9dae4bdd?s=96&r=g","caption":"Rafael Lara"},"description":"Rafael Lara cursa jornalismo na Faculdade C\u00e1sper L\u00edbero. Escreve sobre pol\u00edtica, economia e neg\u00f3cios para o portal Suno Not\u00edcias. Antes, colaborou na TV Gazeta na produ\u00e7\u00e3o do programa Edi\u00e7\u00e3o Extra.","url":"https:\/\/www.suno.com.br\/noticias\/author\/rafael\/"}]}},"default_loop_html":"<div class=\"cardsPage__listCard__boxs\"><div class=\"cardsPage__listCard__boxs__img\"><a href=\"https:\/\/www.suno.com.br\/noticias\/dolar-alta-acordo-guerra-comercial\/\"><img class=\"mask\" src=\"https:\/\/www.suno.com.br\/noticias\/wp-content\/themes\/suno\/resources\/images\/spotlight\/spotlight1img\/bg-mask.png\" alt=\"Image Mask\"\/><img src=\"https:\/\/files.sunoresearch.com.br\/n\/uploads\/2019\/04\/0c912b7d-d\u00f3lar-400x200.webp\" alt=\"D\u00f3lar fecha em alta ap\u00f3s acordo provis\u00f3rio na guerra comercial\"\/><\/a><span class=\"spotlightCategory\"><a href=\"https:\/\/www.suno.com.br\/noticias\/mercado\/\">Mercado<\/a><\/span><\/div><div class=\"cardsPage__listCard__boxs__content\"><a href=\"https:\/\/www.suno.com.br\/noticias\/dolar-alta-acordo-guerra-comercial\/\"><h2 class=\"content__title\">D\u00f3lar fecha em alta ap\u00f3s acordo provis\u00f3rio na guerra comercial<\/h2><\/a><div class=\"newsContent__article__meta\"><div class=\"newsContent__article__meta__authorBox\"><a href=\"https:\/\/www.suno.com.br\/noticias\/author\/rafael\/\" class=\"authorBox__avatar noMobi\"><img src=\"https:\/\/secure.gravatar.com\/avatar\/dfc254ab9bb2ea1895d98b9e9dae4bdd?s=96&#038;r=g\" alt=\"Rafael Lara\"><\/a><div class=\"authorBox__name\"><span>por\n\t\t\t<a href=\"https:\/\/www.suno.com.br\/noticias\/author\/rafael\/\"><span itemprop=\"author\">Rafael Lara<\/span><\/a><\/span><time datetime=\"2019-11-07T18:47:00-03:00\" itemprop=\"datePublished\">07\/11\/2019 18:47<\/time><\/div><\/div><\/div><\/div><\/div>","single_layout":"posts","amp_enabled":true,"_links":{"self":[{"href":"https:\/\/www.suno.com.br\/noticias\/wp-json\/wp\/v2\/posts\/44085"}],"collection":[{"href":"https:\/\/www.suno.com.br\/noticias\/wp-json\/wp\/v2\/posts"}],"about":[{"href":"https:\/\/www.suno.com.br\/noticias\/wp-json\/wp\/v2\/types\/post"}],"author":[{"embeddable":true,"href":"https:\/\/www.suno.com.br\/noticias\/wp-json\/wp\/v2\/users\/23"}],"replies":[{"embeddable":true,"href":"https:\/\/www.suno.com.br\/noticias\/wp-json\/wp\/v2\/comments?post=44085"}],"version-history":[{"count":0,"href":"https:\/\/www.suno.com.br\/noticias\/wp-json\/wp\/v2\/posts\/44085\/revisions"}],"wp:featuredmedia":[{"embeddable":true,"href":"https:\/\/www.suno.com.br\/noticias\/wp-json\/wp\/v2\/media\/20712"}],"wp:attachment":[{"href":"https:\/\/www.suno.com.br\/noticias\/wp-json\/wp\/v2\/media?parent=44085"}],"wp:term":[{"taxonomy":"category","embeddable":true,"href":"https:\/\/www.suno.com.br\/noticias\/wp-json\/wp\/v2\/categories?post=44085"},{"taxonomy":"post_tag","embeddable":true,"href":"https:\/\/www.suno.com.br\/noticias\/wp-json\/wp\/v2\/tags?post=44085"},{"taxonomy":"suno_strategy","embeddable":true,"href":"https:\/\/www.suno.com.br\/noticias\/wp-json\/wp\/v2\/suno_strategy?post=44085"}],"curies":[{"name":"wp","href":"https:\/\/api.w.org\/{rel}","templated":true}]}}