{"id":44082,"date":"2019-11-07T18:05:07","date_gmt":"2019-11-07T20:05:07","guid":{"rendered":"https:\/\/www.suno.com.br\/noticias\/?p=44082"},"modified":"2019-11-07T18:05:07","modified_gmt":"2019-11-07T20:05:07","slug":"tim-santander-joint-venture-credito-consumo","status":"publish","type":"post","link":"https:\/\/www.suno.com.br\/noticias\/tim-santander-joint-venture-credito-consumo\/","title":{"rendered":"TIM e Santander formar\u00e3o joint venture de cr\u00e9dito de consumo, diz ag\u00eancia"},"content":{"rendered":"<p>A <strong>Telecom<\/strong> <strong>Italia<\/strong>, que \u00e9 controladora da TIM (TIMP4) e o banco espanhol <strong>Santander<\/strong> (<strong>SANB11<\/strong>) concordaram em formar uma <strong>joint<\/strong> <strong>venture<\/strong> para oferecer cr\u00e9dito a clientes da empresa italiana. A informa\u00e7\u00e3o foi divulgada pela ag\u00eancia &#8220;Reuters&#8221;, nesta quinta-feira (7), citando duas fontes familiarizadas com o assunto.<\/p>\t<div class=\"wrapper-featured-image\">\n\t\t<figure class=\"spotlightImg\">\n\n\t\t\t<picture>\n\t\t\t\t<source media=\"(max-width: 768px)\" srcset=\"https:\/\/files.sunoresearch.com.br\/n\/uploads\/2019\/11\/eb72472f-tim-400x200.webp\">\n\t\t\t\t<img loading=\"lazy\" decoding=\"async\" class=\"newsContent__article__imgCapa lazyloadDisabled newsContent__article__imgCapa--noCaption\" src=\"https:\/\/files.sunoresearch.com.br\/n\/uploads\/2019\/11\/eb72472f-tim-800x450.webp\" width=\"800\" height=\"450\" alt=\"TIM e Santander formar\u00e3o joint venture de cr\u00e9dito de consumo, diz ag\u00eancia\" fetchpriority=high \/>\n\t\t\t<\/picture>\n\n\t\t\t<figcaption class=\"wp-caption-text wp-caption-text--hide\">A a\u00e7\u00e3o da Tim (TIMP3) fechou o preg\u00e3o desta ter\u00e7a-feira em alta de 1,88. aos R$ 13,54.<\/figcaption>\n\t\t<\/figure>\n\t<\/div>\n\n\n\n<p>O <strong>Santander<\/strong> ir\u00e1 oferecer aos clientes da <strong>Telecom Italia<\/strong> um financiamento destinado a compras de dispositivos m\u00f3veis.<\/p>\n<p>O presidente-executivo da empresa que controla a <strong>TIM,<\/strong> Luigi Gubitosi, declarou no in\u00edcio de 2019 que a cria\u00e7\u00e3o de uma empresa de cr\u00e9dito diminuiria a d\u00edvida da TIM em 500 milh\u00f5es a 600 milh\u00f5es de euros.<\/p>\n<p>Segundo a ag\u00eancia, a <strong>TIM<\/strong> e o <strong>Santander<\/strong> n\u00e3o quiseram se manifestar.<\/p>\n<h2>Declara\u00e7\u00e3o do CEO da TIM Brasil<\/h2>\n<p>O diretor-presidente da <strong>TIM<\/strong> <strong>Brasil<\/strong>, Pietro Labriola, declarou que a\u00a0<strong>concorr\u00eancia <\/strong>no setor de <strong>telecomunica\u00e7\u00f5es<\/strong> est\u00e1 menos agressiva quando comparada ao primeiro semestre deste ano. A declara\u00e7\u00e3o ocorreu, nesta \u00faltima quarta (6), durante uma teleconfer\u00eancia com analistas.<\/p>\n<p><a href=\"https:\/\/www.suno.com.br\/noticias\/concorrencia-na-telecomunicacao-esta-menos-agressiva-diz-ceo-da-tim\/\">Saiba mais: Concorr\u00eancia na telecomunica\u00e7\u00e3o est\u00e1 menos agressiva, diz CEO da TIM<\/a><\/p>\n<p>Durante a teleconfer\u00eancia, o executivo comentou os resultados do terceiro trimestre da empresa. De acordo com <strong>Labriola<\/strong>, a operadora est\u00e1 trabalhando para otimizar o sistema de cobran\u00e7a e ampliar a taxa de recupera\u00e7\u00e3o de clientes.<\/p>\n<p>Al\u00e9m disso, o presidente da companhia disse que as quedas na inadimpl\u00eancia dos consumidores e nos cancelamentos de linhas dever\u00e3o refletir nos resultados do quatro semestre. No entanto, o efeito dever\u00e1 ser maior a partir do ano que vem.<\/p>\n<p>Segundo o presidente, o uso compartilhado da infraestrutura com a <strong>Telef\u00f4nica Brasil<\/strong> far\u00e1 com que a operadora possa reduzir os custos em 2021 e 2022. Labriola n\u00e3o especificou, contudo, quanto a empresa espera economizar por meio da medida.<\/p>\n\t<p>\n\t\t<a href=\"https:\/\/lp.suno.com.br\/asset\/fundos\/suno-fic-fia\/\" target=\"_blank\" data-element=\"shortcode-suno-banner\" title=\"Banner SUNO, clique e saiba mais\">\n\t\t\t<picture>\n\t\t\t\t<source media=\"(max-width: 500px)\" srcset=\"https:\/\/files.sunoresearch.com.br\/n\/uploads\/2023\/10\/SUNO-FIC-FIA-400x300-Mobile-Artigos-5-v3.png\">\n\t\t\t\t<img class=\"newsContent__article__imgCapa newsContent__article__imgCapa--banner\"\n\t\t\t\t\tsrc=\"https:\/\/files.sunoresearch.com.br\/n\/uploads\/2023\/10\/SUNO-FIC-FIA-1420x240-Banner-Artigos-1-_-Banner-Materias-4-v3-png.webp\"\n\t\t\t\t\tdata-promo-id=\"478744\"\t\t\t\t\t\t\t\t\t\twidth='2560' height='433'\t\t\t\t\talt=\"https:\/\/files.sunoresearch.com.br\/n\/uploads\/2023\/10\/SUNO-FIC-FIA-1420x240-Banner-Artigos-1-_-Banner-Materias-4-v3-png.webp\"\n\t\t\t\t>\n\t\t\t<\/picture>\n\t\t<\/a>\n\t<\/p>\n\n\n<p>A <strong>TIM<\/strong> tamb\u00e9m est\u00e1 desenvolvendo modelos novos de cr\u00e9dito. O objetivo da medida \u00e9 melhorar a migra\u00e7\u00e3o dos clientes entre os segmentos pr\u00e9-pago para os planos da linha controle.<\/p>\n","protected":false},"excerpt":{"rendered":"<p>A Telecom Italia, que \u00e9 controladora da TIM (TIMP4) e o banco espanhol Santander (SANB11) concordaram em formar uma joint venture para oferecer cr\u00e9dito a clientes da empresa italiana. A informa\u00e7\u00e3o foi divulgada pela ag\u00eancia &#8220;Reuters&#8221;, nesta quinta-feira (7), citando duas fontes familiarizadas com o assunto. A a\u00e7\u00e3o da Tim (TIMP3) fechou o preg\u00e3o desta [&hellip;]<\/p>\n","protected":false},"author":23,"featured_media":43968,"comment_status":"closed","ping_status":"closed","sticky":false,"template":"","format":"standard","meta":[],"categories":[64],"tags":[897,624,663],"suno_strategy":[],"class_list":["post-44082","post","type-post","status-publish","format-standard","has-post-thumbnail","hentry","category-negocios","tag-joint-venture","tag-santander-sanb11-sanb3-sanb4","tag-tim-tims3"],"yoast_head":"<!-- This site is optimized with the Yoast SEO plugin v24.4 - https:\/\/yoast.com\/wordpress\/plugins\/seo\/ -->\n<title>TIM e Santander ter\u00e3o joint venture de cr\u00e9dito de consumo, diz ag\u00eancia<\/title>\n<meta name=\"description\" content=\"A controladora da TIM e o Santander formar\u00e3o uma joint venture para oferecer cr\u00e9dito a clientes da empresa italiana. Clique para mais,\" \/>\n<meta name=\"robots\" content=\"index, follow, max-snippet:-1, max-image-preview:large, max-video-preview:-1\" \/>\n<link rel=\"canonical\" href=\"https:\/\/www.suno.com.br\/noticias\/tim-santander-joint-venture-credito-consumo\/\" \/>\n<meta property=\"og:locale\" content=\"pt_BR\" \/>\n<meta property=\"og:type\" content=\"article\" \/>\n<meta property=\"og:title\" content=\"TIM e Santander ter\u00e3o joint venture de cr\u00e9dito de consumo, diz ag\u00eancia\" \/>\n<meta property=\"og:description\" content=\"A controladora da TIM e o Santander formar\u00e3o uma joint venture para oferecer cr\u00e9dito a clientes da empresa italiana. Clique para mais,\" \/>\n<meta property=\"og:url\" content=\"https:\/\/www.suno.com.br\/noticias\/tim-santander-joint-venture-credito-consumo\/\" \/>\n<meta property=\"og:site_name\" content=\"Suno Not\u00edcias\" \/>\n<meta property=\"article:publisher\" content=\"https:\/\/facebook.com\/sunoresearch\" \/>\n<meta property=\"og:image\" content=\"https:\/\/files.sunoresearch.com.br\/n\/uploads\/2019\/11\/eb72472f-tim.jpg\" \/>\n\t<meta property=\"og:image:width\" content=\"984\" \/>\n\t<meta property=\"og:image:height\" content=\"656\" \/>\n\t<meta property=\"og:image:type\" content=\"image\/jpeg\" \/>\n<meta name=\"author\" content=\"Rafael Lara\" \/>\n<meta name=\"twitter:card\" content=\"summary_large_image\" \/>\n<meta name=\"twitter:creator\" content=\"@sunoresearch\" \/>\n<meta name=\"twitter:site\" content=\"@sunoresearch\" \/>\n<meta name=\"twitter:label1\" content=\"Escrito por\" \/>\n\t<meta name=\"twitter:data1\" content=\"Rafael Lara\" \/>\n\t<meta name=\"twitter:label2\" content=\"Est. tempo de leitura\" \/>\n\t<meta name=\"twitter:data2\" content=\"2 minutos\" \/>\n<script type=\"application\/ld+json\" class=\"yoast-schema-graph\">{\"@context\":\"https:\/\/schema.org\",\"@graph\":[{\"@type\":\"NewsArticle\",\"@id\":\"https:\/\/www.suno.com.br\/noticias\/tim-santander-joint-venture-credito-consumo\/#article\",\"isPartOf\":{\"@id\":\"https:\/\/www.suno.com.br\/noticias\/tim-santander-joint-venture-credito-consumo\/\"},\"author\":{\"name\":\"Rafael Lara\",\"@id\":\"https:\/\/www.suno.com.br\/noticias\/#\/schema\/person\/098743caeed97b37f51315c9576c4078\"},\"headline\":\"TIM e Santander formar\u00e3o joint venture de cr\u00e9dito de consumo, diz ag\u00eancia\",\"datePublished\":\"2019-11-07T20:05:07+00:00\",\"mainEntityOfPage\":{\"@id\":\"https:\/\/www.suno.com.br\/noticias\/tim-santander-joint-venture-credito-consumo\/\"},\"wordCount\":349,\"publisher\":{\"@id\":\"https:\/\/www.suno.com.br\/noticias\/#organization\"},\"image\":{\"@id\":\"https:\/\/www.suno.com.br\/noticias\/tim-santander-joint-venture-credito-consumo\/#primaryimage\"},\"thumbnailUrl\":\"https:\/\/files.sunoresearch.com.br\/n\/uploads\/2019\/11\/eb72472f-tim-jpg.webp\",\"keywords\":[\"joint venture\",\"Santander (SANB11\/SANB3\/SANB4)\",\"TIM (TIMS3)\"],\"articleSection\":[\"Neg\u00f3cios\"],\"inLanguage\":\"pt-BR\"},{\"@type\":\"WebPage\",\"@id\":\"https:\/\/www.suno.com.br\/noticias\/tim-santander-joint-venture-credito-consumo\/\",\"url\":\"https:\/\/www.suno.com.br\/noticias\/tim-santander-joint-venture-credito-consumo\/\",\"name\":\"TIM e Santander ter\u00e3o joint venture de cr\u00e9dito de consumo, diz ag\u00eancia\",\"isPartOf\":{\"@id\":\"https:\/\/www.suno.com.br\/noticias\/#website\"},\"primaryImageOfPage\":{\"@id\":\"https:\/\/www.suno.com.br\/noticias\/tim-santander-joint-venture-credito-consumo\/#primaryimage\"},\"image\":{\"@id\":\"https:\/\/www.suno.com.br\/noticias\/tim-santander-joint-venture-credito-consumo\/#primaryimage\"},\"thumbnailUrl\":\"https:\/\/files.sunoresearch.com.br\/n\/uploads\/2019\/11\/eb72472f-tim-jpg.webp\",\"datePublished\":\"2019-11-07T20:05:07+00:00\",\"description\":\"A controladora da TIM e o Santander formar\u00e3o uma joint venture para oferecer cr\u00e9dito a clientes da empresa italiana. Clique para mais,\",\"breadcrumb\":{\"@id\":\"https:\/\/www.suno.com.br\/noticias\/tim-santander-joint-venture-credito-consumo\/#breadcrumb\"},\"inLanguage\":\"pt-BR\",\"potentialAction\":[{\"@type\":\"ReadAction\",\"target\":[\"https:\/\/www.suno.com.br\/noticias\/tim-santander-joint-venture-credito-consumo\/\"]}]},{\"@type\":\"ImageObject\",\"inLanguage\":\"pt-BR\",\"@id\":\"https:\/\/www.suno.com.br\/noticias\/tim-santander-joint-venture-credito-consumo\/#primaryimage\",\"url\":\"https:\/\/files.sunoresearch.com.br\/n\/uploads\/2019\/11\/eb72472f-tim-jpg.webp\",\"contentUrl\":\"https:\/\/files.sunoresearch.com.br\/n\/uploads\/2019\/11\/eb72472f-tim-jpg.webp\",\"width\":984,\"height\":656,\"caption\":\"A a\u00e7\u00e3o da Tim (TIMP3) fechou o preg\u00e3o desta ter\u00e7a-feira em alta de 1,88. aos R$ 13,54.\"},{\"@type\":\"BreadcrumbList\",\"@id\":\"https:\/\/www.suno.com.br\/noticias\/tim-santander-joint-venture-credito-consumo\/#breadcrumb\",\"itemListElement\":[{\"@type\":\"ListItem\",\"position\":1,\"name\":\"Not\u00edcias\",\"item\":\"https:\/\/www.suno.com.br\/noticias\/\"},{\"@type\":\"ListItem\",\"position\":2,\"name\":\"Neg\u00f3cios\",\"item\":\"https:\/\/www.suno.com.br\/noticias\/negocios\/\"},{\"@type\":\"ListItem\",\"position\":3,\"name\":\"TIM e Santander formar\u00e3o joint venture de cr\u00e9dito de consumo, diz ag\u00eancia\"}]},{\"@type\":\"WebSite\",\"@id\":\"https:\/\/www.suno.com.br\/noticias\/#website\",\"url\":\"https:\/\/www.suno.com.br\/noticias\/\",\"name\":\"Suno Not\u00edcias\",\"description\":\"Seu portal de informa\u00e7\u00e3o sobre o mundo dos investimentos\",\"publisher\":{\"@id\":\"https:\/\/www.suno.com.br\/noticias\/#organization\"},\"potentialAction\":[{\"@type\":\"SearchAction\",\"target\":{\"@type\":\"EntryPoint\",\"urlTemplate\":\"https:\/\/www.suno.com.br\/noticias\/?s={search_term_string}\"},\"query-input\":{\"@type\":\"PropertyValueSpecification\",\"valueRequired\":true,\"valueName\":\"search_term_string\"}}],\"inLanguage\":\"pt-BR\"},{\"@type\":\"Organization\",\"@id\":\"https:\/\/www.suno.com.br\/noticias\/#organization\",\"name\":\"Suno Not\u00edcias\",\"url\":\"https:\/\/www.suno.com.br\/noticias\/\",\"logo\":{\"@type\":\"ImageObject\",\"inLanguage\":\"pt-BR\",\"@id\":\"https:\/\/www.suno.com.br\/noticias\/#\/schema\/logo\/image\/\",\"url\":\"https:\/\/files.sunoresearch.com.br\/n\/uploads\/2021\/09\/suno-logo.png\",\"contentUrl\":\"https:\/\/files.sunoresearch.com.br\/n\/uploads\/2021\/09\/suno-logo.png\",\"width\":180,\"height\":180,\"caption\":\"Suno Not\u00edcias\"},\"image\":{\"@id\":\"https:\/\/www.suno.com.br\/noticias\/#\/schema\/logo\/image\/\"},\"sameAs\":[\"https:\/\/facebook.com\/sunoresearch\",\"https:\/\/x.com\/sunoresearch\",\"https:\/\/www.instagram.com\/suno\",\"https:\/\/www.linkedin.com\/company\/suno-research\/\",\"https:\/\/www.youtube.com\/c\/sunoresearch\"]},{\"@type\":\"Person\",\"@id\":\"https:\/\/www.suno.com.br\/noticias\/#\/schema\/person\/098743caeed97b37f51315c9576c4078\",\"name\":\"Rafael Lara\",\"image\":{\"@type\":\"ImageObject\",\"inLanguage\":\"pt-BR\",\"@id\":\"https:\/\/www.suno.com.br\/noticias\/#\/schema\/person\/image\/\",\"url\":\"https:\/\/secure.gravatar.com\/avatar\/dfc254ab9bb2ea1895d98b9e9dae4bdd?s=96&r=g\",\"contentUrl\":\"https:\/\/secure.gravatar.com\/avatar\/dfc254ab9bb2ea1895d98b9e9dae4bdd?s=96&r=g\",\"caption\":\"Rafael Lara\"},\"description\":\"Rafael Lara cursa jornalismo na Faculdade C\u00e1sper L\u00edbero. Escreve sobre pol\u00edtica, economia e neg\u00f3cios para o portal Suno Not\u00edcias. Antes, colaborou na TV Gazeta na produ\u00e7\u00e3o do programa Edi\u00e7\u00e3o Extra.\",\"url\":\"https:\/\/www.suno.com.br\/noticias\/author\/rafael\/\"}]}<\/script>\n<!-- \/ Yoast SEO plugin. -->","yoast_head_json":{"title":"TIM e Santander ter\u00e3o joint venture de cr\u00e9dito de consumo, diz ag\u00eancia","description":"A controladora da TIM e o Santander formar\u00e3o uma joint venture para oferecer cr\u00e9dito a clientes da empresa italiana. Clique para mais,","robots":{"index":"index","follow":"follow","max-snippet":"max-snippet:-1","max-image-preview":"max-image-preview:large","max-video-preview":"max-video-preview:-1"},"canonical":"https:\/\/www.suno.com.br\/noticias\/tim-santander-joint-venture-credito-consumo\/","og_locale":"pt_BR","og_type":"article","og_title":"TIM e Santander ter\u00e3o joint venture de cr\u00e9dito de consumo, diz ag\u00eancia","og_description":"A controladora da TIM e o Santander formar\u00e3o uma joint venture para oferecer cr\u00e9dito a clientes da empresa italiana. Clique para mais,","og_url":"https:\/\/www.suno.com.br\/noticias\/tim-santander-joint-venture-credito-consumo\/","og_site_name":"Suno Not\u00edcias","article_publisher":"https:\/\/facebook.com\/sunoresearch","og_image":[{"width":984,"height":656,"url":"https:\/\/files.sunoresearch.com.br\/n\/uploads\/2019\/11\/eb72472f-tim.jpg","type":"image\/jpeg"}],"author":"Rafael Lara","twitter_card":"summary_large_image","twitter_creator":"@sunoresearch","twitter_site":"@sunoresearch","twitter_misc":{"Escrito por":"Rafael Lara","Est. tempo de leitura":"2 minutos"},"schema":{"@context":"https:\/\/schema.org","@graph":[{"@type":"NewsArticle","@id":"https:\/\/www.suno.com.br\/noticias\/tim-santander-joint-venture-credito-consumo\/#article","isPartOf":{"@id":"https:\/\/www.suno.com.br\/noticias\/tim-santander-joint-venture-credito-consumo\/"},"author":{"name":"Rafael Lara","@id":"https:\/\/www.suno.com.br\/noticias\/#\/schema\/person\/098743caeed97b37f51315c9576c4078"},"headline":"TIM e Santander formar\u00e3o joint venture de cr\u00e9dito de consumo, diz ag\u00eancia","datePublished":"2019-11-07T20:05:07+00:00","mainEntityOfPage":{"@id":"https:\/\/www.suno.com.br\/noticias\/tim-santander-joint-venture-credito-consumo\/"},"wordCount":349,"publisher":{"@id":"https:\/\/www.suno.com.br\/noticias\/#organization"},"image":{"@id":"https:\/\/www.suno.com.br\/noticias\/tim-santander-joint-venture-credito-consumo\/#primaryimage"},"thumbnailUrl":"https:\/\/files.sunoresearch.com.br\/n\/uploads\/2019\/11\/eb72472f-tim-jpg.webp","keywords":["joint venture","Santander (SANB11\/SANB3\/SANB4)","TIM (TIMS3)"],"articleSection":["Neg\u00f3cios"],"inLanguage":"pt-BR"},{"@type":"WebPage","@id":"https:\/\/www.suno.com.br\/noticias\/tim-santander-joint-venture-credito-consumo\/","url":"https:\/\/www.suno.com.br\/noticias\/tim-santander-joint-venture-credito-consumo\/","name":"TIM e Santander ter\u00e3o joint venture de cr\u00e9dito de consumo, diz ag\u00eancia","isPartOf":{"@id":"https:\/\/www.suno.com.br\/noticias\/#website"},"primaryImageOfPage":{"@id":"https:\/\/www.suno.com.br\/noticias\/tim-santander-joint-venture-credito-consumo\/#primaryimage"},"image":{"@id":"https:\/\/www.suno.com.br\/noticias\/tim-santander-joint-venture-credito-consumo\/#primaryimage"},"thumbnailUrl":"https:\/\/files.sunoresearch.com.br\/n\/uploads\/2019\/11\/eb72472f-tim-jpg.webp","datePublished":"2019-11-07T20:05:07+00:00","description":"A controladora da TIM e o Santander formar\u00e3o uma joint venture para oferecer cr\u00e9dito a clientes da empresa italiana. Clique para mais,","breadcrumb":{"@id":"https:\/\/www.suno.com.br\/noticias\/tim-santander-joint-venture-credito-consumo\/#breadcrumb"},"inLanguage":"pt-BR","potentialAction":[{"@type":"ReadAction","target":["https:\/\/www.suno.com.br\/noticias\/tim-santander-joint-venture-credito-consumo\/"]}]},{"@type":"ImageObject","inLanguage":"pt-BR","@id":"https:\/\/www.suno.com.br\/noticias\/tim-santander-joint-venture-credito-consumo\/#primaryimage","url":"https:\/\/files.sunoresearch.com.br\/n\/uploads\/2019\/11\/eb72472f-tim-jpg.webp","contentUrl":"https:\/\/files.sunoresearch.com.br\/n\/uploads\/2019\/11\/eb72472f-tim-jpg.webp","width":984,"height":656,"caption":"A a\u00e7\u00e3o da Tim (TIMP3) fechou o preg\u00e3o desta ter\u00e7a-feira em alta de 1,88. aos R$ 13,54."},{"@type":"BreadcrumbList","@id":"https:\/\/www.suno.com.br\/noticias\/tim-santander-joint-venture-credito-consumo\/#breadcrumb","itemListElement":[{"@type":"ListItem","position":1,"name":"Not\u00edcias","item":"https:\/\/www.suno.com.br\/noticias\/"},{"@type":"ListItem","position":2,"name":"Neg\u00f3cios","item":"https:\/\/www.suno.com.br\/noticias\/negocios\/"},{"@type":"ListItem","position":3,"name":"TIM e Santander formar\u00e3o joint venture de cr\u00e9dito de consumo, diz ag\u00eancia"}]},{"@type":"WebSite","@id":"https:\/\/www.suno.com.br\/noticias\/#website","url":"https:\/\/www.suno.com.br\/noticias\/","name":"Suno Not\u00edcias","description":"Seu portal de informa\u00e7\u00e3o sobre o mundo dos investimentos","publisher":{"@id":"https:\/\/www.suno.com.br\/noticias\/#organization"},"potentialAction":[{"@type":"SearchAction","target":{"@type":"EntryPoint","urlTemplate":"https:\/\/www.suno.com.br\/noticias\/?s={search_term_string}"},"query-input":{"@type":"PropertyValueSpecification","valueRequired":true,"valueName":"search_term_string"}}],"inLanguage":"pt-BR"},{"@type":"Organization","@id":"https:\/\/www.suno.com.br\/noticias\/#organization","name":"Suno Not\u00edcias","url":"https:\/\/www.suno.com.br\/noticias\/","logo":{"@type":"ImageObject","inLanguage":"pt-BR","@id":"https:\/\/www.suno.com.br\/noticias\/#\/schema\/logo\/image\/","url":"https:\/\/files.sunoresearch.com.br\/n\/uploads\/2021\/09\/suno-logo.png","contentUrl":"https:\/\/files.sunoresearch.com.br\/n\/uploads\/2021\/09\/suno-logo.png","width":180,"height":180,"caption":"Suno Not\u00edcias"},"image":{"@id":"https:\/\/www.suno.com.br\/noticias\/#\/schema\/logo\/image\/"},"sameAs":["https:\/\/facebook.com\/sunoresearch","https:\/\/x.com\/sunoresearch","https:\/\/www.instagram.com\/suno","https:\/\/www.linkedin.com\/company\/suno-research\/","https:\/\/www.youtube.com\/c\/sunoresearch"]},{"@type":"Person","@id":"https:\/\/www.suno.com.br\/noticias\/#\/schema\/person\/098743caeed97b37f51315c9576c4078","name":"Rafael Lara","image":{"@type":"ImageObject","inLanguage":"pt-BR","@id":"https:\/\/www.suno.com.br\/noticias\/#\/schema\/person\/image\/","url":"https:\/\/secure.gravatar.com\/avatar\/dfc254ab9bb2ea1895d98b9e9dae4bdd?s=96&r=g","contentUrl":"https:\/\/secure.gravatar.com\/avatar\/dfc254ab9bb2ea1895d98b9e9dae4bdd?s=96&r=g","caption":"Rafael Lara"},"description":"Rafael Lara cursa jornalismo na Faculdade C\u00e1sper L\u00edbero. Escreve sobre pol\u00edtica, economia e neg\u00f3cios para o portal Suno Not\u00edcias. Antes, colaborou na TV Gazeta na produ\u00e7\u00e3o do programa Edi\u00e7\u00e3o Extra.","url":"https:\/\/www.suno.com.br\/noticias\/author\/rafael\/"}]}},"default_loop_html":"<div class=\"cardsPage__listCard__boxs\"><div class=\"cardsPage__listCard__boxs__img\"><a href=\"https:\/\/www.suno.com.br\/noticias\/tim-santander-joint-venture-credito-consumo\/\"><img class=\"mask\" src=\"https:\/\/www.suno.com.br\/noticias\/wp-content\/themes\/suno\/resources\/images\/spotlight\/spotlight1img\/bg-mask.png\" alt=\"Image Mask\"\/><img src=\"https:\/\/files.sunoresearch.com.br\/n\/uploads\/2019\/11\/eb72472f-tim-400x200.webp\" alt=\"TIM e Santander formar\u00e3o joint venture de cr\u00e9dito de consumo, diz ag\u00eancia\"\/><\/a><span class=\"spotlightCategory\"><a href=\"https:\/\/www.suno.com.br\/noticias\/negocios\/\">Neg\u00f3cios<\/a><\/span><\/div><div class=\"cardsPage__listCard__boxs__content\"><a href=\"https:\/\/www.suno.com.br\/noticias\/tim-santander-joint-venture-credito-consumo\/\"><h2 class=\"content__title\">TIM e Santander formar\u00e3o joint venture de cr\u00e9dito de consumo, diz ag\u00eancia<\/h2><\/a><div class=\"newsContent__article__meta\"><div class=\"newsContent__article__meta__authorBox\"><a href=\"https:\/\/www.suno.com.br\/noticias\/author\/rafael\/\" class=\"authorBox__avatar noMobi\"><img src=\"https:\/\/secure.gravatar.com\/avatar\/dfc254ab9bb2ea1895d98b9e9dae4bdd?s=96&#038;r=g\" alt=\"Rafael Lara\"><\/a><div class=\"authorBox__name\"><span>por\n\t\t\t<a href=\"https:\/\/www.suno.com.br\/noticias\/author\/rafael\/\"><span itemprop=\"author\">Rafael Lara<\/span><\/a><\/span><time datetime=\"2019-11-07T18:05:07-03:00\" itemprop=\"datePublished\">07\/11\/2019 18:05<\/time><\/div><\/div><\/div><\/div><\/div>","single_layout":"posts","amp_enabled":true,"_links":{"self":[{"href":"https:\/\/www.suno.com.br\/noticias\/wp-json\/wp\/v2\/posts\/44082"}],"collection":[{"href":"https:\/\/www.suno.com.br\/noticias\/wp-json\/wp\/v2\/posts"}],"about":[{"href":"https:\/\/www.suno.com.br\/noticias\/wp-json\/wp\/v2\/types\/post"}],"author":[{"embeddable":true,"href":"https:\/\/www.suno.com.br\/noticias\/wp-json\/wp\/v2\/users\/23"}],"replies":[{"embeddable":true,"href":"https:\/\/www.suno.com.br\/noticias\/wp-json\/wp\/v2\/comments?post=44082"}],"version-history":[{"count":0,"href":"https:\/\/www.suno.com.br\/noticias\/wp-json\/wp\/v2\/posts\/44082\/revisions"}],"wp:featuredmedia":[{"embeddable":true,"href":"https:\/\/www.suno.com.br\/noticias\/wp-json\/wp\/v2\/media\/43968"}],"wp:attachment":[{"href":"https:\/\/www.suno.com.br\/noticias\/wp-json\/wp\/v2\/media?parent=44082"}],"wp:term":[{"taxonomy":"category","embeddable":true,"href":"https:\/\/www.suno.com.br\/noticias\/wp-json\/wp\/v2\/categories?post=44082"},{"taxonomy":"post_tag","embeddable":true,"href":"https:\/\/www.suno.com.br\/noticias\/wp-json\/wp\/v2\/tags?post=44082"},{"taxonomy":"suno_strategy","embeddable":true,"href":"https:\/\/www.suno.com.br\/noticias\/wp-json\/wp\/v2\/suno_strategy?post=44082"}],"curies":[{"name":"wp","href":"https:\/\/api.w.org\/{rel}","templated":true}]}}