{"id":4408,"date":"2018-09-25T18:28:45","date_gmt":"2018-09-25T21:28:45","guid":{"rendered":"https:\/\/www.suno.com.br\/noticias\/?p=4408"},"modified":"2021-02-18T15:25:43","modified_gmt":"2021-02-18T18:25:43","slug":"uber-lite-novos-usuarios","status":"publish","type":"post","link":"https:\/\/www.suno.com.br\/noticias\/uber-lite-novos-usuarios\/","title":{"rendered":"Em busca de novos usu\u00e1rios, Uber lan\u00e7a aplicativo de 5 MB"},"content":{"rendered":"<p>A Uber anunciou o lan\u00e7amento de seu mais novo aplicativo para o Brasil, o Uber Lite, para atender a popula\u00e7\u00e3o com menos recursos financeiros nas principais cidades do pa\u00eds.<\/p>\t<div class=\"wrapper-featured-image\">\n\t\t<figure class=\"spotlightImg\">\n\n\t\t\t<picture>\n\t\t\t\t<source media=\"(max-width: 768px)\" srcset=\"https:\/\/files.sunoresearch.com.br\/n\/uploads\/2018\/09\/97125ca2-uber-em-portugal-400x200.webp\">\n\t\t\t\t<img loading=\"lazy\" decoding=\"async\" class=\"newsContent__article__imgCapa lazyloadDisabled newsContent__article__imgCapa--noCaption\" src=\"https:\/\/files.sunoresearch.com.br\/n\/uploads\/2018\/09\/97125ca2-uber-em-portugal-jpg.webp\" width=\"800\" height=\"450\" alt=\"Em busca de novos usu\u00e1rios, Uber lan\u00e7a aplicativo de 5 MB\" fetchpriority=high \/>\n\t\t\t<\/picture>\n\n\t\t\t<figcaption class=\"wp-caption-text wp-caption-text--hide\">Justi\u00e7a da It\u00e1lia coloca Uber em administra\u00e7\u00e3o judicial por explora\u00e7\u00e3o<\/figcaption>\n\t\t<\/figure>\n\t<\/div>\n\n\n<p>Segundo Tiana Janlovic, diretora de parcerias da Uber no Brasil, \u201cA \u00a0ideia da qual a gente pariu \u00e9 que a Uber deveria ser um servi\u00e7o t\u00e3o conveniente para as pessoas como \u00e9 a \u00e1gua encanada em casa. Independentemente da situa\u00e7\u00e3o financeira, do local onde voc\u00ea mora ou do cart\u00e3o de cr\u00e9dito\u201d<\/p>\n<p>A ideia do aplicativo \u00e9 que ele rode em celulares mais antigos em que o app original n\u00e3o pode funcionar com perfei\u00e7\u00e3o. O primeiro local de lan\u00e7amento da plataforma foi na \u00cdndia e o Brasil o segundo. O aplicativo pesa 5MB, ou seja, o peso de 3 fotos armazenadas no celular.<\/p>\n<p>A empresa tamb\u00e9m informou que o Uber Lite tem acoplado um sistema de geolocaliza\u00e7\u00e3o vem definido em que o usu\u00e1rio n\u00e3o necessariamente precisara escrever o endere\u00e7o na tela do celular. A diferen\u00e7a \u00e9 que o app descobre o local em que o consumidor est\u00e1 e coloca pontos de \u00a0refer\u00eancia para para esperar o motorista.<\/p>\n<p>\u201cOs smartphones mais simples demoram para abrir o teclado e, as vezes, podem travar\u201d disse o vice-presidente da Uber, Manik Gupta.<\/p>\n<p>Diferente da vers\u00e3o original, o mapa s\u00f3 abrir\u00e1 caso o consumidor quiser. A vers\u00e3o beta do aplicativo est\u00e1 dispon\u00edvel no site da Uber.<\/p>\n<p>Segundo Jankovic, o Uber Lite tamb\u00e9m \u00e9 ideal para idosos que tem dificuldade com as novas tecnologias e preferem aplicativos mais f\u00e1ceis de manusear.<\/p>\n","protected":false},"excerpt":{"rendered":"<p>A Uber anunciou o lan\u00e7amento de seu mais novo aplicativo para o Brasil, o Uber Lite, para atender a popula\u00e7\u00e3o com menos recursos financeiros nas principais cidades do pa\u00eds. Justi\u00e7a da It\u00e1lia coloca Uber em administra\u00e7\u00e3o judicial por explora\u00e7\u00e3o Segundo Tiana Janlovic, diretora de parcerias da Uber no Brasil, \u201cA \u00a0ideia da qual a gente [&hellip;]<\/p>\n","protected":false},"author":6,"featured_media":4409,"comment_status":"closed","ping_status":"closed","sticky":false,"template":"","format":"standard","meta":[],"categories":[64],"tags":[],"suno_strategy":[],"class_list":["post-4408","post","type-post","status-publish","format-standard","has-post-thumbnail","hentry","category-negocios"],"yoast_head":"<!-- This site is optimized with the Yoast SEO plugin v24.4 - https:\/\/yoast.com\/wordpress\/plugins\/seo\/ -->\n<title>Em busca de novos usu\u00e1rios, Uber lan\u00e7a aplicativo de 5 MB<\/title>\n<meta name=\"robots\" content=\"index, follow, max-snippet:-1, max-image-preview:large, max-video-preview:-1\" \/>\n<link rel=\"canonical\" href=\"https:\/\/www.suno.com.br\/noticias\/uber-lite-novos-usuarios\/\" \/>\n<meta property=\"og:locale\" content=\"pt_BR\" \/>\n<meta property=\"og:type\" content=\"article\" \/>\n<meta property=\"og:title\" content=\"Em busca de novos usu\u00e1rios, Uber lan\u00e7a aplicativo de 5 MB\" \/>\n<meta property=\"og:description\" content=\"A Uber anunciou o lan\u00e7amento de seu mais novo aplicativo para o Brasil, o Uber Lite, para atender a popula\u00e7\u00e3o com menos recursos financeiros nas principais cidades do pa\u00eds. Justi\u00e7a da It\u00e1lia coloca Uber em administra\u00e7\u00e3o judicial por explora\u00e7\u00e3o Segundo Tiana Janlovic, diretora de parcerias da Uber no Brasil, \u201cA \u00a0ideia da qual a gente [&hellip;]\" \/>\n<meta property=\"og:url\" content=\"https:\/\/www.suno.com.br\/noticias\/uber-lite-novos-usuarios\/\" \/>\n<meta property=\"og:site_name\" content=\"Suno Not\u00edcias\" \/>\n<meta property=\"article:publisher\" content=\"https:\/\/facebook.com\/sunoresearch\" \/>\n<meta property=\"article:author\" content=\"https:\/\/www.linkedin.com\/in\/paulo-jaschke-328221168\/\" \/>\n<meta property=\"og:image\" content=\"https:\/\/files.sunoresearch.com.br\/n\/uploads\/2018\/09\/97125ca2-uber-em-portugal.jpg\" \/>\n\t<meta property=\"og:image:width\" content=\"740\" \/>\n\t<meta property=\"og:image:height\" content=\"480\" \/>\n\t<meta property=\"og:image:type\" content=\"image\/jpeg\" \/>\n<meta name=\"author\" content=\"Paulo Jaschke\" \/>\n<meta name=\"twitter:card\" content=\"summary_large_image\" \/>\n<meta name=\"twitter:creator\" content=\"@sunoresearch\" \/>\n<meta name=\"twitter:site\" content=\"@sunoresearch\" \/>\n<meta name=\"twitter:label1\" content=\"Escrito por\" \/>\n\t<meta name=\"twitter:data1\" content=\"Paulo Jaschke\" \/>\n\t<meta name=\"twitter:label2\" content=\"Est. tempo de leitura\" \/>\n\t<meta name=\"twitter:data2\" content=\"1 minuto\" \/>\n<script type=\"application\/ld+json\" class=\"yoast-schema-graph\">{\"@context\":\"https:\/\/schema.org\",\"@graph\":[{\"@type\":\"NewsArticle\",\"@id\":\"https:\/\/www.suno.com.br\/noticias\/uber-lite-novos-usuarios\/#article\",\"isPartOf\":{\"@id\":\"https:\/\/www.suno.com.br\/noticias\/uber-lite-novos-usuarios\/\"},\"author\":{\"name\":\"Paulo Jaschke\",\"@id\":\"https:\/\/www.suno.com.br\/noticias\/#\/schema\/person\/edc78e26bff487bcad4a7d5e75ca2938\"},\"headline\":\"Em busca de novos usu\u00e1rios, Uber lan\u00e7a aplicativo de 5 MB\",\"datePublished\":\"2018-09-25T21:28:45+00:00\",\"dateModified\":\"2021-02-18T18:25:43+00:00\",\"mainEntityOfPage\":{\"@id\":\"https:\/\/www.suno.com.br\/noticias\/uber-lite-novos-usuarios\/\"},\"wordCount\":282,\"publisher\":{\"@id\":\"https:\/\/www.suno.com.br\/noticias\/#organization\"},\"image\":{\"@id\":\"https:\/\/www.suno.com.br\/noticias\/uber-lite-novos-usuarios\/#primaryimage\"},\"thumbnailUrl\":\"https:\/\/files.sunoresearch.com.br\/n\/uploads\/2018\/09\/97125ca2-uber-em-portugal-jpg.webp\",\"articleSection\":[\"Neg\u00f3cios\"],\"inLanguage\":\"pt-BR\"},{\"@type\":\"WebPage\",\"@id\":\"https:\/\/www.suno.com.br\/noticias\/uber-lite-novos-usuarios\/\",\"url\":\"https:\/\/www.suno.com.br\/noticias\/uber-lite-novos-usuarios\/\",\"name\":\"Em busca de novos usu\u00e1rios, Uber lan\u00e7a aplicativo de 5 MB\",\"isPartOf\":{\"@id\":\"https:\/\/www.suno.com.br\/noticias\/#website\"},\"primaryImageOfPage\":{\"@id\":\"https:\/\/www.suno.com.br\/noticias\/uber-lite-novos-usuarios\/#primaryimage\"},\"image\":{\"@id\":\"https:\/\/www.suno.com.br\/noticias\/uber-lite-novos-usuarios\/#primaryimage\"},\"thumbnailUrl\":\"https:\/\/files.sunoresearch.com.br\/n\/uploads\/2018\/09\/97125ca2-uber-em-portugal-jpg.webp\",\"datePublished\":\"2018-09-25T21:28:45+00:00\",\"dateModified\":\"2021-02-18T18:25:43+00:00\",\"breadcrumb\":{\"@id\":\"https:\/\/www.suno.com.br\/noticias\/uber-lite-novos-usuarios\/#breadcrumb\"},\"inLanguage\":\"pt-BR\",\"potentialAction\":[{\"@type\":\"ReadAction\",\"target\":[\"https:\/\/www.suno.com.br\/noticias\/uber-lite-novos-usuarios\/\"]}]},{\"@type\":\"ImageObject\",\"inLanguage\":\"pt-BR\",\"@id\":\"https:\/\/www.suno.com.br\/noticias\/uber-lite-novos-usuarios\/#primaryimage\",\"url\":\"https:\/\/files.sunoresearch.com.br\/n\/uploads\/2018\/09\/97125ca2-uber-em-portugal-jpg.webp\",\"contentUrl\":\"https:\/\/files.sunoresearch.com.br\/n\/uploads\/2018\/09\/97125ca2-uber-em-portugal-jpg.webp\",\"width\":740,\"height\":480,\"caption\":\"Justi\u00e7a da It\u00e1lia coloca Uber em administra\u00e7\u00e3o judicial por explora\u00e7\u00e3o\"},{\"@type\":\"BreadcrumbList\",\"@id\":\"https:\/\/www.suno.com.br\/noticias\/uber-lite-novos-usuarios\/#breadcrumb\",\"itemListElement\":[{\"@type\":\"ListItem\",\"position\":1,\"name\":\"Not\u00edcias\",\"item\":\"https:\/\/www.suno.com.br\/noticias\/\"},{\"@type\":\"ListItem\",\"position\":2,\"name\":\"Neg\u00f3cios\",\"item\":\"https:\/\/www.suno.com.br\/noticias\/negocios\/\"},{\"@type\":\"ListItem\",\"position\":3,\"name\":\"Em busca de novos usu\u00e1rios, Uber lan\u00e7a aplicativo de 5 MB\"}]},{\"@type\":\"WebSite\",\"@id\":\"https:\/\/www.suno.com.br\/noticias\/#website\",\"url\":\"https:\/\/www.suno.com.br\/noticias\/\",\"name\":\"Suno Not\u00edcias\",\"description\":\"Seu portal de informa\u00e7\u00e3o sobre o mundo dos investimentos\",\"publisher\":{\"@id\":\"https:\/\/www.suno.com.br\/noticias\/#organization\"},\"potentialAction\":[{\"@type\":\"SearchAction\",\"target\":{\"@type\":\"EntryPoint\",\"urlTemplate\":\"https:\/\/www.suno.com.br\/noticias\/?s={search_term_string}\"},\"query-input\":{\"@type\":\"PropertyValueSpecification\",\"valueRequired\":true,\"valueName\":\"search_term_string\"}}],\"inLanguage\":\"pt-BR\"},{\"@type\":\"Organization\",\"@id\":\"https:\/\/www.suno.com.br\/noticias\/#organization\",\"name\":\"Suno Not\u00edcias\",\"url\":\"https:\/\/www.suno.com.br\/noticias\/\",\"logo\":{\"@type\":\"ImageObject\",\"inLanguage\":\"pt-BR\",\"@id\":\"https:\/\/www.suno.com.br\/noticias\/#\/schema\/logo\/image\/\",\"url\":\"https:\/\/files.sunoresearch.com.br\/n\/uploads\/2021\/09\/suno-logo.png\",\"contentUrl\":\"https:\/\/files.sunoresearch.com.br\/n\/uploads\/2021\/09\/suno-logo.png\",\"width\":180,\"height\":180,\"caption\":\"Suno Not\u00edcias\"},\"image\":{\"@id\":\"https:\/\/www.suno.com.br\/noticias\/#\/schema\/logo\/image\/\"},\"sameAs\":[\"https:\/\/facebook.com\/sunoresearch\",\"https:\/\/x.com\/sunoresearch\",\"https:\/\/www.instagram.com\/suno\",\"https:\/\/www.linkedin.com\/company\/suno-research\/\",\"https:\/\/www.youtube.com\/c\/sunoresearch\"]},{\"@type\":\"Person\",\"@id\":\"https:\/\/www.suno.com.br\/noticias\/#\/schema\/person\/edc78e26bff487bcad4a7d5e75ca2938\",\"name\":\"Paulo Jaschke\",\"image\":{\"@type\":\"ImageObject\",\"inLanguage\":\"pt-BR\",\"@id\":\"https:\/\/www.suno.com.br\/noticias\/#\/schema\/person\/image\/\",\"url\":\"https:\/\/secure.gravatar.com\/avatar\/d866ede420b0a0e4741620ba27841b8f?s=96&r=g\",\"contentUrl\":\"https:\/\/secure.gravatar.com\/avatar\/d866ede420b0a0e4741620ba27841b8f?s=96&r=g\",\"caption\":\"Paulo Jaschke\"},\"description\":\"Paulo Jaschke \u00e9 estudante de jornalismo na ESPM-SP. Escreve sobre o mercado financeiro, economia e pol\u00edtica internacional para o portal da Suno Research. Tamb\u00e9m escreve sobre economia internacional na ag\u00eancia CMA e \u00e9 rep\u00f3rter esportivo pela Web r\u00e1dio EsportesNet. Em 2018, foi rep\u00f3rter esportivo pela R\u00e1dio ESPM na Copa do Mundo 2018 e escreveu para a Revista Plural ESPM.\",\"sameAs\":[\"https:\/\/www.suno.com.br\/\",\"https:\/\/www.linkedin.com\/in\/paulo-jaschke-328221168\/\"],\"url\":\"https:\/\/www.suno.com.br\/noticias\/author\/paulo-jaschke\/\"}]}<\/script>\n<!-- \/ Yoast SEO plugin. -->","yoast_head_json":{"title":"Em busca de novos usu\u00e1rios, Uber lan\u00e7a aplicativo de 5 MB","robots":{"index":"index","follow":"follow","max-snippet":"max-snippet:-1","max-image-preview":"max-image-preview:large","max-video-preview":"max-video-preview:-1"},"canonical":"https:\/\/www.suno.com.br\/noticias\/uber-lite-novos-usuarios\/","og_locale":"pt_BR","og_type":"article","og_title":"Em busca de novos usu\u00e1rios, Uber lan\u00e7a aplicativo de 5 MB","og_description":"A Uber anunciou o lan\u00e7amento de seu mais novo aplicativo para o Brasil, o Uber Lite, para atender a popula\u00e7\u00e3o com menos recursos financeiros nas principais cidades do pa\u00eds. Justi\u00e7a da It\u00e1lia coloca Uber em administra\u00e7\u00e3o judicial por explora\u00e7\u00e3o Segundo Tiana Janlovic, diretora de parcerias da Uber no Brasil, \u201cA \u00a0ideia da qual a gente [&hellip;]","og_url":"https:\/\/www.suno.com.br\/noticias\/uber-lite-novos-usuarios\/","og_site_name":"Suno Not\u00edcias","article_publisher":"https:\/\/facebook.com\/sunoresearch","article_author":"https:\/\/www.linkedin.com\/in\/paulo-jaschke-328221168\/","og_image":[{"width":740,"height":480,"url":"https:\/\/files.sunoresearch.com.br\/n\/uploads\/2018\/09\/97125ca2-uber-em-portugal.jpg","type":"image\/jpeg"}],"author":"Paulo Jaschke","twitter_card":"summary_large_image","twitter_creator":"@sunoresearch","twitter_site":"@sunoresearch","twitter_misc":{"Escrito por":"Paulo Jaschke","Est. tempo de leitura":"1 minuto"},"schema":{"@context":"https:\/\/schema.org","@graph":[{"@type":"NewsArticle","@id":"https:\/\/www.suno.com.br\/noticias\/uber-lite-novos-usuarios\/#article","isPartOf":{"@id":"https:\/\/www.suno.com.br\/noticias\/uber-lite-novos-usuarios\/"},"author":{"name":"Paulo Jaschke","@id":"https:\/\/www.suno.com.br\/noticias\/#\/schema\/person\/edc78e26bff487bcad4a7d5e75ca2938"},"headline":"Em busca de novos usu\u00e1rios, Uber lan\u00e7a aplicativo de 5 MB","datePublished":"2018-09-25T21:28:45+00:00","dateModified":"2021-02-18T18:25:43+00:00","mainEntityOfPage":{"@id":"https:\/\/www.suno.com.br\/noticias\/uber-lite-novos-usuarios\/"},"wordCount":282,"publisher":{"@id":"https:\/\/www.suno.com.br\/noticias\/#organization"},"image":{"@id":"https:\/\/www.suno.com.br\/noticias\/uber-lite-novos-usuarios\/#primaryimage"},"thumbnailUrl":"https:\/\/files.sunoresearch.com.br\/n\/uploads\/2018\/09\/97125ca2-uber-em-portugal-jpg.webp","articleSection":["Neg\u00f3cios"],"inLanguage":"pt-BR"},{"@type":"WebPage","@id":"https:\/\/www.suno.com.br\/noticias\/uber-lite-novos-usuarios\/","url":"https:\/\/www.suno.com.br\/noticias\/uber-lite-novos-usuarios\/","name":"Em busca de novos usu\u00e1rios, Uber lan\u00e7a aplicativo de 5 MB","isPartOf":{"@id":"https:\/\/www.suno.com.br\/noticias\/#website"},"primaryImageOfPage":{"@id":"https:\/\/www.suno.com.br\/noticias\/uber-lite-novos-usuarios\/#primaryimage"},"image":{"@id":"https:\/\/www.suno.com.br\/noticias\/uber-lite-novos-usuarios\/#primaryimage"},"thumbnailUrl":"https:\/\/files.sunoresearch.com.br\/n\/uploads\/2018\/09\/97125ca2-uber-em-portugal-jpg.webp","datePublished":"2018-09-25T21:28:45+00:00","dateModified":"2021-02-18T18:25:43+00:00","breadcrumb":{"@id":"https:\/\/www.suno.com.br\/noticias\/uber-lite-novos-usuarios\/#breadcrumb"},"inLanguage":"pt-BR","potentialAction":[{"@type":"ReadAction","target":["https:\/\/www.suno.com.br\/noticias\/uber-lite-novos-usuarios\/"]}]},{"@type":"ImageObject","inLanguage":"pt-BR","@id":"https:\/\/www.suno.com.br\/noticias\/uber-lite-novos-usuarios\/#primaryimage","url":"https:\/\/files.sunoresearch.com.br\/n\/uploads\/2018\/09\/97125ca2-uber-em-portugal-jpg.webp","contentUrl":"https:\/\/files.sunoresearch.com.br\/n\/uploads\/2018\/09\/97125ca2-uber-em-portugal-jpg.webp","width":740,"height":480,"caption":"Justi\u00e7a da It\u00e1lia coloca Uber em administra\u00e7\u00e3o judicial por explora\u00e7\u00e3o"},{"@type":"BreadcrumbList","@id":"https:\/\/www.suno.com.br\/noticias\/uber-lite-novos-usuarios\/#breadcrumb","itemListElement":[{"@type":"ListItem","position":1,"name":"Not\u00edcias","item":"https:\/\/www.suno.com.br\/noticias\/"},{"@type":"ListItem","position":2,"name":"Neg\u00f3cios","item":"https:\/\/www.suno.com.br\/noticias\/negocios\/"},{"@type":"ListItem","position":3,"name":"Em busca de novos usu\u00e1rios, Uber lan\u00e7a aplicativo de 5 MB"}]},{"@type":"WebSite","@id":"https:\/\/www.suno.com.br\/noticias\/#website","url":"https:\/\/www.suno.com.br\/noticias\/","name":"Suno Not\u00edcias","description":"Seu portal de informa\u00e7\u00e3o sobre o mundo dos investimentos","publisher":{"@id":"https:\/\/www.suno.com.br\/noticias\/#organization"},"potentialAction":[{"@type":"SearchAction","target":{"@type":"EntryPoint","urlTemplate":"https:\/\/www.suno.com.br\/noticias\/?s={search_term_string}"},"query-input":{"@type":"PropertyValueSpecification","valueRequired":true,"valueName":"search_term_string"}}],"inLanguage":"pt-BR"},{"@type":"Organization","@id":"https:\/\/www.suno.com.br\/noticias\/#organization","name":"Suno Not\u00edcias","url":"https:\/\/www.suno.com.br\/noticias\/","logo":{"@type":"ImageObject","inLanguage":"pt-BR","@id":"https:\/\/www.suno.com.br\/noticias\/#\/schema\/logo\/image\/","url":"https:\/\/files.sunoresearch.com.br\/n\/uploads\/2021\/09\/suno-logo.png","contentUrl":"https:\/\/files.sunoresearch.com.br\/n\/uploads\/2021\/09\/suno-logo.png","width":180,"height":180,"caption":"Suno Not\u00edcias"},"image":{"@id":"https:\/\/www.suno.com.br\/noticias\/#\/schema\/logo\/image\/"},"sameAs":["https:\/\/facebook.com\/sunoresearch","https:\/\/x.com\/sunoresearch","https:\/\/www.instagram.com\/suno","https:\/\/www.linkedin.com\/company\/suno-research\/","https:\/\/www.youtube.com\/c\/sunoresearch"]},{"@type":"Person","@id":"https:\/\/www.suno.com.br\/noticias\/#\/schema\/person\/edc78e26bff487bcad4a7d5e75ca2938","name":"Paulo Jaschke","image":{"@type":"ImageObject","inLanguage":"pt-BR","@id":"https:\/\/www.suno.com.br\/noticias\/#\/schema\/person\/image\/","url":"https:\/\/secure.gravatar.com\/avatar\/d866ede420b0a0e4741620ba27841b8f?s=96&r=g","contentUrl":"https:\/\/secure.gravatar.com\/avatar\/d866ede420b0a0e4741620ba27841b8f?s=96&r=g","caption":"Paulo Jaschke"},"description":"Paulo Jaschke \u00e9 estudante de jornalismo na ESPM-SP. Escreve sobre o mercado financeiro, economia e pol\u00edtica internacional para o portal da Suno Research. Tamb\u00e9m escreve sobre economia internacional na ag\u00eancia CMA e \u00e9 rep\u00f3rter esportivo pela Web r\u00e1dio EsportesNet. Em 2018, foi rep\u00f3rter esportivo pela R\u00e1dio ESPM na Copa do Mundo 2018 e escreveu para a Revista Plural ESPM.","sameAs":["https:\/\/www.suno.com.br\/","https:\/\/www.linkedin.com\/in\/paulo-jaschke-328221168\/"],"url":"https:\/\/www.suno.com.br\/noticias\/author\/paulo-jaschke\/"}]}},"default_loop_html":"<div class=\"cardsPage__listCard__boxs\"><div class=\"cardsPage__listCard__boxs__img\"><a href=\"https:\/\/www.suno.com.br\/noticias\/uber-lite-novos-usuarios\/\"><img class=\"mask\" src=\"https:\/\/www.suno.com.br\/noticias\/wp-content\/themes\/suno\/resources\/images\/spotlight\/spotlight1img\/bg-mask.png\" alt=\"Image Mask\"\/><img src=\"https:\/\/files.sunoresearch.com.br\/n\/uploads\/2018\/09\/97125ca2-uber-em-portugal-400x200.webp\" alt=\"Em busca de novos usu\u00e1rios, Uber lan\u00e7a aplicativo de 5 MB\"\/><\/a><span class=\"spotlightCategory\"><a href=\"https:\/\/www.suno.com.br\/noticias\/negocios\/\">Neg\u00f3cios<\/a><\/span><\/div><div class=\"cardsPage__listCard__boxs__content\"><a href=\"https:\/\/www.suno.com.br\/noticias\/uber-lite-novos-usuarios\/\"><h2 class=\"content__title\">Em busca de novos usu\u00e1rios, Uber lan\u00e7a aplicativo de 5 MB<\/h2><\/a><div class=\"newsContent__article__meta\"><div class=\"newsContent__article__meta__authorBox\"><a href=\"https:\/\/www.suno.com.br\/noticias\/author\/paulo-jaschke\/\" class=\"authorBox__avatar noMobi\"><img src=\"https:\/\/secure.gravatar.com\/avatar\/d866ede420b0a0e4741620ba27841b8f?s=96&#038;r=g\" alt=\"Paulo Jaschke\"><\/a><div class=\"authorBox__name\"><span>por\n\t\t\t<a href=\"https:\/\/www.suno.com.br\/noticias\/author\/paulo-jaschke\/\"><span itemprop=\"author\">Paulo Jaschke<\/span><\/a><\/span><time datetime=\"2018-09-25T18:28:45-03:00\" itemprop=\"datePublished\">25\/09\/2018 18:28<\/time><\/div><\/div><\/div><\/div><\/div>","single_layout":"posts","amp_enabled":true,"_links":{"self":[{"href":"https:\/\/www.suno.com.br\/noticias\/wp-json\/wp\/v2\/posts\/4408"}],"collection":[{"href":"https:\/\/www.suno.com.br\/noticias\/wp-json\/wp\/v2\/posts"}],"about":[{"href":"https:\/\/www.suno.com.br\/noticias\/wp-json\/wp\/v2\/types\/post"}],"author":[{"embeddable":true,"href":"https:\/\/www.suno.com.br\/noticias\/wp-json\/wp\/v2\/users\/6"}],"replies":[{"embeddable":true,"href":"https:\/\/www.suno.com.br\/noticias\/wp-json\/wp\/v2\/comments?post=4408"}],"version-history":[{"count":0,"href":"https:\/\/www.suno.com.br\/noticias\/wp-json\/wp\/v2\/posts\/4408\/revisions"}],"wp:featuredmedia":[{"embeddable":true,"href":"https:\/\/www.suno.com.br\/noticias\/wp-json\/wp\/v2\/media\/4409"}],"wp:attachment":[{"href":"https:\/\/www.suno.com.br\/noticias\/wp-json\/wp\/v2\/media?parent=4408"}],"wp:term":[{"taxonomy":"category","embeddable":true,"href":"https:\/\/www.suno.com.br\/noticias\/wp-json\/wp\/v2\/categories?post=4408"},{"taxonomy":"post_tag","embeddable":true,"href":"https:\/\/www.suno.com.br\/noticias\/wp-json\/wp\/v2\/tags?post=4408"},{"taxonomy":"suno_strategy","embeddable":true,"href":"https:\/\/www.suno.com.br\/noticias\/wp-json\/wp\/v2\/suno_strategy?post=4408"}],"curies":[{"name":"wp","href":"https:\/\/api.w.org\/{rel}","templated":true}]}}