{"id":44074,"date":"2019-11-07T17:02:46","date_gmt":"2019-11-07T19:02:46","guid":{"rendered":"https:\/\/www.suno.com.br\/noticias\/?p=44074"},"modified":"2019-11-07T17:02:46","modified_gmt":"2019-11-07T19:02:46","slug":"guerra-comercial-china-eua-acordo","status":"publish","type":"post","link":"https:\/\/www.suno.com.br\/noticias\/guerra-comercial-china-eua-acordo\/","title":{"rendered":"Guerra comercial: China e EUA concordam em acordo pr\u00f3vis\u00f3rio"},"content":{"rendered":"<p>O <strong>Minist\u00e9rio do<\/strong>\u00a0<strong>Com\u00e9rcio<\/strong> da <strong>China<\/strong> comunicou, nesta quinta-feira (7), que o pa\u00eds asi\u00e1tico e os <strong>EUA<\/strong> concordaram em cancelar em fases as tarifas adotadas durante sua guerra comercial. Apesar do comunicado, o Minist\u00e9rio n\u00e3o especificou um cronograma.<\/p>\t<div class=\"wrapper-featured-image\">\n\t\t<figure class=\"spotlightImg\">\n\n\t\t\t<picture>\n\t\t\t\t<source media=\"(max-width: 768px)\" srcset=\"https:\/\/files.sunoresearch.com.br\/n\/uploads\/2019\/08\/18af52a8-guerra-comercial-400x200.webp\">\n\t\t\t\t<img loading=\"lazy\" decoding=\"async\" class=\"newsContent__article__imgCapa lazyloadDisabled newsContent__article__imgCapa--noCaption\" src=\"https:\/\/files.sunoresearch.com.br\/n\/uploads\/2019\/08\/18af52a8-guerra-comercial-jpg.webp\" width=\"800\" height=\"450\" alt=\"Guerra comercial: China e EUA concordam em acordo pr\u00f3vis\u00f3rio\" fetchpriority=high \/>\n\t\t\t<\/picture>\n\n\t\t\t<figcaption class=\"wp-caption-text wp-caption-text--hide\">\u00c9 poss\u00edvel acordo comercial no final deste ano, diz autoridade americana<\/figcaption>\n\t\t<\/figure>\n\t<\/div>\n\n\n\n<p>O planejamento \u00e9 de que um acordo provis\u00f3rio sobre a <strong>guerra comercial<\/strong> entre <strong>EUA<\/strong> e <strong>China<\/strong> possa incluir uma promessa dos norte-americanos de retirar as tarifas que devem entrar em vigor em 15 de dezembro em cerca de US$ 156 bilh\u00f5es em importa\u00e7\u00f5es chinesas, que incluem :<\/p>\n<ul>\n<li><strong>celulares;<\/strong><\/li>\n<li><strong>laptops;<\/strong><\/li>\n<li><strong>brinquedos.<\/strong><\/li>\n<\/ul>\n<p>De acordo com o <strong>porta-voz<\/strong> do minist\u00e9rio chin\u00eas, <strong>Gao<\/strong> <strong>Feng<\/strong>, o cancelamento das tarifas era uma condi\u00e7\u00e3o importante para qualquer acordo. Al\u00e9m disso, Gao afirmou que ambos deveriam cancelar simultaneamente algumas tarifas para que se alcance a &#8220;fase um&#8221; de um acordo comercial.<\/p>\n<p>Em entrevista, <strong>Gao <\/strong>salientou: &#8220;A guerra comercial come\u00e7ou com tarifas, e deve terminar com o cancelamento de tarifas&#8221;.<\/p>\n\t<p>\n\t\t<a href=\"https:\/\/www.seculus.com.br\/blackfriday\" target=\"_blank\" data-element=\"shortcode-suno-banner\" title=\"Banner SUNO, clique e saiba mais\">\n\t\t\t<picture>\n\t\t\t\t<source media=\"(max-width: 500px)\" srcset=\"https:\/\/files.sunoresearch.com.br\/n\/uploads\/2023\/11\/seculus_suno_mobile_2.jpg\">\n\t\t\t\t<img class=\"newsContent__article__imgCapa newsContent__article__imgCapa--banner\"\n\t\t\t\t\tsrc=\"https:\/\/files.sunoresearch.com.br\/n\/uploads\/2023\/11\/seculus_suno_desktop_2.jpg\"\n\t\t\t\t\tdata-promo-id=\"474123\"\t\t\t\t\t\t\t\t\t\twidth='1420' height='240'\t\t\t\t\talt=\"https:\/\/files.sunoresearch.com.br\/n\/uploads\/2023\/11\/seculus_suno_desktop_2.jpg\"\n\t\t\t\t>\n\t\t\t<\/picture>\n\t\t<\/a>\n\t<\/p>\n\n\n<p>A propor\u00e7\u00e3o de tarifas canceladas para que os dois pa\u00edses possam chegar \u00e0 &#8220;fase um&#8221; do acordo deve ser a mesma, mas o n\u00famero a ser cancelado pode ser negociado, completou <strong>Gao<\/strong>.<\/p>\n<p>&#8220;Nas \u00faltimas duas semanas, os principais negociadores de ambos os lados tiveram discuss\u00f5es s\u00e9rias e construtivas para resolver v\u00e1rias preocupa\u00e7\u00f5es de forma apropriada. Ambos os lados concordaram em cancelar tarifas adicionais em diferentes fases, j\u00e1 que os dois fizeram progresso em suas negocia\u00e7\u00f5es.&#8221;, afirmou o porta-voz.<\/p>\n<h2>Guerra comercial e Apec<\/h2>\n<p>O governo dos <strong>Estados Unidos<\/strong> j\u00e1 havia informado, no dia 30 de outubro, que espera assinar um acordo comercial inicial com a China no pr\u00f3ximo m\u00eas, mesmo ap\u00f3s o cancelamento da c\u00fapula da <strong>Apec<\/strong> no <strong>Chile.<\/strong> As autoridades de ambos os pa\u00edses esperavam finalizar o pacto relacionado \u00e0 guerra comercial no evento.<\/p>\n<p><a href=\"https:\/\/www.suno.com.br\/noticias\/guerra-comercial-eua-acordo-china-novembro\/\">Saiba mais: Guerra comercial: EUA ainda esperam acordo com China em novembro<\/a><\/p>\n<p>Os <strong>EUA<\/strong> tamb\u00e9m afirmaram que a c\u00fapula da <strong>Coopera\u00e7\u00e3o Econ\u00f4mica \u00c1sia-Pac\u00edfico<\/strong> (<strong>Apec<\/strong>) ainda n\u00e3o tem um local alternativo para que possa ocorrer do dia 11 ao dia 17 de novembro, ap\u00f3s o governo chileno cancelar o plano de sediar o encontro com os l\u00edderes mundiais que marcaria um acordo na <strong>guerra comercial<\/strong>.<\/p>\n<p>O governo <strong>norte-americano<\/strong> salientou sobre a <strong>guerra comercial<\/strong>: &#8220;Estamos ansiosos para finalizar a fase um do hist\u00f3rico acordo comercial com a <strong>China<\/strong> dentro do mesmo per\u00edodo de tempo&#8221;.<\/p>\n","protected":false},"excerpt":{"rendered":"<p>O Minist\u00e9rio do\u00a0Com\u00e9rcio da China comunicou, nesta quinta-feira (7), que o pa\u00eds asi\u00e1tico e os EUA concordaram em cancelar em fases as tarifas adotadas durante sua guerra comercial. Apesar do comunicado, o Minist\u00e9rio n\u00e3o especificou um cronograma. \u00c9 poss\u00edvel acordo comercial no final deste ano, diz autoridade americana O planejamento \u00e9 de que um acordo [&hellip;]<\/p>\n","protected":false},"author":23,"featured_media":33249,"comment_status":"closed","ping_status":"closed","sticky":false,"template":"","format":"standard","meta":[],"categories":[63],"tags":[711,793,980],"suno_strategy":[],"class_list":["post-44074","post","type-post","status-publish","format-standard","has-post-thumbnail","hentry","category-internacional","tag-china","tag-estados-unidos-eua","tag-guerra-comercial"],"yoast_head":"<!-- This site is optimized with the Yoast SEO plugin v24.4 - https:\/\/yoast.com\/wordpress\/plugins\/seo\/ -->\n<title>Guerra comercial: China e EUA concordam em acordo pr\u00f3vis\u00f3rio<\/title>\n<meta name=\"description\" content=\"O Minist\u00e9rio do\u00a0Com\u00e9rcio da China concordou com os EUA em cancelar em fases as tarifas adotadas durante a guerra comercial. Clique para mais.\" \/>\n<meta name=\"robots\" content=\"index, follow, max-snippet:-1, max-image-preview:large, max-video-preview:-1\" \/>\n<link rel=\"canonical\" href=\"https:\/\/www.suno.com.br\/noticias\/guerra-comercial-china-eua-acordo\/\" \/>\n<meta property=\"og:locale\" content=\"pt_BR\" \/>\n<meta property=\"og:type\" content=\"article\" \/>\n<meta property=\"og:title\" content=\"Guerra comercial: China e EUA concordam em acordo pr\u00f3vis\u00f3rio\" \/>\n<meta property=\"og:description\" content=\"O Minist\u00e9rio do\u00a0Com\u00e9rcio da China concordou com os EUA em cancelar em fases as tarifas adotadas durante a guerra comercial. Clique para mais.\" \/>\n<meta property=\"og:url\" content=\"https:\/\/www.suno.com.br\/noticias\/guerra-comercial-china-eua-acordo\/\" \/>\n<meta property=\"og:site_name\" content=\"Suno Not\u00edcias\" \/>\n<meta property=\"article:publisher\" content=\"https:\/\/facebook.com\/sunoresearch\" \/>\n<meta property=\"og:image\" content=\"https:\/\/files.sunoresearch.com.br\/n\/uploads\/2019\/08\/18af52a8-guerra-comercial.jpg\" \/>\n\t<meta property=\"og:image:width\" content=\"470\" \/>\n\t<meta property=\"og:image:height\" content=\"314\" \/>\n\t<meta property=\"og:image:type\" content=\"image\/jpeg\" \/>\n<meta name=\"author\" content=\"Rafael Lara\" \/>\n<meta name=\"twitter:card\" content=\"summary_large_image\" \/>\n<meta name=\"twitter:creator\" content=\"@sunoresearch\" \/>\n<meta name=\"twitter:site\" content=\"@sunoresearch\" \/>\n<meta name=\"twitter:label1\" content=\"Escrito por\" \/>\n\t<meta name=\"twitter:data1\" content=\"Rafael Lara\" \/>\n\t<meta name=\"twitter:label2\" content=\"Est. tempo de leitura\" \/>\n\t<meta name=\"twitter:data2\" content=\"2 minutos\" \/>\n<script type=\"application\/ld+json\" class=\"yoast-schema-graph\">{\"@context\":\"https:\/\/schema.org\",\"@graph\":[{\"@type\":\"NewsArticle\",\"@id\":\"https:\/\/www.suno.com.br\/noticias\/guerra-comercial-china-eua-acordo\/#article\",\"isPartOf\":{\"@id\":\"https:\/\/www.suno.com.br\/noticias\/guerra-comercial-china-eua-acordo\/\"},\"author\":{\"name\":\"Rafael Lara\",\"@id\":\"https:\/\/www.suno.com.br\/noticias\/#\/schema\/person\/098743caeed97b37f51315c9576c4078\"},\"headline\":\"Guerra comercial: China e EUA concordam em acordo pr\u00f3vis\u00f3rio\",\"datePublished\":\"2019-11-07T19:02:46+00:00\",\"mainEntityOfPage\":{\"@id\":\"https:\/\/www.suno.com.br\/noticias\/guerra-comercial-china-eua-acordo\/\"},\"wordCount\":418,\"publisher\":{\"@id\":\"https:\/\/www.suno.com.br\/noticias\/#organization\"},\"image\":{\"@id\":\"https:\/\/www.suno.com.br\/noticias\/guerra-comercial-china-eua-acordo\/#primaryimage\"},\"thumbnailUrl\":\"https:\/\/files.sunoresearch.com.br\/n\/uploads\/2019\/08\/18af52a8-guerra-comercial-jpg.webp\",\"keywords\":[\"China\",\"Estados Unidos (EUA)\",\"guerra comercial\"],\"articleSection\":[\"Internacional\"],\"inLanguage\":\"pt-BR\"},{\"@type\":\"WebPage\",\"@id\":\"https:\/\/www.suno.com.br\/noticias\/guerra-comercial-china-eua-acordo\/\",\"url\":\"https:\/\/www.suno.com.br\/noticias\/guerra-comercial-china-eua-acordo\/\",\"name\":\"Guerra comercial: China e EUA concordam em acordo pr\u00f3vis\u00f3rio\",\"isPartOf\":{\"@id\":\"https:\/\/www.suno.com.br\/noticias\/#website\"},\"primaryImageOfPage\":{\"@id\":\"https:\/\/www.suno.com.br\/noticias\/guerra-comercial-china-eua-acordo\/#primaryimage\"},\"image\":{\"@id\":\"https:\/\/www.suno.com.br\/noticias\/guerra-comercial-china-eua-acordo\/#primaryimage\"},\"thumbnailUrl\":\"https:\/\/files.sunoresearch.com.br\/n\/uploads\/2019\/08\/18af52a8-guerra-comercial-jpg.webp\",\"datePublished\":\"2019-11-07T19:02:46+00:00\",\"description\":\"O Minist\u00e9rio do\u00a0Com\u00e9rcio da China concordou com os EUA em cancelar em fases as tarifas adotadas durante a guerra comercial. Clique para mais.\",\"breadcrumb\":{\"@id\":\"https:\/\/www.suno.com.br\/noticias\/guerra-comercial-china-eua-acordo\/#breadcrumb\"},\"inLanguage\":\"pt-BR\",\"potentialAction\":[{\"@type\":\"ReadAction\",\"target\":[\"https:\/\/www.suno.com.br\/noticias\/guerra-comercial-china-eua-acordo\/\"]}]},{\"@type\":\"ImageObject\",\"inLanguage\":\"pt-BR\",\"@id\":\"https:\/\/www.suno.com.br\/noticias\/guerra-comercial-china-eua-acordo\/#primaryimage\",\"url\":\"https:\/\/files.sunoresearch.com.br\/n\/uploads\/2019\/08\/18af52a8-guerra-comercial-jpg.webp\",\"contentUrl\":\"https:\/\/files.sunoresearch.com.br\/n\/uploads\/2019\/08\/18af52a8-guerra-comercial-jpg.webp\",\"width\":470,\"height\":314,\"caption\":\"\u00c9 poss\u00edvel acordo comercial no final deste ano, diz autoridade americana\"},{\"@type\":\"BreadcrumbList\",\"@id\":\"https:\/\/www.suno.com.br\/noticias\/guerra-comercial-china-eua-acordo\/#breadcrumb\",\"itemListElement\":[{\"@type\":\"ListItem\",\"position\":1,\"name\":\"Not\u00edcias\",\"item\":\"https:\/\/www.suno.com.br\/noticias\/\"},{\"@type\":\"ListItem\",\"position\":2,\"name\":\"Internacional\",\"item\":\"https:\/\/www.suno.com.br\/noticias\/internacional\/\"},{\"@type\":\"ListItem\",\"position\":3,\"name\":\"Guerra comercial: China e EUA concordam em acordo pr\u00f3vis\u00f3rio\"}]},{\"@type\":\"WebSite\",\"@id\":\"https:\/\/www.suno.com.br\/noticias\/#website\",\"url\":\"https:\/\/www.suno.com.br\/noticias\/\",\"name\":\"Suno Not\u00edcias\",\"description\":\"Seu portal de informa\u00e7\u00e3o sobre o mundo dos investimentos\",\"publisher\":{\"@id\":\"https:\/\/www.suno.com.br\/noticias\/#organization\"},\"potentialAction\":[{\"@type\":\"SearchAction\",\"target\":{\"@type\":\"EntryPoint\",\"urlTemplate\":\"https:\/\/www.suno.com.br\/noticias\/?s={search_term_string}\"},\"query-input\":{\"@type\":\"PropertyValueSpecification\",\"valueRequired\":true,\"valueName\":\"search_term_string\"}}],\"inLanguage\":\"pt-BR\"},{\"@type\":\"Organization\",\"@id\":\"https:\/\/www.suno.com.br\/noticias\/#organization\",\"name\":\"Suno Not\u00edcias\",\"url\":\"https:\/\/www.suno.com.br\/noticias\/\",\"logo\":{\"@type\":\"ImageObject\",\"inLanguage\":\"pt-BR\",\"@id\":\"https:\/\/www.suno.com.br\/noticias\/#\/schema\/logo\/image\/\",\"url\":\"https:\/\/files.sunoresearch.com.br\/n\/uploads\/2021\/09\/suno-logo.png\",\"contentUrl\":\"https:\/\/files.sunoresearch.com.br\/n\/uploads\/2021\/09\/suno-logo.png\",\"width\":180,\"height\":180,\"caption\":\"Suno Not\u00edcias\"},\"image\":{\"@id\":\"https:\/\/www.suno.com.br\/noticias\/#\/schema\/logo\/image\/\"},\"sameAs\":[\"https:\/\/facebook.com\/sunoresearch\",\"https:\/\/x.com\/sunoresearch\",\"https:\/\/www.instagram.com\/suno\",\"https:\/\/www.linkedin.com\/company\/suno-research\/\",\"https:\/\/www.youtube.com\/c\/sunoresearch\"]},{\"@type\":\"Person\",\"@id\":\"https:\/\/www.suno.com.br\/noticias\/#\/schema\/person\/098743caeed97b37f51315c9576c4078\",\"name\":\"Rafael Lara\",\"image\":{\"@type\":\"ImageObject\",\"inLanguage\":\"pt-BR\",\"@id\":\"https:\/\/www.suno.com.br\/noticias\/#\/schema\/person\/image\/\",\"url\":\"https:\/\/secure.gravatar.com\/avatar\/dfc254ab9bb2ea1895d98b9e9dae4bdd?s=96&r=g\",\"contentUrl\":\"https:\/\/secure.gravatar.com\/avatar\/dfc254ab9bb2ea1895d98b9e9dae4bdd?s=96&r=g\",\"caption\":\"Rafael Lara\"},\"description\":\"Rafael Lara cursa jornalismo na Faculdade C\u00e1sper L\u00edbero. Escreve sobre pol\u00edtica, economia e neg\u00f3cios para o portal Suno Not\u00edcias. Antes, colaborou na TV Gazeta na produ\u00e7\u00e3o do programa Edi\u00e7\u00e3o Extra.\",\"url\":\"https:\/\/www.suno.com.br\/noticias\/author\/rafael\/\"}]}<\/script>\n<!-- \/ Yoast SEO plugin. -->","yoast_head_json":{"title":"Guerra comercial: China e EUA concordam em acordo pr\u00f3vis\u00f3rio","description":"O Minist\u00e9rio do\u00a0Com\u00e9rcio da China concordou com os EUA em cancelar em fases as tarifas adotadas durante a guerra comercial. Clique para mais.","robots":{"index":"index","follow":"follow","max-snippet":"max-snippet:-1","max-image-preview":"max-image-preview:large","max-video-preview":"max-video-preview:-1"},"canonical":"https:\/\/www.suno.com.br\/noticias\/guerra-comercial-china-eua-acordo\/","og_locale":"pt_BR","og_type":"article","og_title":"Guerra comercial: China e EUA concordam em acordo pr\u00f3vis\u00f3rio","og_description":"O Minist\u00e9rio do\u00a0Com\u00e9rcio da China concordou com os EUA em cancelar em fases as tarifas adotadas durante a guerra comercial. Clique para mais.","og_url":"https:\/\/www.suno.com.br\/noticias\/guerra-comercial-china-eua-acordo\/","og_site_name":"Suno Not\u00edcias","article_publisher":"https:\/\/facebook.com\/sunoresearch","og_image":[{"width":470,"height":314,"url":"https:\/\/files.sunoresearch.com.br\/n\/uploads\/2019\/08\/18af52a8-guerra-comercial.jpg","type":"image\/jpeg"}],"author":"Rafael Lara","twitter_card":"summary_large_image","twitter_creator":"@sunoresearch","twitter_site":"@sunoresearch","twitter_misc":{"Escrito por":"Rafael Lara","Est. tempo de leitura":"2 minutos"},"schema":{"@context":"https:\/\/schema.org","@graph":[{"@type":"NewsArticle","@id":"https:\/\/www.suno.com.br\/noticias\/guerra-comercial-china-eua-acordo\/#article","isPartOf":{"@id":"https:\/\/www.suno.com.br\/noticias\/guerra-comercial-china-eua-acordo\/"},"author":{"name":"Rafael Lara","@id":"https:\/\/www.suno.com.br\/noticias\/#\/schema\/person\/098743caeed97b37f51315c9576c4078"},"headline":"Guerra comercial: China e EUA concordam em acordo pr\u00f3vis\u00f3rio","datePublished":"2019-11-07T19:02:46+00:00","mainEntityOfPage":{"@id":"https:\/\/www.suno.com.br\/noticias\/guerra-comercial-china-eua-acordo\/"},"wordCount":418,"publisher":{"@id":"https:\/\/www.suno.com.br\/noticias\/#organization"},"image":{"@id":"https:\/\/www.suno.com.br\/noticias\/guerra-comercial-china-eua-acordo\/#primaryimage"},"thumbnailUrl":"https:\/\/files.sunoresearch.com.br\/n\/uploads\/2019\/08\/18af52a8-guerra-comercial-jpg.webp","keywords":["China","Estados Unidos (EUA)","guerra comercial"],"articleSection":["Internacional"],"inLanguage":"pt-BR"},{"@type":"WebPage","@id":"https:\/\/www.suno.com.br\/noticias\/guerra-comercial-china-eua-acordo\/","url":"https:\/\/www.suno.com.br\/noticias\/guerra-comercial-china-eua-acordo\/","name":"Guerra comercial: China e EUA concordam em acordo pr\u00f3vis\u00f3rio","isPartOf":{"@id":"https:\/\/www.suno.com.br\/noticias\/#website"},"primaryImageOfPage":{"@id":"https:\/\/www.suno.com.br\/noticias\/guerra-comercial-china-eua-acordo\/#primaryimage"},"image":{"@id":"https:\/\/www.suno.com.br\/noticias\/guerra-comercial-china-eua-acordo\/#primaryimage"},"thumbnailUrl":"https:\/\/files.sunoresearch.com.br\/n\/uploads\/2019\/08\/18af52a8-guerra-comercial-jpg.webp","datePublished":"2019-11-07T19:02:46+00:00","description":"O Minist\u00e9rio do\u00a0Com\u00e9rcio da China concordou com os EUA em cancelar em fases as tarifas adotadas durante a guerra comercial. Clique para mais.","breadcrumb":{"@id":"https:\/\/www.suno.com.br\/noticias\/guerra-comercial-china-eua-acordo\/#breadcrumb"},"inLanguage":"pt-BR","potentialAction":[{"@type":"ReadAction","target":["https:\/\/www.suno.com.br\/noticias\/guerra-comercial-china-eua-acordo\/"]}]},{"@type":"ImageObject","inLanguage":"pt-BR","@id":"https:\/\/www.suno.com.br\/noticias\/guerra-comercial-china-eua-acordo\/#primaryimage","url":"https:\/\/files.sunoresearch.com.br\/n\/uploads\/2019\/08\/18af52a8-guerra-comercial-jpg.webp","contentUrl":"https:\/\/files.sunoresearch.com.br\/n\/uploads\/2019\/08\/18af52a8-guerra-comercial-jpg.webp","width":470,"height":314,"caption":"\u00c9 poss\u00edvel acordo comercial no final deste ano, diz autoridade americana"},{"@type":"BreadcrumbList","@id":"https:\/\/www.suno.com.br\/noticias\/guerra-comercial-china-eua-acordo\/#breadcrumb","itemListElement":[{"@type":"ListItem","position":1,"name":"Not\u00edcias","item":"https:\/\/www.suno.com.br\/noticias\/"},{"@type":"ListItem","position":2,"name":"Internacional","item":"https:\/\/www.suno.com.br\/noticias\/internacional\/"},{"@type":"ListItem","position":3,"name":"Guerra comercial: China e EUA concordam em acordo pr\u00f3vis\u00f3rio"}]},{"@type":"WebSite","@id":"https:\/\/www.suno.com.br\/noticias\/#website","url":"https:\/\/www.suno.com.br\/noticias\/","name":"Suno Not\u00edcias","description":"Seu portal de informa\u00e7\u00e3o sobre o mundo dos investimentos","publisher":{"@id":"https:\/\/www.suno.com.br\/noticias\/#organization"},"potentialAction":[{"@type":"SearchAction","target":{"@type":"EntryPoint","urlTemplate":"https:\/\/www.suno.com.br\/noticias\/?s={search_term_string}"},"query-input":{"@type":"PropertyValueSpecification","valueRequired":true,"valueName":"search_term_string"}}],"inLanguage":"pt-BR"},{"@type":"Organization","@id":"https:\/\/www.suno.com.br\/noticias\/#organization","name":"Suno Not\u00edcias","url":"https:\/\/www.suno.com.br\/noticias\/","logo":{"@type":"ImageObject","inLanguage":"pt-BR","@id":"https:\/\/www.suno.com.br\/noticias\/#\/schema\/logo\/image\/","url":"https:\/\/files.sunoresearch.com.br\/n\/uploads\/2021\/09\/suno-logo.png","contentUrl":"https:\/\/files.sunoresearch.com.br\/n\/uploads\/2021\/09\/suno-logo.png","width":180,"height":180,"caption":"Suno Not\u00edcias"},"image":{"@id":"https:\/\/www.suno.com.br\/noticias\/#\/schema\/logo\/image\/"},"sameAs":["https:\/\/facebook.com\/sunoresearch","https:\/\/x.com\/sunoresearch","https:\/\/www.instagram.com\/suno","https:\/\/www.linkedin.com\/company\/suno-research\/","https:\/\/www.youtube.com\/c\/sunoresearch"]},{"@type":"Person","@id":"https:\/\/www.suno.com.br\/noticias\/#\/schema\/person\/098743caeed97b37f51315c9576c4078","name":"Rafael Lara","image":{"@type":"ImageObject","inLanguage":"pt-BR","@id":"https:\/\/www.suno.com.br\/noticias\/#\/schema\/person\/image\/","url":"https:\/\/secure.gravatar.com\/avatar\/dfc254ab9bb2ea1895d98b9e9dae4bdd?s=96&r=g","contentUrl":"https:\/\/secure.gravatar.com\/avatar\/dfc254ab9bb2ea1895d98b9e9dae4bdd?s=96&r=g","caption":"Rafael Lara"},"description":"Rafael Lara cursa jornalismo na Faculdade C\u00e1sper L\u00edbero. Escreve sobre pol\u00edtica, economia e neg\u00f3cios para o portal Suno Not\u00edcias. Antes, colaborou na TV Gazeta na produ\u00e7\u00e3o do programa Edi\u00e7\u00e3o Extra.","url":"https:\/\/www.suno.com.br\/noticias\/author\/rafael\/"}]}},"default_loop_html":"<div class=\"cardsPage__listCard__boxs\"><div class=\"cardsPage__listCard__boxs__img\"><a href=\"https:\/\/www.suno.com.br\/noticias\/guerra-comercial-china-eua-acordo\/\"><img class=\"mask\" src=\"https:\/\/www.suno.com.br\/noticias\/wp-content\/themes\/suno\/resources\/images\/spotlight\/spotlight1img\/bg-mask.png\" alt=\"Image Mask\"\/><img src=\"https:\/\/files.sunoresearch.com.br\/n\/uploads\/2019\/08\/18af52a8-guerra-comercial-400x200.webp\" alt=\"Guerra comercial: China e EUA concordam em acordo pr\u00f3vis\u00f3rio\"\/><\/a><span class=\"spotlightCategory\"><a href=\"https:\/\/www.suno.com.br\/noticias\/internacional\/\">Internacional<\/a><\/span><\/div><div class=\"cardsPage__listCard__boxs__content\"><a href=\"https:\/\/www.suno.com.br\/noticias\/guerra-comercial-china-eua-acordo\/\"><h2 class=\"content__title\">Guerra comercial: China e EUA concordam em acordo pr\u00f3vis\u00f3rio<\/h2><\/a><div class=\"newsContent__article__meta\"><div class=\"newsContent__article__meta__authorBox\"><a href=\"https:\/\/www.suno.com.br\/noticias\/author\/rafael\/\" class=\"authorBox__avatar noMobi\"><img src=\"https:\/\/secure.gravatar.com\/avatar\/dfc254ab9bb2ea1895d98b9e9dae4bdd?s=96&#038;r=g\" alt=\"Rafael Lara\"><\/a><div class=\"authorBox__name\"><span>por\n\t\t\t<a href=\"https:\/\/www.suno.com.br\/noticias\/author\/rafael\/\"><span itemprop=\"author\">Rafael Lara<\/span><\/a><\/span><time datetime=\"2019-11-07T17:02:46-03:00\" itemprop=\"datePublished\">07\/11\/2019 17:02<\/time><\/div><\/div><\/div><\/div><\/div>","single_layout":"posts","amp_enabled":true,"_links":{"self":[{"href":"https:\/\/www.suno.com.br\/noticias\/wp-json\/wp\/v2\/posts\/44074"}],"collection":[{"href":"https:\/\/www.suno.com.br\/noticias\/wp-json\/wp\/v2\/posts"}],"about":[{"href":"https:\/\/www.suno.com.br\/noticias\/wp-json\/wp\/v2\/types\/post"}],"author":[{"embeddable":true,"href":"https:\/\/www.suno.com.br\/noticias\/wp-json\/wp\/v2\/users\/23"}],"replies":[{"embeddable":true,"href":"https:\/\/www.suno.com.br\/noticias\/wp-json\/wp\/v2\/comments?post=44074"}],"version-history":[{"count":0,"href":"https:\/\/www.suno.com.br\/noticias\/wp-json\/wp\/v2\/posts\/44074\/revisions"}],"wp:featuredmedia":[{"embeddable":true,"href":"https:\/\/www.suno.com.br\/noticias\/wp-json\/wp\/v2\/media\/33249"}],"wp:attachment":[{"href":"https:\/\/www.suno.com.br\/noticias\/wp-json\/wp\/v2\/media?parent=44074"}],"wp:term":[{"taxonomy":"category","embeddable":true,"href":"https:\/\/www.suno.com.br\/noticias\/wp-json\/wp\/v2\/categories?post=44074"},{"taxonomy":"post_tag","embeddable":true,"href":"https:\/\/www.suno.com.br\/noticias\/wp-json\/wp\/v2\/tags?post=44074"},{"taxonomy":"suno_strategy","embeddable":true,"href":"https:\/\/www.suno.com.br\/noticias\/wp-json\/wp\/v2\/suno_strategy?post=44074"}],"curies":[{"name":"wp","href":"https:\/\/api.w.org\/{rel}","templated":true}]}}