{"id":440502,"date":"2023-08-09T17:31:57","date_gmt":"2023-08-09T20:31:57","guid":{"rendered":"https:\/\/www.suno.com.br\/noticias\/?p=440502"},"modified":"2023-08-09T17:32:01","modified_gmt":"2023-08-09T20:32:01","slug":"via-viia3-magazine-luiza-mglu3-ibovespa-altas-quedas-motivos-mal","status":"publish","type":"post","link":"https:\/\/www.suno.com.br\/noticias\/via-viia3-magazine-luiza-mglu3-ibovespa-altas-quedas-motivos-mal\/","title":{"rendered":"Por que a Via (VIIA3) liderou altas no Ibovespa, enquanto Magazine Luiza (MGLU3) amargou queda?"},"content":{"rendered":"<p>As a\u00e7\u00f5es da Via (VIIA3) lideraram altas no Ibovespa nesta quarta (9), enquanto as do <a class=\"suno-keyword\" target=\"_blank\" data-force=\"yes\" data-priority=\"2\" href=\"https:\/\/www.suno.com.br\/acoes\/MGLU3\/\" rel=\"noopener\">Magazine Luiza (MGLU3)<\/a> ficaram no terreno negativo &#8211; assim como a de outras varejistas, entre as quais <a class=\"suno-keyword\" target=\"_blank\" data-force=\"yes\" data-priority=\"2\" href=\"https:\/\/www.suno.com.br\/acoes\/LREN3\/\" rel=\"noopener\">Lojas Renner (LREN3)<\/a> e <a class=\"suno-keyword\" target=\"_blank\" data-force=\"yes\" data-priority=\"2\" href=\"https:\/\/www.suno.com.br\/acoes\/PETZ3\/\" rel=\"noopener\">Petz (PETZ3)<\/a>.<\/p>\t<div class=\"wrapper-featured-image\">\n\t\t<figure class=\"spotlightImg\">\n\n\t\t\t<picture>\n\t\t\t\t<source media=\"(max-width: 768px)\" srcset=\"https:\/\/files.sunoresearch.com.br\/n\/uploads\/2023\/02\/Via-400x200.jpg\">\n\t\t\t\t<img loading=\"lazy\" decoding=\"async\" class=\"newsContent__article__imgCapa lazyloadDisabled \" src=\"https:\/\/files.sunoresearch.com.br\/n\/uploads\/2023\/02\/Via-800x450.jpg\" width=\"800\" height=\"450\" alt=\"Por que a Via (VIIA3) liderou altas no Ibovespa, enquanto Magazine Luiza (MGLU3) amargou queda?\" fetchpriority=high \/>\n\t\t\t<\/picture>\n\n\t\t\t<figcaption class=\"wp-caption-text wp-caption-text--show\">Via (VIIA3). Foto: Divulga\u00e7\u00e3o<\/figcaption>\n\t\t<\/figure>\n\t<\/div>\n\n\n\n\n\n\t<p>\n\t\t<a href=\"https:\/\/lp.suno.com.br\/planilha-da-vida-financeira\/\" target=\"_blank\" data-element=\"shortcode-suno-banner\" title=\"Banner SUNO, clique e saiba mais\">\n\t\t\t<picture>\n\t\t\t\t<source media=\"(max-width: 500px)\" srcset=\"https:\/\/files.sunoresearch.com.br\/n\/uploads\/2023\/04\/400x300-Planilha-vida-financeira-true.png\">\n\t\t\t\t<img class=\"newsContent__article__imgCapa newsContent__article__imgCapa--banner\"\n\t\t\t\t\tsrc=\"https:\/\/files.sunoresearch.com.br\/n\/uploads\/2023\/04\/1420x240-Planilha-vida-financeira-true.png\"\n\t\t\t\t\tdata-promo-id=\"106682\"\t\t\t\t\t\t\t\t\t\twidth='1420' height='240'\t\t\t\t\talt=\"https:\/\/files.sunoresearch.com.br\/n\/uploads\/2023\/04\/1420x240-Planilha-vida-financeira-true.png\"\n\t\t\t\t>\n\t\t\t<\/picture>\n\t\t<\/a>\n\t<\/p>\n\n\n\n\n\n<p>No fechamento os pap\u00e9is da Via subiram 3,28%, cotados a R$ 1,90, enquanto os ativos do <a class=\"suno-keyword\" target=\"_blank\" data-force=\"yes\" data-priority=\"2\" href=\"https:\/\/www.suno.com.br\/acoes\/MGLU3\/\" rel=\"noopener\">Magazine Luiza (MGLU3)<\/a> recuaram 0,67%. Petz teve baixa de 6,97% e Renner desceu 4,44%.<\/p>\n\n\n\n<div class=\"pluginQuotation\">\n  <p class=\"ticker\">\n    Cota\u00e7\u00e3o <span>VIIA3<\/span>\n  <\/p>\n  <div class=\"info\">\n    <div class=\"leftSide\">\n      Gr\u00e1fico gerado em: 09\/08\/2023    <\/div>\n\t\t\t\t\t<div class=\"rightSide\">\n\t\t\t\t\t<span class=\"period\">\n\t\t\t\t\t\t1 M\u00eas\t\t\t\t\t<\/span>\n\t\t\t<\/div>\n\t\t  <\/div>\n\n  <div id=\"chart-24cb24a579d855a552a4855a9317c7a3\" data-block-hash=\"24cb24a579d855a552a4855a9317c7a3\"  class=\"chart\" style=\"width:100%;height:400px;\"><\/div>\n\n  <div class=\"pluginQuotation__footer\">\n    <div class=\"dataChart\">\n\n      <div class=\"dataChart__div1 variation\">\n        <div class=\"value-negative\">\n          -7,35 (-0,15%)        <\/div>\n        <div class=\"text\">\n          Varia\u00e7\u00e3o do per\u00edodo\n        <\/div>\n      <\/div>\n\n      <div class=\"dataChart__div2 minMax\">\n        <div class=\"value\">\n          R$\u00a01,83        <\/div>\n        <div class=\"text\">\n          M\u00ednima\n        <\/div>\n      <\/div>\n\n      <div class=\"dataChart__div3 minMax\">\n        <div class=\"value\">\n          R$\u00a02,16        <\/div>\n        <div class=\"text\">\n          M\u00e1xima\n        <\/div>\n      <\/div>\n\n\t\t\t<div class=\"dataChart__div4 rightSide\">\n\t\t\t\t<div class=\"analiticaSource\">\n\t\t\t\t\t<span>\n\t\t\t\t\t\tFonte:\n\t\t\t\t\t<\/span>\n\t\t\t\t\t<img decoding=\"async\" class=\"analiticaLogo\" src=\"https:\/\/www.suno.com.br\/noticias\/wp-content\/plugins\/suno-block-ticker-quotation\/src\/suno-analitica-logo.png\" alt=\"Logo Suno Anal\u00edtica\" \/>\n\t\t\t\t<\/div>\n\n\t\t\t\t<a href=\"https:\/\/www.suno.com.br\/analitica\/acoes\/VIIA3\" target=\"_blank\">\n\t\t\t\t\t<span>\n\t\t\t\t\t\tVer mais cota\u00e7\u00f5es\n\t\t\t\t\t<\/span>\n\t\t\t\t\t<svg xmlns=\"http:\/\/www.w3.org\/2000\/svg\" width=\"9\" height=\"8\" viewBox=\"0 0 9 8\" fill=\"none\">\n\t\t\t\t\t\t<path d=\"M4.20996 0L3.50496 0.705L6.29496 3.5H0.209961V4.5H6.29496L3.50496 7.295L4.20996 8L8.20996 4L4.20996 0Z\" fill=\"#D42126\" \/>\n\t\t\t\t\t<\/svg>\n\t\t\t\t<\/a>\n    <\/div>\n\n    <\/div>\n  <\/div>\n<\/div>\n\n\n<script type=\"text\/javascript\">\n  let chart_24cb24a579d855a552a4855a9317c7a3 = document.getElementById('chart-24cb24a579d855a552a4855a9317c7a3');\n  let data_json_24cb24a579d855a552a4855a9317c7a3 = \"[{\\\"date\\\":\\\"10\\\\\\\/07\\\\\\\/23 \\\",\\\"value\\\":2.04},{\\\"date\\\":\\\"11\\\\\\\/07\\\\\\\/23 \\\",\\\"value\\\":2.02},{\\\"date\\\":\\\"12\\\\\\\/07\\\\\\\/23 \\\",\\\"value\\\":1.96},{\\\"date\\\":\\\"13\\\\\\\/07\\\\\\\/23 \\\",\\\"value\\\":1.95},{\\\"date\\\":\\\"14\\\\\\\/07\\\\\\\/23 \\\",\\\"value\\\":1.93},{\\\"date\\\":\\\"17\\\\\\\/07\\\\\\\/23 \\\",\\\"value\\\":1.95},{\\\"date\\\":\\\"18\\\\\\\/07\\\\\\\/23 \\\",\\\"value\\\":1.96},{\\\"date\\\":\\\"19\\\\\\\/07\\\\\\\/23 \\\",\\\"value\\\":1.91},{\\\"date\\\":\\\"20\\\\\\\/07\\\\\\\/23 \\\",\\\"value\\\":1.9},{\\\"date\\\":\\\"21\\\\\\\/07\\\\\\\/23 \\\",\\\"value\\\":2.03},{\\\"date\\\":\\\"24\\\\\\\/07\\\\\\\/23 \\\",\\\"value\\\":2.05},{\\\"date\\\":\\\"25\\\\\\\/07\\\\\\\/23 \\\",\\\"value\\\":2.09},{\\\"date\\\":\\\"26\\\\\\\/07\\\\\\\/23 \\\",\\\"value\\\":2.12},{\\\"date\\\":\\\"27\\\\\\\/07\\\\\\\/23 \\\",\\\"value\\\":2.12},{\\\"date\\\":\\\"28\\\\\\\/07\\\\\\\/23 \\\",\\\"value\\\":2.13},{\\\"date\\\":\\\"31\\\\\\\/07\\\\\\\/23 \\\",\\\"value\\\":2.16},{\\\"date\\\":\\\"01\\\\\\\/08\\\\\\\/23 \\\",\\\"value\\\":2.12},{\\\"date\\\":\\\"02\\\\\\\/08\\\\\\\/23 \\\",\\\"value\\\":2.08},{\\\"date\\\":\\\"03\\\\\\\/08\\\\\\\/23 \\\",\\\"value\\\":1.9},{\\\"date\\\":\\\"04\\\\\\\/08\\\\\\\/23 \\\",\\\"value\\\":1.87},{\\\"date\\\":\\\"07\\\\\\\/08\\\\\\\/23 \\\",\\\"value\\\":1.87},{\\\"date\\\":\\\"08\\\\\\\/08\\\\\\\/23 \\\",\\\"value\\\":1.83},{\\\"date\\\":\\\"09\\\\\\\/08\\\\\\\/23 \\\",\\\"value\\\":1.89}]\";\n  let isPositive_24cb24a579d855a552a4855a9317c7a3 = \"\";\n\n  let color_24cb24a579d855a552a4855a9317c7a3 = isPositive_24cb24a579d855a552a4855a9317c7a3 ? '#3AB53A' : '#D92C2D';\n\n  let data_24cb24a579d855a552a4855a9317c7a3 = JSON.parse(data_json_24cb24a579d855a552a4855a9317c7a3);\n\n  const result_24cb24a579d855a552a4855a9317c7a3 = {\n    date: [],\n    value: [],\n  };\n\n  data_24cb24a579d855a552a4855a9317c7a3.forEach((item) => {\n    result_24cb24a579d855a552a4855a9317c7a3.date.push(item.date);\n    result_24cb24a579d855a552a4855a9317c7a3.value.push(Number(item.value));\n  });\n\n  let option_24cb24a579d855a552a4855a9317c7a3 = {\n    \/\/ variavel de cor global\n    color: [color_24cb24a579d855a552a4855a9317c7a3],\n    title: {\n      text: '',\n    },\n    tooltip: {\n      trigger: 'axis',\n      axisPointer: {\n        type: 'cross',\n        label: {\n          \/\/ cor dos valores em X e Y\n          backgroundColor: color_24cb24a579d855a552a4855a9317c7a3,\n          formatter: (value) => {\n            if (typeof value.value === 'number') {\n              return Number(value.value).toLocaleString('pt-br', {\n                style: 'currency',\n                currency: 'BRL'\n              });\n            }\n            return value.value;\n          },\n        },\n      },\n      valueFormatter: (value) => Number(value).toLocaleString('pt-br', {\n        style: 'currency',\n        currency: 'BRL'\n      }),\n    },\n    legend: {\n      \/\/ data: ['Valor de Fechamento'],\n      show: false,\n    },\n    toolbox: {\n      feature: {\n        saveAsImage: {\n          show: false,\n        },\n      },\n    },\n    grid: {\n      left: '0px',\n      right: '0px',\n      bottom: '0px',\n      containLabel: true,\n    },\n    xAxis: [{\n      type: 'category',\n      data: result_24cb24a579d855a552a4855a9317c7a3.date,\n      boundaryGap: true,\n    }],\n    yAxis: [{\n      type: 'value',\n      min: Math.min(...result_24cb24a579d855a552a4855a9317c7a3.value),\n      max: Math.max(...result_24cb24a579d855a552a4855a9317c7a3.value),\n      axisLabel: {\n        formatter: (value) => value.toLocaleString('pt-br', {\n          style: 'currency',\n          currency: 'BRL'\n        }),\n      },\n    }],\n    series: [{\n      name: 'Valor de Fechamento',\n      type: 'line',\n      stack: 'Total',\n      \/\/ cor do grafico\n      areaStyle: {},\n      emphasis: {\n        focus: 'series',\n      },\n      data: result_24cb24a579d855a552a4855a9317c7a3.value,\n      \/\/ cor da linha\n      lineStyle: {\n        color: color_24cb24a579d855a552a4855a9317c7a3,\n      },\n    }, ],\n  };\n\n\twindow.chart_24cb24a579d855a552a4855a9317c7a3 = {\n\t\tel: chart_24cb24a579d855a552a4855a9317c7a3,\n\t\toption: option_24cb24a579d855a552a4855a9317c7a3\t};\n\n\n<\/script>\n\n\n\n<p>Os dados do varejo, divulgados nesta quarta, impactaram as a\u00e7\u00f5es do setor. <\/p>\n\n\n\n<p>As vendas no com\u00e9rcio varejista recuaram 0,2% no segundo trimestre de 2023 ante o primeiro trimestre de 2023. Na compara\u00e7\u00e3o com o segundo trimestre de 2022, houve um avan\u00e7o de 0,2% no volume vendido no segundo trimestre de 2023.<\/p>\n\n\n\n<p>Os dados s\u00e3o da Pesquisa Mensal de Com\u00e9rcio e foram divulgados nesta quarta-feira, 9, pelo Instituto Brasileiro de Geografia e Estat\u00edstica (IBGE).<\/p>\n\n\n\n<p>No varejo ampliado, que inclui as atividades de ve\u00edculos, material de constru\u00e7\u00e3o e atacado aliment\u00edcio, as vendas cresceram 1,7% no segundo trimestre de 2023 ante o primeiro trimestre de 2023.<\/p>\n\n\n\n<p>Em rela\u00e7\u00e3o ao segundo trimestre de 2022, as vendas do varejo ampliado aumentaram 4,6% no segundo trimestre de 2023.<\/p>\n\n\n\n<p>Mas e as a\u00e7\u00f5es da Via, por que n\u00e3o foram afetadas? Dierson Richetti, especialista em investimentos e s\u00f3cio da GT CAPITAL, explica: &#8220;A Via se destaca no dia entre os papeis que mais sobem. As vendas de varejo ficaram est\u00e1veis e a redu\u00e7\u00e3o da <a class=\"suno-keyword\" target=\"_blank\" data-force=\"no\" data-priority=\"3\" href=\"https:\/\/www.suno.com.br\/artigos\/taxa-selic\/\" rel=\"noopener\">taxa Selic<\/a> favorece o aumento do consumo, beneficiando a empresa. O mercado aguarda pelo resultado do 2T23 da Via, que ser\u00e1 divulgado nesta quinta (10). Estamos aguardando os resultados da empresa&#8221;<\/p>\n\n\n\n<h2 class=\"wp-block-heading\">Para IBGE, leitura \u00e9 de estabilidade no varejo; juros e cr\u00e9dito seguram vendas<\/h2>\n\n\n\n<p>A perda de f\u00f4lego mostrada pelo <strong>com\u00e9rcio varejista<\/strong> no segundo trimestre j\u00e1 vinha de meses anteriores, uma vez que o bom resultado do primeiro trimestre deste ano estava calcado no resultado de janeiro, \u00faltimo m\u00eas em que mostrou avan\u00e7o expressivo, alta de 4,1% nas vendas, avaliou Cristiano Santos, gerente da Pesquisa Mensal de Com\u00e9rcio no Instituto Brasileiro de Geografia e Estat\u00edstica (<strong>IBGE<\/strong>).<\/p>\n\n\n\n<p>O volume vendido pelo <strong>varejo<\/strong> caiu 0,2% no segundo trimestre de 2023 ante o primeiro trimestre do ano. O setor, por\u00e9m, tinha registrado uma expans\u00e3o de 1,9% no primeiro trimestre de 2023 ante o trimestre imediatamente anterior. Para Santos, a leitura para o desempenho do segundo trimestre \u00e9 de estabilidade.<\/p>\n\n\n\n<p>&#8220;Essa estabilidade do segundo trimestre, nem avan\u00e7o nem queda, j\u00e1 vem de algum tempo&#8221;, disse Santos.<\/p>\n\n\n\n<p>O pesquisador diz que a principal explica\u00e7\u00e3o para a perda de f\u00f4lego continua sendo o acesso mais restrito ao cr\u00e9dito, diante dos juros elevados. &#8220;Isso tem segurado o crescimento (do varejo) nos \u00faltimos meses&#8221;, afirmou.<\/p>\n\n\n\n<p>Outro fator que tem prejudicado o desempenho do com\u00e9rcio \u00e9 o fechamento de lojas de grandes redes varejistas, que afetam, sobretudo, o segmento de outros artigos de uso pessoal e dom\u00e9stico, que inclui as lojas de departamento. No entanto, o fen\u00f4meno tamb\u00e9m impactou as vendas das atividades de vestu\u00e1rio e cal\u00e7ados de m\u00f3veis e eletrodom\u00e9sticos.<\/p>\n\n\n\n<p>&#8220;S\u00e3o grandes cadeias que tiveram fechamento de lojas f\u00edsicas por conta de quest\u00f5es cont\u00e1beis que t\u00eam ocorrido&#8221;, justificou Santos.<\/p>\n\n\n\n<p>Na dire\u00e7\u00e3o oposta, o setor de supermercados foi beneficiado pela defla\u00e7\u00e3o de alimentos e pelo pagamento da antecipa\u00e7\u00e3o do 13\u00ba sal\u00e1rio.<\/p>\n\n\n\n\t<div data-element=\"shortcode-read-more\" class=\"readToo\">\n\t\t\t\t<span class=\"readToo__title\">Leia mais<\/span>\n\t\t\t\t<ul class=\"readToo__list\">\n\t\t\t<li><a href=\"https:\/\/www.suno.com.br\/noticias\/via-viia3-e-magazine-luiza-mglu3-ibovespa-gpj\/\">Nem o Copom salvou: por que Via (VIIA3) e Magazine Luiza (MGLU3) fecharam em forte queda no Ibovespa?<\/a><\/li><li><a href=\"https:\/\/www.suno.com.br\/noticias\/magazine-luiza-mglu3-kabum-pede-arbitragem-desfazer-venda-gpj\/\">Magazine Luiza (MGLU3): KaBuM! pede arbitragem para anular venda de R$ 3,5 bi, diz jornal<\/a><\/li>\t\t<\/ul>\n\t<\/div>\n\n\n\n\t<p>\n\t\t<a href=\"https:\/\/lp.suno.com.br\/ebook-como-analisar-uma-acao\/\" target=\"_blank\" data-element=\"shortcode-suno-banner\" title=\"Banner SUNO, clique e saiba mais\">\n\t\t\t<picture>\n\t\t\t\t<source media=\"(max-width: 500px)\" srcset=\"https:\/\/files.sunoresearch.com.br\/n\/uploads\/2023\/03\/Ebook-Acoes-Mobile.jpg\">\n\t\t\t\t<img class=\"newsContent__article__imgCapa newsContent__article__imgCapa--banner\"\n\t\t\t\t\tsrc=\"https:\/\/files.sunoresearch.com.br\/n\/uploads\/2023\/03\/Ebook-Acoes-Desktop.jpg\"\n\t\t\t\t\tdata-promo-id=\"378302\"\t\t\t\t\t\t\t\t\t\twidth='1420' height='286'\t\t\t\t\talt=\"https:\/\/files.sunoresearch.com.br\/n\/uploads\/2023\/03\/Ebook-Acoes-Desktop.jpg\"\n\t\t\t\t>\n\t\t\t<\/picture>\n\t\t<\/a>\n\t<\/p>\n\n\n\n\n\n<h2 class=\"wp-block-heading\">Via: previs\u00e3o \u00e9 de preju\u00edzo, mas um dado pode melhorar as margens da empresa<\/h2>\n\n\n\n<p>O resultado do segundo trimestre da&nbsp;<a href=\"https:\/\/www.suno.com.br\/acoes\/viia3\/\" target=\"_blank\" rel=\"noreferrer noopener\"><strong>Via<\/strong>&nbsp;(VIIA3)<\/a>&nbsp;deve apresentar retra\u00e7\u00e3o em seus principais indicadores, em linha com um cen\u00e1rio macroecon\u00f4mico ainda adverso, segundo analistas.<\/p>\n\n\n\n<p>Em relat\u00f3rio, analistas do&nbsp;<strong>BTG Pactual<\/strong>&nbsp;pontuaram que entre as varejistas, como a Via, o segundo trimestre deve ser parecido com os anteriores, mas com n\u00fameros piores, j\u00e1 que o mercado espera (e precifica parcialmente) melhorias somente no segundo semestre.<\/p>\n\n\n\n<p>Segundo o banco, a Via deve apresentar um&nbsp;<strong>preju\u00edzo l\u00edquido<\/strong>&nbsp;de R$ 469 milh\u00f5es no segundo trimestre, acima do consenso Bloomberg de perdas de R$ 260 milh\u00f5es. No mesmo per\u00edodo de 2022, a empresa havia apresentado um <a class=\"suno-keyword\" target=\"_blank\" data-force=\"no\" data-priority=\"1\" href=\"https:\/\/www.suno.com.br\/artigos\/lucro-contabil\/\" rel=\"noopener\">lucro cont\u00e1bil<\/a> de R$ 6 milh\u00f5es. E, no 1T23, a&nbsp;\u201cm\u00e3e\u201d da Casas Bahia havia apurado preju\u00edzo de R$ 297 milh\u00f5es.&nbsp;<\/p>\n\n\n\n<p>Al\u00e9m disso, para o segundo trimestre deste ano, o&nbsp;<strong>BTG<\/strong>&nbsp;projeta que a&nbsp;<strong>receita l\u00edquida da Via&nbsp;<\/strong>caia 2% na base anual, para R$ 7,481 bilh\u00f5es, abaixo do consenso de receita de R$ 7,726 bilh\u00f5es. No mesmo per\u00edodo do ano passado, a varejista havia registrado R$ 7,646 bilh\u00f5es no indicador.<\/p>\n\n\n\n<p>J\u00e1 em rela\u00e7\u00e3o ao lucro antes de juros, impostos, <a class=\"suno-keyword\" target=\"_blank\" data-force=\"no\" data-priority=\"1\" href=\"https:\/\/www.suno.com.br\/artigos\/depreciacao-amortizacao\/\" rel=\"noopener\">deprecia\u00e7\u00e3o e amortiza\u00e7\u00e3o<\/a>, o&nbsp;<strong>Ebitda da Via<\/strong>, o BTG espera que o indicador chegue a R$ 443 milh\u00f5es, abaixo do consenso de R$ 596 milh\u00f5es. No mesmo per\u00edodo de 2022, o Ebitda da Via havia chegado a R$ 690 milh\u00f5es.<\/p>\n\n\n\n<p>Ainda no relat\u00f3rio, o BTG chamou a aten\u00e7\u00e3o, ainda, para o&nbsp;<strong>com\u00e9rcio eletr\u00f4nico<\/strong>&nbsp;das varejistas e enxerga um crescimento mais fraco do volume geral de vendas (GMV na sigla em ingl\u00eas), refletindo menor renda dispon\u00edvel e restri\u00e7\u00f5es de capital, al\u00e9m de foco em rentabilidade e preserva\u00e7\u00e3o de caixa.<\/p>\n\n\n\n<p>Al\u00e9m disso, informa o banco, altos custos de capta\u00e7\u00e3o continuar\u00e3o pressionando os resultados, mas com poss\u00edveis cortes de juros favorecendo as&nbsp;<strong>a\u00e7\u00f5es da Via<\/strong>. A desacelera\u00e7\u00e3o da infla\u00e7\u00e3o, prevista para os pr\u00f3ximos meses, tamb\u00e9m deve aumentar as margens.<\/p>\n\n\n\n\n\t<div data-element=\"shortcode-read-more\" class=\"knowMore\">\n\t\t\t\t<span class=\"knowMore__title\">Leia mais<\/span>\n\t\t\t\t<a class=\"knowMore__link\" href=\"https:\/\/www.suno.com.br\/noticias\/via-viia3-balanco-prejuizo-projecoes-gpj\/\">\n\t\t\tCen\u00e1rio nebuloso: Via (VIIA3) deve apresentar preju\u00edzo de R$ 469 milh\u00f5es no 2T23, dizem analistas\t\t<\/a>\n\t<\/div>\n\n\n\n\n\n\n<p><em>Com Estad\u00e3o Conte\u00fado<\/em><\/p>\n\n\n\t<p>\n\t\t<a href=\"https:\/\/lp.suno.com.br\/planilha-da-vida-financeira\/\" target=\"_blank\" data-element=\"shortcode-suno-banner\" title=\"Banner SUNO, clique e saiba mais\">\n\t\t\t<picture>\n\t\t\t\t<source media=\"(max-width: 500px)\" srcset=\"https:\/\/files.sunoresearch.com.br\/n\/uploads\/2023\/04\/400x300-Planilha-vida-financeira-true.png\">\n\t\t\t\t<img class=\"newsContent__article__imgCapa newsContent__article__imgCapa--banner\"\n\t\t\t\t\tsrc=\"https:\/\/files.sunoresearch.com.br\/n\/uploads\/2023\/04\/1420x240-Planilha-vida-financeira-true.png\"\n\t\t\t\t\tdata-promo-id=\"383123\"\t\t\t\t\t\t\t\t\t\twidth='1420' height='240'\t\t\t\t\talt=\"https:\/\/files.sunoresearch.com.br\/n\/uploads\/2023\/04\/1420x240-Planilha-vida-financeira-true.png\"\n\t\t\t\t>\n\t\t\t<\/picture>\n\t\t<\/a>\n\t<\/p>\n\n\n\n\n\t\t<div class=\"wp-shortcode-web-stories-embed web-stories-embed aligncenter\">\n\t\t\t<div class=\"wp-block-embed__wrapper\" style=\"--aspect-ratio: 1.666667; --width: 600px; --height: 360px\">\n\t\t\t\t<amp-story-player>\n\t\t\t\t\t<a href=\"https:\/\/www.suno.com.br\/noticias\/web-stories\/shein-shopee-novas-regras-compras-internacionais-evm\/\">\n\t\t\t\t\t\tWeb Story\t\t\t\t\t<\/a>\n\t\t\t\t<\/amp-story-player>\n\t\t\t<\/div>\n\t\t<\/div>\n\t\t\n","protected":false},"excerpt":{"rendered":"<p>As a\u00e7\u00f5es da Via (VIIA3) lideraram altas no Ibovespa nesta quarta (9), enquanto as do Magazine Luiza (MGLU3) ficaram no terreno negativo &#8211; assim como a de outras varejistas, entre as quais Lojas Renner (LREN3) e Petz (PETZ3). Via (VIIA3). Foto: Divulga\u00e7\u00e3o No fechamento os pap\u00e9is da Via subiram 3,28%, cotados a R$ 1,90, enquanto [&hellip;]<\/p>\n","protected":false},"author":98,"featured_media":362723,"comment_status":"closed","ping_status":"closed","sticky":false,"template":"","format":"standard","meta":[],"categories":[64],"tags":[286,548,106935],"suno_strategy":[],"class_list":["post-440502","post","type-post","status-publish","format-standard","has-post-thumbnail","hentry","category-negocios","tag-acoes","tag-magazine-luiza-mglu3","tag-via-viia3"],"yoast_head":"<!-- This site is optimized with the Yoast SEO plugin v24.4 - https:\/\/yoast.com\/wordpress\/plugins\/seo\/ -->\n<title>Via (VIIA3) lidera altas no Ibovespa e Magazine Luiza (MGLU3) cai<\/title>\n<meta name=\"description\" content=\"As a\u00e7\u00f5es da Via lideraram altas no Ibovespa nesta quarta (9), enquanto as do Magazine Luiza ficaram no terreno negativo. Veja por qu\u00ea\" \/>\n<meta name=\"robots\" content=\"index, follow, max-snippet:-1, max-image-preview:large, max-video-preview:-1\" \/>\n<link rel=\"canonical\" href=\"https:\/\/www.suno.com.br\/noticias\/via-viia3-magazine-luiza-mglu3-ibovespa-altas-quedas-motivos-mal\/\" \/>\n<meta property=\"og:locale\" content=\"pt_BR\" \/>\n<meta property=\"og:type\" content=\"article\" \/>\n<meta property=\"og:title\" content=\"Via (VIIA3) lidera altas no Ibovespa e Magazine Luiza (MGLU3) cai\" \/>\n<meta property=\"og:description\" content=\"As a\u00e7\u00f5es da Via lideraram altas no Ibovespa nesta quarta (9), enquanto as do Magazine Luiza ficaram no terreno negativo. Veja por qu\u00ea\" \/>\n<meta property=\"og:url\" content=\"https:\/\/www.suno.com.br\/noticias\/via-viia3-magazine-luiza-mglu3-ibovespa-altas-quedas-motivos-mal\/\" \/>\n<meta property=\"og:site_name\" content=\"Suno Not\u00edcias\" \/>\n<meta property=\"article:publisher\" content=\"https:\/\/facebook.com\/sunoresearch\" \/>\n<meta property=\"og:image\" content=\"https:\/\/files.sunoresearch.com.br\/n\/uploads\/2023\/02\/Via.jpg\" \/>\n\t<meta property=\"og:image:width\" content=\"1450\" \/>\n\t<meta property=\"og:image:height\" content=\"801\" \/>\n\t<meta property=\"og:image:type\" content=\"image\/jpeg\" \/>\n<meta name=\"author\" content=\"Marco Ant\u00f4nio Lopes\" \/>\n<meta name=\"twitter:card\" content=\"summary_large_image\" \/>\n<meta name=\"twitter:creator\" content=\"@sunoresearch\" \/>\n<meta name=\"twitter:site\" content=\"@sunoresearch\" \/>\n<meta name=\"twitter:label1\" content=\"Escrito por\" \/>\n\t<meta name=\"twitter:data1\" content=\"Marco Ant\u00f4nio Lopes\" \/>\n\t<meta name=\"twitter:label2\" content=\"Est. tempo de leitura\" \/>\n\t<meta name=\"twitter:data2\" content=\"5 minutos\" \/>\n<script type=\"application\/ld+json\" class=\"yoast-schema-graph\">{\"@context\":\"https:\/\/schema.org\",\"@graph\":[{\"@type\":\"NewsArticle\",\"@id\":\"https:\/\/www.suno.com.br\/noticias\/via-viia3-magazine-luiza-mglu3-ibovespa-altas-quedas-motivos-mal\/#article\",\"isPartOf\":{\"@id\":\"https:\/\/www.suno.com.br\/noticias\/via-viia3-magazine-luiza-mglu3-ibovespa-altas-quedas-motivos-mal\/\"},\"author\":{\"name\":\"Marco Ant\u00f4nio Lopes\",\"@id\":\"https:\/\/www.suno.com.br\/noticias\/#\/schema\/person\/829bbe8d57f84333b966b96229c6bf5f\"},\"headline\":\"Por que a Via (VIIA3) liderou altas no Ibovespa, enquanto Magazine Luiza (MGLU3) amargou queda?\",\"datePublished\":\"2023-08-09T20:31:57+00:00\",\"dateModified\":\"2023-08-09T20:32:01+00:00\",\"mainEntityOfPage\":{\"@id\":\"https:\/\/www.suno.com.br\/noticias\/via-viia3-magazine-luiza-mglu3-ibovespa-altas-quedas-motivos-mal\/\"},\"wordCount\":973,\"publisher\":{\"@id\":\"https:\/\/www.suno.com.br\/noticias\/#organization\"},\"image\":{\"@id\":\"https:\/\/www.suno.com.br\/noticias\/via-viia3-magazine-luiza-mglu3-ibovespa-altas-quedas-motivos-mal\/#primaryimage\"},\"thumbnailUrl\":\"https:\/\/files.sunoresearch.com.br\/n\/uploads\/2023\/02\/Via.jpg\",\"keywords\":[\"A\u00e7\u00f5es\",\"Magazine Luiza (MGLU3)\",\"Via (VIIA3)\"],\"articleSection\":[\"Neg\u00f3cios\"],\"inLanguage\":\"pt-BR\"},{\"@type\":\"WebPage\",\"@id\":\"https:\/\/www.suno.com.br\/noticias\/via-viia3-magazine-luiza-mglu3-ibovespa-altas-quedas-motivos-mal\/\",\"url\":\"https:\/\/www.suno.com.br\/noticias\/via-viia3-magazine-luiza-mglu3-ibovespa-altas-quedas-motivos-mal\/\",\"name\":\"Via (VIIA3) lidera altas no Ibovespa e Magazine Luiza (MGLU3) cai\",\"isPartOf\":{\"@id\":\"https:\/\/www.suno.com.br\/noticias\/#website\"},\"primaryImageOfPage\":{\"@id\":\"https:\/\/www.suno.com.br\/noticias\/via-viia3-magazine-luiza-mglu3-ibovespa-altas-quedas-motivos-mal\/#primaryimage\"},\"image\":{\"@id\":\"https:\/\/www.suno.com.br\/noticias\/via-viia3-magazine-luiza-mglu3-ibovespa-altas-quedas-motivos-mal\/#primaryimage\"},\"thumbnailUrl\":\"https:\/\/files.sunoresearch.com.br\/n\/uploads\/2023\/02\/Via.jpg\",\"datePublished\":\"2023-08-09T20:31:57+00:00\",\"dateModified\":\"2023-08-09T20:32:01+00:00\",\"description\":\"As a\u00e7\u00f5es da Via lideraram altas no Ibovespa nesta quarta (9), enquanto as do Magazine Luiza ficaram no terreno negativo. Veja por qu\u00ea\",\"breadcrumb\":{\"@id\":\"https:\/\/www.suno.com.br\/noticias\/via-viia3-magazine-luiza-mglu3-ibovespa-altas-quedas-motivos-mal\/#breadcrumb\"},\"inLanguage\":\"pt-BR\",\"potentialAction\":[{\"@type\":\"ReadAction\",\"target\":[\"https:\/\/www.suno.com.br\/noticias\/via-viia3-magazine-luiza-mglu3-ibovespa-altas-quedas-motivos-mal\/\"]}]},{\"@type\":\"ImageObject\",\"inLanguage\":\"pt-BR\",\"@id\":\"https:\/\/www.suno.com.br\/noticias\/via-viia3-magazine-luiza-mglu3-ibovespa-altas-quedas-motivos-mal\/#primaryimage\",\"url\":\"https:\/\/files.sunoresearch.com.br\/n\/uploads\/2023\/02\/Via.jpg\",\"contentUrl\":\"https:\/\/files.sunoresearch.com.br\/n\/uploads\/2023\/02\/Via.jpg\",\"width\":1450,\"height\":801,\"caption\":\"Via (VIIA3). Foto: Divulga\u00e7\u00e3o\"},{\"@type\":\"BreadcrumbList\",\"@id\":\"https:\/\/www.suno.com.br\/noticias\/via-viia3-magazine-luiza-mglu3-ibovespa-altas-quedas-motivos-mal\/#breadcrumb\",\"itemListElement\":[{\"@type\":\"ListItem\",\"position\":1,\"name\":\"Not\u00edcias\",\"item\":\"https:\/\/www.suno.com.br\/noticias\/\"},{\"@type\":\"ListItem\",\"position\":2,\"name\":\"Neg\u00f3cios\",\"item\":\"https:\/\/www.suno.com.br\/noticias\/negocios\/\"},{\"@type\":\"ListItem\",\"position\":3,\"name\":\"Por que a Via (VIIA3) liderou altas no Ibovespa, enquanto Magazine Luiza (MGLU3) amargou queda?\"}]},{\"@type\":\"WebSite\",\"@id\":\"https:\/\/www.suno.com.br\/noticias\/#website\",\"url\":\"https:\/\/www.suno.com.br\/noticias\/\",\"name\":\"Suno Not\u00edcias\",\"description\":\"Seu portal de informa\u00e7\u00e3o sobre o mundo dos investimentos\",\"publisher\":{\"@id\":\"https:\/\/www.suno.com.br\/noticias\/#organization\"},\"potentialAction\":[{\"@type\":\"SearchAction\",\"target\":{\"@type\":\"EntryPoint\",\"urlTemplate\":\"https:\/\/www.suno.com.br\/noticias\/?s={search_term_string}\"},\"query-input\":{\"@type\":\"PropertyValueSpecification\",\"valueRequired\":true,\"valueName\":\"search_term_string\"}}],\"inLanguage\":\"pt-BR\"},{\"@type\":\"Organization\",\"@id\":\"https:\/\/www.suno.com.br\/noticias\/#organization\",\"name\":\"Suno Not\u00edcias\",\"url\":\"https:\/\/www.suno.com.br\/noticias\/\",\"logo\":{\"@type\":\"ImageObject\",\"inLanguage\":\"pt-BR\",\"@id\":\"https:\/\/www.suno.com.br\/noticias\/#\/schema\/logo\/image\/\",\"url\":\"https:\/\/files.sunoresearch.com.br\/n\/uploads\/2021\/09\/suno-logo.png\",\"contentUrl\":\"https:\/\/files.sunoresearch.com.br\/n\/uploads\/2021\/09\/suno-logo.png\",\"width\":180,\"height\":180,\"caption\":\"Suno Not\u00edcias\"},\"image\":{\"@id\":\"https:\/\/www.suno.com.br\/noticias\/#\/schema\/logo\/image\/\"},\"sameAs\":[\"https:\/\/facebook.com\/sunoresearch\",\"https:\/\/x.com\/sunoresearch\",\"https:\/\/www.instagram.com\/suno\",\"https:\/\/www.linkedin.com\/company\/suno-research\/\",\"https:\/\/www.youtube.com\/c\/sunoresearch\"]},{\"@type\":\"Person\",\"@id\":\"https:\/\/www.suno.com.br\/noticias\/#\/schema\/person\/829bbe8d57f84333b966b96229c6bf5f\",\"name\":\"Marco Ant\u00f4nio Lopes\",\"image\":{\"@type\":\"ImageObject\",\"inLanguage\":\"pt-BR\",\"@id\":\"https:\/\/www.suno.com.br\/noticias\/#\/schema\/person\/image\/\",\"url\":\"https:\/\/secure.gravatar.com\/avatar\/385167b012fbc1cde32c5446ee253313?s=96&r=g\",\"contentUrl\":\"https:\/\/secure.gravatar.com\/avatar\/385167b012fbc1cde32c5446ee253313?s=96&r=g\",\"caption\":\"Marco Ant\u00f4nio Lopes\"},\"description\":\"Jornalista, \u00e9 editor no Suno Not\u00edcias. Trabalhou nas revistas Playboy, Super, Veja Comer &amp; Beber, Homem Vogue e Universo Masculino, al\u00e9m dos portais Abril.com, R7, nas editorias de Home, Esportes, Hora 7, Entretenimento e Geral, e Eu Quero Investir. Autor do livro Bruce Lee: Definitivo (Editora Conrad). Colaborou nas revistas Nova, Veja SP, Grandes Guerras, Placar, Bizz, Casa Claudia e Quatro Rodas.\",\"url\":\"https:\/\/www.suno.com.br\/noticias\/author\/marco-lopes\/\"}]}<\/script>\n<!-- \/ Yoast SEO plugin. -->","yoast_head_json":{"title":"Via (VIIA3) lidera altas no Ibovespa e Magazine Luiza (MGLU3) cai","description":"As a\u00e7\u00f5es da Via lideraram altas no Ibovespa nesta quarta (9), enquanto as do Magazine Luiza ficaram no terreno negativo. Veja por qu\u00ea","robots":{"index":"index","follow":"follow","max-snippet":"max-snippet:-1","max-image-preview":"max-image-preview:large","max-video-preview":"max-video-preview:-1"},"canonical":"https:\/\/www.suno.com.br\/noticias\/via-viia3-magazine-luiza-mglu3-ibovespa-altas-quedas-motivos-mal\/","og_locale":"pt_BR","og_type":"article","og_title":"Via (VIIA3) lidera altas no Ibovespa e Magazine Luiza (MGLU3) cai","og_description":"As a\u00e7\u00f5es da Via lideraram altas no Ibovespa nesta quarta (9), enquanto as do Magazine Luiza ficaram no terreno negativo. Veja por qu\u00ea","og_url":"https:\/\/www.suno.com.br\/noticias\/via-viia3-magazine-luiza-mglu3-ibovespa-altas-quedas-motivos-mal\/","og_site_name":"Suno Not\u00edcias","article_publisher":"https:\/\/facebook.com\/sunoresearch","og_image":[{"width":1450,"height":801,"url":"https:\/\/files.sunoresearch.com.br\/n\/uploads\/2023\/02\/Via.jpg","type":"image\/jpeg"}],"author":"Marco Ant\u00f4nio Lopes","twitter_card":"summary_large_image","twitter_creator":"@sunoresearch","twitter_site":"@sunoresearch","twitter_misc":{"Escrito por":"Marco Ant\u00f4nio Lopes","Est. tempo de leitura":"5 minutos"},"schema":{"@context":"https:\/\/schema.org","@graph":[{"@type":"NewsArticle","@id":"https:\/\/www.suno.com.br\/noticias\/via-viia3-magazine-luiza-mglu3-ibovespa-altas-quedas-motivos-mal\/#article","isPartOf":{"@id":"https:\/\/www.suno.com.br\/noticias\/via-viia3-magazine-luiza-mglu3-ibovespa-altas-quedas-motivos-mal\/"},"author":{"name":"Marco Ant\u00f4nio Lopes","@id":"https:\/\/www.suno.com.br\/noticias\/#\/schema\/person\/829bbe8d57f84333b966b96229c6bf5f"},"headline":"Por que a Via (VIIA3) liderou altas no Ibovespa, enquanto Magazine Luiza (MGLU3) amargou queda?","datePublished":"2023-08-09T20:31:57+00:00","dateModified":"2023-08-09T20:32:01+00:00","mainEntityOfPage":{"@id":"https:\/\/www.suno.com.br\/noticias\/via-viia3-magazine-luiza-mglu3-ibovespa-altas-quedas-motivos-mal\/"},"wordCount":973,"publisher":{"@id":"https:\/\/www.suno.com.br\/noticias\/#organization"},"image":{"@id":"https:\/\/www.suno.com.br\/noticias\/via-viia3-magazine-luiza-mglu3-ibovespa-altas-quedas-motivos-mal\/#primaryimage"},"thumbnailUrl":"https:\/\/files.sunoresearch.com.br\/n\/uploads\/2023\/02\/Via.jpg","keywords":["A\u00e7\u00f5es","Magazine Luiza (MGLU3)","Via (VIIA3)"],"articleSection":["Neg\u00f3cios"],"inLanguage":"pt-BR"},{"@type":"WebPage","@id":"https:\/\/www.suno.com.br\/noticias\/via-viia3-magazine-luiza-mglu3-ibovespa-altas-quedas-motivos-mal\/","url":"https:\/\/www.suno.com.br\/noticias\/via-viia3-magazine-luiza-mglu3-ibovespa-altas-quedas-motivos-mal\/","name":"Via (VIIA3) lidera altas no Ibovespa e Magazine Luiza (MGLU3) cai","isPartOf":{"@id":"https:\/\/www.suno.com.br\/noticias\/#website"},"primaryImageOfPage":{"@id":"https:\/\/www.suno.com.br\/noticias\/via-viia3-magazine-luiza-mglu3-ibovespa-altas-quedas-motivos-mal\/#primaryimage"},"image":{"@id":"https:\/\/www.suno.com.br\/noticias\/via-viia3-magazine-luiza-mglu3-ibovespa-altas-quedas-motivos-mal\/#primaryimage"},"thumbnailUrl":"https:\/\/files.sunoresearch.com.br\/n\/uploads\/2023\/02\/Via.jpg","datePublished":"2023-08-09T20:31:57+00:00","dateModified":"2023-08-09T20:32:01+00:00","description":"As a\u00e7\u00f5es da Via lideraram altas no Ibovespa nesta quarta (9), enquanto as do Magazine Luiza ficaram no terreno negativo. Veja por qu\u00ea","breadcrumb":{"@id":"https:\/\/www.suno.com.br\/noticias\/via-viia3-magazine-luiza-mglu3-ibovespa-altas-quedas-motivos-mal\/#breadcrumb"},"inLanguage":"pt-BR","potentialAction":[{"@type":"ReadAction","target":["https:\/\/www.suno.com.br\/noticias\/via-viia3-magazine-luiza-mglu3-ibovespa-altas-quedas-motivos-mal\/"]}]},{"@type":"ImageObject","inLanguage":"pt-BR","@id":"https:\/\/www.suno.com.br\/noticias\/via-viia3-magazine-luiza-mglu3-ibovespa-altas-quedas-motivos-mal\/#primaryimage","url":"https:\/\/files.sunoresearch.com.br\/n\/uploads\/2023\/02\/Via.jpg","contentUrl":"https:\/\/files.sunoresearch.com.br\/n\/uploads\/2023\/02\/Via.jpg","width":1450,"height":801,"caption":"Via (VIIA3). Foto: Divulga\u00e7\u00e3o"},{"@type":"BreadcrumbList","@id":"https:\/\/www.suno.com.br\/noticias\/via-viia3-magazine-luiza-mglu3-ibovespa-altas-quedas-motivos-mal\/#breadcrumb","itemListElement":[{"@type":"ListItem","position":1,"name":"Not\u00edcias","item":"https:\/\/www.suno.com.br\/noticias\/"},{"@type":"ListItem","position":2,"name":"Neg\u00f3cios","item":"https:\/\/www.suno.com.br\/noticias\/negocios\/"},{"@type":"ListItem","position":3,"name":"Por que a Via (VIIA3) liderou altas no Ibovespa, enquanto Magazine Luiza (MGLU3) amargou queda?"}]},{"@type":"WebSite","@id":"https:\/\/www.suno.com.br\/noticias\/#website","url":"https:\/\/www.suno.com.br\/noticias\/","name":"Suno Not\u00edcias","description":"Seu portal de informa\u00e7\u00e3o sobre o mundo dos investimentos","publisher":{"@id":"https:\/\/www.suno.com.br\/noticias\/#organization"},"potentialAction":[{"@type":"SearchAction","target":{"@type":"EntryPoint","urlTemplate":"https:\/\/www.suno.com.br\/noticias\/?s={search_term_string}"},"query-input":{"@type":"PropertyValueSpecification","valueRequired":true,"valueName":"search_term_string"}}],"inLanguage":"pt-BR"},{"@type":"Organization","@id":"https:\/\/www.suno.com.br\/noticias\/#organization","name":"Suno Not\u00edcias","url":"https:\/\/www.suno.com.br\/noticias\/","logo":{"@type":"ImageObject","inLanguage":"pt-BR","@id":"https:\/\/www.suno.com.br\/noticias\/#\/schema\/logo\/image\/","url":"https:\/\/files.sunoresearch.com.br\/n\/uploads\/2021\/09\/suno-logo.png","contentUrl":"https:\/\/files.sunoresearch.com.br\/n\/uploads\/2021\/09\/suno-logo.png","width":180,"height":180,"caption":"Suno Not\u00edcias"},"image":{"@id":"https:\/\/www.suno.com.br\/noticias\/#\/schema\/logo\/image\/"},"sameAs":["https:\/\/facebook.com\/sunoresearch","https:\/\/x.com\/sunoresearch","https:\/\/www.instagram.com\/suno","https:\/\/www.linkedin.com\/company\/suno-research\/","https:\/\/www.youtube.com\/c\/sunoresearch"]},{"@type":"Person","@id":"https:\/\/www.suno.com.br\/noticias\/#\/schema\/person\/829bbe8d57f84333b966b96229c6bf5f","name":"Marco Ant\u00f4nio Lopes","image":{"@type":"ImageObject","inLanguage":"pt-BR","@id":"https:\/\/www.suno.com.br\/noticias\/#\/schema\/person\/image\/","url":"https:\/\/secure.gravatar.com\/avatar\/385167b012fbc1cde32c5446ee253313?s=96&r=g","contentUrl":"https:\/\/secure.gravatar.com\/avatar\/385167b012fbc1cde32c5446ee253313?s=96&r=g","caption":"Marco Ant\u00f4nio Lopes"},"description":"Jornalista, \u00e9 editor no Suno Not\u00edcias. Trabalhou nas revistas Playboy, Super, Veja Comer &amp; Beber, Homem Vogue e Universo Masculino, al\u00e9m dos portais Abril.com, R7, nas editorias de Home, Esportes, Hora 7, Entretenimento e Geral, e Eu Quero Investir. Autor do livro Bruce Lee: Definitivo (Editora Conrad). Colaborou nas revistas Nova, Veja SP, Grandes Guerras, Placar, Bizz, Casa Claudia e Quatro Rodas.","url":"https:\/\/www.suno.com.br\/noticias\/author\/marco-lopes\/"}]}},"default_loop_html":"<div class=\"cardsPage__listCard__boxs\"><div class=\"cardsPage__listCard__boxs__img\"><a href=\"https:\/\/www.suno.com.br\/noticias\/via-viia3-magazine-luiza-mglu3-ibovespa-altas-quedas-motivos-mal\/\"><img class=\"mask\" src=\"https:\/\/www.suno.com.br\/noticias\/wp-content\/themes\/suno\/resources\/images\/spotlight\/spotlight1img\/bg-mask.png\" alt=\"Image Mask\"\/><img src=\"https:\/\/files.sunoresearch.com.br\/n\/uploads\/2023\/02\/Via-400x200.jpg\" alt=\"Por que a Via (VIIA3) liderou altas no Ibovespa, enquanto Magazine Luiza (MGLU3) amargou queda?\"\/><\/a><span class=\"spotlightCategory\"><a href=\"https:\/\/www.suno.com.br\/noticias\/negocios\/\">Neg\u00f3cios<\/a><\/span><\/div><div class=\"cardsPage__listCard__boxs__content\"><a href=\"https:\/\/www.suno.com.br\/noticias\/via-viia3-magazine-luiza-mglu3-ibovespa-altas-quedas-motivos-mal\/\"><h2 class=\"content__title\">Por que a Via (VIIA3) liderou altas no Ibovespa, enquanto Magazine Luiza (MGLU3) amargou queda?<\/h2><\/a><div class=\"newsContent__article__meta\"><div class=\"newsContent__article__meta__authorBox\"><a href=\"https:\/\/www.suno.com.br\/noticias\/author\/giovanni-porfiriosuno-com-br\/\" class=\"authorBox__avatar noMobi\"><img src=\"https:\/\/files.sunoresearch.com.br\/n\/uploads\/2024\/05\/DSCF4115-1-1-150x150.webp\" alt=\"Giovanni Porf\u00edrio Jacomino\"><\/a><div class=\"authorBox__name\"><span>por\n\t\t\t<a href=\"https:\/\/www.suno.com.br\/noticias\/author\/giovanni-porfiriosuno-com-br\/\"><span itemprop=\"author\">Giovanni Porf\u00edrio Jacomino<\/span><\/a><\/span><time datetime=\"2023-08-09T17:31:57-03:00\" itemprop=\"datePublished\">09\/08\/2023 17:31<\/time><\/div><\/div><\/div><\/div><\/div>","single_layout":"posts","amp_enabled":true,"_links":{"self":[{"href":"https:\/\/www.suno.com.br\/noticias\/wp-json\/wp\/v2\/posts\/440502"}],"collection":[{"href":"https:\/\/www.suno.com.br\/noticias\/wp-json\/wp\/v2\/posts"}],"about":[{"href":"https:\/\/www.suno.com.br\/noticias\/wp-json\/wp\/v2\/types\/post"}],"author":[{"embeddable":true,"href":"https:\/\/www.suno.com.br\/noticias\/wp-json\/wp\/v2\/users\/98"}],"replies":[{"embeddable":true,"href":"https:\/\/www.suno.com.br\/noticias\/wp-json\/wp\/v2\/comments?post=440502"}],"version-history":[{"count":2,"href":"https:\/\/www.suno.com.br\/noticias\/wp-json\/wp\/v2\/posts\/440502\/revisions"}],"predecessor-version":[{"id":440519,"href":"https:\/\/www.suno.com.br\/noticias\/wp-json\/wp\/v2\/posts\/440502\/revisions\/440519"}],"wp:featuredmedia":[{"embeddable":true,"href":"https:\/\/www.suno.com.br\/noticias\/wp-json\/wp\/v2\/media\/362723"}],"wp:attachment":[{"href":"https:\/\/www.suno.com.br\/noticias\/wp-json\/wp\/v2\/media?parent=440502"}],"wp:term":[{"taxonomy":"category","embeddable":true,"href":"https:\/\/www.suno.com.br\/noticias\/wp-json\/wp\/v2\/categories?post=440502"},{"taxonomy":"post_tag","embeddable":true,"href":"https:\/\/www.suno.com.br\/noticias\/wp-json\/wp\/v2\/tags?post=440502"},{"taxonomy":"suno_strategy","embeddable":true,"href":"https:\/\/www.suno.com.br\/noticias\/wp-json\/wp\/v2\/suno_strategy?post=440502"}],"curies":[{"name":"wp","href":"https:\/\/api.w.org\/{rel}","templated":true}]}}