{"id":44047,"date":"2019-11-07T13:54:02","date_gmt":"2019-11-07T15:54:02","guid":{"rendered":"https:\/\/www.suno.com.br\/noticias\/?p=44047"},"modified":"2019-11-07T19:58:17","modified_gmt":"2019-11-07T21:58:17","slug":"petrobras-leilao-pre-sal-quinta","status":"publish","type":"post","link":"https:\/\/www.suno.com.br\/noticias\/petrobras-leilao-pre-sal-quinta\/","title":{"rendered":"Petrobras protagoniza novo leil\u00e3o do pr\u00e9-sal realizado nesta quinta"},"content":{"rendered":"<p>Ap\u00f3s o leil\u00e3o da \u00faltima quarta-feira (6), em que apenas a Petrobras fez arremates, a <strong>Ag\u00eancia Nacional do Petr\u00f3leo, G\u00e1s Natural e Biocombust\u00edveis (ANP)<\/strong> realizou uma nova licita\u00e7\u00e3o de blocos do pr\u00e9-sal na <strong>Bacia de Santos<\/strong>. Cinco \u00e1reas foram ofertadas, por\u00e9m apenas uma foi vendida.<\/p>\t<div class=\"wrapper-featured-image\">\n\t\t<figure class=\"spotlightImg\">\n\n\t\t\t<picture>\n\t\t\t\t<source media=\"(max-width: 768px)\" srcset=\"https:\/\/files.sunoresearch.com.br\/n\/uploads\/2019\/05\/a4e99772-petrobras-400x200.webp\">\n\t\t\t\t<img loading=\"lazy\" decoding=\"async\" class=\"newsContent__article__imgCapa lazyloadDisabled newsContent__article__imgCapa--noCaption\" src=\"https:\/\/files.sunoresearch.com.br\/n\/uploads\/2019\/05\/a4e99772-petrobras-800x450.webp\" width=\"800\" height=\"450\" alt=\"Petrobras protagoniza novo leil\u00e3o do pr\u00e9-sal realizado nesta quinta\" fetchpriority=high \/>\n\t\t\t<\/picture>\n\n\t\t\t<figcaption class=\"wp-caption-text wp-caption-text--hide\">A Petrobras (PETR3; PETR4) iniciou a fase vinculante referente \u00e0 venda de sua subsidi\u00e1ria integral Petrobras Biocombust\u00edvel (PBIO).<\/figcaption>\n\t\t<\/figure>\n\t<\/div>\n\n\n<p>Mais uma vez a <strong>Petrobras<\/strong> foi a respons\u00e1vel pelo arremate. O bloco adquirido foi o de Aram. O neg\u00f3cio foi feito junto a chinesa CNODC, com lance \u00fanico. O Governo Federal esperava arrecadar R$ 7,85 bilh\u00f5es, entretanto apenas R$ 5,05 bilh\u00f5es foram arrecadados no leil\u00e3o desta quinta-feira (7).<\/p>\n\n<p>O ministro de Minas e Energia, Bento Albuquerque, afirmou que &#8220;as \u00e1reas que n\u00e3o foram arrematadas continuam a\u00ed, eu acredito que em um futuro, que n\u00f3s esperamos que seja pr\u00f3ximo, essas \u00e1reas voltem a ser licitadas&#8221;. Membros do governo anunciaram que ir\u00e3o afrouxar as regras dos leil\u00f5es para poder atrair as empresas estrangeiras para que n\u00e3o ocorra leil\u00f5es sem concorr\u00eancia, como os que aconteceram recentemente, em que apenas a <strong>Petrobras<\/strong> se destacou. Exemplos de empresas que o governo busca atrair s\u00e3o:<\/p>\n<ul>\n<li><strong>ExxonMobil<\/strong><\/li>\n<li><strong>Shell<\/strong><\/li>\n<li><strong> BP <\/strong><\/li>\n<li><strong>Chevron<\/strong><\/li>\n<\/ul>\n<p>&#8220;N\u00f3s inclusive j\u00e1 apresentamos ao Congresso Nacional algumas informa\u00e7\u00f5es de que \u00e9 o nosso entendimento de que a gente pode melhorar esse regime de explora\u00e7\u00e3o do petr\u00f3leo no Brasil&#8221;, disse Albuquerque.<\/p>\n<p>Somados, os dois leil\u00f5es totalizaram pouco mais de R$ 75 bilh\u00f5es. O valor representa apenas 65% do que o governo esperava, de R$ 114,4 bilh\u00f5es.<\/p>\n<h2>Petrobras arremata Campo de B\u00fazios junto a duas chinesas<\/h2>\n<p>A Ag\u00eancia Nacional de Petr\u00f3leo (ANP) realizou o leil\u00e3o excedente da cess\u00e3o onerosa na \u00faltima quarta-feira (6), que inclui quatro \u00e1reas no pr\u00e9-sal da Bacia de Santos. A Petrobras, junto as chinesas CNODC e CNOCC, fez uma oferta pelo campo de B\u00fazios e o arrematou. A <strong>petroleira<\/strong> <strong>brasileira<\/strong> tem 90% do cons\u00f3rcio e cada empresa chinesa tem 5%.<\/p>\n<p><a href=\"https:\/\/www.suno.com.br\/noticias\/petrobras-negociacao-acoes-bolsa-argentina\/\">Veja tamb\u00e9m: Petrobras prolonga prazo de negocia\u00e7\u00e3o de a\u00e7\u00f5es na bolsa argentina<\/a><\/p>\n<p>Al\u00e9m de B\u00fazios, a <strong>Petrobras<\/strong> tamb\u00e9m arrematou sozinha o bloco de Itapu, no pr\u00e9-sal da Bacia de Santos.\u00a0Para a petroleira, os baixos investimentos necess\u00e1rios e as condi\u00e7\u00f5es de aquisi\u00e7\u00e3o far\u00e1 de Itapu uma \u00e1rea &#8220;extremamente atrativa economicamente&#8221;.<\/p>\n","protected":false},"excerpt":{"rendered":"<p>Ap\u00f3s o leil\u00e3o da \u00faltima quarta-feira (6), em que apenas a Petrobras fez arremates, a Ag\u00eancia Nacional do Petr\u00f3leo, G\u00e1s Natural e Biocombust\u00edveis (ANP) realizou uma nova licita\u00e7\u00e3o de blocos do pr\u00e9-sal na Bacia de Santos. Cinco \u00e1reas foram ofertadas, por\u00e9m apenas uma foi vendida. A Petrobras (PETR3; PETR4) iniciou a fase vinculante referente \u00e0 [&hellip;]<\/p>\n","protected":false},"author":19,"featured_media":25113,"comment_status":"closed","ping_status":"closed","sticky":false,"template":"","format":"standard","meta":[],"categories":[64],"tags":[595,766],"suno_strategy":[],"class_list":["post-44047","post","type-post","status-publish","format-standard","has-post-thumbnail","hentry","category-negocios","tag-petrobras-petr4","tag-petroleo"],"yoast_head":"<!-- This site is optimized with the Yoast SEO plugin v24.4 - https:\/\/yoast.com\/wordpress\/plugins\/seo\/ -->\n<title>Petrobras protagoniza novo leil\u00e3o do pr\u00e9-sal realizado nesta quinta<\/title>\n<meta name=\"description\" content=\"A ANP realizou uma nova licita\u00e7\u00e3o de blocos do pr\u00e9-sal na Bacia de Santos. A Petrobras novamente foi protagonista. Clique e saiba mais.\" \/>\n<meta name=\"robots\" content=\"index, follow, max-snippet:-1, max-image-preview:large, max-video-preview:-1\" \/>\n<link rel=\"canonical\" href=\"https:\/\/www.suno.com.br\/noticias\/petrobras-leilao-pre-sal-quinta\/\" \/>\n<meta property=\"og:locale\" content=\"pt_BR\" \/>\n<meta property=\"og:type\" content=\"article\" \/>\n<meta property=\"og:title\" content=\"Petrobras protagoniza novo leil\u00e3o do pr\u00e9-sal realizado nesta quinta\" \/>\n<meta property=\"og:description\" content=\"A ANP realizou uma nova licita\u00e7\u00e3o de blocos do pr\u00e9-sal na Bacia de Santos. A Petrobras novamente foi protagonista. Clique e saiba mais.\" \/>\n<meta property=\"og:url\" content=\"https:\/\/www.suno.com.br\/noticias\/petrobras-leilao-pre-sal-quinta\/\" \/>\n<meta property=\"og:site_name\" content=\"Suno Not\u00edcias\" \/>\n<meta property=\"article:publisher\" content=\"https:\/\/facebook.com\/sunoresearch\" \/>\n<meta property=\"og:image\" content=\"https:\/\/files.sunoresearch.com.br\/n\/uploads\/2019\/05\/a4e99772-petrobras.jpg\" \/>\n\t<meta property=\"og:image:width\" content=\"1140\" \/>\n\t<meta property=\"og:image:height\" content=\"760\" \/>\n\t<meta property=\"og:image:type\" content=\"image\/jpeg\" \/>\n<meta name=\"author\" content=\"Juliano Passaro\" \/>\n<meta name=\"twitter:card\" content=\"summary_large_image\" \/>\n<meta name=\"twitter:creator\" content=\"@sunoresearch\" \/>\n<meta name=\"twitter:site\" content=\"@sunoresearch\" \/>\n<meta name=\"twitter:label1\" content=\"Escrito por\" \/>\n\t<meta name=\"twitter:data1\" content=\"Juliano Passaro\" \/>\n\t<meta name=\"twitter:label2\" content=\"Est. tempo de leitura\" \/>\n\t<meta name=\"twitter:data2\" content=\"2 minutos\" \/>\n<script type=\"application\/ld+json\" class=\"yoast-schema-graph\">{\"@context\":\"https:\/\/schema.org\",\"@graph\":[{\"@type\":\"NewsArticle\",\"@id\":\"https:\/\/www.suno.com.br\/noticias\/petrobras-leilao-pre-sal-quinta\/#article\",\"isPartOf\":{\"@id\":\"https:\/\/www.suno.com.br\/noticias\/petrobras-leilao-pre-sal-quinta\/\"},\"author\":{\"name\":\"Juliano Passaro\",\"@id\":\"https:\/\/www.suno.com.br\/noticias\/#\/schema\/person\/1db762f78ffd8919a648a63e425953e3\"},\"headline\":\"Petrobras protagoniza novo leil\u00e3o do pr\u00e9-sal realizado nesta quinta\",\"datePublished\":\"2019-11-07T15:54:02+00:00\",\"dateModified\":\"2019-11-07T21:58:17+00:00\",\"mainEntityOfPage\":{\"@id\":\"https:\/\/www.suno.com.br\/noticias\/petrobras-leilao-pre-sal-quinta\/\"},\"wordCount\":401,\"publisher\":{\"@id\":\"https:\/\/www.suno.com.br\/noticias\/#organization\"},\"image\":{\"@id\":\"https:\/\/www.suno.com.br\/noticias\/petrobras-leilao-pre-sal-quinta\/#primaryimage\"},\"thumbnailUrl\":\"https:\/\/files.sunoresearch.com.br\/n\/uploads\/2019\/05\/a4e99772-petrobras-jpg.webp\",\"keywords\":[\"Petrobras (PETR4)\",\"Petr\u00f3leo\"],\"articleSection\":[\"Neg\u00f3cios\"],\"inLanguage\":\"pt-BR\"},{\"@type\":\"WebPage\",\"@id\":\"https:\/\/www.suno.com.br\/noticias\/petrobras-leilao-pre-sal-quinta\/\",\"url\":\"https:\/\/www.suno.com.br\/noticias\/petrobras-leilao-pre-sal-quinta\/\",\"name\":\"Petrobras protagoniza novo leil\u00e3o do pr\u00e9-sal realizado nesta quinta\",\"isPartOf\":{\"@id\":\"https:\/\/www.suno.com.br\/noticias\/#website\"},\"primaryImageOfPage\":{\"@id\":\"https:\/\/www.suno.com.br\/noticias\/petrobras-leilao-pre-sal-quinta\/#primaryimage\"},\"image\":{\"@id\":\"https:\/\/www.suno.com.br\/noticias\/petrobras-leilao-pre-sal-quinta\/#primaryimage\"},\"thumbnailUrl\":\"https:\/\/files.sunoresearch.com.br\/n\/uploads\/2019\/05\/a4e99772-petrobras-jpg.webp\",\"datePublished\":\"2019-11-07T15:54:02+00:00\",\"dateModified\":\"2019-11-07T21:58:17+00:00\",\"description\":\"A ANP realizou uma nova licita\u00e7\u00e3o de blocos do pr\u00e9-sal na Bacia de Santos. A Petrobras novamente foi protagonista. Clique e saiba mais.\",\"breadcrumb\":{\"@id\":\"https:\/\/www.suno.com.br\/noticias\/petrobras-leilao-pre-sal-quinta\/#breadcrumb\"},\"inLanguage\":\"pt-BR\",\"potentialAction\":[{\"@type\":\"ReadAction\",\"target\":[\"https:\/\/www.suno.com.br\/noticias\/petrobras-leilao-pre-sal-quinta\/\"]}]},{\"@type\":\"ImageObject\",\"inLanguage\":\"pt-BR\",\"@id\":\"https:\/\/www.suno.com.br\/noticias\/petrobras-leilao-pre-sal-quinta\/#primaryimage\",\"url\":\"https:\/\/files.sunoresearch.com.br\/n\/uploads\/2019\/05\/a4e99772-petrobras-jpg.webp\",\"contentUrl\":\"https:\/\/files.sunoresearch.com.br\/n\/uploads\/2019\/05\/a4e99772-petrobras-jpg.webp\",\"width\":1140,\"height\":760,\"caption\":\"A Petrobras (PETR3; PETR4) iniciou a fase vinculante referente \u00e0 venda de sua subsidi\u00e1ria integral Petrobras Biocombust\u00edvel (PBIO).\"},{\"@type\":\"BreadcrumbList\",\"@id\":\"https:\/\/www.suno.com.br\/noticias\/petrobras-leilao-pre-sal-quinta\/#breadcrumb\",\"itemListElement\":[{\"@type\":\"ListItem\",\"position\":1,\"name\":\"Not\u00edcias\",\"item\":\"https:\/\/www.suno.com.br\/noticias\/\"},{\"@type\":\"ListItem\",\"position\":2,\"name\":\"Neg\u00f3cios\",\"item\":\"https:\/\/www.suno.com.br\/noticias\/negocios\/\"},{\"@type\":\"ListItem\",\"position\":3,\"name\":\"Petrobras protagoniza novo leil\u00e3o do pr\u00e9-sal realizado nesta quinta\"}]},{\"@type\":\"WebSite\",\"@id\":\"https:\/\/www.suno.com.br\/noticias\/#website\",\"url\":\"https:\/\/www.suno.com.br\/noticias\/\",\"name\":\"Suno Not\u00edcias\",\"description\":\"Seu portal de informa\u00e7\u00e3o sobre o mundo dos investimentos\",\"publisher\":{\"@id\":\"https:\/\/www.suno.com.br\/noticias\/#organization\"},\"potentialAction\":[{\"@type\":\"SearchAction\",\"target\":{\"@type\":\"EntryPoint\",\"urlTemplate\":\"https:\/\/www.suno.com.br\/noticias\/?s={search_term_string}\"},\"query-input\":{\"@type\":\"PropertyValueSpecification\",\"valueRequired\":true,\"valueName\":\"search_term_string\"}}],\"inLanguage\":\"pt-BR\"},{\"@type\":\"Organization\",\"@id\":\"https:\/\/www.suno.com.br\/noticias\/#organization\",\"name\":\"Suno Not\u00edcias\",\"url\":\"https:\/\/www.suno.com.br\/noticias\/\",\"logo\":{\"@type\":\"ImageObject\",\"inLanguage\":\"pt-BR\",\"@id\":\"https:\/\/www.suno.com.br\/noticias\/#\/schema\/logo\/image\/\",\"url\":\"https:\/\/files.sunoresearch.com.br\/n\/uploads\/2021\/09\/suno-logo.png\",\"contentUrl\":\"https:\/\/files.sunoresearch.com.br\/n\/uploads\/2021\/09\/suno-logo.png\",\"width\":180,\"height\":180,\"caption\":\"Suno Not\u00edcias\"},\"image\":{\"@id\":\"https:\/\/www.suno.com.br\/noticias\/#\/schema\/logo\/image\/\"},\"sameAs\":[\"https:\/\/facebook.com\/sunoresearch\",\"https:\/\/x.com\/sunoresearch\",\"https:\/\/www.instagram.com\/suno\",\"https:\/\/www.linkedin.com\/company\/suno-research\/\",\"https:\/\/www.youtube.com\/c\/sunoresearch\"]},{\"@type\":\"Person\",\"@id\":\"https:\/\/www.suno.com.br\/noticias\/#\/schema\/person\/1db762f78ffd8919a648a63e425953e3\",\"name\":\"Juliano Passaro\",\"image\":{\"@type\":\"ImageObject\",\"inLanguage\":\"pt-BR\",\"@id\":\"https:\/\/www.suno.com.br\/noticias\/#\/schema\/person\/image\/\",\"url\":\"https:\/\/secure.gravatar.com\/avatar\/743d4df28eebf6dcc46b4ad03c319e92?s=96&r=g\",\"contentUrl\":\"https:\/\/secure.gravatar.com\/avatar\/743d4df28eebf6dcc46b4ad03c319e92?s=96&r=g\",\"caption\":\"Juliano Passaro\"},\"description\":\"Juliano Passaro escreve sobre pol\u00edtica, economia e neg\u00f3cios para o portal da Suno Research. Antes da Suno, trabalhou no Portal da Band. \u00c9 formado em jornalismo pela Universidade Presbiteriana Mackenzie.\",\"url\":\"https:\/\/www.suno.com.br\/noticias\/author\/juliano\/\"}]}<\/script>\n<!-- \/ Yoast SEO plugin. -->","yoast_head_json":{"title":"Petrobras protagoniza novo leil\u00e3o do pr\u00e9-sal realizado nesta quinta","description":"A ANP realizou uma nova licita\u00e7\u00e3o de blocos do pr\u00e9-sal na Bacia de Santos. A Petrobras novamente foi protagonista. Clique e saiba mais.","robots":{"index":"index","follow":"follow","max-snippet":"max-snippet:-1","max-image-preview":"max-image-preview:large","max-video-preview":"max-video-preview:-1"},"canonical":"https:\/\/www.suno.com.br\/noticias\/petrobras-leilao-pre-sal-quinta\/","og_locale":"pt_BR","og_type":"article","og_title":"Petrobras protagoniza novo leil\u00e3o do pr\u00e9-sal realizado nesta quinta","og_description":"A ANP realizou uma nova licita\u00e7\u00e3o de blocos do pr\u00e9-sal na Bacia de Santos. A Petrobras novamente foi protagonista. Clique e saiba mais.","og_url":"https:\/\/www.suno.com.br\/noticias\/petrobras-leilao-pre-sal-quinta\/","og_site_name":"Suno Not\u00edcias","article_publisher":"https:\/\/facebook.com\/sunoresearch","og_image":[{"width":1140,"height":760,"url":"https:\/\/files.sunoresearch.com.br\/n\/uploads\/2019\/05\/a4e99772-petrobras.jpg","type":"image\/jpeg"}],"author":"Juliano Passaro","twitter_card":"summary_large_image","twitter_creator":"@sunoresearch","twitter_site":"@sunoresearch","twitter_misc":{"Escrito por":"Juliano Passaro","Est. tempo de leitura":"2 minutos"},"schema":{"@context":"https:\/\/schema.org","@graph":[{"@type":"NewsArticle","@id":"https:\/\/www.suno.com.br\/noticias\/petrobras-leilao-pre-sal-quinta\/#article","isPartOf":{"@id":"https:\/\/www.suno.com.br\/noticias\/petrobras-leilao-pre-sal-quinta\/"},"author":{"name":"Juliano Passaro","@id":"https:\/\/www.suno.com.br\/noticias\/#\/schema\/person\/1db762f78ffd8919a648a63e425953e3"},"headline":"Petrobras protagoniza novo leil\u00e3o do pr\u00e9-sal realizado nesta quinta","datePublished":"2019-11-07T15:54:02+00:00","dateModified":"2019-11-07T21:58:17+00:00","mainEntityOfPage":{"@id":"https:\/\/www.suno.com.br\/noticias\/petrobras-leilao-pre-sal-quinta\/"},"wordCount":401,"publisher":{"@id":"https:\/\/www.suno.com.br\/noticias\/#organization"},"image":{"@id":"https:\/\/www.suno.com.br\/noticias\/petrobras-leilao-pre-sal-quinta\/#primaryimage"},"thumbnailUrl":"https:\/\/files.sunoresearch.com.br\/n\/uploads\/2019\/05\/a4e99772-petrobras-jpg.webp","keywords":["Petrobras (PETR4)","Petr\u00f3leo"],"articleSection":["Neg\u00f3cios"],"inLanguage":"pt-BR"},{"@type":"WebPage","@id":"https:\/\/www.suno.com.br\/noticias\/petrobras-leilao-pre-sal-quinta\/","url":"https:\/\/www.suno.com.br\/noticias\/petrobras-leilao-pre-sal-quinta\/","name":"Petrobras protagoniza novo leil\u00e3o do pr\u00e9-sal realizado nesta quinta","isPartOf":{"@id":"https:\/\/www.suno.com.br\/noticias\/#website"},"primaryImageOfPage":{"@id":"https:\/\/www.suno.com.br\/noticias\/petrobras-leilao-pre-sal-quinta\/#primaryimage"},"image":{"@id":"https:\/\/www.suno.com.br\/noticias\/petrobras-leilao-pre-sal-quinta\/#primaryimage"},"thumbnailUrl":"https:\/\/files.sunoresearch.com.br\/n\/uploads\/2019\/05\/a4e99772-petrobras-jpg.webp","datePublished":"2019-11-07T15:54:02+00:00","dateModified":"2019-11-07T21:58:17+00:00","description":"A ANP realizou uma nova licita\u00e7\u00e3o de blocos do pr\u00e9-sal na Bacia de Santos. A Petrobras novamente foi protagonista. Clique e saiba mais.","breadcrumb":{"@id":"https:\/\/www.suno.com.br\/noticias\/petrobras-leilao-pre-sal-quinta\/#breadcrumb"},"inLanguage":"pt-BR","potentialAction":[{"@type":"ReadAction","target":["https:\/\/www.suno.com.br\/noticias\/petrobras-leilao-pre-sal-quinta\/"]}]},{"@type":"ImageObject","inLanguage":"pt-BR","@id":"https:\/\/www.suno.com.br\/noticias\/petrobras-leilao-pre-sal-quinta\/#primaryimage","url":"https:\/\/files.sunoresearch.com.br\/n\/uploads\/2019\/05\/a4e99772-petrobras-jpg.webp","contentUrl":"https:\/\/files.sunoresearch.com.br\/n\/uploads\/2019\/05\/a4e99772-petrobras-jpg.webp","width":1140,"height":760,"caption":"A Petrobras (PETR3; PETR4) iniciou a fase vinculante referente \u00e0 venda de sua subsidi\u00e1ria integral Petrobras Biocombust\u00edvel (PBIO)."},{"@type":"BreadcrumbList","@id":"https:\/\/www.suno.com.br\/noticias\/petrobras-leilao-pre-sal-quinta\/#breadcrumb","itemListElement":[{"@type":"ListItem","position":1,"name":"Not\u00edcias","item":"https:\/\/www.suno.com.br\/noticias\/"},{"@type":"ListItem","position":2,"name":"Neg\u00f3cios","item":"https:\/\/www.suno.com.br\/noticias\/negocios\/"},{"@type":"ListItem","position":3,"name":"Petrobras protagoniza novo leil\u00e3o do pr\u00e9-sal realizado nesta quinta"}]},{"@type":"WebSite","@id":"https:\/\/www.suno.com.br\/noticias\/#website","url":"https:\/\/www.suno.com.br\/noticias\/","name":"Suno Not\u00edcias","description":"Seu portal de informa\u00e7\u00e3o sobre o mundo dos investimentos","publisher":{"@id":"https:\/\/www.suno.com.br\/noticias\/#organization"},"potentialAction":[{"@type":"SearchAction","target":{"@type":"EntryPoint","urlTemplate":"https:\/\/www.suno.com.br\/noticias\/?s={search_term_string}"},"query-input":{"@type":"PropertyValueSpecification","valueRequired":true,"valueName":"search_term_string"}}],"inLanguage":"pt-BR"},{"@type":"Organization","@id":"https:\/\/www.suno.com.br\/noticias\/#organization","name":"Suno Not\u00edcias","url":"https:\/\/www.suno.com.br\/noticias\/","logo":{"@type":"ImageObject","inLanguage":"pt-BR","@id":"https:\/\/www.suno.com.br\/noticias\/#\/schema\/logo\/image\/","url":"https:\/\/files.sunoresearch.com.br\/n\/uploads\/2021\/09\/suno-logo.png","contentUrl":"https:\/\/files.sunoresearch.com.br\/n\/uploads\/2021\/09\/suno-logo.png","width":180,"height":180,"caption":"Suno Not\u00edcias"},"image":{"@id":"https:\/\/www.suno.com.br\/noticias\/#\/schema\/logo\/image\/"},"sameAs":["https:\/\/facebook.com\/sunoresearch","https:\/\/x.com\/sunoresearch","https:\/\/www.instagram.com\/suno","https:\/\/www.linkedin.com\/company\/suno-research\/","https:\/\/www.youtube.com\/c\/sunoresearch"]},{"@type":"Person","@id":"https:\/\/www.suno.com.br\/noticias\/#\/schema\/person\/1db762f78ffd8919a648a63e425953e3","name":"Juliano Passaro","image":{"@type":"ImageObject","inLanguage":"pt-BR","@id":"https:\/\/www.suno.com.br\/noticias\/#\/schema\/person\/image\/","url":"https:\/\/secure.gravatar.com\/avatar\/743d4df28eebf6dcc46b4ad03c319e92?s=96&r=g","contentUrl":"https:\/\/secure.gravatar.com\/avatar\/743d4df28eebf6dcc46b4ad03c319e92?s=96&r=g","caption":"Juliano Passaro"},"description":"Juliano Passaro escreve sobre pol\u00edtica, economia e neg\u00f3cios para o portal da Suno Research. Antes da Suno, trabalhou no Portal da Band. \u00c9 formado em jornalismo pela Universidade Presbiteriana Mackenzie.","url":"https:\/\/www.suno.com.br\/noticias\/author\/juliano\/"}]}},"default_loop_html":"<div class=\"cardsPage__listCard__boxs\"><div class=\"cardsPage__listCard__boxs__img\"><a href=\"https:\/\/www.suno.com.br\/noticias\/petrobras-leilao-pre-sal-quinta\/\"><img class=\"mask\" src=\"https:\/\/www.suno.com.br\/noticias\/wp-content\/themes\/suno\/resources\/images\/spotlight\/spotlight1img\/bg-mask.png\" alt=\"Image Mask\"\/><img src=\"https:\/\/files.sunoresearch.com.br\/n\/uploads\/2019\/05\/a4e99772-petrobras-400x200.webp\" alt=\"Petrobras protagoniza novo leil\u00e3o do pr\u00e9-sal realizado nesta quinta\"\/><\/a><span class=\"spotlightCategory\"><a href=\"https:\/\/www.suno.com.br\/noticias\/negocios\/\">Neg\u00f3cios<\/a><\/span><\/div><div class=\"cardsPage__listCard__boxs__content\"><a href=\"https:\/\/www.suno.com.br\/noticias\/petrobras-leilao-pre-sal-quinta\/\"><h2 class=\"content__title\">Petrobras protagoniza novo leil\u00e3o do pr\u00e9-sal realizado nesta quinta<\/h2><\/a><div class=\"newsContent__article__meta\"><div class=\"newsContent__article__meta__authorBox\"><a href=\"https:\/\/www.suno.com.br\/noticias\/author\/juliano\/\" class=\"authorBox__avatar noMobi\"><img src=\"https:\/\/files.sunoresearch.com.br\/n\/uploads\/2019\/06\/7cc3efea-whatsapp-image-2019-07-18-at-21.59.33-e1563499821209-150x150.webp\" alt=\"Juliano Passaro\"><\/a><div class=\"authorBox__name\"><span>por\n\t\t\t<a href=\"https:\/\/www.suno.com.br\/noticias\/author\/juliano\/\"><span itemprop=\"author\">Juliano Passaro<\/span><\/a><\/span><time datetime=\"2019-11-07T13:54:02-03:00\" itemprop=\"datePublished\">07\/11\/2019 13:54<\/time><\/div><\/div><\/div><\/div><\/div>","single_layout":"posts","amp_enabled":true,"_links":{"self":[{"href":"https:\/\/www.suno.com.br\/noticias\/wp-json\/wp\/v2\/posts\/44047"}],"collection":[{"href":"https:\/\/www.suno.com.br\/noticias\/wp-json\/wp\/v2\/posts"}],"about":[{"href":"https:\/\/www.suno.com.br\/noticias\/wp-json\/wp\/v2\/types\/post"}],"author":[{"embeddable":true,"href":"https:\/\/www.suno.com.br\/noticias\/wp-json\/wp\/v2\/users\/19"}],"replies":[{"embeddable":true,"href":"https:\/\/www.suno.com.br\/noticias\/wp-json\/wp\/v2\/comments?post=44047"}],"version-history":[{"count":0,"href":"https:\/\/www.suno.com.br\/noticias\/wp-json\/wp\/v2\/posts\/44047\/revisions"}],"wp:featuredmedia":[{"embeddable":true,"href":"https:\/\/www.suno.com.br\/noticias\/wp-json\/wp\/v2\/media\/25113"}],"wp:attachment":[{"href":"https:\/\/www.suno.com.br\/noticias\/wp-json\/wp\/v2\/media?parent=44047"}],"wp:term":[{"taxonomy":"category","embeddable":true,"href":"https:\/\/www.suno.com.br\/noticias\/wp-json\/wp\/v2\/categories?post=44047"},{"taxonomy":"post_tag","embeddable":true,"href":"https:\/\/www.suno.com.br\/noticias\/wp-json\/wp\/v2\/tags?post=44047"},{"taxonomy":"suno_strategy","embeddable":true,"href":"https:\/\/www.suno.com.br\/noticias\/wp-json\/wp\/v2\/suno_strategy?post=44047"}],"curies":[{"name":"wp","href":"https:\/\/api.w.org\/{rel}","templated":true}]}}