{"id":44035,"date":"2019-11-07T12:50:41","date_gmt":"2019-11-07T14:50:41","guid":{"rendered":"https:\/\/www.suno.com.br\/noticias\/?p=44035"},"modified":"2019-11-07T12:50:41","modified_gmt":"2019-11-07T14:50:41","slug":"natura-avon-acao-sobe-cotacao-cade","status":"publish","type":"post","link":"https:\/\/www.suno.com.br\/noticias\/natura-avon-acao-sobe-cotacao-cade\/","title":{"rendered":"Natura: a\u00e7\u00f5es sobem 5% com aprova\u00e7\u00e3o do Cade pela compra da Avon"},"content":{"rendered":"<p>A <strong>a\u00e7\u00e3o<\/strong> da Natura (NATU3) est\u00e1 variando 5% ficando entre as mais altas da <strong><a href=\"https:\/\/www.suno.com.br\/artigos\/bovespa-precedente-b3\/\">Bolsa de Valores de S\u00e3o Paulo<\/a><\/strong> nesta quinta-feira (7).<\/p>\t<div class=\"wrapper-featured-image\">\n\t\t<figure class=\"spotlightImg\">\n\n\t\t\t<picture>\n\t\t\t\t<source media=\"(max-width: 768px)\" srcset=\"https:\/\/files.sunoresearch.com.br\/n\/uploads\/2019\/06\/ca0f871f-natura-400x200.webp\">\n\t\t\t\t<img loading=\"lazy\" decoding=\"async\" class=\"newsContent__article__imgCapa lazyloadDisabled newsContent__article__imgCapa--noCaption\" src=\"https:\/\/files.sunoresearch.com.br\/n\/uploads\/2019\/06\/ca0f871f-natura-800x450.webp\" width=\"800\" height=\"450\" alt=\"Natura: a\u00e7\u00f5es sobem 5% com aprova\u00e7\u00e3o do Cade pela compra da Avon\" fetchpriority=high \/>\n\t\t\t<\/picture>\n\n\t\t\t<figcaption class=\"wp-caption-text wp-caption-text--hide\">A Natura &amp; CO (NTCO3) informou que realizou o pr\u00e9-pagamento de t\u00edtulos de d\u00edvida (&quot;bonds&quot;) de sua subsidi\u00e1ria Avon.<\/figcaption>\n\t\t<\/figure>\n\t<\/div>\n\n\n\n<p>Por volta das 11h30, as <strong><a href=\"https:\/\/www.suno.com.br\/artigos\/tipos-de-acoes\/\">a\u00e7\u00f5es ordin\u00e1rias<\/a> <\/strong>da empresa de cosm\u00e9ticos brasileira variavam 5,3% sendo negociadas a R$ 33,17. A alta se deve ao comunicado da <strong>Natura<\/strong> realizado na \u00faltima quarta-feira (6) sobre a aprova\u00e7\u00e3o do \u00f3rg\u00e3o regulador da compra da Avon<\/p>\n<p>O <a href=\"https:\/\/www.suno.com.br\/artigos\/cade\/\">Conselho Administrativo de Defesa Econ\u00f4mica (Cade)<\/a> aprovou a aquisi\u00e7\u00e3o da empresa americana pela Natura. O comunicado sobre a negocia\u00e7\u00e3o foi enviado pela brasileira \u00e0 <a href=\"https:\/\/www.suno.com.br\/artigos\/cvm\/\">Comiss\u00e3o de Valores Mobili\u00e1rios (CVM<\/a>).<\/p>\n<h2>Cade aprova aquisi\u00e7\u00e3o da Avon pela Natura<\/h2>\n<p>A negocia\u00e7\u00e3o entre as duas empresas foi aprovada pelo \u00f3rg\u00e3o\u00a0 sem restri\u00e7\u00f5es. A Avon foi avaliada em US$ 3,7 bilh\u00f5es.<\/p>\n<p>\u201cA decis\u00e3o n\u00e3o ser\u00e1 final at\u00e9 que seja publicada no &#8216;Di\u00e1rio Oficial da Uni\u00e3o&#8217;, e decorrido o prazo de 15 dias a contar de tal publica\u00e7\u00e3o, para eventuais recursos, nos termos da legisla\u00e7\u00e3o aplic\u00e1vel\u201d, comunicou a empresa de cosm\u00e9ticos brasileira.<\/p>\n<p><a href=\"\/\/www.suno.com.br\/noticias\/natura-aprova-aumento-capital-empresa-r-1242-bilhao\/\">Confira Tamb\u00e9m: Natura Cosm\u00e9ticos aumenta seu capital social em R$ 1,242 bilh\u00e3o<\/a><\/p>\n<p>A venda ainda dever\u00e1 ser aprovada por autoridades que defendem a concorr\u00eancia. Al\u00e9m disso, est\u00e1 sujeita ao cumprimento de outras condi\u00e7\u00f5es precedentes.<\/p>\n<p>&#8220;As companhias manter\u00e3o seus acionistas e o mercado informados a respeito da consuma\u00e7\u00e3o das demais condi\u00e7\u00f5es precedentes e fatos subsequentes relacionados \u00e0 Transa\u00e7\u00e3o na forma da lei e da regulamenta\u00e7\u00e3o da CVM&#8221;, diz o comunicado.<\/p>\n\t<p>\n\t\t<a href=\"https:\/\/lp.suno.com.br\/ao\/sessao-estrategica-consultoria-c\/?utm_source=suno-noticias&#038;utm_medium=banner&#038;utm_campaing=dividendos-taxacao-pl\" target=\"_blank\" data-element=\"shortcode-suno-banner\" title=\"Banner SUNO, clique e saiba mais\">\n\t\t\t<picture>\n\t\t\t\t<source media=\"(max-width: 500px)\" srcset=\"https:\/\/files.sunoresearch.com.br\/n\/uploads\/2025\/09\/300x400.webp\">\n\t\t\t\t<img class=\"newsContent__article__imgCapa newsContent__article__imgCapa--banner\"\n\t\t\t\t\tsrc=\"https:\/\/files.sunoresearch.com.br\/n\/uploads\/2025\/09\/SN-DT-1420x240-1.webp\"\n\t\t\t\t\tdata-promo-id=\"628283\"\t\t\t\t\t\t\t\t\t\twidth='1420' height='240'\t\t\t\t\talt=\"https:\/\/files.sunoresearch.com.br\/n\/uploads\/2025\/09\/SN-DT-1420x240-1.webp\"\n\t\t\t\t>\n\t\t\t<\/picture>\n\t\t<\/a>\n\t<\/p>\n\n\n<p>A Natura informou que todo o processo de aquisi\u00e7\u00e3o e integra\u00e7\u00e3o da Avon custar\u00e1 em m\u00e9dia R$ 349 milh\u00f5es. Neste valor est\u00e1 incluso as avalia\u00e7\u00f5es, publica\u00e7\u00f5es e assessoria jur\u00eddica. De acordo com a empresa brasileira, o faturamento anual da empresa ap\u00f3s a compra da Avon ser\u00e1 superior a US$ 10 bilh\u00f5es (cerca de R$ 40 bilh\u00f5es).<\/p>\n<p>&#8220;A <a href=\"https:\/\/www.suno.com.br\/artigos\/tipos-de-acoes\/\">a\u00e7\u00e3o ordin\u00e1ria<\/a> da Avon ser\u00e1 convertida no fechamento da transa\u00e7\u00e3o contemplada no Contrato, no direito de receber 0,300 (<a href=\"https:\/\/www.suno.com.br\/artigos\/adr\/\">ADRs<\/a>) da Natura (ou a crit\u00e9rio do detentor de a\u00e7\u00e3o ordin\u00e1ria da Avon, 0,600 a\u00e7\u00f5es da <strong>Natura<\/strong>&#8220;, informou e empresa.<\/p>\n","protected":false},"excerpt":{"rendered":"<p>A a\u00e7\u00e3o da Natura (NATU3) est\u00e1 variando 5% ficando entre as mais altas da Bolsa de Valores de S\u00e3o Paulo nesta quinta-feira (7). A Natura &amp; CO (NTCO3) informou que realizou o pr\u00e9-pagamento de t\u00edtulos de d\u00edvida (&quot;bonds&quot;) de sua subsidi\u00e1ria Avon. Por volta das 11h30, as a\u00e7\u00f5es ordin\u00e1rias da empresa de cosm\u00e9ticos brasileira variavam [&hellip;]<\/p>\n","protected":false},"author":15,"featured_media":28571,"comment_status":"closed","ping_status":"closed","sticky":false,"template":"","format":"standard","meta":[],"categories":[64],"tags":[975,574],"suno_strategy":[],"class_list":["post-44035","post","type-post","status-publish","format-standard","has-post-thumbnail","hentry","category-negocios","tag-avon","tag-natura-ntco3"],"yoast_head":"<!-- This site is optimized with the Yoast SEO plugin v24.4 - https:\/\/yoast.com\/wordpress\/plugins\/seo\/ -->\n<title>Natura: a\u00e7\u00f5es sobem 5% com aprova\u00e7\u00e3o do Cade pela compra da Avon<\/title>\n<meta name=\"description\" content=\"Por volta das 11h30, as a\u00e7\u00f5es ordin\u00e1rias da Natura variavam 5,3% sendo negociadas a R$ 33,17. Clique aqui e saiba mais\" \/>\n<meta name=\"robots\" content=\"index, follow, max-snippet:-1, max-image-preview:large, max-video-preview:-1\" \/>\n<link rel=\"canonical\" href=\"https:\/\/www.suno.com.br\/noticias\/natura-avon-acao-sobe-cotacao-cade\/\" \/>\n<meta property=\"og:locale\" content=\"pt_BR\" \/>\n<meta property=\"og:type\" content=\"article\" \/>\n<meta property=\"og:title\" content=\"Natura: a\u00e7\u00f5es sobem 5% com aprova\u00e7\u00e3o do Cade pela compra da Avon\" \/>\n<meta property=\"og:description\" content=\"Por volta das 11h30, as a\u00e7\u00f5es ordin\u00e1rias da Natura variavam 5,3% sendo negociadas a R$ 33,17. Clique aqui e saiba mais\" \/>\n<meta property=\"og:url\" content=\"https:\/\/www.suno.com.br\/noticias\/natura-avon-acao-sobe-cotacao-cade\/\" \/>\n<meta property=\"og:site_name\" content=\"Suno Not\u00edcias\" \/>\n<meta property=\"article:publisher\" content=\"https:\/\/facebook.com\/sunoresearch\" \/>\n<meta property=\"og:image\" content=\"https:\/\/files.sunoresearch.com.br\/n\/uploads\/2019\/06\/ca0f871f-natura.jpg\" \/>\n\t<meta property=\"og:image:width\" content=\"810\" \/>\n\t<meta property=\"og:image:height\" content=\"455\" \/>\n\t<meta property=\"og:image:type\" content=\"image\/jpeg\" \/>\n<meta name=\"author\" content=\"Poliana Santos\" \/>\n<meta name=\"twitter:card\" content=\"summary_large_image\" \/>\n<meta name=\"twitter:creator\" content=\"@sunoresearch\" \/>\n<meta name=\"twitter:site\" content=\"@sunoresearch\" \/>\n<meta name=\"twitter:label1\" content=\"Escrito por\" \/>\n\t<meta name=\"twitter:data1\" content=\"Poliana Santos\" \/>\n\t<meta name=\"twitter:label2\" content=\"Est. tempo de leitura\" \/>\n\t<meta name=\"twitter:data2\" content=\"2 minutos\" \/>\n<script type=\"application\/ld+json\" class=\"yoast-schema-graph\">{\"@context\":\"https:\/\/schema.org\",\"@graph\":[{\"@type\":\"NewsArticle\",\"@id\":\"https:\/\/www.suno.com.br\/noticias\/natura-avon-acao-sobe-cotacao-cade\/#article\",\"isPartOf\":{\"@id\":\"https:\/\/www.suno.com.br\/noticias\/natura-avon-acao-sobe-cotacao-cade\/\"},\"author\":{\"name\":\"Poliana Santos\",\"@id\":\"https:\/\/www.suno.com.br\/noticias\/#\/schema\/person\/02ec1f752758247878a2bf4abee1aeda\"},\"headline\":\"Natura: a\u00e7\u00f5es sobem 5% com aprova\u00e7\u00e3o do Cade pela compra da Avon\",\"datePublished\":\"2019-11-07T14:50:41+00:00\",\"mainEntityOfPage\":{\"@id\":\"https:\/\/www.suno.com.br\/noticias\/natura-avon-acao-sobe-cotacao-cade\/\"},\"wordCount\":382,\"publisher\":{\"@id\":\"https:\/\/www.suno.com.br\/noticias\/#organization\"},\"image\":{\"@id\":\"https:\/\/www.suno.com.br\/noticias\/natura-avon-acao-sobe-cotacao-cade\/#primaryimage\"},\"thumbnailUrl\":\"https:\/\/files.sunoresearch.com.br\/n\/uploads\/2019\/06\/ca0f871f-natura.jpg\",\"keywords\":[\"Avon\",\"Natura (NTCO3)\"],\"articleSection\":[\"Neg\u00f3cios\"],\"inLanguage\":\"pt-BR\"},{\"@type\":\"WebPage\",\"@id\":\"https:\/\/www.suno.com.br\/noticias\/natura-avon-acao-sobe-cotacao-cade\/\",\"url\":\"https:\/\/www.suno.com.br\/noticias\/natura-avon-acao-sobe-cotacao-cade\/\",\"name\":\"Natura: a\u00e7\u00f5es sobem 5% com aprova\u00e7\u00e3o do Cade pela compra da Avon\",\"isPartOf\":{\"@id\":\"https:\/\/www.suno.com.br\/noticias\/#website\"},\"primaryImageOfPage\":{\"@id\":\"https:\/\/www.suno.com.br\/noticias\/natura-avon-acao-sobe-cotacao-cade\/#primaryimage\"},\"image\":{\"@id\":\"https:\/\/www.suno.com.br\/noticias\/natura-avon-acao-sobe-cotacao-cade\/#primaryimage\"},\"thumbnailUrl\":\"https:\/\/files.sunoresearch.com.br\/n\/uploads\/2019\/06\/ca0f871f-natura.jpg\",\"datePublished\":\"2019-11-07T14:50:41+00:00\",\"description\":\"Por volta das 11h30, as a\u00e7\u00f5es ordin\u00e1rias da Natura variavam 5,3% sendo negociadas a R$ 33,17. Clique aqui e saiba mais\",\"breadcrumb\":{\"@id\":\"https:\/\/www.suno.com.br\/noticias\/natura-avon-acao-sobe-cotacao-cade\/#breadcrumb\"},\"inLanguage\":\"pt-BR\",\"potentialAction\":[{\"@type\":\"ReadAction\",\"target\":[\"https:\/\/www.suno.com.br\/noticias\/natura-avon-acao-sobe-cotacao-cade\/\"]}]},{\"@type\":\"ImageObject\",\"inLanguage\":\"pt-BR\",\"@id\":\"https:\/\/www.suno.com.br\/noticias\/natura-avon-acao-sobe-cotacao-cade\/#primaryimage\",\"url\":\"https:\/\/files.sunoresearch.com.br\/n\/uploads\/2019\/06\/ca0f871f-natura.jpg\",\"contentUrl\":\"https:\/\/files.sunoresearch.com.br\/n\/uploads\/2019\/06\/ca0f871f-natura.jpg\",\"width\":810,\"height\":455,\"caption\":\"A Natura & CO (NTCO3) informou que realizou o pr\u00e9-pagamento de t\u00edtulos de d\u00edvida (\\\"bonds\\\") de sua subsidi\u00e1ria Avon.\"},{\"@type\":\"BreadcrumbList\",\"@id\":\"https:\/\/www.suno.com.br\/noticias\/natura-avon-acao-sobe-cotacao-cade\/#breadcrumb\",\"itemListElement\":[{\"@type\":\"ListItem\",\"position\":1,\"name\":\"Not\u00edcias\",\"item\":\"https:\/\/www.suno.com.br\/noticias\/\"},{\"@type\":\"ListItem\",\"position\":2,\"name\":\"Neg\u00f3cios\",\"item\":\"https:\/\/www.suno.com.br\/noticias\/negocios\/\"},{\"@type\":\"ListItem\",\"position\":3,\"name\":\"Natura: a\u00e7\u00f5es sobem 5% com aprova\u00e7\u00e3o do Cade pela compra da Avon\"}]},{\"@type\":\"WebSite\",\"@id\":\"https:\/\/www.suno.com.br\/noticias\/#website\",\"url\":\"https:\/\/www.suno.com.br\/noticias\/\",\"name\":\"Suno Not\u00edcias\",\"description\":\"Seu portal de informa\u00e7\u00e3o sobre o mundo dos investimentos\",\"publisher\":{\"@id\":\"https:\/\/www.suno.com.br\/noticias\/#organization\"},\"potentialAction\":[{\"@type\":\"SearchAction\",\"target\":{\"@type\":\"EntryPoint\",\"urlTemplate\":\"https:\/\/www.suno.com.br\/noticias\/?s={search_term_string}\"},\"query-input\":{\"@type\":\"PropertyValueSpecification\",\"valueRequired\":true,\"valueName\":\"search_term_string\"}}],\"inLanguage\":\"pt-BR\"},{\"@type\":\"Organization\",\"@id\":\"https:\/\/www.suno.com.br\/noticias\/#organization\",\"name\":\"Suno Not\u00edcias\",\"url\":\"https:\/\/www.suno.com.br\/noticias\/\",\"logo\":{\"@type\":\"ImageObject\",\"inLanguage\":\"pt-BR\",\"@id\":\"https:\/\/www.suno.com.br\/noticias\/#\/schema\/logo\/image\/\",\"url\":\"https:\/\/files.sunoresearch.com.br\/n\/uploads\/2021\/09\/suno-logo.png\",\"contentUrl\":\"https:\/\/files.sunoresearch.com.br\/n\/uploads\/2021\/09\/suno-logo.png\",\"width\":180,\"height\":180,\"caption\":\"Suno Not\u00edcias\"},\"image\":{\"@id\":\"https:\/\/www.suno.com.br\/noticias\/#\/schema\/logo\/image\/\"},\"sameAs\":[\"https:\/\/facebook.com\/sunoresearch\",\"https:\/\/x.com\/sunoresearch\",\"https:\/\/www.instagram.com\/suno\",\"https:\/\/www.linkedin.com\/company\/suno-research\/\",\"https:\/\/www.youtube.com\/c\/sunoresearch\"]},{\"@type\":\"Person\",\"@id\":\"https:\/\/www.suno.com.br\/noticias\/#\/schema\/person\/02ec1f752758247878a2bf4abee1aeda\",\"name\":\"Poliana Santos\",\"image\":{\"@type\":\"ImageObject\",\"inLanguage\":\"pt-BR\",\"@id\":\"https:\/\/www.suno.com.br\/noticias\/#\/schema\/person\/image\/\",\"url\":\"https:\/\/secure.gravatar.com\/avatar\/0645bd32f23d87b2130f2b2dff1d3f8d?s=96&r=g\",\"contentUrl\":\"https:\/\/secure.gravatar.com\/avatar\/0645bd32f23d87b2130f2b2dff1d3f8d?s=96&r=g\",\"caption\":\"Poliana Santos\"},\"description\":\"Rep\u00f3rter no Suno Not\u00edcias, com cobertura em mercado financeiro, economia, finan\u00e7as pessoais, renda fixa e varejo. Jornalista formada pela Faculdade C\u00e1sper L\u00edbero e possui passagem na R\u00e1dio Gazeta AM com a produ\u00e7\u00e3o de conte\u00fado sobre economia, pol\u00edtica, sa\u00fade, moda e m\u00fasica. Possui certificado de conclus\u00e3o do curso de An\u00e1lise de Balan\u00e7os pela Funda\u00e7\u00e3o Bradesco, Agenda Brasil pela FAAP, Educa\u00e7\u00e3o Pol\u00edtica por Alexandre Garcia e do Tesouro Direto e Mercado de A\u00e7\u00f5es pela B3.\",\"url\":\"https:\/\/www.suno.com.br\/noticias\/author\/poliana-santos\/\"}]}<\/script>\n<!-- \/ Yoast SEO plugin. -->","yoast_head_json":{"title":"Natura: a\u00e7\u00f5es sobem 5% com aprova\u00e7\u00e3o do Cade pela compra da Avon","description":"Por volta das 11h30, as a\u00e7\u00f5es ordin\u00e1rias da Natura variavam 5,3% sendo negociadas a R$ 33,17. Clique aqui e saiba mais","robots":{"index":"index","follow":"follow","max-snippet":"max-snippet:-1","max-image-preview":"max-image-preview:large","max-video-preview":"max-video-preview:-1"},"canonical":"https:\/\/www.suno.com.br\/noticias\/natura-avon-acao-sobe-cotacao-cade\/","og_locale":"pt_BR","og_type":"article","og_title":"Natura: a\u00e7\u00f5es sobem 5% com aprova\u00e7\u00e3o do Cade pela compra da Avon","og_description":"Por volta das 11h30, as a\u00e7\u00f5es ordin\u00e1rias da Natura variavam 5,3% sendo negociadas a R$ 33,17. Clique aqui e saiba mais","og_url":"https:\/\/www.suno.com.br\/noticias\/natura-avon-acao-sobe-cotacao-cade\/","og_site_name":"Suno Not\u00edcias","article_publisher":"https:\/\/facebook.com\/sunoresearch","og_image":[{"width":810,"height":455,"url":"https:\/\/files.sunoresearch.com.br\/n\/uploads\/2019\/06\/ca0f871f-natura.jpg","type":"image\/jpeg"}],"author":"Poliana Santos","twitter_card":"summary_large_image","twitter_creator":"@sunoresearch","twitter_site":"@sunoresearch","twitter_misc":{"Escrito por":"Poliana Santos","Est. tempo de leitura":"2 minutos"},"schema":{"@context":"https:\/\/schema.org","@graph":[{"@type":"NewsArticle","@id":"https:\/\/www.suno.com.br\/noticias\/natura-avon-acao-sobe-cotacao-cade\/#article","isPartOf":{"@id":"https:\/\/www.suno.com.br\/noticias\/natura-avon-acao-sobe-cotacao-cade\/"},"author":{"name":"Poliana Santos","@id":"https:\/\/www.suno.com.br\/noticias\/#\/schema\/person\/02ec1f752758247878a2bf4abee1aeda"},"headline":"Natura: a\u00e7\u00f5es sobem 5% com aprova\u00e7\u00e3o do Cade pela compra da Avon","datePublished":"2019-11-07T14:50:41+00:00","mainEntityOfPage":{"@id":"https:\/\/www.suno.com.br\/noticias\/natura-avon-acao-sobe-cotacao-cade\/"},"wordCount":382,"publisher":{"@id":"https:\/\/www.suno.com.br\/noticias\/#organization"},"image":{"@id":"https:\/\/www.suno.com.br\/noticias\/natura-avon-acao-sobe-cotacao-cade\/#primaryimage"},"thumbnailUrl":"https:\/\/files.sunoresearch.com.br\/n\/uploads\/2019\/06\/ca0f871f-natura.jpg","keywords":["Avon","Natura (NTCO3)"],"articleSection":["Neg\u00f3cios"],"inLanguage":"pt-BR"},{"@type":"WebPage","@id":"https:\/\/www.suno.com.br\/noticias\/natura-avon-acao-sobe-cotacao-cade\/","url":"https:\/\/www.suno.com.br\/noticias\/natura-avon-acao-sobe-cotacao-cade\/","name":"Natura: a\u00e7\u00f5es sobem 5% com aprova\u00e7\u00e3o do Cade pela compra da Avon","isPartOf":{"@id":"https:\/\/www.suno.com.br\/noticias\/#website"},"primaryImageOfPage":{"@id":"https:\/\/www.suno.com.br\/noticias\/natura-avon-acao-sobe-cotacao-cade\/#primaryimage"},"image":{"@id":"https:\/\/www.suno.com.br\/noticias\/natura-avon-acao-sobe-cotacao-cade\/#primaryimage"},"thumbnailUrl":"https:\/\/files.sunoresearch.com.br\/n\/uploads\/2019\/06\/ca0f871f-natura.jpg","datePublished":"2019-11-07T14:50:41+00:00","description":"Por volta das 11h30, as a\u00e7\u00f5es ordin\u00e1rias da Natura variavam 5,3% sendo negociadas a R$ 33,17. Clique aqui e saiba mais","breadcrumb":{"@id":"https:\/\/www.suno.com.br\/noticias\/natura-avon-acao-sobe-cotacao-cade\/#breadcrumb"},"inLanguage":"pt-BR","potentialAction":[{"@type":"ReadAction","target":["https:\/\/www.suno.com.br\/noticias\/natura-avon-acao-sobe-cotacao-cade\/"]}]},{"@type":"ImageObject","inLanguage":"pt-BR","@id":"https:\/\/www.suno.com.br\/noticias\/natura-avon-acao-sobe-cotacao-cade\/#primaryimage","url":"https:\/\/files.sunoresearch.com.br\/n\/uploads\/2019\/06\/ca0f871f-natura.jpg","contentUrl":"https:\/\/files.sunoresearch.com.br\/n\/uploads\/2019\/06\/ca0f871f-natura.jpg","width":810,"height":455,"caption":"A Natura & CO (NTCO3) informou que realizou o pr\u00e9-pagamento de t\u00edtulos de d\u00edvida (\"bonds\") de sua subsidi\u00e1ria Avon."},{"@type":"BreadcrumbList","@id":"https:\/\/www.suno.com.br\/noticias\/natura-avon-acao-sobe-cotacao-cade\/#breadcrumb","itemListElement":[{"@type":"ListItem","position":1,"name":"Not\u00edcias","item":"https:\/\/www.suno.com.br\/noticias\/"},{"@type":"ListItem","position":2,"name":"Neg\u00f3cios","item":"https:\/\/www.suno.com.br\/noticias\/negocios\/"},{"@type":"ListItem","position":3,"name":"Natura: a\u00e7\u00f5es sobem 5% com aprova\u00e7\u00e3o do Cade pela compra da Avon"}]},{"@type":"WebSite","@id":"https:\/\/www.suno.com.br\/noticias\/#website","url":"https:\/\/www.suno.com.br\/noticias\/","name":"Suno Not\u00edcias","description":"Seu portal de informa\u00e7\u00e3o sobre o mundo dos investimentos","publisher":{"@id":"https:\/\/www.suno.com.br\/noticias\/#organization"},"potentialAction":[{"@type":"SearchAction","target":{"@type":"EntryPoint","urlTemplate":"https:\/\/www.suno.com.br\/noticias\/?s={search_term_string}"},"query-input":{"@type":"PropertyValueSpecification","valueRequired":true,"valueName":"search_term_string"}}],"inLanguage":"pt-BR"},{"@type":"Organization","@id":"https:\/\/www.suno.com.br\/noticias\/#organization","name":"Suno Not\u00edcias","url":"https:\/\/www.suno.com.br\/noticias\/","logo":{"@type":"ImageObject","inLanguage":"pt-BR","@id":"https:\/\/www.suno.com.br\/noticias\/#\/schema\/logo\/image\/","url":"https:\/\/files.sunoresearch.com.br\/n\/uploads\/2021\/09\/suno-logo.png","contentUrl":"https:\/\/files.sunoresearch.com.br\/n\/uploads\/2021\/09\/suno-logo.png","width":180,"height":180,"caption":"Suno Not\u00edcias"},"image":{"@id":"https:\/\/www.suno.com.br\/noticias\/#\/schema\/logo\/image\/"},"sameAs":["https:\/\/facebook.com\/sunoresearch","https:\/\/x.com\/sunoresearch","https:\/\/www.instagram.com\/suno","https:\/\/www.linkedin.com\/company\/suno-research\/","https:\/\/www.youtube.com\/c\/sunoresearch"]},{"@type":"Person","@id":"https:\/\/www.suno.com.br\/noticias\/#\/schema\/person\/02ec1f752758247878a2bf4abee1aeda","name":"Poliana Santos","image":{"@type":"ImageObject","inLanguage":"pt-BR","@id":"https:\/\/www.suno.com.br\/noticias\/#\/schema\/person\/image\/","url":"https:\/\/secure.gravatar.com\/avatar\/0645bd32f23d87b2130f2b2dff1d3f8d?s=96&r=g","contentUrl":"https:\/\/secure.gravatar.com\/avatar\/0645bd32f23d87b2130f2b2dff1d3f8d?s=96&r=g","caption":"Poliana Santos"},"description":"Rep\u00f3rter no Suno Not\u00edcias, com cobertura em mercado financeiro, economia, finan\u00e7as pessoais, renda fixa e varejo. Jornalista formada pela Faculdade C\u00e1sper L\u00edbero e possui passagem na R\u00e1dio Gazeta AM com a produ\u00e7\u00e3o de conte\u00fado sobre economia, pol\u00edtica, sa\u00fade, moda e m\u00fasica. Possui certificado de conclus\u00e3o do curso de An\u00e1lise de Balan\u00e7os pela Funda\u00e7\u00e3o Bradesco, Agenda Brasil pela FAAP, Educa\u00e7\u00e3o Pol\u00edtica por Alexandre Garcia e do Tesouro Direto e Mercado de A\u00e7\u00f5es pela B3.","url":"https:\/\/www.suno.com.br\/noticias\/author\/poliana-santos\/"}]}},"default_loop_html":"<div class=\"cardsPage__listCard__boxs\"><div class=\"cardsPage__listCard__boxs__img\"><a href=\"https:\/\/www.suno.com.br\/noticias\/natura-avon-acao-sobe-cotacao-cade\/\"><img class=\"mask\" src=\"https:\/\/www.suno.com.br\/noticias\/wp-content\/themes\/suno\/resources\/images\/spotlight\/spotlight1img\/bg-mask.png\" alt=\"Image Mask\"\/><img src=\"https:\/\/files.sunoresearch.com.br\/n\/uploads\/2019\/06\/ca0f871f-natura-400x200.webp\" alt=\"Natura: a\u00e7\u00f5es sobem 5% com aprova\u00e7\u00e3o do Cade pela compra da Avon\"\/><\/a><span class=\"spotlightCategory\"><a href=\"https:\/\/www.suno.com.br\/noticias\/negocios\/\">Neg\u00f3cios<\/a><\/span><\/div><div class=\"cardsPage__listCard__boxs__content\"><a href=\"https:\/\/www.suno.com.br\/noticias\/natura-avon-acao-sobe-cotacao-cade\/\"><h2 class=\"content__title\">Natura: a\u00e7\u00f5es sobem 5% com aprova\u00e7\u00e3o do Cade pela compra da Avon<\/h2><\/a><div class=\"newsContent__article__meta\"><div class=\"newsContent__article__meta__authorBox\"><a href=\"https:\/\/www.suno.com.br\/noticias\/author\/poliana-santos\/\" class=\"authorBox__avatar noMobi\"><img src=\"https:\/\/files.sunoresearch.com.br\/n\/uploads\/2020\/08\/7ef34026-whatsapp-image-2020-08-03-at-12.37.57-150x150.webp\" alt=\"Poliana Santos\"><\/a><div class=\"authorBox__name\"><span>por\n\t\t\t<a href=\"https:\/\/www.suno.com.br\/noticias\/author\/poliana-santos\/\"><span itemprop=\"author\">Poliana Santos<\/span><\/a><\/span><time datetime=\"2019-11-07T12:50:41-03:00\" itemprop=\"datePublished\">07\/11\/2019 12:50<\/time><\/div><\/div><\/div><\/div><\/div>","single_layout":"posts","amp_enabled":true,"_links":{"self":[{"href":"https:\/\/www.suno.com.br\/noticias\/wp-json\/wp\/v2\/posts\/44035"}],"collection":[{"href":"https:\/\/www.suno.com.br\/noticias\/wp-json\/wp\/v2\/posts"}],"about":[{"href":"https:\/\/www.suno.com.br\/noticias\/wp-json\/wp\/v2\/types\/post"}],"author":[{"embeddable":true,"href":"https:\/\/www.suno.com.br\/noticias\/wp-json\/wp\/v2\/users\/15"}],"replies":[{"embeddable":true,"href":"https:\/\/www.suno.com.br\/noticias\/wp-json\/wp\/v2\/comments?post=44035"}],"version-history":[{"count":0,"href":"https:\/\/www.suno.com.br\/noticias\/wp-json\/wp\/v2\/posts\/44035\/revisions"}],"wp:featuredmedia":[{"embeddable":true,"href":"https:\/\/www.suno.com.br\/noticias\/wp-json\/wp\/v2\/media\/28571"}],"wp:attachment":[{"href":"https:\/\/www.suno.com.br\/noticias\/wp-json\/wp\/v2\/media?parent=44035"}],"wp:term":[{"taxonomy":"category","embeddable":true,"href":"https:\/\/www.suno.com.br\/noticias\/wp-json\/wp\/v2\/categories?post=44035"},{"taxonomy":"post_tag","embeddable":true,"href":"https:\/\/www.suno.com.br\/noticias\/wp-json\/wp\/v2\/tags?post=44035"},{"taxonomy":"suno_strategy","embeddable":true,"href":"https:\/\/www.suno.com.br\/noticias\/wp-json\/wp\/v2\/suno_strategy?post=44035"}],"curies":[{"name":"wp","href":"https:\/\/api.w.org\/{rel}","templated":true}]}}