{"id":440344,"date":"2023-08-09T13:35:25","date_gmt":"2023-08-09T16:35:25","guid":{"rendered":"https:\/\/www.suno.com.br\/noticias\/?p=440344"},"modified":"2023-08-09T14:52:33","modified_gmt":"2023-08-09T17:52:33","slug":"via-viia3-balanco-prejuizo-projecoes-gpj","status":"publish","type":"post","link":"https:\/\/www.suno.com.br\/noticias\/via-viia3-balanco-prejuizo-projecoes-gpj\/","title":{"rendered":"Cen\u00e1rio nebuloso: Via (VIIA3) deve apresentar preju\u00edzo de R$ 469 milh\u00f5es no 2T23, dizem analistas"},"content":{"rendered":"<p>Previsto para ser divulgado na pr\u00f3xima quinta-feira (10), depois do fechamento do mercado, o resultado do segundo trimestre da <a href=\"https:\/\/www.suno.com.br\/acoes\/viia3\/\" target=\"_blank\" rel=\"noreferrer noopener\"><strong>Via<\/strong> (VIIA3)<\/a> deve apresentar retra\u00e7\u00e3o em seus principais indicadores, em linha com um cen\u00e1rio macroecon\u00f4mico ainda adverso, segundo analistas.<\/p>\t<div class=\"wrapper-featured-image\">\n\t\t<figure class=\"spotlightImg\">\n\n\t\t\t<picture>\n\t\t\t\t<source media=\"(max-width: 768px)\" srcset=\"https:\/\/files.sunoresearch.com.br\/n\/uploads\/2023\/04\/via-viia3-casas-bahia-cb-loja-foto-divulgacao-400x200.jpg\">\n\t\t\t\t<img loading=\"lazy\" decoding=\"async\" class=\"newsContent__article__imgCapa lazyloadDisabled \" src=\"https:\/\/files.sunoresearch.com.br\/n\/uploads\/2023\/04\/via-viia3-casas-bahia-cb-loja-foto-divulgacao-800x450.jpg\" width=\"800\" height=\"450\" alt=\"Cen\u00e1rio nebuloso: Via (VIIA3) deve apresentar preju\u00edzo de R$ 469 milh\u00f5es no 2T23, dizem analistas\" fetchpriority=high \/>\n\t\t\t<\/picture>\n\n\t\t\t<figcaption class=\"wp-caption-text wp-caption-text--show\">Casas Bahia (BHIA3). Foto: Divulga\u00e7\u00e3o<\/figcaption>\n\t\t<\/figure>\n\t<\/div>\n\n\n\n\n\n\n\n\t<p>\n\t\t<a href=\"\" target=\"_blank\" data-element=\"shortcode-suno-banner\" title=\"Banner SUNO, clique e saiba mais\">\n\t\t\t<picture>\n\t\t\t\t<source media=\"(max-width: 500px)\" srcset=\"\">\n\t\t\t\t<img class=\"newsContent__article__imgCapa newsContent__article__imgCapa--banner\"\n\t\t\t\t\tsrc=\"\"\n\t\t\t\t\tdata-promo-id=\"250707\"\t\t\t\t\t\t\t\t\t\t\t\t\t\t\talt=\"\"\n\t\t\t\t>\n\t\t\t<\/picture>\n\t\t<\/a>\n\t<\/p>\n\n\n\n\n\n<p>Em relat\u00f3rio, analistas do <strong>BTG Pactual<\/strong> pontuaram que entre as varejistas, como a Via, o segundo trimestre deve ser parecido com os anteriores, mas com n\u00fameros piores, j\u00e1 que o mercado espera (e precifica parcialmente) melhorias somente no segundo semestre.<\/p>\n\n\n\n<p>Segundo o banco, a Via deve apresentar um <strong>preju\u00edzo l\u00edquido<\/strong> de R$ 469 milh\u00f5es no segundo trimestre, acima do consenso Bloomberg de perdas de R$ 260 milh\u00f5es. No mesmo per\u00edodo de 2022, a empresa havia apresentado um lucro cont\u00e1bil de R$ 6 milh\u00f5es. E, no 1T23, a&nbsp;\u201cm\u00e3e\u201d da Casas Bahia havia apurado preju\u00edzo de R$ 297 milh\u00f5es.&nbsp;<\/p>\n\n\n\n<p>Al\u00e9m disso, para o segundo trimestre deste ano, o <strong>BTG<\/strong> projeta que a <strong>receita l\u00edquida da Via <\/strong>caia 2% na base anual, para R$ 7,481 bilh\u00f5es, abaixo do consenso de receita de R$ 7,726 bilh\u00f5es. No mesmo per\u00edodo do ano passado, a varejista havia registrado R$ 7,646 bilh\u00f5es no indicador. <\/p>\n\n\n\n<p>J\u00e1 em rela\u00e7\u00e3o ao lucro antes de juros, impostos, deprecia\u00e7\u00e3o e amortiza\u00e7\u00e3o, o <strong>Ebitda da Via<\/strong>, o BTG espera que o indicador chegue a R$ 443 milh\u00f5es, abaixo do consenso de R$ 596 milh\u00f5es. No mesmo per\u00edodo de 2022, o Ebitda da Via havia chegado a R$ 690 milh\u00f5es.<\/p>\n\n\n\n<p>Ainda no relat\u00f3rio, o BTG chamou a aten\u00e7\u00e3o, ainda, para o <strong>com\u00e9rcio eletr\u00f4nico<\/strong> das varejistas e enxerga um crescimento mais fraco do volume geral de vendas (GMV na sigla em ingl\u00eas), refletindo menor renda dispon\u00edvel e restri\u00e7\u00f5es de capital, al\u00e9m de foco em rentabilidade e preserva\u00e7\u00e3o de caixa.<\/p>\n\n\n\n<p>Al\u00e9m disso, informa o banco, altos custos de capta\u00e7\u00e3o continuar\u00e3o pressionando os resultados, mas com poss\u00edveis cortes de juros favorecendo as <strong>a\u00e7\u00f5es da Via<\/strong>. A desacelera\u00e7\u00e3o da infla\u00e7\u00e3o, prevista para os pr\u00f3ximos meses, tamb\u00e9m deve aumentar as margens.<\/p>\n\n\n\n\t<div data-element=\"shortcode-read-more\" class=\"readToo\">\n\t\t\t\t<span class=\"readToo__title\">Leia mais<\/span>\n\t\t\t\t<ul class=\"readToo__list\">\n\t\t\t<li><a href=\"https:\/\/www.suno.com.br\/noticias\/cvc-cvcb3-prejuizo-sobe-2t23-cpf\/\">CVC (CVCB3) com turbul\u00eancias: preju\u00edzo aumenta 76% e Ebitda segue negativo no 2\u00ba trimestre<\/a><\/li><li><a href=\"https:\/\/www.suno.com.br\/noticias\/3r-petroleum-rrrp3-lucro-salta-no-segundo-trimestre-gpj\/\">3R Petroleum (RRRP3): lucro salta 147% no segundo trimestre, para R$ 79,4 milh\u00f5es<\/a><\/li><li><a href=\"https:\/\/www.suno.com.br\/noticias\/btg-pactual-bpac11-alta-lucro-bilhoes-cpf\/\">BTG Pactual (BPAC11) tem alta de 18% no lucro, de R$ 2,57 bilh\u00f5es no 2\u00ba trimestre<\/a><\/li>\t\t<\/ul>\n\t<\/div>\n\n\n\n\n<h2 class=\"wp-block-heading\">Outras proje\u00e7\u00f5es<\/h2>\n\n\n\n<p>Em relat\u00f3rio divulgado recentemente, analistas do<strong> Santander <\/strong>esperam que, diferente do primeiro trimestre deste ano, a rentabilidade da Via se deteriore com uma margem bruta mais fraca, desalavancagem operacional e, por enquanto, efeitos limitados de recentes medidas de redu\u00e7\u00e3o de custos de vendas, gerais e administrativos (SG&amp;A).<\/p>\n\n\n\n<p>Pr\u00f3ximo ao projetado pelo BTG, o<strong> <\/strong>Santander tamb\u00e9m acredita em uma queda de 1,8% na receita anual da Via do segundo trimestre.<\/p>\n\n\n\n<p>No in\u00edcio deste m\u00eas, analistas do <strong>Citi <\/strong>cortaram o pre\u00e7o-alvo para os pap\u00e9is da varejista de R$ 2,40 na \u00faltima revis\u00e3o para R$ 2,30, com recomenda\u00e7\u00e3o neutra, citando a baixa visibilidade da empresa em meio \u00e0 mudan\u00e7a de estrat\u00e9gia e tamb\u00e9m do setor de<strong> com\u00e9rcio eletr\u00f4nico<\/strong> como um todo. <\/p>\n\n\n\n<p>\u201cPreferimos nos manter mais cautelosos\u201d, diz o banco sobre a companhia.&nbsp;<\/p>\n\n\n\n<p>No entanto, os especialistas destacaram que a empresa tem mostrado um crescimento aqu\u00e9m do esperado, al\u00e9m de ter mostrado trocas relevantes na gest\u00e3o nos \u00faltimos meses.<\/p>\n\n\n\n<p>No final de junho, a varejista aprovou a elei\u00e7\u00e3o de Elcio Mitsuhiro para diretor vice-presidente financeiro (CFO), que assumiu o cargo no dia 10 de julho de 2023, substituindo Orivaldo Padilha, que permaneceu na companhia at\u00e9 o dia da troca.<\/p>\n\n\n\n<p>A expectativa do Citi, portanto, \u00e9 de que o pr\u00f3ximo <strong>resultado da Via<\/strong> mostre uma evolu\u00e7\u00e3o, por\u00e9m com uma folga pequena nos comparativos, apresentando praticamente uma estabilidade nos n\u00fameros.&nbsp;<\/p>\n\n\n\n<p>O <strong>Citi<\/strong> acredita em uma retra\u00e7\u00e3o de 2,4 pontos percentuais (p.p.) na <a href=\"https:\/\/www.suno.com.br\/artigos\/margem-bruta-entenda-sua-importancia\/\">margem bruta<\/a> da<strong> Via <\/strong>e de 2% no GMV (Volume Bruto de Vendas) &#8211; este \u00faltimo, inclusive, chegou a R$ 11 bilh\u00f5es no segundo trimestre de 2022.<\/p>\n\n\n\n\n\t\t<div class=\"wp-shortcode-web-stories-embed web-stories-embed aligncenter\">\n\t\t\t<div class=\"wp-block-embed__wrapper\" style=\"--aspect-ratio: 1.666667; --width: 600px; --height: 360px\">\n\t\t\t\t<amp-story-player>\n\t\t\t\t\t<a href=\"https:\/\/www.suno.com.br\/noticias\/web-stories\/quer-trabalhar-no-google-ou-no-nubank-veja-como-gpj\/\">\n\t\t\t\t\t\tWeb Story\t\t\t\t\t<\/a>\n\t\t\t\t<\/amp-story-player>\n\t\t\t<\/div>\n\t\t<\/div>\n\t\t\n\n\n\t<p>\n\t\t<a href=\"https:\/\/lp.suno.com.br\/planilha-de-controle-de-investimentos\/\" target=\"_blank\" data-element=\"shortcode-suno-banner\" title=\"Banner SUNO, clique e saiba mais\">\n\t\t\t<picture>\n\t\t\t\t<source media=\"(max-width: 500px)\" srcset=\"https:\/\/files.sunoresearch.com.br\/n\/uploads\/2023\/03\/400x300-Controle-de-Investimentos.png\">\n\t\t\t\t<img class=\"newsContent__article__imgCapa newsContent__article__imgCapa--banner\"\n\t\t\t\t\tsrc=\"https:\/\/files.sunoresearch.com.br\/n\/uploads\/2023\/03\/1420x240-Controle-de-Investimentos.png\"\n\t\t\t\t\tdata-promo-id=\"75934\"\t\t\t\t\t\t\t\t\t\twidth='1420' height='240'\t\t\t\t\talt=\"https:\/\/files.sunoresearch.com.br\/n\/uploads\/2023\/03\/1420x240-Controle-de-Investimentos.png\"\n\t\t\t\t>\n\t\t\t<\/picture>\n\t\t<\/a>\n\t<\/p>\n\n\n","protected":false},"excerpt":{"rendered":"<p>Previsto para ser divulgado na pr\u00f3xima quinta-feira (10), depois do fechamento do mercado, o resultado do segundo trimestre da Via (VIIA3) deve apresentar retra\u00e7\u00e3o em seus principais indicadores, em linha com um cen\u00e1rio macroecon\u00f4mico ainda adverso, segundo analistas. Casas Bahia (BHIA3). Foto: Divulga\u00e7\u00e3o Em relat\u00f3rio, analistas do BTG Pactual pontuaram que entre as varejistas, como [&hellip;]<\/p>\n","protected":false},"author":313,"featured_media":385865,"comment_status":"closed","ping_status":"closed","sticky":false,"template":"","format":"standard","meta":[],"categories":[64],"tags":[1029,1607,106935],"suno_strategy":[],"class_list":["post-440344","post","type-post","status-publish","format-standard","has-post-thumbnail","hentry","category-negocios","tag-balancos-trimestrais","tag-resultado-das-empresas","tag-via-viia3"],"yoast_head":"<!-- This site is optimized with the Yoast SEO plugin v24.4 - https:\/\/yoast.com\/wordpress\/plugins\/seo\/ -->\n<title>Via (VIIA3) deve apresentar preju\u00edzo de R$ 469 milh\u00f5es no 2T23<\/title>\n<meta name=\"description\" content=\"Segundo analistas, o resultado do segundo trimestre da Via (VIIA3) deve apresentar retra\u00e7\u00e3o em seus principais indicadores. Saiba mais!\" \/>\n<meta name=\"robots\" content=\"index, follow, max-snippet:-1, max-image-preview:large, max-video-preview:-1\" \/>\n<link rel=\"canonical\" href=\"https:\/\/www.suno.com.br\/noticias\/via-viia3-balanco-prejuizo-projecoes-gpj\/\" \/>\n<meta property=\"og:locale\" content=\"pt_BR\" \/>\n<meta property=\"og:type\" content=\"article\" \/>\n<meta property=\"og:title\" content=\"Via (VIIA3) deve apresentar preju\u00edzo de R$ 469 milh\u00f5es no 2T23\" \/>\n<meta property=\"og:description\" content=\"Segundo analistas, o resultado do segundo trimestre da Via (VIIA3) deve apresentar retra\u00e7\u00e3o em seus principais indicadores. Saiba mais!\" \/>\n<meta property=\"og:url\" content=\"https:\/\/www.suno.com.br\/noticias\/via-viia3-balanco-prejuizo-projecoes-gpj\/\" \/>\n<meta property=\"og:site_name\" content=\"Suno Not\u00edcias\" \/>\n<meta property=\"article:publisher\" content=\"https:\/\/facebook.com\/sunoresearch\" \/>\n<meta property=\"og:image\" content=\"https:\/\/files.sunoresearch.com.br\/n\/uploads\/2023\/04\/via-viia3-casas-bahia-cb-loja-foto-divulgacao.jpg\" \/>\n\t<meta property=\"og:image:width\" content=\"1200\" \/>\n\t<meta property=\"og:image:height\" content=\"675\" \/>\n\t<meta property=\"og:image:type\" content=\"image\/jpeg\" \/>\n<meta name=\"author\" content=\"Giovanni Porf\u00edrio Jacomino\" \/>\n<meta name=\"twitter:card\" content=\"summary_large_image\" \/>\n<meta name=\"twitter:creator\" content=\"@sunoresearch\" \/>\n<meta name=\"twitter:site\" content=\"@sunoresearch\" \/>\n<meta name=\"twitter:label1\" content=\"Escrito por\" \/>\n\t<meta name=\"twitter:data1\" content=\"Giovanni Porf\u00edrio Jacomino\" \/>\n\t<meta name=\"twitter:label2\" content=\"Est. tempo de leitura\" \/>\n\t<meta name=\"twitter:data2\" content=\"4 minutos\" \/>\n<script type=\"application\/ld+json\" class=\"yoast-schema-graph\">{\"@context\":\"https:\/\/schema.org\",\"@graph\":[{\"@type\":\"NewsArticle\",\"@id\":\"https:\/\/www.suno.com.br\/noticias\/via-viia3-balanco-prejuizo-projecoes-gpj\/#article\",\"isPartOf\":{\"@id\":\"https:\/\/www.suno.com.br\/noticias\/via-viia3-balanco-prejuizo-projecoes-gpj\/\"},\"author\":{\"name\":\"Giovanni Porf\u00edrio Jacomino\",\"@id\":\"https:\/\/www.suno.com.br\/noticias\/#\/schema\/person\/d0f32748bbca4bee871fa191ee4e2d40\"},\"headline\":\"Cen\u00e1rio nebuloso: Via (VIIA3) deve apresentar preju\u00edzo de R$ 469 milh\u00f5es no 2T23, dizem analistas\",\"datePublished\":\"2023-08-09T16:35:25+00:00\",\"dateModified\":\"2023-08-09T17:52:33+00:00\",\"mainEntityOfPage\":{\"@id\":\"https:\/\/www.suno.com.br\/noticias\/via-viia3-balanco-prejuizo-projecoes-gpj\/\"},\"wordCount\":680,\"publisher\":{\"@id\":\"https:\/\/www.suno.com.br\/noticias\/#organization\"},\"image\":{\"@id\":\"https:\/\/www.suno.com.br\/noticias\/via-viia3-balanco-prejuizo-projecoes-gpj\/#primaryimage\"},\"thumbnailUrl\":\"https:\/\/files.sunoresearch.com.br\/n\/uploads\/2023\/04\/via-viia3-casas-bahia-cb-loja-foto-divulgacao.jpg\",\"keywords\":[\"balan\u00e7os trimestrais\",\"Resultado das empresas\",\"Via (VIIA3)\"],\"articleSection\":[\"Neg\u00f3cios\"],\"inLanguage\":\"pt-BR\"},{\"@type\":\"WebPage\",\"@id\":\"https:\/\/www.suno.com.br\/noticias\/via-viia3-balanco-prejuizo-projecoes-gpj\/\",\"url\":\"https:\/\/www.suno.com.br\/noticias\/via-viia3-balanco-prejuizo-projecoes-gpj\/\",\"name\":\"Via (VIIA3) deve apresentar preju\u00edzo de R$ 469 milh\u00f5es no 2T23\",\"isPartOf\":{\"@id\":\"https:\/\/www.suno.com.br\/noticias\/#website\"},\"primaryImageOfPage\":{\"@id\":\"https:\/\/www.suno.com.br\/noticias\/via-viia3-balanco-prejuizo-projecoes-gpj\/#primaryimage\"},\"image\":{\"@id\":\"https:\/\/www.suno.com.br\/noticias\/via-viia3-balanco-prejuizo-projecoes-gpj\/#primaryimage\"},\"thumbnailUrl\":\"https:\/\/files.sunoresearch.com.br\/n\/uploads\/2023\/04\/via-viia3-casas-bahia-cb-loja-foto-divulgacao.jpg\",\"datePublished\":\"2023-08-09T16:35:25+00:00\",\"dateModified\":\"2023-08-09T17:52:33+00:00\",\"description\":\"Segundo analistas, o resultado do segundo trimestre da Via (VIIA3) deve apresentar retra\u00e7\u00e3o em seus principais indicadores. Saiba mais!\",\"breadcrumb\":{\"@id\":\"https:\/\/www.suno.com.br\/noticias\/via-viia3-balanco-prejuizo-projecoes-gpj\/#breadcrumb\"},\"inLanguage\":\"pt-BR\",\"potentialAction\":[{\"@type\":\"ReadAction\",\"target\":[\"https:\/\/www.suno.com.br\/noticias\/via-viia3-balanco-prejuizo-projecoes-gpj\/\"]}]},{\"@type\":\"ImageObject\",\"inLanguage\":\"pt-BR\",\"@id\":\"https:\/\/www.suno.com.br\/noticias\/via-viia3-balanco-prejuizo-projecoes-gpj\/#primaryimage\",\"url\":\"https:\/\/files.sunoresearch.com.br\/n\/uploads\/2023\/04\/via-viia3-casas-bahia-cb-loja-foto-divulgacao.jpg\",\"contentUrl\":\"https:\/\/files.sunoresearch.com.br\/n\/uploads\/2023\/04\/via-viia3-casas-bahia-cb-loja-foto-divulgacao.jpg\",\"width\":1200,\"height\":675,\"caption\":\"Casas Bahia (BHIA3). Foto: Divulga\u00e7\u00e3o\"},{\"@type\":\"BreadcrumbList\",\"@id\":\"https:\/\/www.suno.com.br\/noticias\/via-viia3-balanco-prejuizo-projecoes-gpj\/#breadcrumb\",\"itemListElement\":[{\"@type\":\"ListItem\",\"position\":1,\"name\":\"Not\u00edcias\",\"item\":\"https:\/\/www.suno.com.br\/noticias\/\"},{\"@type\":\"ListItem\",\"position\":2,\"name\":\"Neg\u00f3cios\",\"item\":\"https:\/\/www.suno.com.br\/noticias\/negocios\/\"},{\"@type\":\"ListItem\",\"position\":3,\"name\":\"Cen\u00e1rio nebuloso: Via (VIIA3) deve apresentar preju\u00edzo de R$ 469 milh\u00f5es no 2T23, dizem analistas\"}]},{\"@type\":\"WebSite\",\"@id\":\"https:\/\/www.suno.com.br\/noticias\/#website\",\"url\":\"https:\/\/www.suno.com.br\/noticias\/\",\"name\":\"Suno Not\u00edcias\",\"description\":\"Seu portal de informa\u00e7\u00e3o sobre o mundo dos investimentos\",\"publisher\":{\"@id\":\"https:\/\/www.suno.com.br\/noticias\/#organization\"},\"potentialAction\":[{\"@type\":\"SearchAction\",\"target\":{\"@type\":\"EntryPoint\",\"urlTemplate\":\"https:\/\/www.suno.com.br\/noticias\/?s={search_term_string}\"},\"query-input\":{\"@type\":\"PropertyValueSpecification\",\"valueRequired\":true,\"valueName\":\"search_term_string\"}}],\"inLanguage\":\"pt-BR\"},{\"@type\":\"Organization\",\"@id\":\"https:\/\/www.suno.com.br\/noticias\/#organization\",\"name\":\"Suno Not\u00edcias\",\"url\":\"https:\/\/www.suno.com.br\/noticias\/\",\"logo\":{\"@type\":\"ImageObject\",\"inLanguage\":\"pt-BR\",\"@id\":\"https:\/\/www.suno.com.br\/noticias\/#\/schema\/logo\/image\/\",\"url\":\"https:\/\/files.sunoresearch.com.br\/n\/uploads\/2021\/09\/suno-logo.png\",\"contentUrl\":\"https:\/\/files.sunoresearch.com.br\/n\/uploads\/2021\/09\/suno-logo.png\",\"width\":180,\"height\":180,\"caption\":\"Suno Not\u00edcias\"},\"image\":{\"@id\":\"https:\/\/www.suno.com.br\/noticias\/#\/schema\/logo\/image\/\"},\"sameAs\":[\"https:\/\/facebook.com\/sunoresearch\",\"https:\/\/x.com\/sunoresearch\",\"https:\/\/www.instagram.com\/suno\",\"https:\/\/www.linkedin.com\/company\/suno-research\/\",\"https:\/\/www.youtube.com\/c\/sunoresearch\"]},{\"@type\":\"Person\",\"@id\":\"https:\/\/www.suno.com.br\/noticias\/#\/schema\/person\/d0f32748bbca4bee871fa191ee4e2d40\",\"name\":\"Giovanni Porf\u00edrio Jacomino\",\"image\":{\"@type\":\"ImageObject\",\"inLanguage\":\"pt-BR\",\"@id\":\"https:\/\/www.suno.com.br\/noticias\/#\/schema\/person\/image\/\",\"url\":\"https:\/\/secure.gravatar.com\/avatar\/efb32e19b730a121cb7a80f41ffec01a?s=96&r=g\",\"contentUrl\":\"https:\/\/secure.gravatar.com\/avatar\/efb32e19b730a121cb7a80f41ffec01a?s=96&r=g\",\"caption\":\"Giovanni Porf\u00edrio Jacomino\"},\"description\":\"Giovanni Porf\u00edrio Jacomino \u00e9 jornalista formado pela Universidade Estadual de Londrina (UEL) e p\u00f3s-graduado em Produ\u00e7\u00e3o e Pr\u00e1ticas Jornal\u00edsticas na Contemporaneidade na Faculdade C\u00e1sper L\u00edbero (FCL). Foi editor web no Startupi e no Finsiders, atuando ainda como editor no TC Mover, portal de not\u00edcias da TradersClub, fazendo a cobertura de assuntos relacionados ao mercado financeiro interno e externo. Atualmente, \u00e9 Rep\u00f3rter do Suno Not\u00edcias.\",\"url\":\"https:\/\/www.suno.com.br\/noticias\/author\/giovanni-porfiriosuno-com-br\/\"}]}<\/script>\n<!-- \/ Yoast SEO plugin. -->","yoast_head_json":{"title":"Via (VIIA3) deve apresentar preju\u00edzo de R$ 469 milh\u00f5es no 2T23","description":"Segundo analistas, o resultado do segundo trimestre da Via (VIIA3) deve apresentar retra\u00e7\u00e3o em seus principais indicadores. Saiba mais!","robots":{"index":"index","follow":"follow","max-snippet":"max-snippet:-1","max-image-preview":"max-image-preview:large","max-video-preview":"max-video-preview:-1"},"canonical":"https:\/\/www.suno.com.br\/noticias\/via-viia3-balanco-prejuizo-projecoes-gpj\/","og_locale":"pt_BR","og_type":"article","og_title":"Via (VIIA3) deve apresentar preju\u00edzo de R$ 469 milh\u00f5es no 2T23","og_description":"Segundo analistas, o resultado do segundo trimestre da Via (VIIA3) deve apresentar retra\u00e7\u00e3o em seus principais indicadores. Saiba mais!","og_url":"https:\/\/www.suno.com.br\/noticias\/via-viia3-balanco-prejuizo-projecoes-gpj\/","og_site_name":"Suno Not\u00edcias","article_publisher":"https:\/\/facebook.com\/sunoresearch","og_image":[{"width":1200,"height":675,"url":"https:\/\/files.sunoresearch.com.br\/n\/uploads\/2023\/04\/via-viia3-casas-bahia-cb-loja-foto-divulgacao.jpg","type":"image\/jpeg"}],"author":"Giovanni Porf\u00edrio Jacomino","twitter_card":"summary_large_image","twitter_creator":"@sunoresearch","twitter_site":"@sunoresearch","twitter_misc":{"Escrito por":"Giovanni Porf\u00edrio Jacomino","Est. tempo de leitura":"4 minutos"},"schema":{"@context":"https:\/\/schema.org","@graph":[{"@type":"NewsArticle","@id":"https:\/\/www.suno.com.br\/noticias\/via-viia3-balanco-prejuizo-projecoes-gpj\/#article","isPartOf":{"@id":"https:\/\/www.suno.com.br\/noticias\/via-viia3-balanco-prejuizo-projecoes-gpj\/"},"author":{"name":"Giovanni Porf\u00edrio Jacomino","@id":"https:\/\/www.suno.com.br\/noticias\/#\/schema\/person\/d0f32748bbca4bee871fa191ee4e2d40"},"headline":"Cen\u00e1rio nebuloso: Via (VIIA3) deve apresentar preju\u00edzo de R$ 469 milh\u00f5es no 2T23, dizem analistas","datePublished":"2023-08-09T16:35:25+00:00","dateModified":"2023-08-09T17:52:33+00:00","mainEntityOfPage":{"@id":"https:\/\/www.suno.com.br\/noticias\/via-viia3-balanco-prejuizo-projecoes-gpj\/"},"wordCount":680,"publisher":{"@id":"https:\/\/www.suno.com.br\/noticias\/#organization"},"image":{"@id":"https:\/\/www.suno.com.br\/noticias\/via-viia3-balanco-prejuizo-projecoes-gpj\/#primaryimage"},"thumbnailUrl":"https:\/\/files.sunoresearch.com.br\/n\/uploads\/2023\/04\/via-viia3-casas-bahia-cb-loja-foto-divulgacao.jpg","keywords":["balan\u00e7os trimestrais","Resultado das empresas","Via (VIIA3)"],"articleSection":["Neg\u00f3cios"],"inLanguage":"pt-BR"},{"@type":"WebPage","@id":"https:\/\/www.suno.com.br\/noticias\/via-viia3-balanco-prejuizo-projecoes-gpj\/","url":"https:\/\/www.suno.com.br\/noticias\/via-viia3-balanco-prejuizo-projecoes-gpj\/","name":"Via (VIIA3) deve apresentar preju\u00edzo de R$ 469 milh\u00f5es no 2T23","isPartOf":{"@id":"https:\/\/www.suno.com.br\/noticias\/#website"},"primaryImageOfPage":{"@id":"https:\/\/www.suno.com.br\/noticias\/via-viia3-balanco-prejuizo-projecoes-gpj\/#primaryimage"},"image":{"@id":"https:\/\/www.suno.com.br\/noticias\/via-viia3-balanco-prejuizo-projecoes-gpj\/#primaryimage"},"thumbnailUrl":"https:\/\/files.sunoresearch.com.br\/n\/uploads\/2023\/04\/via-viia3-casas-bahia-cb-loja-foto-divulgacao.jpg","datePublished":"2023-08-09T16:35:25+00:00","dateModified":"2023-08-09T17:52:33+00:00","description":"Segundo analistas, o resultado do segundo trimestre da Via (VIIA3) deve apresentar retra\u00e7\u00e3o em seus principais indicadores. Saiba mais!","breadcrumb":{"@id":"https:\/\/www.suno.com.br\/noticias\/via-viia3-balanco-prejuizo-projecoes-gpj\/#breadcrumb"},"inLanguage":"pt-BR","potentialAction":[{"@type":"ReadAction","target":["https:\/\/www.suno.com.br\/noticias\/via-viia3-balanco-prejuizo-projecoes-gpj\/"]}]},{"@type":"ImageObject","inLanguage":"pt-BR","@id":"https:\/\/www.suno.com.br\/noticias\/via-viia3-balanco-prejuizo-projecoes-gpj\/#primaryimage","url":"https:\/\/files.sunoresearch.com.br\/n\/uploads\/2023\/04\/via-viia3-casas-bahia-cb-loja-foto-divulgacao.jpg","contentUrl":"https:\/\/files.sunoresearch.com.br\/n\/uploads\/2023\/04\/via-viia3-casas-bahia-cb-loja-foto-divulgacao.jpg","width":1200,"height":675,"caption":"Casas Bahia (BHIA3). Foto: Divulga\u00e7\u00e3o"},{"@type":"BreadcrumbList","@id":"https:\/\/www.suno.com.br\/noticias\/via-viia3-balanco-prejuizo-projecoes-gpj\/#breadcrumb","itemListElement":[{"@type":"ListItem","position":1,"name":"Not\u00edcias","item":"https:\/\/www.suno.com.br\/noticias\/"},{"@type":"ListItem","position":2,"name":"Neg\u00f3cios","item":"https:\/\/www.suno.com.br\/noticias\/negocios\/"},{"@type":"ListItem","position":3,"name":"Cen\u00e1rio nebuloso: Via (VIIA3) deve apresentar preju\u00edzo de R$ 469 milh\u00f5es no 2T23, dizem analistas"}]},{"@type":"WebSite","@id":"https:\/\/www.suno.com.br\/noticias\/#website","url":"https:\/\/www.suno.com.br\/noticias\/","name":"Suno Not\u00edcias","description":"Seu portal de informa\u00e7\u00e3o sobre o mundo dos investimentos","publisher":{"@id":"https:\/\/www.suno.com.br\/noticias\/#organization"},"potentialAction":[{"@type":"SearchAction","target":{"@type":"EntryPoint","urlTemplate":"https:\/\/www.suno.com.br\/noticias\/?s={search_term_string}"},"query-input":{"@type":"PropertyValueSpecification","valueRequired":true,"valueName":"search_term_string"}}],"inLanguage":"pt-BR"},{"@type":"Organization","@id":"https:\/\/www.suno.com.br\/noticias\/#organization","name":"Suno Not\u00edcias","url":"https:\/\/www.suno.com.br\/noticias\/","logo":{"@type":"ImageObject","inLanguage":"pt-BR","@id":"https:\/\/www.suno.com.br\/noticias\/#\/schema\/logo\/image\/","url":"https:\/\/files.sunoresearch.com.br\/n\/uploads\/2021\/09\/suno-logo.png","contentUrl":"https:\/\/files.sunoresearch.com.br\/n\/uploads\/2021\/09\/suno-logo.png","width":180,"height":180,"caption":"Suno Not\u00edcias"},"image":{"@id":"https:\/\/www.suno.com.br\/noticias\/#\/schema\/logo\/image\/"},"sameAs":["https:\/\/facebook.com\/sunoresearch","https:\/\/x.com\/sunoresearch","https:\/\/www.instagram.com\/suno","https:\/\/www.linkedin.com\/company\/suno-research\/","https:\/\/www.youtube.com\/c\/sunoresearch"]},{"@type":"Person","@id":"https:\/\/www.suno.com.br\/noticias\/#\/schema\/person\/d0f32748bbca4bee871fa191ee4e2d40","name":"Giovanni Porf\u00edrio Jacomino","image":{"@type":"ImageObject","inLanguage":"pt-BR","@id":"https:\/\/www.suno.com.br\/noticias\/#\/schema\/person\/image\/","url":"https:\/\/secure.gravatar.com\/avatar\/efb32e19b730a121cb7a80f41ffec01a?s=96&r=g","contentUrl":"https:\/\/secure.gravatar.com\/avatar\/efb32e19b730a121cb7a80f41ffec01a?s=96&r=g","caption":"Giovanni Porf\u00edrio Jacomino"},"description":"Giovanni Porf\u00edrio Jacomino \u00e9 jornalista formado pela Universidade Estadual de Londrina (UEL) e p\u00f3s-graduado em Produ\u00e7\u00e3o e Pr\u00e1ticas Jornal\u00edsticas na Contemporaneidade na Faculdade C\u00e1sper L\u00edbero (FCL). Foi editor web no Startupi e no Finsiders, atuando ainda como editor no TC Mover, portal de not\u00edcias da TradersClub, fazendo a cobertura de assuntos relacionados ao mercado financeiro interno e externo. Atualmente, \u00e9 Rep\u00f3rter do Suno Not\u00edcias.","url":"https:\/\/www.suno.com.br\/noticias\/author\/giovanni-porfiriosuno-com-br\/"}]}},"default_loop_html":"<div class=\"cardsPage__listCard__boxs\"><div class=\"cardsPage__listCard__boxs__img\"><a href=\"https:\/\/www.suno.com.br\/noticias\/via-viia3-balanco-prejuizo-projecoes-gpj\/\"><img class=\"mask\" src=\"https:\/\/www.suno.com.br\/noticias\/wp-content\/themes\/suno\/resources\/images\/spotlight\/spotlight1img\/bg-mask.png\" alt=\"Image Mask\"\/><img src=\"https:\/\/files.sunoresearch.com.br\/n\/uploads\/2023\/04\/via-viia3-casas-bahia-cb-loja-foto-divulgacao-400x200.jpg\" alt=\"Cen\u00e1rio nebuloso: Via (VIIA3) deve apresentar preju\u00edzo de R$ 469 milh\u00f5es no 2T23, dizem analistas\"\/><\/a><span class=\"spotlightCategory\"><a href=\"https:\/\/www.suno.com.br\/noticias\/negocios\/\">Neg\u00f3cios<\/a><\/span><\/div><div class=\"cardsPage__listCard__boxs__content\"><a href=\"https:\/\/www.suno.com.br\/noticias\/via-viia3-balanco-prejuizo-projecoes-gpj\/\"><h2 class=\"content__title\">Cen\u00e1rio nebuloso: Via (VIIA3) deve apresentar preju\u00edzo de R$ 469 milh\u00f5es no 2T23, dizem analistas<\/h2><\/a><div class=\"newsContent__article__meta\"><div class=\"newsContent__article__meta__authorBox\"><a href=\"https:\/\/www.suno.com.br\/noticias\/author\/camila-figueiredosuno-com-br\/\" class=\"authorBox__avatar noMobi\"><img src=\"https:\/\/files.sunoresearch.com.br\/n\/uploads\/2024\/05\/camila-paim-square-150x150.jpg\" alt=\"Camila Paim\"><\/a><div class=\"authorBox__name\"><span>por\n\t\t\t<a href=\"https:\/\/www.suno.com.br\/noticias\/author\/camila-figueiredosuno-com-br\/\"><span itemprop=\"author\">Camila Paim<\/span><\/a><\/span><time datetime=\"2023-08-09T13:35:25-03:00\" itemprop=\"datePublished\">09\/08\/2023 13:35<\/time><\/div><\/div><\/div><\/div><\/div>","single_layout":"posts","amp_enabled":true,"_links":{"self":[{"href":"https:\/\/www.suno.com.br\/noticias\/wp-json\/wp\/v2\/posts\/440344"}],"collection":[{"href":"https:\/\/www.suno.com.br\/noticias\/wp-json\/wp\/v2\/posts"}],"about":[{"href":"https:\/\/www.suno.com.br\/noticias\/wp-json\/wp\/v2\/types\/post"}],"author":[{"embeddable":true,"href":"https:\/\/www.suno.com.br\/noticias\/wp-json\/wp\/v2\/users\/313"}],"replies":[{"embeddable":true,"href":"https:\/\/www.suno.com.br\/noticias\/wp-json\/wp\/v2\/comments?post=440344"}],"version-history":[{"count":3,"href":"https:\/\/www.suno.com.br\/noticias\/wp-json\/wp\/v2\/posts\/440344\/revisions"}],"predecessor-version":[{"id":440422,"href":"https:\/\/www.suno.com.br\/noticias\/wp-json\/wp\/v2\/posts\/440344\/revisions\/440422"}],"wp:featuredmedia":[{"embeddable":true,"href":"https:\/\/www.suno.com.br\/noticias\/wp-json\/wp\/v2\/media\/385865"}],"wp:attachment":[{"href":"https:\/\/www.suno.com.br\/noticias\/wp-json\/wp\/v2\/media?parent=440344"}],"wp:term":[{"taxonomy":"category","embeddable":true,"href":"https:\/\/www.suno.com.br\/noticias\/wp-json\/wp\/v2\/categories?post=440344"},{"taxonomy":"post_tag","embeddable":true,"href":"https:\/\/www.suno.com.br\/noticias\/wp-json\/wp\/v2\/tags?post=440344"},{"taxonomy":"suno_strategy","embeddable":true,"href":"https:\/\/www.suno.com.br\/noticias\/wp-json\/wp\/v2\/suno_strategy?post=440344"}],"curies":[{"name":"wp","href":"https:\/\/api.w.org\/{rel}","templated":true}]}}