{"id":440249,"date":"2023-08-09T10:49:51","date_gmt":"2023-08-09T13:49:51","guid":{"rendered":"https:\/\/www.suno.com.br\/noticias\/?p=440249"},"modified":"2023-08-09T10:50:01","modified_gmt":"2023-08-09T13:50:01","slug":"destaques-copel-cple6-braskem-e-mais-va","status":"publish","type":"post","link":"https:\/\/www.suno.com.br\/noticias\/destaques-copel-cple6-braskem-e-mais-va\/","title":{"rendered":"Copel (CPLE6), Braskem (BRKM5) e Gerdau (GGBR4) agitam mercado hoje; veja destaques"},"content":{"rendered":"<p>A not\u00edcia sobre a precifica\u00e7\u00e3o das a\u00e7\u00f5es da <strong>Copel <\/strong>(CPLE6) em R$ 8,25 est\u00e1 entre os destaques desta quarta-feira (09).<\/p>\t<div class=\"wrapper-featured-image\">\n\t\t<figure class=\"spotlightImg\">\n\n\t\t\t<picture>\n\t\t\t\t<source media=\"(max-width: 768px)\" srcset=\"https:\/\/files.sunoresearch.com.br\/n\/uploads\/2023\/04\/agenda-santander-bolsa-asia-eua-balanco-1-400x200.jpg\">\n\t\t\t\t<img loading=\"lazy\" decoding=\"async\" class=\"newsContent__article__imgCapa lazyloadDisabled \" src=\"https:\/\/files.sunoresearch.com.br\/n\/uploads\/2023\/04\/agenda-santander-bolsa-asia-eua-balanco-1-800x450.jpg\" width=\"800\" height=\"450\" alt=\"Copel (CPLE6), Braskem (BRKM5) e Gerdau (GGBR4) agitam mercado hoje; veja destaques\" fetchpriority=high \/>\n\t\t\t<\/picture>\n\n\t\t\t<figcaption class=\"wp-caption-text wp-caption-text--show\">Bolsa de Valores - Foto: Pexels<\/figcaption>\n\t\t<\/figure>\n\t<\/div>\n\n\n\n\n\n\t<p>\n\t\t<a href=\"https:\/\/lp.suno.com.br\/planilha-da-vida-financeira\/\" target=\"_blank\" data-element=\"shortcode-suno-banner\" title=\"Banner SUNO, clique e saiba mais\">\n\t\t\t<picture>\n\t\t\t\t<source media=\"(max-width: 500px)\" srcset=\"https:\/\/files.sunoresearch.com.br\/n\/uploads\/2023\/04\/400x300-Planilha-vida-financeira-true.png\">\n\t\t\t\t<img class=\"newsContent__article__imgCapa newsContent__article__imgCapa--banner\"\n\t\t\t\t\tsrc=\"https:\/\/files.sunoresearch.com.br\/n\/uploads\/2023\/04\/1420x240-Planilha-vida-financeira-true.png\"\n\t\t\t\t\tdata-promo-id=\"106682\"\t\t\t\t\t\t\t\t\t\twidth='1420' height='240'\t\t\t\t\talt=\"https:\/\/files.sunoresearch.com.br\/n\/uploads\/2023\/04\/1420x240-Planilha-vida-financeira-true.png\"\n\t\t\t\t>\n\t\t\t<\/picture>\n\t\t<\/a>\n\t<\/p>\n\n\n\n\n\n<p>Tamb\u00e9m est\u00e1 entre os<strong> destaques do mercado financeiro<\/strong> a <a class=\"suno-keyword\" data-force=\"yes\" data-priority=\"2\" href=\"https:\/\/www.suno.com.br\/acoes\/BRKM5\/\" target=\"_blank\" rel=\"noopener\">Braskem (BRKM5)<\/a>, que registrou um preju\u00edzo l\u00edquido de R$ 771 milh\u00f5es no segundo trimestre de 2023 (2T23).<\/p>\n\n\n\n\n\n<p>A <a class=\"suno-keyword\" data-force=\"yes\" data-priority=\"2\" href=\"https:\/\/www.suno.com.br\/acoes\/GGBR4\/\" target=\"_blank\" rel=\"noopener\">Gerdau (GGBR4)<\/a>, que tamb\u00e9m divulgou seus resultados referentes ao 2T23, tamb\u00e9m \u00e9 destaque hoje.<\/p>\n\n\n\n<p>Veja os <strong>destaques do mercado financeiro<\/strong> desta quarta-feira:<\/p>\n\n\n\n<h2 class=\"wp-block-heading\">Copel<\/h2>\n\n\n\n<p>As a\u00e7\u00f5es da <a class=\"suno-keyword\" data-force=\"yes\" data-priority=\"2\" href=\"https:\/\/www.suno.com.br\/acoes\/CPLE6\/\" target=\"_blank\" rel=\"noopener\">Copel (<strong>CPLE6<\/strong>)<\/a> foram precificadas em R$ 8,25 em uma oferta que tem como objetivo a privatiza\u00e7\u00e3o da empresa.<\/p>\n\n\n\n<p>As a\u00e7\u00f5es tiveram um \u00e1gio de 5% em rela\u00e7\u00e3o ao pre\u00e7o de refer\u00eancia estabelecido pela companhia no lan\u00e7amento da oferta, em 26 de julho, de R$ 7,85 por a\u00e7\u00e3o.<\/p>\n\n\n\t<div data-element=\"shortcode-read-more\" class=\"knowMore\">\n\t\t\t\t<span class=\"knowMore__title\">Leia mais<\/span>\n\t\t\t\t<a class=\"knowMore__link\" href=\"https:\/\/www.suno.com.br\/noticias\/copel-cple6-movimenta-oferta-privatizada-gpj\/\">\n\t\t\tOferta da Copel (CPLE6) movimenta R$ 4,53 bi e empresa \u00e9 privatizada\t\t<\/a>\n\t<\/div>\n\n\n\n\n<h2 class=\"wp-block-heading\">Braskem<\/h2>\n\n\n\n<p>A <strong>Braskem (BRKM5)<\/strong> anotou preju\u00edzo l\u00edquido de R$ 771 milh\u00f5es no segundo trimestre de 2023 (2T23), representando uma baixa de 45% na compara\u00e7\u00e3o anual.<\/p>\n\n\n\n<p>O Ebitda (lucro antes dos juros, impostos, <a class=\"suno-keyword\" target=\"_blank\" data-force=\"no\" data-priority=\"1\" href=\"https:\/\/www.suno.com.br\/artigos\/depreciacao-amortizacao\/\" rel=\"noopener\">deprecia\u00e7\u00e3o e amortiza\u00e7\u00e3o<\/a>) recorrente totalizou R$ 703 milh\u00f5es no 2T23, baixa de 82% na base anual.<\/p>\n\n\n\t<div data-element=\"shortcode-read-more\" class=\"knowMore\">\n\t\t\t\t<span class=\"knowMore__title\">Leia mais<\/span>\n\t\t\t\t<a class=\"knowMore__link\" href=\"https:\/\/www.suno.com.br\/noticias\/braskem-brkm5-reduz-prejuizo-no-segundo-trimestre-gpj\/\">\n\t\t\tBraskem (BRKM5) reduz preju\u00edzo no segundo trimestre em 45%, para R$ 771 milh\u00f5es\t\t<\/a>\n\t<\/div>\n\n\n\n\n<h2 class=\"wp-block-heading\">Gerdau<\/h2>\n\n\n\n<p>A <a class=\"suno-keyword\" data-force=\"yes\" data-priority=\"2\" href=\"https:\/\/www.suno.com.br\/acoes\/GGBR4\/\" target=\"_blank\" rel=\"noopener\"><strong>Gerdau (GGBR4)<\/strong><\/a> divulgou seus resultados do 2T23, reportando um <a class=\"suno-keyword\" data-force=\"no\" data-priority=\"1\" href=\"https:\/\/www.suno.com.br\/artigos\/lucro-liquido\/\" target=\"_blank\" rel=\"noopener\">lucro l\u00edquido<\/a> ajustado de R$ 2,1 bilh\u00f5es.<\/p>\n\n\n\n<p>O <a class=\"suno-keyword\" target=\"_blank\" data-force=\"no\" data-priority=\"1\" href=\"https:\/\/www.suno.com.br\/artigos\/ebitda-ajustado\/\" rel=\"noopener\">Ebitda ajustado<\/a> da Gerdau registrou uma baixa de 43,2%, quando comparado ao mesmo per\u00edodo do ano passado, chegando a R$ 3,79 bilh\u00f5es.<\/p>\n\n\n\t<div data-element=\"shortcode-read-more\" class=\"knowMore\">\n\t\t\t\t<span class=\"knowMore__title\">Leia mais<\/span>\n\t\t\t\t<a class=\"knowMore__link\" href=\"https:\/\/www.suno.com.br\/noticias\/gerdau-ggbr4-resultado-lucro-2t23-jvj\/\">\n\t\t\tGerdau (GGBR4) tem queda de 50% no lucro no 2T23, para R$ 2,1 bilh\u00f5es\t\t<\/a>\n\t<\/div>\n\n\n\n\n<h2 class=\"wp-block-heading\">GPA<\/h2>\n\n\n\n<p>Em <a class=\"suno-keyword\" data-force=\"no\" data-priority=\"1\" href=\"https:\/\/www.suno.com.br\/artigos\/fato-relevante\/\" target=\"_blank\" rel=\"noopener\">fato relevante<\/a>, o <strong>Grupo P\u00e3o de A\u00e7\u00facar<\/strong>, do <a class=\"suno-keyword\" data-force=\"yes\" data-priority=\"2\" href=\"https:\/\/www.suno.com.br\/acoes\/PCAR3\/\" target=\"_blank\" rel=\"noopener\">GPA (PCAR3)<\/a>, afirmou que foi obtida a autoriza\u00e7\u00e3o da Superintendencia Financeira de Colombia (SFC), \u00f3rg\u00e3o regulador colombiano, para a transfer\u00eancia das a\u00e7\u00f5es do \u00c9xito que ser\u00e3o entregues aos acionistas do GPA no \u00e2mbito da transa\u00e7\u00e3o.<\/p>\n\n\n\n<p>O <strong>GPA<\/strong> entregar\u00e1 aos seus acionistas, em decorr\u00eancia da <a class=\"suno-keyword\" data-force=\"no\" data-priority=\"1\" href=\"https:\/\/www.suno.com.br\/artigos\/reducao-capital\/\" target=\"_blank\" rel=\"noopener\">redu\u00e7\u00e3o de capital<\/a> aprovada na assembleia geral extraordin\u00e1ria realizada em 14 de fevereiro de 2023 1.080.556.276 a\u00e7\u00f5es do \u00c9xito de propriedade da Companhia.<\/p>\n\n\n\n<h2 class=\"wp-block-heading\">Suzano<\/h2>\n\n\n\n<p>Em esclarecimento \u00e0 Comiss\u00e3o de Valores Mobili\u00e1rios (<strong>CVM<\/strong>), a <a class=\"suno-keyword\" data-force=\"yes\" data-priority=\"2\" href=\"https:\/\/www.suno.com.br\/acoes\/SUZB3\/\" target=\"_blank\" rel=\"noopener\"><strong>Suzano (SUZB3)<\/strong><\/a> confirmou que esteve em contato com informa\u00e7\u00f5es e pessoas envolvidas com a empresa Vinda International Holdings, fabricante de tecidos listada em Hong Kong.<\/p>\n\n\n\n<p>No entanto, a Suzano afirma que n\u00e3o houve nenhum documento vinculativo ou que gere qualquer obriga\u00e7\u00e3o ou compromisso para a companhia. \u201cCaso venha a ser celebrado acordo ou contrato envolvendo o tema, a Companhia divulgar\u00e1 ao mercado, nos termos da legisla\u00e7\u00e3o aplic\u00e1vel\u201d, diz a empresa.<\/p>\n\n\n\n<h2 class=\"wp-block-heading\">M\u00e9liuz<\/h2>\n\n\n\n<p>O <a class=\"suno-keyword\" data-force=\"yes\" data-priority=\"2\" href=\"https:\/\/www.suno.com.br\/acoes\/CASH3\/\" target=\"_blank\" rel=\"noopener\"><strong>M\u00e9liuz (CASH3)<\/strong><\/a> divulgou um preju\u00edzo l\u00edquido consolidado de R$ 6,3 milh\u00f5es no segundo trimestre deste ano.<\/p>\n\n\n\n<p>O Ebitda consolidado do M\u00e9liuz foi de R$ 14,1 milh\u00f5es negativos, uma melhora de 69% quando comparado a igual intervalo do ano passado.<\/p>\n\n\n\t<div data-element=\"shortcode-read-more\" class=\"knowMore\">\n\t\t\t\t<span class=\"knowMore__title\">Leia mais<\/span>\n\t\t\t\t<a class=\"knowMore__link\" href=\"https:\/\/www.suno.com.br\/noticias\/meliuz-cash3-reduz-prejuizo-2t23-resultado\/\">\n\t\t\tM\u00e9liuz (CASH3) reduz preju\u00edzo no 2T23 em 73%, para 6,3 mi\t\t<\/a>\n\t<\/div>\n\n\n\n\n<h2 class=\"wp-block-heading\">Engie<\/h2>\n\n\n\n<p>A <a class=\"suno-keyword\" data-force=\"yes\" data-priority=\"2\" href=\"https:\/\/www.suno.com.br\/acoes\/EGIE3\/\" target=\"_blank\" rel=\"noopener\"><strong>Engie (EGIE3)<\/strong><\/a> teve um <a class=\"suno-keyword\" data-force=\"no\" data-priority=\"1\" href=\"https:\/\/www.suno.com.br\/artigos\/lucro-liquido\/\" target=\"_blank\" rel=\"noopener\">lucro l\u00edquido<\/a> de R$ 733 milh\u00f5es, crescimento not\u00e1vel de 85,6% em compara\u00e7\u00e3o ao mesmo per\u00edodo do ano anterior.<\/p>\n\n\n\n<p>J\u00e1 o <a class=\"suno-keyword\" target=\"_blank\" data-force=\"no\" data-priority=\"1\" href=\"https:\/\/www.suno.com.br\/artigos\/ebitda-ajustado\/\" rel=\"noopener\">Ebitda ajustado<\/a> da Engie apresentou um recuo de 5,2%, totalizando R$ 1,798 bilh\u00e3o no 2T23.<\/p>\n\n\n\t<div data-element=\"shortcode-read-more\" class=\"knowMore\">\n\t\t\t\t<span class=\"knowMore__title\">Leia mais<\/span>\n\t\t\t\t<a class=\"knowMore__link\" href=\"https:\/\/www.suno.com.br\/noticias\/engie-egie3-lucro-2t23-acoes-evm\/\">\n\t\t\tEngie (EGIE3) tem salto de 85% no lucro; empresa anuncia dividendos de R$ 767,2 milh\u00f5es\t\t<\/a>\n\t<\/div>\n\n\n\n\n<h2 class=\"wp-block-heading\">BTG Pactual<\/h2>\n\n\n\n<p>O <a class=\"suno-keyword\" data-force=\"yes\" data-priority=\"2\" href=\"https:\/\/www.suno.com.br\/acoes\/BPAC11\/\" target=\"_blank\" rel=\"noopener\"><strong>BTG Pactual (BPAC11)<\/strong><\/a> divulgou um <a class=\"suno-keyword\" data-force=\"no\" data-priority=\"1\" href=\"https:\/\/www.suno.com.br\/artigos\/lucro-liquido\/\" target=\"_blank\" rel=\"noopener\">lucro l\u00edquido<\/a> ajustado de R$ 2,575 bilh\u00f5es no segundo trimestre de 2023, alta de 18% em rela\u00e7\u00e3o ao mesmo per\u00edodo de 2022.<\/p>\n\n\n\n<p>O retorno sobre o patrim\u00f4nio l\u00edquido anualizado teve um crescimento de 22,7% no segundo trimestre, ante a 21,6% no mesmo per\u00edodo do ano passado.<\/p>\n\n\n\t<div data-element=\"shortcode-read-more\" class=\"knowMore\">\n\t\t\t\t<span class=\"knowMore__title\">Leia mais<\/span>\n\t\t\t\t<a class=\"knowMore__link\" href=\"https:\/\/www.suno.com.br\/noticias\/btg-pactual-bpac11-alta-lucro-bilhoes-cpf\/\">\n\t\t\tBTG Pactual (BPAC11) tem alta de 18% no lucro, de R$ 2,57 bilh\u00f5es no 2\u00ba trimestre\t\t<\/a>\n\t<\/div>\n\n\n\n\n<h2 class=\"wp-block-heading\">3R Petroleum<\/h2>\n\n\n\n<p>A <a class=\"suno-keyword\" data-force=\"yes\" data-priority=\"2\" href=\"https:\/\/www.suno.com.br\/acoes\/RRRP3\/\" target=\"_blank\" rel=\"noopener\"><strong>3R Petroleum (RRRP3)<\/strong><\/a> reportou <a class=\"suno-keyword\" data-force=\"no\" data-priority=\"1\" href=\"https:\/\/www.suno.com.br\/artigos\/lucro-liquido\/\" target=\"_blank\" rel=\"noopener\">lucro l\u00edquido<\/a> de R$ 79,4 milh\u00f5es no 2T23, subida de 147,7% na compara\u00e7\u00e3o anual<\/p>\n\n\n\n<p>O <a class=\"suno-keyword\" data-force=\"no\" data-priority=\"1\" href=\"https:\/\/www.suno.com.br\/artigos\/ebitda-ajustado\/\" target=\"_blank\" rel=\"noopener\">Ebitda ajustado<\/a> da companhia foi de R$ 199,5 milh\u00f5es no trimestre em quest\u00e3o, representando uma queda de 3,1% em rela\u00e7\u00e3o a igual per\u00edodo do ano anterior.<\/p>\n\n\n\t<div data-element=\"shortcode-read-more\" class=\"knowMore\">\n\t\t\t\t<span class=\"knowMore__title\">Leia mais<\/span>\n\t\t\t\t<a class=\"knowMore__link\" href=\"https:\/\/www.suno.com.br\/noticias\/3r-petroleum-rrrp3-lucro-salta-no-segundo-trimestre-gpj\/\">\n\t\t\t3R Petroleum (RRRP3): lucro salta 147% no segundo trimestre, para R$ 79,4 milh\u00f5es\t\t<\/a>\n\t<\/div>\n\n\n\n\t<p>\n\t\t<a href=\"https:\/\/lp.suno.com.br\/ebook-como-analisar-uma-acao\/\" target=\"_blank\" data-element=\"shortcode-suno-banner\" title=\"Banner SUNO, clique e saiba mais\">\n\t\t\t<picture>\n\t\t\t\t<source media=\"(max-width: 500px)\" srcset=\"https:\/\/files.sunoresearch.com.br\/n\/uploads\/2023\/03\/Ebook-Acoes-Mobile.jpg\">\n\t\t\t\t<img class=\"newsContent__article__imgCapa newsContent__article__imgCapa--banner\"\n\t\t\t\t\tsrc=\"https:\/\/files.sunoresearch.com.br\/n\/uploads\/2023\/03\/Ebook-Acoes-Desktop.jpg\"\n\t\t\t\t\tdata-promo-id=\"378302\"\t\t\t\t\t\t\t\t\t\twidth='1420' height='286'\t\t\t\t\talt=\"https:\/\/files.sunoresearch.com.br\/n\/uploads\/2023\/03\/Ebook-Acoes-Desktop.jpg\"\n\t\t\t\t>\n\t\t\t<\/picture>\n\t\t<\/a>\n\t<\/p>\n\n\n\n\n\n<h2 class=\"wp-block-heading\">Totvs<\/h2>\n\n\n\n<p>A <a class=\"suno-keyword\" data-force=\"yes\" data-priority=\"2\" href=\"https:\/\/www.suno.com.br\/acoes\/TOTS3\/\" target=\"_blank\" rel=\"noopener\"><strong>Totvs (TOTS3)<\/strong><\/a> encerrou o segundo trimestre com <a class=\"suno-keyword\" data-force=\"no\" data-priority=\"1\" href=\"https:\/\/www.suno.com.br\/artigos\/lucro-liquido\/\" target=\"_blank\" rel=\"noopener\">lucro l\u00edquido<\/a> ajustado de R$ 113,6 milh\u00f5es. O montante representa alta anual de 2,9%, mas queda de 2% em rela\u00e7\u00e3o ao trimestre imediatamente anterior.<\/p>\n\n\n\n<p>J\u00e1 o <a class=\"suno-keyword\" target=\"_blank\" data-force=\"no\" data-priority=\"1\" href=\"https:\/\/www.suno.com.br\/artigos\/ebitda-ajustado\/\" rel=\"noopener\">Ebitda ajustado<\/a> da Totvs subiu 11,7% quando comparado ao segundo trimestre de 2022, para R$ 256,2 milh\u00f5es.<\/p>\n\n\n\t<div data-element=\"shortcode-read-more\" class=\"knowMore\">\n\t\t\t\t<span class=\"knowMore__title\">Leia mais<\/span>\n\t\t\t\t<a class=\"knowMore__link\" href=\"https:\/\/www.suno.com.br\/noticias\/totvs-tots3-lucro-2t23-resultado\/\">\n\t\t\tTotvs (TOTS3) lucra R$ 103,8 milh\u00f5es no 2T23, recuo de 19,5% no ano\t\t<\/a>\n\t<\/div>\n\n\n\n\n<h2 class=\"wp-block-heading\">Raia Drogasil<\/h2>\n\n\n\n<p>A <a class=\"suno-keyword\" data-force=\"yes\" data-priority=\"2\" href=\"https:\/\/www.suno.com.br\/acoes\/RADL3\/\" target=\"_blank\" rel=\"noopener\"><strong>Raia Drogasil (RADL3)<\/strong><\/a> apresentou <a class=\"suno-keyword\" data-force=\"no\" data-priority=\"1\" href=\"https:\/\/www.suno.com.br\/artigos\/lucro-liquido\/\" target=\"_blank\" rel=\"noopener\">lucro l\u00edquido<\/a> de R$ 363,2 milh\u00f5es no segundo trimestre de 2023, uma queda de 2,4% em rela\u00e7\u00e3o ao mesmo per\u00edodo de 2022.<\/p>\n\n\n\n<p>O Ebitda da Raia Drogasil por sua vez, foi de R$ 788,7 milh\u00f5es, alta de 2,3%.<\/p>\n\n\n\t<div data-element=\"shortcode-read-more\" class=\"knowMore\">\n\t\t\t\t<span class=\"knowMore__title\">Leia mais<\/span>\n\t\t\t\t<a class=\"knowMore__link\" href=\"https:\/\/www.suno.com.br\/noticias\/raia-drogasil-rd-radl3-lucro-liquido-2t23-resultado\/\">\n\t\t\tLucro da Raia Drogasil (RADL3)\u00a0cai 2,4%, para R$ 363,2 mi no 2T23\t\t<\/a>\n\t<\/div>\n\n\n\n\n<h2 class=\"wp-block-heading\">Movida<\/h2>\n\n\n\n<p>A <a class=\"suno-keyword\" data-force=\"yes\" data-priority=\"2\" href=\"https:\/\/www.suno.com.br\/acoes\/MOVI3\/\" target=\"_blank\" rel=\"noopener\"><strong>Movida (MOVI3)<\/strong><\/a> registrou preju\u00edzo l\u00edquido de R$ 17,9 milh\u00f5es no segundo trimestre de 2023. O Ebitda da Movida ficou em R$ 890 milh\u00f5es, queda anual de 1,7%.<\/p>\n\n\n\t<div data-element=\"shortcode-read-more\" class=\"knowMore\">\n\t\t\t\t<span class=\"knowMore__title\">Leia mais<\/span>\n\t\t\t\t<a class=\"knowMore__link\" href=\"https:\/\/www.suno.com.br\/noticias\/movida-movi3-prejuizo-liquido-2t23-resultado\/\">\n\t\t\tMovida (MOVI3) reverte lucro e tem preju\u00edzo de R$ 17,9 mi no 2T23\t\t<\/a>\n\t<\/div>\n\n\n\n\n<h2 class=\"wp-block-heading\">Santos Brasil<\/h2>\n\n\n\n<p>A <a class=\"suno-keyword\" data-force=\"yes\" data-priority=\"2\" href=\"https:\/\/www.suno.com.br\/acoes\/STBP3\/\" target=\"_blank\" rel=\"noopener\"><strong>Santos Brasil (STBP3)<\/strong><\/a> registrou <a class=\"suno-keyword\" data-force=\"no\" data-priority=\"1\" href=\"https:\/\/www.suno.com.br\/artigos\/lucro-liquido\/\" target=\"_blank\" rel=\"noopener\">lucro l\u00edquido<\/a> de R$ 94,4 milh\u00f5es no segundo trimestre de 2023, queda de 3,3% em rela\u00e7\u00e3o a igual intervalo de 2022. J\u00e1 o Ebitda da Santos Brasil subiu 3,5% na mesma base comparativa, para R$ 222,2 milh\u00f5es.<\/p>\n\n\n\t<div data-element=\"shortcode-read-more\" class=\"knowMore\">\n\t\t\t\t<span class=\"knowMore__title\">Leia mais<\/span>\n\t\t\t\t<a class=\"knowMore__link\" href=\"https:\/\/www.suno.com.br\/noticias\/santos-brasil-stbp3-lucro-2t23-resultado\/\">\n\t\t\tSantos Brasil (STBP3): lucro l\u00edquido fica em R$ 94,4 mi no 2T23, com queda anual de 3,3%\t\t<\/a>\n\t<\/div>\n\n\n\n\n<h2 class=\"wp-block-heading\">CVC<\/h2>\n\n\n\n<p>A <a class=\"suno-keyword\" data-force=\"yes\" data-priority=\"2\" href=\"https:\/\/www.suno.com.br\/acoes\/CVCB3\/\" target=\"_blank\" rel=\"noopener\"><strong>CVC (CVCB3)<\/strong><\/a> reportou um crescimento de 76,1% no <a class=\"suno-keyword\" data-force=\"no\" data-priority=\"1\" href=\"https:\/\/www.suno.com.br\/artigos\/lucro-liquido\/\" target=\"_blank\" rel=\"noopener\">lucro l\u00edquido<\/a> no segundo trimestre em rela\u00e7\u00e3o ao mesmo per\u00edodo do ano passado, saindo de R$ 94,8 milh\u00f5es para R$ 167 milh\u00f5es.<\/p>\n\n\n\t<div data-element=\"shortcode-read-more\" class=\"knowMore\">\n\t\t\t\t<span class=\"knowMore__title\">Leia mais<\/span>\n\t\t\t\t<a class=\"knowMore__link\" href=\"https:\/\/www.suno.com.br\/noticias\/cvc-cvcb3-prejuizo-sobe-2t23-cpf\/\">\n\t\t\tCVC (CVCB3) com turbul\u00eancias: preju\u00edzo aumenta 76% e Ebitda segue negativo no 2\u00ba trimestre\t\t<\/a>\n\t<\/div>\n\n\n\n\n<p>Os destaques do mercado financeiro do Suno Not\u00edcias mostram os principais acontecimentos que prometem movimentar o mercado durante o dia, como a <strong>Copel <\/strong>(CPLE6), que deve estar no foco dos investidores ao longo do dia.<\/p>\n\n\n\t<p>\n\t\t<a href=\"https:\/\/lp.suno.com.br\/planilha-da-vida-financeira\/\" target=\"_blank\" data-element=\"shortcode-suno-banner\" title=\"Banner SUNO, clique e saiba mais\">\n\t\t\t<picture>\n\t\t\t\t<source media=\"(max-width: 500px)\" srcset=\"https:\/\/files.sunoresearch.com.br\/n\/uploads\/2023\/04\/400x300-Planilha-vida-financeira-true.png\">\n\t\t\t\t<img class=\"newsContent__article__imgCapa newsContent__article__imgCapa--banner\"\n\t\t\t\t\tsrc=\"https:\/\/files.sunoresearch.com.br\/n\/uploads\/2023\/04\/1420x240-Planilha-vida-financeira-true.png\"\n\t\t\t\t\tdata-promo-id=\"383123\"\t\t\t\t\t\t\t\t\t\twidth='1420' height='240'\t\t\t\t\talt=\"https:\/\/files.sunoresearch.com.br\/n\/uploads\/2023\/04\/1420x240-Planilha-vida-financeira-true.png\"\n\t\t\t\t>\n\t\t\t<\/picture>\n\t\t<\/a>\n\t<\/p>\n\n\n","protected":false},"excerpt":{"rendered":"<p>A not\u00edcia sobre a precifica\u00e7\u00e3o das a\u00e7\u00f5es da Copel (CPLE6) em R$ 8,25 est\u00e1 entre os destaques desta quarta-feira (09). Bolsa de Valores &#8211; Foto: Pexels Tamb\u00e9m est\u00e1 entre os destaques do mercado financeiro a Braskem (BRKM5), que registrou um preju\u00edzo l\u00edquido de R$ 771 milh\u00f5es no segundo trimestre de 2023 (2T23). A Gerdau (GGBR4), [&hellip;]<\/p>\n","protected":false},"author":301,"featured_media":394044,"comment_status":"closed","ping_status":"closed","sticky":false,"template":"","format":"standard","meta":[],"categories":[60],"tags":[105065,286,395,399,431,442,465,488,1964,104467,567,613,626,648,665],"suno_strategy":[],"class_list":["post-440249","post","type-post","status-publish","format-standard","has-post-thumbnail","hentry","category-mercado","tag-3r-petroleum-rrrp3","tag-acoes","tag-braskem-brkm3-brkm5-brkm6","tag-btg-pactual-bpac11-bpac3-bpac5","tag-copel-cple3-cple5-cple6","tag-cvc-cvcb3","tag-engie-egie3","tag-gerdau-ggbr3-ggbr4","tag-grupo-pao-de-acucar-pcar3-pcar4","tag-meliuz-cash3","tag-movida-movi3","tag-raia-drogasil-radl3","tag-santos-brasil-stbp3","tag-suzano-suzb3","tag-totvs-tots3"],"yoast_head":"<!-- This site is optimized with the Yoast SEO plugin v24.4 - https:\/\/yoast.com\/wordpress\/plugins\/seo\/ -->\n<title>Copel (CPLE6) e Braskem (BRKM5) agitam mercado; veja destaques<\/title>\n<meta name=\"description\" content=\"A not\u00edcia sobre a precifica\u00e7\u00e3o das a\u00e7\u00f5es da Copel (CPLE6) em R$ 8,25 est\u00e1 entre os destaques do mercado desta quarta-feira (09).\" \/>\n<meta name=\"robots\" content=\"index, follow, max-snippet:-1, max-image-preview:large, max-video-preview:-1\" \/>\n<link rel=\"canonical\" href=\"https:\/\/www.suno.com.br\/noticias\/destaques-copel-cple6-braskem-e-mais-va\/\" \/>\n<meta property=\"og:locale\" content=\"pt_BR\" \/>\n<meta property=\"og:type\" content=\"article\" \/>\n<meta property=\"og:title\" content=\"Copel (CPLE6) e Braskem (BRKM5) agitam mercado; veja destaques\" \/>\n<meta property=\"og:description\" content=\"A not\u00edcia sobre a precifica\u00e7\u00e3o das a\u00e7\u00f5es da Copel (CPLE6) em R$ 8,25 est\u00e1 entre os destaques do mercado desta quarta-feira (09).\" \/>\n<meta property=\"og:url\" content=\"https:\/\/www.suno.com.br\/noticias\/destaques-copel-cple6-braskem-e-mais-va\/\" \/>\n<meta property=\"og:site_name\" content=\"Suno Not\u00edcias\" \/>\n<meta property=\"article:publisher\" content=\"https:\/\/facebook.com\/sunoresearch\" \/>\n<meta property=\"og:image\" content=\"https:\/\/files.sunoresearch.com.br\/n\/uploads\/2023\/04\/agenda-santander-bolsa-asia-eua-balanco-1.jpg\" \/>\n\t<meta property=\"og:image:width\" content=\"1200\" \/>\n\t<meta property=\"og:image:height\" content=\"800\" \/>\n\t<meta property=\"og:image:type\" content=\"image\/jpeg\" \/>\n<meta name=\"author\" content=\"Vin\u00edcius Alves\" \/>\n<meta name=\"twitter:card\" content=\"summary_large_image\" \/>\n<meta name=\"twitter:creator\" content=\"@sunoresearch\" \/>\n<meta name=\"twitter:site\" content=\"@sunoresearch\" \/>\n<meta name=\"twitter:label1\" content=\"Escrito por\" \/>\n\t<meta name=\"twitter:data1\" content=\"Vin\u00edcius Alves\" \/>\n\t<meta name=\"twitter:label2\" content=\"Est. tempo de leitura\" \/>\n\t<meta name=\"twitter:data2\" content=\"5 minutos\" \/>\n<script type=\"application\/ld+json\" class=\"yoast-schema-graph\">{\"@context\":\"https:\/\/schema.org\",\"@graph\":[{\"@type\":\"NewsArticle\",\"@id\":\"https:\/\/www.suno.com.br\/noticias\/destaques-copel-cple6-braskem-e-mais-va\/#article\",\"isPartOf\":{\"@id\":\"https:\/\/www.suno.com.br\/noticias\/destaques-copel-cple6-braskem-e-mais-va\/\"},\"author\":{\"name\":\"Vin\u00edcius Alves\",\"@id\":\"https:\/\/www.suno.com.br\/noticias\/#\/schema\/person\/4a180549702d0e236b3e420862bcded3\"},\"headline\":\"Copel (CPLE6), Braskem (BRKM5) e Gerdau (GGBR4) agitam mercado hoje; veja destaques\",\"datePublished\":\"2023-08-09T13:49:51+00:00\",\"dateModified\":\"2023-08-09T13:50:01+00:00\",\"mainEntityOfPage\":{\"@id\":\"https:\/\/www.suno.com.br\/noticias\/destaques-copel-cple6-braskem-e-mais-va\/\"},\"wordCount\":842,\"publisher\":{\"@id\":\"https:\/\/www.suno.com.br\/noticias\/#organization\"},\"image\":{\"@id\":\"https:\/\/www.suno.com.br\/noticias\/destaques-copel-cple6-braskem-e-mais-va\/#primaryimage\"},\"thumbnailUrl\":\"https:\/\/files.sunoresearch.com.br\/n\/uploads\/2023\/04\/agenda-santander-bolsa-asia-eua-balanco-1.jpg\",\"keywords\":[\"3R Petroleum (RRRP3)\",\"A\u00e7\u00f5es\",\"Braskem (BRKM3\/BRKM5\/BRKM6)\",\"BTG Pactual (BPAC11\/BPAC3\/BPAC5)\",\"Copel (CPLE3\/CPLE5\/CPLE6)\",\"CVC (CVCB3)\",\"Engie (EGIE3)\",\"Gerdau (GGBR3\/GGBR4)\",\"Grupo P\u00e3o de A\u00e7\u00facar (PCAR3\/PCAR4)\",\"M\u00e9liuz (CASH3)\",\"Movida (MOVI3)\",\"Raia Drogasil (RADL3)\",\"Santos Brasil (STBP3)\",\"Suzano (SUZB3)\",\"Totvs (TOTS3)\"],\"articleSection\":[\"Mercado\"],\"inLanguage\":\"pt-BR\"},{\"@type\":\"WebPage\",\"@id\":\"https:\/\/www.suno.com.br\/noticias\/destaques-copel-cple6-braskem-e-mais-va\/\",\"url\":\"https:\/\/www.suno.com.br\/noticias\/destaques-copel-cple6-braskem-e-mais-va\/\",\"name\":\"Copel (CPLE6) e Braskem (BRKM5) agitam mercado; veja destaques\",\"isPartOf\":{\"@id\":\"https:\/\/www.suno.com.br\/noticias\/#website\"},\"primaryImageOfPage\":{\"@id\":\"https:\/\/www.suno.com.br\/noticias\/destaques-copel-cple6-braskem-e-mais-va\/#primaryimage\"},\"image\":{\"@id\":\"https:\/\/www.suno.com.br\/noticias\/destaques-copel-cple6-braskem-e-mais-va\/#primaryimage\"},\"thumbnailUrl\":\"https:\/\/files.sunoresearch.com.br\/n\/uploads\/2023\/04\/agenda-santander-bolsa-asia-eua-balanco-1.jpg\",\"datePublished\":\"2023-08-09T13:49:51+00:00\",\"dateModified\":\"2023-08-09T13:50:01+00:00\",\"description\":\"A not\u00edcia sobre a precifica\u00e7\u00e3o das a\u00e7\u00f5es da Copel (CPLE6) em R$ 8,25 est\u00e1 entre os destaques do mercado desta quarta-feira (09).\",\"breadcrumb\":{\"@id\":\"https:\/\/www.suno.com.br\/noticias\/destaques-copel-cple6-braskem-e-mais-va\/#breadcrumb\"},\"inLanguage\":\"pt-BR\",\"potentialAction\":[{\"@type\":\"ReadAction\",\"target\":[\"https:\/\/www.suno.com.br\/noticias\/destaques-copel-cple6-braskem-e-mais-va\/\"]}]},{\"@type\":\"ImageObject\",\"inLanguage\":\"pt-BR\",\"@id\":\"https:\/\/www.suno.com.br\/noticias\/destaques-copel-cple6-braskem-e-mais-va\/#primaryimage\",\"url\":\"https:\/\/files.sunoresearch.com.br\/n\/uploads\/2023\/04\/agenda-santander-bolsa-asia-eua-balanco-1.jpg\",\"contentUrl\":\"https:\/\/files.sunoresearch.com.br\/n\/uploads\/2023\/04\/agenda-santander-bolsa-asia-eua-balanco-1.jpg\",\"width\":1200,\"height\":800,\"caption\":\"Bolsa de Valores - Foto: Pexels\"},{\"@type\":\"BreadcrumbList\",\"@id\":\"https:\/\/www.suno.com.br\/noticias\/destaques-copel-cple6-braskem-e-mais-va\/#breadcrumb\",\"itemListElement\":[{\"@type\":\"ListItem\",\"position\":1,\"name\":\"Not\u00edcias\",\"item\":\"https:\/\/www.suno.com.br\/noticias\/\"},{\"@type\":\"ListItem\",\"position\":2,\"name\":\"Mercado\",\"item\":\"https:\/\/www.suno.com.br\/noticias\/mercado\/\"},{\"@type\":\"ListItem\",\"position\":3,\"name\":\"Copel (CPLE6), Braskem (BRKM5) e Gerdau (GGBR4) agitam mercado hoje; veja destaques\"}]},{\"@type\":\"WebSite\",\"@id\":\"https:\/\/www.suno.com.br\/noticias\/#website\",\"url\":\"https:\/\/www.suno.com.br\/noticias\/\",\"name\":\"Suno Not\u00edcias\",\"description\":\"Seu portal de informa\u00e7\u00e3o sobre o mundo dos investimentos\",\"publisher\":{\"@id\":\"https:\/\/www.suno.com.br\/noticias\/#organization\"},\"potentialAction\":[{\"@type\":\"SearchAction\",\"target\":{\"@type\":\"EntryPoint\",\"urlTemplate\":\"https:\/\/www.suno.com.br\/noticias\/?s={search_term_string}\"},\"query-input\":{\"@type\":\"PropertyValueSpecification\",\"valueRequired\":true,\"valueName\":\"search_term_string\"}}],\"inLanguage\":\"pt-BR\"},{\"@type\":\"Organization\",\"@id\":\"https:\/\/www.suno.com.br\/noticias\/#organization\",\"name\":\"Suno Not\u00edcias\",\"url\":\"https:\/\/www.suno.com.br\/noticias\/\",\"logo\":{\"@type\":\"ImageObject\",\"inLanguage\":\"pt-BR\",\"@id\":\"https:\/\/www.suno.com.br\/noticias\/#\/schema\/logo\/image\/\",\"url\":\"https:\/\/files.sunoresearch.com.br\/n\/uploads\/2021\/09\/suno-logo.png\",\"contentUrl\":\"https:\/\/files.sunoresearch.com.br\/n\/uploads\/2021\/09\/suno-logo.png\",\"width\":180,\"height\":180,\"caption\":\"Suno Not\u00edcias\"},\"image\":{\"@id\":\"https:\/\/www.suno.com.br\/noticias\/#\/schema\/logo\/image\/\"},\"sameAs\":[\"https:\/\/facebook.com\/sunoresearch\",\"https:\/\/x.com\/sunoresearch\",\"https:\/\/www.instagram.com\/suno\",\"https:\/\/www.linkedin.com\/company\/suno-research\/\",\"https:\/\/www.youtube.com\/c\/sunoresearch\"]},{\"@type\":\"Person\",\"@id\":\"https:\/\/www.suno.com.br\/noticias\/#\/schema\/person\/4a180549702d0e236b3e420862bcded3\",\"name\":\"Vin\u00edcius Alves\",\"image\":{\"@type\":\"ImageObject\",\"inLanguage\":\"pt-BR\",\"@id\":\"https:\/\/www.suno.com.br\/noticias\/#\/schema\/person\/image\/\",\"url\":\"https:\/\/secure.gravatar.com\/avatar\/a95b7fe6d1b813f7907d4f476d5a39e1?s=96&r=g\",\"contentUrl\":\"https:\/\/secure.gravatar.com\/avatar\/a95b7fe6d1b813f7907d4f476d5a39e1?s=96&r=g\",\"caption\":\"Vin\u00edcius Alves\"},\"description\":\"Jornalista formado na Faculdade C\u00e1sper L\u00edbero. Com passagens pela Ag\u00eancia Estado, InfoMoney e Editora Globo.\",\"url\":\"https:\/\/www.suno.com.br\/noticias\/author\/vini08correiagmail-com\/\"}]}<\/script>\n<!-- \/ Yoast SEO plugin. -->","yoast_head_json":{"title":"Copel (CPLE6) e Braskem (BRKM5) agitam mercado; veja destaques","description":"A not\u00edcia sobre a precifica\u00e7\u00e3o das a\u00e7\u00f5es da Copel (CPLE6) em R$ 8,25 est\u00e1 entre os destaques do mercado desta quarta-feira (09).","robots":{"index":"index","follow":"follow","max-snippet":"max-snippet:-1","max-image-preview":"max-image-preview:large","max-video-preview":"max-video-preview:-1"},"canonical":"https:\/\/www.suno.com.br\/noticias\/destaques-copel-cple6-braskem-e-mais-va\/","og_locale":"pt_BR","og_type":"article","og_title":"Copel (CPLE6) e Braskem (BRKM5) agitam mercado; veja destaques","og_description":"A not\u00edcia sobre a precifica\u00e7\u00e3o das a\u00e7\u00f5es da Copel (CPLE6) em R$ 8,25 est\u00e1 entre os destaques do mercado desta quarta-feira (09).","og_url":"https:\/\/www.suno.com.br\/noticias\/destaques-copel-cple6-braskem-e-mais-va\/","og_site_name":"Suno Not\u00edcias","article_publisher":"https:\/\/facebook.com\/sunoresearch","og_image":[{"width":1200,"height":800,"url":"https:\/\/files.sunoresearch.com.br\/n\/uploads\/2023\/04\/agenda-santander-bolsa-asia-eua-balanco-1.jpg","type":"image\/jpeg"}],"author":"Vin\u00edcius Alves","twitter_card":"summary_large_image","twitter_creator":"@sunoresearch","twitter_site":"@sunoresearch","twitter_misc":{"Escrito por":"Vin\u00edcius Alves","Est. tempo de leitura":"5 minutos"},"schema":{"@context":"https:\/\/schema.org","@graph":[{"@type":"NewsArticle","@id":"https:\/\/www.suno.com.br\/noticias\/destaques-copel-cple6-braskem-e-mais-va\/#article","isPartOf":{"@id":"https:\/\/www.suno.com.br\/noticias\/destaques-copel-cple6-braskem-e-mais-va\/"},"author":{"name":"Vin\u00edcius Alves","@id":"https:\/\/www.suno.com.br\/noticias\/#\/schema\/person\/4a180549702d0e236b3e420862bcded3"},"headline":"Copel (CPLE6), Braskem (BRKM5) e Gerdau (GGBR4) agitam mercado hoje; veja destaques","datePublished":"2023-08-09T13:49:51+00:00","dateModified":"2023-08-09T13:50:01+00:00","mainEntityOfPage":{"@id":"https:\/\/www.suno.com.br\/noticias\/destaques-copel-cple6-braskem-e-mais-va\/"},"wordCount":842,"publisher":{"@id":"https:\/\/www.suno.com.br\/noticias\/#organization"},"image":{"@id":"https:\/\/www.suno.com.br\/noticias\/destaques-copel-cple6-braskem-e-mais-va\/#primaryimage"},"thumbnailUrl":"https:\/\/files.sunoresearch.com.br\/n\/uploads\/2023\/04\/agenda-santander-bolsa-asia-eua-balanco-1.jpg","keywords":["3R Petroleum (RRRP3)","A\u00e7\u00f5es","Braskem (BRKM3\/BRKM5\/BRKM6)","BTG Pactual (BPAC11\/BPAC3\/BPAC5)","Copel (CPLE3\/CPLE5\/CPLE6)","CVC (CVCB3)","Engie (EGIE3)","Gerdau (GGBR3\/GGBR4)","Grupo P\u00e3o de A\u00e7\u00facar (PCAR3\/PCAR4)","M\u00e9liuz (CASH3)","Movida (MOVI3)","Raia Drogasil (RADL3)","Santos Brasil (STBP3)","Suzano (SUZB3)","Totvs (TOTS3)"],"articleSection":["Mercado"],"inLanguage":"pt-BR"},{"@type":"WebPage","@id":"https:\/\/www.suno.com.br\/noticias\/destaques-copel-cple6-braskem-e-mais-va\/","url":"https:\/\/www.suno.com.br\/noticias\/destaques-copel-cple6-braskem-e-mais-va\/","name":"Copel (CPLE6) e Braskem (BRKM5) agitam mercado; veja destaques","isPartOf":{"@id":"https:\/\/www.suno.com.br\/noticias\/#website"},"primaryImageOfPage":{"@id":"https:\/\/www.suno.com.br\/noticias\/destaques-copel-cple6-braskem-e-mais-va\/#primaryimage"},"image":{"@id":"https:\/\/www.suno.com.br\/noticias\/destaques-copel-cple6-braskem-e-mais-va\/#primaryimage"},"thumbnailUrl":"https:\/\/files.sunoresearch.com.br\/n\/uploads\/2023\/04\/agenda-santander-bolsa-asia-eua-balanco-1.jpg","datePublished":"2023-08-09T13:49:51+00:00","dateModified":"2023-08-09T13:50:01+00:00","description":"A not\u00edcia sobre a precifica\u00e7\u00e3o das a\u00e7\u00f5es da Copel (CPLE6) em R$ 8,25 est\u00e1 entre os destaques do mercado desta quarta-feira (09).","breadcrumb":{"@id":"https:\/\/www.suno.com.br\/noticias\/destaques-copel-cple6-braskem-e-mais-va\/#breadcrumb"},"inLanguage":"pt-BR","potentialAction":[{"@type":"ReadAction","target":["https:\/\/www.suno.com.br\/noticias\/destaques-copel-cple6-braskem-e-mais-va\/"]}]},{"@type":"ImageObject","inLanguage":"pt-BR","@id":"https:\/\/www.suno.com.br\/noticias\/destaques-copel-cple6-braskem-e-mais-va\/#primaryimage","url":"https:\/\/files.sunoresearch.com.br\/n\/uploads\/2023\/04\/agenda-santander-bolsa-asia-eua-balanco-1.jpg","contentUrl":"https:\/\/files.sunoresearch.com.br\/n\/uploads\/2023\/04\/agenda-santander-bolsa-asia-eua-balanco-1.jpg","width":1200,"height":800,"caption":"Bolsa de Valores - Foto: Pexels"},{"@type":"BreadcrumbList","@id":"https:\/\/www.suno.com.br\/noticias\/destaques-copel-cple6-braskem-e-mais-va\/#breadcrumb","itemListElement":[{"@type":"ListItem","position":1,"name":"Not\u00edcias","item":"https:\/\/www.suno.com.br\/noticias\/"},{"@type":"ListItem","position":2,"name":"Mercado","item":"https:\/\/www.suno.com.br\/noticias\/mercado\/"},{"@type":"ListItem","position":3,"name":"Copel (CPLE6), Braskem (BRKM5) e Gerdau (GGBR4) agitam mercado hoje; veja destaques"}]},{"@type":"WebSite","@id":"https:\/\/www.suno.com.br\/noticias\/#website","url":"https:\/\/www.suno.com.br\/noticias\/","name":"Suno Not\u00edcias","description":"Seu portal de informa\u00e7\u00e3o sobre o mundo dos investimentos","publisher":{"@id":"https:\/\/www.suno.com.br\/noticias\/#organization"},"potentialAction":[{"@type":"SearchAction","target":{"@type":"EntryPoint","urlTemplate":"https:\/\/www.suno.com.br\/noticias\/?s={search_term_string}"},"query-input":{"@type":"PropertyValueSpecification","valueRequired":true,"valueName":"search_term_string"}}],"inLanguage":"pt-BR"},{"@type":"Organization","@id":"https:\/\/www.suno.com.br\/noticias\/#organization","name":"Suno Not\u00edcias","url":"https:\/\/www.suno.com.br\/noticias\/","logo":{"@type":"ImageObject","inLanguage":"pt-BR","@id":"https:\/\/www.suno.com.br\/noticias\/#\/schema\/logo\/image\/","url":"https:\/\/files.sunoresearch.com.br\/n\/uploads\/2021\/09\/suno-logo.png","contentUrl":"https:\/\/files.sunoresearch.com.br\/n\/uploads\/2021\/09\/suno-logo.png","width":180,"height":180,"caption":"Suno Not\u00edcias"},"image":{"@id":"https:\/\/www.suno.com.br\/noticias\/#\/schema\/logo\/image\/"},"sameAs":["https:\/\/facebook.com\/sunoresearch","https:\/\/x.com\/sunoresearch","https:\/\/www.instagram.com\/suno","https:\/\/www.linkedin.com\/company\/suno-research\/","https:\/\/www.youtube.com\/c\/sunoresearch"]},{"@type":"Person","@id":"https:\/\/www.suno.com.br\/noticias\/#\/schema\/person\/4a180549702d0e236b3e420862bcded3","name":"Vin\u00edcius Alves","image":{"@type":"ImageObject","inLanguage":"pt-BR","@id":"https:\/\/www.suno.com.br\/noticias\/#\/schema\/person\/image\/","url":"https:\/\/secure.gravatar.com\/avatar\/a95b7fe6d1b813f7907d4f476d5a39e1?s=96&r=g","contentUrl":"https:\/\/secure.gravatar.com\/avatar\/a95b7fe6d1b813f7907d4f476d5a39e1?s=96&r=g","caption":"Vin\u00edcius Alves"},"description":"Jornalista formado na Faculdade C\u00e1sper L\u00edbero. Com passagens pela Ag\u00eancia Estado, InfoMoney e Editora Globo.","url":"https:\/\/www.suno.com.br\/noticias\/author\/vini08correiagmail-com\/"}]}},"default_loop_html":"<div class=\"cardsPage__listCard__boxs\"><div class=\"cardsPage__listCard__boxs__img\"><a href=\"https:\/\/www.suno.com.br\/noticias\/destaques-copel-cple6-braskem-e-mais-va\/\"><img class=\"mask\" src=\"https:\/\/www.suno.com.br\/noticias\/wp-content\/themes\/suno\/resources\/images\/spotlight\/spotlight1img\/bg-mask.png\" alt=\"Image Mask\"\/><img src=\"https:\/\/files.sunoresearch.com.br\/n\/uploads\/2023\/04\/agenda-santander-bolsa-asia-eua-balanco-1-400x200.jpg\" alt=\"Copel (CPLE6), Braskem (BRKM5) e Gerdau (GGBR4) agitam mercado hoje; veja destaques\"\/><\/a><span class=\"spotlightCategory\"><a href=\"https:\/\/www.suno.com.br\/noticias\/mercado\/\">Mercado<\/a><\/span><\/div><div class=\"cardsPage__listCard__boxs__content\"><a href=\"https:\/\/www.suno.com.br\/noticias\/destaques-copel-cple6-braskem-e-mais-va\/\"><h2 class=\"content__title\">Copel (CPLE6), Braskem (BRKM5) e Gerdau (GGBR4) agitam mercado hoje; veja destaques<\/h2><\/a><div class=\"newsContent__article__meta\"><div class=\"newsContent__article__meta__authorBox\"><a href=\"https:\/\/www.suno.com.br\/noticias\/author\/vini08correiagmail-com\/\" class=\"authorBox__avatar noMobi\"><img src=\"https:\/\/files.sunoresearch.com.br\/n\/uploads\/2026\/04\/WhatsApp-Image-2026-04-20-at-19.35.48-150x150.webp\" alt=\"Vin\u00edcius Alves\"><\/a><div class=\"authorBox__name\"><span>por\n\t\t\t<a href=\"https:\/\/www.suno.com.br\/noticias\/author\/vini08correiagmail-com\/\"><span itemprop=\"author\">Vin\u00edcius Alves<\/span><\/a><\/span><time datetime=\"2023-08-09T10:49:51-03:00\" itemprop=\"datePublished\">09\/08\/2023 10:49<\/time><\/div><\/div><\/div><\/div><\/div>","single_layout":"posts","amp_enabled":true,"_links":{"self":[{"href":"https:\/\/www.suno.com.br\/noticias\/wp-json\/wp\/v2\/posts\/440249"}],"collection":[{"href":"https:\/\/www.suno.com.br\/noticias\/wp-json\/wp\/v2\/posts"}],"about":[{"href":"https:\/\/www.suno.com.br\/noticias\/wp-json\/wp\/v2\/types\/post"}],"author":[{"embeddable":true,"href":"https:\/\/www.suno.com.br\/noticias\/wp-json\/wp\/v2\/users\/301"}],"replies":[{"embeddable":true,"href":"https:\/\/www.suno.com.br\/noticias\/wp-json\/wp\/v2\/comments?post=440249"}],"version-history":[{"count":3,"href":"https:\/\/www.suno.com.br\/noticias\/wp-json\/wp\/v2\/posts\/440249\/revisions"}],"predecessor-version":[{"id":440298,"href":"https:\/\/www.suno.com.br\/noticias\/wp-json\/wp\/v2\/posts\/440249\/revisions\/440298"}],"wp:featuredmedia":[{"embeddable":true,"href":"https:\/\/www.suno.com.br\/noticias\/wp-json\/wp\/v2\/media\/394044"}],"wp:attachment":[{"href":"https:\/\/www.suno.com.br\/noticias\/wp-json\/wp\/v2\/media?parent=440249"}],"wp:term":[{"taxonomy":"category","embeddable":true,"href":"https:\/\/www.suno.com.br\/noticias\/wp-json\/wp\/v2\/categories?post=440249"},{"taxonomy":"post_tag","embeddable":true,"href":"https:\/\/www.suno.com.br\/noticias\/wp-json\/wp\/v2\/tags?post=440249"},{"taxonomy":"suno_strategy","embeddable":true,"href":"https:\/\/www.suno.com.br\/noticias\/wp-json\/wp\/v2\/suno_strategy?post=440249"}],"curies":[{"name":"wp","href":"https:\/\/api.w.org\/{rel}","templated":true}]}}