{"id":440045,"date":"2023-08-08T21:07:05","date_gmt":"2023-08-09T00:07:05","guid":{"rendered":"https:\/\/www.suno.com.br\/noticias\/?p=440045"},"modified":"2023-08-08T21:07:08","modified_gmt":"2023-08-09T00:07:08","slug":"movida-movi3-prejuizo-liquido-2t23-resultado","status":"publish","type":"post","link":"https:\/\/www.suno.com.br\/noticias\/movida-movi3-prejuizo-liquido-2t23-resultado\/","title":{"rendered":"Movida (MOVI3) reverte lucro e tem preju\u00edzo de R$ 17,9 mi no 2T23"},"content":{"rendered":"<p>A <a href=\"https:\/\/www.suno.com.br\/acoes\/movi3\/\"><strong>Movida <\/strong>(MOVI3)<\/a> registrou preju\u00edzo l\u00edquido de R$ 17,9 milh\u00f5es no segundo trimestre de 2023. Com isso, reverteu o <a class=\"suno-keyword\" data-force=\"no\" data-priority=\"1\" href=\"https:\/\/www.suno.com.br\/artigos\/lucro-liquido\/\" target=\"_blank\" rel=\"noopener\">lucro l\u00edquido<\/a> de R$ 187 milh\u00f5es reportado em igual intervalo de 2022. O resultado foi impactado pelo aumento das <a class=\"suno-keyword\" data-force=\"no\" data-priority=\"1\" href=\"https:\/\/www.suno.com.br\/artigos\/despesas-financeiras\/\" target=\"_blank\" rel=\"noopener\">despesas financeiras<\/a> em decorr\u00eancia tamb\u00e9m da eleva\u00e7\u00e3o das taxas de juros, segundo o release de resultados divulgado nesta ter\u00e7a, 8.<\/p>\t<div class=\"wrapper-featured-image\">\n\t\t<figure class=\"spotlightImg\">\n\n\t\t\t<picture>\n\t\t\t\t<source media=\"(max-width: 768px)\" srcset=\"https:\/\/files.sunoresearch.com.br\/n\/uploads\/2022\/12\/movida-movi3-400x200.jpg\">\n\t\t\t\t<img loading=\"lazy\" decoding=\"async\" class=\"newsContent__article__imgCapa lazyloadDisabled \" src=\"https:\/\/files.sunoresearch.com.br\/n\/uploads\/2022\/12\/movida-movi3-800x450.jpg\" width=\"800\" height=\"450\" alt=\"Movida (MOVI3) reverte lucro e tem preju\u00edzo de R$ 17,9 mi no 2T23\" fetchpriority=high \/>\n\t\t\t<\/picture>\n\n\t\t\t<figcaption class=\"wp-caption-text wp-caption-text--show\">Movida (MOVI3). Foto: Divulga\u00e7\u00e3o<\/figcaption>\n\t\t<\/figure>\n\t<\/div>\n\n\n\n\n\n\t<p>\n\t\t<a href=\"https:\/\/lp.suno.com.br\/planilha-da-vida-financeira\/\" target=\"_blank\" data-element=\"shortcode-suno-banner\" title=\"Banner SUNO, clique e saiba mais\">\n\t\t\t<picture>\n\t\t\t\t<source media=\"(max-width: 500px)\" srcset=\"https:\/\/files.sunoresearch.com.br\/n\/uploads\/2023\/04\/400x300-Planilha-vida-financeira-true.png\">\n\t\t\t\t<img class=\"newsContent__article__imgCapa newsContent__article__imgCapa--banner\"\n\t\t\t\t\tsrc=\"https:\/\/files.sunoresearch.com.br\/n\/uploads\/2023\/04\/1420x240-Planilha-vida-financeira-true.png\"\n\t\t\t\t\tdata-promo-id=\"106682\"\t\t\t\t\t\t\t\t\t\twidth='1420' height='240'\t\t\t\t\talt=\"https:\/\/files.sunoresearch.com.br\/n\/uploads\/2023\/04\/1420x240-Planilha-vida-financeira-true.png\"\n\t\t\t\t>\n\t\t\t<\/picture>\n\t\t<\/a>\n\t<\/p>\n\n\n\n\n\n\n\n<p>O <strong>Ebitda da Movida<\/strong> ficou em R$ 890 milh\u00f5es, queda anual de 1,7%. A <a class=\"suno-keyword\" target=\"_blank\" data-force=\"no\" data-priority=\"1\" href=\"https:\/\/www.suno.com.br\/artigos\/margem-ebitda\/\" rel=\"noopener\">margem Ebitda<\/a> sobre <a class=\"suno-keyword\" target=\"_blank\" data-force=\"no\" data-priority=\"1\" href=\"https:\/\/www.suno.com.br\/artigos\/o-que-receita-liquida\/\" rel=\"noopener\">receita l\u00edquida<\/a> de loca\u00e7\u00e3o foi de 72,1%, representando um recuo de 18,2 pontos porcentuais. A margem Ebitda sobre receita l\u00edquida total ficou em 35,9%, queda de 4,7 pontos porcentuais.<\/p>\n\n\n\n<p>A <strong>receita l\u00edquida consolidada da Movida <\/strong>cresceu 11,1% em rela\u00e7\u00e3o ao mesmo per\u00edodo do ano anterior, atingindo R$ 2,5 bilh\u00f5es em decorr\u00eancia da adi\u00e7\u00e3o liquida de frota de gest\u00e3o e terceiriza\u00e7\u00e3o de frotas.<\/p>\n\n\n\n<p>A <a class=\"suno-keyword\" target=\"_blank\" data-force=\"no\" data-priority=\"1\" href=\"https:\/\/www.suno.com.br\/artigos\/o-que-receita-liquida\/\" rel=\"noopener\">receita l\u00edquida<\/a> de RAC alcan\u00e7ou R$ 675 milh\u00f5es, expans\u00e3o de 15,5% na mesma base comparativa, decorrente do crescimento de 9,7% na receita m\u00e9dia mensal por carro.<\/p>\n\n\n\n<p>J\u00e1 a de GTF (Gest\u00e3o e Terceiriza\u00e7\u00e3o de Frotas) ficou em R$ 558,1 milh\u00f5es, alta anual de 33,9%, refletindo o aumento do<strong> n\u00famero de carros<\/strong> e crescimento do t\u00edquete m\u00e9dio, segundo o release de resultados.<\/p>\n\n\n\n<p>Em seminovos, foram vendidos 18.806 mil carros, superando em 1,8% o volume de vendas do mesmo per\u00edodo de 2022. O t\u00edquete m\u00e9dio foi de R$ 67 mil, com evolu\u00e7\u00e3o anual de 0,6% e semestral de 8,4%, resultado da venda de um mix de carros de maior t\u00edquete m\u00e9dio no in\u00edcio de 2023. Nesse cen\u00e1rio, a <a class=\"suno-keyword\" target=\"_blank\" data-force=\"no\" data-priority=\"1\" href=\"https:\/\/www.suno.com.br\/artigos\/o-que-receita-liquida\/\" rel=\"noopener\">receita l\u00edquida<\/a> atingiu R$ 1,2 bilh\u00e3o no trimestre, crescimento anual de 1,4%.<\/p>\n\n\n\t<p>\n\t\t<a href=\"https:\/\/lp.suno.com.br\/ebook-como-analisar-uma-acao\/\" target=\"_blank\" data-element=\"shortcode-suno-banner\" title=\"Banner SUNO, clique e saiba mais\">\n\t\t\t<picture>\n\t\t\t\t<source media=\"(max-width: 500px)\" srcset=\"https:\/\/files.sunoresearch.com.br\/n\/uploads\/2023\/03\/Ebook-Acoes-Mobile.jpg\">\n\t\t\t\t<img class=\"newsContent__article__imgCapa newsContent__article__imgCapa--banner\"\n\t\t\t\t\tsrc=\"https:\/\/files.sunoresearch.com.br\/n\/uploads\/2023\/03\/Ebook-Acoes-Desktop.jpg\"\n\t\t\t\t\tdata-promo-id=\"378302\"\t\t\t\t\t\t\t\t\t\twidth='1420' height='286'\t\t\t\t\talt=\"https:\/\/files.sunoresearch.com.br\/n\/uploads\/2023\/03\/Ebook-Acoes-Desktop.jpg\"\n\t\t\t\t>\n\t\t\t<\/picture>\n\t\t<\/a>\n\t<\/p>\n\n\n\n\n\n<h2 class=\"wp-block-heading\">D\u00edvida da Movida<\/h2>\n\n\n\n<p>A <strong>d\u00edvida l\u00edquida da Movida <\/strong>finalizou o trimestre em R$ 11,4 bilh\u00f5es, crescendo R$ 161 milh\u00f5es devido \u00e0 redu\u00e7\u00e3o do caixa para R$ 2,6 bilh\u00f5es ap\u00f3s pagamento de carros comprados em trimestres anteriores.<\/p>\n\n\n\n<p>A posi\u00e7\u00e3o de caixa atual cobre a <a class=\"suno-keyword\" target=\"_blank\" data-force=\"no\" data-priority=\"1\" href=\"https:\/\/www.suno.com.br\/artigos\/divida-bruta\/\" rel=\"noopener\">d\u00edvida bruta<\/a> at\u00e9 meados de 2025 e o prazo m\u00e9dio da <a class=\"suno-keyword\" target=\"_blank\" data-force=\"no\" data-priority=\"1\" href=\"https:\/\/www.suno.com.br\/artigos\/divida-liquida\/\" rel=\"noopener\">d\u00edvida l\u00edquida<\/a> era de 4,8 anos no segundo trimestre de 2023, destaca a companhia. Como reflexo, a alavancagem da <strong>Movida<\/strong>, medida pelo indicador d\u00edvida l\u00edquida\/Ebitda se manteve em 2,9 vezes.<\/p>\n\n\n\n<p><em>Com Estad\u00e3o Conte\u00fado<\/em><\/p>\n\n\n\t<p>\n\t\t<a href=\"https:\/\/lp.suno.com.br\/planilha-da-vida-financeira\/\" target=\"_blank\" data-element=\"shortcode-suno-banner\" title=\"Banner SUNO, clique e saiba mais\">\n\t\t\t<picture>\n\t\t\t\t<source media=\"(max-width: 500px)\" srcset=\"https:\/\/files.sunoresearch.com.br\/n\/uploads\/2023\/04\/400x300-Planilha-vida-financeira-true.png\">\n\t\t\t\t<img class=\"newsContent__article__imgCapa newsContent__article__imgCapa--banner\"\n\t\t\t\t\tsrc=\"https:\/\/files.sunoresearch.com.br\/n\/uploads\/2023\/04\/1420x240-Planilha-vida-financeira-true.png\"\n\t\t\t\t\tdata-promo-id=\"383123\"\t\t\t\t\t\t\t\t\t\twidth='1420' height='240'\t\t\t\t\talt=\"https:\/\/files.sunoresearch.com.br\/n\/uploads\/2023\/04\/1420x240-Planilha-vida-financeira-true.png\"\n\t\t\t\t>\n\t\t\t<\/picture>\n\t\t<\/a>\n\t<\/p>\n\n\n","protected":false},"excerpt":{"rendered":"<p>A Movida (MOVI3) registrou preju\u00edzo l\u00edquido de R$ 17,9 milh\u00f5es no segundo trimestre de 2023. Com isso, reverteu o lucro l\u00edquido de R$ 187 milh\u00f5es reportado em igual intervalo de 2022. O resultado foi impactado pelo aumento das despesas financeiras em decorr\u00eancia tamb\u00e9m da eleva\u00e7\u00e3o das taxas de juros, segundo o release de resultados divulgado [&hellip;]<\/p>\n","protected":false},"author":98,"featured_media":337891,"comment_status":"closed","ping_status":"closed","sticky":false,"template":"","format":"standard","meta":[],"categories":[64],"tags":[286,567,1607],"suno_strategy":[],"class_list":["post-440045","post","type-post","status-publish","format-standard","has-post-thumbnail","hentry","category-negocios","tag-acoes","tag-movida-movi3","tag-resultado-das-empresas"],"yoast_head":"<!-- This site is optimized with the Yoast SEO plugin v24.4 - https:\/\/yoast.com\/wordpress\/plugins\/seo\/ -->\n<title>Movida (MOVI3) reverte lucro e tem preju\u00edzo de R$ 17,9 mi no 2T23<\/title>\n<meta name=\"description\" content=\"A Movida registrou preju\u00edzo l\u00edquido de R$ 17,9 milh\u00f5es no segundo trimestre de 2023. Com isso, reverteu o lucro l\u00edquido de R$ 187 mi no 2T22\" \/>\n<meta name=\"robots\" content=\"index, follow, max-snippet:-1, max-image-preview:large, max-video-preview:-1\" \/>\n<link rel=\"canonical\" href=\"https:\/\/www.suno.com.br\/noticias\/movida-movi3-prejuizo-liquido-2t23-resultado\/\" \/>\n<meta property=\"og:locale\" content=\"pt_BR\" \/>\n<meta property=\"og:type\" content=\"article\" \/>\n<meta property=\"og:title\" content=\"Movida (MOVI3) reverte lucro e tem preju\u00edzo de R$ 17,9 mi no 2T23\" \/>\n<meta property=\"og:description\" content=\"A Movida registrou preju\u00edzo l\u00edquido de R$ 17,9 milh\u00f5es no segundo trimestre de 2023. Com isso, reverteu o lucro l\u00edquido de R$ 187 mi no 2T22\" \/>\n<meta property=\"og:url\" content=\"https:\/\/www.suno.com.br\/noticias\/movida-movi3-prejuizo-liquido-2t23-resultado\/\" \/>\n<meta property=\"og:site_name\" content=\"Suno Not\u00edcias\" \/>\n<meta property=\"article:publisher\" content=\"https:\/\/facebook.com\/sunoresearch\" \/>\n<meta property=\"og:image\" content=\"https:\/\/files.sunoresearch.com.br\/n\/uploads\/2022\/12\/movida-movi3.jpg\" \/>\n\t<meta property=\"og:image:width\" content=\"1200\" \/>\n\t<meta property=\"og:image:height\" content=\"800\" \/>\n\t<meta property=\"og:image:type\" content=\"image\/jpeg\" \/>\n<meta name=\"author\" content=\"Marco Ant\u00f4nio Lopes\" \/>\n<meta name=\"twitter:card\" content=\"summary_large_image\" \/>\n<meta name=\"twitter:creator\" content=\"@sunoresearch\" \/>\n<meta name=\"twitter:site\" content=\"@sunoresearch\" \/>\n<meta name=\"twitter:label1\" content=\"Escrito por\" \/>\n\t<meta name=\"twitter:data1\" content=\"Marco Ant\u00f4nio Lopes\" \/>\n\t<meta name=\"twitter:label2\" content=\"Est. tempo de leitura\" \/>\n\t<meta name=\"twitter:data2\" content=\"2 minutos\" \/>\n<script type=\"application\/ld+json\" class=\"yoast-schema-graph\">{\"@context\":\"https:\/\/schema.org\",\"@graph\":[{\"@type\":\"NewsArticle\",\"@id\":\"https:\/\/www.suno.com.br\/noticias\/movida-movi3-prejuizo-liquido-2t23-resultado\/#article\",\"isPartOf\":{\"@id\":\"https:\/\/www.suno.com.br\/noticias\/movida-movi3-prejuizo-liquido-2t23-resultado\/\"},\"author\":{\"name\":\"Marco Ant\u00f4nio Lopes\",\"@id\":\"https:\/\/www.suno.com.br\/noticias\/#\/schema\/person\/829bbe8d57f84333b966b96229c6bf5f\"},\"headline\":\"Movida (MOVI3) reverte lucro e tem preju\u00edzo de R$ 17,9 mi no 2T23\",\"datePublished\":\"2023-08-09T00:07:05+00:00\",\"dateModified\":\"2023-08-09T00:07:08+00:00\",\"mainEntityOfPage\":{\"@id\":\"https:\/\/www.suno.com.br\/noticias\/movida-movi3-prejuizo-liquido-2t23-resultado\/\"},\"wordCount\":400,\"publisher\":{\"@id\":\"https:\/\/www.suno.com.br\/noticias\/#organization\"},\"image\":{\"@id\":\"https:\/\/www.suno.com.br\/noticias\/movida-movi3-prejuizo-liquido-2t23-resultado\/#primaryimage\"},\"thumbnailUrl\":\"https:\/\/files.sunoresearch.com.br\/n\/uploads\/2022\/12\/movida-movi3.jpg\",\"keywords\":[\"A\u00e7\u00f5es\",\"Movida (MOVI3)\",\"Resultado das empresas\"],\"articleSection\":[\"Neg\u00f3cios\"],\"inLanguage\":\"pt-BR\"},{\"@type\":\"WebPage\",\"@id\":\"https:\/\/www.suno.com.br\/noticias\/movida-movi3-prejuizo-liquido-2t23-resultado\/\",\"url\":\"https:\/\/www.suno.com.br\/noticias\/movida-movi3-prejuizo-liquido-2t23-resultado\/\",\"name\":\"Movida (MOVI3) reverte lucro e tem preju\u00edzo de R$ 17,9 mi no 2T23\",\"isPartOf\":{\"@id\":\"https:\/\/www.suno.com.br\/noticias\/#website\"},\"primaryImageOfPage\":{\"@id\":\"https:\/\/www.suno.com.br\/noticias\/movida-movi3-prejuizo-liquido-2t23-resultado\/#primaryimage\"},\"image\":{\"@id\":\"https:\/\/www.suno.com.br\/noticias\/movida-movi3-prejuizo-liquido-2t23-resultado\/#primaryimage\"},\"thumbnailUrl\":\"https:\/\/files.sunoresearch.com.br\/n\/uploads\/2022\/12\/movida-movi3.jpg\",\"datePublished\":\"2023-08-09T00:07:05+00:00\",\"dateModified\":\"2023-08-09T00:07:08+00:00\",\"description\":\"A Movida registrou preju\u00edzo l\u00edquido de R$ 17,9 milh\u00f5es no segundo trimestre de 2023. Com isso, reverteu o lucro l\u00edquido de R$ 187 mi no 2T22\",\"breadcrumb\":{\"@id\":\"https:\/\/www.suno.com.br\/noticias\/movida-movi3-prejuizo-liquido-2t23-resultado\/#breadcrumb\"},\"inLanguage\":\"pt-BR\",\"potentialAction\":[{\"@type\":\"ReadAction\",\"target\":[\"https:\/\/www.suno.com.br\/noticias\/movida-movi3-prejuizo-liquido-2t23-resultado\/\"]}]},{\"@type\":\"ImageObject\",\"inLanguage\":\"pt-BR\",\"@id\":\"https:\/\/www.suno.com.br\/noticias\/movida-movi3-prejuizo-liquido-2t23-resultado\/#primaryimage\",\"url\":\"https:\/\/files.sunoresearch.com.br\/n\/uploads\/2022\/12\/movida-movi3.jpg\",\"contentUrl\":\"https:\/\/files.sunoresearch.com.br\/n\/uploads\/2022\/12\/movida-movi3.jpg\",\"width\":1200,\"height\":800,\"caption\":\"Movida (MOVI3). Foto: Divulga\u00e7\u00e3o\"},{\"@type\":\"BreadcrumbList\",\"@id\":\"https:\/\/www.suno.com.br\/noticias\/movida-movi3-prejuizo-liquido-2t23-resultado\/#breadcrumb\",\"itemListElement\":[{\"@type\":\"ListItem\",\"position\":1,\"name\":\"Not\u00edcias\",\"item\":\"https:\/\/www.suno.com.br\/noticias\/\"},{\"@type\":\"ListItem\",\"position\":2,\"name\":\"Neg\u00f3cios\",\"item\":\"https:\/\/www.suno.com.br\/noticias\/negocios\/\"},{\"@type\":\"ListItem\",\"position\":3,\"name\":\"Movida (MOVI3) reverte lucro e tem preju\u00edzo de R$ 17,9 mi no 2T23\"}]},{\"@type\":\"WebSite\",\"@id\":\"https:\/\/www.suno.com.br\/noticias\/#website\",\"url\":\"https:\/\/www.suno.com.br\/noticias\/\",\"name\":\"Suno Not\u00edcias\",\"description\":\"Seu portal de informa\u00e7\u00e3o sobre o mundo dos investimentos\",\"publisher\":{\"@id\":\"https:\/\/www.suno.com.br\/noticias\/#organization\"},\"potentialAction\":[{\"@type\":\"SearchAction\",\"target\":{\"@type\":\"EntryPoint\",\"urlTemplate\":\"https:\/\/www.suno.com.br\/noticias\/?s={search_term_string}\"},\"query-input\":{\"@type\":\"PropertyValueSpecification\",\"valueRequired\":true,\"valueName\":\"search_term_string\"}}],\"inLanguage\":\"pt-BR\"},{\"@type\":\"Organization\",\"@id\":\"https:\/\/www.suno.com.br\/noticias\/#organization\",\"name\":\"Suno Not\u00edcias\",\"url\":\"https:\/\/www.suno.com.br\/noticias\/\",\"logo\":{\"@type\":\"ImageObject\",\"inLanguage\":\"pt-BR\",\"@id\":\"https:\/\/www.suno.com.br\/noticias\/#\/schema\/logo\/image\/\",\"url\":\"https:\/\/files.sunoresearch.com.br\/n\/uploads\/2021\/09\/suno-logo.png\",\"contentUrl\":\"https:\/\/files.sunoresearch.com.br\/n\/uploads\/2021\/09\/suno-logo.png\",\"width\":180,\"height\":180,\"caption\":\"Suno Not\u00edcias\"},\"image\":{\"@id\":\"https:\/\/www.suno.com.br\/noticias\/#\/schema\/logo\/image\/\"},\"sameAs\":[\"https:\/\/facebook.com\/sunoresearch\",\"https:\/\/x.com\/sunoresearch\",\"https:\/\/www.instagram.com\/suno\",\"https:\/\/www.linkedin.com\/company\/suno-research\/\",\"https:\/\/www.youtube.com\/c\/sunoresearch\"]},{\"@type\":\"Person\",\"@id\":\"https:\/\/www.suno.com.br\/noticias\/#\/schema\/person\/829bbe8d57f84333b966b96229c6bf5f\",\"name\":\"Marco Ant\u00f4nio Lopes\",\"image\":{\"@type\":\"ImageObject\",\"inLanguage\":\"pt-BR\",\"@id\":\"https:\/\/www.suno.com.br\/noticias\/#\/schema\/person\/image\/\",\"url\":\"https:\/\/secure.gravatar.com\/avatar\/385167b012fbc1cde32c5446ee253313?s=96&r=g\",\"contentUrl\":\"https:\/\/secure.gravatar.com\/avatar\/385167b012fbc1cde32c5446ee253313?s=96&r=g\",\"caption\":\"Marco Ant\u00f4nio Lopes\"},\"description\":\"Jornalista, \u00e9 editor no Suno Not\u00edcias. Trabalhou nas revistas Playboy, Super, Veja Comer &amp; Beber, Homem Vogue e Universo Masculino, al\u00e9m dos portais Abril.com, R7, nas editorias de Home, Esportes, Hora 7, Entretenimento e Geral, e Eu Quero Investir. Autor do livro Bruce Lee: Definitivo (Editora Conrad). Colaborou nas revistas Nova, Veja SP, Grandes Guerras, Placar, Bizz, Casa Claudia e Quatro Rodas.\",\"url\":\"https:\/\/www.suno.com.br\/noticias\/author\/marco-lopes\/\"}]}<\/script>\n<!-- \/ Yoast SEO plugin. -->","yoast_head_json":{"title":"Movida (MOVI3) reverte lucro e tem preju\u00edzo de R$ 17,9 mi no 2T23","description":"A Movida registrou preju\u00edzo l\u00edquido de R$ 17,9 milh\u00f5es no segundo trimestre de 2023. Com isso, reverteu o lucro l\u00edquido de R$ 187 mi no 2T22","robots":{"index":"index","follow":"follow","max-snippet":"max-snippet:-1","max-image-preview":"max-image-preview:large","max-video-preview":"max-video-preview:-1"},"canonical":"https:\/\/www.suno.com.br\/noticias\/movida-movi3-prejuizo-liquido-2t23-resultado\/","og_locale":"pt_BR","og_type":"article","og_title":"Movida (MOVI3) reverte lucro e tem preju\u00edzo de R$ 17,9 mi no 2T23","og_description":"A Movida registrou preju\u00edzo l\u00edquido de R$ 17,9 milh\u00f5es no segundo trimestre de 2023. Com isso, reverteu o lucro l\u00edquido de R$ 187 mi no 2T22","og_url":"https:\/\/www.suno.com.br\/noticias\/movida-movi3-prejuizo-liquido-2t23-resultado\/","og_site_name":"Suno Not\u00edcias","article_publisher":"https:\/\/facebook.com\/sunoresearch","og_image":[{"width":1200,"height":800,"url":"https:\/\/files.sunoresearch.com.br\/n\/uploads\/2022\/12\/movida-movi3.jpg","type":"image\/jpeg"}],"author":"Marco Ant\u00f4nio Lopes","twitter_card":"summary_large_image","twitter_creator":"@sunoresearch","twitter_site":"@sunoresearch","twitter_misc":{"Escrito por":"Marco Ant\u00f4nio Lopes","Est. tempo de leitura":"2 minutos"},"schema":{"@context":"https:\/\/schema.org","@graph":[{"@type":"NewsArticle","@id":"https:\/\/www.suno.com.br\/noticias\/movida-movi3-prejuizo-liquido-2t23-resultado\/#article","isPartOf":{"@id":"https:\/\/www.suno.com.br\/noticias\/movida-movi3-prejuizo-liquido-2t23-resultado\/"},"author":{"name":"Marco Ant\u00f4nio Lopes","@id":"https:\/\/www.suno.com.br\/noticias\/#\/schema\/person\/829bbe8d57f84333b966b96229c6bf5f"},"headline":"Movida (MOVI3) reverte lucro e tem preju\u00edzo de R$ 17,9 mi no 2T23","datePublished":"2023-08-09T00:07:05+00:00","dateModified":"2023-08-09T00:07:08+00:00","mainEntityOfPage":{"@id":"https:\/\/www.suno.com.br\/noticias\/movida-movi3-prejuizo-liquido-2t23-resultado\/"},"wordCount":400,"publisher":{"@id":"https:\/\/www.suno.com.br\/noticias\/#organization"},"image":{"@id":"https:\/\/www.suno.com.br\/noticias\/movida-movi3-prejuizo-liquido-2t23-resultado\/#primaryimage"},"thumbnailUrl":"https:\/\/files.sunoresearch.com.br\/n\/uploads\/2022\/12\/movida-movi3.jpg","keywords":["A\u00e7\u00f5es","Movida (MOVI3)","Resultado das empresas"],"articleSection":["Neg\u00f3cios"],"inLanguage":"pt-BR"},{"@type":"WebPage","@id":"https:\/\/www.suno.com.br\/noticias\/movida-movi3-prejuizo-liquido-2t23-resultado\/","url":"https:\/\/www.suno.com.br\/noticias\/movida-movi3-prejuizo-liquido-2t23-resultado\/","name":"Movida (MOVI3) reverte lucro e tem preju\u00edzo de R$ 17,9 mi no 2T23","isPartOf":{"@id":"https:\/\/www.suno.com.br\/noticias\/#website"},"primaryImageOfPage":{"@id":"https:\/\/www.suno.com.br\/noticias\/movida-movi3-prejuizo-liquido-2t23-resultado\/#primaryimage"},"image":{"@id":"https:\/\/www.suno.com.br\/noticias\/movida-movi3-prejuizo-liquido-2t23-resultado\/#primaryimage"},"thumbnailUrl":"https:\/\/files.sunoresearch.com.br\/n\/uploads\/2022\/12\/movida-movi3.jpg","datePublished":"2023-08-09T00:07:05+00:00","dateModified":"2023-08-09T00:07:08+00:00","description":"A Movida registrou preju\u00edzo l\u00edquido de R$ 17,9 milh\u00f5es no segundo trimestre de 2023. Com isso, reverteu o lucro l\u00edquido de R$ 187 mi no 2T22","breadcrumb":{"@id":"https:\/\/www.suno.com.br\/noticias\/movida-movi3-prejuizo-liquido-2t23-resultado\/#breadcrumb"},"inLanguage":"pt-BR","potentialAction":[{"@type":"ReadAction","target":["https:\/\/www.suno.com.br\/noticias\/movida-movi3-prejuizo-liquido-2t23-resultado\/"]}]},{"@type":"ImageObject","inLanguage":"pt-BR","@id":"https:\/\/www.suno.com.br\/noticias\/movida-movi3-prejuizo-liquido-2t23-resultado\/#primaryimage","url":"https:\/\/files.sunoresearch.com.br\/n\/uploads\/2022\/12\/movida-movi3.jpg","contentUrl":"https:\/\/files.sunoresearch.com.br\/n\/uploads\/2022\/12\/movida-movi3.jpg","width":1200,"height":800,"caption":"Movida (MOVI3). Foto: Divulga\u00e7\u00e3o"},{"@type":"BreadcrumbList","@id":"https:\/\/www.suno.com.br\/noticias\/movida-movi3-prejuizo-liquido-2t23-resultado\/#breadcrumb","itemListElement":[{"@type":"ListItem","position":1,"name":"Not\u00edcias","item":"https:\/\/www.suno.com.br\/noticias\/"},{"@type":"ListItem","position":2,"name":"Neg\u00f3cios","item":"https:\/\/www.suno.com.br\/noticias\/negocios\/"},{"@type":"ListItem","position":3,"name":"Movida (MOVI3) reverte lucro e tem preju\u00edzo de R$ 17,9 mi no 2T23"}]},{"@type":"WebSite","@id":"https:\/\/www.suno.com.br\/noticias\/#website","url":"https:\/\/www.suno.com.br\/noticias\/","name":"Suno Not\u00edcias","description":"Seu portal de informa\u00e7\u00e3o sobre o mundo dos investimentos","publisher":{"@id":"https:\/\/www.suno.com.br\/noticias\/#organization"},"potentialAction":[{"@type":"SearchAction","target":{"@type":"EntryPoint","urlTemplate":"https:\/\/www.suno.com.br\/noticias\/?s={search_term_string}"},"query-input":{"@type":"PropertyValueSpecification","valueRequired":true,"valueName":"search_term_string"}}],"inLanguage":"pt-BR"},{"@type":"Organization","@id":"https:\/\/www.suno.com.br\/noticias\/#organization","name":"Suno Not\u00edcias","url":"https:\/\/www.suno.com.br\/noticias\/","logo":{"@type":"ImageObject","inLanguage":"pt-BR","@id":"https:\/\/www.suno.com.br\/noticias\/#\/schema\/logo\/image\/","url":"https:\/\/files.sunoresearch.com.br\/n\/uploads\/2021\/09\/suno-logo.png","contentUrl":"https:\/\/files.sunoresearch.com.br\/n\/uploads\/2021\/09\/suno-logo.png","width":180,"height":180,"caption":"Suno Not\u00edcias"},"image":{"@id":"https:\/\/www.suno.com.br\/noticias\/#\/schema\/logo\/image\/"},"sameAs":["https:\/\/facebook.com\/sunoresearch","https:\/\/x.com\/sunoresearch","https:\/\/www.instagram.com\/suno","https:\/\/www.linkedin.com\/company\/suno-research\/","https:\/\/www.youtube.com\/c\/sunoresearch"]},{"@type":"Person","@id":"https:\/\/www.suno.com.br\/noticias\/#\/schema\/person\/829bbe8d57f84333b966b96229c6bf5f","name":"Marco Ant\u00f4nio Lopes","image":{"@type":"ImageObject","inLanguage":"pt-BR","@id":"https:\/\/www.suno.com.br\/noticias\/#\/schema\/person\/image\/","url":"https:\/\/secure.gravatar.com\/avatar\/385167b012fbc1cde32c5446ee253313?s=96&r=g","contentUrl":"https:\/\/secure.gravatar.com\/avatar\/385167b012fbc1cde32c5446ee253313?s=96&r=g","caption":"Marco Ant\u00f4nio Lopes"},"description":"Jornalista, \u00e9 editor no Suno Not\u00edcias. Trabalhou nas revistas Playboy, Super, Veja Comer &amp; Beber, Homem Vogue e Universo Masculino, al\u00e9m dos portais Abril.com, R7, nas editorias de Home, Esportes, Hora 7, Entretenimento e Geral, e Eu Quero Investir. Autor do livro Bruce Lee: Definitivo (Editora Conrad). Colaborou nas revistas Nova, Veja SP, Grandes Guerras, Placar, Bizz, Casa Claudia e Quatro Rodas.","url":"https:\/\/www.suno.com.br\/noticias\/author\/marco-lopes\/"}]}},"default_loop_html":"<div class=\"cardsPage__listCard__boxs\"><div class=\"cardsPage__listCard__boxs__img\"><a href=\"https:\/\/www.suno.com.br\/noticias\/movida-movi3-prejuizo-liquido-2t23-resultado\/\"><img class=\"mask\" src=\"https:\/\/www.suno.com.br\/noticias\/wp-content\/themes\/suno\/resources\/images\/spotlight\/spotlight1img\/bg-mask.png\" alt=\"Image Mask\"\/><img src=\"https:\/\/files.sunoresearch.com.br\/n\/uploads\/2022\/12\/movida-movi3-400x200.jpg\" alt=\"Movida (MOVI3) reverte lucro e tem preju\u00edzo de R$ 17,9 mi no 2T23\"\/><\/a><span class=\"spotlightCategory\"><a href=\"https:\/\/www.suno.com.br\/noticias\/negocios\/\">Neg\u00f3cios<\/a><\/span><\/div><div class=\"cardsPage__listCard__boxs__content\"><a href=\"https:\/\/www.suno.com.br\/noticias\/movida-movi3-prejuizo-liquido-2t23-resultado\/\"><h2 class=\"content__title\">Movida (MOVI3) reverte lucro e tem preju\u00edzo de R$ 17,9 mi no 2T23<\/h2><\/a><div class=\"newsContent__article__meta\"><div class=\"newsContent__article__meta__authorBox\"><a href=\"https:\/\/www.suno.com.br\/noticias\/author\/marco-lopes\/\" class=\"authorBox__avatar noMobi\"><img src=\"https:\/\/secure.gravatar.com\/avatar\/385167b012fbc1cde32c5446ee253313?s=96&#038;r=g\" alt=\"Marco Ant\u00f4nio Lopes\"><\/a><div class=\"authorBox__name\"><span>por\n\t\t\t<a href=\"https:\/\/www.suno.com.br\/noticias\/author\/marco-lopes\/\"><span itemprop=\"author\">Marco Ant\u00f4nio Lopes<\/span><\/a><\/span><time datetime=\"2023-08-08T21:07:05-03:00\" itemprop=\"datePublished\">08\/08\/2023 21:07<\/time><\/div><\/div><\/div><\/div><\/div>","single_layout":"posts","amp_enabled":true,"_links":{"self":[{"href":"https:\/\/www.suno.com.br\/noticias\/wp-json\/wp\/v2\/posts\/440045"}],"collection":[{"href":"https:\/\/www.suno.com.br\/noticias\/wp-json\/wp\/v2\/posts"}],"about":[{"href":"https:\/\/www.suno.com.br\/noticias\/wp-json\/wp\/v2\/types\/post"}],"author":[{"embeddable":true,"href":"https:\/\/www.suno.com.br\/noticias\/wp-json\/wp\/v2\/users\/98"}],"replies":[{"embeddable":true,"href":"https:\/\/www.suno.com.br\/noticias\/wp-json\/wp\/v2\/comments?post=440045"}],"version-history":[{"count":2,"href":"https:\/\/www.suno.com.br\/noticias\/wp-json\/wp\/v2\/posts\/440045\/revisions"}],"predecessor-version":[{"id":440056,"href":"https:\/\/www.suno.com.br\/noticias\/wp-json\/wp\/v2\/posts\/440045\/revisions\/440056"}],"wp:featuredmedia":[{"embeddable":true,"href":"https:\/\/www.suno.com.br\/noticias\/wp-json\/wp\/v2\/media\/337891"}],"wp:attachment":[{"href":"https:\/\/www.suno.com.br\/noticias\/wp-json\/wp\/v2\/media?parent=440045"}],"wp:term":[{"taxonomy":"category","embeddable":true,"href":"https:\/\/www.suno.com.br\/noticias\/wp-json\/wp\/v2\/categories?post=440045"},{"taxonomy":"post_tag","embeddable":true,"href":"https:\/\/www.suno.com.br\/noticias\/wp-json\/wp\/v2\/tags?post=440045"},{"taxonomy":"suno_strategy","embeddable":true,"href":"https:\/\/www.suno.com.br\/noticias\/wp-json\/wp\/v2\/suno_strategy?post=440045"}],"curies":[{"name":"wp","href":"https:\/\/api.w.org\/{rel}","templated":true}]}}