{"id":440023,"date":"2023-08-08T22:29:17","date_gmt":"2023-08-09T01:29:17","guid":{"rendered":"https:\/\/www.suno.com.br\/noticias\/?p=440023"},"modified":"2023-08-08T22:29:20","modified_gmt":"2023-08-09T01:29:20","slug":"iva-aliquota-padrao-ministerio-fazenda","status":"publish","type":"post","link":"https:\/\/www.suno.com.br\/noticias\/iva-aliquota-padrao-ministerio-fazenda\/","title":{"rendered":"IVA: al\u00edquota-padr\u00e3o ficar\u00e1 entre 25,45% e 27%, estima minist\u00e9rio da Fazenda"},"content":{"rendered":"<p>Um dos principais pontos de d\u00favida na tramita\u00e7\u00e3o da reforma tribut\u00e1ria no Senado, a al\u00edquota-padr\u00e3o do futuro Imposto sobre Valor Adicionado (<strong>IVA<\/strong>) dual ficar\u00e1 entre 25,45% e 27%, ap\u00f3s a introdu\u00e7\u00e3o de exce\u00e7\u00f5es pela C\u00e2mara dos Deputados. No entanto, a tributa\u00e7\u00e3o sobre o consumo cair\u00e1 em rela\u00e7\u00e3o aos 34,4% cobrados atualmente. O c\u00e1lculo foi apresentado nesta ter\u00e7a-feira (8) pelo Minist\u00e9rio da Fazenda.<img decoding=\"async\" style=\"width: 1px; height: 1px;\" src=\"https:\/\/agenciabrasil.ebc.com.br\/ebc.png?id=1547997&amp;o=rss\"><img decoding=\"async\" style=\"width: 1px; height: 1px;\" src=\"https:\/\/agenciabrasil.ebc.com.br\/ebc.gif?id=1547997&amp;o=rss\"><\/p>\t<div class=\"wrapper-featured-image\">\n\t\t<figure class=\"spotlightImg\">\n\n\t\t\t<picture>\n\t\t\t\t<source media=\"(max-width: 768px)\" srcset=\"https:\/\/files.sunoresearch.com.br\/n\/uploads\/2021\/05\/5e31c396-income-tax-4097292_1280-400x200.webp\">\n\t\t\t\t<img loading=\"lazy\" decoding=\"async\" class=\"newsContent__article__imgCapa lazyloadDisabled \" src=\"https:\/\/files.sunoresearch.com.br\/n\/uploads\/2021\/05\/5e31c396-income-tax-4097292_1280-800x450.webp\" width=\"800\" height=\"450\" alt=\"IVA: al\u00edquota-padr\u00e3o ficar\u00e1 entre 25,45% e 27%, estima minist\u00e9rio da Fazenda\" fetchpriority=high \/>\n\t\t\t<\/picture>\n\n\t\t\t<figcaption class=\"wp-caption-text wp-caption-text--show\">Reforma tribut\u00e1ria. Foto: Pixabay<\/figcaption>\n\t\t<\/figure>\n\t<\/div>\n\n\n\n\n\n\t<p>\n\t\t<a href=\"\" target=\"_blank\" data-element=\"shortcode-suno-banner\" title=\"Banner SUNO, clique e saiba mais\">\n\t\t\t<picture>\n\t\t\t\t<source media=\"(max-width: 500px)\" srcset=\"\">\n\t\t\t\t<img class=\"newsContent__article__imgCapa newsContent__article__imgCapa--banner\"\n\t\t\t\t\tsrc=\"\"\n\t\t\t\t\tdata-promo-id=\"240038\"\t\t\t\t\t\t\t\t\t\t\t\t\t\t\talt=\"\"\n\t\t\t\t>\n\t\t\t<\/picture>\n\t\t<\/a>\n\t<\/p>\n\n\n\n\n\n\n\n<p>O <strong>ministro da Fazenda<\/strong>, Fernando Haddad, distribuiu os c\u00e1lculos ao relator da reforma no Senado, Eduardo Braga (MDB-AM). Segundo o parlamentar, essa era uma reivindica\u00e7\u00e3o dos senadores para analisar o impacto das exce\u00e7\u00f5es inclu\u00eddas pela C\u00e2mara dos Deputados e \u201cmelhorar\u201d a proposta.<\/p>\n\n\n\n<ul class=\"wp-block-list\"><\/ul>\n\n\n\n<p>Os <strong>c\u00e1lculos do IVA<\/strong> foram realizados com base na premissa da reforma de n\u00e3o elevar a carga tribut\u00e1ria (peso dos tributos sobre a economia). Para que a arrecada\u00e7\u00e3o dos tributos sobre o consumo continue em 12,45% do Produto Interno Bruto (PIB, soma dos bens e dos servi\u00e7os produzidos), a soma das al\u00edquotas da Contribui\u00e7\u00e3o sobre Bens e Servi\u00e7os (CBS) e do Imposto sobre Bens e Servi\u00e7os (IBS) dever\u00e1 ficar na faixa estipulada pelo estudo.<\/p>\n\n\n\n<p>Foram considerados dois cen\u00e1rios: um \u201cfact\u00edvel\u201d e outro \u201cconservador\u201d. A primeira simula\u00e7\u00e3o considera uma taxa de \u201chiato de conformidade\u201d em 10%. Esse hiato representa uma medida da sonega\u00e7\u00e3o, da elis\u00e3o fiscal, da inadimpl\u00eancia e da judicializa\u00e7\u00e3o por parte dos contribuintes. O segundo cen\u00e1rio considera que esse hiato chegue a 15%.<\/p>\n\n\n\n<p>O <strong>futuro IVA<\/strong> ser\u00e1 composto pela <strong>CBS<\/strong>, que substituir\u00e1 os tributos federais sobre o consumo, e o IBS, que substituir\u00e1 os tributos estaduais e municipais. Segundo o estudo, no melhor cen\u00e1rio, a CBS corresponder\u00e1 a 8,53%, e o IBS a 16,92%, totalizando os 25,45% de al\u00edquota de IVA. Na simula\u00e7\u00e3o mais pessimista, seriam cobrados 9,05% de CBS e 17,95% de IBS.<\/p>\n\n\n\t<p>\n\t\t<a href=\"https:\/\/lp.suno.com.br\/ebook-gratuito-investindo-no-exterior\/\" target=\"_blank\" data-element=\"shortcode-suno-banner\" title=\"Banner SUNO, clique e saiba mais\">\n\t\t\t<picture>\n\t\t\t\t<source media=\"(max-width: 500px)\" srcset=\"https:\/\/files.sunoresearch.com.br\/n\/uploads\/2023\/03\/400x300-Investindo-no-exterior.png\">\n\t\t\t\t<img class=\"newsContent__article__imgCapa newsContent__article__imgCapa--banner\"\n\t\t\t\t\tsrc=\"https:\/\/files.sunoresearch.com.br\/n\/uploads\/2023\/03\/1420x240-Investindo-no-exterior.png\"\n\t\t\t\t\tdata-promo-id=\"383161\"\t\t\t\t\t\t\t\t\t\twidth='1420' height='240'\t\t\t\t\talt=\"https:\/\/files.sunoresearch.com.br\/n\/uploads\/2023\/03\/1420x240-Investindo-no-exterior.png\"\n\t\t\t\t>\n\t\t\t<\/picture>\n\t\t<\/a>\n\t<\/p>\n\n\n\n\n\n<h2 class=\"wp-block-heading\">IVA e a tributa\u00e7\u00e3o atual<\/h2>\n\n\n\n<p>A al\u00edquota de 27%, apresentada no pior cen\u00e1rio, equivaleria ao que \u00e9 cobrado na Hungria, pa\u00eds da Organiza\u00e7\u00e3o para a Coopera\u00e7\u00e3o e Desenvolvimento Econ\u00f4mico (OCDE) com o<strong> IVA mais alto<\/strong>. No entanto, esse percentual seria inferior aos 34,4% cobrados atualmente em tributos sobre o consumo.<\/p>\n\n\n\n<p>Hoje, o consumidor paga 9,25% de Programa de Integra\u00e7\u00e3o Social (<strong>PIS<\/strong>) e Contribui\u00e7\u00e3o para o Financiamento da Seguridade Social (Cofins), mais 18%, em m\u00e9dia, de Imposto sobre a Circula\u00e7\u00e3o de Mercadorias e Servi\u00e7os (ICMS). A soma equivale a 27,25% no conceito de tributa\u00e7\u00e3o \u201cpor dentro\u201d, que leva em conta os tributos no pre\u00e7o final.<\/p>\n\n\n\n<p>No entanto, se for considera a tributa\u00e7\u00e3o \u201cpor fora\u201d, par\u00e2metro aceito internacionalmente, que calcula o peso dos tributos sobre o pre\u00e7o inicial (sem tributa\u00e7\u00e3o), a al\u00edquota atual efetiva sobe para 34,4% &#8211; 24,2% de ICMS e 10,2% de PIS\/Cofins.<\/p>\n\n\n\n<h2 class=\"wp-block-heading\">Al\u00edquota-padr\u00e3o do IVA: exce\u00e7\u00f5es<\/h2>\n\n\n\n<p>As exce\u00e7\u00f5es inclu\u00eddas pela<strong> C\u00e2mara dos Deputado<\/strong>s elevar\u00e3o a <strong>al\u00edquota-padr\u00e3o do IVA<\/strong> de 4,72 a 4,98 pontos percentuais, segundo o estudo. Isso ocorre porque, ao dar tratamentos especiais para determinados setores da economia, os demais segmentos dever\u00e3o pagar al\u00edquotas mais altas para que o governo arrecade o mesmo.<\/p>\n\n\n\n<p>Sem as exce\u00e7\u00f5es inseridas pelos deputados, a al\u00edquota-padr\u00e3o de IVA corresponderia a 20,73% no cen\u00e1rio \u201cfact\u00edvel\u201d e a 22,02% no cen\u00e1rio \u201cconservador\u201d. Na primeira hip\u00f3tese, a CBS cairia para 6,95%, e o IBS para 13,78%. O segundo caso prev\u00ea CBS de 7,38% e IBS de 14,64%.<\/p>\n\n\n\n<p>Essas al\u00edquotas menores contemplam poucos setores com tratamentos diferenciados, exceto a manuten\u00e7\u00e3o do Simples Nacional e do regime especial para a Zona Franca de Manaus. Esse cen\u00e1rio tamb\u00e9m considera setores que s\u00e3o tributados de forma diferente por crit\u00e9rios t\u00e9cnicos aceitos internacionalmente, como combust\u00edveis e lubrificantes, servi\u00e7os financeiros, opera\u00e7\u00f5es com bens im\u00f3veis, planos de assist\u00eancia \u00e0 sa\u00fade, loterias, opera\u00e7\u00f5es de sociedades cooperativas e compras governamentais.<\/p>\n\n\n\n<h2 class=\"wp-block-heading\">Impactos<\/h2>\n\n\n\n<p>O estudo sobre o IVA tamb\u00e9m mediu o peso das exce\u00e7\u00f5es \u00e0 regra geral. A redu\u00e7\u00e3o da al\u00edquota em 50% para a agropecu\u00e1ria e a cesta b\u00e1sica acrescentar\u00e1 de 1,67 a 1,79 ponto percentual \u00e0 al\u00edquota-padr\u00e3o. A al\u00edquota reduzida em 50% para servi\u00e7os de sa\u00fade eleva o IVA padr\u00e3o de 0,62 a 0,63 ponto percentual. No caso da educa\u00e7\u00e3o privada, que tamb\u00e9m recebeu o benef\u00edcio de pagar metade da al\u00edquota, o aumento para os demais setores corresponde a 0,32 ponto percentual nos dois cen\u00e1rios.<\/p>\n\n\n\n<p>Todos os setores que haviam sido beneficiados com a redu\u00e7\u00e3o de 50% das al\u00edquotas no primeiro relat\u00f3rio da reforma tribut\u00e1ria tiveram as al\u00edquotas diminu\u00eddas para 40% durante a vota\u00e7\u00e3o no plen\u00e1rio da C\u00e2mara. Isso acarretar\u00e1 de 0,73 a 0,77 ponto percentual extra ao IVA padr\u00e3o.<\/p>\n\n\n\n<p>A desonera\u00e7\u00e3o total para itens da cesta b\u00e1sica nacional, que depender\u00e1 de lei complementar, provocar\u00e1 o acr\u00e9scimo de 0,67 a 0,70 ponto percentual na al\u00edquota-padr\u00e3o final. As demais exce\u00e7\u00f5es inclu\u00eddas de \u00faltima hora, como benef\u00edcios para igrejas e clubes de futebol, ter\u00e3o impacto de 0,35 a 0,38 ponto sobre o <strong>IVA<\/strong> dos setores sem tratamento favorecido.<\/p>\n\n\n\n<p><em>Com Ag\u00eancia Brasil<\/em><\/p>\n\n\n\t<p>\n\t\t<a href=\"https:\/\/lp.suno.com.br\/planilha-da-vida-financeira\/\" target=\"_blank\" data-element=\"shortcode-suno-banner\" title=\"Banner SUNO, clique e saiba mais\">\n\t\t\t<picture>\n\t\t\t\t<source media=\"(max-width: 500px)\" srcset=\"https:\/\/files.sunoresearch.com.br\/n\/uploads\/2023\/04\/400x300-Planilha-vida-financeira-true.png\">\n\t\t\t\t<img class=\"newsContent__article__imgCapa newsContent__article__imgCapa--banner\"\n\t\t\t\t\tsrc=\"https:\/\/files.sunoresearch.com.br\/n\/uploads\/2023\/04\/1420x240-Planilha-vida-financeira-true.png\"\n\t\t\t\t\tdata-promo-id=\"383123\"\t\t\t\t\t\t\t\t\t\twidth='1420' height='240'\t\t\t\t\talt=\"https:\/\/files.sunoresearch.com.br\/n\/uploads\/2023\/04\/1420x240-Planilha-vida-financeira-true.png\"\n\t\t\t\t>\n\t\t\t<\/picture>\n\t\t<\/a>\n\t<\/p>\n\n\n","protected":false},"excerpt":{"rendered":"<p>Um dos principais pontos de d\u00favida na tramita\u00e7\u00e3o da reforma tribut\u00e1ria no Senado, a al\u00edquota-padr\u00e3o do futuro Imposto sobre Valor Adicionado (IVA) dual ficar\u00e1 entre 25,45% e 27%, ap\u00f3s a introdu\u00e7\u00e3o de exce\u00e7\u00f5es pela C\u00e2mara dos Deputados. No entanto, a tributa\u00e7\u00e3o sobre o consumo cair\u00e1 em rela\u00e7\u00e3o aos 34,4% cobrados atualmente. O c\u00e1lculo foi apresentado [&hellip;]<\/p>\n","protected":false},"author":43,"featured_media":152759,"comment_status":"closed","ping_status":"closed","sticky":false,"template":"","format":"standard","meta":[],"categories":[62],"tags":[704,1286],"suno_strategy":[],"class_list":["post-440023","post","type-post","status-publish","format-standard","has-post-thumbnail","hentry","category-economia","tag-impostos","tag-reforma-tributaria"],"yoast_head":"<!-- This site is optimized with the Yoast SEO plugin v24.4 - https:\/\/yoast.com\/wordpress\/plugins\/seo\/ -->\n<title>IVA: al\u00edquota-padr\u00e3o ficar\u00e1 entre 25,45% e 27%, diz governo<\/title>\n<meta name=\"description\" content=\"A al\u00edquota-padr\u00e3o do futuro Imposto sobre Valor Adicionado (IVA) dual ficar\u00e1 entre 25,45% e 27%, ap\u00f3s a introdu\u00e7\u00e3o de exce\u00e7\u00f5es pela C\u00e2mara\" \/>\n<meta name=\"robots\" content=\"index, follow, max-snippet:-1, max-image-preview:large, max-video-preview:-1\" \/>\n<link rel=\"canonical\" href=\"https:\/\/www.suno.com.br\/noticias\/iva-aliquota-padrao-ministerio-fazenda\/\" \/>\n<meta property=\"og:locale\" content=\"pt_BR\" \/>\n<meta property=\"og:type\" content=\"article\" \/>\n<meta property=\"og:title\" content=\"IVA: al\u00edquota-padr\u00e3o ficar\u00e1 entre 25,45% e 27%, diz governo\" \/>\n<meta property=\"og:description\" content=\"A al\u00edquota-padr\u00e3o do futuro Imposto sobre Valor Adicionado (IVA) dual ficar\u00e1 entre 25,45% e 27%, ap\u00f3s a introdu\u00e7\u00e3o de exce\u00e7\u00f5es pela C\u00e2mara\" \/>\n<meta property=\"og:url\" content=\"https:\/\/www.suno.com.br\/noticias\/iva-aliquota-padrao-ministerio-fazenda\/\" \/>\n<meta property=\"og:site_name\" content=\"Suno Not\u00edcias\" \/>\n<meta property=\"article:publisher\" content=\"https:\/\/facebook.com\/sunoresearch\" \/>\n<meta property=\"article:author\" content=\"https:\/\/www.facebook.com\/sunonoticias\/\" \/>\n<meta property=\"og:image\" content=\"https:\/\/files.sunoresearch.com.br\/n\/uploads\/2021\/05\/5e31c396-income-tax-4097292_1280.jpg\" \/>\n\t<meta property=\"og:image:width\" content=\"1280\" \/>\n\t<meta property=\"og:image:height\" content=\"853\" \/>\n\t<meta property=\"og:image:type\" content=\"image\/jpeg\" \/>\n<meta name=\"author\" content=\"Reda\u00e7\u00e3o Suno Not\u00edcias\" \/>\n<meta name=\"twitter:card\" content=\"summary_large_image\" \/>\n<meta name=\"twitter:creator\" content=\"@https:\/\/twitter.com\/sunoresearch\" \/>\n<meta name=\"twitter:site\" content=\"@sunoresearch\" \/>\n<meta name=\"twitter:label1\" content=\"Escrito por\" \/>\n\t<meta name=\"twitter:data1\" content=\"Reda\u00e7\u00e3o Suno Not\u00edcias\" \/>\n\t<meta name=\"twitter:label2\" content=\"Est. tempo de leitura\" \/>\n\t<meta name=\"twitter:data2\" content=\"5 minutos\" \/>\n<script type=\"application\/ld+json\" class=\"yoast-schema-graph\">{\"@context\":\"https:\/\/schema.org\",\"@graph\":[{\"@type\":\"NewsArticle\",\"@id\":\"https:\/\/www.suno.com.br\/noticias\/iva-aliquota-padrao-ministerio-fazenda\/#article\",\"isPartOf\":{\"@id\":\"https:\/\/www.suno.com.br\/noticias\/iva-aliquota-padrao-ministerio-fazenda\/\"},\"author\":{\"name\":\"Reda\u00e7\u00e3o Suno Not\u00edcias\",\"@id\":\"https:\/\/www.suno.com.br\/noticias\/#\/schema\/person\/c1b1bd3727fa852bd045e9dbff3673ea\"},\"headline\":\"IVA: al\u00edquota-padr\u00e3o ficar\u00e1 entre 25,45% e 27%, estima minist\u00e9rio da Fazenda\",\"datePublished\":\"2023-08-09T01:29:17+00:00\",\"dateModified\":\"2023-08-09T01:29:20+00:00\",\"mainEntityOfPage\":{\"@id\":\"https:\/\/www.suno.com.br\/noticias\/iva-aliquota-padrao-ministerio-fazenda\/\"},\"wordCount\":885,\"publisher\":{\"@id\":\"https:\/\/www.suno.com.br\/noticias\/#organization\"},\"image\":{\"@id\":\"https:\/\/www.suno.com.br\/noticias\/iva-aliquota-padrao-ministerio-fazenda\/#primaryimage\"},\"thumbnailUrl\":\"https:\/\/files.sunoresearch.com.br\/n\/uploads\/2021\/05\/5e31c396-income-tax-4097292_1280-jpg.webp\",\"keywords\":[\"impostos\",\"reforma tribut\u00e1ria\"],\"articleSection\":[\"Economia\"],\"inLanguage\":\"pt-BR\"},{\"@type\":\"WebPage\",\"@id\":\"https:\/\/www.suno.com.br\/noticias\/iva-aliquota-padrao-ministerio-fazenda\/\",\"url\":\"https:\/\/www.suno.com.br\/noticias\/iva-aliquota-padrao-ministerio-fazenda\/\",\"name\":\"IVA: al\u00edquota-padr\u00e3o ficar\u00e1 entre 25,45% e 27%, diz governo\",\"isPartOf\":{\"@id\":\"https:\/\/www.suno.com.br\/noticias\/#website\"},\"primaryImageOfPage\":{\"@id\":\"https:\/\/www.suno.com.br\/noticias\/iva-aliquota-padrao-ministerio-fazenda\/#primaryimage\"},\"image\":{\"@id\":\"https:\/\/www.suno.com.br\/noticias\/iva-aliquota-padrao-ministerio-fazenda\/#primaryimage\"},\"thumbnailUrl\":\"https:\/\/files.sunoresearch.com.br\/n\/uploads\/2021\/05\/5e31c396-income-tax-4097292_1280-jpg.webp\",\"datePublished\":\"2023-08-09T01:29:17+00:00\",\"dateModified\":\"2023-08-09T01:29:20+00:00\",\"description\":\"A al\u00edquota-padr\u00e3o do futuro Imposto sobre Valor Adicionado (IVA) dual ficar\u00e1 entre 25,45% e 27%, ap\u00f3s a introdu\u00e7\u00e3o de exce\u00e7\u00f5es pela C\u00e2mara\",\"breadcrumb\":{\"@id\":\"https:\/\/www.suno.com.br\/noticias\/iva-aliquota-padrao-ministerio-fazenda\/#breadcrumb\"},\"inLanguage\":\"pt-BR\",\"potentialAction\":[{\"@type\":\"ReadAction\",\"target\":[\"https:\/\/www.suno.com.br\/noticias\/iva-aliquota-padrao-ministerio-fazenda\/\"]}]},{\"@type\":\"ImageObject\",\"inLanguage\":\"pt-BR\",\"@id\":\"https:\/\/www.suno.com.br\/noticias\/iva-aliquota-padrao-ministerio-fazenda\/#primaryimage\",\"url\":\"https:\/\/files.sunoresearch.com.br\/n\/uploads\/2021\/05\/5e31c396-income-tax-4097292_1280-jpg.webp\",\"contentUrl\":\"https:\/\/files.sunoresearch.com.br\/n\/uploads\/2021\/05\/5e31c396-income-tax-4097292_1280-jpg.webp\",\"width\":1280,\"height\":853,\"caption\":\"Reforma tribut\u00e1ria. Foto: Pixabay\"},{\"@type\":\"BreadcrumbList\",\"@id\":\"https:\/\/www.suno.com.br\/noticias\/iva-aliquota-padrao-ministerio-fazenda\/#breadcrumb\",\"itemListElement\":[{\"@type\":\"ListItem\",\"position\":1,\"name\":\"Not\u00edcias\",\"item\":\"https:\/\/www.suno.com.br\/noticias\/\"},{\"@type\":\"ListItem\",\"position\":2,\"name\":\"Economia\",\"item\":\"https:\/\/www.suno.com.br\/noticias\/economia\/\"},{\"@type\":\"ListItem\",\"position\":3,\"name\":\"IVA: al\u00edquota-padr\u00e3o ficar\u00e1 entre 25,45% e 27%, estima minist\u00e9rio da Fazenda\"}]},{\"@type\":\"WebSite\",\"@id\":\"https:\/\/www.suno.com.br\/noticias\/#website\",\"url\":\"https:\/\/www.suno.com.br\/noticias\/\",\"name\":\"Suno Not\u00edcias\",\"description\":\"Seu portal de informa\u00e7\u00e3o sobre o mundo dos investimentos\",\"publisher\":{\"@id\":\"https:\/\/www.suno.com.br\/noticias\/#organization\"},\"potentialAction\":[{\"@type\":\"SearchAction\",\"target\":{\"@type\":\"EntryPoint\",\"urlTemplate\":\"https:\/\/www.suno.com.br\/noticias\/?s={search_term_string}\"},\"query-input\":{\"@type\":\"PropertyValueSpecification\",\"valueRequired\":true,\"valueName\":\"search_term_string\"}}],\"inLanguage\":\"pt-BR\"},{\"@type\":\"Organization\",\"@id\":\"https:\/\/www.suno.com.br\/noticias\/#organization\",\"name\":\"Suno Not\u00edcias\",\"url\":\"https:\/\/www.suno.com.br\/noticias\/\",\"logo\":{\"@type\":\"ImageObject\",\"inLanguage\":\"pt-BR\",\"@id\":\"https:\/\/www.suno.com.br\/noticias\/#\/schema\/logo\/image\/\",\"url\":\"https:\/\/files.sunoresearch.com.br\/n\/uploads\/2021\/09\/suno-logo.png\",\"contentUrl\":\"https:\/\/files.sunoresearch.com.br\/n\/uploads\/2021\/09\/suno-logo.png\",\"width\":180,\"height\":180,\"caption\":\"Suno Not\u00edcias\"},\"image\":{\"@id\":\"https:\/\/www.suno.com.br\/noticias\/#\/schema\/logo\/image\/\"},\"sameAs\":[\"https:\/\/facebook.com\/sunoresearch\",\"https:\/\/x.com\/sunoresearch\",\"https:\/\/www.instagram.com\/suno\",\"https:\/\/www.linkedin.com\/company\/suno-research\/\",\"https:\/\/www.youtube.com\/c\/sunoresearch\"]},{\"@type\":\"Person\",\"@id\":\"https:\/\/www.suno.com.br\/noticias\/#\/schema\/person\/c1b1bd3727fa852bd045e9dbff3673ea\",\"name\":\"Reda\u00e7\u00e3o Suno Not\u00edcias\",\"image\":{\"@type\":\"ImageObject\",\"inLanguage\":\"pt-BR\",\"@id\":\"https:\/\/www.suno.com.br\/noticias\/#\/schema\/person\/image\/\",\"url\":\"https:\/\/secure.gravatar.com\/avatar\/b8104b9b5a71985d5238ee59fbe418af?s=96&r=g\",\"contentUrl\":\"https:\/\/secure.gravatar.com\/avatar\/b8104b9b5a71985d5238ee59fbe418af?s=96&r=g\",\"caption\":\"Reda\u00e7\u00e3o Suno Not\u00edcias\"},\"description\":\"O Suno Not\u00edcias \u00e9 um portal de informa\u00e7\u00f5es sobre Mercado Financeiro, Pol\u00edtica, Neg\u00f3cios, Economia e Finan\u00e7as Pessoais.\",\"sameAs\":[\"https:\/\/www.suno.com.br\/noticias\",\"https:\/\/www.facebook.com\/sunonoticias\/\",\"https:\/\/www.instagram.com\/sunonoticias\/\",\"https:\/\/x.com\/https:\/\/twitter.com\/sunoresearch\",\"https:\/\/www.youtube.com\/sunonoticias\"],\"url\":\"https:\/\/www.suno.com.br\/noticias\/author\/redacao-suno\/\"}]}<\/script>\n<!-- \/ Yoast SEO plugin. -->","yoast_head_json":{"title":"IVA: al\u00edquota-padr\u00e3o ficar\u00e1 entre 25,45% e 27%, diz governo","description":"A al\u00edquota-padr\u00e3o do futuro Imposto sobre Valor Adicionado (IVA) dual ficar\u00e1 entre 25,45% e 27%, ap\u00f3s a introdu\u00e7\u00e3o de exce\u00e7\u00f5es pela C\u00e2mara","robots":{"index":"index","follow":"follow","max-snippet":"max-snippet:-1","max-image-preview":"max-image-preview:large","max-video-preview":"max-video-preview:-1"},"canonical":"https:\/\/www.suno.com.br\/noticias\/iva-aliquota-padrao-ministerio-fazenda\/","og_locale":"pt_BR","og_type":"article","og_title":"IVA: al\u00edquota-padr\u00e3o ficar\u00e1 entre 25,45% e 27%, diz governo","og_description":"A al\u00edquota-padr\u00e3o do futuro Imposto sobre Valor Adicionado (IVA) dual ficar\u00e1 entre 25,45% e 27%, ap\u00f3s a introdu\u00e7\u00e3o de exce\u00e7\u00f5es pela C\u00e2mara","og_url":"https:\/\/www.suno.com.br\/noticias\/iva-aliquota-padrao-ministerio-fazenda\/","og_site_name":"Suno Not\u00edcias","article_publisher":"https:\/\/facebook.com\/sunoresearch","article_author":"https:\/\/www.facebook.com\/sunonoticias\/","og_image":[{"width":1280,"height":853,"url":"https:\/\/files.sunoresearch.com.br\/n\/uploads\/2021\/05\/5e31c396-income-tax-4097292_1280.jpg","type":"image\/jpeg"}],"author":"Reda\u00e7\u00e3o Suno Not\u00edcias","twitter_card":"summary_large_image","twitter_creator":"@https:\/\/twitter.com\/sunoresearch","twitter_site":"@sunoresearch","twitter_misc":{"Escrito por":"Reda\u00e7\u00e3o Suno Not\u00edcias","Est. tempo de leitura":"5 minutos"},"schema":{"@context":"https:\/\/schema.org","@graph":[{"@type":"NewsArticle","@id":"https:\/\/www.suno.com.br\/noticias\/iva-aliquota-padrao-ministerio-fazenda\/#article","isPartOf":{"@id":"https:\/\/www.suno.com.br\/noticias\/iva-aliquota-padrao-ministerio-fazenda\/"},"author":{"name":"Reda\u00e7\u00e3o Suno Not\u00edcias","@id":"https:\/\/www.suno.com.br\/noticias\/#\/schema\/person\/c1b1bd3727fa852bd045e9dbff3673ea"},"headline":"IVA: al\u00edquota-padr\u00e3o ficar\u00e1 entre 25,45% e 27%, estima minist\u00e9rio da Fazenda","datePublished":"2023-08-09T01:29:17+00:00","dateModified":"2023-08-09T01:29:20+00:00","mainEntityOfPage":{"@id":"https:\/\/www.suno.com.br\/noticias\/iva-aliquota-padrao-ministerio-fazenda\/"},"wordCount":885,"publisher":{"@id":"https:\/\/www.suno.com.br\/noticias\/#organization"},"image":{"@id":"https:\/\/www.suno.com.br\/noticias\/iva-aliquota-padrao-ministerio-fazenda\/#primaryimage"},"thumbnailUrl":"https:\/\/files.sunoresearch.com.br\/n\/uploads\/2021\/05\/5e31c396-income-tax-4097292_1280-jpg.webp","keywords":["impostos","reforma tribut\u00e1ria"],"articleSection":["Economia"],"inLanguage":"pt-BR"},{"@type":"WebPage","@id":"https:\/\/www.suno.com.br\/noticias\/iva-aliquota-padrao-ministerio-fazenda\/","url":"https:\/\/www.suno.com.br\/noticias\/iva-aliquota-padrao-ministerio-fazenda\/","name":"IVA: al\u00edquota-padr\u00e3o ficar\u00e1 entre 25,45% e 27%, diz governo","isPartOf":{"@id":"https:\/\/www.suno.com.br\/noticias\/#website"},"primaryImageOfPage":{"@id":"https:\/\/www.suno.com.br\/noticias\/iva-aliquota-padrao-ministerio-fazenda\/#primaryimage"},"image":{"@id":"https:\/\/www.suno.com.br\/noticias\/iva-aliquota-padrao-ministerio-fazenda\/#primaryimage"},"thumbnailUrl":"https:\/\/files.sunoresearch.com.br\/n\/uploads\/2021\/05\/5e31c396-income-tax-4097292_1280-jpg.webp","datePublished":"2023-08-09T01:29:17+00:00","dateModified":"2023-08-09T01:29:20+00:00","description":"A al\u00edquota-padr\u00e3o do futuro Imposto sobre Valor Adicionado (IVA) dual ficar\u00e1 entre 25,45% e 27%, ap\u00f3s a introdu\u00e7\u00e3o de exce\u00e7\u00f5es pela C\u00e2mara","breadcrumb":{"@id":"https:\/\/www.suno.com.br\/noticias\/iva-aliquota-padrao-ministerio-fazenda\/#breadcrumb"},"inLanguage":"pt-BR","potentialAction":[{"@type":"ReadAction","target":["https:\/\/www.suno.com.br\/noticias\/iva-aliquota-padrao-ministerio-fazenda\/"]}]},{"@type":"ImageObject","inLanguage":"pt-BR","@id":"https:\/\/www.suno.com.br\/noticias\/iva-aliquota-padrao-ministerio-fazenda\/#primaryimage","url":"https:\/\/files.sunoresearch.com.br\/n\/uploads\/2021\/05\/5e31c396-income-tax-4097292_1280-jpg.webp","contentUrl":"https:\/\/files.sunoresearch.com.br\/n\/uploads\/2021\/05\/5e31c396-income-tax-4097292_1280-jpg.webp","width":1280,"height":853,"caption":"Reforma tribut\u00e1ria. Foto: Pixabay"},{"@type":"BreadcrumbList","@id":"https:\/\/www.suno.com.br\/noticias\/iva-aliquota-padrao-ministerio-fazenda\/#breadcrumb","itemListElement":[{"@type":"ListItem","position":1,"name":"Not\u00edcias","item":"https:\/\/www.suno.com.br\/noticias\/"},{"@type":"ListItem","position":2,"name":"Economia","item":"https:\/\/www.suno.com.br\/noticias\/economia\/"},{"@type":"ListItem","position":3,"name":"IVA: al\u00edquota-padr\u00e3o ficar\u00e1 entre 25,45% e 27%, estima minist\u00e9rio da Fazenda"}]},{"@type":"WebSite","@id":"https:\/\/www.suno.com.br\/noticias\/#website","url":"https:\/\/www.suno.com.br\/noticias\/","name":"Suno Not\u00edcias","description":"Seu portal de informa\u00e7\u00e3o sobre o mundo dos investimentos","publisher":{"@id":"https:\/\/www.suno.com.br\/noticias\/#organization"},"potentialAction":[{"@type":"SearchAction","target":{"@type":"EntryPoint","urlTemplate":"https:\/\/www.suno.com.br\/noticias\/?s={search_term_string}"},"query-input":{"@type":"PropertyValueSpecification","valueRequired":true,"valueName":"search_term_string"}}],"inLanguage":"pt-BR"},{"@type":"Organization","@id":"https:\/\/www.suno.com.br\/noticias\/#organization","name":"Suno Not\u00edcias","url":"https:\/\/www.suno.com.br\/noticias\/","logo":{"@type":"ImageObject","inLanguage":"pt-BR","@id":"https:\/\/www.suno.com.br\/noticias\/#\/schema\/logo\/image\/","url":"https:\/\/files.sunoresearch.com.br\/n\/uploads\/2021\/09\/suno-logo.png","contentUrl":"https:\/\/files.sunoresearch.com.br\/n\/uploads\/2021\/09\/suno-logo.png","width":180,"height":180,"caption":"Suno Not\u00edcias"},"image":{"@id":"https:\/\/www.suno.com.br\/noticias\/#\/schema\/logo\/image\/"},"sameAs":["https:\/\/facebook.com\/sunoresearch","https:\/\/x.com\/sunoresearch","https:\/\/www.instagram.com\/suno","https:\/\/www.linkedin.com\/company\/suno-research\/","https:\/\/www.youtube.com\/c\/sunoresearch"]},{"@type":"Person","@id":"https:\/\/www.suno.com.br\/noticias\/#\/schema\/person\/c1b1bd3727fa852bd045e9dbff3673ea","name":"Reda\u00e7\u00e3o Suno Not\u00edcias","image":{"@type":"ImageObject","inLanguage":"pt-BR","@id":"https:\/\/www.suno.com.br\/noticias\/#\/schema\/person\/image\/","url":"https:\/\/secure.gravatar.com\/avatar\/b8104b9b5a71985d5238ee59fbe418af?s=96&r=g","contentUrl":"https:\/\/secure.gravatar.com\/avatar\/b8104b9b5a71985d5238ee59fbe418af?s=96&r=g","caption":"Reda\u00e7\u00e3o Suno Not\u00edcias"},"description":"O Suno Not\u00edcias \u00e9 um portal de informa\u00e7\u00f5es sobre Mercado Financeiro, Pol\u00edtica, Neg\u00f3cios, Economia e Finan\u00e7as Pessoais.","sameAs":["https:\/\/www.suno.com.br\/noticias","https:\/\/www.facebook.com\/sunonoticias\/","https:\/\/www.instagram.com\/sunonoticias\/","https:\/\/x.com\/https:\/\/twitter.com\/sunoresearch","https:\/\/www.youtube.com\/sunonoticias"],"url":"https:\/\/www.suno.com.br\/noticias\/author\/redacao-suno\/"}]}},"default_loop_html":"<div class=\"cardsPage__listCard__boxs\"><div class=\"cardsPage__listCard__boxs__img\"><a href=\"https:\/\/www.suno.com.br\/noticias\/iva-aliquota-padrao-ministerio-fazenda\/\"><img class=\"mask\" src=\"https:\/\/www.suno.com.br\/noticias\/wp-content\/themes\/suno\/resources\/images\/spotlight\/spotlight1img\/bg-mask.png\" alt=\"Image Mask\"\/><img src=\"https:\/\/files.sunoresearch.com.br\/n\/uploads\/2021\/05\/5e31c396-income-tax-4097292_1280-400x200.webp\" alt=\"IVA: al\u00edquota-padr\u00e3o ficar\u00e1 entre 25,45% e 27%, estima minist\u00e9rio da Fazenda\"\/><\/a><span class=\"spotlightCategory\"><a href=\"https:\/\/www.suno.com.br\/noticias\/economia\/\">Economia<\/a><\/span><\/div><div class=\"cardsPage__listCard__boxs__content\"><a href=\"https:\/\/www.suno.com.br\/noticias\/iva-aliquota-padrao-ministerio-fazenda\/\"><h2 class=\"content__title\">IVA: al\u00edquota-padr\u00e3o ficar\u00e1 entre 25,45% e 27%, estima minist\u00e9rio da Fazenda<\/h2><\/a><div class=\"newsContent__article__meta\"><div class=\"newsContent__article__meta__authorBox\"><a href=\"https:\/\/www.suno.com.br\/noticias\/author\/redacao-suno\/\" class=\"authorBox__avatar noMobi\"><img src=\"https:\/\/files.sunoresearch.com.br\/n\/uploads\/2020\/08\/0ace682d-redacao-1-150x150.webp\" alt=\"Reda\u00e7\u00e3o Suno Not\u00edcias\"><\/a><div class=\"authorBox__name\"><span>por\n\t\t\t<a href=\"https:\/\/www.suno.com.br\/noticias\/author\/redacao-suno\/\"><span itemprop=\"author\">Reda\u00e7\u00e3o Suno Not\u00edcias<\/span><\/a><\/span><time datetime=\"2023-08-08T22:29:17-03:00\" itemprop=\"datePublished\">08\/08\/2023 22:29<\/time><\/div><\/div><\/div><\/div><\/div>","single_layout":"posts","amp_enabled":true,"_links":{"self":[{"href":"https:\/\/www.suno.com.br\/noticias\/wp-json\/wp\/v2\/posts\/440023"}],"collection":[{"href":"https:\/\/www.suno.com.br\/noticias\/wp-json\/wp\/v2\/posts"}],"about":[{"href":"https:\/\/www.suno.com.br\/noticias\/wp-json\/wp\/v2\/types\/post"}],"author":[{"embeddable":true,"href":"https:\/\/www.suno.com.br\/noticias\/wp-json\/wp\/v2\/users\/43"}],"replies":[{"embeddable":true,"href":"https:\/\/www.suno.com.br\/noticias\/wp-json\/wp\/v2\/comments?post=440023"}],"version-history":[{"count":2,"href":"https:\/\/www.suno.com.br\/noticias\/wp-json\/wp\/v2\/posts\/440023\/revisions"}],"predecessor-version":[{"id":440083,"href":"https:\/\/www.suno.com.br\/noticias\/wp-json\/wp\/v2\/posts\/440023\/revisions\/440083"}],"wp:featuredmedia":[{"embeddable":true,"href":"https:\/\/www.suno.com.br\/noticias\/wp-json\/wp\/v2\/media\/152759"}],"wp:attachment":[{"href":"https:\/\/www.suno.com.br\/noticias\/wp-json\/wp\/v2\/media?parent=440023"}],"wp:term":[{"taxonomy":"category","embeddable":true,"href":"https:\/\/www.suno.com.br\/noticias\/wp-json\/wp\/v2\/categories?post=440023"},{"taxonomy":"post_tag","embeddable":true,"href":"https:\/\/www.suno.com.br\/noticias\/wp-json\/wp\/v2\/tags?post=440023"},{"taxonomy":"suno_strategy","embeddable":true,"href":"https:\/\/www.suno.com.br\/noticias\/wp-json\/wp\/v2\/suno_strategy?post=440023"}],"curies":[{"name":"wp","href":"https:\/\/api.w.org\/{rel}","templated":true}]}}