{"id":439788,"date":"2023-08-08T17:15:30","date_gmt":"2023-08-08T20:15:30","guid":{"rendered":"https:\/\/www.suno.com.br\/noticias\/?p=439788"},"modified":"2023-08-08T17:19:57","modified_gmt":"2023-08-08T20:19:57","slug":"selic-baixa-xp-recomenda-fundos-credito-privado-gb","status":"publish","type":"post","link":"https:\/\/www.suno.com.br\/noticias\/selic-baixa-xp-recomenda-fundos-credito-privado-gb\/","title":{"rendered":"Com Selic mais baixa, XP recomenda aumentar parcela em fundos de cr\u00e9dito privado"},"content":{"rendered":"<p>Em relat\u00f3rio publicado na \u00faltima ter\u00e7a-feira (1), a XP recomenda aumentar a parcela de investimentos em <strong><a href=\"https:\/\/www.suno.com.br\/artigos\/fundo-de-credito\/\">fundos de cr\u00e9dito privado<\/a><\/strong>.<\/p>\t<div class=\"wrapper-featured-image\">\n\t\t<figure class=\"spotlightImg\">\n\n\t\t\t<picture>\n\t\t\t\t<source media=\"(max-width: 768px)\" srcset=\"https:\/\/files.sunoresearch.com.br\/n\/uploads\/2023\/05\/fundos-fiis-400x200.jpg\">\n\t\t\t\t<img loading=\"lazy\" decoding=\"async\" class=\"newsContent__article__imgCapa lazyloadDisabled \" src=\"https:\/\/files.sunoresearch.com.br\/n\/uploads\/2023\/05\/fundos-fiis-800x450.jpg\" width=\"800\" height=\"450\" alt=\"Com Selic mais baixa, XP recomenda aumentar parcela em fundos de cr\u00e9dito privado\" fetchpriority=high \/>\n\t\t\t<\/picture>\n\n\t\t\t<figcaption class=\"wp-caption-text wp-caption-text--show\">Investimentos. Foto: iStock <\/figcaption>\n\t\t<\/figure>\n\t<\/div>\n\n\n\n\n\n\t<p>\n\t\t<a href=\"\" target=\"_blank\" data-element=\"shortcode-suno-banner\" title=\"Banner SUNO, clique e saiba mais\">\n\t\t\t<picture>\n\t\t\t\t<source media=\"(max-width: 500px)\" srcset=\"\">\n\t\t\t\t<img class=\"newsContent__article__imgCapa newsContent__article__imgCapa--banner\"\n\t\t\t\t\tsrc=\"\"\n\t\t\t\t\tdata-promo-id=\"240038\"\t\t\t\t\t\t\t\t\t\t\t\t\t\t\talt=\"\"\n\t\t\t\t>\n\t\t\t<\/picture>\n\t\t<\/a>\n\t<\/p>\n\n\n\n\n\n<p>No racional dos especialistas da XP, a aloca\u00e7\u00e3o em t\u00edtulos que pagam rendimentos pr\u00f3ximos ao CDI precisar\u00e1 ser complementada com <strong>fundos de cr\u00e9dito high grade<\/strong> e t\u00edtulos privados CDI+. Os analistas acreditam que essa estrat\u00e9gia possibilita maiores retornos de longo prazo.<\/p>\n\n\n\n<p>Ap\u00f3s um primeiro semestre dif\u00edcil para os fundos que investem em <strong>cr\u00e9dito privado<\/strong>, a XP comenta que esses fundos caminham para ter o seu primeiro m\u00eas de 2023 com capta\u00e7\u00e3o l\u00edquida positiva.<\/p>\n\n\n\n<p>Por\u00e9m, a XP pede aten\u00e7\u00e3o aos t\u00edtulos muito longos e com taxas excessivamente elevadas, considerados com maior <strong>risco de cr\u00e9dito<\/strong>.<\/p>\n\n\n\n<p>Como complemento, os analistas chamam a aten\u00e7\u00e3o para empresas e setores que operam muito alavancados. Neste caso, esses perfis \u201cdevem ser evitados ou monitorados de perto, primando por diversificar e at\u00e9 pulverizar as exposi\u00e7\u00f5es\u201d, ressalta a XP.<\/p>\n\n\n\n<p>Os especialitas tamb\u00e9m sugerem redu\u00e7\u00f5es gradativas na renda fixa p\u00f3s-fixada, abrindo-se para a diversifica\u00e7\u00e3o nos demais indexadores. Neste caso, os especialistas est\u00e3o mais otimistas com os ativos indexados ao <strong>IPCA<\/strong>.<\/p>\n\n\n\n<p>Por outro lado, a XP tamb\u00e9m \u201caposta\u201d nos<strong> fundos de cr\u00e9dito com ativos no exterior<\/strong>. Com os juros mais altos nos Estados Unidos, atualmente em 5,5%, os analistas recomendam o cr\u00e9dito privado global via fundos de renda fixa internacionais, \u201cque fazem a sele\u00e7\u00e3o dos ativos e pulveriza\u00e7\u00e3o da carteira de forma profissional\u201d.<\/p>\n\n\n\t<div data-element=\"shortcode-read-more\" class=\"knowMore\">\n\t\t\t\t<span class=\"knowMore__title\">Leia mais<\/span>\n\t\t\t\t<a class=\"knowMore__link\" href=\"https:\/\/www.suno.com.br\/noticias\/fundos-acao-etfs-renda-variavel-investidores-captacao\/\">\n\t\t\tAp\u00f3s semestre desafiador, fundos de a\u00e7\u00f5es e ETFs de renda vari\u00e1vel atraem investidores e aumentam capta\u00e7\u00e3o\t\t<\/a>\n\t<\/div>\n\n\n\n\n<h2 class=\"wp-block-heading\">Entenda a \u201ccrise\u201d dos fundos de cr\u00e9dito privado e sua recupera\u00e7\u00e3o<\/h2>\n\n\n\n<p>Os fundos de cr\u00e9dito privado foram muito impactados pela crise originada pela <strong><a href=\"http:\/\/suno.com.br\/acoes\/amer3\">Americanas (AMER3)<\/a><\/strong> e <a href=\"http:\/\/suno.com.br\/acoes\/ligt3\"><strong>Light<\/strong> <strong>(LIGT3)<\/strong><\/a>. Essas empresas representavam partes significativas das d\u00edvidas em v\u00e1rios fundos, que sofreram com calotes das empresas.<\/p>\n\n\n\n<p>Quando essas companhias entraram em recupera\u00e7\u00e3o judicial, diversos fundos tomaram preju\u00edzos, al\u00e9m do aumento de resgates e da perda da confian\u00e7a de investidores. Esse cen\u00e1rio parece ter ficado para tr\u00e1s.<\/p>\n\n\n\n<p>Como ressalta o \u00faltimo relat\u00f3rio de gest\u00e3o de ativos de cr\u00e9dito da<strong> AZ Quest<\/strong>, &#8220;os sinais de retomada do mercado de cr\u00e9dito privado foram refor\u00e7ados em junho\u201d. <\/p>\n\n\n\n<p>De acordo com os gestores, \u201cos <strong>resgates nos fundos de cr\u00e9dito<\/strong> seguiram arrefecendo, numa din\u00e2mica que vem melhorando paulatinamente nos \u00faltimos meses\u201d.<\/p>\n\n\n\n<p>Na perspectiva da AZ Quest, o cen\u00e1rio vai continuar melhorando para os <strong>fundos de cr\u00e9dito privados<\/strong>. O ciclo de queda de juros j\u00e1 est\u00e1 dado, o que ainda n\u00e3o se sabe \u00e9 quanto \u00e0 magnitude e a velocidade dos pr\u00f3ximos cortes. &#8220;Para o exterior, especialmente nos Estados Unidos, o in\u00edcio dos cortes nos juros tamb\u00e9m \u00e9 quest\u00e3o de tempo&#8221;, finaliza a gestora.<\/p>\n\n\n\t<p>\n\t\t<a href=\"https:\/\/lp.suno.com.br\/ebook-gratuito-investindo-no-exterior\/\" target=\"_blank\" data-element=\"shortcode-suno-banner\" title=\"Banner SUNO, clique e saiba mais\">\n\t\t\t<picture>\n\t\t\t\t<source media=\"(max-width: 500px)\" srcset=\"https:\/\/files.sunoresearch.com.br\/n\/uploads\/2023\/03\/400x300-Investindo-no-exterior.png\">\n\t\t\t\t<img class=\"newsContent__article__imgCapa newsContent__article__imgCapa--banner\"\n\t\t\t\t\tsrc=\"https:\/\/files.sunoresearch.com.br\/n\/uploads\/2023\/03\/1420x240-Investindo-no-exterior.png\"\n\t\t\t\t\tdata-promo-id=\"383161\"\t\t\t\t\t\t\t\t\t\twidth='1420' height='240'\t\t\t\t\talt=\"https:\/\/files.sunoresearch.com.br\/n\/uploads\/2023\/03\/1420x240-Investindo-no-exterior.png\"\n\t\t\t\t>\n\t\t\t<\/picture>\n\t\t<\/a>\n\t<\/p>\n\n\n","protected":false},"excerpt":{"rendered":"<p>Em relat\u00f3rio publicado na \u00faltima ter\u00e7a-feira (1), a XP recomenda aumentar a parcela de investimentos em fundos de cr\u00e9dito privado. Investimentos. Foto: iStock No racional dos especialistas da XP, a aloca\u00e7\u00e3o em t\u00edtulos que pagam rendimentos pr\u00f3ximos ao CDI precisar\u00e1 ser complementada com fundos de cr\u00e9dito high grade e t\u00edtulos privados CDI+. Os analistas acreditam [&hellip;]<\/p>\n","protected":false},"author":172,"featured_media":408494,"comment_status":"closed","ping_status":"closed","sticky":false,"template":"","format":"standard","meta":[],"categories":[64],"tags":[1545,106328,313],"suno_strategy":[],"class_list":["post-439788","post","type-post","status-publish","format-standard","has-post-thumbnail","hentry","category-negocios","tag-fundos-de-acoes","tag-fundos-de-credito","tag-fundos-de-investimento"],"yoast_head":"<!-- This site is optimized with the Yoast SEO plugin v24.4 - https:\/\/yoast.com\/wordpress\/plugins\/seo\/ -->\n<title>Com Selic menor, XP sugere elevar parcela em fundos de cr\u00e9dito privado<\/title>\n<meta name=\"description\" content=\"Com a atual queda da taxa Selic, os especialistas da XP recomendam maior parcela em investimentos em fundos de cr\u00e9dito privado. Entenda.\" \/>\n<meta name=\"robots\" content=\"index, follow, max-snippet:-1, max-image-preview:large, max-video-preview:-1\" \/>\n<link rel=\"canonical\" href=\"https:\/\/www.suno.com.br\/noticias\/selic-baixa-xp-recomenda-fundos-credito-privado-gb\/\" \/>\n<meta property=\"og:locale\" content=\"pt_BR\" \/>\n<meta property=\"og:type\" content=\"article\" \/>\n<meta property=\"og:title\" content=\"Com Selic menor, XP sugere elevar parcela em fundos de cr\u00e9dito privado\" \/>\n<meta property=\"og:description\" content=\"Com a atual queda da taxa Selic, os especialistas da XP recomendam maior parcela em investimentos em fundos de cr\u00e9dito privado. Entenda.\" \/>\n<meta property=\"og:url\" content=\"https:\/\/www.suno.com.br\/noticias\/selic-baixa-xp-recomenda-fundos-credito-privado-gb\/\" \/>\n<meta property=\"og:site_name\" content=\"Suno Not\u00edcias\" \/>\n<meta property=\"article:publisher\" content=\"https:\/\/facebook.com\/sunoresearch\" \/>\n<meta property=\"og:image\" content=\"https:\/\/files.sunoresearch.com.br\/n\/uploads\/2023\/05\/fundos-fiis.jpg\" \/>\n\t<meta property=\"og:image:width\" content=\"1200\" \/>\n\t<meta property=\"og:image:height\" content=\"800\" \/>\n\t<meta property=\"og:image:type\" content=\"image\/jpeg\" \/>\n<meta name=\"author\" content=\"Gustavo Bianch\" \/>\n<meta name=\"twitter:card\" content=\"summary_large_image\" \/>\n<meta name=\"twitter:creator\" content=\"@sunoresearch\" \/>\n<meta name=\"twitter:site\" content=\"@sunoresearch\" \/>\n<meta name=\"twitter:label1\" content=\"Escrito por\" \/>\n\t<meta name=\"twitter:data1\" content=\"Gustavo Bianch\" \/>\n\t<meta name=\"twitter:label2\" content=\"Est. tempo de leitura\" \/>\n\t<meta name=\"twitter:data2\" content=\"3 minutos\" \/>\n<script type=\"application\/ld+json\" class=\"yoast-schema-graph\">{\"@context\":\"https:\/\/schema.org\",\"@graph\":[{\"@type\":\"NewsArticle\",\"@id\":\"https:\/\/www.suno.com.br\/noticias\/selic-baixa-xp-recomenda-fundos-credito-privado-gb\/#article\",\"isPartOf\":{\"@id\":\"https:\/\/www.suno.com.br\/noticias\/selic-baixa-xp-recomenda-fundos-credito-privado-gb\/\"},\"author\":{\"name\":\"Gustavo Bianch\",\"@id\":\"https:\/\/www.suno.com.br\/noticias\/#\/schema\/person\/a72c0794bc524e8100a01ae3d3b6becb\"},\"headline\":\"Com Selic mais baixa, XP recomenda aumentar parcela em fundos de cr\u00e9dito privado\",\"datePublished\":\"2023-08-08T20:15:30+00:00\",\"dateModified\":\"2023-08-08T20:19:57+00:00\",\"mainEntityOfPage\":{\"@id\":\"https:\/\/www.suno.com.br\/noticias\/selic-baixa-xp-recomenda-fundos-credito-privado-gb\/\"},\"wordCount\":487,\"publisher\":{\"@id\":\"https:\/\/www.suno.com.br\/noticias\/#organization\"},\"image\":{\"@id\":\"https:\/\/www.suno.com.br\/noticias\/selic-baixa-xp-recomenda-fundos-credito-privado-gb\/#primaryimage\"},\"thumbnailUrl\":\"https:\/\/files.sunoresearch.com.br\/n\/uploads\/2023\/05\/fundos-fiis.jpg\",\"keywords\":[\"Fundos de a\u00e7\u00f5es\",\"Fundos de cr\u00e9dito\",\"Fundos de investimento\"],\"articleSection\":[\"Neg\u00f3cios\"],\"inLanguage\":\"pt-BR\"},{\"@type\":\"WebPage\",\"@id\":\"https:\/\/www.suno.com.br\/noticias\/selic-baixa-xp-recomenda-fundos-credito-privado-gb\/\",\"url\":\"https:\/\/www.suno.com.br\/noticias\/selic-baixa-xp-recomenda-fundos-credito-privado-gb\/\",\"name\":\"Com Selic menor, XP sugere elevar parcela em fundos de cr\u00e9dito privado\",\"isPartOf\":{\"@id\":\"https:\/\/www.suno.com.br\/noticias\/#website\"},\"primaryImageOfPage\":{\"@id\":\"https:\/\/www.suno.com.br\/noticias\/selic-baixa-xp-recomenda-fundos-credito-privado-gb\/#primaryimage\"},\"image\":{\"@id\":\"https:\/\/www.suno.com.br\/noticias\/selic-baixa-xp-recomenda-fundos-credito-privado-gb\/#primaryimage\"},\"thumbnailUrl\":\"https:\/\/files.sunoresearch.com.br\/n\/uploads\/2023\/05\/fundos-fiis.jpg\",\"datePublished\":\"2023-08-08T20:15:30+00:00\",\"dateModified\":\"2023-08-08T20:19:57+00:00\",\"description\":\"Com a atual queda da taxa Selic, os especialistas da XP recomendam maior parcela em investimentos em fundos de cr\u00e9dito privado. Entenda.\",\"breadcrumb\":{\"@id\":\"https:\/\/www.suno.com.br\/noticias\/selic-baixa-xp-recomenda-fundos-credito-privado-gb\/#breadcrumb\"},\"inLanguage\":\"pt-BR\",\"potentialAction\":[{\"@type\":\"ReadAction\",\"target\":[\"https:\/\/www.suno.com.br\/noticias\/selic-baixa-xp-recomenda-fundos-credito-privado-gb\/\"]}]},{\"@type\":\"ImageObject\",\"inLanguage\":\"pt-BR\",\"@id\":\"https:\/\/www.suno.com.br\/noticias\/selic-baixa-xp-recomenda-fundos-credito-privado-gb\/#primaryimage\",\"url\":\"https:\/\/files.sunoresearch.com.br\/n\/uploads\/2023\/05\/fundos-fiis.jpg\",\"contentUrl\":\"https:\/\/files.sunoresearch.com.br\/n\/uploads\/2023\/05\/fundos-fiis.jpg\",\"width\":1200,\"height\":800,\"caption\":\"Investimentos. Foto: iStock\"},{\"@type\":\"BreadcrumbList\",\"@id\":\"https:\/\/www.suno.com.br\/noticias\/selic-baixa-xp-recomenda-fundos-credito-privado-gb\/#breadcrumb\",\"itemListElement\":[{\"@type\":\"ListItem\",\"position\":1,\"name\":\"Not\u00edcias\",\"item\":\"https:\/\/www.suno.com.br\/noticias\/\"},{\"@type\":\"ListItem\",\"position\":2,\"name\":\"Neg\u00f3cios\",\"item\":\"https:\/\/www.suno.com.br\/noticias\/negocios\/\"},{\"@type\":\"ListItem\",\"position\":3,\"name\":\"Com Selic mais baixa, XP recomenda aumentar parcela em fundos de cr\u00e9dito privado\"}]},{\"@type\":\"WebSite\",\"@id\":\"https:\/\/www.suno.com.br\/noticias\/#website\",\"url\":\"https:\/\/www.suno.com.br\/noticias\/\",\"name\":\"Suno Not\u00edcias\",\"description\":\"Seu portal de informa\u00e7\u00e3o sobre o mundo dos investimentos\",\"publisher\":{\"@id\":\"https:\/\/www.suno.com.br\/noticias\/#organization\"},\"potentialAction\":[{\"@type\":\"SearchAction\",\"target\":{\"@type\":\"EntryPoint\",\"urlTemplate\":\"https:\/\/www.suno.com.br\/noticias\/?s={search_term_string}\"},\"query-input\":{\"@type\":\"PropertyValueSpecification\",\"valueRequired\":true,\"valueName\":\"search_term_string\"}}],\"inLanguage\":\"pt-BR\"},{\"@type\":\"Organization\",\"@id\":\"https:\/\/www.suno.com.br\/noticias\/#organization\",\"name\":\"Suno Not\u00edcias\",\"url\":\"https:\/\/www.suno.com.br\/noticias\/\",\"logo\":{\"@type\":\"ImageObject\",\"inLanguage\":\"pt-BR\",\"@id\":\"https:\/\/www.suno.com.br\/noticias\/#\/schema\/logo\/image\/\",\"url\":\"https:\/\/files.sunoresearch.com.br\/n\/uploads\/2021\/09\/suno-logo.png\",\"contentUrl\":\"https:\/\/files.sunoresearch.com.br\/n\/uploads\/2021\/09\/suno-logo.png\",\"width\":180,\"height\":180,\"caption\":\"Suno Not\u00edcias\"},\"image\":{\"@id\":\"https:\/\/www.suno.com.br\/noticias\/#\/schema\/logo\/image\/\"},\"sameAs\":[\"https:\/\/facebook.com\/sunoresearch\",\"https:\/\/x.com\/sunoresearch\",\"https:\/\/www.instagram.com\/suno\",\"https:\/\/www.linkedin.com\/company\/suno-research\/\",\"https:\/\/www.youtube.com\/c\/sunoresearch\"]},{\"@type\":\"Person\",\"@id\":\"https:\/\/www.suno.com.br\/noticias\/#\/schema\/person\/a72c0794bc524e8100a01ae3d3b6becb\",\"name\":\"Gustavo Bianch\",\"image\":{\"@type\":\"ImageObject\",\"inLanguage\":\"pt-BR\",\"@id\":\"https:\/\/www.suno.com.br\/noticias\/#\/schema\/person\/image\/\",\"url\":\"https:\/\/secure.gravatar.com\/avatar\/a8da2835aade1ac6c1eede0339ead827?s=96&r=g\",\"contentUrl\":\"https:\/\/secure.gravatar.com\/avatar\/a8da2835aade1ac6c1eede0339ead827?s=96&r=g\",\"caption\":\"Gustavo Bianch\"},\"description\":\"Jornalista com doutorado pela UFMG e produtor de conte\u00fado da unidade de m\u00eddias da Suno. Tamb\u00e9m trabalha no FIIs.com.br e Funds Explorer, fazendo a cobertura sobre FIIs, Fiagro e FI-Infra.\",\"url\":\"https:\/\/www.suno.com.br\/noticias\/author\/gustavo-silva\/\"}]}<\/script>\n<!-- \/ Yoast SEO plugin. -->","yoast_head_json":{"title":"Com Selic menor, XP sugere elevar parcela em fundos de cr\u00e9dito privado","description":"Com a atual queda da taxa Selic, os especialistas da XP recomendam maior parcela em investimentos em fundos de cr\u00e9dito privado. Entenda.","robots":{"index":"index","follow":"follow","max-snippet":"max-snippet:-1","max-image-preview":"max-image-preview:large","max-video-preview":"max-video-preview:-1"},"canonical":"https:\/\/www.suno.com.br\/noticias\/selic-baixa-xp-recomenda-fundos-credito-privado-gb\/","og_locale":"pt_BR","og_type":"article","og_title":"Com Selic menor, XP sugere elevar parcela em fundos de cr\u00e9dito privado","og_description":"Com a atual queda da taxa Selic, os especialistas da XP recomendam maior parcela em investimentos em fundos de cr\u00e9dito privado. Entenda.","og_url":"https:\/\/www.suno.com.br\/noticias\/selic-baixa-xp-recomenda-fundos-credito-privado-gb\/","og_site_name":"Suno Not\u00edcias","article_publisher":"https:\/\/facebook.com\/sunoresearch","og_image":[{"width":1200,"height":800,"url":"https:\/\/files.sunoresearch.com.br\/n\/uploads\/2023\/05\/fundos-fiis.jpg","type":"image\/jpeg"}],"author":"Gustavo Bianch","twitter_card":"summary_large_image","twitter_creator":"@sunoresearch","twitter_site":"@sunoresearch","twitter_misc":{"Escrito por":"Gustavo Bianch","Est. tempo de leitura":"3 minutos"},"schema":{"@context":"https:\/\/schema.org","@graph":[{"@type":"NewsArticle","@id":"https:\/\/www.suno.com.br\/noticias\/selic-baixa-xp-recomenda-fundos-credito-privado-gb\/#article","isPartOf":{"@id":"https:\/\/www.suno.com.br\/noticias\/selic-baixa-xp-recomenda-fundos-credito-privado-gb\/"},"author":{"name":"Gustavo Bianch","@id":"https:\/\/www.suno.com.br\/noticias\/#\/schema\/person\/a72c0794bc524e8100a01ae3d3b6becb"},"headline":"Com Selic mais baixa, XP recomenda aumentar parcela em fundos de cr\u00e9dito privado","datePublished":"2023-08-08T20:15:30+00:00","dateModified":"2023-08-08T20:19:57+00:00","mainEntityOfPage":{"@id":"https:\/\/www.suno.com.br\/noticias\/selic-baixa-xp-recomenda-fundos-credito-privado-gb\/"},"wordCount":487,"publisher":{"@id":"https:\/\/www.suno.com.br\/noticias\/#organization"},"image":{"@id":"https:\/\/www.suno.com.br\/noticias\/selic-baixa-xp-recomenda-fundos-credito-privado-gb\/#primaryimage"},"thumbnailUrl":"https:\/\/files.sunoresearch.com.br\/n\/uploads\/2023\/05\/fundos-fiis.jpg","keywords":["Fundos de a\u00e7\u00f5es","Fundos de cr\u00e9dito","Fundos de investimento"],"articleSection":["Neg\u00f3cios"],"inLanguage":"pt-BR"},{"@type":"WebPage","@id":"https:\/\/www.suno.com.br\/noticias\/selic-baixa-xp-recomenda-fundos-credito-privado-gb\/","url":"https:\/\/www.suno.com.br\/noticias\/selic-baixa-xp-recomenda-fundos-credito-privado-gb\/","name":"Com Selic menor, XP sugere elevar parcela em fundos de cr\u00e9dito privado","isPartOf":{"@id":"https:\/\/www.suno.com.br\/noticias\/#website"},"primaryImageOfPage":{"@id":"https:\/\/www.suno.com.br\/noticias\/selic-baixa-xp-recomenda-fundos-credito-privado-gb\/#primaryimage"},"image":{"@id":"https:\/\/www.suno.com.br\/noticias\/selic-baixa-xp-recomenda-fundos-credito-privado-gb\/#primaryimage"},"thumbnailUrl":"https:\/\/files.sunoresearch.com.br\/n\/uploads\/2023\/05\/fundos-fiis.jpg","datePublished":"2023-08-08T20:15:30+00:00","dateModified":"2023-08-08T20:19:57+00:00","description":"Com a atual queda da taxa Selic, os especialistas da XP recomendam maior parcela em investimentos em fundos de cr\u00e9dito privado. Entenda.","breadcrumb":{"@id":"https:\/\/www.suno.com.br\/noticias\/selic-baixa-xp-recomenda-fundos-credito-privado-gb\/#breadcrumb"},"inLanguage":"pt-BR","potentialAction":[{"@type":"ReadAction","target":["https:\/\/www.suno.com.br\/noticias\/selic-baixa-xp-recomenda-fundos-credito-privado-gb\/"]}]},{"@type":"ImageObject","inLanguage":"pt-BR","@id":"https:\/\/www.suno.com.br\/noticias\/selic-baixa-xp-recomenda-fundos-credito-privado-gb\/#primaryimage","url":"https:\/\/files.sunoresearch.com.br\/n\/uploads\/2023\/05\/fundos-fiis.jpg","contentUrl":"https:\/\/files.sunoresearch.com.br\/n\/uploads\/2023\/05\/fundos-fiis.jpg","width":1200,"height":800,"caption":"Investimentos. Foto: iStock"},{"@type":"BreadcrumbList","@id":"https:\/\/www.suno.com.br\/noticias\/selic-baixa-xp-recomenda-fundos-credito-privado-gb\/#breadcrumb","itemListElement":[{"@type":"ListItem","position":1,"name":"Not\u00edcias","item":"https:\/\/www.suno.com.br\/noticias\/"},{"@type":"ListItem","position":2,"name":"Neg\u00f3cios","item":"https:\/\/www.suno.com.br\/noticias\/negocios\/"},{"@type":"ListItem","position":3,"name":"Com Selic mais baixa, XP recomenda aumentar parcela em fundos de cr\u00e9dito privado"}]},{"@type":"WebSite","@id":"https:\/\/www.suno.com.br\/noticias\/#website","url":"https:\/\/www.suno.com.br\/noticias\/","name":"Suno Not\u00edcias","description":"Seu portal de informa\u00e7\u00e3o sobre o mundo dos investimentos","publisher":{"@id":"https:\/\/www.suno.com.br\/noticias\/#organization"},"potentialAction":[{"@type":"SearchAction","target":{"@type":"EntryPoint","urlTemplate":"https:\/\/www.suno.com.br\/noticias\/?s={search_term_string}"},"query-input":{"@type":"PropertyValueSpecification","valueRequired":true,"valueName":"search_term_string"}}],"inLanguage":"pt-BR"},{"@type":"Organization","@id":"https:\/\/www.suno.com.br\/noticias\/#organization","name":"Suno Not\u00edcias","url":"https:\/\/www.suno.com.br\/noticias\/","logo":{"@type":"ImageObject","inLanguage":"pt-BR","@id":"https:\/\/www.suno.com.br\/noticias\/#\/schema\/logo\/image\/","url":"https:\/\/files.sunoresearch.com.br\/n\/uploads\/2021\/09\/suno-logo.png","contentUrl":"https:\/\/files.sunoresearch.com.br\/n\/uploads\/2021\/09\/suno-logo.png","width":180,"height":180,"caption":"Suno Not\u00edcias"},"image":{"@id":"https:\/\/www.suno.com.br\/noticias\/#\/schema\/logo\/image\/"},"sameAs":["https:\/\/facebook.com\/sunoresearch","https:\/\/x.com\/sunoresearch","https:\/\/www.instagram.com\/suno","https:\/\/www.linkedin.com\/company\/suno-research\/","https:\/\/www.youtube.com\/c\/sunoresearch"]},{"@type":"Person","@id":"https:\/\/www.suno.com.br\/noticias\/#\/schema\/person\/a72c0794bc524e8100a01ae3d3b6becb","name":"Gustavo Bianch","image":{"@type":"ImageObject","inLanguage":"pt-BR","@id":"https:\/\/www.suno.com.br\/noticias\/#\/schema\/person\/image\/","url":"https:\/\/secure.gravatar.com\/avatar\/a8da2835aade1ac6c1eede0339ead827?s=96&r=g","contentUrl":"https:\/\/secure.gravatar.com\/avatar\/a8da2835aade1ac6c1eede0339ead827?s=96&r=g","caption":"Gustavo Bianch"},"description":"Jornalista com doutorado pela UFMG e produtor de conte\u00fado da unidade de m\u00eddias da Suno. Tamb\u00e9m trabalha no FIIs.com.br e Funds Explorer, fazendo a cobertura sobre FIIs, Fiagro e FI-Infra.","url":"https:\/\/www.suno.com.br\/noticias\/author\/gustavo-silva\/"}]}},"default_loop_html":"<div class=\"cardsPage__listCard__boxs\"><div class=\"cardsPage__listCard__boxs__img\"><a href=\"https:\/\/www.suno.com.br\/noticias\/selic-baixa-xp-recomenda-fundos-credito-privado-gb\/\"><img class=\"mask\" src=\"https:\/\/www.suno.com.br\/noticias\/wp-content\/themes\/suno\/resources\/images\/spotlight\/spotlight1img\/bg-mask.png\" alt=\"Image Mask\"\/><img src=\"https:\/\/files.sunoresearch.com.br\/n\/uploads\/2023\/05\/fundos-fiis-400x200.jpg\" alt=\"Com Selic mais baixa, XP recomenda aumentar parcela em fundos de cr\u00e9dito privado\"\/><\/a><span class=\"spotlightCategory\"><a href=\"https:\/\/www.suno.com.br\/noticias\/negocios\/\">Neg\u00f3cios<\/a><\/span><\/div><div class=\"cardsPage__listCard__boxs__content\"><a href=\"https:\/\/www.suno.com.br\/noticias\/selic-baixa-xp-recomenda-fundos-credito-privado-gb\/\"><h2 class=\"content__title\">Com Selic mais baixa, XP recomenda aumentar parcela em fundos de cr\u00e9dito privado<\/h2><\/a><div class=\"newsContent__article__meta\"><div class=\"newsContent__article__meta__authorBox\"><a href=\"https:\/\/www.suno.com.br\/noticias\/author\/gustavo-silva\/\" class=\"authorBox__avatar noMobi\"><img src=\"https:\/\/files.sunoresearch.com.br\/n\/uploads\/2024\/06\/41337ec3172142e15d749bd3a95a5216.jpeg\" alt=\"Gustavo Bianch\"><\/a><div class=\"authorBox__name\"><span>por\n\t\t\t<a href=\"https:\/\/www.suno.com.br\/noticias\/author\/gustavo-silva\/\"><span itemprop=\"author\">Gustavo Bianch<\/span><\/a><\/span><time datetime=\"2023-08-08T17:15:30-03:00\" itemprop=\"datePublished\">08\/08\/2023 17:15<\/time><\/div><\/div><\/div><\/div><\/div>","single_layout":"posts","amp_enabled":true,"_links":{"self":[{"href":"https:\/\/www.suno.com.br\/noticias\/wp-json\/wp\/v2\/posts\/439788"}],"collection":[{"href":"https:\/\/www.suno.com.br\/noticias\/wp-json\/wp\/v2\/posts"}],"about":[{"href":"https:\/\/www.suno.com.br\/noticias\/wp-json\/wp\/v2\/types\/post"}],"author":[{"embeddable":true,"href":"https:\/\/www.suno.com.br\/noticias\/wp-json\/wp\/v2\/users\/172"}],"replies":[{"embeddable":true,"href":"https:\/\/www.suno.com.br\/noticias\/wp-json\/wp\/v2\/comments?post=439788"}],"version-history":[{"count":3,"href":"https:\/\/www.suno.com.br\/noticias\/wp-json\/wp\/v2\/posts\/439788\/revisions"}],"predecessor-version":[{"id":439895,"href":"https:\/\/www.suno.com.br\/noticias\/wp-json\/wp\/v2\/posts\/439788\/revisions\/439895"}],"wp:featuredmedia":[{"embeddable":true,"href":"https:\/\/www.suno.com.br\/noticias\/wp-json\/wp\/v2\/media\/408494"}],"wp:attachment":[{"href":"https:\/\/www.suno.com.br\/noticias\/wp-json\/wp\/v2\/media?parent=439788"}],"wp:term":[{"taxonomy":"category","embeddable":true,"href":"https:\/\/www.suno.com.br\/noticias\/wp-json\/wp\/v2\/categories?post=439788"},{"taxonomy":"post_tag","embeddable":true,"href":"https:\/\/www.suno.com.br\/noticias\/wp-json\/wp\/v2\/tags?post=439788"},{"taxonomy":"suno_strategy","embeddable":true,"href":"https:\/\/www.suno.com.br\/noticias\/wp-json\/wp\/v2\/suno_strategy?post=439788"}],"curies":[{"name":"wp","href":"https:\/\/api.w.org\/{rel}","templated":true}]}}