{"id":43969,"date":"2019-11-06T20:35:37","date_gmt":"2019-11-06T22:35:37","guid":{"rendered":"https:\/\/www.suno.com.br\/noticias\/?p=43969"},"modified":"2021-02-17T22:50:56","modified_gmt":"2021-02-18T01:50:56","slug":"juros-longo-prazo-megaleilao","status":"publish","type":"post","link":"https:\/\/www.suno.com.br\/noticias\/juros-longo-prazo-megaleilao\/","title":{"rendered":"Juros futuros de longo prazo encerram em alta ap\u00f3s megaleil\u00e3o do pr\u00e9-sal"},"content":{"rendered":"<p>O mercado de juros sofreu impacto do desapontamento dos investidores com os resultados do <strong>megaleil\u00e3o<\/strong> do pr\u00e9-sal que ocorreu nesta quarta-feira (6). Os resultados do megaleil\u00e3o refletiram uma inclina\u00e7\u00e3o da curva futura de juros, j\u00e1 os v\u00e9rtices mais longos exibiram maior recomposi\u00e7\u00e3o de pr\u00eamio de risco, em linha com os resultados do d\u00f3lar, que atingiram os maiores n\u00edveis em duas semanas.<\/p>\t<div class=\"wrapper-featured-image\">\n\t\t<figure class=\"spotlightImg\">\n\n\t\t\t<picture>\n\t\t\t\t<source media=\"(max-width: 768px)\" srcset=\"https:\/\/files.sunoresearch.com.br\/n\/uploads\/2019\/03\/6eaf38d1-tesouro-direto-e1553883048627-400x200.webp\">\n\t\t\t\t<img loading=\"lazy\" decoding=\"async\" class=\"newsContent__article__imgCapa lazyloadDisabled newsContent__article__imgCapa--noCaption\" src=\"https:\/\/files.sunoresearch.com.br\/n\/uploads\/2019\/03\/6eaf38d1-tesouro-direto-e1553883048627-800x450.webp\" width=\"800\" height=\"450\" alt=\"Juros futuros de longo prazo encerram em alta ap\u00f3s megaleil\u00e3o do pr\u00e9-sal\" fetchpriority=high \/>\n\t\t\t<\/picture>\n\n\t\t\t<figcaption class=\"wp-caption-text wp-caption-text--hide\">Tesouro Direto<\/figcaption>\n\t\t<\/figure>\n\t<\/div>\n\n\n\n<p>Ao final da sess\u00e3o regular do mercado de <strong>juros<\/strong> desta quarta, a taxa do contrato de <strong>Dep\u00f3sito Interfinanceiro (DI)<\/strong> para janeiro de 2020 foi de 4,75%, no ajuste anterior, para 4,745%; a <strong>DI<\/strong> para janeiro de 2021 operou est\u00e1vel a 4,49%; j\u00e1 a do contrato para janeiro de 2023 cresceu de 5,47% para 5,55%. A <strong>DI<\/strong> para janeiro de 2025 foi de 6,02% para 6,12%.<\/p>\n<h2>Juros reverberam ata do Copom e BC<\/h2>\n<p>\u201cO leil\u00e3o foi bem pior do que o esperado. O valor que vai entrar \u00e9 de cerca de US$ 1,5 bilh\u00e3o. \u00c9 muito pouco pelo que era esperado e o per\u00edodo, agora, \u00e9 de sa\u00edda de d\u00f3lares\u201d, disse <strong>Jos\u00e9 Raymundo Faria Junior<\/strong>, s\u00f3cio e diretor da <strong>Wagner Investimentos<\/strong>. Faria Junior, que lembra da expectativa do governo quanto \u00e0 arrecada\u00e7\u00e3o era maior, salienta que o d\u00f3lar girar\u00e1 em torno dos R$ 4, &#8220;mas ficar\u00e1 mais dif\u00edcil cair para o n\u00edvel de R$ 3,90&#8221;.<\/p>\n<p><a href=\"https:\/\/www.suno.com.br\/noticias\/bc-regras-conversao-cambio-cartao-de-credito\/\">Saiba mais: BC define regras para convers\u00e3o de c\u00e2mbio no cart\u00e3o de cr\u00e9dito<\/a><\/p>\n<p>Observando a ponta curta da curva, os investidores continuaram a reverberar a ata da reuni\u00e3o de outubro do <strong>Comit\u00ea de Pol\u00edtica Monet\u00e1ria<\/strong> (<strong>Copom<\/strong>) do <strong>Banco Central<\/strong> (<strong>BC<\/strong>)<strong>,<\/strong> e se atentaram ao fato do presidente do BC, <strong>Roberto Campos Neto<\/strong>, ter ido \u00e0 audi\u00eancia p\u00fablica na <strong>C\u00e2mara dos Deputados. <\/strong>Campos declarou que a infla\u00e7\u00e3o est\u00e1 &#8220;baixa e controlada&#8221;, al\u00e9m de destacar o momento atual da economia prescrever juros em n\u00edveis estimulativos.<\/p>\n\t<p>\n\t\t<a href=\"https:\/\/lp.suno.com.br\/asset\/suno-fundo-infra-estrutura-snid11\/\" target=\"_blank\" data-element=\"shortcode-suno-banner\" title=\"Banner SUNO, clique e saiba mais\">\n\t\t\t<picture>\n\t\t\t\t<source media=\"(max-width: 500px)\" srcset=\"https:\/\/files.sunoresearch.com.br\/n\/uploads\/2024\/01\/400x300-Banner-Home-1-SNID-AO.png\">\n\t\t\t\t<img class=\"newsContent__article__imgCapa newsContent__article__imgCapa--banner\"\n\t\t\t\t\tsrc=\"https:\/\/files.sunoresearch.com.br\/n\/uploads\/2024\/01\/1420x240-Banner-Home-1-SNID-AO.png\"\n\t\t\t\t\tdata-promo-id=\"364419\"\t\t\t\t\t\t\t\t\t\twidth='1420' height='240'\t\t\t\t\talt=\"https:\/\/files.sunoresearch.com.br\/n\/uploads\/2024\/01\/1420x240-Banner-Home-1-SNID-AO.png\"\n\t\t\t\t>\n\t\t\t<\/picture>\n\t\t<\/a>\n\t<\/p>\n\n\n<p>Campos salientou que o <strong>BC<\/strong> ampliou a transpar\u00eancia ao indicar a pr\u00f3xima etapa na pol\u00edtica de <strong>juros<\/strong> e enfatizou que o futuro da pol\u00edtica monet\u00e1ria &#8220;depende das proje\u00e7\u00f5es&#8221;.<\/p>\n","protected":false},"excerpt":{"rendered":"<p>O mercado de juros sofreu impacto do desapontamento dos investidores com os resultados do megaleil\u00e3o do pr\u00e9-sal que ocorreu nesta quarta-feira (6). Os resultados do megaleil\u00e3o refletiram uma inclina\u00e7\u00e3o da curva futura de juros, j\u00e1 os v\u00e9rtices mais longos exibiram maior recomposi\u00e7\u00e3o de pr\u00eamio de risco, em linha com os resultados do d\u00f3lar, que atingiram [&hellip;]<\/p>\n","protected":false},"author":23,"featured_media":19475,"comment_status":"closed","ping_status":"closed","sticky":false,"template":"","format":"standard","meta":[],"categories":[64],"tags":[1842,2197,1113],"suno_strategy":[],"class_list":["post-43969","post","type-post","status-publish","format-standard","has-post-thumbnail","hentry","category-negocios","tag-banco-central-bc","tag-juros-futuros","tag-roberto-campos-neto"],"yoast_head":"<!-- This site is optimized with the Yoast SEO plugin v24.4 - https:\/\/yoast.com\/wordpress\/plugins\/seo\/ -->\n<title>Juros futuros de longo prazo encerram em alta ap\u00f3s megaleil\u00e3o do pr\u00e9-sal<\/title>\n<meta name=\"description\" content=\"O mercado de juros sofreu impacto do desapontamento dos investidores com os resultados do megaleil\u00e3o do pr\u00e9-sal. Clique aqui para saber mais.\" \/>\n<meta name=\"robots\" content=\"index, follow, max-snippet:-1, max-image-preview:large, max-video-preview:-1\" \/>\n<link rel=\"canonical\" href=\"https:\/\/www.suno.com.br\/noticias\/juros-longo-prazo-megaleilao\/\" \/>\n<meta property=\"og:locale\" content=\"pt_BR\" \/>\n<meta property=\"og:type\" content=\"article\" \/>\n<meta property=\"og:title\" content=\"Juros futuros de longo prazo encerram em alta ap\u00f3s megaleil\u00e3o do pr\u00e9-sal\" \/>\n<meta property=\"og:description\" content=\"O mercado de juros sofreu impacto do desapontamento dos investidores com os resultados do megaleil\u00e3o do pr\u00e9-sal. Clique aqui para saber mais.\" \/>\n<meta property=\"og:url\" content=\"https:\/\/www.suno.com.br\/noticias\/juros-longo-prazo-megaleilao\/\" \/>\n<meta property=\"og:site_name\" content=\"Suno Not\u00edcias\" \/>\n<meta property=\"article:publisher\" content=\"https:\/\/facebook.com\/sunoresearch\" \/>\n<meta property=\"og:image\" content=\"https:\/\/files.sunoresearch.com.br\/n\/uploads\/2019\/03\/6eaf38d1-tesouro-direto-e1553883048627.jpg\" \/>\n\t<meta property=\"og:image:width\" content=\"1500\" \/>\n\t<meta property=\"og:image:height\" content=\"1000\" \/>\n\t<meta property=\"og:image:type\" content=\"image\/jpeg\" \/>\n<meta name=\"author\" content=\"Rafael Lara\" \/>\n<meta name=\"twitter:card\" content=\"summary_large_image\" \/>\n<meta name=\"twitter:creator\" content=\"@sunoresearch\" \/>\n<meta name=\"twitter:site\" content=\"@sunoresearch\" \/>\n<meta name=\"twitter:label1\" content=\"Escrito por\" \/>\n\t<meta name=\"twitter:data1\" content=\"Rafael Lara\" \/>\n\t<meta name=\"twitter:label2\" content=\"Est. tempo de leitura\" \/>\n\t<meta name=\"twitter:data2\" content=\"2 minutos\" \/>\n<script type=\"application\/ld+json\" class=\"yoast-schema-graph\">{\"@context\":\"https:\/\/schema.org\",\"@graph\":[{\"@type\":\"NewsArticle\",\"@id\":\"https:\/\/www.suno.com.br\/noticias\/juros-longo-prazo-megaleilao\/#article\",\"isPartOf\":{\"@id\":\"https:\/\/www.suno.com.br\/noticias\/juros-longo-prazo-megaleilao\/\"},\"author\":{\"name\":\"Rafael Lara\",\"@id\":\"https:\/\/www.suno.com.br\/noticias\/#\/schema\/person\/098743caeed97b37f51315c9576c4078\"},\"headline\":\"Juros futuros de longo prazo encerram em alta ap\u00f3s megaleil\u00e3o do pr\u00e9-sal\",\"datePublished\":\"2019-11-06T22:35:37+00:00\",\"dateModified\":\"2021-02-18T01:50:56+00:00\",\"mainEntityOfPage\":{\"@id\":\"https:\/\/www.suno.com.br\/noticias\/juros-longo-prazo-megaleilao\/\"},\"wordCount\":367,\"publisher\":{\"@id\":\"https:\/\/www.suno.com.br\/noticias\/#organization\"},\"image\":{\"@id\":\"https:\/\/www.suno.com.br\/noticias\/juros-longo-prazo-megaleilao\/#primaryimage\"},\"thumbnailUrl\":\"https:\/\/files.sunoresearch.com.br\/n\/uploads\/2019\/03\/6eaf38d1-tesouro-direto-e1553883048627-jpg.webp\",\"keywords\":[\"Banco Central (BC)\",\"juros futuros\",\"Roberto Campos Neto\"],\"articleSection\":[\"Neg\u00f3cios\"],\"inLanguage\":\"pt-BR\"},{\"@type\":\"WebPage\",\"@id\":\"https:\/\/www.suno.com.br\/noticias\/juros-longo-prazo-megaleilao\/\",\"url\":\"https:\/\/www.suno.com.br\/noticias\/juros-longo-prazo-megaleilao\/\",\"name\":\"Juros futuros de longo prazo encerram em alta ap\u00f3s megaleil\u00e3o do pr\u00e9-sal\",\"isPartOf\":{\"@id\":\"https:\/\/www.suno.com.br\/noticias\/#website\"},\"primaryImageOfPage\":{\"@id\":\"https:\/\/www.suno.com.br\/noticias\/juros-longo-prazo-megaleilao\/#primaryimage\"},\"image\":{\"@id\":\"https:\/\/www.suno.com.br\/noticias\/juros-longo-prazo-megaleilao\/#primaryimage\"},\"thumbnailUrl\":\"https:\/\/files.sunoresearch.com.br\/n\/uploads\/2019\/03\/6eaf38d1-tesouro-direto-e1553883048627-jpg.webp\",\"datePublished\":\"2019-11-06T22:35:37+00:00\",\"dateModified\":\"2021-02-18T01:50:56+00:00\",\"description\":\"O mercado de juros sofreu impacto do desapontamento dos investidores com os resultados do megaleil\u00e3o do pr\u00e9-sal. Clique aqui para saber mais.\",\"breadcrumb\":{\"@id\":\"https:\/\/www.suno.com.br\/noticias\/juros-longo-prazo-megaleilao\/#breadcrumb\"},\"inLanguage\":\"pt-BR\",\"potentialAction\":[{\"@type\":\"ReadAction\",\"target\":[\"https:\/\/www.suno.com.br\/noticias\/juros-longo-prazo-megaleilao\/\"]}]},{\"@type\":\"ImageObject\",\"inLanguage\":\"pt-BR\",\"@id\":\"https:\/\/www.suno.com.br\/noticias\/juros-longo-prazo-megaleilao\/#primaryimage\",\"url\":\"https:\/\/files.sunoresearch.com.br\/n\/uploads\/2019\/03\/6eaf38d1-tesouro-direto-e1553883048627-jpg.webp\",\"contentUrl\":\"https:\/\/files.sunoresearch.com.br\/n\/uploads\/2019\/03\/6eaf38d1-tesouro-direto-e1553883048627-jpg.webp\",\"width\":1500,\"height\":1000,\"caption\":\"Tesouro Direto\"},{\"@type\":\"BreadcrumbList\",\"@id\":\"https:\/\/www.suno.com.br\/noticias\/juros-longo-prazo-megaleilao\/#breadcrumb\",\"itemListElement\":[{\"@type\":\"ListItem\",\"position\":1,\"name\":\"Not\u00edcias\",\"item\":\"https:\/\/www.suno.com.br\/noticias\/\"},{\"@type\":\"ListItem\",\"position\":2,\"name\":\"Neg\u00f3cios\",\"item\":\"https:\/\/www.suno.com.br\/noticias\/negocios\/\"},{\"@type\":\"ListItem\",\"position\":3,\"name\":\"Juros futuros de longo prazo encerram em alta ap\u00f3s megaleil\u00e3o do pr\u00e9-sal\"}]},{\"@type\":\"WebSite\",\"@id\":\"https:\/\/www.suno.com.br\/noticias\/#website\",\"url\":\"https:\/\/www.suno.com.br\/noticias\/\",\"name\":\"Suno Not\u00edcias\",\"description\":\"Seu portal de informa\u00e7\u00e3o sobre o mundo dos investimentos\",\"publisher\":{\"@id\":\"https:\/\/www.suno.com.br\/noticias\/#organization\"},\"potentialAction\":[{\"@type\":\"SearchAction\",\"target\":{\"@type\":\"EntryPoint\",\"urlTemplate\":\"https:\/\/www.suno.com.br\/noticias\/?s={search_term_string}\"},\"query-input\":{\"@type\":\"PropertyValueSpecification\",\"valueRequired\":true,\"valueName\":\"search_term_string\"}}],\"inLanguage\":\"pt-BR\"},{\"@type\":\"Organization\",\"@id\":\"https:\/\/www.suno.com.br\/noticias\/#organization\",\"name\":\"Suno Not\u00edcias\",\"url\":\"https:\/\/www.suno.com.br\/noticias\/\",\"logo\":{\"@type\":\"ImageObject\",\"inLanguage\":\"pt-BR\",\"@id\":\"https:\/\/www.suno.com.br\/noticias\/#\/schema\/logo\/image\/\",\"url\":\"https:\/\/files.sunoresearch.com.br\/n\/uploads\/2021\/09\/suno-logo.png\",\"contentUrl\":\"https:\/\/files.sunoresearch.com.br\/n\/uploads\/2021\/09\/suno-logo.png\",\"width\":180,\"height\":180,\"caption\":\"Suno Not\u00edcias\"},\"image\":{\"@id\":\"https:\/\/www.suno.com.br\/noticias\/#\/schema\/logo\/image\/\"},\"sameAs\":[\"https:\/\/facebook.com\/sunoresearch\",\"https:\/\/x.com\/sunoresearch\",\"https:\/\/www.instagram.com\/suno\",\"https:\/\/www.linkedin.com\/company\/suno-research\/\",\"https:\/\/www.youtube.com\/c\/sunoresearch\"]},{\"@type\":\"Person\",\"@id\":\"https:\/\/www.suno.com.br\/noticias\/#\/schema\/person\/098743caeed97b37f51315c9576c4078\",\"name\":\"Rafael Lara\",\"image\":{\"@type\":\"ImageObject\",\"inLanguage\":\"pt-BR\",\"@id\":\"https:\/\/www.suno.com.br\/noticias\/#\/schema\/person\/image\/\",\"url\":\"https:\/\/secure.gravatar.com\/avatar\/dfc254ab9bb2ea1895d98b9e9dae4bdd?s=96&r=g\",\"contentUrl\":\"https:\/\/secure.gravatar.com\/avatar\/dfc254ab9bb2ea1895d98b9e9dae4bdd?s=96&r=g\",\"caption\":\"Rafael Lara\"},\"description\":\"Rafael Lara cursa jornalismo na Faculdade C\u00e1sper L\u00edbero. Escreve sobre pol\u00edtica, economia e neg\u00f3cios para o portal Suno Not\u00edcias. Antes, colaborou na TV Gazeta na produ\u00e7\u00e3o do programa Edi\u00e7\u00e3o Extra.\",\"url\":\"https:\/\/www.suno.com.br\/noticias\/author\/rafael\/\"}]}<\/script>\n<!-- \/ Yoast SEO plugin. -->","yoast_head_json":{"title":"Juros futuros de longo prazo encerram em alta ap\u00f3s megaleil\u00e3o do pr\u00e9-sal","description":"O mercado de juros sofreu impacto do desapontamento dos investidores com os resultados do megaleil\u00e3o do pr\u00e9-sal. Clique aqui para saber mais.","robots":{"index":"index","follow":"follow","max-snippet":"max-snippet:-1","max-image-preview":"max-image-preview:large","max-video-preview":"max-video-preview:-1"},"canonical":"https:\/\/www.suno.com.br\/noticias\/juros-longo-prazo-megaleilao\/","og_locale":"pt_BR","og_type":"article","og_title":"Juros futuros de longo prazo encerram em alta ap\u00f3s megaleil\u00e3o do pr\u00e9-sal","og_description":"O mercado de juros sofreu impacto do desapontamento dos investidores com os resultados do megaleil\u00e3o do pr\u00e9-sal. Clique aqui para saber mais.","og_url":"https:\/\/www.suno.com.br\/noticias\/juros-longo-prazo-megaleilao\/","og_site_name":"Suno Not\u00edcias","article_publisher":"https:\/\/facebook.com\/sunoresearch","og_image":[{"width":1500,"height":1000,"url":"https:\/\/files.sunoresearch.com.br\/n\/uploads\/2019\/03\/6eaf38d1-tesouro-direto-e1553883048627.jpg","type":"image\/jpeg"}],"author":"Rafael Lara","twitter_card":"summary_large_image","twitter_creator":"@sunoresearch","twitter_site":"@sunoresearch","twitter_misc":{"Escrito por":"Rafael Lara","Est. tempo de leitura":"2 minutos"},"schema":{"@context":"https:\/\/schema.org","@graph":[{"@type":"NewsArticle","@id":"https:\/\/www.suno.com.br\/noticias\/juros-longo-prazo-megaleilao\/#article","isPartOf":{"@id":"https:\/\/www.suno.com.br\/noticias\/juros-longo-prazo-megaleilao\/"},"author":{"name":"Rafael Lara","@id":"https:\/\/www.suno.com.br\/noticias\/#\/schema\/person\/098743caeed97b37f51315c9576c4078"},"headline":"Juros futuros de longo prazo encerram em alta ap\u00f3s megaleil\u00e3o do pr\u00e9-sal","datePublished":"2019-11-06T22:35:37+00:00","dateModified":"2021-02-18T01:50:56+00:00","mainEntityOfPage":{"@id":"https:\/\/www.suno.com.br\/noticias\/juros-longo-prazo-megaleilao\/"},"wordCount":367,"publisher":{"@id":"https:\/\/www.suno.com.br\/noticias\/#organization"},"image":{"@id":"https:\/\/www.suno.com.br\/noticias\/juros-longo-prazo-megaleilao\/#primaryimage"},"thumbnailUrl":"https:\/\/files.sunoresearch.com.br\/n\/uploads\/2019\/03\/6eaf38d1-tesouro-direto-e1553883048627-jpg.webp","keywords":["Banco Central (BC)","juros futuros","Roberto Campos Neto"],"articleSection":["Neg\u00f3cios"],"inLanguage":"pt-BR"},{"@type":"WebPage","@id":"https:\/\/www.suno.com.br\/noticias\/juros-longo-prazo-megaleilao\/","url":"https:\/\/www.suno.com.br\/noticias\/juros-longo-prazo-megaleilao\/","name":"Juros futuros de longo prazo encerram em alta ap\u00f3s megaleil\u00e3o do pr\u00e9-sal","isPartOf":{"@id":"https:\/\/www.suno.com.br\/noticias\/#website"},"primaryImageOfPage":{"@id":"https:\/\/www.suno.com.br\/noticias\/juros-longo-prazo-megaleilao\/#primaryimage"},"image":{"@id":"https:\/\/www.suno.com.br\/noticias\/juros-longo-prazo-megaleilao\/#primaryimage"},"thumbnailUrl":"https:\/\/files.sunoresearch.com.br\/n\/uploads\/2019\/03\/6eaf38d1-tesouro-direto-e1553883048627-jpg.webp","datePublished":"2019-11-06T22:35:37+00:00","dateModified":"2021-02-18T01:50:56+00:00","description":"O mercado de juros sofreu impacto do desapontamento dos investidores com os resultados do megaleil\u00e3o do pr\u00e9-sal. Clique aqui para saber mais.","breadcrumb":{"@id":"https:\/\/www.suno.com.br\/noticias\/juros-longo-prazo-megaleilao\/#breadcrumb"},"inLanguage":"pt-BR","potentialAction":[{"@type":"ReadAction","target":["https:\/\/www.suno.com.br\/noticias\/juros-longo-prazo-megaleilao\/"]}]},{"@type":"ImageObject","inLanguage":"pt-BR","@id":"https:\/\/www.suno.com.br\/noticias\/juros-longo-prazo-megaleilao\/#primaryimage","url":"https:\/\/files.sunoresearch.com.br\/n\/uploads\/2019\/03\/6eaf38d1-tesouro-direto-e1553883048627-jpg.webp","contentUrl":"https:\/\/files.sunoresearch.com.br\/n\/uploads\/2019\/03\/6eaf38d1-tesouro-direto-e1553883048627-jpg.webp","width":1500,"height":1000,"caption":"Tesouro Direto"},{"@type":"BreadcrumbList","@id":"https:\/\/www.suno.com.br\/noticias\/juros-longo-prazo-megaleilao\/#breadcrumb","itemListElement":[{"@type":"ListItem","position":1,"name":"Not\u00edcias","item":"https:\/\/www.suno.com.br\/noticias\/"},{"@type":"ListItem","position":2,"name":"Neg\u00f3cios","item":"https:\/\/www.suno.com.br\/noticias\/negocios\/"},{"@type":"ListItem","position":3,"name":"Juros futuros de longo prazo encerram em alta ap\u00f3s megaleil\u00e3o do pr\u00e9-sal"}]},{"@type":"WebSite","@id":"https:\/\/www.suno.com.br\/noticias\/#website","url":"https:\/\/www.suno.com.br\/noticias\/","name":"Suno Not\u00edcias","description":"Seu portal de informa\u00e7\u00e3o sobre o mundo dos investimentos","publisher":{"@id":"https:\/\/www.suno.com.br\/noticias\/#organization"},"potentialAction":[{"@type":"SearchAction","target":{"@type":"EntryPoint","urlTemplate":"https:\/\/www.suno.com.br\/noticias\/?s={search_term_string}"},"query-input":{"@type":"PropertyValueSpecification","valueRequired":true,"valueName":"search_term_string"}}],"inLanguage":"pt-BR"},{"@type":"Organization","@id":"https:\/\/www.suno.com.br\/noticias\/#organization","name":"Suno Not\u00edcias","url":"https:\/\/www.suno.com.br\/noticias\/","logo":{"@type":"ImageObject","inLanguage":"pt-BR","@id":"https:\/\/www.suno.com.br\/noticias\/#\/schema\/logo\/image\/","url":"https:\/\/files.sunoresearch.com.br\/n\/uploads\/2021\/09\/suno-logo.png","contentUrl":"https:\/\/files.sunoresearch.com.br\/n\/uploads\/2021\/09\/suno-logo.png","width":180,"height":180,"caption":"Suno Not\u00edcias"},"image":{"@id":"https:\/\/www.suno.com.br\/noticias\/#\/schema\/logo\/image\/"},"sameAs":["https:\/\/facebook.com\/sunoresearch","https:\/\/x.com\/sunoresearch","https:\/\/www.instagram.com\/suno","https:\/\/www.linkedin.com\/company\/suno-research\/","https:\/\/www.youtube.com\/c\/sunoresearch"]},{"@type":"Person","@id":"https:\/\/www.suno.com.br\/noticias\/#\/schema\/person\/098743caeed97b37f51315c9576c4078","name":"Rafael Lara","image":{"@type":"ImageObject","inLanguage":"pt-BR","@id":"https:\/\/www.suno.com.br\/noticias\/#\/schema\/person\/image\/","url":"https:\/\/secure.gravatar.com\/avatar\/dfc254ab9bb2ea1895d98b9e9dae4bdd?s=96&r=g","contentUrl":"https:\/\/secure.gravatar.com\/avatar\/dfc254ab9bb2ea1895d98b9e9dae4bdd?s=96&r=g","caption":"Rafael Lara"},"description":"Rafael Lara cursa jornalismo na Faculdade C\u00e1sper L\u00edbero. Escreve sobre pol\u00edtica, economia e neg\u00f3cios para o portal Suno Not\u00edcias. Antes, colaborou na TV Gazeta na produ\u00e7\u00e3o do programa Edi\u00e7\u00e3o Extra.","url":"https:\/\/www.suno.com.br\/noticias\/author\/rafael\/"}]}},"default_loop_html":"<div class=\"cardsPage__listCard__boxs\"><div class=\"cardsPage__listCard__boxs__img\"><a href=\"https:\/\/www.suno.com.br\/noticias\/juros-longo-prazo-megaleilao\/\"><img class=\"mask\" src=\"https:\/\/www.suno.com.br\/noticias\/wp-content\/themes\/suno\/resources\/images\/spotlight\/spotlight1img\/bg-mask.png\" alt=\"Image Mask\"\/><img src=\"https:\/\/files.sunoresearch.com.br\/n\/uploads\/2019\/03\/6eaf38d1-tesouro-direto-e1553883048627-400x200.webp\" alt=\"Juros futuros de longo prazo encerram em alta ap\u00f3s megaleil\u00e3o do pr\u00e9-sal\"\/><\/a><span class=\"spotlightCategory\"><a href=\"https:\/\/www.suno.com.br\/noticias\/negocios\/\">Neg\u00f3cios<\/a><\/span><\/div><div class=\"cardsPage__listCard__boxs__content\"><a href=\"https:\/\/www.suno.com.br\/noticias\/juros-longo-prazo-megaleilao\/\"><h2 class=\"content__title\">Juros futuros de longo prazo encerram em alta ap\u00f3s megaleil\u00e3o do pr\u00e9-sal<\/h2><\/a><div class=\"newsContent__article__meta\"><div class=\"newsContent__article__meta__authorBox\"><a href=\"https:\/\/www.suno.com.br\/noticias\/author\/rafael\/\" class=\"authorBox__avatar noMobi\"><img src=\"https:\/\/secure.gravatar.com\/avatar\/dfc254ab9bb2ea1895d98b9e9dae4bdd?s=96&#038;r=g\" alt=\"Rafael Lara\"><\/a><div class=\"authorBox__name\"><span>por\n\t\t\t<a href=\"https:\/\/www.suno.com.br\/noticias\/author\/rafael\/\"><span itemprop=\"author\">Rafael Lara<\/span><\/a><\/span><time datetime=\"2019-11-06T20:35:37-03:00\" itemprop=\"datePublished\">06\/11\/2019 20:35<\/time><\/div><\/div><\/div><\/div><\/div>","single_layout":"posts","amp_enabled":true,"_links":{"self":[{"href":"https:\/\/www.suno.com.br\/noticias\/wp-json\/wp\/v2\/posts\/43969"}],"collection":[{"href":"https:\/\/www.suno.com.br\/noticias\/wp-json\/wp\/v2\/posts"}],"about":[{"href":"https:\/\/www.suno.com.br\/noticias\/wp-json\/wp\/v2\/types\/post"}],"author":[{"embeddable":true,"href":"https:\/\/www.suno.com.br\/noticias\/wp-json\/wp\/v2\/users\/23"}],"replies":[{"embeddable":true,"href":"https:\/\/www.suno.com.br\/noticias\/wp-json\/wp\/v2\/comments?post=43969"}],"version-history":[{"count":0,"href":"https:\/\/www.suno.com.br\/noticias\/wp-json\/wp\/v2\/posts\/43969\/revisions"}],"wp:featuredmedia":[{"embeddable":true,"href":"https:\/\/www.suno.com.br\/noticias\/wp-json\/wp\/v2\/media\/19475"}],"wp:attachment":[{"href":"https:\/\/www.suno.com.br\/noticias\/wp-json\/wp\/v2\/media?parent=43969"}],"wp:term":[{"taxonomy":"category","embeddable":true,"href":"https:\/\/www.suno.com.br\/noticias\/wp-json\/wp\/v2\/categories?post=43969"},{"taxonomy":"post_tag","embeddable":true,"href":"https:\/\/www.suno.com.br\/noticias\/wp-json\/wp\/v2\/tags?post=43969"},{"taxonomy":"suno_strategy","embeddable":true,"href":"https:\/\/www.suno.com.br\/noticias\/wp-json\/wp\/v2\/suno_strategy?post=43969"}],"curies":[{"name":"wp","href":"https:\/\/api.w.org\/{rel}","templated":true}]}}