{"id":439630,"date":"2023-08-08T12:43:00","date_gmt":"2023-08-08T15:43:00","guid":{"rendered":"https:\/\/www.suno.com.br\/noticias\/?p=439630"},"modified":"2023-08-08T13:11:22","modified_gmt":"2023-08-08T16:11:22","slug":"ata-do-copom-analistas-selic-juros-evm","status":"publish","type":"post","link":"https:\/\/www.suno.com.br\/noticias\/ata-do-copom-analistas-selic-juros-evm\/","title":{"rendered":"Ata do Copom: o que esperar da Selic para o fim de 2023?"},"content":{"rendered":"<p>Conforme analistas, a <strong>Ata do Copom<\/strong> <a href=\"https:\/\/www.suno.com.br\/noticias\/selic-aumeto-adicional-corte-juros-pouco-provavel-gpj\/\" target=\"_blank\" rel=\"noreferrer noopener\">divulgada na manha desta ter\u00e7a-feira (8)<\/a> mostra que o ritmo adotado pela autoridade monet\u00e1ria tem sido adequado e deve sinalizar um norte de como o Banco Central (BC) vai se comportar at\u00e9 o fim do ano.<\/p>\t<div class=\"wrapper-featured-image\">\n\t\t<figure class=\"spotlightImg\">\n\n\t\t\t<picture>\n\t\t\t\t<source media=\"(max-width: 768px)\" srcset=\"https:\/\/files.sunoresearch.com.br\/n\/uploads\/2022\/06\/copom-400x200.jpg\">\n\t\t\t\t<img loading=\"lazy\" decoding=\"async\" class=\"newsContent__article__imgCapa lazyloadDisabled \" src=\"https:\/\/files.sunoresearch.com.br\/n\/uploads\/2022\/06\/copom-800x450.jpg\" width=\"800\" height=\"450\" alt=\"Ata do Copom: o que esperar da Selic para o fim de 2023?\" fetchpriority=high \/>\n\t\t\t<\/picture>\n\n\t\t\t<figcaption class=\"wp-caption-text wp-caption-text--show\">Copom corta Selic. Foto: Marcello Casal Jr\/Ag\u00eancia Brasil<\/figcaption>\n\t\t<\/figure>\n\t<\/div>\n\n\n\n\n\n\t<p>\n\t\t<a href=\"\" target=\"_blank\" data-element=\"shortcode-suno-banner\" title=\"Banner SUNO, clique e saiba mais\">\n\t\t\t<picture>\n\t\t\t\t<source media=\"(max-width: 500px)\" srcset=\"\">\n\t\t\t\t<img class=\"newsContent__article__imgCapa newsContent__article__imgCapa--banner\"\n\t\t\t\t\tsrc=\"\"\n\t\t\t\t\tdata-promo-id=\"240038\"\t\t\t\t\t\t\t\t\t\t\t\t\t\t\talt=\"\"\n\t\t\t\t>\n\t\t\t<\/picture>\n\t\t<\/a>\n\t<\/p>\n\n\n\n\n\n\n\n<p>O mercado financeiro, ali\u00e1s, cortou as proje\u00e7\u00f5es da Selic terminal para 2023, saindo de 12% para 11,75%, segundo o <a href=\"https:\/\/www.suno.com.br\/noticias\/boletim-focus-selic-ipca-inflacao-0708-gpj\/\" target=\"_blank\" rel=\"noreferrer noopener\">Boletim Focus divulgado na v\u00e9spera<\/a>. Para o economista-chefe do Ita\u00fa, Mario Mesquita, a Ata do Copom reafirma essa proje\u00e7\u00e3o.<\/p>\n\n\n\n<p>&#8220;A ata indica que o comit\u00ea, como um todo, parece convicto de que o ritmo de 50 p.b. estabelecido na semana passada \u00e9 o adequado. O texto estabelece uma barra relativamente alta para a acelera\u00e7\u00e3o do processo de flexibiliza\u00e7\u00e3o, o que exigiria uma reancoragem mais forte das expectativas, uma amplia\u00e7\u00e3o mais acentuada do hiato do produto ou uma infla\u00e7\u00e3o de servi\u00e7os substancialmente menor&#8221;, analisa.<\/p>\n\n\n\n<p>&#8220;Com base nesta comunica\u00e7\u00e3o, e no fluxo de dados esperado, mantemos a proje\u00e7\u00e3o de que a <strong><a href=\"https:\/\/www.suno.com.br\/noticias\/corte-juros-taxa-selic-bolso-cpf\/\" target=\"_blank\" rel=\"noreferrer noopener\">Selic<\/a><\/strong> encerrar\u00e1 o ano em 11,75% a.a., mas n\u00e3o se pode descartar uma flexibiliza\u00e7\u00e3o mais r\u00e1pida, principalmente no final do ano&#8221;, acrescenta.<\/p>\n\n\n\n<p>Segundo a casa, o <strong>Copom<\/strong> indica que espera manter a <a class=\"suno-keyword\" target=\"_blank\" data-force=\"no\" data-priority=\"3\" href=\"https:\/\/www.suno.com.br\/artigos\/taxa-selic\/\" rel=\"noopener\">taxa Selic<\/a> em territ\u00f3rio contracionista ao longo do ciclo, sustentando a vis\u00e3o de que o n\u00edvel terminal de juros pode ser abaixo de 10,00% a.a., mas n\u00e3o muito al\u00e9m disso.<\/p>\n\n\n\n<p>O Bank of America (BofA) destacou que a ata mostrou um &#8220;consenso em manter o ritmo de flexibiliza\u00e7\u00e3o em 50 pontos base por reuni\u00e3o&#8221;, em linha com as expectativas da casa.<\/p>\n\n\n\n<p>&#8220;O conselho v\u00ea uma baixa probabilidade de cortes maiores nas taxas, j\u00e1 que um ritmo mais r\u00e1pido de flexibiliza\u00e7\u00e3o exigiria uma melhora adicional na infla\u00e7\u00e3o. Em compara\u00e7\u00e3o com a declara\u00e7\u00e3o, acreditamos que as atas foram neutras e ambas foram o mais agressivas poss\u00edvel, ao mesmo tempo em que entregavam um corte de 50 p.p.&#8221;, analisa.<\/p>\n\n\n\n<p>Os especialistas chamaram aten\u00e7\u00e3o para o fato de que 5 dos 9 membros do conselho votaram a favor do corte maio<\/p>\n\n\n\n<p>Como pontos-chave da reuni\u00e3o, a casa destacou que:<\/p>\n\n\n\n<ul class=\"wp-block-list\">\n<li>O cen\u00e1rio externo permanece incerto, com destaque para o n\u00facleo da infla\u00e7\u00e3o e desacelera\u00e7\u00e3o gradual em muitos pa\u00edses<\/li>\n\n\n\n<li>O sinal entre as autoridades monet\u00e1rias internacionais \u00e9 de uma taxa de juros mais alta por mais tempo<\/li>\n\n\n\n<li>A for\u00e7a do mercado de trabalho \u00e9 vista como moderada por alguns membros, embora todos concordem que n\u00e3o h\u00e1 press\u00f5es inflacion\u00e1rias nas negocia\u00e7\u00f5es salariais<\/li>\n\n\n\n<li>A acomoda\u00e7\u00e3o do setor de servi\u00e7os tem ocorrido nos \u00faltimos meses, com ritmo de crescimento da atividade em linha com as expectativas do comit\u00ea<\/li>\n<\/ul>\n\n\n\t<p>\n\t\t<a href=\"https:\/\/lp.suno.com.br\/ebook-gratuito-investindo-no-exterior\/\" target=\"_blank\" data-element=\"shortcode-suno-banner\" title=\"Banner SUNO, clique e saiba mais\">\n\t\t\t<picture>\n\t\t\t\t<source media=\"(max-width: 500px)\" srcset=\"https:\/\/files.sunoresearch.com.br\/n\/uploads\/2023\/03\/400x300-Investindo-no-exterior.png\">\n\t\t\t\t<img class=\"newsContent__article__imgCapa newsContent__article__imgCapa--banner\"\n\t\t\t\t\tsrc=\"https:\/\/files.sunoresearch.com.br\/n\/uploads\/2023\/03\/1420x240-Investindo-no-exterior.png\"\n\t\t\t\t\tdata-promo-id=\"383161\"\t\t\t\t\t\t\t\t\t\twidth='1420' height='240'\t\t\t\t\talt=\"https:\/\/files.sunoresearch.com.br\/n\/uploads\/2023\/03\/1420x240-Investindo-no-exterior.png\"\n\t\t\t\t>\n\t\t\t<\/picture>\n\t\t<\/a>\n\t<\/p>\n\n\n\n\n\n<h2 class=\"wp-block-heading\">Ata do Copom \u00e9 &#8220;hawkish&#8221;?<\/h2>\n\n\n\n<p>O economista chefe da Const\u00e2ncia Investimentos, Alexandre Lohmann, destacou que considerou o tom do Copom &#8220;hawkish&#8221; no documento divulgado nesta ter\u00e7a (8).<\/p>\n\n\n\n<p>&#8220;Na ata, buscando explicar uma decis\u00e3o dividia, o Copom reconhece que &#8220;houve clara melhora nos <a class=\"suno-keyword\" target=\"_blank\" data-force=\"no\" data-priority=\"1\" href=\"https:\/\/www.suno.com.br\/artigos\/indices-de-inflacao\/\" rel=\"noopener\">\u00edndices de infla\u00e7\u00e3o<\/a> cheia&#8221;, mas ponderando que existe risco para o futuro, como El Ni\u00f1o &#8211; parcialmente integrado no cen\u00e1rio &#8211; e a recente alta dos pre\u00e7os da energia&#8221;, analisa.<\/p>\n\n\n\n<p>&#8220;Enfim, a <strong>Ata do Copom<\/strong> mostra que o comit\u00ea julga pouco prov\u00e1vel uma intensifica\u00e7\u00e3o do ritmo de corte para um valor superior a 0,75, e que tal decis\u00e3o necessitaria de um n\u00edvel importante de surpresas positivas. Dessa forma, esse compromisso lembra o <a class=\"suno-keyword\" target=\"_blank\" data-force=\"no\" data-priority=\"1\" href=\"https:\/\/www.suno.com.br\/artigos\/forward-guidance\/\" rel=\"noopener\">forward guidance<\/a> do segundo semestre de 0,25%, mas com o comprometimento de corte em um ritmo controlado de 0,50p.p.&#8221;, completa<\/p>\n\n\n\t<p>\n\t\t<a href=\"https:\/\/lp.suno.com.br\/planilha-da-vida-financeira\/\" target=\"_blank\" data-element=\"shortcode-suno-banner\" title=\"Banner SUNO, clique e saiba mais\">\n\t\t\t<picture>\n\t\t\t\t<source media=\"(max-width: 500px)\" srcset=\"https:\/\/files.sunoresearch.com.br\/n\/uploads\/2023\/04\/400x300-Planilha-vida-financeira-true.png\">\n\t\t\t\t<img class=\"newsContent__article__imgCapa newsContent__article__imgCapa--banner\"\n\t\t\t\t\tsrc=\"https:\/\/files.sunoresearch.com.br\/n\/uploads\/2023\/04\/1420x240-Planilha-vida-financeira-true.png\"\n\t\t\t\t\tdata-promo-id=\"383123\"\t\t\t\t\t\t\t\t\t\twidth='1420' height='240'\t\t\t\t\talt=\"https:\/\/files.sunoresearch.com.br\/n\/uploads\/2023\/04\/1420x240-Planilha-vida-financeira-true.png\"\n\t\t\t\t>\n\t\t\t<\/picture>\n\t\t<\/a>\n\t<\/p>\n\n\n","protected":false},"excerpt":{"rendered":"<p>Conforme analistas, a Ata do Copom divulgada na manha desta ter\u00e7a-feira (8) mostra que o ritmo adotado pela autoridade monet\u00e1ria tem sido adequado e deve sinalizar um norte de como o Banco Central (BC) vai se comportar at\u00e9 o fim do ano. Copom corta Selic. Foto: Marcello Casal Jr\/Ag\u00eancia Brasil O mercado financeiro, ali\u00e1s, cortou [&hellip;]<\/p>\n","protected":false},"author":73,"featured_media":267838,"comment_status":"closed","ping_status":"closed","sticky":false,"template":"","format":"standard","meta":[],"categories":[62],"tags":[1104,105816,2448],"suno_strategy":[],"class_list":["post-439630","post","type-post","status-publish","format-standard","has-post-thumbnail","hentry","category-economia","tag-copom","tag-especialistas","tag-politica-monetaria"],"yoast_head":"<!-- This site is optimized with the Yoast SEO plugin v24.4 - https:\/\/yoast.com\/wordpress\/plugins\/seo\/ -->\n<title>Ata do Copom: O que esperar da Selic para o fim de 2023?<\/title>\n<meta name=\"description\" content=\"Analistas destacaram que Ata do Copom refor\u00e7a proje\u00e7\u00f5es de Selic terminal de 11,75% para o ano de 2023, refletida no \u00faltimo Focus\" \/>\n<meta name=\"robots\" content=\"index, follow, max-snippet:-1, max-image-preview:large, max-video-preview:-1\" \/>\n<link rel=\"canonical\" href=\"https:\/\/www.suno.com.br\/noticias\/ata-do-copom-analistas-selic-juros-evm\/\" \/>\n<meta property=\"og:locale\" content=\"pt_BR\" \/>\n<meta property=\"og:type\" content=\"article\" \/>\n<meta property=\"og:title\" content=\"Ata do Copom: O que esperar da Selic para o fim de 2023?\" \/>\n<meta property=\"og:description\" content=\"Analistas destacaram que Ata do Copom refor\u00e7a proje\u00e7\u00f5es de Selic terminal de 11,75% para o ano de 2023, refletida no \u00faltimo Focus\" \/>\n<meta property=\"og:url\" content=\"https:\/\/www.suno.com.br\/noticias\/ata-do-copom-analistas-selic-juros-evm\/\" \/>\n<meta property=\"og:site_name\" content=\"Suno Not\u00edcias\" \/>\n<meta property=\"article:publisher\" content=\"https:\/\/facebook.com\/sunoresearch\" \/>\n<meta property=\"og:image\" content=\"https:\/\/files.sunoresearch.com.br\/n\/uploads\/2022\/06\/copom.jpg\" \/>\n\t<meta property=\"og:image:width\" content=\"1280\" \/>\n\t<meta property=\"og:image:height\" content=\"853\" \/>\n\t<meta property=\"og:image:type\" content=\"image\/jpeg\" \/>\n<meta name=\"author\" content=\"Eduardo Vargas\" \/>\n<meta name=\"twitter:card\" content=\"summary_large_image\" \/>\n<meta name=\"twitter:creator\" content=\"@sunoresearch\" \/>\n<meta name=\"twitter:site\" content=\"@sunoresearch\" \/>\n<meta name=\"twitter:label1\" content=\"Escrito por\" \/>\n\t<meta name=\"twitter:data1\" content=\"Eduardo Vargas\" \/>\n\t<meta name=\"twitter:label2\" content=\"Est. tempo de leitura\" \/>\n\t<meta name=\"twitter:data2\" content=\"4 minutos\" \/>\n<script type=\"application\/ld+json\" class=\"yoast-schema-graph\">{\"@context\":\"https:\/\/schema.org\",\"@graph\":[{\"@type\":\"NewsArticle\",\"@id\":\"https:\/\/www.suno.com.br\/noticias\/ata-do-copom-analistas-selic-juros-evm\/#article\",\"isPartOf\":{\"@id\":\"https:\/\/www.suno.com.br\/noticias\/ata-do-copom-analistas-selic-juros-evm\/\"},\"author\":{\"name\":\"Eduardo Vargas\",\"@id\":\"https:\/\/www.suno.com.br\/noticias\/#\/schema\/person\/7f4d362bf3518e76090143ae77bb49a5\"},\"headline\":\"Ata do Copom: o que esperar da Selic para o fim de 2023?\",\"datePublished\":\"2023-08-08T15:43:00+00:00\",\"dateModified\":\"2023-08-08T16:11:22+00:00\",\"mainEntityOfPage\":{\"@id\":\"https:\/\/www.suno.com.br\/noticias\/ata-do-copom-analistas-selic-juros-evm\/\"},\"wordCount\":618,\"publisher\":{\"@id\":\"https:\/\/www.suno.com.br\/noticias\/#organization\"},\"image\":{\"@id\":\"https:\/\/www.suno.com.br\/noticias\/ata-do-copom-analistas-selic-juros-evm\/#primaryimage\"},\"thumbnailUrl\":\"https:\/\/files.sunoresearch.com.br\/n\/uploads\/2022\/06\/copom.jpg\",\"keywords\":[\"Copom\",\"Especialistas\",\"pol\u00edtica monet\u00e1ria\"],\"articleSection\":[\"Economia\"],\"inLanguage\":\"pt-BR\"},{\"@type\":\"WebPage\",\"@id\":\"https:\/\/www.suno.com.br\/noticias\/ata-do-copom-analistas-selic-juros-evm\/\",\"url\":\"https:\/\/www.suno.com.br\/noticias\/ata-do-copom-analistas-selic-juros-evm\/\",\"name\":\"Ata do Copom: O que esperar da Selic para o fim de 2023?\",\"isPartOf\":{\"@id\":\"https:\/\/www.suno.com.br\/noticias\/#website\"},\"primaryImageOfPage\":{\"@id\":\"https:\/\/www.suno.com.br\/noticias\/ata-do-copom-analistas-selic-juros-evm\/#primaryimage\"},\"image\":{\"@id\":\"https:\/\/www.suno.com.br\/noticias\/ata-do-copom-analistas-selic-juros-evm\/#primaryimage\"},\"thumbnailUrl\":\"https:\/\/files.sunoresearch.com.br\/n\/uploads\/2022\/06\/copom.jpg\",\"datePublished\":\"2023-08-08T15:43:00+00:00\",\"dateModified\":\"2023-08-08T16:11:22+00:00\",\"description\":\"Analistas destacaram que Ata do Copom refor\u00e7a proje\u00e7\u00f5es de Selic terminal de 11,75% para o ano de 2023, refletida no \u00faltimo Focus\",\"breadcrumb\":{\"@id\":\"https:\/\/www.suno.com.br\/noticias\/ata-do-copom-analistas-selic-juros-evm\/#breadcrumb\"},\"inLanguage\":\"pt-BR\",\"potentialAction\":[{\"@type\":\"ReadAction\",\"target\":[\"https:\/\/www.suno.com.br\/noticias\/ata-do-copom-analistas-selic-juros-evm\/\"]}]},{\"@type\":\"ImageObject\",\"inLanguage\":\"pt-BR\",\"@id\":\"https:\/\/www.suno.com.br\/noticias\/ata-do-copom-analistas-selic-juros-evm\/#primaryimage\",\"url\":\"https:\/\/files.sunoresearch.com.br\/n\/uploads\/2022\/06\/copom.jpg\",\"contentUrl\":\"https:\/\/files.sunoresearch.com.br\/n\/uploads\/2022\/06\/copom.jpg\",\"width\":1280,\"height\":853,\"caption\":\"Copom corta Selic. Foto: Marcello Casal Jr\/Ag\u00eancia Brasil\"},{\"@type\":\"BreadcrumbList\",\"@id\":\"https:\/\/www.suno.com.br\/noticias\/ata-do-copom-analistas-selic-juros-evm\/#breadcrumb\",\"itemListElement\":[{\"@type\":\"ListItem\",\"position\":1,\"name\":\"Not\u00edcias\",\"item\":\"https:\/\/www.suno.com.br\/noticias\/\"},{\"@type\":\"ListItem\",\"position\":2,\"name\":\"Economia\",\"item\":\"https:\/\/www.suno.com.br\/noticias\/economia\/\"},{\"@type\":\"ListItem\",\"position\":3,\"name\":\"Ata do Copom: o que esperar da Selic para o fim de 2023?\"}]},{\"@type\":\"WebSite\",\"@id\":\"https:\/\/www.suno.com.br\/noticias\/#website\",\"url\":\"https:\/\/www.suno.com.br\/noticias\/\",\"name\":\"Suno Not\u00edcias\",\"description\":\"Seu portal de informa\u00e7\u00e3o sobre o mundo dos investimentos\",\"publisher\":{\"@id\":\"https:\/\/www.suno.com.br\/noticias\/#organization\"},\"potentialAction\":[{\"@type\":\"SearchAction\",\"target\":{\"@type\":\"EntryPoint\",\"urlTemplate\":\"https:\/\/www.suno.com.br\/noticias\/?s={search_term_string}\"},\"query-input\":{\"@type\":\"PropertyValueSpecification\",\"valueRequired\":true,\"valueName\":\"search_term_string\"}}],\"inLanguage\":\"pt-BR\"},{\"@type\":\"Organization\",\"@id\":\"https:\/\/www.suno.com.br\/noticias\/#organization\",\"name\":\"Suno Not\u00edcias\",\"url\":\"https:\/\/www.suno.com.br\/noticias\/\",\"logo\":{\"@type\":\"ImageObject\",\"inLanguage\":\"pt-BR\",\"@id\":\"https:\/\/www.suno.com.br\/noticias\/#\/schema\/logo\/image\/\",\"url\":\"https:\/\/files.sunoresearch.com.br\/n\/uploads\/2021\/09\/suno-logo.png\",\"contentUrl\":\"https:\/\/files.sunoresearch.com.br\/n\/uploads\/2021\/09\/suno-logo.png\",\"width\":180,\"height\":180,\"caption\":\"Suno Not\u00edcias\"},\"image\":{\"@id\":\"https:\/\/www.suno.com.br\/noticias\/#\/schema\/logo\/image\/\"},\"sameAs\":[\"https:\/\/facebook.com\/sunoresearch\",\"https:\/\/x.com\/sunoresearch\",\"https:\/\/www.instagram.com\/suno\",\"https:\/\/www.linkedin.com\/company\/suno-research\/\",\"https:\/\/www.youtube.com\/c\/sunoresearch\"]},{\"@type\":\"Person\",\"@id\":\"https:\/\/www.suno.com.br\/noticias\/#\/schema\/person\/7f4d362bf3518e76090143ae77bb49a5\",\"name\":\"Eduardo Vargas\",\"image\":{\"@type\":\"ImageObject\",\"inLanguage\":\"pt-BR\",\"@id\":\"https:\/\/www.suno.com.br\/noticias\/#\/schema\/person\/image\/\",\"url\":\"https:\/\/secure.gravatar.com\/avatar\/dac340933427a22924c9f99d1eb2e3f2?s=96&r=g\",\"contentUrl\":\"https:\/\/secure.gravatar.com\/avatar\/dac340933427a22924c9f99d1eb2e3f2?s=96&r=g\",\"caption\":\"Eduardo Vargas\"},\"description\":\"Jornalista formado pela UFSC, cobre macroeconomia, neg\u00f3cios e startups para o Suno Not\u00edcias, escrevendo principalmente not\u00edcias sobre o mercado financeiro e a bolsa de valores. No YouTube e no Instagram, \u00e9 respons\u00e1vel pela produ\u00e7\u00e3o de Reels e Shorts do Suno Not\u00edcias. Anteriormente, trabalhou cobrindo economia e cotidiano no ND+ e para o ND, maior jornal impresso de Santa Catarina. Cursou um semestre letivo de Estudos de M\u00eddia na Universidad de Buenos Aires.\",\"url\":\"https:\/\/www.suno.com.br\/noticias\/author\/eduardo-vargas\/\"}]}<\/script>\n<!-- \/ Yoast SEO plugin. -->","yoast_head_json":{"title":"Ata do Copom: O que esperar da Selic para o fim de 2023?","description":"Analistas destacaram que Ata do Copom refor\u00e7a proje\u00e7\u00f5es de Selic terminal de 11,75% para o ano de 2023, refletida no \u00faltimo Focus","robots":{"index":"index","follow":"follow","max-snippet":"max-snippet:-1","max-image-preview":"max-image-preview:large","max-video-preview":"max-video-preview:-1"},"canonical":"https:\/\/www.suno.com.br\/noticias\/ata-do-copom-analistas-selic-juros-evm\/","og_locale":"pt_BR","og_type":"article","og_title":"Ata do Copom: O que esperar da Selic para o fim de 2023?","og_description":"Analistas destacaram que Ata do Copom refor\u00e7a proje\u00e7\u00f5es de Selic terminal de 11,75% para o ano de 2023, refletida no \u00faltimo Focus","og_url":"https:\/\/www.suno.com.br\/noticias\/ata-do-copom-analistas-selic-juros-evm\/","og_site_name":"Suno Not\u00edcias","article_publisher":"https:\/\/facebook.com\/sunoresearch","og_image":[{"width":1280,"height":853,"url":"https:\/\/files.sunoresearch.com.br\/n\/uploads\/2022\/06\/copom.jpg","type":"image\/jpeg"}],"author":"Eduardo Vargas","twitter_card":"summary_large_image","twitter_creator":"@sunoresearch","twitter_site":"@sunoresearch","twitter_misc":{"Escrito por":"Eduardo Vargas","Est. tempo de leitura":"4 minutos"},"schema":{"@context":"https:\/\/schema.org","@graph":[{"@type":"NewsArticle","@id":"https:\/\/www.suno.com.br\/noticias\/ata-do-copom-analistas-selic-juros-evm\/#article","isPartOf":{"@id":"https:\/\/www.suno.com.br\/noticias\/ata-do-copom-analistas-selic-juros-evm\/"},"author":{"name":"Eduardo Vargas","@id":"https:\/\/www.suno.com.br\/noticias\/#\/schema\/person\/7f4d362bf3518e76090143ae77bb49a5"},"headline":"Ata do Copom: o que esperar da Selic para o fim de 2023?","datePublished":"2023-08-08T15:43:00+00:00","dateModified":"2023-08-08T16:11:22+00:00","mainEntityOfPage":{"@id":"https:\/\/www.suno.com.br\/noticias\/ata-do-copom-analistas-selic-juros-evm\/"},"wordCount":618,"publisher":{"@id":"https:\/\/www.suno.com.br\/noticias\/#organization"},"image":{"@id":"https:\/\/www.suno.com.br\/noticias\/ata-do-copom-analistas-selic-juros-evm\/#primaryimage"},"thumbnailUrl":"https:\/\/files.sunoresearch.com.br\/n\/uploads\/2022\/06\/copom.jpg","keywords":["Copom","Especialistas","pol\u00edtica monet\u00e1ria"],"articleSection":["Economia"],"inLanguage":"pt-BR"},{"@type":"WebPage","@id":"https:\/\/www.suno.com.br\/noticias\/ata-do-copom-analistas-selic-juros-evm\/","url":"https:\/\/www.suno.com.br\/noticias\/ata-do-copom-analistas-selic-juros-evm\/","name":"Ata do Copom: O que esperar da Selic para o fim de 2023?","isPartOf":{"@id":"https:\/\/www.suno.com.br\/noticias\/#website"},"primaryImageOfPage":{"@id":"https:\/\/www.suno.com.br\/noticias\/ata-do-copom-analistas-selic-juros-evm\/#primaryimage"},"image":{"@id":"https:\/\/www.suno.com.br\/noticias\/ata-do-copom-analistas-selic-juros-evm\/#primaryimage"},"thumbnailUrl":"https:\/\/files.sunoresearch.com.br\/n\/uploads\/2022\/06\/copom.jpg","datePublished":"2023-08-08T15:43:00+00:00","dateModified":"2023-08-08T16:11:22+00:00","description":"Analistas destacaram que Ata do Copom refor\u00e7a proje\u00e7\u00f5es de Selic terminal de 11,75% para o ano de 2023, refletida no \u00faltimo Focus","breadcrumb":{"@id":"https:\/\/www.suno.com.br\/noticias\/ata-do-copom-analistas-selic-juros-evm\/#breadcrumb"},"inLanguage":"pt-BR","potentialAction":[{"@type":"ReadAction","target":["https:\/\/www.suno.com.br\/noticias\/ata-do-copom-analistas-selic-juros-evm\/"]}]},{"@type":"ImageObject","inLanguage":"pt-BR","@id":"https:\/\/www.suno.com.br\/noticias\/ata-do-copom-analistas-selic-juros-evm\/#primaryimage","url":"https:\/\/files.sunoresearch.com.br\/n\/uploads\/2022\/06\/copom.jpg","contentUrl":"https:\/\/files.sunoresearch.com.br\/n\/uploads\/2022\/06\/copom.jpg","width":1280,"height":853,"caption":"Copom corta Selic. Foto: Marcello Casal Jr\/Ag\u00eancia Brasil"},{"@type":"BreadcrumbList","@id":"https:\/\/www.suno.com.br\/noticias\/ata-do-copom-analistas-selic-juros-evm\/#breadcrumb","itemListElement":[{"@type":"ListItem","position":1,"name":"Not\u00edcias","item":"https:\/\/www.suno.com.br\/noticias\/"},{"@type":"ListItem","position":2,"name":"Economia","item":"https:\/\/www.suno.com.br\/noticias\/economia\/"},{"@type":"ListItem","position":3,"name":"Ata do Copom: o que esperar da Selic para o fim de 2023?"}]},{"@type":"WebSite","@id":"https:\/\/www.suno.com.br\/noticias\/#website","url":"https:\/\/www.suno.com.br\/noticias\/","name":"Suno Not\u00edcias","description":"Seu portal de informa\u00e7\u00e3o sobre o mundo dos investimentos","publisher":{"@id":"https:\/\/www.suno.com.br\/noticias\/#organization"},"potentialAction":[{"@type":"SearchAction","target":{"@type":"EntryPoint","urlTemplate":"https:\/\/www.suno.com.br\/noticias\/?s={search_term_string}"},"query-input":{"@type":"PropertyValueSpecification","valueRequired":true,"valueName":"search_term_string"}}],"inLanguage":"pt-BR"},{"@type":"Organization","@id":"https:\/\/www.suno.com.br\/noticias\/#organization","name":"Suno Not\u00edcias","url":"https:\/\/www.suno.com.br\/noticias\/","logo":{"@type":"ImageObject","inLanguage":"pt-BR","@id":"https:\/\/www.suno.com.br\/noticias\/#\/schema\/logo\/image\/","url":"https:\/\/files.sunoresearch.com.br\/n\/uploads\/2021\/09\/suno-logo.png","contentUrl":"https:\/\/files.sunoresearch.com.br\/n\/uploads\/2021\/09\/suno-logo.png","width":180,"height":180,"caption":"Suno Not\u00edcias"},"image":{"@id":"https:\/\/www.suno.com.br\/noticias\/#\/schema\/logo\/image\/"},"sameAs":["https:\/\/facebook.com\/sunoresearch","https:\/\/x.com\/sunoresearch","https:\/\/www.instagram.com\/suno","https:\/\/www.linkedin.com\/company\/suno-research\/","https:\/\/www.youtube.com\/c\/sunoresearch"]},{"@type":"Person","@id":"https:\/\/www.suno.com.br\/noticias\/#\/schema\/person\/7f4d362bf3518e76090143ae77bb49a5","name":"Eduardo Vargas","image":{"@type":"ImageObject","inLanguage":"pt-BR","@id":"https:\/\/www.suno.com.br\/noticias\/#\/schema\/person\/image\/","url":"https:\/\/secure.gravatar.com\/avatar\/dac340933427a22924c9f99d1eb2e3f2?s=96&r=g","contentUrl":"https:\/\/secure.gravatar.com\/avatar\/dac340933427a22924c9f99d1eb2e3f2?s=96&r=g","caption":"Eduardo Vargas"},"description":"Jornalista formado pela UFSC, cobre macroeconomia, neg\u00f3cios e startups para o Suno Not\u00edcias, escrevendo principalmente not\u00edcias sobre o mercado financeiro e a bolsa de valores. No YouTube e no Instagram, \u00e9 respons\u00e1vel pela produ\u00e7\u00e3o de Reels e Shorts do Suno Not\u00edcias. Anteriormente, trabalhou cobrindo economia e cotidiano no ND+ e para o ND, maior jornal impresso de Santa Catarina. Cursou um semestre letivo de Estudos de M\u00eddia na Universidad de Buenos Aires.","url":"https:\/\/www.suno.com.br\/noticias\/author\/eduardo-vargas\/"}]}},"default_loop_html":"<div class=\"cardsPage__listCard__boxs\"><div class=\"cardsPage__listCard__boxs__img\"><a href=\"https:\/\/www.suno.com.br\/noticias\/ata-do-copom-analistas-selic-juros-evm\/\"><img class=\"mask\" src=\"https:\/\/www.suno.com.br\/noticias\/wp-content\/themes\/suno\/resources\/images\/spotlight\/spotlight1img\/bg-mask.png\" alt=\"Image Mask\"\/><img src=\"https:\/\/files.sunoresearch.com.br\/n\/uploads\/2022\/06\/copom-400x200.jpg\" alt=\"Ata do Copom: o que esperar da Selic para o fim de 2023?\"\/><\/a><span class=\"spotlightCategory\"><a href=\"https:\/\/www.suno.com.br\/noticias\/economia\/\">Economia<\/a><\/span><\/div><div class=\"cardsPage__listCard__boxs__content\"><a href=\"https:\/\/www.suno.com.br\/noticias\/ata-do-copom-analistas-selic-juros-evm\/\"><h2 class=\"content__title\">Ata do Copom: o que esperar da Selic para o fim de 2023?<\/h2><\/a><div class=\"newsContent__article__meta\"><div class=\"newsContent__article__meta__authorBox\"><a href=\"https:\/\/www.suno.com.br\/noticias\/author\/eduardo-vargas\/\" class=\"authorBox__avatar noMobi\"><img src=\"https:\/\/secure.gravatar.com\/avatar\/dac340933427a22924c9f99d1eb2e3f2?s=96&#038;r=g\" alt=\"Eduardo Vargas\"><\/a><div class=\"authorBox__name\"><span>por\n\t\t\t<a href=\"https:\/\/www.suno.com.br\/noticias\/author\/eduardo-vargas\/\"><span itemprop=\"author\">Eduardo Vargas<\/span><\/a><\/span><time datetime=\"2023-08-08T12:43:00-03:00\" itemprop=\"datePublished\">08\/08\/2023 12:43<\/time><\/div><\/div><\/div><\/div><\/div>","single_layout":"posts","amp_enabled":true,"_links":{"self":[{"href":"https:\/\/www.suno.com.br\/noticias\/wp-json\/wp\/v2\/posts\/439630"}],"collection":[{"href":"https:\/\/www.suno.com.br\/noticias\/wp-json\/wp\/v2\/posts"}],"about":[{"href":"https:\/\/www.suno.com.br\/noticias\/wp-json\/wp\/v2\/types\/post"}],"author":[{"embeddable":true,"href":"https:\/\/www.suno.com.br\/noticias\/wp-json\/wp\/v2\/users\/73"}],"replies":[{"embeddable":true,"href":"https:\/\/www.suno.com.br\/noticias\/wp-json\/wp\/v2\/comments?post=439630"}],"version-history":[{"count":2,"href":"https:\/\/www.suno.com.br\/noticias\/wp-json\/wp\/v2\/posts\/439630\/revisions"}],"predecessor-version":[{"id":439694,"href":"https:\/\/www.suno.com.br\/noticias\/wp-json\/wp\/v2\/posts\/439630\/revisions\/439694"}],"wp:featuredmedia":[{"embeddable":true,"href":"https:\/\/www.suno.com.br\/noticias\/wp-json\/wp\/v2\/media\/267838"}],"wp:attachment":[{"href":"https:\/\/www.suno.com.br\/noticias\/wp-json\/wp\/v2\/media?parent=439630"}],"wp:term":[{"taxonomy":"category","embeddable":true,"href":"https:\/\/www.suno.com.br\/noticias\/wp-json\/wp\/v2\/categories?post=439630"},{"taxonomy":"post_tag","embeddable":true,"href":"https:\/\/www.suno.com.br\/noticias\/wp-json\/wp\/v2\/tags?post=439630"},{"taxonomy":"suno_strategy","embeddable":true,"href":"https:\/\/www.suno.com.br\/noticias\/wp-json\/wp\/v2\/suno_strategy?post=439630"}],"curies":[{"name":"wp","href":"https:\/\/api.w.org\/{rel}","templated":true}]}}