{"id":439524,"date":"2023-08-08T11:09:30","date_gmt":"2023-08-08T14:09:30","guid":{"rendered":"https:\/\/www.suno.com.br\/noticias\/?p=439524"},"modified":"2023-08-08T11:14:47","modified_gmt":"2023-08-08T14:14:47","slug":"eletrobras-elet3-planeja-emissao-debentures-gpj","status":"publish","type":"post","link":"https:\/\/www.suno.com.br\/noticias\/eletrobras-elet3-planeja-emissao-debentures-gpj\/","title":{"rendered":"Eletrobras (ELET3) planeja emiss\u00e3o bilion\u00e1ria de deb\u00eantures; veja valores"},"content":{"rendered":"<p>Em fato<a href=\"https:\/\/www.suno.com.br\/artigos\/fato-relevante\/\"> <\/a>relevante divulgado na segunda-feira (7), a <a href=\"https:\/\/www.suno.com.br\/acoes\/ELET3\/\"><strong>Eletrobras<\/strong> (ELET3)<\/a> informou que est\u00e1 em fase de contrata\u00e7\u00e3o de um sindicato de bancos respons\u00e1vel pela estrutura\u00e7\u00e3o da poss\u00edvel opera\u00e7\u00e3o da sua quarta emiss\u00e3o de deb\u00eantures simples, avaliada em R$ 7 bilh\u00f5es, sendo R$ 4 bilh\u00f5es na primeira s\u00e9rie e R$ 3 bilh\u00f5es na segunda s\u00e9rie.<\/p>\t<div class=\"wrapper-featured-image\">\n\t\t<figure class=\"spotlightImg\">\n\n\t\t\t<picture>\n\t\t\t\t<source media=\"(max-width: 768px)\" srcset=\"https:\/\/files.sunoresearch.com.br\/n\/uploads\/2021\/02\/c3b3f26a-eletrobras-400x200.webp\">\n\t\t\t\t<img loading=\"lazy\" decoding=\"async\" class=\"newsContent__article__imgCapa lazyloadDisabled \" src=\"https:\/\/files.sunoresearch.com.br\/n\/uploads\/2021\/02\/c3b3f26a-eletrobras-800x450.webp\" width=\"800\" height=\"450\" alt=\"Eletrobras (ELET3) planeja emiss\u00e3o bilion\u00e1ria de deb\u00eantures; veja valores\" fetchpriority=high \/>\n\t\t\t<\/picture>\n\n\t\t\t<figcaption class=\"wp-caption-text wp-caption-text--show\">Eletrobras (ELET3). Foto: Divulga\u00e7\u00e3o.<\/figcaption>\n\t\t<\/figure>\n\t<\/div>\n\n\n\n\n\n\n\n\t<p>\n\t\t<a href=\"\" target=\"_blank\" data-element=\"shortcode-suno-banner\" title=\"Banner SUNO, clique e saiba mais\">\n\t\t\t<picture>\n\t\t\t\t<source media=\"(max-width: 500px)\" srcset=\"\">\n\t\t\t\t<img class=\"newsContent__article__imgCapa newsContent__article__imgCapa--banner\"\n\t\t\t\t\tsrc=\"\"\n\t\t\t\t\tdata-promo-id=\"265372\"\t\t\t\t\t\t\t\t\t\t\t\t\t\t\talt=\"\"\n\t\t\t\t>\n\t\t\t<\/picture>\n\t\t<\/a>\n\t<\/p>\n\n\n\n\n\n<p>No comunicado, a Eletrobras afirmou ainda que planeja, via Furnas Centrais El\u00e9tricas, subsidi\u00e1ria integral da companhia, a primeira <strong>oferta de notas comerciais<\/strong> escriturais, em cinco s\u00e9ries, avaliada em R$ 3,5 bilh\u00f5es.<\/p>\n\n\n\n<p>Ainda de acordo com o texto, a companhia organiza sua quarta emiss\u00e3o de <strong>deb\u00eantures simples<\/strong> no valor de R$ 250 milh\u00f5es, via Companhia de Gera\u00e7\u00e3o e Transmiss\u00e3o de Energia El\u00e9trica do Sul do Brasil (CGT Eletrosul).<\/p>\n\n\n\n<p>&#8220;A companhia esclarece que o processo de contrata\u00e7\u00e3o do sindicato ainda est\u00e1 em andamento e a potencial oferta da Eletrobras est\u00e1 em tratativas preliminares&#8221;, disse a Eletrobras.<\/p>\n\n\n\n\t<div data-element=\"shortcode-read-more\" class=\"readToo\">\n\t\t\t\t<span class=\"readToo__title\">Leia mais<\/span>\n\t\t\t\t<ul class=\"readToo__list\">\n\t\t\t<li><a href=\"https:\/\/www.suno.com.br\/noticias\/ibovespa-hoje-opera-queda-com-ata-copom-gpj\/\">Ibovespa fecha em queda ap\u00f3s ata do Copom; Petrobras (PETR4) tem leve alta e Vale (VALE3) recua<\/a><\/li><li><a href=\"https:\/\/www.suno.com.br\/noticias\/destaques-itau-itub4-eletrobras-e-mais-va\/\">Ita\u00fa (ITUB4), Eletrobras (ELET3) e Vivara (VIVA3) est\u00e3o no foco do mercado financeiro hoje; confira destaques<\/a><\/li><li><a href=\"https:\/\/www.suno.com.br\/noticias\/vivara-viva3-lucro-sobe-no-segundo-trimestre-gpj\/\">Vivara (VIVA3): lucro sobe 23,5% no segundo trimestre deste ano, para R$ 109,9 milh\u00f5es<\/a><\/li><li><a href=\"https:\/\/www.suno.com.br\/noticias\/itau-itub4-resultados-2t23-lucro-bilionario-jvj\/\">Ita\u00fa (ITUB4) tem resultado 13,9% maior no 2T23 e lucro de R$ 8,742 bilh\u00f5es supera expectativas<\/a><\/li>\t\t<\/ul>\n\t<\/div>\n\n\n\n\t<p>\n\t\t<a href=\"https:\/\/lp.suno.com.br\/ebook-como-analisar-uma-acao\/\" target=\"_blank\" data-element=\"shortcode-suno-banner\" title=\"Banner SUNO, clique e saiba mais\">\n\t\t\t<picture>\n\t\t\t\t<source media=\"(max-width: 500px)\" srcset=\"https:\/\/files.sunoresearch.com.br\/n\/uploads\/2023\/03\/Ebook-Acoes-Mobile.jpg\">\n\t\t\t\t<img class=\"newsContent__article__imgCapa newsContent__article__imgCapa--banner\"\n\t\t\t\t\tsrc=\"https:\/\/files.sunoresearch.com.br\/n\/uploads\/2023\/03\/Ebook-Acoes-Desktop.jpg\"\n\t\t\t\t\tdata-promo-id=\"378302\"\t\t\t\t\t\t\t\t\t\twidth='1420' height='286'\t\t\t\t\talt=\"https:\/\/files.sunoresearch.com.br\/n\/uploads\/2023\/03\/Ebook-Acoes-Desktop.jpg\"\n\t\t\t\t>\n\t\t\t<\/picture>\n\t\t<\/a>\n\t<\/p>\n\n\n\n\n\n<h2 class=\"wp-block-heading\">Lucro bilion\u00e1rio da Eletrobras aumenta 16% no segundo trimestre de 2023<\/h2>\n\n\n\n<p>A&nbsp;Eletrobras<strong>&nbsp;<\/strong>anotou&nbsp;<a href=\"https:\/\/www.suno.com.br\/artigos\/lucro-liquido\/\" target=\"_blank\" rel=\"noreferrer noopener\">lucro l\u00edquido<\/a>&nbsp;de R$ 1,61 bilh\u00e3o no segundo trimestre de 2023 (2T23), representando um aumento de 16% ante igual etapa do ano anterior. O&nbsp;resultado foi antecipado e divulgado na madrugada desta ter\u00e7a-feira (8). Estava previsto para ser divulgado hoje, mas ap\u00f3s o fechamento do mercado.<\/p>\n\n\n\n<p>O lucro antes dos juros, impostos,&nbsp;<a href=\"https:\/\/www.suno.com.br\/artigos\/depreciacao-amortizacao\/\" target=\"_blank\" rel=\"noreferrer noopener\">deprecia\u00e7\u00e3o e amortiza\u00e7\u00e3o<\/a>&nbsp;(Ebitda) da&nbsp;<strong>Eletrobras no 2T23<\/strong>&nbsp;foi de R$ 6,595 bilh\u00f5es, representando uma alta de 59% na base anual.<\/p>\n\n\n\n<p>J\u00e1 o Ebitda recorrente cresceu 2%, para R$ 5,431 bilh\u00f5es.<\/p>\n\n\n\n<p>Segundo o&nbsp;resultado da companhia, a&nbsp;<a href=\"https:\/\/www.suno.com.br\/artigos\/receita-liquida-operacional\/\" target=\"_blank\" rel=\"noreferrer noopener\">receita operacional l\u00edquida<\/a>&nbsp;cresceu 4% ante igual etapa do ano anterior, para atuais R$ 9,246 bilh\u00f5es.<\/p>\n\n\n\n<p>A&nbsp;<a href=\"https:\/\/www.suno.com.br\/artigos\/receita-liquida-operacional\/\" target=\"_blank\" rel=\"noreferrer noopener\">receita operacional l\u00edquida<\/a>&nbsp;recorrente, por sua vez, saltou 4%, para R$ 9,209 bilh\u00f5es.<\/p>\n\n\n\n<p>A&nbsp;<strong><a href=\"https:\/\/www.suno.com.br\/artigos\/margem-ebitda\/\" target=\"_blank\" rel=\"noreferrer noopener\">margem Ebitda<\/a>&nbsp;da Eletrobras<\/strong>&nbsp;foi de 71% neste trimestre, ante 47% vistos um ano antes. J\u00e1 a margem Ebitda recorrente caiu de 60% no segundo trimestre de 2022 para 59% entre os meses de abril e junho deste ano.<\/p>\n\n\n\n<p>O lucro antes dos juros, impostos,&nbsp;<a href=\"https:\/\/www.suno.com.br\/artigos\/depreciacao-amortizacao\/\" target=\"_blank\" rel=\"noreferrer noopener\">deprecia\u00e7\u00e3o e amortiza\u00e7\u00e3o<\/a>&nbsp;(Ebitda) da&nbsp;<strong>Eletrobras no 2T23<\/strong>&nbsp;foi de R$ 6,595 bilh\u00f5es, representando uma alta de 59% na base anual.<\/p>\n\n\n\n<p>J\u00e1 o Ebitda recorrente cresceu 2%, para R$ 5,431 bilh\u00f5es.<\/p>\n\n\n\n<p>Segundo o&nbsp;resultado da companhia, a&nbsp;<a href=\"https:\/\/www.suno.com.br\/artigos\/receita-liquida-operacional\/\" target=\"_blank\" rel=\"noreferrer noopener\">receita operacional l\u00edquida<\/a>&nbsp;cresceu 4% ante igual etapa do ano anterior, para atuais R$ 9,246 bilh\u00f5es.<\/p>\n\n\n\n<p>A&nbsp;<a href=\"https:\/\/www.suno.com.br\/artigos\/receita-liquida-operacional\/\" target=\"_blank\" rel=\"noreferrer noopener\">receita operacional l\u00edquida<\/a>&nbsp;recorrente, por sua vez, saltou 4%, para R$ 9,209 bilh\u00f5es.<\/p>\n\n\n\n<p>A&nbsp;<strong><a href=\"https:\/\/www.suno.com.br\/artigos\/margem-ebitda\/\" target=\"_blank\" rel=\"noreferrer noopener\">margem Ebitda<\/a>&nbsp;da Eletrobras<\/strong>&nbsp;foi de 71% neste trimestre, ante 47% vistos um ano antes. J\u00e1 a margem Ebitda recorrente caiu de 60% no segundo trimestre de 2022 para 59% entre os meses de abril e junho deste ano.<\/p>\n\n\n\n<h2 class=\"wp-block-heading\">Desempenho das a\u00e7\u00f5es da Eletrobras<\/h2>\n\n\n\n<div class=\"pluginQuotation\">\n  <p class=\"ticker\">\n    Cota\u00e7\u00e3o <span>ELET3<\/span>\n  <\/p>\n  <div class=\"info\">\n    <div class=\"leftSide\">\n      Gr\u00e1fico gerado em: 08\/08\/2023    <\/div>\n\t\t\t\t\t<div class=\"rightSide\">\n\t\t\t\t\t<span class=\"period\">\n\t\t\t\t\t\t1 Dia\t\t\t\t\t<\/span>\n\t\t\t<\/div>\n\t\t  <\/div>\n\n  <div id=\"chart-1cfd559e1f3a7a3aa44ee043243336d2\" data-block-hash=\"1cfd559e1f3a7a3aa44ee043243336d2\"  class=\"chart\" style=\"width:100%;height:400px;\"><\/div>\n\n  <div class=\"pluginQuotation__footer\">\n    <div class=\"dataChart\">\n\n      <div class=\"dataChart__div1 variation\">\n        <div class=\"value-positive\">\n          1,29 (+0,47%)        <\/div>\n        <div class=\"text\">\n          Varia\u00e7\u00e3o do per\u00edodo\n        <\/div>\n      <\/div>\n\n      <div class=\"dataChart__div2 minMax\">\n        <div class=\"value\">\n          R$\u00a036,47        <\/div>\n        <div class=\"text\">\n          M\u00ednima\n        <\/div>\n      <\/div>\n\n      <div class=\"dataChart__div3 minMax\">\n        <div class=\"value\">\n          R$\u00a037,12        <\/div>\n        <div class=\"text\">\n          M\u00e1xima\n        <\/div>\n      <\/div>\n\n\t\t\t<div class=\"dataChart__div4 rightSide\">\n\t\t\t\t<div class=\"analiticaSource\">\n\t\t\t\t\t<span>\n\t\t\t\t\t\tFonte:\n\t\t\t\t\t<\/span>\n\t\t\t\t\t<img decoding=\"async\" class=\"analiticaLogo\" src=\"https:\/\/www.suno.com.br\/noticias\/wp-content\/plugins\/suno-block-ticker-quotation\/src\/suno-analitica-logo.png\" alt=\"Logo Suno Anal\u00edtica\" \/>\n\t\t\t\t<\/div>\n\n\t\t\t\t<a href=\"https:\/\/www.suno.com.br\/analitica\/acoes\/ELET3\" target=\"_blank\">\n\t\t\t\t\t<span>\n\t\t\t\t\t\tVer mais cota\u00e7\u00f5es\n\t\t\t\t\t<\/span>\n\t\t\t\t\t<svg xmlns=\"http:\/\/www.w3.org\/2000\/svg\" width=\"9\" height=\"8\" viewBox=\"0 0 9 8\" fill=\"none\">\n\t\t\t\t\t\t<path d=\"M4.20996 0L3.50496 0.705L6.29496 3.5H0.209961V4.5H6.29496L3.50496 7.295L4.20996 8L8.20996 4L4.20996 0Z\" fill=\"#D42126\" \/>\n\t\t\t\t\t<\/svg>\n\t\t\t\t<\/a>\n    <\/div>\n\n    <\/div>\n  <\/div>\n<\/div>\n\n\n<script type=\"text\/javascript\">\n  let chart_1cfd559e1f3a7a3aa44ee043243336d2 = document.getElementById('chart-1cfd559e1f3a7a3aa44ee043243336d2');\n  let data_json_1cfd559e1f3a7a3aa44ee043243336d2 = \"[{\\\"date\\\":\\\"08\\\\\\\/08\\\\\\\/23 10:06\\\",\\\"value\\\":36.47},{\\\"date\\\":\\\"08\\\\\\\/08\\\\\\\/23 10:08\\\",\\\"value\\\":36.9},{\\\"date\\\":\\\"08\\\\\\\/08\\\\\\\/23 10:10\\\",\\\"value\\\":36.84},{\\\"date\\\":\\\"08\\\\\\\/08\\\\\\\/23 10:12\\\",\\\"value\\\":36.98},{\\\"date\\\":\\\"08\\\\\\\/08\\\\\\\/23 10:14\\\",\\\"value\\\":37.08},{\\\"date\\\":\\\"08\\\\\\\/08\\\\\\\/23 10:16\\\",\\\"value\\\":36.96},{\\\"date\\\":\\\"08\\\\\\\/08\\\\\\\/23 10:18\\\",\\\"value\\\":36.98},{\\\"date\\\":\\\"08\\\\\\\/08\\\\\\\/23 10:20\\\",\\\"value\\\":36.96},{\\\"date\\\":\\\"08\\\\\\\/08\\\\\\\/23 10:22\\\",\\\"value\\\":37.03},{\\\"date\\\":\\\"08\\\\\\\/08\\\\\\\/23 10:24\\\",\\\"value\\\":37.04},{\\\"date\\\":\\\"08\\\\\\\/08\\\\\\\/23 10:26\\\",\\\"value\\\":37.02},{\\\"date\\\":\\\"08\\\\\\\/08\\\\\\\/23 10:28\\\",\\\"value\\\":37.07},{\\\"date\\\":\\\"08\\\\\\\/08\\\\\\\/23 10:30\\\",\\\"value\\\":37.07},{\\\"date\\\":\\\"08\\\\\\\/08\\\\\\\/23 10:32\\\",\\\"value\\\":37.12},{\\\"date\\\":\\\"08\\\\\\\/08\\\\\\\/23 10:34\\\",\\\"value\\\":37.02},{\\\"date\\\":\\\"08\\\\\\\/08\\\\\\\/23 10:36\\\",\\\"value\\\":37.01},{\\\"date\\\":\\\"08\\\\\\\/08\\\\\\\/23 10:38\\\",\\\"value\\\":37.03},{\\\"date\\\":\\\"08\\\\\\\/08\\\\\\\/23 10:40\\\",\\\"value\\\":36.94},{\\\"date\\\":\\\"08\\\\\\\/08\\\\\\\/23 10:42\\\",\\\"value\\\":36.94}]\";\n  let isPositive_1cfd559e1f3a7a3aa44ee043243336d2 = true;\n\n  let color_1cfd559e1f3a7a3aa44ee043243336d2 = isPositive_1cfd559e1f3a7a3aa44ee043243336d2 ? '#3AB53A' : '#D92C2D';\n\n  let data_1cfd559e1f3a7a3aa44ee043243336d2 = JSON.parse(data_json_1cfd559e1f3a7a3aa44ee043243336d2);\n\n  const result_1cfd559e1f3a7a3aa44ee043243336d2 = {\n    date: [],\n    value: [],\n  };\n\n  data_1cfd559e1f3a7a3aa44ee043243336d2.forEach((item) => {\n    result_1cfd559e1f3a7a3aa44ee043243336d2.date.push(item.date);\n    result_1cfd559e1f3a7a3aa44ee043243336d2.value.push(Number(item.value));\n  });\n\n  let option_1cfd559e1f3a7a3aa44ee043243336d2 = {\n    \/\/ variavel de cor global\n    color: [color_1cfd559e1f3a7a3aa44ee043243336d2],\n    title: {\n      text: '',\n    },\n    tooltip: {\n      trigger: 'axis',\n      axisPointer: {\n        type: 'cross',\n        label: {\n          \/\/ cor dos valores em X e Y\n          backgroundColor: color_1cfd559e1f3a7a3aa44ee043243336d2,\n          formatter: (value) => {\n            if (typeof value.value === 'number') {\n              return Number(value.value).toLocaleString('pt-br', {\n                style: 'currency',\n                currency: 'BRL'\n              });\n            }\n            return value.value;\n          },\n        },\n      },\n      valueFormatter: (value) => Number(value).toLocaleString('pt-br', {\n        style: 'currency',\n        currency: 'BRL'\n      }),\n    },\n    legend: {\n      \/\/ data: ['Valor de Fechamento'],\n      show: false,\n    },\n    toolbox: {\n      feature: {\n        saveAsImage: {\n          show: false,\n        },\n      },\n    },\n    grid: {\n      left: '0px',\n      right: '0px',\n      bottom: '0px',\n      containLabel: true,\n    },\n    xAxis: [{\n      type: 'category',\n      data: result_1cfd559e1f3a7a3aa44ee043243336d2.date,\n      boundaryGap: true,\n    }],\n    yAxis: [{\n      type: 'value',\n      min: Math.min(...result_1cfd559e1f3a7a3aa44ee043243336d2.value),\n      max: Math.max(...result_1cfd559e1f3a7a3aa44ee043243336d2.value),\n      axisLabel: {\n        formatter: (value) => value.toLocaleString('pt-br', {\n          style: 'currency',\n          currency: 'BRL'\n        }),\n      },\n    }],\n    series: [{\n      name: 'Valor de Fechamento',\n      type: 'line',\n      stack: 'Total',\n      \/\/ cor do grafico\n      areaStyle: {},\n      emphasis: {\n        focus: 'series',\n      },\n      data: result_1cfd559e1f3a7a3aa44ee043243336d2.value,\n      \/\/ cor da linha\n      lineStyle: {\n        color: color_1cfd559e1f3a7a3aa44ee043243336d2,\n      },\n    }, ],\n  };\n\n\twindow.chart_1cfd559e1f3a7a3aa44ee043243336d2 = {\n\t\tel: chart_1cfd559e1f3a7a3aa44ee043243336d2,\n\t\toption: option_1cfd559e1f3a7a3aa44ee043243336d2\t};\n\n\n<\/script>\n\n\n\t<p>\n\t\t<a href=\"https:\/\/lp.suno.com.br\/plataforma-de-controle-de-investimentos\/\" target=\"_blank\" data-element=\"shortcode-suno-banner\" title=\"Banner SUNO, clique e saiba mais\">\n\t\t\t<picture>\n\t\t\t\t<source media=\"(max-width: 500px)\" srcset=\"https:\/\/files.sunoresearch.com.br\/n\/uploads\/2023\/03\/400x300-Controle-de-Investimentos.png\">\n\t\t\t\t<img class=\"newsContent__article__imgCapa newsContent__article__imgCapa--banner\"\n\t\t\t\t\tsrc=\"https:\/\/files.sunoresearch.com.br\/n\/uploads\/2023\/03\/1420x240-Controle-de-Investimentos.png\"\n\t\t\t\t\tdata-promo-id=\"383162\"\t\t\t\t\t\t\t\t\t\twidth='1420' height='240'\t\t\t\t\talt=\"https:\/\/files.sunoresearch.com.br\/n\/uploads\/2023\/03\/1420x240-Controle-de-Investimentos.png\"\n\t\t\t\t>\n\t\t\t<\/picture>\n\t\t<\/a>\n\t<\/p>\n\n\n","protected":false},"excerpt":{"rendered":"<p>Em fato relevante divulgado na segunda-feira (7), a Eletrobras (ELET3) informou que est\u00e1 em fase de contrata\u00e7\u00e3o de um sindicato de bancos respons\u00e1vel pela estrutura\u00e7\u00e3o da poss\u00edvel opera\u00e7\u00e3o da sua quarta emiss\u00e3o de deb\u00eantures simples, avaliada em R$ 7 bilh\u00f5es, sendo R$ 4 bilh\u00f5es na primeira s\u00e9rie e R$ 3 bilh\u00f5es na segunda s\u00e9rie. Eletrobras [&hellip;]<\/p>\n","protected":false},"author":313,"featured_media":125973,"comment_status":"closed","ping_status":"closed","sticky":false,"template":"","format":"standard","meta":[],"categories":[64],"tags":[1151,455],"suno_strategy":[],"class_list":["post-439524","post","type-post","status-publish","format-standard","has-post-thumbnail","hentry","category-negocios","tag-debentures","tag-eletrobras-elet3-elet5-elet6"],"yoast_head":"<!-- This site is optimized with the Yoast SEO plugin v24.4 - https:\/\/yoast.com\/wordpress\/plugins\/seo\/ -->\n<title>Eletrobras (ELET3) planeja emiss\u00e3o bilion\u00e1ria de deb\u00eantures; veja valores<\/title>\n<meta name=\"description\" content=\"A Eletrobras informou que est\u00e1 em fase de contrata\u00e7\u00e3o de sindicato de bancos respons\u00e1vel por estruturar uma poss\u00edvel emiss\u00e3o de deb\u00eantures.\" \/>\n<meta name=\"robots\" content=\"index, follow, max-snippet:-1, max-image-preview:large, max-video-preview:-1\" \/>\n<link rel=\"canonical\" href=\"https:\/\/www.suno.com.br\/noticias\/eletrobras-elet3-planeja-emissao-debentures-gpj\/\" \/>\n<meta property=\"og:locale\" content=\"pt_BR\" \/>\n<meta property=\"og:type\" content=\"article\" \/>\n<meta property=\"og:title\" content=\"Eletrobras (ELET3) planeja emiss\u00e3o bilion\u00e1ria de deb\u00eantures; veja valores\" \/>\n<meta property=\"og:description\" content=\"A Eletrobras informou que est\u00e1 em fase de contrata\u00e7\u00e3o de sindicato de bancos respons\u00e1vel por estruturar uma poss\u00edvel emiss\u00e3o de deb\u00eantures.\" \/>\n<meta property=\"og:url\" content=\"https:\/\/www.suno.com.br\/noticias\/eletrobras-elet3-planeja-emissao-debentures-gpj\/\" \/>\n<meta property=\"og:site_name\" content=\"Suno Not\u00edcias\" \/>\n<meta property=\"article:publisher\" content=\"https:\/\/facebook.com\/sunoresearch\" \/>\n<meta property=\"og:image\" content=\"https:\/\/files.sunoresearch.com.br\/n\/uploads\/2021\/02\/c3b3f26a-eletrobras.jpg\" \/>\n\t<meta property=\"og:image:width\" content=\"1200\" \/>\n\t<meta property=\"og:image:height\" content=\"800\" \/>\n\t<meta property=\"og:image:type\" content=\"image\/jpeg\" \/>\n<meta name=\"author\" content=\"Giovanni Porf\u00edrio Jacomino\" \/>\n<meta name=\"twitter:card\" content=\"summary_large_image\" \/>\n<meta name=\"twitter:creator\" content=\"@sunoresearch\" \/>\n<meta name=\"twitter:site\" content=\"@sunoresearch\" \/>\n<meta name=\"twitter:label1\" content=\"Escrito por\" \/>\n\t<meta name=\"twitter:data1\" content=\"Giovanni Porf\u00edrio Jacomino\" \/>\n\t<meta name=\"twitter:label2\" content=\"Est. tempo de leitura\" \/>\n\t<meta name=\"twitter:data2\" content=\"3 minutos\" \/>\n<script type=\"application\/ld+json\" class=\"yoast-schema-graph\">{\"@context\":\"https:\/\/schema.org\",\"@graph\":[{\"@type\":\"NewsArticle\",\"@id\":\"https:\/\/www.suno.com.br\/noticias\/eletrobras-elet3-planeja-emissao-debentures-gpj\/#article\",\"isPartOf\":{\"@id\":\"https:\/\/www.suno.com.br\/noticias\/eletrobras-elet3-planeja-emissao-debentures-gpj\/\"},\"author\":{\"name\":\"Giovanni Porf\u00edrio Jacomino\",\"@id\":\"https:\/\/www.suno.com.br\/noticias\/#\/schema\/person\/d0f32748bbca4bee871fa191ee4e2d40\"},\"headline\":\"Eletrobras (ELET3) planeja emiss\u00e3o bilion\u00e1ria de deb\u00eantures; veja valores\",\"datePublished\":\"2023-08-08T14:09:30+00:00\",\"dateModified\":\"2023-08-08T14:14:47+00:00\",\"mainEntityOfPage\":{\"@id\":\"https:\/\/www.suno.com.br\/noticias\/eletrobras-elet3-planeja-emissao-debentures-gpj\/\"},\"wordCount\":496,\"publisher\":{\"@id\":\"https:\/\/www.suno.com.br\/noticias\/#organization\"},\"image\":{\"@id\":\"https:\/\/www.suno.com.br\/noticias\/eletrobras-elet3-planeja-emissao-debentures-gpj\/#primaryimage\"},\"thumbnailUrl\":\"https:\/\/files.sunoresearch.com.br\/n\/uploads\/2021\/02\/c3b3f26a-eletrobras-jpg.webp\",\"keywords\":[\"deb\u00eantures\",\"Eletrobras (ELET3\/ELET5\/ELET6)\"],\"articleSection\":[\"Neg\u00f3cios\"],\"inLanguage\":\"pt-BR\"},{\"@type\":\"WebPage\",\"@id\":\"https:\/\/www.suno.com.br\/noticias\/eletrobras-elet3-planeja-emissao-debentures-gpj\/\",\"url\":\"https:\/\/www.suno.com.br\/noticias\/eletrobras-elet3-planeja-emissao-debentures-gpj\/\",\"name\":\"Eletrobras (ELET3) planeja emiss\u00e3o bilion\u00e1ria de deb\u00eantures; veja valores\",\"isPartOf\":{\"@id\":\"https:\/\/www.suno.com.br\/noticias\/#website\"},\"primaryImageOfPage\":{\"@id\":\"https:\/\/www.suno.com.br\/noticias\/eletrobras-elet3-planeja-emissao-debentures-gpj\/#primaryimage\"},\"image\":{\"@id\":\"https:\/\/www.suno.com.br\/noticias\/eletrobras-elet3-planeja-emissao-debentures-gpj\/#primaryimage\"},\"thumbnailUrl\":\"https:\/\/files.sunoresearch.com.br\/n\/uploads\/2021\/02\/c3b3f26a-eletrobras-jpg.webp\",\"datePublished\":\"2023-08-08T14:09:30+00:00\",\"dateModified\":\"2023-08-08T14:14:47+00:00\",\"description\":\"A Eletrobras informou que est\u00e1 em fase de contrata\u00e7\u00e3o de sindicato de bancos respons\u00e1vel por estruturar uma poss\u00edvel emiss\u00e3o de deb\u00eantures.\",\"breadcrumb\":{\"@id\":\"https:\/\/www.suno.com.br\/noticias\/eletrobras-elet3-planeja-emissao-debentures-gpj\/#breadcrumb\"},\"inLanguage\":\"pt-BR\",\"potentialAction\":[{\"@type\":\"ReadAction\",\"target\":[\"https:\/\/www.suno.com.br\/noticias\/eletrobras-elet3-planeja-emissao-debentures-gpj\/\"]}]},{\"@type\":\"ImageObject\",\"inLanguage\":\"pt-BR\",\"@id\":\"https:\/\/www.suno.com.br\/noticias\/eletrobras-elet3-planeja-emissao-debentures-gpj\/#primaryimage\",\"url\":\"https:\/\/files.sunoresearch.com.br\/n\/uploads\/2021\/02\/c3b3f26a-eletrobras-jpg.webp\",\"contentUrl\":\"https:\/\/files.sunoresearch.com.br\/n\/uploads\/2021\/02\/c3b3f26a-eletrobras-jpg.webp\",\"width\":1200,\"height\":800,\"caption\":\"Eletrobras (ELET3). Foto: Divulga\u00e7\u00e3o.\"},{\"@type\":\"BreadcrumbList\",\"@id\":\"https:\/\/www.suno.com.br\/noticias\/eletrobras-elet3-planeja-emissao-debentures-gpj\/#breadcrumb\",\"itemListElement\":[{\"@type\":\"ListItem\",\"position\":1,\"name\":\"Not\u00edcias\",\"item\":\"https:\/\/www.suno.com.br\/noticias\/\"},{\"@type\":\"ListItem\",\"position\":2,\"name\":\"Neg\u00f3cios\",\"item\":\"https:\/\/www.suno.com.br\/noticias\/negocios\/\"},{\"@type\":\"ListItem\",\"position\":3,\"name\":\"Eletrobras (ELET3) planeja emiss\u00e3o bilion\u00e1ria de deb\u00eantures; veja valores\"}]},{\"@type\":\"WebSite\",\"@id\":\"https:\/\/www.suno.com.br\/noticias\/#website\",\"url\":\"https:\/\/www.suno.com.br\/noticias\/\",\"name\":\"Suno Not\u00edcias\",\"description\":\"Seu portal de informa\u00e7\u00e3o sobre o mundo dos investimentos\",\"publisher\":{\"@id\":\"https:\/\/www.suno.com.br\/noticias\/#organization\"},\"potentialAction\":[{\"@type\":\"SearchAction\",\"target\":{\"@type\":\"EntryPoint\",\"urlTemplate\":\"https:\/\/www.suno.com.br\/noticias\/?s={search_term_string}\"},\"query-input\":{\"@type\":\"PropertyValueSpecification\",\"valueRequired\":true,\"valueName\":\"search_term_string\"}}],\"inLanguage\":\"pt-BR\"},{\"@type\":\"Organization\",\"@id\":\"https:\/\/www.suno.com.br\/noticias\/#organization\",\"name\":\"Suno Not\u00edcias\",\"url\":\"https:\/\/www.suno.com.br\/noticias\/\",\"logo\":{\"@type\":\"ImageObject\",\"inLanguage\":\"pt-BR\",\"@id\":\"https:\/\/www.suno.com.br\/noticias\/#\/schema\/logo\/image\/\",\"url\":\"https:\/\/files.sunoresearch.com.br\/n\/uploads\/2021\/09\/suno-logo.png\",\"contentUrl\":\"https:\/\/files.sunoresearch.com.br\/n\/uploads\/2021\/09\/suno-logo.png\",\"width\":180,\"height\":180,\"caption\":\"Suno Not\u00edcias\"},\"image\":{\"@id\":\"https:\/\/www.suno.com.br\/noticias\/#\/schema\/logo\/image\/\"},\"sameAs\":[\"https:\/\/facebook.com\/sunoresearch\",\"https:\/\/x.com\/sunoresearch\",\"https:\/\/www.instagram.com\/suno\",\"https:\/\/www.linkedin.com\/company\/suno-research\/\",\"https:\/\/www.youtube.com\/c\/sunoresearch\"]},{\"@type\":\"Person\",\"@id\":\"https:\/\/www.suno.com.br\/noticias\/#\/schema\/person\/d0f32748bbca4bee871fa191ee4e2d40\",\"name\":\"Giovanni Porf\u00edrio Jacomino\",\"image\":{\"@type\":\"ImageObject\",\"inLanguage\":\"pt-BR\",\"@id\":\"https:\/\/www.suno.com.br\/noticias\/#\/schema\/person\/image\/\",\"url\":\"https:\/\/secure.gravatar.com\/avatar\/efb32e19b730a121cb7a80f41ffec01a?s=96&r=g\",\"contentUrl\":\"https:\/\/secure.gravatar.com\/avatar\/efb32e19b730a121cb7a80f41ffec01a?s=96&r=g\",\"caption\":\"Giovanni Porf\u00edrio Jacomino\"},\"description\":\"Giovanni Porf\u00edrio Jacomino \u00e9 jornalista formado pela Universidade Estadual de Londrina (UEL) e p\u00f3s-graduado em Produ\u00e7\u00e3o e Pr\u00e1ticas Jornal\u00edsticas na Contemporaneidade na Faculdade C\u00e1sper L\u00edbero (FCL). Foi editor web no Startupi e no Finsiders, atuando ainda como editor no TC Mover, portal de not\u00edcias da TradersClub, fazendo a cobertura de assuntos relacionados ao mercado financeiro interno e externo. Atualmente, \u00e9 Rep\u00f3rter do Suno Not\u00edcias.\",\"url\":\"https:\/\/www.suno.com.br\/noticias\/author\/giovanni-porfiriosuno-com-br\/\"}]}<\/script>\n<!-- \/ Yoast SEO plugin. -->","yoast_head_json":{"title":"Eletrobras (ELET3) planeja emiss\u00e3o bilion\u00e1ria de deb\u00eantures; veja valores","description":"A Eletrobras informou que est\u00e1 em fase de contrata\u00e7\u00e3o de sindicato de bancos respons\u00e1vel por estruturar uma poss\u00edvel emiss\u00e3o de deb\u00eantures.","robots":{"index":"index","follow":"follow","max-snippet":"max-snippet:-1","max-image-preview":"max-image-preview:large","max-video-preview":"max-video-preview:-1"},"canonical":"https:\/\/www.suno.com.br\/noticias\/eletrobras-elet3-planeja-emissao-debentures-gpj\/","og_locale":"pt_BR","og_type":"article","og_title":"Eletrobras (ELET3) planeja emiss\u00e3o bilion\u00e1ria de deb\u00eantures; veja valores","og_description":"A Eletrobras informou que est\u00e1 em fase de contrata\u00e7\u00e3o de sindicato de bancos respons\u00e1vel por estruturar uma poss\u00edvel emiss\u00e3o de deb\u00eantures.","og_url":"https:\/\/www.suno.com.br\/noticias\/eletrobras-elet3-planeja-emissao-debentures-gpj\/","og_site_name":"Suno Not\u00edcias","article_publisher":"https:\/\/facebook.com\/sunoresearch","og_image":[{"width":1200,"height":800,"url":"https:\/\/files.sunoresearch.com.br\/n\/uploads\/2021\/02\/c3b3f26a-eletrobras.jpg","type":"image\/jpeg"}],"author":"Giovanni Porf\u00edrio Jacomino","twitter_card":"summary_large_image","twitter_creator":"@sunoresearch","twitter_site":"@sunoresearch","twitter_misc":{"Escrito por":"Giovanni Porf\u00edrio Jacomino","Est. tempo de leitura":"3 minutos"},"schema":{"@context":"https:\/\/schema.org","@graph":[{"@type":"NewsArticle","@id":"https:\/\/www.suno.com.br\/noticias\/eletrobras-elet3-planeja-emissao-debentures-gpj\/#article","isPartOf":{"@id":"https:\/\/www.suno.com.br\/noticias\/eletrobras-elet3-planeja-emissao-debentures-gpj\/"},"author":{"name":"Giovanni Porf\u00edrio Jacomino","@id":"https:\/\/www.suno.com.br\/noticias\/#\/schema\/person\/d0f32748bbca4bee871fa191ee4e2d40"},"headline":"Eletrobras (ELET3) planeja emiss\u00e3o bilion\u00e1ria de deb\u00eantures; veja valores","datePublished":"2023-08-08T14:09:30+00:00","dateModified":"2023-08-08T14:14:47+00:00","mainEntityOfPage":{"@id":"https:\/\/www.suno.com.br\/noticias\/eletrobras-elet3-planeja-emissao-debentures-gpj\/"},"wordCount":496,"publisher":{"@id":"https:\/\/www.suno.com.br\/noticias\/#organization"},"image":{"@id":"https:\/\/www.suno.com.br\/noticias\/eletrobras-elet3-planeja-emissao-debentures-gpj\/#primaryimage"},"thumbnailUrl":"https:\/\/files.sunoresearch.com.br\/n\/uploads\/2021\/02\/c3b3f26a-eletrobras-jpg.webp","keywords":["deb\u00eantures","Eletrobras (ELET3\/ELET5\/ELET6)"],"articleSection":["Neg\u00f3cios"],"inLanguage":"pt-BR"},{"@type":"WebPage","@id":"https:\/\/www.suno.com.br\/noticias\/eletrobras-elet3-planeja-emissao-debentures-gpj\/","url":"https:\/\/www.suno.com.br\/noticias\/eletrobras-elet3-planeja-emissao-debentures-gpj\/","name":"Eletrobras (ELET3) planeja emiss\u00e3o bilion\u00e1ria de deb\u00eantures; veja valores","isPartOf":{"@id":"https:\/\/www.suno.com.br\/noticias\/#website"},"primaryImageOfPage":{"@id":"https:\/\/www.suno.com.br\/noticias\/eletrobras-elet3-planeja-emissao-debentures-gpj\/#primaryimage"},"image":{"@id":"https:\/\/www.suno.com.br\/noticias\/eletrobras-elet3-planeja-emissao-debentures-gpj\/#primaryimage"},"thumbnailUrl":"https:\/\/files.sunoresearch.com.br\/n\/uploads\/2021\/02\/c3b3f26a-eletrobras-jpg.webp","datePublished":"2023-08-08T14:09:30+00:00","dateModified":"2023-08-08T14:14:47+00:00","description":"A Eletrobras informou que est\u00e1 em fase de contrata\u00e7\u00e3o de sindicato de bancos respons\u00e1vel por estruturar uma poss\u00edvel emiss\u00e3o de deb\u00eantures.","breadcrumb":{"@id":"https:\/\/www.suno.com.br\/noticias\/eletrobras-elet3-planeja-emissao-debentures-gpj\/#breadcrumb"},"inLanguage":"pt-BR","potentialAction":[{"@type":"ReadAction","target":["https:\/\/www.suno.com.br\/noticias\/eletrobras-elet3-planeja-emissao-debentures-gpj\/"]}]},{"@type":"ImageObject","inLanguage":"pt-BR","@id":"https:\/\/www.suno.com.br\/noticias\/eletrobras-elet3-planeja-emissao-debentures-gpj\/#primaryimage","url":"https:\/\/files.sunoresearch.com.br\/n\/uploads\/2021\/02\/c3b3f26a-eletrobras-jpg.webp","contentUrl":"https:\/\/files.sunoresearch.com.br\/n\/uploads\/2021\/02\/c3b3f26a-eletrobras-jpg.webp","width":1200,"height":800,"caption":"Eletrobras (ELET3). Foto: Divulga\u00e7\u00e3o."},{"@type":"BreadcrumbList","@id":"https:\/\/www.suno.com.br\/noticias\/eletrobras-elet3-planeja-emissao-debentures-gpj\/#breadcrumb","itemListElement":[{"@type":"ListItem","position":1,"name":"Not\u00edcias","item":"https:\/\/www.suno.com.br\/noticias\/"},{"@type":"ListItem","position":2,"name":"Neg\u00f3cios","item":"https:\/\/www.suno.com.br\/noticias\/negocios\/"},{"@type":"ListItem","position":3,"name":"Eletrobras (ELET3) planeja emiss\u00e3o bilion\u00e1ria de deb\u00eantures; veja valores"}]},{"@type":"WebSite","@id":"https:\/\/www.suno.com.br\/noticias\/#website","url":"https:\/\/www.suno.com.br\/noticias\/","name":"Suno Not\u00edcias","description":"Seu portal de informa\u00e7\u00e3o sobre o mundo dos investimentos","publisher":{"@id":"https:\/\/www.suno.com.br\/noticias\/#organization"},"potentialAction":[{"@type":"SearchAction","target":{"@type":"EntryPoint","urlTemplate":"https:\/\/www.suno.com.br\/noticias\/?s={search_term_string}"},"query-input":{"@type":"PropertyValueSpecification","valueRequired":true,"valueName":"search_term_string"}}],"inLanguage":"pt-BR"},{"@type":"Organization","@id":"https:\/\/www.suno.com.br\/noticias\/#organization","name":"Suno Not\u00edcias","url":"https:\/\/www.suno.com.br\/noticias\/","logo":{"@type":"ImageObject","inLanguage":"pt-BR","@id":"https:\/\/www.suno.com.br\/noticias\/#\/schema\/logo\/image\/","url":"https:\/\/files.sunoresearch.com.br\/n\/uploads\/2021\/09\/suno-logo.png","contentUrl":"https:\/\/files.sunoresearch.com.br\/n\/uploads\/2021\/09\/suno-logo.png","width":180,"height":180,"caption":"Suno Not\u00edcias"},"image":{"@id":"https:\/\/www.suno.com.br\/noticias\/#\/schema\/logo\/image\/"},"sameAs":["https:\/\/facebook.com\/sunoresearch","https:\/\/x.com\/sunoresearch","https:\/\/www.instagram.com\/suno","https:\/\/www.linkedin.com\/company\/suno-research\/","https:\/\/www.youtube.com\/c\/sunoresearch"]},{"@type":"Person","@id":"https:\/\/www.suno.com.br\/noticias\/#\/schema\/person\/d0f32748bbca4bee871fa191ee4e2d40","name":"Giovanni Porf\u00edrio Jacomino","image":{"@type":"ImageObject","inLanguage":"pt-BR","@id":"https:\/\/www.suno.com.br\/noticias\/#\/schema\/person\/image\/","url":"https:\/\/secure.gravatar.com\/avatar\/efb32e19b730a121cb7a80f41ffec01a?s=96&r=g","contentUrl":"https:\/\/secure.gravatar.com\/avatar\/efb32e19b730a121cb7a80f41ffec01a?s=96&r=g","caption":"Giovanni Porf\u00edrio Jacomino"},"description":"Giovanni Porf\u00edrio Jacomino \u00e9 jornalista formado pela Universidade Estadual de Londrina (UEL) e p\u00f3s-graduado em Produ\u00e7\u00e3o e Pr\u00e1ticas Jornal\u00edsticas na Contemporaneidade na Faculdade C\u00e1sper L\u00edbero (FCL). Foi editor web no Startupi e no Finsiders, atuando ainda como editor no TC Mover, portal de not\u00edcias da TradersClub, fazendo a cobertura de assuntos relacionados ao mercado financeiro interno e externo. Atualmente, \u00e9 Rep\u00f3rter do Suno Not\u00edcias.","url":"https:\/\/www.suno.com.br\/noticias\/author\/giovanni-porfiriosuno-com-br\/"}]}},"default_loop_html":"<div class=\"cardsPage__listCard__boxs\"><div class=\"cardsPage__listCard__boxs__img\"><a href=\"https:\/\/www.suno.com.br\/noticias\/eletrobras-elet3-planeja-emissao-debentures-gpj\/\"><img class=\"mask\" src=\"https:\/\/www.suno.com.br\/noticias\/wp-content\/themes\/suno\/resources\/images\/spotlight\/spotlight1img\/bg-mask.png\" alt=\"Image Mask\"\/><img src=\"https:\/\/files.sunoresearch.com.br\/n\/uploads\/2021\/02\/c3b3f26a-eletrobras-400x200.webp\" alt=\"Eletrobras (ELET3) planeja emiss\u00e3o bilion\u00e1ria de deb\u00eantures; veja valores\"\/><\/a><span class=\"spotlightCategory\"><a href=\"https:\/\/www.suno.com.br\/noticias\/negocios\/\">Neg\u00f3cios<\/a><\/span><\/div><div class=\"cardsPage__listCard__boxs__content\"><a href=\"https:\/\/www.suno.com.br\/noticias\/eletrobras-elet3-planeja-emissao-debentures-gpj\/\"><h2 class=\"content__title\">Eletrobras (ELET3) planeja emiss\u00e3o bilion\u00e1ria de deb\u00eantures; veja valores<\/h2><\/a><div class=\"newsContent__article__meta\"><div class=\"newsContent__article__meta__authorBox\"><a href=\"https:\/\/www.suno.com.br\/noticias\/author\/joao-vitor-jacintho\/\" class=\"authorBox__avatar noMobi\"><img src=\"https:\/\/secure.gravatar.com\/avatar\/2843227ca03ccf8cc7ccca45204c127e?s=96&#038;r=g\" alt=\"Jo\u00e3o Vitor Jacintho\"><\/a><div class=\"authorBox__name\"><span>por\n\t\t\t<a href=\"https:\/\/www.suno.com.br\/noticias\/author\/joao-vitor-jacintho\/\"><span itemprop=\"author\">Jo\u00e3o Vitor Jacintho<\/span><\/a><\/span><time datetime=\"2023-08-08T11:09:30-03:00\" itemprop=\"datePublished\">08\/08\/2023 11:09<\/time><\/div><\/div><\/div><\/div><\/div>","single_layout":"posts","amp_enabled":true,"_links":{"self":[{"href":"https:\/\/www.suno.com.br\/noticias\/wp-json\/wp\/v2\/posts\/439524"}],"collection":[{"href":"https:\/\/www.suno.com.br\/noticias\/wp-json\/wp\/v2\/posts"}],"about":[{"href":"https:\/\/www.suno.com.br\/noticias\/wp-json\/wp\/v2\/types\/post"}],"author":[{"embeddable":true,"href":"https:\/\/www.suno.com.br\/noticias\/wp-json\/wp\/v2\/users\/313"}],"replies":[{"embeddable":true,"href":"https:\/\/www.suno.com.br\/noticias\/wp-json\/wp\/v2\/comments?post=439524"}],"version-history":[{"count":3,"href":"https:\/\/www.suno.com.br\/noticias\/wp-json\/wp\/v2\/posts\/439524\/revisions"}],"predecessor-version":[{"id":439608,"href":"https:\/\/www.suno.com.br\/noticias\/wp-json\/wp\/v2\/posts\/439524\/revisions\/439608"}],"wp:featuredmedia":[{"embeddable":true,"href":"https:\/\/www.suno.com.br\/noticias\/wp-json\/wp\/v2\/media\/125973"}],"wp:attachment":[{"href":"https:\/\/www.suno.com.br\/noticias\/wp-json\/wp\/v2\/media?parent=439524"}],"wp:term":[{"taxonomy":"category","embeddable":true,"href":"https:\/\/www.suno.com.br\/noticias\/wp-json\/wp\/v2\/categories?post=439524"},{"taxonomy":"post_tag","embeddable":true,"href":"https:\/\/www.suno.com.br\/noticias\/wp-json\/wp\/v2\/tags?post=439524"},{"taxonomy":"suno_strategy","embeddable":true,"href":"https:\/\/www.suno.com.br\/noticias\/wp-json\/wp\/v2\/suno_strategy?post=439524"}],"curies":[{"name":"wp","href":"https:\/\/api.w.org\/{rel}","templated":true}]}}