{"id":439455,"date":"2023-08-08T09:30:53","date_gmt":"2023-08-08T12:30:53","guid":{"rendered":"https:\/\/www.suno.com.br\/noticias\/?p=439455"},"modified":"2023-08-08T09:46:30","modified_gmt":"2023-08-08T12:46:30","slug":"selic-aumeto-adicional-corte-juros-pouco-provavel-gpj","status":"publish","type":"post","link":"https:\/\/www.suno.com.br\/noticias\/selic-aumeto-adicional-corte-juros-pouco-provavel-gpj\/","title":{"rendered":"Selic: intensifica\u00e7\u00e3o do ritmo de cortes dos juros \u00e9 &#8216;pouco prov\u00e1vel&#8217;, diz ata do Copom"},"content":{"rendered":"<p>Na ata do Comit\u00ea de Pol\u00edtica Monet\u00e1ria (Copom) divulgada nesta ter\u00e7a-feira (8), o <a href=\"https:\/\/www.suno.com.br\/artigos\/bacen\/\">Banco Central (BC)<\/a> afirmou que a decis\u00e3o de redu\u00e7\u00e3o da taxa de juros, a <strong>Selic<\/strong>,  de 13,75% para 13,25% ao ano tem forte compromisso com a reancoragem e din\u00e2mica inflacion\u00e1ria. Mas \u00e9 &#8216;pouco prov\u00e1vel&#8217; uma intensifica\u00e7\u00e3o adicional no ritmo de ajustes.<\/p>\t<div class=\"wrapper-featured-image\">\n\t\t<figure class=\"spotlightImg\">\n\n\t\t\t<picture>\n\t\t\t\t<source media=\"(max-width: 768px)\" srcset=\"https:\/\/files.sunoresearch.com.br\/n\/uploads\/2020\/03\/6cfc516e-banco-central-400x200.webp\">\n\t\t\t\t<img loading=\"lazy\" decoding=\"async\" class=\"newsContent__article__imgCapa lazyloadDisabled \" src=\"https:\/\/files.sunoresearch.com.br\/n\/uploads\/2020\/03\/6cfc516e-banco-central-800x450.webp\" width=\"800\" height=\"450\" alt=\"Selic: intensifica\u00e7\u00e3o do ritmo de cortes dos juros \u00e9 &#8216;pouco prov\u00e1vel&#8217;, diz ata do Copom\" fetchpriority=high \/>\n\t\t\t<\/picture>\n\n\t\t\t<figcaption class=\"wp-caption-text wp-caption-text--show\">Ata do Copom<\/figcaption>\n\t\t<\/figure>\n\t<\/div>\n\n\n\n\n\n\n\n\t<p>\n\t\t<a href=\"https:\/\/lp.suno.com.br\/planilha-da-vida-financeira\/\" target=\"_blank\" data-element=\"shortcode-suno-banner\" title=\"Banner SUNO, clique e saiba mais\">\n\t\t\t<picture>\n\t\t\t\t<source media=\"(max-width: 500px)\" srcset=\"https:\/\/files.sunoresearch.com.br\/n\/uploads\/2023\/04\/400x300-Planilha-vida-financeira-true.png\">\n\t\t\t\t<img class=\"newsContent__article__imgCapa newsContent__article__imgCapa--banner\"\n\t\t\t\t\tsrc=\"https:\/\/files.sunoresearch.com.br\/n\/uploads\/2023\/04\/1420x240-Planilha-vida-financeira-true.png\"\n\t\t\t\t\tdata-promo-id=\"106682\"\t\t\t\t\t\t\t\t\t\twidth='1420' height='240'\t\t\t\t\talt=\"https:\/\/files.sunoresearch.com.br\/n\/uploads\/2023\/04\/1420x240-Planilha-vida-financeira-true.png\"\n\t\t\t\t>\n\t\t\t<\/picture>\n\t\t<\/a>\n\t<\/p>\n\n\n\n\n\n<p>&#8220;Tal confian\u00e7a viria apenas com uma altera\u00e7\u00e3o significativa dos fundamentos da din\u00e2mica da infla\u00e7\u00e3o, tais como uma reancoragem bem mais s\u00f3lida das expectativas, uma abertura contundente do hiato do produto ou uma din\u00e2mica substancialmente mais benigna do que a esperada da infla\u00e7\u00e3o de servi\u00e7os&#8221;, pontuaram os membros do Copom no documento. <\/p>\n\n\n\n<p>A decis\u00e3o tomada na semana passada &#8211; que n\u00e3o foi un\u00e2nime &#8211;  surpreendeu o mercado, cuja maioria esperava uma redu\u00e7\u00e3o de 0,25 ponto percentual nos juros. Quatro (Diogo Abry Guillen, Fernanda Magalh\u00e3es Rumenos Guardado, Maur\u00edcio Costa de Moura e Renato Dias de Brito Gome) dos nove <strong>membros do Copom<\/strong> votaram por essa diminui\u00e7\u00e3o mais &#8220;parcimoniosa&#8221;.<\/p>\n\n\n\n<p>Com os votos da maioria do comit\u00ea (Roberto de Oliveira Campos Neto (presidente), Ailton de Aquino Santos, Carolina de Assis Barros, Gabriel Muricca Gal\u00edpolo e Ot\u00e1vio Ribeiro Damaso), de 0,5 p.p, o mercado j\u00e1 apostava em uma <strong>intensifica\u00e7\u00e3o do ritmo de ajustes dos juros<\/strong>. O <strong>Boletim Focus<\/strong> desta semana trouxe estimativas que apontavam para uma Selic a 11,75% no final do ano, contra 12% previstos do documento antes da decis\u00e3o do Copom. <\/p>\n\n\n\n\t<div data-element=\"shortcode-read-more\" class=\"readToo\">\n\t\t\t\t<span class=\"readToo__title\">Leia mais<\/span>\n\t\t\t\t<ul class=\"readToo__list\">\n\t\t\t<li><a href=\"https:\/\/www.suno.com.br\/noticias\/boletim-focus-selic-ipca-inflacao-0708-gpj\/\">Selic a 11,75% e IPCA mantido abaixo de 5%: veja proje\u00e7\u00f5es do Boletim Focus ap\u00f3s corte dos juros<\/a><\/li><li><a href=\"https:\/\/www.suno.com.br\/noticias\/copom-decisao-taxa-selic-agosto-2023\/\">1\u00ba corte em 3 anos: Copom reduz taxa Selic em 0,50 p.p, para 13,25% ao ano; entenda a decis\u00e3o do BC<\/a><\/li>\t\t<\/ul>\n\t<\/div>\n\n\n\n\n<p>Contudo, a ata divulgado hoje pode impactar nessas perspectivas.  <\/p>\n\n\n\n<h2 class=\"wp-block-heading\">O que o Copom avalia?<\/h2>\n\n\n\n<p>O Copom avaliou que apesar de uma certa <strong>desinfla\u00e7\u00e3o<\/strong> sendo observada na margem, ainda h\u00e1 <strong>n\u00facleos de infla\u00e7\u00e3o<\/strong> elevados, desacelera\u00e7\u00e3o gradual da atividade e resili\u00eancia nos mercados de trabalho de diversos pa\u00edses, com os bancos centrais das principais economias determinados em promover a converg\u00eancia das <strong>taxas de infla\u00e7\u00e3o<\/strong> para suas metas.<\/p>\n\n\n\n<p>O conjunto de indicadores macroecon\u00f4micos recentes sugere um cen\u00e1rio de desacelera\u00e7\u00e3o gradual da atividade. Os membros do Comit\u00ea destacaram o forte desempenho da<strong> agricultura<\/strong>, concentrado no primeiro trimestre, mas observaram alguma retra\u00e7\u00e3o no <strong>setor de com\u00e9rcio<\/strong>, estabilidade na ind\u00fastria e certa acomoda\u00e7\u00e3o no <strong>setor de servi\u00e7os<\/strong>, ap\u00f3s ritmo mais forte nos trimestres anteriores.<\/p>\n\n\n\n<p>&#8220;Com rela\u00e7\u00e3o aos pr\u00f3ximos passos, os membros do comit\u00ea concordaram unanimemente com a expectativa de cortes de 0,50 ponto percentual nas pr\u00f3ximas reuni\u00f5es e avaliaram que esse \u00e9 o ritmo apropriado para manter a <a href=\"https:\/\/www.suno.com.br\/artigos\/politica-monetaria-contracionista\/\">pol\u00edtica monet\u00e1ria contracionista<\/a> necess\u00e1ria para o processo desinflacion\u00e1rio&#8221;, sinaliza a ata.<\/p>\n\n\n\t<p>\n\t\t<a href=\"https:\/\/lp.suno.com.br\/ebook-como-analisar-uma-acao\/\" target=\"_blank\" data-element=\"shortcode-suno-banner\" title=\"Banner SUNO, clique e saiba mais\">\n\t\t\t<picture>\n\t\t\t\t<source media=\"(max-width: 500px)\" srcset=\"https:\/\/files.sunoresearch.com.br\/n\/uploads\/2023\/03\/Ebook-Acoes-Mobile.jpg\">\n\t\t\t\t<img class=\"newsContent__article__imgCapa newsContent__article__imgCapa--banner\"\n\t\t\t\t\tsrc=\"https:\/\/files.sunoresearch.com.br\/n\/uploads\/2023\/03\/Ebook-Acoes-Desktop.jpg\"\n\t\t\t\t\tdata-promo-id=\"378302\"\t\t\t\t\t\t\t\t\t\twidth='1420' height='286'\t\t\t\t\talt=\"https:\/\/files.sunoresearch.com.br\/n\/uploads\/2023\/03\/Ebook-Acoes-Desktop.jpg\"\n\t\t\t\t>\n\t\t\t<\/picture>\n\t\t<\/a>\n\t<\/p>\n\n\n\n\n\n<h2 class=\"wp-block-heading\">Copom: redu\u00e7\u00e3o da taxa \u00e9 estrat\u00e9gica para o longo prazo<\/h2>\n\n\n\n<p>Sobre a decis\u00e3o em reduzir a <a href=\"https:\/\/www.suno.com.br\/artigos\/taxa-de-juros\/\" target=\"_blank\" rel=\"noreferrer noopener\">taxa b\u00e1sica de juros<\/a> em 0,50 ponto percentual, o Copom observou que ela \u00e9 compat\u00edvel com a estrat\u00e9gia de converg\u00eancia da infla\u00e7\u00e3o para o redor da meta ao longo do horizonte relevante, que inclui o ano de 2024 e, em grau menor, o de 2025.<\/p>\n\n\n\n<p>O comit\u00ea refor\u00e7ou, ainda, a necessidade de perseverar com uma <a href=\"https:\/\/www.suno.com.br\/artigos\/politica-monetaria-contracionista\/\">pol\u00edtica monet\u00e1ria contracionista<\/a> at\u00e9 que se consolide n\u00e3o apenas o processo de desinfla\u00e7\u00e3o, como tamb\u00e9m a ancoragem das expectativas em torno de suas metas.<\/p>\n\n\n\n<p>O grupo considerou ser apropriado adotar ritmo de <strong>queda de 0,50 ponto percentual<\/strong> nesta reuni\u00e3o em fun\u00e7\u00e3o da melhora do quadro inflacion\u00e1rio, refor\u00e7ando o firme objetivo de manter uma pol\u00edtica monet\u00e1ria contracionista para a reancoragem das expectativas e a converg\u00eancia da infla\u00e7\u00e3o para a meta no horizonte relevante. <\/p>\n\n\n\n<p>Para o Copom, a conjuntura atual, caracterizada por um est\u00e1gio do processo desinflacion\u00e1rio que tende a ser mais lento e por expectativas de infla\u00e7\u00e3o com reancoragem parcial, demanda &#8220;serenidade e modera\u00e7\u00e3o&#8221; na condu\u00e7\u00e3o da<strong> pol\u00edtica monet\u00e1ria<\/strong>. <\/p>\n\n\n\n<p>&#8220;Em se confirmando o cen\u00e1rio esperado, os membros do Comit\u00ea, unanimemente, anteveem redu\u00e7\u00e3o de mesma magnitude nas pr\u00f3ximas reuni\u00f5es e avaliam que esse \u00e9 o ritmo apropriado para manter a pol\u00edtica monet\u00e1ria contracionista necess\u00e1ria para o processo desinflacion\u00e1rio&#8221;.<\/p>\n\n\n\n<p>A magnitude total do ciclo de flexibiliza\u00e7\u00e3o ao longo do tempo depender\u00e1 da evolu\u00e7\u00e3o da <strong>din\u00e2mica inflacion\u00e1ria<\/strong>, em especial dos componentes mais sens\u00edveis \u00e0 pol\u00edtica monet\u00e1ria e \u00e0 <strong>atividade econ\u00f4mica<\/strong>, das <strong>expectativas de infla\u00e7\u00e3o<\/strong>, em particular as de maior prazo, de suas <strong>proje\u00e7\u00f5es de infla\u00e7\u00e3o<\/strong>, do hiato do produto e do balan\u00e7o de riscos, disse o Copom.<\/p>\n\n\n\n<h2 class=\"wp-block-heading\">Arcabou\u00e7o fiscal<\/h2>\n\n\n\n<p>O comit\u00ea retirou de seu balan\u00e7o de riscos a incerteza residual sobre a <strong>aprova\u00e7\u00e3o do arcabou\u00e7o fiscal<\/strong>, mas em sua discuss\u00e3o, notou que a din\u00e2mica fiscal seguia sendo relevante em seu cen\u00e1rio-base.<\/p>\n\n\n\n<p>Segundo o Copom, alguns membros avaliaram que persiste alguma incerteza entre os agentes sobre a supera\u00e7\u00e3o dos desafios fiscais, evidenciada nas expectativas de resultado prim\u00e1rio que divergem das metas estabelecidas pelo governo, e que isso pode tamb\u00e9m estar se refletindo em expectativas de infla\u00e7\u00e3o desancoradas para prazos mais longos.<\/p>\n\n\n\n<p>A equipe ressalta que, entre os riscos de alta para o <strong>cen\u00e1rio inflacion\u00e1rio <\/strong>e as expectativas de infla\u00e7\u00e3o, destacam-se uma maior persist\u00eancia das press\u00f5es inflacion\u00e1rias globais, al\u00e9m de uma maior resili\u00eancia na <strong>infla\u00e7\u00e3o de servi\u00e7os<\/strong> do que a projetada em fun\u00e7\u00e3o de um hiato do produto mais apertado.<\/p>\n\n\n\n<p>J\u00e1 entre os riscos de baixa, o Copom destaca uma desacelera\u00e7\u00e3o da <strong>atividade econ\u00f4mica global<\/strong> mais acentuada do que a projetada, em particular em fun\u00e7\u00e3o de condi\u00e7\u00f5es adversas no sistema financeiro global, al\u00e9m de impactos do aperto monet\u00e1rio sincronizado sobre a desinfla\u00e7\u00e3o global se mostrarem mais fortes do que o esperado.<\/p>\n\n\n\n<h2 class=\"wp-block-heading\">Decis\u00e3o em manter postura conservadora foi consensual<\/h2>\n\n\n\n<p>Segundo a ata, o Copom julgou haver m\u00e9rito tanto na op\u00e7\u00e3o de reduzir a <a href=\"https:\/\/www.suno.com.br\/artigos\/taxa-selic\/\">taxa Selic<\/a> em 0,25 ponto percentual como em 0,50 ponto percentual, refor\u00e7ando que, qualquer que fosse a decis\u00e3o, era consensual que um cen\u00e1rio com <strong>n\u00facleos de infla\u00e7\u00e3o<\/strong> ainda acima da meta e atividade econ\u00f4mica resiliente requer uma postura mais conservadora ao longo do ciclo de flexibiliza\u00e7\u00e3o da <a href=\"https:\/\/www.suno.com.br\/artigos\/politica-monetaria\/\">pol\u00edtica monet\u00e1ria<\/a>. <\/p>\n\n\n\n<p>No texto, o Comit\u00ea afirma que um grupo defendeu uma <strong>redu\u00e7\u00e3o da taxa de juros<\/strong> mais parcimoniosa, n\u00e3o observando altera\u00e7\u00f5es relevantes no cen\u00e1rio ou proje\u00e7\u00f5es que justificassem uma reavalia\u00e7\u00e3o dessa sinaliza\u00e7\u00e3o. <\/p>\n\n\n\n<p>Enquanto isso, diz o Copom, outra equipe considerou que a postura de pol\u00edtica monet\u00e1ria em patamar significativamente contracionista permite um in\u00edcio do ciclo de ajustes da <strong>Selic<\/strong> j\u00e1 no ritmo moderado considerado para as pr\u00f3ximas reuni\u00f5es, sem detrimento do comprometimento com a meta e a credibilidade da pol\u00edtica monet\u00e1ria.<\/p>\n\n\n\t<p>\n\t\t<a href=\"https:\/\/lp.suno.com.br\/planilha-da-vida-financeira\/\" target=\"_blank\" data-element=\"shortcode-suno-banner\" title=\"Banner SUNO, clique e saiba mais\">\n\t\t\t<picture>\n\t\t\t\t<source media=\"(max-width: 500px)\" srcset=\"https:\/\/files.sunoresearch.com.br\/n\/uploads\/2023\/04\/400x300-Planilha-vida-financeira-true.png\">\n\t\t\t\t<img class=\"newsContent__article__imgCapa newsContent__article__imgCapa--banner\"\n\t\t\t\t\tsrc=\"https:\/\/files.sunoresearch.com.br\/n\/uploads\/2023\/04\/1420x240-Planilha-vida-financeira-true.png\"\n\t\t\t\t\tdata-promo-id=\"383123\"\t\t\t\t\t\t\t\t\t\twidth='1420' height='240'\t\t\t\t\talt=\"https:\/\/files.sunoresearch.com.br\/n\/uploads\/2023\/04\/1420x240-Planilha-vida-financeira-true.png\"\n\t\t\t\t>\n\t\t\t<\/picture>\n\t\t<\/a>\n\t<\/p>\n\n\n","protected":false},"excerpt":{"rendered":"<p>Na ata do Comit\u00ea de Pol\u00edtica Monet\u00e1ria (Copom) divulgada nesta ter\u00e7a-feira (8), o Banco Central (BC) afirmou que a decis\u00e3o de redu\u00e7\u00e3o da taxa de juros, a Selic, de 13,75% para 13,25% ao ano tem forte compromisso com a reancoragem e din\u00e2mica inflacion\u00e1ria. Mas \u00e9 &#8216;pouco prov\u00e1vel&#8217; uma intensifica\u00e7\u00e3o adicional no ritmo de ajustes. Ata [&hellip;]<\/p>\n","protected":false},"author":313,"featured_media":59623,"comment_status":"closed","ping_status":"closed","sticky":false,"template":"","format":"standard","meta":[],"categories":[64],"tags":[1104,2448,290],"suno_strategy":[],"class_list":["post-439455","post","type-post","status-publish","format-standard","has-post-thumbnail","hentry","category-negocios","tag-copom","tag-politica-monetaria","tag-taxa-selic"],"yoast_head":"<!-- This site is optimized with the Yoast SEO plugin v24.4 - https:\/\/yoast.com\/wordpress\/plugins\/seo\/ -->\n<title>Selic: aumento adicional no ritmo de ajustes de juros \u00e9 &#039;pouco prov\u00e1vel&#039;<\/title>\n<meta name=\"description\" content=\"Na ata do Copom, o BC afirmou que a decis\u00e3o de redu\u00e7\u00e3o da Selic tem forte compromisso com a reancoragem e din\u00e2mica inflacion\u00e1ria.\" \/>\n<meta name=\"robots\" content=\"index, follow, max-snippet:-1, max-image-preview:large, max-video-preview:-1\" \/>\n<link rel=\"canonical\" href=\"https:\/\/www.suno.com.br\/noticias\/selic-aumeto-adicional-corte-juros-pouco-provavel-gpj\/\" \/>\n<meta property=\"og:locale\" content=\"pt_BR\" \/>\n<meta property=\"og:type\" content=\"article\" \/>\n<meta property=\"og:title\" content=\"Selic: aumento adicional no ritmo de ajustes de juros \u00e9 &#039;pouco prov\u00e1vel&#039;\" \/>\n<meta property=\"og:description\" content=\"Na ata do Copom, o BC afirmou que a decis\u00e3o de redu\u00e7\u00e3o da Selic tem forte compromisso com a reancoragem e din\u00e2mica inflacion\u00e1ria.\" \/>\n<meta property=\"og:url\" content=\"https:\/\/www.suno.com.br\/noticias\/selic-aumeto-adicional-corte-juros-pouco-provavel-gpj\/\" \/>\n<meta property=\"og:site_name\" content=\"Suno Not\u00edcias\" \/>\n<meta property=\"article:publisher\" content=\"https:\/\/facebook.com\/sunoresearch\" \/>\n<meta property=\"og:image\" content=\"https:\/\/files.sunoresearch.com.br\/n\/uploads\/2020\/03\/6cfc516e-banco-central.jpg\" \/>\n\t<meta property=\"og:image:width\" content=\"1452\" \/>\n\t<meta property=\"og:image:height\" content=\"968\" \/>\n\t<meta property=\"og:image:type\" content=\"image\/jpeg\" \/>\n<meta name=\"author\" content=\"Giovanni Porf\u00edrio Jacomino\" \/>\n<meta name=\"twitter:card\" content=\"summary_large_image\" \/>\n<meta name=\"twitter:creator\" content=\"@sunoresearch\" \/>\n<meta name=\"twitter:site\" content=\"@sunoresearch\" \/>\n<meta name=\"twitter:label1\" content=\"Escrito por\" \/>\n\t<meta name=\"twitter:data1\" content=\"Giovanni Porf\u00edrio Jacomino\" \/>\n\t<meta name=\"twitter:label2\" content=\"Est. tempo de leitura\" \/>\n\t<meta name=\"twitter:data2\" content=\"6 minutos\" \/>\n<script type=\"application\/ld+json\" class=\"yoast-schema-graph\">{\"@context\":\"https:\/\/schema.org\",\"@graph\":[{\"@type\":\"NewsArticle\",\"@id\":\"https:\/\/www.suno.com.br\/noticias\/selic-aumeto-adicional-corte-juros-pouco-provavel-gpj\/#article\",\"isPartOf\":{\"@id\":\"https:\/\/www.suno.com.br\/noticias\/selic-aumeto-adicional-corte-juros-pouco-provavel-gpj\/\"},\"author\":{\"name\":\"Giovanni Porf\u00edrio Jacomino\",\"@id\":\"https:\/\/www.suno.com.br\/noticias\/#\/schema\/person\/d0f32748bbca4bee871fa191ee4e2d40\"},\"headline\":\"Selic: intensifica\u00e7\u00e3o do ritmo de cortes dos juros \u00e9 &#8216;pouco prov\u00e1vel&#8217;, diz ata do Copom\",\"datePublished\":\"2023-08-08T12:30:53+00:00\",\"dateModified\":\"2023-08-08T12:46:30+00:00\",\"mainEntityOfPage\":{\"@id\":\"https:\/\/www.suno.com.br\/noticias\/selic-aumeto-adicional-corte-juros-pouco-provavel-gpj\/\"},\"wordCount\":1163,\"publisher\":{\"@id\":\"https:\/\/www.suno.com.br\/noticias\/#organization\"},\"image\":{\"@id\":\"https:\/\/www.suno.com.br\/noticias\/selic-aumeto-adicional-corte-juros-pouco-provavel-gpj\/#primaryimage\"},\"thumbnailUrl\":\"https:\/\/files.sunoresearch.com.br\/n\/uploads\/2020\/03\/6cfc516e-banco-central-jpg.webp\",\"keywords\":[\"Copom\",\"pol\u00edtica monet\u00e1ria\",\"Taxa Selic\"],\"articleSection\":[\"Neg\u00f3cios\"],\"inLanguage\":\"pt-BR\"},{\"@type\":\"WebPage\",\"@id\":\"https:\/\/www.suno.com.br\/noticias\/selic-aumeto-adicional-corte-juros-pouco-provavel-gpj\/\",\"url\":\"https:\/\/www.suno.com.br\/noticias\/selic-aumeto-adicional-corte-juros-pouco-provavel-gpj\/\",\"name\":\"Selic: aumento adicional no ritmo de ajustes de juros \u00e9 'pouco prov\u00e1vel'\",\"isPartOf\":{\"@id\":\"https:\/\/www.suno.com.br\/noticias\/#website\"},\"primaryImageOfPage\":{\"@id\":\"https:\/\/www.suno.com.br\/noticias\/selic-aumeto-adicional-corte-juros-pouco-provavel-gpj\/#primaryimage\"},\"image\":{\"@id\":\"https:\/\/www.suno.com.br\/noticias\/selic-aumeto-adicional-corte-juros-pouco-provavel-gpj\/#primaryimage\"},\"thumbnailUrl\":\"https:\/\/files.sunoresearch.com.br\/n\/uploads\/2020\/03\/6cfc516e-banco-central-jpg.webp\",\"datePublished\":\"2023-08-08T12:30:53+00:00\",\"dateModified\":\"2023-08-08T12:46:30+00:00\",\"description\":\"Na ata do Copom, o BC afirmou que a decis\u00e3o de redu\u00e7\u00e3o da Selic tem forte compromisso com a reancoragem e din\u00e2mica inflacion\u00e1ria.\",\"breadcrumb\":{\"@id\":\"https:\/\/www.suno.com.br\/noticias\/selic-aumeto-adicional-corte-juros-pouco-provavel-gpj\/#breadcrumb\"},\"inLanguage\":\"pt-BR\",\"potentialAction\":[{\"@type\":\"ReadAction\",\"target\":[\"https:\/\/www.suno.com.br\/noticias\/selic-aumeto-adicional-corte-juros-pouco-provavel-gpj\/\"]}]},{\"@type\":\"ImageObject\",\"inLanguage\":\"pt-BR\",\"@id\":\"https:\/\/www.suno.com.br\/noticias\/selic-aumeto-adicional-corte-juros-pouco-provavel-gpj\/#primaryimage\",\"url\":\"https:\/\/files.sunoresearch.com.br\/n\/uploads\/2020\/03\/6cfc516e-banco-central-jpg.webp\",\"contentUrl\":\"https:\/\/files.sunoresearch.com.br\/n\/uploads\/2020\/03\/6cfc516e-banco-central-jpg.webp\",\"width\":1452,\"height\":968,\"caption\":\"Ata do Copom\"},{\"@type\":\"BreadcrumbList\",\"@id\":\"https:\/\/www.suno.com.br\/noticias\/selic-aumeto-adicional-corte-juros-pouco-provavel-gpj\/#breadcrumb\",\"itemListElement\":[{\"@type\":\"ListItem\",\"position\":1,\"name\":\"Not\u00edcias\",\"item\":\"https:\/\/www.suno.com.br\/noticias\/\"},{\"@type\":\"ListItem\",\"position\":2,\"name\":\"Neg\u00f3cios\",\"item\":\"https:\/\/www.suno.com.br\/noticias\/negocios\/\"},{\"@type\":\"ListItem\",\"position\":3,\"name\":\"Selic: intensifica\u00e7\u00e3o do ritmo de cortes dos juros \u00e9 &#8216;pouco prov\u00e1vel&#8217;, diz ata do Copom\"}]},{\"@type\":\"WebSite\",\"@id\":\"https:\/\/www.suno.com.br\/noticias\/#website\",\"url\":\"https:\/\/www.suno.com.br\/noticias\/\",\"name\":\"Suno Not\u00edcias\",\"description\":\"Seu portal de informa\u00e7\u00e3o sobre o mundo dos investimentos\",\"publisher\":{\"@id\":\"https:\/\/www.suno.com.br\/noticias\/#organization\"},\"potentialAction\":[{\"@type\":\"SearchAction\",\"target\":{\"@type\":\"EntryPoint\",\"urlTemplate\":\"https:\/\/www.suno.com.br\/noticias\/?s={search_term_string}\"},\"query-input\":{\"@type\":\"PropertyValueSpecification\",\"valueRequired\":true,\"valueName\":\"search_term_string\"}}],\"inLanguage\":\"pt-BR\"},{\"@type\":\"Organization\",\"@id\":\"https:\/\/www.suno.com.br\/noticias\/#organization\",\"name\":\"Suno Not\u00edcias\",\"url\":\"https:\/\/www.suno.com.br\/noticias\/\",\"logo\":{\"@type\":\"ImageObject\",\"inLanguage\":\"pt-BR\",\"@id\":\"https:\/\/www.suno.com.br\/noticias\/#\/schema\/logo\/image\/\",\"url\":\"https:\/\/files.sunoresearch.com.br\/n\/uploads\/2021\/09\/suno-logo.png\",\"contentUrl\":\"https:\/\/files.sunoresearch.com.br\/n\/uploads\/2021\/09\/suno-logo.png\",\"width\":180,\"height\":180,\"caption\":\"Suno Not\u00edcias\"},\"image\":{\"@id\":\"https:\/\/www.suno.com.br\/noticias\/#\/schema\/logo\/image\/\"},\"sameAs\":[\"https:\/\/facebook.com\/sunoresearch\",\"https:\/\/x.com\/sunoresearch\",\"https:\/\/www.instagram.com\/suno\",\"https:\/\/www.linkedin.com\/company\/suno-research\/\",\"https:\/\/www.youtube.com\/c\/sunoresearch\"]},{\"@type\":\"Person\",\"@id\":\"https:\/\/www.suno.com.br\/noticias\/#\/schema\/person\/d0f32748bbca4bee871fa191ee4e2d40\",\"name\":\"Giovanni Porf\u00edrio Jacomino\",\"image\":{\"@type\":\"ImageObject\",\"inLanguage\":\"pt-BR\",\"@id\":\"https:\/\/www.suno.com.br\/noticias\/#\/schema\/person\/image\/\",\"url\":\"https:\/\/secure.gravatar.com\/avatar\/efb32e19b730a121cb7a80f41ffec01a?s=96&r=g\",\"contentUrl\":\"https:\/\/secure.gravatar.com\/avatar\/efb32e19b730a121cb7a80f41ffec01a?s=96&r=g\",\"caption\":\"Giovanni Porf\u00edrio Jacomino\"},\"description\":\"Giovanni Porf\u00edrio Jacomino \u00e9 jornalista formado pela Universidade Estadual de Londrina (UEL) e p\u00f3s-graduado em Produ\u00e7\u00e3o e Pr\u00e1ticas Jornal\u00edsticas na Contemporaneidade na Faculdade C\u00e1sper L\u00edbero (FCL). Foi editor web no Startupi e no Finsiders, atuando ainda como editor no TC Mover, portal de not\u00edcias da TradersClub, fazendo a cobertura de assuntos relacionados ao mercado financeiro interno e externo. Atualmente, \u00e9 Rep\u00f3rter do Suno Not\u00edcias.\",\"url\":\"https:\/\/www.suno.com.br\/noticias\/author\/giovanni-porfiriosuno-com-br\/\"}]}<\/script>\n<!-- \/ Yoast SEO plugin. -->","yoast_head_json":{"title":"Selic: aumento adicional no ritmo de ajustes de juros \u00e9 'pouco prov\u00e1vel'","description":"Na ata do Copom, o BC afirmou que a decis\u00e3o de redu\u00e7\u00e3o da Selic tem forte compromisso com a reancoragem e din\u00e2mica inflacion\u00e1ria.","robots":{"index":"index","follow":"follow","max-snippet":"max-snippet:-1","max-image-preview":"max-image-preview:large","max-video-preview":"max-video-preview:-1"},"canonical":"https:\/\/www.suno.com.br\/noticias\/selic-aumeto-adicional-corte-juros-pouco-provavel-gpj\/","og_locale":"pt_BR","og_type":"article","og_title":"Selic: aumento adicional no ritmo de ajustes de juros \u00e9 'pouco prov\u00e1vel'","og_description":"Na ata do Copom, o BC afirmou que a decis\u00e3o de redu\u00e7\u00e3o da Selic tem forte compromisso com a reancoragem e din\u00e2mica inflacion\u00e1ria.","og_url":"https:\/\/www.suno.com.br\/noticias\/selic-aumeto-adicional-corte-juros-pouco-provavel-gpj\/","og_site_name":"Suno Not\u00edcias","article_publisher":"https:\/\/facebook.com\/sunoresearch","og_image":[{"width":1452,"height":968,"url":"https:\/\/files.sunoresearch.com.br\/n\/uploads\/2020\/03\/6cfc516e-banco-central.jpg","type":"image\/jpeg"}],"author":"Giovanni Porf\u00edrio Jacomino","twitter_card":"summary_large_image","twitter_creator":"@sunoresearch","twitter_site":"@sunoresearch","twitter_misc":{"Escrito por":"Giovanni Porf\u00edrio Jacomino","Est. tempo de leitura":"6 minutos"},"schema":{"@context":"https:\/\/schema.org","@graph":[{"@type":"NewsArticle","@id":"https:\/\/www.suno.com.br\/noticias\/selic-aumeto-adicional-corte-juros-pouco-provavel-gpj\/#article","isPartOf":{"@id":"https:\/\/www.suno.com.br\/noticias\/selic-aumeto-adicional-corte-juros-pouco-provavel-gpj\/"},"author":{"name":"Giovanni Porf\u00edrio Jacomino","@id":"https:\/\/www.suno.com.br\/noticias\/#\/schema\/person\/d0f32748bbca4bee871fa191ee4e2d40"},"headline":"Selic: intensifica\u00e7\u00e3o do ritmo de cortes dos juros \u00e9 &#8216;pouco prov\u00e1vel&#8217;, diz ata do Copom","datePublished":"2023-08-08T12:30:53+00:00","dateModified":"2023-08-08T12:46:30+00:00","mainEntityOfPage":{"@id":"https:\/\/www.suno.com.br\/noticias\/selic-aumeto-adicional-corte-juros-pouco-provavel-gpj\/"},"wordCount":1163,"publisher":{"@id":"https:\/\/www.suno.com.br\/noticias\/#organization"},"image":{"@id":"https:\/\/www.suno.com.br\/noticias\/selic-aumeto-adicional-corte-juros-pouco-provavel-gpj\/#primaryimage"},"thumbnailUrl":"https:\/\/files.sunoresearch.com.br\/n\/uploads\/2020\/03\/6cfc516e-banco-central-jpg.webp","keywords":["Copom","pol\u00edtica monet\u00e1ria","Taxa Selic"],"articleSection":["Neg\u00f3cios"],"inLanguage":"pt-BR"},{"@type":"WebPage","@id":"https:\/\/www.suno.com.br\/noticias\/selic-aumeto-adicional-corte-juros-pouco-provavel-gpj\/","url":"https:\/\/www.suno.com.br\/noticias\/selic-aumeto-adicional-corte-juros-pouco-provavel-gpj\/","name":"Selic: aumento adicional no ritmo de ajustes de juros \u00e9 'pouco prov\u00e1vel'","isPartOf":{"@id":"https:\/\/www.suno.com.br\/noticias\/#website"},"primaryImageOfPage":{"@id":"https:\/\/www.suno.com.br\/noticias\/selic-aumeto-adicional-corte-juros-pouco-provavel-gpj\/#primaryimage"},"image":{"@id":"https:\/\/www.suno.com.br\/noticias\/selic-aumeto-adicional-corte-juros-pouco-provavel-gpj\/#primaryimage"},"thumbnailUrl":"https:\/\/files.sunoresearch.com.br\/n\/uploads\/2020\/03\/6cfc516e-banco-central-jpg.webp","datePublished":"2023-08-08T12:30:53+00:00","dateModified":"2023-08-08T12:46:30+00:00","description":"Na ata do Copom, o BC afirmou que a decis\u00e3o de redu\u00e7\u00e3o da Selic tem forte compromisso com a reancoragem e din\u00e2mica inflacion\u00e1ria.","breadcrumb":{"@id":"https:\/\/www.suno.com.br\/noticias\/selic-aumeto-adicional-corte-juros-pouco-provavel-gpj\/#breadcrumb"},"inLanguage":"pt-BR","potentialAction":[{"@type":"ReadAction","target":["https:\/\/www.suno.com.br\/noticias\/selic-aumeto-adicional-corte-juros-pouco-provavel-gpj\/"]}]},{"@type":"ImageObject","inLanguage":"pt-BR","@id":"https:\/\/www.suno.com.br\/noticias\/selic-aumeto-adicional-corte-juros-pouco-provavel-gpj\/#primaryimage","url":"https:\/\/files.sunoresearch.com.br\/n\/uploads\/2020\/03\/6cfc516e-banco-central-jpg.webp","contentUrl":"https:\/\/files.sunoresearch.com.br\/n\/uploads\/2020\/03\/6cfc516e-banco-central-jpg.webp","width":1452,"height":968,"caption":"Ata do Copom"},{"@type":"BreadcrumbList","@id":"https:\/\/www.suno.com.br\/noticias\/selic-aumeto-adicional-corte-juros-pouco-provavel-gpj\/#breadcrumb","itemListElement":[{"@type":"ListItem","position":1,"name":"Not\u00edcias","item":"https:\/\/www.suno.com.br\/noticias\/"},{"@type":"ListItem","position":2,"name":"Neg\u00f3cios","item":"https:\/\/www.suno.com.br\/noticias\/negocios\/"},{"@type":"ListItem","position":3,"name":"Selic: intensifica\u00e7\u00e3o do ritmo de cortes dos juros \u00e9 &#8216;pouco prov\u00e1vel&#8217;, diz ata do Copom"}]},{"@type":"WebSite","@id":"https:\/\/www.suno.com.br\/noticias\/#website","url":"https:\/\/www.suno.com.br\/noticias\/","name":"Suno Not\u00edcias","description":"Seu portal de informa\u00e7\u00e3o sobre o mundo dos investimentos","publisher":{"@id":"https:\/\/www.suno.com.br\/noticias\/#organization"},"potentialAction":[{"@type":"SearchAction","target":{"@type":"EntryPoint","urlTemplate":"https:\/\/www.suno.com.br\/noticias\/?s={search_term_string}"},"query-input":{"@type":"PropertyValueSpecification","valueRequired":true,"valueName":"search_term_string"}}],"inLanguage":"pt-BR"},{"@type":"Organization","@id":"https:\/\/www.suno.com.br\/noticias\/#organization","name":"Suno Not\u00edcias","url":"https:\/\/www.suno.com.br\/noticias\/","logo":{"@type":"ImageObject","inLanguage":"pt-BR","@id":"https:\/\/www.suno.com.br\/noticias\/#\/schema\/logo\/image\/","url":"https:\/\/files.sunoresearch.com.br\/n\/uploads\/2021\/09\/suno-logo.png","contentUrl":"https:\/\/files.sunoresearch.com.br\/n\/uploads\/2021\/09\/suno-logo.png","width":180,"height":180,"caption":"Suno Not\u00edcias"},"image":{"@id":"https:\/\/www.suno.com.br\/noticias\/#\/schema\/logo\/image\/"},"sameAs":["https:\/\/facebook.com\/sunoresearch","https:\/\/x.com\/sunoresearch","https:\/\/www.instagram.com\/suno","https:\/\/www.linkedin.com\/company\/suno-research\/","https:\/\/www.youtube.com\/c\/sunoresearch"]},{"@type":"Person","@id":"https:\/\/www.suno.com.br\/noticias\/#\/schema\/person\/d0f32748bbca4bee871fa191ee4e2d40","name":"Giovanni Porf\u00edrio Jacomino","image":{"@type":"ImageObject","inLanguage":"pt-BR","@id":"https:\/\/www.suno.com.br\/noticias\/#\/schema\/person\/image\/","url":"https:\/\/secure.gravatar.com\/avatar\/efb32e19b730a121cb7a80f41ffec01a?s=96&r=g","contentUrl":"https:\/\/secure.gravatar.com\/avatar\/efb32e19b730a121cb7a80f41ffec01a?s=96&r=g","caption":"Giovanni Porf\u00edrio Jacomino"},"description":"Giovanni Porf\u00edrio Jacomino \u00e9 jornalista formado pela Universidade Estadual de Londrina (UEL) e p\u00f3s-graduado em Produ\u00e7\u00e3o e Pr\u00e1ticas Jornal\u00edsticas na Contemporaneidade na Faculdade C\u00e1sper L\u00edbero (FCL). Foi editor web no Startupi e no Finsiders, atuando ainda como editor no TC Mover, portal de not\u00edcias da TradersClub, fazendo a cobertura de assuntos relacionados ao mercado financeiro interno e externo. Atualmente, \u00e9 Rep\u00f3rter do Suno Not\u00edcias.","url":"https:\/\/www.suno.com.br\/noticias\/author\/giovanni-porfiriosuno-com-br\/"}]}},"default_loop_html":"<div class=\"cardsPage__listCard__boxs\"><div class=\"cardsPage__listCard__boxs__img\"><a href=\"https:\/\/www.suno.com.br\/noticias\/selic-aumeto-adicional-corte-juros-pouco-provavel-gpj\/\"><img class=\"mask\" src=\"https:\/\/www.suno.com.br\/noticias\/wp-content\/themes\/suno\/resources\/images\/spotlight\/spotlight1img\/bg-mask.png\" alt=\"Image Mask\"\/><img src=\"https:\/\/files.sunoresearch.com.br\/n\/uploads\/2020\/03\/6cfc516e-banco-central-400x200.webp\" alt=\"Selic: intensifica\u00e7\u00e3o do ritmo de cortes dos juros \u00e9 &#8216;pouco prov\u00e1vel&#8217;, diz ata do Copom\"\/><\/a><span class=\"spotlightCategory\"><a href=\"https:\/\/www.suno.com.br\/noticias\/negocios\/\">Neg\u00f3cios<\/a><\/span><\/div><div class=\"cardsPage__listCard__boxs__content\"><a href=\"https:\/\/www.suno.com.br\/noticias\/selic-aumeto-adicional-corte-juros-pouco-provavel-gpj\/\"><h2 class=\"content__title\">Selic: intensifica\u00e7\u00e3o do ritmo de cortes dos juros \u00e9 &#8216;pouco prov\u00e1vel&#8217;, diz ata do Copom<\/h2><\/a><div class=\"newsContent__article__meta\"><div class=\"newsContent__article__meta__authorBox\"><a href=\"https:\/\/www.suno.com.br\/noticias\/author\/marco-lopes\/\" class=\"authorBox__avatar noMobi\"><img src=\"https:\/\/secure.gravatar.com\/avatar\/385167b012fbc1cde32c5446ee253313?s=96&#038;r=g\" alt=\"Marco Ant\u00f4nio Lopes\"><\/a><div class=\"authorBox__name\"><span>por\n\t\t\t<a href=\"https:\/\/www.suno.com.br\/noticias\/author\/marco-lopes\/\"><span itemprop=\"author\">Marco Ant\u00f4nio Lopes<\/span><\/a><\/span><time datetime=\"2023-08-08T09:30:53-03:00\" itemprop=\"datePublished\">08\/08\/2023 09:30<\/time><\/div><\/div><\/div><\/div><\/div>","single_layout":"posts","amp_enabled":true,"_links":{"self":[{"href":"https:\/\/www.suno.com.br\/noticias\/wp-json\/wp\/v2\/posts\/439455"}],"collection":[{"href":"https:\/\/www.suno.com.br\/noticias\/wp-json\/wp\/v2\/posts"}],"about":[{"href":"https:\/\/www.suno.com.br\/noticias\/wp-json\/wp\/v2\/types\/post"}],"author":[{"embeddable":true,"href":"https:\/\/www.suno.com.br\/noticias\/wp-json\/wp\/v2\/users\/313"}],"replies":[{"embeddable":true,"href":"https:\/\/www.suno.com.br\/noticias\/wp-json\/wp\/v2\/comments?post=439455"}],"version-history":[{"count":2,"href":"https:\/\/www.suno.com.br\/noticias\/wp-json\/wp\/v2\/posts\/439455\/revisions"}],"predecessor-version":[{"id":439541,"href":"https:\/\/www.suno.com.br\/noticias\/wp-json\/wp\/v2\/posts\/439455\/revisions\/439541"}],"wp:featuredmedia":[{"embeddable":true,"href":"https:\/\/www.suno.com.br\/noticias\/wp-json\/wp\/v2\/media\/59623"}],"wp:attachment":[{"href":"https:\/\/www.suno.com.br\/noticias\/wp-json\/wp\/v2\/media?parent=439455"}],"wp:term":[{"taxonomy":"category","embeddable":true,"href":"https:\/\/www.suno.com.br\/noticias\/wp-json\/wp\/v2\/categories?post=439455"},{"taxonomy":"post_tag","embeddable":true,"href":"https:\/\/www.suno.com.br\/noticias\/wp-json\/wp\/v2\/tags?post=439455"},{"taxonomy":"suno_strategy","embeddable":true,"href":"https:\/\/www.suno.com.br\/noticias\/wp-json\/wp\/v2\/suno_strategy?post=439455"}],"curies":[{"name":"wp","href":"https:\/\/api.w.org\/{rel}","templated":true}]}}