{"id":438887,"date":"2023-08-07T08:51:41","date_gmt":"2023-08-07T11:51:41","guid":{"rendered":"https:\/\/www.suno.com.br\/noticias\/?p=438887"},"modified":"2023-08-07T08:57:09","modified_gmt":"2023-08-07T11:57:09","slug":"boletim-focus-selic-ipca-inflacao-0708-gpj","status":"publish","type":"post","link":"https:\/\/www.suno.com.br\/noticias\/boletim-focus-selic-ipca-inflacao-0708-gpj\/","title":{"rendered":"Selic a 11,75% e IPCA mantido abaixo de 5%: veja proje\u00e7\u00f5es do Boletim Focus ap\u00f3s corte dos juros"},"content":{"rendered":"<p>O&nbsp;<a href=\"https:\/\/www.suno.com.br\/guias\/mercado-financeiro\/\">mercado financeiro<\/a>&nbsp;diminuiu a proje\u00e7\u00e3o para a taxa b\u00e1sica de juros, a&nbsp;<strong>Selic<\/strong>, no final de 2023.<\/p>\t<div class=\"wrapper-featured-image\">\n\t\t<figure class=\"spotlightImg\">\n\n\t\t\t<picture>\n\t\t\t\t<source media=\"(max-width: 768px)\" srcset=\"https:\/\/files.sunoresearch.com.br\/n\/uploads\/2023\/05\/selic-juros-400x200.jpg\">\n\t\t\t\t<img loading=\"lazy\" decoding=\"async\" class=\"newsContent__article__imgCapa lazyloadDisabled \" src=\"https:\/\/files.sunoresearch.com.br\/n\/uploads\/2023\/05\/selic-juros-800x450.jpg\" width=\"800\" height=\"450\" alt=\"Selic a 11,75% e IPCA mantido abaixo de 5%: veja proje\u00e7\u00f5es do Boletim Focus ap\u00f3s corte dos juros\" fetchpriority=high \/>\n\t\t\t<\/picture>\n\n\t\t\t<figcaption class=\"wp-caption-text wp-caption-text--show\">Juros e Selic.  Foto: iStock<\/figcaption>\n\t\t<\/figure>\n\t<\/div>\n\n\n\n\n\n\n\n\t<p>\n\t\t<a href=\"https:\/\/lp.suno.com.br\/planilha-da-vida-financeira\/\" target=\"_blank\" data-element=\"shortcode-suno-banner\" title=\"Banner SUNO, clique e saiba mais\">\n\t\t\t<picture>\n\t\t\t\t<source media=\"(max-width: 500px)\" srcset=\"https:\/\/files.sunoresearch.com.br\/n\/uploads\/2023\/04\/400x300-Planilha-vida-financeira-true.png\">\n\t\t\t\t<img class=\"newsContent__article__imgCapa newsContent__article__imgCapa--banner\"\n\t\t\t\t\tsrc=\"https:\/\/files.sunoresearch.com.br\/n\/uploads\/2023\/04\/1420x240-Planilha-vida-financeira-true.png\"\n\t\t\t\t\tdata-promo-id=\"106682\"\t\t\t\t\t\t\t\t\t\twidth='1420' height='240'\t\t\t\t\talt=\"https:\/\/files.sunoresearch.com.br\/n\/uploads\/2023\/04\/1420x240-Planilha-vida-financeira-true.png\"\n\t\t\t\t>\n\t\t\t<\/picture>\n\t\t<\/a>\n\t<\/p>\n\n\n\n\n\n<p>Segundo o&nbsp;<strong>Boletim Focus<\/strong>&nbsp;divulgado nesta segunda-feira (7), o mercado espera que a&nbsp;<strong>taxa de juros<\/strong>&nbsp;termine 2023 em 11,75%, abaixo da previs\u00e3o registrada no levantamento anterior, de 12%.<\/p>\n\n\n\n<p>Na \u00faltima quarta-feira (2), o Comit\u00ea de&nbsp;<a href=\"https:\/\/www.suno.com.br\/artigos\/politica-monetaria\/\" target=\"_blank\" rel=\"noreferrer noopener\">Pol\u00edtica Monet\u00e1ria<\/a>&nbsp;(<strong>Copom<\/strong>), do Banco Central, anunciou o primeiro corte da taxa Selic desde agosto de 2020. A taxa caiu de 13,75% ao ano para 13,25%. A decis\u00e3o n\u00e3o foi un\u00e2nime, mas chamou a aten\u00e7\u00e3o pela intensidade do ajuste, abrindo caminho para um maior afrouxamento monet\u00e1rio.<\/p>\n\n\n\n<p>De acordo com o Focus, para 2024, o mercado espera que a\u00a0<strong>taxa de juros<\/strong>\u00a0termine em 9,00%, J\u00e1 para 2025, a expetativa \u00e9 de que a Selic chegue a 8,5%, com manuten\u00e7\u00e3o da proje\u00e7\u00e3o para o ano seguinte, 2026.<\/p>\n\n\n\n\t<div data-element=\"shortcode-read-more\" class=\"readToo\">\n\t\t\t\t<span class=\"readToo__title\">Leia mais<\/span>\n\t\t\t\t<ul class=\"readToo__list\">\n\t\t\t<li><a href=\"https:\/\/www.suno.com.br\/noticias\/selic-impulsionar-ibovespa-real-fundos-imobiliarios\/\">Selic a 13,25% deve impulsionar Ibovespa, real e fundos imobili\u00e1rios, dizem especialistas<\/a><\/li><li><a href=\"https:\/\/www.suno.com.br\/noticias\/copom-decisao-taxa-selic-agosto-2023\/\">1\u00ba corte em 3 anos: Copom reduz taxa Selic em 0,50 p.p, para 13,25% ao ano; entenda a decis\u00e3o do BC<\/a><\/li>\t\t<\/ul>\n\t<\/div>\n\n\n\n\n<p>Paralelamente, pela segunda semana consecutiva, as proje\u00e7\u00f5es do principal indicador de<strong>&nbsp;infla\u00e7\u00e3o<\/strong>, o&nbsp;<a href=\"https:\/\/www.suno.com.br\/noticias\/ipca15-recorde-desaceleracao\/\" target=\"_blank\" rel=\"noreferrer noopener\"><strong>IPCA<\/strong><\/a>, foram mantidas. A estimativa para o indicador no ano de 2023 ficou em 4,84%, a mesma da semana passada. H\u00e1 quatro semanas, o mercado projetava 4,95% de infla\u00e7\u00e3o para o ano de 2023.<\/p>\n\n\n\n<p>Al\u00e9m disso, o <strong>mercado financeiro<\/strong> aumentou as suas estimativas do&nbsp;<strong>PIB<\/strong>&nbsp;neste ano de 2,24% para 2,26%.<\/p>\n\n\n\n<p>No caso do&nbsp;<strong>d\u00f3lar<\/strong>, a previs\u00e3o para 2023 foi reduzida de R$ 4,91 para R$ 4,90.<\/p>\n\n\n\t<p>\n\t\t<a href=\"https:\/\/lp.suno.com.br\/ebook-como-analisar-uma-acao\/\" target=\"_blank\" data-element=\"shortcode-suno-banner\" title=\"Banner SUNO, clique e saiba mais\">\n\t\t\t<picture>\n\t\t\t\t<source media=\"(max-width: 500px)\" srcset=\"https:\/\/files.sunoresearch.com.br\/n\/uploads\/2023\/03\/Ebook-Acoes-Mobile.jpg\">\n\t\t\t\t<img class=\"newsContent__article__imgCapa newsContent__article__imgCapa--banner\"\n\t\t\t\t\tsrc=\"https:\/\/files.sunoresearch.com.br\/n\/uploads\/2023\/03\/Ebook-Acoes-Desktop.jpg\"\n\t\t\t\t\tdata-promo-id=\"378302\"\t\t\t\t\t\t\t\t\t\twidth='1420' height='286'\t\t\t\t\talt=\"https:\/\/files.sunoresearch.com.br\/n\/uploads\/2023\/03\/Ebook-Acoes-Desktop.jpg\"\n\t\t\t\t>\n\t\t\t<\/picture>\n\t\t<\/a>\n\t<\/p>\n\n\n\n\n\n<h2 class=\"wp-block-heading\">Resumo do Boletim Focus<\/h2>\n\n\n\n<p>Veja, em detalhes, as proje\u00e7\u00f5es mais importantes para 2023 e 2024:<\/p>\n\n\n\n<p>2023<\/p>\n\n\n\n<ul class=\"wp-block-list\">\n<li>IPCA: a proje\u00e7\u00e3o se manteve em 4,84%<\/li>\n\n\n\n<li>PIB: a proje\u00e7\u00e3o subiu para 2,26%<\/li>\n\n\n\n<li>D\u00f3lar: a previs\u00e3o do c\u00e2mbio caiu para R$ 4,90<\/li>\n\n\n\n<li>Taxa Selic: a previs\u00e3o caiu para 11,75%<\/li>\n\n\n\n<li>Balan\u00e7a Comercial: a expectativa para o super\u00e1vit aumentou para US$ 67 bilh\u00f5es<\/li>\n\n\n\n<li>Investimento Estrangeiro Direto: a previs\u00e3o se manteve em US$ 80 bilh\u00f5es<\/li>\n\n\n\n<li>D\u00edvida do Setor P\u00fablico: a previs\u00e3o aumentou para 60,60% do PIB<\/li>\n<\/ul>\n\n\n\n<p>2024<\/p>\n\n\n\n<ul class=\"wp-block-list\">\n<li>IPCA: a proje\u00e7\u00e3o caiu para 3,88%<\/li>\n\n\n\n<li>PIB: a proje\u00e7\u00e3o se manteve em 1,30%<\/li>\n\n\n\n<li>D\u00f3lar: a previs\u00e3o do c\u00e2mbio se manteve em R$ 5,00<\/li>\n\n\n\n<li>Taxa Selic: a previs\u00e3o caiu para 9,00%<\/li>\n\n\n\n<li>Balan\u00e7a Comercial: a expectativa para o super\u00e1vit se manteve em US$ 60 bilh\u00f5es<\/li>\n\n\n\n<li>Investimento Estrangeiro Direto: a previs\u00e3o segue em US$ 80 bilh\u00f5es<\/li>\n\n\n\n<li>D\u00edvida do Setor P\u00fablico: a previs\u00e3o aumentou para 64,00% do PIB<\/li>\n<\/ul>\n\n\n\n<p>O&nbsp;<a href=\"https:\/\/www.youtube.com\/watch?v=5xXH4baJrtc\">Boletim Focus<\/a>&nbsp;\u00e9 elaborado semanalmente pelo Banco Central. S\u00e3o utilizadas as proje\u00e7\u00f5es dos especialistas das 100 principais institui\u00e7\u00f5es ligadas ao&nbsp;<a href=\"https:\/\/www.suno.com.br\/guias\/mercado-financeiro\/\">mercado financeiro<\/a>&nbsp;do Brasil para juros, IPCA, c\u00e2mbio,&nbsp;<strong>Selic<\/strong>&nbsp;e outros indicadores.<\/p>\n\n\n\t<p>\n\t\t<a href=\"https:\/\/lp.suno.com.br\/planilha-da-vida-financeira\/\" target=\"_blank\" data-element=\"shortcode-suno-banner\" title=\"Banner SUNO, clique e saiba mais\">\n\t\t\t<picture>\n\t\t\t\t<source media=\"(max-width: 500px)\" srcset=\"https:\/\/files.sunoresearch.com.br\/n\/uploads\/2023\/04\/400x300-Planilha-vida-financeira-true.png\">\n\t\t\t\t<img class=\"newsContent__article__imgCapa newsContent__article__imgCapa--banner\"\n\t\t\t\t\tsrc=\"https:\/\/files.sunoresearch.com.br\/n\/uploads\/2023\/04\/1420x240-Planilha-vida-financeira-true.png\"\n\t\t\t\t\tdata-promo-id=\"383123\"\t\t\t\t\t\t\t\t\t\twidth='1420' height='240'\t\t\t\t\talt=\"https:\/\/files.sunoresearch.com.br\/n\/uploads\/2023\/04\/1420x240-Planilha-vida-financeira-true.png\"\n\t\t\t\t>\n\t\t\t<\/picture>\n\t\t<\/a>\n\t<\/p>\n\n\n","protected":false},"excerpt":{"rendered":"<p>O&nbsp;mercado financeiro&nbsp;diminuiu a proje\u00e7\u00e3o para a taxa b\u00e1sica de juros, a&nbsp;Selic, no final de 2023. Juros e Selic. Foto: iStock Segundo o&nbsp;Boletim Focus&nbsp;divulgado nesta segunda-feira (7), o mercado espera que a&nbsp;taxa de juros&nbsp;termine 2023 em 11,75%, abaixo da previs\u00e3o registrada no levantamento anterior, de 12%. Na \u00faltima quarta-feira (2), o Comit\u00ea de&nbsp;Pol\u00edtica Monet\u00e1ria&nbsp;(Copom), do Banco [&hellip;]<\/p>\n","protected":false},"author":313,"featured_media":408701,"comment_status":"closed","ping_status":"closed","sticky":false,"template":"","format":"standard","meta":[],"categories":[62],"tags":[834,966,290],"suno_strategy":[],"class_list":["post-438887","post","type-post","status-publish","format-standard","has-post-thumbnail","hentry","category-economia","tag-boletim-focus","tag-ipca","tag-taxa-selic"],"yoast_head":"<!-- This site is optimized with the Yoast SEO plugin v24.4 - https:\/\/yoast.com\/wordpress\/plugins\/seo\/ -->\n<title>Selic a 11,75% e infla\u00e7\u00e3o mantida abaixo de 5%: veja proje\u00e7\u00f5es do Focus<\/title>\n<meta name=\"description\" content=\"O\u00a0mercado financeiro\u00a0diminuiu a proje\u00e7\u00e3o para a taxa b\u00e1sica de juros, a\u00a0Selic, em 2023, e manteve a do IPCA. Confira o Boletim Focus!\" \/>\n<meta name=\"robots\" content=\"index, follow, max-snippet:-1, max-image-preview:large, max-video-preview:-1\" \/>\n<link rel=\"canonical\" href=\"https:\/\/www.suno.com.br\/noticias\/boletim-focus-selic-ipca-inflacao-0708-gpj\/\" \/>\n<meta property=\"og:locale\" content=\"pt_BR\" \/>\n<meta property=\"og:type\" content=\"article\" \/>\n<meta property=\"og:title\" content=\"Selic a 11,75% e infla\u00e7\u00e3o mantida abaixo de 5%: veja proje\u00e7\u00f5es do Focus\" \/>\n<meta property=\"og:description\" content=\"O\u00a0mercado financeiro\u00a0diminuiu a proje\u00e7\u00e3o para a taxa b\u00e1sica de juros, a\u00a0Selic, em 2023, e manteve a do IPCA. Confira o Boletim Focus!\" \/>\n<meta property=\"og:url\" content=\"https:\/\/www.suno.com.br\/noticias\/boletim-focus-selic-ipca-inflacao-0708-gpj\/\" \/>\n<meta property=\"og:site_name\" content=\"Suno Not\u00edcias\" \/>\n<meta property=\"article:publisher\" content=\"https:\/\/facebook.com\/sunoresearch\" \/>\n<meta property=\"og:image\" content=\"https:\/\/files.sunoresearch.com.br\/n\/uploads\/2023\/05\/selic-juros.jpg\" \/>\n\t<meta property=\"og:image:width\" content=\"1200\" \/>\n\t<meta property=\"og:image:height\" content=\"800\" \/>\n\t<meta property=\"og:image:type\" content=\"image\/jpeg\" \/>\n<meta name=\"author\" content=\"Giovanni Porf\u00edrio Jacomino\" \/>\n<meta name=\"twitter:card\" content=\"summary_large_image\" \/>\n<meta name=\"twitter:creator\" content=\"@sunoresearch\" \/>\n<meta name=\"twitter:site\" content=\"@sunoresearch\" \/>\n<meta name=\"twitter:label1\" content=\"Escrito por\" \/>\n\t<meta name=\"twitter:data1\" content=\"Giovanni Porf\u00edrio Jacomino\" \/>\n\t<meta name=\"twitter:label2\" content=\"Est. tempo de leitura\" \/>\n\t<meta name=\"twitter:data2\" content=\"3 minutos\" \/>\n<script type=\"application\/ld+json\" class=\"yoast-schema-graph\">{\"@context\":\"https:\/\/schema.org\",\"@graph\":[{\"@type\":\"NewsArticle\",\"@id\":\"https:\/\/www.suno.com.br\/noticias\/boletim-focus-selic-ipca-inflacao-0708-gpj\/#article\",\"isPartOf\":{\"@id\":\"https:\/\/www.suno.com.br\/noticias\/boletim-focus-selic-ipca-inflacao-0708-gpj\/\"},\"author\":{\"name\":\"Giovanni Porf\u00edrio Jacomino\",\"@id\":\"https:\/\/www.suno.com.br\/noticias\/#\/schema\/person\/d0f32748bbca4bee871fa191ee4e2d40\"},\"headline\":\"Selic a 11,75% e IPCA mantido abaixo de 5%: veja proje\u00e7\u00f5es do Boletim Focus ap\u00f3s corte dos juros\",\"datePublished\":\"2023-08-07T11:51:41+00:00\",\"dateModified\":\"2023-08-07T11:57:09+00:00\",\"mainEntityOfPage\":{\"@id\":\"https:\/\/www.suno.com.br\/noticias\/boletim-focus-selic-ipca-inflacao-0708-gpj\/\"},\"wordCount\":451,\"publisher\":{\"@id\":\"https:\/\/www.suno.com.br\/noticias\/#organization\"},\"image\":{\"@id\":\"https:\/\/www.suno.com.br\/noticias\/boletim-focus-selic-ipca-inflacao-0708-gpj\/#primaryimage\"},\"thumbnailUrl\":\"https:\/\/files.sunoresearch.com.br\/n\/uploads\/2023\/05\/selic-juros.jpg\",\"keywords\":[\"Boletim Focus\",\"IPCA\",\"Taxa Selic\"],\"articleSection\":[\"Economia\"],\"inLanguage\":\"pt-BR\"},{\"@type\":\"WebPage\",\"@id\":\"https:\/\/www.suno.com.br\/noticias\/boletim-focus-selic-ipca-inflacao-0708-gpj\/\",\"url\":\"https:\/\/www.suno.com.br\/noticias\/boletim-focus-selic-ipca-inflacao-0708-gpj\/\",\"name\":\"Selic a 11,75% e infla\u00e7\u00e3o mantida abaixo de 5%: veja proje\u00e7\u00f5es do Focus\",\"isPartOf\":{\"@id\":\"https:\/\/www.suno.com.br\/noticias\/#website\"},\"primaryImageOfPage\":{\"@id\":\"https:\/\/www.suno.com.br\/noticias\/boletim-focus-selic-ipca-inflacao-0708-gpj\/#primaryimage\"},\"image\":{\"@id\":\"https:\/\/www.suno.com.br\/noticias\/boletim-focus-selic-ipca-inflacao-0708-gpj\/#primaryimage\"},\"thumbnailUrl\":\"https:\/\/files.sunoresearch.com.br\/n\/uploads\/2023\/05\/selic-juros.jpg\",\"datePublished\":\"2023-08-07T11:51:41+00:00\",\"dateModified\":\"2023-08-07T11:57:09+00:00\",\"description\":\"O\u00a0mercado financeiro\u00a0diminuiu a proje\u00e7\u00e3o para a taxa b\u00e1sica de juros, a\u00a0Selic, em 2023, e manteve a do IPCA. Confira o Boletim Focus!\",\"breadcrumb\":{\"@id\":\"https:\/\/www.suno.com.br\/noticias\/boletim-focus-selic-ipca-inflacao-0708-gpj\/#breadcrumb\"},\"inLanguage\":\"pt-BR\",\"potentialAction\":[{\"@type\":\"ReadAction\",\"target\":[\"https:\/\/www.suno.com.br\/noticias\/boletim-focus-selic-ipca-inflacao-0708-gpj\/\"]}]},{\"@type\":\"ImageObject\",\"inLanguage\":\"pt-BR\",\"@id\":\"https:\/\/www.suno.com.br\/noticias\/boletim-focus-selic-ipca-inflacao-0708-gpj\/#primaryimage\",\"url\":\"https:\/\/files.sunoresearch.com.br\/n\/uploads\/2023\/05\/selic-juros.jpg\",\"contentUrl\":\"https:\/\/files.sunoresearch.com.br\/n\/uploads\/2023\/05\/selic-juros.jpg\",\"width\":1200,\"height\":800,\"caption\":\"Juros e Selic. Foto: iStock\"},{\"@type\":\"BreadcrumbList\",\"@id\":\"https:\/\/www.suno.com.br\/noticias\/boletim-focus-selic-ipca-inflacao-0708-gpj\/#breadcrumb\",\"itemListElement\":[{\"@type\":\"ListItem\",\"position\":1,\"name\":\"Not\u00edcias\",\"item\":\"https:\/\/www.suno.com.br\/noticias\/\"},{\"@type\":\"ListItem\",\"position\":2,\"name\":\"Economia\",\"item\":\"https:\/\/www.suno.com.br\/noticias\/economia\/\"},{\"@type\":\"ListItem\",\"position\":3,\"name\":\"Selic a 11,75% e IPCA mantido abaixo de 5%: veja proje\u00e7\u00f5es do Boletim Focus ap\u00f3s corte dos juros\"}]},{\"@type\":\"WebSite\",\"@id\":\"https:\/\/www.suno.com.br\/noticias\/#website\",\"url\":\"https:\/\/www.suno.com.br\/noticias\/\",\"name\":\"Suno Not\u00edcias\",\"description\":\"Seu portal de informa\u00e7\u00e3o sobre o mundo dos investimentos\",\"publisher\":{\"@id\":\"https:\/\/www.suno.com.br\/noticias\/#organization\"},\"potentialAction\":[{\"@type\":\"SearchAction\",\"target\":{\"@type\":\"EntryPoint\",\"urlTemplate\":\"https:\/\/www.suno.com.br\/noticias\/?s={search_term_string}\"},\"query-input\":{\"@type\":\"PropertyValueSpecification\",\"valueRequired\":true,\"valueName\":\"search_term_string\"}}],\"inLanguage\":\"pt-BR\"},{\"@type\":\"Organization\",\"@id\":\"https:\/\/www.suno.com.br\/noticias\/#organization\",\"name\":\"Suno Not\u00edcias\",\"url\":\"https:\/\/www.suno.com.br\/noticias\/\",\"logo\":{\"@type\":\"ImageObject\",\"inLanguage\":\"pt-BR\",\"@id\":\"https:\/\/www.suno.com.br\/noticias\/#\/schema\/logo\/image\/\",\"url\":\"https:\/\/files.sunoresearch.com.br\/n\/uploads\/2021\/09\/suno-logo.png\",\"contentUrl\":\"https:\/\/files.sunoresearch.com.br\/n\/uploads\/2021\/09\/suno-logo.png\",\"width\":180,\"height\":180,\"caption\":\"Suno Not\u00edcias\"},\"image\":{\"@id\":\"https:\/\/www.suno.com.br\/noticias\/#\/schema\/logo\/image\/\"},\"sameAs\":[\"https:\/\/facebook.com\/sunoresearch\",\"https:\/\/x.com\/sunoresearch\",\"https:\/\/www.instagram.com\/suno\",\"https:\/\/www.linkedin.com\/company\/suno-research\/\",\"https:\/\/www.youtube.com\/c\/sunoresearch\"]},{\"@type\":\"Person\",\"@id\":\"https:\/\/www.suno.com.br\/noticias\/#\/schema\/person\/d0f32748bbca4bee871fa191ee4e2d40\",\"name\":\"Giovanni Porf\u00edrio Jacomino\",\"image\":{\"@type\":\"ImageObject\",\"inLanguage\":\"pt-BR\",\"@id\":\"https:\/\/www.suno.com.br\/noticias\/#\/schema\/person\/image\/\",\"url\":\"https:\/\/secure.gravatar.com\/avatar\/efb32e19b730a121cb7a80f41ffec01a?s=96&r=g\",\"contentUrl\":\"https:\/\/secure.gravatar.com\/avatar\/efb32e19b730a121cb7a80f41ffec01a?s=96&r=g\",\"caption\":\"Giovanni Porf\u00edrio Jacomino\"},\"description\":\"Giovanni Porf\u00edrio Jacomino \u00e9 jornalista formado pela Universidade Estadual de Londrina (UEL) e p\u00f3s-graduado em Produ\u00e7\u00e3o e Pr\u00e1ticas Jornal\u00edsticas na Contemporaneidade na Faculdade C\u00e1sper L\u00edbero (FCL). Foi editor web no Startupi e no Finsiders, atuando ainda como editor no TC Mover, portal de not\u00edcias da TradersClub, fazendo a cobertura de assuntos relacionados ao mercado financeiro interno e externo. Atualmente, \u00e9 Rep\u00f3rter do Suno Not\u00edcias.\",\"url\":\"https:\/\/www.suno.com.br\/noticias\/author\/giovanni-porfiriosuno-com-br\/\"}]}<\/script>\n<!-- \/ Yoast SEO plugin. -->","yoast_head_json":{"title":"Selic a 11,75% e infla\u00e7\u00e3o mantida abaixo de 5%: veja proje\u00e7\u00f5es do Focus","description":"O\u00a0mercado financeiro\u00a0diminuiu a proje\u00e7\u00e3o para a taxa b\u00e1sica de juros, a\u00a0Selic, em 2023, e manteve a do IPCA. Confira o Boletim Focus!","robots":{"index":"index","follow":"follow","max-snippet":"max-snippet:-1","max-image-preview":"max-image-preview:large","max-video-preview":"max-video-preview:-1"},"canonical":"https:\/\/www.suno.com.br\/noticias\/boletim-focus-selic-ipca-inflacao-0708-gpj\/","og_locale":"pt_BR","og_type":"article","og_title":"Selic a 11,75% e infla\u00e7\u00e3o mantida abaixo de 5%: veja proje\u00e7\u00f5es do Focus","og_description":"O\u00a0mercado financeiro\u00a0diminuiu a proje\u00e7\u00e3o para a taxa b\u00e1sica de juros, a\u00a0Selic, em 2023, e manteve a do IPCA. Confira o Boletim Focus!","og_url":"https:\/\/www.suno.com.br\/noticias\/boletim-focus-selic-ipca-inflacao-0708-gpj\/","og_site_name":"Suno Not\u00edcias","article_publisher":"https:\/\/facebook.com\/sunoresearch","og_image":[{"width":1200,"height":800,"url":"https:\/\/files.sunoresearch.com.br\/n\/uploads\/2023\/05\/selic-juros.jpg","type":"image\/jpeg"}],"author":"Giovanni Porf\u00edrio Jacomino","twitter_card":"summary_large_image","twitter_creator":"@sunoresearch","twitter_site":"@sunoresearch","twitter_misc":{"Escrito por":"Giovanni Porf\u00edrio Jacomino","Est. tempo de leitura":"3 minutos"},"schema":{"@context":"https:\/\/schema.org","@graph":[{"@type":"NewsArticle","@id":"https:\/\/www.suno.com.br\/noticias\/boletim-focus-selic-ipca-inflacao-0708-gpj\/#article","isPartOf":{"@id":"https:\/\/www.suno.com.br\/noticias\/boletim-focus-selic-ipca-inflacao-0708-gpj\/"},"author":{"name":"Giovanni Porf\u00edrio Jacomino","@id":"https:\/\/www.suno.com.br\/noticias\/#\/schema\/person\/d0f32748bbca4bee871fa191ee4e2d40"},"headline":"Selic a 11,75% e IPCA mantido abaixo de 5%: veja proje\u00e7\u00f5es do Boletim Focus ap\u00f3s corte dos juros","datePublished":"2023-08-07T11:51:41+00:00","dateModified":"2023-08-07T11:57:09+00:00","mainEntityOfPage":{"@id":"https:\/\/www.suno.com.br\/noticias\/boletim-focus-selic-ipca-inflacao-0708-gpj\/"},"wordCount":451,"publisher":{"@id":"https:\/\/www.suno.com.br\/noticias\/#organization"},"image":{"@id":"https:\/\/www.suno.com.br\/noticias\/boletim-focus-selic-ipca-inflacao-0708-gpj\/#primaryimage"},"thumbnailUrl":"https:\/\/files.sunoresearch.com.br\/n\/uploads\/2023\/05\/selic-juros.jpg","keywords":["Boletim Focus","IPCA","Taxa Selic"],"articleSection":["Economia"],"inLanguage":"pt-BR"},{"@type":"WebPage","@id":"https:\/\/www.suno.com.br\/noticias\/boletim-focus-selic-ipca-inflacao-0708-gpj\/","url":"https:\/\/www.suno.com.br\/noticias\/boletim-focus-selic-ipca-inflacao-0708-gpj\/","name":"Selic a 11,75% e infla\u00e7\u00e3o mantida abaixo de 5%: veja proje\u00e7\u00f5es do Focus","isPartOf":{"@id":"https:\/\/www.suno.com.br\/noticias\/#website"},"primaryImageOfPage":{"@id":"https:\/\/www.suno.com.br\/noticias\/boletim-focus-selic-ipca-inflacao-0708-gpj\/#primaryimage"},"image":{"@id":"https:\/\/www.suno.com.br\/noticias\/boletim-focus-selic-ipca-inflacao-0708-gpj\/#primaryimage"},"thumbnailUrl":"https:\/\/files.sunoresearch.com.br\/n\/uploads\/2023\/05\/selic-juros.jpg","datePublished":"2023-08-07T11:51:41+00:00","dateModified":"2023-08-07T11:57:09+00:00","description":"O\u00a0mercado financeiro\u00a0diminuiu a proje\u00e7\u00e3o para a taxa b\u00e1sica de juros, a\u00a0Selic, em 2023, e manteve a do IPCA. Confira o Boletim Focus!","breadcrumb":{"@id":"https:\/\/www.suno.com.br\/noticias\/boletim-focus-selic-ipca-inflacao-0708-gpj\/#breadcrumb"},"inLanguage":"pt-BR","potentialAction":[{"@type":"ReadAction","target":["https:\/\/www.suno.com.br\/noticias\/boletim-focus-selic-ipca-inflacao-0708-gpj\/"]}]},{"@type":"ImageObject","inLanguage":"pt-BR","@id":"https:\/\/www.suno.com.br\/noticias\/boletim-focus-selic-ipca-inflacao-0708-gpj\/#primaryimage","url":"https:\/\/files.sunoresearch.com.br\/n\/uploads\/2023\/05\/selic-juros.jpg","contentUrl":"https:\/\/files.sunoresearch.com.br\/n\/uploads\/2023\/05\/selic-juros.jpg","width":1200,"height":800,"caption":"Juros e Selic. Foto: iStock"},{"@type":"BreadcrumbList","@id":"https:\/\/www.suno.com.br\/noticias\/boletim-focus-selic-ipca-inflacao-0708-gpj\/#breadcrumb","itemListElement":[{"@type":"ListItem","position":1,"name":"Not\u00edcias","item":"https:\/\/www.suno.com.br\/noticias\/"},{"@type":"ListItem","position":2,"name":"Economia","item":"https:\/\/www.suno.com.br\/noticias\/economia\/"},{"@type":"ListItem","position":3,"name":"Selic a 11,75% e IPCA mantido abaixo de 5%: veja proje\u00e7\u00f5es do Boletim Focus ap\u00f3s corte dos juros"}]},{"@type":"WebSite","@id":"https:\/\/www.suno.com.br\/noticias\/#website","url":"https:\/\/www.suno.com.br\/noticias\/","name":"Suno Not\u00edcias","description":"Seu portal de informa\u00e7\u00e3o sobre o mundo dos investimentos","publisher":{"@id":"https:\/\/www.suno.com.br\/noticias\/#organization"},"potentialAction":[{"@type":"SearchAction","target":{"@type":"EntryPoint","urlTemplate":"https:\/\/www.suno.com.br\/noticias\/?s={search_term_string}"},"query-input":{"@type":"PropertyValueSpecification","valueRequired":true,"valueName":"search_term_string"}}],"inLanguage":"pt-BR"},{"@type":"Organization","@id":"https:\/\/www.suno.com.br\/noticias\/#organization","name":"Suno Not\u00edcias","url":"https:\/\/www.suno.com.br\/noticias\/","logo":{"@type":"ImageObject","inLanguage":"pt-BR","@id":"https:\/\/www.suno.com.br\/noticias\/#\/schema\/logo\/image\/","url":"https:\/\/files.sunoresearch.com.br\/n\/uploads\/2021\/09\/suno-logo.png","contentUrl":"https:\/\/files.sunoresearch.com.br\/n\/uploads\/2021\/09\/suno-logo.png","width":180,"height":180,"caption":"Suno Not\u00edcias"},"image":{"@id":"https:\/\/www.suno.com.br\/noticias\/#\/schema\/logo\/image\/"},"sameAs":["https:\/\/facebook.com\/sunoresearch","https:\/\/x.com\/sunoresearch","https:\/\/www.instagram.com\/suno","https:\/\/www.linkedin.com\/company\/suno-research\/","https:\/\/www.youtube.com\/c\/sunoresearch"]},{"@type":"Person","@id":"https:\/\/www.suno.com.br\/noticias\/#\/schema\/person\/d0f32748bbca4bee871fa191ee4e2d40","name":"Giovanni Porf\u00edrio Jacomino","image":{"@type":"ImageObject","inLanguage":"pt-BR","@id":"https:\/\/www.suno.com.br\/noticias\/#\/schema\/person\/image\/","url":"https:\/\/secure.gravatar.com\/avatar\/efb32e19b730a121cb7a80f41ffec01a?s=96&r=g","contentUrl":"https:\/\/secure.gravatar.com\/avatar\/efb32e19b730a121cb7a80f41ffec01a?s=96&r=g","caption":"Giovanni Porf\u00edrio Jacomino"},"description":"Giovanni Porf\u00edrio Jacomino \u00e9 jornalista formado pela Universidade Estadual de Londrina (UEL) e p\u00f3s-graduado em Produ\u00e7\u00e3o e Pr\u00e1ticas Jornal\u00edsticas na Contemporaneidade na Faculdade C\u00e1sper L\u00edbero (FCL). Foi editor web no Startupi e no Finsiders, atuando ainda como editor no TC Mover, portal de not\u00edcias da TradersClub, fazendo a cobertura de assuntos relacionados ao mercado financeiro interno e externo. Atualmente, \u00e9 Rep\u00f3rter do Suno Not\u00edcias.","url":"https:\/\/www.suno.com.br\/noticias\/author\/giovanni-porfiriosuno-com-br\/"}]}},"default_loop_html":"<div class=\"cardsPage__listCard__boxs\"><div class=\"cardsPage__listCard__boxs__img\"><a href=\"https:\/\/www.suno.com.br\/noticias\/boletim-focus-selic-ipca-inflacao-0708-gpj\/\"><img class=\"mask\" src=\"https:\/\/www.suno.com.br\/noticias\/wp-content\/themes\/suno\/resources\/images\/spotlight\/spotlight1img\/bg-mask.png\" alt=\"Image Mask\"\/><img src=\"https:\/\/files.sunoresearch.com.br\/n\/uploads\/2023\/05\/selic-juros-400x200.jpg\" alt=\"Selic a 11,75% e IPCA mantido abaixo de 5%: veja proje\u00e7\u00f5es do Boletim Focus ap\u00f3s corte dos juros\"\/><\/a><span class=\"spotlightCategory\"><a href=\"https:\/\/www.suno.com.br\/noticias\/economia\/\">Economia<\/a><\/span><\/div><div class=\"cardsPage__listCard__boxs__content\"><a href=\"https:\/\/www.suno.com.br\/noticias\/boletim-focus-selic-ipca-inflacao-0708-gpj\/\"><h2 class=\"content__title\">Selic a 11,75% e IPCA mantido abaixo de 5%: veja proje\u00e7\u00f5es do Boletim Focus ap\u00f3s corte dos juros<\/h2><\/a><div class=\"newsContent__article__meta\"><div class=\"newsContent__article__meta__authorBox\"><a href=\"https:\/\/www.suno.com.br\/noticias\/author\/marco-lopes\/\" class=\"authorBox__avatar noMobi\"><img src=\"https:\/\/secure.gravatar.com\/avatar\/385167b012fbc1cde32c5446ee253313?s=96&#038;r=g\" alt=\"Marco Ant\u00f4nio Lopes\"><\/a><div class=\"authorBox__name\"><span>por\n\t\t\t<a href=\"https:\/\/www.suno.com.br\/noticias\/author\/marco-lopes\/\"><span itemprop=\"author\">Marco Ant\u00f4nio Lopes<\/span><\/a><\/span><time datetime=\"2023-08-07T08:51:41-03:00\" itemprop=\"datePublished\">07\/08\/2023 08:51<\/time><\/div><\/div><\/div><\/div><\/div>","single_layout":"posts","amp_enabled":true,"_links":{"self":[{"href":"https:\/\/www.suno.com.br\/noticias\/wp-json\/wp\/v2\/posts\/438887"}],"collection":[{"href":"https:\/\/www.suno.com.br\/noticias\/wp-json\/wp\/v2\/posts"}],"about":[{"href":"https:\/\/www.suno.com.br\/noticias\/wp-json\/wp\/v2\/types\/post"}],"author":[{"embeddable":true,"href":"https:\/\/www.suno.com.br\/noticias\/wp-json\/wp\/v2\/users\/313"}],"replies":[{"embeddable":true,"href":"https:\/\/www.suno.com.br\/noticias\/wp-json\/wp\/v2\/comments?post=438887"}],"version-history":[{"count":3,"href":"https:\/\/www.suno.com.br\/noticias\/wp-json\/wp\/v2\/posts\/438887\/revisions"}],"predecessor-version":[{"id":438932,"href":"https:\/\/www.suno.com.br\/noticias\/wp-json\/wp\/v2\/posts\/438887\/revisions\/438932"}],"wp:featuredmedia":[{"embeddable":true,"href":"https:\/\/www.suno.com.br\/noticias\/wp-json\/wp\/v2\/media\/408701"}],"wp:attachment":[{"href":"https:\/\/www.suno.com.br\/noticias\/wp-json\/wp\/v2\/media?parent=438887"}],"wp:term":[{"taxonomy":"category","embeddable":true,"href":"https:\/\/www.suno.com.br\/noticias\/wp-json\/wp\/v2\/categories?post=438887"},{"taxonomy":"post_tag","embeddable":true,"href":"https:\/\/www.suno.com.br\/noticias\/wp-json\/wp\/v2\/tags?post=438887"},{"taxonomy":"suno_strategy","embeddable":true,"href":"https:\/\/www.suno.com.br\/noticias\/wp-json\/wp\/v2\/suno_strategy?post=438887"}],"curies":[{"name":"wp","href":"https:\/\/api.w.org\/{rel}","templated":true}]}}