{"id":43869,"date":"2019-11-06T11:00:10","date_gmt":"2019-11-06T13:00:10","guid":{"rendered":"https:\/\/www.suno.com.br\/noticias\/?p=43869"},"modified":"2021-02-18T19:54:57","modified_gmt":"2021-02-18T22:54:57","slug":"dolar-queda-megaleilao-cessao-onerosa-06112019","status":"publish","type":"post","link":"https:\/\/www.suno.com.br\/noticias\/dolar-queda-megaleilao-cessao-onerosa-06112019\/","title":{"rendered":"D\u00f3lar abre em queda atento ao megaleil\u00e3o da cess\u00e3o onerosa"},"content":{"rendered":"<p>O <a href=\"https:\/\/www.suno.com.br\/artigos\/alta-do-dolar\/\">d\u00f3lar<\/a> inicia esta quarta-feira (6) com nova queda refletindo o cen\u00e1rio externo e interno.<\/p>\t<div class=\"wrapper-featured-image\">\n\t\t<figure class=\"spotlightImg\">\n\n\t\t\t<picture>\n\t\t\t\t<source media=\"(max-width: 768px)\" srcset=\"https:\/\/files.sunoresearch.com.br\/n\/uploads\/2019\/06\/753f7398-dol\u00e1r-400x200.webp\">\n\t\t\t\t<img loading=\"lazy\" decoding=\"async\" class=\"newsContent__article__imgCapa lazyloadDisabled newsContent__article__imgCapa--noCaption\" src=\"https:\/\/files.sunoresearch.com.br\/n\/uploads\/2019\/06\/753f7398-dol\u00e1r-800x450.webp\" width=\"800\" height=\"450\" alt=\"D\u00f3lar abre em queda atento ao megaleil\u00e3o da cess\u00e3o onerosa\" fetchpriority=high \/>\n\t\t\t<\/picture>\n\n\t\t\t<figcaption class=\"wp-caption-text wp-caption-text--hide\">O d\u00f3lar hoje fechou no maior patamar desde 2 de outubro<\/figcaption>\n\t\t<\/figure>\n\t<\/div>\n\n\n<p>Por volta das 9h20, o <a href=\"https:\/\/www.suno.com.br\/artigos\/queda-dolar\/\"><strong>d\u00f3lar<\/strong><\/a> registrava uma varia\u00e7\u00e3o negativa de 0,20% sendo negociado a R$ 3,9845. O mercado est\u00e1 de olho na leil\u00e3o da <strong>cess\u00e3o onerosa<\/strong> que acontecer\u00e1 no Rio de Janeiro na manh\u00e3 desta quarta.<\/p>\n\n<p>Al\u00e9m disso, segue no radar dos <a href=\"https:\/\/www.suno.com.br\/artigos\/todo-investidor-deveria-imprimir-este-artigo-e-pendurar-na-parede-parte-1\/\">investidores<\/a>, a repercuss\u00e3o do pacote de medidas econ\u00f4micas propostas pelo governo e resultados trimestrais corporativos importantes.<\/p>\n<h2>Megaleil\u00e3o<\/h2>\n<p>Acontecer\u00e1, \u00e0s 10h desta quarta-feira (6) no Rio de Janeiro, o <strong>megaleil\u00e3o<\/strong> da cess\u00e3o onerosa do pr\u00e9-sal.<\/p>\n<p>Ser\u00e3o leiloadas quatro \u00e1reas em \u00e1guas profundas, acarretando possivelmente na maior venda em termos financeiros de campos de <strong>petr\u00f3leo<\/strong> na hist\u00f3ria. Segundo o governo, o leil\u00e3o poder\u00e1 arrecadar at\u00e9 R$ 106,5 bilh\u00f5es.<\/p>\n\t<p>\n\t\t<a href=\"https:\/\/lp.statusinvest.com.br\/ao\/assessoria-status-invest\/\" target=\"_blank\" data-element=\"shortcode-suno-banner\" title=\"Banner SUNO, clique e saiba mais\">\n\t\t\t<picture>\n\t\t\t\t<source media=\"(max-width: 500px)\" srcset=\"https:\/\/files.sunoresearch.com.br\/n\/uploads\/2024\/03\/400x300-Mobile-1.png\">\n\t\t\t\t<img class=\"newsContent__article__imgCapa newsContent__article__imgCapa--banner\"\n\t\t\t\t\tsrc=\"https:\/\/files.sunoresearch.com.br\/n\/uploads\/2024\/03\/1420-x-240-Desktop.png\"\n\t\t\t\t\tdata-promo-id=\"537299\"\t\t\t\t\t\t\t\t\t\twidth='1420' height='250'\t\t\t\t\talt=\"https:\/\/files.sunoresearch.com.br\/n\/uploads\/2024\/03\/1420-x-240-Desktop.png\"\n\t\t\t\t>\n\t\t\t<\/picture>\n\t\t<\/a>\n\t<\/p>\n\n\n<p>Al\u00e9m da <strong>Petrobras<\/strong> (PETR3; PETR4), as seguintes companhias se habilitaram a participar do leil\u00e3o:<\/p>\n<ul>\n<li>Chevron (EUA)<\/li>\n<li>CNODC (China)<\/li>\n<li>CNOOC (China)<\/li>\n<li>Ecopetrol (Col\u00f4mbia)<\/li>\n<li>Equinor (Noruega)<\/li>\n<li>ExxonMobil (EUA)<\/li>\n<li>Petrogal (Portugal)<\/li>\n<li>Petronas (Mal\u00e1sia)<\/li>\n<li>QPI (Catar)<\/li>\n<li>Shell (Reino Unido)<\/li>\n<li>Wintershall Dea (Alemanha)<\/li>\n<\/ul>\n<p>Nesta quarta, as companhias presentes devem oferecer \u00e0 Uni\u00e3o fatias iguais ou superiores aos percentuais m\u00ednimos de \u00f3leo-lucro das regi\u00f5es: bloco de Atapu (26,23%), B\u00fazios (23,24%), Itapu (18,15%) e em S\u00e9pia (27,88%).<\/p>\n<p>Se todas as \u00e1reas oferecidas forem compradas, a rodada ter\u00e1 um levantamento de b\u00f4nus de assinatura mais que 11 vezes maior que os R$ 8,9 bilh\u00f5es arrecadados na 16\u00aa Rodada de Concess\u00e3o, realizada no m\u00eas passado.<\/p>\n<h2>Pacote de medidas econ\u00f4micas<\/h2>\n<p>O ministro da Economia, <a href=\"https:\/\/www.suno.com.br\/tudo-sobre\/paulo-guedes\/\">Paulo Guedes<\/a>, afirmou que com as mudan\u00e7as no pacto federativo, poder\u00e3o ser transferidos a estados e munic\u00edpios de R$ 400 bilh\u00f5es a R$ 500 bilh\u00f5es nos pr\u00f3ximos 15 anos.<\/p>\n<p>O l\u00edder da pasta econ\u00f4mica acompanhou o presidente Jair Bolsonaro no Congresso Nacional para a entrega de um pacote com tr\u00eas <strong>propostas de emenda \u00e0 Constitui\u00e7\u00e3o (PEC)<\/strong>. As reformas atingem os governos locais.<\/p>\n<p><a href=\"https:\/\/www.suno.com.br\/noticias\/ata-copom-novo-corte-selic-mes-que-vem\/\">Saiba mais: Ata do Copom aponta para novo corte na Selic no m\u00eas que vem<\/a><\/p>\n<p>Dentre os principais pontos est\u00e3o a extin\u00e7\u00e3o de cidades com menos de 5 mil habitantes e arrecada\u00e7\u00e3o inferior a 10% da receita total, diminui\u00e7\u00e3o de sal\u00e1rios e jornada a servidores p\u00fablicos em per\u00edodos de crise fiscal e flexibiliza\u00e7\u00e3o das despesas com sa\u00fade e educa\u00e7\u00e3o.<\/p>\n<p>Tamb\u00e9m foram entregues ao presidente do Senado, Davi Alcolumbre (DEM-AP), a PEC da Emerg\u00eancia Fiscal e a PEC dos fundos.<\/p>\n<p>Al\u00e9m disso, tamb\u00e9m na \u00faltima ter\u00e7a, o presidente<strong>\u00a0Bolsonaro<\/strong>, assinou o projeto de lei que estabelece as medidas para a <strong>privatiza\u00e7\u00e3o<\/strong> da Eletrobras (<strong>ELET3<\/strong>; <strong>ELET6<\/strong>).<\/p>\n<h2>Resultados trimestrais<\/h2>\n<h3>Aes Tiet\u00ea<\/h3>\n<p>A companhia geradora de energia el\u00e9trica <strong>AES Tiet\u00ea (TIET11)<\/strong> divulgou seu lucro l\u00edquido de R$ 97,1 milh\u00f5es no trimestre que acabou em setembro. O valor significa uma alta de 174,6% em compara\u00e7\u00e3o com o mesmo per\u00edodo de 2018.<\/p>\n<p>A <strong>receita l\u00edquida trimestral<\/strong> caiu -7,1% ante 2018. O valor foi de R$ 525 milh\u00f5es a R$ 564,8 milh\u00f5es. Entretanto, no per\u00edodo de nove meses, o avan\u00e7o foi de 4,5%.<\/p>\n<h3>Eneva<\/h3>\n<p>A <strong>Eneva (ENEV3)<\/strong> fechou o terceiro trimestre de 2019 com um <a href=\"https:\/\/www.suno.com.br\/artigos\/lucro-liquido\/\"><strong>lucro l\u00edquido<\/strong> <\/a>de R$ 95,8 milh\u00f5es. Um resultado em queda de 46,8% em rela\u00e7\u00e3o ao mesmo per\u00edodo de 2018.<\/p>\n<p>O <a href=\"https:\/\/www.suno.com.br\/artigos\/ebitda-ajustado\/\">Ebitda ajustado<\/a> ficou em R$ 346,8 milh\u00f5es. Segundo a empresa, o resultado foi impactado &#8220;pela redu\u00e7\u00e3o de 23% no volume de energia l\u00edquida gerada e pela queda nos pre\u00e7os das commodities&#8221;.<\/p>\n<h3>Engie Brasil<\/h3>\n<p>A <strong>Engie Brasil (EGIE3)<\/strong> registrou lucro de R$ 742,7 milh\u00f5es (R$ 0,90 por a\u00e7\u00e3o) no intervalo de julho-setembro deste ano. O valor \u00e9 equivalente a uma alta de 56,2% ante os R$ 267,3 milh\u00f5es obtidos no mesmo per\u00edodo do ano passado<\/p>\n<h3>TIM<\/h3>\n<p>A Tim Brasil registrou lucro l\u00edquido de R$ 687 milh\u00f5es no terceiro trimestre de 2019, uma baixa de 48,5% em compara\u00e7\u00e3o ao mesmo per\u00edodo de 2018.<\/p>\n<p>A queda no lucro foi influenciada por uma distor\u00e7\u00e3o na base de compara\u00e7\u00e3o, j\u00e1 que a companhia apurou um <a href=\"https:\/\/www.suno.com.br\/artigos\/credito-fiscal\/\">cr\u00e9dito fiscal<\/a> extraordin\u00e1rio de R$ 950 milh\u00f5es que fez o seu resultado aumentar no balan\u00e7o referente ao terceiro trimestre do ano passado.<\/p>\n<h2>\u00daltima cota\u00e7\u00e3o do d\u00f3lar<\/h2>\n<p>Na \u00faltima sess\u00e3o, ter\u00e7a-feira (5), o <a href=\"https:\/\/www.youtube.com\/watch?v=VHI21Ahq90k&amp;t=4s\"><strong>d\u00f3lar<\/strong><\/a> encerrou o preg\u00e3o em em queda de 0,471%, sendo cotado a R$ 3,9932.<\/p>\n","protected":false},"excerpt":{"rendered":"<p>O d\u00f3lar inicia esta quarta-feira (6) com nova queda refletindo o cen\u00e1rio externo e interno. O d\u00f3lar hoje fechou no maior patamar desde 2 de outubro Por volta das 9h20, o d\u00f3lar registrava uma varia\u00e7\u00e3o negativa de 0,20% sendo negociado a R$ 3,9845. O mercado est\u00e1 de olho na leil\u00e3o da cess\u00e3o onerosa que acontecer\u00e1 [&hellip;]<\/p>\n","protected":false},"author":24,"featured_media":27876,"comment_status":"closed","ping_status":"closed","sticky":false,"template":"","format":"standard","meta":[],"categories":[60],"tags":[1029,1309,326,455,2107],"suno_strategy":[],"class_list":["post-43869","post","type-post","status-publish","format-standard","has-post-thumbnail","hentry","category-mercado","tag-balancos-trimestrais","tag-cessao-onerosa","tag-dolar","tag-eletrobras-elet3-elet5-elet6","tag-petronas"],"yoast_head":"<!-- This site is optimized with the Yoast SEO plugin v24.4 - https:\/\/yoast.com\/wordpress\/plugins\/seo\/ -->\n<title>D\u00f3lar abre em queda atento ao megaleil\u00e3o da cess\u00e3o onerosa<\/title>\n<meta name=\"description\" content=\"O d\u00f3lar inicia esta quarta-feira (6) com nova queda refletindo as expectativas sobre o megaleil\u00e3o da ces\u00e3o onerosa no RJ. Saiba mais.\" \/>\n<meta name=\"robots\" content=\"index, follow, max-snippet:-1, max-image-preview:large, max-video-preview:-1\" \/>\n<link rel=\"canonical\" href=\"https:\/\/www.suno.com.br\/noticias\/dolar-queda-megaleilao-cessao-onerosa-06112019\/\" \/>\n<meta property=\"og:locale\" content=\"pt_BR\" \/>\n<meta property=\"og:type\" content=\"article\" \/>\n<meta property=\"og:title\" content=\"D\u00f3lar abre em queda atento ao megaleil\u00e3o da cess\u00e3o onerosa\" \/>\n<meta property=\"og:description\" content=\"O d\u00f3lar inicia esta quarta-feira (6) com nova queda refletindo as expectativas sobre o megaleil\u00e3o da ces\u00e3o onerosa no RJ. Saiba mais.\" \/>\n<meta property=\"og:url\" content=\"https:\/\/www.suno.com.br\/noticias\/dolar-queda-megaleilao-cessao-onerosa-06112019\/\" \/>\n<meta property=\"og:site_name\" content=\"Suno Not\u00edcias\" \/>\n<meta property=\"article:publisher\" content=\"https:\/\/facebook.com\/sunoresearch\" \/>\n<meta property=\"og:image\" content=\"https:\/\/files.sunoresearch.com.br\/n\/uploads\/2019\/06\/753f7398-dol\u00e1r.jpg\" \/>\n\t<meta property=\"og:image:width\" content=\"2598\" \/>\n\t<meta property=\"og:image:height\" content=\"1700\" \/>\n\t<meta property=\"og:image:type\" content=\"image\/jpeg\" \/>\n<meta name=\"author\" content=\"Jader Lazarini\" \/>\n<meta name=\"twitter:card\" content=\"summary_large_image\" \/>\n<meta name=\"twitter:creator\" content=\"@sunoresearch\" \/>\n<meta name=\"twitter:site\" content=\"@sunoresearch\" \/>\n<meta name=\"twitter:label1\" content=\"Escrito por\" \/>\n\t<meta name=\"twitter:data1\" content=\"Jader Lazarini\" \/>\n\t<meta name=\"twitter:label2\" content=\"Est. tempo de leitura\" \/>\n\t<meta name=\"twitter:data2\" content=\"4 minutos\" \/>\n<script type=\"application\/ld+json\" class=\"yoast-schema-graph\">{\"@context\":\"https:\/\/schema.org\",\"@graph\":[{\"@type\":\"NewsArticle\",\"@id\":\"https:\/\/www.suno.com.br\/noticias\/dolar-queda-megaleilao-cessao-onerosa-06112019\/#article\",\"isPartOf\":{\"@id\":\"https:\/\/www.suno.com.br\/noticias\/dolar-queda-megaleilao-cessao-onerosa-06112019\/\"},\"author\":{\"name\":\"Jader Lazarini\",\"@id\":\"https:\/\/www.suno.com.br\/noticias\/#\/schema\/person\/918d79de1f0281f01599b93f9ea6e23f\"},\"headline\":\"D\u00f3lar abre em queda atento ao megaleil\u00e3o da cess\u00e3o onerosa\",\"datePublished\":\"2019-11-06T13:00:10+00:00\",\"dateModified\":\"2021-02-18T22:54:57+00:00\",\"mainEntityOfPage\":{\"@id\":\"https:\/\/www.suno.com.br\/noticias\/dolar-queda-megaleilao-cessao-onerosa-06112019\/\"},\"wordCount\":744,\"publisher\":{\"@id\":\"https:\/\/www.suno.com.br\/noticias\/#organization\"},\"image\":{\"@id\":\"https:\/\/www.suno.com.br\/noticias\/dolar-queda-megaleilao-cessao-onerosa-06112019\/#primaryimage\"},\"thumbnailUrl\":\"https:\/\/files.sunoresearch.com.br\/n\/uploads\/2019\/06\/753f7398-dol\u00e1r-scaled.webp\",\"keywords\":[\"balan\u00e7os trimestrais\",\"cess\u00e3o onerosa\",\"d\u00f3lar\",\"Eletrobras (ELET3\/ELET5\/ELET6)\",\"Petronas\"],\"articleSection\":[\"Mercado\"],\"inLanguage\":\"pt-BR\"},{\"@type\":\"WebPage\",\"@id\":\"https:\/\/www.suno.com.br\/noticias\/dolar-queda-megaleilao-cessao-onerosa-06112019\/\",\"url\":\"https:\/\/www.suno.com.br\/noticias\/dolar-queda-megaleilao-cessao-onerosa-06112019\/\",\"name\":\"D\u00f3lar abre em queda atento ao megaleil\u00e3o da cess\u00e3o onerosa\",\"isPartOf\":{\"@id\":\"https:\/\/www.suno.com.br\/noticias\/#website\"},\"primaryImageOfPage\":{\"@id\":\"https:\/\/www.suno.com.br\/noticias\/dolar-queda-megaleilao-cessao-onerosa-06112019\/#primaryimage\"},\"image\":{\"@id\":\"https:\/\/www.suno.com.br\/noticias\/dolar-queda-megaleilao-cessao-onerosa-06112019\/#primaryimage\"},\"thumbnailUrl\":\"https:\/\/files.sunoresearch.com.br\/n\/uploads\/2019\/06\/753f7398-dol\u00e1r-scaled.webp\",\"datePublished\":\"2019-11-06T13:00:10+00:00\",\"dateModified\":\"2021-02-18T22:54:57+00:00\",\"description\":\"O d\u00f3lar inicia esta quarta-feira (6) com nova queda refletindo as expectativas sobre o megaleil\u00e3o da ces\u00e3o onerosa no RJ. Saiba mais.\",\"breadcrumb\":{\"@id\":\"https:\/\/www.suno.com.br\/noticias\/dolar-queda-megaleilao-cessao-onerosa-06112019\/#breadcrumb\"},\"inLanguage\":\"pt-BR\",\"potentialAction\":[{\"@type\":\"ReadAction\",\"target\":[\"https:\/\/www.suno.com.br\/noticias\/dolar-queda-megaleilao-cessao-onerosa-06112019\/\"]}]},{\"@type\":\"ImageObject\",\"inLanguage\":\"pt-BR\",\"@id\":\"https:\/\/www.suno.com.br\/noticias\/dolar-queda-megaleilao-cessao-onerosa-06112019\/#primaryimage\",\"url\":\"https:\/\/files.sunoresearch.com.br\/n\/uploads\/2019\/06\/753f7398-dol\u00e1r-scaled.webp\",\"contentUrl\":\"https:\/\/files.sunoresearch.com.br\/n\/uploads\/2019\/06\/753f7398-dol\u00e1r-scaled.webp\",\"width\":2560,\"height\":1675,\"caption\":\"O d\u00f3lar hoje fechou no maior patamar desde 2 de outubro\"},{\"@type\":\"BreadcrumbList\",\"@id\":\"https:\/\/www.suno.com.br\/noticias\/dolar-queda-megaleilao-cessao-onerosa-06112019\/#breadcrumb\",\"itemListElement\":[{\"@type\":\"ListItem\",\"position\":1,\"name\":\"Not\u00edcias\",\"item\":\"https:\/\/www.suno.com.br\/noticias\/\"},{\"@type\":\"ListItem\",\"position\":2,\"name\":\"Mercado\",\"item\":\"https:\/\/www.suno.com.br\/noticias\/mercado\/\"},{\"@type\":\"ListItem\",\"position\":3,\"name\":\"D\u00f3lar abre em queda atento ao megaleil\u00e3o da cess\u00e3o onerosa\"}]},{\"@type\":\"WebSite\",\"@id\":\"https:\/\/www.suno.com.br\/noticias\/#website\",\"url\":\"https:\/\/www.suno.com.br\/noticias\/\",\"name\":\"Suno Not\u00edcias\",\"description\":\"Seu portal de informa\u00e7\u00e3o sobre o mundo dos investimentos\",\"publisher\":{\"@id\":\"https:\/\/www.suno.com.br\/noticias\/#organization\"},\"potentialAction\":[{\"@type\":\"SearchAction\",\"target\":{\"@type\":\"EntryPoint\",\"urlTemplate\":\"https:\/\/www.suno.com.br\/noticias\/?s={search_term_string}\"},\"query-input\":{\"@type\":\"PropertyValueSpecification\",\"valueRequired\":true,\"valueName\":\"search_term_string\"}}],\"inLanguage\":\"pt-BR\"},{\"@type\":\"Organization\",\"@id\":\"https:\/\/www.suno.com.br\/noticias\/#organization\",\"name\":\"Suno Not\u00edcias\",\"url\":\"https:\/\/www.suno.com.br\/noticias\/\",\"logo\":{\"@type\":\"ImageObject\",\"inLanguage\":\"pt-BR\",\"@id\":\"https:\/\/www.suno.com.br\/noticias\/#\/schema\/logo\/image\/\",\"url\":\"https:\/\/files.sunoresearch.com.br\/n\/uploads\/2021\/09\/suno-logo.png\",\"contentUrl\":\"https:\/\/files.sunoresearch.com.br\/n\/uploads\/2021\/09\/suno-logo.png\",\"width\":180,\"height\":180,\"caption\":\"Suno Not\u00edcias\"},\"image\":{\"@id\":\"https:\/\/www.suno.com.br\/noticias\/#\/schema\/logo\/image\/\"},\"sameAs\":[\"https:\/\/facebook.com\/sunoresearch\",\"https:\/\/x.com\/sunoresearch\",\"https:\/\/www.instagram.com\/suno\",\"https:\/\/www.linkedin.com\/company\/suno-research\/\",\"https:\/\/www.youtube.com\/c\/sunoresearch\"]},{\"@type\":\"Person\",\"@id\":\"https:\/\/www.suno.com.br\/noticias\/#\/schema\/person\/918d79de1f0281f01599b93f9ea6e23f\",\"name\":\"Jader Lazarini\",\"image\":{\"@type\":\"ImageObject\",\"inLanguage\":\"pt-BR\",\"@id\":\"https:\/\/www.suno.com.br\/noticias\/#\/schema\/person\/image\/\",\"url\":\"https:\/\/secure.gravatar.com\/avatar\/3c1ad8caa51589841baeb923fcddea97?s=96&r=g\",\"contentUrl\":\"https:\/\/secure.gravatar.com\/avatar\/3c1ad8caa51589841baeb923fcddea97?s=96&r=g\",\"caption\":\"Jader Lazarini\"},\"description\":\"Jader Lazarini escreve sobre investimentos, finan\u00e7as, economia e neg\u00f3cios. \u00c9 bacharel em Rela\u00e7\u00f5es Internacionais e analista CNPI (2619).\",\"url\":\"https:\/\/www.suno.com.br\/noticias\/author\/jader-lazarini\/\"}]}<\/script>\n<!-- \/ Yoast SEO plugin. -->","yoast_head_json":{"title":"D\u00f3lar abre em queda atento ao megaleil\u00e3o da cess\u00e3o onerosa","description":"O d\u00f3lar inicia esta quarta-feira (6) com nova queda refletindo as expectativas sobre o megaleil\u00e3o da ces\u00e3o onerosa no RJ. Saiba mais.","robots":{"index":"index","follow":"follow","max-snippet":"max-snippet:-1","max-image-preview":"max-image-preview:large","max-video-preview":"max-video-preview:-1"},"canonical":"https:\/\/www.suno.com.br\/noticias\/dolar-queda-megaleilao-cessao-onerosa-06112019\/","og_locale":"pt_BR","og_type":"article","og_title":"D\u00f3lar abre em queda atento ao megaleil\u00e3o da cess\u00e3o onerosa","og_description":"O d\u00f3lar inicia esta quarta-feira (6) com nova queda refletindo as expectativas sobre o megaleil\u00e3o da ces\u00e3o onerosa no RJ. Saiba mais.","og_url":"https:\/\/www.suno.com.br\/noticias\/dolar-queda-megaleilao-cessao-onerosa-06112019\/","og_site_name":"Suno Not\u00edcias","article_publisher":"https:\/\/facebook.com\/sunoresearch","og_image":[{"width":2598,"height":1700,"url":"https:\/\/files.sunoresearch.com.br\/n\/uploads\/2019\/06\/753f7398-dol\u00e1r.jpg","type":"image\/jpeg"}],"author":"Jader Lazarini","twitter_card":"summary_large_image","twitter_creator":"@sunoresearch","twitter_site":"@sunoresearch","twitter_misc":{"Escrito por":"Jader Lazarini","Est. tempo de leitura":"4 minutos"},"schema":{"@context":"https:\/\/schema.org","@graph":[{"@type":"NewsArticle","@id":"https:\/\/www.suno.com.br\/noticias\/dolar-queda-megaleilao-cessao-onerosa-06112019\/#article","isPartOf":{"@id":"https:\/\/www.suno.com.br\/noticias\/dolar-queda-megaleilao-cessao-onerosa-06112019\/"},"author":{"name":"Jader Lazarini","@id":"https:\/\/www.suno.com.br\/noticias\/#\/schema\/person\/918d79de1f0281f01599b93f9ea6e23f"},"headline":"D\u00f3lar abre em queda atento ao megaleil\u00e3o da cess\u00e3o onerosa","datePublished":"2019-11-06T13:00:10+00:00","dateModified":"2021-02-18T22:54:57+00:00","mainEntityOfPage":{"@id":"https:\/\/www.suno.com.br\/noticias\/dolar-queda-megaleilao-cessao-onerosa-06112019\/"},"wordCount":744,"publisher":{"@id":"https:\/\/www.suno.com.br\/noticias\/#organization"},"image":{"@id":"https:\/\/www.suno.com.br\/noticias\/dolar-queda-megaleilao-cessao-onerosa-06112019\/#primaryimage"},"thumbnailUrl":"https:\/\/files.sunoresearch.com.br\/n\/uploads\/2019\/06\/753f7398-dol\u00e1r-scaled.webp","keywords":["balan\u00e7os trimestrais","cess\u00e3o onerosa","d\u00f3lar","Eletrobras (ELET3\/ELET5\/ELET6)","Petronas"],"articleSection":["Mercado"],"inLanguage":"pt-BR"},{"@type":"WebPage","@id":"https:\/\/www.suno.com.br\/noticias\/dolar-queda-megaleilao-cessao-onerosa-06112019\/","url":"https:\/\/www.suno.com.br\/noticias\/dolar-queda-megaleilao-cessao-onerosa-06112019\/","name":"D\u00f3lar abre em queda atento ao megaleil\u00e3o da cess\u00e3o onerosa","isPartOf":{"@id":"https:\/\/www.suno.com.br\/noticias\/#website"},"primaryImageOfPage":{"@id":"https:\/\/www.suno.com.br\/noticias\/dolar-queda-megaleilao-cessao-onerosa-06112019\/#primaryimage"},"image":{"@id":"https:\/\/www.suno.com.br\/noticias\/dolar-queda-megaleilao-cessao-onerosa-06112019\/#primaryimage"},"thumbnailUrl":"https:\/\/files.sunoresearch.com.br\/n\/uploads\/2019\/06\/753f7398-dol\u00e1r-scaled.webp","datePublished":"2019-11-06T13:00:10+00:00","dateModified":"2021-02-18T22:54:57+00:00","description":"O d\u00f3lar inicia esta quarta-feira (6) com nova queda refletindo as expectativas sobre o megaleil\u00e3o da ces\u00e3o onerosa no RJ. Saiba mais.","breadcrumb":{"@id":"https:\/\/www.suno.com.br\/noticias\/dolar-queda-megaleilao-cessao-onerosa-06112019\/#breadcrumb"},"inLanguage":"pt-BR","potentialAction":[{"@type":"ReadAction","target":["https:\/\/www.suno.com.br\/noticias\/dolar-queda-megaleilao-cessao-onerosa-06112019\/"]}]},{"@type":"ImageObject","inLanguage":"pt-BR","@id":"https:\/\/www.suno.com.br\/noticias\/dolar-queda-megaleilao-cessao-onerosa-06112019\/#primaryimage","url":"https:\/\/files.sunoresearch.com.br\/n\/uploads\/2019\/06\/753f7398-dol\u00e1r-scaled.webp","contentUrl":"https:\/\/files.sunoresearch.com.br\/n\/uploads\/2019\/06\/753f7398-dol\u00e1r-scaled.webp","width":2560,"height":1675,"caption":"O d\u00f3lar hoje fechou no maior patamar desde 2 de outubro"},{"@type":"BreadcrumbList","@id":"https:\/\/www.suno.com.br\/noticias\/dolar-queda-megaleilao-cessao-onerosa-06112019\/#breadcrumb","itemListElement":[{"@type":"ListItem","position":1,"name":"Not\u00edcias","item":"https:\/\/www.suno.com.br\/noticias\/"},{"@type":"ListItem","position":2,"name":"Mercado","item":"https:\/\/www.suno.com.br\/noticias\/mercado\/"},{"@type":"ListItem","position":3,"name":"D\u00f3lar abre em queda atento ao megaleil\u00e3o da cess\u00e3o onerosa"}]},{"@type":"WebSite","@id":"https:\/\/www.suno.com.br\/noticias\/#website","url":"https:\/\/www.suno.com.br\/noticias\/","name":"Suno Not\u00edcias","description":"Seu portal de informa\u00e7\u00e3o sobre o mundo dos investimentos","publisher":{"@id":"https:\/\/www.suno.com.br\/noticias\/#organization"},"potentialAction":[{"@type":"SearchAction","target":{"@type":"EntryPoint","urlTemplate":"https:\/\/www.suno.com.br\/noticias\/?s={search_term_string}"},"query-input":{"@type":"PropertyValueSpecification","valueRequired":true,"valueName":"search_term_string"}}],"inLanguage":"pt-BR"},{"@type":"Organization","@id":"https:\/\/www.suno.com.br\/noticias\/#organization","name":"Suno Not\u00edcias","url":"https:\/\/www.suno.com.br\/noticias\/","logo":{"@type":"ImageObject","inLanguage":"pt-BR","@id":"https:\/\/www.suno.com.br\/noticias\/#\/schema\/logo\/image\/","url":"https:\/\/files.sunoresearch.com.br\/n\/uploads\/2021\/09\/suno-logo.png","contentUrl":"https:\/\/files.sunoresearch.com.br\/n\/uploads\/2021\/09\/suno-logo.png","width":180,"height":180,"caption":"Suno Not\u00edcias"},"image":{"@id":"https:\/\/www.suno.com.br\/noticias\/#\/schema\/logo\/image\/"},"sameAs":["https:\/\/facebook.com\/sunoresearch","https:\/\/x.com\/sunoresearch","https:\/\/www.instagram.com\/suno","https:\/\/www.linkedin.com\/company\/suno-research\/","https:\/\/www.youtube.com\/c\/sunoresearch"]},{"@type":"Person","@id":"https:\/\/www.suno.com.br\/noticias\/#\/schema\/person\/918d79de1f0281f01599b93f9ea6e23f","name":"Jader Lazarini","image":{"@type":"ImageObject","inLanguage":"pt-BR","@id":"https:\/\/www.suno.com.br\/noticias\/#\/schema\/person\/image\/","url":"https:\/\/secure.gravatar.com\/avatar\/3c1ad8caa51589841baeb923fcddea97?s=96&r=g","contentUrl":"https:\/\/secure.gravatar.com\/avatar\/3c1ad8caa51589841baeb923fcddea97?s=96&r=g","caption":"Jader Lazarini"},"description":"Jader Lazarini escreve sobre investimentos, finan\u00e7as, economia e neg\u00f3cios. \u00c9 bacharel em Rela\u00e7\u00f5es Internacionais e analista CNPI (2619).","url":"https:\/\/www.suno.com.br\/noticias\/author\/jader-lazarini\/"}]}},"default_loop_html":"<div class=\"cardsPage__listCard__boxs\"><div class=\"cardsPage__listCard__boxs__img\"><a href=\"https:\/\/www.suno.com.br\/noticias\/dolar-queda-megaleilao-cessao-onerosa-06112019\/\"><img class=\"mask\" src=\"https:\/\/www.suno.com.br\/noticias\/wp-content\/themes\/suno\/resources\/images\/spotlight\/spotlight1img\/bg-mask.png\" alt=\"Image Mask\"\/><img src=\"https:\/\/files.sunoresearch.com.br\/n\/uploads\/2019\/06\/753f7398-dol\u00e1r-400x200.webp\" alt=\"D\u00f3lar abre em queda atento ao megaleil\u00e3o da cess\u00e3o onerosa\"\/><\/a><span class=\"spotlightCategory\"><a href=\"https:\/\/www.suno.com.br\/noticias\/mercado\/\">Mercado<\/a><\/span><\/div><div class=\"cardsPage__listCard__boxs__content\"><a href=\"https:\/\/www.suno.com.br\/noticias\/dolar-queda-megaleilao-cessao-onerosa-06112019\/\"><h2 class=\"content__title\">D\u00f3lar abre em queda atento ao megaleil\u00e3o da cess\u00e3o onerosa<\/h2><\/a><div class=\"newsContent__article__meta\"><div class=\"newsContent__article__meta__authorBox\"><a href=\"https:\/\/www.suno.com.br\/noticias\/author\/jader-lazarini\/\" class=\"authorBox__avatar noMobi\"><img src=\"https:\/\/files.sunoresearch.com.br\/n\/uploads\/2021\/01\/178e6598-foto-perfil-2-150x150.jpg\" alt=\"Jader Lazarini\"><\/a><div class=\"authorBox__name\"><span>por\n\t\t\t<a href=\"https:\/\/www.suno.com.br\/noticias\/author\/jader-lazarini\/\"><span itemprop=\"author\">Jader Lazarini<\/span><\/a><\/span><time datetime=\"2019-11-06T11:00:10-03:00\" itemprop=\"datePublished\">06\/11\/2019 11:00<\/time><\/div><\/div><\/div><\/div><\/div>","single_layout":"posts","amp_enabled":true,"_links":{"self":[{"href":"https:\/\/www.suno.com.br\/noticias\/wp-json\/wp\/v2\/posts\/43869"}],"collection":[{"href":"https:\/\/www.suno.com.br\/noticias\/wp-json\/wp\/v2\/posts"}],"about":[{"href":"https:\/\/www.suno.com.br\/noticias\/wp-json\/wp\/v2\/types\/post"}],"author":[{"embeddable":true,"href":"https:\/\/www.suno.com.br\/noticias\/wp-json\/wp\/v2\/users\/24"}],"replies":[{"embeddable":true,"href":"https:\/\/www.suno.com.br\/noticias\/wp-json\/wp\/v2\/comments?post=43869"}],"version-history":[{"count":0,"href":"https:\/\/www.suno.com.br\/noticias\/wp-json\/wp\/v2\/posts\/43869\/revisions"}],"wp:featuredmedia":[{"embeddable":true,"href":"https:\/\/www.suno.com.br\/noticias\/wp-json\/wp\/v2\/media\/27876"}],"wp:attachment":[{"href":"https:\/\/www.suno.com.br\/noticias\/wp-json\/wp\/v2\/media?parent=43869"}],"wp:term":[{"taxonomy":"category","embeddable":true,"href":"https:\/\/www.suno.com.br\/noticias\/wp-json\/wp\/v2\/categories?post=43869"},{"taxonomy":"post_tag","embeddable":true,"href":"https:\/\/www.suno.com.br\/noticias\/wp-json\/wp\/v2\/tags?post=43869"},{"taxonomy":"suno_strategy","embeddable":true,"href":"https:\/\/www.suno.com.br\/noticias\/wp-json\/wp\/v2\/suno_strategy?post=43869"}],"curies":[{"name":"wp","href":"https:\/\/api.w.org\/{rel}","templated":true}]}}