{"id":43862,"date":"2019-11-06T10:23:02","date_gmt":"2019-11-06T12:23:02","guid":{"rendered":"https:\/\/www.suno.com.br\/noticias\/?p=43862"},"modified":"2021-06-14T00:23:59","modified_gmt":"2021-06-14T03:23:59","slug":"agenda-do-dia-megaleilao-do-pre-sal-magazine-luiza-eletrobras-xp","status":"publish","type":"post","link":"https:\/\/www.suno.com.br\/noticias\/agenda-do-dia-megaleilao-do-pre-sal-magazine-luiza-eletrobras-xp\/","title":{"rendered":"Agenda do Dia: Megaleil\u00e3o do pr\u00e9-sal; Magazine Luiza; Eletrobras; XP; Vale"},"content":{"rendered":"<p>Os assuntos da Agenda do Dia desta quarta-feira (6) prometem agitar o mercado interno e externo.<\/p>\t<div class=\"wrapper-featured-image\">\n\t\t<figure class=\"spotlightImg\">\n\n\t\t\t<picture>\n\t\t\t\t<source media=\"(max-width: 768px)\" srcset=\"https:\/\/files.sunoresearch.com.br\/n\/uploads\/2019\/10\/b051e236-petroleo-400x200.webp\">\n\t\t\t\t<img loading=\"lazy\" decoding=\"async\" class=\"newsContent__article__imgCapa lazyloadDisabled newsContent__article__imgCapa--noCaption\" src=\"https:\/\/files.sunoresearch.com.br\/n\/uploads\/2019\/10\/b051e236-petroleo-800x450.webp\" width=\"800\" height=\"450\" alt=\"Agenda do Dia: Megaleil\u00e3o do pr\u00e9-sal; Magazine Luiza; Eletrobras; XP; Vale\" fetchpriority=high \/>\n\t\t\t<\/picture>\n\n\t\t\t<figcaption class=\"wp-caption-text wp-caption-text--hide\">Os contratos futuros do petr\u00f3leo operam em forte queda nesta quarta, pressionados pelo aumento da oferta pelo avan\u00e7o da pandemia. <\/figcaption>\n\t\t<\/figure>\n\t<\/div>\n\n\n\n<p>O Brasil realiza a partir das 10h a <strong>venda de campos de petr\u00f3leo<\/strong> que tem potencial para ser a mais cara do mundo. A <strong>Magazine<\/strong> <strong>Luiza<\/strong> est\u00e1 selecionando startups para alavancar seus servi\u00e7os digitais. Estas e outras not\u00edcias fazem parte da <strong>Agenda do Dia<\/strong> desta quarta.<\/p>\n<p>A Agenda do Dia conta tamb\u00e9m com a not\u00edcia sobre a <strong>Eletrobras,<\/strong> que teve um projeto de lei assinado pelo presidente Jair Bolsonaro que prev\u00ea a privatiza\u00e7\u00e3o da empresa.<\/p>\n<p>Confira os principais pontos da Agenda do Dia:<\/p>\n<h2>Megaleil\u00e3o do pr\u00e9-sal<\/h2>\n<p>A partir das 10h desta quarta-feira (6), o Brasil realizar\u00e1 a venda de campos de <strong>petr\u00f3leo<\/strong>. Essa pode ser a venda mais cara do mundo do setor. O destaque das aten\u00e7\u00f5es est\u00e1 no campo de B\u00fazios.<\/p>\n<p>As empresas <strong>Exxon Mobil Corp<\/strong>\u00a0e<strong> Royal Dutch Shell Plc<\/strong> est\u00e3o entra as concorrentes das \u00e1reas em \u00e1guas profundas conhecidas como reservas de cess\u00e3o onerosa. Os produtores globais tem interesse nos campos pelo tamanho e a garantia de que ir\u00e3o dar bons resultados para as empresas.<\/p>\n<h2>Magazine Luiza<\/h2>\n<p>A <strong>Magazine<\/strong> <strong>Luiza<\/strong> est\u00e1 selecionando startups para melhorar seus servi\u00e7os digitais. Nesta quarta, a empresa ir\u00e1 realizar um evento com empreendedores em busca de selecionar alguma startup que possa colaborar no crescimento digital da empresa que j\u00e1 \u00e9 pioneira no setor, em rela\u00e7\u00e3o as outras varejistas.<\/p>\n<p><a href=\"https:\/\/www.suno.com.br\/noticias\/lucro-liquido-tim-r-687-milhoes-3t19\/\">Veja tamb\u00e9m: Lucro l\u00edquido da Tim soma R$ 687 milh\u00f5es no 3t19; queda de 48,5%<\/a><\/p>\n<p>\u201cNosso cliente tem sua vida impactada pela tecnologia, que est\u00e1 presente desde sua sa\u00fade at\u00e9 o entretenimento, ent\u00e3o queremos ajud\u00e1-lo a fazer melhor uso de seus aparelhos tecnol\u00f3gicos\u201d, afirmou Juliana Silva, gerente de servi\u00e7os digitais da Magalu.<\/p>\n<p>O Magazine Luiza recebeu 284 inscri\u00e7\u00f5es de empresas que ser\u00e3o avaliadas para uma poss\u00edvel parceria. O principal crit\u00e9rio na primeira fase de sele\u00e7\u00e3o ser\u00e1 a conectividade da inclus\u00e3o digital do Magalu com a solu\u00e7\u00e3o apresentada pela startup.<\/p>\n<h2>Eletrobras<\/h2>\n<p>O presidente <strong>Jair Bolsonaro<\/strong> assinou um projeto de lei que prev\u00ea a privatiza\u00e7\u00e3o da <strong>Eletrobras.<\/strong> O texto ir\u00e1 passar pelo Congresso e informa que a Uni\u00e3o deve ficar com uma participa\u00e7\u00e3o de 40% do capital.<\/p>\n<p>De acordo com o ministro de Minas e Energia, Bento Albuquerque, ap\u00f3s a privatiza\u00e7\u00e3o o governo tamb\u00e9m perder\u00e1 o direito de veto na empresa.<\/p>\n<p>A privatiza\u00e7\u00e3o da <strong>Eletrobras<\/strong>, segundo a estimativa do governo, pode levantar R$ 16,2 bilh\u00f5es. O montante j\u00e1 consta no <strong>Or\u00e7amento<\/strong> de 2020. A estatal, em comunicado ao mercado, confirmou a assinatura do texto e disse que o processo &#8220;dever\u00e1 cumprir todo o rito legislativo at\u00e9 a sua promulga\u00e7\u00e3o&#8221;.<\/p>\n<h2>XP<\/h2>\n<p>A <strong>XP<\/strong> est\u00e1 buscando novos refor\u00e7os para a \u00e1rea de banco de investimento e tamb\u00e9m anunciou que est\u00e1 buscando aumentar o n\u00famero de seus funcion\u00e1rios em 50%. Vale ressaltar que a empresa tamb\u00e9m est\u00e1 se preparando para uma oferta p\u00fablica inicial <a href=\"https:\/\/www.suno.com.br\/artigos\/vale-pena-investir-em-um-ipo\/\">(IPO)<\/a> nos Estados Unidos.<\/p>\n<p><a href=\"https:\/\/www.suno.com.br\/noticias\/cielo-distribuira-milhoes-juros-capital-proprio\/\">Veja tamb\u00e9m: Cielo distribuir\u00e1 R$ 42 milh\u00f5es em juros sobre o capital pr\u00f3prio<\/a><\/p>\n<p>Com as novas contrata\u00e7\u00f5es, a unidade de banco de investimento, que oferece servi\u00e7os de emiss\u00e3o de d\u00edvida e a\u00e7\u00f5es, produtos estruturados, entre outros, teria cerca de 100 funcion\u00e1rios, antes aos 65 registrados antes da onda de contrata\u00e7\u00f5es.<\/p>\n<h2>Vale<\/h2>\n<p>De acordo com a <strong>Ag\u00eancia<\/strong> <strong>Nacional<\/strong> <strong>de Minera\u00e7\u00e3o<\/strong> <strong>(<\/strong><strong style=\"font-size: 19.4286px;\">ANM)<\/strong><span style=\"font-size: 1.21429rem;\">, a <strong>Vale<\/strong> sonegou informa\u00e7\u00f5es importantes referentes aos riscos da sua <strong>barragem<\/strong> de rejeitos romper. Com isso, no dia 25 de janeiro deste ano, 250 pessoas foram mortas ap\u00f3s o rompimento de uma barragem da Vale, na cidade de <strong>Brumadinho<\/strong>, em Minas Gerais.<\/span><\/p>\n<p>Segundo os t\u00e9cnicos da AMN, a <strong>mineradora<\/strong> tinha conhecimento, por exemplo, sobre problemas no sistema de drenagem interna da barragem. Essa informa\u00e7\u00e3o n\u00e3o chegou \u00e0 ag\u00eancia reguladora. Al\u00e9m disso, contradi\u00e7\u00f5es foram constatadas entre informa\u00e7\u00f5es prestadas e as detidas pela empresa em seus sistemas internos.<\/p>\n<p>A <strong>Agenda do Dia<\/strong> da <a href=\"https:\/\/www.youtube.com\/channel\/UCWDeEIDAIi_oYKDiqwfGyRg\/videos\">Suno<\/a> mostra os principais acontecimentos que prometem movimentar o mercado durante o dia.<\/p>\n","protected":false},"excerpt":{"rendered":"<p>Os assuntos da Agenda do Dia desta quarta-feira (6) prometem agitar o mercado interno e externo. Os contratos futuros do petr\u00f3leo operam em forte queda nesta quarta, pressionados pelo aumento da oferta pelo avan\u00e7o da pandemia. O Brasil realiza a partir das 10h a venda de campos de petr\u00f3leo que tem potencial para ser a [&hellip;]<\/p>\n","protected":false},"author":19,"featured_media":41641,"comment_status":"closed","ping_status":"closed","sticky":false,"template":"","format":"standard","meta":[],"categories":[64],"tags":[1980,455,548,766,888],"suno_strategy":[],"class_list":["post-43862","post","type-post","status-publish","format-standard","has-post-thumbnail","hentry","category-negocios","tag-agenda-do-dia","tag-eletrobras-elet3-elet5-elet6","tag-magazine-luiza-mglu3","tag-petroleo","tag-xp-investimentos"],"yoast_head":"<!-- This site is optimized with the Yoast SEO plugin v24.4 - https:\/\/yoast.com\/wordpress\/plugins\/seo\/ -->\n<title>Agenda do Dia: Megaleil\u00e3o do pr\u00e9-sal; Magazine Luiza; Eletrobras; XP<\/title>\n<meta name=\"description\" content=\"Agenda do Dia: Megaleil\u00e3o do pr\u00e9-sal; novos investimentos da Magazine Luiza; privatiza\u00e7\u00e3o da Eletrobras; XP. Clique aqui para saber mais.\" \/>\n<meta name=\"robots\" content=\"index, follow, max-snippet:-1, max-image-preview:large, max-video-preview:-1\" \/>\n<link rel=\"canonical\" href=\"https:\/\/www.suno.com.br\/noticias\/agenda-do-dia-megaleilao-do-pre-sal-magazine-luiza-eletrobras-xp\/\" \/>\n<meta property=\"og:locale\" content=\"pt_BR\" \/>\n<meta property=\"og:type\" content=\"article\" \/>\n<meta property=\"og:title\" content=\"Agenda do Dia: Megaleil\u00e3o do pr\u00e9-sal; Magazine Luiza; Eletrobras; XP\" \/>\n<meta property=\"og:description\" content=\"Agenda do Dia: Megaleil\u00e3o do pr\u00e9-sal; novos investimentos da Magazine Luiza; privatiza\u00e7\u00e3o da Eletrobras; XP. Clique aqui para saber mais.\" \/>\n<meta property=\"og:url\" content=\"https:\/\/www.suno.com.br\/noticias\/agenda-do-dia-megaleilao-do-pre-sal-magazine-luiza-eletrobras-xp\/\" \/>\n<meta property=\"og:site_name\" content=\"Suno Not\u00edcias\" \/>\n<meta property=\"article:publisher\" content=\"https:\/\/facebook.com\/sunoresearch\" \/>\n<meta property=\"og:image\" content=\"https:\/\/files.sunoresearch.com.br\/n\/uploads\/2019\/10\/b051e236-petroleo.jpg\" \/>\n\t<meta property=\"og:image:width\" content=\"1182\" \/>\n\t<meta property=\"og:image:height\" content=\"800\" \/>\n\t<meta property=\"og:image:type\" content=\"image\/jpeg\" \/>\n<meta name=\"author\" content=\"Juliano Passaro\" \/>\n<meta name=\"twitter:card\" content=\"summary_large_image\" \/>\n<meta name=\"twitter:creator\" content=\"@sunoresearch\" \/>\n<meta name=\"twitter:site\" content=\"@sunoresearch\" \/>\n<meta name=\"twitter:label1\" content=\"Escrito por\" \/>\n\t<meta name=\"twitter:data1\" content=\"Juliano Passaro\" \/>\n\t<meta name=\"twitter:label2\" content=\"Est. tempo de leitura\" \/>\n\t<meta name=\"twitter:data2\" content=\"3 minutos\" \/>\n<script type=\"application\/ld+json\" class=\"yoast-schema-graph\">{\"@context\":\"https:\/\/schema.org\",\"@graph\":[{\"@type\":\"NewsArticle\",\"@id\":\"https:\/\/www.suno.com.br\/noticias\/agenda-do-dia-megaleilao-do-pre-sal-magazine-luiza-eletrobras-xp\/#article\",\"isPartOf\":{\"@id\":\"https:\/\/www.suno.com.br\/noticias\/agenda-do-dia-megaleilao-do-pre-sal-magazine-luiza-eletrobras-xp\/\"},\"author\":{\"name\":\"Juliano Passaro\",\"@id\":\"https:\/\/www.suno.com.br\/noticias\/#\/schema\/person\/1db762f78ffd8919a648a63e425953e3\"},\"headline\":\"Agenda do Dia: Megaleil\u00e3o do pr\u00e9-sal; Magazine Luiza; Eletrobras; XP; Vale\",\"datePublished\":\"2019-11-06T12:23:02+00:00\",\"dateModified\":\"2021-06-14T03:23:59+00:00\",\"mainEntityOfPage\":{\"@id\":\"https:\/\/www.suno.com.br\/noticias\/agenda-do-dia-megaleilao-do-pre-sal-magazine-luiza-eletrobras-xp\/\"},\"wordCount\":706,\"publisher\":{\"@id\":\"https:\/\/www.suno.com.br\/noticias\/#organization\"},\"image\":{\"@id\":\"https:\/\/www.suno.com.br\/noticias\/agenda-do-dia-megaleilao-do-pre-sal-magazine-luiza-eletrobras-xp\/#primaryimage\"},\"thumbnailUrl\":\"https:\/\/files.sunoresearch.com.br\/n\/uploads\/2019\/10\/b051e236-petroleo-jpg.webp\",\"keywords\":[\"agenda do dia\",\"Eletrobras (ELET3\/ELET5\/ELET6)\",\"Magazine Luiza (MGLU3)\",\"Petr\u00f3leo\",\"XP Investimentos\"],\"articleSection\":[\"Neg\u00f3cios\"],\"inLanguage\":\"pt-BR\"},{\"@type\":\"WebPage\",\"@id\":\"https:\/\/www.suno.com.br\/noticias\/agenda-do-dia-megaleilao-do-pre-sal-magazine-luiza-eletrobras-xp\/\",\"url\":\"https:\/\/www.suno.com.br\/noticias\/agenda-do-dia-megaleilao-do-pre-sal-magazine-luiza-eletrobras-xp\/\",\"name\":\"Agenda do Dia: Megaleil\u00e3o do pr\u00e9-sal; Magazine Luiza; Eletrobras; XP\",\"isPartOf\":{\"@id\":\"https:\/\/www.suno.com.br\/noticias\/#website\"},\"primaryImageOfPage\":{\"@id\":\"https:\/\/www.suno.com.br\/noticias\/agenda-do-dia-megaleilao-do-pre-sal-magazine-luiza-eletrobras-xp\/#primaryimage\"},\"image\":{\"@id\":\"https:\/\/www.suno.com.br\/noticias\/agenda-do-dia-megaleilao-do-pre-sal-magazine-luiza-eletrobras-xp\/#primaryimage\"},\"thumbnailUrl\":\"https:\/\/files.sunoresearch.com.br\/n\/uploads\/2019\/10\/b051e236-petroleo-jpg.webp\",\"datePublished\":\"2019-11-06T12:23:02+00:00\",\"dateModified\":\"2021-06-14T03:23:59+00:00\",\"description\":\"Agenda do Dia: Megaleil\u00e3o do pr\u00e9-sal; novos investimentos da Magazine Luiza; privatiza\u00e7\u00e3o da Eletrobras; XP. Clique aqui para saber mais.\",\"breadcrumb\":{\"@id\":\"https:\/\/www.suno.com.br\/noticias\/agenda-do-dia-megaleilao-do-pre-sal-magazine-luiza-eletrobras-xp\/#breadcrumb\"},\"inLanguage\":\"pt-BR\",\"potentialAction\":[{\"@type\":\"ReadAction\",\"target\":[\"https:\/\/www.suno.com.br\/noticias\/agenda-do-dia-megaleilao-do-pre-sal-magazine-luiza-eletrobras-xp\/\"]}]},{\"@type\":\"ImageObject\",\"inLanguage\":\"pt-BR\",\"@id\":\"https:\/\/www.suno.com.br\/noticias\/agenda-do-dia-megaleilao-do-pre-sal-magazine-luiza-eletrobras-xp\/#primaryimage\",\"url\":\"https:\/\/files.sunoresearch.com.br\/n\/uploads\/2019\/10\/b051e236-petroleo-jpg.webp\",\"contentUrl\":\"https:\/\/files.sunoresearch.com.br\/n\/uploads\/2019\/10\/b051e236-petroleo-jpg.webp\",\"width\":1182,\"height\":800,\"caption\":\"Os contratos futuros do petr\u00f3leo operam em forte queda nesta quarta, pressionados pelo aumento da oferta pelo avan\u00e7o da pandemia.\"},{\"@type\":\"BreadcrumbList\",\"@id\":\"https:\/\/www.suno.com.br\/noticias\/agenda-do-dia-megaleilao-do-pre-sal-magazine-luiza-eletrobras-xp\/#breadcrumb\",\"itemListElement\":[{\"@type\":\"ListItem\",\"position\":1,\"name\":\"Not\u00edcias\",\"item\":\"https:\/\/www.suno.com.br\/noticias\/\"},{\"@type\":\"ListItem\",\"position\":2,\"name\":\"Neg\u00f3cios\",\"item\":\"https:\/\/www.suno.com.br\/noticias\/negocios\/\"},{\"@type\":\"ListItem\",\"position\":3,\"name\":\"Agenda do Dia: Megaleil\u00e3o do pr\u00e9-sal; Magazine Luiza; Eletrobras; XP; Vale\"}]},{\"@type\":\"WebSite\",\"@id\":\"https:\/\/www.suno.com.br\/noticias\/#website\",\"url\":\"https:\/\/www.suno.com.br\/noticias\/\",\"name\":\"Suno Not\u00edcias\",\"description\":\"Seu portal de informa\u00e7\u00e3o sobre o mundo dos investimentos\",\"publisher\":{\"@id\":\"https:\/\/www.suno.com.br\/noticias\/#organization\"},\"potentialAction\":[{\"@type\":\"SearchAction\",\"target\":{\"@type\":\"EntryPoint\",\"urlTemplate\":\"https:\/\/www.suno.com.br\/noticias\/?s={search_term_string}\"},\"query-input\":{\"@type\":\"PropertyValueSpecification\",\"valueRequired\":true,\"valueName\":\"search_term_string\"}}],\"inLanguage\":\"pt-BR\"},{\"@type\":\"Organization\",\"@id\":\"https:\/\/www.suno.com.br\/noticias\/#organization\",\"name\":\"Suno Not\u00edcias\",\"url\":\"https:\/\/www.suno.com.br\/noticias\/\",\"logo\":{\"@type\":\"ImageObject\",\"inLanguage\":\"pt-BR\",\"@id\":\"https:\/\/www.suno.com.br\/noticias\/#\/schema\/logo\/image\/\",\"url\":\"https:\/\/files.sunoresearch.com.br\/n\/uploads\/2021\/09\/suno-logo.png\",\"contentUrl\":\"https:\/\/files.sunoresearch.com.br\/n\/uploads\/2021\/09\/suno-logo.png\",\"width\":180,\"height\":180,\"caption\":\"Suno Not\u00edcias\"},\"image\":{\"@id\":\"https:\/\/www.suno.com.br\/noticias\/#\/schema\/logo\/image\/\"},\"sameAs\":[\"https:\/\/facebook.com\/sunoresearch\",\"https:\/\/x.com\/sunoresearch\",\"https:\/\/www.instagram.com\/suno\",\"https:\/\/www.linkedin.com\/company\/suno-research\/\",\"https:\/\/www.youtube.com\/c\/sunoresearch\"]},{\"@type\":\"Person\",\"@id\":\"https:\/\/www.suno.com.br\/noticias\/#\/schema\/person\/1db762f78ffd8919a648a63e425953e3\",\"name\":\"Juliano Passaro\",\"image\":{\"@type\":\"ImageObject\",\"inLanguage\":\"pt-BR\",\"@id\":\"https:\/\/www.suno.com.br\/noticias\/#\/schema\/person\/image\/\",\"url\":\"https:\/\/secure.gravatar.com\/avatar\/743d4df28eebf6dcc46b4ad03c319e92?s=96&r=g\",\"contentUrl\":\"https:\/\/secure.gravatar.com\/avatar\/743d4df28eebf6dcc46b4ad03c319e92?s=96&r=g\",\"caption\":\"Juliano Passaro\"},\"description\":\"Juliano Passaro escreve sobre pol\u00edtica, economia e neg\u00f3cios para o portal da Suno Research. Antes da Suno, trabalhou no Portal da Band. \u00c9 formado em jornalismo pela Universidade Presbiteriana Mackenzie.\",\"url\":\"https:\/\/www.suno.com.br\/noticias\/author\/juliano\/\"}]}<\/script>\n<!-- \/ Yoast SEO plugin. -->","yoast_head_json":{"title":"Agenda do Dia: Megaleil\u00e3o do pr\u00e9-sal; Magazine Luiza; Eletrobras; XP","description":"Agenda do Dia: Megaleil\u00e3o do pr\u00e9-sal; novos investimentos da Magazine Luiza; privatiza\u00e7\u00e3o da Eletrobras; XP. Clique aqui para saber mais.","robots":{"index":"index","follow":"follow","max-snippet":"max-snippet:-1","max-image-preview":"max-image-preview:large","max-video-preview":"max-video-preview:-1"},"canonical":"https:\/\/www.suno.com.br\/noticias\/agenda-do-dia-megaleilao-do-pre-sal-magazine-luiza-eletrobras-xp\/","og_locale":"pt_BR","og_type":"article","og_title":"Agenda do Dia: Megaleil\u00e3o do pr\u00e9-sal; Magazine Luiza; Eletrobras; XP","og_description":"Agenda do Dia: Megaleil\u00e3o do pr\u00e9-sal; novos investimentos da Magazine Luiza; privatiza\u00e7\u00e3o da Eletrobras; XP. Clique aqui para saber mais.","og_url":"https:\/\/www.suno.com.br\/noticias\/agenda-do-dia-megaleilao-do-pre-sal-magazine-luiza-eletrobras-xp\/","og_site_name":"Suno Not\u00edcias","article_publisher":"https:\/\/facebook.com\/sunoresearch","og_image":[{"width":1182,"height":800,"url":"https:\/\/files.sunoresearch.com.br\/n\/uploads\/2019\/10\/b051e236-petroleo.jpg","type":"image\/jpeg"}],"author":"Juliano Passaro","twitter_card":"summary_large_image","twitter_creator":"@sunoresearch","twitter_site":"@sunoresearch","twitter_misc":{"Escrito por":"Juliano Passaro","Est. tempo de leitura":"3 minutos"},"schema":{"@context":"https:\/\/schema.org","@graph":[{"@type":"NewsArticle","@id":"https:\/\/www.suno.com.br\/noticias\/agenda-do-dia-megaleilao-do-pre-sal-magazine-luiza-eletrobras-xp\/#article","isPartOf":{"@id":"https:\/\/www.suno.com.br\/noticias\/agenda-do-dia-megaleilao-do-pre-sal-magazine-luiza-eletrobras-xp\/"},"author":{"name":"Juliano Passaro","@id":"https:\/\/www.suno.com.br\/noticias\/#\/schema\/person\/1db762f78ffd8919a648a63e425953e3"},"headline":"Agenda do Dia: Megaleil\u00e3o do pr\u00e9-sal; Magazine Luiza; Eletrobras; XP; Vale","datePublished":"2019-11-06T12:23:02+00:00","dateModified":"2021-06-14T03:23:59+00:00","mainEntityOfPage":{"@id":"https:\/\/www.suno.com.br\/noticias\/agenda-do-dia-megaleilao-do-pre-sal-magazine-luiza-eletrobras-xp\/"},"wordCount":706,"publisher":{"@id":"https:\/\/www.suno.com.br\/noticias\/#organization"},"image":{"@id":"https:\/\/www.suno.com.br\/noticias\/agenda-do-dia-megaleilao-do-pre-sal-magazine-luiza-eletrobras-xp\/#primaryimage"},"thumbnailUrl":"https:\/\/files.sunoresearch.com.br\/n\/uploads\/2019\/10\/b051e236-petroleo-jpg.webp","keywords":["agenda do dia","Eletrobras (ELET3\/ELET5\/ELET6)","Magazine Luiza (MGLU3)","Petr\u00f3leo","XP Investimentos"],"articleSection":["Neg\u00f3cios"],"inLanguage":"pt-BR"},{"@type":"WebPage","@id":"https:\/\/www.suno.com.br\/noticias\/agenda-do-dia-megaleilao-do-pre-sal-magazine-luiza-eletrobras-xp\/","url":"https:\/\/www.suno.com.br\/noticias\/agenda-do-dia-megaleilao-do-pre-sal-magazine-luiza-eletrobras-xp\/","name":"Agenda do Dia: Megaleil\u00e3o do pr\u00e9-sal; Magazine Luiza; Eletrobras; XP","isPartOf":{"@id":"https:\/\/www.suno.com.br\/noticias\/#website"},"primaryImageOfPage":{"@id":"https:\/\/www.suno.com.br\/noticias\/agenda-do-dia-megaleilao-do-pre-sal-magazine-luiza-eletrobras-xp\/#primaryimage"},"image":{"@id":"https:\/\/www.suno.com.br\/noticias\/agenda-do-dia-megaleilao-do-pre-sal-magazine-luiza-eletrobras-xp\/#primaryimage"},"thumbnailUrl":"https:\/\/files.sunoresearch.com.br\/n\/uploads\/2019\/10\/b051e236-petroleo-jpg.webp","datePublished":"2019-11-06T12:23:02+00:00","dateModified":"2021-06-14T03:23:59+00:00","description":"Agenda do Dia: Megaleil\u00e3o do pr\u00e9-sal; novos investimentos da Magazine Luiza; privatiza\u00e7\u00e3o da Eletrobras; XP. Clique aqui para saber mais.","breadcrumb":{"@id":"https:\/\/www.suno.com.br\/noticias\/agenda-do-dia-megaleilao-do-pre-sal-magazine-luiza-eletrobras-xp\/#breadcrumb"},"inLanguage":"pt-BR","potentialAction":[{"@type":"ReadAction","target":["https:\/\/www.suno.com.br\/noticias\/agenda-do-dia-megaleilao-do-pre-sal-magazine-luiza-eletrobras-xp\/"]}]},{"@type":"ImageObject","inLanguage":"pt-BR","@id":"https:\/\/www.suno.com.br\/noticias\/agenda-do-dia-megaleilao-do-pre-sal-magazine-luiza-eletrobras-xp\/#primaryimage","url":"https:\/\/files.sunoresearch.com.br\/n\/uploads\/2019\/10\/b051e236-petroleo-jpg.webp","contentUrl":"https:\/\/files.sunoresearch.com.br\/n\/uploads\/2019\/10\/b051e236-petroleo-jpg.webp","width":1182,"height":800,"caption":"Os contratos futuros do petr\u00f3leo operam em forte queda nesta quarta, pressionados pelo aumento da oferta pelo avan\u00e7o da pandemia."},{"@type":"BreadcrumbList","@id":"https:\/\/www.suno.com.br\/noticias\/agenda-do-dia-megaleilao-do-pre-sal-magazine-luiza-eletrobras-xp\/#breadcrumb","itemListElement":[{"@type":"ListItem","position":1,"name":"Not\u00edcias","item":"https:\/\/www.suno.com.br\/noticias\/"},{"@type":"ListItem","position":2,"name":"Neg\u00f3cios","item":"https:\/\/www.suno.com.br\/noticias\/negocios\/"},{"@type":"ListItem","position":3,"name":"Agenda do Dia: Megaleil\u00e3o do pr\u00e9-sal; Magazine Luiza; Eletrobras; XP; Vale"}]},{"@type":"WebSite","@id":"https:\/\/www.suno.com.br\/noticias\/#website","url":"https:\/\/www.suno.com.br\/noticias\/","name":"Suno Not\u00edcias","description":"Seu portal de informa\u00e7\u00e3o sobre o mundo dos investimentos","publisher":{"@id":"https:\/\/www.suno.com.br\/noticias\/#organization"},"potentialAction":[{"@type":"SearchAction","target":{"@type":"EntryPoint","urlTemplate":"https:\/\/www.suno.com.br\/noticias\/?s={search_term_string}"},"query-input":{"@type":"PropertyValueSpecification","valueRequired":true,"valueName":"search_term_string"}}],"inLanguage":"pt-BR"},{"@type":"Organization","@id":"https:\/\/www.suno.com.br\/noticias\/#organization","name":"Suno Not\u00edcias","url":"https:\/\/www.suno.com.br\/noticias\/","logo":{"@type":"ImageObject","inLanguage":"pt-BR","@id":"https:\/\/www.suno.com.br\/noticias\/#\/schema\/logo\/image\/","url":"https:\/\/files.sunoresearch.com.br\/n\/uploads\/2021\/09\/suno-logo.png","contentUrl":"https:\/\/files.sunoresearch.com.br\/n\/uploads\/2021\/09\/suno-logo.png","width":180,"height":180,"caption":"Suno Not\u00edcias"},"image":{"@id":"https:\/\/www.suno.com.br\/noticias\/#\/schema\/logo\/image\/"},"sameAs":["https:\/\/facebook.com\/sunoresearch","https:\/\/x.com\/sunoresearch","https:\/\/www.instagram.com\/suno","https:\/\/www.linkedin.com\/company\/suno-research\/","https:\/\/www.youtube.com\/c\/sunoresearch"]},{"@type":"Person","@id":"https:\/\/www.suno.com.br\/noticias\/#\/schema\/person\/1db762f78ffd8919a648a63e425953e3","name":"Juliano Passaro","image":{"@type":"ImageObject","inLanguage":"pt-BR","@id":"https:\/\/www.suno.com.br\/noticias\/#\/schema\/person\/image\/","url":"https:\/\/secure.gravatar.com\/avatar\/743d4df28eebf6dcc46b4ad03c319e92?s=96&r=g","contentUrl":"https:\/\/secure.gravatar.com\/avatar\/743d4df28eebf6dcc46b4ad03c319e92?s=96&r=g","caption":"Juliano Passaro"},"description":"Juliano Passaro escreve sobre pol\u00edtica, economia e neg\u00f3cios para o portal da Suno Research. Antes da Suno, trabalhou no Portal da Band. \u00c9 formado em jornalismo pela Universidade Presbiteriana Mackenzie.","url":"https:\/\/www.suno.com.br\/noticias\/author\/juliano\/"}]}},"default_loop_html":"<div class=\"cardsPage__listCard__boxs\"><div class=\"cardsPage__listCard__boxs__img\"><a href=\"https:\/\/www.suno.com.br\/noticias\/agenda-do-dia-megaleilao-do-pre-sal-magazine-luiza-eletrobras-xp\/\"><img class=\"mask\" src=\"https:\/\/www.suno.com.br\/noticias\/wp-content\/themes\/suno\/resources\/images\/spotlight\/spotlight1img\/bg-mask.png\" alt=\"Image Mask\"\/><img src=\"https:\/\/files.sunoresearch.com.br\/n\/uploads\/2019\/10\/b051e236-petroleo-400x200.webp\" alt=\"Agenda do Dia: Megaleil\u00e3o do pr\u00e9-sal; Magazine Luiza; Eletrobras; XP; Vale\"\/><\/a><span class=\"spotlightCategory\"><a href=\"https:\/\/www.suno.com.br\/noticias\/negocios\/\">Neg\u00f3cios<\/a><\/span><\/div><div class=\"cardsPage__listCard__boxs__content\"><a href=\"https:\/\/www.suno.com.br\/noticias\/agenda-do-dia-megaleilao-do-pre-sal-magazine-luiza-eletrobras-xp\/\"><h2 class=\"content__title\">Agenda do Dia: Megaleil\u00e3o do pr\u00e9-sal; Magazine Luiza; Eletrobras; XP; Vale<\/h2><\/a><div class=\"newsContent__article__meta\"><div class=\"newsContent__article__meta__authorBox\"><a href=\"https:\/\/www.suno.com.br\/noticias\/author\/juliano\/\" class=\"authorBox__avatar noMobi\"><img src=\"https:\/\/files.sunoresearch.com.br\/n\/uploads\/2019\/06\/7cc3efea-whatsapp-image-2019-07-18-at-21.59.33-e1563499821209-150x150.webp\" alt=\"Juliano Passaro\"><\/a><div class=\"authorBox__name\"><span>por\n\t\t\t<a href=\"https:\/\/www.suno.com.br\/noticias\/author\/juliano\/\"><span itemprop=\"author\">Juliano Passaro<\/span><\/a><\/span><time datetime=\"2019-11-06T10:23:02-03:00\" itemprop=\"datePublished\">06\/11\/2019 10:23<\/time><\/div><\/div><\/div><\/div><\/div>","single_layout":"posts","amp_enabled":true,"_links":{"self":[{"href":"https:\/\/www.suno.com.br\/noticias\/wp-json\/wp\/v2\/posts\/43862"}],"collection":[{"href":"https:\/\/www.suno.com.br\/noticias\/wp-json\/wp\/v2\/posts"}],"about":[{"href":"https:\/\/www.suno.com.br\/noticias\/wp-json\/wp\/v2\/types\/post"}],"author":[{"embeddable":true,"href":"https:\/\/www.suno.com.br\/noticias\/wp-json\/wp\/v2\/users\/19"}],"replies":[{"embeddable":true,"href":"https:\/\/www.suno.com.br\/noticias\/wp-json\/wp\/v2\/comments?post=43862"}],"version-history":[{"count":1,"href":"https:\/\/www.suno.com.br\/noticias\/wp-json\/wp\/v2\/posts\/43862\/revisions"}],"predecessor-version":[{"id":157672,"href":"https:\/\/www.suno.com.br\/noticias\/wp-json\/wp\/v2\/posts\/43862\/revisions\/157672"}],"wp:featuredmedia":[{"embeddable":true,"href":"https:\/\/www.suno.com.br\/noticias\/wp-json\/wp\/v2\/media\/41641"}],"wp:attachment":[{"href":"https:\/\/www.suno.com.br\/noticias\/wp-json\/wp\/v2\/media?parent=43862"}],"wp:term":[{"taxonomy":"category","embeddable":true,"href":"https:\/\/www.suno.com.br\/noticias\/wp-json\/wp\/v2\/categories?post=43862"},{"taxonomy":"post_tag","embeddable":true,"href":"https:\/\/www.suno.com.br\/noticias\/wp-json\/wp\/v2\/tags?post=43862"},{"taxonomy":"suno_strategy","embeddable":true,"href":"https:\/\/www.suno.com.br\/noticias\/wp-json\/wp\/v2\/suno_strategy?post=43862"}],"curies":[{"name":"wp","href":"https:\/\/api.w.org\/{rel}","templated":true}]}}