{"id":438556,"date":"2023-08-04T19:06:23","date_gmt":"2023-08-04T22:06:23","guid":{"rendered":"https:\/\/www.suno.com.br\/noticias\/?p=438556"},"modified":"2023-08-04T19:06:25","modified_gmt":"2023-08-04T22:06:25","slug":"dolar-cai-fecha-semana-alta","status":"publish","type":"post","link":"https:\/\/www.suno.com.br\/noticias\/dolar-cai-fecha-semana-alta\/","title":{"rendered":"D\u00f3lar recua no dia, mas moeda fecha semana de Copom em alta"},"content":{"rendered":"<p>Ap\u00f3s tr\u00eas preg\u00f5es consecutivos de valoriza\u00e7\u00e3o, em que amea\u00e7ou fechar acima de R$ 4,90, o <strong>d\u00f3lar<\/strong> \u00e0 vista recuou na sess\u00e3o desta sexta-feira, 4. Segundo operadores, houve um movimento natural de ajuste de posi\u00e7\u00f5es e realiza\u00e7\u00e3o de lucros em meio ao enfraquecimento da moeda norte-americana no exterior, em especial na compara\u00e7\u00e3o com divisas emergentes pares do real como pesos mexicano e colombiano.<\/p>\t<div class=\"wrapper-featured-image\">\n\t\t<figure class=\"spotlightImg\">\n\n\t\t\t<picture>\n\t\t\t\t<source media=\"(max-width: 768px)\" srcset=\"https:\/\/files.sunoresearch.com.br\/n\/uploads\/2023\/05\/dolar-cambio-cotacao-400x200.jpg\">\n\t\t\t\t<img loading=\"lazy\" decoding=\"async\" class=\"newsContent__article__imgCapa lazyloadDisabled \" src=\"https:\/\/files.sunoresearch.com.br\/n\/uploads\/2023\/05\/dolar-cambio-cotacao-800x450.jpg\" width=\"800\" height=\"450\" alt=\"D\u00f3lar recua no dia, mas moeda fecha semana de Copom em alta\" fetchpriority=high \/>\n\t\t\t<\/picture>\n\n\t\t\t<figcaption class=\"wp-caption-text wp-caption-text--show\">D\u00f3lar - Foto: iStock<\/figcaption>\n\t\t<\/figure>\n\t<\/div>\n\n\n\n\n\n\t<p>\n\t\t<a href=\"\" target=\"_blank\" data-element=\"shortcode-suno-banner\" title=\"Banner SUNO, clique e saiba mais\">\n\t\t\t<picture>\n\t\t\t\t<source media=\"(max-width: 500px)\" srcset=\"\">\n\t\t\t\t<img class=\"newsContent__article__imgCapa newsContent__article__imgCapa--banner\"\n\t\t\t\t\tsrc=\"\"\n\t\t\t\t\tdata-promo-id=\"240038\"\t\t\t\t\t\t\t\t\t\t\t\t\t\t\talt=\"\"\n\t\t\t\t>\n\t\t\t<\/picture>\n\t\t<\/a>\n\t<\/p>\n\n\n\n\n\n\n\n<p>Dados mistos do <a class=\"suno-keyword\" target=\"_blank\" data-force=\"no\" data-priority=\"2\" href=\"https:\/\/www.suno.com.br\/artigos\/payroll\/\" rel=\"noopener\">relat\u00f3rio de empregos (payroll)<\/a> nos EUA, mas com gera\u00e7\u00e3o de vagas abaixo do esperado em julho, deram for\u00e7a a apostas de que n\u00e3o haver\u00e1 nova alta dos juros pelo Federal Reserve (Fed, o banco central norte-americano) em setembro. As taxas dos Treasuries recuaram ap\u00f3s a escalada dos \u00faltimos dias.<\/p>\n\n\n\n<p>Com m\u00ednima a R$ 4,8471 na primeira etapa de neg\u00f3cios, o <strong>d\u00f3lar hoje<\/strong> diminui o ritmo de perdas ao longo da tarde em sintonia com seu comportamento l\u00e1 fora e a piora das bolsas em Nova York. No fim do dia, a <strong>moeda dos EUA <\/strong>era cotada a R$ 4,8753, em baixa de 0,48%. Term\u00f4metro do apetite por neg\u00f3cios, o contrato de <a class=\"suno-keyword\" target=\"_blank\" data-force=\"no\" data-priority=\"1\" href=\"https:\/\/www.suno.com.br\/artigos\/dolar-futuro\/\" rel=\"noopener\">d\u00f3lar futuro<\/a> para setembro teve giro razo\u00e1vel, acima de US$ 12 bilh\u00f5es.<\/p>\n\n\n\n<p>Apesar do refresco nesta sexta, o <strong>d\u00f3lar \u00e0 vista<\/strong> encerra a semana com valoriza\u00e7\u00e3o de 3,05%. Nos quatro primeiros preg\u00f5es de agosto, houve ganhos de 3,08%, ap\u00f3s queda de 1,25% em julho. Em rela\u00e7\u00e3o aos pares, o real sofreu mais que os pesos mexicano e chileno na semana, mas teve desempenho superior ao registrado por peso colombiano e rand sul-africano.<\/p>\n\n\n\t<p>\n\t\t<a href=\"https:\/\/lp.suno.com.br\/ebook-gratuito-investindo-no-exterior\/\" target=\"_blank\" data-element=\"shortcode-suno-banner\" title=\"Banner SUNO, clique e saiba mais\">\n\t\t\t<picture>\n\t\t\t\t<source media=\"(max-width: 500px)\" srcset=\"https:\/\/files.sunoresearch.com.br\/n\/uploads\/2023\/03\/400x300-Investindo-no-exterior.png\">\n\t\t\t\t<img class=\"newsContent__article__imgCapa newsContent__article__imgCapa--banner\"\n\t\t\t\t\tsrc=\"https:\/\/files.sunoresearch.com.br\/n\/uploads\/2023\/03\/1420x240-Investindo-no-exterior.png\"\n\t\t\t\t\tdata-promo-id=\"383161\"\t\t\t\t\t\t\t\t\t\twidth='1420' height='240'\t\t\t\t\talt=\"https:\/\/files.sunoresearch.com.br\/n\/uploads\/2023\/03\/1420x240-Investindo-no-exterior.png\"\n\t\t\t\t>\n\t\t\t<\/picture>\n\t\t<\/a>\n\t<\/p>\n\n\n\n\n\n<h2 class=\"wp-block-heading\">D\u00f3lar: realiza\u00e7\u00e3o de lucros<\/h2>\n\n\n\n<p>Analistas veem um movimento de realiza\u00e7\u00e3o de lucros com divisas emergentes de pa\u00edses latino-americanos, que j\u00e1 embarcaram &#8211; caso de Brasil e Chile &#8211; ou est\u00e3o prestes a embarcar em um ciclo de redu\u00e7\u00e3o de juros, na contram\u00e3o da tend\u00eancia para a <a class=\"suno-keyword\" target=\"_blank\" data-force=\"no\" data-priority=\"1\" href=\"https:\/\/www.suno.com.br\/artigos\/politica-monetaria\/\" rel=\"noopener\">pol\u00edtica monet\u00e1ria<\/a> nos pa\u00edses desenvolvidos. Por aqui, a decis\u00e3o do Copom na quarta-feira, 2, de reduzir a Selic em 0,50 pontos-base e contratar mais redu\u00e7\u00f5es da mesma magnitude contribui, segundo analistas, para parte da deprecia\u00e7\u00e3o da moeda brasileira.<\/p>\n\n\n\n<p>O diretor de Tesouraria do banco de <strong>c\u00e2mbio <\/strong>Braza Bank, Bruno Perottoni, observa que pelo menos metade da baixa do real na quinta-feira pode ser atribu\u00edda \u00e0 rea\u00e7\u00e3o dos investidores ao comunicado do Copom. Mais do que a decis\u00e3o em si, de corte de 0,50 ponto porcentual, trouxe desconforto a contrata\u00e7\u00e3o de redu\u00e7\u00f5es seguidas de 0,50 ponto.<\/p>\n\n\n\n<p>&#8220;Esse fato de cravar cortes seguidos de 0,50 jogou gasolina no mercado. Esse \u00edmpeto de reduzir juros pode dar uma estressada no c\u00e2mbio, uma vez que Estados Unidos e Europa mant\u00eam taxas altas&#8221;, afirma Perottoni.<\/p>\n\n\n\n<p>O tesoureiro do Braza Bank chama a aten\u00e7\u00e3o para o fato de que a vota\u00e7\u00e3o dividida e a mudan\u00e7a na composi\u00e7\u00e3o da diretoria no fim do ano, com troca de dois diretores, sugerem altera\u00e7\u00e3o na gest\u00e3o da pol\u00edtica monet\u00e1ria.<\/p>\n\n\n\n<p>Terminam neste ano os mandatos dos diretores Fernanda Guardado (Assuntos Internacionais e <a class=\"suno-keyword\" target=\"_blank\" data-force=\"no\" data-priority=\"1\" href=\"https:\/\/www.suno.com.br\/artigos\/gestao-de-riscos\/\" rel=\"noopener\">Gest\u00e3o de Riscos<\/a> Corporativos) e Maur\u00edcio Moura (Relacionamento, Cidadania e Supervis\u00e3o de Conduta), dois dos que votaram nesta semana por queda de 0,25 ponto. Dois novos diretores indicados pelo governo Lula &#8211; Gabriel Gal\u00edpolo (Pol\u00edtica Monet\u00e1ria) e A\u00edlton Aquino (Fiscaliza\u00e7\u00e3o) optaram pelo corte de 0,50 ponto, no que foram acompanhados pelo presidente do BC, Roberto Campos Neto.<\/p>\n\n\n\n<p>&#8220;Considerando cen\u00e1rio de alta de juros l\u00e1 fora, se esse novo Copom levar a Selic para menos de 10%, para algo como 8% ou 7%, vai haver uma mudan\u00e7a na atratividade do <i>carry trade<\/i>, o que ter\u00e1 reflexos no mercado do <strong>d\u00f3lar<\/strong>&#8220;, afirma Perottoni, que espera mais explica\u00e7\u00f5es sobre o rumo da <a class=\"suno-keyword\" target=\"_blank\" data-force=\"no\" data-priority=\"1\" href=\"https:\/\/www.suno.com.br\/artigos\/politica-monetaria\/\" rel=\"noopener\">pol\u00edtica monet\u00e1ria<\/a> na ata do comit\u00ea na semana que vem.<\/p>\n\n\n\n<p><em>Com Estad\u00e3o Conte\u00fado<\/em><\/p>\n\n\n\t<p>\n\t\t<a href=\"https:\/\/lp.suno.com.br\/planilha-da-vida-financeira\/\" target=\"_blank\" data-element=\"shortcode-suno-banner\" title=\"Banner SUNO, clique e saiba mais\">\n\t\t\t<picture>\n\t\t\t\t<source media=\"(max-width: 500px)\" srcset=\"https:\/\/files.sunoresearch.com.br\/n\/uploads\/2023\/04\/400x300-Planilha-vida-financeira-true.png\">\n\t\t\t\t<img class=\"newsContent__article__imgCapa newsContent__article__imgCapa--banner\"\n\t\t\t\t\tsrc=\"https:\/\/files.sunoresearch.com.br\/n\/uploads\/2023\/04\/1420x240-Planilha-vida-financeira-true.png\"\n\t\t\t\t\tdata-promo-id=\"383123\"\t\t\t\t\t\t\t\t\t\twidth='1420' height='240'\t\t\t\t\talt=\"https:\/\/files.sunoresearch.com.br\/n\/uploads\/2023\/04\/1420x240-Planilha-vida-financeira-true.png\"\n\t\t\t\t>\n\t\t\t<\/picture>\n\t\t<\/a>\n\t<\/p>\n\n\n","protected":false},"excerpt":{"rendered":"<p>Ap\u00f3s tr\u00eas preg\u00f5es consecutivos de valoriza\u00e7\u00e3o, em que amea\u00e7ou fechar acima de R$ 4,90, o d\u00f3lar \u00e0 vista recuou na sess\u00e3o desta sexta-feira, 4. Segundo operadores, houve um movimento natural de ajuste de posi\u00e7\u00f5es e realiza\u00e7\u00e3o de lucros em meio ao enfraquecimento da moeda norte-americana no exterior, em especial na compara\u00e7\u00e3o com divisas emergentes pares [&hellip;]<\/p>\n","protected":false},"author":43,"featured_media":401513,"comment_status":"closed","ping_status":"closed","sticky":false,"template":"","format":"standard","meta":[],"categories":[60],"tags":[326],"suno_strategy":[],"class_list":["post-438556","post","type-post","status-publish","format-standard","has-post-thumbnail","hentry","category-mercado","tag-dolar"],"yoast_head":"<!-- This site is optimized with the Yoast SEO plugin v24.4 - https:\/\/yoast.com\/wordpress\/plugins\/seo\/ -->\n<title>D\u00f3lar recua no dia, mas moeda fecha semana de Copom em alta<\/title>\n<meta name=\"description\" content=\"Ap\u00f3s tr\u00eas preg\u00f5es consecutivos de valoriza\u00e7\u00e3o, em que amea\u00e7ou fechar acima de R$ 4,90, o d\u00f3lar \u00e0 vista recuou na sess\u00e3o desta sexta-feira\" \/>\n<meta name=\"robots\" content=\"index, follow, max-snippet:-1, max-image-preview:large, max-video-preview:-1\" \/>\n<link rel=\"canonical\" href=\"https:\/\/www.suno.com.br\/noticias\/dolar-cai-fecha-semana-alta\/\" \/>\n<meta property=\"og:locale\" content=\"pt_BR\" \/>\n<meta property=\"og:type\" content=\"article\" \/>\n<meta property=\"og:title\" content=\"D\u00f3lar recua no dia, mas moeda fecha semana de Copom em alta\" \/>\n<meta property=\"og:description\" content=\"Ap\u00f3s tr\u00eas preg\u00f5es consecutivos de valoriza\u00e7\u00e3o, em que amea\u00e7ou fechar acima de R$ 4,90, o d\u00f3lar \u00e0 vista recuou na sess\u00e3o desta sexta-feira\" \/>\n<meta property=\"og:url\" content=\"https:\/\/www.suno.com.br\/noticias\/dolar-cai-fecha-semana-alta\/\" \/>\n<meta property=\"og:site_name\" content=\"Suno Not\u00edcias\" \/>\n<meta property=\"article:publisher\" content=\"https:\/\/facebook.com\/sunoresearch\" \/>\n<meta property=\"article:author\" content=\"https:\/\/www.facebook.com\/sunonoticias\/\" \/>\n<meta property=\"og:image\" content=\"https:\/\/files.sunoresearch.com.br\/n\/uploads\/2023\/05\/dolar-cambio-cotacao.jpg\" \/>\n\t<meta property=\"og:image:width\" content=\"1200\" \/>\n\t<meta property=\"og:image:height\" content=\"800\" \/>\n\t<meta property=\"og:image:type\" content=\"image\/jpeg\" \/>\n<meta name=\"author\" content=\"Reda\u00e7\u00e3o Suno Not\u00edcias\" \/>\n<meta name=\"twitter:card\" content=\"summary_large_image\" \/>\n<meta name=\"twitter:creator\" content=\"@https:\/\/twitter.com\/sunoresearch\" \/>\n<meta name=\"twitter:site\" content=\"@sunoresearch\" \/>\n<meta name=\"twitter:label1\" content=\"Escrito por\" \/>\n\t<meta name=\"twitter:data1\" content=\"Reda\u00e7\u00e3o Suno Not\u00edcias\" \/>\n\t<meta name=\"twitter:label2\" content=\"Est. tempo de leitura\" \/>\n\t<meta name=\"twitter:data2\" content=\"4 minutos\" \/>\n<script type=\"application\/ld+json\" class=\"yoast-schema-graph\">{\"@context\":\"https:\/\/schema.org\",\"@graph\":[{\"@type\":\"NewsArticle\",\"@id\":\"https:\/\/www.suno.com.br\/noticias\/dolar-cai-fecha-semana-alta\/#article\",\"isPartOf\":{\"@id\":\"https:\/\/www.suno.com.br\/noticias\/dolar-cai-fecha-semana-alta\/\"},\"author\":{\"name\":\"Reda\u00e7\u00e3o Suno Not\u00edcias\",\"@id\":\"https:\/\/www.suno.com.br\/noticias\/#\/schema\/person\/c1b1bd3727fa852bd045e9dbff3673ea\"},\"headline\":\"D\u00f3lar recua no dia, mas moeda fecha semana de Copom em alta\",\"datePublished\":\"2023-08-04T22:06:23+00:00\",\"dateModified\":\"2023-08-04T22:06:25+00:00\",\"mainEntityOfPage\":{\"@id\":\"https:\/\/www.suno.com.br\/noticias\/dolar-cai-fecha-semana-alta\/\"},\"wordCount\":671,\"publisher\":{\"@id\":\"https:\/\/www.suno.com.br\/noticias\/#organization\"},\"image\":{\"@id\":\"https:\/\/www.suno.com.br\/noticias\/dolar-cai-fecha-semana-alta\/#primaryimage\"},\"thumbnailUrl\":\"https:\/\/files.sunoresearch.com.br\/n\/uploads\/2023\/05\/dolar-cambio-cotacao.jpg\",\"keywords\":[\"d\u00f3lar\"],\"articleSection\":[\"Mercado\"],\"inLanguage\":\"pt-BR\"},{\"@type\":\"WebPage\",\"@id\":\"https:\/\/www.suno.com.br\/noticias\/dolar-cai-fecha-semana-alta\/\",\"url\":\"https:\/\/www.suno.com.br\/noticias\/dolar-cai-fecha-semana-alta\/\",\"name\":\"D\u00f3lar recua no dia, mas moeda fecha semana de Copom em alta\",\"isPartOf\":{\"@id\":\"https:\/\/www.suno.com.br\/noticias\/#website\"},\"primaryImageOfPage\":{\"@id\":\"https:\/\/www.suno.com.br\/noticias\/dolar-cai-fecha-semana-alta\/#primaryimage\"},\"image\":{\"@id\":\"https:\/\/www.suno.com.br\/noticias\/dolar-cai-fecha-semana-alta\/#primaryimage\"},\"thumbnailUrl\":\"https:\/\/files.sunoresearch.com.br\/n\/uploads\/2023\/05\/dolar-cambio-cotacao.jpg\",\"datePublished\":\"2023-08-04T22:06:23+00:00\",\"dateModified\":\"2023-08-04T22:06:25+00:00\",\"description\":\"Ap\u00f3s tr\u00eas preg\u00f5es consecutivos de valoriza\u00e7\u00e3o, em que amea\u00e7ou fechar acima de R$ 4,90, o d\u00f3lar \u00e0 vista recuou na sess\u00e3o desta sexta-feira\",\"breadcrumb\":{\"@id\":\"https:\/\/www.suno.com.br\/noticias\/dolar-cai-fecha-semana-alta\/#breadcrumb\"},\"inLanguage\":\"pt-BR\",\"potentialAction\":[{\"@type\":\"ReadAction\",\"target\":[\"https:\/\/www.suno.com.br\/noticias\/dolar-cai-fecha-semana-alta\/\"]}]},{\"@type\":\"ImageObject\",\"inLanguage\":\"pt-BR\",\"@id\":\"https:\/\/www.suno.com.br\/noticias\/dolar-cai-fecha-semana-alta\/#primaryimage\",\"url\":\"https:\/\/files.sunoresearch.com.br\/n\/uploads\/2023\/05\/dolar-cambio-cotacao.jpg\",\"contentUrl\":\"https:\/\/files.sunoresearch.com.br\/n\/uploads\/2023\/05\/dolar-cambio-cotacao.jpg\",\"width\":1200,\"height\":800,\"caption\":\"D\u00f3lar - Foto: iStock\"},{\"@type\":\"BreadcrumbList\",\"@id\":\"https:\/\/www.suno.com.br\/noticias\/dolar-cai-fecha-semana-alta\/#breadcrumb\",\"itemListElement\":[{\"@type\":\"ListItem\",\"position\":1,\"name\":\"Not\u00edcias\",\"item\":\"https:\/\/www.suno.com.br\/noticias\/\"},{\"@type\":\"ListItem\",\"position\":2,\"name\":\"Mercado\",\"item\":\"https:\/\/www.suno.com.br\/noticias\/mercado\/\"},{\"@type\":\"ListItem\",\"position\":3,\"name\":\"D\u00f3lar recua no dia, mas moeda fecha semana de Copom em alta\"}]},{\"@type\":\"WebSite\",\"@id\":\"https:\/\/www.suno.com.br\/noticias\/#website\",\"url\":\"https:\/\/www.suno.com.br\/noticias\/\",\"name\":\"Suno Not\u00edcias\",\"description\":\"Seu portal de informa\u00e7\u00e3o sobre o mundo dos investimentos\",\"publisher\":{\"@id\":\"https:\/\/www.suno.com.br\/noticias\/#organization\"},\"potentialAction\":[{\"@type\":\"SearchAction\",\"target\":{\"@type\":\"EntryPoint\",\"urlTemplate\":\"https:\/\/www.suno.com.br\/noticias\/?s={search_term_string}\"},\"query-input\":{\"@type\":\"PropertyValueSpecification\",\"valueRequired\":true,\"valueName\":\"search_term_string\"}}],\"inLanguage\":\"pt-BR\"},{\"@type\":\"Organization\",\"@id\":\"https:\/\/www.suno.com.br\/noticias\/#organization\",\"name\":\"Suno Not\u00edcias\",\"url\":\"https:\/\/www.suno.com.br\/noticias\/\",\"logo\":{\"@type\":\"ImageObject\",\"inLanguage\":\"pt-BR\",\"@id\":\"https:\/\/www.suno.com.br\/noticias\/#\/schema\/logo\/image\/\",\"url\":\"https:\/\/files.sunoresearch.com.br\/n\/uploads\/2021\/09\/suno-logo.png\",\"contentUrl\":\"https:\/\/files.sunoresearch.com.br\/n\/uploads\/2021\/09\/suno-logo.png\",\"width\":180,\"height\":180,\"caption\":\"Suno Not\u00edcias\"},\"image\":{\"@id\":\"https:\/\/www.suno.com.br\/noticias\/#\/schema\/logo\/image\/\"},\"sameAs\":[\"https:\/\/facebook.com\/sunoresearch\",\"https:\/\/x.com\/sunoresearch\",\"https:\/\/www.instagram.com\/suno\",\"https:\/\/www.linkedin.com\/company\/suno-research\/\",\"https:\/\/www.youtube.com\/c\/sunoresearch\"]},{\"@type\":\"Person\",\"@id\":\"https:\/\/www.suno.com.br\/noticias\/#\/schema\/person\/c1b1bd3727fa852bd045e9dbff3673ea\",\"name\":\"Reda\u00e7\u00e3o Suno Not\u00edcias\",\"image\":{\"@type\":\"ImageObject\",\"inLanguage\":\"pt-BR\",\"@id\":\"https:\/\/www.suno.com.br\/noticias\/#\/schema\/person\/image\/\",\"url\":\"https:\/\/secure.gravatar.com\/avatar\/b8104b9b5a71985d5238ee59fbe418af?s=96&r=g\",\"contentUrl\":\"https:\/\/secure.gravatar.com\/avatar\/b8104b9b5a71985d5238ee59fbe418af?s=96&r=g\",\"caption\":\"Reda\u00e7\u00e3o Suno Not\u00edcias\"},\"description\":\"O Suno Not\u00edcias \u00e9 um portal de informa\u00e7\u00f5es sobre Mercado Financeiro, Pol\u00edtica, Neg\u00f3cios, Economia e Finan\u00e7as Pessoais.\",\"sameAs\":[\"https:\/\/www.suno.com.br\/noticias\",\"https:\/\/www.facebook.com\/sunonoticias\/\",\"https:\/\/www.instagram.com\/sunonoticias\/\",\"https:\/\/x.com\/https:\/\/twitter.com\/sunoresearch\",\"https:\/\/www.youtube.com\/sunonoticias\"],\"url\":\"https:\/\/www.suno.com.br\/noticias\/author\/redacao-suno\/\"}]}<\/script>\n<!-- \/ Yoast SEO plugin. -->","yoast_head_json":{"title":"D\u00f3lar recua no dia, mas moeda fecha semana de Copom em alta","description":"Ap\u00f3s tr\u00eas preg\u00f5es consecutivos de valoriza\u00e7\u00e3o, em que amea\u00e7ou fechar acima de R$ 4,90, o d\u00f3lar \u00e0 vista recuou na sess\u00e3o desta sexta-feira","robots":{"index":"index","follow":"follow","max-snippet":"max-snippet:-1","max-image-preview":"max-image-preview:large","max-video-preview":"max-video-preview:-1"},"canonical":"https:\/\/www.suno.com.br\/noticias\/dolar-cai-fecha-semana-alta\/","og_locale":"pt_BR","og_type":"article","og_title":"D\u00f3lar recua no dia, mas moeda fecha semana de Copom em alta","og_description":"Ap\u00f3s tr\u00eas preg\u00f5es consecutivos de valoriza\u00e7\u00e3o, em que amea\u00e7ou fechar acima de R$ 4,90, o d\u00f3lar \u00e0 vista recuou na sess\u00e3o desta sexta-feira","og_url":"https:\/\/www.suno.com.br\/noticias\/dolar-cai-fecha-semana-alta\/","og_site_name":"Suno Not\u00edcias","article_publisher":"https:\/\/facebook.com\/sunoresearch","article_author":"https:\/\/www.facebook.com\/sunonoticias\/","og_image":[{"width":1200,"height":800,"url":"https:\/\/files.sunoresearch.com.br\/n\/uploads\/2023\/05\/dolar-cambio-cotacao.jpg","type":"image\/jpeg"}],"author":"Reda\u00e7\u00e3o Suno Not\u00edcias","twitter_card":"summary_large_image","twitter_creator":"@https:\/\/twitter.com\/sunoresearch","twitter_site":"@sunoresearch","twitter_misc":{"Escrito por":"Reda\u00e7\u00e3o Suno Not\u00edcias","Est. tempo de leitura":"4 minutos"},"schema":{"@context":"https:\/\/schema.org","@graph":[{"@type":"NewsArticle","@id":"https:\/\/www.suno.com.br\/noticias\/dolar-cai-fecha-semana-alta\/#article","isPartOf":{"@id":"https:\/\/www.suno.com.br\/noticias\/dolar-cai-fecha-semana-alta\/"},"author":{"name":"Reda\u00e7\u00e3o Suno Not\u00edcias","@id":"https:\/\/www.suno.com.br\/noticias\/#\/schema\/person\/c1b1bd3727fa852bd045e9dbff3673ea"},"headline":"D\u00f3lar recua no dia, mas moeda fecha semana de Copom em alta","datePublished":"2023-08-04T22:06:23+00:00","dateModified":"2023-08-04T22:06:25+00:00","mainEntityOfPage":{"@id":"https:\/\/www.suno.com.br\/noticias\/dolar-cai-fecha-semana-alta\/"},"wordCount":671,"publisher":{"@id":"https:\/\/www.suno.com.br\/noticias\/#organization"},"image":{"@id":"https:\/\/www.suno.com.br\/noticias\/dolar-cai-fecha-semana-alta\/#primaryimage"},"thumbnailUrl":"https:\/\/files.sunoresearch.com.br\/n\/uploads\/2023\/05\/dolar-cambio-cotacao.jpg","keywords":["d\u00f3lar"],"articleSection":["Mercado"],"inLanguage":"pt-BR"},{"@type":"WebPage","@id":"https:\/\/www.suno.com.br\/noticias\/dolar-cai-fecha-semana-alta\/","url":"https:\/\/www.suno.com.br\/noticias\/dolar-cai-fecha-semana-alta\/","name":"D\u00f3lar recua no dia, mas moeda fecha semana de Copom em alta","isPartOf":{"@id":"https:\/\/www.suno.com.br\/noticias\/#website"},"primaryImageOfPage":{"@id":"https:\/\/www.suno.com.br\/noticias\/dolar-cai-fecha-semana-alta\/#primaryimage"},"image":{"@id":"https:\/\/www.suno.com.br\/noticias\/dolar-cai-fecha-semana-alta\/#primaryimage"},"thumbnailUrl":"https:\/\/files.sunoresearch.com.br\/n\/uploads\/2023\/05\/dolar-cambio-cotacao.jpg","datePublished":"2023-08-04T22:06:23+00:00","dateModified":"2023-08-04T22:06:25+00:00","description":"Ap\u00f3s tr\u00eas preg\u00f5es consecutivos de valoriza\u00e7\u00e3o, em que amea\u00e7ou fechar acima de R$ 4,90, o d\u00f3lar \u00e0 vista recuou na sess\u00e3o desta sexta-feira","breadcrumb":{"@id":"https:\/\/www.suno.com.br\/noticias\/dolar-cai-fecha-semana-alta\/#breadcrumb"},"inLanguage":"pt-BR","potentialAction":[{"@type":"ReadAction","target":["https:\/\/www.suno.com.br\/noticias\/dolar-cai-fecha-semana-alta\/"]}]},{"@type":"ImageObject","inLanguage":"pt-BR","@id":"https:\/\/www.suno.com.br\/noticias\/dolar-cai-fecha-semana-alta\/#primaryimage","url":"https:\/\/files.sunoresearch.com.br\/n\/uploads\/2023\/05\/dolar-cambio-cotacao.jpg","contentUrl":"https:\/\/files.sunoresearch.com.br\/n\/uploads\/2023\/05\/dolar-cambio-cotacao.jpg","width":1200,"height":800,"caption":"D\u00f3lar - Foto: iStock"},{"@type":"BreadcrumbList","@id":"https:\/\/www.suno.com.br\/noticias\/dolar-cai-fecha-semana-alta\/#breadcrumb","itemListElement":[{"@type":"ListItem","position":1,"name":"Not\u00edcias","item":"https:\/\/www.suno.com.br\/noticias\/"},{"@type":"ListItem","position":2,"name":"Mercado","item":"https:\/\/www.suno.com.br\/noticias\/mercado\/"},{"@type":"ListItem","position":3,"name":"D\u00f3lar recua no dia, mas moeda fecha semana de Copom em alta"}]},{"@type":"WebSite","@id":"https:\/\/www.suno.com.br\/noticias\/#website","url":"https:\/\/www.suno.com.br\/noticias\/","name":"Suno Not\u00edcias","description":"Seu portal de informa\u00e7\u00e3o sobre o mundo dos investimentos","publisher":{"@id":"https:\/\/www.suno.com.br\/noticias\/#organization"},"potentialAction":[{"@type":"SearchAction","target":{"@type":"EntryPoint","urlTemplate":"https:\/\/www.suno.com.br\/noticias\/?s={search_term_string}"},"query-input":{"@type":"PropertyValueSpecification","valueRequired":true,"valueName":"search_term_string"}}],"inLanguage":"pt-BR"},{"@type":"Organization","@id":"https:\/\/www.suno.com.br\/noticias\/#organization","name":"Suno Not\u00edcias","url":"https:\/\/www.suno.com.br\/noticias\/","logo":{"@type":"ImageObject","inLanguage":"pt-BR","@id":"https:\/\/www.suno.com.br\/noticias\/#\/schema\/logo\/image\/","url":"https:\/\/files.sunoresearch.com.br\/n\/uploads\/2021\/09\/suno-logo.png","contentUrl":"https:\/\/files.sunoresearch.com.br\/n\/uploads\/2021\/09\/suno-logo.png","width":180,"height":180,"caption":"Suno Not\u00edcias"},"image":{"@id":"https:\/\/www.suno.com.br\/noticias\/#\/schema\/logo\/image\/"},"sameAs":["https:\/\/facebook.com\/sunoresearch","https:\/\/x.com\/sunoresearch","https:\/\/www.instagram.com\/suno","https:\/\/www.linkedin.com\/company\/suno-research\/","https:\/\/www.youtube.com\/c\/sunoresearch"]},{"@type":"Person","@id":"https:\/\/www.suno.com.br\/noticias\/#\/schema\/person\/c1b1bd3727fa852bd045e9dbff3673ea","name":"Reda\u00e7\u00e3o Suno Not\u00edcias","image":{"@type":"ImageObject","inLanguage":"pt-BR","@id":"https:\/\/www.suno.com.br\/noticias\/#\/schema\/person\/image\/","url":"https:\/\/secure.gravatar.com\/avatar\/b8104b9b5a71985d5238ee59fbe418af?s=96&r=g","contentUrl":"https:\/\/secure.gravatar.com\/avatar\/b8104b9b5a71985d5238ee59fbe418af?s=96&r=g","caption":"Reda\u00e7\u00e3o Suno Not\u00edcias"},"description":"O Suno Not\u00edcias \u00e9 um portal de informa\u00e7\u00f5es sobre Mercado Financeiro, Pol\u00edtica, Neg\u00f3cios, Economia e Finan\u00e7as Pessoais.","sameAs":["https:\/\/www.suno.com.br\/noticias","https:\/\/www.facebook.com\/sunonoticias\/","https:\/\/www.instagram.com\/sunonoticias\/","https:\/\/x.com\/https:\/\/twitter.com\/sunoresearch","https:\/\/www.youtube.com\/sunonoticias"],"url":"https:\/\/www.suno.com.br\/noticias\/author\/redacao-suno\/"}]}},"default_loop_html":"<div class=\"cardsPage__listCard__boxs\"><div class=\"cardsPage__listCard__boxs__img\"><a href=\"https:\/\/www.suno.com.br\/noticias\/dolar-cai-fecha-semana-alta\/\"><img class=\"mask\" src=\"https:\/\/www.suno.com.br\/noticias\/wp-content\/themes\/suno\/resources\/images\/spotlight\/spotlight1img\/bg-mask.png\" alt=\"Image Mask\"\/><img src=\"https:\/\/files.sunoresearch.com.br\/n\/uploads\/2023\/05\/dolar-cambio-cotacao-400x200.jpg\" alt=\"D\u00f3lar recua no dia, mas moeda fecha semana de Copom em alta\"\/><\/a><span class=\"spotlightCategory\"><a href=\"https:\/\/www.suno.com.br\/noticias\/mercado\/\">Mercado<\/a><\/span><\/div><div class=\"cardsPage__listCard__boxs__content\"><a href=\"https:\/\/www.suno.com.br\/noticias\/dolar-cai-fecha-semana-alta\/\"><h2 class=\"content__title\">D\u00f3lar recua no dia, mas moeda fecha semana de Copom em alta<\/h2><\/a><div class=\"newsContent__article__meta\"><div class=\"newsContent__article__meta__authorBox\"><a href=\"https:\/\/www.suno.com.br\/noticias\/author\/redacao-suno\/\" class=\"authorBox__avatar noMobi\"><img src=\"https:\/\/files.sunoresearch.com.br\/n\/uploads\/2020\/08\/0ace682d-redacao-1-150x150.webp\" alt=\"Reda\u00e7\u00e3o Suno Not\u00edcias\"><\/a><div class=\"authorBox__name\"><span>por\n\t\t\t<a href=\"https:\/\/www.suno.com.br\/noticias\/author\/redacao-suno\/\"><span itemprop=\"author\">Reda\u00e7\u00e3o Suno Not\u00edcias<\/span><\/a><\/span><time datetime=\"2023-08-04T19:06:23-03:00\" itemprop=\"datePublished\">04\/08\/2023 19:06<\/time><\/div><\/div><\/div><\/div><\/div>","single_layout":"posts","amp_enabled":true,"_links":{"self":[{"href":"https:\/\/www.suno.com.br\/noticias\/wp-json\/wp\/v2\/posts\/438556"}],"collection":[{"href":"https:\/\/www.suno.com.br\/noticias\/wp-json\/wp\/v2\/posts"}],"about":[{"href":"https:\/\/www.suno.com.br\/noticias\/wp-json\/wp\/v2\/types\/post"}],"author":[{"embeddable":true,"href":"https:\/\/www.suno.com.br\/noticias\/wp-json\/wp\/v2\/users\/43"}],"replies":[{"embeddable":true,"href":"https:\/\/www.suno.com.br\/noticias\/wp-json\/wp\/v2\/comments?post=438556"}],"version-history":[{"count":2,"href":"https:\/\/www.suno.com.br\/noticias\/wp-json\/wp\/v2\/posts\/438556\/revisions"}],"predecessor-version":[{"id":438589,"href":"https:\/\/www.suno.com.br\/noticias\/wp-json\/wp\/v2\/posts\/438556\/revisions\/438589"}],"wp:featuredmedia":[{"embeddable":true,"href":"https:\/\/www.suno.com.br\/noticias\/wp-json\/wp\/v2\/media\/401513"}],"wp:attachment":[{"href":"https:\/\/www.suno.com.br\/noticias\/wp-json\/wp\/v2\/media?parent=438556"}],"wp:term":[{"taxonomy":"category","embeddable":true,"href":"https:\/\/www.suno.com.br\/noticias\/wp-json\/wp\/v2\/categories?post=438556"},{"taxonomy":"post_tag","embeddable":true,"href":"https:\/\/www.suno.com.br\/noticias\/wp-json\/wp\/v2\/tags?post=438556"},{"taxonomy":"suno_strategy","embeddable":true,"href":"https:\/\/www.suno.com.br\/noticias\/wp-json\/wp\/v2\/suno_strategy?post=438556"}],"curies":[{"name":"wp","href":"https:\/\/api.w.org\/{rel}","templated":true}]}}