{"id":438531,"date":"2023-08-04T18:52:16","date_gmt":"2023-08-04T21:52:16","guid":{"rendered":"https:\/\/www.suno.com.br\/noticias\/?p=438531"},"modified":"2023-08-04T18:52:20","modified_gmt":"2023-08-04T21:52:20","slug":"petrobras-petr4-ministro-discussao-reajuste-precos-de-combustiveis","status":"publish","type":"post","link":"https:\/\/www.suno.com.br\/noticias\/petrobras-petr4-ministro-discussao-reajuste-precos-de-combustiveis\/","title":{"rendered":"Estresse no governo: presidente da Petrobras (PETR4) rebate ministro em discuss\u00e3o sobre pre\u00e7os de combust\u00edveis"},"content":{"rendered":"<p>O presidente da <a href=\"https:\/\/www.suno.com.br\/acoes\/petr4\/\"><strong>Petrobras <\/strong>(PETR4)<\/a>, Jean Paul Prates, rebateu nesta sexta-feira, 4, um relato do ministro de Minas e Energia, Alexandre Silveira, sobre a reuni\u00e3o com o presidente da Rep\u00fablica, Luiz In\u00e1cio Lula da Silva no \u00faltimo dia 31, em que teriam discutido estrat\u00e9gias para os pre\u00e7os dos combust\u00edveis. A declara\u00e7\u00e3o \u00e9 mais um epis\u00f3dio de estresse entre os dois. Em entrevista na manh\u00e3 desta sexta, Silveira disse que a diretoria da Petrobras informou ao governo que faria reajustes &#8220;se houvesse um aumento maior de pre\u00e7os (do petr\u00f3leo e derivados)&#8221;. A informa\u00e7\u00e3o foi negada por Prates.<\/p>\t<div class=\"wrapper-featured-image\">\n\t\t<figure class=\"spotlightImg\">\n\n\t\t\t<picture>\n\t\t\t\t<source media=\"(max-width: 768px)\" srcset=\"https:\/\/files.sunoresearch.com.br\/n\/uploads\/2021\/03\/58852300-48991831746_1ab8b68c02_o-1-400x200.webp\">\n\t\t\t\t<img loading=\"lazy\" decoding=\"async\" class=\"newsContent__article__imgCapa lazyloadDisabled \" src=\"https:\/\/files.sunoresearch.com.br\/n\/uploads\/2021\/03\/58852300-48991831746_1ab8b68c02_o-1-800x450.webp\" width=\"800\" height=\"450\" alt=\"Estresse no governo: presidente da Petrobras (PETR4) rebate ministro em discuss\u00e3o sobre pre\u00e7os de combust\u00edveis\" fetchpriority=high \/>\n\t\t\t<\/picture>\n\n\t\t\t<figcaption class=\"wp-caption-text wp-caption-text--show\">Jean Paul Prates (PT-RN), presidente da Petrobras. Foto: Marcos Oliveira\/Ag\u00eancia<\/figcaption>\n\t\t<\/figure>\n\t<\/div>\n\n\n\n\n\n\t<p>\n\t\t<a href=\"\" target=\"_blank\" data-element=\"shortcode-suno-banner\" title=\"Banner SUNO, clique e saiba mais\">\n\t\t\t<picture>\n\t\t\t\t<source media=\"(max-width: 500px)\" srcset=\"\">\n\t\t\t\t<img class=\"newsContent__article__imgCapa newsContent__article__imgCapa--banner\"\n\t\t\t\t\tsrc=\"\"\n\t\t\t\t\tdata-promo-id=\"254218\"\t\t\t\t\t\t\t\t\t\t\t\t\t\t\talt=\"\"\n\t\t\t\t>\n\t\t\t<\/picture>\n\t\t<\/a>\n\t<\/p>\n\n\n\n\n\n\n\n<p>&#8220;Em nenhum momento o<strong> presidente Lula <\/strong>se dirigiu ao <strong>presidente da Petrobras<\/strong> (Jean Paul Prates) para falar sobre segurar pre\u00e7os. O que eles falaram \u00e9 que estava no <strong>limite do pre\u00e7o<\/strong> marginal e, se houvesse um aumento maior de pre\u00e7os (do<strong> petr\u00f3leo<\/strong> e derivados), faria o aumento aqui&#8221;, afirmou Silveira \u00e0 <i>GloboNews<\/i>.<\/p>\n\n\n\n<p>Segundo o presidente da Petrobras, a reuni\u00e3o tratou de assuntos relacionados ao Programa de Acelera\u00e7\u00e3o do Crescimento (PAC), no que tange <strong>projetos da Petrobras<\/strong>, e para esclarecer pastas, como a Casa Civil, a esse respeito.<\/p>\n\n\n\n<p>&#8220;Todos sabem perfeitamente que em momento nenhum foi tratado de pre\u00e7os, em momento nenhum foi falada essa palavra na reuni\u00e3o (com Lula)&#8221;, disse Prates.<\/p>\n\n\n\n<p>Segundo ele, o tema foi tratado em outro f\u00f3rum, mas em reuni\u00e3o fechada do <a class=\"suno-keyword\" target=\"_blank\" data-force=\"no\" data-priority=\"1\" href=\"https:\/\/www.suno.com.br\/artigos\/conselho-administracao\/\" rel=\"noopener\">Conselho de Administra\u00e7\u00e3o<\/a>. Ele reclamou do &#8220;vazamento&#8221; do ministro. &#8220;Esse tipo de informa\u00e7\u00e3o j\u00e1 n\u00e3o deveria ser objeto de discuss\u00e3o externa \u00e0 empresa&#8221;, disse.<\/p>\n\n\n\n<p>Prates disse que a diretoria da Petrobras est\u00e1 &#8220;atent\u00edssima&#8221; \u00e0 quest\u00e3o dos pre\u00e7os e &#8220;n\u00e3o est\u00e1 sendo leniente em momento algum&#8221;. &#8220;Esse assunto n\u00e3o \u00e9 trivial. O intervalo em que estamos operando \u00e9 seguro para cada um dos produtos&#8221;, afirmou.<\/p>\n\n\n\n<p>Segundo Prates, a Petrobras trabalha com uma banda cujo teto \u00e9 o pre\u00e7o alternativo ao cliente (concorrentes) e o piso \u00e9 o pre\u00e7o marginal da Petrobras.<\/p>\n\n\n\n<p>&#8220;O pre\u00e7o pode tocar no teto da banda. Em algum dia, estava no limite; hoje, pode n\u00e3o estar mais nesse limite. \u00c9 uma faixa dentro da qual a gente trabalha. O que n\u00e3o \u00e9 normal \u00e9 algu\u00e9m do Conselho ficar falando disso para fora (da empresa)&#8221;, disse Prates, novamente criticando o ministro e seus interlocutores da alta administra\u00e7\u00e3o da Petrobras.<\/p>\n\n\n\t<p>\n\t\t<a href=\"https:\/\/lp.suno.com.br\/ebook-como-analisar-uma-acao\/\" target=\"_blank\" data-element=\"shortcode-suno-banner\" title=\"Banner SUNO, clique e saiba mais\">\n\t\t\t<picture>\n\t\t\t\t<source media=\"(max-width: 500px)\" srcset=\"https:\/\/files.sunoresearch.com.br\/n\/uploads\/2023\/03\/Ebook-Acoes-Mobile.jpg\">\n\t\t\t\t<img class=\"newsContent__article__imgCapa newsContent__article__imgCapa--banner\"\n\t\t\t\t\tsrc=\"https:\/\/files.sunoresearch.com.br\/n\/uploads\/2023\/03\/Ebook-Acoes-Desktop.jpg\"\n\t\t\t\t\tdata-promo-id=\"378302\"\t\t\t\t\t\t\t\t\t\twidth='1420' height='286'\t\t\t\t\talt=\"https:\/\/files.sunoresearch.com.br\/n\/uploads\/2023\/03\/Ebook-Acoes-Desktop.jpg\"\n\t\t\t\t>\n\t\t\t<\/picture>\n\t\t<\/a>\n\t<\/p>\n\n\n\n\n\n<h2 class=\"wp-block-heading\">Petrobras no 2T23<\/h2>\n\n\n\n<p>A receita com<strong> derivados do petr\u00f3leo <\/strong>no segundo trimestre caiu 27,2% ante um ano atr\u00e1s, e 13,2% na compara\u00e7\u00e3o com os tr\u00eas primeiros meses do ano, para US$ 72,98 bilh\u00f5es.<\/p>\n\n\n\n<p>Segundo analistas, essa queda se deve, em boa medida, \u00e0 redu\u00e7\u00e3o sistem\u00e1tica dos pre\u00e7os dos combust\u00edveis pela atual gest\u00e3o.<\/p>\n\n\n\n<p>Mas a Petrobras menciona, em relat\u00f3rio financeiro, uma redu\u00e7\u00e3o de mais de 40% nos <i>crack spreads<\/i> (diferen\u00e7a entre o <a class=\"suno-keyword\" target=\"_blank\" data-force=\"no\" data-priority=\"1\" href=\"https:\/\/www.suno.com.br\/artigos\/preco-do-petroleo\/\" rel=\"noopener\">pre\u00e7o do petr\u00f3leo<\/a> bruto e os produtos extra\u00eddos dele) internacionais de diesel no per\u00edodo.<\/p>\n\n\n\n<h2 class=\"wp-block-heading\">Queda no lucro<\/h2>\n\n\n\n<p>Prates negou que a queda no<strong> lucro da Petrobras<\/strong> no segundo trimestre (R$ 28,7 bilh\u00f5es) tenha a ver com a nova estrat\u00e9gia de <strong>pre\u00e7os de combust\u00edveis<\/strong>, que levou a redu\u00e7\u00f5es sistem\u00e1ticas e nenhum aumento em sua gest\u00e3o.<\/p>\n\n\n\n<p>Segundo ele, o lucro menor foi determinado pela queda nos <strong>pre\u00e7os internacionais do petr\u00f3leo<\/strong> e do diesel no referido trimestre ante um ano atr\u00e1s. Ele falou em entrevista coletiva sobre o <a class=\"suno-keyword\" target=\"_blank\" data-force=\"no\" data-priority=\"1\" href=\"https:\/\/www.suno.com.br\/artigos\/resultado-financeiro\/\" rel=\"noopener\">resultado financeiro<\/a> do per\u00edodo.<\/p>\n\n\n\n<p>&#8220;\u00c9 absolutamente desconexa a linha de racioc\u00ednio que atribui a queda no lucro \u00e0 mudan\u00e7a na pol\u00edtica de pre\u00e7os (de combust\u00edveis). Houve queda brutal do Brent. Estamos falando de um per\u00edodo (segundo trimestre de 2022) com o petr\u00f3leo muito alto e margens de diesel extremamente expressivas. Estamos em outras circunst\u00e2ncias&#8221;, disse Prates.<\/p>\n\n\n\n<p>Segundo o ex-senador, a Petrobras teve desempenho melhor que outras grandes petroleiras.<\/p>\n\n\n\n<p>&#8220;N\u00f3s desempenhamos melhor do que as nossas coirm\u00e3s e investindo mais&#8221;, disse Prates. &#8220;Em termos de <a class=\"suno-keyword\" target=\"_blank\" data-force=\"no\" data-priority=\"1\" href=\"https:\/\/www.suno.com.br\/artigos\/fluxo-caixa-operacional\/\" rel=\"noopener\">fluxo de caixa operacional<\/a>, essas empresas ca\u00edram em m\u00e9dia US$ 6,5 bilh\u00f5es, queda de 45% (em um ano). N\u00f3s ca\u00edmos abaixo da m\u00e9dia, 35,9%&#8221;, comentou.<\/p>\n\n\n\n<p>Ele destacou ainda que o lucro do segundo trimestre foi o 10\u00ba maior da hist\u00f3ria da <strong>Petrobras<\/strong> e que o volume de produ\u00e7\u00e3o trimestral do pr\u00e9-sal foi recorde.<\/p>\n\n\n\n<p><em>Com Estad\u00e3o Conte\u00fado<\/em><\/p>\n\n\n\t<p>\n\t\t<a href=\"https:\/\/lp.suno.com.br\/plataforma-de-controle-de-investimentos\/\" target=\"_blank\" data-element=\"shortcode-suno-banner\" title=\"Banner SUNO, clique e saiba mais\">\n\t\t\t<picture>\n\t\t\t\t<source media=\"(max-width: 500px)\" srcset=\"https:\/\/files.sunoresearch.com.br\/n\/uploads\/2023\/03\/400x300-Controle-de-Investimentos.png\">\n\t\t\t\t<img class=\"newsContent__article__imgCapa newsContent__article__imgCapa--banner\"\n\t\t\t\t\tsrc=\"https:\/\/files.sunoresearch.com.br\/n\/uploads\/2023\/03\/1420x240-Controle-de-Investimentos.png\"\n\t\t\t\t\tdata-promo-id=\"383162\"\t\t\t\t\t\t\t\t\t\twidth='1420' height='240'\t\t\t\t\talt=\"https:\/\/files.sunoresearch.com.br\/n\/uploads\/2023\/03\/1420x240-Controle-de-Investimentos.png\"\n\t\t\t\t>\n\t\t\t<\/picture>\n\t\t<\/a>\n\t<\/p>\n\n\n","protected":false},"excerpt":{"rendered":"<p>O presidente da Petrobras (PETR4), Jean Paul Prates, rebateu nesta sexta-feira, 4, um relato do ministro de Minas e Energia, Alexandre Silveira, sobre a reuni\u00e3o com o presidente da Rep\u00fablica, Luiz In\u00e1cio Lula da Silva no \u00faltimo dia 31, em que teriam discutido estrat\u00e9gias para os pre\u00e7os dos combust\u00edveis. A declara\u00e7\u00e3o \u00e9 mais um epis\u00f3dio [&hellip;]<\/p>\n","protected":false},"author":43,"featured_media":132309,"comment_status":"closed","ping_status":"closed","sticky":false,"template":"","format":"standard","meta":[],"categories":[62],"tags":[286,1227,595],"suno_strategy":[],"class_list":["post-438531","post","type-post","status-publish","format-standard","has-post-thumbnail","hentry","category-economia","tag-acoes","tag-ministerio-de-minas-e-energia","tag-petrobras-petr4"],"yoast_head":"<!-- This site is optimized with the Yoast SEO plugin v24.4 - https:\/\/yoast.com\/wordpress\/plugins\/seo\/ -->\n<title>Presidente da Petrobras (PETR4) discute pre\u00e7os com ministro<\/title>\n<meta name=\"description\" content=\"O presidente da Petrobras, Jean Paul Prates, rebateu nesta sexta-feira, 4, um relato do ministro de Minas e Energia, Alexandre Silveira\" \/>\n<meta name=\"robots\" content=\"index, follow, max-snippet:-1, max-image-preview:large, max-video-preview:-1\" \/>\n<link rel=\"canonical\" href=\"https:\/\/www.suno.com.br\/noticias\/petrobras-petr4-ministro-discussao-reajuste-precos-de-combustiveis\/\" \/>\n<meta property=\"og:locale\" content=\"pt_BR\" \/>\n<meta property=\"og:type\" content=\"article\" \/>\n<meta property=\"og:title\" content=\"Presidente da Petrobras (PETR4) discute pre\u00e7os com ministro\" \/>\n<meta property=\"og:description\" content=\"O presidente da Petrobras, Jean Paul Prates, rebateu nesta sexta-feira, 4, um relato do ministro de Minas e Energia, Alexandre Silveira\" \/>\n<meta property=\"og:url\" content=\"https:\/\/www.suno.com.br\/noticias\/petrobras-petr4-ministro-discussao-reajuste-precos-de-combustiveis\/\" \/>\n<meta property=\"og:site_name\" content=\"Suno Not\u00edcias\" \/>\n<meta property=\"article:publisher\" content=\"https:\/\/facebook.com\/sunoresearch\" \/>\n<meta property=\"article:author\" content=\"https:\/\/www.facebook.com\/sunonoticias\/\" \/>\n<meta property=\"og:image\" content=\"https:\/\/files.sunoresearch.com.br\/n\/uploads\/2021\/03\/58852300-48991831746_1ab8b68c02_o-1.jpg\" \/>\n\t<meta property=\"og:image:width\" content=\"1200\" \/>\n\t<meta property=\"og:image:height\" content=\"800\" \/>\n\t<meta property=\"og:image:type\" content=\"image\/jpeg\" \/>\n<meta name=\"author\" content=\"Reda\u00e7\u00e3o Suno Not\u00edcias\" \/>\n<meta name=\"twitter:card\" content=\"summary_large_image\" \/>\n<meta name=\"twitter:creator\" content=\"@https:\/\/twitter.com\/sunoresearch\" \/>\n<meta name=\"twitter:site\" content=\"@sunoresearch\" \/>\n<meta name=\"twitter:label1\" content=\"Escrito por\" \/>\n\t<meta name=\"twitter:data1\" content=\"Reda\u00e7\u00e3o Suno Not\u00edcias\" \/>\n\t<meta name=\"twitter:label2\" content=\"Est. tempo de leitura\" \/>\n\t<meta name=\"twitter:data2\" content=\"4 minutos\" \/>\n<script type=\"application\/ld+json\" class=\"yoast-schema-graph\">{\"@context\":\"https:\/\/schema.org\",\"@graph\":[{\"@type\":\"NewsArticle\",\"@id\":\"https:\/\/www.suno.com.br\/noticias\/petrobras-petr4-ministro-discussao-reajuste-precos-de-combustiveis\/#article\",\"isPartOf\":{\"@id\":\"https:\/\/www.suno.com.br\/noticias\/petrobras-petr4-ministro-discussao-reajuste-precos-de-combustiveis\/\"},\"author\":{\"name\":\"Reda\u00e7\u00e3o Suno Not\u00edcias\",\"@id\":\"https:\/\/www.suno.com.br\/noticias\/#\/schema\/person\/c1b1bd3727fa852bd045e9dbff3673ea\"},\"headline\":\"Estresse no governo: presidente da Petrobras (PETR4) rebate ministro em discuss\u00e3o sobre pre\u00e7os de combust\u00edveis\",\"datePublished\":\"2023-08-04T21:52:16+00:00\",\"dateModified\":\"2023-08-04T21:52:20+00:00\",\"mainEntityOfPage\":{\"@id\":\"https:\/\/www.suno.com.br\/noticias\/petrobras-petr4-ministro-discussao-reajuste-precos-de-combustiveis\/\"},\"wordCount\":753,\"publisher\":{\"@id\":\"https:\/\/www.suno.com.br\/noticias\/#organization\"},\"image\":{\"@id\":\"https:\/\/www.suno.com.br\/noticias\/petrobras-petr4-ministro-discussao-reajuste-precos-de-combustiveis\/#primaryimage\"},\"thumbnailUrl\":\"https:\/\/files.sunoresearch.com.br\/n\/uploads\/2021\/03\/58852300-48991831746_1ab8b68c02_o-1-jpg.webp\",\"keywords\":[\"A\u00e7\u00f5es\",\"Minist\u00e9rio de Minas e Energia\",\"Petrobras (PETR4)\"],\"articleSection\":[\"Economia\"],\"inLanguage\":\"pt-BR\"},{\"@type\":\"WebPage\",\"@id\":\"https:\/\/www.suno.com.br\/noticias\/petrobras-petr4-ministro-discussao-reajuste-precos-de-combustiveis\/\",\"url\":\"https:\/\/www.suno.com.br\/noticias\/petrobras-petr4-ministro-discussao-reajuste-precos-de-combustiveis\/\",\"name\":\"Presidente da Petrobras (PETR4) discute pre\u00e7os com ministro\",\"isPartOf\":{\"@id\":\"https:\/\/www.suno.com.br\/noticias\/#website\"},\"primaryImageOfPage\":{\"@id\":\"https:\/\/www.suno.com.br\/noticias\/petrobras-petr4-ministro-discussao-reajuste-precos-de-combustiveis\/#primaryimage\"},\"image\":{\"@id\":\"https:\/\/www.suno.com.br\/noticias\/petrobras-petr4-ministro-discussao-reajuste-precos-de-combustiveis\/#primaryimage\"},\"thumbnailUrl\":\"https:\/\/files.sunoresearch.com.br\/n\/uploads\/2021\/03\/58852300-48991831746_1ab8b68c02_o-1-jpg.webp\",\"datePublished\":\"2023-08-04T21:52:16+00:00\",\"dateModified\":\"2023-08-04T21:52:20+00:00\",\"description\":\"O presidente da Petrobras, Jean Paul Prates, rebateu nesta sexta-feira, 4, um relato do ministro de Minas e Energia, Alexandre Silveira\",\"breadcrumb\":{\"@id\":\"https:\/\/www.suno.com.br\/noticias\/petrobras-petr4-ministro-discussao-reajuste-precos-de-combustiveis\/#breadcrumb\"},\"inLanguage\":\"pt-BR\",\"potentialAction\":[{\"@type\":\"ReadAction\",\"target\":[\"https:\/\/www.suno.com.br\/noticias\/petrobras-petr4-ministro-discussao-reajuste-precos-de-combustiveis\/\"]}]},{\"@type\":\"ImageObject\",\"inLanguage\":\"pt-BR\",\"@id\":\"https:\/\/www.suno.com.br\/noticias\/petrobras-petr4-ministro-discussao-reajuste-precos-de-combustiveis\/#primaryimage\",\"url\":\"https:\/\/files.sunoresearch.com.br\/n\/uploads\/2021\/03\/58852300-48991831746_1ab8b68c02_o-1-jpg.webp\",\"contentUrl\":\"https:\/\/files.sunoresearch.com.br\/n\/uploads\/2021\/03\/58852300-48991831746_1ab8b68c02_o-1-jpg.webp\",\"width\":1200,\"height\":800,\"caption\":\"Jean Paul Prates (PT-RN), presidente da Petrobras. Foto: Marcos Oliveira\/Ag\u00eancia\"},{\"@type\":\"BreadcrumbList\",\"@id\":\"https:\/\/www.suno.com.br\/noticias\/petrobras-petr4-ministro-discussao-reajuste-precos-de-combustiveis\/#breadcrumb\",\"itemListElement\":[{\"@type\":\"ListItem\",\"position\":1,\"name\":\"Not\u00edcias\",\"item\":\"https:\/\/www.suno.com.br\/noticias\/\"},{\"@type\":\"ListItem\",\"position\":2,\"name\":\"Economia\",\"item\":\"https:\/\/www.suno.com.br\/noticias\/economia\/\"},{\"@type\":\"ListItem\",\"position\":3,\"name\":\"Estresse no governo: presidente da Petrobras (PETR4) rebate ministro em discuss\u00e3o sobre pre\u00e7os de combust\u00edveis\"}]},{\"@type\":\"WebSite\",\"@id\":\"https:\/\/www.suno.com.br\/noticias\/#website\",\"url\":\"https:\/\/www.suno.com.br\/noticias\/\",\"name\":\"Suno Not\u00edcias\",\"description\":\"Seu portal de informa\u00e7\u00e3o sobre o mundo dos investimentos\",\"publisher\":{\"@id\":\"https:\/\/www.suno.com.br\/noticias\/#organization\"},\"potentialAction\":[{\"@type\":\"SearchAction\",\"target\":{\"@type\":\"EntryPoint\",\"urlTemplate\":\"https:\/\/www.suno.com.br\/noticias\/?s={search_term_string}\"},\"query-input\":{\"@type\":\"PropertyValueSpecification\",\"valueRequired\":true,\"valueName\":\"search_term_string\"}}],\"inLanguage\":\"pt-BR\"},{\"@type\":\"Organization\",\"@id\":\"https:\/\/www.suno.com.br\/noticias\/#organization\",\"name\":\"Suno Not\u00edcias\",\"url\":\"https:\/\/www.suno.com.br\/noticias\/\",\"logo\":{\"@type\":\"ImageObject\",\"inLanguage\":\"pt-BR\",\"@id\":\"https:\/\/www.suno.com.br\/noticias\/#\/schema\/logo\/image\/\",\"url\":\"https:\/\/files.sunoresearch.com.br\/n\/uploads\/2021\/09\/suno-logo.png\",\"contentUrl\":\"https:\/\/files.sunoresearch.com.br\/n\/uploads\/2021\/09\/suno-logo.png\",\"width\":180,\"height\":180,\"caption\":\"Suno Not\u00edcias\"},\"image\":{\"@id\":\"https:\/\/www.suno.com.br\/noticias\/#\/schema\/logo\/image\/\"},\"sameAs\":[\"https:\/\/facebook.com\/sunoresearch\",\"https:\/\/x.com\/sunoresearch\",\"https:\/\/www.instagram.com\/suno\",\"https:\/\/www.linkedin.com\/company\/suno-research\/\",\"https:\/\/www.youtube.com\/c\/sunoresearch\"]},{\"@type\":\"Person\",\"@id\":\"https:\/\/www.suno.com.br\/noticias\/#\/schema\/person\/c1b1bd3727fa852bd045e9dbff3673ea\",\"name\":\"Reda\u00e7\u00e3o Suno Not\u00edcias\",\"image\":{\"@type\":\"ImageObject\",\"inLanguage\":\"pt-BR\",\"@id\":\"https:\/\/www.suno.com.br\/noticias\/#\/schema\/person\/image\/\",\"url\":\"https:\/\/secure.gravatar.com\/avatar\/b8104b9b5a71985d5238ee59fbe418af?s=96&r=g\",\"contentUrl\":\"https:\/\/secure.gravatar.com\/avatar\/b8104b9b5a71985d5238ee59fbe418af?s=96&r=g\",\"caption\":\"Reda\u00e7\u00e3o Suno Not\u00edcias\"},\"description\":\"O Suno Not\u00edcias \u00e9 um portal de informa\u00e7\u00f5es sobre Mercado Financeiro, Pol\u00edtica, Neg\u00f3cios, Economia e Finan\u00e7as Pessoais.\",\"sameAs\":[\"https:\/\/www.suno.com.br\/noticias\",\"https:\/\/www.facebook.com\/sunonoticias\/\",\"https:\/\/www.instagram.com\/sunonoticias\/\",\"https:\/\/x.com\/https:\/\/twitter.com\/sunoresearch\",\"https:\/\/www.youtube.com\/sunonoticias\"],\"url\":\"https:\/\/www.suno.com.br\/noticias\/author\/redacao-suno\/\"}]}<\/script>\n<!-- \/ Yoast SEO plugin. -->","yoast_head_json":{"title":"Presidente da Petrobras (PETR4) discute pre\u00e7os com ministro","description":"O presidente da Petrobras, Jean Paul Prates, rebateu nesta sexta-feira, 4, um relato do ministro de Minas e Energia, Alexandre Silveira","robots":{"index":"index","follow":"follow","max-snippet":"max-snippet:-1","max-image-preview":"max-image-preview:large","max-video-preview":"max-video-preview:-1"},"canonical":"https:\/\/www.suno.com.br\/noticias\/petrobras-petr4-ministro-discussao-reajuste-precos-de-combustiveis\/","og_locale":"pt_BR","og_type":"article","og_title":"Presidente da Petrobras (PETR4) discute pre\u00e7os com ministro","og_description":"O presidente da Petrobras, Jean Paul Prates, rebateu nesta sexta-feira, 4, um relato do ministro de Minas e Energia, Alexandre Silveira","og_url":"https:\/\/www.suno.com.br\/noticias\/petrobras-petr4-ministro-discussao-reajuste-precos-de-combustiveis\/","og_site_name":"Suno Not\u00edcias","article_publisher":"https:\/\/facebook.com\/sunoresearch","article_author":"https:\/\/www.facebook.com\/sunonoticias\/","og_image":[{"width":1200,"height":800,"url":"https:\/\/files.sunoresearch.com.br\/n\/uploads\/2021\/03\/58852300-48991831746_1ab8b68c02_o-1.jpg","type":"image\/jpeg"}],"author":"Reda\u00e7\u00e3o Suno Not\u00edcias","twitter_card":"summary_large_image","twitter_creator":"@https:\/\/twitter.com\/sunoresearch","twitter_site":"@sunoresearch","twitter_misc":{"Escrito por":"Reda\u00e7\u00e3o Suno Not\u00edcias","Est. tempo de leitura":"4 minutos"},"schema":{"@context":"https:\/\/schema.org","@graph":[{"@type":"NewsArticle","@id":"https:\/\/www.suno.com.br\/noticias\/petrobras-petr4-ministro-discussao-reajuste-precos-de-combustiveis\/#article","isPartOf":{"@id":"https:\/\/www.suno.com.br\/noticias\/petrobras-petr4-ministro-discussao-reajuste-precos-de-combustiveis\/"},"author":{"name":"Reda\u00e7\u00e3o Suno Not\u00edcias","@id":"https:\/\/www.suno.com.br\/noticias\/#\/schema\/person\/c1b1bd3727fa852bd045e9dbff3673ea"},"headline":"Estresse no governo: presidente da Petrobras (PETR4) rebate ministro em discuss\u00e3o sobre pre\u00e7os de combust\u00edveis","datePublished":"2023-08-04T21:52:16+00:00","dateModified":"2023-08-04T21:52:20+00:00","mainEntityOfPage":{"@id":"https:\/\/www.suno.com.br\/noticias\/petrobras-petr4-ministro-discussao-reajuste-precos-de-combustiveis\/"},"wordCount":753,"publisher":{"@id":"https:\/\/www.suno.com.br\/noticias\/#organization"},"image":{"@id":"https:\/\/www.suno.com.br\/noticias\/petrobras-petr4-ministro-discussao-reajuste-precos-de-combustiveis\/#primaryimage"},"thumbnailUrl":"https:\/\/files.sunoresearch.com.br\/n\/uploads\/2021\/03\/58852300-48991831746_1ab8b68c02_o-1-jpg.webp","keywords":["A\u00e7\u00f5es","Minist\u00e9rio de Minas e Energia","Petrobras (PETR4)"],"articleSection":["Economia"],"inLanguage":"pt-BR"},{"@type":"WebPage","@id":"https:\/\/www.suno.com.br\/noticias\/petrobras-petr4-ministro-discussao-reajuste-precos-de-combustiveis\/","url":"https:\/\/www.suno.com.br\/noticias\/petrobras-petr4-ministro-discussao-reajuste-precos-de-combustiveis\/","name":"Presidente da Petrobras (PETR4) discute pre\u00e7os com ministro","isPartOf":{"@id":"https:\/\/www.suno.com.br\/noticias\/#website"},"primaryImageOfPage":{"@id":"https:\/\/www.suno.com.br\/noticias\/petrobras-petr4-ministro-discussao-reajuste-precos-de-combustiveis\/#primaryimage"},"image":{"@id":"https:\/\/www.suno.com.br\/noticias\/petrobras-petr4-ministro-discussao-reajuste-precos-de-combustiveis\/#primaryimage"},"thumbnailUrl":"https:\/\/files.sunoresearch.com.br\/n\/uploads\/2021\/03\/58852300-48991831746_1ab8b68c02_o-1-jpg.webp","datePublished":"2023-08-04T21:52:16+00:00","dateModified":"2023-08-04T21:52:20+00:00","description":"O presidente da Petrobras, Jean Paul Prates, rebateu nesta sexta-feira, 4, um relato do ministro de Minas e Energia, Alexandre Silveira","breadcrumb":{"@id":"https:\/\/www.suno.com.br\/noticias\/petrobras-petr4-ministro-discussao-reajuste-precos-de-combustiveis\/#breadcrumb"},"inLanguage":"pt-BR","potentialAction":[{"@type":"ReadAction","target":["https:\/\/www.suno.com.br\/noticias\/petrobras-petr4-ministro-discussao-reajuste-precos-de-combustiveis\/"]}]},{"@type":"ImageObject","inLanguage":"pt-BR","@id":"https:\/\/www.suno.com.br\/noticias\/petrobras-petr4-ministro-discussao-reajuste-precos-de-combustiveis\/#primaryimage","url":"https:\/\/files.sunoresearch.com.br\/n\/uploads\/2021\/03\/58852300-48991831746_1ab8b68c02_o-1-jpg.webp","contentUrl":"https:\/\/files.sunoresearch.com.br\/n\/uploads\/2021\/03\/58852300-48991831746_1ab8b68c02_o-1-jpg.webp","width":1200,"height":800,"caption":"Jean Paul Prates (PT-RN), presidente da Petrobras. Foto: Marcos Oliveira\/Ag\u00eancia"},{"@type":"BreadcrumbList","@id":"https:\/\/www.suno.com.br\/noticias\/petrobras-petr4-ministro-discussao-reajuste-precos-de-combustiveis\/#breadcrumb","itemListElement":[{"@type":"ListItem","position":1,"name":"Not\u00edcias","item":"https:\/\/www.suno.com.br\/noticias\/"},{"@type":"ListItem","position":2,"name":"Economia","item":"https:\/\/www.suno.com.br\/noticias\/economia\/"},{"@type":"ListItem","position":3,"name":"Estresse no governo: presidente da Petrobras (PETR4) rebate ministro em discuss\u00e3o sobre pre\u00e7os de combust\u00edveis"}]},{"@type":"WebSite","@id":"https:\/\/www.suno.com.br\/noticias\/#website","url":"https:\/\/www.suno.com.br\/noticias\/","name":"Suno Not\u00edcias","description":"Seu portal de informa\u00e7\u00e3o sobre o mundo dos investimentos","publisher":{"@id":"https:\/\/www.suno.com.br\/noticias\/#organization"},"potentialAction":[{"@type":"SearchAction","target":{"@type":"EntryPoint","urlTemplate":"https:\/\/www.suno.com.br\/noticias\/?s={search_term_string}"},"query-input":{"@type":"PropertyValueSpecification","valueRequired":true,"valueName":"search_term_string"}}],"inLanguage":"pt-BR"},{"@type":"Organization","@id":"https:\/\/www.suno.com.br\/noticias\/#organization","name":"Suno Not\u00edcias","url":"https:\/\/www.suno.com.br\/noticias\/","logo":{"@type":"ImageObject","inLanguage":"pt-BR","@id":"https:\/\/www.suno.com.br\/noticias\/#\/schema\/logo\/image\/","url":"https:\/\/files.sunoresearch.com.br\/n\/uploads\/2021\/09\/suno-logo.png","contentUrl":"https:\/\/files.sunoresearch.com.br\/n\/uploads\/2021\/09\/suno-logo.png","width":180,"height":180,"caption":"Suno Not\u00edcias"},"image":{"@id":"https:\/\/www.suno.com.br\/noticias\/#\/schema\/logo\/image\/"},"sameAs":["https:\/\/facebook.com\/sunoresearch","https:\/\/x.com\/sunoresearch","https:\/\/www.instagram.com\/suno","https:\/\/www.linkedin.com\/company\/suno-research\/","https:\/\/www.youtube.com\/c\/sunoresearch"]},{"@type":"Person","@id":"https:\/\/www.suno.com.br\/noticias\/#\/schema\/person\/c1b1bd3727fa852bd045e9dbff3673ea","name":"Reda\u00e7\u00e3o Suno Not\u00edcias","image":{"@type":"ImageObject","inLanguage":"pt-BR","@id":"https:\/\/www.suno.com.br\/noticias\/#\/schema\/person\/image\/","url":"https:\/\/secure.gravatar.com\/avatar\/b8104b9b5a71985d5238ee59fbe418af?s=96&r=g","contentUrl":"https:\/\/secure.gravatar.com\/avatar\/b8104b9b5a71985d5238ee59fbe418af?s=96&r=g","caption":"Reda\u00e7\u00e3o Suno Not\u00edcias"},"description":"O Suno Not\u00edcias \u00e9 um portal de informa\u00e7\u00f5es sobre Mercado Financeiro, Pol\u00edtica, Neg\u00f3cios, Economia e Finan\u00e7as Pessoais.","sameAs":["https:\/\/www.suno.com.br\/noticias","https:\/\/www.facebook.com\/sunonoticias\/","https:\/\/www.instagram.com\/sunonoticias\/","https:\/\/x.com\/https:\/\/twitter.com\/sunoresearch","https:\/\/www.youtube.com\/sunonoticias"],"url":"https:\/\/www.suno.com.br\/noticias\/author\/redacao-suno\/"}]}},"default_loop_html":"<div class=\"cardsPage__listCard__boxs\"><div class=\"cardsPage__listCard__boxs__img\"><a href=\"https:\/\/www.suno.com.br\/noticias\/petrobras-petr4-ministro-discussao-reajuste-precos-de-combustiveis\/\"><img class=\"mask\" src=\"https:\/\/www.suno.com.br\/noticias\/wp-content\/themes\/suno\/resources\/images\/spotlight\/spotlight1img\/bg-mask.png\" alt=\"Image Mask\"\/><img src=\"https:\/\/files.sunoresearch.com.br\/n\/uploads\/2021\/03\/58852300-48991831746_1ab8b68c02_o-1-400x200.webp\" alt=\"Estresse no governo: presidente da Petrobras (PETR4) rebate ministro em discuss\u00e3o sobre pre\u00e7os de combust\u00edveis\"\/><\/a><span class=\"spotlightCategory\"><a href=\"https:\/\/www.suno.com.br\/noticias\/economia\/\">Economia<\/a><\/span><\/div><div class=\"cardsPage__listCard__boxs__content\"><a href=\"https:\/\/www.suno.com.br\/noticias\/petrobras-petr4-ministro-discussao-reajuste-precos-de-combustiveis\/\"><h2 class=\"content__title\">Estresse no governo: presidente da Petrobras (PETR4) rebate ministro em discuss\u00e3o sobre pre\u00e7os de combust\u00edveis<\/h2><\/a><div class=\"newsContent__article__meta\"><div class=\"newsContent__article__meta__authorBox\"><a href=\"https:\/\/www.suno.com.br\/noticias\/author\/redacao-suno\/\" class=\"authorBox__avatar noMobi\"><img src=\"https:\/\/files.sunoresearch.com.br\/n\/uploads\/2020\/08\/0ace682d-redacao-1-150x150.webp\" alt=\"Reda\u00e7\u00e3o Suno Not\u00edcias\"><\/a><div class=\"authorBox__name\"><span>por\n\t\t\t<a href=\"https:\/\/www.suno.com.br\/noticias\/author\/redacao-suno\/\"><span itemprop=\"author\">Reda\u00e7\u00e3o Suno Not\u00edcias<\/span><\/a><\/span><time datetime=\"2023-08-04T18:52:16-03:00\" itemprop=\"datePublished\">04\/08\/2023 18:52<\/time><\/div><\/div><\/div><\/div><\/div>","single_layout":"posts","amp_enabled":true,"_links":{"self":[{"href":"https:\/\/www.suno.com.br\/noticias\/wp-json\/wp\/v2\/posts\/438531"}],"collection":[{"href":"https:\/\/www.suno.com.br\/noticias\/wp-json\/wp\/v2\/posts"}],"about":[{"href":"https:\/\/www.suno.com.br\/noticias\/wp-json\/wp\/v2\/types\/post"}],"author":[{"embeddable":true,"href":"https:\/\/www.suno.com.br\/noticias\/wp-json\/wp\/v2\/users\/43"}],"replies":[{"embeddable":true,"href":"https:\/\/www.suno.com.br\/noticias\/wp-json\/wp\/v2\/comments?post=438531"}],"version-history":[{"count":2,"href":"https:\/\/www.suno.com.br\/noticias\/wp-json\/wp\/v2\/posts\/438531\/revisions"}],"predecessor-version":[{"id":438585,"href":"https:\/\/www.suno.com.br\/noticias\/wp-json\/wp\/v2\/posts\/438531\/revisions\/438585"}],"wp:featuredmedia":[{"embeddable":true,"href":"https:\/\/www.suno.com.br\/noticias\/wp-json\/wp\/v2\/media\/132309"}],"wp:attachment":[{"href":"https:\/\/www.suno.com.br\/noticias\/wp-json\/wp\/v2\/media?parent=438531"}],"wp:term":[{"taxonomy":"category","embeddable":true,"href":"https:\/\/www.suno.com.br\/noticias\/wp-json\/wp\/v2\/categories?post=438531"},{"taxonomy":"post_tag","embeddable":true,"href":"https:\/\/www.suno.com.br\/noticias\/wp-json\/wp\/v2\/tags?post=438531"},{"taxonomy":"suno_strategy","embeddable":true,"href":"https:\/\/www.suno.com.br\/noticias\/wp-json\/wp\/v2\/suno_strategy?post=438531"}],"curies":[{"name":"wp","href":"https:\/\/api.w.org\/{rel}","templated":true}]}}