{"id":43850,"date":"2019-11-05T22:01:55","date_gmt":"2019-11-06T00:01:55","guid":{"rendered":"https:\/\/www.suno.com.br\/noticias\/?p=43850"},"modified":"2019-11-05T22:01:55","modified_gmt":"2019-11-06T00:01:55","slug":"cielo-distribuira-milhoes-juros-capital-proprio","status":"publish","type":"post","link":"https:\/\/www.suno.com.br\/noticias\/cielo-distribuira-milhoes-juros-capital-proprio\/","title":{"rendered":"Cielo distribuir\u00e1 R$ 42 milh\u00f5es em juros sobre o capital pr\u00f3prio"},"content":{"rendered":"<p>A Cielo (CIEL3) anunciou, nesta ter\u00e7a-feira (05), que distribuir\u00e1 R$ 42 milh\u00f5es em <strong><a href=\"https:\/\/www.suno.com.br\/artigos\/jcp\/\">juros sobre o capital pr\u00f3prio<\/a><\/strong>. O an\u00fancio foi feito por meio de comunicado enviado ao mercado.<\/p>\t<div class=\"wrapper-featured-image\">\n\t\t<figure class=\"spotlightImg\">\n\n\t\t\t<picture>\n\t\t\t\t<source media=\"(max-width: 768px)\" srcset=\"https:\/\/files.sunoresearch.com.br\/n\/uploads\/2019\/09\/60fb7999-cielo-400x200.webp\">\n\t\t\t\t<img loading=\"lazy\" decoding=\"async\" class=\"newsContent__article__imgCapa lazyloadDisabled newsContent__article__imgCapa--noCaption\" src=\"https:\/\/files.sunoresearch.com.br\/n\/uploads\/2019\/09\/60fb7999-cielo-800x450.webp\" width=\"800\" height=\"450\" alt=\"Cielo distribuir\u00e1 R$ 42 milh\u00f5es em juros sobre o capital pr\u00f3prio\" fetchpriority=high \/>\n\t\t\t<\/picture>\n\n\t\t\t<figcaption class=\"wp-caption-text wp-caption-text--hide\">Cielo (CIEL3). - Foto: Divulga\u00e7\u00e3o<\/figcaption>\n\t\t<\/figure>\n\t<\/div>\n\n\n\n<p>O n\u00famero se junta a outros R$ 42 milh\u00f5es j\u00e1 aprovados e totalizam R$ 120,1 milh\u00f5es distribu\u00eddos em 2019 pela <strong>Cielo<\/strong>.<\/p>\n<p>O valor previsto por a\u00e7\u00e3o dos <strong>JCP<\/strong> \u00e9 de R$ 0,1548261816 por a\u00e7\u00e3o. O montante dever\u00e1 ser pago no dia 18 de novembro, levando em considera\u00e7\u00e3o a posi\u00e7\u00e3o acion\u00e1ria do dia 5 de novembro. As a\u00e7\u00f5es devem negociar <strong>ex-dividendos<\/strong> no dia 6.<\/p>\n<h2>Lucro l\u00edquido da Cielo no 3T19<\/h2>\n<p>A Cielo\u00a0 registrou uma redu\u00e7\u00e3o do<strong>\u00a0<a href=\"https:\/\/www.suno.com.br\/artigos\/lucro-liquido\/\">lucro l\u00edquido<\/a> <\/strong>de 17% no terceiro trimestre de 2019. A empresa de pagamentos totalizou um lucro l\u00edquido de R$ 358,1 milh\u00f5es, contra os R$ 431,2 milh\u00f5es do 2\u00ba trimestre de 2019. As informa\u00e7\u00f5es foram divulgadas no dia 29 de outubro.<\/p>\n<p><a href=\"https:\/\/www.suno.com.br\/noticias\/cielo-registra-reducao-lucro-3t2019\/\">Saiba mais: Cielo registra redu\u00e7\u00e3o de 17% no lucro l\u00edquido no 3T19<\/a><\/p>\n<p>A\u00a0<strong><a href=\"https:\/\/www.suno.com.br\/artigos\/o-que-receita-liquida\/\">receita l\u00edquida<\/a>\u00a0<\/strong>consolidada da <strong>Cielo<\/strong> totalizou R$ 2.779,8 milh\u00f5es no terceiro trimestre, uma queda de 5,5%, em compara\u00e7\u00e3o ao mesmo per\u00edodo de 2018. Entretanto, a empresa salientou um aumento de 0,02% em compara\u00e7\u00e3o ao segundo trimestre de 2019.<\/p>\n<p>Segundo a empresa, &#8220;o decr\u00e9scimo das <strong>receitas l\u00edquidas<\/strong> consolidadas \u00e9 resultado da redu\u00e7\u00e3o nas receitas provenientes de captura, transmiss\u00e3o, processamento e liquida\u00e7\u00e3o financeira das transa\u00e7\u00f5es e nas receitas de aluguel de terminais de captura na <strong>Cielo,<\/strong> impactadas pela press\u00e3o nos pre\u00e7os m\u00e9dios decorrente do ambiente competitivo e pelo aumento do business de venda de solu\u00e7\u00f5es de captura. Essa redu\u00e7\u00e3o foi parcialmente compensada, na Cielo, pelo crescimento no volume capturado de transa\u00e7\u00f5es, da base de clientes ativos e das receitas na modalidade de pagamento em 2 dias, bem como pela expans\u00e3o dos neg\u00f3cios das controladas M4U e pelo da consolida\u00e7\u00e3o da controlada Stelo a partir do 4T18&#8243;.<\/p>\n<h2>Balan\u00e7o em queda<\/h2>\n<p>Por sua vez, a <a href=\"https:\/\/www.suno.com.br\/artigos\/receita-operacional\/\"><strong>receita operacional<\/strong><\/a> chegou a R$ 1.395,52 milh\u00f5es, contra os R$ 1.747,84 realizados no mesmo per\u00edodo do ano passado.<\/p>\n\t<p>\n\t\t<a href=\"https:\/\/lp.statusinvest.com.br\/ao\/assessoria-status-invest\/\" target=\"_blank\" data-element=\"shortcode-suno-banner\" title=\"Banner SUNO, clique e saiba mais\">\n\t\t\t<picture>\n\t\t\t\t<source media=\"(max-width: 500px)\" srcset=\"https:\/\/files.sunoresearch.com.br\/n\/uploads\/2024\/03\/400x300-Mobile-1.png\">\n\t\t\t\t<img class=\"newsContent__article__imgCapa newsContent__article__imgCapa--banner\"\n\t\t\t\t\tsrc=\"https:\/\/files.sunoresearch.com.br\/n\/uploads\/2024\/03\/1420-x-240-Desktop.png\"\n\t\t\t\t\tdata-promo-id=\"537299\"\t\t\t\t\t\t\t\t\t\twidth='1420' height='250'\t\t\t\t\talt=\"https:\/\/files.sunoresearch.com.br\/n\/uploads\/2024\/03\/1420-x-240-Desktop.png\"\n\t\t\t\t>\n\t\t\t<\/picture>\n\t\t<\/a>\n\t<\/p>\n\n\n<p>Al\u00e9m disso, os gastos da maior operadora brasileira de cr\u00e9dito e d\u00e9bito aumentaram 15,0%, alcan\u00e7ando R$ 2.357,3 milh\u00f5es no trimestre.<\/p>\n<p>O <strong><a href=\"https:\/\/www.suno.com.br\/artigos\/o-que-e-ebitda\/\">EBITDA<\/a><\/strong> (lucro antes de impostos, juros, deprecia\u00e7\u00e3o e amortiza\u00e7\u00e3o) diminuiu de 37,2%, para R$ 724,3 milh\u00f5es. No terceiro trimestre de 2018 esse n\u00famero tinha sido de R$ 428,6 milh\u00f5es.<\/p>\n<p>Por outro lado, o volume das transa\u00e7\u00f5es da <strong>Cielo<\/strong> aumentou 8,9% em compara\u00e7\u00e3o ao mesmo per\u00edodo de 2018 e registrou R$ 164,5 bilh\u00f5es.<\/p>\n","protected":false},"excerpt":{"rendered":"<p>A Cielo (CIEL3) anunciou, nesta ter\u00e7a-feira (05), que distribuir\u00e1 R$ 42 milh\u00f5es em juros sobre o capital pr\u00f3prio. O an\u00fancio foi feito por meio de comunicado enviado ao mercado. Cielo (CIEL3). &#8211; Foto: Divulga\u00e7\u00e3o O n\u00famero se junta a outros R$ 42 milh\u00f5es j\u00e1 aprovados e totalizam R$ 120,1 milh\u00f5es distribu\u00eddos em 2019 pela Cielo. [&hellip;]<\/p>\n","protected":false},"author":23,"featured_media":38318,"comment_status":"closed","ping_status":"closed","sticky":false,"template":"","format":"standard","meta":[],"categories":[64],"tags":[423,1957],"suno_strategy":[],"class_list":["post-43850","post","type-post","status-publish","format-standard","has-post-thumbnail","hentry","category-negocios","tag-cielo-ciel3","tag-juros-sobre-capital-proprio-jcp"],"yoast_head":"<!-- This site is optimized with the Yoast SEO plugin v24.4 - https:\/\/yoast.com\/wordpress\/plugins\/seo\/ -->\n<title>Cielo distribuir\u00e1 R$ 42 milh\u00f5es em juros sobre o capital pr\u00f3prio<\/title>\n<meta name=\"description\" content=\"A Cielo distribuir\u00e1 R$ 42 milh\u00f5es em juros sobre o capital pr\u00f3prio. O an\u00fancio foi feito por meio de comunicado. Clique aqui para mais.\" \/>\n<meta name=\"robots\" content=\"index, follow, max-snippet:-1, max-image-preview:large, max-video-preview:-1\" \/>\n<link rel=\"canonical\" href=\"https:\/\/www.suno.com.br\/noticias\/cielo-distribuira-milhoes-juros-capital-proprio\/\" \/>\n<meta property=\"og:locale\" content=\"pt_BR\" \/>\n<meta property=\"og:type\" content=\"article\" \/>\n<meta property=\"og:title\" content=\"Cielo distribuir\u00e1 R$ 42 milh\u00f5es em juros sobre o capital pr\u00f3prio\" \/>\n<meta property=\"og:description\" content=\"A Cielo distribuir\u00e1 R$ 42 milh\u00f5es em juros sobre o capital pr\u00f3prio. O an\u00fancio foi feito por meio de comunicado. Clique aqui para mais.\" \/>\n<meta property=\"og:url\" content=\"https:\/\/www.suno.com.br\/noticias\/cielo-distribuira-milhoes-juros-capital-proprio\/\" \/>\n<meta property=\"og:site_name\" content=\"Suno Not\u00edcias\" \/>\n<meta property=\"article:publisher\" content=\"https:\/\/facebook.com\/sunoresearch\" \/>\n<meta property=\"og:image\" content=\"https:\/\/files.sunoresearch.com.br\/n\/uploads\/2019\/09\/60fb7999-cielo.jpg\" \/>\n\t<meta property=\"og:image:width\" content=\"1920\" \/>\n\t<meta property=\"og:image:height\" content=\"1280\" \/>\n\t<meta property=\"og:image:type\" content=\"image\/jpeg\" \/>\n<meta name=\"author\" content=\"Rafael Lara\" \/>\n<meta name=\"twitter:card\" content=\"summary_large_image\" \/>\n<meta name=\"twitter:creator\" content=\"@sunoresearch\" \/>\n<meta name=\"twitter:site\" content=\"@sunoresearch\" \/>\n<meta name=\"twitter:label1\" content=\"Escrito por\" \/>\n\t<meta name=\"twitter:data1\" content=\"Rafael Lara\" \/>\n\t<meta name=\"twitter:label2\" content=\"Est. tempo de leitura\" \/>\n\t<meta name=\"twitter:data2\" content=\"2 minutos\" \/>\n<script type=\"application\/ld+json\" class=\"yoast-schema-graph\">{\"@context\":\"https:\/\/schema.org\",\"@graph\":[{\"@type\":\"NewsArticle\",\"@id\":\"https:\/\/www.suno.com.br\/noticias\/cielo-distribuira-milhoes-juros-capital-proprio\/#article\",\"isPartOf\":{\"@id\":\"https:\/\/www.suno.com.br\/noticias\/cielo-distribuira-milhoes-juros-capital-proprio\/\"},\"author\":{\"name\":\"Rafael Lara\",\"@id\":\"https:\/\/www.suno.com.br\/noticias\/#\/schema\/person\/098743caeed97b37f51315c9576c4078\"},\"headline\":\"Cielo distribuir\u00e1 R$ 42 milh\u00f5es em juros sobre o capital pr\u00f3prio\",\"datePublished\":\"2019-11-06T00:01:55+00:00\",\"mainEntityOfPage\":{\"@id\":\"https:\/\/www.suno.com.br\/noticias\/cielo-distribuira-milhoes-juros-capital-proprio\/\"},\"wordCount\":441,\"publisher\":{\"@id\":\"https:\/\/www.suno.com.br\/noticias\/#organization\"},\"image\":{\"@id\":\"https:\/\/www.suno.com.br\/noticias\/cielo-distribuira-milhoes-juros-capital-proprio\/#primaryimage\"},\"thumbnailUrl\":\"https:\/\/files.sunoresearch.com.br\/n\/uploads\/2019\/09\/60fb7999-cielo-jpg.webp\",\"keywords\":[\"Cielo (CIEL3)\",\"juros sobre capital pr\u00f3prio (JCP)\"],\"articleSection\":[\"Neg\u00f3cios\"],\"inLanguage\":\"pt-BR\"},{\"@type\":\"WebPage\",\"@id\":\"https:\/\/www.suno.com.br\/noticias\/cielo-distribuira-milhoes-juros-capital-proprio\/\",\"url\":\"https:\/\/www.suno.com.br\/noticias\/cielo-distribuira-milhoes-juros-capital-proprio\/\",\"name\":\"Cielo distribuir\u00e1 R$ 42 milh\u00f5es em juros sobre o capital pr\u00f3prio\",\"isPartOf\":{\"@id\":\"https:\/\/www.suno.com.br\/noticias\/#website\"},\"primaryImageOfPage\":{\"@id\":\"https:\/\/www.suno.com.br\/noticias\/cielo-distribuira-milhoes-juros-capital-proprio\/#primaryimage\"},\"image\":{\"@id\":\"https:\/\/www.suno.com.br\/noticias\/cielo-distribuira-milhoes-juros-capital-proprio\/#primaryimage\"},\"thumbnailUrl\":\"https:\/\/files.sunoresearch.com.br\/n\/uploads\/2019\/09\/60fb7999-cielo-jpg.webp\",\"datePublished\":\"2019-11-06T00:01:55+00:00\",\"description\":\"A Cielo distribuir\u00e1 R$ 42 milh\u00f5es em juros sobre o capital pr\u00f3prio. O an\u00fancio foi feito por meio de comunicado. Clique aqui para mais.\",\"breadcrumb\":{\"@id\":\"https:\/\/www.suno.com.br\/noticias\/cielo-distribuira-milhoes-juros-capital-proprio\/#breadcrumb\"},\"inLanguage\":\"pt-BR\",\"potentialAction\":[{\"@type\":\"ReadAction\",\"target\":[\"https:\/\/www.suno.com.br\/noticias\/cielo-distribuira-milhoes-juros-capital-proprio\/\"]}]},{\"@type\":\"ImageObject\",\"inLanguage\":\"pt-BR\",\"@id\":\"https:\/\/www.suno.com.br\/noticias\/cielo-distribuira-milhoes-juros-capital-proprio\/#primaryimage\",\"url\":\"https:\/\/files.sunoresearch.com.br\/n\/uploads\/2019\/09\/60fb7999-cielo-jpg.webp\",\"contentUrl\":\"https:\/\/files.sunoresearch.com.br\/n\/uploads\/2019\/09\/60fb7999-cielo-jpg.webp\",\"width\":1920,\"height\":1280,\"caption\":\"Cielo (CIEL3). - Foto: Divulga\u00e7\u00e3o\"},{\"@type\":\"BreadcrumbList\",\"@id\":\"https:\/\/www.suno.com.br\/noticias\/cielo-distribuira-milhoes-juros-capital-proprio\/#breadcrumb\",\"itemListElement\":[{\"@type\":\"ListItem\",\"position\":1,\"name\":\"Not\u00edcias\",\"item\":\"https:\/\/www.suno.com.br\/noticias\/\"},{\"@type\":\"ListItem\",\"position\":2,\"name\":\"Neg\u00f3cios\",\"item\":\"https:\/\/www.suno.com.br\/noticias\/negocios\/\"},{\"@type\":\"ListItem\",\"position\":3,\"name\":\"Cielo distribuir\u00e1 R$ 42 milh\u00f5es em juros sobre o capital pr\u00f3prio\"}]},{\"@type\":\"WebSite\",\"@id\":\"https:\/\/www.suno.com.br\/noticias\/#website\",\"url\":\"https:\/\/www.suno.com.br\/noticias\/\",\"name\":\"Suno Not\u00edcias\",\"description\":\"Seu portal de informa\u00e7\u00e3o sobre o mundo dos investimentos\",\"publisher\":{\"@id\":\"https:\/\/www.suno.com.br\/noticias\/#organization\"},\"potentialAction\":[{\"@type\":\"SearchAction\",\"target\":{\"@type\":\"EntryPoint\",\"urlTemplate\":\"https:\/\/www.suno.com.br\/noticias\/?s={search_term_string}\"},\"query-input\":{\"@type\":\"PropertyValueSpecification\",\"valueRequired\":true,\"valueName\":\"search_term_string\"}}],\"inLanguage\":\"pt-BR\"},{\"@type\":\"Organization\",\"@id\":\"https:\/\/www.suno.com.br\/noticias\/#organization\",\"name\":\"Suno Not\u00edcias\",\"url\":\"https:\/\/www.suno.com.br\/noticias\/\",\"logo\":{\"@type\":\"ImageObject\",\"inLanguage\":\"pt-BR\",\"@id\":\"https:\/\/www.suno.com.br\/noticias\/#\/schema\/logo\/image\/\",\"url\":\"https:\/\/files.sunoresearch.com.br\/n\/uploads\/2021\/09\/suno-logo.png\",\"contentUrl\":\"https:\/\/files.sunoresearch.com.br\/n\/uploads\/2021\/09\/suno-logo.png\",\"width\":180,\"height\":180,\"caption\":\"Suno Not\u00edcias\"},\"image\":{\"@id\":\"https:\/\/www.suno.com.br\/noticias\/#\/schema\/logo\/image\/\"},\"sameAs\":[\"https:\/\/facebook.com\/sunoresearch\",\"https:\/\/x.com\/sunoresearch\",\"https:\/\/www.instagram.com\/suno\",\"https:\/\/www.linkedin.com\/company\/suno-research\/\",\"https:\/\/www.youtube.com\/c\/sunoresearch\"]},{\"@type\":\"Person\",\"@id\":\"https:\/\/www.suno.com.br\/noticias\/#\/schema\/person\/098743caeed97b37f51315c9576c4078\",\"name\":\"Rafael Lara\",\"image\":{\"@type\":\"ImageObject\",\"inLanguage\":\"pt-BR\",\"@id\":\"https:\/\/www.suno.com.br\/noticias\/#\/schema\/person\/image\/\",\"url\":\"https:\/\/secure.gravatar.com\/avatar\/dfc254ab9bb2ea1895d98b9e9dae4bdd?s=96&r=g\",\"contentUrl\":\"https:\/\/secure.gravatar.com\/avatar\/dfc254ab9bb2ea1895d98b9e9dae4bdd?s=96&r=g\",\"caption\":\"Rafael Lara\"},\"description\":\"Rafael Lara cursa jornalismo na Faculdade C\u00e1sper L\u00edbero. Escreve sobre pol\u00edtica, economia e neg\u00f3cios para o portal Suno Not\u00edcias. Antes, colaborou na TV Gazeta na produ\u00e7\u00e3o do programa Edi\u00e7\u00e3o Extra.\",\"url\":\"https:\/\/www.suno.com.br\/noticias\/author\/rafael\/\"}]}<\/script>\n<!-- \/ Yoast SEO plugin. -->","yoast_head_json":{"title":"Cielo distribuir\u00e1 R$ 42 milh\u00f5es em juros sobre o capital pr\u00f3prio","description":"A Cielo distribuir\u00e1 R$ 42 milh\u00f5es em juros sobre o capital pr\u00f3prio. O an\u00fancio foi feito por meio de comunicado. Clique aqui para mais.","robots":{"index":"index","follow":"follow","max-snippet":"max-snippet:-1","max-image-preview":"max-image-preview:large","max-video-preview":"max-video-preview:-1"},"canonical":"https:\/\/www.suno.com.br\/noticias\/cielo-distribuira-milhoes-juros-capital-proprio\/","og_locale":"pt_BR","og_type":"article","og_title":"Cielo distribuir\u00e1 R$ 42 milh\u00f5es em juros sobre o capital pr\u00f3prio","og_description":"A Cielo distribuir\u00e1 R$ 42 milh\u00f5es em juros sobre o capital pr\u00f3prio. O an\u00fancio foi feito por meio de comunicado. Clique aqui para mais.","og_url":"https:\/\/www.suno.com.br\/noticias\/cielo-distribuira-milhoes-juros-capital-proprio\/","og_site_name":"Suno Not\u00edcias","article_publisher":"https:\/\/facebook.com\/sunoresearch","og_image":[{"width":1920,"height":1280,"url":"https:\/\/files.sunoresearch.com.br\/n\/uploads\/2019\/09\/60fb7999-cielo.jpg","type":"image\/jpeg"}],"author":"Rafael Lara","twitter_card":"summary_large_image","twitter_creator":"@sunoresearch","twitter_site":"@sunoresearch","twitter_misc":{"Escrito por":"Rafael Lara","Est. tempo de leitura":"2 minutos"},"schema":{"@context":"https:\/\/schema.org","@graph":[{"@type":"NewsArticle","@id":"https:\/\/www.suno.com.br\/noticias\/cielo-distribuira-milhoes-juros-capital-proprio\/#article","isPartOf":{"@id":"https:\/\/www.suno.com.br\/noticias\/cielo-distribuira-milhoes-juros-capital-proprio\/"},"author":{"name":"Rafael Lara","@id":"https:\/\/www.suno.com.br\/noticias\/#\/schema\/person\/098743caeed97b37f51315c9576c4078"},"headline":"Cielo distribuir\u00e1 R$ 42 milh\u00f5es em juros sobre o capital pr\u00f3prio","datePublished":"2019-11-06T00:01:55+00:00","mainEntityOfPage":{"@id":"https:\/\/www.suno.com.br\/noticias\/cielo-distribuira-milhoes-juros-capital-proprio\/"},"wordCount":441,"publisher":{"@id":"https:\/\/www.suno.com.br\/noticias\/#organization"},"image":{"@id":"https:\/\/www.suno.com.br\/noticias\/cielo-distribuira-milhoes-juros-capital-proprio\/#primaryimage"},"thumbnailUrl":"https:\/\/files.sunoresearch.com.br\/n\/uploads\/2019\/09\/60fb7999-cielo-jpg.webp","keywords":["Cielo (CIEL3)","juros sobre capital pr\u00f3prio (JCP)"],"articleSection":["Neg\u00f3cios"],"inLanguage":"pt-BR"},{"@type":"WebPage","@id":"https:\/\/www.suno.com.br\/noticias\/cielo-distribuira-milhoes-juros-capital-proprio\/","url":"https:\/\/www.suno.com.br\/noticias\/cielo-distribuira-milhoes-juros-capital-proprio\/","name":"Cielo distribuir\u00e1 R$ 42 milh\u00f5es em juros sobre o capital pr\u00f3prio","isPartOf":{"@id":"https:\/\/www.suno.com.br\/noticias\/#website"},"primaryImageOfPage":{"@id":"https:\/\/www.suno.com.br\/noticias\/cielo-distribuira-milhoes-juros-capital-proprio\/#primaryimage"},"image":{"@id":"https:\/\/www.suno.com.br\/noticias\/cielo-distribuira-milhoes-juros-capital-proprio\/#primaryimage"},"thumbnailUrl":"https:\/\/files.sunoresearch.com.br\/n\/uploads\/2019\/09\/60fb7999-cielo-jpg.webp","datePublished":"2019-11-06T00:01:55+00:00","description":"A Cielo distribuir\u00e1 R$ 42 milh\u00f5es em juros sobre o capital pr\u00f3prio. O an\u00fancio foi feito por meio de comunicado. Clique aqui para mais.","breadcrumb":{"@id":"https:\/\/www.suno.com.br\/noticias\/cielo-distribuira-milhoes-juros-capital-proprio\/#breadcrumb"},"inLanguage":"pt-BR","potentialAction":[{"@type":"ReadAction","target":["https:\/\/www.suno.com.br\/noticias\/cielo-distribuira-milhoes-juros-capital-proprio\/"]}]},{"@type":"ImageObject","inLanguage":"pt-BR","@id":"https:\/\/www.suno.com.br\/noticias\/cielo-distribuira-milhoes-juros-capital-proprio\/#primaryimage","url":"https:\/\/files.sunoresearch.com.br\/n\/uploads\/2019\/09\/60fb7999-cielo-jpg.webp","contentUrl":"https:\/\/files.sunoresearch.com.br\/n\/uploads\/2019\/09\/60fb7999-cielo-jpg.webp","width":1920,"height":1280,"caption":"Cielo (CIEL3). - Foto: Divulga\u00e7\u00e3o"},{"@type":"BreadcrumbList","@id":"https:\/\/www.suno.com.br\/noticias\/cielo-distribuira-milhoes-juros-capital-proprio\/#breadcrumb","itemListElement":[{"@type":"ListItem","position":1,"name":"Not\u00edcias","item":"https:\/\/www.suno.com.br\/noticias\/"},{"@type":"ListItem","position":2,"name":"Neg\u00f3cios","item":"https:\/\/www.suno.com.br\/noticias\/negocios\/"},{"@type":"ListItem","position":3,"name":"Cielo distribuir\u00e1 R$ 42 milh\u00f5es em juros sobre o capital pr\u00f3prio"}]},{"@type":"WebSite","@id":"https:\/\/www.suno.com.br\/noticias\/#website","url":"https:\/\/www.suno.com.br\/noticias\/","name":"Suno Not\u00edcias","description":"Seu portal de informa\u00e7\u00e3o sobre o mundo dos investimentos","publisher":{"@id":"https:\/\/www.suno.com.br\/noticias\/#organization"},"potentialAction":[{"@type":"SearchAction","target":{"@type":"EntryPoint","urlTemplate":"https:\/\/www.suno.com.br\/noticias\/?s={search_term_string}"},"query-input":{"@type":"PropertyValueSpecification","valueRequired":true,"valueName":"search_term_string"}}],"inLanguage":"pt-BR"},{"@type":"Organization","@id":"https:\/\/www.suno.com.br\/noticias\/#organization","name":"Suno Not\u00edcias","url":"https:\/\/www.suno.com.br\/noticias\/","logo":{"@type":"ImageObject","inLanguage":"pt-BR","@id":"https:\/\/www.suno.com.br\/noticias\/#\/schema\/logo\/image\/","url":"https:\/\/files.sunoresearch.com.br\/n\/uploads\/2021\/09\/suno-logo.png","contentUrl":"https:\/\/files.sunoresearch.com.br\/n\/uploads\/2021\/09\/suno-logo.png","width":180,"height":180,"caption":"Suno Not\u00edcias"},"image":{"@id":"https:\/\/www.suno.com.br\/noticias\/#\/schema\/logo\/image\/"},"sameAs":["https:\/\/facebook.com\/sunoresearch","https:\/\/x.com\/sunoresearch","https:\/\/www.instagram.com\/suno","https:\/\/www.linkedin.com\/company\/suno-research\/","https:\/\/www.youtube.com\/c\/sunoresearch"]},{"@type":"Person","@id":"https:\/\/www.suno.com.br\/noticias\/#\/schema\/person\/098743caeed97b37f51315c9576c4078","name":"Rafael Lara","image":{"@type":"ImageObject","inLanguage":"pt-BR","@id":"https:\/\/www.suno.com.br\/noticias\/#\/schema\/person\/image\/","url":"https:\/\/secure.gravatar.com\/avatar\/dfc254ab9bb2ea1895d98b9e9dae4bdd?s=96&r=g","contentUrl":"https:\/\/secure.gravatar.com\/avatar\/dfc254ab9bb2ea1895d98b9e9dae4bdd?s=96&r=g","caption":"Rafael Lara"},"description":"Rafael Lara cursa jornalismo na Faculdade C\u00e1sper L\u00edbero. Escreve sobre pol\u00edtica, economia e neg\u00f3cios para o portal Suno Not\u00edcias. Antes, colaborou na TV Gazeta na produ\u00e7\u00e3o do programa Edi\u00e7\u00e3o Extra.","url":"https:\/\/www.suno.com.br\/noticias\/author\/rafael\/"}]}},"default_loop_html":"<div class=\"cardsPage__listCard__boxs\"><div class=\"cardsPage__listCard__boxs__img\"><a href=\"https:\/\/www.suno.com.br\/noticias\/cielo-distribuira-milhoes-juros-capital-proprio\/\"><img class=\"mask\" src=\"https:\/\/www.suno.com.br\/noticias\/wp-content\/themes\/suno\/resources\/images\/spotlight\/spotlight1img\/bg-mask.png\" alt=\"Image Mask\"\/><img src=\"https:\/\/files.sunoresearch.com.br\/n\/uploads\/2019\/09\/60fb7999-cielo-400x200.webp\" alt=\"Cielo distribuir\u00e1 R$ 42 milh\u00f5es em juros sobre o capital pr\u00f3prio\"\/><\/a><span class=\"spotlightCategory\"><a href=\"https:\/\/www.suno.com.br\/noticias\/negocios\/\">Neg\u00f3cios<\/a><\/span><\/div><div class=\"cardsPage__listCard__boxs__content\"><a href=\"https:\/\/www.suno.com.br\/noticias\/cielo-distribuira-milhoes-juros-capital-proprio\/\"><h2 class=\"content__title\">Cielo distribuir\u00e1 R$ 42 milh\u00f5es em juros sobre o capital pr\u00f3prio<\/h2><\/a><div class=\"newsContent__article__meta\"><div class=\"newsContent__article__meta__authorBox\"><a href=\"https:\/\/www.suno.com.br\/noticias\/author\/rafael\/\" class=\"authorBox__avatar noMobi\"><img src=\"https:\/\/secure.gravatar.com\/avatar\/dfc254ab9bb2ea1895d98b9e9dae4bdd?s=96&#038;r=g\" alt=\"Rafael Lara\"><\/a><div class=\"authorBox__name\"><span>por\n\t\t\t<a href=\"https:\/\/www.suno.com.br\/noticias\/author\/rafael\/\"><span itemprop=\"author\">Rafael Lara<\/span><\/a><\/span><time datetime=\"2019-11-05T22:01:55-03:00\" itemprop=\"datePublished\">05\/11\/2019 22:01<\/time><\/div><\/div><\/div><\/div><\/div>","single_layout":"posts","amp_enabled":true,"_links":{"self":[{"href":"https:\/\/www.suno.com.br\/noticias\/wp-json\/wp\/v2\/posts\/43850"}],"collection":[{"href":"https:\/\/www.suno.com.br\/noticias\/wp-json\/wp\/v2\/posts"}],"about":[{"href":"https:\/\/www.suno.com.br\/noticias\/wp-json\/wp\/v2\/types\/post"}],"author":[{"embeddable":true,"href":"https:\/\/www.suno.com.br\/noticias\/wp-json\/wp\/v2\/users\/23"}],"replies":[{"embeddable":true,"href":"https:\/\/www.suno.com.br\/noticias\/wp-json\/wp\/v2\/comments?post=43850"}],"version-history":[{"count":0,"href":"https:\/\/www.suno.com.br\/noticias\/wp-json\/wp\/v2\/posts\/43850\/revisions"}],"wp:featuredmedia":[{"embeddable":true,"href":"https:\/\/www.suno.com.br\/noticias\/wp-json\/wp\/v2\/media\/38318"}],"wp:attachment":[{"href":"https:\/\/www.suno.com.br\/noticias\/wp-json\/wp\/v2\/media?parent=43850"}],"wp:term":[{"taxonomy":"category","embeddable":true,"href":"https:\/\/www.suno.com.br\/noticias\/wp-json\/wp\/v2\/categories?post=43850"},{"taxonomy":"post_tag","embeddable":true,"href":"https:\/\/www.suno.com.br\/noticias\/wp-json\/wp\/v2\/tags?post=43850"},{"taxonomy":"suno_strategy","embeddable":true,"href":"https:\/\/www.suno.com.br\/noticias\/wp-json\/wp\/v2\/suno_strategy?post=43850"}],"curies":[{"name":"wp","href":"https:\/\/api.w.org\/{rel}","templated":true}]}}