{"id":43813,"date":"2019-11-05T18:12:08","date_gmt":"2019-11-05T20:12:08","guid":{"rendered":"https:\/\/www.suno.com.br\/noticias\/?p=43813"},"modified":"2019-11-18T16:44:24","modified_gmt":"2019-11-18T18:44:24","slug":"eletrobras-privatizacao-oferta-secundaria","status":"publish","type":"post","link":"https:\/\/www.suno.com.br\/noticias\/eletrobras-privatizacao-oferta-secundaria\/","title":{"rendered":"Eletrobras: Privatiza\u00e7\u00e3o pode envolver oferta secund\u00e1ria, afirma minist\u00e9rio"},"content":{"rendered":"<p>A <strong>secret\u00e1ria-executiva<\/strong> do <strong>Minist\u00e9rio de Minas e<\/strong> <strong>Energia<\/strong>,<strong> Marisete Pereira<\/strong>, disse nesta ter\u00e7a-feira (5) que o projeto do <strong>Governo Federal<\/strong> para a privatiza\u00e7\u00e3o da Eletrobras (ELET3; ELET6) pode envolver uma oferta secund\u00e1ria.<\/p>\t<div class=\"wrapper-featured-image\">\n\t\t<figure class=\"spotlightImg\">\n\n\t\t\t<picture>\n\t\t\t\t<source media=\"(max-width: 768px)\" srcset=\"https:\/\/files.sunoresearch.com.br\/n\/uploads\/2019\/07\/68f86aaa-eletrobras-400x200.webp\">\n\t\t\t\t<img loading=\"lazy\" decoding=\"async\" class=\"newsContent__article__imgCapa lazyloadDisabled newsContent__article__imgCapa--noCaption\" src=\"https:\/\/files.sunoresearch.com.br\/n\/uploads\/2019\/07\/68f86aaa-eletrobras-800x450.webp\" width=\"800\" height=\"450\" alt=\"Eletrobras: Privatiza\u00e7\u00e3o pode envolver oferta secund\u00e1ria, afirma minist\u00e9rio\" fetchpriority=high \/>\n\t\t\t<\/picture>\n\n\t\t\t<figcaption class=\"wp-caption-text wp-caption-text--hide\">Eletrobras <\/figcaption>\n\t\t<\/figure>\n\t<\/div>\n\n\n\n<p>A possibilidade, segundo Pereira, est\u00e1 prevista em projeto de lei sobre a desestatiza\u00e7\u00e3o da <strong>Eletrobras<\/strong> que deve assinado nesta ter\u00e7a pelo presidente <strong>Jair Bolsonaro<\/strong> para ser enviado ao <strong>Congresso Nacional<\/strong>.<\/p>\n<p>Segundo a <strong>secret\u00e1ria-executiva,<\/strong> o pagamento \u00e0 <strong>Uni\u00e3o<\/strong> equivaler\u00e1 a cerca de dois ter\u00e7os do benef\u00edcio econ\u00f4mico estimado para a <strong>Eletrobras<\/strong> com a mudan\u00e7a contratual nas hidrel\u00e9tricas, que atualmente vendem a produ\u00e7\u00e3o a pre\u00e7os regulados e abaixo do mercado.<\/p>\n<p>Por conta disso, a oferta de a\u00e7\u00f5es na capitaliza\u00e7\u00e3o da <strong>Eletrobras<\/strong> envolver\u00e1 um total de, aproximadamente, R$ 24 bilh\u00f5es, apesar a secret\u00e1ria tenha salientado que esse n\u00e3o \u00e9 o valor exato, por conta de que alguns custos ser\u00e3o trazidos a valor presente da hora da defini\u00e7\u00e3o do montante.<\/p>\n<p><strong>Pereira<\/strong> afirmou que: \u201cEsse \u00e9 o primeiro movimento que ser\u00e1 feito. Agora, se o mercado tiver apetite, a emiss\u00e3o pode ser superior a esse montante. Tudo vai depender do momento em que se far\u00e1 a emiss\u00e3o e obviamente das premissas para o c\u00e1lculo\u201d.<\/p>\n<p>A secret\u00e1ria-executiva salientou ainda que o projeto de lei incluir\u00e1 a possibilidade de uma oferta secund\u00e1ria de a\u00e7\u00f5es, na qual <strong>Uni\u00e3o<\/strong>, <a href=\"https:\/\/www.suno.com.br\/noticias\/tags\/bndes\/\"><strong>BNDES <\/strong><\/a>e &#8220;outros entes&#8221; poderiam tamb\u00e9m colocar pap\u00e9is \u00e0 venda &#8220;num segundo momento&#8221;.<\/p>\n<h2>Bolsonaro assinar\u00e1 projeto de lei para privatizar a Eletrobras<\/h2>\n<p>O presidente <strong>Jair Bolsonaro<\/strong>, nesta ter\u00e7a, ir\u00e1 assinar o projeto de lei que estabelece as medidas para a <strong>privatiza\u00e7\u00e3o<\/strong> da Eletrobras (<strong>ELET3<\/strong>; <strong>ELET6<\/strong>). O texto ser\u00e1 ratificado durante o evento que comemora os 300 dias do governo, no Pal\u00e1cio do Planalto.<\/p>\n\n<p>A privatiza\u00e7\u00e3o da <strong>Eletrobras<\/strong>, segundo a estimativa do governo, pode levantar R$ 16,2 bilh\u00f5es, ocorrendo em 2020. O montante j\u00e1 consta no <strong>Or\u00e7amento<\/strong> do pr\u00f3ximo ano. A estatal, em comunicado ao mercado, confirmou a assinatura do texto e disse que o processo &#8220;dever\u00e1 cumprir todo o rito legislativo at\u00e9 a sua promulga\u00e7\u00e3o&#8221;.<\/p>\n<p><a href=\"https:\/\/www.suno.com.br\/noticias\/bolsonaro-assinara-projeto-de-lei-privatizacao-eletrobras\/\">Saiba mais: Bolsonaro assinar\u00e1 projeto de lei para a privatiza\u00e7\u00e3o da Eletrobras<\/a><\/p>\n<p>Ap\u00f3s a <strong>Eletrobras<\/strong> ser retirada do <strong>Programa Nacional de Desestatiza\u00e7\u00e3o (PND)<\/strong>, o governo procura o apoio de deputados e senadores para que a empresa volte ao programa. Ademais, o <strong>Supremo Tribunal Federal (STF)<\/strong> estabeleceu que a venda do controle das estatais deve ser submetida ao Legislativo.<\/p>\n","protected":false},"excerpt":{"rendered":"<p>A secret\u00e1ria-executiva do Minist\u00e9rio de Minas e Energia, Marisete Pereira, disse nesta ter\u00e7a-feira (5) que o projeto do Governo Federal para a privatiza\u00e7\u00e3o da Eletrobras (ELET3; ELET6) pode envolver uma oferta secund\u00e1ria. Eletrobras A possibilidade, segundo Pereira, est\u00e1 prevista em projeto de lei sobre a desestatiza\u00e7\u00e3o da Eletrobras que deve assinado nesta ter\u00e7a pelo presidente [&hellip;]<\/p>\n","protected":false},"author":23,"featured_media":29680,"comment_status":"closed","ping_status":"closed","sticky":false,"template":"","format":"standard","meta":[],"categories":[64],"tags":[455,1227],"suno_strategy":[],"class_list":["post-43813","post","type-post","status-publish","format-standard","has-post-thumbnail","hentry","category-negocios","tag-eletrobras-elet3-elet5-elet6","tag-ministerio-de-minas-e-energia"],"yoast_head":"<!-- This site is optimized with the Yoast SEO plugin v24.4 - https:\/\/yoast.com\/wordpress\/plugins\/seo\/ -->\n<title>Eletrobras: Privatiza\u00e7\u00e3o pode envolver oferta secund\u00e1ria, afirma minist\u00e9rio<\/title>\n<meta name=\"description\" content=\"O Minist\u00e9rio de Minas e Energia disse que o projeto para a privatiza\u00e7\u00e3o da Eletrobras pode envolver uma oferta secund\u00e1ria. Clique para mais.\" \/>\n<meta name=\"robots\" content=\"index, follow, max-snippet:-1, max-image-preview:large, max-video-preview:-1\" \/>\n<link rel=\"canonical\" href=\"https:\/\/www.suno.com.br\/noticias\/eletrobras-privatizacao-oferta-secundaria\/\" \/>\n<meta property=\"og:locale\" content=\"pt_BR\" \/>\n<meta property=\"og:type\" content=\"article\" \/>\n<meta property=\"og:title\" content=\"Eletrobras: Privatiza\u00e7\u00e3o pode envolver oferta secund\u00e1ria, afirma minist\u00e9rio\" \/>\n<meta property=\"og:description\" content=\"O Minist\u00e9rio de Minas e Energia disse que o projeto para a privatiza\u00e7\u00e3o da Eletrobras pode envolver uma oferta secund\u00e1ria. Clique para mais.\" \/>\n<meta property=\"og:url\" content=\"https:\/\/www.suno.com.br\/noticias\/eletrobras-privatizacao-oferta-secundaria\/\" \/>\n<meta property=\"og:site_name\" content=\"Suno Not\u00edcias\" \/>\n<meta property=\"article:publisher\" content=\"https:\/\/facebook.com\/sunoresearch\" \/>\n<meta property=\"og:image\" content=\"https:\/\/files.sunoresearch.com.br\/n\/uploads\/2019\/07\/68f86aaa-eletrobras.jpeg\" \/>\n\t<meta property=\"og:image:width\" content=\"868\" \/>\n\t<meta property=\"og:image:height\" content=\"644\" \/>\n\t<meta property=\"og:image:type\" content=\"image\/jpeg\" \/>\n<meta name=\"author\" content=\"Rafael Lara\" \/>\n<meta name=\"twitter:card\" content=\"summary_large_image\" \/>\n<meta name=\"twitter:creator\" content=\"@sunoresearch\" \/>\n<meta name=\"twitter:site\" content=\"@sunoresearch\" \/>\n<meta name=\"twitter:label1\" content=\"Escrito por\" \/>\n\t<meta name=\"twitter:data1\" content=\"Rafael Lara\" \/>\n\t<meta name=\"twitter:label2\" content=\"Est. tempo de leitura\" \/>\n\t<meta name=\"twitter:data2\" content=\"2 minutos\" \/>\n<script type=\"application\/ld+json\" class=\"yoast-schema-graph\">{\"@context\":\"https:\/\/schema.org\",\"@graph\":[{\"@type\":\"NewsArticle\",\"@id\":\"https:\/\/www.suno.com.br\/noticias\/eletrobras-privatizacao-oferta-secundaria\/#article\",\"isPartOf\":{\"@id\":\"https:\/\/www.suno.com.br\/noticias\/eletrobras-privatizacao-oferta-secundaria\/\"},\"author\":{\"name\":\"Rafael Lara\",\"@id\":\"https:\/\/www.suno.com.br\/noticias\/#\/schema\/person\/098743caeed97b37f51315c9576c4078\"},\"headline\":\"Eletrobras: Privatiza\u00e7\u00e3o pode envolver oferta secund\u00e1ria, afirma minist\u00e9rio\",\"datePublished\":\"2019-11-05T20:12:08+00:00\",\"dateModified\":\"2019-11-18T18:44:24+00:00\",\"mainEntityOfPage\":{\"@id\":\"https:\/\/www.suno.com.br\/noticias\/eletrobras-privatizacao-oferta-secundaria\/\"},\"wordCount\":434,\"publisher\":{\"@id\":\"https:\/\/www.suno.com.br\/noticias\/#organization\"},\"image\":{\"@id\":\"https:\/\/www.suno.com.br\/noticias\/eletrobras-privatizacao-oferta-secundaria\/#primaryimage\"},\"thumbnailUrl\":\"https:\/\/files.sunoresearch.com.br\/n\/uploads\/2019\/07\/68f86aaa-eletrobras-jpeg.webp\",\"keywords\":[\"Eletrobras (ELET3\/ELET5\/ELET6)\",\"Minist\u00e9rio de Minas e Energia\"],\"articleSection\":[\"Neg\u00f3cios\"],\"inLanguage\":\"pt-BR\"},{\"@type\":\"WebPage\",\"@id\":\"https:\/\/www.suno.com.br\/noticias\/eletrobras-privatizacao-oferta-secundaria\/\",\"url\":\"https:\/\/www.suno.com.br\/noticias\/eletrobras-privatizacao-oferta-secundaria\/\",\"name\":\"Eletrobras: Privatiza\u00e7\u00e3o pode envolver oferta secund\u00e1ria, afirma minist\u00e9rio\",\"isPartOf\":{\"@id\":\"https:\/\/www.suno.com.br\/noticias\/#website\"},\"primaryImageOfPage\":{\"@id\":\"https:\/\/www.suno.com.br\/noticias\/eletrobras-privatizacao-oferta-secundaria\/#primaryimage\"},\"image\":{\"@id\":\"https:\/\/www.suno.com.br\/noticias\/eletrobras-privatizacao-oferta-secundaria\/#primaryimage\"},\"thumbnailUrl\":\"https:\/\/files.sunoresearch.com.br\/n\/uploads\/2019\/07\/68f86aaa-eletrobras-jpeg.webp\",\"datePublished\":\"2019-11-05T20:12:08+00:00\",\"dateModified\":\"2019-11-18T18:44:24+00:00\",\"description\":\"O Minist\u00e9rio de Minas e Energia disse que o projeto para a privatiza\u00e7\u00e3o da Eletrobras pode envolver uma oferta secund\u00e1ria. Clique para mais.\",\"breadcrumb\":{\"@id\":\"https:\/\/www.suno.com.br\/noticias\/eletrobras-privatizacao-oferta-secundaria\/#breadcrumb\"},\"inLanguage\":\"pt-BR\",\"potentialAction\":[{\"@type\":\"ReadAction\",\"target\":[\"https:\/\/www.suno.com.br\/noticias\/eletrobras-privatizacao-oferta-secundaria\/\"]}]},{\"@type\":\"ImageObject\",\"inLanguage\":\"pt-BR\",\"@id\":\"https:\/\/www.suno.com.br\/noticias\/eletrobras-privatizacao-oferta-secundaria\/#primaryimage\",\"url\":\"https:\/\/files.sunoresearch.com.br\/n\/uploads\/2019\/07\/68f86aaa-eletrobras-jpeg.webp\",\"contentUrl\":\"https:\/\/files.sunoresearch.com.br\/n\/uploads\/2019\/07\/68f86aaa-eletrobras-jpeg.webp\",\"width\":868,\"height\":644,\"caption\":\"Eletrobras\"},{\"@type\":\"BreadcrumbList\",\"@id\":\"https:\/\/www.suno.com.br\/noticias\/eletrobras-privatizacao-oferta-secundaria\/#breadcrumb\",\"itemListElement\":[{\"@type\":\"ListItem\",\"position\":1,\"name\":\"Not\u00edcias\",\"item\":\"https:\/\/www.suno.com.br\/noticias\/\"},{\"@type\":\"ListItem\",\"position\":2,\"name\":\"Neg\u00f3cios\",\"item\":\"https:\/\/www.suno.com.br\/noticias\/negocios\/\"},{\"@type\":\"ListItem\",\"position\":3,\"name\":\"Eletrobras: Privatiza\u00e7\u00e3o pode envolver oferta secund\u00e1ria, afirma minist\u00e9rio\"}]},{\"@type\":\"WebSite\",\"@id\":\"https:\/\/www.suno.com.br\/noticias\/#website\",\"url\":\"https:\/\/www.suno.com.br\/noticias\/\",\"name\":\"Suno Not\u00edcias\",\"description\":\"Seu portal de informa\u00e7\u00e3o sobre o mundo dos investimentos\",\"publisher\":{\"@id\":\"https:\/\/www.suno.com.br\/noticias\/#organization\"},\"potentialAction\":[{\"@type\":\"SearchAction\",\"target\":{\"@type\":\"EntryPoint\",\"urlTemplate\":\"https:\/\/www.suno.com.br\/noticias\/?s={search_term_string}\"},\"query-input\":{\"@type\":\"PropertyValueSpecification\",\"valueRequired\":true,\"valueName\":\"search_term_string\"}}],\"inLanguage\":\"pt-BR\"},{\"@type\":\"Organization\",\"@id\":\"https:\/\/www.suno.com.br\/noticias\/#organization\",\"name\":\"Suno Not\u00edcias\",\"url\":\"https:\/\/www.suno.com.br\/noticias\/\",\"logo\":{\"@type\":\"ImageObject\",\"inLanguage\":\"pt-BR\",\"@id\":\"https:\/\/www.suno.com.br\/noticias\/#\/schema\/logo\/image\/\",\"url\":\"https:\/\/files.sunoresearch.com.br\/n\/uploads\/2021\/09\/suno-logo.png\",\"contentUrl\":\"https:\/\/files.sunoresearch.com.br\/n\/uploads\/2021\/09\/suno-logo.png\",\"width\":180,\"height\":180,\"caption\":\"Suno Not\u00edcias\"},\"image\":{\"@id\":\"https:\/\/www.suno.com.br\/noticias\/#\/schema\/logo\/image\/\"},\"sameAs\":[\"https:\/\/facebook.com\/sunoresearch\",\"https:\/\/x.com\/sunoresearch\",\"https:\/\/www.instagram.com\/suno\",\"https:\/\/www.linkedin.com\/company\/suno-research\/\",\"https:\/\/www.youtube.com\/c\/sunoresearch\"]},{\"@type\":\"Person\",\"@id\":\"https:\/\/www.suno.com.br\/noticias\/#\/schema\/person\/098743caeed97b37f51315c9576c4078\",\"name\":\"Rafael Lara\",\"image\":{\"@type\":\"ImageObject\",\"inLanguage\":\"pt-BR\",\"@id\":\"https:\/\/www.suno.com.br\/noticias\/#\/schema\/person\/image\/\",\"url\":\"https:\/\/secure.gravatar.com\/avatar\/dfc254ab9bb2ea1895d98b9e9dae4bdd?s=96&r=g\",\"contentUrl\":\"https:\/\/secure.gravatar.com\/avatar\/dfc254ab9bb2ea1895d98b9e9dae4bdd?s=96&r=g\",\"caption\":\"Rafael Lara\"},\"description\":\"Rafael Lara cursa jornalismo na Faculdade C\u00e1sper L\u00edbero. Escreve sobre pol\u00edtica, economia e neg\u00f3cios para o portal Suno Not\u00edcias. Antes, colaborou na TV Gazeta na produ\u00e7\u00e3o do programa Edi\u00e7\u00e3o Extra.\",\"url\":\"https:\/\/www.suno.com.br\/noticias\/author\/rafael\/\"}]}<\/script>\n<!-- \/ Yoast SEO plugin. -->","yoast_head_json":{"title":"Eletrobras: Privatiza\u00e7\u00e3o pode envolver oferta secund\u00e1ria, afirma minist\u00e9rio","description":"O Minist\u00e9rio de Minas e Energia disse que o projeto para a privatiza\u00e7\u00e3o da Eletrobras pode envolver uma oferta secund\u00e1ria. Clique para mais.","robots":{"index":"index","follow":"follow","max-snippet":"max-snippet:-1","max-image-preview":"max-image-preview:large","max-video-preview":"max-video-preview:-1"},"canonical":"https:\/\/www.suno.com.br\/noticias\/eletrobras-privatizacao-oferta-secundaria\/","og_locale":"pt_BR","og_type":"article","og_title":"Eletrobras: Privatiza\u00e7\u00e3o pode envolver oferta secund\u00e1ria, afirma minist\u00e9rio","og_description":"O Minist\u00e9rio de Minas e Energia disse que o projeto para a privatiza\u00e7\u00e3o da Eletrobras pode envolver uma oferta secund\u00e1ria. Clique para mais.","og_url":"https:\/\/www.suno.com.br\/noticias\/eletrobras-privatizacao-oferta-secundaria\/","og_site_name":"Suno Not\u00edcias","article_publisher":"https:\/\/facebook.com\/sunoresearch","og_image":[{"width":868,"height":644,"url":"https:\/\/files.sunoresearch.com.br\/n\/uploads\/2019\/07\/68f86aaa-eletrobras.jpeg","type":"image\/jpeg"}],"author":"Rafael Lara","twitter_card":"summary_large_image","twitter_creator":"@sunoresearch","twitter_site":"@sunoresearch","twitter_misc":{"Escrito por":"Rafael Lara","Est. tempo de leitura":"2 minutos"},"schema":{"@context":"https:\/\/schema.org","@graph":[{"@type":"NewsArticle","@id":"https:\/\/www.suno.com.br\/noticias\/eletrobras-privatizacao-oferta-secundaria\/#article","isPartOf":{"@id":"https:\/\/www.suno.com.br\/noticias\/eletrobras-privatizacao-oferta-secundaria\/"},"author":{"name":"Rafael Lara","@id":"https:\/\/www.suno.com.br\/noticias\/#\/schema\/person\/098743caeed97b37f51315c9576c4078"},"headline":"Eletrobras: Privatiza\u00e7\u00e3o pode envolver oferta secund\u00e1ria, afirma minist\u00e9rio","datePublished":"2019-11-05T20:12:08+00:00","dateModified":"2019-11-18T18:44:24+00:00","mainEntityOfPage":{"@id":"https:\/\/www.suno.com.br\/noticias\/eletrobras-privatizacao-oferta-secundaria\/"},"wordCount":434,"publisher":{"@id":"https:\/\/www.suno.com.br\/noticias\/#organization"},"image":{"@id":"https:\/\/www.suno.com.br\/noticias\/eletrobras-privatizacao-oferta-secundaria\/#primaryimage"},"thumbnailUrl":"https:\/\/files.sunoresearch.com.br\/n\/uploads\/2019\/07\/68f86aaa-eletrobras-jpeg.webp","keywords":["Eletrobras (ELET3\/ELET5\/ELET6)","Minist\u00e9rio de Minas e Energia"],"articleSection":["Neg\u00f3cios"],"inLanguage":"pt-BR"},{"@type":"WebPage","@id":"https:\/\/www.suno.com.br\/noticias\/eletrobras-privatizacao-oferta-secundaria\/","url":"https:\/\/www.suno.com.br\/noticias\/eletrobras-privatizacao-oferta-secundaria\/","name":"Eletrobras: Privatiza\u00e7\u00e3o pode envolver oferta secund\u00e1ria, afirma minist\u00e9rio","isPartOf":{"@id":"https:\/\/www.suno.com.br\/noticias\/#website"},"primaryImageOfPage":{"@id":"https:\/\/www.suno.com.br\/noticias\/eletrobras-privatizacao-oferta-secundaria\/#primaryimage"},"image":{"@id":"https:\/\/www.suno.com.br\/noticias\/eletrobras-privatizacao-oferta-secundaria\/#primaryimage"},"thumbnailUrl":"https:\/\/files.sunoresearch.com.br\/n\/uploads\/2019\/07\/68f86aaa-eletrobras-jpeg.webp","datePublished":"2019-11-05T20:12:08+00:00","dateModified":"2019-11-18T18:44:24+00:00","description":"O Minist\u00e9rio de Minas e Energia disse que o projeto para a privatiza\u00e7\u00e3o da Eletrobras pode envolver uma oferta secund\u00e1ria. Clique para mais.","breadcrumb":{"@id":"https:\/\/www.suno.com.br\/noticias\/eletrobras-privatizacao-oferta-secundaria\/#breadcrumb"},"inLanguage":"pt-BR","potentialAction":[{"@type":"ReadAction","target":["https:\/\/www.suno.com.br\/noticias\/eletrobras-privatizacao-oferta-secundaria\/"]}]},{"@type":"ImageObject","inLanguage":"pt-BR","@id":"https:\/\/www.suno.com.br\/noticias\/eletrobras-privatizacao-oferta-secundaria\/#primaryimage","url":"https:\/\/files.sunoresearch.com.br\/n\/uploads\/2019\/07\/68f86aaa-eletrobras-jpeg.webp","contentUrl":"https:\/\/files.sunoresearch.com.br\/n\/uploads\/2019\/07\/68f86aaa-eletrobras-jpeg.webp","width":868,"height":644,"caption":"Eletrobras"},{"@type":"BreadcrumbList","@id":"https:\/\/www.suno.com.br\/noticias\/eletrobras-privatizacao-oferta-secundaria\/#breadcrumb","itemListElement":[{"@type":"ListItem","position":1,"name":"Not\u00edcias","item":"https:\/\/www.suno.com.br\/noticias\/"},{"@type":"ListItem","position":2,"name":"Neg\u00f3cios","item":"https:\/\/www.suno.com.br\/noticias\/negocios\/"},{"@type":"ListItem","position":3,"name":"Eletrobras: Privatiza\u00e7\u00e3o pode envolver oferta secund\u00e1ria, afirma minist\u00e9rio"}]},{"@type":"WebSite","@id":"https:\/\/www.suno.com.br\/noticias\/#website","url":"https:\/\/www.suno.com.br\/noticias\/","name":"Suno Not\u00edcias","description":"Seu portal de informa\u00e7\u00e3o sobre o mundo dos investimentos","publisher":{"@id":"https:\/\/www.suno.com.br\/noticias\/#organization"},"potentialAction":[{"@type":"SearchAction","target":{"@type":"EntryPoint","urlTemplate":"https:\/\/www.suno.com.br\/noticias\/?s={search_term_string}"},"query-input":{"@type":"PropertyValueSpecification","valueRequired":true,"valueName":"search_term_string"}}],"inLanguage":"pt-BR"},{"@type":"Organization","@id":"https:\/\/www.suno.com.br\/noticias\/#organization","name":"Suno Not\u00edcias","url":"https:\/\/www.suno.com.br\/noticias\/","logo":{"@type":"ImageObject","inLanguage":"pt-BR","@id":"https:\/\/www.suno.com.br\/noticias\/#\/schema\/logo\/image\/","url":"https:\/\/files.sunoresearch.com.br\/n\/uploads\/2021\/09\/suno-logo.png","contentUrl":"https:\/\/files.sunoresearch.com.br\/n\/uploads\/2021\/09\/suno-logo.png","width":180,"height":180,"caption":"Suno Not\u00edcias"},"image":{"@id":"https:\/\/www.suno.com.br\/noticias\/#\/schema\/logo\/image\/"},"sameAs":["https:\/\/facebook.com\/sunoresearch","https:\/\/x.com\/sunoresearch","https:\/\/www.instagram.com\/suno","https:\/\/www.linkedin.com\/company\/suno-research\/","https:\/\/www.youtube.com\/c\/sunoresearch"]},{"@type":"Person","@id":"https:\/\/www.suno.com.br\/noticias\/#\/schema\/person\/098743caeed97b37f51315c9576c4078","name":"Rafael Lara","image":{"@type":"ImageObject","inLanguage":"pt-BR","@id":"https:\/\/www.suno.com.br\/noticias\/#\/schema\/person\/image\/","url":"https:\/\/secure.gravatar.com\/avatar\/dfc254ab9bb2ea1895d98b9e9dae4bdd?s=96&r=g","contentUrl":"https:\/\/secure.gravatar.com\/avatar\/dfc254ab9bb2ea1895d98b9e9dae4bdd?s=96&r=g","caption":"Rafael Lara"},"description":"Rafael Lara cursa jornalismo na Faculdade C\u00e1sper L\u00edbero. Escreve sobre pol\u00edtica, economia e neg\u00f3cios para o portal Suno Not\u00edcias. Antes, colaborou na TV Gazeta na produ\u00e7\u00e3o do programa Edi\u00e7\u00e3o Extra.","url":"https:\/\/www.suno.com.br\/noticias\/author\/rafael\/"}]}},"default_loop_html":"<div class=\"cardsPage__listCard__boxs\"><div class=\"cardsPage__listCard__boxs__img\"><a href=\"https:\/\/www.suno.com.br\/noticias\/eletrobras-privatizacao-oferta-secundaria\/\"><img class=\"mask\" src=\"https:\/\/www.suno.com.br\/noticias\/wp-content\/themes\/suno\/resources\/images\/spotlight\/spotlight1img\/bg-mask.png\" alt=\"Image Mask\"\/><img src=\"https:\/\/files.sunoresearch.com.br\/n\/uploads\/2019\/07\/68f86aaa-eletrobras-400x200.webp\" alt=\"Eletrobras: Privatiza\u00e7\u00e3o pode envolver oferta secund\u00e1ria, afirma minist\u00e9rio\"\/><\/a><span class=\"spotlightCategory\"><a href=\"https:\/\/www.suno.com.br\/noticias\/negocios\/\">Neg\u00f3cios<\/a><\/span><\/div><div class=\"cardsPage__listCard__boxs__content\"><a href=\"https:\/\/www.suno.com.br\/noticias\/eletrobras-privatizacao-oferta-secundaria\/\"><h2 class=\"content__title\">Eletrobras: Privatiza\u00e7\u00e3o pode envolver oferta secund\u00e1ria, afirma minist\u00e9rio<\/h2><\/a><div class=\"newsContent__article__meta\"><div class=\"newsContent__article__meta__authorBox\"><a href=\"https:\/\/www.suno.com.br\/noticias\/author\/rafael\/\" class=\"authorBox__avatar noMobi\"><img src=\"https:\/\/secure.gravatar.com\/avatar\/dfc254ab9bb2ea1895d98b9e9dae4bdd?s=96&#038;r=g\" alt=\"Rafael Lara\"><\/a><div class=\"authorBox__name\"><span>por\n\t\t\t<a href=\"https:\/\/www.suno.com.br\/noticias\/author\/rafael\/\"><span itemprop=\"author\">Rafael Lara<\/span><\/a><\/span><time datetime=\"2019-11-05T18:12:08-03:00\" itemprop=\"datePublished\">05\/11\/2019 18:12<\/time><\/div><\/div><\/div><\/div><\/div>","single_layout":"posts","amp_enabled":true,"_links":{"self":[{"href":"https:\/\/www.suno.com.br\/noticias\/wp-json\/wp\/v2\/posts\/43813"}],"collection":[{"href":"https:\/\/www.suno.com.br\/noticias\/wp-json\/wp\/v2\/posts"}],"about":[{"href":"https:\/\/www.suno.com.br\/noticias\/wp-json\/wp\/v2\/types\/post"}],"author":[{"embeddable":true,"href":"https:\/\/www.suno.com.br\/noticias\/wp-json\/wp\/v2\/users\/23"}],"replies":[{"embeddable":true,"href":"https:\/\/www.suno.com.br\/noticias\/wp-json\/wp\/v2\/comments?post=43813"}],"version-history":[{"count":0,"href":"https:\/\/www.suno.com.br\/noticias\/wp-json\/wp\/v2\/posts\/43813\/revisions"}],"wp:featuredmedia":[{"embeddable":true,"href":"https:\/\/www.suno.com.br\/noticias\/wp-json\/wp\/v2\/media\/29680"}],"wp:attachment":[{"href":"https:\/\/www.suno.com.br\/noticias\/wp-json\/wp\/v2\/media?parent=43813"}],"wp:term":[{"taxonomy":"category","embeddable":true,"href":"https:\/\/www.suno.com.br\/noticias\/wp-json\/wp\/v2\/categories?post=43813"},{"taxonomy":"post_tag","embeddable":true,"href":"https:\/\/www.suno.com.br\/noticias\/wp-json\/wp\/v2\/tags?post=43813"},{"taxonomy":"suno_strategy","embeddable":true,"href":"https:\/\/www.suno.com.br\/noticias\/wp-json\/wp\/v2\/suno_strategy?post=43813"}],"curies":[{"name":"wp","href":"https:\/\/api.w.org\/{rel}","templated":true}]}}