{"id":437860,"date":"2023-08-03T14:02:18","date_gmt":"2023-08-03T17:02:18","guid":{"rendered":"https:\/\/www.suno.com.br\/noticias\/?p=437860"},"modified":"2023-08-03T17:47:05","modified_gmt":"2023-08-03T20:47:05","slug":"via-viia3-e-magazine-luiza-mglu3-ibovespa-gpj","status":"publish","type":"post","link":"https:\/\/www.suno.com.br\/noticias\/via-viia3-e-magazine-luiza-mglu3-ibovespa-gpj\/","title":{"rendered":"Nem o Copom salvou: por que Via (VIIA3) e Magazine Luiza (MGLU3) fecharam em forte queda no Ibovespa?"},"content":{"rendered":"<p>As a\u00e7\u00f5es de <strong><a href=\"https:\/\/www.suno.com.br\/acoes\/viia3\/\">Via<\/a><\/strong><a href=\"https:\/\/www.suno.com.br\/acoes\/viia3\/\">\u00a0(VIIA3)<\/a>\u00a0e\u00a0<a href=\"https:\/\/www.suno.com.br\/acoes\/MGLU3\/\" target=\"_blank\" rel=\"noreferrer noopener\">Magazine Luiza (MGLU3)<\/a>\u00a0fecharam em forte queda nesta quinta-feira (3) no Ibovespa, enquanto empresas do ramo da constru\u00e7\u00e3o subiram, impulsionadas pela decis\u00e3o n\u00e3o un\u00e2nime do Comit\u00ea de\u00a0<a href=\"https:\/\/www.suno.com.br\/artigos\/politica-monetaria\/\">Pol\u00edtica Monet\u00e1ria<\/a>\u00a0(<strong>Copom<\/strong>) de cortar a\u00a0<strong>taxa Selic<\/strong>\u00a0pela primeira vez em tr\u00eas anos. <\/p>\t<div class=\"wrapper-featured-image\">\n\t\t<figure class=\"spotlightImg\">\n\n\t\t\t<picture>\n\t\t\t\t<source media=\"(max-width: 768px)\" srcset=\"https:\/\/files.sunoresearch.com.br\/n\/uploads\/2021\/04\/93afd5e5-173006906_4275939552467006_8846856973835887453_n-e1618439415313-400x200.webp\">\n\t\t\t\t<img loading=\"lazy\" decoding=\"async\" class=\"newsContent__article__imgCapa lazyloadDisabled \" src=\"https:\/\/files.sunoresearch.com.br\/n\/uploads\/2021\/04\/93afd5e5-173006906_4275939552467006_8846856973835887453_n-e1618439415313-800x450.webp\" width=\"800\" height=\"450\" alt=\"Nem o Copom salvou: por que Via (VIIA3) e Magazine Luiza (MGLU3) fecharam em forte queda no Ibovespa?\" fetchpriority=high \/>\n\t\t\t<\/picture>\n\n\t\t\t<figcaption class=\"wp-caption-text wp-caption-text--show\">Via (VIIA3) - Foto: Reprodu\u00e7\u00e3o Facebook<\/figcaption>\n\t\t<\/figure>\n\t<\/div>\n\n\n\n\n\n\n\n\t<p>\n\t\t<a href=\"\" target=\"_blank\" data-element=\"shortcode-suno-banner\" title=\"Banner SUNO, clique e saiba mais\">\n\t\t\t<picture>\n\t\t\t\t<source media=\"(max-width: 500px)\" srcset=\"\">\n\t\t\t\t<img class=\"newsContent__article__imgCapa newsContent__article__imgCapa--banner\"\n\t\t\t\t\tsrc=\"\"\n\t\t\t\t\tdata-promo-id=\"250707\"\t\t\t\t\t\t\t\t\t\t\t\t\t\t\talt=\"\"\n\t\t\t\t>\n\t\t\t<\/picture>\n\t\t<\/a>\n\t<\/p>\n\n\n\n\n\n<p>No fechamento, os\u00a0<strong>pap\u00e9is da Via<\/strong>\u00a0recuaram 8,65%, cotados a R$ 1,94, liderando quedas no Ibovespa. Os\u00a0<strong>ativos do Magazine Luiza<\/strong>, que\u00a0operavam em alta at\u00e9 o in\u00edcio da tarde, passaram a cair e encerraram a sess\u00e3o caindo 5,1%, a R$ 3,16, tamb\u00e9m entre as maiores <strong>baixas do Ibovespa<\/strong>. As <a href=\"https:\/\/www.suno.com.br\/artigos\/o-que-sao-acoes-ordinarias-preferenciais-e-units\/\">a\u00e7\u00f5es ordin\u00e1rias<\/a> de\u00a0<a href=\"https:\/\/www.suno.com.br\/acoes\/lren3\/\">Lojas Renner (LREN3)<\/a>\u00a0tiveram perdas de 2,37%, a R$ 18,39, e as da\u00a0<a href=\"https:\/\/www.suno.com.br\/acoes\/petz3\/\">Petz (PETZ3)<\/a>\u00a0tamb\u00e9m figuraram no negativo: 4,06%, cotadas a R$ 6,85.<\/p>\n\n\n\n<div class=\"pluginQuotation\">\n  <p class=\"ticker\">\n    Cota\u00e7\u00e3o <span>VIIA3<\/span>\n  <\/p>\n  <div class=\"info\">\n    <div class=\"leftSide\">\n      Gr\u00e1fico gerado em: 03\/08\/2023    <\/div>\n\t\t\t\t\t<div class=\"rightSide\">\n\t\t\t\t\t<span class=\"period\">\n\t\t\t\t\t\t1 Dia\t\t\t\t\t<\/span>\n\t\t\t<\/div>\n\t\t  <\/div>\n\n  <div id=\"chart-6e1d8fe37bda95ca152584ea883467d0\" data-block-hash=\"6e1d8fe37bda95ca152584ea883467d0\"  class=\"chart\" style=\"width:100%;height:400px;\"><\/div>\n\n  <div class=\"pluginQuotation__footer\">\n    <div class=\"dataChart\">\n\n      <div class=\"dataChart__div1 variation\">\n        <div class=\"value-negative\">\n          -11,63 (-0,25%)        <\/div>\n        <div class=\"text\">\n          Varia\u00e7\u00e3o do per\u00edodo\n        <\/div>\n      <\/div>\n\n      <div class=\"dataChart__div2 minMax\">\n        <div class=\"value\">\n          R$\u00a01,90        <\/div>\n        <div class=\"text\">\n          M\u00ednima\n        <\/div>\n      <\/div>\n\n      <div class=\"dataChart__div3 minMax\">\n        <div class=\"value\">\n          R$\u00a02,15        <\/div>\n        <div class=\"text\">\n          M\u00e1xima\n        <\/div>\n      <\/div>\n\n\t\t\t<div class=\"dataChart__div4 rightSide\">\n\t\t\t\t<div class=\"analiticaSource\">\n\t\t\t\t\t<span>\n\t\t\t\t\t\tFonte:\n\t\t\t\t\t<\/span>\n\t\t\t\t\t<img decoding=\"async\" class=\"analiticaLogo\" src=\"https:\/\/www.suno.com.br\/noticias\/wp-content\/plugins\/suno-block-ticker-quotation\/src\/suno-analitica-logo.png\" alt=\"Logo Suno Anal\u00edtica\" \/>\n\t\t\t\t<\/div>\n\n\t\t\t\t<a href=\"https:\/\/www.suno.com.br\/analitica\/acoes\/VIIA3\" target=\"_blank\">\n\t\t\t\t\t<span>\n\t\t\t\t\t\tVer mais cota\u00e7\u00f5es\n\t\t\t\t\t<\/span>\n\t\t\t\t\t<svg xmlns=\"http:\/\/www.w3.org\/2000\/svg\" width=\"9\" height=\"8\" viewBox=\"0 0 9 8\" fill=\"none\">\n\t\t\t\t\t\t<path d=\"M4.20996 0L3.50496 0.705L6.29496 3.5H0.209961V4.5H6.29496L3.50496 7.295L4.20996 8L8.20996 4L4.20996 0Z\" fill=\"#D42126\" \/>\n\t\t\t\t\t<\/svg>\n\t\t\t\t<\/a>\n    <\/div>\n\n    <\/div>\n  <\/div>\n<\/div>\n\n\n<script type=\"text\/javascript\">\n  let chart_6e1d8fe37bda95ca152584ea883467d0 = document.getElementById('chart-6e1d8fe37bda95ca152584ea883467d0');\n  let data_json_6e1d8fe37bda95ca152584ea883467d0 = \"[{\\\"date\\\":\\\"03\\\\\\\/08\\\\\\\/23 10:08\\\",\\\"value\\\":2.15},{\\\"date\\\":\\\"03\\\\\\\/08\\\\\\\/23 14:26\\\",\\\"value\\\":2.04},{\\\"date\\\":\\\"03\\\\\\\/08\\\\\\\/23 14:28\\\",\\\"value\\\":2.04},{\\\"date\\\":\\\"03\\\\\\\/08\\\\\\\/23 14:30\\\",\\\"value\\\":2.04},{\\\"date\\\":\\\"03\\\\\\\/08\\\\\\\/23 14:32\\\",\\\"value\\\":2.04},{\\\"date\\\":\\\"03\\\\\\\/08\\\\\\\/23 14:34\\\",\\\"value\\\":2.04},{\\\"date\\\":\\\"03\\\\\\\/08\\\\\\\/23 14:36\\\",\\\"value\\\":2.04},{\\\"date\\\":\\\"03\\\\\\\/08\\\\\\\/23 14:38\\\",\\\"value\\\":2.05},{\\\"date\\\":\\\"03\\\\\\\/08\\\\\\\/23 14:40\\\",\\\"value\\\":2.04},{\\\"date\\\":\\\"03\\\\\\\/08\\\\\\\/23 14:42\\\",\\\"value\\\":2.04},{\\\"date\\\":\\\"03\\\\\\\/08\\\\\\\/23 14:44\\\",\\\"value\\\":2.04},{\\\"date\\\":\\\"03\\\\\\\/08\\\\\\\/23 14:46\\\",\\\"value\\\":2.04},{\\\"date\\\":\\\"03\\\\\\\/08\\\\\\\/23 14:48\\\",\\\"value\\\":2.04},{\\\"date\\\":\\\"03\\\\\\\/08\\\\\\\/23 14:50\\\",\\\"value\\\":2.04},{\\\"date\\\":\\\"03\\\\\\\/08\\\\\\\/23 14:52\\\",\\\"value\\\":2.04},{\\\"date\\\":\\\"03\\\\\\\/08\\\\\\\/23 14:54\\\",\\\"value\\\":2.04},{\\\"date\\\":\\\"03\\\\\\\/08\\\\\\\/23 14:56\\\",\\\"value\\\":2.04},{\\\"date\\\":\\\"03\\\\\\\/08\\\\\\\/23 14:58\\\",\\\"value\\\":2.03},{\\\"date\\\":\\\"03\\\\\\\/08\\\\\\\/23 15:00\\\",\\\"value\\\":2.04},{\\\"date\\\":\\\"03\\\\\\\/08\\\\\\\/23 15:02\\\",\\\"value\\\":2.04},{\\\"date\\\":\\\"03\\\\\\\/08\\\\\\\/23 15:04\\\",\\\"value\\\":2.03},{\\\"date\\\":\\\"03\\\\\\\/08\\\\\\\/23 15:06\\\",\\\"value\\\":2.04},{\\\"date\\\":\\\"03\\\\\\\/08\\\\\\\/23 15:08\\\",\\\"value\\\":2.03},{\\\"date\\\":\\\"03\\\\\\\/08\\\\\\\/23 15:10\\\",\\\"value\\\":2.03},{\\\"date\\\":\\\"03\\\\\\\/08\\\\\\\/23 15:12\\\",\\\"value\\\":2.03},{\\\"date\\\":\\\"03\\\\\\\/08\\\\\\\/23 15:14\\\",\\\"value\\\":2.03},{\\\"date\\\":\\\"03\\\\\\\/08\\\\\\\/23 15:16\\\",\\\"value\\\":2.02},{\\\"date\\\":\\\"03\\\\\\\/08\\\\\\\/23 15:18\\\",\\\"value\\\":2.01},{\\\"date\\\":\\\"03\\\\\\\/08\\\\\\\/23 15:20\\\",\\\"value\\\":2.02},{\\\"date\\\":\\\"03\\\\\\\/08\\\\\\\/23 15:22\\\",\\\"value\\\":2.02},{\\\"date\\\":\\\"03\\\\\\\/08\\\\\\\/23 15:24\\\",\\\"value\\\":2.02},{\\\"date\\\":\\\"03\\\\\\\/08\\\\\\\/23 15:26\\\",\\\"value\\\":2.01},{\\\"date\\\":\\\"03\\\\\\\/08\\\\\\\/23 15:28\\\",\\\"value\\\":2},{\\\"date\\\":\\\"03\\\\\\\/08\\\\\\\/23 15:30\\\",\\\"value\\\":2},{\\\"date\\\":\\\"03\\\\\\\/08\\\\\\\/23 15:32\\\",\\\"value\\\":2},{\\\"date\\\":\\\"03\\\\\\\/08\\\\\\\/23 15:34\\\",\\\"value\\\":2},{\\\"date\\\":\\\"03\\\\\\\/08\\\\\\\/23 15:36\\\",\\\"value\\\":1.99},{\\\"date\\\":\\\"03\\\\\\\/08\\\\\\\/23 15:38\\\",\\\"value\\\":1.96},{\\\"date\\\":\\\"03\\\\\\\/08\\\\\\\/23 15:40\\\",\\\"value\\\":1.96},{\\\"date\\\":\\\"03\\\\\\\/08\\\\\\\/23 15:46\\\",\\\"value\\\":1.97},{\\\"date\\\":\\\"03\\\\\\\/08\\\\\\\/23 15:48\\\",\\\"value\\\":1.98},{\\\"date\\\":\\\"03\\\\\\\/08\\\\\\\/23 15:50\\\",\\\"value\\\":1.98},{\\\"date\\\":\\\"03\\\\\\\/08\\\\\\\/23 15:52\\\",\\\"value\\\":1.98},{\\\"date\\\":\\\"03\\\\\\\/08\\\\\\\/23 15:54\\\",\\\"value\\\":1.97},{\\\"date\\\":\\\"03\\\\\\\/08\\\\\\\/23 15:56\\\",\\\"value\\\":1.98},{\\\"date\\\":\\\"03\\\\\\\/08\\\\\\\/23 15:58\\\",\\\"value\\\":1.97},{\\\"date\\\":\\\"03\\\\\\\/08\\\\\\\/23 16:00\\\",\\\"value\\\":1.98},{\\\"date\\\":\\\"03\\\\\\\/08\\\\\\\/23 16:02\\\",\\\"value\\\":1.96},{\\\"date\\\":\\\"03\\\\\\\/08\\\\\\\/23 16:04\\\",\\\"value\\\":1.95},{\\\"date\\\":\\\"03\\\\\\\/08\\\\\\\/23 16:06\\\",\\\"value\\\":1.96},{\\\"date\\\":\\\"03\\\\\\\/08\\\\\\\/23 16:08\\\",\\\"value\\\":1.94},{\\\"date\\\":\\\"03\\\\\\\/08\\\\\\\/23 16:10\\\",\\\"value\\\":1.95},{\\\"date\\\":\\\"03\\\\\\\/08\\\\\\\/23 16:12\\\",\\\"value\\\":1.96},{\\\"date\\\":\\\"03\\\\\\\/08\\\\\\\/23 16:14\\\",\\\"value\\\":1.95},{\\\"date\\\":\\\"03\\\\\\\/08\\\\\\\/23 16:16\\\",\\\"value\\\":1.94},{\\\"date\\\":\\\"03\\\\\\\/08\\\\\\\/23 16:18\\\",\\\"value\\\":1.95},{\\\"date\\\":\\\"03\\\\\\\/08\\\\\\\/23 16:20\\\",\\\"value\\\":1.94},{\\\"date\\\":\\\"03\\\\\\\/08\\\\\\\/23 16:22\\\",\\\"value\\\":1.93},{\\\"date\\\":\\\"03\\\\\\\/08\\\\\\\/23 16:24\\\",\\\"value\\\":1.93},{\\\"date\\\":\\\"03\\\\\\\/08\\\\\\\/23 16:26\\\",\\\"value\\\":1.93},{\\\"date\\\":\\\"03\\\\\\\/08\\\\\\\/23 16:28\\\",\\\"value\\\":1.93},{\\\"date\\\":\\\"03\\\\\\\/08\\\\\\\/23 16:30\\\",\\\"value\\\":1.93},{\\\"date\\\":\\\"03\\\\\\\/08\\\\\\\/23 16:32\\\",\\\"value\\\":1.93},{\\\"date\\\":\\\"03\\\\\\\/08\\\\\\\/23 16:34\\\",\\\"value\\\":1.94},{\\\"date\\\":\\\"03\\\\\\\/08\\\\\\\/23 16:36\\\",\\\"value\\\":1.93},{\\\"date\\\":\\\"03\\\\\\\/08\\\\\\\/23 16:38\\\",\\\"value\\\":1.93},{\\\"date\\\":\\\"03\\\\\\\/08\\\\\\\/23 16:40\\\",\\\"value\\\":1.9},{\\\"date\\\":\\\"03\\\\\\\/08\\\\\\\/23 16:42\\\",\\\"value\\\":1.94},{\\\"date\\\":\\\"03\\\\\\\/08\\\\\\\/23 16:44\\\",\\\"value\\\":1.94},{\\\"date\\\":\\\"03\\\\\\\/08\\\\\\\/23 16:46\\\",\\\"value\\\":1.94},{\\\"date\\\":\\\"03\\\\\\\/08\\\\\\\/23 16:48\\\",\\\"value\\\":1.93},{\\\"date\\\":\\\"03\\\\\\\/08\\\\\\\/23 17:12\\\",\\\"value\\\":1.9}]\";\n  let isPositive_6e1d8fe37bda95ca152584ea883467d0 = \"\";\n\n  let color_6e1d8fe37bda95ca152584ea883467d0 = isPositive_6e1d8fe37bda95ca152584ea883467d0 ? '#3AB53A' : '#D92C2D';\n\n  let data_6e1d8fe37bda95ca152584ea883467d0 = JSON.parse(data_json_6e1d8fe37bda95ca152584ea883467d0);\n\n  const result_6e1d8fe37bda95ca152584ea883467d0 = {\n    date: [],\n    value: [],\n  };\n\n  data_6e1d8fe37bda95ca152584ea883467d0.forEach((item) => {\n    result_6e1d8fe37bda95ca152584ea883467d0.date.push(item.date);\n    result_6e1d8fe37bda95ca152584ea883467d0.value.push(Number(item.value));\n  });\n\n  let option_6e1d8fe37bda95ca152584ea883467d0 = {\n    \/\/ variavel de cor global\n    color: [color_6e1d8fe37bda95ca152584ea883467d0],\n    title: {\n      text: '',\n    },\n    tooltip: {\n      trigger: 'axis',\n      axisPointer: {\n        type: 'cross',\n        label: {\n          \/\/ cor dos valores em X e Y\n          backgroundColor: color_6e1d8fe37bda95ca152584ea883467d0,\n          formatter: (value) => {\n            if (typeof value.value === 'number') {\n              return Number(value.value).toLocaleString('pt-br', {\n                style: 'currency',\n                currency: 'BRL'\n              });\n            }\n            return value.value;\n          },\n        },\n      },\n      valueFormatter: (value) => Number(value).toLocaleString('pt-br', {\n        style: 'currency',\n        currency: 'BRL'\n      }),\n    },\n    legend: {\n      \/\/ data: ['Valor de Fechamento'],\n      show: false,\n    },\n    toolbox: {\n      feature: {\n        saveAsImage: {\n          show: false,\n        },\n      },\n    },\n    grid: {\n      left: '0px',\n      right: '0px',\n      bottom: '0px',\n      containLabel: true,\n    },\n    xAxis: [{\n      type: 'category',\n      data: result_6e1d8fe37bda95ca152584ea883467d0.date,\n      boundaryGap: true,\n    }],\n    yAxis: [{\n      type: 'value',\n      min: Math.min(...result_6e1d8fe37bda95ca152584ea883467d0.value),\n      max: Math.max(...result_6e1d8fe37bda95ca152584ea883467d0.value),\n      axisLabel: {\n        formatter: (value) => value.toLocaleString('pt-br', {\n          style: 'currency',\n          currency: 'BRL'\n        }),\n      },\n    }],\n    series: [{\n      name: 'Valor de Fechamento',\n      type: 'line',\n      stack: 'Total',\n      \/\/ cor do grafico\n      areaStyle: {},\n      emphasis: {\n        focus: 'series',\n      },\n      data: result_6e1d8fe37bda95ca152584ea883467d0.value,\n      \/\/ cor da linha\n      lineStyle: {\n        color: color_6e1d8fe37bda95ca152584ea883467d0,\n      },\n    }, ],\n  };\n\n\twindow.chart_6e1d8fe37bda95ca152584ea883467d0 = {\n\t\tel: chart_6e1d8fe37bda95ca152584ea883467d0,\n\t\toption: option_6e1d8fe37bda95ca152584ea883467d0\t};\n\n\n<\/script>\n\n\n\n<p>&#8220;As <strong>varejistas <\/strong>s\u00e3o empresas que se alavancam para conseguir abrir mais lojas, comprar mais produtos, vender mais, e a\u00ed tem uma margem bem pequena. Temos um papel &#8216;queridinho&#8217; da bolsa, que \u00e9 o de Magazine Luiza. A <strong>redu\u00e7\u00e3o da taxa de juros<\/strong> pode ser ben\u00e9fica para o papel, mas o que a gente precisa ver agora \u00e9 a renegocia\u00e7\u00e3o das d\u00edvidas para saber se a\u00ed si, conseguimos melhorar margem e conseguir entregar n\u00fameros melhores&#8221;, diz Gustavo Gomes, especialista de <strong>renda vari\u00e1vel<\/strong> e s\u00f3cio da Acqua Vero.<\/p>\n\n\n\n<p>No \u00faltimo dia 10 de julho analistas do Santander aumentaram o otimismo com as a\u00e7\u00f5es do\u00a0<a href=\"https:\/\/www.suno.com.br\/acoes\/MGLU3\/\" target=\"_blank\" rel=\"noreferrer noopener\"><strong>Magazine Luiza<\/strong>\u00a0(MGLU3)<\/a>, mas mantiveram a recomenda\u00e7\u00e3o neutra para os pap\u00e9is.  A varejista divulga os resultados do 2T23 no pr\u00f3ximo dia 14 de agosto.<\/p>\n\n\n\n<p>\u201cO in\u00edcio favor\u00e1vel do Magazine Luiza em 2023 mostra o enfraquecimento da competi\u00e7\u00e3o entre online e offline, preparando o terreno para um ano de recupera\u00e7\u00e3o, em nossa opini\u00e3o\u201d, diz a casa.<\/p>\n\n\n\n<p>A proje\u00e7\u00e3o \u00e9 de que o acumulado do ano de 2023 mostre um&nbsp;<strong>preju\u00edzo l\u00edquido do Magazine Luiza<\/strong>&nbsp;maior do que o acumulado de 2022, de R$ 476 milh\u00f5es ante R$ 372 milh\u00f5es do ano anterior.<\/p>\n\n\n\n<p>Al\u00e9m disso, a aus\u00eancia de um valuation atrativo no momento deixa o Santander \u2018de fora da tese\u2019.<\/p>\n\n\n\n<p>\u201cSob nossas estimativas atualizadas, vemos&nbsp;<strong><a href=\"https:\/\/statusinvest.com.br\/acoes\/mglu3?__hstc=189907700.a6a3c0f889dbabbf12a3704bf30b0bd8.1669153633978.1691087557741.1691090982551.1397&amp;__hssc=189907700.1.1691090982551&amp;__hsfp=1250353385\" target=\"_blank\" rel=\"noreferrer noopener\">MGLU3<\/a><\/strong>&nbsp;negociando com um valuation \u2018exigente\u2019, de pre\u00e7o sobre lucro estimado para 2025 de 21 vezes, mantendo nossa recomenda\u00e7\u00e3o Neutra\u201d, diz a casa.<\/p>\n\n\n\n<p>O pre\u00e7o-alvo do Santander \u00e9 de R$ 4,30 por&nbsp;<strong>a\u00e7\u00e3o do Magalu<\/strong>, ao passo que os pap\u00e9is s\u00e3o negociados a cerca de R$ 3.<\/p>\n\n\n\n<p>\u201cAo nosso ver, o mercado j\u00e1 precificou a melhoria da din\u00e2mica competitiva. A pr\u00f3xima etapa pode ser desencadeada por uma recupera\u00e7\u00e3o operacional que ainda n\u00e3o se concretizou, e assim preferimos esperar por um ponto de entrada melhor para equilibrar o risco de oportunidade\u201d, concluem os especialistas.<\/p>\n\n\n\n<h2 class=\"wp-block-heading\">Pap\u00e9is da Via tiveram pre\u00e7o-alvo cortado pelo Citi<a href=\"https:\/\/lp.suno.com.br\/cl\/fii-experience-2023\/?_fs=16412612606-15131453751\" target=\"_blank\" rel=\"noreferrer noopener\"><\/a><\/h2>\n\n\n\n<p>Em novo parecer sobre as a\u00e7\u00f5es da\u00a0<a href=\"https:\/\/www.suno.com.br\/acoes\/VIIA3\" target=\"_blank\" rel=\"noreferrer noopener\"><strong>Via<\/strong>\u00a0(VIIA3)<\/a>, os analistas do Citi cortaram o pre\u00e7o-alvo para os pap\u00e9is da varejista.<\/p>\n\n\n\n<p>Com recomenda\u00e7\u00e3o neutra para as&nbsp;<strong>a\u00e7\u00f5es da Via<\/strong>, os especialistas agora mant\u00eam um pre\u00e7o-alvo de R$ 2,30, ante R$ 2,40 na \u00faltima revis\u00e3o.<\/p>\n\n\n\n<p>O patamar ainda fica acima do que os pap\u00e9is&nbsp;<strong><a href=\"https:\/\/statusinvest.com.br\/acoes\/viia3?__hstc=189907700.a6a3c0f889dbabbf12a3704bf30b0bd8.1669153633978.1691075331591.1691080073469.1395&amp;__hssc=189907700.6.1691080073469&amp;__hsfp=1250353385\" target=\"_blank\" rel=\"noreferrer noopener\">VIIA3<\/a><\/strong>&nbsp;s\u00e3o negociados atualmente, de R$ 2,09.<\/p>\n\n\n\n<p>\u201cPor causa da baixa visibilidade da empresa em meio \u00e0 mudan\u00e7a de estrat\u00e9gia e tamb\u00e9m do setor de com\u00e9rcio eletr\u00f4nico como um todo, preferimos nos manter mais cautelosos\u201d, diz o Citi sober a companhia.<\/p>\n\n\n\n<p>Os especialistas destacaram que a empresa tem mostrado um crescimento aqu\u00e9m do esperado, al\u00e9m de ter mostrado trocas relevantes na gest\u00e3o nos \u00faltimos meses.<\/p>\n\n\n\n<p>A expectativa \u00e9 de que o pr\u00f3ximo&nbsp;<strong>resultado da Via<\/strong>&nbsp;mostre uma evolu\u00e7\u00e3o, por\u00e9m com uma folga pequena nos comparativos, apresentando praticamente uma estabilidade nos n\u00fameros.<\/p>\n\n\n\n<p>Al\u00e9m disso, a proje\u00e7\u00e3o \u00e9 de uma retra\u00e7\u00e3o de 2,4 pontos percentuais (p.p.) na&nbsp;<a href=\"https:\/\/www.suno.com.br\/artigos\/margem-bruta-entenda-sua-importancia\/\" target=\"_blank\" rel=\"noreferrer noopener\">margem bruta<\/a>&nbsp;e 2% no volume bruto de vendas.<\/p>\n\n\n\n<p>Segundo o analista, o <a href=\"https:\/\/www.suno.com.br\/bdrs\/meli34\/\" target=\"_blank\" rel=\"noreferrer noopener\">Mercado Livre (MELI34)<\/a> \u00e9 uma das empresas da bolsa que entregam as melhores margens, assim como <a href=\"https:\/\/www.suno.com.br\/acoes\/soma3\/\" target=\"_blank\" rel=\"noreferrer noopener\">Grupo Soma (SOMA3)<\/a> e <a href=\"https:\/\/www.suno.com.br\/acoes\/ARZZ3\/\">Arezzo (ARZZ3)<\/a>, do setor de vestu\u00e1rio de alto padr\u00e3o.<\/p>\n\n\n\n\t<div data-element=\"shortcode-read-more\" class=\"readToo\">\n\t\t\t\t<span class=\"readToo__title\">Leia mais<\/span>\n\t\t\t\t<ul class=\"readToo__list\">\n\t\t\t<li><a href=\"https:\/\/www.suno.com.br\/noticias\/haddad-corte-copom-selic-juros-evm\/\">Haddad diz que corte de juros do Copom sinaliza &#8216;dire\u00e7\u00e3o certa&#8217;<\/a><\/li><li><a href=\"https:\/\/www.suno.com.br\/noticias\/copom-decisao-taxa-selic-agosto-2023\/\">1\u00ba corte em 3 anos: Copom reduz taxa Selic em 0,50 p.p, para 13,25% ao ano; entenda a decis\u00e3o do BC<\/a><\/li>\t\t<\/ul>\n\t<\/div>\n\n\n\n\n<h2 class=\"wp-block-heading\">Construtoras sobem em onda p\u00f3s-Copom<\/h2>\n\n\n\n<p>O setor ganhou for\u00e7a no Ibovespa p\u00f3s-Copom foi o das construtoras. Gomes destaca um movimento de alta consider\u00e1vel de pap\u00e9is como <a href=\"https:\/\/www.suno.com.br\/acoes\/CYRE3\/\">Cyrela (CYRE3)<\/a>, <a href=\"https:\/\/www.suno.com.br\/acoes\/DIRR3\/\">Direcional (DIRR3)<\/a> e <a href=\"https:\/\/www.suno.com.br\/acoes\/EZTC3\/\">Eztec (EZTC3)<\/a>, que no come\u00e7o de 2023 passavam por uma <strong>deprecia\u00e7\u00e3o<\/strong> bastante acentuada.<\/p>\n\n\n\n<p>&#8220;Assim como as varejistas, as <strong>construtoras<\/strong> trabalham bem alavancadas, tomam bastante d\u00edvida para conseguir fazer os seus empreendimentos, conseguir vender e, com o valor gerado pela venda, conseguem quitar suas d\u00edvidas. E, com uma <strong>taxa menor de juros<\/strong>, esse custo de dinheiro fica mais barato e tende a fazer com que as empresas consigam performar melhor, gerando mais lucro e ficando mais atraente para os investidores&#8221;, pontuou.<\/p>\n\n\n\n<p>As a\u00e7\u00f5es da Cyrela subiram 2,78%, a R$ 24,77, as de Direcional avan\u00e7aram 0,090%, a R$ 21,73, enquanto as de Eztec tinham ganhos de 1,97%, a R$ 22,75.<\/p>\n\n\n\t<p>\n\t\t<a href=\"\" target=\"_blank\" data-element=\"shortcode-suno-banner\" title=\"Banner SUNO, clique e saiba mais\">\n\t\t\t<picture>\n\t\t\t\t<source media=\"(max-width: 500px)\" srcset=\"\">\n\t\t\t\t<img class=\"newsContent__article__imgCapa newsContent__article__imgCapa--banner\"\n\t\t\t\t\tsrc=\"\"\n\t\t\t\t\tdata-promo-id=\"250704\"\t\t\t\t\t\t\t\t\t\t\t\t\t\t\talt=\"\"\n\t\t\t\t>\n\t\t\t<\/picture>\n\t\t<\/a>\n\t<\/p>\n\n\n\n\n\n<h2 class=\"wp-block-heading\">&#8216;Efeito Copom&#8217;: bancos reduzem juros e linhas de cr\u00e9dito ap\u00f3s queda da Selic<\/h2>\n\n\n\n<p>O&nbsp;<a href=\"https:\/\/www.suno.com.br\/acoes\/BBAS3\/\">Banco do Brasil&nbsp;(BBAS3)<\/a>&nbsp;e a Caixa Econ\u00f4mica Federal anunciaram uma redu\u00e7\u00e3o nos juros em algumas linhas de cr\u00e9dito para&nbsp;<a href=\"https:\/\/www.suno.com.br\/artigos\/pessoa-fisica\/\">pessoa f\u00edsica<\/a>&nbsp;e jur\u00eddica, logo ap\u00f3s o Comit\u00ea de&nbsp;Pol\u00edtica Monet\u00e1ria&nbsp;(Copom) do Banco Central (BC) anunciar uma redu\u00e7\u00e3o de 0,5 ponto percentual na Selic.<\/p>\n\n\n\n<p>No caso do Banco do Brasil (<strong>BBAS3<\/strong>), as&nbsp;<strong>novas taxas de juros<\/strong>&nbsp;estar\u00e3o dispon\u00edveis para os clientes a partir de sexta-feira (4). Na pessoa f\u00edsica, o banco informou que os juros ca\u00edram nas linhas de cr\u00e9dito consignado, autom\u00e1tico, sal\u00e1rio, benef\u00edcio, renova\u00e7\u00e3o e 13\u00ba sal\u00e1rio.<\/p>\n\n\n\n<p>A institui\u00e7\u00e3o reduziu os juros do&nbsp;<strong>consignado do INSS<\/strong>&nbsp;de 1,81% ao m\u00eas para 1,77% ao m\u00eas, na faixa m\u00ednima, e de 1,95% ao m\u00eas para 1,89% ao m\u00eas no patamar m\u00e1ximo.<\/p>\n\n\n\n<p>A&nbsp;<strong>Caixa Econ\u00f4mica Federal<\/strong>&nbsp;tamb\u00e9m anunciou redu\u00e7\u00e3o nas&nbsp;<strong>taxas de juros do cr\u00e9dito consignado<\/strong>&nbsp;para benefici\u00e1rios e pensionistas do INSS, que passa de 1,74% ao m\u00eas para a partir de 1,70%, representando uma redu\u00e7\u00e3o total de 2,3%.<\/p>\n\n\n\t<div data-element=\"shortcode-read-more\" class=\"knowMore\">\n\t\t\t\t<span class=\"knowMore__title\">Leia mais<\/span>\n\t\t\t\t<a class=\"knowMore__link\" href=\"https:\/\/www.suno.com.br\/noticias\/banco-do-brasil-bbas3-e-caixa-reduzem-juros-em-algumas-linhas-gpj\/\">\n\t\t\tBanco do Brasil (BBAS3) e Caixa reduzem juros em linhas de cr\u00e9dito ap\u00f3s queda da Selic\t\t<\/a>\n\t<\/div>\n\n\n\n\n<p>Para Gustavo Gomes, especialista de renda vari\u00e1vel e s\u00f3cio da Acqua Vero, a redu\u00e7\u00e3o nos juros em linhas de cr\u00e9dito para pessoa f\u00edsica ser\u00e1 muito importante para impulsionar o consumo das fam\u00edlias.<\/p>\n\n\n\n<p>&#8220;Essa redu\u00e7\u00e3o para pessoa f\u00edsica ajuda muito, principalmente no consumo, porque as pessoas se sentem mais confort\u00e1veis em gastar mais. Isso vai em linha com o cen\u00e1rio de construtoras e varejistas, visto que se as pessoas conseguem pegar empr\u00e9stimos mais baratos, elas conseguem gastar mais tamb\u00e9m. Assim, com maior consumo, as empresas tendem a melhorar suas margens e a bolsa fica mais atrativa&#8221;, destacou.<\/p>\n\n\n\n<p>O analistas acrescentou, ainda, que esse movimento provavelmente deve ser visto em outras institui\u00e7\u00f5es, como <a href=\"https:\/\/www.suno.com.br\/acoes\/BBDC4\/\">Bradesco (BBDC4)<\/a> e <a href=\"https:\/\/www.suno.com.br\/acoes\/ITUB4\/\">Ita\u00fa Unibanco (ITUB4)<\/a>, por exemplo.<\/p>\n\n\n\t<p>\n\t\t<a href=\"https:\/\/lp.suno.com.br\/ebook-como-analisar-uma-acao\/\" target=\"_blank\" data-element=\"shortcode-suno-banner\" title=\"Banner SUNO, clique e saiba mais\">\n\t\t\t<picture>\n\t\t\t\t<source media=\"(max-width: 500px)\" srcset=\"https:\/\/files.sunoresearch.com.br\/n\/uploads\/2023\/03\/Ebook-Acoes-Mobile.jpg\">\n\t\t\t\t<img class=\"newsContent__article__imgCapa newsContent__article__imgCapa--banner\"\n\t\t\t\t\tsrc=\"https:\/\/files.sunoresearch.com.br\/n\/uploads\/2023\/03\/Ebook-Acoes-Desktop.jpg\"\n\t\t\t\t\tdata-promo-id=\"378302\"\t\t\t\t\t\t\t\t\t\twidth='1420' height='286'\t\t\t\t\talt=\"https:\/\/files.sunoresearch.com.br\/n\/uploads\/2023\/03\/Ebook-Acoes-Desktop.jpg\"\n\t\t\t\t>\n\t\t\t<\/picture>\n\t\t<\/a>\n\t<\/p>\n\n\n\n\n\n<h2 class=\"wp-block-heading\">Via surfa na onda do Desenrola: veja como renegociar d\u00edvidas com Casas Bahia e Ponto com vantagens<\/h2>\n\n\n\n<p>As empresas de varejo est\u00e3o aproveitando o momento do in\u00edcio do programa&nbsp;<strong>Desenrola Brasil<\/strong>, do Governo Federal, para renegociar d\u00edvidas internas com seus clientes. Esses d\u00e9bitos dos consumidores v\u00eam principalmente de cart\u00f5es n\u00e3o bandeirados e dos carn\u00eas. A medida inclui as companhias que est\u00e3o sob a propriedade da<strong>&nbsp;Via<\/strong>, conforme noticiado pelo portal Extra.<\/p>\n\n\n\n<p>Assim, dois exemplos de empresas que est\u00e3o aderindo a esse&nbsp;<strong>mutir\u00e3o de renegocia\u00e7\u00e3o de d\u00edvidas<\/strong>&nbsp;s\u00e3o Casas Bahia e Ponto, pertencentes \u00e0 Via, com uma campanha que come\u00e7a hoje (25) e vai durar at\u00e9 o dia 31 de agosto de 2023.<\/p>\n\n\n\n<p>Assim, os clientes dessas duas lojas poder\u00e3o&nbsp;<a href=\"https:\/\/www.suno.com.br\/noticias\/desenrola-comeca-hoje-veja-detalhes-evm\/\" target=\"_blank\" rel=\"noreferrer noopener\"><strong>renegociar d\u00edvidas<\/strong><\/a>&nbsp;em aberto sem pagar multa e juros. Al\u00e9m disso, essa renegocia\u00e7\u00e3o prev\u00ea o parcelamento de at\u00e9 36 vezes, embora as condi\u00e7\u00f5es de pagamento v\u00e3o depender da situa\u00e7\u00e3o de cada consumidor.<\/p>\n\n\n\n<p>Al\u00e9m dessas vantagens j\u00e1 citadas para a renegocia\u00e7\u00e3o de d\u00edvidas com&nbsp;<strong>Casas Bahia&nbsp;<\/strong>e&nbsp;<strong>Ponto<\/strong>, ainda existe a possibilidade de ter redu\u00e7\u00e3o no valor de entrada e a obten\u00e7\u00e3o de descontos.<\/p>\n\n\n\n<p>Apesar disso, nem todos os d\u00e9bitos poder\u00e3o ter essas condi\u00e7\u00f5es. Para que a negocia\u00e7\u00e3o possa ser feita com essas vantagens, as d\u00edvidas devem ter sido feitas at\u00e9 o dia 31 de dezembro de 2022 no carn\u00ea.<\/p>\n\n\n\n<p>Segundo a Via, a estimativa \u00e9 de que mais de 1,5 milh\u00e3o de clientes dessas empresas possam ter suas d\u00edvidas renegociadas, regularizando-se assim as pend\u00eancias.<\/p>\n\n\n\n<p>Para&nbsp;<strong>renegociar as d\u00edvidas<\/strong>&nbsp;com as Casas Bahia e Ponto, os consumidores poder\u00e3o optar por ir diretamente a uma de suas lojas, ou regularizar as pend\u00eancias de forma online.<\/p>\n\n\n\n<p>Nesse caso, as Casas Bahia disponibiliza 4 formatos a dist\u00e2ncia:<\/p>\n\n\n\n<ol class=\"wp-block-list\" type=\"1\" start=\"1\">\n<li>Ligando na Central de Atendimento, pelo n\u00famero 0800 025 8880;<\/li>\n\n\n\n<li>Acessando o&nbsp;<a href=\"https:\/\/renegocie.casasbahia.com.br\/#\/\">Portal do Carn\u00ea<\/a>;<\/li>\n\n\n\n<li>Renegociando pelo WhatsApp, no n\u00famero 41 9951-2321;<\/li>\n\n\n\n<li>Usando o aplicativo do BanQi.<\/li>\n<\/ol>\n\n\n\n<p>No Ponto tamb\u00e9m s\u00e3o 4 possibilidades de renegocia\u00e7\u00e3o sem precisar ir a uma loja:<\/p>\n\n\n\n<ol class=\"wp-block-list\" type=\"1\" start=\"1\">\n<li>Ligando na Central de Atendimento, pelo n\u00famero 0800 022 1400;<\/li>\n\n\n\n<li>Acessando o&nbsp;<a href=\"https:\/\/renegocie.pontofrio.com.br\/#\/\">Portal do Carn\u00ea<\/a>;<\/li>\n\n\n\n<li>Renegociando pelo WhatsApp, no n\u00famero 41 98512-0885;<\/li>\n\n\n\n<li>Usando o aplicativo do BanQi.<\/li>\n<\/ol>\n\n\n\n<p>No caso das d\u00edvidas em aberto no&nbsp;<a href=\"https:\/\/www.suno.com.br\/artigos\/cartao-de-credito\/\" target=\"_blank\" rel=\"noreferrer noopener\">cart\u00e3o de cr\u00e9dito<\/a>, a renegocia\u00e7\u00e3o tamb\u00e9m pode ser feita, mas o processo \u00e9 um pouco diferente dos carn\u00eas. Nesse caso, a regulariza\u00e7\u00e3o deve ser tratada diretamente com os bancos operadores. Nas Casas Bahia, o operador \u00e9 o&nbsp;<strong>Ita\u00fa<\/strong>, enquanto no Ponto \u00e9 o&nbsp;<strong>Bradesco<\/strong>.<\/p>\n\n\n\n<p>Al\u00e9m das empresas da&nbsp;<strong>Via<\/strong>, outras varejistas tamb\u00e9m podem entrar em per\u00edodo de renegocia\u00e7\u00e3o de d\u00edvidas. Esse \u00e9 o caso das&nbsp;Lojas Renner, que optou por aderir ao Desenrola. No entanto, Pernambucanas e&nbsp;Magazine Luiza, por exemplo, ainda n\u00e3o trouxeram uma confirma\u00e7\u00e3o para a tomada de a\u00e7\u00f5es desse tipo.<a href=\"https:\/\/lp.suno.com.br\/planilha-de-controle-de-investimentos\/?_fs=16441831047-15160671413\" target=\"_blank\" rel=\"noreferrer noopener\"><\/a><\/p>\n\n\n\t<p>\n\t\t<a href=\"https:\/\/lp.suno.com.br\/plataforma-de-controle-de-investimentos\/\" target=\"_blank\" data-element=\"shortcode-suno-banner\" title=\"Banner SUNO, clique e saiba mais\">\n\t\t\t<picture>\n\t\t\t\t<source media=\"(max-width: 500px)\" srcset=\"https:\/\/files.sunoresearch.com.br\/n\/uploads\/2023\/03\/400x300-Controle-de-Investimentos.png\">\n\t\t\t\t<img class=\"newsContent__article__imgCapa newsContent__article__imgCapa--banner\"\n\t\t\t\t\tsrc=\"https:\/\/files.sunoresearch.com.br\/n\/uploads\/2023\/03\/1420x240-Controle-de-Investimentos.png\"\n\t\t\t\t\tdata-promo-id=\"383162\"\t\t\t\t\t\t\t\t\t\twidth='1420' height='240'\t\t\t\t\talt=\"https:\/\/files.sunoresearch.com.br\/n\/uploads\/2023\/03\/1420x240-Controle-de-Investimentos.png\"\n\t\t\t\t>\n\t\t\t<\/picture>\n\t\t<\/a>\n\t<\/p>\n\n\n","protected":false},"excerpt":{"rendered":"<p>As a\u00e7\u00f5es de Via\u00a0(VIIA3)\u00a0e\u00a0Magazine Luiza (MGLU3)\u00a0fecharam em forte queda nesta quinta-feira (3) no Ibovespa, enquanto empresas do ramo da constru\u00e7\u00e3o subiram, impulsionadas pela decis\u00e3o n\u00e3o un\u00e2nime do Comit\u00ea de\u00a0Pol\u00edtica Monet\u00e1ria\u00a0(Copom) de cortar a\u00a0taxa Selic\u00a0pela primeira vez em tr\u00eas anos. Via (VIIA3) &#8211; Foto: Reprodu\u00e7\u00e3o Facebook No fechamento, os\u00a0pap\u00e9is da Via\u00a0recuaram 8,65%, cotados a R$ 1,94, [&hellip;]<\/p>\n","protected":false},"author":313,"featured_media":139588,"comment_status":"closed","ping_status":"closed","sticky":false,"template":"","format":"standard","meta":[],"categories":[64],"tags":[286,362,443,446,473,2686,542,548,1235,97380,106935],"suno_strategy":[],"class_list":["post-437860","post","type-post","status-publish","format-standard","has-post-thumbnail","hentry","category-negocios","tag-acoes","tag-arezzo-arzz3","tag-cyrela-cyre3","tag-direcional-dirr3","tag-eztec-eztc3","tag-grupo-soma-soma3","tag-lojas-renner-lren3","tag-magazine-luiza-mglu3","tag-mercado-livre-meli34","tag-petz-petz3","tag-via-viia3"],"yoast_head":"<!-- This site is optimized with the Yoast SEO plugin v24.4 - https:\/\/yoast.com\/wordpress\/plugins\/seo\/ -->\n<title>Via (VIIA3) e Magazine Luiza (MGLU3) t\u00eam dire\u00e7\u00f5es opostas no Ibovespa<\/title>\n<meta name=\"description\" content=\"As a\u00e7\u00f5es de Via\u00a0(VIIA3)\u00a0e\u00a0Magazine Luiza (MGLU3)\u00a0operam em lados opostos no Ibovespa desta quinta-feira (3) no Ibovespa. Saiba mais!\" \/>\n<meta name=\"robots\" content=\"index, follow, max-snippet:-1, max-image-preview:large, max-video-preview:-1\" \/>\n<link rel=\"canonical\" href=\"https:\/\/www.suno.com.br\/noticias\/via-viia3-e-magazine-luiza-mglu3-ibovespa-gpj\/\" \/>\n<meta property=\"og:locale\" content=\"pt_BR\" \/>\n<meta property=\"og:type\" content=\"article\" \/>\n<meta property=\"og:title\" content=\"Via (VIIA3) e Magazine Luiza (MGLU3) t\u00eam dire\u00e7\u00f5es opostas no Ibovespa\" \/>\n<meta property=\"og:description\" content=\"As a\u00e7\u00f5es de Via\u00a0(VIIA3)\u00a0e\u00a0Magazine Luiza (MGLU3)\u00a0operam em lados opostos no Ibovespa desta quinta-feira (3) no Ibovespa. Saiba mais!\" \/>\n<meta property=\"og:url\" content=\"https:\/\/www.suno.com.br\/noticias\/via-viia3-e-magazine-luiza-mglu3-ibovespa-gpj\/\" \/>\n<meta property=\"og:site_name\" content=\"Suno Not\u00edcias\" \/>\n<meta property=\"article:publisher\" content=\"https:\/\/facebook.com\/sunoresearch\" \/>\n<meta property=\"og:image\" content=\"https:\/\/files.sunoresearch.com.br\/n\/uploads\/2021\/04\/93afd5e5-173006906_4275939552467006_8846856973835887453_n-e1618439415313.jpg\" \/>\n\t<meta property=\"og:image:width\" content=\"2000\" \/>\n\t<meta property=\"og:image:height\" content=\"1465\" \/>\n\t<meta property=\"og:image:type\" content=\"image\/jpeg\" \/>\n<meta name=\"author\" content=\"Giovanni Porf\u00edrio Jacomino\" \/>\n<meta name=\"twitter:card\" content=\"summary_large_image\" \/>\n<meta name=\"twitter:creator\" content=\"@sunoresearch\" \/>\n<meta name=\"twitter:site\" content=\"@sunoresearch\" \/>\n<meta name=\"twitter:label1\" content=\"Escrito por\" \/>\n\t<meta name=\"twitter:data1\" content=\"Giovanni Porf\u00edrio Jacomino\" \/>\n\t<meta name=\"twitter:label2\" content=\"Est. tempo de leitura\" \/>\n\t<meta name=\"twitter:data2\" content=\"9 minutos\" \/>\n<script type=\"application\/ld+json\" class=\"yoast-schema-graph\">{\"@context\":\"https:\/\/schema.org\",\"@graph\":[{\"@type\":\"NewsArticle\",\"@id\":\"https:\/\/www.suno.com.br\/noticias\/via-viia3-e-magazine-luiza-mglu3-ibovespa-gpj\/#article\",\"isPartOf\":{\"@id\":\"https:\/\/www.suno.com.br\/noticias\/via-viia3-e-magazine-luiza-mglu3-ibovespa-gpj\/\"},\"author\":{\"name\":\"Giovanni Porf\u00edrio Jacomino\",\"@id\":\"https:\/\/www.suno.com.br\/noticias\/#\/schema\/person\/d0f32748bbca4bee871fa191ee4e2d40\"},\"headline\":\"Nem o Copom salvou: por que Via (VIIA3) e Magazine Luiza (MGLU3) fecharam em forte queda no Ibovespa?\",\"datePublished\":\"2023-08-03T17:02:18+00:00\",\"dateModified\":\"2023-08-03T20:47:05+00:00\",\"mainEntityOfPage\":{\"@id\":\"https:\/\/www.suno.com.br\/noticias\/via-viia3-e-magazine-luiza-mglu3-ibovespa-gpj\/\"},\"wordCount\":1723,\"publisher\":{\"@id\":\"https:\/\/www.suno.com.br\/noticias\/#organization\"},\"image\":{\"@id\":\"https:\/\/www.suno.com.br\/noticias\/via-viia3-e-magazine-luiza-mglu3-ibovespa-gpj\/#primaryimage\"},\"thumbnailUrl\":\"https:\/\/files.sunoresearch.com.br\/n\/uploads\/2021\/04\/93afd5e5-173006906_4275939552467006_8846856973835887453_n-e1618439415313-jpg.webp\",\"keywords\":[\"A\u00e7\u00f5es\",\"Arezzo (ARZZ3)\",\"Cyrela (CYRE3)\",\"Direcional (DIRR3)\",\"Eztec (EZTC3)\",\"Grupo Soma (SOMA3)\",\"Lojas Renner (LREN3)\",\"Magazine Luiza (MGLU3)\",\"Mercado Livre (MELI34)\",\"Petz (PETZ3)\",\"Via (VIIA3)\"],\"articleSection\":[\"Neg\u00f3cios\"],\"inLanguage\":\"pt-BR\"},{\"@type\":\"WebPage\",\"@id\":\"https:\/\/www.suno.com.br\/noticias\/via-viia3-e-magazine-luiza-mglu3-ibovespa-gpj\/\",\"url\":\"https:\/\/www.suno.com.br\/noticias\/via-viia3-e-magazine-luiza-mglu3-ibovespa-gpj\/\",\"name\":\"Via (VIIA3) e Magazine Luiza (MGLU3) t\u00eam dire\u00e7\u00f5es opostas no Ibovespa\",\"isPartOf\":{\"@id\":\"https:\/\/www.suno.com.br\/noticias\/#website\"},\"primaryImageOfPage\":{\"@id\":\"https:\/\/www.suno.com.br\/noticias\/via-viia3-e-magazine-luiza-mglu3-ibovespa-gpj\/#primaryimage\"},\"image\":{\"@id\":\"https:\/\/www.suno.com.br\/noticias\/via-viia3-e-magazine-luiza-mglu3-ibovespa-gpj\/#primaryimage\"},\"thumbnailUrl\":\"https:\/\/files.sunoresearch.com.br\/n\/uploads\/2021\/04\/93afd5e5-173006906_4275939552467006_8846856973835887453_n-e1618439415313-jpg.webp\",\"datePublished\":\"2023-08-03T17:02:18+00:00\",\"dateModified\":\"2023-08-03T20:47:05+00:00\",\"description\":\"As a\u00e7\u00f5es de Via\u00a0(VIIA3)\u00a0e\u00a0Magazine Luiza (MGLU3)\u00a0operam em lados opostos no Ibovespa desta quinta-feira (3) no Ibovespa. Saiba mais!\",\"breadcrumb\":{\"@id\":\"https:\/\/www.suno.com.br\/noticias\/via-viia3-e-magazine-luiza-mglu3-ibovespa-gpj\/#breadcrumb\"},\"inLanguage\":\"pt-BR\",\"potentialAction\":[{\"@type\":\"ReadAction\",\"target\":[\"https:\/\/www.suno.com.br\/noticias\/via-viia3-e-magazine-luiza-mglu3-ibovespa-gpj\/\"]}]},{\"@type\":\"ImageObject\",\"inLanguage\":\"pt-BR\",\"@id\":\"https:\/\/www.suno.com.br\/noticias\/via-viia3-e-magazine-luiza-mglu3-ibovespa-gpj\/#primaryimage\",\"url\":\"https:\/\/files.sunoresearch.com.br\/n\/uploads\/2021\/04\/93afd5e5-173006906_4275939552467006_8846856973835887453_n-e1618439415313-jpg.webp\",\"contentUrl\":\"https:\/\/files.sunoresearch.com.br\/n\/uploads\/2021\/04\/93afd5e5-173006906_4275939552467006_8846856973835887453_n-e1618439415313-jpg.webp\",\"width\":2000,\"height\":1465,\"caption\":\"Via (VIIA3) - Foto: Reprodu\u00e7\u00e3o Facebook\"},{\"@type\":\"BreadcrumbList\",\"@id\":\"https:\/\/www.suno.com.br\/noticias\/via-viia3-e-magazine-luiza-mglu3-ibovespa-gpj\/#breadcrumb\",\"itemListElement\":[{\"@type\":\"ListItem\",\"position\":1,\"name\":\"Not\u00edcias\",\"item\":\"https:\/\/www.suno.com.br\/noticias\/\"},{\"@type\":\"ListItem\",\"position\":2,\"name\":\"Neg\u00f3cios\",\"item\":\"https:\/\/www.suno.com.br\/noticias\/negocios\/\"},{\"@type\":\"ListItem\",\"position\":3,\"name\":\"Nem o Copom salvou: por que Via (VIIA3) e Magazine Luiza (MGLU3) fecharam em forte queda no Ibovespa?\"}]},{\"@type\":\"WebSite\",\"@id\":\"https:\/\/www.suno.com.br\/noticias\/#website\",\"url\":\"https:\/\/www.suno.com.br\/noticias\/\",\"name\":\"Suno Not\u00edcias\",\"description\":\"Seu portal de informa\u00e7\u00e3o sobre o mundo dos investimentos\",\"publisher\":{\"@id\":\"https:\/\/www.suno.com.br\/noticias\/#organization\"},\"potentialAction\":[{\"@type\":\"SearchAction\",\"target\":{\"@type\":\"EntryPoint\",\"urlTemplate\":\"https:\/\/www.suno.com.br\/noticias\/?s={search_term_string}\"},\"query-input\":{\"@type\":\"PropertyValueSpecification\",\"valueRequired\":true,\"valueName\":\"search_term_string\"}}],\"inLanguage\":\"pt-BR\"},{\"@type\":\"Organization\",\"@id\":\"https:\/\/www.suno.com.br\/noticias\/#organization\",\"name\":\"Suno Not\u00edcias\",\"url\":\"https:\/\/www.suno.com.br\/noticias\/\",\"logo\":{\"@type\":\"ImageObject\",\"inLanguage\":\"pt-BR\",\"@id\":\"https:\/\/www.suno.com.br\/noticias\/#\/schema\/logo\/image\/\",\"url\":\"https:\/\/files.sunoresearch.com.br\/n\/uploads\/2021\/09\/suno-logo.png\",\"contentUrl\":\"https:\/\/files.sunoresearch.com.br\/n\/uploads\/2021\/09\/suno-logo.png\",\"width\":180,\"height\":180,\"caption\":\"Suno Not\u00edcias\"},\"image\":{\"@id\":\"https:\/\/www.suno.com.br\/noticias\/#\/schema\/logo\/image\/\"},\"sameAs\":[\"https:\/\/facebook.com\/sunoresearch\",\"https:\/\/x.com\/sunoresearch\",\"https:\/\/www.instagram.com\/suno\",\"https:\/\/www.linkedin.com\/company\/suno-research\/\",\"https:\/\/www.youtube.com\/c\/sunoresearch\"]},{\"@type\":\"Person\",\"@id\":\"https:\/\/www.suno.com.br\/noticias\/#\/schema\/person\/d0f32748bbca4bee871fa191ee4e2d40\",\"name\":\"Giovanni Porf\u00edrio Jacomino\",\"image\":{\"@type\":\"ImageObject\",\"inLanguage\":\"pt-BR\",\"@id\":\"https:\/\/www.suno.com.br\/noticias\/#\/schema\/person\/image\/\",\"url\":\"https:\/\/secure.gravatar.com\/avatar\/efb32e19b730a121cb7a80f41ffec01a?s=96&r=g\",\"contentUrl\":\"https:\/\/secure.gravatar.com\/avatar\/efb32e19b730a121cb7a80f41ffec01a?s=96&r=g\",\"caption\":\"Giovanni Porf\u00edrio Jacomino\"},\"description\":\"Giovanni Porf\u00edrio Jacomino \u00e9 jornalista formado pela Universidade Estadual de Londrina (UEL) e p\u00f3s-graduado em Produ\u00e7\u00e3o e Pr\u00e1ticas Jornal\u00edsticas na Contemporaneidade na Faculdade C\u00e1sper L\u00edbero (FCL). Foi editor web no Startupi e no Finsiders, atuando ainda como editor no TC Mover, portal de not\u00edcias da TradersClub, fazendo a cobertura de assuntos relacionados ao mercado financeiro interno e externo. Atualmente, \u00e9 Rep\u00f3rter do Suno Not\u00edcias.\",\"url\":\"https:\/\/www.suno.com.br\/noticias\/author\/giovanni-porfiriosuno-com-br\/\"}]}<\/script>\n<!-- \/ Yoast SEO plugin. -->","yoast_head_json":{"title":"Via (VIIA3) e Magazine Luiza (MGLU3) t\u00eam dire\u00e7\u00f5es opostas no Ibovespa","description":"As a\u00e7\u00f5es de Via\u00a0(VIIA3)\u00a0e\u00a0Magazine Luiza (MGLU3)\u00a0operam em lados opostos no Ibovespa desta quinta-feira (3) no Ibovespa. Saiba mais!","robots":{"index":"index","follow":"follow","max-snippet":"max-snippet:-1","max-image-preview":"max-image-preview:large","max-video-preview":"max-video-preview:-1"},"canonical":"https:\/\/www.suno.com.br\/noticias\/via-viia3-e-magazine-luiza-mglu3-ibovespa-gpj\/","og_locale":"pt_BR","og_type":"article","og_title":"Via (VIIA3) e Magazine Luiza (MGLU3) t\u00eam dire\u00e7\u00f5es opostas no Ibovespa","og_description":"As a\u00e7\u00f5es de Via\u00a0(VIIA3)\u00a0e\u00a0Magazine Luiza (MGLU3)\u00a0operam em lados opostos no Ibovespa desta quinta-feira (3) no Ibovespa. Saiba mais!","og_url":"https:\/\/www.suno.com.br\/noticias\/via-viia3-e-magazine-luiza-mglu3-ibovespa-gpj\/","og_site_name":"Suno Not\u00edcias","article_publisher":"https:\/\/facebook.com\/sunoresearch","og_image":[{"width":2000,"height":1465,"url":"https:\/\/files.sunoresearch.com.br\/n\/uploads\/2021\/04\/93afd5e5-173006906_4275939552467006_8846856973835887453_n-e1618439415313.jpg","type":"image\/jpeg"}],"author":"Giovanni Porf\u00edrio Jacomino","twitter_card":"summary_large_image","twitter_creator":"@sunoresearch","twitter_site":"@sunoresearch","twitter_misc":{"Escrito por":"Giovanni Porf\u00edrio Jacomino","Est. tempo de leitura":"9 minutos"},"schema":{"@context":"https:\/\/schema.org","@graph":[{"@type":"NewsArticle","@id":"https:\/\/www.suno.com.br\/noticias\/via-viia3-e-magazine-luiza-mglu3-ibovespa-gpj\/#article","isPartOf":{"@id":"https:\/\/www.suno.com.br\/noticias\/via-viia3-e-magazine-luiza-mglu3-ibovespa-gpj\/"},"author":{"name":"Giovanni Porf\u00edrio Jacomino","@id":"https:\/\/www.suno.com.br\/noticias\/#\/schema\/person\/d0f32748bbca4bee871fa191ee4e2d40"},"headline":"Nem o Copom salvou: por que Via (VIIA3) e Magazine Luiza (MGLU3) fecharam em forte queda no Ibovespa?","datePublished":"2023-08-03T17:02:18+00:00","dateModified":"2023-08-03T20:47:05+00:00","mainEntityOfPage":{"@id":"https:\/\/www.suno.com.br\/noticias\/via-viia3-e-magazine-luiza-mglu3-ibovespa-gpj\/"},"wordCount":1723,"publisher":{"@id":"https:\/\/www.suno.com.br\/noticias\/#organization"},"image":{"@id":"https:\/\/www.suno.com.br\/noticias\/via-viia3-e-magazine-luiza-mglu3-ibovespa-gpj\/#primaryimage"},"thumbnailUrl":"https:\/\/files.sunoresearch.com.br\/n\/uploads\/2021\/04\/93afd5e5-173006906_4275939552467006_8846856973835887453_n-e1618439415313-jpg.webp","keywords":["A\u00e7\u00f5es","Arezzo (ARZZ3)","Cyrela (CYRE3)","Direcional (DIRR3)","Eztec (EZTC3)","Grupo Soma (SOMA3)","Lojas Renner (LREN3)","Magazine Luiza (MGLU3)","Mercado Livre (MELI34)","Petz (PETZ3)","Via (VIIA3)"],"articleSection":["Neg\u00f3cios"],"inLanguage":"pt-BR"},{"@type":"WebPage","@id":"https:\/\/www.suno.com.br\/noticias\/via-viia3-e-magazine-luiza-mglu3-ibovespa-gpj\/","url":"https:\/\/www.suno.com.br\/noticias\/via-viia3-e-magazine-luiza-mglu3-ibovespa-gpj\/","name":"Via (VIIA3) e Magazine Luiza (MGLU3) t\u00eam dire\u00e7\u00f5es opostas no Ibovespa","isPartOf":{"@id":"https:\/\/www.suno.com.br\/noticias\/#website"},"primaryImageOfPage":{"@id":"https:\/\/www.suno.com.br\/noticias\/via-viia3-e-magazine-luiza-mglu3-ibovespa-gpj\/#primaryimage"},"image":{"@id":"https:\/\/www.suno.com.br\/noticias\/via-viia3-e-magazine-luiza-mglu3-ibovespa-gpj\/#primaryimage"},"thumbnailUrl":"https:\/\/files.sunoresearch.com.br\/n\/uploads\/2021\/04\/93afd5e5-173006906_4275939552467006_8846856973835887453_n-e1618439415313-jpg.webp","datePublished":"2023-08-03T17:02:18+00:00","dateModified":"2023-08-03T20:47:05+00:00","description":"As a\u00e7\u00f5es de Via\u00a0(VIIA3)\u00a0e\u00a0Magazine Luiza (MGLU3)\u00a0operam em lados opostos no Ibovespa desta quinta-feira (3) no Ibovespa. Saiba mais!","breadcrumb":{"@id":"https:\/\/www.suno.com.br\/noticias\/via-viia3-e-magazine-luiza-mglu3-ibovespa-gpj\/#breadcrumb"},"inLanguage":"pt-BR","potentialAction":[{"@type":"ReadAction","target":["https:\/\/www.suno.com.br\/noticias\/via-viia3-e-magazine-luiza-mglu3-ibovespa-gpj\/"]}]},{"@type":"ImageObject","inLanguage":"pt-BR","@id":"https:\/\/www.suno.com.br\/noticias\/via-viia3-e-magazine-luiza-mglu3-ibovespa-gpj\/#primaryimage","url":"https:\/\/files.sunoresearch.com.br\/n\/uploads\/2021\/04\/93afd5e5-173006906_4275939552467006_8846856973835887453_n-e1618439415313-jpg.webp","contentUrl":"https:\/\/files.sunoresearch.com.br\/n\/uploads\/2021\/04\/93afd5e5-173006906_4275939552467006_8846856973835887453_n-e1618439415313-jpg.webp","width":2000,"height":1465,"caption":"Via (VIIA3) - Foto: Reprodu\u00e7\u00e3o Facebook"},{"@type":"BreadcrumbList","@id":"https:\/\/www.suno.com.br\/noticias\/via-viia3-e-magazine-luiza-mglu3-ibovespa-gpj\/#breadcrumb","itemListElement":[{"@type":"ListItem","position":1,"name":"Not\u00edcias","item":"https:\/\/www.suno.com.br\/noticias\/"},{"@type":"ListItem","position":2,"name":"Neg\u00f3cios","item":"https:\/\/www.suno.com.br\/noticias\/negocios\/"},{"@type":"ListItem","position":3,"name":"Nem o Copom salvou: por que Via (VIIA3) e Magazine Luiza (MGLU3) fecharam em forte queda no Ibovespa?"}]},{"@type":"WebSite","@id":"https:\/\/www.suno.com.br\/noticias\/#website","url":"https:\/\/www.suno.com.br\/noticias\/","name":"Suno Not\u00edcias","description":"Seu portal de informa\u00e7\u00e3o sobre o mundo dos investimentos","publisher":{"@id":"https:\/\/www.suno.com.br\/noticias\/#organization"},"potentialAction":[{"@type":"SearchAction","target":{"@type":"EntryPoint","urlTemplate":"https:\/\/www.suno.com.br\/noticias\/?s={search_term_string}"},"query-input":{"@type":"PropertyValueSpecification","valueRequired":true,"valueName":"search_term_string"}}],"inLanguage":"pt-BR"},{"@type":"Organization","@id":"https:\/\/www.suno.com.br\/noticias\/#organization","name":"Suno Not\u00edcias","url":"https:\/\/www.suno.com.br\/noticias\/","logo":{"@type":"ImageObject","inLanguage":"pt-BR","@id":"https:\/\/www.suno.com.br\/noticias\/#\/schema\/logo\/image\/","url":"https:\/\/files.sunoresearch.com.br\/n\/uploads\/2021\/09\/suno-logo.png","contentUrl":"https:\/\/files.sunoresearch.com.br\/n\/uploads\/2021\/09\/suno-logo.png","width":180,"height":180,"caption":"Suno Not\u00edcias"},"image":{"@id":"https:\/\/www.suno.com.br\/noticias\/#\/schema\/logo\/image\/"},"sameAs":["https:\/\/facebook.com\/sunoresearch","https:\/\/x.com\/sunoresearch","https:\/\/www.instagram.com\/suno","https:\/\/www.linkedin.com\/company\/suno-research\/","https:\/\/www.youtube.com\/c\/sunoresearch"]},{"@type":"Person","@id":"https:\/\/www.suno.com.br\/noticias\/#\/schema\/person\/d0f32748bbca4bee871fa191ee4e2d40","name":"Giovanni Porf\u00edrio Jacomino","image":{"@type":"ImageObject","inLanguage":"pt-BR","@id":"https:\/\/www.suno.com.br\/noticias\/#\/schema\/person\/image\/","url":"https:\/\/secure.gravatar.com\/avatar\/efb32e19b730a121cb7a80f41ffec01a?s=96&r=g","contentUrl":"https:\/\/secure.gravatar.com\/avatar\/efb32e19b730a121cb7a80f41ffec01a?s=96&r=g","caption":"Giovanni Porf\u00edrio Jacomino"},"description":"Giovanni Porf\u00edrio Jacomino \u00e9 jornalista formado pela Universidade Estadual de Londrina (UEL) e p\u00f3s-graduado em Produ\u00e7\u00e3o e Pr\u00e1ticas Jornal\u00edsticas na Contemporaneidade na Faculdade C\u00e1sper L\u00edbero (FCL). Foi editor web no Startupi e no Finsiders, atuando ainda como editor no TC Mover, portal de not\u00edcias da TradersClub, fazendo a cobertura de assuntos relacionados ao mercado financeiro interno e externo. Atualmente, \u00e9 Rep\u00f3rter do Suno Not\u00edcias.","url":"https:\/\/www.suno.com.br\/noticias\/author\/giovanni-porfiriosuno-com-br\/"}]}},"default_loop_html":"<div class=\"cardsPage__listCard__boxs\"><div class=\"cardsPage__listCard__boxs__img\"><a href=\"https:\/\/www.suno.com.br\/noticias\/via-viia3-e-magazine-luiza-mglu3-ibovespa-gpj\/\"><img class=\"mask\" src=\"https:\/\/www.suno.com.br\/noticias\/wp-content\/themes\/suno\/resources\/images\/spotlight\/spotlight1img\/bg-mask.png\" alt=\"Image Mask\"\/><img src=\"https:\/\/files.sunoresearch.com.br\/n\/uploads\/2021\/04\/93afd5e5-173006906_4275939552467006_8846856973835887453_n-e1618439415313-400x200.webp\" alt=\"Nem o Copom salvou: por que Via (VIIA3) e Magazine Luiza (MGLU3) fecharam em forte queda no Ibovespa?\"\/><\/a><span class=\"spotlightCategory\"><a href=\"https:\/\/www.suno.com.br\/noticias\/negocios\/\">Neg\u00f3cios<\/a><\/span><\/div><div class=\"cardsPage__listCard__boxs__content\"><a href=\"https:\/\/www.suno.com.br\/noticias\/via-viia3-e-magazine-luiza-mglu3-ibovespa-gpj\/\"><h2 class=\"content__title\">Nem o Copom salvou: por que Via (VIIA3) e Magazine Luiza (MGLU3) fecharam em forte queda no Ibovespa?<\/h2><\/a><div class=\"newsContent__article__meta\"><div class=\"newsContent__article__meta__authorBox\"><a href=\"https:\/\/www.suno.com.br\/noticias\/author\/marco-lopes\/\" class=\"authorBox__avatar noMobi\"><img src=\"https:\/\/secure.gravatar.com\/avatar\/385167b012fbc1cde32c5446ee253313?s=96&#038;r=g\" alt=\"Marco Ant\u00f4nio Lopes\"><\/a><div class=\"authorBox__name\"><span>por\n\t\t\t<a href=\"https:\/\/www.suno.com.br\/noticias\/author\/marco-lopes\/\"><span itemprop=\"author\">Marco Ant\u00f4nio Lopes<\/span><\/a><\/span><time datetime=\"2023-08-03T14:02:18-03:00\" itemprop=\"datePublished\">03\/08\/2023 14:02<\/time><\/div><\/div><\/div><\/div><\/div>","single_layout":"posts","amp_enabled":true,"_links":{"self":[{"href":"https:\/\/www.suno.com.br\/noticias\/wp-json\/wp\/v2\/posts\/437860"}],"collection":[{"href":"https:\/\/www.suno.com.br\/noticias\/wp-json\/wp\/v2\/posts"}],"about":[{"href":"https:\/\/www.suno.com.br\/noticias\/wp-json\/wp\/v2\/types\/post"}],"author":[{"embeddable":true,"href":"https:\/\/www.suno.com.br\/noticias\/wp-json\/wp\/v2\/users\/313"}],"replies":[{"embeddable":true,"href":"https:\/\/www.suno.com.br\/noticias\/wp-json\/wp\/v2\/comments?post=437860"}],"version-history":[{"count":2,"href":"https:\/\/www.suno.com.br\/noticias\/wp-json\/wp\/v2\/posts\/437860\/revisions"}],"predecessor-version":[{"id":438038,"href":"https:\/\/www.suno.com.br\/noticias\/wp-json\/wp\/v2\/posts\/437860\/revisions\/438038"}],"wp:featuredmedia":[{"embeddable":true,"href":"https:\/\/www.suno.com.br\/noticias\/wp-json\/wp\/v2\/media\/139588"}],"wp:attachment":[{"href":"https:\/\/www.suno.com.br\/noticias\/wp-json\/wp\/v2\/media?parent=437860"}],"wp:term":[{"taxonomy":"category","embeddable":true,"href":"https:\/\/www.suno.com.br\/noticias\/wp-json\/wp\/v2\/categories?post=437860"},{"taxonomy":"post_tag","embeddable":true,"href":"https:\/\/www.suno.com.br\/noticias\/wp-json\/wp\/v2\/tags?post=437860"},{"taxonomy":"suno_strategy","embeddable":true,"href":"https:\/\/www.suno.com.br\/noticias\/wp-json\/wp\/v2\/suno_strategy?post=437860"}],"curies":[{"name":"wp","href":"https:\/\/api.w.org\/{rel}","templated":true}]}}