{"id":437277,"date":"2023-08-02T15:33:29","date_gmt":"2023-08-02T18:33:29","guid":{"rendered":"https:\/\/www.suno.com.br\/noticias\/?p=437277"},"modified":"2023-08-02T16:24:20","modified_gmt":"2023-08-02T19:24:20","slug":"americanas-amer3-fraude-credores-empaca-evm","status":"publish","type":"post","link":"https:\/\/www.suno.com.br\/noticias\/americanas-amer3-fraude-credores-empaca-evm\/","title":{"rendered":"Com fraude, Americanas (AMER3) empaca em acordo com credores"},"content":{"rendered":"<p>Com influ\u00eancia da Comiss\u00e3o Parlamentar de Inqu\u00e9rito (CPI) da <a href=\"https:\/\/www.suno.com.br\/acoes\/amer3\" target=\"_blank\" rel=\"noreferrer noopener\"><strong>Americanas<\/strong> (AMER3)<\/a>, as negocia\u00e7\u00f5es da varejista com credores empacaram.<\/p>\t<div class=\"wrapper-featured-image\">\n\t\t<figure class=\"spotlightImg\">\n\n\t\t\t<picture>\n\t\t\t\t<source media=\"(max-width: 768px)\" srcset=\"https:\/\/files.sunoresearch.com.br\/n\/uploads\/2023\/02\/Americanas-400x200.jpg\">\n\t\t\t\t<img loading=\"lazy\" decoding=\"async\" class=\"newsContent__article__imgCapa lazyloadDisabled \" src=\"https:\/\/files.sunoresearch.com.br\/n\/uploads\/2023\/02\/Americanas-800x450.jpg\" width=\"800\" height=\"450\" alt=\"Com fraude, Americanas (AMER3) empaca em acordo com credores\" fetchpriority=high \/>\n\t\t\t<\/picture>\n\n\t\t\t<figcaption class=\"wp-caption-text wp-caption-text--show\">Americanas. Foto: Wikimedia Commons<\/figcaption>\n\t\t<\/figure>\n\t<\/div>\n\n\n\n\n\n\t<p>\n\t\t<a href=\"https:\/\/lp.suno.com.br\/planilha-da-vida-financeira\/\" target=\"_blank\" data-element=\"shortcode-suno-banner\" title=\"Banner SUNO, clique e saiba mais\">\n\t\t\t<picture>\n\t\t\t\t<source media=\"(max-width: 500px)\" srcset=\"https:\/\/files.sunoresearch.com.br\/n\/uploads\/2023\/04\/400x300-Planilha-vida-financeira-true.png\">\n\t\t\t\t<img class=\"newsContent__article__imgCapa newsContent__article__imgCapa--banner\"\n\t\t\t\t\tsrc=\"https:\/\/files.sunoresearch.com.br\/n\/uploads\/2023\/04\/1420x240-Planilha-vida-financeira-true.png\"\n\t\t\t\t\tdata-promo-id=\"106682\"\t\t\t\t\t\t\t\t\t\twidth='1420' height='240'\t\t\t\t\talt=\"https:\/\/files.sunoresearch.com.br\/n\/uploads\/2023\/04\/1420x240-Planilha-vida-financeira-true.png\"\n\t\t\t\t>\n\t\t\t<\/picture>\n\t\t<\/a>\n\t<\/p>\n\n\n\n\n\n\n\n<p>Segundo informa\u00e7\u00f5es do Estado de S. Paulo, os bancos agora tem mais d\u00favidas sobre os impactos financeiros de uma fraude nas contas da Americanas.<\/p>\n\n\n\n<p>Al\u00e9m disso, a aus\u00eancia de balan\u00e7os &#8211; j\u00e1 que o mercado n\u00e3o possui dados concretos desde o terceiro trimestre de 2022 &#8211; tamb\u00e9m dificultam as negocia\u00e7\u00f5es.<\/p>\n\n\n\n<p>Esse imbr\u00f3glio pode exigir mais da Americanas, que pode ter de usar cerca de R$ 500 milh\u00f5es do debtor in possession (DIP).<\/p>\n\n\n\n<p>Vale destacar que os bancos e a varejista firmaram um acordo de cessar-fogo, suspendendo a\u00e7\u00f5es judiciais contra a empresa e os envolvidos na eventual fraude em abril. <\/p>\n\n\n\n<p>As conversas tiveram andamento, especialmente com o acordo para um aporte bilion\u00e1rio dos acionistas de refer\u00eancia, e com a apresenta\u00e7\u00e3o e o aceita do <a class=\"suno-keyword\" target=\"_blank\" data-force=\"no\" data-priority=\"1\" href=\"https:\/\/www.suno.com.br\/artigos\/plano-de-recuperacao\/\" rel=\"noopener\">plano de recupera\u00e7\u00e3o judicial<\/a> da empresa.<\/p>\n\n\n\n<p>A ideia \u00e9 chegar \u00e0 assembleia geral de credores, mas os di\u00e1logos n\u00e3o avan\u00e7aram suficientemente para tal e n\u00e3o h\u00e1 data para que isso ocorra.<\/p>\n\n\n\n\t<div data-element=\"shortcode-read-more\" class=\"readToo\">\n\t\t\t\t<span class=\"readToo__title\">Leia mais<\/span>\n\t\t\t\t<ul class=\"readToo__list\">\n\t\t\t<li><a href=\"https:\/\/www.suno.com.br\/noticias\/americanas-amer3-detalha-trabalhos-comite-apura-fraudes-gpj\/\">Americanas (AMER3) detalha trabalhos de comit\u00ea que apura fraudes na varejista<\/a><\/li><li><a href=\"https:\/\/www.suno.com.br\/noticias\/americanas-amer3-stf-decide-que-ex-ceo-tera-que-depor-mas-permite-silencio-gpj\/\">Americanas (AMER3): STF decide que ex-CEO ter\u00e1 que depor \u00e0 CPI, mas permite sil\u00eancio, diz jornal<\/a><\/li>\t\t<\/ul>\n\t<\/div>\n\n\n\n\n<h2 class=\"wp-block-heading\">Ex-CEO apresenta atestado para faltar \u00e0 CPI<\/h2>\n\n\n\n<p>Miguel Gutierrez, o ex-CEO da varejista, n\u00e3o compareceu ao depoimento da Comiss\u00e3o Parlamentar de Inqu\u00e9rito (CPI) sobre a crise da companhia. <\/p>\n\n\n\n<p>A aus\u00eancia do empres\u00e1rio na reuni\u00e3o marcada para esta ter\u00e7a-feira (1\u00ba) foi justificada com a apresenta\u00e7\u00e3o de um atestado m\u00e9dico.<\/p>\n\n\n\n<p>Um pedido de dispensa do executivo da <strong>CPI da Americanas<\/strong> j\u00e1 havia sido negado pelo Supremo Tribunal Federal (STF), na semana passada. A corte s\u00f3 havia autorizado que permanecesse em sil\u00eancio caso n\u00e3o quisesse responder \u00e0s perguntas.<\/p>\n\n\n\n<p>Nesta ter\u00e7a-feira (1\u00ba), entretanto, o advogado de <strong>Gutierrez <\/strong>protocolou um atestado m\u00e9dico informando que ele n\u00e3o est\u00e1 em condi\u00e7\u00f5es de comparecer ao compromisso. Os motivos espec\u00edficos n\u00e3o foram divulgados.<\/p>\n\n\n\n<p>Uma nova convoca\u00e7\u00e3o depende do presidente da comiss\u00e3o, o deputado Gustinho Ribeiro (Republicanos-SE).<\/p>\n\n\n\t<p>\n\t\t<a href=\"https:\/\/lp.suno.com.br\/ebook-como-analisar-uma-acao\/\" target=\"_blank\" data-element=\"shortcode-suno-banner\" title=\"Banner SUNO, clique e saiba mais\">\n\t\t\t<picture>\n\t\t\t\t<source media=\"(max-width: 500px)\" srcset=\"https:\/\/files.sunoresearch.com.br\/n\/uploads\/2023\/03\/Ebook-Acoes-Mobile.jpg\">\n\t\t\t\t<img class=\"newsContent__article__imgCapa newsContent__article__imgCapa--banner\"\n\t\t\t\t\tsrc=\"https:\/\/files.sunoresearch.com.br\/n\/uploads\/2023\/03\/Ebook-Acoes-Desktop.jpg\"\n\t\t\t\t\tdata-promo-id=\"378302\"\t\t\t\t\t\t\t\t\t\twidth='1420' height='286'\t\t\t\t\talt=\"https:\/\/files.sunoresearch.com.br\/n\/uploads\/2023\/03\/Ebook-Acoes-Desktop.jpg\"\n\t\t\t\t>\n\t\t\t<\/picture>\n\t\t<\/a>\n\t<\/p>\n\n\n\n\n\n<h2 class=\"wp-block-heading\">Americanas: Troca da PWC pela KPMG contou com aval da auditoria<\/h2>\n\n\n\n<p>Em nota oficial, a Americanas disse que &#8220;a substitui\u00e7\u00e3o da <a class=\"suno-keyword\" data-force=\"no\" data-priority=\"1\" href=\"https:\/\/www.suno.com.br\/artigos\/auditoria-externa\/\" target=\"_blank\" rel=\"noopener\">auditoria externa<\/a> KPMG pela PWC em 2019 contou com a anu\u00eancia da pr\u00f3pria empresa de auditoria, que posteriormente manteve rela\u00e7\u00e3o contratual com a Companhia&#8221;. <\/p>\n\n\n\n<p>A empresa responde \u00e0 afirma\u00e7\u00e3o da s\u00f3cia de auditoria da <strong>KPMG<\/strong>, Carla Bellangero, que segundo a Reuters afirmou que a varejista havia rescindido o contrato ap\u00f3s a auditoria comunicar falhas na governan\u00e7a da companhia, em uma carta de controles internos. <\/p>\n\n\n\n<p>A s\u00f3cia da KPMG revelou \u00e0<strong> Comiss\u00e3o Parlamentar de Inqu\u00e9rito (CPI)<\/strong> na ter\u00e7a-feira (1\u00ba) que a administra\u00e7\u00e3o da Americanas (AMER3) j\u00e1 havia recebido m\u00faltiplos avisos alertando sobre os d\u00e9ficits cont\u00e1beis. <\/p>\n\n\n\n<p>Assim sendo, a <strong>Americanas<\/strong> j\u00e1 estaria ciente dos problemas financeiros ao fazer o pedido de RJ em janeiro deste ano e revelar o esc\u00e2ndalo cont\u00e1bil estimado em mais de R$ 25 bilh\u00f5es.<\/p>\n\n\n\t<p>\n\t\t<a href=\"https:\/\/lp.suno.com.br\/planilha-da-vida-financeira\/\" target=\"_blank\" data-element=\"shortcode-suno-banner\" title=\"Banner SUNO, clique e saiba mais\">\n\t\t\t<picture>\n\t\t\t\t<source media=\"(max-width: 500px)\" srcset=\"https:\/\/files.sunoresearch.com.br\/n\/uploads\/2023\/04\/400x300-Planilha-vida-financeira-true.png\">\n\t\t\t\t<img class=\"newsContent__article__imgCapa newsContent__article__imgCapa--banner\"\n\t\t\t\t\tsrc=\"https:\/\/files.sunoresearch.com.br\/n\/uploads\/2023\/04\/1420x240-Planilha-vida-financeira-true.png\"\n\t\t\t\t\tdata-promo-id=\"383123\"\t\t\t\t\t\t\t\t\t\twidth='1420' height='240'\t\t\t\t\talt=\"https:\/\/files.sunoresearch.com.br\/n\/uploads\/2023\/04\/1420x240-Planilha-vida-financeira-true.png\"\n\t\t\t\t>\n\t\t\t<\/picture>\n\t\t<\/a>\n\t<\/p>\n\n\n","protected":false},"excerpt":{"rendered":"<p>Com influ\u00eancia da Comiss\u00e3o Parlamentar de Inqu\u00e9rito (CPI) da Americanas (AMER3), as negocia\u00e7\u00f5es da varejista com credores empacaram. Americanas. Foto: Wikimedia Commons Segundo informa\u00e7\u00f5es do Estado de S. Paulo, os bancos agora tem mais d\u00favidas sobre os impactos financeiros de uma fraude nas contas da Americanas. Al\u00e9m disso, a aus\u00eancia de balan\u00e7os &#8211; j\u00e1 que [&hellip;]<\/p>\n","protected":false},"author":73,"featured_media":366560,"comment_status":"closed","ping_status":"closed","sticky":false,"template":"","format":"standard","meta":[],"categories":[64],"tags":[106605],"suno_strategy":[],"class_list":["post-437277","post","type-post","status-publish","format-standard","has-post-thumbnail","hentry","category-negocios","tag-americanas-s-a-amer3"],"yoast_head":"<!-- This site is optimized with the Yoast SEO plugin v24.4 - https:\/\/yoast.com\/wordpress\/plugins\/seo\/ -->\n<title>Com fraude, Americanas (AMER3) empaca em acordo com credores<\/title>\n<meta name=\"description\" content=\"Al\u00e9m disso, a aus\u00eancia de balan\u00e7os - j\u00e1 que o mercado n\u00e3o possui dados concretos desde o 3T22 - tamb\u00e9m dificultam as negocia\u00e7\u00f5es\" \/>\n<meta name=\"robots\" content=\"index, follow, max-snippet:-1, max-image-preview:large, max-video-preview:-1\" \/>\n<link rel=\"canonical\" href=\"https:\/\/www.suno.com.br\/noticias\/americanas-amer3-fraude-credores-empaca-evm\/\" \/>\n<meta property=\"og:locale\" content=\"pt_BR\" \/>\n<meta property=\"og:type\" content=\"article\" \/>\n<meta property=\"og:title\" content=\"Com fraude, Americanas (AMER3) empaca em acordo com credores\" \/>\n<meta property=\"og:description\" content=\"Al\u00e9m disso, a aus\u00eancia de balan\u00e7os - j\u00e1 que o mercado n\u00e3o possui dados concretos desde o 3T22 - tamb\u00e9m dificultam as negocia\u00e7\u00f5es\" \/>\n<meta property=\"og:url\" content=\"https:\/\/www.suno.com.br\/noticias\/americanas-amer3-fraude-credores-empaca-evm\/\" \/>\n<meta property=\"og:site_name\" content=\"Suno Not\u00edcias\" \/>\n<meta property=\"article:publisher\" content=\"https:\/\/facebook.com\/sunoresearch\" \/>\n<meta property=\"og:image\" content=\"https:\/\/files.sunoresearch.com.br\/n\/uploads\/2023\/02\/Americanas.jpg\" \/>\n\t<meta property=\"og:image:width\" content=\"1200\" \/>\n\t<meta property=\"og:image:height\" content=\"1033\" \/>\n\t<meta property=\"og:image:type\" content=\"image\/jpeg\" \/>\n<meta name=\"author\" content=\"Eduardo Vargas\" \/>\n<meta name=\"twitter:card\" content=\"summary_large_image\" \/>\n<meta name=\"twitter:creator\" content=\"@sunoresearch\" \/>\n<meta name=\"twitter:site\" content=\"@sunoresearch\" \/>\n<meta name=\"twitter:label1\" content=\"Escrito por\" \/>\n\t<meta name=\"twitter:data1\" content=\"Eduardo Vargas\" \/>\n\t<meta name=\"twitter:label2\" content=\"Est. tempo de leitura\" \/>\n\t<meta name=\"twitter:data2\" content=\"3 minutos\" \/>\n<script type=\"application\/ld+json\" class=\"yoast-schema-graph\">{\"@context\":\"https:\/\/schema.org\",\"@graph\":[{\"@type\":\"NewsArticle\",\"@id\":\"https:\/\/www.suno.com.br\/noticias\/americanas-amer3-fraude-credores-empaca-evm\/#article\",\"isPartOf\":{\"@id\":\"https:\/\/www.suno.com.br\/noticias\/americanas-amer3-fraude-credores-empaca-evm\/\"},\"author\":{\"name\":\"Eduardo Vargas\",\"@id\":\"https:\/\/www.suno.com.br\/noticias\/#\/schema\/person\/7f4d362bf3518e76090143ae77bb49a5\"},\"headline\":\"Com fraude, Americanas (AMER3) empaca em acordo com credores\",\"datePublished\":\"2023-08-02T18:33:29+00:00\",\"dateModified\":\"2023-08-02T19:24:20+00:00\",\"mainEntityOfPage\":{\"@id\":\"https:\/\/www.suno.com.br\/noticias\/americanas-amer3-fraude-credores-empaca-evm\/\"},\"wordCount\":513,\"publisher\":{\"@id\":\"https:\/\/www.suno.com.br\/noticias\/#organization\"},\"image\":{\"@id\":\"https:\/\/www.suno.com.br\/noticias\/americanas-amer3-fraude-credores-empaca-evm\/#primaryimage\"},\"thumbnailUrl\":\"https:\/\/files.sunoresearch.com.br\/n\/uploads\/2023\/02\/Americanas.jpg\",\"keywords\":[\"Americanas (AMER3)\"],\"articleSection\":[\"Neg\u00f3cios\"],\"inLanguage\":\"pt-BR\"},{\"@type\":\"WebPage\",\"@id\":\"https:\/\/www.suno.com.br\/noticias\/americanas-amer3-fraude-credores-empaca-evm\/\",\"url\":\"https:\/\/www.suno.com.br\/noticias\/americanas-amer3-fraude-credores-empaca-evm\/\",\"name\":\"Com fraude, Americanas (AMER3) empaca em acordo com credores\",\"isPartOf\":{\"@id\":\"https:\/\/www.suno.com.br\/noticias\/#website\"},\"primaryImageOfPage\":{\"@id\":\"https:\/\/www.suno.com.br\/noticias\/americanas-amer3-fraude-credores-empaca-evm\/#primaryimage\"},\"image\":{\"@id\":\"https:\/\/www.suno.com.br\/noticias\/americanas-amer3-fraude-credores-empaca-evm\/#primaryimage\"},\"thumbnailUrl\":\"https:\/\/files.sunoresearch.com.br\/n\/uploads\/2023\/02\/Americanas.jpg\",\"datePublished\":\"2023-08-02T18:33:29+00:00\",\"dateModified\":\"2023-08-02T19:24:20+00:00\",\"description\":\"Al\u00e9m disso, a aus\u00eancia de balan\u00e7os - j\u00e1 que o mercado n\u00e3o possui dados concretos desde o 3T22 - tamb\u00e9m dificultam as negocia\u00e7\u00f5es\",\"breadcrumb\":{\"@id\":\"https:\/\/www.suno.com.br\/noticias\/americanas-amer3-fraude-credores-empaca-evm\/#breadcrumb\"},\"inLanguage\":\"pt-BR\",\"potentialAction\":[{\"@type\":\"ReadAction\",\"target\":[\"https:\/\/www.suno.com.br\/noticias\/americanas-amer3-fraude-credores-empaca-evm\/\"]}]},{\"@type\":\"ImageObject\",\"inLanguage\":\"pt-BR\",\"@id\":\"https:\/\/www.suno.com.br\/noticias\/americanas-amer3-fraude-credores-empaca-evm\/#primaryimage\",\"url\":\"https:\/\/files.sunoresearch.com.br\/n\/uploads\/2023\/02\/Americanas.jpg\",\"contentUrl\":\"https:\/\/files.sunoresearch.com.br\/n\/uploads\/2023\/02\/Americanas.jpg\",\"width\":1200,\"height\":1033,\"caption\":\"Americanas. Foto: Wikimedia Commons\"},{\"@type\":\"BreadcrumbList\",\"@id\":\"https:\/\/www.suno.com.br\/noticias\/americanas-amer3-fraude-credores-empaca-evm\/#breadcrumb\",\"itemListElement\":[{\"@type\":\"ListItem\",\"position\":1,\"name\":\"Not\u00edcias\",\"item\":\"https:\/\/www.suno.com.br\/noticias\/\"},{\"@type\":\"ListItem\",\"position\":2,\"name\":\"Neg\u00f3cios\",\"item\":\"https:\/\/www.suno.com.br\/noticias\/negocios\/\"},{\"@type\":\"ListItem\",\"position\":3,\"name\":\"Com fraude, Americanas (AMER3) empaca em acordo com credores\"}]},{\"@type\":\"WebSite\",\"@id\":\"https:\/\/www.suno.com.br\/noticias\/#website\",\"url\":\"https:\/\/www.suno.com.br\/noticias\/\",\"name\":\"Suno Not\u00edcias\",\"description\":\"Seu portal de informa\u00e7\u00e3o sobre o mundo dos investimentos\",\"publisher\":{\"@id\":\"https:\/\/www.suno.com.br\/noticias\/#organization\"},\"potentialAction\":[{\"@type\":\"SearchAction\",\"target\":{\"@type\":\"EntryPoint\",\"urlTemplate\":\"https:\/\/www.suno.com.br\/noticias\/?s={search_term_string}\"},\"query-input\":{\"@type\":\"PropertyValueSpecification\",\"valueRequired\":true,\"valueName\":\"search_term_string\"}}],\"inLanguage\":\"pt-BR\"},{\"@type\":\"Organization\",\"@id\":\"https:\/\/www.suno.com.br\/noticias\/#organization\",\"name\":\"Suno Not\u00edcias\",\"url\":\"https:\/\/www.suno.com.br\/noticias\/\",\"logo\":{\"@type\":\"ImageObject\",\"inLanguage\":\"pt-BR\",\"@id\":\"https:\/\/www.suno.com.br\/noticias\/#\/schema\/logo\/image\/\",\"url\":\"https:\/\/files.sunoresearch.com.br\/n\/uploads\/2021\/09\/suno-logo.png\",\"contentUrl\":\"https:\/\/files.sunoresearch.com.br\/n\/uploads\/2021\/09\/suno-logo.png\",\"width\":180,\"height\":180,\"caption\":\"Suno Not\u00edcias\"},\"image\":{\"@id\":\"https:\/\/www.suno.com.br\/noticias\/#\/schema\/logo\/image\/\"},\"sameAs\":[\"https:\/\/facebook.com\/sunoresearch\",\"https:\/\/x.com\/sunoresearch\",\"https:\/\/www.instagram.com\/suno\",\"https:\/\/www.linkedin.com\/company\/suno-research\/\",\"https:\/\/www.youtube.com\/c\/sunoresearch\"]},{\"@type\":\"Person\",\"@id\":\"https:\/\/www.suno.com.br\/noticias\/#\/schema\/person\/7f4d362bf3518e76090143ae77bb49a5\",\"name\":\"Eduardo Vargas\",\"image\":{\"@type\":\"ImageObject\",\"inLanguage\":\"pt-BR\",\"@id\":\"https:\/\/www.suno.com.br\/noticias\/#\/schema\/person\/image\/\",\"url\":\"https:\/\/secure.gravatar.com\/avatar\/dac340933427a22924c9f99d1eb2e3f2?s=96&r=g\",\"contentUrl\":\"https:\/\/secure.gravatar.com\/avatar\/dac340933427a22924c9f99d1eb2e3f2?s=96&r=g\",\"caption\":\"Eduardo Vargas\"},\"description\":\"Jornalista formado pela UFSC, cobre macroeconomia, neg\u00f3cios e startups para o Suno Not\u00edcias, escrevendo principalmente not\u00edcias sobre o mercado financeiro e a bolsa de valores. No YouTube e no Instagram, \u00e9 respons\u00e1vel pela produ\u00e7\u00e3o de Reels e Shorts do Suno Not\u00edcias. Anteriormente, trabalhou cobrindo economia e cotidiano no ND+ e para o ND, maior jornal impresso de Santa Catarina. Cursou um semestre letivo de Estudos de M\u00eddia na Universidad de Buenos Aires.\",\"url\":\"https:\/\/www.suno.com.br\/noticias\/author\/eduardo-vargas\/\"}]}<\/script>\n<!-- \/ Yoast SEO plugin. -->","yoast_head_json":{"title":"Com fraude, Americanas (AMER3) empaca em acordo com credores","description":"Al\u00e9m disso, a aus\u00eancia de balan\u00e7os - j\u00e1 que o mercado n\u00e3o possui dados concretos desde o 3T22 - tamb\u00e9m dificultam as negocia\u00e7\u00f5es","robots":{"index":"index","follow":"follow","max-snippet":"max-snippet:-1","max-image-preview":"max-image-preview:large","max-video-preview":"max-video-preview:-1"},"canonical":"https:\/\/www.suno.com.br\/noticias\/americanas-amer3-fraude-credores-empaca-evm\/","og_locale":"pt_BR","og_type":"article","og_title":"Com fraude, Americanas (AMER3) empaca em acordo com credores","og_description":"Al\u00e9m disso, a aus\u00eancia de balan\u00e7os - j\u00e1 que o mercado n\u00e3o possui dados concretos desde o 3T22 - tamb\u00e9m dificultam as negocia\u00e7\u00f5es","og_url":"https:\/\/www.suno.com.br\/noticias\/americanas-amer3-fraude-credores-empaca-evm\/","og_site_name":"Suno Not\u00edcias","article_publisher":"https:\/\/facebook.com\/sunoresearch","og_image":[{"width":1200,"height":1033,"url":"https:\/\/files.sunoresearch.com.br\/n\/uploads\/2023\/02\/Americanas.jpg","type":"image\/jpeg"}],"author":"Eduardo Vargas","twitter_card":"summary_large_image","twitter_creator":"@sunoresearch","twitter_site":"@sunoresearch","twitter_misc":{"Escrito por":"Eduardo Vargas","Est. tempo de leitura":"3 minutos"},"schema":{"@context":"https:\/\/schema.org","@graph":[{"@type":"NewsArticle","@id":"https:\/\/www.suno.com.br\/noticias\/americanas-amer3-fraude-credores-empaca-evm\/#article","isPartOf":{"@id":"https:\/\/www.suno.com.br\/noticias\/americanas-amer3-fraude-credores-empaca-evm\/"},"author":{"name":"Eduardo Vargas","@id":"https:\/\/www.suno.com.br\/noticias\/#\/schema\/person\/7f4d362bf3518e76090143ae77bb49a5"},"headline":"Com fraude, Americanas (AMER3) empaca em acordo com credores","datePublished":"2023-08-02T18:33:29+00:00","dateModified":"2023-08-02T19:24:20+00:00","mainEntityOfPage":{"@id":"https:\/\/www.suno.com.br\/noticias\/americanas-amer3-fraude-credores-empaca-evm\/"},"wordCount":513,"publisher":{"@id":"https:\/\/www.suno.com.br\/noticias\/#organization"},"image":{"@id":"https:\/\/www.suno.com.br\/noticias\/americanas-amer3-fraude-credores-empaca-evm\/#primaryimage"},"thumbnailUrl":"https:\/\/files.sunoresearch.com.br\/n\/uploads\/2023\/02\/Americanas.jpg","keywords":["Americanas (AMER3)"],"articleSection":["Neg\u00f3cios"],"inLanguage":"pt-BR"},{"@type":"WebPage","@id":"https:\/\/www.suno.com.br\/noticias\/americanas-amer3-fraude-credores-empaca-evm\/","url":"https:\/\/www.suno.com.br\/noticias\/americanas-amer3-fraude-credores-empaca-evm\/","name":"Com fraude, Americanas (AMER3) empaca em acordo com credores","isPartOf":{"@id":"https:\/\/www.suno.com.br\/noticias\/#website"},"primaryImageOfPage":{"@id":"https:\/\/www.suno.com.br\/noticias\/americanas-amer3-fraude-credores-empaca-evm\/#primaryimage"},"image":{"@id":"https:\/\/www.suno.com.br\/noticias\/americanas-amer3-fraude-credores-empaca-evm\/#primaryimage"},"thumbnailUrl":"https:\/\/files.sunoresearch.com.br\/n\/uploads\/2023\/02\/Americanas.jpg","datePublished":"2023-08-02T18:33:29+00:00","dateModified":"2023-08-02T19:24:20+00:00","description":"Al\u00e9m disso, a aus\u00eancia de balan\u00e7os - j\u00e1 que o mercado n\u00e3o possui dados concretos desde o 3T22 - tamb\u00e9m dificultam as negocia\u00e7\u00f5es","breadcrumb":{"@id":"https:\/\/www.suno.com.br\/noticias\/americanas-amer3-fraude-credores-empaca-evm\/#breadcrumb"},"inLanguage":"pt-BR","potentialAction":[{"@type":"ReadAction","target":["https:\/\/www.suno.com.br\/noticias\/americanas-amer3-fraude-credores-empaca-evm\/"]}]},{"@type":"ImageObject","inLanguage":"pt-BR","@id":"https:\/\/www.suno.com.br\/noticias\/americanas-amer3-fraude-credores-empaca-evm\/#primaryimage","url":"https:\/\/files.sunoresearch.com.br\/n\/uploads\/2023\/02\/Americanas.jpg","contentUrl":"https:\/\/files.sunoresearch.com.br\/n\/uploads\/2023\/02\/Americanas.jpg","width":1200,"height":1033,"caption":"Americanas. Foto: Wikimedia Commons"},{"@type":"BreadcrumbList","@id":"https:\/\/www.suno.com.br\/noticias\/americanas-amer3-fraude-credores-empaca-evm\/#breadcrumb","itemListElement":[{"@type":"ListItem","position":1,"name":"Not\u00edcias","item":"https:\/\/www.suno.com.br\/noticias\/"},{"@type":"ListItem","position":2,"name":"Neg\u00f3cios","item":"https:\/\/www.suno.com.br\/noticias\/negocios\/"},{"@type":"ListItem","position":3,"name":"Com fraude, Americanas (AMER3) empaca em acordo com credores"}]},{"@type":"WebSite","@id":"https:\/\/www.suno.com.br\/noticias\/#website","url":"https:\/\/www.suno.com.br\/noticias\/","name":"Suno Not\u00edcias","description":"Seu portal de informa\u00e7\u00e3o sobre o mundo dos investimentos","publisher":{"@id":"https:\/\/www.suno.com.br\/noticias\/#organization"},"potentialAction":[{"@type":"SearchAction","target":{"@type":"EntryPoint","urlTemplate":"https:\/\/www.suno.com.br\/noticias\/?s={search_term_string}"},"query-input":{"@type":"PropertyValueSpecification","valueRequired":true,"valueName":"search_term_string"}}],"inLanguage":"pt-BR"},{"@type":"Organization","@id":"https:\/\/www.suno.com.br\/noticias\/#organization","name":"Suno Not\u00edcias","url":"https:\/\/www.suno.com.br\/noticias\/","logo":{"@type":"ImageObject","inLanguage":"pt-BR","@id":"https:\/\/www.suno.com.br\/noticias\/#\/schema\/logo\/image\/","url":"https:\/\/files.sunoresearch.com.br\/n\/uploads\/2021\/09\/suno-logo.png","contentUrl":"https:\/\/files.sunoresearch.com.br\/n\/uploads\/2021\/09\/suno-logo.png","width":180,"height":180,"caption":"Suno Not\u00edcias"},"image":{"@id":"https:\/\/www.suno.com.br\/noticias\/#\/schema\/logo\/image\/"},"sameAs":["https:\/\/facebook.com\/sunoresearch","https:\/\/x.com\/sunoresearch","https:\/\/www.instagram.com\/suno","https:\/\/www.linkedin.com\/company\/suno-research\/","https:\/\/www.youtube.com\/c\/sunoresearch"]},{"@type":"Person","@id":"https:\/\/www.suno.com.br\/noticias\/#\/schema\/person\/7f4d362bf3518e76090143ae77bb49a5","name":"Eduardo Vargas","image":{"@type":"ImageObject","inLanguage":"pt-BR","@id":"https:\/\/www.suno.com.br\/noticias\/#\/schema\/person\/image\/","url":"https:\/\/secure.gravatar.com\/avatar\/dac340933427a22924c9f99d1eb2e3f2?s=96&r=g","contentUrl":"https:\/\/secure.gravatar.com\/avatar\/dac340933427a22924c9f99d1eb2e3f2?s=96&r=g","caption":"Eduardo Vargas"},"description":"Jornalista formado pela UFSC, cobre macroeconomia, neg\u00f3cios e startups para o Suno Not\u00edcias, escrevendo principalmente not\u00edcias sobre o mercado financeiro e a bolsa de valores. No YouTube e no Instagram, \u00e9 respons\u00e1vel pela produ\u00e7\u00e3o de Reels e Shorts do Suno Not\u00edcias. Anteriormente, trabalhou cobrindo economia e cotidiano no ND+ e para o ND, maior jornal impresso de Santa Catarina. Cursou um semestre letivo de Estudos de M\u00eddia na Universidad de Buenos Aires.","url":"https:\/\/www.suno.com.br\/noticias\/author\/eduardo-vargas\/"}]}},"default_loop_html":"<div class=\"cardsPage__listCard__boxs\"><div class=\"cardsPage__listCard__boxs__img\"><a href=\"https:\/\/www.suno.com.br\/noticias\/americanas-amer3-fraude-credores-empaca-evm\/\"><img class=\"mask\" src=\"https:\/\/www.suno.com.br\/noticias\/wp-content\/themes\/suno\/resources\/images\/spotlight\/spotlight1img\/bg-mask.png\" alt=\"Image Mask\"\/><img src=\"https:\/\/files.sunoresearch.com.br\/n\/uploads\/2023\/02\/Americanas-400x200.jpg\" alt=\"Com fraude, Americanas (AMER3) empaca em acordo com credores\"\/><\/a><span class=\"spotlightCategory\"><a href=\"https:\/\/www.suno.com.br\/noticias\/negocios\/\">Neg\u00f3cios<\/a><\/span><\/div><div class=\"cardsPage__listCard__boxs__content\"><a href=\"https:\/\/www.suno.com.br\/noticias\/americanas-amer3-fraude-credores-empaca-evm\/\"><h2 class=\"content__title\">Com fraude, Americanas (AMER3) empaca em acordo com credores<\/h2><\/a><div class=\"newsContent__article__meta\"><div class=\"newsContent__article__meta__authorBox\"><a href=\"https:\/\/www.suno.com.br\/noticias\/author\/giovanni-porfiriosuno-com-br\/\" class=\"authorBox__avatar noMobi\"><img src=\"https:\/\/files.sunoresearch.com.br\/n\/uploads\/2024\/05\/DSCF4115-1-1-150x150.webp\" alt=\"Giovanni Porf\u00edrio Jacomino\"><\/a><div class=\"authorBox__name\"><span>por\n\t\t\t<a href=\"https:\/\/www.suno.com.br\/noticias\/author\/giovanni-porfiriosuno-com-br\/\"><span itemprop=\"author\">Giovanni Porf\u00edrio Jacomino<\/span><\/a><\/span><time datetime=\"2023-08-02T15:33:29-03:00\" itemprop=\"datePublished\">02\/08\/2023 15:33<\/time><\/div><\/div><\/div><\/div><\/div>","single_layout":"posts","amp_enabled":true,"_links":{"self":[{"href":"https:\/\/www.suno.com.br\/noticias\/wp-json\/wp\/v2\/posts\/437277"}],"collection":[{"href":"https:\/\/www.suno.com.br\/noticias\/wp-json\/wp\/v2\/posts"}],"about":[{"href":"https:\/\/www.suno.com.br\/noticias\/wp-json\/wp\/v2\/types\/post"}],"author":[{"embeddable":true,"href":"https:\/\/www.suno.com.br\/noticias\/wp-json\/wp\/v2\/users\/73"}],"replies":[{"embeddable":true,"href":"https:\/\/www.suno.com.br\/noticias\/wp-json\/wp\/v2\/comments?post=437277"}],"version-history":[{"count":3,"href":"https:\/\/www.suno.com.br\/noticias\/wp-json\/wp\/v2\/posts\/437277\/revisions"}],"predecessor-version":[{"id":437342,"href":"https:\/\/www.suno.com.br\/noticias\/wp-json\/wp\/v2\/posts\/437277\/revisions\/437342"}],"wp:featuredmedia":[{"embeddable":true,"href":"https:\/\/www.suno.com.br\/noticias\/wp-json\/wp\/v2\/media\/366560"}],"wp:attachment":[{"href":"https:\/\/www.suno.com.br\/noticias\/wp-json\/wp\/v2\/media?parent=437277"}],"wp:term":[{"taxonomy":"category","embeddable":true,"href":"https:\/\/www.suno.com.br\/noticias\/wp-json\/wp\/v2\/categories?post=437277"},{"taxonomy":"post_tag","embeddable":true,"href":"https:\/\/www.suno.com.br\/noticias\/wp-json\/wp\/v2\/tags?post=437277"},{"taxonomy":"suno_strategy","embeddable":true,"href":"https:\/\/www.suno.com.br\/noticias\/wp-json\/wp\/v2\/suno_strategy?post=437277"}],"curies":[{"name":"wp","href":"https:\/\/api.w.org\/{rel}","templated":true}]}}