{"id":43718,"date":"2019-11-05T11:10:09","date_gmt":"2019-11-05T13:10:09","guid":{"rendered":"https:\/\/www.suno.com.br\/noticias\/?p=43718"},"modified":"2019-11-05T11:10:09","modified_gmt":"2019-11-05T13:10:09","slug":"ata-copom-novo-corte-selic-mes-que-vem","status":"publish","type":"post","link":"https:\/\/www.suno.com.br\/noticias\/ata-copom-novo-corte-selic-mes-que-vem\/","title":{"rendered":"Ata do Copom aponta para novo corte na Selic no m\u00eas que vem"},"content":{"rendered":"<p>A Ata do <a href=\"https:\/\/www.suno.com.br\/artigos\/copom\/\"><strong>Comit\u00ea de Pol\u00edtica Monet\u00e1ria<\/strong><\/a> (Copom) divulgada nesta ter\u00e7a-feira (5) pelo <strong>Banco Central<\/strong>, em Bras\u00edlia, sinaliza um poss\u00edvel novo corte na <a href=\"https:\/\/www.suno.com.br\/artigos\/taxa-selic\/\">taxa b\u00e1sica de juros (Selic)<\/a> em dezembro. No \u00faltimo dia 30, o comit\u00ea diminuiu a taxa b\u00e1sica de 5,5% para 5% ao ano.<\/p>\t<div class=\"wrapper-featured-image\">\n\t\t<figure class=\"spotlightImg\">\n\n\t\t\t<picture>\n\t\t\t\t<source media=\"(max-width: 768px)\" srcset=\"https:\/\/files.sunoresearch.com.br\/n\/uploads\/2019\/11\/ed084eff-copom-400x200.webp\">\n\t\t\t\t<img loading=\"lazy\" decoding=\"async\" class=\"newsContent__article__imgCapa lazyloadDisabled newsContent__article__imgCapa--noCaption\" src=\"https:\/\/files.sunoresearch.com.br\/n\/uploads\/2019\/11\/ed084eff-copom-800x450.webp\" width=\"800\" height=\"450\" alt=\"Ata do Copom aponta para novo corte na Selic no m\u00eas que vem\" fetchpriority=high \/>\n\t\t\t<\/picture>\n\n\t\t\t<figcaption class=\"wp-caption-text wp-caption-text--hide\">BC analisa infla\u00e7\u00e3o acima do esperado, por\u00e9m &quot;choque&quot; \u00e9 tempor\u00e1rio<\/figcaption>\n\t\t<\/figure>\n\t<\/div>\n\n\n\n<p>\u201cO <strong>Copom<\/strong> debateu, ent\u00e3o, a conveni\u00eancia de oferecer alguma perspectiva sobre poss\u00edveis cen\u00e1rios para a pol\u00edtica monet\u00e1ria. Decidiu comunicar sua avalia\u00e7\u00e3o de que a consolida\u00e7\u00e3o do cen\u00e1rio benigno para a infla\u00e7\u00e3o prospectiva dever\u00e1 permitir um ajuste adicional, de igual magnitude, no grau de est\u00edmulo monet\u00e1rio\u201d, informa a ata.<\/p>\n<p>Segundo o comit\u00ea, o ritmo de crescimento da economia brasileira acontecer\u00e1 gradualmente. &#8220;O comit\u00ea estima que o Produto Interno Bruto (PIB) deve ter apresentado crescimento no terceiro trimestre. Os trimestres seguintes devem apresentar alguma acelera\u00e7\u00e3o, que deve ser refor\u00e7ada pelos est\u00edmulos decorrentes da libera\u00e7\u00e3o de recursos do FGTS [Fundo de Garantia do Tempo de Servi\u00e7o] e PIS-Pasep [Programa de Integra\u00e7\u00e3o Social\/Programa de Forma\u00e7\u00e3o do Patrim\u00f4nio do Servidor P\u00fablico] \u2013 com impacto mais concentrado no \u00faltimo trimestre de 2019\u201d, informou a ata.<\/p>\n<p><a href=\"https:\/\/www.suno.com.br\/noticias\/tesouro-nacional-titulos-dolares-mercado-internacional\/\">Veja tamb\u00e9m: Tesouro Nacional ir\u00e1 emitir t\u00edtulos em d\u00f3lares no mercado internacional<\/a><\/p>\n<p>\u00c9 importante frisar que o resultado do <a href=\"https:\/\/www.suno.com.br\/artigos\/o-produto-interno-bruto-pib\/\">PIB<\/a> do terceiro trimestre ser\u00e1 divulgado pelo Instituto Brasileiro de Geografia e Estat\u00edstica (IBGE) no pr\u00f3ximo dia 3 de dezembro. Vale salientar que o PIB \u00e9 uma importante medida da atividade econ\u00f4mica.<\/p>\n<h2>Copom e reformas<\/h2>\n<p>Na ata divulgada nesta ter\u00e7a-feira, o comit\u00ea salientou a import\u00e2ncia da aprova\u00e7\u00e3o da <strong>reforma<\/strong> <strong>da<\/strong> <strong>Previd\u00eancia<\/strong>. Entretanto, destacou ainda mais a &#8220;import\u00e2ncia da continuidade do processo de reformas e ajustes que gerem sustentabilidade da trajet\u00f3ria fiscal&#8221;.<\/p>\n\t<p>\n\t\t<a href=\"https:\/\/lp.suno.com.br\/pv\/sr-premium\/trial-1-real\/\" target=\"_blank\" data-element=\"shortcode-suno-banner\" title=\"Banner SUNO, clique e saiba mais\">\n\t\t\t<picture>\n\t\t\t\t<source media=\"(max-width: 500px)\" srcset=\"https:\/\/files.sunoresearch.com.br\/n\/uploads\/2024\/04\/400x300-Banner-Home-2.png\">\n\t\t\t\t<img class=\"newsContent__article__imgCapa newsContent__article__imgCapa--banner\"\n\t\t\t\t\tsrc=\"https:\/\/files.sunoresearch.com.br\/n\/uploads\/2024\/04\/1420x240-Banner-Home-2.png\"\n\t\t\t\t\tdata-promo-id=\"541556\"\t\t\t\t\t\t\t\t\t\twidth='1420' height='240'\t\t\t\t\talt=\"https:\/\/files.sunoresearch.com.br\/n\/uploads\/2024\/04\/1420x240-Banner-Home-2.png\"\n\t\t\t\t>\n\t\t\t<\/picture>\n\t\t<\/a>\n\t<\/p>\n\n\n<p>\u201cAo reduzirem incertezas fundamentais sobre a economia brasileira, essas reformas tendem a trabalhar no mesmo sentido da pol\u00edtica monet\u00e1ria e,<br \/>\nportanto, estimular o investimento privado. Esse potencial efeito expansionista deve contrabalan\u00e7ar impactos de ajustes fiscais correntes sobre a atividade econ\u00f4mica, al\u00e9m de mitigar [suavizar]os riscos de epis\u00f3dios de forte eleva\u00e7\u00e3o de pr\u00eamios de risco [retorno adicional cobrado por investidores para aceitar correr maior grau de risco]\u201d, afirma o comunicado do <strong>Copom<\/strong>.<\/p>\n","protected":false},"excerpt":{"rendered":"<p>A Ata do Comit\u00ea de Pol\u00edtica Monet\u00e1ria (Copom) divulgada nesta ter\u00e7a-feira (5) pelo Banco Central, em Bras\u00edlia, sinaliza um poss\u00edvel novo corte na taxa b\u00e1sica de juros (Selic) em dezembro. No \u00faltimo dia 30, o comit\u00ea diminuiu a taxa b\u00e1sica de 5,5% para 5% ao ano. BC analisa infla\u00e7\u00e3o acima do esperado, por\u00e9m &quot;choque&quot; \u00e9 [&hellip;]<\/p>\n","protected":false},"author":19,"featured_media":43730,"comment_status":"closed","ping_status":"closed","sticky":false,"template":"","format":"standard","meta":[],"categories":[62],"tags":[1104,807,1410,940],"suno_strategy":[],"class_list":["post-43718","post","type-post","status-publish","format-standard","has-post-thumbnail","hentry","category-economia","tag-copom","tag-produto-interno-bruto-pib","tag-reforma-administrativa","tag-reforma-da-previdencia"],"yoast_head":"<!-- This site is optimized with the Yoast SEO plugin v24.4 - https:\/\/yoast.com\/wordpress\/plugins\/seo\/ -->\n<title>Ata do Copom aponta para novo corte na Selic no m\u00eas que vem<\/title>\n<meta name=\"description\" content=\"A Ata do Copom divulgada nesta ter\u00e7a-feira (5) pelo Banco Central sinaliza um poss\u00edvel novo corte na taxa Selic em dezembro. Saiba mais.\" \/>\n<meta name=\"robots\" content=\"index, follow, max-snippet:-1, max-image-preview:large, max-video-preview:-1\" \/>\n<link rel=\"canonical\" href=\"https:\/\/www.suno.com.br\/noticias\/ata-copom-novo-corte-selic-mes-que-vem\/\" \/>\n<meta property=\"og:locale\" content=\"pt_BR\" \/>\n<meta property=\"og:type\" content=\"article\" \/>\n<meta property=\"og:title\" content=\"Ata do Copom aponta para novo corte na Selic no m\u00eas que vem\" \/>\n<meta property=\"og:description\" content=\"A Ata do Copom divulgada nesta ter\u00e7a-feira (5) pelo Banco Central sinaliza um poss\u00edvel novo corte na taxa Selic em dezembro. Saiba mais.\" \/>\n<meta property=\"og:url\" content=\"https:\/\/www.suno.com.br\/noticias\/ata-copom-novo-corte-selic-mes-que-vem\/\" \/>\n<meta property=\"og:site_name\" content=\"Suno Not\u00edcias\" \/>\n<meta property=\"article:publisher\" content=\"https:\/\/facebook.com\/sunoresearch\" \/>\n<meta property=\"og:image\" content=\"https:\/\/files.sunoresearch.com.br\/n\/uploads\/2019\/11\/ed084eff-copom.png\" \/>\n\t<meta property=\"og:image:width\" content=\"1890\" \/>\n\t<meta property=\"og:image:height\" content=\"1064\" \/>\n\t<meta property=\"og:image:type\" content=\"image\/png\" \/>\n<meta name=\"author\" content=\"Juliano Passaro\" \/>\n<meta name=\"twitter:card\" content=\"summary_large_image\" \/>\n<meta name=\"twitter:creator\" content=\"@sunoresearch\" \/>\n<meta name=\"twitter:site\" content=\"@sunoresearch\" \/>\n<meta name=\"twitter:label1\" content=\"Escrito por\" \/>\n\t<meta name=\"twitter:data1\" content=\"Juliano Passaro\" \/>\n\t<meta name=\"twitter:label2\" content=\"Est. tempo de leitura\" \/>\n\t<meta name=\"twitter:data2\" content=\"2 minutos\" \/>\n<script type=\"application\/ld+json\" class=\"yoast-schema-graph\">{\"@context\":\"https:\/\/schema.org\",\"@graph\":[{\"@type\":\"NewsArticle\",\"@id\":\"https:\/\/www.suno.com.br\/noticias\/ata-copom-novo-corte-selic-mes-que-vem\/#article\",\"isPartOf\":{\"@id\":\"https:\/\/www.suno.com.br\/noticias\/ata-copom-novo-corte-selic-mes-que-vem\/\"},\"author\":{\"name\":\"Juliano Passaro\",\"@id\":\"https:\/\/www.suno.com.br\/noticias\/#\/schema\/person\/1db762f78ffd8919a648a63e425953e3\"},\"headline\":\"Ata do Copom aponta para novo corte na Selic no m\u00eas que vem\",\"datePublished\":\"2019-11-05T13:10:09+00:00\",\"mainEntityOfPage\":{\"@id\":\"https:\/\/www.suno.com.br\/noticias\/ata-copom-novo-corte-selic-mes-que-vem\/\"},\"wordCount\":396,\"publisher\":{\"@id\":\"https:\/\/www.suno.com.br\/noticias\/#organization\"},\"image\":{\"@id\":\"https:\/\/www.suno.com.br\/noticias\/ata-copom-novo-corte-selic-mes-que-vem\/#primaryimage\"},\"thumbnailUrl\":\"https:\/\/files.sunoresearch.com.br\/n\/uploads\/2019\/11\/ed084eff-copom-png.webp\",\"keywords\":[\"Copom\",\"Produto Interno Bruto (PIB)\",\"reforma administrativa\",\"Reforma da Previd\u00eancia\"],\"articleSection\":[\"Economia\"],\"inLanguage\":\"pt-BR\"},{\"@type\":\"WebPage\",\"@id\":\"https:\/\/www.suno.com.br\/noticias\/ata-copom-novo-corte-selic-mes-que-vem\/\",\"url\":\"https:\/\/www.suno.com.br\/noticias\/ata-copom-novo-corte-selic-mes-que-vem\/\",\"name\":\"Ata do Copom aponta para novo corte na Selic no m\u00eas que vem\",\"isPartOf\":{\"@id\":\"https:\/\/www.suno.com.br\/noticias\/#website\"},\"primaryImageOfPage\":{\"@id\":\"https:\/\/www.suno.com.br\/noticias\/ata-copom-novo-corte-selic-mes-que-vem\/#primaryimage\"},\"image\":{\"@id\":\"https:\/\/www.suno.com.br\/noticias\/ata-copom-novo-corte-selic-mes-que-vem\/#primaryimage\"},\"thumbnailUrl\":\"https:\/\/files.sunoresearch.com.br\/n\/uploads\/2019\/11\/ed084eff-copom-png.webp\",\"datePublished\":\"2019-11-05T13:10:09+00:00\",\"description\":\"A Ata do Copom divulgada nesta ter\u00e7a-feira (5) pelo Banco Central sinaliza um poss\u00edvel novo corte na taxa Selic em dezembro. Saiba mais.\",\"breadcrumb\":{\"@id\":\"https:\/\/www.suno.com.br\/noticias\/ata-copom-novo-corte-selic-mes-que-vem\/#breadcrumb\"},\"inLanguage\":\"pt-BR\",\"potentialAction\":[{\"@type\":\"ReadAction\",\"target\":[\"https:\/\/www.suno.com.br\/noticias\/ata-copom-novo-corte-selic-mes-que-vem\/\"]}]},{\"@type\":\"ImageObject\",\"inLanguage\":\"pt-BR\",\"@id\":\"https:\/\/www.suno.com.br\/noticias\/ata-copom-novo-corte-selic-mes-que-vem\/#primaryimage\",\"url\":\"https:\/\/files.sunoresearch.com.br\/n\/uploads\/2019\/11\/ed084eff-copom-png.webp\",\"contentUrl\":\"https:\/\/files.sunoresearch.com.br\/n\/uploads\/2019\/11\/ed084eff-copom-png.webp\",\"width\":1890,\"height\":1064,\"caption\":\"BC analisa infla\u00e7\u00e3o acima do esperado, por\u00e9m \\\"choque\\\" \u00e9 tempor\u00e1rio\"},{\"@type\":\"BreadcrumbList\",\"@id\":\"https:\/\/www.suno.com.br\/noticias\/ata-copom-novo-corte-selic-mes-que-vem\/#breadcrumb\",\"itemListElement\":[{\"@type\":\"ListItem\",\"position\":1,\"name\":\"Not\u00edcias\",\"item\":\"https:\/\/www.suno.com.br\/noticias\/\"},{\"@type\":\"ListItem\",\"position\":2,\"name\":\"Economia\",\"item\":\"https:\/\/www.suno.com.br\/noticias\/economia\/\"},{\"@type\":\"ListItem\",\"position\":3,\"name\":\"Ata do Copom aponta para novo corte na Selic no m\u00eas que vem\"}]},{\"@type\":\"WebSite\",\"@id\":\"https:\/\/www.suno.com.br\/noticias\/#website\",\"url\":\"https:\/\/www.suno.com.br\/noticias\/\",\"name\":\"Suno Not\u00edcias\",\"description\":\"Seu portal de informa\u00e7\u00e3o sobre o mundo dos investimentos\",\"publisher\":{\"@id\":\"https:\/\/www.suno.com.br\/noticias\/#organization\"},\"potentialAction\":[{\"@type\":\"SearchAction\",\"target\":{\"@type\":\"EntryPoint\",\"urlTemplate\":\"https:\/\/www.suno.com.br\/noticias\/?s={search_term_string}\"},\"query-input\":{\"@type\":\"PropertyValueSpecification\",\"valueRequired\":true,\"valueName\":\"search_term_string\"}}],\"inLanguage\":\"pt-BR\"},{\"@type\":\"Organization\",\"@id\":\"https:\/\/www.suno.com.br\/noticias\/#organization\",\"name\":\"Suno Not\u00edcias\",\"url\":\"https:\/\/www.suno.com.br\/noticias\/\",\"logo\":{\"@type\":\"ImageObject\",\"inLanguage\":\"pt-BR\",\"@id\":\"https:\/\/www.suno.com.br\/noticias\/#\/schema\/logo\/image\/\",\"url\":\"https:\/\/files.sunoresearch.com.br\/n\/uploads\/2021\/09\/suno-logo.png\",\"contentUrl\":\"https:\/\/files.sunoresearch.com.br\/n\/uploads\/2021\/09\/suno-logo.png\",\"width\":180,\"height\":180,\"caption\":\"Suno Not\u00edcias\"},\"image\":{\"@id\":\"https:\/\/www.suno.com.br\/noticias\/#\/schema\/logo\/image\/\"},\"sameAs\":[\"https:\/\/facebook.com\/sunoresearch\",\"https:\/\/x.com\/sunoresearch\",\"https:\/\/www.instagram.com\/suno\",\"https:\/\/www.linkedin.com\/company\/suno-research\/\",\"https:\/\/www.youtube.com\/c\/sunoresearch\"]},{\"@type\":\"Person\",\"@id\":\"https:\/\/www.suno.com.br\/noticias\/#\/schema\/person\/1db762f78ffd8919a648a63e425953e3\",\"name\":\"Juliano Passaro\",\"image\":{\"@type\":\"ImageObject\",\"inLanguage\":\"pt-BR\",\"@id\":\"https:\/\/www.suno.com.br\/noticias\/#\/schema\/person\/image\/\",\"url\":\"https:\/\/secure.gravatar.com\/avatar\/743d4df28eebf6dcc46b4ad03c319e92?s=96&r=g\",\"contentUrl\":\"https:\/\/secure.gravatar.com\/avatar\/743d4df28eebf6dcc46b4ad03c319e92?s=96&r=g\",\"caption\":\"Juliano Passaro\"},\"description\":\"Juliano Passaro escreve sobre pol\u00edtica, economia e neg\u00f3cios para o portal da Suno Research. Antes da Suno, trabalhou no Portal da Band. \u00c9 formado em jornalismo pela Universidade Presbiteriana Mackenzie.\",\"url\":\"https:\/\/www.suno.com.br\/noticias\/author\/juliano\/\"}]}<\/script>\n<!-- \/ Yoast SEO plugin. -->","yoast_head_json":{"title":"Ata do Copom aponta para novo corte na Selic no m\u00eas que vem","description":"A Ata do Copom divulgada nesta ter\u00e7a-feira (5) pelo Banco Central sinaliza um poss\u00edvel novo corte na taxa Selic em dezembro. Saiba mais.","robots":{"index":"index","follow":"follow","max-snippet":"max-snippet:-1","max-image-preview":"max-image-preview:large","max-video-preview":"max-video-preview:-1"},"canonical":"https:\/\/www.suno.com.br\/noticias\/ata-copom-novo-corte-selic-mes-que-vem\/","og_locale":"pt_BR","og_type":"article","og_title":"Ata do Copom aponta para novo corte na Selic no m\u00eas que vem","og_description":"A Ata do Copom divulgada nesta ter\u00e7a-feira (5) pelo Banco Central sinaliza um poss\u00edvel novo corte na taxa Selic em dezembro. Saiba mais.","og_url":"https:\/\/www.suno.com.br\/noticias\/ata-copom-novo-corte-selic-mes-que-vem\/","og_site_name":"Suno Not\u00edcias","article_publisher":"https:\/\/facebook.com\/sunoresearch","og_image":[{"width":1890,"height":1064,"url":"https:\/\/files.sunoresearch.com.br\/n\/uploads\/2019\/11\/ed084eff-copom.png","type":"image\/png"}],"author":"Juliano Passaro","twitter_card":"summary_large_image","twitter_creator":"@sunoresearch","twitter_site":"@sunoresearch","twitter_misc":{"Escrito por":"Juliano Passaro","Est. tempo de leitura":"2 minutos"},"schema":{"@context":"https:\/\/schema.org","@graph":[{"@type":"NewsArticle","@id":"https:\/\/www.suno.com.br\/noticias\/ata-copom-novo-corte-selic-mes-que-vem\/#article","isPartOf":{"@id":"https:\/\/www.suno.com.br\/noticias\/ata-copom-novo-corte-selic-mes-que-vem\/"},"author":{"name":"Juliano Passaro","@id":"https:\/\/www.suno.com.br\/noticias\/#\/schema\/person\/1db762f78ffd8919a648a63e425953e3"},"headline":"Ata do Copom aponta para novo corte na Selic no m\u00eas que vem","datePublished":"2019-11-05T13:10:09+00:00","mainEntityOfPage":{"@id":"https:\/\/www.suno.com.br\/noticias\/ata-copom-novo-corte-selic-mes-que-vem\/"},"wordCount":396,"publisher":{"@id":"https:\/\/www.suno.com.br\/noticias\/#organization"},"image":{"@id":"https:\/\/www.suno.com.br\/noticias\/ata-copom-novo-corte-selic-mes-que-vem\/#primaryimage"},"thumbnailUrl":"https:\/\/files.sunoresearch.com.br\/n\/uploads\/2019\/11\/ed084eff-copom-png.webp","keywords":["Copom","Produto Interno Bruto (PIB)","reforma administrativa","Reforma da Previd\u00eancia"],"articleSection":["Economia"],"inLanguage":"pt-BR"},{"@type":"WebPage","@id":"https:\/\/www.suno.com.br\/noticias\/ata-copom-novo-corte-selic-mes-que-vem\/","url":"https:\/\/www.suno.com.br\/noticias\/ata-copom-novo-corte-selic-mes-que-vem\/","name":"Ata do Copom aponta para novo corte na Selic no m\u00eas que vem","isPartOf":{"@id":"https:\/\/www.suno.com.br\/noticias\/#website"},"primaryImageOfPage":{"@id":"https:\/\/www.suno.com.br\/noticias\/ata-copom-novo-corte-selic-mes-que-vem\/#primaryimage"},"image":{"@id":"https:\/\/www.suno.com.br\/noticias\/ata-copom-novo-corte-selic-mes-que-vem\/#primaryimage"},"thumbnailUrl":"https:\/\/files.sunoresearch.com.br\/n\/uploads\/2019\/11\/ed084eff-copom-png.webp","datePublished":"2019-11-05T13:10:09+00:00","description":"A Ata do Copom divulgada nesta ter\u00e7a-feira (5) pelo Banco Central sinaliza um poss\u00edvel novo corte na taxa Selic em dezembro. Saiba mais.","breadcrumb":{"@id":"https:\/\/www.suno.com.br\/noticias\/ata-copom-novo-corte-selic-mes-que-vem\/#breadcrumb"},"inLanguage":"pt-BR","potentialAction":[{"@type":"ReadAction","target":["https:\/\/www.suno.com.br\/noticias\/ata-copom-novo-corte-selic-mes-que-vem\/"]}]},{"@type":"ImageObject","inLanguage":"pt-BR","@id":"https:\/\/www.suno.com.br\/noticias\/ata-copom-novo-corte-selic-mes-que-vem\/#primaryimage","url":"https:\/\/files.sunoresearch.com.br\/n\/uploads\/2019\/11\/ed084eff-copom-png.webp","contentUrl":"https:\/\/files.sunoresearch.com.br\/n\/uploads\/2019\/11\/ed084eff-copom-png.webp","width":1890,"height":1064,"caption":"BC analisa infla\u00e7\u00e3o acima do esperado, por\u00e9m \"choque\" \u00e9 tempor\u00e1rio"},{"@type":"BreadcrumbList","@id":"https:\/\/www.suno.com.br\/noticias\/ata-copom-novo-corte-selic-mes-que-vem\/#breadcrumb","itemListElement":[{"@type":"ListItem","position":1,"name":"Not\u00edcias","item":"https:\/\/www.suno.com.br\/noticias\/"},{"@type":"ListItem","position":2,"name":"Economia","item":"https:\/\/www.suno.com.br\/noticias\/economia\/"},{"@type":"ListItem","position":3,"name":"Ata do Copom aponta para novo corte na Selic no m\u00eas que vem"}]},{"@type":"WebSite","@id":"https:\/\/www.suno.com.br\/noticias\/#website","url":"https:\/\/www.suno.com.br\/noticias\/","name":"Suno Not\u00edcias","description":"Seu portal de informa\u00e7\u00e3o sobre o mundo dos investimentos","publisher":{"@id":"https:\/\/www.suno.com.br\/noticias\/#organization"},"potentialAction":[{"@type":"SearchAction","target":{"@type":"EntryPoint","urlTemplate":"https:\/\/www.suno.com.br\/noticias\/?s={search_term_string}"},"query-input":{"@type":"PropertyValueSpecification","valueRequired":true,"valueName":"search_term_string"}}],"inLanguage":"pt-BR"},{"@type":"Organization","@id":"https:\/\/www.suno.com.br\/noticias\/#organization","name":"Suno Not\u00edcias","url":"https:\/\/www.suno.com.br\/noticias\/","logo":{"@type":"ImageObject","inLanguage":"pt-BR","@id":"https:\/\/www.suno.com.br\/noticias\/#\/schema\/logo\/image\/","url":"https:\/\/files.sunoresearch.com.br\/n\/uploads\/2021\/09\/suno-logo.png","contentUrl":"https:\/\/files.sunoresearch.com.br\/n\/uploads\/2021\/09\/suno-logo.png","width":180,"height":180,"caption":"Suno Not\u00edcias"},"image":{"@id":"https:\/\/www.suno.com.br\/noticias\/#\/schema\/logo\/image\/"},"sameAs":["https:\/\/facebook.com\/sunoresearch","https:\/\/x.com\/sunoresearch","https:\/\/www.instagram.com\/suno","https:\/\/www.linkedin.com\/company\/suno-research\/","https:\/\/www.youtube.com\/c\/sunoresearch"]},{"@type":"Person","@id":"https:\/\/www.suno.com.br\/noticias\/#\/schema\/person\/1db762f78ffd8919a648a63e425953e3","name":"Juliano Passaro","image":{"@type":"ImageObject","inLanguage":"pt-BR","@id":"https:\/\/www.suno.com.br\/noticias\/#\/schema\/person\/image\/","url":"https:\/\/secure.gravatar.com\/avatar\/743d4df28eebf6dcc46b4ad03c319e92?s=96&r=g","contentUrl":"https:\/\/secure.gravatar.com\/avatar\/743d4df28eebf6dcc46b4ad03c319e92?s=96&r=g","caption":"Juliano Passaro"},"description":"Juliano Passaro escreve sobre pol\u00edtica, economia e neg\u00f3cios para o portal da Suno Research. Antes da Suno, trabalhou no Portal da Band. \u00c9 formado em jornalismo pela Universidade Presbiteriana Mackenzie.","url":"https:\/\/www.suno.com.br\/noticias\/author\/juliano\/"}]}},"default_loop_html":"<div class=\"cardsPage__listCard__boxs\"><div class=\"cardsPage__listCard__boxs__img\"><a href=\"https:\/\/www.suno.com.br\/noticias\/ata-copom-novo-corte-selic-mes-que-vem\/\"><img class=\"mask\" src=\"https:\/\/www.suno.com.br\/noticias\/wp-content\/themes\/suno\/resources\/images\/spotlight\/spotlight1img\/bg-mask.png\" alt=\"Image Mask\"\/><img src=\"https:\/\/files.sunoresearch.com.br\/n\/uploads\/2019\/11\/ed084eff-copom-400x200.webp\" alt=\"Ata do Copom aponta para novo corte na Selic no m\u00eas que vem\"\/><\/a><span class=\"spotlightCategory\"><a href=\"https:\/\/www.suno.com.br\/noticias\/economia\/\">Economia<\/a><\/span><\/div><div class=\"cardsPage__listCard__boxs__content\"><a href=\"https:\/\/www.suno.com.br\/noticias\/ata-copom-novo-corte-selic-mes-que-vem\/\"><h2 class=\"content__title\">Ata do Copom aponta para novo corte na Selic no m\u00eas que vem<\/h2><\/a><div class=\"newsContent__article__meta\"><div class=\"newsContent__article__meta__authorBox\"><a href=\"https:\/\/www.suno.com.br\/noticias\/author\/juliano\/\" class=\"authorBox__avatar noMobi\"><img src=\"https:\/\/files.sunoresearch.com.br\/n\/uploads\/2019\/06\/7cc3efea-whatsapp-image-2019-07-18-at-21.59.33-e1563499821209-150x150.webp\" alt=\"Juliano Passaro\"><\/a><div class=\"authorBox__name\"><span>por\n\t\t\t<a href=\"https:\/\/www.suno.com.br\/noticias\/author\/juliano\/\"><span itemprop=\"author\">Juliano Passaro<\/span><\/a><\/span><time datetime=\"2019-11-05T11:10:09-03:00\" itemprop=\"datePublished\">05\/11\/2019 11:10<\/time><\/div><\/div><\/div><\/div><\/div>","single_layout":"posts","amp_enabled":true,"_links":{"self":[{"href":"https:\/\/www.suno.com.br\/noticias\/wp-json\/wp\/v2\/posts\/43718"}],"collection":[{"href":"https:\/\/www.suno.com.br\/noticias\/wp-json\/wp\/v2\/posts"}],"about":[{"href":"https:\/\/www.suno.com.br\/noticias\/wp-json\/wp\/v2\/types\/post"}],"author":[{"embeddable":true,"href":"https:\/\/www.suno.com.br\/noticias\/wp-json\/wp\/v2\/users\/19"}],"replies":[{"embeddable":true,"href":"https:\/\/www.suno.com.br\/noticias\/wp-json\/wp\/v2\/comments?post=43718"}],"version-history":[{"count":0,"href":"https:\/\/www.suno.com.br\/noticias\/wp-json\/wp\/v2\/posts\/43718\/revisions"}],"wp:featuredmedia":[{"embeddable":true,"href":"https:\/\/www.suno.com.br\/noticias\/wp-json\/wp\/v2\/media\/43730"}],"wp:attachment":[{"href":"https:\/\/www.suno.com.br\/noticias\/wp-json\/wp\/v2\/media?parent=43718"}],"wp:term":[{"taxonomy":"category","embeddable":true,"href":"https:\/\/www.suno.com.br\/noticias\/wp-json\/wp\/v2\/categories?post=43718"},{"taxonomy":"post_tag","embeddable":true,"href":"https:\/\/www.suno.com.br\/noticias\/wp-json\/wp\/v2\/tags?post=43718"},{"taxonomy":"suno_strategy","embeddable":true,"href":"https:\/\/www.suno.com.br\/noticias\/wp-json\/wp\/v2\/suno_strategy?post=43718"}],"curies":[{"name":"wp","href":"https:\/\/api.w.org\/{rel}","templated":true}]}}