{"id":4371,"date":"2018-09-25T13:05:29","date_gmt":"2018-09-25T16:05:29","guid":{"rendered":"https:\/\/www.suno.com.br\/noticias\/?p=4371"},"modified":"2018-09-25T13:12:05","modified_gmt":"2018-09-25T16:12:05","slug":"trump-onu-globalismo-patriotismo","status":"publish","type":"post","link":"https:\/\/www.suno.com.br\/noticias\/trump-onu-globalismo-patriotismo\/","title":{"rendered":"Trump na ONU: &#8220;rejeitamos o globalismo e abra\u00e7amos o patriotismo&#8221;"},"content":{"rendered":"<p>Trump terminou seu discurso na Assembleia Geral da ONU \u00e0s 12h15 desta ter\u00e7a-feira, ap\u00f3s falar sobre assuntos que v\u00e3o da legitimidade do Conselho de Direitos Humanos da ONU e do Tribunal Criminal Internacional, que ele nega, \u00e0s rela\u00e7\u00f5es com pa\u00edses como Ir\u00e3 e Venezuela.<\/p>\t<div class=\"wrapper-featured-image\">\n\t\t<figure class=\"spotlightImg\">\n\n\t\t\t<picture>\n\t\t\t\t<source media=\"(max-width: 768px)\" srcset=\"https:\/\/files.sunoresearch.com.br\/n\/uploads\/2018\/09\/0422789c-trump-onu-400x200.webp\">\n\t\t\t\t<img loading=\"lazy\" decoding=\"async\" class=\"newsContent__article__imgCapa lazyloadDisabled newsContent__article__imgCapa--noCaption\" src=\"https:\/\/files.sunoresearch.com.br\/n\/uploads\/2018\/09\/0422789c-trump-onu-800x450.webp\" width=\"800\" height=\"450\" alt=\"Trump na ONU: &#8220;rejeitamos o globalismo e abra\u00e7amos o patriotismo&#8221;\" fetchpriority=high \/>\n\t\t\t<\/picture>\n\n\t\t\t<figcaption class=\"wp-caption-text wp-caption-text--hide\">Trump  deu at\u00e9 o dia 15 de setembro para as opera\u00e7\u00f5es do TikTok passarem para m\u00e3os norte-americanas<\/figcaption>\n\t\t<\/figure>\n\t<\/div>\n\n\n<p>No in\u00edcio de seu discurso, ao qual chegou atrasado, falando ap\u00f3s o Equador ao inv\u00e9s de antes, como planejado, Trump disse que &#8220;minha administra\u00e7\u00e3o fez mais em menos de dois anos do que quase qualquer outra na hist\u00f3ria do pa\u00eds&#8221;. Quando a audi\u00eancia de representantes internacionais riu da afirma\u00e7\u00e3o, ele disse &#8220;\u00c9 verdade. N\u00e3o esperava por essa rea\u00e7\u00e3o, mas tudo bem&#8221;, e riu tamb\u00e9m, gerando mais risadas e at\u00e9 aplauso da audi\u00eancia.<\/p>\n<p>O tema central das falas de Trump foi a retomada do que ele v\u00ea como &#8220;rela\u00e7\u00f5es justas&#8221; entre os EUA e a comunidade internacional, que ele afirmou ter se aproveitado de seu pa\u00eds, comercialmente, por tempo o bastante. Ele ressaltou sua pol\u00edtica tarif\u00e1ria contra a China, citando especificamente os US$250 bilh\u00f5es em bens chineses tarifados.<\/p>\n<p>Em tem\u00e1tica semelhante, ele falou do aux\u00edlio internacional prestado pelos EUA a pa\u00edses do mundo, dizendo que &#8220;N\u00f3s somos quem mais d\u00e1 dinheiro para outros pa\u00edses mas poucos nos d\u00e3o algo em troca&#8221;. A partir de agora, afirmou Trump, &#8220;s\u00f3 daremos dinheiro aos pa\u00edses que nos respeitarem e, francamente, forem nossos amigos&#8221;.<\/p>\n<p>Trump foi espec\u00edfico em atacar a pol\u00edtica comercial da China, mas foi ainda mais duro ao falar sobre o Ir\u00e3 e a Venezuela. Sobre o Ir\u00e3, afirmou que seus l\u00edderes &#8220;semeiam morte e destrui\u00e7\u00e3o, saqueando os recursos do pa\u00eds para enriquecer a si mesmos e desviar bilh\u00f5es do tesouro iraniano&#8221;, em uma cr\u00edtica direta at\u00edpica dos discursos da Assembleia Geral, que costumam lidar com temas mais amplos. Trump afirmou tamb\u00e9m que o acordo nuclear de 2015 foi &#8220;horr\u00edvel&#8221; e &#8220;muito ruim&#8221; e convocou as outras na\u00e7\u00f5es a isolar o Ir\u00e3.<\/p>\n<p>Sobre a Venezuela, Trump anunciou que os EUA v\u00e3o impor san\u00e7\u00f5es mirando os l\u00edderes do regime de Maduro, em resposta \u00e0s &#8220;desastrosas pol\u00edticas socialistas&#8221; do pa\u00eds.<\/p>\n<p>A ideia de soberania americana e inflexibilidade em lidar com organiza\u00e7\u00f5es multigovernamentais foi refor\u00e7ada por falas do presidente norte-americano sobre o Tribunal Criminal Internacional e a Comiss\u00e3o de Direitos Humanos da ONU: &#8220;Jamais renderemos a soberania dos EUA a um \u00f3rg\u00e3o global que n\u00e3o \u00e9 eleito e n\u00e3o responde a ningu\u00e9m,&#8221; disse.<\/p>\n<p>Quem sabe a fala que melhor resuma o discurso de Trump seja esta: &#8220;A Am\u00e9rica \u00e9 governada pelos americanos. Rejeitamos a ideia do globalismo e abra\u00e7amos a doutrina do patriotismo&#8221;.<\/p>\n<p>A comunidade de jornalistas e diplomatas j\u00e1 reage desfavoravelmente ao discurso de Trump, no Twitter (na hashtag #unga), apontando a incompatibilidade do que foi dito com o prop\u00f3sito da ONU e o enfraquecimento do <em>soft power <\/em>norte-americano com as atitudes de rejei\u00e7\u00e3o \u00e0 comunidade internacional.<\/p>\n","protected":false},"excerpt":{"rendered":"<p>Trump terminou seu discurso na Assembleia Geral da ONU \u00e0s 12h15 desta ter\u00e7a-feira, ap\u00f3s falar sobre assuntos que v\u00e3o da legitimidade do Conselho de Direitos Humanos da ONU e do Tribunal Criminal Internacional, que ele nega, \u00e0s rela\u00e7\u00f5es com pa\u00edses como Ir\u00e3 e Venezuela. Trump deu at\u00e9 o dia 15 de setembro para as opera\u00e7\u00f5es [&hellip;]<\/p>\n","protected":false},"author":5,"featured_media":4378,"comment_status":"closed","ping_status":"closed","sticky":false,"template":"","format":"standard","meta":[],"categories":[63],"tags":[724],"suno_strategy":[],"class_list":["post-4371","post","type-post","status-publish","format-standard","has-post-thumbnail","hentry","category-internacional","tag-donald-trump"],"yoast_head":"<!-- This site is optimized with the Yoast SEO plugin v24.4 - https:\/\/yoast.com\/wordpress\/plugins\/seo\/ -->\n<title>Trump na ONU: &quot;rejeitamos o globalismo e abra\u00e7amos o patriotismo&quot;<\/title>\n<meta name=\"description\" content=\"Discurso do presidente americano foi repleto de cr\u00edticas diretas a outros pa\u00edses e ufanismo sobre a soberania dos EUA. Clique para saber mais.\" \/>\n<meta name=\"robots\" content=\"index, follow, max-snippet:-1, max-image-preview:large, max-video-preview:-1\" \/>\n<link rel=\"canonical\" href=\"https:\/\/www.suno.com.br\/noticias\/trump-onu-globalismo-patriotismo\/\" \/>\n<meta property=\"og:locale\" content=\"pt_BR\" \/>\n<meta property=\"og:type\" content=\"article\" \/>\n<meta property=\"og:title\" content=\"Trump na ONU: &quot;rejeitamos o globalismo e abra\u00e7amos o patriotismo&quot;\" \/>\n<meta property=\"og:description\" content=\"Discurso do presidente americano foi repleto de cr\u00edticas diretas a outros pa\u00edses e ufanismo sobre a soberania dos EUA. Clique para saber mais.\" \/>\n<meta property=\"og:url\" content=\"https:\/\/www.suno.com.br\/noticias\/trump-onu-globalismo-patriotismo\/\" \/>\n<meta property=\"og:site_name\" content=\"Suno Not\u00edcias\" \/>\n<meta property=\"article:publisher\" content=\"https:\/\/facebook.com\/sunoresearch\" \/>\n<meta property=\"article:author\" content=\"https:\/\/www.linkedin.com\/in\/daniel-quandt-a49985110\/\" \/>\n<meta property=\"og:image\" content=\"https:\/\/files.sunoresearch.com.br\/n\/uploads\/2018\/09\/0422789c-trump-onu.png\" \/>\n\t<meta property=\"og:image:width\" content=\"1920\" \/>\n\t<meta property=\"og:image:height\" content=\"1080\" \/>\n\t<meta property=\"og:image:type\" content=\"image\/png\" \/>\n<meta name=\"author\" content=\"Daniel Quandt\" \/>\n<meta name=\"twitter:card\" content=\"summary_large_image\" \/>\n<meta name=\"twitter:creator\" content=\"@sunoresearch\" \/>\n<meta name=\"twitter:site\" content=\"@sunoresearch\" \/>\n<meta name=\"twitter:label1\" content=\"Escrito por\" \/>\n\t<meta name=\"twitter:data1\" content=\"Daniel Quandt\" \/>\n\t<meta name=\"twitter:label2\" content=\"Est. tempo de leitura\" \/>\n\t<meta name=\"twitter:data2\" content=\"3 minutos\" \/>\n<script type=\"application\/ld+json\" class=\"yoast-schema-graph\">{\"@context\":\"https:\/\/schema.org\",\"@graph\":[{\"@type\":\"NewsArticle\",\"@id\":\"https:\/\/www.suno.com.br\/noticias\/trump-onu-globalismo-patriotismo\/#article\",\"isPartOf\":{\"@id\":\"https:\/\/www.suno.com.br\/noticias\/trump-onu-globalismo-patriotismo\/\"},\"author\":{\"name\":\"Daniel Quandt\",\"@id\":\"https:\/\/www.suno.com.br\/noticias\/#\/schema\/person\/eca2bab82984722db00d1e6facd8bb26\"},\"headline\":\"Trump na ONU: &#8220;rejeitamos o globalismo e abra\u00e7amos o patriotismo&#8221;\",\"datePublished\":\"2018-09-25T16:05:29+00:00\",\"dateModified\":\"2018-09-25T16:12:05+00:00\",\"mainEntityOfPage\":{\"@id\":\"https:\/\/www.suno.com.br\/noticias\/trump-onu-globalismo-patriotismo\/\"},\"wordCount\":528,\"publisher\":{\"@id\":\"https:\/\/www.suno.com.br\/noticias\/#organization\"},\"image\":{\"@id\":\"https:\/\/www.suno.com.br\/noticias\/trump-onu-globalismo-patriotismo\/#primaryimage\"},\"thumbnailUrl\":\"https:\/\/files.sunoresearch.com.br\/n\/uploads\/2018\/09\/0422789c-trump-onu-png.webp\",\"keywords\":[\"Donald Trump\"],\"articleSection\":[\"Internacional\"],\"inLanguage\":\"pt-BR\"},{\"@type\":\"WebPage\",\"@id\":\"https:\/\/www.suno.com.br\/noticias\/trump-onu-globalismo-patriotismo\/\",\"url\":\"https:\/\/www.suno.com.br\/noticias\/trump-onu-globalismo-patriotismo\/\",\"name\":\"Trump na ONU: \\\"rejeitamos o globalismo e abra\u00e7amos o patriotismo\\\"\",\"isPartOf\":{\"@id\":\"https:\/\/www.suno.com.br\/noticias\/#website\"},\"primaryImageOfPage\":{\"@id\":\"https:\/\/www.suno.com.br\/noticias\/trump-onu-globalismo-patriotismo\/#primaryimage\"},\"image\":{\"@id\":\"https:\/\/www.suno.com.br\/noticias\/trump-onu-globalismo-patriotismo\/#primaryimage\"},\"thumbnailUrl\":\"https:\/\/files.sunoresearch.com.br\/n\/uploads\/2018\/09\/0422789c-trump-onu-png.webp\",\"datePublished\":\"2018-09-25T16:05:29+00:00\",\"dateModified\":\"2018-09-25T16:12:05+00:00\",\"description\":\"Discurso do presidente americano foi repleto de cr\u00edticas diretas a outros pa\u00edses e ufanismo sobre a soberania dos EUA. Clique para saber mais.\",\"breadcrumb\":{\"@id\":\"https:\/\/www.suno.com.br\/noticias\/trump-onu-globalismo-patriotismo\/#breadcrumb\"},\"inLanguage\":\"pt-BR\",\"potentialAction\":[{\"@type\":\"ReadAction\",\"target\":[\"https:\/\/www.suno.com.br\/noticias\/trump-onu-globalismo-patriotismo\/\"]}]},{\"@type\":\"ImageObject\",\"inLanguage\":\"pt-BR\",\"@id\":\"https:\/\/www.suno.com.br\/noticias\/trump-onu-globalismo-patriotismo\/#primaryimage\",\"url\":\"https:\/\/files.sunoresearch.com.br\/n\/uploads\/2018\/09\/0422789c-trump-onu-png.webp\",\"contentUrl\":\"https:\/\/files.sunoresearch.com.br\/n\/uploads\/2018\/09\/0422789c-trump-onu-png.webp\",\"width\":1920,\"height\":1080,\"caption\":\"Trump deu at\u00e9 o dia 15 de setembro para as opera\u00e7\u00f5es do TikTok passarem para m\u00e3os norte-americanas\"},{\"@type\":\"BreadcrumbList\",\"@id\":\"https:\/\/www.suno.com.br\/noticias\/trump-onu-globalismo-patriotismo\/#breadcrumb\",\"itemListElement\":[{\"@type\":\"ListItem\",\"position\":1,\"name\":\"Not\u00edcias\",\"item\":\"https:\/\/www.suno.com.br\/noticias\/\"},{\"@type\":\"ListItem\",\"position\":2,\"name\":\"Internacional\",\"item\":\"https:\/\/www.suno.com.br\/noticias\/internacional\/\"},{\"@type\":\"ListItem\",\"position\":3,\"name\":\"Trump na ONU: &#8220;rejeitamos o globalismo e abra\u00e7amos o patriotismo&#8221;\"}]},{\"@type\":\"WebSite\",\"@id\":\"https:\/\/www.suno.com.br\/noticias\/#website\",\"url\":\"https:\/\/www.suno.com.br\/noticias\/\",\"name\":\"Suno Not\u00edcias\",\"description\":\"Seu portal de informa\u00e7\u00e3o sobre o mundo dos investimentos\",\"publisher\":{\"@id\":\"https:\/\/www.suno.com.br\/noticias\/#organization\"},\"potentialAction\":[{\"@type\":\"SearchAction\",\"target\":{\"@type\":\"EntryPoint\",\"urlTemplate\":\"https:\/\/www.suno.com.br\/noticias\/?s={search_term_string}\"},\"query-input\":{\"@type\":\"PropertyValueSpecification\",\"valueRequired\":true,\"valueName\":\"search_term_string\"}}],\"inLanguage\":\"pt-BR\"},{\"@type\":\"Organization\",\"@id\":\"https:\/\/www.suno.com.br\/noticias\/#organization\",\"name\":\"Suno Not\u00edcias\",\"url\":\"https:\/\/www.suno.com.br\/noticias\/\",\"logo\":{\"@type\":\"ImageObject\",\"inLanguage\":\"pt-BR\",\"@id\":\"https:\/\/www.suno.com.br\/noticias\/#\/schema\/logo\/image\/\",\"url\":\"https:\/\/files.sunoresearch.com.br\/n\/uploads\/2021\/09\/suno-logo.png\",\"contentUrl\":\"https:\/\/files.sunoresearch.com.br\/n\/uploads\/2021\/09\/suno-logo.png\",\"width\":180,\"height\":180,\"caption\":\"Suno Not\u00edcias\"},\"image\":{\"@id\":\"https:\/\/www.suno.com.br\/noticias\/#\/schema\/logo\/image\/\"},\"sameAs\":[\"https:\/\/facebook.com\/sunoresearch\",\"https:\/\/x.com\/sunoresearch\",\"https:\/\/www.instagram.com\/suno\",\"https:\/\/www.linkedin.com\/company\/suno-research\/\",\"https:\/\/www.youtube.com\/c\/sunoresearch\"]},{\"@type\":\"Person\",\"@id\":\"https:\/\/www.suno.com.br\/noticias\/#\/schema\/person\/eca2bab82984722db00d1e6facd8bb26\",\"name\":\"Daniel Quandt\",\"image\":{\"@type\":\"ImageObject\",\"inLanguage\":\"pt-BR\",\"@id\":\"https:\/\/www.suno.com.br\/noticias\/#\/schema\/person\/image\/\",\"url\":\"https:\/\/secure.gravatar.com\/avatar\/5faf4378f9fbf4557a5836a88d66f99a?s=96&r=g\",\"contentUrl\":\"https:\/\/secure.gravatar.com\/avatar\/5faf4378f9fbf4557a5836a88d66f99a?s=96&r=g\",\"caption\":\"Daniel Quandt\"},\"description\":\"Aluno da Universidade de S\u00e3o Paulo, Daniel Quandt escreve sobre economia, mercado financeiro e pol\u00edtica no portal da Suno Research. J\u00e1 passou pela Ag\u00eancia USP de Inova\u00e7\u00e3o e pela startup de v\u00eddeo em blockchain Paratii, desenvolvendo seu conhecimento da aplica\u00e7\u00e3o de tecnologia de ponta ao mercado.\",\"sameAs\":[\"https:\/\/www.suno.com.br\/\",\"https:\/\/www.linkedin.com\/in\/daniel-quandt-a49985110\/\"],\"url\":\"https:\/\/www.suno.com.br\/noticias\/author\/daniel-quandt\/\"}]}<\/script>\n<!-- \/ Yoast SEO plugin. -->","yoast_head_json":{"title":"Trump na ONU: \"rejeitamos o globalismo e abra\u00e7amos o patriotismo\"","description":"Discurso do presidente americano foi repleto de cr\u00edticas diretas a outros pa\u00edses e ufanismo sobre a soberania dos EUA. Clique para saber mais.","robots":{"index":"index","follow":"follow","max-snippet":"max-snippet:-1","max-image-preview":"max-image-preview:large","max-video-preview":"max-video-preview:-1"},"canonical":"https:\/\/www.suno.com.br\/noticias\/trump-onu-globalismo-patriotismo\/","og_locale":"pt_BR","og_type":"article","og_title":"Trump na ONU: \"rejeitamos o globalismo e abra\u00e7amos o patriotismo\"","og_description":"Discurso do presidente americano foi repleto de cr\u00edticas diretas a outros pa\u00edses e ufanismo sobre a soberania dos EUA. Clique para saber mais.","og_url":"https:\/\/www.suno.com.br\/noticias\/trump-onu-globalismo-patriotismo\/","og_site_name":"Suno Not\u00edcias","article_publisher":"https:\/\/facebook.com\/sunoresearch","article_author":"https:\/\/www.linkedin.com\/in\/daniel-quandt-a49985110\/","og_image":[{"width":1920,"height":1080,"url":"https:\/\/files.sunoresearch.com.br\/n\/uploads\/2018\/09\/0422789c-trump-onu.png","type":"image\/png"}],"author":"Daniel Quandt","twitter_card":"summary_large_image","twitter_creator":"@sunoresearch","twitter_site":"@sunoresearch","twitter_misc":{"Escrito por":"Daniel Quandt","Est. tempo de leitura":"3 minutos"},"schema":{"@context":"https:\/\/schema.org","@graph":[{"@type":"NewsArticle","@id":"https:\/\/www.suno.com.br\/noticias\/trump-onu-globalismo-patriotismo\/#article","isPartOf":{"@id":"https:\/\/www.suno.com.br\/noticias\/trump-onu-globalismo-patriotismo\/"},"author":{"name":"Daniel Quandt","@id":"https:\/\/www.suno.com.br\/noticias\/#\/schema\/person\/eca2bab82984722db00d1e6facd8bb26"},"headline":"Trump na ONU: &#8220;rejeitamos o globalismo e abra\u00e7amos o patriotismo&#8221;","datePublished":"2018-09-25T16:05:29+00:00","dateModified":"2018-09-25T16:12:05+00:00","mainEntityOfPage":{"@id":"https:\/\/www.suno.com.br\/noticias\/trump-onu-globalismo-patriotismo\/"},"wordCount":528,"publisher":{"@id":"https:\/\/www.suno.com.br\/noticias\/#organization"},"image":{"@id":"https:\/\/www.suno.com.br\/noticias\/trump-onu-globalismo-patriotismo\/#primaryimage"},"thumbnailUrl":"https:\/\/files.sunoresearch.com.br\/n\/uploads\/2018\/09\/0422789c-trump-onu-png.webp","keywords":["Donald Trump"],"articleSection":["Internacional"],"inLanguage":"pt-BR"},{"@type":"WebPage","@id":"https:\/\/www.suno.com.br\/noticias\/trump-onu-globalismo-patriotismo\/","url":"https:\/\/www.suno.com.br\/noticias\/trump-onu-globalismo-patriotismo\/","name":"Trump na ONU: \"rejeitamos o globalismo e abra\u00e7amos o patriotismo\"","isPartOf":{"@id":"https:\/\/www.suno.com.br\/noticias\/#website"},"primaryImageOfPage":{"@id":"https:\/\/www.suno.com.br\/noticias\/trump-onu-globalismo-patriotismo\/#primaryimage"},"image":{"@id":"https:\/\/www.suno.com.br\/noticias\/trump-onu-globalismo-patriotismo\/#primaryimage"},"thumbnailUrl":"https:\/\/files.sunoresearch.com.br\/n\/uploads\/2018\/09\/0422789c-trump-onu-png.webp","datePublished":"2018-09-25T16:05:29+00:00","dateModified":"2018-09-25T16:12:05+00:00","description":"Discurso do presidente americano foi repleto de cr\u00edticas diretas a outros pa\u00edses e ufanismo sobre a soberania dos EUA. Clique para saber mais.","breadcrumb":{"@id":"https:\/\/www.suno.com.br\/noticias\/trump-onu-globalismo-patriotismo\/#breadcrumb"},"inLanguage":"pt-BR","potentialAction":[{"@type":"ReadAction","target":["https:\/\/www.suno.com.br\/noticias\/trump-onu-globalismo-patriotismo\/"]}]},{"@type":"ImageObject","inLanguage":"pt-BR","@id":"https:\/\/www.suno.com.br\/noticias\/trump-onu-globalismo-patriotismo\/#primaryimage","url":"https:\/\/files.sunoresearch.com.br\/n\/uploads\/2018\/09\/0422789c-trump-onu-png.webp","contentUrl":"https:\/\/files.sunoresearch.com.br\/n\/uploads\/2018\/09\/0422789c-trump-onu-png.webp","width":1920,"height":1080,"caption":"Trump deu at\u00e9 o dia 15 de setembro para as opera\u00e7\u00f5es do TikTok passarem para m\u00e3os norte-americanas"},{"@type":"BreadcrumbList","@id":"https:\/\/www.suno.com.br\/noticias\/trump-onu-globalismo-patriotismo\/#breadcrumb","itemListElement":[{"@type":"ListItem","position":1,"name":"Not\u00edcias","item":"https:\/\/www.suno.com.br\/noticias\/"},{"@type":"ListItem","position":2,"name":"Internacional","item":"https:\/\/www.suno.com.br\/noticias\/internacional\/"},{"@type":"ListItem","position":3,"name":"Trump na ONU: &#8220;rejeitamos o globalismo e abra\u00e7amos o patriotismo&#8221;"}]},{"@type":"WebSite","@id":"https:\/\/www.suno.com.br\/noticias\/#website","url":"https:\/\/www.suno.com.br\/noticias\/","name":"Suno Not\u00edcias","description":"Seu portal de informa\u00e7\u00e3o sobre o mundo dos investimentos","publisher":{"@id":"https:\/\/www.suno.com.br\/noticias\/#organization"},"potentialAction":[{"@type":"SearchAction","target":{"@type":"EntryPoint","urlTemplate":"https:\/\/www.suno.com.br\/noticias\/?s={search_term_string}"},"query-input":{"@type":"PropertyValueSpecification","valueRequired":true,"valueName":"search_term_string"}}],"inLanguage":"pt-BR"},{"@type":"Organization","@id":"https:\/\/www.suno.com.br\/noticias\/#organization","name":"Suno Not\u00edcias","url":"https:\/\/www.suno.com.br\/noticias\/","logo":{"@type":"ImageObject","inLanguage":"pt-BR","@id":"https:\/\/www.suno.com.br\/noticias\/#\/schema\/logo\/image\/","url":"https:\/\/files.sunoresearch.com.br\/n\/uploads\/2021\/09\/suno-logo.png","contentUrl":"https:\/\/files.sunoresearch.com.br\/n\/uploads\/2021\/09\/suno-logo.png","width":180,"height":180,"caption":"Suno Not\u00edcias"},"image":{"@id":"https:\/\/www.suno.com.br\/noticias\/#\/schema\/logo\/image\/"},"sameAs":["https:\/\/facebook.com\/sunoresearch","https:\/\/x.com\/sunoresearch","https:\/\/www.instagram.com\/suno","https:\/\/www.linkedin.com\/company\/suno-research\/","https:\/\/www.youtube.com\/c\/sunoresearch"]},{"@type":"Person","@id":"https:\/\/www.suno.com.br\/noticias\/#\/schema\/person\/eca2bab82984722db00d1e6facd8bb26","name":"Daniel Quandt","image":{"@type":"ImageObject","inLanguage":"pt-BR","@id":"https:\/\/www.suno.com.br\/noticias\/#\/schema\/person\/image\/","url":"https:\/\/secure.gravatar.com\/avatar\/5faf4378f9fbf4557a5836a88d66f99a?s=96&r=g","contentUrl":"https:\/\/secure.gravatar.com\/avatar\/5faf4378f9fbf4557a5836a88d66f99a?s=96&r=g","caption":"Daniel Quandt"},"description":"Aluno da Universidade de S\u00e3o Paulo, Daniel Quandt escreve sobre economia, mercado financeiro e pol\u00edtica no portal da Suno Research. J\u00e1 passou pela Ag\u00eancia USP de Inova\u00e7\u00e3o e pela startup de v\u00eddeo em blockchain Paratii, desenvolvendo seu conhecimento da aplica\u00e7\u00e3o de tecnologia de ponta ao mercado.","sameAs":["https:\/\/www.suno.com.br\/","https:\/\/www.linkedin.com\/in\/daniel-quandt-a49985110\/"],"url":"https:\/\/www.suno.com.br\/noticias\/author\/daniel-quandt\/"}]}},"default_loop_html":"<div class=\"cardsPage__listCard__boxs\"><div class=\"cardsPage__listCard__boxs__img\"><a href=\"https:\/\/www.suno.com.br\/noticias\/trump-onu-globalismo-patriotismo\/\"><img class=\"mask\" src=\"https:\/\/www.suno.com.br\/noticias\/wp-content\/themes\/suno\/resources\/images\/spotlight\/spotlight1img\/bg-mask.png\" alt=\"Image Mask\"\/><img src=\"https:\/\/files.sunoresearch.com.br\/n\/uploads\/2018\/09\/0422789c-trump-onu-400x200.webp\" alt=\"Trump na ONU: &#8220;rejeitamos o globalismo e abra\u00e7amos o patriotismo&#8221;\"\/><\/a><span class=\"spotlightCategory\"><a href=\"https:\/\/www.suno.com.br\/noticias\/internacional\/\">Internacional<\/a><\/span><\/div><div class=\"cardsPage__listCard__boxs__content\"><a href=\"https:\/\/www.suno.com.br\/noticias\/trump-onu-globalismo-patriotismo\/\"><h2 class=\"content__title\">Trump na ONU: &#8220;rejeitamos o globalismo e abra\u00e7amos o patriotismo&#8221;<\/h2><\/a><div class=\"newsContent__article__meta\"><div class=\"newsContent__article__meta__authorBox\"><a href=\"https:\/\/www.suno.com.br\/noticias\/author\/daniel-quandt\/\" class=\"authorBox__avatar noMobi\"><img src=\"https:\/\/secure.gravatar.com\/avatar\/5faf4378f9fbf4557a5836a88d66f99a?s=96&#038;r=g\" alt=\"Daniel Quandt\"><\/a><div class=\"authorBox__name\"><span>por\n\t\t\t<a href=\"https:\/\/www.suno.com.br\/noticias\/author\/daniel-quandt\/\"><span itemprop=\"author\">Daniel Quandt<\/span><\/a><\/span><time datetime=\"2018-09-25T13:05:29-03:00\" itemprop=\"datePublished\">25\/09\/2018 13:05<\/time><\/div><\/div><\/div><\/div><\/div>","single_layout":"posts","amp_enabled":true,"_links":{"self":[{"href":"https:\/\/www.suno.com.br\/noticias\/wp-json\/wp\/v2\/posts\/4371"}],"collection":[{"href":"https:\/\/www.suno.com.br\/noticias\/wp-json\/wp\/v2\/posts"}],"about":[{"href":"https:\/\/www.suno.com.br\/noticias\/wp-json\/wp\/v2\/types\/post"}],"author":[{"embeddable":true,"href":"https:\/\/www.suno.com.br\/noticias\/wp-json\/wp\/v2\/users\/5"}],"replies":[{"embeddable":true,"href":"https:\/\/www.suno.com.br\/noticias\/wp-json\/wp\/v2\/comments?post=4371"}],"version-history":[{"count":0,"href":"https:\/\/www.suno.com.br\/noticias\/wp-json\/wp\/v2\/posts\/4371\/revisions"}],"wp:featuredmedia":[{"embeddable":true,"href":"https:\/\/www.suno.com.br\/noticias\/wp-json\/wp\/v2\/media\/4378"}],"wp:attachment":[{"href":"https:\/\/www.suno.com.br\/noticias\/wp-json\/wp\/v2\/media?parent=4371"}],"wp:term":[{"taxonomy":"category","embeddable":true,"href":"https:\/\/www.suno.com.br\/noticias\/wp-json\/wp\/v2\/categories?post=4371"},{"taxonomy":"post_tag","embeddable":true,"href":"https:\/\/www.suno.com.br\/noticias\/wp-json\/wp\/v2\/tags?post=4371"},{"taxonomy":"suno_strategy","embeddable":true,"href":"https:\/\/www.suno.com.br\/noticias\/wp-json\/wp\/v2\/suno_strategy?post=4371"}],"curies":[{"name":"wp","href":"https:\/\/api.w.org\/{rel}","templated":true}]}}