{"id":43695,"date":"2019-11-05T09:12:05","date_gmt":"2019-11-05T11:12:05","guid":{"rendered":"https:\/\/www.suno.com.br\/noticias\/?p=43695"},"modified":"2019-11-06T12:32:47","modified_gmt":"2019-11-06T14:32:47","slug":"bolsonaro-assinara-projeto-de-lei-privatizacao-eletrobras","status":"publish","type":"post","link":"https:\/\/www.suno.com.br\/noticias\/bolsonaro-assinara-projeto-de-lei-privatizacao-eletrobras\/","title":{"rendered":"Bolsonaro assinar\u00e1 projeto de lei para a privatiza\u00e7\u00e3o da Eletrobras"},"content":{"rendered":"<p>O presidente <strong>Jair Bolsonaro<\/strong>, nesta ter\u00e7a-feira (5), ir\u00e1 assinar o projeto de lei que estabelece as medidas para a <strong>privatiza\u00e7\u00e3o<\/strong> da Eletrobras (<strong>ELET3<\/strong>; <strong>ELET6<\/strong>). O texto ser\u00e1 ratificado durante o evento que comemora os 300 dias de governo.<\/p>\t<div class=\"wrapper-featured-image\">\n\t\t<figure class=\"spotlightImg\">\n\n\t\t\t<picture>\n\t\t\t\t<source media=\"(max-width: 768px)\" srcset=\"https:\/\/files.sunoresearch.com.br\/n\/uploads\/2019\/09\/f165860f-eletrobras-400x200.webp\">\n\t\t\t\t<img loading=\"lazy\" decoding=\"async\" class=\"newsContent__article__imgCapa lazyloadDisabled newsContent__article__imgCapa--noCaption\" src=\"https:\/\/files.sunoresearch.com.br\/n\/uploads\/2019\/09\/f165860f-eletrobras-800x450.webp\" width=\"800\" height=\"450\" alt=\"Bolsonaro assinar\u00e1 projeto de lei para a privatiza\u00e7\u00e3o da Eletrobras\" fetchpriority=high \/>\n\t\t\t<\/picture>\n\n\t\t\t<figcaption class=\"wp-caption-text wp-caption-text--hide\">Eletrobras (ELET3). Foto: Getty Images.<\/figcaption>\n\t\t<\/figure>\n\t<\/div>\n\n\n\n<p>A privatiza\u00e7\u00e3o da <strong>Eletrobras<\/strong>, segundo a estimativa do governo, pode levantar R$ 16,2 bilh\u00f5es, sendo realizada no ano que vem. O montante j\u00e1 consta no <strong>Or\u00e7amento<\/strong> do pr\u00f3ximo ano. A estatal, em comunicado ao mercado, confirmou a assinatura do texto e disse que o processo &#8220;dever\u00e1 cumprir todo o rito legislativo at\u00e9 a sua promulga\u00e7\u00e3o&#8221;.<\/p>\n<p><a href=\"https:\/\/www.suno.com.br\/noticias\/projeto-privatizacao-eletrobras-pronto-diz-ministro\/\">Saiba mais: Projeto de privatiza\u00e7\u00e3o da Eletrobras est\u00e1 pronto, diz ministro<\/a><\/p>\n<p>Ap\u00f3s a Eletrobras ser retirada do <strong>Programa Nacional de Desestatiza\u00e7\u00e3o (PND)<\/strong>, o governo procura o apoio de deputados e senadores para que a empresa volte ao programa. Ademais, o Supremo Tribunal Federal (STF) estabeleceu que a venda do controle das estatais deve ser submetida ao Legislativo.<\/p>\n<h2>Governo Bolsonaro procura tirar privatiza\u00e7\u00e3o da Eletrobras do papel<\/h2>\n<p>O projeto que lei do governo Bolsonaro que visa privatizar a companhia \u00e9 similar apresentado pelo governo do ex-presidente Michel Temer. O processo deve ter a emiss\u00e3o de novas a\u00e7\u00f5es da Eletrobras a serem cotadas no mercado. Al\u00e9m disso, o modelo prev\u00ea que a <strong>Uni\u00e3o<\/strong> abra m\u00e3o do controle da empresa, reduzindo a participa\u00e7\u00e3o para um pouco menos que 50%.<\/p>\n\t<p>\n\t\t<a href=\"https:\/\/lp.suno.com.br\/asset\/suno-fundo-infra-estrutura-snid11\/\" target=\"_blank\" data-element=\"shortcode-suno-banner\" title=\"Banner SUNO, clique e saiba mais\">\n\t\t\t<picture>\n\t\t\t\t<source media=\"(max-width: 500px)\" srcset=\"https:\/\/files.sunoresearch.com.br\/n\/uploads\/2024\/01\/400x300-Banner-Home-1-SNID-AO.png\">\n\t\t\t\t<img class=\"newsContent__article__imgCapa newsContent__article__imgCapa--banner\"\n\t\t\t\t\tsrc=\"https:\/\/files.sunoresearch.com.br\/n\/uploads\/2024\/01\/1420x240-Banner-Home-1-SNID-AO.png\"\n\t\t\t\t\tdata-promo-id=\"364419\"\t\t\t\t\t\t\t\t\t\twidth='1420' height='240'\t\t\t\t\talt=\"https:\/\/files.sunoresearch.com.br\/n\/uploads\/2024\/01\/1420x240-Banner-Home-1-SNID-AO.png\"\n\t\t\t\t>\n\t\t\t<\/picture>\n\t\t<\/a>\n\t<\/p>\n\n\n<p>Al\u00e9m disso, o texto pretende repassar o controle das subsidi\u00e1rias da estatal para a Eletropar, outra empresa do grupo Eletrobras, facilitando operacionalmente a capitaliza\u00e7\u00e3o. S\u00e3o elas:<\/p>\n<ul>\n<li>Furnas<\/li>\n<li>Chesf<\/li>\n<li>Eletronorte<\/li>\n<li>Eletrosul<\/li>\n<\/ul>\n<p>O intuito \u00e9 que a companhia se torne uma corpora\u00e7\u00e3o privada, sem controle estabelecido, ainda que o governo mantenha uma participa\u00e7\u00e3o menor.<\/p>\n<p><a href=\"https:\/\/www.suno.com.br\/noticias\/auditoria-contratada-eletrobras-revelou-superfaturamento\/\">Confira: Auditoria contratada pela Eletrobras revelou superfaturamento, afirma jornal<\/a><\/p>\n<p>O projeto estima que a estatal assine novos contratos para hidrel\u00e9tricas que atualmente operam sob remunera\u00e7\u00e3o pr\u00e9-fixada, no que \u00e9 chamado de regime de cotas. Essas usinas passar\u00e3o a receber os valores definidos pelo mercado. A <strong>Eletrobras<\/strong> pagar\u00e1 uma outorga \u00e0 Uni\u00e3o pela mudan\u00e7a. A arrecada\u00e7\u00e3o para o Tesouro com a privatiza\u00e7\u00e3o ser\u00e1 realizada dessa forma.<\/p>\n","protected":false},"excerpt":{"rendered":"<p>O presidente Jair Bolsonaro, nesta ter\u00e7a-feira (5), ir\u00e1 assinar o projeto de lei que estabelece as medidas para a privatiza\u00e7\u00e3o da Eletrobras (ELET3; ELET6). O texto ser\u00e1 ratificado durante o evento que comemora os 300 dias de governo. Eletrobras (ELET3). Foto: Getty Images. A privatiza\u00e7\u00e3o da Eletrobras, segundo a estimativa do governo, pode levantar R$ [&hellip;]<\/p>\n","protected":false},"author":24,"featured_media":37836,"comment_status":"closed","ping_status":"closed","sticky":false,"template":"","format":"standard","meta":[],"categories":[64],"tags":[455,719,945],"suno_strategy":[],"class_list":["post-43695","post","type-post","status-publish","format-standard","has-post-thumbnail","hentry","category-negocios","tag-eletrobras-elet3-elet5-elet6","tag-jair-bolsonaro","tag-privatizacoes"],"yoast_head":"<!-- This site is optimized with the Yoast SEO plugin v24.4 - https:\/\/yoast.com\/wordpress\/plugins\/seo\/ -->\n<title>Eletrobras: Bolsonaro assinar\u00e1 projeto de lei para a privatiza\u00e7\u00e3o<\/title>\n<meta name=\"description\" content=\"O presidente Jair Bolsonaro ir\u00e1 assinar o projeto de lei que estabelece as medidas para a privatiza\u00e7\u00e3o da Eletrobras. Clique e saiba mais.\" \/>\n<meta name=\"robots\" content=\"index, follow, max-snippet:-1, max-image-preview:large, max-video-preview:-1\" \/>\n<link rel=\"canonical\" href=\"https:\/\/www.suno.com.br\/noticias\/bolsonaro-assinara-projeto-de-lei-privatizacao-eletrobras\/\" \/>\n<meta property=\"og:locale\" content=\"pt_BR\" \/>\n<meta property=\"og:type\" content=\"article\" \/>\n<meta property=\"og:title\" content=\"Eletrobras: Bolsonaro assinar\u00e1 projeto de lei para a privatiza\u00e7\u00e3o\" \/>\n<meta property=\"og:description\" content=\"O presidente Jair Bolsonaro ir\u00e1 assinar o projeto de lei que estabelece as medidas para a privatiza\u00e7\u00e3o da Eletrobras. Clique e saiba mais.\" \/>\n<meta property=\"og:url\" content=\"https:\/\/www.suno.com.br\/noticias\/bolsonaro-assinara-projeto-de-lei-privatizacao-eletrobras\/\" \/>\n<meta property=\"og:site_name\" content=\"Suno Not\u00edcias\" \/>\n<meta property=\"article:publisher\" content=\"https:\/\/facebook.com\/sunoresearch\" \/>\n<meta property=\"og:image\" content=\"https:\/\/files.sunoresearch.com.br\/n\/uploads\/2019\/09\/f165860f-eletrobras.jpg\" \/>\n\t<meta property=\"og:image:width\" content=\"3000\" \/>\n\t<meta property=\"og:image:height\" content=\"2000\" \/>\n\t<meta property=\"og:image:type\" content=\"image\/jpeg\" \/>\n<meta name=\"author\" content=\"Jader Lazarini\" \/>\n<meta name=\"twitter:card\" content=\"summary_large_image\" \/>\n<meta name=\"twitter:creator\" content=\"@sunoresearch\" \/>\n<meta name=\"twitter:site\" content=\"@sunoresearch\" \/>\n<meta name=\"twitter:label1\" content=\"Escrito por\" \/>\n\t<meta name=\"twitter:data1\" content=\"Jader Lazarini\" \/>\n\t<meta name=\"twitter:label2\" content=\"Est. tempo de leitura\" \/>\n\t<meta name=\"twitter:data2\" content=\"2 minutos\" \/>\n<script type=\"application\/ld+json\" class=\"yoast-schema-graph\">{\"@context\":\"https:\/\/schema.org\",\"@graph\":[{\"@type\":\"NewsArticle\",\"@id\":\"https:\/\/www.suno.com.br\/noticias\/bolsonaro-assinara-projeto-de-lei-privatizacao-eletrobras\/#article\",\"isPartOf\":{\"@id\":\"https:\/\/www.suno.com.br\/noticias\/bolsonaro-assinara-projeto-de-lei-privatizacao-eletrobras\/\"},\"author\":{\"name\":\"Jader Lazarini\",\"@id\":\"https:\/\/www.suno.com.br\/noticias\/#\/schema\/person\/918d79de1f0281f01599b93f9ea6e23f\"},\"headline\":\"Bolsonaro assinar\u00e1 projeto de lei para a privatiza\u00e7\u00e3o da Eletrobras\",\"datePublished\":\"2019-11-05T11:12:05+00:00\",\"dateModified\":\"2019-11-06T14:32:47+00:00\",\"mainEntityOfPage\":{\"@id\":\"https:\/\/www.suno.com.br\/noticias\/bolsonaro-assinara-projeto-de-lei-privatizacao-eletrobras\/\"},\"wordCount\":375,\"publisher\":{\"@id\":\"https:\/\/www.suno.com.br\/noticias\/#organization\"},\"image\":{\"@id\":\"https:\/\/www.suno.com.br\/noticias\/bolsonaro-assinara-projeto-de-lei-privatizacao-eletrobras\/#primaryimage\"},\"thumbnailUrl\":\"https:\/\/files.sunoresearch.com.br\/n\/uploads\/2019\/09\/f165860f-eletrobras-scaled.webp\",\"keywords\":[\"Eletrobras (ELET3\/ELET5\/ELET6)\",\"Jair Bolsonaro\",\"privatiza\u00e7\u00f5es\"],\"articleSection\":[\"Neg\u00f3cios\"],\"inLanguage\":\"pt-BR\"},{\"@type\":\"WebPage\",\"@id\":\"https:\/\/www.suno.com.br\/noticias\/bolsonaro-assinara-projeto-de-lei-privatizacao-eletrobras\/\",\"url\":\"https:\/\/www.suno.com.br\/noticias\/bolsonaro-assinara-projeto-de-lei-privatizacao-eletrobras\/\",\"name\":\"Eletrobras: Bolsonaro assinar\u00e1 projeto de lei para a privatiza\u00e7\u00e3o\",\"isPartOf\":{\"@id\":\"https:\/\/www.suno.com.br\/noticias\/#website\"},\"primaryImageOfPage\":{\"@id\":\"https:\/\/www.suno.com.br\/noticias\/bolsonaro-assinara-projeto-de-lei-privatizacao-eletrobras\/#primaryimage\"},\"image\":{\"@id\":\"https:\/\/www.suno.com.br\/noticias\/bolsonaro-assinara-projeto-de-lei-privatizacao-eletrobras\/#primaryimage\"},\"thumbnailUrl\":\"https:\/\/files.sunoresearch.com.br\/n\/uploads\/2019\/09\/f165860f-eletrobras-scaled.webp\",\"datePublished\":\"2019-11-05T11:12:05+00:00\",\"dateModified\":\"2019-11-06T14:32:47+00:00\",\"description\":\"O presidente Jair Bolsonaro ir\u00e1 assinar o projeto de lei que estabelece as medidas para a privatiza\u00e7\u00e3o da Eletrobras. Clique e saiba mais.\",\"breadcrumb\":{\"@id\":\"https:\/\/www.suno.com.br\/noticias\/bolsonaro-assinara-projeto-de-lei-privatizacao-eletrobras\/#breadcrumb\"},\"inLanguage\":\"pt-BR\",\"potentialAction\":[{\"@type\":\"ReadAction\",\"target\":[\"https:\/\/www.suno.com.br\/noticias\/bolsonaro-assinara-projeto-de-lei-privatizacao-eletrobras\/\"]}]},{\"@type\":\"ImageObject\",\"inLanguage\":\"pt-BR\",\"@id\":\"https:\/\/www.suno.com.br\/noticias\/bolsonaro-assinara-projeto-de-lei-privatizacao-eletrobras\/#primaryimage\",\"url\":\"https:\/\/files.sunoresearch.com.br\/n\/uploads\/2019\/09\/f165860f-eletrobras-scaled.webp\",\"contentUrl\":\"https:\/\/files.sunoresearch.com.br\/n\/uploads\/2019\/09\/f165860f-eletrobras-scaled.webp\",\"width\":2560,\"height\":1707,\"caption\":\"Eletrobras (ELET3). Foto: Getty Images.\"},{\"@type\":\"BreadcrumbList\",\"@id\":\"https:\/\/www.suno.com.br\/noticias\/bolsonaro-assinara-projeto-de-lei-privatizacao-eletrobras\/#breadcrumb\",\"itemListElement\":[{\"@type\":\"ListItem\",\"position\":1,\"name\":\"Not\u00edcias\",\"item\":\"https:\/\/www.suno.com.br\/noticias\/\"},{\"@type\":\"ListItem\",\"position\":2,\"name\":\"Neg\u00f3cios\",\"item\":\"https:\/\/www.suno.com.br\/noticias\/negocios\/\"},{\"@type\":\"ListItem\",\"position\":3,\"name\":\"Bolsonaro assinar\u00e1 projeto de lei para a privatiza\u00e7\u00e3o da Eletrobras\"}]},{\"@type\":\"WebSite\",\"@id\":\"https:\/\/www.suno.com.br\/noticias\/#website\",\"url\":\"https:\/\/www.suno.com.br\/noticias\/\",\"name\":\"Suno Not\u00edcias\",\"description\":\"Seu portal de informa\u00e7\u00e3o sobre o mundo dos investimentos\",\"publisher\":{\"@id\":\"https:\/\/www.suno.com.br\/noticias\/#organization\"},\"potentialAction\":[{\"@type\":\"SearchAction\",\"target\":{\"@type\":\"EntryPoint\",\"urlTemplate\":\"https:\/\/www.suno.com.br\/noticias\/?s={search_term_string}\"},\"query-input\":{\"@type\":\"PropertyValueSpecification\",\"valueRequired\":true,\"valueName\":\"search_term_string\"}}],\"inLanguage\":\"pt-BR\"},{\"@type\":\"Organization\",\"@id\":\"https:\/\/www.suno.com.br\/noticias\/#organization\",\"name\":\"Suno Not\u00edcias\",\"url\":\"https:\/\/www.suno.com.br\/noticias\/\",\"logo\":{\"@type\":\"ImageObject\",\"inLanguage\":\"pt-BR\",\"@id\":\"https:\/\/www.suno.com.br\/noticias\/#\/schema\/logo\/image\/\",\"url\":\"https:\/\/files.sunoresearch.com.br\/n\/uploads\/2021\/09\/suno-logo.png\",\"contentUrl\":\"https:\/\/files.sunoresearch.com.br\/n\/uploads\/2021\/09\/suno-logo.png\",\"width\":180,\"height\":180,\"caption\":\"Suno Not\u00edcias\"},\"image\":{\"@id\":\"https:\/\/www.suno.com.br\/noticias\/#\/schema\/logo\/image\/\"},\"sameAs\":[\"https:\/\/facebook.com\/sunoresearch\",\"https:\/\/x.com\/sunoresearch\",\"https:\/\/www.instagram.com\/suno\",\"https:\/\/www.linkedin.com\/company\/suno-research\/\",\"https:\/\/www.youtube.com\/c\/sunoresearch\"]},{\"@type\":\"Person\",\"@id\":\"https:\/\/www.suno.com.br\/noticias\/#\/schema\/person\/918d79de1f0281f01599b93f9ea6e23f\",\"name\":\"Jader Lazarini\",\"image\":{\"@type\":\"ImageObject\",\"inLanguage\":\"pt-BR\",\"@id\":\"https:\/\/www.suno.com.br\/noticias\/#\/schema\/person\/image\/\",\"url\":\"https:\/\/secure.gravatar.com\/avatar\/3c1ad8caa51589841baeb923fcddea97?s=96&r=g\",\"contentUrl\":\"https:\/\/secure.gravatar.com\/avatar\/3c1ad8caa51589841baeb923fcddea97?s=96&r=g\",\"caption\":\"Jader Lazarini\"},\"description\":\"Jader Lazarini escreve sobre investimentos, finan\u00e7as, economia e neg\u00f3cios. \u00c9 bacharel em Rela\u00e7\u00f5es Internacionais e analista CNPI (2619).\",\"url\":\"https:\/\/www.suno.com.br\/noticias\/author\/jader-lazarini\/\"}]}<\/script>\n<!-- \/ Yoast SEO plugin. -->","yoast_head_json":{"title":"Eletrobras: Bolsonaro assinar\u00e1 projeto de lei para a privatiza\u00e7\u00e3o","description":"O presidente Jair Bolsonaro ir\u00e1 assinar o projeto de lei que estabelece as medidas para a privatiza\u00e7\u00e3o da Eletrobras. Clique e saiba mais.","robots":{"index":"index","follow":"follow","max-snippet":"max-snippet:-1","max-image-preview":"max-image-preview:large","max-video-preview":"max-video-preview:-1"},"canonical":"https:\/\/www.suno.com.br\/noticias\/bolsonaro-assinara-projeto-de-lei-privatizacao-eletrobras\/","og_locale":"pt_BR","og_type":"article","og_title":"Eletrobras: Bolsonaro assinar\u00e1 projeto de lei para a privatiza\u00e7\u00e3o","og_description":"O presidente Jair Bolsonaro ir\u00e1 assinar o projeto de lei que estabelece as medidas para a privatiza\u00e7\u00e3o da Eletrobras. Clique e saiba mais.","og_url":"https:\/\/www.suno.com.br\/noticias\/bolsonaro-assinara-projeto-de-lei-privatizacao-eletrobras\/","og_site_name":"Suno Not\u00edcias","article_publisher":"https:\/\/facebook.com\/sunoresearch","og_image":[{"width":3000,"height":2000,"url":"https:\/\/files.sunoresearch.com.br\/n\/uploads\/2019\/09\/f165860f-eletrobras.jpg","type":"image\/jpeg"}],"author":"Jader Lazarini","twitter_card":"summary_large_image","twitter_creator":"@sunoresearch","twitter_site":"@sunoresearch","twitter_misc":{"Escrito por":"Jader Lazarini","Est. tempo de leitura":"2 minutos"},"schema":{"@context":"https:\/\/schema.org","@graph":[{"@type":"NewsArticle","@id":"https:\/\/www.suno.com.br\/noticias\/bolsonaro-assinara-projeto-de-lei-privatizacao-eletrobras\/#article","isPartOf":{"@id":"https:\/\/www.suno.com.br\/noticias\/bolsonaro-assinara-projeto-de-lei-privatizacao-eletrobras\/"},"author":{"name":"Jader Lazarini","@id":"https:\/\/www.suno.com.br\/noticias\/#\/schema\/person\/918d79de1f0281f01599b93f9ea6e23f"},"headline":"Bolsonaro assinar\u00e1 projeto de lei para a privatiza\u00e7\u00e3o da Eletrobras","datePublished":"2019-11-05T11:12:05+00:00","dateModified":"2019-11-06T14:32:47+00:00","mainEntityOfPage":{"@id":"https:\/\/www.suno.com.br\/noticias\/bolsonaro-assinara-projeto-de-lei-privatizacao-eletrobras\/"},"wordCount":375,"publisher":{"@id":"https:\/\/www.suno.com.br\/noticias\/#organization"},"image":{"@id":"https:\/\/www.suno.com.br\/noticias\/bolsonaro-assinara-projeto-de-lei-privatizacao-eletrobras\/#primaryimage"},"thumbnailUrl":"https:\/\/files.sunoresearch.com.br\/n\/uploads\/2019\/09\/f165860f-eletrobras-scaled.webp","keywords":["Eletrobras (ELET3\/ELET5\/ELET6)","Jair Bolsonaro","privatiza\u00e7\u00f5es"],"articleSection":["Neg\u00f3cios"],"inLanguage":"pt-BR"},{"@type":"WebPage","@id":"https:\/\/www.suno.com.br\/noticias\/bolsonaro-assinara-projeto-de-lei-privatizacao-eletrobras\/","url":"https:\/\/www.suno.com.br\/noticias\/bolsonaro-assinara-projeto-de-lei-privatizacao-eletrobras\/","name":"Eletrobras: Bolsonaro assinar\u00e1 projeto de lei para a privatiza\u00e7\u00e3o","isPartOf":{"@id":"https:\/\/www.suno.com.br\/noticias\/#website"},"primaryImageOfPage":{"@id":"https:\/\/www.suno.com.br\/noticias\/bolsonaro-assinara-projeto-de-lei-privatizacao-eletrobras\/#primaryimage"},"image":{"@id":"https:\/\/www.suno.com.br\/noticias\/bolsonaro-assinara-projeto-de-lei-privatizacao-eletrobras\/#primaryimage"},"thumbnailUrl":"https:\/\/files.sunoresearch.com.br\/n\/uploads\/2019\/09\/f165860f-eletrobras-scaled.webp","datePublished":"2019-11-05T11:12:05+00:00","dateModified":"2019-11-06T14:32:47+00:00","description":"O presidente Jair Bolsonaro ir\u00e1 assinar o projeto de lei que estabelece as medidas para a privatiza\u00e7\u00e3o da Eletrobras. Clique e saiba mais.","breadcrumb":{"@id":"https:\/\/www.suno.com.br\/noticias\/bolsonaro-assinara-projeto-de-lei-privatizacao-eletrobras\/#breadcrumb"},"inLanguage":"pt-BR","potentialAction":[{"@type":"ReadAction","target":["https:\/\/www.suno.com.br\/noticias\/bolsonaro-assinara-projeto-de-lei-privatizacao-eletrobras\/"]}]},{"@type":"ImageObject","inLanguage":"pt-BR","@id":"https:\/\/www.suno.com.br\/noticias\/bolsonaro-assinara-projeto-de-lei-privatizacao-eletrobras\/#primaryimage","url":"https:\/\/files.sunoresearch.com.br\/n\/uploads\/2019\/09\/f165860f-eletrobras-scaled.webp","contentUrl":"https:\/\/files.sunoresearch.com.br\/n\/uploads\/2019\/09\/f165860f-eletrobras-scaled.webp","width":2560,"height":1707,"caption":"Eletrobras (ELET3). Foto: Getty Images."},{"@type":"BreadcrumbList","@id":"https:\/\/www.suno.com.br\/noticias\/bolsonaro-assinara-projeto-de-lei-privatizacao-eletrobras\/#breadcrumb","itemListElement":[{"@type":"ListItem","position":1,"name":"Not\u00edcias","item":"https:\/\/www.suno.com.br\/noticias\/"},{"@type":"ListItem","position":2,"name":"Neg\u00f3cios","item":"https:\/\/www.suno.com.br\/noticias\/negocios\/"},{"@type":"ListItem","position":3,"name":"Bolsonaro assinar\u00e1 projeto de lei para a privatiza\u00e7\u00e3o da Eletrobras"}]},{"@type":"WebSite","@id":"https:\/\/www.suno.com.br\/noticias\/#website","url":"https:\/\/www.suno.com.br\/noticias\/","name":"Suno Not\u00edcias","description":"Seu portal de informa\u00e7\u00e3o sobre o mundo dos investimentos","publisher":{"@id":"https:\/\/www.suno.com.br\/noticias\/#organization"},"potentialAction":[{"@type":"SearchAction","target":{"@type":"EntryPoint","urlTemplate":"https:\/\/www.suno.com.br\/noticias\/?s={search_term_string}"},"query-input":{"@type":"PropertyValueSpecification","valueRequired":true,"valueName":"search_term_string"}}],"inLanguage":"pt-BR"},{"@type":"Organization","@id":"https:\/\/www.suno.com.br\/noticias\/#organization","name":"Suno Not\u00edcias","url":"https:\/\/www.suno.com.br\/noticias\/","logo":{"@type":"ImageObject","inLanguage":"pt-BR","@id":"https:\/\/www.suno.com.br\/noticias\/#\/schema\/logo\/image\/","url":"https:\/\/files.sunoresearch.com.br\/n\/uploads\/2021\/09\/suno-logo.png","contentUrl":"https:\/\/files.sunoresearch.com.br\/n\/uploads\/2021\/09\/suno-logo.png","width":180,"height":180,"caption":"Suno Not\u00edcias"},"image":{"@id":"https:\/\/www.suno.com.br\/noticias\/#\/schema\/logo\/image\/"},"sameAs":["https:\/\/facebook.com\/sunoresearch","https:\/\/x.com\/sunoresearch","https:\/\/www.instagram.com\/suno","https:\/\/www.linkedin.com\/company\/suno-research\/","https:\/\/www.youtube.com\/c\/sunoresearch"]},{"@type":"Person","@id":"https:\/\/www.suno.com.br\/noticias\/#\/schema\/person\/918d79de1f0281f01599b93f9ea6e23f","name":"Jader Lazarini","image":{"@type":"ImageObject","inLanguage":"pt-BR","@id":"https:\/\/www.suno.com.br\/noticias\/#\/schema\/person\/image\/","url":"https:\/\/secure.gravatar.com\/avatar\/3c1ad8caa51589841baeb923fcddea97?s=96&r=g","contentUrl":"https:\/\/secure.gravatar.com\/avatar\/3c1ad8caa51589841baeb923fcddea97?s=96&r=g","caption":"Jader Lazarini"},"description":"Jader Lazarini escreve sobre investimentos, finan\u00e7as, economia e neg\u00f3cios. \u00c9 bacharel em Rela\u00e7\u00f5es Internacionais e analista CNPI (2619).","url":"https:\/\/www.suno.com.br\/noticias\/author\/jader-lazarini\/"}]}},"default_loop_html":"<div class=\"cardsPage__listCard__boxs\"><div class=\"cardsPage__listCard__boxs__img\"><a href=\"https:\/\/www.suno.com.br\/noticias\/bolsonaro-assinara-projeto-de-lei-privatizacao-eletrobras\/\"><img class=\"mask\" src=\"https:\/\/www.suno.com.br\/noticias\/wp-content\/themes\/suno\/resources\/images\/spotlight\/spotlight1img\/bg-mask.png\" alt=\"Image Mask\"\/><img src=\"https:\/\/files.sunoresearch.com.br\/n\/uploads\/2019\/09\/f165860f-eletrobras-400x200.webp\" alt=\"Bolsonaro assinar\u00e1 projeto de lei para a privatiza\u00e7\u00e3o da Eletrobras\"\/><\/a><span class=\"spotlightCategory\"><a href=\"https:\/\/www.suno.com.br\/noticias\/negocios\/\">Neg\u00f3cios<\/a><\/span><\/div><div class=\"cardsPage__listCard__boxs__content\"><a href=\"https:\/\/www.suno.com.br\/noticias\/bolsonaro-assinara-projeto-de-lei-privatizacao-eletrobras\/\"><h2 class=\"content__title\">Bolsonaro assinar\u00e1 projeto de lei para a privatiza\u00e7\u00e3o da Eletrobras<\/h2><\/a><div class=\"newsContent__article__meta\"><div class=\"newsContent__article__meta__authorBox\"><a href=\"https:\/\/www.suno.com.br\/noticias\/author\/jader-lazarini\/\" class=\"authorBox__avatar noMobi\"><img src=\"https:\/\/files.sunoresearch.com.br\/n\/uploads\/2021\/01\/178e6598-foto-perfil-2-150x150.jpg\" alt=\"Jader Lazarini\"><\/a><div class=\"authorBox__name\"><span>por\n\t\t\t<a href=\"https:\/\/www.suno.com.br\/noticias\/author\/jader-lazarini\/\"><span itemprop=\"author\">Jader Lazarini<\/span><\/a><\/span><time datetime=\"2019-11-05T09:12:05-03:00\" itemprop=\"datePublished\">05\/11\/2019 09:12<\/time><\/div><\/div><\/div><\/div><\/div>","single_layout":"posts","amp_enabled":true,"_links":{"self":[{"href":"https:\/\/www.suno.com.br\/noticias\/wp-json\/wp\/v2\/posts\/43695"}],"collection":[{"href":"https:\/\/www.suno.com.br\/noticias\/wp-json\/wp\/v2\/posts"}],"about":[{"href":"https:\/\/www.suno.com.br\/noticias\/wp-json\/wp\/v2\/types\/post"}],"author":[{"embeddable":true,"href":"https:\/\/www.suno.com.br\/noticias\/wp-json\/wp\/v2\/users\/24"}],"replies":[{"embeddable":true,"href":"https:\/\/www.suno.com.br\/noticias\/wp-json\/wp\/v2\/comments?post=43695"}],"version-history":[{"count":0,"href":"https:\/\/www.suno.com.br\/noticias\/wp-json\/wp\/v2\/posts\/43695\/revisions"}],"wp:featuredmedia":[{"embeddable":true,"href":"https:\/\/www.suno.com.br\/noticias\/wp-json\/wp\/v2\/media\/37836"}],"wp:attachment":[{"href":"https:\/\/www.suno.com.br\/noticias\/wp-json\/wp\/v2\/media?parent=43695"}],"wp:term":[{"taxonomy":"category","embeddable":true,"href":"https:\/\/www.suno.com.br\/noticias\/wp-json\/wp\/v2\/categories?post=43695"},{"taxonomy":"post_tag","embeddable":true,"href":"https:\/\/www.suno.com.br\/noticias\/wp-json\/wp\/v2\/tags?post=43695"},{"taxonomy":"suno_strategy","embeddable":true,"href":"https:\/\/www.suno.com.br\/noticias\/wp-json\/wp\/v2\/suno_strategy?post=43695"}],"curies":[{"name":"wp","href":"https:\/\/api.w.org\/{rel}","templated":true}]}}