{"id":43688,"date":"2019-11-05T07:30:35","date_gmt":"2019-11-05T09:30:35","guid":{"rendered":"https:\/\/www.suno.com.br\/noticias\/?p=43688"},"modified":"2019-11-05T00:58:37","modified_gmt":"2019-11-05T02:58:37","slug":"exclusivo-ue-podera-medidas-carnes-brasileiras","status":"publish","type":"post","link":"https:\/\/www.suno.com.br\/noticias\/exclusivo-ue-podera-medidas-carnes-brasileiras\/","title":{"rendered":"EXCLUSIVO: UE poder\u00e1 tomar medidas contra carnes brasileiras"},"content":{"rendered":"<p>No dia em que os <strong>Estados Unidos<\/strong> mantiveram o veto \u00e0 importa\u00e7\u00e3o de carne bovina brasileira em natura, a <a href=\"https:\/\/www.suno.com.br\/artigos\/uniao-europeia\/\">Uni\u00e3o Europeia (UE)<\/a> informou que poderia tomar medidas contra as carnes brasileiras caso Bras\u00edlia n\u00e3o forne\u00e7a \u201cinforma\u00e7\u00f5es suficientemente esclarecedoras\u201d.<\/p>\t<div class=\"wrapper-featured-image\">\n\t\t<figure class=\"spotlightImg\">\n\n\t\t\t<picture>\n\t\t\t\t<source media=\"(max-width: 768px)\" srcset=\"https:\/\/files.sunoresearch.com.br\/n\/uploads\/2019\/11\/5773ff7f-vytenis-andriukaitis-400x200.webp\">\n\t\t\t\t<img loading=\"lazy\" decoding=\"async\" class=\"newsContent__article__imgCapa lazyloadDisabled newsContent__article__imgCapa--noCaption\" src=\"https:\/\/files.sunoresearch.com.br\/n\/uploads\/2019\/11\/5773ff7f-vytenis-andriukaitis-800x450.webp\" width=\"800\" height=\"450\" alt=\"EXCLUSIVO: UE poder\u00e1 tomar medidas contra carnes brasileiras\" fetchpriority=high \/>\n\t\t\t<\/picture>\n\n\t\t\t<figcaption class=\"wp-caption-text wp-caption-text--hide\">Comiss\u00e1rio da UE para a Seguran\u00e7a Alimentar, Vytenis Andriukaitis<\/figcaption>\n\t\t<\/figure>\n\t<\/div>\n\n\n\n<p>Foi essa a mensagem clara que o <strong>Comiss\u00e1rio da UE para a Seguran\u00e7a Alimentar<\/strong>, <strong>Vytenis Andriukaitis,<\/strong> expressou durante a entrevista exclusiva com o <strong>SUNO Not\u00edcias.<\/strong><\/p>\n<p>Segundo o pol\u00edtico lituano, \u201ca seguran\u00e7a alimentar da <strong>UE<\/strong>\u00a0\u00e9 uma quest\u00e3o n\u00e3o negoci\u00e1vel\u201d. Por isso, as not\u00edcias sobre o novo desdobramento da <strong>Opera\u00e7\u00e3o Carne Fraca,<\/strong> que mostrou como a gigante <strong>BRF<\/strong> teria pago propinas para auditores fiscais agropecu\u00e1rios federais, geraram \u201cprofunda preocupa\u00e7\u00e3o\u201d em Bruxelas.<\/p>\n<p><a href=\"https:\/\/www.suno.com.br\/noticias\/pf-investiga-r-19-mi-propinas-brf-auditores-fiscais\/\">Saiba mais: Opera\u00e7\u00e3o Carne Fraca investiga R$ 19 mi em propinas da BRF a auditores fiscais<\/a><\/p>\n<p>Confira os principais trechos da entrevista exclusiva com o <strong>Comiss\u00e1rio da UE\u00a0para<\/strong> <strong>a<\/strong> <strong>Seguran\u00e7a Alimentar, Vytenis Andriukaitis.<\/strong><\/p>\n<p>&nbsp;<\/p>\n<p>&nbsp;<\/p>\n<p><strong>SUNO Not\u00edcias: Como foi percebida o novo desdobramento da Opera\u00e7\u00e3o Carne fraca de outubro envolvendo a BRF?<\/strong><\/p>\n<p><strong>Andriukaitis<\/strong>: Em Bruxelas nos consideramos que esse desdobramento \u00e9 uma continua\u00e7\u00e3o da <strong>Opera\u00e7\u00e3o Carne Fraca<\/strong> de 2017. A Comiss\u00e3o est\u00e1 em constante e permanente contato com as autoridades brasileiras sobre esse assunto. Mas n\u00e3o escondemos nossa profunda preocupa\u00e7\u00e3o.<\/p>\n\t<p>\n\t\t<a href=\"https:\/\/lp.suno.com.br\/asset\/fundos\/suno-fiagro-snag11\/\" target=\"_blank\" data-element=\"shortcode-suno-banner\" title=\"Banner SUNO, clique e saiba mais\">\n\t\t\t<picture>\n\t\t\t\t<source media=\"(max-width: 500px)\" srcset=\"https:\/\/files.sunoresearch.com.br\/n\/uploads\/2024\/03\/400x300-Mobile-Artigos-1_SNAG.png\">\n\t\t\t\t<img class=\"newsContent__article__imgCapa newsContent__article__imgCapa--banner\"\n\t\t\t\t\tsrc=\"https:\/\/files.sunoresearch.com.br\/n\/uploads\/2024\/03\/1420x240-Banner-Artigos-1-_-Banner-Materias-1_SNAG.png\"\n\t\t\t\t\tdata-promo-id=\"364416\"\t\t\t\t\t\t\t\t\t\twidth='1420' height='240'\t\t\t\t\talt=\"https:\/\/files.sunoresearch.com.br\/n\/uploads\/2024\/03\/1420x240-Banner-Artigos-1-_-Banner-Materias-1_SNAG.png\"\n\t\t\t\t>\n\t\t\t<\/picture>\n\t\t<\/a>\n\t<\/p>\n\n\n<p>No dia 8 de outubro enviamos uma carta para as autoridades brasileiras pedindo para esclarecer todas as informa\u00e7\u00f5es do caso. Aguardamos ainda hoje a resposta de Bras\u00edlia.<\/p>\n<p>Essa n\u00e3o \u00e9 a primeira carta que enviamos para as autoridades brasileiras exigindo maior rigor na fiscaliza\u00e7\u00e3o e salientando as defici\u00eancias do sistema de controle sanit\u00e1rio. Em 2017 e em 2018 enviamos outras com o mesmo teor.<\/p>\n<p>A seguran\u00e7a alimentar \u00e9 um pilar fundamental e \u00e9 uma quest\u00e3o n\u00e3o negoci\u00e1vel Uni\u00e3o Europeia. Queremos novas informa\u00e7\u00f5es sobre o que est\u00e1 ocorrendo no Brasil com as plantas e as empresas que exportam para a UE.<\/p>\n<p><strong>SUNO Not\u00edcias: Mas concretamente o que a UE pretende fazer sobre o caso?<\/strong><\/p>\n<p><strong>Andriukaitis<\/strong>: Por enquanto, atender. Aguardaremos as informa\u00e7\u00f5es das autoridades brasileiras, que esperamos cheguem em breve, sobre os estabelecimentos envolvidos nesse caso. A partir daquele momento iniciaremos a discutir sobre o que fazer a respeito.<\/p>\n\t<p>\n\t\t<a href=\"https:\/\/lp.suno.com.br\/asset\/fundos\/suno-fiagro-snag11\/\" target=\"_blank\" data-element=\"shortcode-suno-banner\" title=\"Banner SUNO, clique e saiba mais\">\n\t\t\t<picture>\n\t\t\t\t<source media=\"(max-width: 500px)\" srcset=\"https:\/\/files.sunoresearch.com.br\/n\/uploads\/2024\/03\/400x300-Mobile-Artigos-1_SNAG.png\">\n\t\t\t\t<img class=\"newsContent__article__imgCapa newsContent__article__imgCapa--banner\"\n\t\t\t\t\tsrc=\"https:\/\/files.sunoresearch.com.br\/n\/uploads\/2024\/03\/1420x240-Banner-Artigos-1-_-Banner-Materias-1_SNAG.png\"\n\t\t\t\t\tdata-promo-id=\"364416\"\t\t\t\t\t\t\t\t\t\twidth='1420' height='240'\t\t\t\t\talt=\"https:\/\/files.sunoresearch.com.br\/n\/uploads\/2024\/03\/1420x240-Banner-Artigos-1-_-Banner-Materias-1_SNAG.png\"\n\t\t\t\t>\n\t\t\t<\/picture>\n\t\t<\/a>\n\t<\/p>\n\n\n<p><strong>SUNO Not\u00edcias: As empresas envolvidas no esc\u00e2ndalo da Carne Fraca, como a BRF, ou tamb\u00e9m outros frigor\u00edficos brasileiros, poderiam sofrer um bloqueio das exporta\u00e7\u00f5es para a Uni\u00e3o Europeia?<\/strong><\/p>\n<p><strong>Andriukaitis:<\/strong> n\u00e3o vou me manifestar sobre empresas individuais. Entretanto, poder\u00edamos chegar a tomar todas as medidas cab\u00edveis caso o problema continue. Isso j\u00e1 aconteceu no passado, como por exemplo no caso do embargo total a importa\u00e7\u00e3o de carne de cavalo brasileira.<\/p>\n<p>Entretanto, nesse momento n\u00e3o h\u00e1 mudan\u00e7as sobre as empresas que est\u00e3o autorizadas a exportar carne para a UE. Todavia, na Uni\u00e3o vale o princ\u00edpio de precau\u00e7\u00e3o. Se nossos controles perceber\u00e3o que os padr\u00f5es de seguran\u00e7a alimentar das carnes exportadas por esses estabelecimentos n\u00e3o s\u00e3o totalmente seguros, poder\u00edamos tomar provid\u00eancias a respeito.<\/p>\n<p>Queremos dados concretos e an\u00e1lises s\u00f3lidas que as carnes brasileiras s\u00e3o 100% seguras. Essa \u00e9 uma quest\u00e3o muito sens\u00edvel. E tem que se basear em controles s\u00f3lidos. As respostas que recebemos at\u00e9 agora das autoridades brasileiras, tamb\u00e9m em rela\u00e7\u00e3o ao passado, n\u00e3o foram satisfat\u00f3rias. Mas ainda estamos aguardando antes de introduzir qualquer medida.<\/p>\n<h2>UE aguarda respostas do Brasil<\/h2>\n<p><strong>SUNO Not\u00edcias: Que tipo de respostas das autoridades brasileiras a UE espera?<\/strong><\/p>\n<p><strong>Andriukaitis:<\/strong> Respostas s\u00f3lidas aos nossos questionamentos. Expressamos fortes d\u00favidas sobre o que est\u00e1 ocorrendo nos estabelecimentos brasileiros. Precisamos de s\u00f3lidos controles nos locais.<\/p>\n\t<p>\n\t\t<a href=\"https:\/\/lp.suno.com.br\/ebook-como-analisar-uma-acao\/\" target=\"_blank\" data-element=\"shortcode-suno-banner\" title=\"Banner SUNO, clique e saiba mais\">\n\t\t\t<picture>\n\t\t\t\t<source media=\"(max-width: 500px)\" srcset=\"https:\/\/files.sunoresearch.com.br\/n\/uploads\/2023\/03\/Ebook-Acoes-Mobile.jpg\">\n\t\t\t\t<img class=\"newsContent__article__imgCapa newsContent__article__imgCapa--banner\"\n\t\t\t\t\tsrc=\"https:\/\/files.sunoresearch.com.br\/n\/uploads\/2023\/03\/Ebook-Acoes-Desktop.jpg\"\n\t\t\t\t\tdata-promo-id=\"378302\"\t\t\t\t\t\t\t\t\t\twidth='1420' height='286'\t\t\t\t\talt=\"https:\/\/files.sunoresearch.com.br\/n\/uploads\/2023\/03\/Ebook-Acoes-Desktop.jpg\"\n\t\t\t\t>\n\t\t\t<\/picture>\n\t\t<\/a>\n\t<\/p>\n\n\n<p>Depois da Opera\u00e7\u00e3o Carne Fraca de 2017 enviamos nossos peritos para realizar os controles nas plantas brasileiras. E esses controles mostraram um monte e problemas. Tanto que foi naquela ocasi\u00e3o que chegamos a bloquear totalmente a importa\u00e7\u00e3o de carne de cavalo brasileira, al\u00e9m de impor uma s\u00e9rie de outras limita\u00e7\u00f5es a plantas envolvidas no esc\u00e2ndalo.<\/p>\n<p>Os problemas continuaram ao longo dos anos. Em 2018, mais de um ano depois da Carne Fraca, novos controles mostraram que ainda tinham irregularidades nas plantas brasileiras. Registramos problemas de subst\u00e2ncias que n\u00e3o podem ser utilizadas no bloco, al\u00e9m de falhas nos receitu\u00e1rios de rem\u00e9dios veterin\u00e1rios, entre outras coisas. Tanto que uma delega\u00e7\u00e3o de deputados do Parlamento Europeu chegou a visitar o Brasil. A quest\u00e3o ficou t\u00e3o grave que se tornou pol\u00edtica!<\/p>\n<p>Em 2019 enviamos mais uma equipe de peritos e mais uma vez registramos problemas. S\u00e3o necess\u00e1rias melhorias imediatas. Queremos respostas satisfat\u00f3rias para nossos quesitos por parte das autoridades brasileiras.<\/p>\n<p><strong>SUNO Not\u00edcias: O acordo de livre-com\u00e9rcio alcan\u00e7ado entre a UE e o Mercosul poderia mudar algo?<\/strong><\/p>\n<p><strong>Andriukaitis:<\/strong> O acordo n\u00e3o muda absolutamente nada. Quem quiser exportar carnes para a UE dever\u00e1 seguir estritamente nossas regras. Nossos padr\u00f5es de seguran\u00e7a alimentar n\u00e3o s\u00e3o negoci\u00e1veis.<\/p>\n\t<p>\n\t\t<a href=\"https:\/\/lp.suno.com.br\/ebook-10-livros\/\" target=\"_blank\" data-element=\"shortcode-suno-banner\" title=\"Banner SUNO, clique e saiba mais\">\n\t\t\t<picture>\n\t\t\t\t<source media=\"(max-width: 500px)\" srcset=\"https:\/\/files.sunoresearch.com.br\/n\/uploads\/2023\/03\/400x300-10-livros.png\">\n\t\t\t\t<img class=\"newsContent__article__imgCapa newsContent__article__imgCapa--banner\"\n\t\t\t\t\tsrc=\"https:\/\/files.sunoresearch.com.br\/n\/uploads\/2023\/03\/1420x240-10-livros.png\"\n\t\t\t\t\tdata-promo-id=\"383159\"\t\t\t\t\t\t\t\t\t\twidth='1420' height='240'\t\t\t\t\talt=\"https:\/\/files.sunoresearch.com.br\/n\/uploads\/2023\/03\/1420x240-10-livros.png\"\n\t\t\t\t>\n\t\t\t<\/picture>\n\t\t<\/a>\n\t<\/p>\n\n\n<p>Acredito que o acordo seja algo muito positivo para ambos os blocos, pois permite criar padr\u00f5es sanit\u00e1rios globais e fluxos previs\u00edveis de com\u00e9rcio internacional, entre outras coisas. Mas nenhum produto poder\u00e1 entrar na UE se n\u00e3o garantir\u00e1 total seguran\u00e7a alimentar. Entre as miss\u00f5es da Comiss\u00e3o Europeia est\u00e1 aquela de proteger seus cidad\u00e3os tamb\u00e9m dessas potenciais amea\u00e7as.<\/p>\n<p><a href=\"https:\/\/www.suno.com.br\/noticias\/austria-rejeita-veta-acordo-entre-ue-mercosul\/\">Saiba mais: \u00c1ustria veta acordo de livre-com\u00e9rcio entre Mercosul e Uni\u00e3o Europeia<\/a><\/p>\n<p>A UE n\u00e3o levar\u00e1 adiante nenhuma medida protecionista contra os \u201cbons\u201d produtores de carne dos pa\u00edses membros do Mercosul. Entretanto, todos dever\u00e3o se conformar as regras previstas no acordo, com o mesmo n\u00edvel de seguran\u00e7a alimentar garantido. Todos devemos respeitar as mesmas regras.<\/p>\n","protected":false},"excerpt":{"rendered":"<p>No dia em que os Estados Unidos mantiveram o veto \u00e0 importa\u00e7\u00e3o de carne bovina brasileira em natura, a Uni\u00e3o Europeia (UE) informou que poderia tomar medidas contra as carnes brasileiras caso Bras\u00edlia n\u00e3o forne\u00e7a \u201cinforma\u00e7\u00f5es suficientemente esclarecedoras\u201d. Comiss\u00e1rio da UE para a Seguran\u00e7a Alimentar, Vytenis Andriukaitis Foi essa a mensagem clara que o Comiss\u00e1rio [&hellip;]<\/p>\n","protected":false},"author":9,"featured_media":43689,"comment_status":"closed","ping_status":"closed","sticky":false,"template":"","format":"standard","meta":[],"categories":[63],"tags":[397,731],"suno_strategy":[],"class_list":["post-43688","post","type-post","status-publish","format-standard","has-post-thumbnail","hentry","category-internacional","tag-brf-brfs3","tag-uniao-europeia"],"yoast_head":"<!-- This site is optimized with the Yoast SEO plugin v24.4 - https:\/\/yoast.com\/wordpress\/plugins\/seo\/ -->\n<title>EXCLUSIVO: UE poder\u00e1 tomar medidas contra carnes brasileiras<\/title>\n<meta name=\"description\" content=\"Em entrevista exclusiva, o Comiss\u00e1rio da UE para a Seguran\u00e7a Alimentar criticou as autoridades brasileiras. Clique aqui e saiba mais.\" \/>\n<meta name=\"robots\" content=\"index, follow, max-snippet:-1, max-image-preview:large, max-video-preview:-1\" \/>\n<link rel=\"canonical\" href=\"https:\/\/www.suno.com.br\/noticias\/exclusivo-ue-podera-medidas-carnes-brasileiras\/\" \/>\n<meta property=\"og:locale\" content=\"pt_BR\" \/>\n<meta property=\"og:type\" content=\"article\" \/>\n<meta property=\"og:title\" content=\"EXCLUSIVO: UE poder\u00e1 tomar medidas contra carnes brasileiras\" \/>\n<meta property=\"og:description\" content=\"Em entrevista exclusiva, o Comiss\u00e1rio da UE para a Seguran\u00e7a Alimentar criticou as autoridades brasileiras. Clique aqui e saiba mais.\" \/>\n<meta property=\"og:url\" content=\"https:\/\/www.suno.com.br\/noticias\/exclusivo-ue-podera-medidas-carnes-brasileiras\/\" \/>\n<meta property=\"og:site_name\" content=\"Suno Not\u00edcias\" \/>\n<meta property=\"article:publisher\" content=\"https:\/\/facebook.com\/sunoresearch\" \/>\n<meta property=\"og:image\" content=\"https:\/\/files.sunoresearch.com.br\/n\/uploads\/2019\/11\/5773ff7f-vytenis-andriukaitis.jpg\" \/>\n\t<meta property=\"og:image:width\" content=\"900\" \/>\n\t<meta property=\"og:image:height\" content=\"600\" \/>\n\t<meta property=\"og:image:type\" content=\"image\/jpeg\" \/>\n<meta name=\"author\" content=\"Carlo Cauti\" \/>\n<meta name=\"twitter:card\" content=\"summary_large_image\" \/>\n<meta name=\"twitter:creator\" content=\"@sunoresearch\" \/>\n<meta name=\"twitter:site\" content=\"@sunoresearch\" \/>\n<meta name=\"twitter:label1\" content=\"Escrito por\" \/>\n\t<meta name=\"twitter:data1\" content=\"Carlo Cauti\" \/>\n\t<meta name=\"twitter:label2\" content=\"Est. tempo de leitura\" \/>\n\t<meta name=\"twitter:data2\" content=\"5 minutos\" \/>\n<script type=\"application\/ld+json\" class=\"yoast-schema-graph\">{\"@context\":\"https:\/\/schema.org\",\"@graph\":[{\"@type\":\"NewsArticle\",\"@id\":\"https:\/\/www.suno.com.br\/noticias\/exclusivo-ue-podera-medidas-carnes-brasileiras\/#article\",\"isPartOf\":{\"@id\":\"https:\/\/www.suno.com.br\/noticias\/exclusivo-ue-podera-medidas-carnes-brasileiras\/\"},\"author\":{\"name\":\"Carlo Cauti\",\"@id\":\"https:\/\/www.suno.com.br\/noticias\/#\/schema\/person\/e6e0f723cc177805027f4566c1d5e0c8\"},\"headline\":\"EXCLUSIVO: UE poder\u00e1 tomar medidas contra carnes brasileiras\",\"datePublished\":\"2019-11-05T09:30:35+00:00\",\"mainEntityOfPage\":{\"@id\":\"https:\/\/www.suno.com.br\/noticias\/exclusivo-ue-podera-medidas-carnes-brasileiras\/\"},\"wordCount\":1001,\"publisher\":{\"@id\":\"https:\/\/www.suno.com.br\/noticias\/#organization\"},\"image\":{\"@id\":\"https:\/\/www.suno.com.br\/noticias\/exclusivo-ue-podera-medidas-carnes-brasileiras\/#primaryimage\"},\"thumbnailUrl\":\"https:\/\/files.sunoresearch.com.br\/n\/uploads\/2019\/11\/5773ff7f-vytenis-andriukaitis-jpg.webp\",\"keywords\":[\"BRF (BRFS3)\",\"Uni\u00e3o Europeia\"],\"articleSection\":[\"Internacional\"],\"inLanguage\":\"pt-BR\"},{\"@type\":\"WebPage\",\"@id\":\"https:\/\/www.suno.com.br\/noticias\/exclusivo-ue-podera-medidas-carnes-brasileiras\/\",\"url\":\"https:\/\/www.suno.com.br\/noticias\/exclusivo-ue-podera-medidas-carnes-brasileiras\/\",\"name\":\"EXCLUSIVO: UE poder\u00e1 tomar medidas contra carnes brasileiras\",\"isPartOf\":{\"@id\":\"https:\/\/www.suno.com.br\/noticias\/#website\"},\"primaryImageOfPage\":{\"@id\":\"https:\/\/www.suno.com.br\/noticias\/exclusivo-ue-podera-medidas-carnes-brasileiras\/#primaryimage\"},\"image\":{\"@id\":\"https:\/\/www.suno.com.br\/noticias\/exclusivo-ue-podera-medidas-carnes-brasileiras\/#primaryimage\"},\"thumbnailUrl\":\"https:\/\/files.sunoresearch.com.br\/n\/uploads\/2019\/11\/5773ff7f-vytenis-andriukaitis-jpg.webp\",\"datePublished\":\"2019-11-05T09:30:35+00:00\",\"description\":\"Em entrevista exclusiva, o Comiss\u00e1rio da UE para a Seguran\u00e7a Alimentar criticou as autoridades brasileiras. Clique aqui e saiba mais.\",\"breadcrumb\":{\"@id\":\"https:\/\/www.suno.com.br\/noticias\/exclusivo-ue-podera-medidas-carnes-brasileiras\/#breadcrumb\"},\"inLanguage\":\"pt-BR\",\"potentialAction\":[{\"@type\":\"ReadAction\",\"target\":[\"https:\/\/www.suno.com.br\/noticias\/exclusivo-ue-podera-medidas-carnes-brasileiras\/\"]}]},{\"@type\":\"ImageObject\",\"inLanguage\":\"pt-BR\",\"@id\":\"https:\/\/www.suno.com.br\/noticias\/exclusivo-ue-podera-medidas-carnes-brasileiras\/#primaryimage\",\"url\":\"https:\/\/files.sunoresearch.com.br\/n\/uploads\/2019\/11\/5773ff7f-vytenis-andriukaitis-jpg.webp\",\"contentUrl\":\"https:\/\/files.sunoresearch.com.br\/n\/uploads\/2019\/11\/5773ff7f-vytenis-andriukaitis-jpg.webp\",\"width\":900,\"height\":600,\"caption\":\"Comiss\u00e1rio da UE para a Seguran\u00e7a Alimentar, Vytenis Andriukaitis\"},{\"@type\":\"BreadcrumbList\",\"@id\":\"https:\/\/www.suno.com.br\/noticias\/exclusivo-ue-podera-medidas-carnes-brasileiras\/#breadcrumb\",\"itemListElement\":[{\"@type\":\"ListItem\",\"position\":1,\"name\":\"Not\u00edcias\",\"item\":\"https:\/\/www.suno.com.br\/noticias\/\"},{\"@type\":\"ListItem\",\"position\":2,\"name\":\"Internacional\",\"item\":\"https:\/\/www.suno.com.br\/noticias\/internacional\/\"},{\"@type\":\"ListItem\",\"position\":3,\"name\":\"EXCLUSIVO: UE poder\u00e1 tomar medidas contra carnes brasileiras\"}]},{\"@type\":\"WebSite\",\"@id\":\"https:\/\/www.suno.com.br\/noticias\/#website\",\"url\":\"https:\/\/www.suno.com.br\/noticias\/\",\"name\":\"Suno Not\u00edcias\",\"description\":\"Seu portal de informa\u00e7\u00e3o sobre o mundo dos investimentos\",\"publisher\":{\"@id\":\"https:\/\/www.suno.com.br\/noticias\/#organization\"},\"potentialAction\":[{\"@type\":\"SearchAction\",\"target\":{\"@type\":\"EntryPoint\",\"urlTemplate\":\"https:\/\/www.suno.com.br\/noticias\/?s={search_term_string}\"},\"query-input\":{\"@type\":\"PropertyValueSpecification\",\"valueRequired\":true,\"valueName\":\"search_term_string\"}}],\"inLanguage\":\"pt-BR\"},{\"@type\":\"Organization\",\"@id\":\"https:\/\/www.suno.com.br\/noticias\/#organization\",\"name\":\"Suno Not\u00edcias\",\"url\":\"https:\/\/www.suno.com.br\/noticias\/\",\"logo\":{\"@type\":\"ImageObject\",\"inLanguage\":\"pt-BR\",\"@id\":\"https:\/\/www.suno.com.br\/noticias\/#\/schema\/logo\/image\/\",\"url\":\"https:\/\/files.sunoresearch.com.br\/n\/uploads\/2021\/09\/suno-logo.png\",\"contentUrl\":\"https:\/\/files.sunoresearch.com.br\/n\/uploads\/2021\/09\/suno-logo.png\",\"width\":180,\"height\":180,\"caption\":\"Suno Not\u00edcias\"},\"image\":{\"@id\":\"https:\/\/www.suno.com.br\/noticias\/#\/schema\/logo\/image\/\"},\"sameAs\":[\"https:\/\/facebook.com\/sunoresearch\",\"https:\/\/x.com\/sunoresearch\",\"https:\/\/www.instagram.com\/suno\",\"https:\/\/www.linkedin.com\/company\/suno-research\/\",\"https:\/\/www.youtube.com\/c\/sunoresearch\"]},{\"@type\":\"Person\",\"@id\":\"https:\/\/www.suno.com.br\/noticias\/#\/schema\/person\/e6e0f723cc177805027f4566c1d5e0c8\",\"name\":\"Carlo Cauti\",\"image\":{\"@type\":\"ImageObject\",\"inLanguage\":\"pt-BR\",\"@id\":\"https:\/\/www.suno.com.br\/noticias\/#\/schema\/person\/image\/\",\"url\":\"https:\/\/secure.gravatar.com\/avatar\/3ada9e0bd164c23abd4792a9606d583c?s=96&r=g\",\"contentUrl\":\"https:\/\/secure.gravatar.com\/avatar\/3ada9e0bd164c23abd4792a9606d583c?s=96&r=g\",\"caption\":\"Carlo Cauti\"},\"description\":\"Editor multim\u00eddia do SUNO Not\u00edcias. Italiano, formado em Ci\u00eancias Pol\u00edticas pela universidade LUISS G. Carli de Roma e mestre cum laude em Rela\u00e7\u00f5es Internacionais, Jornalismo Internacional e de Guerra e em Economia Internacional. Concluiu tamb\u00e9m um MBA em Finan\u00e7as na B3. No Brasil, teve passagem por ve\u00edculos como Estad\u00e3o, Globo, Veja e EXAME. e nas ag\u00eancias de not\u00edcias italianas ANSA e NOVA.\",\"url\":\"https:\/\/www.suno.com.br\/noticias\/author\/carlo-cauti\/\"}]}<\/script>\n<!-- \/ Yoast SEO plugin. -->","yoast_head_json":{"title":"EXCLUSIVO: UE poder\u00e1 tomar medidas contra carnes brasileiras","description":"Em entrevista exclusiva, o Comiss\u00e1rio da UE para a Seguran\u00e7a Alimentar criticou as autoridades brasileiras. Clique aqui e saiba mais.","robots":{"index":"index","follow":"follow","max-snippet":"max-snippet:-1","max-image-preview":"max-image-preview:large","max-video-preview":"max-video-preview:-1"},"canonical":"https:\/\/www.suno.com.br\/noticias\/exclusivo-ue-podera-medidas-carnes-brasileiras\/","og_locale":"pt_BR","og_type":"article","og_title":"EXCLUSIVO: UE poder\u00e1 tomar medidas contra carnes brasileiras","og_description":"Em entrevista exclusiva, o Comiss\u00e1rio da UE para a Seguran\u00e7a Alimentar criticou as autoridades brasileiras. Clique aqui e saiba mais.","og_url":"https:\/\/www.suno.com.br\/noticias\/exclusivo-ue-podera-medidas-carnes-brasileiras\/","og_site_name":"Suno Not\u00edcias","article_publisher":"https:\/\/facebook.com\/sunoresearch","og_image":[{"width":900,"height":600,"url":"https:\/\/files.sunoresearch.com.br\/n\/uploads\/2019\/11\/5773ff7f-vytenis-andriukaitis.jpg","type":"image\/jpeg"}],"author":"Carlo Cauti","twitter_card":"summary_large_image","twitter_creator":"@sunoresearch","twitter_site":"@sunoresearch","twitter_misc":{"Escrito por":"Carlo Cauti","Est. tempo de leitura":"5 minutos"},"schema":{"@context":"https:\/\/schema.org","@graph":[{"@type":"NewsArticle","@id":"https:\/\/www.suno.com.br\/noticias\/exclusivo-ue-podera-medidas-carnes-brasileiras\/#article","isPartOf":{"@id":"https:\/\/www.suno.com.br\/noticias\/exclusivo-ue-podera-medidas-carnes-brasileiras\/"},"author":{"name":"Carlo Cauti","@id":"https:\/\/www.suno.com.br\/noticias\/#\/schema\/person\/e6e0f723cc177805027f4566c1d5e0c8"},"headline":"EXCLUSIVO: UE poder\u00e1 tomar medidas contra carnes brasileiras","datePublished":"2019-11-05T09:30:35+00:00","mainEntityOfPage":{"@id":"https:\/\/www.suno.com.br\/noticias\/exclusivo-ue-podera-medidas-carnes-brasileiras\/"},"wordCount":1001,"publisher":{"@id":"https:\/\/www.suno.com.br\/noticias\/#organization"},"image":{"@id":"https:\/\/www.suno.com.br\/noticias\/exclusivo-ue-podera-medidas-carnes-brasileiras\/#primaryimage"},"thumbnailUrl":"https:\/\/files.sunoresearch.com.br\/n\/uploads\/2019\/11\/5773ff7f-vytenis-andriukaitis-jpg.webp","keywords":["BRF (BRFS3)","Uni\u00e3o Europeia"],"articleSection":["Internacional"],"inLanguage":"pt-BR"},{"@type":"WebPage","@id":"https:\/\/www.suno.com.br\/noticias\/exclusivo-ue-podera-medidas-carnes-brasileiras\/","url":"https:\/\/www.suno.com.br\/noticias\/exclusivo-ue-podera-medidas-carnes-brasileiras\/","name":"EXCLUSIVO: UE poder\u00e1 tomar medidas contra carnes brasileiras","isPartOf":{"@id":"https:\/\/www.suno.com.br\/noticias\/#website"},"primaryImageOfPage":{"@id":"https:\/\/www.suno.com.br\/noticias\/exclusivo-ue-podera-medidas-carnes-brasileiras\/#primaryimage"},"image":{"@id":"https:\/\/www.suno.com.br\/noticias\/exclusivo-ue-podera-medidas-carnes-brasileiras\/#primaryimage"},"thumbnailUrl":"https:\/\/files.sunoresearch.com.br\/n\/uploads\/2019\/11\/5773ff7f-vytenis-andriukaitis-jpg.webp","datePublished":"2019-11-05T09:30:35+00:00","description":"Em entrevista exclusiva, o Comiss\u00e1rio da UE para a Seguran\u00e7a Alimentar criticou as autoridades brasileiras. Clique aqui e saiba mais.","breadcrumb":{"@id":"https:\/\/www.suno.com.br\/noticias\/exclusivo-ue-podera-medidas-carnes-brasileiras\/#breadcrumb"},"inLanguage":"pt-BR","potentialAction":[{"@type":"ReadAction","target":["https:\/\/www.suno.com.br\/noticias\/exclusivo-ue-podera-medidas-carnes-brasileiras\/"]}]},{"@type":"ImageObject","inLanguage":"pt-BR","@id":"https:\/\/www.suno.com.br\/noticias\/exclusivo-ue-podera-medidas-carnes-brasileiras\/#primaryimage","url":"https:\/\/files.sunoresearch.com.br\/n\/uploads\/2019\/11\/5773ff7f-vytenis-andriukaitis-jpg.webp","contentUrl":"https:\/\/files.sunoresearch.com.br\/n\/uploads\/2019\/11\/5773ff7f-vytenis-andriukaitis-jpg.webp","width":900,"height":600,"caption":"Comiss\u00e1rio da UE para a Seguran\u00e7a Alimentar, Vytenis Andriukaitis"},{"@type":"BreadcrumbList","@id":"https:\/\/www.suno.com.br\/noticias\/exclusivo-ue-podera-medidas-carnes-brasileiras\/#breadcrumb","itemListElement":[{"@type":"ListItem","position":1,"name":"Not\u00edcias","item":"https:\/\/www.suno.com.br\/noticias\/"},{"@type":"ListItem","position":2,"name":"Internacional","item":"https:\/\/www.suno.com.br\/noticias\/internacional\/"},{"@type":"ListItem","position":3,"name":"EXCLUSIVO: UE poder\u00e1 tomar medidas contra carnes brasileiras"}]},{"@type":"WebSite","@id":"https:\/\/www.suno.com.br\/noticias\/#website","url":"https:\/\/www.suno.com.br\/noticias\/","name":"Suno Not\u00edcias","description":"Seu portal de informa\u00e7\u00e3o sobre o mundo dos investimentos","publisher":{"@id":"https:\/\/www.suno.com.br\/noticias\/#organization"},"potentialAction":[{"@type":"SearchAction","target":{"@type":"EntryPoint","urlTemplate":"https:\/\/www.suno.com.br\/noticias\/?s={search_term_string}"},"query-input":{"@type":"PropertyValueSpecification","valueRequired":true,"valueName":"search_term_string"}}],"inLanguage":"pt-BR"},{"@type":"Organization","@id":"https:\/\/www.suno.com.br\/noticias\/#organization","name":"Suno Not\u00edcias","url":"https:\/\/www.suno.com.br\/noticias\/","logo":{"@type":"ImageObject","inLanguage":"pt-BR","@id":"https:\/\/www.suno.com.br\/noticias\/#\/schema\/logo\/image\/","url":"https:\/\/files.sunoresearch.com.br\/n\/uploads\/2021\/09\/suno-logo.png","contentUrl":"https:\/\/files.sunoresearch.com.br\/n\/uploads\/2021\/09\/suno-logo.png","width":180,"height":180,"caption":"Suno Not\u00edcias"},"image":{"@id":"https:\/\/www.suno.com.br\/noticias\/#\/schema\/logo\/image\/"},"sameAs":["https:\/\/facebook.com\/sunoresearch","https:\/\/x.com\/sunoresearch","https:\/\/www.instagram.com\/suno","https:\/\/www.linkedin.com\/company\/suno-research\/","https:\/\/www.youtube.com\/c\/sunoresearch"]},{"@type":"Person","@id":"https:\/\/www.suno.com.br\/noticias\/#\/schema\/person\/e6e0f723cc177805027f4566c1d5e0c8","name":"Carlo Cauti","image":{"@type":"ImageObject","inLanguage":"pt-BR","@id":"https:\/\/www.suno.com.br\/noticias\/#\/schema\/person\/image\/","url":"https:\/\/secure.gravatar.com\/avatar\/3ada9e0bd164c23abd4792a9606d583c?s=96&r=g","contentUrl":"https:\/\/secure.gravatar.com\/avatar\/3ada9e0bd164c23abd4792a9606d583c?s=96&r=g","caption":"Carlo Cauti"},"description":"Editor multim\u00eddia do SUNO Not\u00edcias. Italiano, formado em Ci\u00eancias Pol\u00edticas pela universidade LUISS G. Carli de Roma e mestre cum laude em Rela\u00e7\u00f5es Internacionais, Jornalismo Internacional e de Guerra e em Economia Internacional. Concluiu tamb\u00e9m um MBA em Finan\u00e7as na B3. No Brasil, teve passagem por ve\u00edculos como Estad\u00e3o, Globo, Veja e EXAME. e nas ag\u00eancias de not\u00edcias italianas ANSA e NOVA.","url":"https:\/\/www.suno.com.br\/noticias\/author\/carlo-cauti\/"}]}},"default_loop_html":"<div class=\"cardsPage__listCard__boxs\"><div class=\"cardsPage__listCard__boxs__img\"><a href=\"https:\/\/www.suno.com.br\/noticias\/exclusivo-ue-podera-medidas-carnes-brasileiras\/\"><img class=\"mask\" src=\"https:\/\/www.suno.com.br\/noticias\/wp-content\/themes\/suno\/resources\/images\/spotlight\/spotlight1img\/bg-mask.png\" alt=\"Image Mask\"\/><img src=\"https:\/\/files.sunoresearch.com.br\/n\/uploads\/2019\/11\/5773ff7f-vytenis-andriukaitis-400x200.webp\" alt=\"EXCLUSIVO: UE poder\u00e1 tomar medidas contra carnes brasileiras\"\/><\/a><span class=\"spotlightCategory\"><a href=\"https:\/\/www.suno.com.br\/noticias\/internacional\/\">Internacional<\/a><\/span><\/div><div class=\"cardsPage__listCard__boxs__content\"><a href=\"https:\/\/www.suno.com.br\/noticias\/exclusivo-ue-podera-medidas-carnes-brasileiras\/\"><h2 class=\"content__title\">EXCLUSIVO: UE poder\u00e1 tomar medidas contra carnes brasileiras<\/h2><\/a><div class=\"newsContent__article__meta\"><div class=\"newsContent__article__meta__authorBox\"><a href=\"https:\/\/www.suno.com.br\/noticias\/author\/carlo-cauti\/\" class=\"authorBox__avatar noMobi\"><img src=\"https:\/\/files.sunoresearch.com.br\/n\/uploads\/2020\/08\/e3745f9a-perfil-carlo-cauti-150x150.webp\" alt=\"Carlo Cauti\"><\/a><div class=\"authorBox__name\"><span>por\n\t\t\t<a href=\"https:\/\/www.suno.com.br\/noticias\/author\/carlo-cauti\/\"><span itemprop=\"author\">Carlo Cauti<\/span><\/a><\/span><time datetime=\"2019-11-05T07:30:35-03:00\" itemprop=\"datePublished\">05\/11\/2019 07:30<\/time><\/div><\/div><\/div><\/div><\/div>","single_layout":"posts","amp_enabled":true,"_links":{"self":[{"href":"https:\/\/www.suno.com.br\/noticias\/wp-json\/wp\/v2\/posts\/43688"}],"collection":[{"href":"https:\/\/www.suno.com.br\/noticias\/wp-json\/wp\/v2\/posts"}],"about":[{"href":"https:\/\/www.suno.com.br\/noticias\/wp-json\/wp\/v2\/types\/post"}],"author":[{"embeddable":true,"href":"https:\/\/www.suno.com.br\/noticias\/wp-json\/wp\/v2\/users\/9"}],"replies":[{"embeddable":true,"href":"https:\/\/www.suno.com.br\/noticias\/wp-json\/wp\/v2\/comments?post=43688"}],"version-history":[{"count":0,"href":"https:\/\/www.suno.com.br\/noticias\/wp-json\/wp\/v2\/posts\/43688\/revisions"}],"wp:featuredmedia":[{"embeddable":true,"href":"https:\/\/www.suno.com.br\/noticias\/wp-json\/wp\/v2\/media\/43689"}],"wp:attachment":[{"href":"https:\/\/www.suno.com.br\/noticias\/wp-json\/wp\/v2\/media?parent=43688"}],"wp:term":[{"taxonomy":"category","embeddable":true,"href":"https:\/\/www.suno.com.br\/noticias\/wp-json\/wp\/v2\/categories?post=43688"},{"taxonomy":"post_tag","embeddable":true,"href":"https:\/\/www.suno.com.br\/noticias\/wp-json\/wp\/v2\/tags?post=43688"},{"taxonomy":"suno_strategy","embeddable":true,"href":"https:\/\/www.suno.com.br\/noticias\/wp-json\/wp\/v2\/suno_strategy?post=43688"}],"curies":[{"name":"wp","href":"https:\/\/api.w.org\/{rel}","templated":true}]}}