{"id":436815,"date":"2023-08-01T20:21:31","date_gmt":"2023-08-01T23:21:31","guid":{"rendered":"https:\/\/www.suno.com.br\/noticias\/?p=436815"},"modified":"2023-08-01T20:30:29","modified_gmt":"2023-08-01T23:30:29","slug":"cielo-ciel3-resultado-lucro-2t23-evm","status":"publish","type":"post","link":"https:\/\/www.suno.com.br\/noticias\/cielo-ciel3-resultado-lucro-2t23-evm\/","title":{"rendered":"Lucro da Cielo (CIEL3) no 2T23 cresce 26,8% e chega a R$ 486 milh\u00f5es; empresa anuncia JCP milion\u00e1rio"},"content":{"rendered":"<p>A <a class=\"suno-keyword\" data-force=\"yes\" data-priority=\"2\" href=\"https:\/\/www.suno.com.br\/acoes\/CIEL3\/\" target=\"_blank\" rel=\"noopener\"><strong>Cielo<\/strong> (CIEL3)<\/a> registrou um <a class=\"suno-keyword\" data-force=\"no\" data-priority=\"1\" href=\"https:\/\/www.suno.com.br\/artigos\/lucro-liquido\/\" target=\"_blank\" rel=\"noopener\">lucro l\u00edquido<\/a> recorrente de R$ 486 milh\u00f5es no segundo trimestre de 2023 (2T23), conforme divulgado na noite desta ter\u00e7a-feira (1\u00ba).<\/p>\t<div class=\"wrapper-featured-image\">\n\t\t<figure class=\"spotlightImg\">\n\n\t\t\t<picture>\n\t\t\t\t<source media=\"(max-width: 768px)\" srcset=\"https:\/\/files.sunoresearch.com.br\/n\/uploads\/2022\/11\/cielo-ciel3-preco-alvo-400x200.jpg\">\n\t\t\t\t<img loading=\"lazy\" decoding=\"async\" class=\"newsContent__article__imgCapa lazyloadDisabled \" src=\"https:\/\/files.sunoresearch.com.br\/n\/uploads\/2022\/11\/cielo-ciel3-preco-alvo-800x450.jpg\" width=\"800\" height=\"450\" alt=\"Lucro da Cielo (CIEL3) no 2T23 cresce 26,8% e chega a R$ 486 milh\u00f5es; empresa anuncia JCP milion\u00e1rio\" fetchpriority=high \/>\n\t\t\t<\/picture>\n\n\t\t\t<figcaption class=\"wp-caption-text wp-caption-text--show\">Cielo (CIEL3) Foto: Divulga\u00e7\u00e3o<\/figcaption>\n\t\t<\/figure>\n\t<\/div>\n\n\n\n\n\n\t<p>\n\t\t<a href=\"\" target=\"_blank\" data-element=\"shortcode-suno-banner\" title=\"Banner SUNO, clique e saiba mais\">\n\t\t\t<picture>\n\t\t\t\t<source media=\"(max-width: 500px)\" srcset=\"\">\n\t\t\t\t<img class=\"newsContent__article__imgCapa newsContent__article__imgCapa--banner\"\n\t\t\t\t\tsrc=\"\"\n\t\t\t\t\tdata-promo-id=\"265390\"\t\t\t\t\t\t\t\t\t\t\t\t\t\t\talt=\"\"\n\t\t\t\t>\n\t\t\t<\/picture>\n\t\t<\/a>\n\t<\/p>\n\n\n\n\n\n\n\n<p>Com isso, o <strong>lucro da Cielo<\/strong> mostra um crescimento de 26,8% em rela\u00e7\u00e3o ao mesmo per\u00edodo do ano anterior. <\/p>\n\n\n\n<p>Considerando os itens n\u00e3o recorrentes envolvendo as opera\u00e7\u00f5es de <strong>Cielo Brasil<\/strong> e <strong>Cateno<\/strong>, a empresa apresentou um lucro consolidado de R$ 708,5 milh\u00f5es no 2T23, maior patamar desde o quarto trimestre de 2018 e alta de 11,5% frente ao mesmo per\u00edodo do ano anterior.<\/p>\n\n\n\n<p>O <strong>lucro <\/strong>antes de juros, impostos, <a class=\"suno-keyword\" data-force=\"no\" data-priority=\"1\" href=\"https:\/\/www.suno.com.br\/artigos\/depreciacao-amortizacao\/\" target=\"_blank\" rel=\"noopener\">deprecia\u00e7\u00e3o e amortiza\u00e7\u00e3o<\/a> (EBITDA) recorrente totalizou R$ 1,045 bilh\u00e3o no segundo trimestre de 2023, apresentando um crescimento de 14,3% em rela\u00e7\u00e3o ao mesmo trimestre do ano anterior. <\/p>\n\n\n\n<p>A <a class=\"suno-keyword\" target=\"_blank\" data-force=\"no\" data-priority=\"1\" href=\"https:\/\/www.suno.com.br\/artigos\/margem-ebitda\/\" rel=\"noopener\">margem EBITDA<\/a> recorrente atingiu 39,6% no 2T23, um aumento de 3,6 pontos percentuais em compara\u00e7\u00e3o ao mesmo per\u00edodo de 2022.<\/p>\n\n\n\n<p>A <a class=\"suno-keyword\" target=\"_blank\" data-force=\"no\" data-priority=\"1\" href=\"https:\/\/www.suno.com.br\/artigos\/o-que-receita-liquida\/\" rel=\"noopener\">receita l\u00edquida<\/a> da Cielo somou R$ 2,642 bilh\u00f5es no segundo trimestre de 2023, apresentando um crescimento de 4% na compara\u00e7\u00e3o com igual etapa de 2022, impulsionada principalmente pelo crescimento de yield (retorno) em Cielo Brasil e volume e yield em Cateno.<\/p>\n\n\n\n<p>Apesar dos resultados positivos, a Cielo enfrentou uma queda no volume financeiro de transa\u00e7\u00f5es capturado pela Cielo Brasil, que atingiu R$ 195,8 bilh\u00f5es no 2T23, representando uma queda de 11,4% em rela\u00e7\u00e3o ao 2T22. <\/p>\n\n\n\n<p>Esse resultado foi impactado pela redu\u00e7\u00e3o de 7,7% nas transa\u00e7\u00f5es com cart\u00f5es de cr\u00e9dito e de 16,8% nas transa\u00e7\u00f5es com cart\u00f5es de d\u00e9bito.<\/p>\n\n\n\t<p>\n\t\t<a href=\"https:\/\/lp.suno.com.br\/ebook-como-analisar-uma-acao\/\" target=\"_blank\" data-element=\"shortcode-suno-banner\" title=\"Banner SUNO, clique e saiba mais\">\n\t\t\t<picture>\n\t\t\t\t<source media=\"(max-width: 500px)\" srcset=\"https:\/\/files.sunoresearch.com.br\/n\/uploads\/2023\/03\/Ebook-Acoes-Mobile.jpg\">\n\t\t\t\t<img class=\"newsContent__article__imgCapa newsContent__article__imgCapa--banner\"\n\t\t\t\t\tsrc=\"https:\/\/files.sunoresearch.com.br\/n\/uploads\/2023\/03\/Ebook-Acoes-Desktop.jpg\"\n\t\t\t\t\tdata-promo-id=\"378302\"\t\t\t\t\t\t\t\t\t\twidth='1420' height='286'\t\t\t\t\talt=\"https:\/\/files.sunoresearch.com.br\/n\/uploads\/2023\/03\/Ebook-Acoes-Desktop.jpg\"\n\t\t\t\t>\n\t\t\t<\/picture>\n\t\t<\/a>\n\t<\/p>\n\n\n\n\n\n<p>Em 30 de junho de 2023, a Cielo registrou um saldo de caixa e <a class=\"suno-keyword\" target=\"_blank\" data-force=\"no\" data-priority=\"1\" href=\"https:\/\/www.suno.com.br\/artigos\/equivalentes-de-caixa\/\" rel=\"noopener\">equivalentes de caixa<\/a> de R$ 1,244 bilh\u00e3o, representando uma redu\u00e7\u00e3o de R$ 2,988 bilh\u00f5es em rela\u00e7\u00e3o a 30 de junho de 2022, e de R$ 1,107 bilh\u00e3o frente a 31 de mar\u00e7o de 2023. <\/p>\n\n\n\n<p>A empresa explicou que essa redu\u00e7\u00e3o \u00e9 explicada, principalmente, pelo aumento substancial de recursos alocados em Produtos de Prazo.<\/p>\n\n\n\n<p>Na data base de encerramento do balan\u00e7o, a Cielo registrou um total de empr\u00e9stimos e financiamentos de R$ 7,398 bilh\u00f5es, representando um aumento de R$ 451,0 milh\u00f5es em rela\u00e7\u00e3o a 30 de junho de 2022.<\/p>\n\n\n\n<h2 class=\"wp-block-heading\">JCP da Cielo<\/h2>\n\n\n\n<p>O <a class=\"suno-keyword\" target=\"_blank\" data-force=\"no\" data-priority=\"1\" href=\"https:\/\/www.suno.com.br\/artigos\/conselho-administracao\/\" rel=\"noopener\">Conselho de Administra\u00e7\u00e3o<\/a> da Cielo aprovou a distribui\u00e7\u00e3o de <a class=\"suno-keyword\" target=\"_blank\" data-force=\"no\" data-priority=\"1\" href=\"https:\/\/www.suno.com.br\/artigos\/entenda-o-jcp\/\" rel=\"noopener\">Juros sobre Capital Pr\u00f3prio<\/a> (JCP) no montante de R$ 196,97 milh\u00f5es. <\/p>\n\n\n\n<p>O valor estimado por a\u00e7\u00e3o dos JCP a serem pagos \u00e9 de R$ 0,07308006113. Os proventos ser\u00e3o pagos aos acionistas no dia 22 de agosto de 2023, com base na posi\u00e7\u00e3o acion\u00e1ria de 08 de agosto de 2023. <\/p>\n\n\n\n<p>As a\u00e7\u00f5es da <strong>Cielo<\/strong>, assim, ser\u00e3o negociadas ex-juros sobre <a class=\"suno-keyword\" target=\"_blank\" data-force=\"no\" data-priority=\"1\" href=\"https:\/\/www.suno.com.br\/artigos\/capital-proprio\/\" rel=\"noopener\">capital pr\u00f3prio<\/a> a partir de 09 de agosto de 2023.<\/p>\n\n\n\t<div data-element=\"shortcode-read-more\" class=\"knowMore\">\n\t\t\t\t<span class=\"knowMore__title\">Leia mais<\/span>\n\t\t\t\t<a class=\"knowMore__link\" href=\"https:\/\/www.suno.com.br\/noticias\/cielo-distribuira-r-196-milhoes-jcp-veja-valor-por-acao\/\">\n\t\t\tCielo (CIEL3) distribuir\u00e1 R$ 196 milh\u00f5es em JCP; veja o valor por a\u00e7\u00e3o\t\t<\/a>\n\t<\/div>\n\n\n\n\t<p>\n\t\t<a href=\"https:\/\/lp.suno.com.br\/plataforma-de-controle-de-investimentos\/\" target=\"_blank\" data-element=\"shortcode-suno-banner\" title=\"Banner SUNO, clique e saiba mais\">\n\t\t\t<picture>\n\t\t\t\t<source media=\"(max-width: 500px)\" srcset=\"https:\/\/files.sunoresearch.com.br\/n\/uploads\/2023\/03\/400x300-Controle-de-Investimentos.png\">\n\t\t\t\t<img class=\"newsContent__article__imgCapa newsContent__article__imgCapa--banner\"\n\t\t\t\t\tsrc=\"https:\/\/files.sunoresearch.com.br\/n\/uploads\/2023\/03\/1420x240-Controle-de-Investimentos.png\"\n\t\t\t\t\tdata-promo-id=\"383162\"\t\t\t\t\t\t\t\t\t\twidth='1420' height='240'\t\t\t\t\talt=\"https:\/\/files.sunoresearch.com.br\/n\/uploads\/2023\/03\/1420x240-Controle-de-Investimentos.png\"\n\t\t\t\t>\n\t\t\t<\/picture>\n\t\t<\/a>\n\t<\/p>\n\n\n","protected":false},"excerpt":{"rendered":"<p>A Cielo (CIEL3) registrou um lucro l\u00edquido recorrente de R$ 486 milh\u00f5es no segundo trimestre de 2023 (2T23), conforme divulgado na noite desta ter\u00e7a-feira (1\u00ba). Cielo (CIEL3) Foto: Divulga\u00e7\u00e3o Com isso, o lucro da Cielo mostra um crescimento de 26,8% em rela\u00e7\u00e3o ao mesmo per\u00edodo do ano anterior. Considerando os itens n\u00e3o recorrentes envolvendo as [&hellip;]<\/p>\n","protected":false},"author":73,"featured_media":324350,"comment_status":"closed","ping_status":"closed","sticky":false,"template":"","format":"standard","meta":[],"categories":[64],"tags":[1029,423,1607],"suno_strategy":[],"class_list":["post-436815","post","type-post","status-publish","format-standard","has-post-thumbnail","hentry","category-negocios","tag-balancos-trimestrais","tag-cielo-ciel3","tag-resultado-das-empresas"],"yoast_head":"<!-- This site is optimized with the Yoast SEO plugin v24.4 - https:\/\/yoast.com\/wordpress\/plugins\/seo\/ -->\n<title>Cielo (CIEL3) cresce lucro para R$ 486 milh\u00f5es no 2T23<\/title>\n<meta name=\"description\" content=\"Com esse aumento, o lucro da Cielo mostra um crescimento de 26,8% em rela\u00e7\u00e3o ao mesmo per\u00edodo do ano anterior\" \/>\n<meta name=\"robots\" content=\"index, follow, max-snippet:-1, max-image-preview:large, max-video-preview:-1\" \/>\n<link rel=\"canonical\" href=\"https:\/\/www.suno.com.br\/noticias\/cielo-ciel3-resultado-lucro-2t23-evm\/\" \/>\n<meta property=\"og:locale\" content=\"pt_BR\" \/>\n<meta property=\"og:type\" content=\"article\" \/>\n<meta property=\"og:title\" content=\"Cielo (CIEL3) cresce lucro para R$ 486 milh\u00f5es no 2T23\" \/>\n<meta property=\"og:description\" content=\"Com esse aumento, o lucro da Cielo mostra um crescimento de 26,8% em rela\u00e7\u00e3o ao mesmo per\u00edodo do ano anterior\" \/>\n<meta property=\"og:url\" content=\"https:\/\/www.suno.com.br\/noticias\/cielo-ciel3-resultado-lucro-2t23-evm\/\" \/>\n<meta property=\"og:site_name\" content=\"Suno Not\u00edcias\" \/>\n<meta property=\"article:publisher\" content=\"https:\/\/facebook.com\/sunoresearch\" \/>\n<meta property=\"og:image\" content=\"https:\/\/files.sunoresearch.com.br\/n\/uploads\/2022\/11\/cielo-ciel3-preco-alvo.jpg\" \/>\n\t<meta property=\"og:image:width\" content=\"1200\" \/>\n\t<meta property=\"og:image:height\" content=\"800\" \/>\n\t<meta property=\"og:image:type\" content=\"image\/jpeg\" \/>\n<meta name=\"author\" content=\"Eduardo Vargas\" \/>\n<meta name=\"twitter:card\" content=\"summary_large_image\" \/>\n<meta name=\"twitter:creator\" content=\"@sunoresearch\" \/>\n<meta name=\"twitter:site\" content=\"@sunoresearch\" \/>\n<meta name=\"twitter:label1\" content=\"Escrito por\" \/>\n\t<meta name=\"twitter:data1\" content=\"Eduardo Vargas\" \/>\n\t<meta name=\"twitter:label2\" content=\"Est. tempo de leitura\" \/>\n\t<meta name=\"twitter:data2\" content=\"3 minutos\" \/>\n<script type=\"application\/ld+json\" class=\"yoast-schema-graph\">{\"@context\":\"https:\/\/schema.org\",\"@graph\":[{\"@type\":\"NewsArticle\",\"@id\":\"https:\/\/www.suno.com.br\/noticias\/cielo-ciel3-resultado-lucro-2t23-evm\/#article\",\"isPartOf\":{\"@id\":\"https:\/\/www.suno.com.br\/noticias\/cielo-ciel3-resultado-lucro-2t23-evm\/\"},\"author\":{\"name\":\"Eduardo Vargas\",\"@id\":\"https:\/\/www.suno.com.br\/noticias\/#\/schema\/person\/7f4d362bf3518e76090143ae77bb49a5\"},\"headline\":\"Lucro da Cielo (CIEL3) no 2T23 cresce 26,8% e chega a R$ 486 milh\u00f5es; empresa anuncia JCP milion\u00e1rio\",\"datePublished\":\"2023-08-01T23:21:31+00:00\",\"dateModified\":\"2023-08-01T23:30:29+00:00\",\"mainEntityOfPage\":{\"@id\":\"https:\/\/www.suno.com.br\/noticias\/cielo-ciel3-resultado-lucro-2t23-evm\/\"},\"wordCount\":458,\"publisher\":{\"@id\":\"https:\/\/www.suno.com.br\/noticias\/#organization\"},\"image\":{\"@id\":\"https:\/\/www.suno.com.br\/noticias\/cielo-ciel3-resultado-lucro-2t23-evm\/#primaryimage\"},\"thumbnailUrl\":\"https:\/\/files.sunoresearch.com.br\/n\/uploads\/2022\/11\/cielo-ciel3-preco-alvo.jpg\",\"keywords\":[\"balan\u00e7os trimestrais\",\"Cielo (CIEL3)\",\"Resultado das empresas\"],\"articleSection\":[\"Neg\u00f3cios\"],\"inLanguage\":\"pt-BR\"},{\"@type\":\"WebPage\",\"@id\":\"https:\/\/www.suno.com.br\/noticias\/cielo-ciel3-resultado-lucro-2t23-evm\/\",\"url\":\"https:\/\/www.suno.com.br\/noticias\/cielo-ciel3-resultado-lucro-2t23-evm\/\",\"name\":\"Cielo (CIEL3) cresce lucro para R$ 486 milh\u00f5es no 2T23\",\"isPartOf\":{\"@id\":\"https:\/\/www.suno.com.br\/noticias\/#website\"},\"primaryImageOfPage\":{\"@id\":\"https:\/\/www.suno.com.br\/noticias\/cielo-ciel3-resultado-lucro-2t23-evm\/#primaryimage\"},\"image\":{\"@id\":\"https:\/\/www.suno.com.br\/noticias\/cielo-ciel3-resultado-lucro-2t23-evm\/#primaryimage\"},\"thumbnailUrl\":\"https:\/\/files.sunoresearch.com.br\/n\/uploads\/2022\/11\/cielo-ciel3-preco-alvo.jpg\",\"datePublished\":\"2023-08-01T23:21:31+00:00\",\"dateModified\":\"2023-08-01T23:30:29+00:00\",\"description\":\"Com esse aumento, o lucro da Cielo mostra um crescimento de 26,8% em rela\u00e7\u00e3o ao mesmo per\u00edodo do ano anterior\",\"breadcrumb\":{\"@id\":\"https:\/\/www.suno.com.br\/noticias\/cielo-ciel3-resultado-lucro-2t23-evm\/#breadcrumb\"},\"inLanguage\":\"pt-BR\",\"potentialAction\":[{\"@type\":\"ReadAction\",\"target\":[\"https:\/\/www.suno.com.br\/noticias\/cielo-ciel3-resultado-lucro-2t23-evm\/\"]}]},{\"@type\":\"ImageObject\",\"inLanguage\":\"pt-BR\",\"@id\":\"https:\/\/www.suno.com.br\/noticias\/cielo-ciel3-resultado-lucro-2t23-evm\/#primaryimage\",\"url\":\"https:\/\/files.sunoresearch.com.br\/n\/uploads\/2022\/11\/cielo-ciel3-preco-alvo.jpg\",\"contentUrl\":\"https:\/\/files.sunoresearch.com.br\/n\/uploads\/2022\/11\/cielo-ciel3-preco-alvo.jpg\",\"width\":1200,\"height\":800,\"caption\":\"Cielo (CIEL3) Foto: Divulga\u00e7\u00e3o\"},{\"@type\":\"BreadcrumbList\",\"@id\":\"https:\/\/www.suno.com.br\/noticias\/cielo-ciel3-resultado-lucro-2t23-evm\/#breadcrumb\",\"itemListElement\":[{\"@type\":\"ListItem\",\"position\":1,\"name\":\"Not\u00edcias\",\"item\":\"https:\/\/www.suno.com.br\/noticias\/\"},{\"@type\":\"ListItem\",\"position\":2,\"name\":\"Neg\u00f3cios\",\"item\":\"https:\/\/www.suno.com.br\/noticias\/negocios\/\"},{\"@type\":\"ListItem\",\"position\":3,\"name\":\"Lucro da Cielo (CIEL3) no 2T23 cresce 26,8% e chega a R$ 486 milh\u00f5es; empresa anuncia JCP milion\u00e1rio\"}]},{\"@type\":\"WebSite\",\"@id\":\"https:\/\/www.suno.com.br\/noticias\/#website\",\"url\":\"https:\/\/www.suno.com.br\/noticias\/\",\"name\":\"Suno Not\u00edcias\",\"description\":\"Seu portal de informa\u00e7\u00e3o sobre o mundo dos investimentos\",\"publisher\":{\"@id\":\"https:\/\/www.suno.com.br\/noticias\/#organization\"},\"potentialAction\":[{\"@type\":\"SearchAction\",\"target\":{\"@type\":\"EntryPoint\",\"urlTemplate\":\"https:\/\/www.suno.com.br\/noticias\/?s={search_term_string}\"},\"query-input\":{\"@type\":\"PropertyValueSpecification\",\"valueRequired\":true,\"valueName\":\"search_term_string\"}}],\"inLanguage\":\"pt-BR\"},{\"@type\":\"Organization\",\"@id\":\"https:\/\/www.suno.com.br\/noticias\/#organization\",\"name\":\"Suno Not\u00edcias\",\"url\":\"https:\/\/www.suno.com.br\/noticias\/\",\"logo\":{\"@type\":\"ImageObject\",\"inLanguage\":\"pt-BR\",\"@id\":\"https:\/\/www.suno.com.br\/noticias\/#\/schema\/logo\/image\/\",\"url\":\"https:\/\/files.sunoresearch.com.br\/n\/uploads\/2021\/09\/suno-logo.png\",\"contentUrl\":\"https:\/\/files.sunoresearch.com.br\/n\/uploads\/2021\/09\/suno-logo.png\",\"width\":180,\"height\":180,\"caption\":\"Suno Not\u00edcias\"},\"image\":{\"@id\":\"https:\/\/www.suno.com.br\/noticias\/#\/schema\/logo\/image\/\"},\"sameAs\":[\"https:\/\/facebook.com\/sunoresearch\",\"https:\/\/x.com\/sunoresearch\",\"https:\/\/www.instagram.com\/suno\",\"https:\/\/www.linkedin.com\/company\/suno-research\/\",\"https:\/\/www.youtube.com\/c\/sunoresearch\"]},{\"@type\":\"Person\",\"@id\":\"https:\/\/www.suno.com.br\/noticias\/#\/schema\/person\/7f4d362bf3518e76090143ae77bb49a5\",\"name\":\"Eduardo Vargas\",\"image\":{\"@type\":\"ImageObject\",\"inLanguage\":\"pt-BR\",\"@id\":\"https:\/\/www.suno.com.br\/noticias\/#\/schema\/person\/image\/\",\"url\":\"https:\/\/secure.gravatar.com\/avatar\/dac340933427a22924c9f99d1eb2e3f2?s=96&r=g\",\"contentUrl\":\"https:\/\/secure.gravatar.com\/avatar\/dac340933427a22924c9f99d1eb2e3f2?s=96&r=g\",\"caption\":\"Eduardo Vargas\"},\"description\":\"Jornalista formado pela UFSC, cobre macroeconomia, neg\u00f3cios e startups para o Suno Not\u00edcias, escrevendo principalmente not\u00edcias sobre o mercado financeiro e a bolsa de valores. No YouTube e no Instagram, \u00e9 respons\u00e1vel pela produ\u00e7\u00e3o de Reels e Shorts do Suno Not\u00edcias. Anteriormente, trabalhou cobrindo economia e cotidiano no ND+ e para o ND, maior jornal impresso de Santa Catarina. Cursou um semestre letivo de Estudos de M\u00eddia na Universidad de Buenos Aires.\",\"url\":\"https:\/\/www.suno.com.br\/noticias\/author\/eduardo-vargas\/\"}]}<\/script>\n<!-- \/ Yoast SEO plugin. -->","yoast_head_json":{"title":"Cielo (CIEL3) cresce lucro para R$ 486 milh\u00f5es no 2T23","description":"Com esse aumento, o lucro da Cielo mostra um crescimento de 26,8% em rela\u00e7\u00e3o ao mesmo per\u00edodo do ano anterior","robots":{"index":"index","follow":"follow","max-snippet":"max-snippet:-1","max-image-preview":"max-image-preview:large","max-video-preview":"max-video-preview:-1"},"canonical":"https:\/\/www.suno.com.br\/noticias\/cielo-ciel3-resultado-lucro-2t23-evm\/","og_locale":"pt_BR","og_type":"article","og_title":"Cielo (CIEL3) cresce lucro para R$ 486 milh\u00f5es no 2T23","og_description":"Com esse aumento, o lucro da Cielo mostra um crescimento de 26,8% em rela\u00e7\u00e3o ao mesmo per\u00edodo do ano anterior","og_url":"https:\/\/www.suno.com.br\/noticias\/cielo-ciel3-resultado-lucro-2t23-evm\/","og_site_name":"Suno Not\u00edcias","article_publisher":"https:\/\/facebook.com\/sunoresearch","og_image":[{"width":1200,"height":800,"url":"https:\/\/files.sunoresearch.com.br\/n\/uploads\/2022\/11\/cielo-ciel3-preco-alvo.jpg","type":"image\/jpeg"}],"author":"Eduardo Vargas","twitter_card":"summary_large_image","twitter_creator":"@sunoresearch","twitter_site":"@sunoresearch","twitter_misc":{"Escrito por":"Eduardo Vargas","Est. tempo de leitura":"3 minutos"},"schema":{"@context":"https:\/\/schema.org","@graph":[{"@type":"NewsArticle","@id":"https:\/\/www.suno.com.br\/noticias\/cielo-ciel3-resultado-lucro-2t23-evm\/#article","isPartOf":{"@id":"https:\/\/www.suno.com.br\/noticias\/cielo-ciel3-resultado-lucro-2t23-evm\/"},"author":{"name":"Eduardo Vargas","@id":"https:\/\/www.suno.com.br\/noticias\/#\/schema\/person\/7f4d362bf3518e76090143ae77bb49a5"},"headline":"Lucro da Cielo (CIEL3) no 2T23 cresce 26,8% e chega a R$ 486 milh\u00f5es; empresa anuncia JCP milion\u00e1rio","datePublished":"2023-08-01T23:21:31+00:00","dateModified":"2023-08-01T23:30:29+00:00","mainEntityOfPage":{"@id":"https:\/\/www.suno.com.br\/noticias\/cielo-ciel3-resultado-lucro-2t23-evm\/"},"wordCount":458,"publisher":{"@id":"https:\/\/www.suno.com.br\/noticias\/#organization"},"image":{"@id":"https:\/\/www.suno.com.br\/noticias\/cielo-ciel3-resultado-lucro-2t23-evm\/#primaryimage"},"thumbnailUrl":"https:\/\/files.sunoresearch.com.br\/n\/uploads\/2022\/11\/cielo-ciel3-preco-alvo.jpg","keywords":["balan\u00e7os trimestrais","Cielo (CIEL3)","Resultado das empresas"],"articleSection":["Neg\u00f3cios"],"inLanguage":"pt-BR"},{"@type":"WebPage","@id":"https:\/\/www.suno.com.br\/noticias\/cielo-ciel3-resultado-lucro-2t23-evm\/","url":"https:\/\/www.suno.com.br\/noticias\/cielo-ciel3-resultado-lucro-2t23-evm\/","name":"Cielo (CIEL3) cresce lucro para R$ 486 milh\u00f5es no 2T23","isPartOf":{"@id":"https:\/\/www.suno.com.br\/noticias\/#website"},"primaryImageOfPage":{"@id":"https:\/\/www.suno.com.br\/noticias\/cielo-ciel3-resultado-lucro-2t23-evm\/#primaryimage"},"image":{"@id":"https:\/\/www.suno.com.br\/noticias\/cielo-ciel3-resultado-lucro-2t23-evm\/#primaryimage"},"thumbnailUrl":"https:\/\/files.sunoresearch.com.br\/n\/uploads\/2022\/11\/cielo-ciel3-preco-alvo.jpg","datePublished":"2023-08-01T23:21:31+00:00","dateModified":"2023-08-01T23:30:29+00:00","description":"Com esse aumento, o lucro da Cielo mostra um crescimento de 26,8% em rela\u00e7\u00e3o ao mesmo per\u00edodo do ano anterior","breadcrumb":{"@id":"https:\/\/www.suno.com.br\/noticias\/cielo-ciel3-resultado-lucro-2t23-evm\/#breadcrumb"},"inLanguage":"pt-BR","potentialAction":[{"@type":"ReadAction","target":["https:\/\/www.suno.com.br\/noticias\/cielo-ciel3-resultado-lucro-2t23-evm\/"]}]},{"@type":"ImageObject","inLanguage":"pt-BR","@id":"https:\/\/www.suno.com.br\/noticias\/cielo-ciel3-resultado-lucro-2t23-evm\/#primaryimage","url":"https:\/\/files.sunoresearch.com.br\/n\/uploads\/2022\/11\/cielo-ciel3-preco-alvo.jpg","contentUrl":"https:\/\/files.sunoresearch.com.br\/n\/uploads\/2022\/11\/cielo-ciel3-preco-alvo.jpg","width":1200,"height":800,"caption":"Cielo (CIEL3) Foto: Divulga\u00e7\u00e3o"},{"@type":"BreadcrumbList","@id":"https:\/\/www.suno.com.br\/noticias\/cielo-ciel3-resultado-lucro-2t23-evm\/#breadcrumb","itemListElement":[{"@type":"ListItem","position":1,"name":"Not\u00edcias","item":"https:\/\/www.suno.com.br\/noticias\/"},{"@type":"ListItem","position":2,"name":"Neg\u00f3cios","item":"https:\/\/www.suno.com.br\/noticias\/negocios\/"},{"@type":"ListItem","position":3,"name":"Lucro da Cielo (CIEL3) no 2T23 cresce 26,8% e chega a R$ 486 milh\u00f5es; empresa anuncia JCP milion\u00e1rio"}]},{"@type":"WebSite","@id":"https:\/\/www.suno.com.br\/noticias\/#website","url":"https:\/\/www.suno.com.br\/noticias\/","name":"Suno Not\u00edcias","description":"Seu portal de informa\u00e7\u00e3o sobre o mundo dos investimentos","publisher":{"@id":"https:\/\/www.suno.com.br\/noticias\/#organization"},"potentialAction":[{"@type":"SearchAction","target":{"@type":"EntryPoint","urlTemplate":"https:\/\/www.suno.com.br\/noticias\/?s={search_term_string}"},"query-input":{"@type":"PropertyValueSpecification","valueRequired":true,"valueName":"search_term_string"}}],"inLanguage":"pt-BR"},{"@type":"Organization","@id":"https:\/\/www.suno.com.br\/noticias\/#organization","name":"Suno Not\u00edcias","url":"https:\/\/www.suno.com.br\/noticias\/","logo":{"@type":"ImageObject","inLanguage":"pt-BR","@id":"https:\/\/www.suno.com.br\/noticias\/#\/schema\/logo\/image\/","url":"https:\/\/files.sunoresearch.com.br\/n\/uploads\/2021\/09\/suno-logo.png","contentUrl":"https:\/\/files.sunoresearch.com.br\/n\/uploads\/2021\/09\/suno-logo.png","width":180,"height":180,"caption":"Suno Not\u00edcias"},"image":{"@id":"https:\/\/www.suno.com.br\/noticias\/#\/schema\/logo\/image\/"},"sameAs":["https:\/\/facebook.com\/sunoresearch","https:\/\/x.com\/sunoresearch","https:\/\/www.instagram.com\/suno","https:\/\/www.linkedin.com\/company\/suno-research\/","https:\/\/www.youtube.com\/c\/sunoresearch"]},{"@type":"Person","@id":"https:\/\/www.suno.com.br\/noticias\/#\/schema\/person\/7f4d362bf3518e76090143ae77bb49a5","name":"Eduardo Vargas","image":{"@type":"ImageObject","inLanguage":"pt-BR","@id":"https:\/\/www.suno.com.br\/noticias\/#\/schema\/person\/image\/","url":"https:\/\/secure.gravatar.com\/avatar\/dac340933427a22924c9f99d1eb2e3f2?s=96&r=g","contentUrl":"https:\/\/secure.gravatar.com\/avatar\/dac340933427a22924c9f99d1eb2e3f2?s=96&r=g","caption":"Eduardo Vargas"},"description":"Jornalista formado pela UFSC, cobre macroeconomia, neg\u00f3cios e startups para o Suno Not\u00edcias, escrevendo principalmente not\u00edcias sobre o mercado financeiro e a bolsa de valores. No YouTube e no Instagram, \u00e9 respons\u00e1vel pela produ\u00e7\u00e3o de Reels e Shorts do Suno Not\u00edcias. Anteriormente, trabalhou cobrindo economia e cotidiano no ND+ e para o ND, maior jornal impresso de Santa Catarina. Cursou um semestre letivo de Estudos de M\u00eddia na Universidad de Buenos Aires.","url":"https:\/\/www.suno.com.br\/noticias\/author\/eduardo-vargas\/"}]}},"default_loop_html":"<div class=\"cardsPage__listCard__boxs\"><div class=\"cardsPage__listCard__boxs__img\"><a href=\"https:\/\/www.suno.com.br\/noticias\/cielo-ciel3-resultado-lucro-2t23-evm\/\"><img class=\"mask\" src=\"https:\/\/www.suno.com.br\/noticias\/wp-content\/themes\/suno\/resources\/images\/spotlight\/spotlight1img\/bg-mask.png\" alt=\"Image Mask\"\/><img src=\"https:\/\/files.sunoresearch.com.br\/n\/uploads\/2022\/11\/cielo-ciel3-preco-alvo-400x200.jpg\" alt=\"Lucro da Cielo (CIEL3) no 2T23 cresce 26,8% e chega a R$ 486 milh\u00f5es; empresa anuncia JCP milion\u00e1rio\"\/><\/a><span class=\"spotlightCategory\"><a href=\"https:\/\/www.suno.com.br\/noticias\/negocios\/\">Neg\u00f3cios<\/a><\/span><\/div><div class=\"cardsPage__listCard__boxs__content\"><a href=\"https:\/\/www.suno.com.br\/noticias\/cielo-ciel3-resultado-lucro-2t23-evm\/\"><h2 class=\"content__title\">Lucro da Cielo (CIEL3) no 2T23 cresce 26,8% e chega a R$ 486 milh\u00f5es; empresa anuncia JCP milion\u00e1rio<\/h2><\/a><div class=\"newsContent__article__meta\"><div class=\"newsContent__article__meta__authorBox\"><a href=\"https:\/\/www.suno.com.br\/noticias\/author\/eduardo-vargas\/\" class=\"authorBox__avatar noMobi\"><img src=\"https:\/\/secure.gravatar.com\/avatar\/dac340933427a22924c9f99d1eb2e3f2?s=96&#038;r=g\" alt=\"Eduardo Vargas\"><\/a><div class=\"authorBox__name\"><span>por\n\t\t\t<a href=\"https:\/\/www.suno.com.br\/noticias\/author\/eduardo-vargas\/\"><span itemprop=\"author\">Eduardo Vargas<\/span><\/a><\/span><time datetime=\"2023-08-01T20:21:31-03:00\" itemprop=\"datePublished\">01\/08\/2023 20:21<\/time><\/div><\/div><\/div><\/div><\/div>","single_layout":"posts","amp_enabled":true,"_links":{"self":[{"href":"https:\/\/www.suno.com.br\/noticias\/wp-json\/wp\/v2\/posts\/436815"}],"collection":[{"href":"https:\/\/www.suno.com.br\/noticias\/wp-json\/wp\/v2\/posts"}],"about":[{"href":"https:\/\/www.suno.com.br\/noticias\/wp-json\/wp\/v2\/types\/post"}],"author":[{"embeddable":true,"href":"https:\/\/www.suno.com.br\/noticias\/wp-json\/wp\/v2\/users\/73"}],"replies":[{"embeddable":true,"href":"https:\/\/www.suno.com.br\/noticias\/wp-json\/wp\/v2\/comments?post=436815"}],"version-history":[{"count":2,"href":"https:\/\/www.suno.com.br\/noticias\/wp-json\/wp\/v2\/posts\/436815\/revisions"}],"predecessor-version":[{"id":436852,"href":"https:\/\/www.suno.com.br\/noticias\/wp-json\/wp\/v2\/posts\/436815\/revisions\/436852"}],"wp:featuredmedia":[{"embeddable":true,"href":"https:\/\/www.suno.com.br\/noticias\/wp-json\/wp\/v2\/media\/324350"}],"wp:attachment":[{"href":"https:\/\/www.suno.com.br\/noticias\/wp-json\/wp\/v2\/media?parent=436815"}],"wp:term":[{"taxonomy":"category","embeddable":true,"href":"https:\/\/www.suno.com.br\/noticias\/wp-json\/wp\/v2\/categories?post=436815"},{"taxonomy":"post_tag","embeddable":true,"href":"https:\/\/www.suno.com.br\/noticias\/wp-json\/wp\/v2\/tags?post=436815"},{"taxonomy":"suno_strategy","embeddable":true,"href":"https:\/\/www.suno.com.br\/noticias\/wp-json\/wp\/v2\/suno_strategy?post=436815"}],"curies":[{"name":"wp","href":"https:\/\/api.w.org\/{rel}","templated":true}]}}