{"id":436766,"date":"2023-08-01T20:20:03","date_gmt":"2023-08-01T23:20:03","guid":{"rendered":"https:\/\/www.suno.com.br\/noticias\/?p=436766"},"modified":"2023-08-01T22:40:12","modified_gmt":"2023-08-02T01:40:12","slug":"eua-fitch-rebaixa-rating-perspectiva-estavel","status":"publish","type":"post","link":"https:\/\/www.suno.com.br\/noticias\/eua-fitch-rebaixa-rating-perspectiva-estavel\/","title":{"rendered":"EUA: Fitch rebaixa rating do pa\u00eds; ag\u00eancia de risco cita &#8220;deteriora\u00e7\u00e3o fiscal&#8221; e prev\u00ea recess\u00e3o"},"content":{"rendered":"<p>A Fitch rebaixou o rating de emissor de inadimpl\u00eancia a longo prazo e moeda estrangeira (IDR, na sigla em ingl\u00eas) dos EUA de AAA para AA+, com perspectiva est\u00e1vel. Foi a primeira vez que isso aconteceu desde 2011, quando a S&amp;P Global cortou a nota do pa\u00eds vendo impasse sobre o teto da d\u00edvida &#8211; tr\u00eas anos depois da crise financeira de 2008.<\/p>\t<div class=\"wrapper-featured-image\">\n\t\t<figure class=\"spotlightImg\">\n\n\t\t\t<picture>\n\t\t\t\t<source media=\"(max-width: 768px)\" srcset=\"https:\/\/files.sunoresearch.com.br\/n\/uploads\/2023\/07\/pix-estados-unidos-transferencia-400x200.jpg\">\n\t\t\t\t<img loading=\"lazy\" decoding=\"async\" class=\"newsContent__article__imgCapa lazyloadDisabled \" src=\"https:\/\/files.sunoresearch.com.br\/n\/uploads\/2023\/07\/pix-estados-unidos-transferencia-800x450.jpg\" width=\"800\" height=\"450\" alt=\"EUA: Fitch rebaixa rating do pa\u00eds; ag\u00eancia de risco cita &#8220;deteriora\u00e7\u00e3o fiscal&#8221; e prev\u00ea recess\u00e3o\" fetchpriority=high \/>\n\t\t\t<\/picture>\n\n\t\t\t<figcaption class=\"wp-caption-text wp-caption-text--show\">tarifa dos EUA - Foto: Sasirin Pamai\/ Canva<\/figcaption>\n\t\t<\/figure>\n\t<\/div>\n\n\n\n\n\n\t<p>\n\t\t<a href=\"\" target=\"_blank\" data-element=\"shortcode-suno-banner\" title=\"Banner SUNO, clique e saiba mais\">\n\t\t\t<picture>\n\t\t\t\t<source media=\"(max-width: 500px)\" srcset=\"\">\n\t\t\t\t<img class=\"newsContent__article__imgCapa newsContent__article__imgCapa--banner\"\n\t\t\t\t\tsrc=\"\"\n\t\t\t\t\tdata-promo-id=\"240038\"\t\t\t\t\t\t\t\t\t\t\t\t\t\t\talt=\"\"\n\t\t\t\t>\n\t\t\t<\/picture>\n\t\t<\/a>\n\t<\/p>\n\n\n\n\n\n\n\n<p>Segundo a Fitch, o <strong>rebaixamento dos Estados Unidos<\/strong> reflete a deteriora\u00e7\u00e3o fiscal esperada para os pr\u00f3ximos tr\u00eas anos, assim como a crescente d\u00edvida do governo geral. Destaca ainda uma eros\u00e3o relativa da governan\u00e7a em rela\u00e7\u00e3o aos pares &#8216;AA&#8217; e &#8216;AAA&#8217; nos \u00faltimos 20 anos que se manifestou em repetidos impasses de limite de d\u00edvida e resolu\u00e7\u00f5es de \u00faltima hora.<\/p>\n\n\n\n<p>No comunicado em que anunciou o rebaixamento do <strong>rating americano<\/strong>, a Fitch prev\u00ea que os Estados Unidos enfrentar\u00e3o recess\u00e3o &#8220;leve&#8221; entre o quarto trimestre de 2023 e o primeiro de 2024, diante da desacelera\u00e7\u00e3o do consumo. A ag\u00eancia ainda prev\u00ea que o crescimento do Produto Interno Bruto (PIB) do pa\u00eds dever\u00e1 ser de 1,2% em 2023, ap\u00f3s alta de 2,1% em 2022, seguida de um avan\u00e7o de 0,5% de 2024.<\/p>\n\n\n\n<p>A ag\u00eancia de avalia\u00e7\u00e3o de risco projeta que o Federal Reserve (<strong>Fed<\/strong>) elevar\u00e1 elevar as taxas novamente em setembro, em 25 pontos-base (pb), para a faixa entre 5,50% e 5,75%. &#8220;Enquanto a infla\u00e7\u00e3o nominal caiu para 3% em junho, o n\u00facleo da infla\u00e7\u00e3o do PCE, o principal \u00edndice de pre\u00e7os do Fed, permaneceu teimosamente alto em 4,1% no comparativo anual. Isso provavelmente impedir\u00e1 cortes na taxa de fundos federais at\u00e9 mar\u00e7o de 2024&#8221;.<\/p>\n\n\n\n<p>Sobre a &#8220;eros\u00e3o da governan\u00e7a&#8221; mencionada no rebaixamento do rating do pa\u00eds de AAA para AA+, a Fitch destaca que os impasses repetidos sobre teto da d\u00edvida prejudicaram confian\u00e7a no fiscal do pa\u00eds. A ag\u00eancia j\u00e1 havia colocado a nota soberana dos EUA em observa\u00e7\u00e3o negativa em maio, durante o auge das diverg\u00eancias relativas ao limite da d\u00edvida.<\/p>\n\n\n\t<p>\n\t\t<a href=\"https:\/\/lp.suno.com.br\/ebook-gratuito-investindo-no-exterior\/\" target=\"_blank\" data-element=\"shortcode-suno-banner\" title=\"Banner SUNO, clique e saiba mais\">\n\t\t\t<picture>\n\t\t\t\t<source media=\"(max-width: 500px)\" srcset=\"https:\/\/files.sunoresearch.com.br\/n\/uploads\/2023\/03\/400x300-Investindo-no-exterior.png\">\n\t\t\t\t<img class=\"newsContent__article__imgCapa newsContent__article__imgCapa--banner\"\n\t\t\t\t\tsrc=\"https:\/\/files.sunoresearch.com.br\/n\/uploads\/2023\/03\/1420x240-Investindo-no-exterior.png\"\n\t\t\t\t\tdata-promo-id=\"383161\"\t\t\t\t\t\t\t\t\t\twidth='1420' height='240'\t\t\t\t\talt=\"https:\/\/files.sunoresearch.com.br\/n\/uploads\/2023\/03\/1420x240-Investindo-no-exterior.png\"\n\t\t\t\t>\n\t\t\t<\/picture>\n\t\t<\/a>\n\t<\/p>\n\n\n\n\n\n<h2 class=\"wp-block-heading\">Fed: Kashkari diz n\u00e3o descartar novas altas de juros, a depender da evolu\u00e7\u00e3o dos dados nos EUA<\/h2>\n\n\n\n<p>O presidente da distrital do Federal Reserve (Fed) em Minneapolis, Neel Kashkari, n\u00e3o descartou a possibilidade de o banco central americano apertar a pol\u00edtica monet\u00e1ria ainda mais nos pr\u00f3ximos meses, a depender da evolu\u00e7\u00e3o dos indicadores econ\u00f4micos. &#8220;Se precisarmos subir mais os juros, faremos, mas deixaremos que os dados nos guiem&#8221;, afirmou ele, durante entrevista ao programa <em>Face The Nation<\/em>, da <em>CBS<\/em>.<\/p>\n\n\n\n<p>Kashkari, que vota nas reuni\u00f5es deste ano do Comit\u00ea Federal de Mercado Aberto (FOMC, na sigla em ingl\u00eas), reconheceu os &#8220;progressos&#8221; no combate \u00e0 infla\u00e7\u00e3o nos Estados Unidos. No entanto, o dirigente chamou aten\u00e7\u00e3o para o n\u00facleo do \u00edndice de pre\u00e7os ao consumidor (CPI) ainda acima de 4% ao ano, bem maior que a meta de 2%.<\/p>\n\n\n\n<p>Para ele, a maior economia do planeta tem demonstrado surpreendente resili\u00eancia aos sucessivos choques globais, entre eles a guerra na Ucr\u00e2nia. O dirigente afirmou n\u00e3o esperar que a atividade enfrente uma recess\u00e3o, mas ponderou que o n\u00edvel de emprego deve se enfraquecer. &#8220;Pessoalmente, n\u00e3o acho realista que vamos acabar com esse ciclo de infla\u00e7\u00e3o sem nenhum custo para o mercado de trabalho.&#8221;, ressaltou, projetando um aumento da taxa de desemprego a cerca de 4%.<\/p>\n\n\n\n<h2 class=\"wp-block-heading\">Fed: 31% dos bancos americanos buscam elevar ou limitar decl\u00ednio de balan\u00e7os<\/h2>\n\n\n\n<p>O Federal Reserve (Fed, o banco central americano) publicou nesta ter\u00e7a-feira, 1\u00ba, pesquisa respondida por 92 bancos, 58 dom\u00e9sticos e 34 do exterior, com foco em estrat\u00e9gias de gerenciamento de suas reservas, entre outros pontos. Uma das conclus\u00f5es da consulta \u00e9 que 31% dos bancos americanos pretendiam, no pr\u00f3ximo semestre, adotar medidas para elevar ou limitar o decl\u00ednio de seus balan\u00e7os. J\u00e1 29,3% pretendiam manter o n\u00edvel; 24,1% almejavam reduziu ou limitar o crescimento; e 15,5% n\u00e3o pretendiam adotar medidas para afetar o tamanho dos balan\u00e7os.<\/p>\n\n\n\n<p>No caso dos bancos estrangeiros consultados, 41,2% n\u00e3o pretendiam tomar a\u00e7\u00e3o espec\u00edfica para afetar o tamanho de seus balan\u00e7os nos pr\u00f3ximos seis meses; 38,2% esperavam manter o tamanho atual; 14,7% esperavam elevar ou limitar o decl\u00ednio do tamanho de seus balan\u00e7os; e 5,9% afirmavam que pretendiam reduzi-lo ou limitar seu crescimento.<\/p>\n\n\n\n<p>A pesquisa ainda apontou que mais de 75% dos bancos dom\u00e9sticos dos EUA indicaram que seus bancos haviam coletado documenta\u00e7\u00e3o, comprometido colateral ou emprestado do Programa de Financiamento conhecido pela sigla BTFP, em ingl\u00eas, ou pela janela de desconto.<\/p>\n\n\n\n<h2 class=\"wp-block-heading\">Yellen diz &#8216;discordar fortemente&#8217; da decis\u00e3o da Fitch de rebaixar rating dos EUA<\/h2>\n\n\n\n<p>A secret\u00e1ria do Tesouro, Janet Yellen, afirmou que discorda &#8220;fortemente&#8221; da decis\u00e3o da <strong>ag\u00eancia de classifica\u00e7\u00e3o de risco Fitch<\/strong> de rebaixar o <strong>rating dos Estados Unidos<\/strong>. Segundo comunicado oficial, Yellen apontou que a decis\u00e3o \u00e9 &#8220;arbitr\u00e1ria&#8221; e &#8220;baseada em dados desatualizados&#8221;.<\/p>\n\n\n\n<p>Yellen tamb\u00e9m afirmou que a decis\u00e3o n\u00e3o muda &#8220;o fato de que os t\u00edtulos do Tesouro continuam sendo o ativo l\u00edquido e seguro mais proeminente do mundo e que a economia americana \u00e9 fundamentalmente forte&#8221;.<\/p>\n\n\n\n<p>Yellen tamb\u00e9m destacou que as m\u00e9tricas relacionadas \u00e0 governan\u00e7a nos <strong>EUA<\/strong> tiveram uma melhora ao longo do governo do presidente americano, Joe Biden. &#8220;O presidente Biden e eu estamos comprometidos com a sustentabilidade fiscal&#8221;, refor\u00e7ou.<\/p>\n\n\n\n<p><em>Com Estad\u00e3o Conte\u00fado<\/em><\/p>\n\n\n\t<p>\n\t\t<a href=\"https:\/\/lp.suno.com.br\/planilha-da-vida-financeira\/\" target=\"_blank\" data-element=\"shortcode-suno-banner\" title=\"Banner SUNO, clique e saiba mais\">\n\t\t\t<picture>\n\t\t\t\t<source media=\"(max-width: 500px)\" srcset=\"https:\/\/files.sunoresearch.com.br\/n\/uploads\/2023\/04\/400x300-Planilha-vida-financeira-true.png\">\n\t\t\t\t<img class=\"newsContent__article__imgCapa newsContent__article__imgCapa--banner\"\n\t\t\t\t\tsrc=\"https:\/\/files.sunoresearch.com.br\/n\/uploads\/2023\/04\/1420x240-Planilha-vida-financeira-true.png\"\n\t\t\t\t\tdata-promo-id=\"383123\"\t\t\t\t\t\t\t\t\t\twidth='1420' height='240'\t\t\t\t\talt=\"https:\/\/files.sunoresearch.com.br\/n\/uploads\/2023\/04\/1420x240-Planilha-vida-financeira-true.png\"\n\t\t\t\t>\n\t\t\t<\/picture>\n\t\t<\/a>\n\t<\/p>\n\n\n","protected":false},"excerpt":{"rendered":"<p>A Fitch rebaixou o rating de emissor de inadimpl\u00eancia a longo prazo e moeda estrangeira (IDR, na sigla em ingl\u00eas) dos EUA de AAA para AA+, com perspectiva est\u00e1vel. Foi a primeira vez que isso aconteceu desde 2011, quando a S&amp;P Global cortou a nota do pa\u00eds vendo impasse sobre o teto da d\u00edvida &#8211; [&hellip;]<\/p>\n","protected":false},"author":43,"featured_media":427501,"comment_status":"closed","ping_status":"closed","sticky":false,"template":"","format":"standard","meta":[],"categories":[64],"tags":[793,776,1277],"suno_strategy":[],"class_list":["post-436766","post","type-post","status-publish","format-standard","has-post-thumbnail","hentry","category-negocios","tag-estados-unidos-eua","tag-federal-reseve-fed","tag-fitch"],"yoast_head":"<!-- This site is optimized with the Yoast SEO plugin v24.4 - https:\/\/yoast.com\/wordpress\/plugins\/seo\/ -->\n<title>EUA: ag\u00eancia rebaixa rating do pa\u00eds, com perspectiva est\u00e1vel<\/title>\n<meta name=\"description\" content=\"A Fitch rebaixou o rating de emissor de inadimpl\u00eancia a longo prazo e moeda estrangeira dos EUA de AAA para AA+, com perspectiva est\u00e1vel\" \/>\n<meta name=\"robots\" content=\"index, follow, max-snippet:-1, max-image-preview:large, max-video-preview:-1\" \/>\n<link rel=\"canonical\" href=\"https:\/\/www.suno.com.br\/noticias\/eua-fitch-rebaixa-rating-perspectiva-estavel\/\" \/>\n<meta property=\"og:locale\" content=\"pt_BR\" \/>\n<meta property=\"og:type\" content=\"article\" \/>\n<meta property=\"og:title\" content=\"EUA: ag\u00eancia rebaixa rating do pa\u00eds, com perspectiva est\u00e1vel\" \/>\n<meta property=\"og:description\" content=\"A Fitch rebaixou o rating de emissor de inadimpl\u00eancia a longo prazo e moeda estrangeira dos EUA de AAA para AA+, com perspectiva est\u00e1vel\" \/>\n<meta property=\"og:url\" content=\"https:\/\/www.suno.com.br\/noticias\/eua-fitch-rebaixa-rating-perspectiva-estavel\/\" \/>\n<meta property=\"og:site_name\" content=\"Suno Not\u00edcias\" \/>\n<meta property=\"article:publisher\" content=\"https:\/\/facebook.com\/sunoresearch\" \/>\n<meta property=\"article:author\" content=\"https:\/\/www.facebook.com\/sunonoticias\/\" \/>\n<meta property=\"og:image\" content=\"https:\/\/files.sunoresearch.com.br\/n\/uploads\/2023\/07\/pix-estados-unidos-transferencia.jpg\" \/>\n\t<meta property=\"og:image:width\" content=\"1200\" \/>\n\t<meta property=\"og:image:height\" content=\"800\" \/>\n\t<meta property=\"og:image:type\" content=\"image\/jpeg\" \/>\n<meta name=\"author\" content=\"Reda\u00e7\u00e3o Suno Not\u00edcias\" \/>\n<meta name=\"twitter:card\" content=\"summary_large_image\" \/>\n<meta name=\"twitter:creator\" content=\"@https:\/\/twitter.com\/sunoresearch\" \/>\n<meta name=\"twitter:site\" content=\"@sunoresearch\" \/>\n<meta name=\"twitter:label1\" content=\"Escrito por\" \/>\n\t<meta name=\"twitter:data1\" content=\"Reda\u00e7\u00e3o Suno Not\u00edcias\" \/>\n\t<meta name=\"twitter:label2\" content=\"Est. tempo de leitura\" \/>\n\t<meta name=\"twitter:data2\" content=\"5 minutos\" \/>\n<script type=\"application\/ld+json\" class=\"yoast-schema-graph\">{\"@context\":\"https:\/\/schema.org\",\"@graph\":[{\"@type\":\"NewsArticle\",\"@id\":\"https:\/\/www.suno.com.br\/noticias\/eua-fitch-rebaixa-rating-perspectiva-estavel\/#article\",\"isPartOf\":{\"@id\":\"https:\/\/www.suno.com.br\/noticias\/eua-fitch-rebaixa-rating-perspectiva-estavel\/\"},\"author\":{\"name\":\"Reda\u00e7\u00e3o Suno Not\u00edcias\",\"@id\":\"https:\/\/www.suno.com.br\/noticias\/#\/schema\/person\/c1b1bd3727fa852bd045e9dbff3673ea\"},\"headline\":\"EUA: Fitch rebaixa rating do pa\u00eds; ag\u00eancia de risco cita &#8220;deteriora\u00e7\u00e3o fiscal&#8221; e prev\u00ea recess\u00e3o\",\"datePublished\":\"2023-08-01T23:20:03+00:00\",\"dateModified\":\"2023-08-02T01:40:12+00:00\",\"mainEntityOfPage\":{\"@id\":\"https:\/\/www.suno.com.br\/noticias\/eua-fitch-rebaixa-rating-perspectiva-estavel\/\"},\"wordCount\":939,\"publisher\":{\"@id\":\"https:\/\/www.suno.com.br\/noticias\/#organization\"},\"image\":{\"@id\":\"https:\/\/www.suno.com.br\/noticias\/eua-fitch-rebaixa-rating-perspectiva-estavel\/#primaryimage\"},\"thumbnailUrl\":\"https:\/\/files.sunoresearch.com.br\/n\/uploads\/2023\/07\/pix-estados-unidos-transferencia.jpg\",\"keywords\":[\"Estados Unidos (EUA)\",\"Federal Reserve (FED)\",\"Fitch\"],\"articleSection\":[\"Neg\u00f3cios\"],\"inLanguage\":\"pt-BR\"},{\"@type\":\"WebPage\",\"@id\":\"https:\/\/www.suno.com.br\/noticias\/eua-fitch-rebaixa-rating-perspectiva-estavel\/\",\"url\":\"https:\/\/www.suno.com.br\/noticias\/eua-fitch-rebaixa-rating-perspectiva-estavel\/\",\"name\":\"EUA: ag\u00eancia rebaixa rating do pa\u00eds, com perspectiva est\u00e1vel\",\"isPartOf\":{\"@id\":\"https:\/\/www.suno.com.br\/noticias\/#website\"},\"primaryImageOfPage\":{\"@id\":\"https:\/\/www.suno.com.br\/noticias\/eua-fitch-rebaixa-rating-perspectiva-estavel\/#primaryimage\"},\"image\":{\"@id\":\"https:\/\/www.suno.com.br\/noticias\/eua-fitch-rebaixa-rating-perspectiva-estavel\/#primaryimage\"},\"thumbnailUrl\":\"https:\/\/files.sunoresearch.com.br\/n\/uploads\/2023\/07\/pix-estados-unidos-transferencia.jpg\",\"datePublished\":\"2023-08-01T23:20:03+00:00\",\"dateModified\":\"2023-08-02T01:40:12+00:00\",\"description\":\"A Fitch rebaixou o rating de emissor de inadimpl\u00eancia a longo prazo e moeda estrangeira dos EUA de AAA para AA+, com perspectiva est\u00e1vel\",\"breadcrumb\":{\"@id\":\"https:\/\/www.suno.com.br\/noticias\/eua-fitch-rebaixa-rating-perspectiva-estavel\/#breadcrumb\"},\"inLanguage\":\"pt-BR\",\"potentialAction\":[{\"@type\":\"ReadAction\",\"target\":[\"https:\/\/www.suno.com.br\/noticias\/eua-fitch-rebaixa-rating-perspectiva-estavel\/\"]}]},{\"@type\":\"ImageObject\",\"inLanguage\":\"pt-BR\",\"@id\":\"https:\/\/www.suno.com.br\/noticias\/eua-fitch-rebaixa-rating-perspectiva-estavel\/#primaryimage\",\"url\":\"https:\/\/files.sunoresearch.com.br\/n\/uploads\/2023\/07\/pix-estados-unidos-transferencia.jpg\",\"contentUrl\":\"https:\/\/files.sunoresearch.com.br\/n\/uploads\/2023\/07\/pix-estados-unidos-transferencia.jpg\",\"width\":1200,\"height\":800,\"caption\":\"tarifa dos EUA - Foto: Sasirin Pamai\/ Canva\"},{\"@type\":\"BreadcrumbList\",\"@id\":\"https:\/\/www.suno.com.br\/noticias\/eua-fitch-rebaixa-rating-perspectiva-estavel\/#breadcrumb\",\"itemListElement\":[{\"@type\":\"ListItem\",\"position\":1,\"name\":\"Not\u00edcias\",\"item\":\"https:\/\/www.suno.com.br\/noticias\/\"},{\"@type\":\"ListItem\",\"position\":2,\"name\":\"Neg\u00f3cios\",\"item\":\"https:\/\/www.suno.com.br\/noticias\/negocios\/\"},{\"@type\":\"ListItem\",\"position\":3,\"name\":\"EUA: Fitch rebaixa rating do pa\u00eds; ag\u00eancia de risco cita &#8220;deteriora\u00e7\u00e3o fiscal&#8221; e prev\u00ea recess\u00e3o\"}]},{\"@type\":\"WebSite\",\"@id\":\"https:\/\/www.suno.com.br\/noticias\/#website\",\"url\":\"https:\/\/www.suno.com.br\/noticias\/\",\"name\":\"Suno Not\u00edcias\",\"description\":\"Seu portal de informa\u00e7\u00e3o sobre o mundo dos investimentos\",\"publisher\":{\"@id\":\"https:\/\/www.suno.com.br\/noticias\/#organization\"},\"potentialAction\":[{\"@type\":\"SearchAction\",\"target\":{\"@type\":\"EntryPoint\",\"urlTemplate\":\"https:\/\/www.suno.com.br\/noticias\/?s={search_term_string}\"},\"query-input\":{\"@type\":\"PropertyValueSpecification\",\"valueRequired\":true,\"valueName\":\"search_term_string\"}}],\"inLanguage\":\"pt-BR\"},{\"@type\":\"Organization\",\"@id\":\"https:\/\/www.suno.com.br\/noticias\/#organization\",\"name\":\"Suno Not\u00edcias\",\"url\":\"https:\/\/www.suno.com.br\/noticias\/\",\"logo\":{\"@type\":\"ImageObject\",\"inLanguage\":\"pt-BR\",\"@id\":\"https:\/\/www.suno.com.br\/noticias\/#\/schema\/logo\/image\/\",\"url\":\"https:\/\/files.sunoresearch.com.br\/n\/uploads\/2021\/09\/suno-logo.png\",\"contentUrl\":\"https:\/\/files.sunoresearch.com.br\/n\/uploads\/2021\/09\/suno-logo.png\",\"width\":180,\"height\":180,\"caption\":\"Suno Not\u00edcias\"},\"image\":{\"@id\":\"https:\/\/www.suno.com.br\/noticias\/#\/schema\/logo\/image\/\"},\"sameAs\":[\"https:\/\/facebook.com\/sunoresearch\",\"https:\/\/x.com\/sunoresearch\",\"https:\/\/www.instagram.com\/suno\",\"https:\/\/www.linkedin.com\/company\/suno-research\/\",\"https:\/\/www.youtube.com\/c\/sunoresearch\"]},{\"@type\":\"Person\",\"@id\":\"https:\/\/www.suno.com.br\/noticias\/#\/schema\/person\/c1b1bd3727fa852bd045e9dbff3673ea\",\"name\":\"Reda\u00e7\u00e3o Suno Not\u00edcias\",\"image\":{\"@type\":\"ImageObject\",\"inLanguage\":\"pt-BR\",\"@id\":\"https:\/\/www.suno.com.br\/noticias\/#\/schema\/person\/image\/\",\"url\":\"https:\/\/secure.gravatar.com\/avatar\/b8104b9b5a71985d5238ee59fbe418af?s=96&r=g\",\"contentUrl\":\"https:\/\/secure.gravatar.com\/avatar\/b8104b9b5a71985d5238ee59fbe418af?s=96&r=g\",\"caption\":\"Reda\u00e7\u00e3o Suno Not\u00edcias\"},\"description\":\"O Suno Not\u00edcias \u00e9 um portal de informa\u00e7\u00f5es sobre Mercado Financeiro, Pol\u00edtica, Neg\u00f3cios, Economia e Finan\u00e7as Pessoais.\",\"sameAs\":[\"https:\/\/www.suno.com.br\/noticias\",\"https:\/\/www.facebook.com\/sunonoticias\/\",\"https:\/\/www.instagram.com\/sunonoticias\/\",\"https:\/\/x.com\/https:\/\/twitter.com\/sunoresearch\",\"https:\/\/www.youtube.com\/sunonoticias\"],\"url\":\"https:\/\/www.suno.com.br\/noticias\/author\/redacao-suno\/\"}]}<\/script>\n<!-- \/ Yoast SEO plugin. -->","yoast_head_json":{"title":"EUA: ag\u00eancia rebaixa rating do pa\u00eds, com perspectiva est\u00e1vel","description":"A Fitch rebaixou o rating de emissor de inadimpl\u00eancia a longo prazo e moeda estrangeira dos EUA de AAA para AA+, com perspectiva est\u00e1vel","robots":{"index":"index","follow":"follow","max-snippet":"max-snippet:-1","max-image-preview":"max-image-preview:large","max-video-preview":"max-video-preview:-1"},"canonical":"https:\/\/www.suno.com.br\/noticias\/eua-fitch-rebaixa-rating-perspectiva-estavel\/","og_locale":"pt_BR","og_type":"article","og_title":"EUA: ag\u00eancia rebaixa rating do pa\u00eds, com perspectiva est\u00e1vel","og_description":"A Fitch rebaixou o rating de emissor de inadimpl\u00eancia a longo prazo e moeda estrangeira dos EUA de AAA para AA+, com perspectiva est\u00e1vel","og_url":"https:\/\/www.suno.com.br\/noticias\/eua-fitch-rebaixa-rating-perspectiva-estavel\/","og_site_name":"Suno Not\u00edcias","article_publisher":"https:\/\/facebook.com\/sunoresearch","article_author":"https:\/\/www.facebook.com\/sunonoticias\/","og_image":[{"width":1200,"height":800,"url":"https:\/\/files.sunoresearch.com.br\/n\/uploads\/2023\/07\/pix-estados-unidos-transferencia.jpg","type":"image\/jpeg"}],"author":"Reda\u00e7\u00e3o Suno Not\u00edcias","twitter_card":"summary_large_image","twitter_creator":"@https:\/\/twitter.com\/sunoresearch","twitter_site":"@sunoresearch","twitter_misc":{"Escrito por":"Reda\u00e7\u00e3o Suno Not\u00edcias","Est. tempo de leitura":"5 minutos"},"schema":{"@context":"https:\/\/schema.org","@graph":[{"@type":"NewsArticle","@id":"https:\/\/www.suno.com.br\/noticias\/eua-fitch-rebaixa-rating-perspectiva-estavel\/#article","isPartOf":{"@id":"https:\/\/www.suno.com.br\/noticias\/eua-fitch-rebaixa-rating-perspectiva-estavel\/"},"author":{"name":"Reda\u00e7\u00e3o Suno Not\u00edcias","@id":"https:\/\/www.suno.com.br\/noticias\/#\/schema\/person\/c1b1bd3727fa852bd045e9dbff3673ea"},"headline":"EUA: Fitch rebaixa rating do pa\u00eds; ag\u00eancia de risco cita &#8220;deteriora\u00e7\u00e3o fiscal&#8221; e prev\u00ea recess\u00e3o","datePublished":"2023-08-01T23:20:03+00:00","dateModified":"2023-08-02T01:40:12+00:00","mainEntityOfPage":{"@id":"https:\/\/www.suno.com.br\/noticias\/eua-fitch-rebaixa-rating-perspectiva-estavel\/"},"wordCount":939,"publisher":{"@id":"https:\/\/www.suno.com.br\/noticias\/#organization"},"image":{"@id":"https:\/\/www.suno.com.br\/noticias\/eua-fitch-rebaixa-rating-perspectiva-estavel\/#primaryimage"},"thumbnailUrl":"https:\/\/files.sunoresearch.com.br\/n\/uploads\/2023\/07\/pix-estados-unidos-transferencia.jpg","keywords":["Estados Unidos (EUA)","Federal Reserve (FED)","Fitch"],"articleSection":["Neg\u00f3cios"],"inLanguage":"pt-BR"},{"@type":"WebPage","@id":"https:\/\/www.suno.com.br\/noticias\/eua-fitch-rebaixa-rating-perspectiva-estavel\/","url":"https:\/\/www.suno.com.br\/noticias\/eua-fitch-rebaixa-rating-perspectiva-estavel\/","name":"EUA: ag\u00eancia rebaixa rating do pa\u00eds, com perspectiva est\u00e1vel","isPartOf":{"@id":"https:\/\/www.suno.com.br\/noticias\/#website"},"primaryImageOfPage":{"@id":"https:\/\/www.suno.com.br\/noticias\/eua-fitch-rebaixa-rating-perspectiva-estavel\/#primaryimage"},"image":{"@id":"https:\/\/www.suno.com.br\/noticias\/eua-fitch-rebaixa-rating-perspectiva-estavel\/#primaryimage"},"thumbnailUrl":"https:\/\/files.sunoresearch.com.br\/n\/uploads\/2023\/07\/pix-estados-unidos-transferencia.jpg","datePublished":"2023-08-01T23:20:03+00:00","dateModified":"2023-08-02T01:40:12+00:00","description":"A Fitch rebaixou o rating de emissor de inadimpl\u00eancia a longo prazo e moeda estrangeira dos EUA de AAA para AA+, com perspectiva est\u00e1vel","breadcrumb":{"@id":"https:\/\/www.suno.com.br\/noticias\/eua-fitch-rebaixa-rating-perspectiva-estavel\/#breadcrumb"},"inLanguage":"pt-BR","potentialAction":[{"@type":"ReadAction","target":["https:\/\/www.suno.com.br\/noticias\/eua-fitch-rebaixa-rating-perspectiva-estavel\/"]}]},{"@type":"ImageObject","inLanguage":"pt-BR","@id":"https:\/\/www.suno.com.br\/noticias\/eua-fitch-rebaixa-rating-perspectiva-estavel\/#primaryimage","url":"https:\/\/files.sunoresearch.com.br\/n\/uploads\/2023\/07\/pix-estados-unidos-transferencia.jpg","contentUrl":"https:\/\/files.sunoresearch.com.br\/n\/uploads\/2023\/07\/pix-estados-unidos-transferencia.jpg","width":1200,"height":800,"caption":"tarifa dos EUA - Foto: Sasirin Pamai\/ Canva"},{"@type":"BreadcrumbList","@id":"https:\/\/www.suno.com.br\/noticias\/eua-fitch-rebaixa-rating-perspectiva-estavel\/#breadcrumb","itemListElement":[{"@type":"ListItem","position":1,"name":"Not\u00edcias","item":"https:\/\/www.suno.com.br\/noticias\/"},{"@type":"ListItem","position":2,"name":"Neg\u00f3cios","item":"https:\/\/www.suno.com.br\/noticias\/negocios\/"},{"@type":"ListItem","position":3,"name":"EUA: Fitch rebaixa rating do pa\u00eds; ag\u00eancia de risco cita &#8220;deteriora\u00e7\u00e3o fiscal&#8221; e prev\u00ea recess\u00e3o"}]},{"@type":"WebSite","@id":"https:\/\/www.suno.com.br\/noticias\/#website","url":"https:\/\/www.suno.com.br\/noticias\/","name":"Suno Not\u00edcias","description":"Seu portal de informa\u00e7\u00e3o sobre o mundo dos investimentos","publisher":{"@id":"https:\/\/www.suno.com.br\/noticias\/#organization"},"potentialAction":[{"@type":"SearchAction","target":{"@type":"EntryPoint","urlTemplate":"https:\/\/www.suno.com.br\/noticias\/?s={search_term_string}"},"query-input":{"@type":"PropertyValueSpecification","valueRequired":true,"valueName":"search_term_string"}}],"inLanguage":"pt-BR"},{"@type":"Organization","@id":"https:\/\/www.suno.com.br\/noticias\/#organization","name":"Suno Not\u00edcias","url":"https:\/\/www.suno.com.br\/noticias\/","logo":{"@type":"ImageObject","inLanguage":"pt-BR","@id":"https:\/\/www.suno.com.br\/noticias\/#\/schema\/logo\/image\/","url":"https:\/\/files.sunoresearch.com.br\/n\/uploads\/2021\/09\/suno-logo.png","contentUrl":"https:\/\/files.sunoresearch.com.br\/n\/uploads\/2021\/09\/suno-logo.png","width":180,"height":180,"caption":"Suno Not\u00edcias"},"image":{"@id":"https:\/\/www.suno.com.br\/noticias\/#\/schema\/logo\/image\/"},"sameAs":["https:\/\/facebook.com\/sunoresearch","https:\/\/x.com\/sunoresearch","https:\/\/www.instagram.com\/suno","https:\/\/www.linkedin.com\/company\/suno-research\/","https:\/\/www.youtube.com\/c\/sunoresearch"]},{"@type":"Person","@id":"https:\/\/www.suno.com.br\/noticias\/#\/schema\/person\/c1b1bd3727fa852bd045e9dbff3673ea","name":"Reda\u00e7\u00e3o Suno Not\u00edcias","image":{"@type":"ImageObject","inLanguage":"pt-BR","@id":"https:\/\/www.suno.com.br\/noticias\/#\/schema\/person\/image\/","url":"https:\/\/secure.gravatar.com\/avatar\/b8104b9b5a71985d5238ee59fbe418af?s=96&r=g","contentUrl":"https:\/\/secure.gravatar.com\/avatar\/b8104b9b5a71985d5238ee59fbe418af?s=96&r=g","caption":"Reda\u00e7\u00e3o Suno Not\u00edcias"},"description":"O Suno Not\u00edcias \u00e9 um portal de informa\u00e7\u00f5es sobre Mercado Financeiro, Pol\u00edtica, Neg\u00f3cios, Economia e Finan\u00e7as Pessoais.","sameAs":["https:\/\/www.suno.com.br\/noticias","https:\/\/www.facebook.com\/sunonoticias\/","https:\/\/www.instagram.com\/sunonoticias\/","https:\/\/x.com\/https:\/\/twitter.com\/sunoresearch","https:\/\/www.youtube.com\/sunonoticias"],"url":"https:\/\/www.suno.com.br\/noticias\/author\/redacao-suno\/"}]}},"default_loop_html":"<div class=\"cardsPage__listCard__boxs\"><div class=\"cardsPage__listCard__boxs__img\"><a href=\"https:\/\/www.suno.com.br\/noticias\/eua-fitch-rebaixa-rating-perspectiva-estavel\/\"><img class=\"mask\" src=\"https:\/\/www.suno.com.br\/noticias\/wp-content\/themes\/suno\/resources\/images\/spotlight\/spotlight1img\/bg-mask.png\" alt=\"Image Mask\"\/><img src=\"https:\/\/files.sunoresearch.com.br\/n\/uploads\/2023\/07\/pix-estados-unidos-transferencia-400x200.jpg\" alt=\"EUA: Fitch rebaixa rating do pa\u00eds; ag\u00eancia de risco cita &#8220;deteriora\u00e7\u00e3o fiscal&#8221; e prev\u00ea recess\u00e3o\"\/><\/a><span class=\"spotlightCategory\"><a href=\"https:\/\/www.suno.com.br\/noticias\/negocios\/\">Neg\u00f3cios<\/a><\/span><\/div><div class=\"cardsPage__listCard__boxs__content\"><a href=\"https:\/\/www.suno.com.br\/noticias\/eua-fitch-rebaixa-rating-perspectiva-estavel\/\"><h2 class=\"content__title\">EUA: Fitch rebaixa rating do pa\u00eds; ag\u00eancia de risco cita &#8220;deteriora\u00e7\u00e3o fiscal&#8221; e prev\u00ea recess\u00e3o<\/h2><\/a><div class=\"newsContent__article__meta\"><div class=\"newsContent__article__meta__authorBox\"><a href=\"https:\/\/www.suno.com.br\/noticias\/author\/redacao-suno\/\" class=\"authorBox__avatar noMobi\"><img src=\"https:\/\/files.sunoresearch.com.br\/n\/uploads\/2020\/08\/0ace682d-redacao-1-150x150.webp\" alt=\"Reda\u00e7\u00e3o Suno Not\u00edcias\"><\/a><div class=\"authorBox__name\"><span>por\n\t\t\t<a href=\"https:\/\/www.suno.com.br\/noticias\/author\/redacao-suno\/\"><span itemprop=\"author\">Reda\u00e7\u00e3o Suno Not\u00edcias<\/span><\/a><\/span><time datetime=\"2023-08-01T20:20:03-03:00\" itemprop=\"datePublished\">01\/08\/2023 20:20<\/time><\/div><\/div><\/div><\/div><\/div>","single_layout":"posts","amp_enabled":true,"_links":{"self":[{"href":"https:\/\/www.suno.com.br\/noticias\/wp-json\/wp\/v2\/posts\/436766"}],"collection":[{"href":"https:\/\/www.suno.com.br\/noticias\/wp-json\/wp\/v2\/posts"}],"about":[{"href":"https:\/\/www.suno.com.br\/noticias\/wp-json\/wp\/v2\/types\/post"}],"author":[{"embeddable":true,"href":"https:\/\/www.suno.com.br\/noticias\/wp-json\/wp\/v2\/users\/43"}],"replies":[{"embeddable":true,"href":"https:\/\/www.suno.com.br\/noticias\/wp-json\/wp\/v2\/comments?post=436766"}],"version-history":[{"count":3,"href":"https:\/\/www.suno.com.br\/noticias\/wp-json\/wp\/v2\/posts\/436766\/revisions"}],"predecessor-version":[{"id":436931,"href":"https:\/\/www.suno.com.br\/noticias\/wp-json\/wp\/v2\/posts\/436766\/revisions\/436931"}],"wp:featuredmedia":[{"embeddable":true,"href":"https:\/\/www.suno.com.br\/noticias\/wp-json\/wp\/v2\/media\/427501"}],"wp:attachment":[{"href":"https:\/\/www.suno.com.br\/noticias\/wp-json\/wp\/v2\/media?parent=436766"}],"wp:term":[{"taxonomy":"category","embeddable":true,"href":"https:\/\/www.suno.com.br\/noticias\/wp-json\/wp\/v2\/categories?post=436766"},{"taxonomy":"post_tag","embeddable":true,"href":"https:\/\/www.suno.com.br\/noticias\/wp-json\/wp\/v2\/tags?post=436766"},{"taxonomy":"suno_strategy","embeddable":true,"href":"https:\/\/www.suno.com.br\/noticias\/wp-json\/wp\/v2\/suno_strategy?post=436766"}],"curies":[{"name":"wp","href":"https:\/\/api.w.org\/{rel}","templated":true}]}}