{"id":43675,"date":"2019-11-04T20:08:07","date_gmt":"2019-11-04T22:08:07","guid":{"rendered":"https:\/\/www.suno.com.br\/noticias\/?p=43675"},"modified":"2019-11-04T20:08:07","modified_gmt":"2019-11-04T22:08:07","slug":"uber-aumento-receita-3t19","status":"publish","type":"post","link":"https:\/\/www.suno.com.br\/noticias\/uber-aumento-receita-3t19\/","title":{"rendered":"Uber registra aumento de sua receita em 30% no 3T19"},"content":{"rendered":"<p style=\"text-align: left;\">O Uber (UBER) divulgou nesta segunda-feira (4) seu balan\u00e7o do terceiro trimestre de 2019. A empresa de transporte por aplicativo registrou um aumento de sua receita de quase 30%, para US$ 3,81 bilh\u00f5es, superando expectativas dos analistas do mercado, de US$ 3,69 bilh\u00f5es.<\/p>\t<div class=\"wrapper-featured-image\">\n\t\t<figure class=\"spotlightImg\">\n\n\t\t\t<picture>\n\t\t\t\t<source media=\"(max-width: 768px)\" srcset=\"https:\/\/files.sunoresearch.com.br\/n\/uploads\/2019\/06\/86da8ecb-uber-400x200.webp\">\n\t\t\t\t<img loading=\"lazy\" decoding=\"async\" class=\"newsContent__article__imgCapa lazyloadDisabled newsContent__article__imgCapa--noCaption\" src=\"https:\/\/files.sunoresearch.com.br\/n\/uploads\/2019\/06\/86da8ecb-uber-jpg.webp\" width=\"800\" height=\"450\" alt=\"Uber registra aumento de sua receita em 30% no 3T19\" fetchpriority=high \/>\n\t\t\t<\/picture>\n\n\t\t\t<figcaption class=\"wp-caption-text wp-caption-text--hide\">A Uber prometeu uma frota totalemente el\u00e9trica na Am\u00e9rica do Norte e na Europa at\u00e9 2030<\/figcaption>\n\t\t<\/figure>\n\t<\/div>\n\n<p style=\"text-align: left;\">O Uber (UBER) divulgou nesta segunda-feira (4) seu balan\u00e7o do terceiro trimestre de 2019. A empresa de transporte por aplicativo registrou um aumento de sua receita de quase 30%, para US$ 3,81 bilh\u00f5es, superando expectativas dos analistas do mercado, de US$ 3,69 bilh\u00f5es.<\/p>\n<p style=\"text-align: left;\"><\/p>\n<p style=\"text-align: left;\">Apesar do <strong>resultado positivo,<\/strong> os custos da empresa subiram aproximadamente de 33%, para US$ 4,92 bilh\u00f5es no trimestre.<br \/>\nEssa \u00e9 a terceira vez que o aplicativo divulga seu balan\u00e7o desde a <strong><a href=\"https:\/\/www.suno.com.br\/artigos\/ipo\/\">abertura de seu capital<\/a><\/strong> em maio deste ano. A empresa est\u00e1 cotada na <a href=\"https:\/\/www.suno.com.br\/artigos\/nyse\/\"><strong>Bolsa de Valores de Nova York (NYSE).<\/strong><\/a><\/p>\n\n\t<p>\n\t\t<a href=\"https:\/\/lp2.suno.com.br\/pv\/curso-zero-ao-primeiro-rendimento\/?utm_source=suno-noticias&#038;utm_medium=banner&#038;utm_campaign=_SNC4CCF8112_\" target=\"_blank\" data-element=\"shortcode-suno-banner\" title=\"Banner SUNO, clique e saiba mais\">\n\t\t\t<picture>\n\t\t\t\t<source media=\"(max-width: 500px)\" srcset=\"https:\/\/files.sunoresearch.com.br\/n\/uploads\/2025\/12\/Artigos-e-Noticias-Banner-Materias-02-Mobile_-400x300-1-png.webp\">\n\t\t\t\t<img class=\"newsContent__article__imgCapa newsContent__article__imgCapa--banner\"\n\t\t\t\t\tsrc=\"https:\/\/files.sunoresearch.com.br\/n\/uploads\/2025\/12\/Artigos-e-Noticias-Banner-Materias-01-Desktop_-1420x240-1-png.webp\"\n\t\t\t\t\tdata-promo-id=\"635313\"\t\t\t\t\t\t\t\t\t\twidth='1420' height='240'\t\t\t\t\talt=\"https:\/\/files.sunoresearch.com.br\/n\/uploads\/2025\/12\/Artigos-e-Noticias-Banner-Materias-01-Desktop_-1420x240-1-png.webp\"\n\t\t\t\t>\n\t\t\t<\/picture>\n\t\t<\/a>\n\t<\/p>\n\n\n<p>A empresa salientou que os usu\u00e1rios mensais ativos de sua plataforma avan\u00e7aram para 103 milh\u00f5es de pessoas globalmente no terceiro trimestre. Em 2018, o resultado foi de 82 milh\u00f5es de clientes.<\/p>\n<p>J\u00e1 o preju\u00edzo l\u00edquido da companhia cresceu para US$ 1,16 bilh\u00e3o entre julho e setembro, em compara\u00e7\u00e3o a um resultado negativo de US$ 986 milh\u00f5es em 2018.<\/p>\n<h2>Uber e ClickBus<\/h2>\n<p>Tamb\u00e9m nesta segunda a plataforma de transporte <strong>ClickBus<\/strong> estabeleceu um acordo para oferecer cr\u00e9ditos em viagens de <strong>Uber<\/strong> aos clientes que comprarem uma passagem de \u00f4nibus no aplicativo. O acordo entrar\u00e1 em vigor no dia 15 de dezembro.<\/p>\n<p><a href=\"https:\/\/www.suno.com.br\/noticias\/clickbus-cria-parceria-com-uber-para-oferecer-creditos-em-viagens\/\">Saiba mais: Clickbus cria parceria com Uber para oferecer cr\u00e9ditos em viagens<\/a><\/p>\n<p>De acordo com o aplicativo de \u00f4nibus, o objetivo da parceria \u00e9 abater o custo do deslocamento que os clientes ter\u00e3o para chegar at\u00e9 a rodovi\u00e1ria. O valor do cr\u00e9dito para utilizar no <strong>Uber<\/strong> oferecido ser\u00e1 de R$ 10 reais por passagem comprada.<\/p>\n<p>De acordo com o presidente da plataforma, a parceria \u00e9 um passo importante para os clientes da empresa. A medida \u00e9 limitada a um voucher por pessoa.<\/p>\n\t<p>\n\t\t<a href=\"https:\/\/lp.suno.com.br\/asset\/fundos\/suno-fiagro-snag11\/\" target=\"_blank\" data-element=\"shortcode-suno-banner\" title=\"Banner SUNO, clique e saiba mais\">\n\t\t\t<picture>\n\t\t\t\t<source media=\"(max-width: 500px)\" srcset=\"https:\/\/files.sunoresearch.com.br\/n\/uploads\/2024\/03\/400x300-Mobile-Artigos-1_SNAG.png\">\n\t\t\t\t<img class=\"newsContent__article__imgCapa newsContent__article__imgCapa--banner\"\n\t\t\t\t\tsrc=\"https:\/\/files.sunoresearch.com.br\/n\/uploads\/2024\/03\/1420x240-Banner-Artigos-1-_-Banner-Materias-1_SNAG.png\"\n\t\t\t\t\tdata-promo-id=\"364416\"\t\t\t\t\t\t\t\t\t\twidth='1420' height='240'\t\t\t\t\talt=\"https:\/\/files.sunoresearch.com.br\/n\/uploads\/2024\/03\/1420x240-Banner-Artigos-1-_-Banner-Materias-1_SNAG.png\"\n\t\t\t\t>\n\t\t\t<\/picture>\n\t\t<\/a>\n\t<\/p>\n\n\n<p>\u201cTrabalhamos todos os dias para facilitar a conex\u00e3o entre pessoas e seus destinos, e entendemos que precis\u00e1vamos oferecer uma experi\u00eancia de ponta a ponta no deslocamento at\u00e9 a rodovi\u00e1ria e para o destino final\u201d, afirmou\u00a0Prado.<\/p>\n<p>O <strong>Clickbus<\/strong> possui mais de 4 mil destinos, que s\u00e3o atendidos por mais de 130 empresas. Por outro lado, a <strong>Uber<\/strong> conta com mais de 22 milh\u00f5es de usu\u00e1rios e, no Brasil, com 600 mil motoristas cadastrados.<\/p>\n","protected":false},"excerpt":{"rendered":"<p>O Uber (UBER) divulgou nesta segunda-feira (4) seu balan\u00e7o do terceiro trimestre de 2019. A empresa de transporte por aplicativo registrou um aumento de sua receita de quase 30%, para US$ 3,81 bilh\u00f5es, superando expectativas dos analistas do mercado, de US$ 3,69 bilh\u00f5es. A Uber prometeu uma frota totalemente el\u00e9trica na Am\u00e9rica do Norte e [&hellip;]<\/p>\n","protected":false},"author":23,"featured_media":28233,"comment_status":"closed","ping_status":"closed","sticky":false,"template":"","format":"standard","meta":[],"categories":[64],"tags":[954],"suno_strategy":[],"class_list":["post-43675","post","type-post","status-publish","format-standard","has-post-thumbnail","hentry","category-negocios","tag-uber-u1be34"],"yoast_head":"<!-- This site is optimized with the Yoast SEO plugin v24.4 - https:\/\/yoast.com\/wordpress\/plugins\/seo\/ -->\n<title>Uber registra aumento de sua receita em 30% no 3T19<\/title>\n<meta name=\"description\" content=\"O Uber divulgou seu balan\u00e7o do terceiro trimestre de 2019. A empresa registrou um aumento de sua receita de quase 30%. Clique aqui para mais.\" \/>\n<meta name=\"robots\" content=\"index, follow, max-snippet:-1, max-image-preview:large, max-video-preview:-1\" \/>\n<link rel=\"canonical\" href=\"https:\/\/www.suno.com.br\/noticias\/uber-aumento-receita-3t19\/\" \/>\n<meta property=\"og:locale\" content=\"pt_BR\" \/>\n<meta property=\"og:type\" content=\"article\" \/>\n<meta property=\"og:title\" content=\"Uber registra aumento de sua receita em 30% no 3T19\" \/>\n<meta property=\"og:description\" content=\"O Uber divulgou seu balan\u00e7o do terceiro trimestre de 2019. A empresa registrou um aumento de sua receita de quase 30%. Clique aqui para mais.\" \/>\n<meta property=\"og:url\" content=\"https:\/\/www.suno.com.br\/noticias\/uber-aumento-receita-3t19\/\" \/>\n<meta property=\"og:site_name\" content=\"Suno Not\u00edcias\" \/>\n<meta property=\"article:publisher\" content=\"https:\/\/facebook.com\/sunoresearch\" \/>\n<meta property=\"og:image\" content=\"https:\/\/files.sunoresearch.com.br\/n\/uploads\/2019\/06\/86da8ecb-uber.jpg\" \/>\n\t<meta property=\"og:image:width\" content=\"748\" \/>\n\t<meta property=\"og:image:height\" content=\"410\" \/>\n\t<meta property=\"og:image:type\" content=\"image\/jpeg\" \/>\n<meta name=\"author\" content=\"Rafael Lara\" \/>\n<meta name=\"twitter:card\" content=\"summary_large_image\" \/>\n<meta name=\"twitter:creator\" content=\"@sunoresearch\" \/>\n<meta name=\"twitter:site\" content=\"@sunoresearch\" \/>\n<meta name=\"twitter:label1\" content=\"Escrito por\" \/>\n\t<meta name=\"twitter:data1\" content=\"Rafael Lara\" \/>\n\t<meta name=\"twitter:label2\" content=\"Est. tempo de leitura\" \/>\n\t<meta name=\"twitter:data2\" content=\"2 minutos\" \/>\n<script type=\"application\/ld+json\" class=\"yoast-schema-graph\">{\"@context\":\"https:\/\/schema.org\",\"@graph\":[{\"@type\":\"NewsArticle\",\"@id\":\"https:\/\/www.suno.com.br\/noticias\/uber-aumento-receita-3t19\/#article\",\"isPartOf\":{\"@id\":\"https:\/\/www.suno.com.br\/noticias\/uber-aumento-receita-3t19\/\"},\"author\":{\"name\":\"Rafael Lara\",\"@id\":\"https:\/\/www.suno.com.br\/noticias\/#\/schema\/person\/098743caeed97b37f51315c9576c4078\"},\"headline\":\"Uber registra aumento de sua receita em 30% no 3T19\",\"datePublished\":\"2019-11-04T22:08:07+00:00\",\"mainEntityOfPage\":{\"@id\":\"https:\/\/www.suno.com.br\/noticias\/uber-aumento-receita-3t19\/\"},\"wordCount\":409,\"publisher\":{\"@id\":\"https:\/\/www.suno.com.br\/noticias\/#organization\"},\"image\":{\"@id\":\"https:\/\/www.suno.com.br\/noticias\/uber-aumento-receita-3t19\/#primaryimage\"},\"thumbnailUrl\":\"https:\/\/files.sunoresearch.com.br\/n\/uploads\/2019\/06\/86da8ecb-uber-jpg.webp\",\"keywords\":[\"Uber (U1BE34)\"],\"articleSection\":[\"Neg\u00f3cios\"],\"inLanguage\":\"pt-BR\"},{\"@type\":\"WebPage\",\"@id\":\"https:\/\/www.suno.com.br\/noticias\/uber-aumento-receita-3t19\/\",\"url\":\"https:\/\/www.suno.com.br\/noticias\/uber-aumento-receita-3t19\/\",\"name\":\"Uber registra aumento de sua receita em 30% no 3T19\",\"isPartOf\":{\"@id\":\"https:\/\/www.suno.com.br\/noticias\/#website\"},\"primaryImageOfPage\":{\"@id\":\"https:\/\/www.suno.com.br\/noticias\/uber-aumento-receita-3t19\/#primaryimage\"},\"image\":{\"@id\":\"https:\/\/www.suno.com.br\/noticias\/uber-aumento-receita-3t19\/#primaryimage\"},\"thumbnailUrl\":\"https:\/\/files.sunoresearch.com.br\/n\/uploads\/2019\/06\/86da8ecb-uber-jpg.webp\",\"datePublished\":\"2019-11-04T22:08:07+00:00\",\"description\":\"O Uber divulgou seu balan\u00e7o do terceiro trimestre de 2019. A empresa registrou um aumento de sua receita de quase 30%. Clique aqui para mais.\",\"breadcrumb\":{\"@id\":\"https:\/\/www.suno.com.br\/noticias\/uber-aumento-receita-3t19\/#breadcrumb\"},\"inLanguage\":\"pt-BR\",\"potentialAction\":[{\"@type\":\"ReadAction\",\"target\":[\"https:\/\/www.suno.com.br\/noticias\/uber-aumento-receita-3t19\/\"]}]},{\"@type\":\"ImageObject\",\"inLanguage\":\"pt-BR\",\"@id\":\"https:\/\/www.suno.com.br\/noticias\/uber-aumento-receita-3t19\/#primaryimage\",\"url\":\"https:\/\/files.sunoresearch.com.br\/n\/uploads\/2019\/06\/86da8ecb-uber-jpg.webp\",\"contentUrl\":\"https:\/\/files.sunoresearch.com.br\/n\/uploads\/2019\/06\/86da8ecb-uber-jpg.webp\",\"width\":748,\"height\":410,\"caption\":\"A Uber prometeu uma frota totalemente el\u00e9trica na Am\u00e9rica do Norte e na Europa at\u00e9 2030\"},{\"@type\":\"BreadcrumbList\",\"@id\":\"https:\/\/www.suno.com.br\/noticias\/uber-aumento-receita-3t19\/#breadcrumb\",\"itemListElement\":[{\"@type\":\"ListItem\",\"position\":1,\"name\":\"Not\u00edcias\",\"item\":\"https:\/\/www.suno.com.br\/noticias\/\"},{\"@type\":\"ListItem\",\"position\":2,\"name\":\"Neg\u00f3cios\",\"item\":\"https:\/\/www.suno.com.br\/noticias\/negocios\/\"},{\"@type\":\"ListItem\",\"position\":3,\"name\":\"Uber registra aumento de sua receita em 30% no 3T19\"}]},{\"@type\":\"WebSite\",\"@id\":\"https:\/\/www.suno.com.br\/noticias\/#website\",\"url\":\"https:\/\/www.suno.com.br\/noticias\/\",\"name\":\"Suno Not\u00edcias\",\"description\":\"Seu portal de informa\u00e7\u00e3o sobre o mundo dos investimentos\",\"publisher\":{\"@id\":\"https:\/\/www.suno.com.br\/noticias\/#organization\"},\"potentialAction\":[{\"@type\":\"SearchAction\",\"target\":{\"@type\":\"EntryPoint\",\"urlTemplate\":\"https:\/\/www.suno.com.br\/noticias\/?s={search_term_string}\"},\"query-input\":{\"@type\":\"PropertyValueSpecification\",\"valueRequired\":true,\"valueName\":\"search_term_string\"}}],\"inLanguage\":\"pt-BR\"},{\"@type\":\"Organization\",\"@id\":\"https:\/\/www.suno.com.br\/noticias\/#organization\",\"name\":\"Suno Not\u00edcias\",\"url\":\"https:\/\/www.suno.com.br\/noticias\/\",\"logo\":{\"@type\":\"ImageObject\",\"inLanguage\":\"pt-BR\",\"@id\":\"https:\/\/www.suno.com.br\/noticias\/#\/schema\/logo\/image\/\",\"url\":\"https:\/\/files.sunoresearch.com.br\/n\/uploads\/2021\/09\/suno-logo.png\",\"contentUrl\":\"https:\/\/files.sunoresearch.com.br\/n\/uploads\/2021\/09\/suno-logo.png\",\"width\":180,\"height\":180,\"caption\":\"Suno Not\u00edcias\"},\"image\":{\"@id\":\"https:\/\/www.suno.com.br\/noticias\/#\/schema\/logo\/image\/\"},\"sameAs\":[\"https:\/\/facebook.com\/sunoresearch\",\"https:\/\/x.com\/sunoresearch\",\"https:\/\/www.instagram.com\/suno\",\"https:\/\/www.linkedin.com\/company\/suno-research\/\",\"https:\/\/www.youtube.com\/c\/sunoresearch\"]},{\"@type\":\"Person\",\"@id\":\"https:\/\/www.suno.com.br\/noticias\/#\/schema\/person\/098743caeed97b37f51315c9576c4078\",\"name\":\"Rafael Lara\",\"image\":{\"@type\":\"ImageObject\",\"inLanguage\":\"pt-BR\",\"@id\":\"https:\/\/www.suno.com.br\/noticias\/#\/schema\/person\/image\/\",\"url\":\"https:\/\/secure.gravatar.com\/avatar\/dfc254ab9bb2ea1895d98b9e9dae4bdd?s=96&r=g\",\"contentUrl\":\"https:\/\/secure.gravatar.com\/avatar\/dfc254ab9bb2ea1895d98b9e9dae4bdd?s=96&r=g\",\"caption\":\"Rafael Lara\"},\"description\":\"Rafael Lara cursa jornalismo na Faculdade C\u00e1sper L\u00edbero. Escreve sobre pol\u00edtica, economia e neg\u00f3cios para o portal Suno Not\u00edcias. Antes, colaborou na TV Gazeta na produ\u00e7\u00e3o do programa Edi\u00e7\u00e3o Extra.\",\"url\":\"https:\/\/www.suno.com.br\/noticias\/author\/rafael\/\"}]}<\/script>\n<!-- \/ Yoast SEO plugin. -->","yoast_head_json":{"title":"Uber registra aumento de sua receita em 30% no 3T19","description":"O Uber divulgou seu balan\u00e7o do terceiro trimestre de 2019. A empresa registrou um aumento de sua receita de quase 30%. Clique aqui para mais.","robots":{"index":"index","follow":"follow","max-snippet":"max-snippet:-1","max-image-preview":"max-image-preview:large","max-video-preview":"max-video-preview:-1"},"canonical":"https:\/\/www.suno.com.br\/noticias\/uber-aumento-receita-3t19\/","og_locale":"pt_BR","og_type":"article","og_title":"Uber registra aumento de sua receita em 30% no 3T19","og_description":"O Uber divulgou seu balan\u00e7o do terceiro trimestre de 2019. A empresa registrou um aumento de sua receita de quase 30%. Clique aqui para mais.","og_url":"https:\/\/www.suno.com.br\/noticias\/uber-aumento-receita-3t19\/","og_site_name":"Suno Not\u00edcias","article_publisher":"https:\/\/facebook.com\/sunoresearch","og_image":[{"width":748,"height":410,"url":"https:\/\/files.sunoresearch.com.br\/n\/uploads\/2019\/06\/86da8ecb-uber.jpg","type":"image\/jpeg"}],"author":"Rafael Lara","twitter_card":"summary_large_image","twitter_creator":"@sunoresearch","twitter_site":"@sunoresearch","twitter_misc":{"Escrito por":"Rafael Lara","Est. tempo de leitura":"2 minutos"},"schema":{"@context":"https:\/\/schema.org","@graph":[{"@type":"NewsArticle","@id":"https:\/\/www.suno.com.br\/noticias\/uber-aumento-receita-3t19\/#article","isPartOf":{"@id":"https:\/\/www.suno.com.br\/noticias\/uber-aumento-receita-3t19\/"},"author":{"name":"Rafael Lara","@id":"https:\/\/www.suno.com.br\/noticias\/#\/schema\/person\/098743caeed97b37f51315c9576c4078"},"headline":"Uber registra aumento de sua receita em 30% no 3T19","datePublished":"2019-11-04T22:08:07+00:00","mainEntityOfPage":{"@id":"https:\/\/www.suno.com.br\/noticias\/uber-aumento-receita-3t19\/"},"wordCount":409,"publisher":{"@id":"https:\/\/www.suno.com.br\/noticias\/#organization"},"image":{"@id":"https:\/\/www.suno.com.br\/noticias\/uber-aumento-receita-3t19\/#primaryimage"},"thumbnailUrl":"https:\/\/files.sunoresearch.com.br\/n\/uploads\/2019\/06\/86da8ecb-uber-jpg.webp","keywords":["Uber (U1BE34)"],"articleSection":["Neg\u00f3cios"],"inLanguage":"pt-BR"},{"@type":"WebPage","@id":"https:\/\/www.suno.com.br\/noticias\/uber-aumento-receita-3t19\/","url":"https:\/\/www.suno.com.br\/noticias\/uber-aumento-receita-3t19\/","name":"Uber registra aumento de sua receita em 30% no 3T19","isPartOf":{"@id":"https:\/\/www.suno.com.br\/noticias\/#website"},"primaryImageOfPage":{"@id":"https:\/\/www.suno.com.br\/noticias\/uber-aumento-receita-3t19\/#primaryimage"},"image":{"@id":"https:\/\/www.suno.com.br\/noticias\/uber-aumento-receita-3t19\/#primaryimage"},"thumbnailUrl":"https:\/\/files.sunoresearch.com.br\/n\/uploads\/2019\/06\/86da8ecb-uber-jpg.webp","datePublished":"2019-11-04T22:08:07+00:00","description":"O Uber divulgou seu balan\u00e7o do terceiro trimestre de 2019. A empresa registrou um aumento de sua receita de quase 30%. Clique aqui para mais.","breadcrumb":{"@id":"https:\/\/www.suno.com.br\/noticias\/uber-aumento-receita-3t19\/#breadcrumb"},"inLanguage":"pt-BR","potentialAction":[{"@type":"ReadAction","target":["https:\/\/www.suno.com.br\/noticias\/uber-aumento-receita-3t19\/"]}]},{"@type":"ImageObject","inLanguage":"pt-BR","@id":"https:\/\/www.suno.com.br\/noticias\/uber-aumento-receita-3t19\/#primaryimage","url":"https:\/\/files.sunoresearch.com.br\/n\/uploads\/2019\/06\/86da8ecb-uber-jpg.webp","contentUrl":"https:\/\/files.sunoresearch.com.br\/n\/uploads\/2019\/06\/86da8ecb-uber-jpg.webp","width":748,"height":410,"caption":"A Uber prometeu uma frota totalemente el\u00e9trica na Am\u00e9rica do Norte e na Europa at\u00e9 2030"},{"@type":"BreadcrumbList","@id":"https:\/\/www.suno.com.br\/noticias\/uber-aumento-receita-3t19\/#breadcrumb","itemListElement":[{"@type":"ListItem","position":1,"name":"Not\u00edcias","item":"https:\/\/www.suno.com.br\/noticias\/"},{"@type":"ListItem","position":2,"name":"Neg\u00f3cios","item":"https:\/\/www.suno.com.br\/noticias\/negocios\/"},{"@type":"ListItem","position":3,"name":"Uber registra aumento de sua receita em 30% no 3T19"}]},{"@type":"WebSite","@id":"https:\/\/www.suno.com.br\/noticias\/#website","url":"https:\/\/www.suno.com.br\/noticias\/","name":"Suno Not\u00edcias","description":"Seu portal de informa\u00e7\u00e3o sobre o mundo dos investimentos","publisher":{"@id":"https:\/\/www.suno.com.br\/noticias\/#organization"},"potentialAction":[{"@type":"SearchAction","target":{"@type":"EntryPoint","urlTemplate":"https:\/\/www.suno.com.br\/noticias\/?s={search_term_string}"},"query-input":{"@type":"PropertyValueSpecification","valueRequired":true,"valueName":"search_term_string"}}],"inLanguage":"pt-BR"},{"@type":"Organization","@id":"https:\/\/www.suno.com.br\/noticias\/#organization","name":"Suno Not\u00edcias","url":"https:\/\/www.suno.com.br\/noticias\/","logo":{"@type":"ImageObject","inLanguage":"pt-BR","@id":"https:\/\/www.suno.com.br\/noticias\/#\/schema\/logo\/image\/","url":"https:\/\/files.sunoresearch.com.br\/n\/uploads\/2021\/09\/suno-logo.png","contentUrl":"https:\/\/files.sunoresearch.com.br\/n\/uploads\/2021\/09\/suno-logo.png","width":180,"height":180,"caption":"Suno Not\u00edcias"},"image":{"@id":"https:\/\/www.suno.com.br\/noticias\/#\/schema\/logo\/image\/"},"sameAs":["https:\/\/facebook.com\/sunoresearch","https:\/\/x.com\/sunoresearch","https:\/\/www.instagram.com\/suno","https:\/\/www.linkedin.com\/company\/suno-research\/","https:\/\/www.youtube.com\/c\/sunoresearch"]},{"@type":"Person","@id":"https:\/\/www.suno.com.br\/noticias\/#\/schema\/person\/098743caeed97b37f51315c9576c4078","name":"Rafael Lara","image":{"@type":"ImageObject","inLanguage":"pt-BR","@id":"https:\/\/www.suno.com.br\/noticias\/#\/schema\/person\/image\/","url":"https:\/\/secure.gravatar.com\/avatar\/dfc254ab9bb2ea1895d98b9e9dae4bdd?s=96&r=g","contentUrl":"https:\/\/secure.gravatar.com\/avatar\/dfc254ab9bb2ea1895d98b9e9dae4bdd?s=96&r=g","caption":"Rafael Lara"},"description":"Rafael Lara cursa jornalismo na Faculdade C\u00e1sper L\u00edbero. Escreve sobre pol\u00edtica, economia e neg\u00f3cios para o portal Suno Not\u00edcias. Antes, colaborou na TV Gazeta na produ\u00e7\u00e3o do programa Edi\u00e7\u00e3o Extra.","url":"https:\/\/www.suno.com.br\/noticias\/author\/rafael\/"}]}},"default_loop_html":"<div class=\"cardsPage__listCard__boxs\"><div class=\"cardsPage__listCard__boxs__img\"><a href=\"https:\/\/www.suno.com.br\/noticias\/uber-aumento-receita-3t19\/\"><img class=\"mask\" src=\"https:\/\/www.suno.com.br\/noticias\/wp-content\/themes\/suno\/resources\/images\/spotlight\/spotlight1img\/bg-mask.png\" alt=\"Image Mask\"\/><img src=\"https:\/\/files.sunoresearch.com.br\/n\/uploads\/2019\/06\/86da8ecb-uber-400x200.webp\" alt=\"Uber registra aumento de sua receita em 30% no 3T19\"\/><\/a><span class=\"spotlightCategory\"><a href=\"https:\/\/www.suno.com.br\/noticias\/negocios\/\">Neg\u00f3cios<\/a><\/span><\/div><div class=\"cardsPage__listCard__boxs__content\"><a href=\"https:\/\/www.suno.com.br\/noticias\/uber-aumento-receita-3t19\/\"><h2 class=\"content__title\">Uber registra aumento de sua receita em 30% no 3T19<\/h2><\/a><div class=\"newsContent__article__meta\"><div class=\"newsContent__article__meta__authorBox\"><a href=\"https:\/\/www.suno.com.br\/noticias\/author\/rafael\/\" class=\"authorBox__avatar noMobi\"><img src=\"https:\/\/secure.gravatar.com\/avatar\/dfc254ab9bb2ea1895d98b9e9dae4bdd?s=96&#038;r=g\" alt=\"Rafael Lara\"><\/a><div class=\"authorBox__name\"><span>por\n\t\t\t<a href=\"https:\/\/www.suno.com.br\/noticias\/author\/rafael\/\"><span itemprop=\"author\">Rafael Lara<\/span><\/a><\/span><time datetime=\"2019-11-04T20:08:07-03:00\" itemprop=\"datePublished\">04\/11\/2019 20:08<\/time><\/div><\/div><\/div><\/div><\/div>","single_layout":"posts","amp_enabled":true,"_links":{"self":[{"href":"https:\/\/www.suno.com.br\/noticias\/wp-json\/wp\/v2\/posts\/43675"}],"collection":[{"href":"https:\/\/www.suno.com.br\/noticias\/wp-json\/wp\/v2\/posts"}],"about":[{"href":"https:\/\/www.suno.com.br\/noticias\/wp-json\/wp\/v2\/types\/post"}],"author":[{"embeddable":true,"href":"https:\/\/www.suno.com.br\/noticias\/wp-json\/wp\/v2\/users\/23"}],"replies":[{"embeddable":true,"href":"https:\/\/www.suno.com.br\/noticias\/wp-json\/wp\/v2\/comments?post=43675"}],"version-history":[{"count":0,"href":"https:\/\/www.suno.com.br\/noticias\/wp-json\/wp\/v2\/posts\/43675\/revisions"}],"wp:featuredmedia":[{"embeddable":true,"href":"https:\/\/www.suno.com.br\/noticias\/wp-json\/wp\/v2\/media\/28233"}],"wp:attachment":[{"href":"https:\/\/www.suno.com.br\/noticias\/wp-json\/wp\/v2\/media?parent=43675"}],"wp:term":[{"taxonomy":"category","embeddable":true,"href":"https:\/\/www.suno.com.br\/noticias\/wp-json\/wp\/v2\/categories?post=43675"},{"taxonomy":"post_tag","embeddable":true,"href":"https:\/\/www.suno.com.br\/noticias\/wp-json\/wp\/v2\/tags?post=43675"},{"taxonomy":"suno_strategy","embeddable":true,"href":"https:\/\/www.suno.com.br\/noticias\/wp-json\/wp\/v2\/suno_strategy?post=43675"}],"curies":[{"name":"wp","href":"https:\/\/api.w.org\/{rel}","templated":true}]}}