{"id":436723,"date":"2023-08-01T19:19:25","date_gmt":"2023-08-01T22:19:25","guid":{"rendered":"https:\/\/www.suno.com.br\/noticias\/?p=436723"},"modified":"2023-08-01T19:25:06","modified_gmt":"2023-08-01T22:25:06","slug":"facebook-pagara-acao-coletiva-usuarios-brasileiros-dados-vazados-evm","status":"publish","type":"post","link":"https:\/\/www.suno.com.br\/noticias\/facebook-pagara-acao-coletiva-usuarios-brasileiros-dados-vazados-evm\/","title":{"rendered":"Facebook pagar\u00e1 R$ 5 mil a cada usu\u00e1rio brasileiro por vazamento de dados"},"content":{"rendered":"<p>A Justi\u00e7a brasileira condenou o <strong><a href=\"https:\/\/www.suno.com.br\/noticias\/meta-m1ta34-balanco-1t23-lucro-queda\/\" target=\"_blank\" rel=\"noreferrer noopener\">Facebook<\/a><\/strong> a pagar R$ 20 milh\u00f5es em danos morais coletivos por problemas de vazamentos de dados ocorridos no pa\u00eds entre 2018 e 2019. A decis\u00e3o consta da 29\u00aa Vara C\u00edvel de Belo Horizonte.<\/p>\t<div class=\"wrapper-featured-image\">\n\t\t<figure class=\"spotlightImg\">\n\n\t\t\t<picture>\n\t\t\t\t<source media=\"(max-width: 768px)\" srcset=\"https:\/\/files.sunoresearch.com.br\/n\/uploads\/2022\/02\/41793468182_b8c6a37f18_o-400x200.jpg\">\n\t\t\t\t<img loading=\"lazy\" decoding=\"async\" class=\"newsContent__article__imgCapa lazyloadDisabled \" src=\"https:\/\/files.sunoresearch.com.br\/n\/uploads\/2022\/02\/41793468182_b8c6a37f18_o-800x450.jpg\" width=\"800\" height=\"450\" alt=\"Facebook pagar\u00e1 R$ 5 mil a cada usu\u00e1rio brasileiro por vazamento de dados\" fetchpriority=high \/>\n\t\t\t<\/picture>\n\n\t\t\t<figcaption class=\"wp-caption-text wp-caption-text--show\">Meta (M1TA34), dona do Facebook (FBOK34). Foto: Anthony Quintano\/CC<\/figcaption>\n\t\t<\/figure>\n\t<\/div>\n\n\n\n\n\n\t<p>\n\t\t<a href=\"https:\/\/lp.suno.com.br\/planilha-da-vida-financeira\/\" target=\"_blank\" data-element=\"shortcode-suno-banner\" title=\"Banner SUNO, clique e saiba mais\">\n\t\t\t<picture>\n\t\t\t\t<source media=\"(max-width: 500px)\" srcset=\"https:\/\/files.sunoresearch.com.br\/n\/uploads\/2023\/04\/400x300-Planilha-vida-financeira-true.png\">\n\t\t\t\t<img class=\"newsContent__article__imgCapa newsContent__article__imgCapa--banner\"\n\t\t\t\t\tsrc=\"https:\/\/files.sunoresearch.com.br\/n\/uploads\/2023\/04\/1420x240-Planilha-vida-financeira-true.png\"\n\t\t\t\t\tdata-promo-id=\"106682\"\t\t\t\t\t\t\t\t\t\twidth='1420' height='240'\t\t\t\t\talt=\"https:\/\/files.sunoresearch.com.br\/n\/uploads\/2023\/04\/1420x240-Planilha-vida-financeira-true.png\"\n\t\t\t\t>\n\t\t\t<\/picture>\n\t\t<\/a>\n\t<\/p>\n\n\n\n\n\n\n\n<p>Al\u00e9m disso, a Justi\u00e7a tamb\u00e9m firmou que o Facebook deve pagar R$ 5 mil, de forma individual, a cada internauta que tenha sido afetado pelo <strong>vazamento de dados<\/strong> e que entrar com a\u00e7\u00e3o contra a empresa.<\/p>\n\n\n\n<p>A decis\u00e3o judicial \u00e9 fruto de a\u00e7\u00e3o coletiva do Instituto Defesa Coletiva, que foi aos tribunais tamb\u00e9m pleitear sobre vazamentos de outros apps da Meta, como o <a href=\"https:\/\/www.suno.com.br\/noticias\/web-stories\/luzia-sistema-que-leva-chatgpt-ao-whatsapp-chega-ao-brasil\/\" target=\"_blank\" rel=\"noreferrer noopener\">WhatsApp<\/a> e o Messenger.<\/p>\n\n\n\n<p>A Meta ainda n\u00e3o foi formalmente notificada sobre a a\u00e7\u00e3o, e ainda pode recorrer.<\/p>\n\n\n\n<p>Para requerer os R$ 5 mil, \u00e9 necess\u00e1rio que o usu\u00e1rio comprove ter estado na plataforma durante o per\u00edodo do vazamento. A comprova\u00e7\u00e3o deve ocorrer ap\u00f3s a contrata\u00e7\u00e3o de um advogado que d\u00ea encaminhamento para uma a\u00e7\u00e3o individual na Vara C\u00edvel de sua resid\u00eancia.<\/p>\n\n\n\n<p>Vale destacar que o recebimento da <strong>indeniza\u00e7\u00e3o do Facebook<\/strong> s\u00f3 \u00e9 &#8216;garantido&#8217; ap\u00f3s o tr\u00e2nsito em julgado, e que a decis\u00e3o da Vara de Belo Horizonte \u00e9 em primeira inst\u00e2ncia.<\/p>\n\n\n\n<p>Al\u00e9m disso, como foram dois vazamentos (2018 e 2019), a Justi\u00e7a ainda pode decidir por duas indeniza\u00e7\u00f5es, implicando em um pagamento total de R$ 10 mil.<\/p>\n\n\n\t<p>\n\t\t<a href=\"https:\/\/lp.suno.com.br\/ebook-como-analisar-uma-acao\/\" target=\"_blank\" data-element=\"shortcode-suno-banner\" title=\"Banner SUNO, clique e saiba mais\">\n\t\t\t<picture>\n\t\t\t\t<source media=\"(max-width: 500px)\" srcset=\"https:\/\/files.sunoresearch.com.br\/n\/uploads\/2023\/03\/Ebook-Acoes-Mobile.jpg\">\n\t\t\t\t<img class=\"newsContent__article__imgCapa newsContent__article__imgCapa--banner\"\n\t\t\t\t\tsrc=\"https:\/\/files.sunoresearch.com.br\/n\/uploads\/2023\/03\/Ebook-Acoes-Desktop.jpg\"\n\t\t\t\t\tdata-promo-id=\"378302\"\t\t\t\t\t\t\t\t\t\twidth='1420' height='286'\t\t\t\t\talt=\"https:\/\/files.sunoresearch.com.br\/n\/uploads\/2023\/03\/Ebook-Acoes-Desktop.jpg\"\n\t\t\t\t>\n\t\t\t<\/picture>\n\t\t<\/a>\n\t<\/p>\n\n\n\n\n\n<h2 class=\"wp-block-heading\">Entenda o vazamento do Facebook<\/h2>\n\n\n\n<p>O primeiro vazamento de dados ocorreu em meados de setembro de 2018, por causa de um grupo de hackers ter burlado o sistema de seguran\u00e7a da rede e conseguindo dados pessoais de usu\u00e1rios, incluindo telefones e e-mails.<\/p>\n\n\n\n<p>Em dezembro do mesmo ano, fotos vazaram, al\u00e9m de fotos carregadas que n\u00e3o foram publicadas nos stories.<\/p>\n\n\n\n<p>J\u00e1 em 2019, em meados de abril, senhas de 22 mil contas do <strong>Facebook<\/strong> e detalhes de mais de 540 milh\u00f5es de usu\u00e1rios foram expostos.<\/p>\n\n\n\t<p>\n\t\t<a href=\"https:\/\/lp.suno.com.br\/planilha-da-vida-financeira\/\" target=\"_blank\" data-element=\"shortcode-suno-banner\" title=\"Banner SUNO, clique e saiba mais\">\n\t\t\t<picture>\n\t\t\t\t<source media=\"(max-width: 500px)\" srcset=\"https:\/\/files.sunoresearch.com.br\/n\/uploads\/2023\/04\/400x300-Planilha-vida-financeira-true.png\">\n\t\t\t\t<img class=\"newsContent__article__imgCapa newsContent__article__imgCapa--banner\"\n\t\t\t\t\tsrc=\"https:\/\/files.sunoresearch.com.br\/n\/uploads\/2023\/04\/1420x240-Planilha-vida-financeira-true.png\"\n\t\t\t\t\tdata-promo-id=\"383123\"\t\t\t\t\t\t\t\t\t\twidth='1420' height='240'\t\t\t\t\talt=\"https:\/\/files.sunoresearch.com.br\/n\/uploads\/2023\/04\/1420x240-Planilha-vida-financeira-true.png\"\n\t\t\t\t>\n\t\t\t<\/picture>\n\t\t<\/a>\n\t<\/p>\n\n\n","protected":false},"excerpt":{"rendered":"<p>A Justi\u00e7a brasileira condenou o Facebook a pagar R$ 20 milh\u00f5es em danos morais coletivos por problemas de vazamentos de dados ocorridos no pa\u00eds entre 2018 e 2019. A decis\u00e3o consta da 29\u00aa Vara C\u00edvel de Belo Horizonte. Meta (M1TA34), dona do Facebook (FBOK34). Foto: Anthony Quintano\/CC Al\u00e9m disso, a Justi\u00e7a tamb\u00e9m firmou que o [&hellip;]<\/p>\n","protected":false},"author":73,"featured_media":228474,"comment_status":"closed","ping_status":"closed","sticky":false,"template":"","format":"standard","meta":[],"categories":[64],"tags":[733,107086],"suno_strategy":[],"class_list":["post-436723","post","type-post","status-publish","format-standard","has-post-thumbnail","hentry","category-negocios","tag-facebook-fbok34","tag-meta-m1ta34"],"yoast_head":"<!-- This site is optimized with the Yoast SEO plugin v24.4 - https:\/\/yoast.com\/wordpress\/plugins\/seo\/ -->\n<title>Facebook pagar\u00e1 R$ 5 mil a cada usu\u00e1rio brasileiro por vazamento de dados<\/title>\n<meta name=\"description\" content=\"A decis\u00e3o judicial \u00e9 fruto de a\u00e7\u00e3o coletiva do Instituto Defesa Coletiva, que foi aos tribunais pelo vazamento do Facebook e outros apps\" \/>\n<meta name=\"robots\" content=\"index, follow, max-snippet:-1, max-image-preview:large, max-video-preview:-1\" \/>\n<link rel=\"canonical\" href=\"https:\/\/www.suno.com.br\/noticias\/facebook-pagara-acao-coletiva-usuarios-brasileiros-dados-vazados-evm\/\" \/>\n<meta property=\"og:locale\" content=\"pt_BR\" \/>\n<meta property=\"og:type\" content=\"article\" \/>\n<meta property=\"og:title\" content=\"Facebook pagar\u00e1 R$ 5 mil a cada usu\u00e1rio brasileiro por vazamento de dados\" \/>\n<meta property=\"og:description\" content=\"A decis\u00e3o judicial \u00e9 fruto de a\u00e7\u00e3o coletiva do Instituto Defesa Coletiva, que foi aos tribunais pelo vazamento do Facebook e outros apps\" \/>\n<meta property=\"og:url\" content=\"https:\/\/www.suno.com.br\/noticias\/facebook-pagara-acao-coletiva-usuarios-brasileiros-dados-vazados-evm\/\" \/>\n<meta property=\"og:site_name\" content=\"Suno Not\u00edcias\" \/>\n<meta property=\"article:publisher\" content=\"https:\/\/facebook.com\/sunoresearch\" \/>\n<meta property=\"og:image\" content=\"https:\/\/files.sunoresearch.com.br\/n\/uploads\/2022\/02\/41793468182_b8c6a37f18_o-scaled.jpg\" \/>\n\t<meta property=\"og:image:width\" content=\"2560\" \/>\n\t<meta property=\"og:image:height\" content=\"1700\" \/>\n\t<meta property=\"og:image:type\" content=\"image\/jpeg\" \/>\n<meta name=\"author\" content=\"Eduardo Vargas\" \/>\n<meta name=\"twitter:card\" content=\"summary_large_image\" \/>\n<meta name=\"twitter:creator\" content=\"@sunoresearch\" \/>\n<meta name=\"twitter:site\" content=\"@sunoresearch\" \/>\n<meta name=\"twitter:label1\" content=\"Escrito por\" \/>\n\t<meta name=\"twitter:data1\" content=\"Eduardo Vargas\" \/>\n\t<meta name=\"twitter:label2\" content=\"Est. tempo de leitura\" \/>\n\t<meta name=\"twitter:data2\" content=\"2 minutos\" \/>\n<script type=\"application\/ld+json\" class=\"yoast-schema-graph\">{\"@context\":\"https:\/\/schema.org\",\"@graph\":[{\"@type\":\"NewsArticle\",\"@id\":\"https:\/\/www.suno.com.br\/noticias\/facebook-pagara-acao-coletiva-usuarios-brasileiros-dados-vazados-evm\/#article\",\"isPartOf\":{\"@id\":\"https:\/\/www.suno.com.br\/noticias\/facebook-pagara-acao-coletiva-usuarios-brasileiros-dados-vazados-evm\/\"},\"author\":{\"name\":\"Eduardo Vargas\",\"@id\":\"https:\/\/www.suno.com.br\/noticias\/#\/schema\/person\/7f4d362bf3518e76090143ae77bb49a5\"},\"headline\":\"Facebook pagar\u00e1 R$ 5 mil a cada usu\u00e1rio brasileiro por vazamento de dados\",\"datePublished\":\"2023-08-01T22:19:25+00:00\",\"dateModified\":\"2023-08-01T22:25:06+00:00\",\"mainEntityOfPage\":{\"@id\":\"https:\/\/www.suno.com.br\/noticias\/facebook-pagara-acao-coletiva-usuarios-brasileiros-dados-vazados-evm\/\"},\"wordCount\":345,\"publisher\":{\"@id\":\"https:\/\/www.suno.com.br\/noticias\/#organization\"},\"image\":{\"@id\":\"https:\/\/www.suno.com.br\/noticias\/facebook-pagara-acao-coletiva-usuarios-brasileiros-dados-vazados-evm\/#primaryimage\"},\"thumbnailUrl\":\"https:\/\/files.sunoresearch.com.br\/n\/uploads\/2022\/02\/41793468182_b8c6a37f18_o-scaled.jpg\",\"keywords\":[\"Facebook (FBOK34)\",\"Meta (M1TA34)\"],\"articleSection\":[\"Neg\u00f3cios\"],\"inLanguage\":\"pt-BR\"},{\"@type\":\"WebPage\",\"@id\":\"https:\/\/www.suno.com.br\/noticias\/facebook-pagara-acao-coletiva-usuarios-brasileiros-dados-vazados-evm\/\",\"url\":\"https:\/\/www.suno.com.br\/noticias\/facebook-pagara-acao-coletiva-usuarios-brasileiros-dados-vazados-evm\/\",\"name\":\"Facebook pagar\u00e1 R$ 5 mil a cada usu\u00e1rio brasileiro por vazamento de dados\",\"isPartOf\":{\"@id\":\"https:\/\/www.suno.com.br\/noticias\/#website\"},\"primaryImageOfPage\":{\"@id\":\"https:\/\/www.suno.com.br\/noticias\/facebook-pagara-acao-coletiva-usuarios-brasileiros-dados-vazados-evm\/#primaryimage\"},\"image\":{\"@id\":\"https:\/\/www.suno.com.br\/noticias\/facebook-pagara-acao-coletiva-usuarios-brasileiros-dados-vazados-evm\/#primaryimage\"},\"thumbnailUrl\":\"https:\/\/files.sunoresearch.com.br\/n\/uploads\/2022\/02\/41793468182_b8c6a37f18_o-scaled.jpg\",\"datePublished\":\"2023-08-01T22:19:25+00:00\",\"dateModified\":\"2023-08-01T22:25:06+00:00\",\"description\":\"A decis\u00e3o judicial \u00e9 fruto de a\u00e7\u00e3o coletiva do Instituto Defesa Coletiva, que foi aos tribunais pelo vazamento do Facebook e outros apps\",\"breadcrumb\":{\"@id\":\"https:\/\/www.suno.com.br\/noticias\/facebook-pagara-acao-coletiva-usuarios-brasileiros-dados-vazados-evm\/#breadcrumb\"},\"inLanguage\":\"pt-BR\",\"potentialAction\":[{\"@type\":\"ReadAction\",\"target\":[\"https:\/\/www.suno.com.br\/noticias\/facebook-pagara-acao-coletiva-usuarios-brasileiros-dados-vazados-evm\/\"]}]},{\"@type\":\"ImageObject\",\"inLanguage\":\"pt-BR\",\"@id\":\"https:\/\/www.suno.com.br\/noticias\/facebook-pagara-acao-coletiva-usuarios-brasileiros-dados-vazados-evm\/#primaryimage\",\"url\":\"https:\/\/files.sunoresearch.com.br\/n\/uploads\/2022\/02\/41793468182_b8c6a37f18_o-scaled.jpg\",\"contentUrl\":\"https:\/\/files.sunoresearch.com.br\/n\/uploads\/2022\/02\/41793468182_b8c6a37f18_o-scaled.jpg\",\"width\":2560,\"height\":1700,\"caption\":\"Meta (M1TA34), dona do Facebook (FBOK34). Foto: Anthony Quintano\/CC\"},{\"@type\":\"BreadcrumbList\",\"@id\":\"https:\/\/www.suno.com.br\/noticias\/facebook-pagara-acao-coletiva-usuarios-brasileiros-dados-vazados-evm\/#breadcrumb\",\"itemListElement\":[{\"@type\":\"ListItem\",\"position\":1,\"name\":\"Not\u00edcias\",\"item\":\"https:\/\/www.suno.com.br\/noticias\/\"},{\"@type\":\"ListItem\",\"position\":2,\"name\":\"Neg\u00f3cios\",\"item\":\"https:\/\/www.suno.com.br\/noticias\/negocios\/\"},{\"@type\":\"ListItem\",\"position\":3,\"name\":\"Facebook pagar\u00e1 R$ 5 mil a cada usu\u00e1rio brasileiro por vazamento de dados\"}]},{\"@type\":\"WebSite\",\"@id\":\"https:\/\/www.suno.com.br\/noticias\/#website\",\"url\":\"https:\/\/www.suno.com.br\/noticias\/\",\"name\":\"Suno Not\u00edcias\",\"description\":\"Seu portal de informa\u00e7\u00e3o sobre o mundo dos investimentos\",\"publisher\":{\"@id\":\"https:\/\/www.suno.com.br\/noticias\/#organization\"},\"potentialAction\":[{\"@type\":\"SearchAction\",\"target\":{\"@type\":\"EntryPoint\",\"urlTemplate\":\"https:\/\/www.suno.com.br\/noticias\/?s={search_term_string}\"},\"query-input\":{\"@type\":\"PropertyValueSpecification\",\"valueRequired\":true,\"valueName\":\"search_term_string\"}}],\"inLanguage\":\"pt-BR\"},{\"@type\":\"Organization\",\"@id\":\"https:\/\/www.suno.com.br\/noticias\/#organization\",\"name\":\"Suno Not\u00edcias\",\"url\":\"https:\/\/www.suno.com.br\/noticias\/\",\"logo\":{\"@type\":\"ImageObject\",\"inLanguage\":\"pt-BR\",\"@id\":\"https:\/\/www.suno.com.br\/noticias\/#\/schema\/logo\/image\/\",\"url\":\"https:\/\/files.sunoresearch.com.br\/n\/uploads\/2021\/09\/suno-logo.png\",\"contentUrl\":\"https:\/\/files.sunoresearch.com.br\/n\/uploads\/2021\/09\/suno-logo.png\",\"width\":180,\"height\":180,\"caption\":\"Suno Not\u00edcias\"},\"image\":{\"@id\":\"https:\/\/www.suno.com.br\/noticias\/#\/schema\/logo\/image\/\"},\"sameAs\":[\"https:\/\/facebook.com\/sunoresearch\",\"https:\/\/x.com\/sunoresearch\",\"https:\/\/www.instagram.com\/suno\",\"https:\/\/www.linkedin.com\/company\/suno-research\/\",\"https:\/\/www.youtube.com\/c\/sunoresearch\"]},{\"@type\":\"Person\",\"@id\":\"https:\/\/www.suno.com.br\/noticias\/#\/schema\/person\/7f4d362bf3518e76090143ae77bb49a5\",\"name\":\"Eduardo Vargas\",\"image\":{\"@type\":\"ImageObject\",\"inLanguage\":\"pt-BR\",\"@id\":\"https:\/\/www.suno.com.br\/noticias\/#\/schema\/person\/image\/\",\"url\":\"https:\/\/secure.gravatar.com\/avatar\/dac340933427a22924c9f99d1eb2e3f2?s=96&r=g\",\"contentUrl\":\"https:\/\/secure.gravatar.com\/avatar\/dac340933427a22924c9f99d1eb2e3f2?s=96&r=g\",\"caption\":\"Eduardo Vargas\"},\"description\":\"Jornalista formado pela UFSC, cobre macroeconomia, neg\u00f3cios e startups para o Suno Not\u00edcias, escrevendo principalmente not\u00edcias sobre o mercado financeiro e a bolsa de valores. No YouTube e no Instagram, \u00e9 respons\u00e1vel pela produ\u00e7\u00e3o de Reels e Shorts do Suno Not\u00edcias. Anteriormente, trabalhou cobrindo economia e cotidiano no ND+ e para o ND, maior jornal impresso de Santa Catarina. Cursou um semestre letivo de Estudos de M\u00eddia na Universidad de Buenos Aires.\",\"url\":\"https:\/\/www.suno.com.br\/noticias\/author\/eduardo-vargas\/\"}]}<\/script>\n<!-- \/ Yoast SEO plugin. -->","yoast_head_json":{"title":"Facebook pagar\u00e1 R$ 5 mil a cada usu\u00e1rio brasileiro por vazamento de dados","description":"A decis\u00e3o judicial \u00e9 fruto de a\u00e7\u00e3o coletiva do Instituto Defesa Coletiva, que foi aos tribunais pelo vazamento do Facebook e outros apps","robots":{"index":"index","follow":"follow","max-snippet":"max-snippet:-1","max-image-preview":"max-image-preview:large","max-video-preview":"max-video-preview:-1"},"canonical":"https:\/\/www.suno.com.br\/noticias\/facebook-pagara-acao-coletiva-usuarios-brasileiros-dados-vazados-evm\/","og_locale":"pt_BR","og_type":"article","og_title":"Facebook pagar\u00e1 R$ 5 mil a cada usu\u00e1rio brasileiro por vazamento de dados","og_description":"A decis\u00e3o judicial \u00e9 fruto de a\u00e7\u00e3o coletiva do Instituto Defesa Coletiva, que foi aos tribunais pelo vazamento do Facebook e outros apps","og_url":"https:\/\/www.suno.com.br\/noticias\/facebook-pagara-acao-coletiva-usuarios-brasileiros-dados-vazados-evm\/","og_site_name":"Suno Not\u00edcias","article_publisher":"https:\/\/facebook.com\/sunoresearch","og_image":[{"width":2560,"height":1700,"url":"https:\/\/files.sunoresearch.com.br\/n\/uploads\/2022\/02\/41793468182_b8c6a37f18_o-scaled.jpg","type":"image\/jpeg"}],"author":"Eduardo Vargas","twitter_card":"summary_large_image","twitter_creator":"@sunoresearch","twitter_site":"@sunoresearch","twitter_misc":{"Escrito por":"Eduardo Vargas","Est. tempo de leitura":"2 minutos"},"schema":{"@context":"https:\/\/schema.org","@graph":[{"@type":"NewsArticle","@id":"https:\/\/www.suno.com.br\/noticias\/facebook-pagara-acao-coletiva-usuarios-brasileiros-dados-vazados-evm\/#article","isPartOf":{"@id":"https:\/\/www.suno.com.br\/noticias\/facebook-pagara-acao-coletiva-usuarios-brasileiros-dados-vazados-evm\/"},"author":{"name":"Eduardo Vargas","@id":"https:\/\/www.suno.com.br\/noticias\/#\/schema\/person\/7f4d362bf3518e76090143ae77bb49a5"},"headline":"Facebook pagar\u00e1 R$ 5 mil a cada usu\u00e1rio brasileiro por vazamento de dados","datePublished":"2023-08-01T22:19:25+00:00","dateModified":"2023-08-01T22:25:06+00:00","mainEntityOfPage":{"@id":"https:\/\/www.suno.com.br\/noticias\/facebook-pagara-acao-coletiva-usuarios-brasileiros-dados-vazados-evm\/"},"wordCount":345,"publisher":{"@id":"https:\/\/www.suno.com.br\/noticias\/#organization"},"image":{"@id":"https:\/\/www.suno.com.br\/noticias\/facebook-pagara-acao-coletiva-usuarios-brasileiros-dados-vazados-evm\/#primaryimage"},"thumbnailUrl":"https:\/\/files.sunoresearch.com.br\/n\/uploads\/2022\/02\/41793468182_b8c6a37f18_o-scaled.jpg","keywords":["Facebook (FBOK34)","Meta (M1TA34)"],"articleSection":["Neg\u00f3cios"],"inLanguage":"pt-BR"},{"@type":"WebPage","@id":"https:\/\/www.suno.com.br\/noticias\/facebook-pagara-acao-coletiva-usuarios-brasileiros-dados-vazados-evm\/","url":"https:\/\/www.suno.com.br\/noticias\/facebook-pagara-acao-coletiva-usuarios-brasileiros-dados-vazados-evm\/","name":"Facebook pagar\u00e1 R$ 5 mil a cada usu\u00e1rio brasileiro por vazamento de dados","isPartOf":{"@id":"https:\/\/www.suno.com.br\/noticias\/#website"},"primaryImageOfPage":{"@id":"https:\/\/www.suno.com.br\/noticias\/facebook-pagara-acao-coletiva-usuarios-brasileiros-dados-vazados-evm\/#primaryimage"},"image":{"@id":"https:\/\/www.suno.com.br\/noticias\/facebook-pagara-acao-coletiva-usuarios-brasileiros-dados-vazados-evm\/#primaryimage"},"thumbnailUrl":"https:\/\/files.sunoresearch.com.br\/n\/uploads\/2022\/02\/41793468182_b8c6a37f18_o-scaled.jpg","datePublished":"2023-08-01T22:19:25+00:00","dateModified":"2023-08-01T22:25:06+00:00","description":"A decis\u00e3o judicial \u00e9 fruto de a\u00e7\u00e3o coletiva do Instituto Defesa Coletiva, que foi aos tribunais pelo vazamento do Facebook e outros apps","breadcrumb":{"@id":"https:\/\/www.suno.com.br\/noticias\/facebook-pagara-acao-coletiva-usuarios-brasileiros-dados-vazados-evm\/#breadcrumb"},"inLanguage":"pt-BR","potentialAction":[{"@type":"ReadAction","target":["https:\/\/www.suno.com.br\/noticias\/facebook-pagara-acao-coletiva-usuarios-brasileiros-dados-vazados-evm\/"]}]},{"@type":"ImageObject","inLanguage":"pt-BR","@id":"https:\/\/www.suno.com.br\/noticias\/facebook-pagara-acao-coletiva-usuarios-brasileiros-dados-vazados-evm\/#primaryimage","url":"https:\/\/files.sunoresearch.com.br\/n\/uploads\/2022\/02\/41793468182_b8c6a37f18_o-scaled.jpg","contentUrl":"https:\/\/files.sunoresearch.com.br\/n\/uploads\/2022\/02\/41793468182_b8c6a37f18_o-scaled.jpg","width":2560,"height":1700,"caption":"Meta (M1TA34), dona do Facebook (FBOK34). Foto: Anthony Quintano\/CC"},{"@type":"BreadcrumbList","@id":"https:\/\/www.suno.com.br\/noticias\/facebook-pagara-acao-coletiva-usuarios-brasileiros-dados-vazados-evm\/#breadcrumb","itemListElement":[{"@type":"ListItem","position":1,"name":"Not\u00edcias","item":"https:\/\/www.suno.com.br\/noticias\/"},{"@type":"ListItem","position":2,"name":"Neg\u00f3cios","item":"https:\/\/www.suno.com.br\/noticias\/negocios\/"},{"@type":"ListItem","position":3,"name":"Facebook pagar\u00e1 R$ 5 mil a cada usu\u00e1rio brasileiro por vazamento de dados"}]},{"@type":"WebSite","@id":"https:\/\/www.suno.com.br\/noticias\/#website","url":"https:\/\/www.suno.com.br\/noticias\/","name":"Suno Not\u00edcias","description":"Seu portal de informa\u00e7\u00e3o sobre o mundo dos investimentos","publisher":{"@id":"https:\/\/www.suno.com.br\/noticias\/#organization"},"potentialAction":[{"@type":"SearchAction","target":{"@type":"EntryPoint","urlTemplate":"https:\/\/www.suno.com.br\/noticias\/?s={search_term_string}"},"query-input":{"@type":"PropertyValueSpecification","valueRequired":true,"valueName":"search_term_string"}}],"inLanguage":"pt-BR"},{"@type":"Organization","@id":"https:\/\/www.suno.com.br\/noticias\/#organization","name":"Suno Not\u00edcias","url":"https:\/\/www.suno.com.br\/noticias\/","logo":{"@type":"ImageObject","inLanguage":"pt-BR","@id":"https:\/\/www.suno.com.br\/noticias\/#\/schema\/logo\/image\/","url":"https:\/\/files.sunoresearch.com.br\/n\/uploads\/2021\/09\/suno-logo.png","contentUrl":"https:\/\/files.sunoresearch.com.br\/n\/uploads\/2021\/09\/suno-logo.png","width":180,"height":180,"caption":"Suno Not\u00edcias"},"image":{"@id":"https:\/\/www.suno.com.br\/noticias\/#\/schema\/logo\/image\/"},"sameAs":["https:\/\/facebook.com\/sunoresearch","https:\/\/x.com\/sunoresearch","https:\/\/www.instagram.com\/suno","https:\/\/www.linkedin.com\/company\/suno-research\/","https:\/\/www.youtube.com\/c\/sunoresearch"]},{"@type":"Person","@id":"https:\/\/www.suno.com.br\/noticias\/#\/schema\/person\/7f4d362bf3518e76090143ae77bb49a5","name":"Eduardo Vargas","image":{"@type":"ImageObject","inLanguage":"pt-BR","@id":"https:\/\/www.suno.com.br\/noticias\/#\/schema\/person\/image\/","url":"https:\/\/secure.gravatar.com\/avatar\/dac340933427a22924c9f99d1eb2e3f2?s=96&r=g","contentUrl":"https:\/\/secure.gravatar.com\/avatar\/dac340933427a22924c9f99d1eb2e3f2?s=96&r=g","caption":"Eduardo Vargas"},"description":"Jornalista formado pela UFSC, cobre macroeconomia, neg\u00f3cios e startups para o Suno Not\u00edcias, escrevendo principalmente not\u00edcias sobre o mercado financeiro e a bolsa de valores. No YouTube e no Instagram, \u00e9 respons\u00e1vel pela produ\u00e7\u00e3o de Reels e Shorts do Suno Not\u00edcias. Anteriormente, trabalhou cobrindo economia e cotidiano no ND+ e para o ND, maior jornal impresso de Santa Catarina. Cursou um semestre letivo de Estudos de M\u00eddia na Universidad de Buenos Aires.","url":"https:\/\/www.suno.com.br\/noticias\/author\/eduardo-vargas\/"}]}},"default_loop_html":"<div class=\"cardsPage__listCard__boxs\"><div class=\"cardsPage__listCard__boxs__img\"><a href=\"https:\/\/www.suno.com.br\/noticias\/facebook-pagara-acao-coletiva-usuarios-brasileiros-dados-vazados-evm\/\"><img class=\"mask\" src=\"https:\/\/www.suno.com.br\/noticias\/wp-content\/themes\/suno\/resources\/images\/spotlight\/spotlight1img\/bg-mask.png\" alt=\"Image Mask\"\/><img src=\"https:\/\/files.sunoresearch.com.br\/n\/uploads\/2022\/02\/41793468182_b8c6a37f18_o-400x200.jpg\" alt=\"Facebook pagar\u00e1 R$ 5 mil a cada usu\u00e1rio brasileiro por vazamento de dados\"\/><\/a><span class=\"spotlightCategory\"><a href=\"https:\/\/www.suno.com.br\/noticias\/negocios\/\">Neg\u00f3cios<\/a><\/span><\/div><div class=\"cardsPage__listCard__boxs__content\"><a href=\"https:\/\/www.suno.com.br\/noticias\/facebook-pagara-acao-coletiva-usuarios-brasileiros-dados-vazados-evm\/\"><h2 class=\"content__title\">Facebook pagar\u00e1 R$ 5 mil a cada usu\u00e1rio brasileiro por vazamento de dados<\/h2><\/a><div class=\"newsContent__article__meta\"><div class=\"newsContent__article__meta__authorBox\"><a href=\"https:\/\/www.suno.com.br\/noticias\/author\/eduardo-vargas\/\" class=\"authorBox__avatar noMobi\"><img src=\"https:\/\/secure.gravatar.com\/avatar\/dac340933427a22924c9f99d1eb2e3f2?s=96&#038;r=g\" alt=\"Eduardo Vargas\"><\/a><div class=\"authorBox__name\"><span>por\n\t\t\t<a href=\"https:\/\/www.suno.com.br\/noticias\/author\/eduardo-vargas\/\"><span itemprop=\"author\">Eduardo Vargas<\/span><\/a><\/span><time datetime=\"2023-08-01T19:19:25-03:00\" itemprop=\"datePublished\">01\/08\/2023 19:19<\/time><\/div><\/div><\/div><\/div><\/div>","single_layout":"posts","amp_enabled":true,"_links":{"self":[{"href":"https:\/\/www.suno.com.br\/noticias\/wp-json\/wp\/v2\/posts\/436723"}],"collection":[{"href":"https:\/\/www.suno.com.br\/noticias\/wp-json\/wp\/v2\/posts"}],"about":[{"href":"https:\/\/www.suno.com.br\/noticias\/wp-json\/wp\/v2\/types\/post"}],"author":[{"embeddable":true,"href":"https:\/\/www.suno.com.br\/noticias\/wp-json\/wp\/v2\/users\/73"}],"replies":[{"embeddable":true,"href":"https:\/\/www.suno.com.br\/noticias\/wp-json\/wp\/v2\/comments?post=436723"}],"version-history":[{"count":3,"href":"https:\/\/www.suno.com.br\/noticias\/wp-json\/wp\/v2\/posts\/436723\/revisions"}],"predecessor-version":[{"id":436794,"href":"https:\/\/www.suno.com.br\/noticias\/wp-json\/wp\/v2\/posts\/436723\/revisions\/436794"}],"wp:featuredmedia":[{"embeddable":true,"href":"https:\/\/www.suno.com.br\/noticias\/wp-json\/wp\/v2\/media\/228474"}],"wp:attachment":[{"href":"https:\/\/www.suno.com.br\/noticias\/wp-json\/wp\/v2\/media?parent=436723"}],"wp:term":[{"taxonomy":"category","embeddable":true,"href":"https:\/\/www.suno.com.br\/noticias\/wp-json\/wp\/v2\/categories?post=436723"},{"taxonomy":"post_tag","embeddable":true,"href":"https:\/\/www.suno.com.br\/noticias\/wp-json\/wp\/v2\/tags?post=436723"},{"taxonomy":"suno_strategy","embeddable":true,"href":"https:\/\/www.suno.com.br\/noticias\/wp-json\/wp\/v2\/suno_strategy?post=436723"}],"curies":[{"name":"wp","href":"https:\/\/api.w.org\/{rel}","templated":true}]}}